{"id":2195,"date":"2010-04-12T23:45:13","date_gmt":"2010-04-12T22:45:13","guid":{"rendered":"http:\/\/fjala.shkoder.net\/?p=2195"},"modified":"2010-04-12T23:45:13","modified_gmt":"2010-04-12T22:45:13","slug":"qeveri-qe-dhunon-edhe-skenderbeun-edhe-kushtetuten","status":"publish","type":"post","link":"https:\/\/fjala.info\/2009-2015\/qeveri-qe-dhunon-edhe-skenderbeun-edhe-kushtetuten\/","title":{"rendered":"QEVERI QE DHUNON EDHE \u201cSKENDERBEUN\u201d, EDHE KUSHTETUTEN"},"content":{"rendered":"<p><img decoding=\"async\" style=\"margin-left: 10px; margin-right: 10px; border: 0px;\" src=\"http:\/\/www.shkoder.net\/images\/fjala\/andrea_stefani.jpg\" border=\"0\" alt=\"Andrea Stefani\" width=\"100\" align=\"left\" \/><\/p>\n<p><strong>Andrea Stefani<\/strong><\/p>\n<p>N\u00eb orvatjen tipike autoritariste p\u00ebr t\u2019i v\u00ebn\u00eb shkopinj n\u00ebn rrota zbatimit nga pushteti vendor i Bashkis\u00eb s\u00eb Tiran\u00ebs i projektit t\u00eb sheshit \u201cSk\u00ebnderbej\u201d, Kryeministri Berisha, ministra dhe institucione t\u00eb varura prej tij, po dhunojn\u00eb hapur Kushtetut\u00ebn e Republik\u00ebs, duke sulmuar n\u00eb em\u00ebr t\u00eb Kushtetut\u00ebs. Pak dit\u00eb m\u00eb par\u00eb, ministri Sokol Olldashi u kap gafil n\u00eb emisionin \u201cOpinion\u201d, kur pretendoi se plani p\u00ebr punimet n\u00eb sheshin \u201cSk\u00ebnderbej\u201d duhet t\u00eb paraqitet n\u00eb K\u00ebshillin e Rregullimit t\u00eb Territorit t\u00eb Republik\u00ebs (KRRTRSH).<\/p>\n<p>Nj\u00eb t\u00eb till\u00eb g\u00ebnjesht\u00ebr e p\u00ebrs\u00ebriti dy dit\u00eb m\u00eb von\u00eb, n\u00eb nj\u00eb Konferenc\u00eb p\u00ebr shtyp, edhe Kryeministri Sali Berisha. Themi g\u00ebnjesht\u00ebr sepse, q\u00eb nga viti 2006, nj\u00eb vendim i Gjykat\u00ebs Kushtetuese e ka shpallur antikushtetuese k\u00ebrkes\u00ebn e ligjit \u201cP\u00ebr Urbanistik\u00ebn\u201d, q\u00eb detyronte marrjen n\u00eb KRRTRSH t\u00eb lejeve t\u00eb nd\u00ebrtimit p\u00ebr objekte t\u00eb r\u00ebnd\u00ebsishme n\u00eb qendrat e qyteteve.<\/p>\n<p>Dhe \u00e7dokush q\u00eb respekton shtetin ligjor, vendimet e gjykatave dhe Kushtetut\u00ebn, nuk mund t\u00eb mos skandalizohet kur shikon q\u00eb, 4 vjet m\u00eb von\u00eb, qeveria k\u00ebrkon t\u00eb pengoj\u00eb realizimin e nj\u00eb projekti nga nj\u00eb pushtet lokal, bazuar pik\u00ebrisht n\u00eb at\u00eb fraz\u00eb t\u00eb ligjit q\u00eb Gjykata Kushtetuese e ka shpallur si antikushtetuese dhe n\u00eb kund\u00ebrshtim me Kart\u00ebn Europiane t\u00eb Autonomis\u00eb Vendore. Por nuk habitet, sepse sabotimi i pun\u00ebs s\u00eb rival\u00ebve politik\u00eb duke mashtruar publikun, duke dhunuar vendimet e gjykatave n\u00eb em\u00ebr t\u00eb \u201cLigjit\u201d dhe Kushtetut\u00ebn n\u00eb em\u00ebr t\u00eb \u201cKushtetut\u00ebs\u201d, \u00ebsht\u00eb tashm\u00eb thelbi i pushtetit autoritarist t\u00eb Berish\u00ebs dhe nj\u00ebherazi, taktika e vetme e mbetur p\u00ebr t\u2019i zgjatur jet\u00ebn vetes.<\/p>\n<p>* * *<\/p>\n<p>Nd\u00ebrsa ka bllokuar transparenc\u00ebn e zgjedhjeve me pretekstin e \u201crespektimit t\u00eb vendimit t\u00eb nj\u00eb gjykate\u201d qeveria dhe shumica po bllokojn\u00eb punimet e Bashkis\u00eb s\u00eb Tiran\u00ebs p\u00ebr rikonstruksionin e sheshit \u201cSk\u00ebnderbej\u201d, duke dhunuar hapur nj\u00eb vendim t\u00eb Gjykat\u00ebs Kushtetuese. Kjo e fundit u detyrua, rreth 4 vjet m\u00eb par\u00eb, t\u00eb gjykoj\u00eb konfliktin mes qeveris\u00eb \u201cBerisha\u201d dhe Bashkis\u00eb s\u00eb Tiran\u00ebs lidhur me nd\u00ebrtimin e nj\u00eb mbikalimi n\u00eb \u201cZogun e Zi\u201d.<\/p>\n<p>Edhe n\u00eb at\u00eb koh\u00eb ishte po qeveria q\u00eb k\u00ebmb\u00ebngulte t\u00eb mos lejonte zbatimin e projektit me lloj-lloj pretendimesh e y\u00e7klash burokratike e \u201cligjore\u201d. Madje ajo, me arroganc\u00ebn tipike q\u00eb i karakterizon autoritarist\u00ebt, e shkat\u00ebrroi at\u00eb \u00e7ka qe nd\u00ebrtuar n\u00eb \u201cZogun e Zi\u201d, duke i shkaktuar publikut nj\u00eb humbje prej 1.3 milion\u00eb dollar\u00ebsh. M\u00eb pas u provua se vendimet e qeveris\u00eb nuk kishin lidhje as me t\u00eb drejt\u00ebn, as me ligjin dhe as me interesin publik dhe t\u00eb qytetar\u00ebve t\u00eb Tiran\u00ebs, por vet\u00ebm me interesat destruktive t\u00eb Kryeministrit Berisha, p\u00ebrpara fushat\u00ebs p\u00ebr pushtetin lokal q\u00eb afronte.<\/p>\n<p>Dhe ishte Gjykata Kushtetuese q\u00eb n\u00eb shqyrtimin e konfliktit p\u00ebr mbikalimin e \u201cZogut t\u00eb Zi\u201d, i shpalli si antikushtetuese, si dhunim t\u00eb autonomis\u00eb s\u00eb pushtetit vendor, k\u00ebrkes\u00ebn e ligjit \u201cP\u00ebr Urbanistik\u00ebn\u201d q\u00eb KRRTRSH t\u00eb miratoj\u00eb edhe \u201clejet e nd\u00ebrtimit p\u00ebr objekte t\u00eb r\u00ebnd\u00ebsishme n\u00eb qendrat e qyteteve, studimet urbanistike t\u00eb t\u00eb cilave miratohen prej tij\u201d. Kjo k\u00ebrkes\u00eb e ligjit, q\u00eb n\u00eb fakt kish qen\u00eb edhe gjeneruese e konfliktit p\u00ebr \u201cZogun e Zi\u201d, u shpall antikushtetuese nga Gjykata Kushtetuese. Q\u00eb do t\u00eb thot\u00eb se q\u00eb nga viti 2006, ajo \u00ebsht\u00eb shfuqizuar dhe nuk \u00ebsht\u00eb m\u00eb pjes\u00eb e ligjit. Por a marrin vesh autoritarist\u00ebt arrogant\u00eb nga drejt\u00ebsia?<\/p>\n<p>Ministri Sokol Olldashi, n\u00eb kund\u00ebrshtim flagrant me Gjykat\u00ebn Kushtetuese, k\u00ebrkon t\u2019i jap\u00eb jet\u00eb nj\u00eb fraze t\u00eb ligjit q\u00eb \u00ebsht\u00eb shpallur antikushtetuese prej gjykat\u00ebs, duke i k\u00ebrkuar publikisht Bashkis\u00eb s\u00eb Tiran\u00ebs t\u00eb miratoj\u00eb planin p\u00ebr sheshin n\u00eb KRRTRSH. T\u00eb nj\u00ebjt\u00ebn kok\u00ebfort\u00ebsi antikushtetuese shfaq edhe Kryeministri Berisha, kur deklaron se \u201cnj\u00eb plan i till\u00eb q\u00eb kap sip\u00ebrfaqe t\u00eb m\u00ebdha duhet t\u2019i n\u00ebnshtrohet me patjet\u00ebr shqyrtimit n\u00eb KRRTRSH\u201d. Kemi t\u00eb b\u00ebjm\u00eb me nj\u00eb mashtrim t\u00eb hapur t\u00eb publikut nga Kryeministri n\u00eb deformim t\u00eb nj\u00eb vendimi t\u00eb Gjykat\u00ebs Kushtetuese, shoq\u00ebruar me veprime n\u00eb dhunim t\u00eb k\u00ebtij vendimi.<\/p>\n<p>Sipas ligjit ekzistues t\u00eb urbanistik\u00ebs, KRRTRSH ka mjaft kompetenca nd\u00ebr t\u00eb cilat edhe miratimin e studimeve p\u00ebr qendrat e qyteteve mbi 50 mij\u00eb banor\u00eb. Pra ka t\u00eb drejt\u00eb t\u00eb miratoj\u00eb edhe studimin p\u00ebr Qendr\u00ebn e Tiran\u00ebs. Dhe ky \u00ebsht\u00eb ai q\u00eb quhet \u201cplani francez\u201d, q\u00eb \u00ebsht\u00eb miratuar tashm\u00eb nga KRRTRSH. Nd\u00ebrkaq sheshi \u201cSk\u00ebnderbej\u201d \u00ebsht\u00eb vet\u00ebm nj\u00eb nga objektet e shumta t\u00eb qendr\u00ebs s\u00eb Tiran\u00ebs ashtu sikund\u00ebr brenda tij, ka edhe shum\u00eb objekte t\u00eb tjera. Lejet e nd\u00ebrtimit apo planet p\u00ebr t\u00eb gjitha k\u00ebto (pra edhe p\u00ebr sheshin \u201cSk\u00ebnderbej\u201d) pas vendimit t\u00eb Gjykat\u00ebs Kushtetuese t\u00eb vitit 2006, nuk jan\u00eb m\u00eb objekt shqyrtimi i KRRTRSH, por e k\u00ebshillave lokal\u00eb t\u00eb rregullimit t\u00eb territorit.<\/p>\n<p>N\u00eb rastin konkret, leja e nd\u00ebrtimit p\u00ebr sheshin \u201cSk\u00ebnderbej\u201d, \u00ebsht\u00eb miratuar n\u00eb KRT t\u00eb Bashkis\u00eb s\u00eb Tiran\u00ebs, ku ka pasur p\u00ebrfaq\u00ebsuesit e vet edhe qeveria qendrore. Ata kan\u00eb qen\u00eb prezent\u00eb edhe n\u00eb jurin\u00eb nd\u00ebrkomb\u00ebtare p\u00ebr vler\u00ebsimin e disa projekteve konkurruese p\u00ebr sheshin. Dhe kan\u00eb dh\u00ebn\u00eb miratimin. Sot kan\u00eb ndryshuar q\u00ebndrim dhe kund\u00ebrshtojn\u00eb, duke futur n\u00eb loj\u00eb si t\u00eb gjith\u00eb sharlatan\u00ebt e k\u00ebsaj bote edhe nacionalizmin, at\u00eb q\u00eb kan\u00eb aprovuar dje. P\u00ebrse?<\/p>\n<p>* * *<\/p>\n<p>T\u00eb gjitha piruetat e qeveris\u00eb lidhen skandalisht me planet e Berish\u00ebs. Politika e k\u00ebsaj qeverie s\u2019ka t\u00eb b\u00ebj\u00eb me ligjin, por me Kryemaliqin. N\u00eb koh\u00ebn kur urbanisti i qeveris\u00eb, Marin Bi\u00e7oku, aprovonte n\u00eb jurin\u00eb nd\u00ebrkomb\u00ebtare dhe n\u00eb KRT t\u00eb Tiran\u00ebs projektin belg, q\u00eb sot kund\u00ebrshtohet si \u201cantishqiptar\u201d nga \u201cpatriot\u00ebt\u201d e qeveris\u00eb, ishin koh\u00eb t\u00eb tjera politike. B\u00ebhet fjal\u00eb p\u00ebr vitin 2008. Marr\u00ebdh\u00ebniet mes PS dhe PD ishin n\u00eb \u201ckonsensus\u201d, deri edhe \u201chistorik\u201d, p\u00ebr amendimin autoritarist t\u00eb Kushtetut\u00ebs s\u00eb Republik\u00ebs. Prandaj edhe Kryeministri Berisha i b\u00ebnte me shenj\u00eb t\u00eb vet\u00ebve q\u00eb t\u00eb tregoheshin m\u00eb \u201ckonsensual\u00eb\u201d, edhe lidhur me projektin p\u00ebr sheshin \u201cSk\u00ebnderbej\u201d.<\/p>\n<p>Berisha po e b\u00ebnte Kushtetut\u00ebn ashtu si ia donin planet e sundimit e p\u00ebrse t\u00eb mos e k\u00ebnaqte opozit\u00ebn me nj\u00eb th\u00ebrrime, duke i th\u00ebn\u00eb OK nj\u00eb plani t\u00eb saj p\u00ebr sheshin \u201cSk\u00ebnderbej\u201d? Por sot jan\u00eb t\u00eb tjera koh\u00eb. Mjalti i konsensusit ka mbaruar. Berisha e arriti at\u00eb q\u00eb deshi me an\u00eb t\u00eb but\u00ebsis\u00eb hipokrite dhe \u201ckonsensusit\u201d mashtrues me opozit\u00ebn. Duke u shtirur si i zbutur, ai i mbijetoi pasojave politike q\u00eb duhet t\u00eb kish pasur p\u00ebr shkak t\u00eb tragjedis\u00eb kriminale t\u00eb G\u00ebrdecit madje, arriti t\u00eb manipuloj\u00eb edhe zgjedhjet duke mbetur n\u00eb pushtet.<\/p>\n<p>Dhe tani q\u00eb opozita proteston p\u00ebr vot\u00ebn, tani nuk ka m\u00eb vend p\u00ebr konsensus. Putra e qeveris\u00eb \u00ebsht\u00eb hapur dhe kthetrat despotike shihen qart\u00eb. Tani opozita, \u00e7do pushtet i saj, duhet t\u00eb pengohet n\u00eb \u00e7do hap dhe projekt t\u00eb sajin. Prandaj edhe projekti belg, t\u00eb cilit deri dje ju dha nj\u00eb OK, shpallet sot deri edhe piramidal nga kryemjeshtri i piramidave m\u00eb shkat\u00ebrruese n\u00eb historin\u00eb e Shqip\u00ebris\u00eb. Dhe i gjith\u00eb ky sabotim i projektit t\u00eb sheshit \u201cSk\u00ebnderbej\u201d \u00ebsht\u00eb bazuar mbi dhunimin e Kushtetut\u00ebs dhe nj\u00eb vendimi t\u00eb Gjykat\u00ebs Kushtetuese.<\/p>\n<p>Por a mund t\u00eb ndodh\u00eb ndryshe me nj\u00eb qeveri q\u00eb kryesohet nga nj\u00eb autoritarist i betuar? Prandaj m\u00eb shum\u00eb se nj\u00eb konflikt urbanistik, konflikti p\u00ebr \u201cSk\u00ebnderbeun\u201d \u00ebsht\u00eb politik. \u00cbsht\u00eb p\u00ebrplasja e autoritarizmit me konstitucionalizmin. Prandaj dhe mbrojtja e \u201cSk\u00ebnderbeut\u201d nga opozita \u00ebsht\u00eb nj\u00ebherazi mbrojtje e pavar\u00ebsis\u00eb s\u00eb gjyq\u00ebsorit dhe vendimeve t\u00eb tij, \u00ebsht\u00eb mbrojtje e Kushtetut\u00ebs nga dhuna autoritariste e pushtetit.<\/p>\n","protected":false},"excerpt":{"rendered":"<p>Andrea Stefani N\u00eb orvatjen tipike autoritariste p\u00ebr t\u2019i v\u00ebn\u00eb shkopinj n\u00ebn rrota zbatimit nga pushteti vendor i Bashkis\u00eb s\u00eb Tiran\u00ebs i projektit t\u00eb sheshit \u201cSk\u00ebnderbej\u201d, Kryeministri Berisha, ministra dhe institucione t\u00eb varura prej tij, po dhunojn\u00eb hapur Kushtetut\u00ebn e Republik\u00ebs, duke sulmuar n\u00eb em\u00ebr t\u00eb Kushtetut\u00ebs. Pak dit\u00eb m\u00eb par\u00eb, ministri Sokol Olldashi u kap [&hellip;]<\/p>\n","protected":false},"author":1,"featured_media":0,"comment_status":"open","ping_status":"closed","sticky":false,"template":"","format":"standard","meta":{"footnotes":""},"categories":[2],"tags":[],"class_list":{"0":"post-2195","1":"post","2":"type-post","3":"status-publish","4":"format-standard","6":"category-artikuj"},"yoast_head":"<!-- This site is optimized with the Yoast SEO plugin v27.4 - https:\/\/yoast.com\/product\/yoast-seo-wordpress\/ -->\n<title>QEVERI QE DHUNON EDHE \u201cSKENDERBEUN\u201d, EDHE KUSHTETUTEN - FjALA e LIR\u00cb - Arkivi<\/title>\n<meta name=\"robots\" content=\"index, follow, max-snippet:-1, max-image-preview:large, max-video-preview:-1\" \/>\n<link rel=\"canonical\" href=\"https:\/\/fjala.info\/2009-2015\/qeveri-qe-dhunon-edhe-skenderbeun-edhe-kushtetuten\/\" \/>\n<meta property=\"og:locale\" content=\"sq_AL\" \/>\n<meta property=\"og:type\" content=\"article\" \/>\n<meta property=\"og:title\" content=\"QEVERI QE DHUNON EDHE \u201cSKENDERBEUN\u201d, EDHE KUSHTETUTEN - FjALA e LIR\u00cb - Arkivi\" \/>\n<meta property=\"og:description\" content=\"Andrea Stefani N\u00eb orvatjen tipike autoritariste p\u00ebr t\u2019i v\u00ebn\u00eb shkopinj n\u00ebn rrota zbatimit nga pushteti vendor i Bashkis\u00eb s\u00eb Tiran\u00ebs i projektit t\u00eb sheshit \u201cSk\u00ebnderbej\u201d, Kryeministri Berisha, ministra dhe institucione t\u00eb varura prej tij, po dhunojn\u00eb hapur Kushtetut\u00ebn e Republik\u00ebs, duke sulmuar n\u00eb em\u00ebr t\u00eb Kushtetut\u00ebs. Pak dit\u00eb m\u00eb par\u00eb, ministri Sokol Olldashi u kap [&hellip;]\" \/>\n<meta property=\"og:url\" content=\"https:\/\/fjala.info\/2009-2015\/qeveri-qe-dhunon-edhe-skenderbeun-edhe-kushtetuten\/\" \/>\n<meta property=\"og:site_name\" content=\"FjALA e LIR\u00cb - Arkivi\" \/>\n<meta property=\"article:published_time\" content=\"2010-04-12T22:45:13+00:00\" \/>\n<meta property=\"og:image\" content=\"http:\/\/www.shkoder.net\/images\/fjala\/andrea_stefani.jpg\" \/>\n<meta name=\"author\" content=\"admin\" \/>\n<meta name=\"twitter:card\" content=\"summary_large_image\" \/>\n<meta name=\"twitter:label1\" content=\"Written by\" \/>\n\t<meta name=\"twitter:data1\" content=\"admin\" \/>\n\t<meta name=\"twitter:label2\" content=\"Est. reading time\" \/>\n\t<meta name=\"twitter:data2\" content=\"7 minutes\" \/>\n<script type=\"application\/ld+json\" class=\"yoast-schema-graph\">{\"@context\":\"https:\\\/\\\/schema.org\",\"@graph\":[{\"@type\":\"Article\",\"@id\":\"https:\\\/\\\/fjala.info\\\/2009-2015\\\/qeveri-qe-dhunon-edhe-skenderbeun-edhe-kushtetuten\\\/#article\",\"isPartOf\":{\"@id\":\"https:\\\/\\\/fjala.info\\\/2009-2015\\\/qeveri-qe-dhunon-edhe-skenderbeun-edhe-kushtetuten\\\/\"},\"author\":{\"name\":\"admin\",\"@id\":\"https:\\\/\\\/fjala.info\\\/2009-2015\\\/#\\\/schema\\\/person\\\/3aa1163ef05469c496fc94e77611ada2\"},\"headline\":\"QEVERI QE DHUNON EDHE \u201cSKENDERBEUN\u201d, EDHE KUSHTETUTEN\",\"datePublished\":\"2010-04-12T22:45:13+00:00\",\"mainEntityOfPage\":{\"@id\":\"https:\\\/\\\/fjala.info\\\/2009-2015\\\/qeveri-qe-dhunon-edhe-skenderbeun-edhe-kushtetuten\\\/\"},\"wordCount\":1320,\"commentCount\":0,\"publisher\":{\"@id\":\"https:\\\/\\\/fjala.info\\\/2009-2015\\\/#organization\"},\"image\":{\"@id\":\"https:\\\/\\\/fjala.info\\\/2009-2015\\\/qeveri-qe-dhunon-edhe-skenderbeun-edhe-kushtetuten\\\/#primaryimage\"},\"thumbnailUrl\":\"http:\\\/\\\/www.shkoder.net\\\/images\\\/fjala\\\/andrea_stefani.jpg\",\"articleSection\":[\"Artikuj\"],\"inLanguage\":\"sq-AL\",\"potentialAction\":[{\"@type\":\"CommentAction\",\"name\":\"Comment\",\"target\":[\"https:\\\/\\\/fjala.info\\\/2009-2015\\\/qeveri-qe-dhunon-edhe-skenderbeun-edhe-kushtetuten\\\/#respond\"]}]},{\"@type\":\"WebPage\",\"@id\":\"https:\\\/\\\/fjala.info\\\/2009-2015\\\/qeveri-qe-dhunon-edhe-skenderbeun-edhe-kushtetuten\\\/\",\"url\":\"https:\\\/\\\/fjala.info\\\/2009-2015\\\/qeveri-qe-dhunon-edhe-skenderbeun-edhe-kushtetuten\\\/\",\"name\":\"QEVERI QE DHUNON EDHE \u201cSKENDERBEUN\u201d, EDHE KUSHTETUTEN - FjALA e LIR\u00cb - Arkivi\",\"isPartOf\":{\"@id\":\"https:\\\/\\\/fjala.info\\\/2009-2015\\\/#website\"},\"primaryImageOfPage\":{\"@id\":\"https:\\\/\\\/fjala.info\\\/2009-2015\\\/qeveri-qe-dhunon-edhe-skenderbeun-edhe-kushtetuten\\\/#primaryimage\"},\"image\":{\"@id\":\"https:\\\/\\\/fjala.info\\\/2009-2015\\\/qeveri-qe-dhunon-edhe-skenderbeun-edhe-kushtetuten\\\/#primaryimage\"},\"thumbnailUrl\":\"http:\\\/\\\/www.shkoder.net\\\/images\\\/fjala\\\/andrea_stefani.jpg\",\"datePublished\":\"2010-04-12T22:45:13+00:00\",\"breadcrumb\":{\"@id\":\"https:\\\/\\\/fjala.info\\\/2009-2015\\\/qeveri-qe-dhunon-edhe-skenderbeun-edhe-kushtetuten\\\/#breadcrumb\"},\"inLanguage\":\"sq-AL\",\"potentialAction\":[{\"@type\":\"ReadAction\",\"target\":[\"https:\\\/\\\/fjala.info\\\/2009-2015\\\/qeveri-qe-dhunon-edhe-skenderbeun-edhe-kushtetuten\\\/\"]}]},{\"@type\":\"ImageObject\",\"inLanguage\":\"sq-AL\",\"@id\":\"https:\\\/\\\/fjala.info\\\/2009-2015\\\/qeveri-qe-dhunon-edhe-skenderbeun-edhe-kushtetuten\\\/#primaryimage\",\"url\":\"http:\\\/\\\/www.shkoder.net\\\/images\\\/fjala\\\/andrea_stefani.jpg\",\"contentUrl\":\"http:\\\/\\\/www.shkoder.net\\\/images\\\/fjala\\\/andrea_stefani.jpg\"},{\"@type\":\"BreadcrumbList\",\"@id\":\"https:\\\/\\\/fjala.info\\\/2009-2015\\\/qeveri-qe-dhunon-edhe-skenderbeun-edhe-kushtetuten\\\/#breadcrumb\",\"itemListElement\":[{\"@type\":\"ListItem\",\"position\":1,\"name\":\"Home\",\"item\":\"https:\\\/\\\/fjala.info\\\/2009-2015\\\/\"},{\"@type\":\"ListItem\",\"position\":2,\"name\":\"QEVERI QE DHUNON EDHE \u201cSKENDERBEUN\u201d, EDHE KUSHTETUTEN\"}]},{\"@type\":\"WebSite\",\"@id\":\"https:\\\/\\\/fjala.info\\\/2009-2015\\\/#website\",\"url\":\"https:\\\/\\\/fjala.info\\\/2009-2015\\\/\",\"name\":\"FjALA e LIR\u00cb - Arkivi\",\"description\":\"Arkivi 2009-2015\",\"publisher\":{\"@id\":\"https:\\\/\\\/fjala.info\\\/2009-2015\\\/#organization\"},\"potentialAction\":[{\"@type\":\"SearchAction\",\"target\":{\"@type\":\"EntryPoint\",\"urlTemplate\":\"https:\\\/\\\/fjala.info\\\/2009-2015\\\/?s={search_term_string}\"},\"query-input\":{\"@type\":\"PropertyValueSpecification\",\"valueRequired\":true,\"valueName\":\"search_term_string\"}}],\"inLanguage\":\"sq-AL\"},{\"@type\":\"Organization\",\"@id\":\"https:\\\/\\\/fjala.info\\\/2009-2015\\\/#organization\",\"name\":\"FjALA e LIR\u00cb - Arkivi\",\"url\":\"https:\\\/\\\/fjala.info\\\/2009-2015\\\/\",\"logo\":{\"@type\":\"ImageObject\",\"inLanguage\":\"sq-AL\",\"@id\":\"https:\\\/\\\/fjala.info\\\/2009-2015\\\/#\\\/schema\\\/logo\\\/image\\\/\",\"url\":\"\",\"contentUrl\":\"\",\"caption\":\"FjALA e LIR\u00cb - Arkivi\"},\"image\":{\"@id\":\"https:\\\/\\\/fjala.info\\\/2009-2015\\\/#\\\/schema\\\/logo\\\/image\\\/\"}},{\"@type\":\"Person\",\"@id\":\"https:\\\/\\\/fjala.info\\\/2009-2015\\\/#\\\/schema\\\/person\\\/3aa1163ef05469c496fc94e77611ada2\",\"name\":\"admin\",\"image\":{\"@type\":\"ImageObject\",\"inLanguage\":\"sq-AL\",\"@id\":\"https:\\\/\\\/fjala.info\\\/2009-2015\\\/wp-content\\\/uploads\\\/2012\\\/02\\\/arben_cokaj-120x150.jpg\",\"url\":\"https:\\\/\\\/fjala.info\\\/2009-2015\\\/wp-content\\\/uploads\\\/2012\\\/02\\\/arben_cokaj-120x150.jpg\",\"contentUrl\":\"https:\\\/\\\/fjala.info\\\/2009-2015\\\/wp-content\\\/uploads\\\/2012\\\/02\\\/arben_cokaj-120x150.jpg\",\"caption\":\"admin\"},\"description\":\"Admin, Fjala e Lir\u00eb\",\"sameAs\":[\"https:\\\/\\\/fjala.info\\\/\"],\"url\":\"https:\\\/\\\/fjala.info\\\/2009-2015\\\/author\\\/admin\\\/\"}]}<\/script>\n<!-- \/ Yoast SEO plugin. -->","yoast_head_json":{"title":"QEVERI QE DHUNON EDHE \u201cSKENDERBEUN\u201d, EDHE KUSHTETUTEN - FjALA e LIR\u00cb - Arkivi","robots":{"index":"index","follow":"follow","max-snippet":"max-snippet:-1","max-image-preview":"max-image-preview:large","max-video-preview":"max-video-preview:-1"},"canonical":"https:\/\/fjala.info\/2009-2015\/qeveri-qe-dhunon-edhe-skenderbeun-edhe-kushtetuten\/","og_locale":"sq_AL","og_type":"article","og_title":"QEVERI QE DHUNON EDHE \u201cSKENDERBEUN\u201d, EDHE KUSHTETUTEN - FjALA e LIR\u00cb - Arkivi","og_description":"Andrea Stefani N\u00eb orvatjen tipike autoritariste p\u00ebr t\u2019i v\u00ebn\u00eb shkopinj n\u00ebn rrota zbatimit nga pushteti vendor i Bashkis\u00eb s\u00eb Tiran\u00ebs i projektit t\u00eb sheshit \u201cSk\u00ebnderbej\u201d, Kryeministri Berisha, ministra dhe institucione t\u00eb varura prej tij, po dhunojn\u00eb hapur Kushtetut\u00ebn e Republik\u00ebs, duke sulmuar n\u00eb em\u00ebr t\u00eb Kushtetut\u00ebs. Pak dit\u00eb m\u00eb par\u00eb, ministri Sokol Olldashi u kap [&hellip;]","og_url":"https:\/\/fjala.info\/2009-2015\/qeveri-qe-dhunon-edhe-skenderbeun-edhe-kushtetuten\/","og_site_name":"FjALA e LIR\u00cb - Arkivi","article_published_time":"2010-04-12T22:45:13+00:00","og_image":[{"url":"http:\/\/www.shkoder.net\/images\/fjala\/andrea_stefani.jpg","type":"","width":"","height":""}],"author":"admin","twitter_card":"summary_large_image","twitter_misc":{"Written by":"admin","Est. reading time":"7 minutes"},"schema":{"@context":"https:\/\/schema.org","@graph":[{"@type":"Article","@id":"https:\/\/fjala.info\/2009-2015\/qeveri-qe-dhunon-edhe-skenderbeun-edhe-kushtetuten\/#article","isPartOf":{"@id":"https:\/\/fjala.info\/2009-2015\/qeveri-qe-dhunon-edhe-skenderbeun-edhe-kushtetuten\/"},"author":{"name":"admin","@id":"https:\/\/fjala.info\/2009-2015\/#\/schema\/person\/3aa1163ef05469c496fc94e77611ada2"},"headline":"QEVERI QE DHUNON EDHE \u201cSKENDERBEUN\u201d, EDHE KUSHTETUTEN","datePublished":"2010-04-12T22:45:13+00:00","mainEntityOfPage":{"@id":"https:\/\/fjala.info\/2009-2015\/qeveri-qe-dhunon-edhe-skenderbeun-edhe-kushtetuten\/"},"wordCount":1320,"commentCount":0,"publisher":{"@id":"https:\/\/fjala.info\/2009-2015\/#organization"},"image":{"@id":"https:\/\/fjala.info\/2009-2015\/qeveri-qe-dhunon-edhe-skenderbeun-edhe-kushtetuten\/#primaryimage"},"thumbnailUrl":"http:\/\/www.shkoder.net\/images\/fjala\/andrea_stefani.jpg","articleSection":["Artikuj"],"inLanguage":"sq-AL","potentialAction":[{"@type":"CommentAction","name":"Comment","target":["https:\/\/fjala.info\/2009-2015\/qeveri-qe-dhunon-edhe-skenderbeun-edhe-kushtetuten\/#respond"]}]},{"@type":"WebPage","@id":"https:\/\/fjala.info\/2009-2015\/qeveri-qe-dhunon-edhe-skenderbeun-edhe-kushtetuten\/","url":"https:\/\/fjala.info\/2009-2015\/qeveri-qe-dhunon-edhe-skenderbeun-edhe-kushtetuten\/","name":"QEVERI QE DHUNON EDHE \u201cSKENDERBEUN\u201d, EDHE KUSHTETUTEN - FjALA e LIR\u00cb - Arkivi","isPartOf":{"@id":"https:\/\/fjala.info\/2009-2015\/#website"},"primaryImageOfPage":{"@id":"https:\/\/fjala.info\/2009-2015\/qeveri-qe-dhunon-edhe-skenderbeun-edhe-kushtetuten\/#primaryimage"},"image":{"@id":"https:\/\/fjala.info\/2009-2015\/qeveri-qe-dhunon-edhe-skenderbeun-edhe-kushtetuten\/#primaryimage"},"thumbnailUrl":"http:\/\/www.shkoder.net\/images\/fjala\/andrea_stefani.jpg","datePublished":"2010-04-12T22:45:13+00:00","breadcrumb":{"@id":"https:\/\/fjala.info\/2009-2015\/qeveri-qe-dhunon-edhe-skenderbeun-edhe-kushtetuten\/#breadcrumb"},"inLanguage":"sq-AL","potentialAction":[{"@type":"ReadAction","target":["https:\/\/fjala.info\/2009-2015\/qeveri-qe-dhunon-edhe-skenderbeun-edhe-kushtetuten\/"]}]},{"@type":"ImageObject","inLanguage":"sq-AL","@id":"https:\/\/fjala.info\/2009-2015\/qeveri-qe-dhunon-edhe-skenderbeun-edhe-kushtetuten\/#primaryimage","url":"http:\/\/www.shkoder.net\/images\/fjala\/andrea_stefani.jpg","contentUrl":"http:\/\/www.shkoder.net\/images\/fjala\/andrea_stefani.jpg"},{"@type":"BreadcrumbList","@id":"https:\/\/fjala.info\/2009-2015\/qeveri-qe-dhunon-edhe-skenderbeun-edhe-kushtetuten\/#breadcrumb","itemListElement":[{"@type":"ListItem","position":1,"name":"Home","item":"https:\/\/fjala.info\/2009-2015\/"},{"@type":"ListItem","position":2,"name":"QEVERI QE DHUNON EDHE \u201cSKENDERBEUN\u201d, EDHE KUSHTETUTEN"}]},{"@type":"WebSite","@id":"https:\/\/fjala.info\/2009-2015\/#website","url":"https:\/\/fjala.info\/2009-2015\/","name":"FjALA e LIR\u00cb - Arkivi","description":"Arkivi 2009-2015","publisher":{"@id":"https:\/\/fjala.info\/2009-2015\/#organization"},"potentialAction":[{"@type":"SearchAction","target":{"@type":"EntryPoint","urlTemplate":"https:\/\/fjala.info\/2009-2015\/?s={search_term_string}"},"query-input":{"@type":"PropertyValueSpecification","valueRequired":true,"valueName":"search_term_string"}}],"inLanguage":"sq-AL"},{"@type":"Organization","@id":"https:\/\/fjala.info\/2009-2015\/#organization","name":"FjALA e LIR\u00cb - Arkivi","url":"https:\/\/fjala.info\/2009-2015\/","logo":{"@type":"ImageObject","inLanguage":"sq-AL","@id":"https:\/\/fjala.info\/2009-2015\/#\/schema\/logo\/image\/","url":"","contentUrl":"","caption":"FjALA e LIR\u00cb - Arkivi"},"image":{"@id":"https:\/\/fjala.info\/2009-2015\/#\/schema\/logo\/image\/"}},{"@type":"Person","@id":"https:\/\/fjala.info\/2009-2015\/#\/schema\/person\/3aa1163ef05469c496fc94e77611ada2","name":"admin","image":{"@type":"ImageObject","inLanguage":"sq-AL","@id":"https:\/\/fjala.info\/2009-2015\/wp-content\/uploads\/2012\/02\/arben_cokaj-120x150.jpg","url":"https:\/\/fjala.info\/2009-2015\/wp-content\/uploads\/2012\/02\/arben_cokaj-120x150.jpg","contentUrl":"https:\/\/fjala.info\/2009-2015\/wp-content\/uploads\/2012\/02\/arben_cokaj-120x150.jpg","caption":"admin"},"description":"Admin, Fjala e Lir\u00eb","sameAs":["https:\/\/fjala.info\/"],"url":"https:\/\/fjala.info\/2009-2015\/author\/admin\/"}]}},"_links":{"self":[{"href":"https:\/\/fjala.info\/2009-2015\/wp-json\/wp\/v2\/posts\/2195","targetHints":{"allow":["GET"]}}],"collection":[{"href":"https:\/\/fjala.info\/2009-2015\/wp-json\/wp\/v2\/posts"}],"about":[{"href":"https:\/\/fjala.info\/2009-2015\/wp-json\/wp\/v2\/types\/post"}],"author":[{"embeddable":true,"href":"https:\/\/fjala.info\/2009-2015\/wp-json\/wp\/v2\/users\/1"}],"replies":[{"embeddable":true,"href":"https:\/\/fjala.info\/2009-2015\/wp-json\/wp\/v2\/comments?post=2195"}],"version-history":[{"count":0,"href":"https:\/\/fjala.info\/2009-2015\/wp-json\/wp\/v2\/posts\/2195\/revisions"}],"wp:attachment":[{"href":"https:\/\/fjala.info\/2009-2015\/wp-json\/wp\/v2\/media?parent=2195"}],"wp:term":[{"taxonomy":"category","embeddable":true,"href":"https:\/\/fjala.info\/2009-2015\/wp-json\/wp\/v2\/categories?post=2195"},{"taxonomy":"post_tag","embeddable":true,"href":"https:\/\/fjala.info\/2009-2015\/wp-json\/wp\/v2\/tags?post=2195"}],"curies":[{"name":"wp","href":"https:\/\/api.w.org\/{rel}","templated":true}]}}