{"id":2186,"date":"2010-04-12T23:16:35","date_gmt":"2010-04-12T22:16:35","guid":{"rendered":"http:\/\/fjala.shkoder.net\/?p=2186"},"modified":"2010-04-12T23:16:35","modified_gmt":"2010-04-12T22:16:35","slug":"zullum-kracia-maqedone","status":"publish","type":"post","link":"https:\/\/fjala.info\/2009-2015\/zullum-kracia-maqedone\/","title":{"rendered":"Zullum-kracia Maqedone"},"content":{"rendered":"<p><strong>\u00c7lirim Da\u00e7i<br \/>\nArb\u00ebresha Rozi<\/strong><\/p>\n<p>Duket se gjat\u00eb 20 vje\u00e7arit t\u00eb fundit n\u00eb Maqedonin\u00eb \u201cmultietnike\u201d, nuk po mundemi kur se si ta deshifrojm\u00eb modelin e funksionimit t\u00eb shtetit . Kjo si rezultat i mosdijes t\u00eb  politikan\u00ebve apo si shprehi e krijuar se gjith\u00eb\u00e7ka n\u00eb k\u00ebt\u00eb shtet t\u00eb ri duhet qen\u00eb unik dhe e dalluar nga bota e civilizuar ku aparat e funksionimit t\u00eb shtetit jan\u00eb t\u00eb testuar me shekuj !!!<\/p>\n<p> Forma e veprimeve e organizimeve qeverisese n\u00eb bot\u00ebn bashkohore ka ardhur si rrjedhoj\u00eb e formave t\u00eb ndryshme t\u00eb qeverisjes q\u00eb nga koh\u00ebrat e lasht\u00eb greke, romake, bizantine, otomane etj. duke evoluar e evituar gjitha mang\u00ebsit\u00eb q\u00eb paten ata organizime shtet\u00ebrore . <\/p>\n<p>Nd\u00ebr m\u00eb t\u00eb p\u00ebrhapurat n\u00eb bot\u00eb \u00ebsht\u00eb sistemi demokratik i qeverisjes i cili rrjedh nga fjalet greke \u201cdemos\u201d q\u00eb do te thot\u00eb \u201cpopull\u201d dhe \u201ckratos\u201d \u201cforca\u201d ose te dyja s\u00eb bashku \u201cforca e popullit\u201d.<br \/>\nFilzofi i njohur grek Aristoteli ka p\u00ebrshkruar 6 m\u00ebnyra t\u00eb funkcionimit t\u00eb shteteve ose organizimit qeverises edhe ate n\u00eb kalsifikim nga 3 tre si forma t\u00eb mira t\u00eb veprimit, e 3 tre si forma t\u00eb k\u00ebqija t\u00eb veprimit. Ai n\u00eb p\u00ebrshkrimet e veta klasifikoi k\u00ebta organizme <\/p>\n<p>Monarkin\u00eb, Aristokracin\u00eb, Demokracin\u00eb,Tiranin\u00eb, Oligarhin\u00eb, Ohlokratin\u00eb.<br \/>\nM\u00eb sa duket n\u00eb organizmim politik t\u00eb shtetit Maqedoni nuk mund ta gjesh me plot\u00eb kuptimin e fjal\u00ebs n\u00eb asnj\u00eb form\u00eb t\u00eb k\u00ebtyre organizmeve sepse \u00ebsht\u00eb marrur nga t\u00eb gjitha nga pak, e duke marr\u00eb t\u00eb gjitha mang\u00ebsit\u00eb e \u00e7do sistemi t\u00eb lartp\u00ebrmendur kemi arritur m\u00eb sa duket t\u00eb zbulimi i nj\u00eb sistemi t\u00eb ri t\u00eb funksionimit shtet\u00ebror q\u00eb kur m\u00eb par\u00eb as q\u00eb \u00ebsh\u00ebt menduar nga njer\u00ebzit q\u00eb p\u00ebrpiluan k\u00ebta koncepte t\u00eb funksionimit t\u00eb shtetit. <\/p>\n<p>Me ardhjen e fundit n\u00eb pushtet t\u00eb partis\u00eb nacionaliste t\u00eb VMRO-DPMNE-s\u00eb e me p\u00ebrdorimin e politikes populiste e shvler\u00ebsimin e \u00e7do sendi e populli q\u00eb nuk ka prapashtes\u00ebn \u201cski\u201d me sa duket ky shtet i ri e i brisht\u00eb mori teposht\u00ebn si\u00e7 thot\u00eb populli. <\/p>\n<p>N\u00eb k\u00ebrkimin e identitetit antik arritem deri te piksynimi i k\u00ebtyre skenareve tragjiko-komike duke pretenduar se shteti maqedon e popullsia maqedone kan\u00eb nj\u00eb prejardhje t\u00eb Mbretit \u201cAleksandar Makedonski\u201d . E kjo na solli edhe dhurat\u00ebn e vet largimin nga rruga e duhur kyqja n\u00eb strukturat Euro-Atlantike, po q\u00ebllimi i sunduesit Nikolla u arrit se dikur para shum shekujsh kemi qen\u00eb nj\u00eb Monarki me emrin Maqedoni .Kjo edhe u v\u00ebrtetua n\u00eb syt\u00eb e popullit maqedon me pjesen teatrale t\u00eb ardhjes p\u00ebr vizit t\u00eb mbretit Hunz n\u00eb Maqedoni i cili nuk dinte as nj\u00eb fjal\u00eb nga maqedonishtja e sotshme po me r\u00ebnd\u00ebsi q\u00eb populli maqedon e besoi k\u00ebt\u00eb g\u00ebnjeshter, me plot humor e skandale.<\/p>\n<p>Duke vazhduar ne vazhdim\u00ebsi t\u00eb na udh\u00ebheqin njer\u00ebz t\u00eb cil\u00ebt n\u00eb \u00e7do SV t\u00eb veten politike mbushur me plot g\u00ebnjeshtra kinse p\u00ebr prejardhjen e tyre qytetare. Tregim ky q\u00eb po tregohet ende i suksessh\u00ebm se  kemi tradita te qeverisjes nga njeqr\u00ebz aristokrat ku e v\u00ebrtet\u00eb \u00ebsht larg atij termi, per shkak se prejardhjet e tyre jan\u00eb q\u00eb t\u00eb gjith\u00eb nga njer\u00ebz q\u00eb n\u00eb brezin e dyt\u00eb nuk din\u00eb se cil\u00ebt shtetsi kan\u00eb apo kan\u00eb pasur e as cilit popull sakt\u00ebsisht i perkasin, t\u00eb humbur n\u00eb identitetin e tyre (sllav, bullgar, antik). <\/p>\n<p>Ky problem i mosfunskionimit t\u00eb shtetit daton q\u00eb nga vet akti i shpalljes s\u00eb pavarsis\u00eb s\u00eb shtetit Maqedon e daljen nga bashk\u00ebsia e Jugosllavis\u00eb . Q\u00eb nga dokumenti kyq sjellja e kushtetues s\u00eb vendit ku edhe b\u00ebhet regullimi shtet\u00ebror, si \u00e7do her\u00eb u b\u00eb nj\u00eb gabim i r\u00ebnd\u00eb me dashje apo pa dashje, u soll kushtetuta e shtetit pa  p\u00eblqimin e m\u00eb se 35 % e populates vendase t\u00eb quajtur shqipatre. <\/p>\n<p>Kjo kushtetut\u00eb ngjason me regullimin e shteteve n\u00eb koh\u00ebn e demokracive antike si\u00e7 ka qen n\u00eb koh\u00ebn e Platonit n\u00eb greqi, ku vendimet i binin n\u00eb m\u00ebnyr\u00eb demokratike drejtp\u00ebrdrejt\u00eb qytetaret por duke anashkaluar pjes\u00ebn e qyatetr\u00ebve t\u00eb quajtur laikos ku n\u00eb at\u00eb grup binin (t\u00eb varf\u00ebrit, grat\u00eb, f\u00ebmijt\u00eb e rob\u00ebrit ) ky fat i p\u00ebrcjelli edhe shqipatr\u00ebt duke i l\u00ebn\u00eb si pjes\u00eb e cila nuk ka t\u00eb drejt\u00eb n\u00eb asnj\u00eb vendim\u00eb shtet\u00ebror edhe pse jan\u00eb popull autokton n\u00eb k\u00ebta troje. <\/p>\n<p>Me kalimin e koh\u00ebs gjat\u00eb dekad\u00ebs t\u00eb fundit kinse u b\u00eb nj\u00eb l\u00ebvizje p\u00ebr t\u00eb reviduar k\u00ebt\u00eb shkelje u arrit deri te nj\u00eb kompromis \u201cMarr\u00ebveshja e Ohrit \u201c q\u00eb u n\u00ebnshkrua me shum\u00eb sakrific\u00eb por shohim se rezulatet jan\u00eb aspak t\u00eb k\u00ebnaqshme pas 10 viteve periudh\u00eb implementimi e ndryshimi i apartit shtet\u00ebror. Edhe k\u00ebsaj radhe u humb\u00ebm ne literatur\u00ebn e rregullimit shtet\u00ebror sepse vet ata q\u00eb q\u00eb duhet implemetuar e reviduar k\u00ebt\u00eb gabim nuk di tjet\u00ebr pos fjal\u00ebve se u realizua 90 % . po n\u00eb fakt z\u00ebri i lart\u00eb a brenda Bosh\u00eb.<\/p>\n<p>Kuptimi i termit \u201cdemokraci\u201d nga gjith\u00eb qeverit\u00eb qe 20 vite me sa duket kuptohet vet\u00ebm n\u00eb pjes\u00ebn se populli duhet sjell\u00eb vendimet deri n\u00eb dit\u00ebn e dh\u00ebnies s\u00eb besimit ose votimin e k\u00ebtyre politikan\u00ebv\u00eb, Shafqja e dhun\u00ebs ne proceset zgjedhore ku ndonj\u00eb her\u00eb edhe fjal\u00ebn vendimtare e kan\u00eb arm\u00ebt e automatik\u00ebt e militant\u00ebve partiak, kontrollimi i fjal\u00ebs s\u00eb lir\u00eb, gjyq\u00ebsori i sh\u00ebndrruar n\u00eb nj\u00eb kasphane e popullit e fabrik\u00eb p\u00ebr rritjen e popullaritetit t\u00eb partive maqedone n\u00eb kurriz t\u00eb popullit Shqiptar, m\u00eb shum\u00eb do kisht\u00eb t\u00eb ngjaj\u00eb n\u00eb nj\u00eb Tirani e as se si me nj\u00eb demokraci bashkohore.<\/p>\n<p>Gjendja e rend socio-ekonomike e populat\u00ebs e n\u00eb ve\u00e7anti t\u00eb asaj shqipatre ku n\u00eb ark\u00ebn e shtetit nuk kemi drejt n\u00eb asgj\u00eb tjeter pos nj\u00eb korre buk\u00eb edhe pse n\u00eb populli shqiptar jemi pjesa e cila mbush k\u00ebt\u00eb ark\u00eb n\u00eb forma t\u00eb ndryshme. Qe n\u00eb transformimin e kapitalit shoq\u00ebror n\u00eb fabrikat t\u00eb cilat i ndertuar n\u00eb sistemin e Bashk\u00ebshfrytzimit Jugosllav nuk na u dha e drejta p\u00ebr t\u00eb marr\u00eb asnj\u00eb qekan e jo m\u00eb shum\u00eb, po u blen p\u00ebr hi\u00e7 pare nga oligarh\u00ebt maqedon, u trasferua i gjith\u00eb ai kapital nga shoq\u00ebror n\u00eb xhepor\u00eb, e si sa her\u00eb t\u00eb p\u00ebrzgjedhurit tan\u00eb e hesht\u00ebn duke mos menduar se heshtja do te thot\u00eb pranim i fajit ose pajtim me t\u00eb keqen. <\/p>\n<p>Partit\u00eb politike shqipatre duke mos qen\u00eb t\u00eb vet\u00ebdijsh\u00ebm se \u00e7ka flasin e shkruajn\u00eb n\u00eb media p\u00ebr qendrimet e tyre n\u00eb lidhje me k\u00ebt\u00eb represion edhe mosp\u00ebrfishm\u00ebri q\u00eb kan\u00eb e sidomos n\u00eb qeveri po i b\u00ebjn\u00eb edhe goditjen e fundit popullit q\u00eb vet i solli n\u00eb ata pozita. Deklaratat mbrojt\u00ebse se gjith\u00eb\u00e7ka n\u00eb Maqedoni shkon n\u00eb frym\u00ebn e demokracis\u00eb, bisedimeve t\u00eb hapura e tjer\u00eb \u00ebsht vet\u00ebm pjes\u00ebmarrje n\u00eb k\u00ebto akte barbare e asgj\u00eb tjet\u00ebr,  fshehja e problemeve nuk bjen zgjedhjen e tyre po bjen zmadhimin e tyre . <\/p>\n<p>Tentava e juaja p\u00ebr t&#8217;u treguar demokrat e konstruktiv ndaj partnerit tuaj si duket ju b\u00ebri Ohlokrat \u201cstruktur njer\u00ebzish q\u00eb punojn n\u00eb d\u00ebmin e popullit t\u00eb vet\u201c.  Po n\u00ebse asgj\u00eb nuk keni aritur p\u00ebr k\u00ebta 20 vite shetitje pantollonesh n\u00eb institucijon nj\u00eb pun t\u00eb mir keni b\u00ebr, arrit\u00ebt n\u00eb krimin e nj\u00eb sistemi t\u00eb ri. Ky system I p\u00ebrpilaur vite e dekada me radh\u00eb me funksionimin e tij\u00eb n\u00eb m\u00ebnyr t\u00eb t\u00eb qeverisjes I cili ka vyrtite t\u00eb nj\u00eb shteti t\u00eb qfrenuar e t\u00eb pakontrolluar nga as kush\u00eb, e do kishit b\u00ebr tja lini emrin  Zulumkraci. Ku n\u00eb p\u00ebrkthim do kishte kuptimin \u201czullum \u2013 d\u00ebm\u201d dhe kratos \u201cforc\u00eb\u201c, se ju me veprimet e juaj keni d\u00ebshmuar se i b\u00ebni vet\u00ebm d\u00ebm dhe tregoni vet\u00ebm \u201cforc\u00eb\u201d ndaj popullit tuaj. <\/p>\n","protected":false},"excerpt":{"rendered":"<p>\u00c7lirim Da\u00e7i Arb\u00ebresha Rozi Duket se gjat\u00eb 20 vje\u00e7arit t\u00eb fundit n\u00eb Maqedonin\u00eb \u201cmultietnike\u201d, nuk po mundemi kur se si ta deshifrojm\u00eb modelin e funksionimit t\u00eb shtetit . Kjo si rezultat i mosdijes t\u00eb politikan\u00ebve apo si shprehi e krijuar se gjith\u00eb\u00e7ka n\u00eb k\u00ebt\u00eb shtet t\u00eb ri duhet qen\u00eb unik dhe e dalluar nga bota [&hellip;]<\/p>\n","protected":false},"author":1,"featured_media":0,"comment_status":"open","ping_status":"closed","sticky":false,"template":"","format":"standard","meta":{"footnotes":""},"categories":[2],"tags":[],"class_list":{"0":"post-2186","1":"post","2":"type-post","3":"status-publish","4":"format-standard","6":"category-artikuj"},"yoast_head":"<!-- This site is optimized with the Yoast SEO plugin v27.4 - https:\/\/yoast.com\/product\/yoast-seo-wordpress\/ -->\n<title>Zullum-kracia Maqedone - FjALA e LIR\u00cb - Arkivi<\/title>\n<meta name=\"robots\" content=\"index, follow, max-snippet:-1, max-image-preview:large, max-video-preview:-1\" \/>\n<link rel=\"canonical\" href=\"https:\/\/fjala.info\/2009-2015\/zullum-kracia-maqedone\/\" \/>\n<meta property=\"og:locale\" content=\"sq_AL\" \/>\n<meta property=\"og:type\" content=\"article\" \/>\n<meta property=\"og:title\" content=\"Zullum-kracia Maqedone - FjALA e LIR\u00cb - Arkivi\" \/>\n<meta property=\"og:description\" content=\"\u00c7lirim Da\u00e7i Arb\u00ebresha Rozi Duket se gjat\u00eb 20 vje\u00e7arit t\u00eb fundit n\u00eb Maqedonin\u00eb \u201cmultietnike\u201d, nuk po mundemi kur se si ta deshifrojm\u00eb modelin e funksionimit t\u00eb shtetit . Kjo si rezultat i mosdijes t\u00eb politikan\u00ebve apo si shprehi e krijuar se gjith\u00eb\u00e7ka n\u00eb k\u00ebt\u00eb shtet t\u00eb ri duhet qen\u00eb unik dhe e dalluar nga bota [&hellip;]\" \/>\n<meta property=\"og:url\" content=\"https:\/\/fjala.info\/2009-2015\/zullum-kracia-maqedone\/\" \/>\n<meta property=\"og:site_name\" content=\"FjALA e LIR\u00cb - Arkivi\" \/>\n<meta property=\"article:published_time\" content=\"2010-04-12T22:16:35+00:00\" \/>\n<meta name=\"author\" content=\"admin\" \/>\n<meta name=\"twitter:card\" content=\"summary_large_image\" \/>\n<meta name=\"twitter:label1\" content=\"Written by\" \/>\n\t<meta name=\"twitter:data1\" content=\"admin\" \/>\n\t<meta name=\"twitter:label2\" content=\"Est. reading time\" \/>\n\t<meta name=\"twitter:data2\" content=\"7 minutes\" \/>\n<script type=\"application\/ld+json\" class=\"yoast-schema-graph\">{\"@context\":\"https:\\\/\\\/schema.org\",\"@graph\":[{\"@type\":\"Article\",\"@id\":\"https:\\\/\\\/fjala.info\\\/2009-2015\\\/zullum-kracia-maqedone\\\/#article\",\"isPartOf\":{\"@id\":\"https:\\\/\\\/fjala.info\\\/2009-2015\\\/zullum-kracia-maqedone\\\/\"},\"author\":{\"name\":\"admin\",\"@id\":\"https:\\\/\\\/fjala.info\\\/2009-2015\\\/#\\\/schema\\\/person\\\/3aa1163ef05469c496fc94e77611ada2\"},\"headline\":\"Zullum-kracia Maqedone\",\"datePublished\":\"2010-04-12T22:16:35+00:00\",\"mainEntityOfPage\":{\"@id\":\"https:\\\/\\\/fjala.info\\\/2009-2015\\\/zullum-kracia-maqedone\\\/\"},\"wordCount\":1325,\"commentCount\":0,\"publisher\":{\"@id\":\"https:\\\/\\\/fjala.info\\\/2009-2015\\\/#organization\"},\"articleSection\":[\"Artikuj\"],\"inLanguage\":\"sq-AL\",\"potentialAction\":[{\"@type\":\"CommentAction\",\"name\":\"Comment\",\"target\":[\"https:\\\/\\\/fjala.info\\\/2009-2015\\\/zullum-kracia-maqedone\\\/#respond\"]}]},{\"@type\":\"WebPage\",\"@id\":\"https:\\\/\\\/fjala.info\\\/2009-2015\\\/zullum-kracia-maqedone\\\/\",\"url\":\"https:\\\/\\\/fjala.info\\\/2009-2015\\\/zullum-kracia-maqedone\\\/\",\"name\":\"Zullum-kracia Maqedone - FjALA e LIR\u00cb - Arkivi\",\"isPartOf\":{\"@id\":\"https:\\\/\\\/fjala.info\\\/2009-2015\\\/#website\"},\"datePublished\":\"2010-04-12T22:16:35+00:00\",\"breadcrumb\":{\"@id\":\"https:\\\/\\\/fjala.info\\\/2009-2015\\\/zullum-kracia-maqedone\\\/#breadcrumb\"},\"inLanguage\":\"sq-AL\",\"potentialAction\":[{\"@type\":\"ReadAction\",\"target\":[\"https:\\\/\\\/fjala.info\\\/2009-2015\\\/zullum-kracia-maqedone\\\/\"]}]},{\"@type\":\"BreadcrumbList\",\"@id\":\"https:\\\/\\\/fjala.info\\\/2009-2015\\\/zullum-kracia-maqedone\\\/#breadcrumb\",\"itemListElement\":[{\"@type\":\"ListItem\",\"position\":1,\"name\":\"Home\",\"item\":\"https:\\\/\\\/fjala.info\\\/2009-2015\\\/\"},{\"@type\":\"ListItem\",\"position\":2,\"name\":\"Zullum-kracia Maqedone\"}]},{\"@type\":\"WebSite\",\"@id\":\"https:\\\/\\\/fjala.info\\\/2009-2015\\\/#website\",\"url\":\"https:\\\/\\\/fjala.info\\\/2009-2015\\\/\",\"name\":\"FjALA e LIR\u00cb - Arkivi\",\"description\":\"Arkivi 2009-2015\",\"publisher\":{\"@id\":\"https:\\\/\\\/fjala.info\\\/2009-2015\\\/#organization\"},\"potentialAction\":[{\"@type\":\"SearchAction\",\"target\":{\"@type\":\"EntryPoint\",\"urlTemplate\":\"https:\\\/\\\/fjala.info\\\/2009-2015\\\/?s={search_term_string}\"},\"query-input\":{\"@type\":\"PropertyValueSpecification\",\"valueRequired\":true,\"valueName\":\"search_term_string\"}}],\"inLanguage\":\"sq-AL\"},{\"@type\":\"Organization\",\"@id\":\"https:\\\/\\\/fjala.info\\\/2009-2015\\\/#organization\",\"name\":\"FjALA e LIR\u00cb - Arkivi\",\"url\":\"https:\\\/\\\/fjala.info\\\/2009-2015\\\/\",\"logo\":{\"@type\":\"ImageObject\",\"inLanguage\":\"sq-AL\",\"@id\":\"https:\\\/\\\/fjala.info\\\/2009-2015\\\/#\\\/schema\\\/logo\\\/image\\\/\",\"url\":\"\",\"contentUrl\":\"\",\"caption\":\"FjALA e LIR\u00cb - Arkivi\"},\"image\":{\"@id\":\"https:\\\/\\\/fjala.info\\\/2009-2015\\\/#\\\/schema\\\/logo\\\/image\\\/\"}},{\"@type\":\"Person\",\"@id\":\"https:\\\/\\\/fjala.info\\\/2009-2015\\\/#\\\/schema\\\/person\\\/3aa1163ef05469c496fc94e77611ada2\",\"name\":\"admin\",\"image\":{\"@type\":\"ImageObject\",\"inLanguage\":\"sq-AL\",\"@id\":\"https:\\\/\\\/fjala.info\\\/2009-2015\\\/wp-content\\\/uploads\\\/2012\\\/02\\\/arben_cokaj-120x150.jpg\",\"url\":\"https:\\\/\\\/fjala.info\\\/2009-2015\\\/wp-content\\\/uploads\\\/2012\\\/02\\\/arben_cokaj-120x150.jpg\",\"contentUrl\":\"https:\\\/\\\/fjala.info\\\/2009-2015\\\/wp-content\\\/uploads\\\/2012\\\/02\\\/arben_cokaj-120x150.jpg\",\"caption\":\"admin\"},\"description\":\"Admin, Fjala e Lir\u00eb\",\"sameAs\":[\"https:\\\/\\\/fjala.info\\\/\"],\"url\":\"https:\\\/\\\/fjala.info\\\/2009-2015\\\/author\\\/admin\\\/\"}]}<\/script>\n<!-- \/ Yoast SEO plugin. -->","yoast_head_json":{"title":"Zullum-kracia Maqedone - FjALA e LIR\u00cb - Arkivi","robots":{"index":"index","follow":"follow","max-snippet":"max-snippet:-1","max-image-preview":"max-image-preview:large","max-video-preview":"max-video-preview:-1"},"canonical":"https:\/\/fjala.info\/2009-2015\/zullum-kracia-maqedone\/","og_locale":"sq_AL","og_type":"article","og_title":"Zullum-kracia Maqedone - FjALA e LIR\u00cb - Arkivi","og_description":"\u00c7lirim Da\u00e7i Arb\u00ebresha Rozi Duket se gjat\u00eb 20 vje\u00e7arit t\u00eb fundit n\u00eb Maqedonin\u00eb \u201cmultietnike\u201d, nuk po mundemi kur se si ta deshifrojm\u00eb modelin e funksionimit t\u00eb shtetit . Kjo si rezultat i mosdijes t\u00eb politikan\u00ebve apo si shprehi e krijuar se gjith\u00eb\u00e7ka n\u00eb k\u00ebt\u00eb shtet t\u00eb ri duhet qen\u00eb unik dhe e dalluar nga bota [&hellip;]","og_url":"https:\/\/fjala.info\/2009-2015\/zullum-kracia-maqedone\/","og_site_name":"FjALA e LIR\u00cb - Arkivi","article_published_time":"2010-04-12T22:16:35+00:00","author":"admin","twitter_card":"summary_large_image","twitter_misc":{"Written by":"admin","Est. reading time":"7 minutes"},"schema":{"@context":"https:\/\/schema.org","@graph":[{"@type":"Article","@id":"https:\/\/fjala.info\/2009-2015\/zullum-kracia-maqedone\/#article","isPartOf":{"@id":"https:\/\/fjala.info\/2009-2015\/zullum-kracia-maqedone\/"},"author":{"name":"admin","@id":"https:\/\/fjala.info\/2009-2015\/#\/schema\/person\/3aa1163ef05469c496fc94e77611ada2"},"headline":"Zullum-kracia Maqedone","datePublished":"2010-04-12T22:16:35+00:00","mainEntityOfPage":{"@id":"https:\/\/fjala.info\/2009-2015\/zullum-kracia-maqedone\/"},"wordCount":1325,"commentCount":0,"publisher":{"@id":"https:\/\/fjala.info\/2009-2015\/#organization"},"articleSection":["Artikuj"],"inLanguage":"sq-AL","potentialAction":[{"@type":"CommentAction","name":"Comment","target":["https:\/\/fjala.info\/2009-2015\/zullum-kracia-maqedone\/#respond"]}]},{"@type":"WebPage","@id":"https:\/\/fjala.info\/2009-2015\/zullum-kracia-maqedone\/","url":"https:\/\/fjala.info\/2009-2015\/zullum-kracia-maqedone\/","name":"Zullum-kracia Maqedone - FjALA e LIR\u00cb - Arkivi","isPartOf":{"@id":"https:\/\/fjala.info\/2009-2015\/#website"},"datePublished":"2010-04-12T22:16:35+00:00","breadcrumb":{"@id":"https:\/\/fjala.info\/2009-2015\/zullum-kracia-maqedone\/#breadcrumb"},"inLanguage":"sq-AL","potentialAction":[{"@type":"ReadAction","target":["https:\/\/fjala.info\/2009-2015\/zullum-kracia-maqedone\/"]}]},{"@type":"BreadcrumbList","@id":"https:\/\/fjala.info\/2009-2015\/zullum-kracia-maqedone\/#breadcrumb","itemListElement":[{"@type":"ListItem","position":1,"name":"Home","item":"https:\/\/fjala.info\/2009-2015\/"},{"@type":"ListItem","position":2,"name":"Zullum-kracia Maqedone"}]},{"@type":"WebSite","@id":"https:\/\/fjala.info\/2009-2015\/#website","url":"https:\/\/fjala.info\/2009-2015\/","name":"FjALA e LIR\u00cb - Arkivi","description":"Arkivi 2009-2015","publisher":{"@id":"https:\/\/fjala.info\/2009-2015\/#organization"},"potentialAction":[{"@type":"SearchAction","target":{"@type":"EntryPoint","urlTemplate":"https:\/\/fjala.info\/2009-2015\/?s={search_term_string}"},"query-input":{"@type":"PropertyValueSpecification","valueRequired":true,"valueName":"search_term_string"}}],"inLanguage":"sq-AL"},{"@type":"Organization","@id":"https:\/\/fjala.info\/2009-2015\/#organization","name":"FjALA e LIR\u00cb - Arkivi","url":"https:\/\/fjala.info\/2009-2015\/","logo":{"@type":"ImageObject","inLanguage":"sq-AL","@id":"https:\/\/fjala.info\/2009-2015\/#\/schema\/logo\/image\/","url":"","contentUrl":"","caption":"FjALA e LIR\u00cb - Arkivi"},"image":{"@id":"https:\/\/fjala.info\/2009-2015\/#\/schema\/logo\/image\/"}},{"@type":"Person","@id":"https:\/\/fjala.info\/2009-2015\/#\/schema\/person\/3aa1163ef05469c496fc94e77611ada2","name":"admin","image":{"@type":"ImageObject","inLanguage":"sq-AL","@id":"https:\/\/fjala.info\/2009-2015\/wp-content\/uploads\/2012\/02\/arben_cokaj-120x150.jpg","url":"https:\/\/fjala.info\/2009-2015\/wp-content\/uploads\/2012\/02\/arben_cokaj-120x150.jpg","contentUrl":"https:\/\/fjala.info\/2009-2015\/wp-content\/uploads\/2012\/02\/arben_cokaj-120x150.jpg","caption":"admin"},"description":"Admin, Fjala e Lir\u00eb","sameAs":["https:\/\/fjala.info\/"],"url":"https:\/\/fjala.info\/2009-2015\/author\/admin\/"}]}},"_links":{"self":[{"href":"https:\/\/fjala.info\/2009-2015\/wp-json\/wp\/v2\/posts\/2186","targetHints":{"allow":["GET"]}}],"collection":[{"href":"https:\/\/fjala.info\/2009-2015\/wp-json\/wp\/v2\/posts"}],"about":[{"href":"https:\/\/fjala.info\/2009-2015\/wp-json\/wp\/v2\/types\/post"}],"author":[{"embeddable":true,"href":"https:\/\/fjala.info\/2009-2015\/wp-json\/wp\/v2\/users\/1"}],"replies":[{"embeddable":true,"href":"https:\/\/fjala.info\/2009-2015\/wp-json\/wp\/v2\/comments?post=2186"}],"version-history":[{"count":0,"href":"https:\/\/fjala.info\/2009-2015\/wp-json\/wp\/v2\/posts\/2186\/revisions"}],"wp:attachment":[{"href":"https:\/\/fjala.info\/2009-2015\/wp-json\/wp\/v2\/media?parent=2186"}],"wp:term":[{"taxonomy":"category","embeddable":true,"href":"https:\/\/fjala.info\/2009-2015\/wp-json\/wp\/v2\/categories?post=2186"},{"taxonomy":"post_tag","embeddable":true,"href":"https:\/\/fjala.info\/2009-2015\/wp-json\/wp\/v2\/tags?post=2186"}],"curies":[{"name":"wp","href":"https:\/\/api.w.org\/{rel}","templated":true}]}}