{"id":2185,"date":"2012-03-15T15:48:19","date_gmt":"2012-03-15T14:48:19","guid":{"rendered":"http:\/\/fjala.shkoder.net\/?p=2185"},"modified":"2012-03-15T15:48:19","modified_gmt":"2012-03-15T14:48:19","slug":"qeni-im-jessy","status":"publish","type":"post","link":"https:\/\/fjala.info\/2009-2015\/qeni-im-jessy\/","title":{"rendered":"Qeni im Jessy"},"content":{"rendered":"<p><img decoding=\"async\" class=\"alignright size-thumbnail wp-image-7236\" title=\"Arjan Th. Kall\u00e7o\" src=\"http:\/\/www.shkoder.net\/images\/fjala\/2011\/arjan_kallco.jpg\" alt=\"\" width=\"150\" \/> <strong>Arjan Th. Kall\u00e7o<\/strong><\/p>\n<p>Prej koh\u00ebsh kisha d\u00ebshir\u00eb t\u00eb kisha n\u00eb sht\u00ebpi nj\u00eb qenush, jo p\u00ebr t\u00eb ndjekur nj\u00eb lloj mode q\u00eb plasi pas viteve \u201990, njer\u00ebzit ecnin me qen t\u00eb lidhur me nj\u00eb zinxhirr t\u00eb shk\u00eblqyesh\u00ebm n\u00ebp\u00ebr rrug\u00eb apo b\u00ebnin xhiron e nat\u00ebs dhe kjo do t\u00eb thoshte se edhe ti po ndiqje gjurm\u00ebt e nj\u00eb mode per\u00ebndimore, majmun\u00ebt na lan\u00eb trash\u00ebgim nj\u00eb zakon t\u00eb keq, por p\u00ebr nj\u00eb shkak t\u00eb thjesht\u00eb se po kujdeseshe p\u00ebr dik\u00eb pasditeve dhe n\u00eb fundjavat e nj\u00ebpasnj\u00ebshme, meq\u00eb m\u00ebngjeseve isha i z\u00ebn\u00eb n\u00eb shkoll\u00eb me dhjetra f\u00ebmij\u00eb. T\u00eb jesh m\u00ebsues n\u00eb nj\u00eb shkoll\u00eb fillore n\u00ebnkupton q\u00eb p\u00ebrve\u00e7 m\u00ebsimit dhe njohurive q\u00eb duhet t\u2019u transmetosh, duhet edhe t\u2019i edukosh me respektin p\u00ebr jet\u00ebn, me d\u00ebshir\u00ebn p\u00ebr ta jetuar at\u00eb mir\u00eb dhe pa shum\u00eb vuajtje. Zanati i edukatorit nuk e p\u00ebrjashton edhe bot\u00ebn e kafsh\u00ebve, meq\u00eb vog\u00eblush\u00ebt dhe konkat ngjajn\u00eb si dy pika uji dhe kan\u00eb gjithmon\u00eb nevoj\u00eb p\u00ebr p\u00ebrkujdesje. N\u00eb fillim u duhet t\u00eb m\u00ebsojn\u00eb t\u00eb ecin, duke b\u00ebr\u00eb hapat e par\u00eb, duhet t\u00eb mposhtin frik\u00ebn e r\u00ebnies dhe t\u00eb l\u00ebndimit, duhet t\u00eb m\u00ebsojn\u00eb t\u00eb han\u00eb, t\u00eb pastrohen, t\u00eb b\u00ebjn\u00eb shum\u00eb gj\u00ebra fiziologjike, por edhe t\u00eb kujdesen p\u00ebr shpirtin, mendjen, sjelljen dhe q\u00eb t\u2019i biem shkurt, t\u00eb formohen dhe orientohen p\u00ebr t\u00eb ardhmen, kur prind\u00ebrit e tyre nuk do t\u00eb jen\u00eb m\u00eb, ose kur do t\u2019u duhet t\u00eb vendosin q\u00eb t\u00eb jetojn\u00eb jet\u00ebn e tyre. M\u00eb thoni, a ka profesion m\u00eb miklues?<br \/>\nDisa koh\u00eb m\u00eb par\u00eb erdhi n\u00eb sht\u00ebpi, nj\u00eb vog\u00eblush si drita e diellit kur lind n\u00eb m\u00ebngjes, i shkath\u00ebt, i hedhur dhe q\u00eb nuk linte dy gur\u00eb bashk\u00eb. M\u00ebngjeseve sapo ora trokiste 6.00, ngrihej dhe nga nj\u00eb dhom\u00eb tek tjetra, na b\u00ebnte zgjimin.<br \/>\n\u00c7ohu, xhaxhi, t\u00eb shkojm\u00eb tek mali! &#8211; ishte z\u00ebri i tij i sapozgjuar.<br \/>\nDo shkojm\u00eb t\u00eb takojm\u00eb edhe patat? \u2013 sepse edhe ato jan\u00eb zgjuar tani. Pastaj do t\u00eb shkojm\u00eb t\u00eb pijm\u00eb edhe kafen, apo jo xhaxhi.<br \/>\nNuk desha ta zhg\u00ebnjeja q\u00eb n\u00eb dit\u00ebt e para, prandaj ia plot\u00ebsoja d\u00ebshirat dhe nuk m\u00eb vinte keq q\u00eb e mbaja p\u00ebr or\u00eb e or\u00eb pas. Ishte vet\u00ebm 2 vje\u00e7 at\u00ebher\u00eb.<br \/>\nTek zbriste shkall\u00ebt bashk\u00eb me mua m\u00ebngjeseve, t\u00eb kapur p\u00ebrdore, hapin e hidhte t\u00eb sigurt\u00eb, pa frik\u00ebn e r\u00ebnies, bile symbyllur. Besonte tek mb\u00ebshtetja, besonte tek ajo lloj\u00eb bese e pashkruar n\u00eb lidhjen mes brezave se nuk do ta braktisja q\u00eb m\u00eb pas t\u00eb binte dhe t\u00eb vritej. N\u00ebse nj\u00eb f\u00ebmije ia shkat\u00ebrron imazhin q\u00eb ti vet\u00eb ia krijon mbi bot\u00ebn q\u00eb e rrethon, mosbesimi do koh\u00eb q\u00eb t\u00eb rifitohet dhe nuk \u00ebsht\u00eb e leht\u00eb.<br \/>\nNj\u00eb kafsh\u00ebz\u00eb nuk \u00ebsht\u00eb kurr\u00eb nj\u00eb f\u00ebmij\u00eb dhe midis tyre kan\u00eb rrug\u00eb t\u00eb ndryshme p\u00ebr t\u00eb b\u00ebr\u00eb n\u00eb jet\u00eb. Por kan\u00eb t\u00eb p\u00ebrbashk\u00ebt at\u00eb periudh\u00eb t\u00eb v\u00ebshtir\u00eb t\u00eb m\u00ebsimit q\u00eb t\u00eb p\u00ebrballen me t\u00eb gjitha furtunat, shpesh t\u00eb dhunshme, t\u00eb ashpra q\u00eb p\u00ebsojn\u00eb n\u00eb jet\u00eb. Do t\u00eb ishte fantastike t\u00eb lindje i ditur, gati p\u00ebr gjith\u00e7ka, pa ato \u201cm\u00ebsimet e m\u00ebrzitshme\u201d ditore p\u00ebr njohuri mbi bot\u00ebn dhe jet\u00ebn, por natyra ka ligjet e veta dhe askush nuk mund t\u2019i anashkaloj\u00eb ato. Ndoshta ndonj\u00eb i plotfuqish\u00ebm, por i fundit q\u00eb lindi, daton 2000 vjet m\u00eb par\u00eb dhe qysh at\u00ebher\u00eb ky privilegj nuk i njihet m\u00eb asnj\u00eb q\u00ebnie t\u00eb gjall\u00eb.<br \/>\nPo ata q\u00eb delirojn\u00eb \u2013 m\u00eb thoshte nj\u00eb mik?<br \/>\nJan\u00eb vegime q\u00eb e shmangin p\u00ebrkoh\u00ebsisht trurin, duke besuar se jan\u00eb t\u00eb till\u00eb, por p\u00ebr fat t\u00eb keq hiqen m\u00ebnjan\u00eb menj\u00ebher\u00eb sa e kuptojn\u00eb se nuk jan\u00eb t\u00eb till\u00eb, sepse nuk \u00ebsht\u00eb e leht\u00eb t\u00eb kryq\u00ebzohesh p\u00ebr m\u00ebkatet e t\u00eb tjer\u00ebve \u2013 p\u00ebrgjigjesha un\u00eb.<br \/>\nMe bindjen se b\u00ebja detyr\u00ebn time, edhe pse ishte nj\u00eb kafsh\u00ebz\u00eb, shkova n\u00eb fshat nj\u00eb dit\u00eb dhe i k\u00ebrkova nj\u00eb kush\u00ebriri q\u00eb t\u00eb m\u00eb b\u00ebnin nj\u00eb dhurat\u00eb t\u00eb \u00e7muar. Ishte stina q\u00eb lindnin konka, k\u00ebshtu i quanim qysh t\u00eb vegj\u00ebl, dhe mund t\u00eb zgjidhje mes shum\u00eb prej tyre. P\u00ebrkundrazi \u00ebsht\u00eb mizoria e jet\u00ebs q\u00eb i v\u00eb n\u00eb prov\u00eb t\u00eb gjitha krijesat mbi tok\u00eb, sepse mbijetesa t\u00eb mund t\u00eb vazhdoj\u00eb pand\u00ebrprerje. Deri m\u00eb tash, na tregon historia, nuk ia dol\u00ebn mban\u00eb, bile edhe ata q\u00eb ishin dredharak\u00eb, edhe p\u00ebr ta fati ishte i pam\u00ebshirsh\u00ebm. Dikur t\u00eb rinj n\u00eb universitet n\u00eb Tiran\u00eb k\u00ebndonim shpesh, kishte dit\u00ebt kur dhe shpirti e k\u00ebrkonte nj\u00eb harmoni t\u00eb till\u00eb pas ndonj\u00eb trishtimi apo zhg\u00ebnjimi, nj\u00eb k\u00ebng\u00eb me shokun tim Leka, Na pret t\u00eb gjith\u00ebve nj\u00eb kryq mbi var, pak dashuri, pak dashuri&#8230; Nuk b\u00ebjn\u00eb p\u00ebrjashtim edhe vog\u00eblush\u00ebt, pa asnj\u00eb dallim, nga kjo ndjenj\u00eb e bukur humane.<br \/>\nNata e shk\u00ebputjes nga n\u00ebna e vet ishte nj\u00eb rit makab\u00ebr dhe trondit\u00ebs p\u00ebr \u00e7do lloj gjallese q\u00eb merr frym\u00eb n\u00eb k\u00ebt\u00eb bot\u00eb, por ishte i till\u00eb edhe p\u00ebr ne q\u00eb na u desh t\u00eb vuanim ferrin deri n\u00eb agim. \u00cbsht\u00eb e drejt\u00eb q\u00eb secili t\u00eb paguaj\u00eb p\u00ebr gabimet e veta, sepse nuk vum\u00eb sy n\u00eb gjum\u00eb. Duhej t\u2019i dilja zot situat\u00ebs dhe konk\u00ebs, pasi ia kisha hequr m\u00ebm\u00ebs t\u00eb birin nga gjiri, nj\u00eb gjest q\u00eb n\u00ebse zonja M\u00ebm\u00eb do t\u00eb kujtohej nj\u00eb dit\u00eb, do t\u00eb na e kishte marr\u00eb hakun. Por bota e kafsh\u00ebve \u00ebsht\u00eb nj\u00eb bot\u00eb tjet\u00ebr q\u00eb dallon shum\u00eb nga e jona. Ndoshta ajo nuk e kuptonte se \u00e7far\u00eb po ndodhte, se nuk do ta shihte m\u00eb t\u00eb birin e saj, por n\u00ebse fati do ta ndihte vog\u00eblushin e saj, t\u00eb rritej dhe jetonte n\u00eb nj\u00eb familje, zem\u00ebrimi nuk do t\u00eb mbret\u00ebronte kurr\u00eb n\u00eb zemr\u00ebn e saj. Cila n\u00ebn\u00eb nuk do t\u00eb lumturohej kur ta shihte krijes\u00ebn e vet t\u00eb lumtur? Ishte nj\u00eb fat i shkruar, nj\u00eb d\u00ebnim i \u00e7astit, i pazakont\u00eb disi p\u00ebr nj\u00eb n\u00ebn\u00eb, por e paqart\u00eb sesi do t\u00eb shkonin dit\u00ebt n\u00eb vazhdim.<br \/>\nUdh\u00ebtimi nga Polena zgjat pak, 10 minuta me makin\u00eb dhe k\u00eblyshi po braktiste jet\u00ebn e fshatit dhe po hynte n\u00eb at\u00eb t\u00eb qytetit, larg nga dashuria e n\u00ebn\u00ebs n\u00eb dit\u00ebt e para, por i rrethuar nga shum\u00eb t\u00eb tilla, ndoshta m\u00eb i llastuar, p\u00ebrk\u00ebdhel\u00ebs dhe q\u00eb nuk i kishte menduar kurr\u00eb. N\u00ebse do ta kuptonte, gj\u00eb q\u00eb n\u00eb at\u00eb \u00e7ast p\u00ebrjashtohej, ishte vet\u00ebm disa dit\u00ebsh, do t\u2019ia kishte vlejtur bara qeran\u00eb ta b\u00ebnte at\u00eb sakrific\u00eb deh nuk duhej q\u00eb t\u00eb ankohej. Edhe pse fati i kishte ndryshuar p\u00ebrgjithmon\u00eb jet\u00ebn, ishte m\u00eb mir\u00eb se n\u00eb fshat, Jessy, ky ishte emri q\u00eb kisha zgjedhur p\u00ebr t\u00eb, e kishte nj\u00eb konak ku t\u00eb banonte, rritej, flinte dhe t\u00eb ftohtit nuk do t\u00eb ishte m\u00eb problem. Nuk do t\u00eb kishte ajrin e fshatit n\u00eb qiell t\u00eb hapur, natyr\u00ebn e bukur n\u00eb stin\u00eb t\u00eb ndryshme, miqt\u00eb dhe shok\u00ebt me t\u00eb cil\u00ebt do t\u00eb luanin e ziheshin ndonj\u00ebher\u00eb, por do ta kishte tasin e vet ku t\u00eb hante dhe pinte, shoq\u00ebrin\u00eb dhe v\u00ebmendjen e dikujt \u00e7do dit\u00eb. Ishte i vog\u00ebl dhe p\u00ebr nj\u00eb krijes\u00eb t\u00eb till\u00eb, edhe m\u00eb i egri, i patundur nga m\u00ebshira, do t\u2019i siguronte minimumin e nevojsh\u00ebm derisa mbijetesa t\u00eb mos ia rrezikonte jet\u00ebn. Po t\u00eb ngjante, fati i mbrapsht\u00eb ndjek gjithmon\u00eb m\u00eb t\u00eb dob\u00ebtin dhe m\u00eb t\u00eb voglin, jeta do t\u00eb merrte tjet\u00ebr rrug\u00eb. Dit\u00ebt e para ishin t\u00eb tmerrshme p\u00ebr t\u00eb gjith\u00eb edhe n\u00eb qytet, net\u00ebt e qeta ishin t\u00eb pakta: i detyruar t\u00eb q\u00ebndroje zgjuar deri n\u00eb m\u00ebngjes, sepse shpirti i ndar\u00eb nga m\u00ebma, nuk qet\u00ebsohej dot. Ka rrezik q\u00eb t\u00eb b\u00ebhesh p\u00ebrjet\u00eb rebel dhe endacak, n\u00ebse besimi, se ke humbur gjith\u00e7ka, transformohet n\u00eb urrjetje t\u00eb dhunshme. Nj\u00eb llogaridh\u00ebnie e mundshme n\u00ebn\u00eb-bir, n\u00ebse jeta do t\u00eb ishte nj\u00eb zhg\u00ebnjim, do t\u00eb nxirrte n\u00eb shesh nj\u00eb p\u00ebrplasje epokale brezash. Fjal\u00ebt ofenduese t\u00eb r\u00ebnda q\u00eb p\u00ebr n\u00ebn\u00ebn nuk duhet t\u00eb dalin kurr\u00eb nga goja e f\u00ebmij\u00ebs s\u00eb vet, zem\u00ebrimi dhe fyerjet q\u00eb s\u2019do t\u00eb pushojn\u00eb \u00e7do \u00e7ast ndaj nj\u00eb fati kaq mizor q\u00eb e kishte sjell\u00eb n\u00eb jet\u00eb, do t\u00eb shfrehen si rrufe mbi fytyr\u00ebn e n\u00ebn\u00ebs. N\u00ebna e mir\u00eb nuk m\u00ebrzitet, nuk lig\u00ebshtohet, por p\u00ebrs\u00ebri dora e saj mbi kok\u00ebn e t\u00eb birit \u00ebsht\u00eb gjithmon\u00eb gati ta fik\u00eb inatin mes shum\u00eb ndjesash, p\u00ebrgj\u00ebrimesh, pasi \u00ebsht\u00eb e pafuqishme para atij gjykimi, sigurisht asnj\u00eb gjykat\u00ebs nuk do t\u2019i v\u00ebrtetonte rrethanat leht\u00ebsuese. Asnj\u00eb n\u00ebn\u00eb nuk e duron dot dhimbjen p\u00ebr f\u00ebmij\u00ebn dhe do t\u00eb preferonte t\u00eb vdiste nga turpi, mjaft t\u00eb mos d\u00ebgjonte gjith\u00eb dufin e f\u00ebmij\u00ebs s\u00eb saj, por n\u00eb zem\u00ebr e dinte vendimin e trupit gjykues.<br \/>\nKaluan dit\u00ebt, muajt dhe k\u00eblyshi rritej, ndoshta e kishte harruar n\u00ebn\u00ebn e v\u00ebrtet\u00eb, ndoshta nuk e mbante mend, sepse nuk e kishte njohur n\u00eb realitet, ndoshta edhe folen\u00eb prej kashte dhe druri t\u00eb err\u00ebt dhe q\u00eb bie er\u00eb e kishte harruar. N\u00eb m\u00ebngjes dhe pasditeve zbavitej tek vraponte bashk\u00eb me mua n\u00eb l\u00ebndina sip\u00ebr qytetit dhe hapat e par\u00eb ishin tashm\u00eb nj\u00eb moment emocionesh p\u00ebr ne t\u00eb dy. Ecja e shpenguar dhe m\u00eb pas vrapi nuk jan\u00eb ve\u00e7se hapi i par\u00eb n\u00eb jet\u00eb. T\u00eb tjer\u00eb do t\u00eb vinin m\u00eb pas dhe po p\u00ebrgatitej, n\u00eb saj\u00eb t\u00eb ndihm\u00ebs, q\u00eb t\u2019i hidhte. N\u00eb shikimin e tij, n\u00eb sjelljen e tij, n\u00eb urdh\u00ebrat q\u00eb t\u00eb b\u00ebnte gj\u00ebrat q\u00eb i thosha, \u00e7do i vog\u00ebl nuk mund t\u00eb b\u00ebj\u00eb pa to, jan\u00eb ushqimi i p\u00ebrditsh\u00ebm shpirt\u00ebror, ndonj\u00ebher\u00eb edhe i pabindur, e kuptueshme p\u00ebr nj\u00eb k\u00eblysh, tep\u00ebr i llastuar, lexohej g\u00ebzimi i jet\u00ebs. Dukej se gjith\u00e7ka po shkonte p\u00ebrs\u00ebmbari, i bindur edhe vet\u00eb k\u00eblyshi disamujor, se ishte n\u00eb gjendje ta dallonte rrezikun, ta shmangte, por t\u00eb vegj\u00eblit e konsiderojn\u00eb veten shum\u00eb shpejt t\u00eb rritur. Hat\u00ebrm\u00ebdhenj n\u00eb kulm, padron\u00eb t\u00eb bot\u00ebs q\u00eb para tyre zvog\u00eblohet dita-dit\u00ebs nuk i ulin syt\u00eb posht\u00eb. Kurthi i ngritur i jet\u00ebs, i pabesive t\u00eb saj, at\u00eb k\u00ebrkon, hutimin dhe ia hodhi q\u00eb n\u00eb hapat e par\u00eb. Naiviteti ndaj tyre \u00ebsht\u00eb shenja e par\u00eb e nxitimit dhe e papjekuris\u00eb, sidomos ndaj loj\u00ebrave t\u00eb paskrupullta t\u00eb q\u00ebnieve q\u00eb nj\u00eb mendje e kan\u00eb. Jo gjith\u00e7ka q\u00eb fluturon, hahet. Nuk mundi ta g\u00ebzonte lirin\u00eb e tij gjat\u00eb, pasi nuk kishte nuhatje, i pam\u00ebsuar dhe mbi t\u00eb gjitha nuk kishte fituar intuit\u00ebn e nj\u00eb t\u00eb rrituri. Nj\u00eb hap i gabuar, mos shkel\u00ebsh kurr\u00eb n\u00eb dysheme t\u00eb kalbura dhe fati po e g\u00eblltiste ngadal\u00eb, duke ia ndryshuar drejtimin p\u00ebrgjithmon\u00eb jet\u00ebs s\u00eb tij t\u00eb njom\u00eb. Tek vraponte mbi tarrac\u00eb q\u00eb t\u00eb merrte pak ushqim, ra nga nj\u00eb lart\u00ebsi prej disa metrash. Nuk arriti q\u00eb t\u00eb shikonte p\u00ebrtej hapit t\u00eb shpejt\u00eb mbi tarrac\u00eb. Disa dit\u00eb agonie dhe iku p\u00ebrgjithmon\u00eb nga kjo jet\u00eb q\u00eb sapo e kishte filluar. Nuk vlejt\u00ebn as lutjete e mia, as lot\u00ebt q\u00eb ta mbanin n\u00eb jet\u00eb. Kur shpirti i nj\u00eb njeriu, por edhe i nj\u00eb kafsh\u00ebze gjejn\u00eb gjuh\u00ebn e p\u00ebrbashk\u00ebt, nj\u00eblloj si shpirt\u00ebrat binjak\u00eb mes tok\u00ebsor\u00ebve, jeta ka tjet\u00ebr shije, tjet\u00ebr natyr\u00eb.<\/p>\n","protected":false},"excerpt":{"rendered":"<p>Arjan Th. Kall\u00e7o Prej koh\u00ebsh kisha d\u00ebshir\u00eb t\u00eb kisha n\u00eb sht\u00ebpi nj\u00eb qenush, jo p\u00ebr t\u00eb ndjekur nj\u00eb lloj mode q\u00eb plasi pas viteve \u201990, njer\u00ebzit ecnin me qen t\u00eb lidhur me nj\u00eb zinxhirr t\u00eb shk\u00eblqyesh\u00ebm n\u00ebp\u00ebr rrug\u00eb apo b\u00ebnin xhiron e nat\u00ebs dhe kjo do t\u00eb thoshte se edhe ti po ndiqje gjurm\u00ebt e [&hellip;]<\/p>\n","protected":false},"author":1,"featured_media":0,"comment_status":"open","ping_status":"closed","sticky":false,"template":"","format":"standard","meta":{"footnotes":""},"categories":[2],"tags":[],"class_list":{"0":"post-2185","1":"post","2":"type-post","3":"status-publish","4":"format-standard","6":"category-artikuj"},"yoast_head":"<!-- This site is optimized with the Yoast SEO plugin v27.4 - https:\/\/yoast.com\/product\/yoast-seo-wordpress\/ -->\n<title>Qeni im Jessy - FjALA e LIR\u00cb - Arkivi<\/title>\n<meta name=\"robots\" content=\"index, follow, max-snippet:-1, max-image-preview:large, max-video-preview:-1\" \/>\n<link rel=\"canonical\" href=\"https:\/\/fjala.info\/2009-2015\/qeni-im-jessy\/\" \/>\n<meta property=\"og:locale\" content=\"sq_AL\" \/>\n<meta property=\"og:type\" content=\"article\" \/>\n<meta property=\"og:title\" content=\"Qeni im Jessy - FjALA e LIR\u00cb - Arkivi\" \/>\n<meta property=\"og:description\" content=\"Arjan Th. Kall\u00e7o Prej koh\u00ebsh kisha d\u00ebshir\u00eb t\u00eb kisha n\u00eb sht\u00ebpi nj\u00eb qenush, jo p\u00ebr t\u00eb ndjekur nj\u00eb lloj mode q\u00eb plasi pas viteve \u201990, njer\u00ebzit ecnin me qen t\u00eb lidhur me nj\u00eb zinxhirr t\u00eb shk\u00eblqyesh\u00ebm n\u00ebp\u00ebr rrug\u00eb apo b\u00ebnin xhiron e nat\u00ebs dhe kjo do t\u00eb thoshte se edhe ti po ndiqje gjurm\u00ebt e [&hellip;]\" \/>\n<meta property=\"og:url\" content=\"https:\/\/fjala.info\/2009-2015\/qeni-im-jessy\/\" \/>\n<meta property=\"og:site_name\" content=\"FjALA e LIR\u00cb - Arkivi\" \/>\n<meta property=\"article:published_time\" content=\"2012-03-15T14:48:19+00:00\" \/>\n<meta property=\"og:image\" content=\"http:\/\/www.shkoder.net\/images\/fjala\/2011\/arjan_kallco.jpg\" \/>\n<meta name=\"author\" content=\"admin\" \/>\n<meta name=\"twitter:card\" content=\"summary_large_image\" \/>\n<meta name=\"twitter:label1\" content=\"Written by\" \/>\n\t<meta name=\"twitter:data1\" content=\"admin\" \/>\n\t<meta name=\"twitter:label2\" content=\"Est. reading time\" \/>\n\t<meta name=\"twitter:data2\" content=\"10 minutes\" \/>\n<script type=\"application\/ld+json\" class=\"yoast-schema-graph\">{\"@context\":\"https:\\\/\\\/schema.org\",\"@graph\":[{\"@type\":\"Article\",\"@id\":\"https:\\\/\\\/fjala.info\\\/2009-2015\\\/qeni-im-jessy\\\/#article\",\"isPartOf\":{\"@id\":\"https:\\\/\\\/fjala.info\\\/2009-2015\\\/qeni-im-jessy\\\/\"},\"author\":{\"name\":\"admin\",\"@id\":\"https:\\\/\\\/fjala.info\\\/2009-2015\\\/#\\\/schema\\\/person\\\/3aa1163ef05469c496fc94e77611ada2\"},\"headline\":\"Qeni im Jessy\",\"datePublished\":\"2012-03-15T14:48:19+00:00\",\"mainEntityOfPage\":{\"@id\":\"https:\\\/\\\/fjala.info\\\/2009-2015\\\/qeni-im-jessy\\\/\"},\"wordCount\":2027,\"commentCount\":0,\"publisher\":{\"@id\":\"https:\\\/\\\/fjala.info\\\/2009-2015\\\/#organization\"},\"image\":{\"@id\":\"https:\\\/\\\/fjala.info\\\/2009-2015\\\/qeni-im-jessy\\\/#primaryimage\"},\"thumbnailUrl\":\"http:\\\/\\\/www.shkoder.net\\\/images\\\/fjala\\\/2011\\\/arjan_kallco.jpg\",\"articleSection\":[\"Artikuj\"],\"inLanguage\":\"sq-AL\",\"potentialAction\":[{\"@type\":\"CommentAction\",\"name\":\"Comment\",\"target\":[\"https:\\\/\\\/fjala.info\\\/2009-2015\\\/qeni-im-jessy\\\/#respond\"]}]},{\"@type\":\"WebPage\",\"@id\":\"https:\\\/\\\/fjala.info\\\/2009-2015\\\/qeni-im-jessy\\\/\",\"url\":\"https:\\\/\\\/fjala.info\\\/2009-2015\\\/qeni-im-jessy\\\/\",\"name\":\"Qeni im Jessy - FjALA e LIR\u00cb - Arkivi\",\"isPartOf\":{\"@id\":\"https:\\\/\\\/fjala.info\\\/2009-2015\\\/#website\"},\"primaryImageOfPage\":{\"@id\":\"https:\\\/\\\/fjala.info\\\/2009-2015\\\/qeni-im-jessy\\\/#primaryimage\"},\"image\":{\"@id\":\"https:\\\/\\\/fjala.info\\\/2009-2015\\\/qeni-im-jessy\\\/#primaryimage\"},\"thumbnailUrl\":\"http:\\\/\\\/www.shkoder.net\\\/images\\\/fjala\\\/2011\\\/arjan_kallco.jpg\",\"datePublished\":\"2012-03-15T14:48:19+00:00\",\"breadcrumb\":{\"@id\":\"https:\\\/\\\/fjala.info\\\/2009-2015\\\/qeni-im-jessy\\\/#breadcrumb\"},\"inLanguage\":\"sq-AL\",\"potentialAction\":[{\"@type\":\"ReadAction\",\"target\":[\"https:\\\/\\\/fjala.info\\\/2009-2015\\\/qeni-im-jessy\\\/\"]}]},{\"@type\":\"ImageObject\",\"inLanguage\":\"sq-AL\",\"@id\":\"https:\\\/\\\/fjala.info\\\/2009-2015\\\/qeni-im-jessy\\\/#primaryimage\",\"url\":\"http:\\\/\\\/www.shkoder.net\\\/images\\\/fjala\\\/2011\\\/arjan_kallco.jpg\",\"contentUrl\":\"http:\\\/\\\/www.shkoder.net\\\/images\\\/fjala\\\/2011\\\/arjan_kallco.jpg\"},{\"@type\":\"BreadcrumbList\",\"@id\":\"https:\\\/\\\/fjala.info\\\/2009-2015\\\/qeni-im-jessy\\\/#breadcrumb\",\"itemListElement\":[{\"@type\":\"ListItem\",\"position\":1,\"name\":\"Home\",\"item\":\"https:\\\/\\\/fjala.info\\\/2009-2015\\\/\"},{\"@type\":\"ListItem\",\"position\":2,\"name\":\"Qeni im Jessy\"}]},{\"@type\":\"WebSite\",\"@id\":\"https:\\\/\\\/fjala.info\\\/2009-2015\\\/#website\",\"url\":\"https:\\\/\\\/fjala.info\\\/2009-2015\\\/\",\"name\":\"FjALA e LIR\u00cb - Arkivi\",\"description\":\"Arkivi 2009-2015\",\"publisher\":{\"@id\":\"https:\\\/\\\/fjala.info\\\/2009-2015\\\/#organization\"},\"potentialAction\":[{\"@type\":\"SearchAction\",\"target\":{\"@type\":\"EntryPoint\",\"urlTemplate\":\"https:\\\/\\\/fjala.info\\\/2009-2015\\\/?s={search_term_string}\"},\"query-input\":{\"@type\":\"PropertyValueSpecification\",\"valueRequired\":true,\"valueName\":\"search_term_string\"}}],\"inLanguage\":\"sq-AL\"},{\"@type\":\"Organization\",\"@id\":\"https:\\\/\\\/fjala.info\\\/2009-2015\\\/#organization\",\"name\":\"FjALA e LIR\u00cb - Arkivi\",\"url\":\"https:\\\/\\\/fjala.info\\\/2009-2015\\\/\",\"logo\":{\"@type\":\"ImageObject\",\"inLanguage\":\"sq-AL\",\"@id\":\"https:\\\/\\\/fjala.info\\\/2009-2015\\\/#\\\/schema\\\/logo\\\/image\\\/\",\"url\":\"\",\"contentUrl\":\"\",\"caption\":\"FjALA e LIR\u00cb - Arkivi\"},\"image\":{\"@id\":\"https:\\\/\\\/fjala.info\\\/2009-2015\\\/#\\\/schema\\\/logo\\\/image\\\/\"}},{\"@type\":\"Person\",\"@id\":\"https:\\\/\\\/fjala.info\\\/2009-2015\\\/#\\\/schema\\\/person\\\/3aa1163ef05469c496fc94e77611ada2\",\"name\":\"admin\",\"image\":{\"@type\":\"ImageObject\",\"inLanguage\":\"sq-AL\",\"@id\":\"https:\\\/\\\/fjala.info\\\/2009-2015\\\/wp-content\\\/uploads\\\/2012\\\/02\\\/arben_cokaj-120x150.jpg\",\"url\":\"https:\\\/\\\/fjala.info\\\/2009-2015\\\/wp-content\\\/uploads\\\/2012\\\/02\\\/arben_cokaj-120x150.jpg\",\"contentUrl\":\"https:\\\/\\\/fjala.info\\\/2009-2015\\\/wp-content\\\/uploads\\\/2012\\\/02\\\/arben_cokaj-120x150.jpg\",\"caption\":\"admin\"},\"description\":\"Admin, Fjala e Lir\u00eb\",\"sameAs\":[\"https:\\\/\\\/fjala.info\\\/\"],\"url\":\"https:\\\/\\\/fjala.info\\\/2009-2015\\\/author\\\/admin\\\/\"}]}<\/script>\n<!-- \/ Yoast SEO plugin. -->","yoast_head_json":{"title":"Qeni im Jessy - FjALA e LIR\u00cb - Arkivi","robots":{"index":"index","follow":"follow","max-snippet":"max-snippet:-1","max-image-preview":"max-image-preview:large","max-video-preview":"max-video-preview:-1"},"canonical":"https:\/\/fjala.info\/2009-2015\/qeni-im-jessy\/","og_locale":"sq_AL","og_type":"article","og_title":"Qeni im Jessy - FjALA e LIR\u00cb - Arkivi","og_description":"Arjan Th. Kall\u00e7o Prej koh\u00ebsh kisha d\u00ebshir\u00eb t\u00eb kisha n\u00eb sht\u00ebpi nj\u00eb qenush, jo p\u00ebr t\u00eb ndjekur nj\u00eb lloj mode q\u00eb plasi pas viteve \u201990, njer\u00ebzit ecnin me qen t\u00eb lidhur me nj\u00eb zinxhirr t\u00eb shk\u00eblqyesh\u00ebm n\u00ebp\u00ebr rrug\u00eb apo b\u00ebnin xhiron e nat\u00ebs dhe kjo do t\u00eb thoshte se edhe ti po ndiqje gjurm\u00ebt e [&hellip;]","og_url":"https:\/\/fjala.info\/2009-2015\/qeni-im-jessy\/","og_site_name":"FjALA e LIR\u00cb - Arkivi","article_published_time":"2012-03-15T14:48:19+00:00","og_image":[{"url":"http:\/\/www.shkoder.net\/images\/fjala\/2011\/arjan_kallco.jpg","type":"","width":"","height":""}],"author":"admin","twitter_card":"summary_large_image","twitter_misc":{"Written by":"admin","Est. reading time":"10 minutes"},"schema":{"@context":"https:\/\/schema.org","@graph":[{"@type":"Article","@id":"https:\/\/fjala.info\/2009-2015\/qeni-im-jessy\/#article","isPartOf":{"@id":"https:\/\/fjala.info\/2009-2015\/qeni-im-jessy\/"},"author":{"name":"admin","@id":"https:\/\/fjala.info\/2009-2015\/#\/schema\/person\/3aa1163ef05469c496fc94e77611ada2"},"headline":"Qeni im Jessy","datePublished":"2012-03-15T14:48:19+00:00","mainEntityOfPage":{"@id":"https:\/\/fjala.info\/2009-2015\/qeni-im-jessy\/"},"wordCount":2027,"commentCount":0,"publisher":{"@id":"https:\/\/fjala.info\/2009-2015\/#organization"},"image":{"@id":"https:\/\/fjala.info\/2009-2015\/qeni-im-jessy\/#primaryimage"},"thumbnailUrl":"http:\/\/www.shkoder.net\/images\/fjala\/2011\/arjan_kallco.jpg","articleSection":["Artikuj"],"inLanguage":"sq-AL","potentialAction":[{"@type":"CommentAction","name":"Comment","target":["https:\/\/fjala.info\/2009-2015\/qeni-im-jessy\/#respond"]}]},{"@type":"WebPage","@id":"https:\/\/fjala.info\/2009-2015\/qeni-im-jessy\/","url":"https:\/\/fjala.info\/2009-2015\/qeni-im-jessy\/","name":"Qeni im Jessy - FjALA e LIR\u00cb - Arkivi","isPartOf":{"@id":"https:\/\/fjala.info\/2009-2015\/#website"},"primaryImageOfPage":{"@id":"https:\/\/fjala.info\/2009-2015\/qeni-im-jessy\/#primaryimage"},"image":{"@id":"https:\/\/fjala.info\/2009-2015\/qeni-im-jessy\/#primaryimage"},"thumbnailUrl":"http:\/\/www.shkoder.net\/images\/fjala\/2011\/arjan_kallco.jpg","datePublished":"2012-03-15T14:48:19+00:00","breadcrumb":{"@id":"https:\/\/fjala.info\/2009-2015\/qeni-im-jessy\/#breadcrumb"},"inLanguage":"sq-AL","potentialAction":[{"@type":"ReadAction","target":["https:\/\/fjala.info\/2009-2015\/qeni-im-jessy\/"]}]},{"@type":"ImageObject","inLanguage":"sq-AL","@id":"https:\/\/fjala.info\/2009-2015\/qeni-im-jessy\/#primaryimage","url":"http:\/\/www.shkoder.net\/images\/fjala\/2011\/arjan_kallco.jpg","contentUrl":"http:\/\/www.shkoder.net\/images\/fjala\/2011\/arjan_kallco.jpg"},{"@type":"BreadcrumbList","@id":"https:\/\/fjala.info\/2009-2015\/qeni-im-jessy\/#breadcrumb","itemListElement":[{"@type":"ListItem","position":1,"name":"Home","item":"https:\/\/fjala.info\/2009-2015\/"},{"@type":"ListItem","position":2,"name":"Qeni im Jessy"}]},{"@type":"WebSite","@id":"https:\/\/fjala.info\/2009-2015\/#website","url":"https:\/\/fjala.info\/2009-2015\/","name":"FjALA e LIR\u00cb - Arkivi","description":"Arkivi 2009-2015","publisher":{"@id":"https:\/\/fjala.info\/2009-2015\/#organization"},"potentialAction":[{"@type":"SearchAction","target":{"@type":"EntryPoint","urlTemplate":"https:\/\/fjala.info\/2009-2015\/?s={search_term_string}"},"query-input":{"@type":"PropertyValueSpecification","valueRequired":true,"valueName":"search_term_string"}}],"inLanguage":"sq-AL"},{"@type":"Organization","@id":"https:\/\/fjala.info\/2009-2015\/#organization","name":"FjALA e LIR\u00cb - Arkivi","url":"https:\/\/fjala.info\/2009-2015\/","logo":{"@type":"ImageObject","inLanguage":"sq-AL","@id":"https:\/\/fjala.info\/2009-2015\/#\/schema\/logo\/image\/","url":"","contentUrl":"","caption":"FjALA e LIR\u00cb - Arkivi"},"image":{"@id":"https:\/\/fjala.info\/2009-2015\/#\/schema\/logo\/image\/"}},{"@type":"Person","@id":"https:\/\/fjala.info\/2009-2015\/#\/schema\/person\/3aa1163ef05469c496fc94e77611ada2","name":"admin","image":{"@type":"ImageObject","inLanguage":"sq-AL","@id":"https:\/\/fjala.info\/2009-2015\/wp-content\/uploads\/2012\/02\/arben_cokaj-120x150.jpg","url":"https:\/\/fjala.info\/2009-2015\/wp-content\/uploads\/2012\/02\/arben_cokaj-120x150.jpg","contentUrl":"https:\/\/fjala.info\/2009-2015\/wp-content\/uploads\/2012\/02\/arben_cokaj-120x150.jpg","caption":"admin"},"description":"Admin, Fjala e Lir\u00eb","sameAs":["https:\/\/fjala.info\/"],"url":"https:\/\/fjala.info\/2009-2015\/author\/admin\/"}]}},"_links":{"self":[{"href":"https:\/\/fjala.info\/2009-2015\/wp-json\/wp\/v2\/posts\/2185","targetHints":{"allow":["GET"]}}],"collection":[{"href":"https:\/\/fjala.info\/2009-2015\/wp-json\/wp\/v2\/posts"}],"about":[{"href":"https:\/\/fjala.info\/2009-2015\/wp-json\/wp\/v2\/types\/post"}],"author":[{"embeddable":true,"href":"https:\/\/fjala.info\/2009-2015\/wp-json\/wp\/v2\/users\/1"}],"replies":[{"embeddable":true,"href":"https:\/\/fjala.info\/2009-2015\/wp-json\/wp\/v2\/comments?post=2185"}],"version-history":[{"count":0,"href":"https:\/\/fjala.info\/2009-2015\/wp-json\/wp\/v2\/posts\/2185\/revisions"}],"wp:attachment":[{"href":"https:\/\/fjala.info\/2009-2015\/wp-json\/wp\/v2\/media?parent=2185"}],"wp:term":[{"taxonomy":"category","embeddable":true,"href":"https:\/\/fjala.info\/2009-2015\/wp-json\/wp\/v2\/categories?post=2185"},{"taxonomy":"post_tag","embeddable":true,"href":"https:\/\/fjala.info\/2009-2015\/wp-json\/wp\/v2\/tags?post=2185"}],"curies":[{"name":"wp","href":"https:\/\/api.w.org\/{rel}","templated":true}]}}