{"id":2183,"date":"2010-04-12T23:07:08","date_gmt":"2010-04-12T22:07:08","guid":{"rendered":"http:\/\/fjala.shkoder.net\/?p=2183"},"modified":"2010-04-12T23:07:08","modified_gmt":"2010-04-12T22:07:08","slug":"pas-nje-dekade-rifat-jashari-e-fadil-geci-u-perqafuan-nip-e-daje","status":"publish","type":"post","link":"https:\/\/fjala.info\/2009-2015\/pas-nje-dekade-rifat-jashari-e-fadil-geci-u-perqafuan-nip-e-daje\/","title":{"rendered":"Pas nj\u00eb dekade, Rifat Jashari e Fadil Geci u p\u00ebrqafuan nip e daj\u00eb."},"content":{"rendered":"<p><img decoding=\"async\" style=\"margin-left: 10px; margin-right: 10px; border: 0px;\" src=\"http:\/\/www.shkoder.net\/images\/fjala\/hysen_ibrahimi.jpg\" border=\"0\" alt=\"Hysen Ibrahimi\" width=\"150\" align=\"left\" \/><\/p>\n<p><strong>Hysen Ibrahimi<\/strong><\/p>\n<p>Ky takim n\u00eb mes Bac\u00eb Rifat Jasharit dhe Mr. Fadil Gecit, pasqyron n\u00eb radh\u00eb t\u00eb par\u00eb dashurin\u00eb dhe respektin n\u00eb mes tyre q\u00eb e kan\u00eb, pastaj pasqyrohen lidhjet e tyre t\u00eb m\u00eb hershme familjare dhe ajo e luft\u00ebs q\u00eb gjith\u00ebher\u00eb ishin bashk\u00eb dhe luftuan p\u00ebr nj\u00eb ideal, p\u00ebr nj\u00eb gjuh\u00eb, p\u00ebr nj\u00eb flamur, p\u00ebr nj\u00eb Komb, t\u00eb cilat familje duke e marr funksionin e familjeve patriotike dhe atdhetare, p\u00ebrcaktojn\u00eb kuptim\u00ebsin\u00eb e vlerave t\u00eb ve\u00e7anta dhe t\u00eb t\u00ebr\u00ebsishme gjith\u00ebkomb\u00ebtare.<\/p>\n<p>Moderniteti i jet\u00ebs s\u00eb njeriut t\u00eb sot\u00ebm, sikurse shkruhet edhe n\u00eb shum\u00eb libra historie duhet v\u00ebshtruar se sinqeriteti dashuria nga aspekti farefisnor, po ashtu bashk\u00ebveprues dhe bashk\u00ebluftues, t\u00eb nj\u00eb ideologjie, zbulon shum\u00eb vlera dhe kategori t\u00eb tjera kuptimesh se shpirti nga njeriu yt nuk mund t\u00eb ndahet. Kjo u d\u00ebshmue me rastin e takimit t\u00eb z. Rifat Jashari me dajen e tij Fadil Gecin, m\u00eb 31 mars 2010 pas nj\u00eb dekade. Familjet q\u00eb kan\u00eb n\u00eb gjen shum\u00eb t\u00eb p\u00ebrbashk\u00ebta me nj\u00ebra tjetr\u00ebn, ato sot, nes\u00ebr apo pasnes\u00ebr e gjejn\u00eb rrug\u00ebn e bashkimit dhe nuk ka forc\u00eb q\u00eb mund ti ndaj.<\/p>\n<p style=\"text-align: center;\"><img decoding=\"async\" style=\"margin-left: 10px; margin-right: 10px; border: 0px;\" src=\"http:\/\/www.shkoder.net\/images\/fjala\/2010\/rifat_jashari_fadil_geci.jpg\" border=\"0\" alt=\"Rifat Jashari me dajen e tij Fadil Geci\" width=\"450\" \/><\/p>\n<p>Vjen ky bashkim sepse natyrsh\u00ebm g\u00ebrshetohet e zakonshmja me t\u00eb madh\u00ebrishm\u00ebn dhe ndahet p\u00ebrfundimisht me iden\u00eb e s\u00eb kaluar\u00ebs duke hidhur nj\u00eb drit\u00eb p\u00ebr t\u00eb sotmen dhe t\u00eb ardhmen.<\/p>\n<p>Ky boshll\u00ebk i munges\u00ebs s\u00eb plot\u00ebsis\u00eb shpirt\u00ebrore p\u00ebr afro nj\u00eb dekad\u00eb p\u00ebr tu takuar dhe \u00e7mall\u00eb, p\u00ebrb\u00ebn nj\u00eb ngjarje t\u00eb madhe dhe tejet t\u00eb r\u00ebnd\u00ebsishme kur takimi i Jasharajve Bac\u00eb Rifat Jashari dhe nipi i Bajraktarit t\u00eb Llaush\u00ebs Mr. Fadil Geci, zbulon shum\u00eb ide kuptimesh, n\u00eb radh\u00eb t\u00eb pare ate familjare duke e ditur se Adem, Hamz\u00eb e Rifat Jashari jan\u00eb nipa t\u00eb Gec\u00ebve t\u00eb Llaush\u00ebs n\u00eb shoq\u00ebrim t\u00eb Prof. Osman Ahmetgjekaj, njeriu m\u00eb meritor i aktivitetit gjith\u00ebkomb\u00ebtar n\u00eb Suedi, q\u00eb tani ka miq\u00ebsi me Prekaz dhe nj\u00ebherit zv\/Kryetar i Lidhjes Demokratike t\u00eb Dardanis\u00eb \u2013 Dega n\u00eb Suedi.<\/p>\n<p style=\"text-align: center;\"><img decoding=\"async\" style=\"margin-left: 10px; margin-right: 10px; border: 0px;\" src=\"http:\/\/www.shkoder.net\/images\/fjala\/2010\/rifat_jashari_fadil_geci1.jpg\" border=\"0\" alt=\"Rifat Jashari me dajen e tij Fadil Geci\" width=\"450\" \/><\/p>\n<p>Duhet t\u00eb dihet fare mir\u00eb se takimi i familjeve t\u00eb m\u00ebdha siq jan\u00eb ajo e Jasharajve dhe e Gecajve, gjith\u00ebher\u00eb i ka lidhur arsyeja e \u00e7\u00ebshjes komb\u00ebtare si n\u00eb luft\u00eb ashtu dhe n\u00eb liri e po ashtu edhe p\u00ebr nevoja shoq\u00ebrore, t\u00eb cilat i ka k\u00ebrkuar koha dhe momenti. K\u00ebtu p\u00ebr fat t\u00eb mir\u00eb q\u00ebndron vlera dhe tiparet e k\u00ebtyre dy familjeve sepse n\u00eb vler\u00ebn e p\u00ebrgjithshme komb\u00ebtare t\u00eb tyre ndikojn\u00eb n\u00eb afrimin dhe bashkimin e frymave t\u00eb djathta patriotike shqiptare n\u00eb t\u00ebr\u00eb rajonin e Drenic\u00ebs e t\u00eb t\u00ebr\u00eb Kosov\u00ebs.<\/p>\n<p>Duke dashur q\u00eb p\u00ebrmes k\u00ebtij takimi q\u00eb reflekton unitet dhe bashkim e q\u00eb n\u00eb vetvete ka nj\u00eb mesazhi q\u00eb ta b\u00ebj\u00eb sa m\u00eb z\u00ebsh\u00ebm, sa m\u00eb veprues dhe sa m\u00eb dinamik duke i p\u00ebrfill\u00eb k\u00ebrkesat e popullit p\u00ebr jet\u00eb m\u00eb t\u00eb mire, m\u00eb t\u00eb begat\u00eb ngase n\u00eb shum\u00eb familje shqiptare t\u00eb Drenic\u00ebs dhe Kosov\u00ebs kan\u00eb hasur n\u00eb varf\u00ebri dhe skamje t\u00eb pa p\u00ebrballueshme.<\/p>\n<p style=\"text-align: center;\"><img decoding=\"async\" style=\"margin-left: 10px; margin-right: 10px; border: 0px;\" src=\"http:\/\/www.shkoder.net\/images\/fjala\/2010\/rifat_jashari_fadil_geci2.jpg\" border=\"0\" alt=\"Rifat Jashari me dajen e tij Fadil Geci\" width=\"450\" \/><\/p>\n<p>Takime t\u00eb tilla ng\u00ebrthejn\u00eb n\u00eb vete gjithnj\u00eb e m\u00eb shum\u00eb paknaq\u00ebsi duke e pa popullin me vuajtjet e tij, duke u vorfnue me nj\u00eb mjerim tejet t\u00eb v\u00ebshtir\u00eb, e q\u00eb tek familjet Jashari e Gecaj sjellin padyshim stres\u00ebzimin emocional t\u00eb k\u00ebsaj gjendje n\u00eb t\u00eb cil\u00ebn po kalon Kosova.<\/p>\n<p>Shtrohet pyetja se a mund ti p\u00ebrballojn\u00eb k\u00ebto dy familje q\u00ebndrimeve qeveritare dhe subjekteve politike ndaj situatave qofshin politike apo ekonomike q\u00eb bien ndesh\u00eb me k\u00ebrkesat e popullit dhe realitetit?! JO, dhe JO e madhe! Njer\u00ebzit e guximshem t\u00eb till\u00eb siq jan\u00eb t\u00eb familjeve Jasharaj dhe Gecaj, duhet t\u00eb dalin dhe t\u00eb flasin t\u00eb v\u00ebrteten dhe vet\u00ebm t\u00eb v\u00ebrteten. Ndon\u00ebse atdhetarit dhe familjeve t\u00eb d\u00ebshmor\u00ebve nuk u mohohet e drejta p\u00ebr shtrimin e problemeve t\u00eb qytetar\u00ebve t\u00eb Drenic\u00ebs dhe Kosov\u00ebs mbi problemet q\u00eb d.m.th. t\u00eb ngrit\u00eb z\u00ebrin p\u00ebr padrejt\u00ebsit e tyre.<\/p>\n<p>Q\u00ebllimi i takimeve si t\u00eb atyre t\u00eb m\u00eb hershme, ato t\u00eb sotmes dhe t\u00eb ardhmes jan\u00eb d\u00ebshmi q\u00eb d\u00ebshmojn\u00eb realitetin e modifikimit t\u00eb t\u00eb folurit me gjuh\u00eb t\u00eb njejt\u00eb komb\u00ebtare dhe gjith\u00ebher\u00eb t\u00eb bashkuar sa her\u00eb q\u00eb e k\u00ebrkon nevoja si preokupim p\u00ebr vepra t\u00eb reja me interes t\u00eb p\u00ebrparimit dhe zhvillimit t\u00eb vendit ton\u00eb Republik\u00ebn e Kosov\u00ebs.<\/p>\n<p>Ky takim n\u00eb mes Bac\u00eb Rifat Jasharit dhe Mr. Fadil Gecit, pasqyron n\u00eb radh\u00eb t\u00eb par\u00eb dashurin\u00eb dhe respektin n\u00eb mes tyre q\u00eb e kan\u00eb, pastaj pasqyrohen lidhjet e tyre t\u00eb m\u00eb hershme familjare dhe ajo e luft\u00ebs q\u00eb gjith\u00ebher\u00eb ishin bashk\u00eb dhe luftuan p\u00ebr nj\u00eb ideal, p\u00ebr nj\u00eb gjuh\u00eb, p\u00ebr nj\u00eb flamur, p\u00ebr nj\u00eb Komb, t\u00eb cilat familje duke e marr funksionin e familjeve patriotike dhe atdhetare, p\u00ebrcaktojn\u00eb kuptim\u00ebsin\u00eb e vlerave t\u00eb ve\u00e7anta dhe t\u00eb t\u00ebr\u00ebsishme gjith\u00ebkomb\u00ebtare.<\/p>\n<p><strong>ZOTI I BEKOFT K\u00cbTO FAMILJE, SI JASHARI, GECI DHE AHMETGJEKAJ<\/strong>.<\/p>\n<p><em>Lidhja Demokratike e Dardanis\u00eb \u2013 Dega n\u00eb Suedi,<br \/>\n<\/em><strong>Hysen Ibrahimi<\/strong>, <em>Kryetar<\/em>.<\/p>\n","protected":false},"excerpt":{"rendered":"<p>Hysen Ibrahimi Ky takim n\u00eb mes Bac\u00eb Rifat Jasharit dhe Mr. Fadil Gecit, pasqyron n\u00eb radh\u00eb t\u00eb par\u00eb dashurin\u00eb dhe respektin n\u00eb mes tyre q\u00eb e kan\u00eb, pastaj pasqyrohen lidhjet e tyre t\u00eb m\u00eb hershme familjare dhe ajo e luft\u00ebs q\u00eb gjith\u00ebher\u00eb ishin bashk\u00eb dhe luftuan p\u00ebr nj\u00eb ideal, p\u00ebr nj\u00eb gjuh\u00eb, p\u00ebr nj\u00eb flamur, [&hellip;]<\/p>\n","protected":false},"author":1,"featured_media":0,"comment_status":"open","ping_status":"closed","sticky":false,"template":"","format":"standard","meta":{"footnotes":""},"categories":[2],"tags":[],"class_list":{"0":"post-2183","1":"post","2":"type-post","3":"status-publish","4":"format-standard","6":"category-artikuj"},"yoast_head":"<!-- This site is optimized with the Yoast SEO plugin v27.4 - https:\/\/yoast.com\/product\/yoast-seo-wordpress\/ -->\n<title>Pas nj\u00eb dekade, Rifat Jashari e Fadil Geci u p\u00ebrqafuan nip e daj\u00eb. - FjALA e LIR\u00cb - Arkivi<\/title>\n<meta name=\"robots\" content=\"index, follow, max-snippet:-1, max-image-preview:large, max-video-preview:-1\" \/>\n<link rel=\"canonical\" href=\"https:\/\/fjala.info\/2009-2015\/pas-nje-dekade-rifat-jashari-e-fadil-geci-u-perqafuan-nip-e-daje\/\" \/>\n<meta property=\"og:locale\" content=\"sq_AL\" \/>\n<meta property=\"og:type\" content=\"article\" \/>\n<meta property=\"og:title\" content=\"Pas nj\u00eb dekade, Rifat Jashari e Fadil Geci u p\u00ebrqafuan nip e daj\u00eb. - FjALA e LIR\u00cb - Arkivi\" \/>\n<meta property=\"og:description\" content=\"Hysen Ibrahimi Ky takim n\u00eb mes Bac\u00eb Rifat Jasharit dhe Mr. Fadil Gecit, pasqyron n\u00eb radh\u00eb t\u00eb par\u00eb dashurin\u00eb dhe respektin n\u00eb mes tyre q\u00eb e kan\u00eb, pastaj pasqyrohen lidhjet e tyre t\u00eb m\u00eb hershme familjare dhe ajo e luft\u00ebs q\u00eb gjith\u00ebher\u00eb ishin bashk\u00eb dhe luftuan p\u00ebr nj\u00eb ideal, p\u00ebr nj\u00eb gjuh\u00eb, p\u00ebr nj\u00eb flamur, [&hellip;]\" \/>\n<meta property=\"og:url\" content=\"https:\/\/fjala.info\/2009-2015\/pas-nje-dekade-rifat-jashari-e-fadil-geci-u-perqafuan-nip-e-daje\/\" \/>\n<meta property=\"og:site_name\" content=\"FjALA e LIR\u00cb - Arkivi\" \/>\n<meta property=\"article:published_time\" content=\"2010-04-12T22:07:08+00:00\" \/>\n<meta property=\"og:image\" content=\"http:\/\/www.shkoder.net\/images\/fjala\/hysen_ibrahimi.jpg\" \/>\n<meta name=\"author\" content=\"admin\" \/>\n<meta name=\"twitter:card\" content=\"summary_large_image\" \/>\n<meta name=\"twitter:label1\" content=\"Written by\" \/>\n\t<meta name=\"twitter:data1\" content=\"admin\" \/>\n\t<meta name=\"twitter:label2\" content=\"Est. reading time\" \/>\n\t<meta name=\"twitter:data2\" content=\"4 minutes\" \/>\n<script type=\"application\/ld+json\" class=\"yoast-schema-graph\">{\"@context\":\"https:\\\/\\\/schema.org\",\"@graph\":[{\"@type\":\"Article\",\"@id\":\"https:\\\/\\\/fjala.info\\\/2009-2015\\\/pas-nje-dekade-rifat-jashari-e-fadil-geci-u-perqafuan-nip-e-daje\\\/#article\",\"isPartOf\":{\"@id\":\"https:\\\/\\\/fjala.info\\\/2009-2015\\\/pas-nje-dekade-rifat-jashari-e-fadil-geci-u-perqafuan-nip-e-daje\\\/\"},\"author\":{\"name\":\"admin\",\"@id\":\"https:\\\/\\\/fjala.info\\\/2009-2015\\\/#\\\/schema\\\/person\\\/3aa1163ef05469c496fc94e77611ada2\"},\"headline\":\"Pas nj\u00eb dekade, Rifat Jashari e Fadil Geci u p\u00ebrqafuan nip e daj\u00eb.\",\"datePublished\":\"2010-04-12T22:07:08+00:00\",\"mainEntityOfPage\":{\"@id\":\"https:\\\/\\\/fjala.info\\\/2009-2015\\\/pas-nje-dekade-rifat-jashari-e-fadil-geci-u-perqafuan-nip-e-daje\\\/\"},\"wordCount\":897,\"commentCount\":1,\"publisher\":{\"@id\":\"https:\\\/\\\/fjala.info\\\/2009-2015\\\/#organization\"},\"image\":{\"@id\":\"https:\\\/\\\/fjala.info\\\/2009-2015\\\/pas-nje-dekade-rifat-jashari-e-fadil-geci-u-perqafuan-nip-e-daje\\\/#primaryimage\"},\"thumbnailUrl\":\"http:\\\/\\\/www.shkoder.net\\\/images\\\/fjala\\\/hysen_ibrahimi.jpg\",\"articleSection\":[\"Artikuj\"],\"inLanguage\":\"sq-AL\",\"potentialAction\":[{\"@type\":\"CommentAction\",\"name\":\"Comment\",\"target\":[\"https:\\\/\\\/fjala.info\\\/2009-2015\\\/pas-nje-dekade-rifat-jashari-e-fadil-geci-u-perqafuan-nip-e-daje\\\/#respond\"]}]},{\"@type\":\"WebPage\",\"@id\":\"https:\\\/\\\/fjala.info\\\/2009-2015\\\/pas-nje-dekade-rifat-jashari-e-fadil-geci-u-perqafuan-nip-e-daje\\\/\",\"url\":\"https:\\\/\\\/fjala.info\\\/2009-2015\\\/pas-nje-dekade-rifat-jashari-e-fadil-geci-u-perqafuan-nip-e-daje\\\/\",\"name\":\"Pas nj\u00eb dekade, Rifat Jashari e Fadil Geci u p\u00ebrqafuan nip e daj\u00eb. - FjALA e LIR\u00cb - Arkivi\",\"isPartOf\":{\"@id\":\"https:\\\/\\\/fjala.info\\\/2009-2015\\\/#website\"},\"primaryImageOfPage\":{\"@id\":\"https:\\\/\\\/fjala.info\\\/2009-2015\\\/pas-nje-dekade-rifat-jashari-e-fadil-geci-u-perqafuan-nip-e-daje\\\/#primaryimage\"},\"image\":{\"@id\":\"https:\\\/\\\/fjala.info\\\/2009-2015\\\/pas-nje-dekade-rifat-jashari-e-fadil-geci-u-perqafuan-nip-e-daje\\\/#primaryimage\"},\"thumbnailUrl\":\"http:\\\/\\\/www.shkoder.net\\\/images\\\/fjala\\\/hysen_ibrahimi.jpg\",\"datePublished\":\"2010-04-12T22:07:08+00:00\",\"breadcrumb\":{\"@id\":\"https:\\\/\\\/fjala.info\\\/2009-2015\\\/pas-nje-dekade-rifat-jashari-e-fadil-geci-u-perqafuan-nip-e-daje\\\/#breadcrumb\"},\"inLanguage\":\"sq-AL\",\"potentialAction\":[{\"@type\":\"ReadAction\",\"target\":[\"https:\\\/\\\/fjala.info\\\/2009-2015\\\/pas-nje-dekade-rifat-jashari-e-fadil-geci-u-perqafuan-nip-e-daje\\\/\"]}]},{\"@type\":\"ImageObject\",\"inLanguage\":\"sq-AL\",\"@id\":\"https:\\\/\\\/fjala.info\\\/2009-2015\\\/pas-nje-dekade-rifat-jashari-e-fadil-geci-u-perqafuan-nip-e-daje\\\/#primaryimage\",\"url\":\"http:\\\/\\\/www.shkoder.net\\\/images\\\/fjala\\\/hysen_ibrahimi.jpg\",\"contentUrl\":\"http:\\\/\\\/www.shkoder.net\\\/images\\\/fjala\\\/hysen_ibrahimi.jpg\"},{\"@type\":\"BreadcrumbList\",\"@id\":\"https:\\\/\\\/fjala.info\\\/2009-2015\\\/pas-nje-dekade-rifat-jashari-e-fadil-geci-u-perqafuan-nip-e-daje\\\/#breadcrumb\",\"itemListElement\":[{\"@type\":\"ListItem\",\"position\":1,\"name\":\"Home\",\"item\":\"https:\\\/\\\/fjala.info\\\/2009-2015\\\/\"},{\"@type\":\"ListItem\",\"position\":2,\"name\":\"Pas nj\u00eb dekade, Rifat Jashari e Fadil Geci u p\u00ebrqafuan nip e daj\u00eb.\"}]},{\"@type\":\"WebSite\",\"@id\":\"https:\\\/\\\/fjala.info\\\/2009-2015\\\/#website\",\"url\":\"https:\\\/\\\/fjala.info\\\/2009-2015\\\/\",\"name\":\"FjALA e LIR\u00cb - Arkivi\",\"description\":\"Arkivi 2009-2015\",\"publisher\":{\"@id\":\"https:\\\/\\\/fjala.info\\\/2009-2015\\\/#organization\"},\"potentialAction\":[{\"@type\":\"SearchAction\",\"target\":{\"@type\":\"EntryPoint\",\"urlTemplate\":\"https:\\\/\\\/fjala.info\\\/2009-2015\\\/?s={search_term_string}\"},\"query-input\":{\"@type\":\"PropertyValueSpecification\",\"valueRequired\":true,\"valueName\":\"search_term_string\"}}],\"inLanguage\":\"sq-AL\"},{\"@type\":\"Organization\",\"@id\":\"https:\\\/\\\/fjala.info\\\/2009-2015\\\/#organization\",\"name\":\"FjALA e LIR\u00cb - Arkivi\",\"url\":\"https:\\\/\\\/fjala.info\\\/2009-2015\\\/\",\"logo\":{\"@type\":\"ImageObject\",\"inLanguage\":\"sq-AL\",\"@id\":\"https:\\\/\\\/fjala.info\\\/2009-2015\\\/#\\\/schema\\\/logo\\\/image\\\/\",\"url\":\"\",\"contentUrl\":\"\",\"caption\":\"FjALA e LIR\u00cb - Arkivi\"},\"image\":{\"@id\":\"https:\\\/\\\/fjala.info\\\/2009-2015\\\/#\\\/schema\\\/logo\\\/image\\\/\"}},{\"@type\":\"Person\",\"@id\":\"https:\\\/\\\/fjala.info\\\/2009-2015\\\/#\\\/schema\\\/person\\\/3aa1163ef05469c496fc94e77611ada2\",\"name\":\"admin\",\"image\":{\"@type\":\"ImageObject\",\"inLanguage\":\"sq-AL\",\"@id\":\"https:\\\/\\\/fjala.info\\\/2009-2015\\\/wp-content\\\/uploads\\\/2012\\\/02\\\/arben_cokaj-120x150.jpg\",\"url\":\"https:\\\/\\\/fjala.info\\\/2009-2015\\\/wp-content\\\/uploads\\\/2012\\\/02\\\/arben_cokaj-120x150.jpg\",\"contentUrl\":\"https:\\\/\\\/fjala.info\\\/2009-2015\\\/wp-content\\\/uploads\\\/2012\\\/02\\\/arben_cokaj-120x150.jpg\",\"caption\":\"admin\"},\"description\":\"Admin, Fjala e Lir\u00eb\",\"sameAs\":[\"https:\\\/\\\/fjala.info\\\/\"],\"url\":\"https:\\\/\\\/fjala.info\\\/2009-2015\\\/author\\\/admin\\\/\"}]}<\/script>\n<!-- \/ Yoast SEO plugin. -->","yoast_head_json":{"title":"Pas nj\u00eb dekade, Rifat Jashari e Fadil Geci u p\u00ebrqafuan nip e daj\u00eb. - FjALA e LIR\u00cb - Arkivi","robots":{"index":"index","follow":"follow","max-snippet":"max-snippet:-1","max-image-preview":"max-image-preview:large","max-video-preview":"max-video-preview:-1"},"canonical":"https:\/\/fjala.info\/2009-2015\/pas-nje-dekade-rifat-jashari-e-fadil-geci-u-perqafuan-nip-e-daje\/","og_locale":"sq_AL","og_type":"article","og_title":"Pas nj\u00eb dekade, Rifat Jashari e Fadil Geci u p\u00ebrqafuan nip e daj\u00eb. - FjALA e LIR\u00cb - Arkivi","og_description":"Hysen Ibrahimi Ky takim n\u00eb mes Bac\u00eb Rifat Jasharit dhe Mr. Fadil Gecit, pasqyron n\u00eb radh\u00eb t\u00eb par\u00eb dashurin\u00eb dhe respektin n\u00eb mes tyre q\u00eb e kan\u00eb, pastaj pasqyrohen lidhjet e tyre t\u00eb m\u00eb hershme familjare dhe ajo e luft\u00ebs q\u00eb gjith\u00ebher\u00eb ishin bashk\u00eb dhe luftuan p\u00ebr nj\u00eb ideal, p\u00ebr nj\u00eb gjuh\u00eb, p\u00ebr nj\u00eb flamur, [&hellip;]","og_url":"https:\/\/fjala.info\/2009-2015\/pas-nje-dekade-rifat-jashari-e-fadil-geci-u-perqafuan-nip-e-daje\/","og_site_name":"FjALA e LIR\u00cb - Arkivi","article_published_time":"2010-04-12T22:07:08+00:00","og_image":[{"url":"http:\/\/www.shkoder.net\/images\/fjala\/hysen_ibrahimi.jpg","type":"","width":"","height":""}],"author":"admin","twitter_card":"summary_large_image","twitter_misc":{"Written by":"admin","Est. reading time":"4 minutes"},"schema":{"@context":"https:\/\/schema.org","@graph":[{"@type":"Article","@id":"https:\/\/fjala.info\/2009-2015\/pas-nje-dekade-rifat-jashari-e-fadil-geci-u-perqafuan-nip-e-daje\/#article","isPartOf":{"@id":"https:\/\/fjala.info\/2009-2015\/pas-nje-dekade-rifat-jashari-e-fadil-geci-u-perqafuan-nip-e-daje\/"},"author":{"name":"admin","@id":"https:\/\/fjala.info\/2009-2015\/#\/schema\/person\/3aa1163ef05469c496fc94e77611ada2"},"headline":"Pas nj\u00eb dekade, Rifat Jashari e Fadil Geci u p\u00ebrqafuan nip e daj\u00eb.","datePublished":"2010-04-12T22:07:08+00:00","mainEntityOfPage":{"@id":"https:\/\/fjala.info\/2009-2015\/pas-nje-dekade-rifat-jashari-e-fadil-geci-u-perqafuan-nip-e-daje\/"},"wordCount":897,"commentCount":1,"publisher":{"@id":"https:\/\/fjala.info\/2009-2015\/#organization"},"image":{"@id":"https:\/\/fjala.info\/2009-2015\/pas-nje-dekade-rifat-jashari-e-fadil-geci-u-perqafuan-nip-e-daje\/#primaryimage"},"thumbnailUrl":"http:\/\/www.shkoder.net\/images\/fjala\/hysen_ibrahimi.jpg","articleSection":["Artikuj"],"inLanguage":"sq-AL","potentialAction":[{"@type":"CommentAction","name":"Comment","target":["https:\/\/fjala.info\/2009-2015\/pas-nje-dekade-rifat-jashari-e-fadil-geci-u-perqafuan-nip-e-daje\/#respond"]}]},{"@type":"WebPage","@id":"https:\/\/fjala.info\/2009-2015\/pas-nje-dekade-rifat-jashari-e-fadil-geci-u-perqafuan-nip-e-daje\/","url":"https:\/\/fjala.info\/2009-2015\/pas-nje-dekade-rifat-jashari-e-fadil-geci-u-perqafuan-nip-e-daje\/","name":"Pas nj\u00eb dekade, Rifat Jashari e Fadil Geci u p\u00ebrqafuan nip e daj\u00eb. - FjALA e LIR\u00cb - Arkivi","isPartOf":{"@id":"https:\/\/fjala.info\/2009-2015\/#website"},"primaryImageOfPage":{"@id":"https:\/\/fjala.info\/2009-2015\/pas-nje-dekade-rifat-jashari-e-fadil-geci-u-perqafuan-nip-e-daje\/#primaryimage"},"image":{"@id":"https:\/\/fjala.info\/2009-2015\/pas-nje-dekade-rifat-jashari-e-fadil-geci-u-perqafuan-nip-e-daje\/#primaryimage"},"thumbnailUrl":"http:\/\/www.shkoder.net\/images\/fjala\/hysen_ibrahimi.jpg","datePublished":"2010-04-12T22:07:08+00:00","breadcrumb":{"@id":"https:\/\/fjala.info\/2009-2015\/pas-nje-dekade-rifat-jashari-e-fadil-geci-u-perqafuan-nip-e-daje\/#breadcrumb"},"inLanguage":"sq-AL","potentialAction":[{"@type":"ReadAction","target":["https:\/\/fjala.info\/2009-2015\/pas-nje-dekade-rifat-jashari-e-fadil-geci-u-perqafuan-nip-e-daje\/"]}]},{"@type":"ImageObject","inLanguage":"sq-AL","@id":"https:\/\/fjala.info\/2009-2015\/pas-nje-dekade-rifat-jashari-e-fadil-geci-u-perqafuan-nip-e-daje\/#primaryimage","url":"http:\/\/www.shkoder.net\/images\/fjala\/hysen_ibrahimi.jpg","contentUrl":"http:\/\/www.shkoder.net\/images\/fjala\/hysen_ibrahimi.jpg"},{"@type":"BreadcrumbList","@id":"https:\/\/fjala.info\/2009-2015\/pas-nje-dekade-rifat-jashari-e-fadil-geci-u-perqafuan-nip-e-daje\/#breadcrumb","itemListElement":[{"@type":"ListItem","position":1,"name":"Home","item":"https:\/\/fjala.info\/2009-2015\/"},{"@type":"ListItem","position":2,"name":"Pas nj\u00eb dekade, Rifat Jashari e Fadil Geci u p\u00ebrqafuan nip e daj\u00eb."}]},{"@type":"WebSite","@id":"https:\/\/fjala.info\/2009-2015\/#website","url":"https:\/\/fjala.info\/2009-2015\/","name":"FjALA e LIR\u00cb - Arkivi","description":"Arkivi 2009-2015","publisher":{"@id":"https:\/\/fjala.info\/2009-2015\/#organization"},"potentialAction":[{"@type":"SearchAction","target":{"@type":"EntryPoint","urlTemplate":"https:\/\/fjala.info\/2009-2015\/?s={search_term_string}"},"query-input":{"@type":"PropertyValueSpecification","valueRequired":true,"valueName":"search_term_string"}}],"inLanguage":"sq-AL"},{"@type":"Organization","@id":"https:\/\/fjala.info\/2009-2015\/#organization","name":"FjALA e LIR\u00cb - Arkivi","url":"https:\/\/fjala.info\/2009-2015\/","logo":{"@type":"ImageObject","inLanguage":"sq-AL","@id":"https:\/\/fjala.info\/2009-2015\/#\/schema\/logo\/image\/","url":"","contentUrl":"","caption":"FjALA e LIR\u00cb - Arkivi"},"image":{"@id":"https:\/\/fjala.info\/2009-2015\/#\/schema\/logo\/image\/"}},{"@type":"Person","@id":"https:\/\/fjala.info\/2009-2015\/#\/schema\/person\/3aa1163ef05469c496fc94e77611ada2","name":"admin","image":{"@type":"ImageObject","inLanguage":"sq-AL","@id":"https:\/\/fjala.info\/2009-2015\/wp-content\/uploads\/2012\/02\/arben_cokaj-120x150.jpg","url":"https:\/\/fjala.info\/2009-2015\/wp-content\/uploads\/2012\/02\/arben_cokaj-120x150.jpg","contentUrl":"https:\/\/fjala.info\/2009-2015\/wp-content\/uploads\/2012\/02\/arben_cokaj-120x150.jpg","caption":"admin"},"description":"Admin, Fjala e Lir\u00eb","sameAs":["https:\/\/fjala.info\/"],"url":"https:\/\/fjala.info\/2009-2015\/author\/admin\/"}]}},"_links":{"self":[{"href":"https:\/\/fjala.info\/2009-2015\/wp-json\/wp\/v2\/posts\/2183","targetHints":{"allow":["GET"]}}],"collection":[{"href":"https:\/\/fjala.info\/2009-2015\/wp-json\/wp\/v2\/posts"}],"about":[{"href":"https:\/\/fjala.info\/2009-2015\/wp-json\/wp\/v2\/types\/post"}],"author":[{"embeddable":true,"href":"https:\/\/fjala.info\/2009-2015\/wp-json\/wp\/v2\/users\/1"}],"replies":[{"embeddable":true,"href":"https:\/\/fjala.info\/2009-2015\/wp-json\/wp\/v2\/comments?post=2183"}],"version-history":[{"count":0,"href":"https:\/\/fjala.info\/2009-2015\/wp-json\/wp\/v2\/posts\/2183\/revisions"}],"wp:attachment":[{"href":"https:\/\/fjala.info\/2009-2015\/wp-json\/wp\/v2\/media?parent=2183"}],"wp:term":[{"taxonomy":"category","embeddable":true,"href":"https:\/\/fjala.info\/2009-2015\/wp-json\/wp\/v2\/categories?post=2183"},{"taxonomy":"post_tag","embeddable":true,"href":"https:\/\/fjala.info\/2009-2015\/wp-json\/wp\/v2\/tags?post=2183"}],"curies":[{"name":"wp","href":"https:\/\/api.w.org\/{rel}","templated":true}]}}