{"id":2181,"date":"2010-04-11T21:02:52","date_gmt":"2010-04-11T20:02:52","guid":{"rendered":"http:\/\/fjala.shkoder.net\/?p=2181"},"modified":"2010-04-11T21:02:52","modified_gmt":"2010-04-11T20:02:52","slug":"plaka-e-lyeme","status":"publish","type":"post","link":"https:\/\/fjala.info\/2009-2015\/plaka-e-lyeme\/","title":{"rendered":"PLAKA E LYEME"},"content":{"rendered":"<p><img decoding=\"async\" style=\"margin-left: 10px; margin-right: 10px; border: 0px;\" src=\"http:\/\/www.shkoder.net\/images\/fjala\/bekim_rexhepi.jpg\" border=\"0\" alt=\"Bekim Rexhepi\" width=\"100\" align=\"right\" \/><\/p>\n<p><strong>Bekim Rexhepi<\/strong><\/p>\n<p><em>18% t\u00eb territorit t\u00eb Kosov\u00ebs edhe pse me pavar\u00ebsi dhe shtet, po mbahen t\u00eb okupuara nga disa banda minore t\u00eb serbeve kriminel, t\u00eb menaxhuar nga sigurimi serb i shtetit t\u00eb Serbis\u00eb&#8230; K\u00ebt\u00eb mani e sheh edhe bota, por bota s&#8217;ka pse t\u00eb marr\u00eb \u00e7udi t\u00eb madhe, p\u00ebrderisa ne nuk e b\u00ebjm\u00eb transparenc\u00ebn ton\u00eb t\u00eb shqet\u00ebsimit. M\u00ebnyra e t\u00eb vepruarit politik, mbase po denigron deri n\u00eb dinjitet kulturor, politik e komb\u00ebtar, duke krijuar situata nonsensi edhe p\u00ebr vet qytetarin. <\/em><\/p>\n<p>Duket se formatizimi i Qeveris\u00eb s\u00eb Kosov\u00ebs m\u00eb shum\u00eb t\u00eb ngjan\u00eb me vesin e s\u00ebmur, t\u00eb plak\u00ebs q\u00eb p\u00ebrpiqet t\u00eb duket me lymje e re, duke mos p\u00ebrfill\u00eb realitetin e dok\u00ebs. Sido q\u00eb t\u00eb jet\u00eb zgjidhja e plak\u00ebs, na mbetet ta shohim edhe k\u00ebt\u00eb loj\u00eb marifeti deri diku apo me fund jo p\u00ebrtej parashikimeve tona!&#8230;<\/p>\n<p>Qe prej kohesh jem b\u00ebr\u00eb t\u00eb pa rehatsh\u00ebm me qeverin\u00eb e pavar\u00ebsis\u00eb, e cila pos se ka pasur fatin e saj n\u00eb k\u00ebt\u00eb shpallje, nuk na ka dh\u00ebn\u00eb dashurin e domosdoshme t\u00eb pavar\u00ebsis\u00eb. Pavar\u00ebsia e till\u00eb, m\u00eb shum\u00eb duket si nj\u00eb emblem\u00eb &#8220;shtet&#8221; se sa shteti vet, gati n\u00eb t\u00eb gjitha rastet kapet mend\u00ebsisht vet\u00ebm nga pushtetet politike dhe madje duke i afirmuar ve\u00e7se interesat e tyre personale. Pavar\u00ebsia dhe shteti i ri i Kosov\u00ebs, e shohim sikur i jan\u00eb shk\u00ebputur qytetarit t\u00eb saj.<\/p>\n<p>Madje qytetari harron mbrojtjen e vet legale pran\u00eb k\u00ebti shteti, dhe para tribunaleve t\u00eb ndryshme dhe t\u00eb komploteve nd\u00ebrkomb\u00ebtare, q\u00eb i b\u00ebhen liris\u00eb dhe qytetarit (shqiptar) n\u00eb ve\u00e7anti. Kosova duket si nj\u00eb shtet i krijuar p\u00ebr inat t\u00eb vjehrr\u00ebs, ne mos ndryshe rregullat p\u00ebr k\u00ebt\u00eb shtet do ti qart\u00ebsonin gj\u00ebrat funksionale t\u00eb tij karshi me qytetarin. Kontrata me qytetarin dhe politik\u00ebn shk\u00ebputet nga dita e mbas votimit n\u00eb zgjedhje, gj\u00eb qe nuk duhet t\u00eb ndodh\u00eb n\u00eb demokraci, por ne nuk mund t\u00eb flasim p\u00ebr kaq kuptim, sa mbart n\u00eb t\u00eb v\u00ebrtet demokracia.<\/p>\n<p>Zgjedhjet mbahen dhe votimet ndodhin e vjedh\u00ebn nga politika, madje p\u00ebr ta b\u00ebr\u00eb kontrat\u00ebn me qytetarin t\u00eb pavlefshme dhe t\u00eb panevojshme, deri n\u00eb fund t\u00eb mandatit t\u00eb ati pushtetit politik mb\u00ebrrihet m\u00eb g\u00ebnjeshtra. Kjo praktik\u00eb politike nuk \u00ebsht\u00eb ecje e demokracis\u00eb se vendit dhe sh\u00ebrbes\u00ebs s\u00eb tij, por m\u00eb shum\u00eb i p\u00ebrgjigjet interesave personale dhe afirmimit t\u00eb autokracis\u00eb. Dhe k\u00ebtu nuk kemi limit t\u00eb politik\u00ebs sepse ne shohim dhe devijime t\u00eb tjera politike, kur qeverisja n\u00eb vend se t\u00eb merret me plot\u00ebsimin e vler\u00ebs s\u00eb pavar\u00ebsis\u00eb dhe t\u00eb sovranitetit t\u00eb vendit, brenda kufijve t\u00eb p\u00ebrcaktuar, nd\u00ebrsa ka koh\u00eb dhe gjen koh\u00eb t\u00eb merret me formatizime ministrash, sikur \u00ebsht\u00eb nj\u00eb shfaqje me cirkularitet dhe me plot\u00eb absurditet.<\/p>\n<p>Duke e b\u00ebr\u00eb disiplin\u00eb t\u00eb p\u00ebrshtatshme formatizimin, m\u00eb k\u00ebt\u00eb ajo synon t\u00eb fashit qytetarin, por kjo nuk \u00ebsht\u00eb zgjidhja, sepse si\u00e7 kuptojm\u00eb plaka mund t\u00eb s\u00ebk\u00eblldiset me vet\u00ebn e saj, por lymja ve\u00e7se i ndihmon t\u00eb mashtroj pamjen e saj, t\u00eb duket si e re, po qe ne realitet ajo \u00ebsht\u00eb e harxhuar. Ne dim\u00eb se kemi m\u00eb n\u00eb fund nj\u00eb shtet t\u00eb ri, madje t\u00eb krijuar tash se voni, gj\u00ebrat n\u00eb t\u00eb mund t\u00eb mos p\u00ebrmbushin t\u00eb gjitha k\u00ebrkesat, d\u00ebshirat tona.<\/p>\n<p>Por, nuk mund t\u00eb pranojm\u00eb gjithashtu se gjith\u00e7ka fillon nga dita e themelimit t\u00eb shtetit, kjo qasje \u00ebsht\u00eb e d\u00ebmshme p\u00ebr vet shtetin, sepse asgj\u00ebson organizimin e shoq\u00ebris\u00eb, kontributet historike kulturore t\u00eb saja edhe n\u00eb rrug\u00ebtimin e krijimit t\u00eb shtetit. Fakti se kemi nj\u00eb histori, nj\u00eb kultur\u00eb, nj\u00eb etnitet autoktone t\u00eb organizuar brenda nj\u00eb territori, \u00ebsht\u00eb edhe tregues themelor i nj\u00eb politike t\u00eb caktuar, mbi t\u00eb cil\u00ebn spekulimi nuk nderon qeverin\u00eb aktuale dhe subjektet e tjera p\u00ebrfaq\u00ebsuese.<\/p>\n<p>Gama e personazheve tona politike nuk \u00ebsht\u00eb aq modeste, sepse shum\u00eb m\u00eb pak ata na vij\u00eb nga fusha e politik\u00ebs, e pak m\u00eb shum\u00eb na vijn\u00eb nga fusha t\u00eb jasht\u00eb politik\u00ebs, vet\u00ebm e vet\u00ebm p\u00ebr ta marruar politik\u00ebn n\u00eb duar t\u00eb tyre. Kjo gam\u00eb b\u00ebn \u00e7mos mbi shtetin dhe iden\u00eb e pavar\u00ebsis\u00eb s\u00eb Kosov\u00ebs. Mbi iden\u00eb e pavar\u00ebsis\u00eb s\u00eb Kosov\u00ebs po ndodh\u00eb p\u00ebrjashtimi i identitetit komb\u00ebtar, madje ky identiteti i Kosov\u00ebs, pas pavar\u00ebsis\u00eb duket identitet fare kozmopolit\u00eb.<\/p>\n<p>Elita e vet\u00ebquajtur politike, e cila (mban pushtetin me 35% t\u00eb gjith\u00eb votuesve shqiptar) mbetet m\u00eb shum\u00eb egoiste duke b\u00ebr\u00eb sondazhe suksesi p\u00ebr vet\u00ebn e saj dhe n\u00eb an\u00ebn tjet\u00ebr mbart\u00eb padrejt\u00ebsi t\u00eb m\u00ebdha duke p\u00ebrdhunuar edhe mbi retorik\u00ebn e domosdoshme nacionale t\u00eb shqiptar\u00ebve. Kjo do t\u00eb ishte e kuptueshme po t\u00eb ndodhte n\u00eb nj\u00eb shtet modern me demokraci t\u00eb gjat\u00eb dhe t\u00eb zhvilluar, vet\u00ebm atje gj\u00ebrat nacionaliste duken t\u00eb qullta politikisht sepse brenda shtetit dominon shtresa e (hipokritokracis\u00eb) vet\u00ebk\u00ebnaqur.<\/p>\n<p>T\u00eb preksh n\u00eb karakterin komb\u00ebtar t\u00eb nj\u00eb populli do t\u00eb thot\u00eb t\u00eb b\u00ebhesh pjes\u00eb ose\/dhe bashk\u00ebpjes\u00ebmarr\u00ebs n\u00eb krimin qe tenton ta fshij\u00eb kujtes\u00ebn kolektive t\u00eb nj\u00eb populli. N\u00eb k\u00ebt\u00eb zgjedhje politike qe po aprovon politika e 90-2007, e Prishtin\u00ebs zyrtare, secili qytetar shqiptar mban\u00eb frik\u00eb se do ti le pa k\u00ebnaq\u00ebsin\u00eb dhe devotshm\u00ebrin\u00eb p\u00ebr atdheun. 18% t\u00eb territorit t\u00eb Kosov\u00ebs edhe pse me pavar\u00ebsi dhe shtet, po mbahen t\u00eb okupuara nga disa banda minore t\u00eb serbeve kriminel, t\u00eb menaxhuar nga sigurimi serb i shtetit t\u00eb Serbis\u00eb&#8230;<\/p>\n<p>K\u00ebt\u00eb mani e sheh edhe bota, por bota s&#8217;ka pse t\u00eb marr\u00eb \u00e7udi t\u00eb madhe, p\u00ebrderisa ne nuk e b\u00ebjm\u00eb transparenc\u00ebn ton\u00eb t\u00eb shqet\u00ebsimit. M\u00ebnyra e t\u00eb vepruarit politik, mbase po denigron deri n\u00eb dinjitet kulturor, politik e komb\u00ebtar, duke krijuar situata nonsensi edhe p\u00ebr vet qytetarin. Ky ambient sikur po kund\u00ebrmon, duke i rr\u00ebnuar edhe ato pak simbolika t\u00eb mbetura, si kode (komb\u00ebtare) shqiptare.<\/p>\n<p>Qeveria bashk\u00eb me subjektet tjera politike q\u00eb p\u00ebrb\u00ebjn\u00eb organizimin e tanish\u00ebm, merren me politik servile duke mos i p\u00ebrfaq\u00ebsuar drejt\u00eb interesat komb\u00ebtare t\u00eb shqiptar\u00ebve. Nd\u00ebrsa i citoj k\u00ebta rreshta, po harroja n\u00eb nd\u00ebr dije se plaka e lyme nuk mund t\u00eb b\u00ebj\u00eb dot pun\u00ebt e nuses, edhe pse me disa pamje mashtruese, plaka na duket e re nga lymja.<\/p>\n","protected":false},"excerpt":{"rendered":"<p>Bekim Rexhepi 18% t\u00eb territorit t\u00eb Kosov\u00ebs edhe pse me pavar\u00ebsi dhe shtet, po mbahen t\u00eb okupuara nga disa banda minore t\u00eb serbeve kriminel, t\u00eb menaxhuar nga sigurimi serb i shtetit t\u00eb Serbis\u00eb&#8230; K\u00ebt\u00eb mani e sheh edhe bota, por bota s&#8217;ka pse t\u00eb marr\u00eb \u00e7udi t\u00eb madhe, p\u00ebrderisa ne nuk e b\u00ebjm\u00eb transparenc\u00ebn ton\u00eb [&hellip;]<\/p>\n","protected":false},"author":1,"featured_media":0,"comment_status":"open","ping_status":"closed","sticky":false,"template":"","format":"standard","meta":{"footnotes":""},"categories":[2],"tags":[],"class_list":{"0":"post-2181","1":"post","2":"type-post","3":"status-publish","4":"format-standard","6":"category-artikuj"},"yoast_head":"<!-- This site is optimized with the Yoast SEO plugin v27.4 - https:\/\/yoast.com\/product\/yoast-seo-wordpress\/ -->\n<title>PLAKA E LYEME - FjALA e LIR\u00cb - Arkivi<\/title>\n<meta name=\"robots\" content=\"index, follow, max-snippet:-1, max-image-preview:large, max-video-preview:-1\" \/>\n<link rel=\"canonical\" href=\"https:\/\/fjala.info\/2009-2015\/plaka-e-lyeme\/\" \/>\n<meta property=\"og:locale\" content=\"sq_AL\" \/>\n<meta property=\"og:type\" content=\"article\" \/>\n<meta property=\"og:title\" content=\"PLAKA E LYEME - FjALA e LIR\u00cb - Arkivi\" \/>\n<meta property=\"og:description\" content=\"Bekim Rexhepi 18% t\u00eb territorit t\u00eb Kosov\u00ebs edhe pse me pavar\u00ebsi dhe shtet, po mbahen t\u00eb okupuara nga disa banda minore t\u00eb serbeve kriminel, t\u00eb menaxhuar nga sigurimi serb i shtetit t\u00eb Serbis\u00eb&#8230; K\u00ebt\u00eb mani e sheh edhe bota, por bota s&#8217;ka pse t\u00eb marr\u00eb \u00e7udi t\u00eb madhe, p\u00ebrderisa ne nuk e b\u00ebjm\u00eb transparenc\u00ebn ton\u00eb [&hellip;]\" \/>\n<meta property=\"og:url\" content=\"https:\/\/fjala.info\/2009-2015\/plaka-e-lyeme\/\" \/>\n<meta property=\"og:site_name\" content=\"FjALA e LIR\u00cb - Arkivi\" \/>\n<meta property=\"article:published_time\" content=\"2010-04-11T20:02:52+00:00\" \/>\n<meta property=\"og:image\" content=\"http:\/\/www.shkoder.net\/images\/fjala\/bekim_rexhepi.jpg\" \/>\n<meta name=\"author\" content=\"admin\" \/>\n<meta name=\"twitter:card\" content=\"summary_large_image\" \/>\n<meta name=\"twitter:label1\" content=\"Written by\" \/>\n\t<meta name=\"twitter:data1\" content=\"admin\" \/>\n\t<meta name=\"twitter:label2\" content=\"Est. reading time\" \/>\n\t<meta name=\"twitter:data2\" content=\"6 minutes\" \/>\n<script type=\"application\/ld+json\" class=\"yoast-schema-graph\">{\"@context\":\"https:\\\/\\\/schema.org\",\"@graph\":[{\"@type\":\"Article\",\"@id\":\"https:\\\/\\\/fjala.info\\\/2009-2015\\\/plaka-e-lyeme\\\/#article\",\"isPartOf\":{\"@id\":\"https:\\\/\\\/fjala.info\\\/2009-2015\\\/plaka-e-lyeme\\\/\"},\"author\":{\"name\":\"admin\",\"@id\":\"https:\\\/\\\/fjala.info\\\/2009-2015\\\/#\\\/schema\\\/person\\\/3aa1163ef05469c496fc94e77611ada2\"},\"headline\":\"PLAKA E LYEME\",\"datePublished\":\"2010-04-11T20:02:52+00:00\",\"mainEntityOfPage\":{\"@id\":\"https:\\\/\\\/fjala.info\\\/2009-2015\\\/plaka-e-lyeme\\\/\"},\"wordCount\":1106,\"commentCount\":0,\"publisher\":{\"@id\":\"https:\\\/\\\/fjala.info\\\/2009-2015\\\/#organization\"},\"image\":{\"@id\":\"https:\\\/\\\/fjala.info\\\/2009-2015\\\/plaka-e-lyeme\\\/#primaryimage\"},\"thumbnailUrl\":\"http:\\\/\\\/www.shkoder.net\\\/images\\\/fjala\\\/bekim_rexhepi.jpg\",\"articleSection\":[\"Artikuj\"],\"inLanguage\":\"sq-AL\",\"potentialAction\":[{\"@type\":\"CommentAction\",\"name\":\"Comment\",\"target\":[\"https:\\\/\\\/fjala.info\\\/2009-2015\\\/plaka-e-lyeme\\\/#respond\"]}]},{\"@type\":\"WebPage\",\"@id\":\"https:\\\/\\\/fjala.info\\\/2009-2015\\\/plaka-e-lyeme\\\/\",\"url\":\"https:\\\/\\\/fjala.info\\\/2009-2015\\\/plaka-e-lyeme\\\/\",\"name\":\"PLAKA E LYEME - FjALA e LIR\u00cb - Arkivi\",\"isPartOf\":{\"@id\":\"https:\\\/\\\/fjala.info\\\/2009-2015\\\/#website\"},\"primaryImageOfPage\":{\"@id\":\"https:\\\/\\\/fjala.info\\\/2009-2015\\\/plaka-e-lyeme\\\/#primaryimage\"},\"image\":{\"@id\":\"https:\\\/\\\/fjala.info\\\/2009-2015\\\/plaka-e-lyeme\\\/#primaryimage\"},\"thumbnailUrl\":\"http:\\\/\\\/www.shkoder.net\\\/images\\\/fjala\\\/bekim_rexhepi.jpg\",\"datePublished\":\"2010-04-11T20:02:52+00:00\",\"breadcrumb\":{\"@id\":\"https:\\\/\\\/fjala.info\\\/2009-2015\\\/plaka-e-lyeme\\\/#breadcrumb\"},\"inLanguage\":\"sq-AL\",\"potentialAction\":[{\"@type\":\"ReadAction\",\"target\":[\"https:\\\/\\\/fjala.info\\\/2009-2015\\\/plaka-e-lyeme\\\/\"]}]},{\"@type\":\"ImageObject\",\"inLanguage\":\"sq-AL\",\"@id\":\"https:\\\/\\\/fjala.info\\\/2009-2015\\\/plaka-e-lyeme\\\/#primaryimage\",\"url\":\"http:\\\/\\\/www.shkoder.net\\\/images\\\/fjala\\\/bekim_rexhepi.jpg\",\"contentUrl\":\"http:\\\/\\\/www.shkoder.net\\\/images\\\/fjala\\\/bekim_rexhepi.jpg\"},{\"@type\":\"BreadcrumbList\",\"@id\":\"https:\\\/\\\/fjala.info\\\/2009-2015\\\/plaka-e-lyeme\\\/#breadcrumb\",\"itemListElement\":[{\"@type\":\"ListItem\",\"position\":1,\"name\":\"Home\",\"item\":\"https:\\\/\\\/fjala.info\\\/2009-2015\\\/\"},{\"@type\":\"ListItem\",\"position\":2,\"name\":\"PLAKA E LYEME\"}]},{\"@type\":\"WebSite\",\"@id\":\"https:\\\/\\\/fjala.info\\\/2009-2015\\\/#website\",\"url\":\"https:\\\/\\\/fjala.info\\\/2009-2015\\\/\",\"name\":\"FjALA e LIR\u00cb - Arkivi\",\"description\":\"Arkivi 2009-2015\",\"publisher\":{\"@id\":\"https:\\\/\\\/fjala.info\\\/2009-2015\\\/#organization\"},\"potentialAction\":[{\"@type\":\"SearchAction\",\"target\":{\"@type\":\"EntryPoint\",\"urlTemplate\":\"https:\\\/\\\/fjala.info\\\/2009-2015\\\/?s={search_term_string}\"},\"query-input\":{\"@type\":\"PropertyValueSpecification\",\"valueRequired\":true,\"valueName\":\"search_term_string\"}}],\"inLanguage\":\"sq-AL\"},{\"@type\":\"Organization\",\"@id\":\"https:\\\/\\\/fjala.info\\\/2009-2015\\\/#organization\",\"name\":\"FjALA e LIR\u00cb - Arkivi\",\"url\":\"https:\\\/\\\/fjala.info\\\/2009-2015\\\/\",\"logo\":{\"@type\":\"ImageObject\",\"inLanguage\":\"sq-AL\",\"@id\":\"https:\\\/\\\/fjala.info\\\/2009-2015\\\/#\\\/schema\\\/logo\\\/image\\\/\",\"url\":\"\",\"contentUrl\":\"\",\"caption\":\"FjALA e LIR\u00cb - Arkivi\"},\"image\":{\"@id\":\"https:\\\/\\\/fjala.info\\\/2009-2015\\\/#\\\/schema\\\/logo\\\/image\\\/\"}},{\"@type\":\"Person\",\"@id\":\"https:\\\/\\\/fjala.info\\\/2009-2015\\\/#\\\/schema\\\/person\\\/3aa1163ef05469c496fc94e77611ada2\",\"name\":\"admin\",\"image\":{\"@type\":\"ImageObject\",\"inLanguage\":\"sq-AL\",\"@id\":\"https:\\\/\\\/fjala.info\\\/2009-2015\\\/wp-content\\\/uploads\\\/2012\\\/02\\\/arben_cokaj-120x150.jpg\",\"url\":\"https:\\\/\\\/fjala.info\\\/2009-2015\\\/wp-content\\\/uploads\\\/2012\\\/02\\\/arben_cokaj-120x150.jpg\",\"contentUrl\":\"https:\\\/\\\/fjala.info\\\/2009-2015\\\/wp-content\\\/uploads\\\/2012\\\/02\\\/arben_cokaj-120x150.jpg\",\"caption\":\"admin\"},\"description\":\"Admin, Fjala e Lir\u00eb\",\"sameAs\":[\"https:\\\/\\\/fjala.info\\\/\"],\"url\":\"https:\\\/\\\/fjala.info\\\/2009-2015\\\/author\\\/admin\\\/\"}]}<\/script>\n<!-- \/ Yoast SEO plugin. -->","yoast_head_json":{"title":"PLAKA E LYEME - FjALA e LIR\u00cb - Arkivi","robots":{"index":"index","follow":"follow","max-snippet":"max-snippet:-1","max-image-preview":"max-image-preview:large","max-video-preview":"max-video-preview:-1"},"canonical":"https:\/\/fjala.info\/2009-2015\/plaka-e-lyeme\/","og_locale":"sq_AL","og_type":"article","og_title":"PLAKA E LYEME - FjALA e LIR\u00cb - Arkivi","og_description":"Bekim Rexhepi 18% t\u00eb territorit t\u00eb Kosov\u00ebs edhe pse me pavar\u00ebsi dhe shtet, po mbahen t\u00eb okupuara nga disa banda minore t\u00eb serbeve kriminel, t\u00eb menaxhuar nga sigurimi serb i shtetit t\u00eb Serbis\u00eb&#8230; K\u00ebt\u00eb mani e sheh edhe bota, por bota s&#8217;ka pse t\u00eb marr\u00eb \u00e7udi t\u00eb madhe, p\u00ebrderisa ne nuk e b\u00ebjm\u00eb transparenc\u00ebn ton\u00eb [&hellip;]","og_url":"https:\/\/fjala.info\/2009-2015\/plaka-e-lyeme\/","og_site_name":"FjALA e LIR\u00cb - Arkivi","article_published_time":"2010-04-11T20:02:52+00:00","og_image":[{"url":"http:\/\/www.shkoder.net\/images\/fjala\/bekim_rexhepi.jpg","type":"","width":"","height":""}],"author":"admin","twitter_card":"summary_large_image","twitter_misc":{"Written by":"admin","Est. reading time":"6 minutes"},"schema":{"@context":"https:\/\/schema.org","@graph":[{"@type":"Article","@id":"https:\/\/fjala.info\/2009-2015\/plaka-e-lyeme\/#article","isPartOf":{"@id":"https:\/\/fjala.info\/2009-2015\/plaka-e-lyeme\/"},"author":{"name":"admin","@id":"https:\/\/fjala.info\/2009-2015\/#\/schema\/person\/3aa1163ef05469c496fc94e77611ada2"},"headline":"PLAKA E LYEME","datePublished":"2010-04-11T20:02:52+00:00","mainEntityOfPage":{"@id":"https:\/\/fjala.info\/2009-2015\/plaka-e-lyeme\/"},"wordCount":1106,"commentCount":0,"publisher":{"@id":"https:\/\/fjala.info\/2009-2015\/#organization"},"image":{"@id":"https:\/\/fjala.info\/2009-2015\/plaka-e-lyeme\/#primaryimage"},"thumbnailUrl":"http:\/\/www.shkoder.net\/images\/fjala\/bekim_rexhepi.jpg","articleSection":["Artikuj"],"inLanguage":"sq-AL","potentialAction":[{"@type":"CommentAction","name":"Comment","target":["https:\/\/fjala.info\/2009-2015\/plaka-e-lyeme\/#respond"]}]},{"@type":"WebPage","@id":"https:\/\/fjala.info\/2009-2015\/plaka-e-lyeme\/","url":"https:\/\/fjala.info\/2009-2015\/plaka-e-lyeme\/","name":"PLAKA E LYEME - FjALA e LIR\u00cb - Arkivi","isPartOf":{"@id":"https:\/\/fjala.info\/2009-2015\/#website"},"primaryImageOfPage":{"@id":"https:\/\/fjala.info\/2009-2015\/plaka-e-lyeme\/#primaryimage"},"image":{"@id":"https:\/\/fjala.info\/2009-2015\/plaka-e-lyeme\/#primaryimage"},"thumbnailUrl":"http:\/\/www.shkoder.net\/images\/fjala\/bekim_rexhepi.jpg","datePublished":"2010-04-11T20:02:52+00:00","breadcrumb":{"@id":"https:\/\/fjala.info\/2009-2015\/plaka-e-lyeme\/#breadcrumb"},"inLanguage":"sq-AL","potentialAction":[{"@type":"ReadAction","target":["https:\/\/fjala.info\/2009-2015\/plaka-e-lyeme\/"]}]},{"@type":"ImageObject","inLanguage":"sq-AL","@id":"https:\/\/fjala.info\/2009-2015\/plaka-e-lyeme\/#primaryimage","url":"http:\/\/www.shkoder.net\/images\/fjala\/bekim_rexhepi.jpg","contentUrl":"http:\/\/www.shkoder.net\/images\/fjala\/bekim_rexhepi.jpg"},{"@type":"BreadcrumbList","@id":"https:\/\/fjala.info\/2009-2015\/plaka-e-lyeme\/#breadcrumb","itemListElement":[{"@type":"ListItem","position":1,"name":"Home","item":"https:\/\/fjala.info\/2009-2015\/"},{"@type":"ListItem","position":2,"name":"PLAKA E LYEME"}]},{"@type":"WebSite","@id":"https:\/\/fjala.info\/2009-2015\/#website","url":"https:\/\/fjala.info\/2009-2015\/","name":"FjALA e LIR\u00cb - Arkivi","description":"Arkivi 2009-2015","publisher":{"@id":"https:\/\/fjala.info\/2009-2015\/#organization"},"potentialAction":[{"@type":"SearchAction","target":{"@type":"EntryPoint","urlTemplate":"https:\/\/fjala.info\/2009-2015\/?s={search_term_string}"},"query-input":{"@type":"PropertyValueSpecification","valueRequired":true,"valueName":"search_term_string"}}],"inLanguage":"sq-AL"},{"@type":"Organization","@id":"https:\/\/fjala.info\/2009-2015\/#organization","name":"FjALA e LIR\u00cb - Arkivi","url":"https:\/\/fjala.info\/2009-2015\/","logo":{"@type":"ImageObject","inLanguage":"sq-AL","@id":"https:\/\/fjala.info\/2009-2015\/#\/schema\/logo\/image\/","url":"","contentUrl":"","caption":"FjALA e LIR\u00cb - Arkivi"},"image":{"@id":"https:\/\/fjala.info\/2009-2015\/#\/schema\/logo\/image\/"}},{"@type":"Person","@id":"https:\/\/fjala.info\/2009-2015\/#\/schema\/person\/3aa1163ef05469c496fc94e77611ada2","name":"admin","image":{"@type":"ImageObject","inLanguage":"sq-AL","@id":"https:\/\/fjala.info\/2009-2015\/wp-content\/uploads\/2012\/02\/arben_cokaj-120x150.jpg","url":"https:\/\/fjala.info\/2009-2015\/wp-content\/uploads\/2012\/02\/arben_cokaj-120x150.jpg","contentUrl":"https:\/\/fjala.info\/2009-2015\/wp-content\/uploads\/2012\/02\/arben_cokaj-120x150.jpg","caption":"admin"},"description":"Admin, Fjala e Lir\u00eb","sameAs":["https:\/\/fjala.info\/"],"url":"https:\/\/fjala.info\/2009-2015\/author\/admin\/"}]}},"_links":{"self":[{"href":"https:\/\/fjala.info\/2009-2015\/wp-json\/wp\/v2\/posts\/2181","targetHints":{"allow":["GET"]}}],"collection":[{"href":"https:\/\/fjala.info\/2009-2015\/wp-json\/wp\/v2\/posts"}],"about":[{"href":"https:\/\/fjala.info\/2009-2015\/wp-json\/wp\/v2\/types\/post"}],"author":[{"embeddable":true,"href":"https:\/\/fjala.info\/2009-2015\/wp-json\/wp\/v2\/users\/1"}],"replies":[{"embeddable":true,"href":"https:\/\/fjala.info\/2009-2015\/wp-json\/wp\/v2\/comments?post=2181"}],"version-history":[{"count":0,"href":"https:\/\/fjala.info\/2009-2015\/wp-json\/wp\/v2\/posts\/2181\/revisions"}],"wp:attachment":[{"href":"https:\/\/fjala.info\/2009-2015\/wp-json\/wp\/v2\/media?parent=2181"}],"wp:term":[{"taxonomy":"category","embeddable":true,"href":"https:\/\/fjala.info\/2009-2015\/wp-json\/wp\/v2\/categories?post=2181"},{"taxonomy":"post_tag","embeddable":true,"href":"https:\/\/fjala.info\/2009-2015\/wp-json\/wp\/v2\/tags?post=2181"}],"curies":[{"name":"wp","href":"https:\/\/api.w.org\/{rel}","templated":true}]}}