{"id":2169,"date":"2010-04-10T08:03:34","date_gmt":"2010-04-10T07:03:34","guid":{"rendered":"http:\/\/fjala.shkoder.net\/?p=2169"},"modified":"2010-04-10T08:03:34","modified_gmt":"2010-04-10T07:03:34","slug":"kufijte-e-urrejtjes","status":"publish","type":"post","link":"https:\/\/fjala.info\/2009-2015\/kufijte-e-urrejtjes\/","title":{"rendered":"Kufijt\u00eb e urrejtjes"},"content":{"rendered":"<p><img decoding=\"async\" style=\"margin-left: 10px; margin-right: 10px; border: 0px;\" src=\"http:\/\/www.shkoder.net\/images\/fjala\/kim_mehmeti.jpg\" border=\"0\" alt=\"Kim Mehmeti\" width=\"100\" align=\"right\" \/><\/p>\n<p>nga <strong>KIM MEHMETI<\/strong>, <em>10 Prill 2010<\/em><\/p>\n<p>Nuk ka dyshim se \u00ebsht\u00eb urt\u00ebsi dhe virtyt i shenjt\u00eb njer\u00ebzor\u00eb q\u00eb urrejtjen e tjetrit ndaj teje, t\u00eb mos e ushqesh me urrejtjen t\u00ebnde ndaj tij.<\/p>\n<p>Nj\u00ebsoj si\u00e7 nuk ka dyshim se kur ke fqinj\u00eb q\u00eb t\u00eb urrejn\u00eb, ti nuk duhet t\u00eb sillesh si i dashuruar i verb\u00ebruar nga dashuria, q\u00eb nuk e sheh se e dashura nuk e do, apo si mazohist i cili dashurohet n\u00eb at\u00eb q\u00eb e dhunon.<\/p>\n<p>Pa dyshim se reagimet e Tiran\u00ebs zyrtare ndaj rasteve t\u00eb \u201cizoluara\u201d t\u00eb urrejtjes greke ndaj shqiptar\u00ebve, n\u00eb nj\u00ebfar\u00eb m\u00ebnyre e pasqyrojn\u00eb edhe inferioritetin e politikave shqiptare, i cili inferioritet shkon deri aty sa ke p\u00ebrshtypjen se opozit\u00ebn dhe pozit\u00ebn e atjeshme, nuk e brengosin gjithaq k\u00ebto manifestime t\u00eb \u201cizoluara\u201d antishqiptar\u00eb, sa i hidh\u00ebron pse ato nuk jan\u00eb fshehur, pse jan\u00eb b\u00ebr\u00eb publik.<\/p>\n<p>Me \u00e7ka, politikan\u00ebt e Tiran\u00ebs, her\u00eb-her\u00eb t\u00eb ngjan\u00eb n\u00eb marioneta t\u00eb Athin\u00ebs, apo reagimet zyrtar\u00ebve t\u00eb Shqip\u00ebris\u00eb m\u00eb shum\u00eb i ngjajn\u00eb ankes\u00ebs s\u00eb gruas q\u00eb \u00ebsht\u00eb m\u00ebsuar me keqtrajtimin e p\u00ebrhersh\u00ebm t\u00eb burrit dhe k\u00ebnaqet vet\u00ebm n\u00ebse nuk i mbeten shenja nga dajaku.<\/p>\n<p>Sjellja greke ndaj fqinj\u00ebve t\u00eb tyre, q\u00ebmoti i ngjan\u00eb asaj t\u00eb f\u00ebmij\u00ebs lazdran q\u00eb \u00e7do gj\u00eb ka p\u00ebrfituar nga fama e st\u00ebrgjysh\u00ebrve t\u00eb vet. Ndaj k\u00ebsaj sjelljeje, pjesa tjet\u00ebr e Evrop\u00ebs, sillet si banor\u00ebt e lagjes q\u00eb e njohin \u201cvesin e keq t\u00eb f\u00ebmij\u00ebs\u201d, por nuk guxojn\u00eb k\u00ebt\u00eb ta thon\u00eb hapur ngaq\u00eb e din\u00eb se edhe ata vet\u00eb kan\u00eb ndikuar q\u00eb ai t\u00eb b\u00ebhet i till\u00eb.<\/p>\n<p>\u00cbsht\u00eb e v\u00ebrtet\u00eb se manifestimet shovene antishqiptare q\u00eb ndodhin n\u00eb vazhdim\u00ebsi n\u00eb Greqi, nuk shprehin politik\u00ebn zyrtare t\u00eb Athin\u00ebs, por pa dyshim se ato pasqyrojn\u00eb nj\u00eb atmosfere p\u00ebrbuz\u00ebse te nj\u00eb pjese t\u00eb shoq\u00ebris\u00eb greke ndaj t\u00eb gjith\u00ebve p\u00ebrreth q\u00eb nuk kan\u00eb p\u00ebrkat\u00ebsin\u00eb e tyre etnike dhe religjioze, pa m\u00ebdyshje se ato jan\u00eb pjell\u00eb e nj\u00eb sistemi arsimor\u00eb ku f\u00ebmij\u00ebt grek\u00eb m\u00ebsojn\u00eb p\u00ebr \u201cbarbarit\u00eb\u201d e t\u00eb tjer\u00ebve, por jo edhe p\u00ebr golgot\u00ebn \u00e7ame, jo edhe p\u00ebr konceptet asimiluese greke ndaj pakicave t\u00eb atjeshme etnike.<\/p>\n<p>Pra, rastet e \u201cizoluara\u201d t\u00eb urrejtjes nda t\u00eb tjer\u00ebve q\u00eb shprehen n\u00eb vazhdim\u00ebsi n\u00ebp\u00ebr paradat ushtarake, edhe at\u00eb pas pes\u00eb dekadave q\u00eb Greqia \u00ebsht\u00eb an\u00ebtare e NATO-s\u00eb dhe disa dekada an\u00ebtare e BE-s\u00eb, tregojn\u00eb qart\u00eb se n\u00eb k\u00ebt\u00eb Ballkan dikush d\u00ebshiron t\u2019i shlyej kufijt\u00eb e shteteve, por duke dashur t\u00eb mos heq dor\u00eb nga ato t\u00eb urrejtjes. Apo, k\u00ebto raste tregojn\u00eb qart\u00eb se edhe gjat\u00eb koh\u00eb, edhe pasi t\u00eb gjitha shtetet e Ballkanit t\u00eb b\u00ebhen pjes\u00eb e institucioneve euroatlantike, k\u00ebtu do mbeten t\u00eb patejkaluesh\u00ebm kufijt\u00eb e urrejtjes.<\/p>\n<p>Edhe at\u00eb jo pse ballkanasit s\u00eb tep\u00ebrmi e duan k\u00ebt\u00eb ushqim, por shkaku se edhe t\u00eb m\u00ebdhenjt\u00eb e k\u00ebsaj bote, nuk i kan\u00eb \u201cdashur\u201d nj\u00ebsoj popujt e k\u00ebtyre trojeve. Dhe jo vet\u00ebm q\u00eb nuk i kan\u00eb dashur nj\u00ebsoj, por her\u00eb-her\u00eb, edhe kan\u00eb theksuar dallimin mes tyre, duke mos hezituar t\u00eb shpalosin se cil\u00ebt jan\u00eb t\u00eb preferuarit e tyre e cil\u00ebt ata q\u00eb duhet t\u00eb n\u00ebnshtrohen.<br \/>\nN\u00eb Ballkan ka aq lloje urrejtjesh, sa edhe popuj. Por, jo t\u00eb gjitha urrejtjet jan\u00eb ushqyer nj\u00ebsoj.<\/p>\n<p>Mbase \u00ebsht\u00eb mir\u00eb q\u00eb urrejtjen shqiptare, ndaj cilit do popull n\u00eb Ballkan, nuk e ka p\u00ebrkrahur ndonj\u00eb \u201cv\u00eblla\u201d i madh. Por, kjo ka nj\u00eb t\u00eb keqe: i ka \u00e7uar shqiptar\u00ebt t\u00eb tregohen t\u00eb pakujdessh\u00ebm ndaj urrejtjes s\u00eb t\u00eb tjer\u00ebve ndaj tyre. Andaj, shqiptar\u00ebt gabojn\u00eb n\u00ebse mendojn\u00eb se dikush tjet\u00ebr do i shp\u00ebtoj nga urrejtja e t\u00eb tjer\u00ebve. Tjetri mund t\u00eb t\u00eb ndihmoj\u00eb at\u00eb ta p\u00ebrball\u00ebsh m\u00eb leht\u00eb, por vet\u00ebm n\u00ebse nuk je inferior dhe nuk sillesh si i pafuqishmi t\u00eb cilin nuk ia vlen ta mbrosh. Shikuar nga ky k\u00ebnd\u00eb, Tiran\u00ebs zyrtare sillet aq inferiore ndaj\u00eb fqinj\u00ebve t\u00eb saj, sa mund t\u2019ua ket\u00eb zili edhe politikan\u00ebve maqedonase, t\u00eb cil\u00ebt nuk ka rast t\u00eb mos ia nd\u00ebrmendin bot\u00ebs padrejt\u00ebsit\u00eb q\u00eb i b\u00ebhen pakic\u00ebs maqedonase n\u00eb Greqi.<\/p>\n<p>Nga ana tjet\u00ebr, politikan\u00ebt e Tiran\u00ebs, as q\u00eb guxojn\u00eb ta p\u00ebrmendin problemin \u00e7am\u00eb n\u00eb Athin\u00eb, apo pavar\u00ebsin\u00eb e Kosov\u00ebs n\u00eb Beograd. Dhe mbase Tirana zyrtare sillet k\u00ebshtu ngaq\u00eb \u00ebsht\u00eb e p\u00ebrkushtuar t\u00eb arrij\u00eb cakun e lart\u00eb t\u00eb b\u00ebhet an\u00ebtare e edhe e BE-s\u00eb. Por, duke harruar n\u00eb nd\u00ebrkoh\u00eb se BE-ja dhe NATO-ja mund t\u00eb t\u00eb ndihmojn\u00eb n\u00eb shum\u00eb\u00e7ka, por nuk mund t\u00eb t\u00eb \u00e7lirojn\u00eb nga inferioriteti yt dhe nga konstrukti mental i vasalit. Pra, duke harruar se BE-ja dhe NATO-ja nuk q\u00ebndrojn\u00eb mbi politika q\u00eb kan\u00eb bosht t\u00eb thyer kurrizor\u00eb, por mbi urt\u00ebsin\u00eb se vlen ta kesh n\u00eb lagjen t\u00ebnde vet\u00ebm at\u00eb q\u00eb \u00ebsht\u00eb i aft\u00eb ta rregulloj\u00eb e ta mbroj\u00eb sht\u00ebpin\u00eb e vet.<\/p>\n<p>Pastaj, BE-ja dhe NATO-ja nuk mund t\u00eb t\u00eb \u00e7lirojn\u00eb as nga urrejtja q\u00eb ke ndaj atyre q\u00eb nuk i p\u00ebrkasin etnitetit dhe religjionit t\u00ebnd. Institucionet euroatlantike mund ta lidhin ujkun me zinxhir\u00eb q\u00eb t\u00eb mos i haj\u00eb delet e fqinj\u00ebve, por jo edhe t\u2019ia ndryshojn\u00eb veset q\u00eb ka. Gj\u00eb q\u00eb m\u00eb s\u00eb miri e d\u00ebshmojn\u00eb disa popuj e shtete, q\u00eb me dekada jan\u00eb an\u00ebtar\u00eb t\u00eb institucioneve euroatlantike, por ende ushqehen me urrejtjet mesjetare.<\/p>\n","protected":false},"excerpt":{"rendered":"<p>nga KIM MEHMETI, 10 Prill 2010 Nuk ka dyshim se \u00ebsht\u00eb urt\u00ebsi dhe virtyt i shenjt\u00eb njer\u00ebzor\u00eb q\u00eb urrejtjen e tjetrit ndaj teje, t\u00eb mos e ushqesh me urrejtjen t\u00ebnde ndaj tij. Nj\u00ebsoj si\u00e7 nuk ka dyshim se kur ke fqinj\u00eb q\u00eb t\u00eb urrejn\u00eb, ti nuk duhet t\u00eb sillesh si i dashuruar i verb\u00ebruar nga [&hellip;]<\/p>\n","protected":false},"author":1,"featured_media":0,"comment_status":"open","ping_status":"closed","sticky":false,"template":"","format":"standard","meta":{"footnotes":""},"categories":[2],"tags":[],"class_list":{"0":"post-2169","1":"post","2":"type-post","3":"status-publish","4":"format-standard","6":"category-artikuj"},"yoast_head":"<!-- This site is optimized with the Yoast SEO plugin v27.4 - https:\/\/yoast.com\/product\/yoast-seo-wordpress\/ -->\n<title>Kufijt\u00eb e urrejtjes - FjALA e LIR\u00cb - Arkivi<\/title>\n<meta name=\"robots\" content=\"index, follow, max-snippet:-1, max-image-preview:large, max-video-preview:-1\" \/>\n<link rel=\"canonical\" href=\"https:\/\/fjala.info\/2009-2015\/kufijte-e-urrejtjes\/\" \/>\n<meta property=\"og:locale\" content=\"sq_AL\" \/>\n<meta property=\"og:type\" content=\"article\" \/>\n<meta property=\"og:title\" content=\"Kufijt\u00eb e urrejtjes - FjALA e LIR\u00cb - Arkivi\" \/>\n<meta property=\"og:description\" content=\"nga KIM MEHMETI, 10 Prill 2010 Nuk ka dyshim se \u00ebsht\u00eb urt\u00ebsi dhe virtyt i shenjt\u00eb njer\u00ebzor\u00eb q\u00eb urrejtjen e tjetrit ndaj teje, t\u00eb mos e ushqesh me urrejtjen t\u00ebnde ndaj tij. Nj\u00ebsoj si\u00e7 nuk ka dyshim se kur ke fqinj\u00eb q\u00eb t\u00eb urrejn\u00eb, ti nuk duhet t\u00eb sillesh si i dashuruar i verb\u00ebruar nga [&hellip;]\" \/>\n<meta property=\"og:url\" content=\"https:\/\/fjala.info\/2009-2015\/kufijte-e-urrejtjes\/\" \/>\n<meta property=\"og:site_name\" content=\"FjALA e LIR\u00cb - Arkivi\" \/>\n<meta property=\"article:published_time\" content=\"2010-04-10T07:03:34+00:00\" \/>\n<meta property=\"og:image\" content=\"http:\/\/www.shkoder.net\/images\/fjala\/kim_mehmeti.jpg\" \/>\n<meta name=\"author\" content=\"admin\" \/>\n<meta name=\"twitter:card\" content=\"summary_large_image\" \/>\n<meta name=\"twitter:label1\" content=\"Written by\" \/>\n\t<meta name=\"twitter:data1\" content=\"admin\" \/>\n\t<meta name=\"twitter:label2\" content=\"Est. reading time\" \/>\n\t<meta name=\"twitter:data2\" content=\"5 minutes\" \/>\n<script type=\"application\/ld+json\" class=\"yoast-schema-graph\">{\"@context\":\"https:\\\/\\\/schema.org\",\"@graph\":[{\"@type\":\"Article\",\"@id\":\"https:\\\/\\\/fjala.info\\\/2009-2015\\\/kufijte-e-urrejtjes\\\/#article\",\"isPartOf\":{\"@id\":\"https:\\\/\\\/fjala.info\\\/2009-2015\\\/kufijte-e-urrejtjes\\\/\"},\"author\":{\"name\":\"admin\",\"@id\":\"https:\\\/\\\/fjala.info\\\/2009-2015\\\/#\\\/schema\\\/person\\\/3aa1163ef05469c496fc94e77611ada2\"},\"headline\":\"Kufijt\u00eb e urrejtjes\",\"datePublished\":\"2010-04-10T07:03:34+00:00\",\"mainEntityOfPage\":{\"@id\":\"https:\\\/\\\/fjala.info\\\/2009-2015\\\/kufijte-e-urrejtjes\\\/\"},\"wordCount\":950,\"commentCount\":0,\"publisher\":{\"@id\":\"https:\\\/\\\/fjala.info\\\/2009-2015\\\/#organization\"},\"image\":{\"@id\":\"https:\\\/\\\/fjala.info\\\/2009-2015\\\/kufijte-e-urrejtjes\\\/#primaryimage\"},\"thumbnailUrl\":\"http:\\\/\\\/www.shkoder.net\\\/images\\\/fjala\\\/kim_mehmeti.jpg\",\"articleSection\":[\"Artikuj\"],\"inLanguage\":\"sq-AL\",\"potentialAction\":[{\"@type\":\"CommentAction\",\"name\":\"Comment\",\"target\":[\"https:\\\/\\\/fjala.info\\\/2009-2015\\\/kufijte-e-urrejtjes\\\/#respond\"]}]},{\"@type\":\"WebPage\",\"@id\":\"https:\\\/\\\/fjala.info\\\/2009-2015\\\/kufijte-e-urrejtjes\\\/\",\"url\":\"https:\\\/\\\/fjala.info\\\/2009-2015\\\/kufijte-e-urrejtjes\\\/\",\"name\":\"Kufijt\u00eb e urrejtjes - FjALA e LIR\u00cb - Arkivi\",\"isPartOf\":{\"@id\":\"https:\\\/\\\/fjala.info\\\/2009-2015\\\/#website\"},\"primaryImageOfPage\":{\"@id\":\"https:\\\/\\\/fjala.info\\\/2009-2015\\\/kufijte-e-urrejtjes\\\/#primaryimage\"},\"image\":{\"@id\":\"https:\\\/\\\/fjala.info\\\/2009-2015\\\/kufijte-e-urrejtjes\\\/#primaryimage\"},\"thumbnailUrl\":\"http:\\\/\\\/www.shkoder.net\\\/images\\\/fjala\\\/kim_mehmeti.jpg\",\"datePublished\":\"2010-04-10T07:03:34+00:00\",\"breadcrumb\":{\"@id\":\"https:\\\/\\\/fjala.info\\\/2009-2015\\\/kufijte-e-urrejtjes\\\/#breadcrumb\"},\"inLanguage\":\"sq-AL\",\"potentialAction\":[{\"@type\":\"ReadAction\",\"target\":[\"https:\\\/\\\/fjala.info\\\/2009-2015\\\/kufijte-e-urrejtjes\\\/\"]}]},{\"@type\":\"ImageObject\",\"inLanguage\":\"sq-AL\",\"@id\":\"https:\\\/\\\/fjala.info\\\/2009-2015\\\/kufijte-e-urrejtjes\\\/#primaryimage\",\"url\":\"http:\\\/\\\/www.shkoder.net\\\/images\\\/fjala\\\/kim_mehmeti.jpg\",\"contentUrl\":\"http:\\\/\\\/www.shkoder.net\\\/images\\\/fjala\\\/kim_mehmeti.jpg\"},{\"@type\":\"BreadcrumbList\",\"@id\":\"https:\\\/\\\/fjala.info\\\/2009-2015\\\/kufijte-e-urrejtjes\\\/#breadcrumb\",\"itemListElement\":[{\"@type\":\"ListItem\",\"position\":1,\"name\":\"Home\",\"item\":\"https:\\\/\\\/fjala.info\\\/2009-2015\\\/\"},{\"@type\":\"ListItem\",\"position\":2,\"name\":\"Kufijt\u00eb e urrejtjes\"}]},{\"@type\":\"WebSite\",\"@id\":\"https:\\\/\\\/fjala.info\\\/2009-2015\\\/#website\",\"url\":\"https:\\\/\\\/fjala.info\\\/2009-2015\\\/\",\"name\":\"FjALA e LIR\u00cb - Arkivi\",\"description\":\"Arkivi 2009-2015\",\"publisher\":{\"@id\":\"https:\\\/\\\/fjala.info\\\/2009-2015\\\/#organization\"},\"potentialAction\":[{\"@type\":\"SearchAction\",\"target\":{\"@type\":\"EntryPoint\",\"urlTemplate\":\"https:\\\/\\\/fjala.info\\\/2009-2015\\\/?s={search_term_string}\"},\"query-input\":{\"@type\":\"PropertyValueSpecification\",\"valueRequired\":true,\"valueName\":\"search_term_string\"}}],\"inLanguage\":\"sq-AL\"},{\"@type\":\"Organization\",\"@id\":\"https:\\\/\\\/fjala.info\\\/2009-2015\\\/#organization\",\"name\":\"FjALA e LIR\u00cb - Arkivi\",\"url\":\"https:\\\/\\\/fjala.info\\\/2009-2015\\\/\",\"logo\":{\"@type\":\"ImageObject\",\"inLanguage\":\"sq-AL\",\"@id\":\"https:\\\/\\\/fjala.info\\\/2009-2015\\\/#\\\/schema\\\/logo\\\/image\\\/\",\"url\":\"\",\"contentUrl\":\"\",\"caption\":\"FjALA e LIR\u00cb - Arkivi\"},\"image\":{\"@id\":\"https:\\\/\\\/fjala.info\\\/2009-2015\\\/#\\\/schema\\\/logo\\\/image\\\/\"}},{\"@type\":\"Person\",\"@id\":\"https:\\\/\\\/fjala.info\\\/2009-2015\\\/#\\\/schema\\\/person\\\/3aa1163ef05469c496fc94e77611ada2\",\"name\":\"admin\",\"image\":{\"@type\":\"ImageObject\",\"inLanguage\":\"sq-AL\",\"@id\":\"https:\\\/\\\/fjala.info\\\/2009-2015\\\/wp-content\\\/uploads\\\/2012\\\/02\\\/arben_cokaj-120x150.jpg\",\"url\":\"https:\\\/\\\/fjala.info\\\/2009-2015\\\/wp-content\\\/uploads\\\/2012\\\/02\\\/arben_cokaj-120x150.jpg\",\"contentUrl\":\"https:\\\/\\\/fjala.info\\\/2009-2015\\\/wp-content\\\/uploads\\\/2012\\\/02\\\/arben_cokaj-120x150.jpg\",\"caption\":\"admin\"},\"description\":\"Admin, Fjala e Lir\u00eb\",\"sameAs\":[\"https:\\\/\\\/fjala.info\\\/\"],\"url\":\"https:\\\/\\\/fjala.info\\\/2009-2015\\\/author\\\/admin\\\/\"}]}<\/script>\n<!-- \/ Yoast SEO plugin. -->","yoast_head_json":{"title":"Kufijt\u00eb e urrejtjes - FjALA e LIR\u00cb - Arkivi","robots":{"index":"index","follow":"follow","max-snippet":"max-snippet:-1","max-image-preview":"max-image-preview:large","max-video-preview":"max-video-preview:-1"},"canonical":"https:\/\/fjala.info\/2009-2015\/kufijte-e-urrejtjes\/","og_locale":"sq_AL","og_type":"article","og_title":"Kufijt\u00eb e urrejtjes - FjALA e LIR\u00cb - Arkivi","og_description":"nga KIM MEHMETI, 10 Prill 2010 Nuk ka dyshim se \u00ebsht\u00eb urt\u00ebsi dhe virtyt i shenjt\u00eb njer\u00ebzor\u00eb q\u00eb urrejtjen e tjetrit ndaj teje, t\u00eb mos e ushqesh me urrejtjen t\u00ebnde ndaj tij. Nj\u00ebsoj si\u00e7 nuk ka dyshim se kur ke fqinj\u00eb q\u00eb t\u00eb urrejn\u00eb, ti nuk duhet t\u00eb sillesh si i dashuruar i verb\u00ebruar nga [&hellip;]","og_url":"https:\/\/fjala.info\/2009-2015\/kufijte-e-urrejtjes\/","og_site_name":"FjALA e LIR\u00cb - Arkivi","article_published_time":"2010-04-10T07:03:34+00:00","og_image":[{"url":"http:\/\/www.shkoder.net\/images\/fjala\/kim_mehmeti.jpg","type":"","width":"","height":""}],"author":"admin","twitter_card":"summary_large_image","twitter_misc":{"Written by":"admin","Est. reading time":"5 minutes"},"schema":{"@context":"https:\/\/schema.org","@graph":[{"@type":"Article","@id":"https:\/\/fjala.info\/2009-2015\/kufijte-e-urrejtjes\/#article","isPartOf":{"@id":"https:\/\/fjala.info\/2009-2015\/kufijte-e-urrejtjes\/"},"author":{"name":"admin","@id":"https:\/\/fjala.info\/2009-2015\/#\/schema\/person\/3aa1163ef05469c496fc94e77611ada2"},"headline":"Kufijt\u00eb e urrejtjes","datePublished":"2010-04-10T07:03:34+00:00","mainEntityOfPage":{"@id":"https:\/\/fjala.info\/2009-2015\/kufijte-e-urrejtjes\/"},"wordCount":950,"commentCount":0,"publisher":{"@id":"https:\/\/fjala.info\/2009-2015\/#organization"},"image":{"@id":"https:\/\/fjala.info\/2009-2015\/kufijte-e-urrejtjes\/#primaryimage"},"thumbnailUrl":"http:\/\/www.shkoder.net\/images\/fjala\/kim_mehmeti.jpg","articleSection":["Artikuj"],"inLanguage":"sq-AL","potentialAction":[{"@type":"CommentAction","name":"Comment","target":["https:\/\/fjala.info\/2009-2015\/kufijte-e-urrejtjes\/#respond"]}]},{"@type":"WebPage","@id":"https:\/\/fjala.info\/2009-2015\/kufijte-e-urrejtjes\/","url":"https:\/\/fjala.info\/2009-2015\/kufijte-e-urrejtjes\/","name":"Kufijt\u00eb e urrejtjes - FjALA e LIR\u00cb - Arkivi","isPartOf":{"@id":"https:\/\/fjala.info\/2009-2015\/#website"},"primaryImageOfPage":{"@id":"https:\/\/fjala.info\/2009-2015\/kufijte-e-urrejtjes\/#primaryimage"},"image":{"@id":"https:\/\/fjala.info\/2009-2015\/kufijte-e-urrejtjes\/#primaryimage"},"thumbnailUrl":"http:\/\/www.shkoder.net\/images\/fjala\/kim_mehmeti.jpg","datePublished":"2010-04-10T07:03:34+00:00","breadcrumb":{"@id":"https:\/\/fjala.info\/2009-2015\/kufijte-e-urrejtjes\/#breadcrumb"},"inLanguage":"sq-AL","potentialAction":[{"@type":"ReadAction","target":["https:\/\/fjala.info\/2009-2015\/kufijte-e-urrejtjes\/"]}]},{"@type":"ImageObject","inLanguage":"sq-AL","@id":"https:\/\/fjala.info\/2009-2015\/kufijte-e-urrejtjes\/#primaryimage","url":"http:\/\/www.shkoder.net\/images\/fjala\/kim_mehmeti.jpg","contentUrl":"http:\/\/www.shkoder.net\/images\/fjala\/kim_mehmeti.jpg"},{"@type":"BreadcrumbList","@id":"https:\/\/fjala.info\/2009-2015\/kufijte-e-urrejtjes\/#breadcrumb","itemListElement":[{"@type":"ListItem","position":1,"name":"Home","item":"https:\/\/fjala.info\/2009-2015\/"},{"@type":"ListItem","position":2,"name":"Kufijt\u00eb e urrejtjes"}]},{"@type":"WebSite","@id":"https:\/\/fjala.info\/2009-2015\/#website","url":"https:\/\/fjala.info\/2009-2015\/","name":"FjALA e LIR\u00cb - Arkivi","description":"Arkivi 2009-2015","publisher":{"@id":"https:\/\/fjala.info\/2009-2015\/#organization"},"potentialAction":[{"@type":"SearchAction","target":{"@type":"EntryPoint","urlTemplate":"https:\/\/fjala.info\/2009-2015\/?s={search_term_string}"},"query-input":{"@type":"PropertyValueSpecification","valueRequired":true,"valueName":"search_term_string"}}],"inLanguage":"sq-AL"},{"@type":"Organization","@id":"https:\/\/fjala.info\/2009-2015\/#organization","name":"FjALA e LIR\u00cb - Arkivi","url":"https:\/\/fjala.info\/2009-2015\/","logo":{"@type":"ImageObject","inLanguage":"sq-AL","@id":"https:\/\/fjala.info\/2009-2015\/#\/schema\/logo\/image\/","url":"","contentUrl":"","caption":"FjALA e LIR\u00cb - Arkivi"},"image":{"@id":"https:\/\/fjala.info\/2009-2015\/#\/schema\/logo\/image\/"}},{"@type":"Person","@id":"https:\/\/fjala.info\/2009-2015\/#\/schema\/person\/3aa1163ef05469c496fc94e77611ada2","name":"admin","image":{"@type":"ImageObject","inLanguage":"sq-AL","@id":"https:\/\/fjala.info\/2009-2015\/wp-content\/uploads\/2012\/02\/arben_cokaj-120x150.jpg","url":"https:\/\/fjala.info\/2009-2015\/wp-content\/uploads\/2012\/02\/arben_cokaj-120x150.jpg","contentUrl":"https:\/\/fjala.info\/2009-2015\/wp-content\/uploads\/2012\/02\/arben_cokaj-120x150.jpg","caption":"admin"},"description":"Admin, Fjala e Lir\u00eb","sameAs":["https:\/\/fjala.info\/"],"url":"https:\/\/fjala.info\/2009-2015\/author\/admin\/"}]}},"_links":{"self":[{"href":"https:\/\/fjala.info\/2009-2015\/wp-json\/wp\/v2\/posts\/2169","targetHints":{"allow":["GET"]}}],"collection":[{"href":"https:\/\/fjala.info\/2009-2015\/wp-json\/wp\/v2\/posts"}],"about":[{"href":"https:\/\/fjala.info\/2009-2015\/wp-json\/wp\/v2\/types\/post"}],"author":[{"embeddable":true,"href":"https:\/\/fjala.info\/2009-2015\/wp-json\/wp\/v2\/users\/1"}],"replies":[{"embeddable":true,"href":"https:\/\/fjala.info\/2009-2015\/wp-json\/wp\/v2\/comments?post=2169"}],"version-history":[{"count":0,"href":"https:\/\/fjala.info\/2009-2015\/wp-json\/wp\/v2\/posts\/2169\/revisions"}],"wp:attachment":[{"href":"https:\/\/fjala.info\/2009-2015\/wp-json\/wp\/v2\/media?parent=2169"}],"wp:term":[{"taxonomy":"category","embeddable":true,"href":"https:\/\/fjala.info\/2009-2015\/wp-json\/wp\/v2\/categories?post=2169"},{"taxonomy":"post_tag","embeddable":true,"href":"https:\/\/fjala.info\/2009-2015\/wp-json\/wp\/v2\/tags?post=2169"}],"curies":[{"name":"wp","href":"https:\/\/api.w.org\/{rel}","templated":true}]}}