{"id":2164,"date":"2010-04-09T00:01:15","date_gmt":"2010-04-08T23:01:15","guid":{"rendered":"http:\/\/fjala.shkoder.net\/?p=2164"},"modified":"2010-04-09T00:01:15","modified_gmt":"2010-04-08T23:01:15","slug":"tuxhar-bajrakesh","status":"publish","type":"post","link":"https:\/\/fjala.info\/2009-2015\/tuxhar-bajrakesh\/","title":{"rendered":"Tuxhar Bajrak\u00ebsh"},"content":{"rendered":"<p>Shkruan: <strong>Fran Tanushi<\/strong><\/p>\n<p>Kur v\u00ebndos\u00ebm q\u00eb hyrj\u00ebn e k\u00ebtij shkrimi ta fillojm\u00eb m\u00eb nj\u00eb fjal\u00eb t\u00eb huaj q\u00eb ashtu sikurse shum\u00eb t\u00eb tjera ka nx\u00ebn\u00eb v\u00ebnd pa nevoj\u00eb n\u00eb fjalorin ton\u00eb jo vetem popullor, nuk e pat\u00ebm si synim t\u00eb v\u00ebjm\u00eb n\u00eb thumb barbarizmat q\u00eb lodrojn\u00eb n\u00ebper fushat tona letraro-gjuh\u00ebsore sikur t\u00eb ishin n\u00eb l\u00ebm\u00ebn e babait t\u00eb gj\u00ebnez\u00ebs s\u00eb tyre. Rasti si baba i ndodhirave erdhi aty nga fillimi i viteve t\u00eb shtat\u00ebdhjeta, gjat\u00eb nj\u00eb shk\u00ebmbimi fjal\u00ebsh q\u00eb kish\u00ebm m\u00eb gjyshin tim &#8211; tanim t\u00eb ndjer\u00eb.<\/p>\n<p>Atij moti im At m\u00eb kishte sjell\u00eb nga bota e lir\u00eb, disa tituj t\u00eb veprave t\u00eb ndaluara p\u00ebr at\u00eb koh\u00eb tek ne, mes t\u00eb cilave ishte edhe ajo e Koliqit Tregtar Flamujsh, q\u00eb u b\u00eb edhe shkaku i fillimit t\u00eb ketij shkrimi.<\/p>\n<p>Derisa lexoja k\u00ebte vep\u00ebr t\u00eb preferuar,gjyshi nga kureshtja m\u00eb \u00ebsht\u00eb afruar e m\u00eb pyeti se \u00e7&#8217;far\u00eb po lexoja? Mbasi i rr\u00ebfeva p\u00ebr titullin dhe autorin e librit q\u00eb kish\u00ebm n\u00eb dor\u00eb, murmuriti di\u00e7ka n\u00ebn buz\u00eb, ku nga ndrydheja e asaj q\u00eb zihej n\u00ebn pesh\u00ebn e r\u00ebnd\u00eb t\u00eb atyre pak dh\u00ebmb\u00ebve q\u00eb i kshin mbetur akoma n\u00eb goj\u00eb, m\u00eb v\u00ebshtirsi kuptova at\u00eb q\u00eb e tha:Tuxhar Bajrakesh.<\/p>\n<p>Un\u00eb m\u00eb kot tentoja ta bind se \u00ebsht\u00eb fjala p\u00ebr vepr\u00ebn e Ernest Koliqit Tregtar Flamujsh, ai prap n\u00eb t\u00eb vet\u00ebn murmuriste, gjersa n\u00eb fund shtoj,:t\u00eb kuptova por edhe di\u00e7ka nuk po mund t\u00eb bindem. Ai kur e ka shkrue nuk ka dasht t\u00eb thot\u00eb se duhet te b\u00ebjm\u00eb tregti m\u00eb Flamur por t\u00eb heqim dor\u00eb nga pazaret e tilla, kurse un\u00eb druaj se ka e do t\u00eb k\u00ebt\u00eb njerz t\u00eb till\u00eb q\u00eb p\u00ebr fitim tuxharlleku do t\u00eb b\u00ebjn\u00eb pazare edhe m\u00eb bajrak.<\/p>\n<p>Sa profetike m\u00eb kan\u00eb dalur fjal\u00ebt e gjyshit tim,por m\u00eb d\u00ebshir\u00ebn m\u00eb t\u00eb madhe nuk do t\u00eb doja edhe ket\u00eb her\u00eb.Pas \u00e7erek shekulli t\u00eb amshimit t\u00eb tij prap t\u00eb b\u00ebhej realitet jo nj\u00eb deshir\u00eb por dyshimi i tij p\u00ebr disa tipa karieristesh m\u00eb etje ekzibicioniste.As ai e askush tjet\u00ebr nuk do t\u00eb d\u00ebshironte ket\u00eb. Kjo ndodhi e po ndodh n\u00eb motin e madh\u00eb t\u00eb \u00ebndrrave t\u00eb t\u00eb gjithe atyre brezave q\u00eb linden u rriten dhe u shuan p\u00ebr komb e flamur.<\/p>\n<p>M\u00eb pavarsin\u00eb e Kosoves krahas hapave t\u00eb tjer\u00eb shtetror q\u00eb duhej nd\u00ebrmarr, u ndij\u00eb nevoja edhe p\u00ebr\u00eb simbolet e shtetit t\u00eb ri. Dakort. Na duhen. Por kur m\u00eb par\u00eb shfaqeshin ide dhe nisiativa p\u00ebr k\u00ebta hapa, hingellonin ,,gomeret\u201d, m\u00eb plot goj\u00ebn patriotizem sharlatan n\u00eb mbrojtje t\u00eb Flamurit dh\u00eb identitetit komb\u00ebtar t\u00eb kutit t\u00eb tyre. P\u00ebrgaditjet dh\u00eb studimet q\u00eb ishin b\u00ebr\u00eb p\u00ebr publikimin e Flamurit t\u00eb Dardanis\u00eb nuk e pranuan si t\u00eb vetin, populli thot\u00eb: Kush nuk e do n\u00ebn\u00ebn do njerk\u00ebn, dh\u00eb k\u00ebshtu ndodhi.<\/p>\n<p>Ata q\u00eb trumbetonin n\u00eb em\u00ebr t\u00eb Flamurit Komb\u00ebtar, n\u00eb v\u00ebnd t\u00eb atij m\u00eb shqiponj\u00eb e m\u00eb stem\u00ebn e Dardanis\u00eb Antike, e pranuan nj\u00eb Flamur q\u00eb nuk ka asgj\u00eb t\u00eb p\u00ebrbashk\u00ebt m\u00eb at\u00eb Komb\u00ebtar, m\u00eb at\u00eb Flamur m\u00eb t\u00eb cilin filluan dh\u00eb u fituan sa e sa luft\u00ebra m\u00eb ate Flamur p\u00ebr t\u00eb cilen u shuan sa e sa jet\u00eb, p\u00ebr at\u00eb Flamur p\u00ebr t\u00eb cilin u b\u00ebn\u00eb sa e sa vite burgje t\u00eb renda q\u00eb ai t\u00eb mos ul\u00ebt por\u00eb s\u00eb bashku m\u00eb shqipen t\u00eb valojn t\u00eb lir\u00eb mbi k\u00ebto troje s\u00eb t\u00eb vetat i ka.<\/p>\n<p>Sot na afrohet nj\u00eb simbol,,flamuri \u201cq\u00eb m\u00eb shum\u00eb i perngjan nj\u00eb simboli kadastral se sa nacional. Ky duk\u00ebt do t\u00eb jet\u00eb fillimi, kurse nes\u00ebr do t\u00eb na k\u00ebrkohet edhe m\u00eb shum\u00eb,ndoshta edhe t\u00eb tjetersohemi por tani jo nga dhuna, por nga patriot\u00ebt tan\u00eb q\u00eb fryh\u00ebn si kunguj se kush po del m\u00eb tolerant se shoqi n\u00eb leshime e toleranc\u00eb gjer\u00eb edhe n\u00eb p\u00ebrkdhelje t\u00eb atyre q\u00eb dogjen e poqen jo vetem guret e malit. Nd\u00ebrroni e veproni se shkurt do e keni, m\u00eb k\u00ebta hapa q\u00eb merrni nuk gjykoni vet\u00ebm vet\u00ebn tuaj por edhe brezat mbrapa.<\/p>\n<p>Edhe di\u00e7ka nuk harruat dh\u00eb, n\u00eb prezentimin e tij t\u00eb na e kujtoni s\u00eb p\u00ebr k\u00ebt\u00eb Flamur u derdh gjak. Po p\u00ebr cilin, flamur\u201d ore? Pse nuk zgjidhni fjalor, p\u00ebrse g\u00ebnjeni, po pyetni familjet e d\u00ebshmorve e invalideve, pyetni veteranet e resistences gjat\u00eb dekadave p\u00ebr cilin flamur u luftua e m\u00eb cilin ishin n\u00eb fronte luftash Ju edhe mund t\u00eb ishit udh\u00ebheq\u00ebs lufte, por jo n\u00eb b\u00ebteja se do ta kishit par\u00eb se cili flamur u printe luft\u00ebtarve.<\/p>\n<p>Keni q\u00ebn\u00eb n\u00ebper zyre e kancellari e nuk e keni par\u00eb, ndoshta e keni par\u00eb por tani g\u00ebnjeni s\u00eb p\u00ebr ket\u00eb flamur u luftua, e ndegjuam nga goja e juaj kur e that\u00eb, po si do ti p\u00ebrgjigjeni luftetarve e veteraneve n\u00eb Kosoven lindore n\u00eb Iliride n\u00eb Malsi t\u00eb madhe n\u00eb Shqiperin\u00eb administrative n\u00eb Diaspor\u00eb e gjithandej nga erdh\u00ebn vullnetar\u00ebt, jo n\u00eb zyret e juaja por n\u00eb front lufte.<\/p>\n<p>Ndoshta keni vizione t\u00eb mrekullueshme, doni t\u00eb krijoni njerzit thue ne jemi bisha, doni t\u00eb krijoni kombe thue ne jemi t\u00eb shartuem, doni t\u00eb krijoni identitet thua nuk patem kurr\u00eb. Kosova e vogel m\u00eb z\u00ebm\u00ebr t\u00eb madhe, t\u00eb gjitha kombet e bot\u00ebs mbrend\u00eb, t\u00eb gjitha simbolet e bot\u00ebs i ka, edhe t\u00eb atyre q\u00eb nuk e din\u00eb akoma kush jan\u00eb e nga vijn\u00eb, e vet\u00ebm at\u00eb shqiptar jo. A ky esht\u00eb vizioni p\u00ebr t\u00eb cilin u sakrifikua aq shum\u00eb? N\u00eb nj\u00eb shkrim t\u00eb m\u00ebhershem duke e ndjer\u00eb se si do na punojn\u00eb kjo sort\u00eb e politikan\u00ebve pata l\u00ebshue nj\u00eb lutje si porosi, q\u00eb t\u00eb mos na vrisni \u00ebndrrat.<\/p>\n<p>Me ju nuk fillon kombi as historia ju jeni vet\u00ebm diletantat , ata tregtaret e simboleve dhe identitetit komb\u00ebtar.<br \/>\nIm gjysh, k\u00ebt\u00eb sort\u00eb prap do ti quante tuxhar bajrakesh.<br \/>\nBotuar m\u00eb par\u00eb tek revista libertas<\/p>\n<p>WWW.REVISTALIBERTAS.NET<\/p>\n","protected":false},"excerpt":{"rendered":"<p>Shkruan: Fran Tanushi Kur v\u00ebndos\u00ebm q\u00eb hyrj\u00ebn e k\u00ebtij shkrimi ta fillojm\u00eb m\u00eb nj\u00eb fjal\u00eb t\u00eb huaj q\u00eb ashtu sikurse shum\u00eb t\u00eb tjera ka nx\u00ebn\u00eb v\u00ebnd pa nevoj\u00eb n\u00eb fjalorin ton\u00eb jo vetem popullor, nuk e pat\u00ebm si synim t\u00eb v\u00ebjm\u00eb n\u00eb thumb barbarizmat q\u00eb lodrojn\u00eb n\u00ebper fushat tona letraro-gjuh\u00ebsore sikur t\u00eb ishin n\u00eb l\u00ebm\u00ebn [&hellip;]<\/p>\n","protected":false},"author":1,"featured_media":0,"comment_status":"open","ping_status":"closed","sticky":false,"template":"","format":"standard","meta":{"footnotes":""},"categories":[2],"tags":[],"class_list":{"0":"post-2164","1":"post","2":"type-post","3":"status-publish","4":"format-standard","6":"category-artikuj"},"yoast_head":"<!-- This site is optimized with the Yoast SEO plugin v27.4 - https:\/\/yoast.com\/product\/yoast-seo-wordpress\/ -->\n<title>Tuxhar Bajrak\u00ebsh - FjALA e LIR\u00cb - Arkivi<\/title>\n<meta name=\"robots\" content=\"index, follow, max-snippet:-1, max-image-preview:large, max-video-preview:-1\" \/>\n<link rel=\"canonical\" href=\"https:\/\/fjala.info\/2009-2015\/tuxhar-bajrakesh\/\" \/>\n<meta property=\"og:locale\" content=\"sq_AL\" \/>\n<meta property=\"og:type\" content=\"article\" \/>\n<meta property=\"og:title\" content=\"Tuxhar Bajrak\u00ebsh - FjALA e LIR\u00cb - Arkivi\" \/>\n<meta property=\"og:description\" content=\"Shkruan: Fran Tanushi Kur v\u00ebndos\u00ebm q\u00eb hyrj\u00ebn e k\u00ebtij shkrimi ta fillojm\u00eb m\u00eb nj\u00eb fjal\u00eb t\u00eb huaj q\u00eb ashtu sikurse shum\u00eb t\u00eb tjera ka nx\u00ebn\u00eb v\u00ebnd pa nevoj\u00eb n\u00eb fjalorin ton\u00eb jo vetem popullor, nuk e pat\u00ebm si synim t\u00eb v\u00ebjm\u00eb n\u00eb thumb barbarizmat q\u00eb lodrojn\u00eb n\u00ebper fushat tona letraro-gjuh\u00ebsore sikur t\u00eb ishin n\u00eb l\u00ebm\u00ebn [&hellip;]\" \/>\n<meta property=\"og:url\" content=\"https:\/\/fjala.info\/2009-2015\/tuxhar-bajrakesh\/\" \/>\n<meta property=\"og:site_name\" content=\"FjALA e LIR\u00cb - Arkivi\" \/>\n<meta property=\"article:published_time\" content=\"2010-04-08T23:01:15+00:00\" \/>\n<meta name=\"author\" content=\"admin\" \/>\n<meta name=\"twitter:card\" content=\"summary_large_image\" \/>\n<meta name=\"twitter:label1\" content=\"Written by\" \/>\n\t<meta name=\"twitter:data1\" content=\"admin\" \/>\n\t<meta name=\"twitter:label2\" content=\"Est. reading time\" \/>\n\t<meta name=\"twitter:data2\" content=\"5 minutes\" \/>\n<script type=\"application\/ld+json\" class=\"yoast-schema-graph\">{\"@context\":\"https:\\\/\\\/schema.org\",\"@graph\":[{\"@type\":\"Article\",\"@id\":\"https:\\\/\\\/fjala.info\\\/2009-2015\\\/tuxhar-bajrakesh\\\/#article\",\"isPartOf\":{\"@id\":\"https:\\\/\\\/fjala.info\\\/2009-2015\\\/tuxhar-bajrakesh\\\/\"},\"author\":{\"name\":\"admin\",\"@id\":\"https:\\\/\\\/fjala.info\\\/2009-2015\\\/#\\\/schema\\\/person\\\/3aa1163ef05469c496fc94e77611ada2\"},\"headline\":\"Tuxhar Bajrak\u00ebsh\",\"datePublished\":\"2010-04-08T23:01:15+00:00\",\"mainEntityOfPage\":{\"@id\":\"https:\\\/\\\/fjala.info\\\/2009-2015\\\/tuxhar-bajrakesh\\\/\"},\"wordCount\":1053,\"commentCount\":0,\"publisher\":{\"@id\":\"https:\\\/\\\/fjala.info\\\/2009-2015\\\/#organization\"},\"articleSection\":[\"Artikuj\"],\"inLanguage\":\"sq-AL\",\"potentialAction\":[{\"@type\":\"CommentAction\",\"name\":\"Comment\",\"target\":[\"https:\\\/\\\/fjala.info\\\/2009-2015\\\/tuxhar-bajrakesh\\\/#respond\"]}]},{\"@type\":\"WebPage\",\"@id\":\"https:\\\/\\\/fjala.info\\\/2009-2015\\\/tuxhar-bajrakesh\\\/\",\"url\":\"https:\\\/\\\/fjala.info\\\/2009-2015\\\/tuxhar-bajrakesh\\\/\",\"name\":\"Tuxhar Bajrak\u00ebsh - FjALA e LIR\u00cb - Arkivi\",\"isPartOf\":{\"@id\":\"https:\\\/\\\/fjala.info\\\/2009-2015\\\/#website\"},\"datePublished\":\"2010-04-08T23:01:15+00:00\",\"breadcrumb\":{\"@id\":\"https:\\\/\\\/fjala.info\\\/2009-2015\\\/tuxhar-bajrakesh\\\/#breadcrumb\"},\"inLanguage\":\"sq-AL\",\"potentialAction\":[{\"@type\":\"ReadAction\",\"target\":[\"https:\\\/\\\/fjala.info\\\/2009-2015\\\/tuxhar-bajrakesh\\\/\"]}]},{\"@type\":\"BreadcrumbList\",\"@id\":\"https:\\\/\\\/fjala.info\\\/2009-2015\\\/tuxhar-bajrakesh\\\/#breadcrumb\",\"itemListElement\":[{\"@type\":\"ListItem\",\"position\":1,\"name\":\"Home\",\"item\":\"https:\\\/\\\/fjala.info\\\/2009-2015\\\/\"},{\"@type\":\"ListItem\",\"position\":2,\"name\":\"Tuxhar Bajrak\u00ebsh\"}]},{\"@type\":\"WebSite\",\"@id\":\"https:\\\/\\\/fjala.info\\\/2009-2015\\\/#website\",\"url\":\"https:\\\/\\\/fjala.info\\\/2009-2015\\\/\",\"name\":\"FjALA e LIR\u00cb - Arkivi\",\"description\":\"Arkivi 2009-2015\",\"publisher\":{\"@id\":\"https:\\\/\\\/fjala.info\\\/2009-2015\\\/#organization\"},\"potentialAction\":[{\"@type\":\"SearchAction\",\"target\":{\"@type\":\"EntryPoint\",\"urlTemplate\":\"https:\\\/\\\/fjala.info\\\/2009-2015\\\/?s={search_term_string}\"},\"query-input\":{\"@type\":\"PropertyValueSpecification\",\"valueRequired\":true,\"valueName\":\"search_term_string\"}}],\"inLanguage\":\"sq-AL\"},{\"@type\":\"Organization\",\"@id\":\"https:\\\/\\\/fjala.info\\\/2009-2015\\\/#organization\",\"name\":\"FjALA e LIR\u00cb - Arkivi\",\"url\":\"https:\\\/\\\/fjala.info\\\/2009-2015\\\/\",\"logo\":{\"@type\":\"ImageObject\",\"inLanguage\":\"sq-AL\",\"@id\":\"https:\\\/\\\/fjala.info\\\/2009-2015\\\/#\\\/schema\\\/logo\\\/image\\\/\",\"url\":\"\",\"contentUrl\":\"\",\"caption\":\"FjALA e LIR\u00cb - Arkivi\"},\"image\":{\"@id\":\"https:\\\/\\\/fjala.info\\\/2009-2015\\\/#\\\/schema\\\/logo\\\/image\\\/\"}},{\"@type\":\"Person\",\"@id\":\"https:\\\/\\\/fjala.info\\\/2009-2015\\\/#\\\/schema\\\/person\\\/3aa1163ef05469c496fc94e77611ada2\",\"name\":\"admin\",\"image\":{\"@type\":\"ImageObject\",\"inLanguage\":\"sq-AL\",\"@id\":\"https:\\\/\\\/fjala.info\\\/2009-2015\\\/wp-content\\\/uploads\\\/2012\\\/02\\\/arben_cokaj-120x150.jpg\",\"url\":\"https:\\\/\\\/fjala.info\\\/2009-2015\\\/wp-content\\\/uploads\\\/2012\\\/02\\\/arben_cokaj-120x150.jpg\",\"contentUrl\":\"https:\\\/\\\/fjala.info\\\/2009-2015\\\/wp-content\\\/uploads\\\/2012\\\/02\\\/arben_cokaj-120x150.jpg\",\"caption\":\"admin\"},\"description\":\"Admin, Fjala e Lir\u00eb\",\"sameAs\":[\"https:\\\/\\\/fjala.info\\\/\"],\"url\":\"https:\\\/\\\/fjala.info\\\/2009-2015\\\/author\\\/admin\\\/\"}]}<\/script>\n<!-- \/ Yoast SEO plugin. -->","yoast_head_json":{"title":"Tuxhar Bajrak\u00ebsh - FjALA e LIR\u00cb - Arkivi","robots":{"index":"index","follow":"follow","max-snippet":"max-snippet:-1","max-image-preview":"max-image-preview:large","max-video-preview":"max-video-preview:-1"},"canonical":"https:\/\/fjala.info\/2009-2015\/tuxhar-bajrakesh\/","og_locale":"sq_AL","og_type":"article","og_title":"Tuxhar Bajrak\u00ebsh - FjALA e LIR\u00cb - Arkivi","og_description":"Shkruan: Fran Tanushi Kur v\u00ebndos\u00ebm q\u00eb hyrj\u00ebn e k\u00ebtij shkrimi ta fillojm\u00eb m\u00eb nj\u00eb fjal\u00eb t\u00eb huaj q\u00eb ashtu sikurse shum\u00eb t\u00eb tjera ka nx\u00ebn\u00eb v\u00ebnd pa nevoj\u00eb n\u00eb fjalorin ton\u00eb jo vetem popullor, nuk e pat\u00ebm si synim t\u00eb v\u00ebjm\u00eb n\u00eb thumb barbarizmat q\u00eb lodrojn\u00eb n\u00ebper fushat tona letraro-gjuh\u00ebsore sikur t\u00eb ishin n\u00eb l\u00ebm\u00ebn [&hellip;]","og_url":"https:\/\/fjala.info\/2009-2015\/tuxhar-bajrakesh\/","og_site_name":"FjALA e LIR\u00cb - Arkivi","article_published_time":"2010-04-08T23:01:15+00:00","author":"admin","twitter_card":"summary_large_image","twitter_misc":{"Written by":"admin","Est. reading time":"5 minutes"},"schema":{"@context":"https:\/\/schema.org","@graph":[{"@type":"Article","@id":"https:\/\/fjala.info\/2009-2015\/tuxhar-bajrakesh\/#article","isPartOf":{"@id":"https:\/\/fjala.info\/2009-2015\/tuxhar-bajrakesh\/"},"author":{"name":"admin","@id":"https:\/\/fjala.info\/2009-2015\/#\/schema\/person\/3aa1163ef05469c496fc94e77611ada2"},"headline":"Tuxhar Bajrak\u00ebsh","datePublished":"2010-04-08T23:01:15+00:00","mainEntityOfPage":{"@id":"https:\/\/fjala.info\/2009-2015\/tuxhar-bajrakesh\/"},"wordCount":1053,"commentCount":0,"publisher":{"@id":"https:\/\/fjala.info\/2009-2015\/#organization"},"articleSection":["Artikuj"],"inLanguage":"sq-AL","potentialAction":[{"@type":"CommentAction","name":"Comment","target":["https:\/\/fjala.info\/2009-2015\/tuxhar-bajrakesh\/#respond"]}]},{"@type":"WebPage","@id":"https:\/\/fjala.info\/2009-2015\/tuxhar-bajrakesh\/","url":"https:\/\/fjala.info\/2009-2015\/tuxhar-bajrakesh\/","name":"Tuxhar Bajrak\u00ebsh - FjALA e LIR\u00cb - Arkivi","isPartOf":{"@id":"https:\/\/fjala.info\/2009-2015\/#website"},"datePublished":"2010-04-08T23:01:15+00:00","breadcrumb":{"@id":"https:\/\/fjala.info\/2009-2015\/tuxhar-bajrakesh\/#breadcrumb"},"inLanguage":"sq-AL","potentialAction":[{"@type":"ReadAction","target":["https:\/\/fjala.info\/2009-2015\/tuxhar-bajrakesh\/"]}]},{"@type":"BreadcrumbList","@id":"https:\/\/fjala.info\/2009-2015\/tuxhar-bajrakesh\/#breadcrumb","itemListElement":[{"@type":"ListItem","position":1,"name":"Home","item":"https:\/\/fjala.info\/2009-2015\/"},{"@type":"ListItem","position":2,"name":"Tuxhar Bajrak\u00ebsh"}]},{"@type":"WebSite","@id":"https:\/\/fjala.info\/2009-2015\/#website","url":"https:\/\/fjala.info\/2009-2015\/","name":"FjALA e LIR\u00cb - Arkivi","description":"Arkivi 2009-2015","publisher":{"@id":"https:\/\/fjala.info\/2009-2015\/#organization"},"potentialAction":[{"@type":"SearchAction","target":{"@type":"EntryPoint","urlTemplate":"https:\/\/fjala.info\/2009-2015\/?s={search_term_string}"},"query-input":{"@type":"PropertyValueSpecification","valueRequired":true,"valueName":"search_term_string"}}],"inLanguage":"sq-AL"},{"@type":"Organization","@id":"https:\/\/fjala.info\/2009-2015\/#organization","name":"FjALA e LIR\u00cb - Arkivi","url":"https:\/\/fjala.info\/2009-2015\/","logo":{"@type":"ImageObject","inLanguage":"sq-AL","@id":"https:\/\/fjala.info\/2009-2015\/#\/schema\/logo\/image\/","url":"","contentUrl":"","caption":"FjALA e LIR\u00cb - Arkivi"},"image":{"@id":"https:\/\/fjala.info\/2009-2015\/#\/schema\/logo\/image\/"}},{"@type":"Person","@id":"https:\/\/fjala.info\/2009-2015\/#\/schema\/person\/3aa1163ef05469c496fc94e77611ada2","name":"admin","image":{"@type":"ImageObject","inLanguage":"sq-AL","@id":"https:\/\/fjala.info\/2009-2015\/wp-content\/uploads\/2012\/02\/arben_cokaj-120x150.jpg","url":"https:\/\/fjala.info\/2009-2015\/wp-content\/uploads\/2012\/02\/arben_cokaj-120x150.jpg","contentUrl":"https:\/\/fjala.info\/2009-2015\/wp-content\/uploads\/2012\/02\/arben_cokaj-120x150.jpg","caption":"admin"},"description":"Admin, Fjala e Lir\u00eb","sameAs":["https:\/\/fjala.info\/"],"url":"https:\/\/fjala.info\/2009-2015\/author\/admin\/"}]}},"_links":{"self":[{"href":"https:\/\/fjala.info\/2009-2015\/wp-json\/wp\/v2\/posts\/2164","targetHints":{"allow":["GET"]}}],"collection":[{"href":"https:\/\/fjala.info\/2009-2015\/wp-json\/wp\/v2\/posts"}],"about":[{"href":"https:\/\/fjala.info\/2009-2015\/wp-json\/wp\/v2\/types\/post"}],"author":[{"embeddable":true,"href":"https:\/\/fjala.info\/2009-2015\/wp-json\/wp\/v2\/users\/1"}],"replies":[{"embeddable":true,"href":"https:\/\/fjala.info\/2009-2015\/wp-json\/wp\/v2\/comments?post=2164"}],"version-history":[{"count":0,"href":"https:\/\/fjala.info\/2009-2015\/wp-json\/wp\/v2\/posts\/2164\/revisions"}],"wp:attachment":[{"href":"https:\/\/fjala.info\/2009-2015\/wp-json\/wp\/v2\/media?parent=2164"}],"wp:term":[{"taxonomy":"category","embeddable":true,"href":"https:\/\/fjala.info\/2009-2015\/wp-json\/wp\/v2\/categories?post=2164"},{"taxonomy":"post_tag","embeddable":true,"href":"https:\/\/fjala.info\/2009-2015\/wp-json\/wp\/v2\/tags?post=2164"}],"curies":[{"name":"wp","href":"https:\/\/api.w.org\/{rel}","templated":true}]}}