{"id":2163,"date":"2012-03-13T10:08:41","date_gmt":"2012-03-13T09:08:41","guid":{"rendered":"http:\/\/fjala.shkoder.net\/?p=2163"},"modified":"2012-03-13T10:08:41","modified_gmt":"2012-03-13T09:08:41","slug":"veteshpallja-e-nanos-president","status":"publish","type":"post","link":"https:\/\/fjala.info\/2009-2015\/veteshpallja-e-nanos-president\/","title":{"rendered":"Vet\u00ebshpallja e Nanos president"},"content":{"rendered":"<p><img decoding=\"async\" class=\"alignright size-thumbnail wp-image-7236\" title=\"Nano - Berisha - Meta\" src=\"http:\/\/www.shkoder.net\/2012\/nano_berisha_meta.jpg\" alt=\"\" width=\"200\" \/> Nga <strong>Fiqiri Xibri<\/strong>, <em>13 Mars 2012<\/em><\/p>\n<p><strong>Vet\u00ebshpallja<\/strong><\/p>\n<p>Kur Fatos Nano nj\u00eb dit\u00eb t\u00eb bukur u vet\u00ebshpall kandidatur\u00eb p\u00ebr presidentin e ardhsh\u00ebm, shum\u00ebkush prej shqiptar\u00ebve e mori si nj\u00eb lajthitje nga ana e tij. Dikush u shpreh se do t\u00eb ket\u00eb qen\u00eb n\u00eb momente eksitimi nga drogat e forta dhe dikush tjet\u00ebr tha se do ken\u00eb qen\u00eb \u00e7aste pas humbjes s\u00eb nj\u00eb shume t\u00eb r\u00ebnd\u00eb parash n\u00eb kazino. U tha e \u00e7far\u00eb nuk u tha. Thashetheme hesapi.<\/p>\n<p>Gazetar\u00ebt tan\u00eb t\u00eb nderuar, q\u00eb mezi \u00e7\u2019presin sebep p\u00ebr t\u00eb prodhuar t\u00eb par\u00ebt ndonj\u00eb lajm bombastik, i dhan\u00eb thashethemeve hap\u00ebsir\u00eb p\u00ebr diskutim. Testuan mendime dhe q\u00ebndrime t\u00eb mundshme eksponentesh nga t\u00eb gjith\u00eb faktor\u00ebt politik\u00eb.<\/p>\n<p>Ashtu si padashur, gjys\u00ebm spontanisht e gjys\u00ebm me plan ju b\u00eb e qart\u00eb opinionit publik, se asnj\u00eb nga pecco grossot e politik\u00ebs shqiptare nuk e merrte vet\u00ebshpalljen e Nanos kandidat presidencial me seriozitetin e alternativ\u00ebs. Berisha e kishte t\u00eb qart\u00eb se presidenti ishte domosdoshm\u00ebri p\u00ebr mbijetes\u00ebn e tij dhe nuk ishte v\u00ebndi, ku mund t\u00eb shtrydhte m\u00eb di\u00e7ka prej Nanos, nd\u00ebrkoh\u00eb q\u00eb Rama nuk kishte hall t\u00eb hapte vet\u00eb rrug\u00ebn p\u00ebr tu shtrydhur nga Nano. \u00c7ka flitej n\u00eb kampin e Metacak\u00ebve nuk p\u00ebrfillej nga opinioni.<\/p>\n<p><strong>Z\u00ebra nga brenda PS<\/strong><\/p>\n<p>Por gazetar\u00ebt jan\u00eb njer\u00ebz q\u00eb nuk lodhen kollaj. Me kalimin e dit\u00ebve dhe n\u00eb turbullir\u00ebn q\u00eb p\u00ebrzieu edhe ambasadori Arvizu duke darkuar me Nanon, gazetar\u00ebt vazhdojn\u00eb testimet dhe durimi i tyre shp\u00ebrblehet. Diku q\u00ebmtojn\u00eb nj\u00eb z\u00eb t\u00eb njohur nga PS-ja q\u00eb e relativizon kandidimin p\u00ebr president t\u00eb Nanos deri n\u00eb kufirin midis t\u00eb mundshmes dhe t\u00eb pranueshmes.<\/p>\n<p>Q\u00ebmtimi ka ndodhur n\u00eb nj\u00eb emision t\u00eb njohur televiziv. B\u00ebri buj\u00eb. \u00ab \u00c7\u2019\u00ebsht\u00eb kjo fjal\u00eb ?!\u00bb \u2013 pyetja q\u00eb d\u00ebgjohej nga t\u00eb kat\u00ebr an\u00ebt e nj\u00eb opinioni gjith\u00eb sy e vesh\u00eb. M\u00eb t\u00eb shumtit ran\u00eb dakord n\u00eb diskutimet e tyre t\u00eb gjata, se ky z\u00eb ishte thjesht nj\u00eb lapsus personal dhe nuk shprehte mund\u00ebsin\u00eb e ndryshimit t\u00eb q\u00ebndrimit t\u00eb PS ndaj provokacionit t\u00eb Nanos.<\/p>\n<p>Jo se domosdo PS-ja duhet t\u00eb mbante q\u00ebndrim publik ndaj k\u00ebtij z\u00ebri, fundja nj\u00eb intervist\u00eb personale ishte. Megjithat\u00eb, p\u00ebrfshihet apo jo n\u00eb statutin e partis\u00eb, mbetet thuajse e vulosur si aksiom\u00eb morale dhe llogjike, q\u00eb nj\u00eb p\u00ebrfaqsues i lart\u00eb i nj\u00eb partie, p\u00ebr \u00e7\u00ebshtje t\u00eb mprehta politike, nuk mund t\u00eb diskutoj\u00eb n\u00eb publik jasht\u00eb ravij\u00ebzimeve t\u00eb m\u00ebher\u00ebshme q\u00eb partia e tij i ka dh\u00ebn\u00eb \u00e7\u00ebshtjes n\u00eb fjal\u00eb.<\/p>\n<p>Vijimisht, n\u00ebse ndodh k\u00ebshtu, duhet t\u00eb jet\u00eb e qart\u00eb p\u00ebr PS-n\u00eb, se mosmbajtja publikisht q\u00ebndrim ndaj atij \u00ab lapsusi \u00bb publik ndaj Nanos, shoq\u00ebrohet me kosto. Sepse nuk ka nj\u00eb argument mjaftueshm\u00ebrisht bind\u00ebs p\u00ebr t\u00eb pranuar, q\u00eb p\u00ebrderisa PS-ja nuk u prononcua, ai \u201cz\u00ebri\u201d ishte thjesht nj\u00eb lapsus personal. P\u00ebrkundrazi, heshtja e PS-s\u00eb n\u00ebnkuptohet n\u00eb m\u00eb t\u00eb shumt\u00ebn e konteksteve si pohim ose miratim, m\u00eb pak si dyshim ose testim n\u00eb kah t\u00eb kund\u00ebrt.<\/p>\n<p>Kostoja m\u00eb e r\u00ebnd\u00eb e mosmbajtjes q\u00ebndrim \u00ebsht\u00eb prodhim konfuzioni, i cili transmetohet me shpejt\u00ebsi nga jasht\u00eb partis\u00eb, br\u00ebnda saj, nga nj\u00eb z\u00eb personal i ve\u00e7uar, n\u00eb z\u00eb i mb\u00ebshtetur dhe e m\u00eb pas n\u00eb grup z\u00ebrash duke k\u00ebrkuar nj\u00eb dit\u00eb t\u00eb bukur t\u00eb zyrtarizohen si q\u00ebndrim real politik i partis\u00eb.<\/p>\n<p>Dhe n\u00eb fakt hapi i dyt\u00eb nuk vonoi. Relativisht shpejt zelli gazetaresk q\u00ebmtoi edhe nj\u00eb tjet\u00ebr z\u00eb nga PS-ja, i cili p\u00ebrmes nj\u00eb retorike t\u00eb qart\u00eb, e shnd\u00ebrroi \u201clapsusin\u201d, t\u00eb pakt\u00ebn parcialisht, n\u00eb nj\u00eb propozim p\u00ebr q\u00ebndrim t\u00eb PS.<\/p>\n<p>Ndon\u00ebse dukuria u shfaq p\u00ebr s\u00eb dyti, jo domosdo PS-ja duhet t\u00eb mbaj\u00eb q\u00ebndrim publik, por po aq e v\u00ebrtet\u00eb \u00ebsht\u00eb se kostoja e mosmbajtjes q\u00ebndrim shum\u00ebzohet. Opinioni \u00ebsht\u00eb shum\u00eb m\u00eb i prirur t\u00eb besoj\u00eb se q\u00ebndrimi politik i vet\u00eb PS ka ndryshuar kah dhe \u00ebsht\u00eb tani pro Nanos president.<\/p>\n<p>Megjithat\u00eb ka nj\u00eb zgjidhje tep\u00ebr t\u00eb thjesht\u00eb, q\u00eb e b\u00ebn krejt t\u00eb panevojshme mbajtjen e nj\u00eb q\u00ebndrimi partiak ndaj k\u00ebtyre z\u00ebrave personal\u00eb eksponent\u00ebsh partiak\u00eb pro Nanos president. Zgjidhja \u00ebsht\u00eb antikonformizmi nga pjesa tjet\u00ebr e partis\u00eb. Pra t\u00eb tjer\u00eb eksponent\u00eb duhet t\u00eb prononcohen n\u00eb m\u00ebnyr\u00eb kritike ndaj t\u00eb par\u00ebve, duke p\u00ebrs\u00ebritur argumentimin e mosaprovimit t\u00eb PS-s\u00eb p\u00ebr Nanon president ose duke e riargumentuar n\u00eb t\u00ebr\u00ebsin\u00eb e zhvillimeve m\u00eb t\u00eb fundit mosaprovimin p\u00ebr Nanon.<\/p>\n<p>N\u00eb k\u00ebt\u00eb rast, antikonformizmi nga personalitete t\u00eb tjera brenda PS, do qart\u00ebsonte opinionin publik, se nuk b\u00ebhet fjal\u00eb p\u00ebr ndryshim kursi t\u00eb PS ndaj Nanos, por thjesht polemik\u00eb k\u00ebndv\u00ebshtrimesh individuale.<\/p>\n<p>Mungesa e z\u00ebrave antikonformist\u00eb mund t\u00eb prodhoj\u00eb si pasoj\u00eb nj\u00eb lloj trysnie mbi organet vendimmarr\u00ebse t\u00eb PS, trysni q\u00eb fare kollaj mund t\u00eb amplifikohet nga rrethana ose nd\u00ebrfutje t\u00eb rastit, si\u00e7 p\u00ebr shembull darkimi Arvizu-Nano ose improvizime ekscentrike nga Berisha, dhe t\u00eb kishim k\u00ebshtu nga PS nj\u00eb q\u00ebndrim t\u00eb ri, q\u00eb toleron apo madje edhe mb\u00ebshtet kandidimin e Nanos.<\/p>\n<p><strong>Nanoiz\u00ebm p\u00ebr anti-berishiz\u00ebm ?<\/strong><\/p>\n<p>Ti kthehemi thashethemeve ose politik\u00ebs s\u00eb kafeneve. Ka edhe z\u00ebra q\u00eb p\u00ebrpiqen t\u00eb argumentojn\u00eb nevoj\u00ebn e PS p\u00ebr mb\u00ebshtetjen e Nanos, \u00e7ka do t\u00eb shtr\u00ebngonte Ram\u00ebn ti adresohet pragmatizmit duke pranuar Nanon president n\u00eb tkurrje t\u00eb \u201cPolitik\u00ebs s\u00eb Re\u201d dhe proklamimit programor \u201cP\u00ebr nj\u00eb Rilindje Shqiptare\u201d, n\u00eb k\u00ebmbim t\u00eb nj\u00eb sigurie m\u00eb t\u00eb shtuar p\u00ebr t\u00eb triumfuar me vot\u00eb ndaj korracat\u00ebs s\u00eb Berish\u00ebs. E th\u00ebn\u00eb ndryshe, nanoiz\u00ebm si pjes\u00eb e antiberishizmit.<\/p>\n<p>A ka shance reale p\u00ebr rifutjen n\u00eb loj\u00eb t\u00eb Nanos ? Por m\u00eb s\u00eb pari, a egziston m\u00eb nj\u00eb \u201ckart\u00eb Nano\u201d ?<\/p>\n<p>Tranzicioni i tejzgjatur dhe i pambyllur i politik\u00ebs shqiptare, pavar\u00ebsisht labirinteve ku ka kaluar, e ka mb\u00ebshtetur konkurenc\u00ebn politike kryesisht n\u00eb dy platforma. N\u00eb krijimin e kushteve p\u00ebr t\u00eb kopjuar e v\u00ebn\u00eb n\u00eb jet\u00eb modelin e demokracis\u00eb per\u00ebndimore dhe n\u00eb rr\u00ebnimin e profilit politik t\u00eb kund\u00ebrshtarit.<\/p>\n<p>N\u00eb kontekstin e dyt\u00eb, kemi par\u00eb se si Berisha p\u00ebrdori me shum\u00eb sukses kart\u00ebn e antikomunizmit dhe antidiktatur\u00ebs. Por duke qen\u00eb vet\u00eb nj\u00eb zgjatim gjenetik i atij sistemi, ai i xhiroi gomat n\u00eb t\u00eb njejtin mentalitet e n\u00eb t\u00eb nj\u00ebjtat metoda t\u00eb diktatur\u00ebs. Nd\u00ebrsa n\u00eb fush\u00ebn ekonomike masa dhe shpejt\u00ebsia e zhvillimit u frenuan brenda kornizave t\u00eb \u201cSkenar\u00ebve t\u00eb Katovic\u00ebs\u201c<\/p>\n<p>Kemi par\u00eb Nanon apo Met\u00ebn t\u00eb p\u00ebrdorin me po aq sukses kart\u00ebn e dhunimit t\u00eb shtetit ligjor dhe t\u00eb gangsterizimit t\u00eb ekonomis\u00eb s\u00eb lir\u00eb nga Berisha. Nj\u00eb 97 e llahtar\u00ebshme, pas s\u00eb cil\u00ebs vet\u00ebm nj\u00eb mendje e s\u00ebmur\u00eb mund t\u00eb p\u00ebrfytyronte se nj\u00eb rikthim i Berish\u00ebs dikur n\u00eb pushtet qenk\u00ebsh i mundur.<\/p>\n<p>E megjithat\u00eb, n\u00eb kund\u00ebrshtim me ligjet e psikologjis\u00eb kolektive, kemi par\u00eb Berish\u00ebn t\u00eb shfryt\u00ebzoj\u00eb n\u00eb ekstrem kart\u00ebn e antikorrupsionit t\u00eb shkaktuar nga qeverisjet Nano-Meta, t\u00eb cilat vijuan gjithashtu me nj\u00eb zbatim krijues t\u00eb Katovic\u00ebs. Popullit i kish ardhur maj\u00eb hund\u00ebs. Korrupsionin e ngritur n\u00eb sistem dhe barbarin\u00eb e reformave privatizuese, demagogogjia e Berish\u00ebs i sulmoi duke i p\u00ebrq\u00ebndruar rrusp\u00ebn dhe bataret\u00eb kryesisht mbi kokat zullumqare Meta e ve\u00e7an\u00ebrisht Nano. Fushata stigmatizuese arriti kulmin me \u00abNano ik !\u00bb. Aq e kish ntrashur zullumin Fatos Nano, saq\u00eb me \u00abNano ik !\u00bb u bashkuan edhe pjes\u00eb t\u00eb spikatura t\u00eb shoq\u00ebris\u00eb civile, t\u00eb cilat ishin n\u00eb fakt po aq kund\u00ebrshtues ndaj Nanobat\u00ebrdis\u00eb, sa edhe ndaj Berishokatrahur\u00ebs.<\/p>\n<p>Berisha nuk \u00ebsht\u00eb se mundi t\u00eb majt\u00ebn thjesht me vot\u00eb, por ashtu si\u00e7 Nano e meritonte, e p\u00ebrzuri at\u00eb nga pushteti. Nga ana tjet\u00ebr, Nano u kthye n\u00eb bishtkreh\u00ebs t\u00eb Berish\u00ebs, jo pse u mund, kjo aq i b\u00ebn nj\u00eb njeriu pa ideal si Nano, por sepse ishin bashk\u00ebpun\u00ebtor\u00eb n\u00eb zbatimin e Katovic\u00ebs shqiptare.<\/p>\n<p>\u00cbsht\u00eb e v\u00ebrtet\u00eb q\u00eb Nano ka arritur ti krijoj\u00eb disa her\u00eb \u00abzona t\u00eb zbrazura\u00bb Partis\u00eb Socialiste n\u00eb p\u00ebrballjen me shtet-pushtetin e Berish\u00ebs, pra kemi pasur n\u00eb duart e k\u00ebtij t\u00eb fundit edhe nj\u00eb \u00abkart\u00eb Nano\u00bb, vlera reale e s\u00eb cil\u00ebs p\u00ebr Berish\u00ebn ka zbritur pikiat\u00eb drejt zeros absolute.<\/p>\n<p>E si mundet pra t\u00eb ket\u00eb p\u00ebr PS-n\u00eb nj\u00eb \u00abkart\u00eb Nano\u00bb kund\u00ebr Berish\u00ebs ?!<br \/>\nAq m\u00eb pak nj\u00eb \u00abkart\u00eb Nano\u00bb asnj\u00eban\u00ebse, apo mbi pal\u00ebt.<br \/>\nKush do ishte garancia, se lloji Nano \u00abmbi pal\u00ebt\u00bb do ishte gjetja e duhur ?<br \/>\nGarant p\u00ebr Nanon ?!!!<br \/>\nEdhe sikur t\u00eb ekzistonte nj\u00eb garant, po moralit t\u00eb fabul\u00ebs, kush i del p\u00ebr zot ?<br \/>\n\u00c7do ta b\u00ebjm\u00eb \u00abSht\u00ebpin\u00eb e Bardh\u00eb\u00bb shqiptare, mejhane apo kazino ?<br \/>\nPo \u00abPolitik\u00ebn e Re\u00bb, n\u00eb cilin kosh ta hedhim ?<br \/>\nPo programin aq shpres\u00ebdh\u00ebn\u00ebs \u00abP\u00ebr nj\u00eb Rilindje Shqiptare\u00bb, kopil n\u00eb ferrat e Saliut do ta ripag\u00ebzojm\u00eb ?<br \/>\nPolitika \u00ebsht\u00eb v\u00ebrtet arti i kompromisit, por un\u00eb nuk di q\u00eb kompromisi t\u00eb jet\u00eb barazvler\u00ebs i pala\u00e7oll\u00ebkut.<\/p>\n<p><strong>Darkimi Arvizu \u2013 Nano<\/strong><\/p>\n<p>Nuk do kishim ar\u00ebsye se pse t\u00eb anatemonim at\u00eb darkim, i cili ndoshta ka qen\u00eb thjesht nj\u00eb kortezi pa komplekse mes ambasadorit m\u00eb t\u00eb r\u00ebnd\u00ebsish\u00ebm t\u00eb \u201ctrojk\u00ebs\u201d dhe ish 4 apo 5 her\u00eb kryeministrit Fatos Nano.<\/p>\n<p>Por ja q\u00eb ndoshta, ishte pik\u00ebrisht ky darkim i nj\u00eb natyre t\u00eb ve\u00e7ant\u00eb, n\u00eb rrethana gjithashtu t\u00eb ve\u00e7anta, q\u00eb rihapi tashm\u00eb t\u00eb mbyllurin diskutim mbi alternativ\u00ebn aliene \u00abNano President\u00bb dhe q\u00eb me gjas\u00eb zgjoi p\u00ebr prononcime z\u00ebra t\u00eb fjetur br\u00ebnda PS.<\/p>\n<p>Z. Arvizu \u00ebsht\u00eb ambasadori i aleatit m\u00eb dashamir\u00ebs t\u00eb Shqip\u00ebris\u00eb, t\u00eb shqiptar\u00ebve dhe demokracis\u00eb n\u00eb Shqip\u00ebri, SHBA-s\u00eb. Si i till\u00eb ai meriton respektin dhe v\u00ebmendjen maksimale jo vet\u00ebm nga politika shqiptare, por edhe nga \u00e7do qytetar i aft\u00eb p\u00ebr t\u00eb menduar.<\/p>\n<p>Z. Arvizu \u00ebsht\u00eb nj\u00eb diplomat karriere me p\u00ebrvoj\u00eb t\u00eb gjat\u00eb edhe n\u00eb v\u00ebnde me kushte t\u00eb ngjashme politike me Shqip\u00ebrin\u00eb. Shto k\u00ebtu edhe koh\u00ebn e konsiderueshme n\u00eb Shqip\u00ebri, ku edhe p\u00ebr shkak t\u00eb dinamik\u00ebs marramend\u00ebse t\u00eb zhvillimeve politike ekscentrike zot\u00ebron tashm\u00eb nj\u00eb pjekuri t\u00eb admirueshme interferuese dhe k\u00ebshilluese.<\/p>\n<p>Por kjo megjithat\u00eb nuk do t\u00eb thot\u00eb pagabueshm\u00ebri absolute, n\u00ebse do i marrim t\u00eb mir\u00ebqena spekullimet apo insinuatat mediatike q\u00eb duan ta paraqesin darkimin si rekomandim t\u00eb SHBA-ve p\u00ebr Nanon si kandidat konsensual.<\/p>\n<p>Kt\u00eb radh\u00eb zgjedhja e presidentit nd\u00ebrthur aq shum\u00eb fije dhe \u00ebsht\u00eb mund\u00ebsi pik\u00ebnisjeje p\u00ebr zhvillime aq t\u00eb r\u00ebnd\u00ebsishme, saq\u00eb edhe n\u00ebse Nano do ishte rekomanduar haptazi nga Z.Arvizu, PS ka detyrimin e patjet\u00ebrsuesh\u00ebm q\u00eb k\u00ebt\u00eb rekomandim ta kaloj\u00eb me shum\u00eb kujdes jo vet\u00ebm n\u00eb sit\u00ebn e vet, por duke marr\u00eb me shum\u00eb p\u00ebrgjegj\u00ebsi n\u00eb konsiderat\u00eb edhe opinionin qytetar p\u00ebr k\u00ebt\u00eb rekomandim.<\/p>\n<p>Jo \u00e7do zgjidhje q\u00eb vlen p\u00ebr t\u00eb kap\u00ebrcyer si somnambul mbi nj\u00eb tra t\u00eb holl\u00eb ekuilibri, vlen p\u00ebr ta kap\u00ebrcyer traun sa her\u00eb jemi zgjuar.<\/p>\n<p>P\u00ebrvoja e padiskutueshme e z. Arvizu nuk do t\u00eb thot\u00eb se ai ka ndaj problemit t\u00eb njejt\u00ebn ndjeshm\u00ebri si ne shqiptar\u00ebt, t\u00eb njejt\u00ebn p\u00ebrgjegj\u00ebsi p\u00ebr zgjedhjen, apo aq m\u00eb pak t\u00eb njejt\u00ebn vuajtje a pendim nes\u00ebr p\u00ebr gabimin e sot\u00ebm.<\/p>\n<p>Fundja ai e \u00abmerr dekorat\u00ebn\u00bb p\u00ebr kap\u00ebrcimin me sukses t\u00eb momentit dhe ndjek gjetk\u00eb rrug\u00ebn e tij apo del n\u00eb pension, ne mbetemi k\u00ebtu dhe p\u00ebrballemi me pasojat edhe kush e di se sa koh\u00eb m\u00eb pas.<\/p>\n","protected":false},"excerpt":{"rendered":"<p>Nga Fiqiri Xibri, 13 Mars 2012 Vet\u00ebshpallja Kur Fatos Nano nj\u00eb dit\u00eb t\u00eb bukur u vet\u00ebshpall kandidatur\u00eb p\u00ebr presidentin e ardhsh\u00ebm, shum\u00ebkush prej shqiptar\u00ebve e mori si nj\u00eb lajthitje nga ana e tij. Dikush u shpreh se do t\u00eb ket\u00eb qen\u00eb n\u00eb momente eksitimi nga drogat e forta dhe dikush tjet\u00ebr tha se do ken\u00eb [&hellip;]<\/p>\n","protected":false},"author":1,"featured_media":0,"comment_status":"open","ping_status":"closed","sticky":false,"template":"","format":"standard","meta":{"footnotes":""},"categories":[2],"tags":[],"class_list":{"0":"post-2163","1":"post","2":"type-post","3":"status-publish","4":"format-standard","6":"category-artikuj"},"yoast_head":"<!-- This site is optimized with the Yoast SEO plugin v27.4 - https:\/\/yoast.com\/product\/yoast-seo-wordpress\/ -->\n<title>Vet\u00ebshpallja e Nanos president - FjALA e LIR\u00cb - Arkivi<\/title>\n<meta name=\"robots\" content=\"index, follow, max-snippet:-1, max-image-preview:large, max-video-preview:-1\" \/>\n<link rel=\"canonical\" href=\"https:\/\/fjala.info\/2009-2015\/veteshpallja-e-nanos-president\/\" \/>\n<meta property=\"og:locale\" content=\"sq_AL\" \/>\n<meta property=\"og:type\" content=\"article\" \/>\n<meta property=\"og:title\" content=\"Vet\u00ebshpallja e Nanos president - FjALA e LIR\u00cb - Arkivi\" \/>\n<meta property=\"og:description\" content=\"Nga Fiqiri Xibri, 13 Mars 2012 Vet\u00ebshpallja Kur Fatos Nano nj\u00eb dit\u00eb t\u00eb bukur u vet\u00ebshpall kandidatur\u00eb p\u00ebr presidentin e ardhsh\u00ebm, shum\u00ebkush prej shqiptar\u00ebve e mori si nj\u00eb lajthitje nga ana e tij. Dikush u shpreh se do t\u00eb ket\u00eb qen\u00eb n\u00eb momente eksitimi nga drogat e forta dhe dikush tjet\u00ebr tha se do ken\u00eb [&hellip;]\" \/>\n<meta property=\"og:url\" content=\"https:\/\/fjala.info\/2009-2015\/veteshpallja-e-nanos-president\/\" \/>\n<meta property=\"og:site_name\" content=\"FjALA e LIR\u00cb - Arkivi\" \/>\n<meta property=\"article:published_time\" content=\"2012-03-13T09:08:41+00:00\" \/>\n<meta property=\"og:image\" content=\"http:\/\/www.shkoder.net\/2012\/nano_berisha_meta.jpg\" \/>\n<meta name=\"author\" content=\"admin\" \/>\n<meta name=\"twitter:card\" content=\"summary_large_image\" \/>\n<meta name=\"twitter:label1\" content=\"Written by\" \/>\n\t<meta name=\"twitter:data1\" content=\"admin\" \/>\n\t<meta name=\"twitter:label2\" content=\"Est. reading time\" \/>\n\t<meta name=\"twitter:data2\" content=\"10 minutes\" \/>\n<script type=\"application\/ld+json\" class=\"yoast-schema-graph\">{\"@context\":\"https:\\\/\\\/schema.org\",\"@graph\":[{\"@type\":\"Article\",\"@id\":\"https:\\\/\\\/fjala.info\\\/2009-2015\\\/veteshpallja-e-nanos-president\\\/#article\",\"isPartOf\":{\"@id\":\"https:\\\/\\\/fjala.info\\\/2009-2015\\\/veteshpallja-e-nanos-president\\\/\"},\"author\":{\"name\":\"admin\",\"@id\":\"https:\\\/\\\/fjala.info\\\/2009-2015\\\/#\\\/schema\\\/person\\\/3aa1163ef05469c496fc94e77611ada2\"},\"headline\":\"Vet\u00ebshpallja e Nanos president\",\"datePublished\":\"2012-03-13T09:08:41+00:00\",\"mainEntityOfPage\":{\"@id\":\"https:\\\/\\\/fjala.info\\\/2009-2015\\\/veteshpallja-e-nanos-president\\\/\"},\"wordCount\":1991,\"commentCount\":0,\"publisher\":{\"@id\":\"https:\\\/\\\/fjala.info\\\/2009-2015\\\/#organization\"},\"image\":{\"@id\":\"https:\\\/\\\/fjala.info\\\/2009-2015\\\/veteshpallja-e-nanos-president\\\/#primaryimage\"},\"thumbnailUrl\":\"http:\\\/\\\/www.shkoder.net\\\/2012\\\/nano_berisha_meta.jpg\",\"articleSection\":[\"Artikuj\"],\"inLanguage\":\"sq-AL\",\"potentialAction\":[{\"@type\":\"CommentAction\",\"name\":\"Comment\",\"target\":[\"https:\\\/\\\/fjala.info\\\/2009-2015\\\/veteshpallja-e-nanos-president\\\/#respond\"]}]},{\"@type\":\"WebPage\",\"@id\":\"https:\\\/\\\/fjala.info\\\/2009-2015\\\/veteshpallja-e-nanos-president\\\/\",\"url\":\"https:\\\/\\\/fjala.info\\\/2009-2015\\\/veteshpallja-e-nanos-president\\\/\",\"name\":\"Vet\u00ebshpallja e Nanos president - FjALA e LIR\u00cb - Arkivi\",\"isPartOf\":{\"@id\":\"https:\\\/\\\/fjala.info\\\/2009-2015\\\/#website\"},\"primaryImageOfPage\":{\"@id\":\"https:\\\/\\\/fjala.info\\\/2009-2015\\\/veteshpallja-e-nanos-president\\\/#primaryimage\"},\"image\":{\"@id\":\"https:\\\/\\\/fjala.info\\\/2009-2015\\\/veteshpallja-e-nanos-president\\\/#primaryimage\"},\"thumbnailUrl\":\"http:\\\/\\\/www.shkoder.net\\\/2012\\\/nano_berisha_meta.jpg\",\"datePublished\":\"2012-03-13T09:08:41+00:00\",\"breadcrumb\":{\"@id\":\"https:\\\/\\\/fjala.info\\\/2009-2015\\\/veteshpallja-e-nanos-president\\\/#breadcrumb\"},\"inLanguage\":\"sq-AL\",\"potentialAction\":[{\"@type\":\"ReadAction\",\"target\":[\"https:\\\/\\\/fjala.info\\\/2009-2015\\\/veteshpallja-e-nanos-president\\\/\"]}]},{\"@type\":\"ImageObject\",\"inLanguage\":\"sq-AL\",\"@id\":\"https:\\\/\\\/fjala.info\\\/2009-2015\\\/veteshpallja-e-nanos-president\\\/#primaryimage\",\"url\":\"http:\\\/\\\/www.shkoder.net\\\/2012\\\/nano_berisha_meta.jpg\",\"contentUrl\":\"http:\\\/\\\/www.shkoder.net\\\/2012\\\/nano_berisha_meta.jpg\"},{\"@type\":\"BreadcrumbList\",\"@id\":\"https:\\\/\\\/fjala.info\\\/2009-2015\\\/veteshpallja-e-nanos-president\\\/#breadcrumb\",\"itemListElement\":[{\"@type\":\"ListItem\",\"position\":1,\"name\":\"Home\",\"item\":\"https:\\\/\\\/fjala.info\\\/2009-2015\\\/\"},{\"@type\":\"ListItem\",\"position\":2,\"name\":\"Vet\u00ebshpallja e Nanos president\"}]},{\"@type\":\"WebSite\",\"@id\":\"https:\\\/\\\/fjala.info\\\/2009-2015\\\/#website\",\"url\":\"https:\\\/\\\/fjala.info\\\/2009-2015\\\/\",\"name\":\"FjALA e LIR\u00cb - Arkivi\",\"description\":\"Arkivi 2009-2015\",\"publisher\":{\"@id\":\"https:\\\/\\\/fjala.info\\\/2009-2015\\\/#organization\"},\"potentialAction\":[{\"@type\":\"SearchAction\",\"target\":{\"@type\":\"EntryPoint\",\"urlTemplate\":\"https:\\\/\\\/fjala.info\\\/2009-2015\\\/?s={search_term_string}\"},\"query-input\":{\"@type\":\"PropertyValueSpecification\",\"valueRequired\":true,\"valueName\":\"search_term_string\"}}],\"inLanguage\":\"sq-AL\"},{\"@type\":\"Organization\",\"@id\":\"https:\\\/\\\/fjala.info\\\/2009-2015\\\/#organization\",\"name\":\"FjALA e LIR\u00cb - Arkivi\",\"url\":\"https:\\\/\\\/fjala.info\\\/2009-2015\\\/\",\"logo\":{\"@type\":\"ImageObject\",\"inLanguage\":\"sq-AL\",\"@id\":\"https:\\\/\\\/fjala.info\\\/2009-2015\\\/#\\\/schema\\\/logo\\\/image\\\/\",\"url\":\"\",\"contentUrl\":\"\",\"caption\":\"FjALA e LIR\u00cb - Arkivi\"},\"image\":{\"@id\":\"https:\\\/\\\/fjala.info\\\/2009-2015\\\/#\\\/schema\\\/logo\\\/image\\\/\"}},{\"@type\":\"Person\",\"@id\":\"https:\\\/\\\/fjala.info\\\/2009-2015\\\/#\\\/schema\\\/person\\\/3aa1163ef05469c496fc94e77611ada2\",\"name\":\"admin\",\"image\":{\"@type\":\"ImageObject\",\"inLanguage\":\"sq-AL\",\"@id\":\"https:\\\/\\\/fjala.info\\\/2009-2015\\\/wp-content\\\/uploads\\\/2012\\\/02\\\/arben_cokaj-120x150.jpg\",\"url\":\"https:\\\/\\\/fjala.info\\\/2009-2015\\\/wp-content\\\/uploads\\\/2012\\\/02\\\/arben_cokaj-120x150.jpg\",\"contentUrl\":\"https:\\\/\\\/fjala.info\\\/2009-2015\\\/wp-content\\\/uploads\\\/2012\\\/02\\\/arben_cokaj-120x150.jpg\",\"caption\":\"admin\"},\"description\":\"Admin, Fjala e Lir\u00eb\",\"sameAs\":[\"https:\\\/\\\/fjala.info\\\/\"],\"url\":\"https:\\\/\\\/fjala.info\\\/2009-2015\\\/author\\\/admin\\\/\"}]}<\/script>\n<!-- \/ Yoast SEO plugin. -->","yoast_head_json":{"title":"Vet\u00ebshpallja e Nanos president - FjALA e LIR\u00cb - Arkivi","robots":{"index":"index","follow":"follow","max-snippet":"max-snippet:-1","max-image-preview":"max-image-preview:large","max-video-preview":"max-video-preview:-1"},"canonical":"https:\/\/fjala.info\/2009-2015\/veteshpallja-e-nanos-president\/","og_locale":"sq_AL","og_type":"article","og_title":"Vet\u00ebshpallja e Nanos president - FjALA e LIR\u00cb - Arkivi","og_description":"Nga Fiqiri Xibri, 13 Mars 2012 Vet\u00ebshpallja Kur Fatos Nano nj\u00eb dit\u00eb t\u00eb bukur u vet\u00ebshpall kandidatur\u00eb p\u00ebr presidentin e ardhsh\u00ebm, shum\u00ebkush prej shqiptar\u00ebve e mori si nj\u00eb lajthitje nga ana e tij. Dikush u shpreh se do t\u00eb ket\u00eb qen\u00eb n\u00eb momente eksitimi nga drogat e forta dhe dikush tjet\u00ebr tha se do ken\u00eb [&hellip;]","og_url":"https:\/\/fjala.info\/2009-2015\/veteshpallja-e-nanos-president\/","og_site_name":"FjALA e LIR\u00cb - Arkivi","article_published_time":"2012-03-13T09:08:41+00:00","og_image":[{"url":"http:\/\/www.shkoder.net\/2012\/nano_berisha_meta.jpg","type":"","width":"","height":""}],"author":"admin","twitter_card":"summary_large_image","twitter_misc":{"Written by":"admin","Est. reading time":"10 minutes"},"schema":{"@context":"https:\/\/schema.org","@graph":[{"@type":"Article","@id":"https:\/\/fjala.info\/2009-2015\/veteshpallja-e-nanos-president\/#article","isPartOf":{"@id":"https:\/\/fjala.info\/2009-2015\/veteshpallja-e-nanos-president\/"},"author":{"name":"admin","@id":"https:\/\/fjala.info\/2009-2015\/#\/schema\/person\/3aa1163ef05469c496fc94e77611ada2"},"headline":"Vet\u00ebshpallja e Nanos president","datePublished":"2012-03-13T09:08:41+00:00","mainEntityOfPage":{"@id":"https:\/\/fjala.info\/2009-2015\/veteshpallja-e-nanos-president\/"},"wordCount":1991,"commentCount":0,"publisher":{"@id":"https:\/\/fjala.info\/2009-2015\/#organization"},"image":{"@id":"https:\/\/fjala.info\/2009-2015\/veteshpallja-e-nanos-president\/#primaryimage"},"thumbnailUrl":"http:\/\/www.shkoder.net\/2012\/nano_berisha_meta.jpg","articleSection":["Artikuj"],"inLanguage":"sq-AL","potentialAction":[{"@type":"CommentAction","name":"Comment","target":["https:\/\/fjala.info\/2009-2015\/veteshpallja-e-nanos-president\/#respond"]}]},{"@type":"WebPage","@id":"https:\/\/fjala.info\/2009-2015\/veteshpallja-e-nanos-president\/","url":"https:\/\/fjala.info\/2009-2015\/veteshpallja-e-nanos-president\/","name":"Vet\u00ebshpallja e Nanos president - FjALA e LIR\u00cb - Arkivi","isPartOf":{"@id":"https:\/\/fjala.info\/2009-2015\/#website"},"primaryImageOfPage":{"@id":"https:\/\/fjala.info\/2009-2015\/veteshpallja-e-nanos-president\/#primaryimage"},"image":{"@id":"https:\/\/fjala.info\/2009-2015\/veteshpallja-e-nanos-president\/#primaryimage"},"thumbnailUrl":"http:\/\/www.shkoder.net\/2012\/nano_berisha_meta.jpg","datePublished":"2012-03-13T09:08:41+00:00","breadcrumb":{"@id":"https:\/\/fjala.info\/2009-2015\/veteshpallja-e-nanos-president\/#breadcrumb"},"inLanguage":"sq-AL","potentialAction":[{"@type":"ReadAction","target":["https:\/\/fjala.info\/2009-2015\/veteshpallja-e-nanos-president\/"]}]},{"@type":"ImageObject","inLanguage":"sq-AL","@id":"https:\/\/fjala.info\/2009-2015\/veteshpallja-e-nanos-president\/#primaryimage","url":"http:\/\/www.shkoder.net\/2012\/nano_berisha_meta.jpg","contentUrl":"http:\/\/www.shkoder.net\/2012\/nano_berisha_meta.jpg"},{"@type":"BreadcrumbList","@id":"https:\/\/fjala.info\/2009-2015\/veteshpallja-e-nanos-president\/#breadcrumb","itemListElement":[{"@type":"ListItem","position":1,"name":"Home","item":"https:\/\/fjala.info\/2009-2015\/"},{"@type":"ListItem","position":2,"name":"Vet\u00ebshpallja e Nanos president"}]},{"@type":"WebSite","@id":"https:\/\/fjala.info\/2009-2015\/#website","url":"https:\/\/fjala.info\/2009-2015\/","name":"FjALA e LIR\u00cb - Arkivi","description":"Arkivi 2009-2015","publisher":{"@id":"https:\/\/fjala.info\/2009-2015\/#organization"},"potentialAction":[{"@type":"SearchAction","target":{"@type":"EntryPoint","urlTemplate":"https:\/\/fjala.info\/2009-2015\/?s={search_term_string}"},"query-input":{"@type":"PropertyValueSpecification","valueRequired":true,"valueName":"search_term_string"}}],"inLanguage":"sq-AL"},{"@type":"Organization","@id":"https:\/\/fjala.info\/2009-2015\/#organization","name":"FjALA e LIR\u00cb - Arkivi","url":"https:\/\/fjala.info\/2009-2015\/","logo":{"@type":"ImageObject","inLanguage":"sq-AL","@id":"https:\/\/fjala.info\/2009-2015\/#\/schema\/logo\/image\/","url":"","contentUrl":"","caption":"FjALA e LIR\u00cb - Arkivi"},"image":{"@id":"https:\/\/fjala.info\/2009-2015\/#\/schema\/logo\/image\/"}},{"@type":"Person","@id":"https:\/\/fjala.info\/2009-2015\/#\/schema\/person\/3aa1163ef05469c496fc94e77611ada2","name":"admin","image":{"@type":"ImageObject","inLanguage":"sq-AL","@id":"https:\/\/fjala.info\/2009-2015\/wp-content\/uploads\/2012\/02\/arben_cokaj-120x150.jpg","url":"https:\/\/fjala.info\/2009-2015\/wp-content\/uploads\/2012\/02\/arben_cokaj-120x150.jpg","contentUrl":"https:\/\/fjala.info\/2009-2015\/wp-content\/uploads\/2012\/02\/arben_cokaj-120x150.jpg","caption":"admin"},"description":"Admin, Fjala e Lir\u00eb","sameAs":["https:\/\/fjala.info\/"],"url":"https:\/\/fjala.info\/2009-2015\/author\/admin\/"}]}},"_links":{"self":[{"href":"https:\/\/fjala.info\/2009-2015\/wp-json\/wp\/v2\/posts\/2163","targetHints":{"allow":["GET"]}}],"collection":[{"href":"https:\/\/fjala.info\/2009-2015\/wp-json\/wp\/v2\/posts"}],"about":[{"href":"https:\/\/fjala.info\/2009-2015\/wp-json\/wp\/v2\/types\/post"}],"author":[{"embeddable":true,"href":"https:\/\/fjala.info\/2009-2015\/wp-json\/wp\/v2\/users\/1"}],"replies":[{"embeddable":true,"href":"https:\/\/fjala.info\/2009-2015\/wp-json\/wp\/v2\/comments?post=2163"}],"version-history":[{"count":0,"href":"https:\/\/fjala.info\/2009-2015\/wp-json\/wp\/v2\/posts\/2163\/revisions"}],"wp:attachment":[{"href":"https:\/\/fjala.info\/2009-2015\/wp-json\/wp\/v2\/media?parent=2163"}],"wp:term":[{"taxonomy":"category","embeddable":true,"href":"https:\/\/fjala.info\/2009-2015\/wp-json\/wp\/v2\/categories?post=2163"},{"taxonomy":"post_tag","embeddable":true,"href":"https:\/\/fjala.info\/2009-2015\/wp-json\/wp\/v2\/tags?post=2163"}],"curies":[{"name":"wp","href":"https:\/\/api.w.org\/{rel}","templated":true}]}}