{"id":2161,"date":"2010-04-09T23:26:12","date_gmt":"2010-04-09T22:26:12","guid":{"rendered":"http:\/\/fjala.shkoder.net\/?p=2161"},"modified":"2010-04-09T23:26:12","modified_gmt":"2010-04-09T22:26:12","slug":"nje-propozim-per-te-mbrojtur-parlamentarizmin","status":"publish","type":"post","link":"https:\/\/fjala.info\/2009-2015\/nje-propozim-per-te-mbrojtur-parlamentarizmin\/","title":{"rendered":"Nj\u00eb propozim p\u00ebr t\u00eb mbrojtur parlamentarizmin!"},"content":{"rendered":"<p><img decoding=\"async\" style=\"margin-left: 10px; margin-right: 10px; border: 0px;\" src=\"http:\/\/www.shkoder.net\/images\/fjala\/mero_baze1.jpg\" border=\"0\" alt=\"Mero Baze\" width=\"100\" align=\"right\" \/><\/p>\n<p>Nga <strong>Mero Baze<\/strong>, &#8220;<em>Faktori Plus<\/em>&#8221;<\/p>\n<p>Opozita shqiptare duhet t\u00eb mbroj\u00eb deputetin e saj Taulant Balla duke p\u00ebrs\u00ebritur paragrafin q\u00eb acaroi kryeministrin Berisha n\u00eb fillim t\u00eb \u00e7do seance parlamentare n\u00eb shenj\u00eb mb\u00ebshtetjeje ndaj tij. Ky aksion \u00ebsht\u00eb i domosdosh\u00ebm p\u00ebr t\u00eb provokuar deri ku ka shkuar koncepti i k\u00ebsaj shumice p\u00ebr opozit\u00ebn dhe deri ku mund t\u00eb p\u00ebrdoren standardet e dyfishta n\u00eb Kuvend. Ajo \u00e7far\u00eb ka b\u00ebr\u00eb zoti Balla n\u00eb Kuvend dhe ajo \u00e7far\u00eb ka b\u00ebr\u00eb Kuvendi me zotin Balla, jan\u00eb cil\u00ebsisht shum\u00eb t\u00eb ndryshme.<\/p>\n<p>Zoti Balla ka b\u00ebr\u00eb detyr\u00ebn e tij si opozitar dhe ka ngritur akuza ndaj kryeministrit. Nuk di \u00e7far\u00eb duhet t\u00eb thot\u00eb tjet\u00ebr nj\u00eb deputet i opozit\u00ebs n\u00eb Kuvend p\u00ebr nj\u00eb kryeminist\u00ebr, ndaj t\u00eb cilit jan\u00eb ngritur dhjet\u00ebra akuza publike dhe ligjore dhe ai \u00ebsht\u00eb p\u00ebrpjekur t\u00eb mbyll\u00eb me dhun\u00eb \u00e7do goj\u00eb dhe \u00e7do der\u00eb gjykate q\u00eb ka tentuar t\u00eb hetoj\u00eb. Nuk di \u00e7far\u00eb mund t\u00eb thot\u00eb tjet\u00ebr nj\u00eb deputet i opozit\u00ebs p\u00ebr nj\u00eb kryeminist\u00ebr, i cili ka p\u00ebrdorur imunitetin e nj\u00eb deputeti p\u00ebr t\u00eb mbyllur nj\u00eb \u00e7\u00ebshtje, e cila hidhte drit\u00eb mbi p\u00ebrfshirjen e djalit t\u00eb tij n\u00eb trafikun e arm\u00ebve, nuk di \u00e7far\u00eb mund t\u00eb thuhet tjet\u00ebr p\u00ebr nj\u00eb kryeminist\u00ebr, i cili ka p\u00ebrdorur presionin publik dhe procedurat p\u00ebr t\u00eb mbyllur nj\u00eb \u00e7\u00ebshtje q\u00eb akuzonte sekserin e familjes s\u00eb tij dhe vajz\u00ebn e tij p\u00ebr pastrim parash, nuk di \u00e7far\u00eb mund t\u00eb thuhet tjet\u00ebr p\u00ebr nj\u00eb kryeminist\u00ebr, i cili ka mbyllur me procedur\u00eb nj\u00eb proces gjyq\u00ebsor, p\u00ebr t\u00eb cilin ngrihen dyshime p\u00ebr mbi 200 milion\u00eb euro t\u00eb p\u00ebrvet\u00ebsuara prej tij dhe ministrit t\u00eb tij p\u00ebr nd\u00ebrtimin e nj\u00eb rruge.<\/p>\n<p>Kryeministri e ka pasur n\u00eb dor\u00eb ta l\u00ebr\u00eb t\u00eb lir\u00eb drejt\u00ebsin\u00eb dhe tani ose do t\u00eb ishte pastruar nga akuzat, ose politika do t\u00eb ishte pastruar nga hajdut\u00ebt. Meq\u00eb asnj\u00ebra nuk ka ndodhur, duket se objektivi i radh\u00ebs i qeveris\u00eb \u00ebsht\u00eb t\u00eb pastroj\u00eb parlamentin nga opozitar\u00ebt q\u00eb guxojn\u00eb t\u2019i ngren\u00eb k\u00ebto akuza n\u00eb foltoren e Kuvendit.<\/p>\n<p>Pra, ajo q\u00eb ka b\u00ebr\u00eb zonja Topalli dhe Byroja parlamentare ndaj zotit Balla \u00ebsht\u00eb t\u00ebr\u00ebsisht fyese p\u00ebr jet\u00ebn parlamentare n\u00eb Shqip\u00ebri, pasi vizaton dhe portretin e opozit\u00ebs q\u00eb ka n\u00eb mendje qeveria, nj\u00eb opozit\u00eb, e cila t\u00eb shkoj\u00eb n\u00eb Kuvend p\u00ebr t\u00eb qen\u00eb goj\u00ebmbyllur dhe n\u00eb nj\u00eb gjat\u00ebsi vale me qeverin\u00eb. Nj\u00eb problem i dyt\u00eb q\u00eb ringre kjo sjellje politike \u00ebsht\u00eb standardi i dyfisht\u00eb i spikeres s\u00eb Kuvendit ndaj gjuh\u00ebs politike n\u00eb Kuvend. N\u00eb at\u00eb foltore ne kemi par\u00eb zonj\u00ebn Topalli t\u00eb mbroj\u00eb Sali Berish\u00ebn, pasi ai ka b\u00ebr\u00eb akuza t\u00eb r\u00ebnda personale ndaj kund\u00ebrshtar\u00ebve t\u00eb tij.<\/p>\n<p>Zonja Topalli, jo vet\u00ebm q\u00eb nuk e p\u00ebrjashtoi zotin Berisha, por e p\u00ebrdhunuar politikisht prej tij, doli dhe e mbrojti at\u00eb fjalor rruga\u00e7\u00ebror t\u00eb kryeministrit edhe pse p\u00ebrfaq\u00ebson femrat n\u00eb politik\u00eb. E nj\u00ebjta kryetare Kuvendi tani p\u00ebrjashton nga jeta parlamentare nj\u00eb deputet t\u00eb opozit\u00ebs, vet\u00ebm pse ka guxuar t\u2019i thot\u00eb hajdut kryeministrit. N\u00eb k\u00ebto kushte opozita duhet t\u00eb d\u00ebshmoj\u00eb vendosm\u00ebrin\u00eb e saj p\u00ebr t\u00eb qen\u00eb nj\u00eb forc\u00eb serioze opozitare n\u00eb Kuvend p\u00ebrmes nj\u00eb gjesti simbolik n\u00eb mb\u00ebshtetje t\u00eb zotit Balla.<\/p>\n<p>Dhe gj\u00ebja m\u00eb \u00eb mir\u00eb q\u00eb duhet t\u00eb b\u00ebj\u00eb, \u00ebsht\u00eb q\u00eb t\u00eb rimarr\u00eb togfjal\u00ebshin e shqiptuar nga zoti Balla p\u00ebr t\u00eb cilin u p\u00ebrjashtua nga Kuvendi dhe ta deklaroj\u00eb n\u00eb \u00e7do seanc\u00eb parlamentare. Secili deputet sa her\u00eb q\u00eb t\u00eb flas t\u00eb p\u00ebrmend\u00eb fillimisht at\u00eb togfjal\u00ebsh p\u00ebr t\u00eb provuar n\u00ebse zonja Topalli dhe zoti Berisha do t\u2019i p\u00ebrjashtojn\u00eb t\u00eb gjith\u00eb nj\u00eb nga nj\u00eb Kuvendi apo jo. K\u00ebshtu jemi dhe m\u00eb t\u00eb qart\u00eb p\u00ebr standardin ku ka degraduar koncepti p\u00ebr opozit\u00ebn n\u00eb demokracin\u00eb e deformuar shqiptare.<\/p>\n","protected":false},"excerpt":{"rendered":"<p>Nga Mero Baze, &#8220;Faktori Plus&#8221; Opozita shqiptare duhet t\u00eb mbroj\u00eb deputetin e saj Taulant Balla duke p\u00ebrs\u00ebritur paragrafin q\u00eb acaroi kryeministrin Berisha n\u00eb fillim t\u00eb \u00e7do seance parlamentare n\u00eb shenj\u00eb mb\u00ebshtetjeje ndaj tij. Ky aksion \u00ebsht\u00eb i domosdosh\u00ebm p\u00ebr t\u00eb provokuar deri ku ka shkuar koncepti i k\u00ebsaj shumice p\u00ebr opozit\u00ebn dhe deri ku mund [&hellip;]<\/p>\n","protected":false},"author":1,"featured_media":0,"comment_status":"open","ping_status":"closed","sticky":false,"template":"","format":"standard","meta":{"footnotes":""},"categories":[2],"tags":[],"class_list":{"0":"post-2161","1":"post","2":"type-post","3":"status-publish","4":"format-standard","6":"category-artikuj"},"yoast_head":"<!-- This site is optimized with the Yoast SEO plugin v27.4 - https:\/\/yoast.com\/product\/yoast-seo-wordpress\/ -->\n<title>Nj\u00eb propozim p\u00ebr t\u00eb mbrojtur parlamentarizmin! - FjALA e LIR\u00cb - Arkivi<\/title>\n<meta name=\"robots\" content=\"index, follow, max-snippet:-1, max-image-preview:large, max-video-preview:-1\" \/>\n<link rel=\"canonical\" href=\"https:\/\/fjala.info\/2009-2015\/nje-propozim-per-te-mbrojtur-parlamentarizmin\/\" \/>\n<meta property=\"og:locale\" content=\"sq_AL\" \/>\n<meta property=\"og:type\" content=\"article\" \/>\n<meta property=\"og:title\" content=\"Nj\u00eb propozim p\u00ebr t\u00eb mbrojtur parlamentarizmin! - FjALA e LIR\u00cb - Arkivi\" \/>\n<meta property=\"og:description\" content=\"Nga Mero Baze, &#8220;Faktori Plus&#8221; Opozita shqiptare duhet t\u00eb mbroj\u00eb deputetin e saj Taulant Balla duke p\u00ebrs\u00ebritur paragrafin q\u00eb acaroi kryeministrin Berisha n\u00eb fillim t\u00eb \u00e7do seance parlamentare n\u00eb shenj\u00eb mb\u00ebshtetjeje ndaj tij. Ky aksion \u00ebsht\u00eb i domosdosh\u00ebm p\u00ebr t\u00eb provokuar deri ku ka shkuar koncepti i k\u00ebsaj shumice p\u00ebr opozit\u00ebn dhe deri ku mund [&hellip;]\" \/>\n<meta property=\"og:url\" content=\"https:\/\/fjala.info\/2009-2015\/nje-propozim-per-te-mbrojtur-parlamentarizmin\/\" \/>\n<meta property=\"og:site_name\" content=\"FjALA e LIR\u00cb - Arkivi\" \/>\n<meta property=\"article:published_time\" content=\"2010-04-09T22:26:12+00:00\" \/>\n<meta property=\"og:image\" content=\"http:\/\/www.shkoder.net\/images\/fjala\/mero_baze1.jpg\" \/>\n<meta name=\"author\" content=\"admin\" \/>\n<meta name=\"twitter:card\" content=\"summary_large_image\" \/>\n<meta name=\"twitter:label1\" content=\"Written by\" \/>\n\t<meta name=\"twitter:data1\" content=\"admin\" \/>\n\t<meta name=\"twitter:label2\" content=\"Est. reading time\" \/>\n\t<meta name=\"twitter:data2\" content=\"3 minutes\" \/>\n<script type=\"application\/ld+json\" class=\"yoast-schema-graph\">{\"@context\":\"https:\\\/\\\/schema.org\",\"@graph\":[{\"@type\":\"Article\",\"@id\":\"https:\\\/\\\/fjala.info\\\/2009-2015\\\/nje-propozim-per-te-mbrojtur-parlamentarizmin\\\/#article\",\"isPartOf\":{\"@id\":\"https:\\\/\\\/fjala.info\\\/2009-2015\\\/nje-propozim-per-te-mbrojtur-parlamentarizmin\\\/\"},\"author\":{\"name\":\"admin\",\"@id\":\"https:\\\/\\\/fjala.info\\\/2009-2015\\\/#\\\/schema\\\/person\\\/3aa1163ef05469c496fc94e77611ada2\"},\"headline\":\"Nj\u00eb propozim p\u00ebr t\u00eb mbrojtur parlamentarizmin!\",\"datePublished\":\"2010-04-09T22:26:12+00:00\",\"mainEntityOfPage\":{\"@id\":\"https:\\\/\\\/fjala.info\\\/2009-2015\\\/nje-propozim-per-te-mbrojtur-parlamentarizmin\\\/\"},\"wordCount\":688,\"commentCount\":0,\"publisher\":{\"@id\":\"https:\\\/\\\/fjala.info\\\/2009-2015\\\/#organization\"},\"image\":{\"@id\":\"https:\\\/\\\/fjala.info\\\/2009-2015\\\/nje-propozim-per-te-mbrojtur-parlamentarizmin\\\/#primaryimage\"},\"thumbnailUrl\":\"http:\\\/\\\/www.shkoder.net\\\/images\\\/fjala\\\/mero_baze1.jpg\",\"articleSection\":[\"Artikuj\"],\"inLanguage\":\"sq-AL\",\"potentialAction\":[{\"@type\":\"CommentAction\",\"name\":\"Comment\",\"target\":[\"https:\\\/\\\/fjala.info\\\/2009-2015\\\/nje-propozim-per-te-mbrojtur-parlamentarizmin\\\/#respond\"]}]},{\"@type\":\"WebPage\",\"@id\":\"https:\\\/\\\/fjala.info\\\/2009-2015\\\/nje-propozim-per-te-mbrojtur-parlamentarizmin\\\/\",\"url\":\"https:\\\/\\\/fjala.info\\\/2009-2015\\\/nje-propozim-per-te-mbrojtur-parlamentarizmin\\\/\",\"name\":\"Nj\u00eb propozim p\u00ebr t\u00eb mbrojtur parlamentarizmin! - FjALA e LIR\u00cb - Arkivi\",\"isPartOf\":{\"@id\":\"https:\\\/\\\/fjala.info\\\/2009-2015\\\/#website\"},\"primaryImageOfPage\":{\"@id\":\"https:\\\/\\\/fjala.info\\\/2009-2015\\\/nje-propozim-per-te-mbrojtur-parlamentarizmin\\\/#primaryimage\"},\"image\":{\"@id\":\"https:\\\/\\\/fjala.info\\\/2009-2015\\\/nje-propozim-per-te-mbrojtur-parlamentarizmin\\\/#primaryimage\"},\"thumbnailUrl\":\"http:\\\/\\\/www.shkoder.net\\\/images\\\/fjala\\\/mero_baze1.jpg\",\"datePublished\":\"2010-04-09T22:26:12+00:00\",\"breadcrumb\":{\"@id\":\"https:\\\/\\\/fjala.info\\\/2009-2015\\\/nje-propozim-per-te-mbrojtur-parlamentarizmin\\\/#breadcrumb\"},\"inLanguage\":\"sq-AL\",\"potentialAction\":[{\"@type\":\"ReadAction\",\"target\":[\"https:\\\/\\\/fjala.info\\\/2009-2015\\\/nje-propozim-per-te-mbrojtur-parlamentarizmin\\\/\"]}]},{\"@type\":\"ImageObject\",\"inLanguage\":\"sq-AL\",\"@id\":\"https:\\\/\\\/fjala.info\\\/2009-2015\\\/nje-propozim-per-te-mbrojtur-parlamentarizmin\\\/#primaryimage\",\"url\":\"http:\\\/\\\/www.shkoder.net\\\/images\\\/fjala\\\/mero_baze1.jpg\",\"contentUrl\":\"http:\\\/\\\/www.shkoder.net\\\/images\\\/fjala\\\/mero_baze1.jpg\"},{\"@type\":\"BreadcrumbList\",\"@id\":\"https:\\\/\\\/fjala.info\\\/2009-2015\\\/nje-propozim-per-te-mbrojtur-parlamentarizmin\\\/#breadcrumb\",\"itemListElement\":[{\"@type\":\"ListItem\",\"position\":1,\"name\":\"Home\",\"item\":\"https:\\\/\\\/fjala.info\\\/2009-2015\\\/\"},{\"@type\":\"ListItem\",\"position\":2,\"name\":\"Nj\u00eb propozim p\u00ebr t\u00eb mbrojtur parlamentarizmin!\"}]},{\"@type\":\"WebSite\",\"@id\":\"https:\\\/\\\/fjala.info\\\/2009-2015\\\/#website\",\"url\":\"https:\\\/\\\/fjala.info\\\/2009-2015\\\/\",\"name\":\"FjALA e LIR\u00cb - Arkivi\",\"description\":\"Arkivi 2009-2015\",\"publisher\":{\"@id\":\"https:\\\/\\\/fjala.info\\\/2009-2015\\\/#organization\"},\"potentialAction\":[{\"@type\":\"SearchAction\",\"target\":{\"@type\":\"EntryPoint\",\"urlTemplate\":\"https:\\\/\\\/fjala.info\\\/2009-2015\\\/?s={search_term_string}\"},\"query-input\":{\"@type\":\"PropertyValueSpecification\",\"valueRequired\":true,\"valueName\":\"search_term_string\"}}],\"inLanguage\":\"sq-AL\"},{\"@type\":\"Organization\",\"@id\":\"https:\\\/\\\/fjala.info\\\/2009-2015\\\/#organization\",\"name\":\"FjALA e LIR\u00cb - Arkivi\",\"url\":\"https:\\\/\\\/fjala.info\\\/2009-2015\\\/\",\"logo\":{\"@type\":\"ImageObject\",\"inLanguage\":\"sq-AL\",\"@id\":\"https:\\\/\\\/fjala.info\\\/2009-2015\\\/#\\\/schema\\\/logo\\\/image\\\/\",\"url\":\"\",\"contentUrl\":\"\",\"caption\":\"FjALA e LIR\u00cb - Arkivi\"},\"image\":{\"@id\":\"https:\\\/\\\/fjala.info\\\/2009-2015\\\/#\\\/schema\\\/logo\\\/image\\\/\"}},{\"@type\":\"Person\",\"@id\":\"https:\\\/\\\/fjala.info\\\/2009-2015\\\/#\\\/schema\\\/person\\\/3aa1163ef05469c496fc94e77611ada2\",\"name\":\"admin\",\"image\":{\"@type\":\"ImageObject\",\"inLanguage\":\"sq-AL\",\"@id\":\"https:\\\/\\\/fjala.info\\\/2009-2015\\\/wp-content\\\/uploads\\\/2012\\\/02\\\/arben_cokaj-120x150.jpg\",\"url\":\"https:\\\/\\\/fjala.info\\\/2009-2015\\\/wp-content\\\/uploads\\\/2012\\\/02\\\/arben_cokaj-120x150.jpg\",\"contentUrl\":\"https:\\\/\\\/fjala.info\\\/2009-2015\\\/wp-content\\\/uploads\\\/2012\\\/02\\\/arben_cokaj-120x150.jpg\",\"caption\":\"admin\"},\"description\":\"Admin, Fjala e Lir\u00eb\",\"sameAs\":[\"https:\\\/\\\/fjala.info\\\/\"],\"url\":\"https:\\\/\\\/fjala.info\\\/2009-2015\\\/author\\\/admin\\\/\"}]}<\/script>\n<!-- \/ Yoast SEO plugin. -->","yoast_head_json":{"title":"Nj\u00eb propozim p\u00ebr t\u00eb mbrojtur parlamentarizmin! - FjALA e LIR\u00cb - Arkivi","robots":{"index":"index","follow":"follow","max-snippet":"max-snippet:-1","max-image-preview":"max-image-preview:large","max-video-preview":"max-video-preview:-1"},"canonical":"https:\/\/fjala.info\/2009-2015\/nje-propozim-per-te-mbrojtur-parlamentarizmin\/","og_locale":"sq_AL","og_type":"article","og_title":"Nj\u00eb propozim p\u00ebr t\u00eb mbrojtur parlamentarizmin! - FjALA e LIR\u00cb - Arkivi","og_description":"Nga Mero Baze, &#8220;Faktori Plus&#8221; Opozita shqiptare duhet t\u00eb mbroj\u00eb deputetin e saj Taulant Balla duke p\u00ebrs\u00ebritur paragrafin q\u00eb acaroi kryeministrin Berisha n\u00eb fillim t\u00eb \u00e7do seance parlamentare n\u00eb shenj\u00eb mb\u00ebshtetjeje ndaj tij. Ky aksion \u00ebsht\u00eb i domosdosh\u00ebm p\u00ebr t\u00eb provokuar deri ku ka shkuar koncepti i k\u00ebsaj shumice p\u00ebr opozit\u00ebn dhe deri ku mund [&hellip;]","og_url":"https:\/\/fjala.info\/2009-2015\/nje-propozim-per-te-mbrojtur-parlamentarizmin\/","og_site_name":"FjALA e LIR\u00cb - Arkivi","article_published_time":"2010-04-09T22:26:12+00:00","og_image":[{"url":"http:\/\/www.shkoder.net\/images\/fjala\/mero_baze1.jpg","type":"","width":"","height":""}],"author":"admin","twitter_card":"summary_large_image","twitter_misc":{"Written by":"admin","Est. reading time":"3 minutes"},"schema":{"@context":"https:\/\/schema.org","@graph":[{"@type":"Article","@id":"https:\/\/fjala.info\/2009-2015\/nje-propozim-per-te-mbrojtur-parlamentarizmin\/#article","isPartOf":{"@id":"https:\/\/fjala.info\/2009-2015\/nje-propozim-per-te-mbrojtur-parlamentarizmin\/"},"author":{"name":"admin","@id":"https:\/\/fjala.info\/2009-2015\/#\/schema\/person\/3aa1163ef05469c496fc94e77611ada2"},"headline":"Nj\u00eb propozim p\u00ebr t\u00eb mbrojtur parlamentarizmin!","datePublished":"2010-04-09T22:26:12+00:00","mainEntityOfPage":{"@id":"https:\/\/fjala.info\/2009-2015\/nje-propozim-per-te-mbrojtur-parlamentarizmin\/"},"wordCount":688,"commentCount":0,"publisher":{"@id":"https:\/\/fjala.info\/2009-2015\/#organization"},"image":{"@id":"https:\/\/fjala.info\/2009-2015\/nje-propozim-per-te-mbrojtur-parlamentarizmin\/#primaryimage"},"thumbnailUrl":"http:\/\/www.shkoder.net\/images\/fjala\/mero_baze1.jpg","articleSection":["Artikuj"],"inLanguage":"sq-AL","potentialAction":[{"@type":"CommentAction","name":"Comment","target":["https:\/\/fjala.info\/2009-2015\/nje-propozim-per-te-mbrojtur-parlamentarizmin\/#respond"]}]},{"@type":"WebPage","@id":"https:\/\/fjala.info\/2009-2015\/nje-propozim-per-te-mbrojtur-parlamentarizmin\/","url":"https:\/\/fjala.info\/2009-2015\/nje-propozim-per-te-mbrojtur-parlamentarizmin\/","name":"Nj\u00eb propozim p\u00ebr t\u00eb mbrojtur parlamentarizmin! - FjALA e LIR\u00cb - Arkivi","isPartOf":{"@id":"https:\/\/fjala.info\/2009-2015\/#website"},"primaryImageOfPage":{"@id":"https:\/\/fjala.info\/2009-2015\/nje-propozim-per-te-mbrojtur-parlamentarizmin\/#primaryimage"},"image":{"@id":"https:\/\/fjala.info\/2009-2015\/nje-propozim-per-te-mbrojtur-parlamentarizmin\/#primaryimage"},"thumbnailUrl":"http:\/\/www.shkoder.net\/images\/fjala\/mero_baze1.jpg","datePublished":"2010-04-09T22:26:12+00:00","breadcrumb":{"@id":"https:\/\/fjala.info\/2009-2015\/nje-propozim-per-te-mbrojtur-parlamentarizmin\/#breadcrumb"},"inLanguage":"sq-AL","potentialAction":[{"@type":"ReadAction","target":["https:\/\/fjala.info\/2009-2015\/nje-propozim-per-te-mbrojtur-parlamentarizmin\/"]}]},{"@type":"ImageObject","inLanguage":"sq-AL","@id":"https:\/\/fjala.info\/2009-2015\/nje-propozim-per-te-mbrojtur-parlamentarizmin\/#primaryimage","url":"http:\/\/www.shkoder.net\/images\/fjala\/mero_baze1.jpg","contentUrl":"http:\/\/www.shkoder.net\/images\/fjala\/mero_baze1.jpg"},{"@type":"BreadcrumbList","@id":"https:\/\/fjala.info\/2009-2015\/nje-propozim-per-te-mbrojtur-parlamentarizmin\/#breadcrumb","itemListElement":[{"@type":"ListItem","position":1,"name":"Home","item":"https:\/\/fjala.info\/2009-2015\/"},{"@type":"ListItem","position":2,"name":"Nj\u00eb propozim p\u00ebr t\u00eb mbrojtur parlamentarizmin!"}]},{"@type":"WebSite","@id":"https:\/\/fjala.info\/2009-2015\/#website","url":"https:\/\/fjala.info\/2009-2015\/","name":"FjALA e LIR\u00cb - Arkivi","description":"Arkivi 2009-2015","publisher":{"@id":"https:\/\/fjala.info\/2009-2015\/#organization"},"potentialAction":[{"@type":"SearchAction","target":{"@type":"EntryPoint","urlTemplate":"https:\/\/fjala.info\/2009-2015\/?s={search_term_string}"},"query-input":{"@type":"PropertyValueSpecification","valueRequired":true,"valueName":"search_term_string"}}],"inLanguage":"sq-AL"},{"@type":"Organization","@id":"https:\/\/fjala.info\/2009-2015\/#organization","name":"FjALA e LIR\u00cb - Arkivi","url":"https:\/\/fjala.info\/2009-2015\/","logo":{"@type":"ImageObject","inLanguage":"sq-AL","@id":"https:\/\/fjala.info\/2009-2015\/#\/schema\/logo\/image\/","url":"","contentUrl":"","caption":"FjALA e LIR\u00cb - Arkivi"},"image":{"@id":"https:\/\/fjala.info\/2009-2015\/#\/schema\/logo\/image\/"}},{"@type":"Person","@id":"https:\/\/fjala.info\/2009-2015\/#\/schema\/person\/3aa1163ef05469c496fc94e77611ada2","name":"admin","image":{"@type":"ImageObject","inLanguage":"sq-AL","@id":"https:\/\/fjala.info\/2009-2015\/wp-content\/uploads\/2012\/02\/arben_cokaj-120x150.jpg","url":"https:\/\/fjala.info\/2009-2015\/wp-content\/uploads\/2012\/02\/arben_cokaj-120x150.jpg","contentUrl":"https:\/\/fjala.info\/2009-2015\/wp-content\/uploads\/2012\/02\/arben_cokaj-120x150.jpg","caption":"admin"},"description":"Admin, Fjala e Lir\u00eb","sameAs":["https:\/\/fjala.info\/"],"url":"https:\/\/fjala.info\/2009-2015\/author\/admin\/"}]}},"_links":{"self":[{"href":"https:\/\/fjala.info\/2009-2015\/wp-json\/wp\/v2\/posts\/2161","targetHints":{"allow":["GET"]}}],"collection":[{"href":"https:\/\/fjala.info\/2009-2015\/wp-json\/wp\/v2\/posts"}],"about":[{"href":"https:\/\/fjala.info\/2009-2015\/wp-json\/wp\/v2\/types\/post"}],"author":[{"embeddable":true,"href":"https:\/\/fjala.info\/2009-2015\/wp-json\/wp\/v2\/users\/1"}],"replies":[{"embeddable":true,"href":"https:\/\/fjala.info\/2009-2015\/wp-json\/wp\/v2\/comments?post=2161"}],"version-history":[{"count":0,"href":"https:\/\/fjala.info\/2009-2015\/wp-json\/wp\/v2\/posts\/2161\/revisions"}],"wp:attachment":[{"href":"https:\/\/fjala.info\/2009-2015\/wp-json\/wp\/v2\/media?parent=2161"}],"wp:term":[{"taxonomy":"category","embeddable":true,"href":"https:\/\/fjala.info\/2009-2015\/wp-json\/wp\/v2\/categories?post=2161"},{"taxonomy":"post_tag","embeddable":true,"href":"https:\/\/fjala.info\/2009-2015\/wp-json\/wp\/v2\/tags?post=2161"}],"curies":[{"name":"wp","href":"https:\/\/api.w.org\/{rel}","templated":true}]}}