{"id":2155,"date":"2010-04-09T09:06:24","date_gmt":"2010-04-09T08:06:24","guid":{"rendered":"http:\/\/fjala.shkoder.net\/?p=2155"},"modified":"2010-04-09T09:06:24","modified_gmt":"2010-04-09T08:06:24","slug":"kriza-e-partneritetit-strategjik","status":"publish","type":"post","link":"https:\/\/fjala.info\/2009-2015\/kriza-e-partneritetit-strategjik\/","title":{"rendered":"Kriza e partneritetit strategjik"},"content":{"rendered":"<p><img decoding=\"async\" style=\"margin-left: 10px; margin-right: 10px; border: 0px;\" src=\"http:\/\/www.shkoder.net\/images\/fjala\/afrim_krasniqi.jpg\" border=\"0\" alt=\"Afrim Krasniqi\" width=\"100\" align=\"right\" \/><\/p>\n<p>Nga: <strong>AFRIM KRASNIQI<\/strong><\/p>\n<p>\u00c7do shtet ka nj\u00eb strategji t\u00eb siguris\u00eb komb\u00ebtare, p\u00ebrmes s\u00eb cil\u00ebs p\u00ebrcaktohen interesat dhe prioritetet kryesore t\u00eb politik\u00ebs s\u00eb jashtme, t\u00eb mbrojtjes dhe t\u00eb bashk\u00ebpunimit ekonomik. Ky dokument \u00ebsht\u00eb produkt i bashk\u00ebveprimit t\u00eb disa institucioneve kryesore kushtetuese, miratohet n\u00eb parlament dhe merret si udh\u00ebzues baz\u00eb p\u00ebr \u00e7do qeveri, t\u00eb majt\u00eb e t\u00eb djatht\u00eb, nj\u00ebher\u00ebsh p\u00ebr maxhorancat dhe p\u00ebr opozitat politike. Synimi \u00ebsht\u00eb t\u00eb ket\u00eb nj\u00eb unifikim q\u00ebndrimesh rreth asaj se cilat jan\u00eb prioritetet dhe rreziqet, k\u00ebrc\u00ebnimet dhe interesat n\u00eb fush\u00ebn e diplomacis\u00eb, mbrojtjes, ekonomis\u00eb dhe fushave t\u00eb tjera jet\u00ebsore p\u00ebr nj\u00eb shtet e nj\u00eb shoq\u00ebri. Praktika amerikane m\u00ebson se parimet e strategjis\u00eb komb\u00ebtare t\u00eb siguris\u00eb dhe partneritetit jan\u00eb udh\u00ebheq\u00ebse p\u00ebr \u00e7do kabinet presidencial. Modele t\u00eb tilla gjenden edhe n\u00eb t\u00eb gjitha shtetet e tjera an\u00ebtare t\u00eb NATO-s dhe t\u00eb BE-s\u00eb.<\/p>\n<p>Nj\u00eb dokument i till\u00eb ekziston edhe n\u00eb Shqip\u00ebri. Ai \u00ebsht\u00eb ndryshuar disa her\u00eb, \u00ebsht\u00eb kaluar n\u00eb parlament, ka marr\u00eb miratimin e t\u00eb gjitha pal\u00ebve politike dhe mund t\u00eb konsiderohet nj\u00eb produkt konsensual afatgjat\u00eb, politikisht t\u00eb detyruesh\u00ebm p\u00ebr \u00e7do institucion politik n\u00eb vend. N\u00eb funksion t\u00eb k\u00ebtyre parimeve hartohen edhe programet qeveritare t\u00eb radh\u00ebs, t\u00eb cilat vijn\u00eb si produkt zgjedhor dhe kan\u00eb funksion kryesor qeverisjen e vendit p\u00ebr nj\u00eb periudh\u00eb t\u00eb caktuar kohore.<\/p>\n<p>Jasht\u00eb leximit ligjor dhe formal t\u00eb rolit t\u00eb strategjis\u00eb komb\u00ebtare dhe p\u00ebrgjegj\u00ebsive t\u00eb institucioneve politike ndaj saj, ne kemi nj\u00eb realitet tjet\u00ebr t\u00eb p\u00ebrditsh\u00ebm, nj\u00eb tradit\u00eb negative dhe t\u00eb paq\u00ebndrueshme, t\u00eb cilat vijn\u00eb n\u00eb kund\u00ebrshtim me frym\u00ebn e prioriteteve, strategjive dhe interesave afatgjata komb\u00ebtare. Le t\u00eb referojm\u00eb dy modele qeveris\u00ebse. Gjat\u00eb qeverisjeve t\u00eb majta, kryeministrat deklaronin her\u00eb n\u00eb Rom\u00eb, her\u00eb n\u00eb Uashington dhe her\u00eb n\u00eb Athin\u00eb se ai vend ishte partneri kryesor strategjik p\u00ebr Shqip\u00ebrin\u00eb. M\u00eb 1998-\u00ebn, nj\u00eb kryeminist\u00ebr propozoi protektorat italian mbi Shqip\u00ebrin\u00eb. I nj\u00ebjti politikan pak vite m\u00eb von\u00eb propozoi kujdestari greke mbi Shqip\u00ebrin\u00eb. T\u00eb djatht\u00ebt n\u00eb opozit\u00eb i denoncuan k\u00ebto praktike negative dhe spekulative me interesat komb\u00ebtare t\u00eb partneritetit, por kur erdh\u00ebn n\u00eb pushtet ata vijuan me t\u00eb nj\u00ebjtat praktika.<\/p>\n<p>K\u00ebshtu, vet\u00ebm gjat\u00eb dy &#8211; tre muajve t\u00eb fundit kemi par\u00eb kryeministrin t\u00eb cil\u00ebsoj\u00eb partner strategjik t\u00eb Shqip\u00ebris\u00eb nj\u00eb vend fqinj si Italia, nj\u00eb kryediplomat q\u00eb i njeh k\u00ebt\u00eb rol nj\u00eb vendi tjet\u00ebr fqinj si Greqia, apo nj\u00eb kryeparlamentare q\u00eb ia njeh k\u00ebt\u00eb partneritet strategjik nj\u00eb vendi tjet\u00ebr n\u00eb rajon, si Turqia. Po ashtu kemi par\u00eb deklarata t\u00eb krer\u00ebve t\u00eb shtetit dhe politik\u00ebb\u00ebrjes, t\u00eb cil\u00ebt njohin si avokat\u00eb t\u00eb Shqip\u00ebris\u00eb n\u00eb BE her\u00eb Gjermanin\u00eb, her\u00eb Italin\u00eb, her\u00eb Spanj\u00ebn, her\u00eb Austrin\u00eb, her\u00eb Greqin\u00eb dhe madje nj\u00ebher\u00eb edhe Belgjik\u00ebn apo Sllovenin\u00eb.<\/p>\n<p>N\u00eb marr\u00ebdh\u00ebniet nd\u00ebrkomb\u00ebtare jan\u00eb t\u00eb njohura praktikat e vler\u00ebsimeve dhe kortezis\u00eb diplomatike, por n\u00eb vendet me demokraci e shtet serioz e t\u00eb konsoliduar nuk ndodh asnj\u00ebher\u00eb q\u00eb krer\u00ebt e shtetit brenda pak muajve, madje edhe pak dit\u00ebve, t\u00eb shpallin partner\u00eb strategjik\u00eb shtete krejt t\u00eb ndryshme, ndonj\u00ebher\u00eb edhe rivale ndaj nj\u00ebra tjetr\u00ebs. Kjo ndodh p\u00ebr tri arsye. E para, sepse deklaratat b\u00ebhen p\u00ebr nevoja t\u00eb suksesit personal dhe kryesisht gjat\u00eb vizitave zyrtare n\u00eb shtetet p\u00ebrkat\u00ebse. E dyta sepse politikan\u00eb t\u00eb ve\u00e7ant\u00eb synojn\u00eb t\u00eb krijojn\u00eb admirim e raporte besimi personale ndaj shteteve t\u00eb caktuara, pavar\u00ebsisht politik\u00ebs zyrtare q\u00eb duhet t\u00eb p\u00ebrfaq\u00ebsoj\u00eb. E treta, sepse ne nuk zhvillojm\u00eb akoma nj\u00eb diplomaci dhe politik\u00eb institucionale, por thell\u00ebsisht personale dhe p\u00ebr konsum ditor. N\u00eb thelb humori dhe interesi ditor\u00eb t\u00eb politikan\u00ebve kan\u00eb p\u00ebrvet\u00ebsuar nj\u00eb pushtet ekstrakushtetues, t\u00eb drejt\u00ebn t\u00eb caktojn\u00eb e t\u00eb shpallin vendet mike, vendet strategjike, vendet v\u00ebllaz\u00ebrore, vendet partnere dhe vendet problematike, pa marr\u00eb n\u00eb konsiderat\u00eb asnj\u00eb konkluzion ligjor dhe institucional.<\/p>\n<p>Situata t\u00eb tilla joserioze ndikojn\u00eb duksh\u00ebm n\u00eb imazhin e diplomacis\u00eb dhe klas\u00ebs politike n\u00eb raport me vendet e tjera, partner\u00ebt serioz\u00eb nd\u00ebrkomb\u00ebtar\u00eb dhe vet\u00eb shtetet e p\u00ebrfshira n\u00eb investime pro e kund\u00ebr. P.sh, koha kur kryeministri i Shqip\u00ebris\u00eb deklaronte vot\u00ebn publike n\u00eb KS t\u00eb OKB-s\u00eb p\u00ebr Gjermanin\u00eb dhe nj\u00eb jav\u00eb m\u00eb von\u00eb p\u00ebr Italin\u00eb, apo kur nj\u00eb kryeminist\u00ebr tjet\u00ebr rikthente vot\u00ebn p\u00ebr Gjermanin\u00eb duke th\u00ebn\u00eb se ia ka premtuar vite m\u00eb par\u00eb nj\u00eb politikani t\u00eb lart\u00eb t\u00eb k\u00ebtij vendi, mund t\u00eb mbetet n\u00eb rekordet e marr\u00ebdh\u00ebnieve diplomatike si nj\u00eb rast pap\u00ebrgjegjshm\u00ebrie dhe joserioziteti.<\/p>\n<p>E nj\u00ebjta gj\u00eb mund t\u00eb thuhet p\u00ebr koh\u00ebn kur titullar\u00ebt e shtetit shqiptar fillimisht betoheshin p\u00ebr miq\u00ebsin\u00eb pa kushte amerikane, pastaj akuzonin amerikan\u00ebt p\u00ebr hyrje n\u00eb pun\u00ebt e brendshme dhe n\u00eb fund k\u00ebrkonin mb\u00ebshtetje n\u00eb shtete kritike europiane ndaj SHBA apo n\u00eb ndonj\u00eb kontinent tjet\u00ebr.<br \/>\nSjellje arrogante provinciale si ato kur kryeministri shqiptar botonte n\u00eb gazetat amerikane nj\u00eb koment kritik kund\u00ebr BE-s\u00eb dhe shtyll\u00ebs s\u00eb saj drejtuese, boshtit Berlin &#8211; Paris, apo ato t\u00eb nj\u00eb tjetri kryeminist\u00ebr q\u00eb n\u00eb samite nd\u00ebrkomb\u00ebtare jepte leksione kund\u00ebr bab\u00ebzis\u00eb kapitaliste dhe europiane mbeten nj\u00eb kujtim i keq, dhe m\u00eb e pakta, nj\u00eb xhest feudal me efekt t\u00eb kund\u00ebrt p\u00ebr shtetin e shoq\u00ebrin\u00eb shqiptare.<\/p>\n<p>Shqip\u00ebria \u00ebsht\u00eb nj\u00eb vend i vog\u00ebl, jo nj\u00eb aktor politik kontinental apo global. Ne jemi me fat se kemi aleat t\u00eb interesave themelore shqiptare shtete t\u00eb m\u00ebdha dhe vendimmarr\u00ebse si SHBA, Gjermania, Britania apo Italia. Synimi yn\u00eb \u00ebsht\u00eb integrimi n\u00eb BE dhe thellimi i miq\u00ebsis\u00eb e bashk\u00ebpunimit me SHBA. Kaq mjafton p\u00ebr t\u00eb shpjeguar cilat jan\u00eb shtetet dhe prioritetet tona komb\u00ebtare, kush duhet t\u00eb jet\u00eb partneri yn\u00eb strategjik.<\/p>\n<p>A mund dhe si mund t\u00eb ndryshoj\u00eb kjo praktik\u00eb e gabuar? N\u00eb rastin m\u00eb t\u00eb mir\u00eb do t\u00eb duhet q\u00eb politika dhe vendimmarr\u00ebsit t\u00eb kuptojn\u00eb se shteti dhe interesat komb\u00ebtare, aleancat dhe partner\u00ebt strategjik\u00eb, nuk jan\u00eb pron\u00eb e nj\u00eb apo disa individ\u00ebve; jan\u00eb asete komb\u00ebtare dhe vendimmarrja mbi to mund e duhet t\u00eb jet\u00eb vet\u00ebm institucionale. Kjo k\u00ebrkon koh\u00eb dhe lidhet nj\u00eb mentalitet e kultur\u00eb t\u00eb re politike shum\u00eb m\u00eb t\u00eb ndryshme nga ajo q\u00eb shohim sot.<\/p>\n<p>N\u00eb rastin m\u00eb t\u00eb keq do t\u00eb duhet t\u00eb hyjn\u00eb n\u00eb veprim institucionet p\u00ebrgjegj\u00ebse t\u00eb koordinimit, p\u00ebrpunimit dhe vendimmarrjes n\u00eb politik\u00ebn e jashtme. ne kemi nj\u00eb MPJ q\u00eb ka p\u00ebrgjegj\u00ebsin\u00eb e p\u00ebrgatitjes s\u00eb tezave diplomatike, kemi nj\u00eb K\u00ebshill t\u00eb Siguris\u00eb Komb\u00ebtare q\u00eb do t\u00eb duhet t\u00eb koordinoj\u00eb q\u00ebndrimet strategjike, kemi nj\u00eb parlament q\u00eb do t\u00eb duhet t\u00eb votoj\u00eb strategjit\u00eb dhe nj\u00ebher\u00ebsh t\u00eb k\u00ebrkoj\u00eb e hetoj\u00eb p\u00ebrmes komisioneve p\u00ebrkat\u00ebse, ecurin\u00eb, progresin dhe problematikat e zbatimit t\u00eb tyre. Drejtuesit e k\u00ebtyre institucioneve paguhen me taksat tona, udh\u00ebtojn\u00eb me taksat tona, flasin n\u00eb emrin ton\u00eb, jan\u00eb n\u00eb pushtet e n\u00eb qeverisje me besimin ton\u00eb. Mbetet q\u00eb \u00e7donj\u00ebri prej nesh, qytetar e bashk\u00ebsi qytetar\u00ebsh, p\u00ebrmes debateve, nismave publike dhe \u00e7do forme tjet\u00ebr kritike t&#8217;u k\u00ebrkojm\u00eb atyre, as m\u00eb pak dhe as m\u00eb shum\u00eb sesa t\u00eb p\u00ebrmbushin me cil\u00ebsin\u00eb dhe n\u00eb koh\u00ebn e duhur detyr\u00ebn e tyre kushtetuese.<\/p>\n","protected":false},"excerpt":{"rendered":"<p>Nga: AFRIM KRASNIQI \u00c7do shtet ka nj\u00eb strategji t\u00eb siguris\u00eb komb\u00ebtare, p\u00ebrmes s\u00eb cil\u00ebs p\u00ebrcaktohen interesat dhe prioritetet kryesore t\u00eb politik\u00ebs s\u00eb jashtme, t\u00eb mbrojtjes dhe t\u00eb bashk\u00ebpunimit ekonomik. Ky dokument \u00ebsht\u00eb produkt i bashk\u00ebveprimit t\u00eb disa institucioneve kryesore kushtetuese, miratohet n\u00eb parlament dhe merret si udh\u00ebzues baz\u00eb p\u00ebr \u00e7do qeveri, t\u00eb majt\u00eb e t\u00eb [&hellip;]<\/p>\n","protected":false},"author":1,"featured_media":0,"comment_status":"open","ping_status":"closed","sticky":false,"template":"","format":"standard","meta":{"footnotes":""},"categories":[2],"tags":[],"class_list":{"0":"post-2155","1":"post","2":"type-post","3":"status-publish","4":"format-standard","6":"category-artikuj"},"yoast_head":"<!-- This site is optimized with the Yoast SEO plugin v27.4 - https:\/\/yoast.com\/product\/yoast-seo-wordpress\/ -->\n<title>Kriza e partneritetit strategjik - FjALA e LIR\u00cb - Arkivi<\/title>\n<meta name=\"robots\" content=\"index, follow, max-snippet:-1, max-image-preview:large, max-video-preview:-1\" \/>\n<link rel=\"canonical\" href=\"https:\/\/fjala.info\/2009-2015\/kriza-e-partneritetit-strategjik\/\" \/>\n<meta property=\"og:locale\" content=\"sq_AL\" \/>\n<meta property=\"og:type\" content=\"article\" \/>\n<meta property=\"og:title\" content=\"Kriza e partneritetit strategjik - FjALA e LIR\u00cb - Arkivi\" \/>\n<meta property=\"og:description\" content=\"Nga: AFRIM KRASNIQI \u00c7do shtet ka nj\u00eb strategji t\u00eb siguris\u00eb komb\u00ebtare, p\u00ebrmes s\u00eb cil\u00ebs p\u00ebrcaktohen interesat dhe prioritetet kryesore t\u00eb politik\u00ebs s\u00eb jashtme, t\u00eb mbrojtjes dhe t\u00eb bashk\u00ebpunimit ekonomik. Ky dokument \u00ebsht\u00eb produkt i bashk\u00ebveprimit t\u00eb disa institucioneve kryesore kushtetuese, miratohet n\u00eb parlament dhe merret si udh\u00ebzues baz\u00eb p\u00ebr \u00e7do qeveri, t\u00eb majt\u00eb e t\u00eb [&hellip;]\" \/>\n<meta property=\"og:url\" content=\"https:\/\/fjala.info\/2009-2015\/kriza-e-partneritetit-strategjik\/\" \/>\n<meta property=\"og:site_name\" content=\"FjALA e LIR\u00cb - Arkivi\" \/>\n<meta property=\"article:published_time\" content=\"2010-04-09T08:06:24+00:00\" \/>\n<meta property=\"og:image\" content=\"http:\/\/www.shkoder.net\/images\/fjala\/afrim_krasniqi.jpg\" \/>\n<meta name=\"author\" content=\"admin\" \/>\n<meta name=\"twitter:card\" content=\"summary_large_image\" \/>\n<meta name=\"twitter:label1\" content=\"Written by\" \/>\n\t<meta name=\"twitter:data1\" content=\"admin\" \/>\n\t<meta name=\"twitter:label2\" content=\"Est. reading time\" \/>\n\t<meta name=\"twitter:data2\" content=\"6 minutes\" \/>\n<script type=\"application\/ld+json\" class=\"yoast-schema-graph\">{\"@context\":\"https:\\\/\\\/schema.org\",\"@graph\":[{\"@type\":\"Article\",\"@id\":\"https:\\\/\\\/fjala.info\\\/2009-2015\\\/kriza-e-partneritetit-strategjik\\\/#article\",\"isPartOf\":{\"@id\":\"https:\\\/\\\/fjala.info\\\/2009-2015\\\/kriza-e-partneritetit-strategjik\\\/\"},\"author\":{\"name\":\"admin\",\"@id\":\"https:\\\/\\\/fjala.info\\\/2009-2015\\\/#\\\/schema\\\/person\\\/3aa1163ef05469c496fc94e77611ada2\"},\"headline\":\"Kriza e partneritetit strategjik\",\"datePublished\":\"2010-04-09T08:06:24+00:00\",\"mainEntityOfPage\":{\"@id\":\"https:\\\/\\\/fjala.info\\\/2009-2015\\\/kriza-e-partneritetit-strategjik\\\/\"},\"wordCount\":1258,\"commentCount\":0,\"publisher\":{\"@id\":\"https:\\\/\\\/fjala.info\\\/2009-2015\\\/#organization\"},\"image\":{\"@id\":\"https:\\\/\\\/fjala.info\\\/2009-2015\\\/kriza-e-partneritetit-strategjik\\\/#primaryimage\"},\"thumbnailUrl\":\"http:\\\/\\\/www.shkoder.net\\\/images\\\/fjala\\\/afrim_krasniqi.jpg\",\"articleSection\":[\"Artikuj\"],\"inLanguage\":\"sq-AL\",\"potentialAction\":[{\"@type\":\"CommentAction\",\"name\":\"Comment\",\"target\":[\"https:\\\/\\\/fjala.info\\\/2009-2015\\\/kriza-e-partneritetit-strategjik\\\/#respond\"]}]},{\"@type\":\"WebPage\",\"@id\":\"https:\\\/\\\/fjala.info\\\/2009-2015\\\/kriza-e-partneritetit-strategjik\\\/\",\"url\":\"https:\\\/\\\/fjala.info\\\/2009-2015\\\/kriza-e-partneritetit-strategjik\\\/\",\"name\":\"Kriza e partneritetit strategjik - FjALA e LIR\u00cb - Arkivi\",\"isPartOf\":{\"@id\":\"https:\\\/\\\/fjala.info\\\/2009-2015\\\/#website\"},\"primaryImageOfPage\":{\"@id\":\"https:\\\/\\\/fjala.info\\\/2009-2015\\\/kriza-e-partneritetit-strategjik\\\/#primaryimage\"},\"image\":{\"@id\":\"https:\\\/\\\/fjala.info\\\/2009-2015\\\/kriza-e-partneritetit-strategjik\\\/#primaryimage\"},\"thumbnailUrl\":\"http:\\\/\\\/www.shkoder.net\\\/images\\\/fjala\\\/afrim_krasniqi.jpg\",\"datePublished\":\"2010-04-09T08:06:24+00:00\",\"breadcrumb\":{\"@id\":\"https:\\\/\\\/fjala.info\\\/2009-2015\\\/kriza-e-partneritetit-strategjik\\\/#breadcrumb\"},\"inLanguage\":\"sq-AL\",\"potentialAction\":[{\"@type\":\"ReadAction\",\"target\":[\"https:\\\/\\\/fjala.info\\\/2009-2015\\\/kriza-e-partneritetit-strategjik\\\/\"]}]},{\"@type\":\"ImageObject\",\"inLanguage\":\"sq-AL\",\"@id\":\"https:\\\/\\\/fjala.info\\\/2009-2015\\\/kriza-e-partneritetit-strategjik\\\/#primaryimage\",\"url\":\"http:\\\/\\\/www.shkoder.net\\\/images\\\/fjala\\\/afrim_krasniqi.jpg\",\"contentUrl\":\"http:\\\/\\\/www.shkoder.net\\\/images\\\/fjala\\\/afrim_krasniqi.jpg\"},{\"@type\":\"BreadcrumbList\",\"@id\":\"https:\\\/\\\/fjala.info\\\/2009-2015\\\/kriza-e-partneritetit-strategjik\\\/#breadcrumb\",\"itemListElement\":[{\"@type\":\"ListItem\",\"position\":1,\"name\":\"Home\",\"item\":\"https:\\\/\\\/fjala.info\\\/2009-2015\\\/\"},{\"@type\":\"ListItem\",\"position\":2,\"name\":\"Kriza e partneritetit strategjik\"}]},{\"@type\":\"WebSite\",\"@id\":\"https:\\\/\\\/fjala.info\\\/2009-2015\\\/#website\",\"url\":\"https:\\\/\\\/fjala.info\\\/2009-2015\\\/\",\"name\":\"FjALA e LIR\u00cb - Arkivi\",\"description\":\"Arkivi 2009-2015\",\"publisher\":{\"@id\":\"https:\\\/\\\/fjala.info\\\/2009-2015\\\/#organization\"},\"potentialAction\":[{\"@type\":\"SearchAction\",\"target\":{\"@type\":\"EntryPoint\",\"urlTemplate\":\"https:\\\/\\\/fjala.info\\\/2009-2015\\\/?s={search_term_string}\"},\"query-input\":{\"@type\":\"PropertyValueSpecification\",\"valueRequired\":true,\"valueName\":\"search_term_string\"}}],\"inLanguage\":\"sq-AL\"},{\"@type\":\"Organization\",\"@id\":\"https:\\\/\\\/fjala.info\\\/2009-2015\\\/#organization\",\"name\":\"FjALA e LIR\u00cb - Arkivi\",\"url\":\"https:\\\/\\\/fjala.info\\\/2009-2015\\\/\",\"logo\":{\"@type\":\"ImageObject\",\"inLanguage\":\"sq-AL\",\"@id\":\"https:\\\/\\\/fjala.info\\\/2009-2015\\\/#\\\/schema\\\/logo\\\/image\\\/\",\"url\":\"\",\"contentUrl\":\"\",\"caption\":\"FjALA e LIR\u00cb - Arkivi\"},\"image\":{\"@id\":\"https:\\\/\\\/fjala.info\\\/2009-2015\\\/#\\\/schema\\\/logo\\\/image\\\/\"}},{\"@type\":\"Person\",\"@id\":\"https:\\\/\\\/fjala.info\\\/2009-2015\\\/#\\\/schema\\\/person\\\/3aa1163ef05469c496fc94e77611ada2\",\"name\":\"admin\",\"image\":{\"@type\":\"ImageObject\",\"inLanguage\":\"sq-AL\",\"@id\":\"https:\\\/\\\/fjala.info\\\/2009-2015\\\/wp-content\\\/uploads\\\/2012\\\/02\\\/arben_cokaj-120x150.jpg\",\"url\":\"https:\\\/\\\/fjala.info\\\/2009-2015\\\/wp-content\\\/uploads\\\/2012\\\/02\\\/arben_cokaj-120x150.jpg\",\"contentUrl\":\"https:\\\/\\\/fjala.info\\\/2009-2015\\\/wp-content\\\/uploads\\\/2012\\\/02\\\/arben_cokaj-120x150.jpg\",\"caption\":\"admin\"},\"description\":\"Admin, Fjala e Lir\u00eb\",\"sameAs\":[\"https:\\\/\\\/fjala.info\\\/\"],\"url\":\"https:\\\/\\\/fjala.info\\\/2009-2015\\\/author\\\/admin\\\/\"}]}<\/script>\n<!-- \/ Yoast SEO plugin. -->","yoast_head_json":{"title":"Kriza e partneritetit strategjik - FjALA e LIR\u00cb - Arkivi","robots":{"index":"index","follow":"follow","max-snippet":"max-snippet:-1","max-image-preview":"max-image-preview:large","max-video-preview":"max-video-preview:-1"},"canonical":"https:\/\/fjala.info\/2009-2015\/kriza-e-partneritetit-strategjik\/","og_locale":"sq_AL","og_type":"article","og_title":"Kriza e partneritetit strategjik - FjALA e LIR\u00cb - Arkivi","og_description":"Nga: AFRIM KRASNIQI \u00c7do shtet ka nj\u00eb strategji t\u00eb siguris\u00eb komb\u00ebtare, p\u00ebrmes s\u00eb cil\u00ebs p\u00ebrcaktohen interesat dhe prioritetet kryesore t\u00eb politik\u00ebs s\u00eb jashtme, t\u00eb mbrojtjes dhe t\u00eb bashk\u00ebpunimit ekonomik. Ky dokument \u00ebsht\u00eb produkt i bashk\u00ebveprimit t\u00eb disa institucioneve kryesore kushtetuese, miratohet n\u00eb parlament dhe merret si udh\u00ebzues baz\u00eb p\u00ebr \u00e7do qeveri, t\u00eb majt\u00eb e t\u00eb [&hellip;]","og_url":"https:\/\/fjala.info\/2009-2015\/kriza-e-partneritetit-strategjik\/","og_site_name":"FjALA e LIR\u00cb - Arkivi","article_published_time":"2010-04-09T08:06:24+00:00","og_image":[{"url":"http:\/\/www.shkoder.net\/images\/fjala\/afrim_krasniqi.jpg","type":"","width":"","height":""}],"author":"admin","twitter_card":"summary_large_image","twitter_misc":{"Written by":"admin","Est. reading time":"6 minutes"},"schema":{"@context":"https:\/\/schema.org","@graph":[{"@type":"Article","@id":"https:\/\/fjala.info\/2009-2015\/kriza-e-partneritetit-strategjik\/#article","isPartOf":{"@id":"https:\/\/fjala.info\/2009-2015\/kriza-e-partneritetit-strategjik\/"},"author":{"name":"admin","@id":"https:\/\/fjala.info\/2009-2015\/#\/schema\/person\/3aa1163ef05469c496fc94e77611ada2"},"headline":"Kriza e partneritetit strategjik","datePublished":"2010-04-09T08:06:24+00:00","mainEntityOfPage":{"@id":"https:\/\/fjala.info\/2009-2015\/kriza-e-partneritetit-strategjik\/"},"wordCount":1258,"commentCount":0,"publisher":{"@id":"https:\/\/fjala.info\/2009-2015\/#organization"},"image":{"@id":"https:\/\/fjala.info\/2009-2015\/kriza-e-partneritetit-strategjik\/#primaryimage"},"thumbnailUrl":"http:\/\/www.shkoder.net\/images\/fjala\/afrim_krasniqi.jpg","articleSection":["Artikuj"],"inLanguage":"sq-AL","potentialAction":[{"@type":"CommentAction","name":"Comment","target":["https:\/\/fjala.info\/2009-2015\/kriza-e-partneritetit-strategjik\/#respond"]}]},{"@type":"WebPage","@id":"https:\/\/fjala.info\/2009-2015\/kriza-e-partneritetit-strategjik\/","url":"https:\/\/fjala.info\/2009-2015\/kriza-e-partneritetit-strategjik\/","name":"Kriza e partneritetit strategjik - FjALA e LIR\u00cb - Arkivi","isPartOf":{"@id":"https:\/\/fjala.info\/2009-2015\/#website"},"primaryImageOfPage":{"@id":"https:\/\/fjala.info\/2009-2015\/kriza-e-partneritetit-strategjik\/#primaryimage"},"image":{"@id":"https:\/\/fjala.info\/2009-2015\/kriza-e-partneritetit-strategjik\/#primaryimage"},"thumbnailUrl":"http:\/\/www.shkoder.net\/images\/fjala\/afrim_krasniqi.jpg","datePublished":"2010-04-09T08:06:24+00:00","breadcrumb":{"@id":"https:\/\/fjala.info\/2009-2015\/kriza-e-partneritetit-strategjik\/#breadcrumb"},"inLanguage":"sq-AL","potentialAction":[{"@type":"ReadAction","target":["https:\/\/fjala.info\/2009-2015\/kriza-e-partneritetit-strategjik\/"]}]},{"@type":"ImageObject","inLanguage":"sq-AL","@id":"https:\/\/fjala.info\/2009-2015\/kriza-e-partneritetit-strategjik\/#primaryimage","url":"http:\/\/www.shkoder.net\/images\/fjala\/afrim_krasniqi.jpg","contentUrl":"http:\/\/www.shkoder.net\/images\/fjala\/afrim_krasniqi.jpg"},{"@type":"BreadcrumbList","@id":"https:\/\/fjala.info\/2009-2015\/kriza-e-partneritetit-strategjik\/#breadcrumb","itemListElement":[{"@type":"ListItem","position":1,"name":"Home","item":"https:\/\/fjala.info\/2009-2015\/"},{"@type":"ListItem","position":2,"name":"Kriza e partneritetit strategjik"}]},{"@type":"WebSite","@id":"https:\/\/fjala.info\/2009-2015\/#website","url":"https:\/\/fjala.info\/2009-2015\/","name":"FjALA e LIR\u00cb - Arkivi","description":"Arkivi 2009-2015","publisher":{"@id":"https:\/\/fjala.info\/2009-2015\/#organization"},"potentialAction":[{"@type":"SearchAction","target":{"@type":"EntryPoint","urlTemplate":"https:\/\/fjala.info\/2009-2015\/?s={search_term_string}"},"query-input":{"@type":"PropertyValueSpecification","valueRequired":true,"valueName":"search_term_string"}}],"inLanguage":"sq-AL"},{"@type":"Organization","@id":"https:\/\/fjala.info\/2009-2015\/#organization","name":"FjALA e LIR\u00cb - Arkivi","url":"https:\/\/fjala.info\/2009-2015\/","logo":{"@type":"ImageObject","inLanguage":"sq-AL","@id":"https:\/\/fjala.info\/2009-2015\/#\/schema\/logo\/image\/","url":"","contentUrl":"","caption":"FjALA e LIR\u00cb - Arkivi"},"image":{"@id":"https:\/\/fjala.info\/2009-2015\/#\/schema\/logo\/image\/"}},{"@type":"Person","@id":"https:\/\/fjala.info\/2009-2015\/#\/schema\/person\/3aa1163ef05469c496fc94e77611ada2","name":"admin","image":{"@type":"ImageObject","inLanguage":"sq-AL","@id":"https:\/\/fjala.info\/2009-2015\/wp-content\/uploads\/2012\/02\/arben_cokaj-120x150.jpg","url":"https:\/\/fjala.info\/2009-2015\/wp-content\/uploads\/2012\/02\/arben_cokaj-120x150.jpg","contentUrl":"https:\/\/fjala.info\/2009-2015\/wp-content\/uploads\/2012\/02\/arben_cokaj-120x150.jpg","caption":"admin"},"description":"Admin, Fjala e Lir\u00eb","sameAs":["https:\/\/fjala.info\/"],"url":"https:\/\/fjala.info\/2009-2015\/author\/admin\/"}]}},"_links":{"self":[{"href":"https:\/\/fjala.info\/2009-2015\/wp-json\/wp\/v2\/posts\/2155","targetHints":{"allow":["GET"]}}],"collection":[{"href":"https:\/\/fjala.info\/2009-2015\/wp-json\/wp\/v2\/posts"}],"about":[{"href":"https:\/\/fjala.info\/2009-2015\/wp-json\/wp\/v2\/types\/post"}],"author":[{"embeddable":true,"href":"https:\/\/fjala.info\/2009-2015\/wp-json\/wp\/v2\/users\/1"}],"replies":[{"embeddable":true,"href":"https:\/\/fjala.info\/2009-2015\/wp-json\/wp\/v2\/comments?post=2155"}],"version-history":[{"count":0,"href":"https:\/\/fjala.info\/2009-2015\/wp-json\/wp\/v2\/posts\/2155\/revisions"}],"wp:attachment":[{"href":"https:\/\/fjala.info\/2009-2015\/wp-json\/wp\/v2\/media?parent=2155"}],"wp:term":[{"taxonomy":"category","embeddable":true,"href":"https:\/\/fjala.info\/2009-2015\/wp-json\/wp\/v2\/categories?post=2155"},{"taxonomy":"post_tag","embeddable":true,"href":"https:\/\/fjala.info\/2009-2015\/wp-json\/wp\/v2\/tags?post=2155"}],"curies":[{"name":"wp","href":"https:\/\/api.w.org\/{rel}","templated":true}]}}