{"id":2154,"date":"2012-03-14T09:55:27","date_gmt":"2012-03-14T08:55:27","guid":{"rendered":"http:\/\/fjala.shkoder.net\/?p=2154"},"modified":"2012-03-14T09:55:27","modified_gmt":"2012-03-14T08:55:27","slug":"intervista-topi-berishen-do-e-marr-perdore-per-ti-treguar-si-eshte-konfiguruar-tirana","status":"publish","type":"post","link":"https:\/\/fjala.info\/2009-2015\/intervista-topi-berishen-do-e-marr-perdore-per-ti-treguar-si-eshte-konfiguruar-tirana\/","title":{"rendered":"INTERVISTA\/ Topi: Berish\u00ebn do e marr p\u00ebrdore p\u00ebr t\u2019i treguar si \u00ebsht\u00eb konfiguruar Tirana"},"content":{"rendered":"<p><img decoding=\"async\" class=\"alignright size-thumbnail wp-image-7236\" title=\"Presidenti Bamir Topi\" src=\"http:\/\/www.shkoder.net\/2012\/presidenti_bamir_topi.jpg\" alt=\"\" width=\"300\" \/> <strong>TemA<\/strong>, <em>13 Mars 2012<\/em><\/p>\n<p><strong><em>Intervist\u00eb e Presidentit Topi p\u00ebr emisionin \u201cA Show\u201d t\u00eb gazetarit Adi Krasta n\u00eb Televizionin \u201cVizion +\u201d. Topi i p\u00ebrgjigjet deklaratave t\u00eb Berish\u00ebs se edhe v\u00ebllai i presidentit voton p\u00ebr t\u00eb duke th\u00ebn\u00eb: \u201cStop! Mos u fut m\u00eb tej tek familjet, sepse \u00ebsht\u00eb b\u00ebr\u00eb zakon q\u00eb n\u00eb t\u00eb gjith\u00eb fjalorin e tij t\u00eb futet n\u00ebp\u00ebr familje, b\u00ebn diversion midis burrit dhe gruas, midis motrave, midis v\u00ebllez\u00ebrve! Pra, kjo \u00ebsht\u00eb sjellja m\u00eb e sh\u00ebmtuar q\u00eb \u00ebsht\u00eb patjet\u00ebr nj\u00eb inerci e dukshme jo thjesht e nj\u00eb mentaliteti komunist, por edhe e nj\u00eb njeriu t\u00eb lidhur shpirt\u00ebrisht me komunizmin, i cili n\u00eb m\u00ebnyr\u00eb shum\u00eb t\u00eb suksesshme\u201d<\/em><\/strong><\/p>\n<p><strong>\u00cbsht\u00eb k\u00ebnaq\u00ebsi p\u00ebr mua dhe p\u00ebr hir t\u00eb s\u00eb v\u00ebrtet\u00ebs, do t\u00eb duhej menj\u00ebher\u00eb t\u2019ju b\u00ebj nj\u00eb pyetje q\u00eb m\u00eb ka b\u00ebr\u00eb p\u00ebrshtypje n\u00eb raport me performanc\u00ebn tuaj. Ju keni qen\u00eb nj\u00eb President Republike i kujdessh\u00ebm. I vetmi q\u00eb ka shprehur q\u00eb heshtja mund t\u00eb konsiderohet presidenciale dhe \u00ebsht\u00eb nj\u00eb heshtje q\u00eb flet. Sa her\u00eb ka ndodhur k\u00ebshtu, un\u00eb p\u00ebr vete, p\u00ebrpara televizorit kam th\u00ebn\u00eb: Pse nuk flet tani? Mir\u00ebpo sikur t\u00eb punonte Presidenca sipas d\u00ebshirave t\u00eb \u00e7do individi, ajo do kishte qen\u00eb shum\u00eb problematike. Sidoqoft\u00eb zoti President, ju n\u00eb fund fare, fol\u00ebt, fol\u00ebt hapur, fol\u00ebt fort. Mund t\u00eb them bile q\u00eb than\u00eb, disa njer\u00ebz pat\u00ebn dhe nj\u00eb k\u00ebshtu q\u00eb \u2018m\u00eb n\u00eb fund!\u2019. Pse tani? <\/strong><\/p>\n<p>Un\u00eb besoj q\u00eb nuk \u00ebsht\u00eb rasti i vet\u00ebm, por mesa duket, publikut i b\u00ebn p\u00ebrshtypje ndonj\u00eb deklarat\u00eb q\u00eb konsiderohet e fort\u00eb, por edhe pak e ashp\u00ebr. Ndoshta, nuk ka qen\u00eb n\u00eb natyr\u00ebn time dhe nuk \u00ebsht\u00eb n\u00eb natyr\u00ebn time, q\u00eb t\u2019i trajtoj deklaratat me ashp\u00ebrsi, sepse sikurse dihet, sikurse that\u00eb dhe ju, Institucioni i Presidentit \u00ebsht\u00eb nj\u00eb institucion i t\u00eb gjith\u00eb shqiptar\u00ebve, pavar\u00ebsisht n\u00ebse jan\u00eb t\u00eb djatht\u00eb, jan\u00eb t\u00eb majt\u00eb, jan\u00eb t\u00eb qendr\u00ebs, pavar\u00ebsisht n\u00ebse dikush ka alergji p\u00ebr politik\u00ebn, por un\u00eb i p\u00ebrfaq\u00ebsoj t\u00eb gjith\u00eb. \u00cbsht\u00eb nd\u00ebrtuar n\u00eb m\u00ebnyr\u00eb t\u00eb till\u00eb Kushtetuta q\u00eb Presidenti i p\u00ebrfaq\u00ebson t\u00eb gjith\u00eb. Kjo \u00ebsht\u00eb arsyeja q\u00eb kur largohet nga partia, jep dor\u00ebheqjen nga t\u00eb gjitha funksionet.<\/p>\n<p><strong>M\u00eb vjen mir\u00eb q\u00eb kjo gjen nj\u00eb mb\u00ebshtetje. M\u00eb duket kaq e sofistikuar kjo, q\u00eb t\u00eb largohesh nga partia, t\u00eb jap\u00ebsh dor\u00ebheqjen n\u00eb nj\u00eb vend militantesk e problematik, si\u00e7 \u00ebsht\u00eb Shqip\u00ebria. Aq e v\u00ebrtet\u00eb \u00ebsht\u00eb kjo, zoti President i Republik\u00ebs, sa, pik\u00ebrisht nga partia juaj jan\u00eb gjasht\u00eb funksionar\u00eb publik\u00eb t\u00eb shtetit shqiptar q\u00eb marrin rrog\u00ebn praktikisht q\u00eb kan\u00eb nj\u00eb agjend\u00eb t\u00eb hapur, fare-fare pa u fshehur, q\u00eb merren sistematikisht dhe ju sulmojn\u00eb fort, \u00e7ka n\u00eb vetvete, le t\u00eb themi e vendos at\u00eb q\u00eb sapo that\u00eb n\u00eb nj\u00eb drit\u00eb tjet\u00ebr. Disa prej tyre \u2026 po\u2026<\/strong><\/p>\n<p>Un\u00eb mendoj q\u00eb ndonj\u00eb hall t\u00eb madh duhet t\u00eb ken\u00eb, sepse un\u00eb, p\u00ebrve\u00e7 t\u00eb tjerave, kam nj\u00eb t\u00eb kaluar nga bota akademike. K\u00ebshtu q\u00eb jam marr\u00eb edhe me teorin\u00eb e dominantit. Kur n\u00eb psiqik\u00ebn e njeriut krijohet nj\u00eb dominant i caktuar, at\u00ebher\u00eb pa e kuptuar edhe ata vet\u00eb, fillojn\u00eb t\u00eb merren pik\u00ebrisht me dominantin. U takon atyre ta thon\u00eb n\u00ebse p\u00ebrb\u00ebn ndonj\u00eb dominant apo jo. Un\u00eb jam i bindur n\u00eb k\u00ebt\u00eb lloj p\u00ebrcaktimi.<\/p>\n<p>\u00cbsht\u00eb k\u00ebrkuar hapur koh\u00ebt e fundit, n\u00eb nj\u00eb m\u00ebnyr\u00eb jo elegante, t\u00eb gjith\u00eb e din\u00eb q\u00eb ju do ta mbaroni mandatin n\u00eb koh\u00ebn e duhur. Por tanim\u00eb k\u00ebrkohet p\u00ebr t\u2019ju vendosur n\u00eb nj\u00eb pozicion t\u00eb v\u00ebshtir\u00eb dhe p\u00ebr t\u00eb shkaktuar dominant tek ju, k\u00ebrkojn\u00eb dor\u00ebheqjen tuaj. Ju e keni th\u00ebn\u00eb n\u00eb nj\u00eb nga intervistat e shkruara koh\u00ebt e fundit hapur q\u00eb do t\u00eb mbaroni mandatin plot\u00ebsisht, por n\u00eb fakt, \u00e7far\u00eb ndjesie ju jep kjo, t\u00eb qenit n\u00ebn nj\u00eb atak t\u00eb vazhduesh\u00ebm n\u00eb raport me k\u00ebta element\u00eb, nd\u00ebrmjet t\u00eb tjerash.<\/p>\n<p>Absolutisht asnj\u00eb lloj efekti. Pra, kur shkon n\u00eb at\u00eb pozicion, pik\u00eb s\u00eb pari duhet t\u00eb largohesh nga emocionet. Duhet t\u00eb b\u00ebsh nj\u00eb pun\u00eb shum\u00eb profesionale q\u00eb konturohet nga Kushtetuta. Pastaj, natyrisht un\u00eb jam nj\u00eb njeri, i cili patjet\u00ebr ndikohet nga publiku. Un\u00eb do u b\u00ebja pik\u00ebrisht k\u00ebt\u00eb apel, q\u00eb drejtojuni sondazheve publike, p\u00ebr t\u00eb par\u00eb se sa z\u00ebra t\u00eb izoluar jan\u00eb k\u00ebta, q\u00eb k\u00ebrkojn\u00eb pik\u00ebrisht k\u00ebt\u00eb gj\u00eb. Kjo shihet n\u00eb t\u00eb gjitha sondazhet, un\u00eb d\u00ebshiroj t\u00eb dal pak nga modestia, pik\u00ebrisht p\u00ebr t\u00eb v\u00ebrtetuar t\u00eb kund\u00ebrt\u00ebn e asaj q\u00eb pretendojn\u00eb. Ju shikoni, un\u00eb nuk d\u00ebshiroj t\u00eb flas sot p\u00ebr sondazhet q\u00eb b\u00ebjn\u00eb t\u00eb tjer\u00ebt, s\u2019i b\u00ebj un\u00eb.<\/p>\n<p><strong>Zoti President, festimet e Bes\u00eblidhjes dhe n\u00eb fakt p\u00ebr hir t\u00eb s\u00eb v\u00ebrtet\u00ebs, festimet n\u00eb vetvete, tregojn\u00eb edhe kultur\u00ebn dhe fines\u00ebn dhe eleganc\u00ebn e nj\u00eb kombi. Fjala vjen, Italia i zgjidhi n\u00eb m\u00ebnyr\u00ebn m\u00eb madh\u00ebshtore t\u00eb mundshme festimet e 150-vjetorit. Kishte vet\u00ebp\u00ebrmbajtje, eleganc\u00eb, nj\u00eb organizim i shk\u00eblqyer, skrupuloz. Njer\u00ebzit u g\u00ebzuan, pa anashkaluar ose pa e p\u00ebrdorur edhe at\u00eb, le t\u00eb themi, p\u00ebr t\u00eb th\u00ebn\u00eb q\u00eb \u2018topi \u00ebsht\u00eb i imi\u2019 dhe n\u00eb k\u00ebt\u00eb rast kam \u2026<\/strong><\/p>\n<p>Kam qen\u00eb pjes\u00eb e atyre festimeve dhe jam dakord absolutisht me ju, por sikurse di edhe k\u00ebt\u00eb q\u00eb Presidentit Napolitano, protokollin s\u2019ia kishte b\u00ebr\u00eb Kryetari i Bashkis\u00eb s\u00eb Rom\u00ebs. Pra, 2 marsi i vitit 1444 \u00ebsht\u00eb nj\u00eb dat\u00eb shum\u00eb historike p\u00ebr shqiptar\u00ebt, q\u00eb lidhet me Sk\u00ebnderbeun, por lidhet dhe me nj\u00eb mision p\u00ebrbashkues, n\u00eb nj\u00eb koh\u00eb kur princat shqiptar\u00eb ishin t\u00eb ndar\u00eb dhe me shum\u00eb probleme. Dhe kjo dat\u00eb meritonte pik\u00ebrisht k\u00ebt\u00eb simbolik\u00eb p\u00ebrbashkimi, ku aty duhet t\u00eb ishin t\u00eb gjith\u00eb, duhet t\u00eb ishin jo thjesht p\u00ebr t\u00eb qen\u00eb formalisht t\u00eb pranish\u00ebm, por p\u00ebr t\u00eb dh\u00ebn\u00eb nj\u00eb mesazh publik, q\u00eb jemi t\u00eb gjith\u00eb s\u00eb bashku, jemi s\u00eb bashku p\u00ebr t\u00eb vler\u00ebsuar q\u00eb e ardhmja e Shqip\u00ebris\u00eb b\u00ebhet jo n\u00eb m\u00ebnyr\u00eb t\u00eb izoluar, por b\u00ebhet s\u00eb bashku, nga t\u00eb gjitha faktor\u00ebt.<\/p>\n<p><strong>Ngjarja q\u00eb ndodhi, nga m\u00ebnyra se si u zhvillua ngjarja, ju nuk u lejuat q\u00eb t\u00eb flisnit ose t\u00eb pakt\u00ebn nuk u programua, u tha n\u00eb fund, u than\u00eb disa t\u00eb v\u00ebrteta, disa versione le t\u00eb themi t\u00eb t\u00eb v\u00ebrtet\u00ebs, ju nuk ishit prezent. Pastaj Presidenca doli me nj\u00eb dokument q\u00eb shpjegonte, le t\u00eb themi, ngjarjen. Po ju vet\u00eb zoti Topi, nuk fol\u00ebt. Un\u00eb jam shum\u00eb kurioz, n\u00eb nj\u00eb ballafaqim t\u00eb fort\u00eb kur dikush ju quan g\u00ebnjeshtar, ju vet\u00eb nuk keni shtys\u00ebn t\u00eb dilni personalisht dhe t\u00eb thoni: \u2018Ngjarja ndodhi 1,2,3,4, ky \u00ebsht\u00eb versioni im i s\u00eb v\u00ebrtet\u00ebs\u2019?<\/strong><\/p>\n<p>Kurr\u00eb nuk do ta ulja pozicionin e Kreut t\u00eb Shtetit p\u00ebr t\u2019u marr\u00eb me z\u00ebra q\u00eb, s\u2019d\u00ebshiroj tani t\u2019i b\u00ebj asnj\u00eb lloj etiketimi, por q\u00eb publiku i vler\u00ebson vet\u00eb. Un\u00eb b\u00ebra detyr\u00ebn time, duke i cuar mesazhin shqiptar\u00ebve, e b\u00ebr\u00eb nga Salla \u2018Sk\u00ebnderbej\u2019 e Institucionit t\u00eb Presidenc\u00ebs, nd\u00ebrkoh\u00eb q\u00eb ai fjalim mund t\u00eb mbahej, edhe duhej t\u00eb mbahej, pik\u00ebrisht atje ku ishte simbolika, n\u00eb Lezh\u00eb. Nd\u00ebrsa pjes\u00ebn e protokollit, patjet\u00ebr q\u00eb e trajton dikush tjet\u00ebr. Un\u00eb d\u00ebshiroj t\u2019i shfaq\u00ebsoj ata q\u00eb jan\u00eb marr\u00eb me Protokollin e Shtetit, sepse jan\u00eb djem jasht\u00ebzakonisht t\u00eb mir\u00eb, jan\u00eb profesionist\u00eb, por n\u00eb nj\u00eb orkest\u00ebr, sigurisht q\u00eb orkestrimin e fillon dhe e p\u00ebrfundon dirigjenti, pavar\u00ebsisht n\u00ebse ajo loj\u00eb e atyre veglave t\u00eb orkestr\u00ebs, p\u00ebrfundoi e stonuar. Gjithsesi, un\u00eb d\u00ebshiroj t\u00eb them q\u00eb, aty ku marrin pjes\u00eb autoritetet m\u00eb t\u00eb larta t\u00eb shtetit, duke filluar me Presidentin, Kryetarin e Kuvendit, Kryeministrin e me radh\u00eb, pavar\u00ebsisht q\u00eb organizimi b\u00ebhet nga nj\u00eb bashki e caktuar, patjet\u00ebr k\u00ebtu futet n\u00eb loj\u00eb Protokolli i Shtetit. Dhe loja me protokollin pastaj ishte loja p\u00ebr t\u00eb fshehur q\u00ebllimin real t\u00eb realizimit t\u00eb asaj skene. q\u00eb kurrsesi nuk kishte element\u00eb p\u00ebrbashkimi, por p\u00ebr fat t\u00eb keq, ndarjeje.<\/p>\n<p><strong>Kam nj\u00eb pyetje t\u00eb shkurt\u00ebr, p\u00ebr nj\u00eb p\u00ebrgjigje hipotetike, t\u00eb shkurt\u00ebr, ndoshta edhe reale. Zoti Topi, nuk ju shkoi n\u00eb mendje n\u00eb metrat e fundit t\u00eb udh\u00ebtimit me vetur\u00eb ose n\u00eb kthim, q\u00eb ju si Kreu i Shtetit, si President i Republik\u00ebs, pavar\u00ebsisht nga ajo q\u00eb ndodhi me Kryetarin e Bashkis\u00eb apo dhe me Protokollin e Shtetit, ju t\u00eb shkonit atje dhe t\u00eb flisnit fjalimin tuaj. Do t\u00eb kishte ndodhur nj\u00eb ngjarje e jasht\u00ebzakonshme, por nuk mund besoj q\u00eb t\u2019ju ndiqnit q\u00eb andej dhe t\u2019ju thonin: \u2018Mos u futni k\u00ebtu se ju nuk jeni p\u00ebr t\u00eb tilla\u2026\u2019<\/strong><\/p>\n<p>Jo, jo. Ju nuk jeni informuar mir\u00eb, un\u00eb nuk kam dal\u00eb nga zyra. Natyrisht q\u00eb jan\u00eb kthyer pjesa mb\u00ebshtet\u00ebse e Institucionit t\u00eb Presidentit. Un\u00eb natyrisht isha b\u00ebr\u00eb gati p\u00ebr t\u2019u nisur. Un\u00eb nuk mendoj q\u00eb meriton m\u00eb shum\u00eb t\u00eb trajtohet kjo pjes\u00eb, se sa ajo q\u00eb ka ndodhur. Dhe ajo q\u00eb ka ndodhur sot \u00ebsht\u00eb m\u00ebse e qart\u00eb, me p\u00ebrjashtim t\u00eb atyre q\u00eb i b\u00ebjn\u00eb sh\u00ebrbim nj\u00eb politike t\u00eb caktuar, q\u00eb sigurisht nuk \u00ebsht\u00eb politika e bashkimit. Un\u00eb besoj q\u00eb p\u00ebr pjes\u00ebn tjet\u00ebr, p\u00ebr shqiptar\u00ebt gjith\u00e7ka \u00ebsht\u00eb e qart\u00eb.<\/p>\n<p><strong>Ne p\u00ebrmend\u00ebm p\u00ebrpara pak minutash, faktin q\u00eb juve p\u00ebr t\u2019u b\u00ebr\u00eb President i Republik\u00ebs, ju \u00ebsht\u00eb dashur q\u00eb t\u00eb jepni dor\u00ebheqjen nga Partia Demokratike, sepse kjo \u00ebsht\u00eb procedura q\u00eb zhvillohet. N\u00eb fakt, ky \u00ebsht\u00eb edhe morali zakonisht, si\u00e7 ndodh, por sipas standardeve t\u00eb sotme t\u00eb diskutimit brenda Partis\u00eb Demokratike dhe p\u00ebr hir t\u00eb s\u00eb v\u00ebrtet\u00ebs, brenda \u00e7do lloj partie, zoti Topi a e keni tradhtuar ju Partin\u00eb Demokratike si\u00e7 e thot\u00eb dhe e thot\u00eb dikush vazhdimisht?<\/strong><\/p>\n<p>Un\u00eb mendoj q\u00eb nj\u00eb personalitet i medias dhe i bot\u00ebs s\u00eb spektaklit, sikurse jeni ju, duhet t\u00eb patjet\u00ebr t\u00eb rikthej\u00eb n\u00eb v\u00ebmendje gjith\u00eb retrospektiv\u00ebn, t\u00eb gjith\u00eb historikun e marr\u00ebdh\u00ebnieve. N\u00eb prillin e vitit 2008, kur ende nuk kisha mbushur gjasht\u00eb muaj n\u00eb at\u00eb pozicion, menj\u00ebher\u00eb filluan t\u00eb artikulohen z\u00ebra se cili do t\u00eb jet\u00eb Presidenti i ardhsh\u00ebm. Pik\u00ebrisht n\u00eb prillin e vitit 2008 ka pasur nj\u00eb marr\u00ebveshje, e cila sot konsiderohet nga analist\u00ebt, edhe nga vet\u00eb politika, si nj\u00eb marr\u00ebveshje jo e ndershme e b\u00ebr\u00eb nga kryetari i mazhoranc\u00ebs dhe nga kryetari i opozit\u00ebs p\u00ebr ndryshime t\u00eb forta kushtetuese, pa u konsultuar, pa e b\u00ebr\u00eb debat me konstitucionalist\u00eb, por p\u00ebr hir t\u00eb interesave personale t\u00eb pushtetit t\u00eb secilit.<\/p>\n<p>Secili mendonte se do t\u00eb kishte t\u00eb gjitha pushtetet e mundshme. Natyrisht n\u00eb nj\u00eb marr\u00ebveshje jo t\u00eb ndershme, dikush doli me t\u00eb gjitha pushtetet dhe dikush i humbi t\u00eb gjitha pushtetet. Presidenti, si Kryetar i Shtetit, patjet\u00ebr edhe si garant i interesave t\u00eb publikut, e b\u00ebri n\u00eb koh\u00eb t\u00eb ditur at\u00eb fenomen q\u00eb po ndodhte, dhe sot, pas kaq vitesh, patjet\u00ebr q\u00eb v\u00ebrtetohet plot\u00ebsisht ajo q\u00eb un\u00eb e kam th\u00ebn\u00eb dhe vazhdoj ta them. Dhe nuk \u00ebsht\u00eb aspak e v\u00ebrtet\u00eb q\u00eb erdhi ky moment p\u00ebr t\u00eb folur. Un\u00eb kam folur n\u00eb m\u00ebnyr\u00eb konstante. Natyrisht p\u00ebr t\u2019u diferencuar nga t\u00eb tjer\u00ebt, q\u00eb kan\u00eb folur ashp\u00ebr, por n\u00eb substanc\u00eb apeli im ka qen\u00eb i qart\u00eb.<\/p>\n<p><strong>Pra, ne jemi ballkanik\u00eb, jemi edhe mesdhetar\u00eb dhe her\u00eb pas here kemi nj\u00eb dob\u00ebsi p\u00ebr melodram\u00ebn apo jo?<\/strong><\/p>\n<p>Natyrisht, lidhet me tradit\u00ebn, por un\u00eb besoj se ne jetojm\u00eb sot n\u00eb nj\u00eb moment kur Shqip\u00ebria \u00ebsht\u00eb vend i NATO-s, kur Shqip\u00ebria d\u00ebshiron t\u00eb jet\u00eb pjes\u00eb e Evrop\u00ebs, kur standardet e vjetra ballkanike nuk kan\u00eb pse na t\u00ebrheqin. Ne patjet\u00ebr duhet t\u00eb orinentohemi drejt Evrop\u00ebs s\u00eb civilizuar.<\/p>\n<p>P\u00ebr pak \u00e7aste dua t\u2019i jap vler\u00ebn q\u00eb ka, jo domosdoshm\u00ebrisht shum\u00eb m\u00eb t\u00eb madhe, nj\u00eb shk\u00ebmbimi jo vet\u00ebm batutash. \u00cbsht\u00eb nj\u00eb shk\u00ebmbim doktrinash, \u00ebsht\u00eb nj\u00eb p\u00ebrballje p\u00ebr t\u00eb treguar fuqi, natyrisht mes Ekzekutivit dhe Institucionit t\u00eb Presidentit t\u00eb Republik\u00ebs, n\u00eb rastin konkret midis Kryeministrit Berisha, i cili sot paradite, n\u00eb nj\u00eb or\u00eb t\u00eb caktuar, kam p\u00ebrshtypjen se ishte 11.39 kur isha p\u00ebrball\u00eb mikrofonit dhe e pash\u00eb, hodhi nj\u00eb kunj nga ato q\u00eb atij i p\u00eblqejn\u00eb shum\u00eb, madje zgjoi edhe shum\u00eb t\u00eb qeshura kam p\u00ebrshtypjen n\u00eb qeveri.<\/p>\n<p><strong>Me sa duket ata k\u00ebnaqen shum\u00eb nga sensi i humorit n\u00eb raport me fate njer\u00ebzish dhe familjar\u00ebsh. Ai na tha n\u00eb raport me pron\u00ebn, por p\u00ebrpara dua t\u2019ju pyes dhe do ta lidh k\u00ebshtu. P\u00ebrpara disa koh\u00ebsh ai tha se \u201cBamiri ka nj\u00eb hall dhe Flamuri, v\u00ebllai i vet, doktori i famsh\u00ebm, do t\u00eb votonte p\u00ebr mua.\u201d Nuk mund ta thot\u00eb, duke e njohur zotin Kryeminist\u00ebr, k\u00ebt\u00eb fare kot dhe rast\u00ebsisht, jo aq emocionale. A ka nj\u00eb gj\u00eb q\u00eb \u00ebsht\u00eb diskutuar edhe mes v\u00ebllez\u00ebrve Topi q\u00eb ka lidhje edhe me pron\u00ebn, q\u00eb zgjon nj\u00eb kuriozitet p\u00ebr ta qart\u00ebsuar, por un\u00eb, po t\u00eb isha n\u00eb vendin tuaj, do t\u00eb flisja me ton tani?<\/strong><\/p>\n<p>Jo! Un\u00eb nga kjo studio e nderuar, do t\u2019i b\u00ebja prap\u00eb nj\u00eb apel, nj\u00eb apel q\u00eb ai me siguri s\u2019do ta d\u00ebgjoj\u00eb: Q\u00eb n\u00eb gazet\u00ebn \u201cRilindja Demokratike\u201d, aty ku p\u00ebr pes\u00eb numra rresht jan\u00eb hedhur shpifje pa kufi, jo thjesht p\u00ebr Presidentin, po p\u00ebr familjen, ku b\u00ebn pjes\u00eb edhe im v\u00eblla, shum\u00eb i nderuar, t\u00eb ket\u00eb kurajon t\u00eb hap\u00eb e t\u2019i jap\u00eb hap\u00ebsir\u00eb n\u00eb faqen e par\u00eb t\u00eb gazet\u00ebs \u201cRilindja Demokratike\u201d pik\u00ebrisht p\u00ebr sqarimin me autor Flamur Topin dhe familjar\u00ebt e tij, ku i nderuari v\u00ebllai im, i cili \u00ebsht\u00eb personazh publik, i ka b\u00ebr\u00eb nj\u00eb analiz\u00eb reale, shkencore t\u00eb gjitha atyre shpifjeve, q\u00eb vinin pik\u00ebrisht nga ajo gazet\u00eb dhe t\u00eb v\u00ebna n\u00eb goj\u00ebn e nj\u00eb t\u00eb moshuare, besoj t\u00eb luajtur mendsh, do t\u00eb thoja, m\u00eb falni q\u00eb un\u00eb e p\u00ebrdor k\u00ebt\u00eb term sot, e cila, n\u00eb mosh\u00ebn n\u00ebnt\u00ebdhjet\u00eb e kat\u00ebr vje\u00e7are kishte falsifikuar nj\u00eb dokument, q\u00eb po t\u2019i referohemi atij dokumenti, ajo sot duhet t\u00eb ishte nj\u00ebqind e gjasht\u00ebdhjet\u00eb e pes\u00eb vje\u00e7are.<\/p>\n<p>Dhe kur nj\u00eb gazet\u00eb e nderuar do t\u00eb thoja, q\u00eb \u00ebsht\u00eb gazet\u00eb e nj\u00eb partie historike sikurse \u00ebsht\u00eb Partia Demokratike, vendos e b\u00ebhet \u201cParti e Hankes\u201d, sepse k\u00ebshtu e ka emrin e moshuara, dhe vendos n\u00eb goj\u00ebn e saj falsitete p\u00ebr t\u00eb denigruar familjen Topi, ather\u00eb nuk mendoj se mund t\u00eb ket\u00eb argument tjet\u00ebr p\u00ebr t\u2019i th\u00ebn\u00eb atij njeriu q\u00eb: \u201cStop! Mos u fut m\u00eb tej tek familjet, sepse \u00ebsht\u00eb b\u00ebr\u00eb zakon q\u00eb n\u00eb t\u00eb gjith\u00eb fjalorin e tij t\u00eb futet n\u00ebp\u00ebr familje, b\u00ebn diversion midis burrit dhe gruas, midis motrave, midis v\u00ebllez\u00ebrve! Pra, kjo \u00ebsht\u00eb sjellja m\u00eb e sh\u00ebmtuar q\u00eb \u00ebsht\u00eb patjet\u00ebr nj\u00eb inerci e dukshme jo thjesht e nj\u00eb mentaliteti komunist, por edhe e nj\u00eb njeriu t\u00eb lidhur shpirt\u00ebrisht me komunizmin, i cili n\u00eb m\u00ebnyr\u00eb shum\u00eb t\u00eb suksesshme, ka filluar ta b\u00ebj\u00eb edhe pjes\u00eb t\u00eb k\u00ebsaj bote t\u00eb lir\u00eb e demokratike ku jetojm\u00eb sot.<\/p>\n<p>P\u00ebrsa i p\u00ebrket asaj q\u00eb ju that\u00eb, dhe natyrisht un\u00eb jam i mir\u00ebinformuar n\u00eb \u00e7do moment, do t\u2019i thoja q\u00eb n\u00ebse nuk e njeh Tiran\u00ebn dhe nuk d\u00ebshiron ta njoh\u00ebsh Tiran\u00ebn, n\u00eb rast se nuk ke k\u00ebshilltar\u00eb t\u00eb aft\u00eb p\u00ebr t\u00eb t\u00eb orientuar n\u00eb pun\u00eb, at\u00ebhere do ta marr shum\u00eb miq\u00ebsisht, p\u00ebrdore p\u00ebr t\u2019i treguar se si \u00ebsht\u00eb konfiguruar Tirana, sepse Tirana nuk \u00ebsht\u00eb vet\u00ebm zyra e Kryeministris\u00eb, por Tirana \u00ebsht\u00eb shum\u00eb e madhe. Ka nj\u00eb popullsi, e cila sa vjen edhe rritet ku popullsia autoktone, i ka mir\u00ebpritur n\u00eb vite dhe k\u00ebtu \u00ebsht\u00eb bukuria e k\u00ebtij qyteti, q\u00eb sot \u00ebsht\u00eb gati nj\u00eb milion banor\u00eb, ku ka kultura t\u00eb ndryshme p\u00ebrfaq\u00ebsuese dhe fal\u00eb k\u00ebtij komunikimi qytetar, sot Tirana \u00ebsht\u00eb nj\u00eb kryeqytet i jetuesh\u00ebm mir\u00eb. Kjo p\u00ebr ta orientuar dhe p\u00ebr t\u2019i th\u00ebn\u00eb jo vet\u00ebm ku jan\u00eb tokat e mia, t\u00eb paraardh\u00ebsve t\u00eb mi.<\/p>\n<p>Dhe, un\u00eb e di q\u00eb ai \u00ebsht\u00eb b\u00ebr\u00eb shum\u00eb humorist koh\u00ebt e fundit, dhe padyshim q\u00eb gj\u00ebja m\u00eb e dhimbshme \u00ebsht\u00eb kur t\u00eb gjith\u00eb n\u00eb kor fillojn\u00eb t\u00eb qeshin nga shakat\u00eb, q\u00eb m\u00eb kujtojn\u00eb personazhin e famsh\u00ebm t\u00eb Revolucionit Kulturor kinez: Lej Fenin, por p\u00ebr t\u2019i th\u00ebn\u00eb q\u00eb familjet e vjetra t\u00eb Tiran\u00ebs, v\u00ebrtet\u00eb jetonin n\u00eb qend\u00ebr t\u00eb Tiran\u00ebs, por t\u00eb gjitha me radh\u00eb kan\u00eb pasur toka bujq\u00ebsore n\u00eb periferi. Ka qen\u00eb nj\u00eb boll\u00ebk n\u00eb Tiran\u00eb n\u00eb at\u00eb koh\u00eb, t\u00eb themi t\u00eb drejt\u00ebn dhe pik\u00ebrisht p\u00ebr ta orientuar ekzakt\u00ebsisht, aty ku p\u00ebrfundonte qyteti dhe \u00ebsht\u00eb fjala pik\u00ebrisht p\u00ebr Institutin e K\u00ebrkimeve Veterinare, n\u00eb zon\u00ebn e \u201cFreskut\u201d, aty fillon Komuna. Edhe sot e k\u00ebsaj dite \u00ebsht\u00eb territori administrativ i Komun\u00ebs.<\/p>\n<p>Pra, qyteti kishte truall, nd\u00ebrsa Komuna kishte tok\u00ebn bujq\u00ebsore. Ai e ka nj\u00eb shans p\u00ebr ta njohur terrenin, n\u00eb rast se, p\u00ebr kaq vite me radh\u00eb, ta eliminoj\u00eb udh\u00ebtimin me teleferik, q\u00eb e b\u00ebn \u00e7do dit\u00eb, duke harruar q\u00eb kalon n\u00eb nj\u00eb park komb\u00ebtar, sikurse \u00ebsht\u00eb Parku i Dajti, me shum\u00eb familje, me shum\u00eb biznese, e q\u00eb ka imazhin e nj\u00eb rruge q\u00eb sapo \u00ebsht\u00eb bombarduar. Pra n\u00eb vend q\u00eb t\u00eb b\u00ebj\u00eb ironi e t\u00eb jap\u00eb nj\u00eb imazh mashtrimi p\u00ebr shqiptar\u00ebt, duhet t\u00eb kuptoj\u00eb q\u00eb familja Topi, t\u00eb gjith\u00eb paraardh\u00ebsit jan\u00eb n\u00eb tok\u00ebn e vet. N\u00ebqoft\u00ebse d\u00ebshirion, t\u2019ia b\u00ebjm\u00eb me dije se ku i kemi tokat, madje mund t\u2019i dhurojm\u00eb edhe nj\u00eb pjes\u00eb toke. Le t\u00eb vij\u00eb e t\u00eb jetoj\u00eb aty n\u00eb paqe dhe n\u00eb harmoni dhe mund t\u2019i japim edhe leksione qytetarie, se si jetohet n\u00eb harmoni pa b\u00ebr\u00eb sherre.<\/p>\n<p><strong>Ne vim\u00eb n\u00eb momentin e fundit dhe n\u00eb pyetjen e fundit. Ju, natyrisht e keni deklaruar edhe m\u00eb p\u00ebrpara, n\u00eb m\u00ebnyr\u00eb jo eksplicite, q\u00eb ka shum\u00eb opsione pas p\u00ebrfundimit t\u00eb Presidenc\u00ebs, por tashm\u00eb, nuk \u00ebsht\u00eb nj\u00eb ngjarje e re n\u00eb Tiran\u00eb q\u00eb pritet t\u00eb krijohet nj\u00eb parti n\u00eb t\u00eb cil\u00ebn ju do t\u00eb punoni e t\u00eb tjera si k\u00ebto. Kur e mendova se \u00e7far\u00eb do t\u2019ju pyes n\u00eb k\u00ebt\u00eb intervist\u00eb, isha me nj\u00eb kolegun tim, t\u00eb cilin e respektoj shum\u00eb, ai b\u00ebri nj\u00eb pyetje q\u00eb m\u2019u duk jasht\u00ebzakonisht e mir\u00eb p\u00ebr t\u2019ia marr\u00eb autor\u00ebsin\u00eb. Ai tha: \u201cN\u00ebqoft\u00ebse n\u00eb nj\u00eb parti t\u00eb till\u00eb do t\u00eb vinin t\u00eb gjith\u00eb ata, t\u00eb cil\u00ebt aktualisht jan\u00eb t\u00eb pak\u00ebnaqur nga partit\u00eb ekzistuese, si do t\u2019i k\u00ebnaq\u00eb Topi ata\u201d?<\/strong><\/p>\n<p>Megjith\u00eb respektin q\u00eb kam p\u00ebr ty Adi, un\u00eb d\u00ebshiroj t\u2019i q\u00ebndroj asaj q\u00eb kam th\u00ebn\u00eb publikisht deri tani: Q\u00eb deri n\u00eb fund t\u00eb mandatit tim, q\u00eb do t\u00eb thot\u00eb deri n\u00eb fund t\u00eb k\u00ebtij mandati, un\u00eb do t\u00eb jem President i Republik\u00ebs. N\u00eb Tiran\u00eb thuhen shum\u00eb gj\u00ebra, komentohen shum\u00eb gj\u00ebra, le t\u2019ia lem\u00eb koh\u00ebs, por e sigurt\u00eb \u00ebsht\u00eb q\u00eb deri n\u00eb momentin e fundit, un\u00eb do t\u00eb ushtroj t\u00eb gjitha detyrimet e mia si President i Republik\u00ebs. Pastaj, natyrisht un\u00eb jam njeri i lir\u00eb, kam mund\u00ebsin\u00eb p\u00ebr t\u00eb b\u00ebr\u00eb zgjedhjen time, por n\u00eb k\u00ebt\u00eb moment un\u00eb flas si President i Republik\u00ebs.<\/p>\n","protected":false},"excerpt":{"rendered":"<p>TemA, 13 Mars 2012 Intervist\u00eb e Presidentit Topi p\u00ebr emisionin \u201cA Show\u201d t\u00eb gazetarit Adi Krasta n\u00eb Televizionin \u201cVizion +\u201d. Topi i p\u00ebrgjigjet deklaratave t\u00eb Berish\u00ebs se edhe v\u00ebllai i presidentit voton p\u00ebr t\u00eb duke th\u00ebn\u00eb: \u201cStop! Mos u fut m\u00eb tej tek familjet, sepse \u00ebsht\u00eb b\u00ebr\u00eb zakon q\u00eb n\u00eb t\u00eb gjith\u00eb fjalorin e tij [&hellip;]<\/p>\n","protected":false},"author":1,"featured_media":0,"comment_status":"open","ping_status":"closed","sticky":false,"template":"","format":"standard","meta":{"footnotes":""},"categories":[2,4],"tags":[],"class_list":{"0":"post-2154","1":"post","2":"type-post","3":"status-publish","4":"format-standard","6":"category-artikuj","7":"category-intervista"},"yoast_head":"<!-- This site is optimized with the Yoast SEO plugin v27.4 - https:\/\/yoast.com\/product\/yoast-seo-wordpress\/ -->\n<title>INTERVISTA\/ Topi: Berish\u00ebn do e marr p\u00ebrdore p\u00ebr t\u2019i treguar si \u00ebsht\u00eb konfiguruar Tirana - FjALA e LIR\u00cb - Arkivi<\/title>\n<meta name=\"robots\" content=\"index, follow, max-snippet:-1, max-image-preview:large, max-video-preview:-1\" \/>\n<link rel=\"canonical\" href=\"https:\/\/fjala.info\/2009-2015\/intervista-topi-berishen-do-e-marr-perdore-per-ti-treguar-si-eshte-konfiguruar-tirana\/\" \/>\n<meta property=\"og:locale\" content=\"sq_AL\" \/>\n<meta property=\"og:type\" content=\"article\" \/>\n<meta property=\"og:title\" content=\"INTERVISTA\/ Topi: Berish\u00ebn do e marr p\u00ebrdore p\u00ebr t\u2019i treguar si \u00ebsht\u00eb konfiguruar Tirana - FjALA e LIR\u00cb - Arkivi\" \/>\n<meta property=\"og:description\" content=\"TemA, 13 Mars 2012 Intervist\u00eb e Presidentit Topi p\u00ebr emisionin \u201cA Show\u201d t\u00eb gazetarit Adi Krasta n\u00eb Televizionin \u201cVizion +\u201d. Topi i p\u00ebrgjigjet deklaratave t\u00eb Berish\u00ebs se edhe v\u00ebllai i presidentit voton p\u00ebr t\u00eb duke th\u00ebn\u00eb: \u201cStop! Mos u fut m\u00eb tej tek familjet, sepse \u00ebsht\u00eb b\u00ebr\u00eb zakon q\u00eb n\u00eb t\u00eb gjith\u00eb fjalorin e tij [&hellip;]\" \/>\n<meta property=\"og:url\" content=\"https:\/\/fjala.info\/2009-2015\/intervista-topi-berishen-do-e-marr-perdore-per-ti-treguar-si-eshte-konfiguruar-tirana\/\" \/>\n<meta property=\"og:site_name\" content=\"FjALA e LIR\u00cb - Arkivi\" \/>\n<meta property=\"article:published_time\" content=\"2012-03-14T08:55:27+00:00\" \/>\n<meta property=\"og:image\" content=\"http:\/\/www.shkoder.net\/2012\/presidenti_bamir_topi.jpg\" \/>\n<meta name=\"author\" content=\"admin\" \/>\n<meta name=\"twitter:card\" content=\"summary_large_image\" \/>\n<meta name=\"twitter:label1\" content=\"Written by\" \/>\n\t<meta name=\"twitter:data1\" content=\"admin\" \/>\n\t<meta name=\"twitter:label2\" content=\"Est. reading time\" \/>\n\t<meta name=\"twitter:data2\" content=\"17 minutes\" \/>\n<script type=\"application\/ld+json\" class=\"yoast-schema-graph\">{\"@context\":\"https:\\\/\\\/schema.org\",\"@graph\":[{\"@type\":\"Article\",\"@id\":\"https:\\\/\\\/fjala.info\\\/2009-2015\\\/intervista-topi-berishen-do-e-marr-perdore-per-ti-treguar-si-eshte-konfiguruar-tirana\\\/#article\",\"isPartOf\":{\"@id\":\"https:\\\/\\\/fjala.info\\\/2009-2015\\\/intervista-topi-berishen-do-e-marr-perdore-per-ti-treguar-si-eshte-konfiguruar-tirana\\\/\"},\"author\":{\"name\":\"admin\",\"@id\":\"https:\\\/\\\/fjala.info\\\/2009-2015\\\/#\\\/schema\\\/person\\\/3aa1163ef05469c496fc94e77611ada2\"},\"headline\":\"INTERVISTA\\\/ Topi: Berish\u00ebn do e marr p\u00ebrdore p\u00ebr t\u2019i treguar si \u00ebsht\u00eb konfiguruar Tirana\",\"datePublished\":\"2012-03-14T08:55:27+00:00\",\"mainEntityOfPage\":{\"@id\":\"https:\\\/\\\/fjala.info\\\/2009-2015\\\/intervista-topi-berishen-do-e-marr-perdore-per-ti-treguar-si-eshte-konfiguruar-tirana\\\/\"},\"wordCount\":3388,\"commentCount\":0,\"publisher\":{\"@id\":\"https:\\\/\\\/fjala.info\\\/2009-2015\\\/#organization\"},\"image\":{\"@id\":\"https:\\\/\\\/fjala.info\\\/2009-2015\\\/intervista-topi-berishen-do-e-marr-perdore-per-ti-treguar-si-eshte-konfiguruar-tirana\\\/#primaryimage\"},\"thumbnailUrl\":\"http:\\\/\\\/www.shkoder.net\\\/2012\\\/presidenti_bamir_topi.jpg\",\"articleSection\":[\"Artikuj\",\"Intervista\"],\"inLanguage\":\"sq-AL\",\"potentialAction\":[{\"@type\":\"CommentAction\",\"name\":\"Comment\",\"target\":[\"https:\\\/\\\/fjala.info\\\/2009-2015\\\/intervista-topi-berishen-do-e-marr-perdore-per-ti-treguar-si-eshte-konfiguruar-tirana\\\/#respond\"]}]},{\"@type\":\"WebPage\",\"@id\":\"https:\\\/\\\/fjala.info\\\/2009-2015\\\/intervista-topi-berishen-do-e-marr-perdore-per-ti-treguar-si-eshte-konfiguruar-tirana\\\/\",\"url\":\"https:\\\/\\\/fjala.info\\\/2009-2015\\\/intervista-topi-berishen-do-e-marr-perdore-per-ti-treguar-si-eshte-konfiguruar-tirana\\\/\",\"name\":\"INTERVISTA\\\/ Topi: Berish\u00ebn do e marr p\u00ebrdore p\u00ebr t\u2019i treguar si \u00ebsht\u00eb konfiguruar Tirana - FjALA e LIR\u00cb - Arkivi\",\"isPartOf\":{\"@id\":\"https:\\\/\\\/fjala.info\\\/2009-2015\\\/#website\"},\"primaryImageOfPage\":{\"@id\":\"https:\\\/\\\/fjala.info\\\/2009-2015\\\/intervista-topi-berishen-do-e-marr-perdore-per-ti-treguar-si-eshte-konfiguruar-tirana\\\/#primaryimage\"},\"image\":{\"@id\":\"https:\\\/\\\/fjala.info\\\/2009-2015\\\/intervista-topi-berishen-do-e-marr-perdore-per-ti-treguar-si-eshte-konfiguruar-tirana\\\/#primaryimage\"},\"thumbnailUrl\":\"http:\\\/\\\/www.shkoder.net\\\/2012\\\/presidenti_bamir_topi.jpg\",\"datePublished\":\"2012-03-14T08:55:27+00:00\",\"breadcrumb\":{\"@id\":\"https:\\\/\\\/fjala.info\\\/2009-2015\\\/intervista-topi-berishen-do-e-marr-perdore-per-ti-treguar-si-eshte-konfiguruar-tirana\\\/#breadcrumb\"},\"inLanguage\":\"sq-AL\",\"potentialAction\":[{\"@type\":\"ReadAction\",\"target\":[\"https:\\\/\\\/fjala.info\\\/2009-2015\\\/intervista-topi-berishen-do-e-marr-perdore-per-ti-treguar-si-eshte-konfiguruar-tirana\\\/\"]}]},{\"@type\":\"ImageObject\",\"inLanguage\":\"sq-AL\",\"@id\":\"https:\\\/\\\/fjala.info\\\/2009-2015\\\/intervista-topi-berishen-do-e-marr-perdore-per-ti-treguar-si-eshte-konfiguruar-tirana\\\/#primaryimage\",\"url\":\"http:\\\/\\\/www.shkoder.net\\\/2012\\\/presidenti_bamir_topi.jpg\",\"contentUrl\":\"http:\\\/\\\/www.shkoder.net\\\/2012\\\/presidenti_bamir_topi.jpg\"},{\"@type\":\"BreadcrumbList\",\"@id\":\"https:\\\/\\\/fjala.info\\\/2009-2015\\\/intervista-topi-berishen-do-e-marr-perdore-per-ti-treguar-si-eshte-konfiguruar-tirana\\\/#breadcrumb\",\"itemListElement\":[{\"@type\":\"ListItem\",\"position\":1,\"name\":\"Home\",\"item\":\"https:\\\/\\\/fjala.info\\\/2009-2015\\\/\"},{\"@type\":\"ListItem\",\"position\":2,\"name\":\"INTERVISTA\\\/ Topi: Berish\u00ebn do e marr p\u00ebrdore p\u00ebr t\u2019i treguar si \u00ebsht\u00eb konfiguruar Tirana\"}]},{\"@type\":\"WebSite\",\"@id\":\"https:\\\/\\\/fjala.info\\\/2009-2015\\\/#website\",\"url\":\"https:\\\/\\\/fjala.info\\\/2009-2015\\\/\",\"name\":\"FjALA e LIR\u00cb - Arkivi\",\"description\":\"Arkivi 2009-2015\",\"publisher\":{\"@id\":\"https:\\\/\\\/fjala.info\\\/2009-2015\\\/#organization\"},\"potentialAction\":[{\"@type\":\"SearchAction\",\"target\":{\"@type\":\"EntryPoint\",\"urlTemplate\":\"https:\\\/\\\/fjala.info\\\/2009-2015\\\/?s={search_term_string}\"},\"query-input\":{\"@type\":\"PropertyValueSpecification\",\"valueRequired\":true,\"valueName\":\"search_term_string\"}}],\"inLanguage\":\"sq-AL\"},{\"@type\":\"Organization\",\"@id\":\"https:\\\/\\\/fjala.info\\\/2009-2015\\\/#organization\",\"name\":\"FjALA e LIR\u00cb - Arkivi\",\"url\":\"https:\\\/\\\/fjala.info\\\/2009-2015\\\/\",\"logo\":{\"@type\":\"ImageObject\",\"inLanguage\":\"sq-AL\",\"@id\":\"https:\\\/\\\/fjala.info\\\/2009-2015\\\/#\\\/schema\\\/logo\\\/image\\\/\",\"url\":\"\",\"contentUrl\":\"\",\"caption\":\"FjALA e LIR\u00cb - Arkivi\"},\"image\":{\"@id\":\"https:\\\/\\\/fjala.info\\\/2009-2015\\\/#\\\/schema\\\/logo\\\/image\\\/\"}},{\"@type\":\"Person\",\"@id\":\"https:\\\/\\\/fjala.info\\\/2009-2015\\\/#\\\/schema\\\/person\\\/3aa1163ef05469c496fc94e77611ada2\",\"name\":\"admin\",\"image\":{\"@type\":\"ImageObject\",\"inLanguage\":\"sq-AL\",\"@id\":\"https:\\\/\\\/fjala.info\\\/2009-2015\\\/wp-content\\\/uploads\\\/2012\\\/02\\\/arben_cokaj-120x150.jpg\",\"url\":\"https:\\\/\\\/fjala.info\\\/2009-2015\\\/wp-content\\\/uploads\\\/2012\\\/02\\\/arben_cokaj-120x150.jpg\",\"contentUrl\":\"https:\\\/\\\/fjala.info\\\/2009-2015\\\/wp-content\\\/uploads\\\/2012\\\/02\\\/arben_cokaj-120x150.jpg\",\"caption\":\"admin\"},\"description\":\"Admin, Fjala e Lir\u00eb\",\"sameAs\":[\"https:\\\/\\\/fjala.info\\\/\"],\"url\":\"https:\\\/\\\/fjala.info\\\/2009-2015\\\/author\\\/admin\\\/\"}]}<\/script>\n<!-- \/ Yoast SEO plugin. -->","yoast_head_json":{"title":"INTERVISTA\/ Topi: Berish\u00ebn do e marr p\u00ebrdore p\u00ebr t\u2019i treguar si \u00ebsht\u00eb konfiguruar Tirana - FjALA e LIR\u00cb - Arkivi","robots":{"index":"index","follow":"follow","max-snippet":"max-snippet:-1","max-image-preview":"max-image-preview:large","max-video-preview":"max-video-preview:-1"},"canonical":"https:\/\/fjala.info\/2009-2015\/intervista-topi-berishen-do-e-marr-perdore-per-ti-treguar-si-eshte-konfiguruar-tirana\/","og_locale":"sq_AL","og_type":"article","og_title":"INTERVISTA\/ Topi: Berish\u00ebn do e marr p\u00ebrdore p\u00ebr t\u2019i treguar si \u00ebsht\u00eb konfiguruar Tirana - FjALA e LIR\u00cb - Arkivi","og_description":"TemA, 13 Mars 2012 Intervist\u00eb e Presidentit Topi p\u00ebr emisionin \u201cA Show\u201d t\u00eb gazetarit Adi Krasta n\u00eb Televizionin \u201cVizion +\u201d. Topi i p\u00ebrgjigjet deklaratave t\u00eb Berish\u00ebs se edhe v\u00ebllai i presidentit voton p\u00ebr t\u00eb duke th\u00ebn\u00eb: \u201cStop! Mos u fut m\u00eb tej tek familjet, sepse \u00ebsht\u00eb b\u00ebr\u00eb zakon q\u00eb n\u00eb t\u00eb gjith\u00eb fjalorin e tij [&hellip;]","og_url":"https:\/\/fjala.info\/2009-2015\/intervista-topi-berishen-do-e-marr-perdore-per-ti-treguar-si-eshte-konfiguruar-tirana\/","og_site_name":"FjALA e LIR\u00cb - Arkivi","article_published_time":"2012-03-14T08:55:27+00:00","og_image":[{"url":"http:\/\/www.shkoder.net\/2012\/presidenti_bamir_topi.jpg","type":"","width":"","height":""}],"author":"admin","twitter_card":"summary_large_image","twitter_misc":{"Written by":"admin","Est. reading time":"17 minutes"},"schema":{"@context":"https:\/\/schema.org","@graph":[{"@type":"Article","@id":"https:\/\/fjala.info\/2009-2015\/intervista-topi-berishen-do-e-marr-perdore-per-ti-treguar-si-eshte-konfiguruar-tirana\/#article","isPartOf":{"@id":"https:\/\/fjala.info\/2009-2015\/intervista-topi-berishen-do-e-marr-perdore-per-ti-treguar-si-eshte-konfiguruar-tirana\/"},"author":{"name":"admin","@id":"https:\/\/fjala.info\/2009-2015\/#\/schema\/person\/3aa1163ef05469c496fc94e77611ada2"},"headline":"INTERVISTA\/ Topi: Berish\u00ebn do e marr p\u00ebrdore p\u00ebr t\u2019i treguar si \u00ebsht\u00eb konfiguruar Tirana","datePublished":"2012-03-14T08:55:27+00:00","mainEntityOfPage":{"@id":"https:\/\/fjala.info\/2009-2015\/intervista-topi-berishen-do-e-marr-perdore-per-ti-treguar-si-eshte-konfiguruar-tirana\/"},"wordCount":3388,"commentCount":0,"publisher":{"@id":"https:\/\/fjala.info\/2009-2015\/#organization"},"image":{"@id":"https:\/\/fjala.info\/2009-2015\/intervista-topi-berishen-do-e-marr-perdore-per-ti-treguar-si-eshte-konfiguruar-tirana\/#primaryimage"},"thumbnailUrl":"http:\/\/www.shkoder.net\/2012\/presidenti_bamir_topi.jpg","articleSection":["Artikuj","Intervista"],"inLanguage":"sq-AL","potentialAction":[{"@type":"CommentAction","name":"Comment","target":["https:\/\/fjala.info\/2009-2015\/intervista-topi-berishen-do-e-marr-perdore-per-ti-treguar-si-eshte-konfiguruar-tirana\/#respond"]}]},{"@type":"WebPage","@id":"https:\/\/fjala.info\/2009-2015\/intervista-topi-berishen-do-e-marr-perdore-per-ti-treguar-si-eshte-konfiguruar-tirana\/","url":"https:\/\/fjala.info\/2009-2015\/intervista-topi-berishen-do-e-marr-perdore-per-ti-treguar-si-eshte-konfiguruar-tirana\/","name":"INTERVISTA\/ Topi: Berish\u00ebn do e marr p\u00ebrdore p\u00ebr t\u2019i treguar si \u00ebsht\u00eb konfiguruar Tirana - FjALA e LIR\u00cb - Arkivi","isPartOf":{"@id":"https:\/\/fjala.info\/2009-2015\/#website"},"primaryImageOfPage":{"@id":"https:\/\/fjala.info\/2009-2015\/intervista-topi-berishen-do-e-marr-perdore-per-ti-treguar-si-eshte-konfiguruar-tirana\/#primaryimage"},"image":{"@id":"https:\/\/fjala.info\/2009-2015\/intervista-topi-berishen-do-e-marr-perdore-per-ti-treguar-si-eshte-konfiguruar-tirana\/#primaryimage"},"thumbnailUrl":"http:\/\/www.shkoder.net\/2012\/presidenti_bamir_topi.jpg","datePublished":"2012-03-14T08:55:27+00:00","breadcrumb":{"@id":"https:\/\/fjala.info\/2009-2015\/intervista-topi-berishen-do-e-marr-perdore-per-ti-treguar-si-eshte-konfiguruar-tirana\/#breadcrumb"},"inLanguage":"sq-AL","potentialAction":[{"@type":"ReadAction","target":["https:\/\/fjala.info\/2009-2015\/intervista-topi-berishen-do-e-marr-perdore-per-ti-treguar-si-eshte-konfiguruar-tirana\/"]}]},{"@type":"ImageObject","inLanguage":"sq-AL","@id":"https:\/\/fjala.info\/2009-2015\/intervista-topi-berishen-do-e-marr-perdore-per-ti-treguar-si-eshte-konfiguruar-tirana\/#primaryimage","url":"http:\/\/www.shkoder.net\/2012\/presidenti_bamir_topi.jpg","contentUrl":"http:\/\/www.shkoder.net\/2012\/presidenti_bamir_topi.jpg"},{"@type":"BreadcrumbList","@id":"https:\/\/fjala.info\/2009-2015\/intervista-topi-berishen-do-e-marr-perdore-per-ti-treguar-si-eshte-konfiguruar-tirana\/#breadcrumb","itemListElement":[{"@type":"ListItem","position":1,"name":"Home","item":"https:\/\/fjala.info\/2009-2015\/"},{"@type":"ListItem","position":2,"name":"INTERVISTA\/ Topi: Berish\u00ebn do e marr p\u00ebrdore p\u00ebr t\u2019i treguar si \u00ebsht\u00eb konfiguruar Tirana"}]},{"@type":"WebSite","@id":"https:\/\/fjala.info\/2009-2015\/#website","url":"https:\/\/fjala.info\/2009-2015\/","name":"FjALA e LIR\u00cb - Arkivi","description":"Arkivi 2009-2015","publisher":{"@id":"https:\/\/fjala.info\/2009-2015\/#organization"},"potentialAction":[{"@type":"SearchAction","target":{"@type":"EntryPoint","urlTemplate":"https:\/\/fjala.info\/2009-2015\/?s={search_term_string}"},"query-input":{"@type":"PropertyValueSpecification","valueRequired":true,"valueName":"search_term_string"}}],"inLanguage":"sq-AL"},{"@type":"Organization","@id":"https:\/\/fjala.info\/2009-2015\/#organization","name":"FjALA e LIR\u00cb - Arkivi","url":"https:\/\/fjala.info\/2009-2015\/","logo":{"@type":"ImageObject","inLanguage":"sq-AL","@id":"https:\/\/fjala.info\/2009-2015\/#\/schema\/logo\/image\/","url":"","contentUrl":"","caption":"FjALA e LIR\u00cb - Arkivi"},"image":{"@id":"https:\/\/fjala.info\/2009-2015\/#\/schema\/logo\/image\/"}},{"@type":"Person","@id":"https:\/\/fjala.info\/2009-2015\/#\/schema\/person\/3aa1163ef05469c496fc94e77611ada2","name":"admin","image":{"@type":"ImageObject","inLanguage":"sq-AL","@id":"https:\/\/fjala.info\/2009-2015\/wp-content\/uploads\/2012\/02\/arben_cokaj-120x150.jpg","url":"https:\/\/fjala.info\/2009-2015\/wp-content\/uploads\/2012\/02\/arben_cokaj-120x150.jpg","contentUrl":"https:\/\/fjala.info\/2009-2015\/wp-content\/uploads\/2012\/02\/arben_cokaj-120x150.jpg","caption":"admin"},"description":"Admin, Fjala e Lir\u00eb","sameAs":["https:\/\/fjala.info\/"],"url":"https:\/\/fjala.info\/2009-2015\/author\/admin\/"}]}},"_links":{"self":[{"href":"https:\/\/fjala.info\/2009-2015\/wp-json\/wp\/v2\/posts\/2154","targetHints":{"allow":["GET"]}}],"collection":[{"href":"https:\/\/fjala.info\/2009-2015\/wp-json\/wp\/v2\/posts"}],"about":[{"href":"https:\/\/fjala.info\/2009-2015\/wp-json\/wp\/v2\/types\/post"}],"author":[{"embeddable":true,"href":"https:\/\/fjala.info\/2009-2015\/wp-json\/wp\/v2\/users\/1"}],"replies":[{"embeddable":true,"href":"https:\/\/fjala.info\/2009-2015\/wp-json\/wp\/v2\/comments?post=2154"}],"version-history":[{"count":0,"href":"https:\/\/fjala.info\/2009-2015\/wp-json\/wp\/v2\/posts\/2154\/revisions"}],"wp:attachment":[{"href":"https:\/\/fjala.info\/2009-2015\/wp-json\/wp\/v2\/media?parent=2154"}],"wp:term":[{"taxonomy":"category","embeddable":true,"href":"https:\/\/fjala.info\/2009-2015\/wp-json\/wp\/v2\/categories?post=2154"},{"taxonomy":"post_tag","embeddable":true,"href":"https:\/\/fjala.info\/2009-2015\/wp-json\/wp\/v2\/tags?post=2154"}],"curies":[{"name":"wp","href":"https:\/\/api.w.org\/{rel}","templated":true}]}}