{"id":2152,"date":"2012-03-14T09:02:19","date_gmt":"2012-03-14T08:02:19","guid":{"rendered":"http:\/\/fjala.shkoder.net\/?p=2152"},"modified":"2012-03-14T09:02:19","modified_gmt":"2012-03-14T08:02:19","slug":"poshterim-zagaresh","status":"publish","type":"post","link":"https:\/\/fjala.info\/2009-2015\/poshterim-zagaresh\/","title":{"rendered":"Posht\u00ebrim zagar\u00ebsh"},"content":{"rendered":"<p><img decoding=\"async\" class=\"alignleft size-thumbnail wp-image-7236\" title=\"Zamira\" src=\"http:\/\/www.shkoder.net\/2012\/zamira.jpg\" alt=\"\" width=\"300\" \/> Nga <strong>Bledi Mane<\/strong> &#8211; <strong><em>Public Enemy<\/em><\/strong>, <em>13 Mars 2012<\/em><br \/>\n<a href=\"http:\/\/www.facebook.com\/bledi.mane\">www.facebook.com\/bledi.mane<\/a><\/p>\n<p><strong>1\/. V\u00ebr kujen moj Zamir\u00eb<\/strong><\/p>\n<p>Jan\u00eb shokuese t\u00eb dyja. N\u00eb memorien time v\u00ebrdallosen nga dje e tutje d\u00ebshp\u00ebrimisht l\u00ebnduesh\u00ebm drith\u00ebruese.<\/p>\n<p>E para \u00ebsht\u00eb nj\u00eb pjes\u00eb arti, sa abstrakte aq edhe reale, sa e vjet\u00ebr aq edhe mahnit\u00ebse. \u00cbsht\u00eb piktura legjendare \u201cKlithma\u201d e norvegjezit Edvard Munch punuar gjat\u00eb viteve 1893-1910. E dyta \u00ebsht\u00eb nj\u00eb fotografi spontane, reale, e prekshme, d\u00ebshp\u00ebruese, vajtuese. E shkrepur dje n\u00eb dyert e gjykat\u00ebs s\u00eb shkall\u00ebs s\u00eb par\u00eb t\u00eb Tiran\u00ebs.<\/p>\n<p>T\u00eb m\u00eb fal\u00eb fotografi sepse nuk kam asnj\u00eb lloj info rreth autor\u00ebsis\u00eb, por dua ta p\u00ebrg\u00ebzoj p\u00ebr v\u00ebmendjen dhe nuhatjen profesionale.<\/p>\n<p>Pas xhamit t\u00eb der\u00ebs s\u00eb gjykat\u00ebs vezullon friksh\u00ebm duhma dhe brenga e Zamira Durd\u00ebs, e cila me syt\u00eb mbyllur duket tek i plas shpirti nga brenga e vrasjes s\u00eb dyfisht\u00eb t\u00eb birit t\u00eb saj. Sapo ka p\u00ebrfunduar farsa juridike e G\u00ebrdecit, e cila me konkluzionet halabake dhe vendimin e ndyr\u00eb b\u00ebri q\u00eb anemban\u00eb vendit t\u00eb osh\u00ebtinte duhma e miliona Zamirave.<\/p>\n<p>Klithma e Zamira Durd\u00ebs dje ishte shp\u00ebrthimi i dyt\u00eb i G\u00ebrdecit. Ishte dhe \u00ebsht\u00eb kushtrim final dhe zgjimi q\u00eb duhet t\u00eb b\u00ebjm\u00eb bashkarisht n\u00eb k\u00ebt\u00eb kap\u00ebrcyell mes degjenerimit dhe tjet\u00ebrsimit q\u00eb po i b\u00ebjm\u00eb civilizimit si rac\u00eb, degjenerimit q\u00eb po u b\u00ebjm\u00eb instikteve humane.<\/p>\n<p>Shikoja me v\u00ebmendje dje kryetarin e trupit gjykues Ritvan Hado tek belb\u00ebzonte vendimin ndaj vras\u00ebsve dhe sikletin q\u00eb ndjente kolegia e tij n\u00eb krah t\u00eb djatht\u00eb Fatmira Hajdari. Uroja q\u00eb bashk\u00ebshortja e heroit Azem Hajdari t\u2019ia rr\u00ebmbente prej duarsh at\u00eb let\u00ebr bakalli e t\u2019i klithte n\u00eb fytyr\u00eb Ritvanit dhe sistemit, Ritvanit dhe gjyq\u00ebsorit, Ritvanit dhe lavir\u00ebzimit politik:<\/p>\n<p>-Shporru dhe lerm\u00eb mua t\u00eb vendos. Lerm\u00eb t\u2019i d\u00ebnoj vras\u00ebsist e t\u00eb pafajshm\u00ebve sepse edhe Azemi im do t\u00eb \u00e7lirohet!<\/p>\n<p>Nd\u00ebrkoh\u00eb q\u00eb Ritvani dhe qindra ritvan\u00ebr spurdhjak\u00eb thjesht kurv\u00ebrohen para presionit t\u00eb pushtetit dhe paras\u00eb, lajme m\u00eb zi vazhdojn\u00eb t\u2019i p\u00ebrplasen n\u00eb surrat rac\u00ebs ton\u00eb.<\/p>\n<p>N\u00eb Maqedoni pasi na degjeneruan me aleat\u00ebt shqiptar\u00eb n\u00eb bashk\u00ebqeverisje, kan\u00eb filluar na grisin flamurin, brek\u00ebt, krenarin\u00eb, l\u00ebkur\u00ebn. Na rrahin dhe posht\u00ebrojn\u00eb n\u00eb k\u00ebt\u00eb 100 vjetor pavar\u00ebsie si p\u00ebr tu kujtuar Rilindasve, Ismail Qemalit dhe Isa Boletinit se ne pasardh\u00ebsit e tyre thjesht p\u00ebrdoremi e p\u00ebrkulemi si alumin ndaj egos shtazarake t\u00eb nj\u00eb tjet\u00ebr Berishe n\u00eb Shkup dhe nj\u00eb tjet\u00ebr Gruevski n\u00eb Tiran\u00eb.<\/p>\n<p>Mallkonim dhe anatemonim Milloshevi\u00e7in p\u00ebr reprezalje e spastrime por harrojm\u00eb se fushata provizore e 1999-s zbehet para spastrimeve q\u00eb na b\u00ebhet \u00e7do dit\u00eb n\u00eb administrat\u00eb, mbivendosjen e pronave,zaptimet paskuqanase &amp; bathoriste,reprezaljet otomane t\u00eb rishkrimit t\u00eb historis\u00eb.<\/p>\n<p>\u00c7uditeshim e irritoheshim si cuba ballkanas kur grek\u00ebt k\u00ebndonin e premtonin se me zorr\u00ebt tona lidh\u00ebse k\u00ebpuc\u00ebsh do t\u00eb b\u00ebnin. Nd\u00ebrkoh\u00eb harrojm\u00eb se me m\u00ebl\u00e7in\u00eb, stomakun, shpretk\u00ebn ton\u00eb ushqehet \u00e7do dit\u00eb ruli i bujq\u00ebsis\u00eb, bodeja i financave, i meti i l\u00ebs\u00ebis\u00eb, bashai i bashkis\u00eb, topallja e kuvendit\u2026<\/p>\n<p>Na kan\u00eb brejtur trup e mendje s\u00eb brendshmi e si kufoma v\u00ebrdallisemi t\u00eb papun\u00eb her\u00eb p\u00ebr t\u00eb votuar e her\u00eb p\u00ebr t\u00eb sekserosur ndonj\u00eb pisll\u00ebk. B\u00ebrtasim e ul\u00ebrasim sa her\u00eb na anulojn\u00eb ndonj\u00eb gol n\u00eb ndeshjet e komb\u00ebtares s\u00eb futbollit e shushatemi sa her\u00eb Brukseli na anulon hyrjen n\u00eb BE. Mbyllim sqepin e nuk pip\u00ebtijm\u00eb ti k\u00ebrkojm\u00eb llogari pozit\u00ebs e opozit\u00ebs, atij dhe atyre.<\/p>\n<p>Ekzaltohemi sa her\u00eb dikush val\u00ebvit flamurin kuq e zi por nuk ndjejm\u00eb aspak turp e breng\u00eb pse shqiponja dykrenare sa vjen e dob\u00ebsohet, sa vjen e drobitet, sa vjen e humbet fuqin\u00eb, sa vjen dhe duket si larask\u00eb p\u00ebrball\u00eb komshinjve tan\u00eb m\u00eb krenar\u00eb.<\/p>\n<p><strong>2\/.Mos prit m\u00eb kot vog\u00eblush<\/strong><\/p>\n<p>Po dje gazetarja Albana Qehajaj pyeste n\u00eb shkall\u00ebt e gjykat\u00ebs Zamira Durd\u00ebn e revoltuar pas vendimit:<\/p>\n<p>-Cila ishte gj\u00ebja e par\u00eb q\u00eb mendove sot?<\/p>\n<p>-\u00c7\u2019 t\u00eb t\u00eb them? Mendova t\u2019i jepja nj\u00eb fjal\u00eb t\u00eb mir\u00eb djalit, aty ku \u00ebsht\u00eb prej 4 vjet\u00ebsh. Por, edhe k\u00ebt\u00eb her\u00eb nuk ia dola dot. Edisonin, sot ma vran\u00eb p\u00ebr her\u00eb t\u00eb dyt\u00eb. Por, un\u00eb do vazhdoj t\u00eb jetoj dhe luftoj p\u00ebr t\u00eb\u2026.<\/p>\n<p>* * *<\/p>\n<p>Kot e ke Zamira. E vetme ti do t\u00eb d\u00ebshtosh ashtu si\u00e7 d\u00ebshtove k\u00ebto kat\u00ebr vjet. Asnj\u00eb nga ne nuk \u00ebsht\u00eb krah teje. Nj\u00eb pjes\u00eb vjedhin, vrasin, majmen nd\u00ebrsa pjesa tjet\u00ebr shumica, m\u00eb vitalja po presin. Presin pa durim qet\u00eb-qet\u00eb. N\u00eb or\u00ebn 17.00 u fillon Meneksheja&amp;Halili, n\u00eb or\u00ebn 20.05 u fillon Ezeli. Te klani, atje i kan\u00eb syt\u00eb t\u00eb gjith\u00eb. Te klani i klanit t\u00eb kujeve!<\/p>\n","protected":false},"excerpt":{"rendered":"<p>Nga Bledi Mane &#8211; Public Enemy, 13 Mars 2012 www.facebook.com\/bledi.mane 1\/. V\u00ebr kujen moj Zamir\u00eb Jan\u00eb shokuese t\u00eb dyja. N\u00eb memorien time v\u00ebrdallosen nga dje e tutje d\u00ebshp\u00ebrimisht l\u00ebnduesh\u00ebm drith\u00ebruese. E para \u00ebsht\u00eb nj\u00eb pjes\u00eb arti, sa abstrakte aq edhe reale, sa e vjet\u00ebr aq edhe mahnit\u00ebse. \u00cbsht\u00eb piktura legjendare \u201cKlithma\u201d e norvegjezit Edvard Munch [&hellip;]<\/p>\n","protected":false},"author":1,"featured_media":0,"comment_status":"open","ping_status":"closed","sticky":false,"template":"","format":"standard","meta":{"footnotes":""},"categories":[2],"tags":[],"class_list":{"0":"post-2152","1":"post","2":"type-post","3":"status-publish","4":"format-standard","6":"category-artikuj"},"yoast_head":"<!-- This site is optimized with the Yoast SEO plugin v27.4 - https:\/\/yoast.com\/product\/yoast-seo-wordpress\/ -->\n<title>Posht\u00ebrim zagar\u00ebsh - FjALA e LIR\u00cb - Arkivi<\/title>\n<meta name=\"robots\" content=\"index, follow, max-snippet:-1, max-image-preview:large, max-video-preview:-1\" \/>\n<link rel=\"canonical\" href=\"https:\/\/fjala.info\/2009-2015\/poshterim-zagaresh\/\" \/>\n<meta property=\"og:locale\" content=\"sq_AL\" \/>\n<meta property=\"og:type\" content=\"article\" \/>\n<meta property=\"og:title\" content=\"Posht\u00ebrim zagar\u00ebsh - FjALA e LIR\u00cb - Arkivi\" \/>\n<meta property=\"og:description\" content=\"Nga Bledi Mane &#8211; Public Enemy, 13 Mars 2012 www.facebook.com\/bledi.mane 1\/. V\u00ebr kujen moj Zamir\u00eb Jan\u00eb shokuese t\u00eb dyja. N\u00eb memorien time v\u00ebrdallosen nga dje e tutje d\u00ebshp\u00ebrimisht l\u00ebnduesh\u00ebm drith\u00ebruese. E para \u00ebsht\u00eb nj\u00eb pjes\u00eb arti, sa abstrakte aq edhe reale, sa e vjet\u00ebr aq edhe mahnit\u00ebse. \u00cbsht\u00eb piktura legjendare \u201cKlithma\u201d e norvegjezit Edvard Munch [&hellip;]\" \/>\n<meta property=\"og:url\" content=\"https:\/\/fjala.info\/2009-2015\/poshterim-zagaresh\/\" \/>\n<meta property=\"og:site_name\" content=\"FjALA e LIR\u00cb - Arkivi\" \/>\n<meta property=\"article:published_time\" content=\"2012-03-14T08:02:19+00:00\" \/>\n<meta property=\"og:image\" content=\"http:\/\/www.shkoder.net\/2012\/zamira.jpg\" \/>\n<meta name=\"author\" content=\"admin\" \/>\n<meta name=\"twitter:card\" content=\"summary_large_image\" \/>\n<meta name=\"twitter:label1\" content=\"Written by\" \/>\n\t<meta name=\"twitter:data1\" content=\"admin\" \/>\n\t<meta name=\"twitter:label2\" content=\"Est. reading time\" \/>\n\t<meta name=\"twitter:data2\" content=\"4 minutes\" \/>\n<script type=\"application\/ld+json\" class=\"yoast-schema-graph\">{\"@context\":\"https:\\\/\\\/schema.org\",\"@graph\":[{\"@type\":\"Article\",\"@id\":\"https:\\\/\\\/fjala.info\\\/2009-2015\\\/poshterim-zagaresh\\\/#article\",\"isPartOf\":{\"@id\":\"https:\\\/\\\/fjala.info\\\/2009-2015\\\/poshterim-zagaresh\\\/\"},\"author\":{\"name\":\"admin\",\"@id\":\"https:\\\/\\\/fjala.info\\\/2009-2015\\\/#\\\/schema\\\/person\\\/3aa1163ef05469c496fc94e77611ada2\"},\"headline\":\"Posht\u00ebrim zagar\u00ebsh\",\"datePublished\":\"2012-03-14T08:02:19+00:00\",\"mainEntityOfPage\":{\"@id\":\"https:\\\/\\\/fjala.info\\\/2009-2015\\\/poshterim-zagaresh\\\/\"},\"wordCount\":827,\"commentCount\":0,\"publisher\":{\"@id\":\"https:\\\/\\\/fjala.info\\\/2009-2015\\\/#organization\"},\"image\":{\"@id\":\"https:\\\/\\\/fjala.info\\\/2009-2015\\\/poshterim-zagaresh\\\/#primaryimage\"},\"thumbnailUrl\":\"http:\\\/\\\/www.shkoder.net\\\/2012\\\/zamira.jpg\",\"articleSection\":[\"Artikuj\"],\"inLanguage\":\"sq-AL\",\"potentialAction\":[{\"@type\":\"CommentAction\",\"name\":\"Comment\",\"target\":[\"https:\\\/\\\/fjala.info\\\/2009-2015\\\/poshterim-zagaresh\\\/#respond\"]}]},{\"@type\":\"WebPage\",\"@id\":\"https:\\\/\\\/fjala.info\\\/2009-2015\\\/poshterim-zagaresh\\\/\",\"url\":\"https:\\\/\\\/fjala.info\\\/2009-2015\\\/poshterim-zagaresh\\\/\",\"name\":\"Posht\u00ebrim zagar\u00ebsh - FjALA e LIR\u00cb - Arkivi\",\"isPartOf\":{\"@id\":\"https:\\\/\\\/fjala.info\\\/2009-2015\\\/#website\"},\"primaryImageOfPage\":{\"@id\":\"https:\\\/\\\/fjala.info\\\/2009-2015\\\/poshterim-zagaresh\\\/#primaryimage\"},\"image\":{\"@id\":\"https:\\\/\\\/fjala.info\\\/2009-2015\\\/poshterim-zagaresh\\\/#primaryimage\"},\"thumbnailUrl\":\"http:\\\/\\\/www.shkoder.net\\\/2012\\\/zamira.jpg\",\"datePublished\":\"2012-03-14T08:02:19+00:00\",\"breadcrumb\":{\"@id\":\"https:\\\/\\\/fjala.info\\\/2009-2015\\\/poshterim-zagaresh\\\/#breadcrumb\"},\"inLanguage\":\"sq-AL\",\"potentialAction\":[{\"@type\":\"ReadAction\",\"target\":[\"https:\\\/\\\/fjala.info\\\/2009-2015\\\/poshterim-zagaresh\\\/\"]}]},{\"@type\":\"ImageObject\",\"inLanguage\":\"sq-AL\",\"@id\":\"https:\\\/\\\/fjala.info\\\/2009-2015\\\/poshterim-zagaresh\\\/#primaryimage\",\"url\":\"http:\\\/\\\/www.shkoder.net\\\/2012\\\/zamira.jpg\",\"contentUrl\":\"http:\\\/\\\/www.shkoder.net\\\/2012\\\/zamira.jpg\"},{\"@type\":\"BreadcrumbList\",\"@id\":\"https:\\\/\\\/fjala.info\\\/2009-2015\\\/poshterim-zagaresh\\\/#breadcrumb\",\"itemListElement\":[{\"@type\":\"ListItem\",\"position\":1,\"name\":\"Home\",\"item\":\"https:\\\/\\\/fjala.info\\\/2009-2015\\\/\"},{\"@type\":\"ListItem\",\"position\":2,\"name\":\"Posht\u00ebrim zagar\u00ebsh\"}]},{\"@type\":\"WebSite\",\"@id\":\"https:\\\/\\\/fjala.info\\\/2009-2015\\\/#website\",\"url\":\"https:\\\/\\\/fjala.info\\\/2009-2015\\\/\",\"name\":\"FjALA e LIR\u00cb - Arkivi\",\"description\":\"Arkivi 2009-2015\",\"publisher\":{\"@id\":\"https:\\\/\\\/fjala.info\\\/2009-2015\\\/#organization\"},\"potentialAction\":[{\"@type\":\"SearchAction\",\"target\":{\"@type\":\"EntryPoint\",\"urlTemplate\":\"https:\\\/\\\/fjala.info\\\/2009-2015\\\/?s={search_term_string}\"},\"query-input\":{\"@type\":\"PropertyValueSpecification\",\"valueRequired\":true,\"valueName\":\"search_term_string\"}}],\"inLanguage\":\"sq-AL\"},{\"@type\":\"Organization\",\"@id\":\"https:\\\/\\\/fjala.info\\\/2009-2015\\\/#organization\",\"name\":\"FjALA e LIR\u00cb - Arkivi\",\"url\":\"https:\\\/\\\/fjala.info\\\/2009-2015\\\/\",\"logo\":{\"@type\":\"ImageObject\",\"inLanguage\":\"sq-AL\",\"@id\":\"https:\\\/\\\/fjala.info\\\/2009-2015\\\/#\\\/schema\\\/logo\\\/image\\\/\",\"url\":\"\",\"contentUrl\":\"\",\"caption\":\"FjALA e LIR\u00cb - Arkivi\"},\"image\":{\"@id\":\"https:\\\/\\\/fjala.info\\\/2009-2015\\\/#\\\/schema\\\/logo\\\/image\\\/\"}},{\"@type\":\"Person\",\"@id\":\"https:\\\/\\\/fjala.info\\\/2009-2015\\\/#\\\/schema\\\/person\\\/3aa1163ef05469c496fc94e77611ada2\",\"name\":\"admin\",\"image\":{\"@type\":\"ImageObject\",\"inLanguage\":\"sq-AL\",\"@id\":\"https:\\\/\\\/fjala.info\\\/2009-2015\\\/wp-content\\\/uploads\\\/2012\\\/02\\\/arben_cokaj-120x150.jpg\",\"url\":\"https:\\\/\\\/fjala.info\\\/2009-2015\\\/wp-content\\\/uploads\\\/2012\\\/02\\\/arben_cokaj-120x150.jpg\",\"contentUrl\":\"https:\\\/\\\/fjala.info\\\/2009-2015\\\/wp-content\\\/uploads\\\/2012\\\/02\\\/arben_cokaj-120x150.jpg\",\"caption\":\"admin\"},\"description\":\"Admin, Fjala e Lir\u00eb\",\"sameAs\":[\"https:\\\/\\\/fjala.info\\\/\"],\"url\":\"https:\\\/\\\/fjala.info\\\/2009-2015\\\/author\\\/admin\\\/\"}]}<\/script>\n<!-- \/ Yoast SEO plugin. -->","yoast_head_json":{"title":"Posht\u00ebrim zagar\u00ebsh - FjALA e LIR\u00cb - Arkivi","robots":{"index":"index","follow":"follow","max-snippet":"max-snippet:-1","max-image-preview":"max-image-preview:large","max-video-preview":"max-video-preview:-1"},"canonical":"https:\/\/fjala.info\/2009-2015\/poshterim-zagaresh\/","og_locale":"sq_AL","og_type":"article","og_title":"Posht\u00ebrim zagar\u00ebsh - FjALA e LIR\u00cb - Arkivi","og_description":"Nga Bledi Mane &#8211; Public Enemy, 13 Mars 2012 www.facebook.com\/bledi.mane 1\/. V\u00ebr kujen moj Zamir\u00eb Jan\u00eb shokuese t\u00eb dyja. N\u00eb memorien time v\u00ebrdallosen nga dje e tutje d\u00ebshp\u00ebrimisht l\u00ebnduesh\u00ebm drith\u00ebruese. E para \u00ebsht\u00eb nj\u00eb pjes\u00eb arti, sa abstrakte aq edhe reale, sa e vjet\u00ebr aq edhe mahnit\u00ebse. \u00cbsht\u00eb piktura legjendare \u201cKlithma\u201d e norvegjezit Edvard Munch [&hellip;]","og_url":"https:\/\/fjala.info\/2009-2015\/poshterim-zagaresh\/","og_site_name":"FjALA e LIR\u00cb - Arkivi","article_published_time":"2012-03-14T08:02:19+00:00","og_image":[{"url":"http:\/\/www.shkoder.net\/2012\/zamira.jpg","type":"","width":"","height":""}],"author":"admin","twitter_card":"summary_large_image","twitter_misc":{"Written by":"admin","Est. reading time":"4 minutes"},"schema":{"@context":"https:\/\/schema.org","@graph":[{"@type":"Article","@id":"https:\/\/fjala.info\/2009-2015\/poshterim-zagaresh\/#article","isPartOf":{"@id":"https:\/\/fjala.info\/2009-2015\/poshterim-zagaresh\/"},"author":{"name":"admin","@id":"https:\/\/fjala.info\/2009-2015\/#\/schema\/person\/3aa1163ef05469c496fc94e77611ada2"},"headline":"Posht\u00ebrim zagar\u00ebsh","datePublished":"2012-03-14T08:02:19+00:00","mainEntityOfPage":{"@id":"https:\/\/fjala.info\/2009-2015\/poshterim-zagaresh\/"},"wordCount":827,"commentCount":0,"publisher":{"@id":"https:\/\/fjala.info\/2009-2015\/#organization"},"image":{"@id":"https:\/\/fjala.info\/2009-2015\/poshterim-zagaresh\/#primaryimage"},"thumbnailUrl":"http:\/\/www.shkoder.net\/2012\/zamira.jpg","articleSection":["Artikuj"],"inLanguage":"sq-AL","potentialAction":[{"@type":"CommentAction","name":"Comment","target":["https:\/\/fjala.info\/2009-2015\/poshterim-zagaresh\/#respond"]}]},{"@type":"WebPage","@id":"https:\/\/fjala.info\/2009-2015\/poshterim-zagaresh\/","url":"https:\/\/fjala.info\/2009-2015\/poshterim-zagaresh\/","name":"Posht\u00ebrim zagar\u00ebsh - FjALA e LIR\u00cb - Arkivi","isPartOf":{"@id":"https:\/\/fjala.info\/2009-2015\/#website"},"primaryImageOfPage":{"@id":"https:\/\/fjala.info\/2009-2015\/poshterim-zagaresh\/#primaryimage"},"image":{"@id":"https:\/\/fjala.info\/2009-2015\/poshterim-zagaresh\/#primaryimage"},"thumbnailUrl":"http:\/\/www.shkoder.net\/2012\/zamira.jpg","datePublished":"2012-03-14T08:02:19+00:00","breadcrumb":{"@id":"https:\/\/fjala.info\/2009-2015\/poshterim-zagaresh\/#breadcrumb"},"inLanguage":"sq-AL","potentialAction":[{"@type":"ReadAction","target":["https:\/\/fjala.info\/2009-2015\/poshterim-zagaresh\/"]}]},{"@type":"ImageObject","inLanguage":"sq-AL","@id":"https:\/\/fjala.info\/2009-2015\/poshterim-zagaresh\/#primaryimage","url":"http:\/\/www.shkoder.net\/2012\/zamira.jpg","contentUrl":"http:\/\/www.shkoder.net\/2012\/zamira.jpg"},{"@type":"BreadcrumbList","@id":"https:\/\/fjala.info\/2009-2015\/poshterim-zagaresh\/#breadcrumb","itemListElement":[{"@type":"ListItem","position":1,"name":"Home","item":"https:\/\/fjala.info\/2009-2015\/"},{"@type":"ListItem","position":2,"name":"Posht\u00ebrim zagar\u00ebsh"}]},{"@type":"WebSite","@id":"https:\/\/fjala.info\/2009-2015\/#website","url":"https:\/\/fjala.info\/2009-2015\/","name":"FjALA e LIR\u00cb - Arkivi","description":"Arkivi 2009-2015","publisher":{"@id":"https:\/\/fjala.info\/2009-2015\/#organization"},"potentialAction":[{"@type":"SearchAction","target":{"@type":"EntryPoint","urlTemplate":"https:\/\/fjala.info\/2009-2015\/?s={search_term_string}"},"query-input":{"@type":"PropertyValueSpecification","valueRequired":true,"valueName":"search_term_string"}}],"inLanguage":"sq-AL"},{"@type":"Organization","@id":"https:\/\/fjala.info\/2009-2015\/#organization","name":"FjALA e LIR\u00cb - Arkivi","url":"https:\/\/fjala.info\/2009-2015\/","logo":{"@type":"ImageObject","inLanguage":"sq-AL","@id":"https:\/\/fjala.info\/2009-2015\/#\/schema\/logo\/image\/","url":"","contentUrl":"","caption":"FjALA e LIR\u00cb - Arkivi"},"image":{"@id":"https:\/\/fjala.info\/2009-2015\/#\/schema\/logo\/image\/"}},{"@type":"Person","@id":"https:\/\/fjala.info\/2009-2015\/#\/schema\/person\/3aa1163ef05469c496fc94e77611ada2","name":"admin","image":{"@type":"ImageObject","inLanguage":"sq-AL","@id":"https:\/\/fjala.info\/2009-2015\/wp-content\/uploads\/2012\/02\/arben_cokaj-120x150.jpg","url":"https:\/\/fjala.info\/2009-2015\/wp-content\/uploads\/2012\/02\/arben_cokaj-120x150.jpg","contentUrl":"https:\/\/fjala.info\/2009-2015\/wp-content\/uploads\/2012\/02\/arben_cokaj-120x150.jpg","caption":"admin"},"description":"Admin, Fjala e Lir\u00eb","sameAs":["https:\/\/fjala.info\/"],"url":"https:\/\/fjala.info\/2009-2015\/author\/admin\/"}]}},"_links":{"self":[{"href":"https:\/\/fjala.info\/2009-2015\/wp-json\/wp\/v2\/posts\/2152","targetHints":{"allow":["GET"]}}],"collection":[{"href":"https:\/\/fjala.info\/2009-2015\/wp-json\/wp\/v2\/posts"}],"about":[{"href":"https:\/\/fjala.info\/2009-2015\/wp-json\/wp\/v2\/types\/post"}],"author":[{"embeddable":true,"href":"https:\/\/fjala.info\/2009-2015\/wp-json\/wp\/v2\/users\/1"}],"replies":[{"embeddable":true,"href":"https:\/\/fjala.info\/2009-2015\/wp-json\/wp\/v2\/comments?post=2152"}],"version-history":[{"count":0,"href":"https:\/\/fjala.info\/2009-2015\/wp-json\/wp\/v2\/posts\/2152\/revisions"}],"wp:attachment":[{"href":"https:\/\/fjala.info\/2009-2015\/wp-json\/wp\/v2\/media?parent=2152"}],"wp:term":[{"taxonomy":"category","embeddable":true,"href":"https:\/\/fjala.info\/2009-2015\/wp-json\/wp\/v2\/categories?post=2152"},{"taxonomy":"post_tag","embeddable":true,"href":"https:\/\/fjala.info\/2009-2015\/wp-json\/wp\/v2\/tags?post=2152"}],"curies":[{"name":"wp","href":"https:\/\/api.w.org\/{rel}","templated":true}]}}