{"id":2151,"date":"2010-04-08T23:13:33","date_gmt":"2010-04-08T22:13:33","guid":{"rendered":"http:\/\/fjala.shkoder.net\/?p=2151"},"modified":"2010-04-08T23:13:33","modified_gmt":"2010-04-08T22:13:33","slug":"sjelljet-antiperendimore-qe-na-lane-pa-ftese","status":"publish","type":"post","link":"https:\/\/fjala.info\/2009-2015\/sjelljet-antiperendimore-qe-na-lane-pa-ftese\/","title":{"rendered":"Sjelljet antiper\u00ebndimore q\u00eb na lan\u00eb pa ftes\u00eb"},"content":{"rendered":"<p><img decoding=\"async\" style=\"margin-left: 10px; margin-right: 10px; border: 0px;\" src=\"http:\/\/www.shkoder.net\/images\/fjala\/mero_baze1.jpg\" border=\"0\" alt=\"Mero Baze\" width=\"100\" align=\"right\" \/><\/p>\n<p>Nga <strong>Mero Baze<\/strong>, &#8220;<em>Faktori Plus<\/em>&#8221;<\/p>\n<p>Qeveria shqiptare nuk \u00ebsht\u00eb ftuar t\u00eb marr\u00eb pjes\u00eb sot n\u00eb Prag\u00eb n\u00eb takimin me Presidentin Obama, i cili do t\u00eb takohet me p\u00ebrfaq\u00ebsuesit e 11 vendeve ish-komuniste q\u00eb sot jan\u00eb pjes\u00eb e NATO-s. Mungesa e Shqip\u00ebris\u00eb \u00ebsht\u00eb e pashpjegueshme dhe ka ngjallur dyshime lidhur me raportet q\u00eb ekzistojn\u00eb mes nesh dhe aleanc\u00ebs per\u00ebndimore.<\/p>\n<p>Shtypi i sot\u00ebm, i cili \u00ebsht\u00eb marr\u00eb me k\u00ebt\u00eb \u00e7\u00ebshtje, e shikon at\u00eb si nj\u00eb karton t\u00eb kuq nga presidenti Obama p\u00ebr Shqip\u00ebrin\u00eb. Ambasada e SHBA n\u00eb Tiran\u00eb n\u00eb nj\u00eb deklarat\u00eb p\u00ebr shtyp \u00ebsht\u00eb p\u00ebrpjekur t\u00eb mos jap\u00eb shpjegime politike p\u00ebr munges\u00ebn e Shqip\u00ebris\u00eb, nd\u00ebrsa qeveria ka heshtur.<\/p>\n<p>Burime nga Ministria e jashtme b\u00ebjn\u00eb t\u00eb ditur se z\u00ebvend\u00ebskryeministri, Ilir Meta, u angazhua p\u00ebr nj\u00eb koh\u00eb t\u00eb gjat\u00eb t\u00eb siguronte pjes\u00ebmarrjen e Shqip\u00ebris\u00eb n\u00eb dark\u00ebn e sotme, por d\u00ebshtoi. Arsyet p\u00ebrse vendi yn\u00eb mund t\u00eb jet\u00eb l\u00ebn\u00eb jasht\u00eb me vet\u00ebdije nga protokolli jan\u00eb disa.<\/p>\n<p><em>S\u00eb pari<\/em>, mund t\u00eb jet\u00eb karshill\u00ebku q\u00eb qeveria shqiptare i ka b\u00ebr\u00eb NATO-s disa dit\u00eb m\u00eb par\u00eb me ligjin antiper\u00ebndimor t\u00eb Sh\u00ebrbimit Informativ, i cili ishte nj\u00eb sinjal i gabuar p\u00ebr partner\u00ebt per\u00ebndimor\u00eb. Ai sinjal detyroi ambasadorin amerikan t\u00eb dal\u00eb n\u00eb konferenc\u00eb p\u00ebr shtyp dhe t\u00eb akuzoj\u00eb qeverin\u00eb p\u00ebr nj\u00eb ligj t\u00eb gabuar. Po ashtu, zyra e NATO-s i k\u00ebrkoi parlamentit t\u00eb t\u00ebrhiqte projektligjin. Me gjith\u00eb arroganc\u00eb n\u00eb dukje, Berisha u t\u00ebrhoq, por me sa duket shija e hidhur mund t\u00eb ket\u00eb mbetur.<\/p>\n<p>Nj\u00eb arsye <em>e dyt\u00eb<\/em> mund t\u00eb jet\u00eb dhe klima politike. Duke par\u00eb q\u00ebndrimin refraktar t\u00eb qeveris\u00eb ndaj kriz\u00ebs, qeverit\u00eb per\u00ebndimore nuk duan t\u00eb japin sinjale mb\u00ebshtetje p\u00ebr t\u00eb, pa dh\u00ebn\u00eb prova se ka vullnet t\u00eb zgjidh\u00eb kriz\u00ebn politike.<\/p>\n<p>Mund t\u00eb jen\u00eb dhe <em>arsye t\u00eb tjera diplomatike<\/em> q\u00eb ne ende nuk mund t\u2019i deshifrojm\u00eb. Por n\u00ebse i injrojm\u00eb t\u00eb gjitha k\u00ebto pista, do t\u00eb ishte e mjaftueshme vet\u00ebm fakti q\u00eb na injorojn\u00eb p\u00ebr t\u00eb qen\u00eb pjes\u00ebmarr\u00ebs n\u00eb nj\u00eb takim t\u00eb till\u00eb historik, p\u00ebr t\u2019u ndjer\u00eb fajtor\u00eb p\u00ebr qeverin\u00eb q\u00eb kemi.<\/p>\n<p>Asnj\u00eb argument gjeografik apo gjeopolitik nuk shkon pasi n\u00eb k\u00ebt\u00eb takim merr pjes\u00eb Kroacia, nj\u00eb vend q\u00eb ka hyr\u00eb n\u00eb NATO n\u00eb nj\u00eb dit\u00eb me ne dhe jemi n\u00eb nj\u00eb pozicion gjeografik. I vetmi ndryshim \u00ebsht\u00eb sjellja per\u00ebndimore e Kroacis\u00eb dhe sjellja antiper\u00ebndimore e Shqip\u00ebris\u00eb. Dhe mbi te gjitha fakti q\u00eb nuk dim\u00eb t\u00eb jemi serioz as si vend partner me Per\u00ebndimin.<\/p>\n","protected":false},"excerpt":{"rendered":"<p>Nga Mero Baze, &#8220;Faktori Plus&#8221; Qeveria shqiptare nuk \u00ebsht\u00eb ftuar t\u00eb marr\u00eb pjes\u00eb sot n\u00eb Prag\u00eb n\u00eb takimin me Presidentin Obama, i cili do t\u00eb takohet me p\u00ebrfaq\u00ebsuesit e 11 vendeve ish-komuniste q\u00eb sot jan\u00eb pjes\u00eb e NATO-s. Mungesa e Shqip\u00ebris\u00eb \u00ebsht\u00eb e pashpjegueshme dhe ka ngjallur dyshime lidhur me raportet q\u00eb ekzistojn\u00eb mes nesh [&hellip;]<\/p>\n","protected":false},"author":1,"featured_media":0,"comment_status":"open","ping_status":"closed","sticky":false,"template":"","format":"standard","meta":{"footnotes":""},"categories":[2],"tags":[],"class_list":{"0":"post-2151","1":"post","2":"type-post","3":"status-publish","4":"format-standard","6":"category-artikuj"},"yoast_head":"<!-- This site is optimized with the Yoast SEO plugin v27.4 - https:\/\/yoast.com\/product\/yoast-seo-wordpress\/ -->\n<title>Sjelljet antiper\u00ebndimore q\u00eb na lan\u00eb pa ftes\u00eb - FjALA e LIR\u00cb - Arkivi<\/title>\n<meta name=\"robots\" content=\"index, follow, max-snippet:-1, max-image-preview:large, max-video-preview:-1\" \/>\n<link rel=\"canonical\" href=\"https:\/\/fjala.info\/2009-2015\/sjelljet-antiperendimore-qe-na-lane-pa-ftese\/\" \/>\n<meta property=\"og:locale\" content=\"sq_AL\" \/>\n<meta property=\"og:type\" content=\"article\" \/>\n<meta property=\"og:title\" content=\"Sjelljet antiper\u00ebndimore q\u00eb na lan\u00eb pa ftes\u00eb - FjALA e LIR\u00cb - Arkivi\" \/>\n<meta property=\"og:description\" content=\"Nga Mero Baze, &#8220;Faktori Plus&#8221; Qeveria shqiptare nuk \u00ebsht\u00eb ftuar t\u00eb marr\u00eb pjes\u00eb sot n\u00eb Prag\u00eb n\u00eb takimin me Presidentin Obama, i cili do t\u00eb takohet me p\u00ebrfaq\u00ebsuesit e 11 vendeve ish-komuniste q\u00eb sot jan\u00eb pjes\u00eb e NATO-s. Mungesa e Shqip\u00ebris\u00eb \u00ebsht\u00eb e pashpjegueshme dhe ka ngjallur dyshime lidhur me raportet q\u00eb ekzistojn\u00eb mes nesh [&hellip;]\" \/>\n<meta property=\"og:url\" content=\"https:\/\/fjala.info\/2009-2015\/sjelljet-antiperendimore-qe-na-lane-pa-ftese\/\" \/>\n<meta property=\"og:site_name\" content=\"FjALA e LIR\u00cb - Arkivi\" \/>\n<meta property=\"article:published_time\" content=\"2010-04-08T22:13:33+00:00\" \/>\n<meta property=\"og:image\" content=\"http:\/\/www.shkoder.net\/images\/fjala\/mero_baze1.jpg\" \/>\n<meta name=\"author\" content=\"admin\" \/>\n<meta name=\"twitter:card\" content=\"summary_large_image\" \/>\n<meta name=\"twitter:label1\" content=\"Written by\" \/>\n\t<meta name=\"twitter:data1\" content=\"admin\" \/>\n\t<meta name=\"twitter:label2\" content=\"Est. reading time\" \/>\n\t<meta name=\"twitter:data2\" content=\"2 minutes\" \/>\n<script type=\"application\/ld+json\" class=\"yoast-schema-graph\">{\"@context\":\"https:\\\/\\\/schema.org\",\"@graph\":[{\"@type\":\"Article\",\"@id\":\"https:\\\/\\\/fjala.info\\\/2009-2015\\\/sjelljet-antiperendimore-qe-na-lane-pa-ftese\\\/#article\",\"isPartOf\":{\"@id\":\"https:\\\/\\\/fjala.info\\\/2009-2015\\\/sjelljet-antiperendimore-qe-na-lane-pa-ftese\\\/\"},\"author\":{\"name\":\"admin\",\"@id\":\"https:\\\/\\\/fjala.info\\\/2009-2015\\\/#\\\/schema\\\/person\\\/3aa1163ef05469c496fc94e77611ada2\"},\"headline\":\"Sjelljet antiper\u00ebndimore q\u00eb na lan\u00eb pa ftes\u00eb\",\"datePublished\":\"2010-04-08T22:13:33+00:00\",\"mainEntityOfPage\":{\"@id\":\"https:\\\/\\\/fjala.info\\\/2009-2015\\\/sjelljet-antiperendimore-qe-na-lane-pa-ftese\\\/\"},\"wordCount\":452,\"commentCount\":0,\"publisher\":{\"@id\":\"https:\\\/\\\/fjala.info\\\/2009-2015\\\/#organization\"},\"image\":{\"@id\":\"https:\\\/\\\/fjala.info\\\/2009-2015\\\/sjelljet-antiperendimore-qe-na-lane-pa-ftese\\\/#primaryimage\"},\"thumbnailUrl\":\"http:\\\/\\\/www.shkoder.net\\\/images\\\/fjala\\\/mero_baze1.jpg\",\"articleSection\":[\"Artikuj\"],\"inLanguage\":\"sq-AL\",\"potentialAction\":[{\"@type\":\"CommentAction\",\"name\":\"Comment\",\"target\":[\"https:\\\/\\\/fjala.info\\\/2009-2015\\\/sjelljet-antiperendimore-qe-na-lane-pa-ftese\\\/#respond\"]}]},{\"@type\":\"WebPage\",\"@id\":\"https:\\\/\\\/fjala.info\\\/2009-2015\\\/sjelljet-antiperendimore-qe-na-lane-pa-ftese\\\/\",\"url\":\"https:\\\/\\\/fjala.info\\\/2009-2015\\\/sjelljet-antiperendimore-qe-na-lane-pa-ftese\\\/\",\"name\":\"Sjelljet antiper\u00ebndimore q\u00eb na lan\u00eb pa ftes\u00eb - FjALA e LIR\u00cb - Arkivi\",\"isPartOf\":{\"@id\":\"https:\\\/\\\/fjala.info\\\/2009-2015\\\/#website\"},\"primaryImageOfPage\":{\"@id\":\"https:\\\/\\\/fjala.info\\\/2009-2015\\\/sjelljet-antiperendimore-qe-na-lane-pa-ftese\\\/#primaryimage\"},\"image\":{\"@id\":\"https:\\\/\\\/fjala.info\\\/2009-2015\\\/sjelljet-antiperendimore-qe-na-lane-pa-ftese\\\/#primaryimage\"},\"thumbnailUrl\":\"http:\\\/\\\/www.shkoder.net\\\/images\\\/fjala\\\/mero_baze1.jpg\",\"datePublished\":\"2010-04-08T22:13:33+00:00\",\"breadcrumb\":{\"@id\":\"https:\\\/\\\/fjala.info\\\/2009-2015\\\/sjelljet-antiperendimore-qe-na-lane-pa-ftese\\\/#breadcrumb\"},\"inLanguage\":\"sq-AL\",\"potentialAction\":[{\"@type\":\"ReadAction\",\"target\":[\"https:\\\/\\\/fjala.info\\\/2009-2015\\\/sjelljet-antiperendimore-qe-na-lane-pa-ftese\\\/\"]}]},{\"@type\":\"ImageObject\",\"inLanguage\":\"sq-AL\",\"@id\":\"https:\\\/\\\/fjala.info\\\/2009-2015\\\/sjelljet-antiperendimore-qe-na-lane-pa-ftese\\\/#primaryimage\",\"url\":\"http:\\\/\\\/www.shkoder.net\\\/images\\\/fjala\\\/mero_baze1.jpg\",\"contentUrl\":\"http:\\\/\\\/www.shkoder.net\\\/images\\\/fjala\\\/mero_baze1.jpg\"},{\"@type\":\"BreadcrumbList\",\"@id\":\"https:\\\/\\\/fjala.info\\\/2009-2015\\\/sjelljet-antiperendimore-qe-na-lane-pa-ftese\\\/#breadcrumb\",\"itemListElement\":[{\"@type\":\"ListItem\",\"position\":1,\"name\":\"Home\",\"item\":\"https:\\\/\\\/fjala.info\\\/2009-2015\\\/\"},{\"@type\":\"ListItem\",\"position\":2,\"name\":\"Sjelljet antiper\u00ebndimore q\u00eb na lan\u00eb pa ftes\u00eb\"}]},{\"@type\":\"WebSite\",\"@id\":\"https:\\\/\\\/fjala.info\\\/2009-2015\\\/#website\",\"url\":\"https:\\\/\\\/fjala.info\\\/2009-2015\\\/\",\"name\":\"FjALA e LIR\u00cb - Arkivi\",\"description\":\"Arkivi 2009-2015\",\"publisher\":{\"@id\":\"https:\\\/\\\/fjala.info\\\/2009-2015\\\/#organization\"},\"potentialAction\":[{\"@type\":\"SearchAction\",\"target\":{\"@type\":\"EntryPoint\",\"urlTemplate\":\"https:\\\/\\\/fjala.info\\\/2009-2015\\\/?s={search_term_string}\"},\"query-input\":{\"@type\":\"PropertyValueSpecification\",\"valueRequired\":true,\"valueName\":\"search_term_string\"}}],\"inLanguage\":\"sq-AL\"},{\"@type\":\"Organization\",\"@id\":\"https:\\\/\\\/fjala.info\\\/2009-2015\\\/#organization\",\"name\":\"FjALA e LIR\u00cb - Arkivi\",\"url\":\"https:\\\/\\\/fjala.info\\\/2009-2015\\\/\",\"logo\":{\"@type\":\"ImageObject\",\"inLanguage\":\"sq-AL\",\"@id\":\"https:\\\/\\\/fjala.info\\\/2009-2015\\\/#\\\/schema\\\/logo\\\/image\\\/\",\"url\":\"\",\"contentUrl\":\"\",\"caption\":\"FjALA e LIR\u00cb - Arkivi\"},\"image\":{\"@id\":\"https:\\\/\\\/fjala.info\\\/2009-2015\\\/#\\\/schema\\\/logo\\\/image\\\/\"}},{\"@type\":\"Person\",\"@id\":\"https:\\\/\\\/fjala.info\\\/2009-2015\\\/#\\\/schema\\\/person\\\/3aa1163ef05469c496fc94e77611ada2\",\"name\":\"admin\",\"image\":{\"@type\":\"ImageObject\",\"inLanguage\":\"sq-AL\",\"@id\":\"https:\\\/\\\/fjala.info\\\/2009-2015\\\/wp-content\\\/uploads\\\/2012\\\/02\\\/arben_cokaj-120x150.jpg\",\"url\":\"https:\\\/\\\/fjala.info\\\/2009-2015\\\/wp-content\\\/uploads\\\/2012\\\/02\\\/arben_cokaj-120x150.jpg\",\"contentUrl\":\"https:\\\/\\\/fjala.info\\\/2009-2015\\\/wp-content\\\/uploads\\\/2012\\\/02\\\/arben_cokaj-120x150.jpg\",\"caption\":\"admin\"},\"description\":\"Admin, Fjala e Lir\u00eb\",\"sameAs\":[\"https:\\\/\\\/fjala.info\\\/\"],\"url\":\"https:\\\/\\\/fjala.info\\\/2009-2015\\\/author\\\/admin\\\/\"}]}<\/script>\n<!-- \/ Yoast SEO plugin. -->","yoast_head_json":{"title":"Sjelljet antiper\u00ebndimore q\u00eb na lan\u00eb pa ftes\u00eb - FjALA e LIR\u00cb - Arkivi","robots":{"index":"index","follow":"follow","max-snippet":"max-snippet:-1","max-image-preview":"max-image-preview:large","max-video-preview":"max-video-preview:-1"},"canonical":"https:\/\/fjala.info\/2009-2015\/sjelljet-antiperendimore-qe-na-lane-pa-ftese\/","og_locale":"sq_AL","og_type":"article","og_title":"Sjelljet antiper\u00ebndimore q\u00eb na lan\u00eb pa ftes\u00eb - FjALA e LIR\u00cb - Arkivi","og_description":"Nga Mero Baze, &#8220;Faktori Plus&#8221; Qeveria shqiptare nuk \u00ebsht\u00eb ftuar t\u00eb marr\u00eb pjes\u00eb sot n\u00eb Prag\u00eb n\u00eb takimin me Presidentin Obama, i cili do t\u00eb takohet me p\u00ebrfaq\u00ebsuesit e 11 vendeve ish-komuniste q\u00eb sot jan\u00eb pjes\u00eb e NATO-s. Mungesa e Shqip\u00ebris\u00eb \u00ebsht\u00eb e pashpjegueshme dhe ka ngjallur dyshime lidhur me raportet q\u00eb ekzistojn\u00eb mes nesh [&hellip;]","og_url":"https:\/\/fjala.info\/2009-2015\/sjelljet-antiperendimore-qe-na-lane-pa-ftese\/","og_site_name":"FjALA e LIR\u00cb - Arkivi","article_published_time":"2010-04-08T22:13:33+00:00","og_image":[{"url":"http:\/\/www.shkoder.net\/images\/fjala\/mero_baze1.jpg","type":"","width":"","height":""}],"author":"admin","twitter_card":"summary_large_image","twitter_misc":{"Written by":"admin","Est. reading time":"2 minutes"},"schema":{"@context":"https:\/\/schema.org","@graph":[{"@type":"Article","@id":"https:\/\/fjala.info\/2009-2015\/sjelljet-antiperendimore-qe-na-lane-pa-ftese\/#article","isPartOf":{"@id":"https:\/\/fjala.info\/2009-2015\/sjelljet-antiperendimore-qe-na-lane-pa-ftese\/"},"author":{"name":"admin","@id":"https:\/\/fjala.info\/2009-2015\/#\/schema\/person\/3aa1163ef05469c496fc94e77611ada2"},"headline":"Sjelljet antiper\u00ebndimore q\u00eb na lan\u00eb pa ftes\u00eb","datePublished":"2010-04-08T22:13:33+00:00","mainEntityOfPage":{"@id":"https:\/\/fjala.info\/2009-2015\/sjelljet-antiperendimore-qe-na-lane-pa-ftese\/"},"wordCount":452,"commentCount":0,"publisher":{"@id":"https:\/\/fjala.info\/2009-2015\/#organization"},"image":{"@id":"https:\/\/fjala.info\/2009-2015\/sjelljet-antiperendimore-qe-na-lane-pa-ftese\/#primaryimage"},"thumbnailUrl":"http:\/\/www.shkoder.net\/images\/fjala\/mero_baze1.jpg","articleSection":["Artikuj"],"inLanguage":"sq-AL","potentialAction":[{"@type":"CommentAction","name":"Comment","target":["https:\/\/fjala.info\/2009-2015\/sjelljet-antiperendimore-qe-na-lane-pa-ftese\/#respond"]}]},{"@type":"WebPage","@id":"https:\/\/fjala.info\/2009-2015\/sjelljet-antiperendimore-qe-na-lane-pa-ftese\/","url":"https:\/\/fjala.info\/2009-2015\/sjelljet-antiperendimore-qe-na-lane-pa-ftese\/","name":"Sjelljet antiper\u00ebndimore q\u00eb na lan\u00eb pa ftes\u00eb - FjALA e LIR\u00cb - Arkivi","isPartOf":{"@id":"https:\/\/fjala.info\/2009-2015\/#website"},"primaryImageOfPage":{"@id":"https:\/\/fjala.info\/2009-2015\/sjelljet-antiperendimore-qe-na-lane-pa-ftese\/#primaryimage"},"image":{"@id":"https:\/\/fjala.info\/2009-2015\/sjelljet-antiperendimore-qe-na-lane-pa-ftese\/#primaryimage"},"thumbnailUrl":"http:\/\/www.shkoder.net\/images\/fjala\/mero_baze1.jpg","datePublished":"2010-04-08T22:13:33+00:00","breadcrumb":{"@id":"https:\/\/fjala.info\/2009-2015\/sjelljet-antiperendimore-qe-na-lane-pa-ftese\/#breadcrumb"},"inLanguage":"sq-AL","potentialAction":[{"@type":"ReadAction","target":["https:\/\/fjala.info\/2009-2015\/sjelljet-antiperendimore-qe-na-lane-pa-ftese\/"]}]},{"@type":"ImageObject","inLanguage":"sq-AL","@id":"https:\/\/fjala.info\/2009-2015\/sjelljet-antiperendimore-qe-na-lane-pa-ftese\/#primaryimage","url":"http:\/\/www.shkoder.net\/images\/fjala\/mero_baze1.jpg","contentUrl":"http:\/\/www.shkoder.net\/images\/fjala\/mero_baze1.jpg"},{"@type":"BreadcrumbList","@id":"https:\/\/fjala.info\/2009-2015\/sjelljet-antiperendimore-qe-na-lane-pa-ftese\/#breadcrumb","itemListElement":[{"@type":"ListItem","position":1,"name":"Home","item":"https:\/\/fjala.info\/2009-2015\/"},{"@type":"ListItem","position":2,"name":"Sjelljet antiper\u00ebndimore q\u00eb na lan\u00eb pa ftes\u00eb"}]},{"@type":"WebSite","@id":"https:\/\/fjala.info\/2009-2015\/#website","url":"https:\/\/fjala.info\/2009-2015\/","name":"FjALA e LIR\u00cb - Arkivi","description":"Arkivi 2009-2015","publisher":{"@id":"https:\/\/fjala.info\/2009-2015\/#organization"},"potentialAction":[{"@type":"SearchAction","target":{"@type":"EntryPoint","urlTemplate":"https:\/\/fjala.info\/2009-2015\/?s={search_term_string}"},"query-input":{"@type":"PropertyValueSpecification","valueRequired":true,"valueName":"search_term_string"}}],"inLanguage":"sq-AL"},{"@type":"Organization","@id":"https:\/\/fjala.info\/2009-2015\/#organization","name":"FjALA e LIR\u00cb - Arkivi","url":"https:\/\/fjala.info\/2009-2015\/","logo":{"@type":"ImageObject","inLanguage":"sq-AL","@id":"https:\/\/fjala.info\/2009-2015\/#\/schema\/logo\/image\/","url":"","contentUrl":"","caption":"FjALA e LIR\u00cb - Arkivi"},"image":{"@id":"https:\/\/fjala.info\/2009-2015\/#\/schema\/logo\/image\/"}},{"@type":"Person","@id":"https:\/\/fjala.info\/2009-2015\/#\/schema\/person\/3aa1163ef05469c496fc94e77611ada2","name":"admin","image":{"@type":"ImageObject","inLanguage":"sq-AL","@id":"https:\/\/fjala.info\/2009-2015\/wp-content\/uploads\/2012\/02\/arben_cokaj-120x150.jpg","url":"https:\/\/fjala.info\/2009-2015\/wp-content\/uploads\/2012\/02\/arben_cokaj-120x150.jpg","contentUrl":"https:\/\/fjala.info\/2009-2015\/wp-content\/uploads\/2012\/02\/arben_cokaj-120x150.jpg","caption":"admin"},"description":"Admin, Fjala e Lir\u00eb","sameAs":["https:\/\/fjala.info\/"],"url":"https:\/\/fjala.info\/2009-2015\/author\/admin\/"}]}},"_links":{"self":[{"href":"https:\/\/fjala.info\/2009-2015\/wp-json\/wp\/v2\/posts\/2151","targetHints":{"allow":["GET"]}}],"collection":[{"href":"https:\/\/fjala.info\/2009-2015\/wp-json\/wp\/v2\/posts"}],"about":[{"href":"https:\/\/fjala.info\/2009-2015\/wp-json\/wp\/v2\/types\/post"}],"author":[{"embeddable":true,"href":"https:\/\/fjala.info\/2009-2015\/wp-json\/wp\/v2\/users\/1"}],"replies":[{"embeddable":true,"href":"https:\/\/fjala.info\/2009-2015\/wp-json\/wp\/v2\/comments?post=2151"}],"version-history":[{"count":0,"href":"https:\/\/fjala.info\/2009-2015\/wp-json\/wp\/v2\/posts\/2151\/revisions"}],"wp:attachment":[{"href":"https:\/\/fjala.info\/2009-2015\/wp-json\/wp\/v2\/media?parent=2151"}],"wp:term":[{"taxonomy":"category","embeddable":true,"href":"https:\/\/fjala.info\/2009-2015\/wp-json\/wp\/v2\/categories?post=2151"},{"taxonomy":"post_tag","embeddable":true,"href":"https:\/\/fjala.info\/2009-2015\/wp-json\/wp\/v2\/tags?post=2151"}],"curies":[{"name":"wp","href":"https:\/\/api.w.org\/{rel}","templated":true}]}}