{"id":2144,"date":"2012-03-12T11:46:18","date_gmt":"2012-03-12T10:46:18","guid":{"rendered":"http:\/\/fjala.shkoder.net\/?p=2144"},"modified":"2012-03-12T11:46:18","modified_gmt":"2012-03-12T10:46:18","slug":"zhbirime-me-veshtrime","status":"publish","type":"post","link":"https:\/\/fjala.info\/2009-2015\/zhbirime-me-veshtrime\/","title":{"rendered":"Zhbirime me v\u00ebshtrime"},"content":{"rendered":"<p><img decoding=\"async\" class=\"alignright size-thumbnail wp-image-7236\" title=\"Naser Aliu\" src=\"http:\/\/www.shkoder.net\/images\/fjala\/naser_aliu.jpg\" alt=\"\" width=\"150\" \/> <strong>Naser Aliu<\/strong><\/p>\n<p><strong>Narcizmi grek<\/strong><\/p>\n<p>Greqia me vite u dha pensione jo vet\u00ebm qytetar\u00ebve t\u00eb gjall\u00eb, por si shtet zem\u00ebrgjer\u00eb q\u00eb ishte, u d\u00ebrgoi para edhe grek\u00ebve n\u00eb bot\u00ebn tjet\u00ebr. Tash t\u00eb gjall\u00ebt duhet t\u2019 i paguajn\u00eb d\u00ebmet q\u00eb shkaktuan t\u00eb \u201cvdekurit\u201d dhe, jo vet\u00ebm k\u00ebt\u00eb, por grek\u00ebt e gjall\u00eb, duhet edhe t\u2019 i kthejn\u00eb pas parat\u00eb q\u00eb konsuamuan banor\u00ebt e varrezave.<\/p>\n<p><strong>Narcizmi shqiptar<\/strong><\/p>\n<p>Qeveria shqiptare nuk u d\u00ebrgon para sa duhet as t\u00eb gjall\u00ebve, por ka di\u00e7ka t\u00eb p\u00ebrbashk\u00ebt me shtetin fqinj me t\u00eb cilin bashk\u00ebjetuam me shekuj n\u00ebn mend\u00ebsin\u00eb osmane: tek ne t\u00eb vdekurit nuk kan\u00eb t\u00eb drejt\u00eb t\u00eb marrin rroga, por askush nuk mund tua mohoj\u00eb t\u00eb drejt\u00ebn p\u00ebr t\u00eb votuar. Edhe k\u00ebta n\u00ebntok\u00ebsor\u00eb jan\u00eb pjes\u00eb e sovranit. Emrat e tyre futen n\u00eb kuti nga t\u00eb gjall\u00ebt dhe num\u00ebrohet nga klasa sunduese n\u00eb agoni, q\u00eb nes\u00ebr duhet t\u00eb vdes\u00eb.<\/p>\n<p><strong>Kleptomania<\/strong><\/p>\n<p>Aty ku vidhen votat e qytetar\u00ebve, t\u00eb t\u00eb ashtuquajturit sovran, kush beson se nuk vidhen edhe parat, ka probleme me perceptimin e bot\u00ebs reale dhe jeton me iluzione ose n\u00eb halucinacione. Ai q\u00eb vjedh vota, ka edhe synime tjera. Pushteti i sh\u00ebrben hajdutit vet\u00ebm si ur\u00eb p\u00ebr t\u2019 i realizuar q\u00ebllimet e veta.<\/p>\n<p><strong>Denoncimi i n\u00ebn\u00ebs<\/strong><\/p>\n<p>Berisha grave p\u00ebr tet\u00eb marsin: \u201eBashk\u00eb me qum\u00ebshtin, ato u kan\u00eb m\u00ebkuar f\u00ebmij\u00ebve dashurin\u00eb e pakufishme p\u00ebr kombin dhe vendin\u201d. Mund t\u00eb besohet se n\u00ebnat shqiptare kan\u00eb edukuar f\u00ebmij\u00ebt ta duan vendin, por si\u00e7 shihet, nj\u00eb n\u00ebn\u00eb, paska harruar t\u2018 i thot\u00eb djalit t\u00eb vet: \u201c Biro, edhe deti \u00ebsht\u00eb vendi jon\u00eb! Edhe kund\u00ebrshtar\u00ebt tu jan\u00eb shqiptar\u00eb!\u201d<\/p>\n<p><strong>Agjitacion dhe propagand\u00eb<\/strong><\/p>\n<p>Sali Berisha ua uroi grave tet\u00eb marsin, pastaj u tha se kjo dit\u00eb \u00ebsht\u00eb e tyre, por 365 dit\u00ebt tjera, ato duhet t\u2019i pushtojn\u00eb dhe shtoi: \u201cMos e prisni dhurat\u00eb rr\u00ebzimin e murit t\u00eb patriarkalizmit, por luftoni vet\u00eb.\u201d Ky ishte nj\u00eb apel grave shqiptare t\u00eb armatosen dhe luftojn\u00eb burrat e tyre. Grat\u00eb askund n\u00eb bot\u00eb nuk kan\u00eb luftuar p\u00ebr barazi t\u00eb veten, por qeverit\u00eb me ligje kan\u00eb detyruar burrat, t\u2019 i respektojn\u00eb t\u00eb drejtat e grave. Pastaj, nuk \u00ebsht\u00eb mir\u00eb grat\u00eb t\u00eb luftojn\u00eb, sepse n\u00eb natyr\u00ebn e n\u00ebnave, nuk \u00ebsht\u00eb vrasja dhe ve\u00e7 k\u00ebsaj, mund t\u00eb shpallen pu\u00e7iste dhe nes\u00ebr t\u00eb vriten nga Qeveria, q\u00eb do t\u00eb b\u00ebrtiste: \u201cFustanet jan\u00eb ngritur n\u00eb k\u00ebmb\u00eb!\u201d<\/p>\n<p><strong>Pendimi<\/strong><\/p>\n<p>Sali Berisha u rekomandoi grave shqiptare sh\u00ebmb\u00eblltyr\u00ebn kryesore: \u201eN\u00ebn\u00eb Tereza e mbar\u00eb njer\u00ebzimit. Le t\u00eb sh\u00ebrbej\u00eb ajo si figura e frym\u00ebzimit p\u00ebr ju.\u201d N\u00eb p\u00ebrkthim t\u00eb lir\u00eb kjo dometh\u00ebn\u00eb.: \u201c Mos luftoni, ulni kok\u00ebn, b\u00ebnit pun\u00ebt e sht\u00ebpis\u00eb, mos kund\u00ebrshtoni, mos flisni shum\u00eb, sh\u00ebrbeni sa t\u00eb mundeni dhe prisni. Nj\u00eb dit\u00eb mund t\u00eb fitoni \u00c7mimin Nobel. Prandaj, frym\u00ebzohuni nga N\u00ebn\u00eb Tereza!<\/p>\n<p><strong>Monizmi<\/strong><\/p>\n<p>Qeveria shqiptare ka defaktorizuar kryetarin e shtetit dhe kryeprokuroren e p\u00ebrgjithshme. Kryeministri urren opozit\u00ebn, kryetarin dhe prokuroren. \u00c7do njeri q\u00eb nuk pajtohet me mendimin e tij, shpallet revizionist. Edhe Enveri nuk duronte devijime brenda partis\u00eb dhe shtetit. E till\u00eb \u00ebsht\u00eb edhe demokratura e Saliotit. Nuk i ka fajet ai, por fajet i ka Politbyroja e Partis\u00eb Demokratike.<\/p>\n<p><strong>Pushteti i klas\u00ebs pun\u00ebtore<\/strong><\/p>\n<p>Nga viti 1945 e deri m\u00eb sot Partia e Pun\u00ebs sundon popullin shqiptar. Plot 67 vite. N\u00ebse fiton edhe nj\u00eb her\u00eb Berisha, at\u00ebher\u00eb pas tre viteve, do t\u00eb festohet 70 vjetori i despotizmit lindor n\u00eb Shqip\u00ebri. Pas tre viteve, m\u00eb t\u00eb pasur, edhe me skeletin e Zogut.<\/p>\n<p><strong>Amator\u00ebt dhe ekspert\u00ebt<\/strong><\/p>\n<p>Qeveria italiane u detyrua t\u00eb t\u00ebrhiqet dhe tani qeveriset nga ekspert\u00eb. \u00c7 \u2018 ka dometh\u00ebn\u00eb kjo? Kjo dometh\u00ebn\u00eb se popujt kan\u00eb ekspert\u00eb brenda dhe ata detyrohen ta shp\u00ebtojn\u00eb vendin, sa her\u00eb ta katandisin politikan\u00ebt amator\u00eb, batak\u00e7inj. Personazhi i Carlo Collodit, nga \u201c Storia di un Burattino\u201c, \u00ebsht\u00eb duke pritur galuc t\u00eb hidhet p\u00ebrs\u00ebri n\u00eb gar\u00eb! Ka shum\u00eb akoma p\u00ebr t\u2019 u prishur. Komik\u00ebt italian than\u00eb n\u00ebSan Remose pa Berluskonin, do t\u00eb mbeten t\u00eb pa pun\u00eb. Edhe nga njer\u00ebzit e paskrupullt dhe intrigant\u00ebt, dikush fiton! Si edhe nga plehu, fundi i fundit!<\/p>\n<p><strong>Agjitropi<\/strong><\/p>\n<p>Kreshnik Spahiu \u00ebsht\u00eb shpresa e Shqip\u00ebris\u00eb europiane, e demokracis\u00eb, dinjitetit dhe dashuris\u00eb ndaj vendit. P\u00ebr ta denigruar at\u00eb dhe p\u00ebr ta b\u00ebr\u00eb politikisht t\u00eb pap\u00ebrdorsh\u00ebm, do t\u00eb kujdeset Qeveria shqiptare dhe greke. Salioti sa her\u00ebdeljasht\u00eb vendit, b\u00ebn agjitacion dhe propagand\u00eb kund\u00ebr opozit\u00ebs, si asnj\u00eb politikan n\u00eb Europ\u00eb. Ai sillet si nj\u00eb f\u00ebmij\u00eb i keq, q\u00eb merr n\u00eb goj\u00eb familjen e vet tek fqinj\u00ebt. Ndoshta i japin nj\u00eb sheqerk\u00eb. Ai gjithmon\u00eb u b\u00ebn me dije atyre, se vet\u00ebm ky \u00ebsht\u00eb politikan i p\u00ebrdorsh\u00ebm dhe i gatsh\u00ebm t\u00eb zvarritet. Kjo \u00ebsht\u00eb arsyeja pse ai urren njer\u00ebzit me integritet t\u00eb vetin.<\/p>\n","protected":false},"excerpt":{"rendered":"<p>Naser Aliu Narcizmi grek Greqia me vite u dha pensione jo vet\u00ebm qytetar\u00ebve t\u00eb gjall\u00eb, por si shtet zem\u00ebrgjer\u00eb q\u00eb ishte, u d\u00ebrgoi para edhe grek\u00ebve n\u00eb bot\u00ebn tjet\u00ebr. Tash t\u00eb gjall\u00ebt duhet t\u2019 i paguajn\u00eb d\u00ebmet q\u00eb shkaktuan t\u00eb \u201cvdekurit\u201d dhe, jo vet\u00ebm k\u00ebt\u00eb, por grek\u00ebt e gjall\u00eb, duhet edhe t\u2019 i kthejn\u00eb pas [&hellip;]<\/p>\n","protected":false},"author":1,"featured_media":0,"comment_status":"open","ping_status":"closed","sticky":false,"template":"","format":"standard","meta":{"footnotes":""},"categories":[2],"tags":[],"class_list":{"0":"post-2144","1":"post","2":"type-post","3":"status-publish","4":"format-standard","6":"category-artikuj"},"yoast_head":"<!-- This site is optimized with the Yoast SEO plugin v27.4 - https:\/\/yoast.com\/product\/yoast-seo-wordpress\/ -->\n<title>Zhbirime me v\u00ebshtrime - FjALA e LIR\u00cb - Arkivi<\/title>\n<meta name=\"robots\" content=\"index, follow, max-snippet:-1, max-image-preview:large, max-video-preview:-1\" \/>\n<link rel=\"canonical\" href=\"https:\/\/fjala.info\/2009-2015\/zhbirime-me-veshtrime\/\" \/>\n<meta property=\"og:locale\" content=\"sq_AL\" \/>\n<meta property=\"og:type\" content=\"article\" \/>\n<meta property=\"og:title\" content=\"Zhbirime me v\u00ebshtrime - FjALA e LIR\u00cb - Arkivi\" \/>\n<meta property=\"og:description\" content=\"Naser Aliu Narcizmi grek Greqia me vite u dha pensione jo vet\u00ebm qytetar\u00ebve t\u00eb gjall\u00eb, por si shtet zem\u00ebrgjer\u00eb q\u00eb ishte, u d\u00ebrgoi para edhe grek\u00ebve n\u00eb bot\u00ebn tjet\u00ebr. Tash t\u00eb gjall\u00ebt duhet t\u2019 i paguajn\u00eb d\u00ebmet q\u00eb shkaktuan t\u00eb \u201cvdekurit\u201d dhe, jo vet\u00ebm k\u00ebt\u00eb, por grek\u00ebt e gjall\u00eb, duhet edhe t\u2019 i kthejn\u00eb pas [&hellip;]\" \/>\n<meta property=\"og:url\" content=\"https:\/\/fjala.info\/2009-2015\/zhbirime-me-veshtrime\/\" \/>\n<meta property=\"og:site_name\" content=\"FjALA e LIR\u00cb - Arkivi\" \/>\n<meta property=\"article:published_time\" content=\"2012-03-12T10:46:18+00:00\" \/>\n<meta property=\"og:image\" content=\"http:\/\/www.shkoder.net\/images\/fjala\/naser_aliu.jpg\" \/>\n<meta name=\"author\" content=\"admin\" \/>\n<meta name=\"twitter:card\" content=\"summary_large_image\" \/>\n<meta name=\"twitter:label1\" content=\"Written by\" \/>\n\t<meta name=\"twitter:data1\" content=\"admin\" \/>\n\t<meta name=\"twitter:label2\" content=\"Est. reading time\" \/>\n\t<meta name=\"twitter:data2\" content=\"4 minutes\" \/>\n<script type=\"application\/ld+json\" class=\"yoast-schema-graph\">{\"@context\":\"https:\\\/\\\/schema.org\",\"@graph\":[{\"@type\":\"Article\",\"@id\":\"https:\\\/\\\/fjala.info\\\/2009-2015\\\/zhbirime-me-veshtrime\\\/#article\",\"isPartOf\":{\"@id\":\"https:\\\/\\\/fjala.info\\\/2009-2015\\\/zhbirime-me-veshtrime\\\/\"},\"author\":{\"name\":\"admin\",\"@id\":\"https:\\\/\\\/fjala.info\\\/2009-2015\\\/#\\\/schema\\\/person\\\/3aa1163ef05469c496fc94e77611ada2\"},\"headline\":\"Zhbirime me v\u00ebshtrime\",\"datePublished\":\"2012-03-12T10:46:18+00:00\",\"mainEntityOfPage\":{\"@id\":\"https:\\\/\\\/fjala.info\\\/2009-2015\\\/zhbirime-me-veshtrime\\\/\"},\"wordCount\":849,\"commentCount\":0,\"publisher\":{\"@id\":\"https:\\\/\\\/fjala.info\\\/2009-2015\\\/#organization\"},\"image\":{\"@id\":\"https:\\\/\\\/fjala.info\\\/2009-2015\\\/zhbirime-me-veshtrime\\\/#primaryimage\"},\"thumbnailUrl\":\"http:\\\/\\\/www.shkoder.net\\\/images\\\/fjala\\\/naser_aliu.jpg\",\"articleSection\":[\"Artikuj\"],\"inLanguage\":\"sq-AL\",\"potentialAction\":[{\"@type\":\"CommentAction\",\"name\":\"Comment\",\"target\":[\"https:\\\/\\\/fjala.info\\\/2009-2015\\\/zhbirime-me-veshtrime\\\/#respond\"]}]},{\"@type\":\"WebPage\",\"@id\":\"https:\\\/\\\/fjala.info\\\/2009-2015\\\/zhbirime-me-veshtrime\\\/\",\"url\":\"https:\\\/\\\/fjala.info\\\/2009-2015\\\/zhbirime-me-veshtrime\\\/\",\"name\":\"Zhbirime me v\u00ebshtrime - FjALA e LIR\u00cb - Arkivi\",\"isPartOf\":{\"@id\":\"https:\\\/\\\/fjala.info\\\/2009-2015\\\/#website\"},\"primaryImageOfPage\":{\"@id\":\"https:\\\/\\\/fjala.info\\\/2009-2015\\\/zhbirime-me-veshtrime\\\/#primaryimage\"},\"image\":{\"@id\":\"https:\\\/\\\/fjala.info\\\/2009-2015\\\/zhbirime-me-veshtrime\\\/#primaryimage\"},\"thumbnailUrl\":\"http:\\\/\\\/www.shkoder.net\\\/images\\\/fjala\\\/naser_aliu.jpg\",\"datePublished\":\"2012-03-12T10:46:18+00:00\",\"breadcrumb\":{\"@id\":\"https:\\\/\\\/fjala.info\\\/2009-2015\\\/zhbirime-me-veshtrime\\\/#breadcrumb\"},\"inLanguage\":\"sq-AL\",\"potentialAction\":[{\"@type\":\"ReadAction\",\"target\":[\"https:\\\/\\\/fjala.info\\\/2009-2015\\\/zhbirime-me-veshtrime\\\/\"]}]},{\"@type\":\"ImageObject\",\"inLanguage\":\"sq-AL\",\"@id\":\"https:\\\/\\\/fjala.info\\\/2009-2015\\\/zhbirime-me-veshtrime\\\/#primaryimage\",\"url\":\"http:\\\/\\\/www.shkoder.net\\\/images\\\/fjala\\\/naser_aliu.jpg\",\"contentUrl\":\"http:\\\/\\\/www.shkoder.net\\\/images\\\/fjala\\\/naser_aliu.jpg\"},{\"@type\":\"BreadcrumbList\",\"@id\":\"https:\\\/\\\/fjala.info\\\/2009-2015\\\/zhbirime-me-veshtrime\\\/#breadcrumb\",\"itemListElement\":[{\"@type\":\"ListItem\",\"position\":1,\"name\":\"Home\",\"item\":\"https:\\\/\\\/fjala.info\\\/2009-2015\\\/\"},{\"@type\":\"ListItem\",\"position\":2,\"name\":\"Zhbirime me v\u00ebshtrime\"}]},{\"@type\":\"WebSite\",\"@id\":\"https:\\\/\\\/fjala.info\\\/2009-2015\\\/#website\",\"url\":\"https:\\\/\\\/fjala.info\\\/2009-2015\\\/\",\"name\":\"FjALA e LIR\u00cb - Arkivi\",\"description\":\"Arkivi 2009-2015\",\"publisher\":{\"@id\":\"https:\\\/\\\/fjala.info\\\/2009-2015\\\/#organization\"},\"potentialAction\":[{\"@type\":\"SearchAction\",\"target\":{\"@type\":\"EntryPoint\",\"urlTemplate\":\"https:\\\/\\\/fjala.info\\\/2009-2015\\\/?s={search_term_string}\"},\"query-input\":{\"@type\":\"PropertyValueSpecification\",\"valueRequired\":true,\"valueName\":\"search_term_string\"}}],\"inLanguage\":\"sq-AL\"},{\"@type\":\"Organization\",\"@id\":\"https:\\\/\\\/fjala.info\\\/2009-2015\\\/#organization\",\"name\":\"FjALA e LIR\u00cb - Arkivi\",\"url\":\"https:\\\/\\\/fjala.info\\\/2009-2015\\\/\",\"logo\":{\"@type\":\"ImageObject\",\"inLanguage\":\"sq-AL\",\"@id\":\"https:\\\/\\\/fjala.info\\\/2009-2015\\\/#\\\/schema\\\/logo\\\/image\\\/\",\"url\":\"\",\"contentUrl\":\"\",\"caption\":\"FjALA e LIR\u00cb - Arkivi\"},\"image\":{\"@id\":\"https:\\\/\\\/fjala.info\\\/2009-2015\\\/#\\\/schema\\\/logo\\\/image\\\/\"}},{\"@type\":\"Person\",\"@id\":\"https:\\\/\\\/fjala.info\\\/2009-2015\\\/#\\\/schema\\\/person\\\/3aa1163ef05469c496fc94e77611ada2\",\"name\":\"admin\",\"image\":{\"@type\":\"ImageObject\",\"inLanguage\":\"sq-AL\",\"@id\":\"https:\\\/\\\/fjala.info\\\/2009-2015\\\/wp-content\\\/uploads\\\/2012\\\/02\\\/arben_cokaj-120x150.jpg\",\"url\":\"https:\\\/\\\/fjala.info\\\/2009-2015\\\/wp-content\\\/uploads\\\/2012\\\/02\\\/arben_cokaj-120x150.jpg\",\"contentUrl\":\"https:\\\/\\\/fjala.info\\\/2009-2015\\\/wp-content\\\/uploads\\\/2012\\\/02\\\/arben_cokaj-120x150.jpg\",\"caption\":\"admin\"},\"description\":\"Admin, Fjala e Lir\u00eb\",\"sameAs\":[\"https:\\\/\\\/fjala.info\\\/\"],\"url\":\"https:\\\/\\\/fjala.info\\\/2009-2015\\\/author\\\/admin\\\/\"}]}<\/script>\n<!-- \/ Yoast SEO plugin. -->","yoast_head_json":{"title":"Zhbirime me v\u00ebshtrime - FjALA e LIR\u00cb - Arkivi","robots":{"index":"index","follow":"follow","max-snippet":"max-snippet:-1","max-image-preview":"max-image-preview:large","max-video-preview":"max-video-preview:-1"},"canonical":"https:\/\/fjala.info\/2009-2015\/zhbirime-me-veshtrime\/","og_locale":"sq_AL","og_type":"article","og_title":"Zhbirime me v\u00ebshtrime - FjALA e LIR\u00cb - Arkivi","og_description":"Naser Aliu Narcizmi grek Greqia me vite u dha pensione jo vet\u00ebm qytetar\u00ebve t\u00eb gjall\u00eb, por si shtet zem\u00ebrgjer\u00eb q\u00eb ishte, u d\u00ebrgoi para edhe grek\u00ebve n\u00eb bot\u00ebn tjet\u00ebr. Tash t\u00eb gjall\u00ebt duhet t\u2019 i paguajn\u00eb d\u00ebmet q\u00eb shkaktuan t\u00eb \u201cvdekurit\u201d dhe, jo vet\u00ebm k\u00ebt\u00eb, por grek\u00ebt e gjall\u00eb, duhet edhe t\u2019 i kthejn\u00eb pas [&hellip;]","og_url":"https:\/\/fjala.info\/2009-2015\/zhbirime-me-veshtrime\/","og_site_name":"FjALA e LIR\u00cb - Arkivi","article_published_time":"2012-03-12T10:46:18+00:00","og_image":[{"url":"http:\/\/www.shkoder.net\/images\/fjala\/naser_aliu.jpg","type":"","width":"","height":""}],"author":"admin","twitter_card":"summary_large_image","twitter_misc":{"Written by":"admin","Est. reading time":"4 minutes"},"schema":{"@context":"https:\/\/schema.org","@graph":[{"@type":"Article","@id":"https:\/\/fjala.info\/2009-2015\/zhbirime-me-veshtrime\/#article","isPartOf":{"@id":"https:\/\/fjala.info\/2009-2015\/zhbirime-me-veshtrime\/"},"author":{"name":"admin","@id":"https:\/\/fjala.info\/2009-2015\/#\/schema\/person\/3aa1163ef05469c496fc94e77611ada2"},"headline":"Zhbirime me v\u00ebshtrime","datePublished":"2012-03-12T10:46:18+00:00","mainEntityOfPage":{"@id":"https:\/\/fjala.info\/2009-2015\/zhbirime-me-veshtrime\/"},"wordCount":849,"commentCount":0,"publisher":{"@id":"https:\/\/fjala.info\/2009-2015\/#organization"},"image":{"@id":"https:\/\/fjala.info\/2009-2015\/zhbirime-me-veshtrime\/#primaryimage"},"thumbnailUrl":"http:\/\/www.shkoder.net\/images\/fjala\/naser_aliu.jpg","articleSection":["Artikuj"],"inLanguage":"sq-AL","potentialAction":[{"@type":"CommentAction","name":"Comment","target":["https:\/\/fjala.info\/2009-2015\/zhbirime-me-veshtrime\/#respond"]}]},{"@type":"WebPage","@id":"https:\/\/fjala.info\/2009-2015\/zhbirime-me-veshtrime\/","url":"https:\/\/fjala.info\/2009-2015\/zhbirime-me-veshtrime\/","name":"Zhbirime me v\u00ebshtrime - FjALA e LIR\u00cb - Arkivi","isPartOf":{"@id":"https:\/\/fjala.info\/2009-2015\/#website"},"primaryImageOfPage":{"@id":"https:\/\/fjala.info\/2009-2015\/zhbirime-me-veshtrime\/#primaryimage"},"image":{"@id":"https:\/\/fjala.info\/2009-2015\/zhbirime-me-veshtrime\/#primaryimage"},"thumbnailUrl":"http:\/\/www.shkoder.net\/images\/fjala\/naser_aliu.jpg","datePublished":"2012-03-12T10:46:18+00:00","breadcrumb":{"@id":"https:\/\/fjala.info\/2009-2015\/zhbirime-me-veshtrime\/#breadcrumb"},"inLanguage":"sq-AL","potentialAction":[{"@type":"ReadAction","target":["https:\/\/fjala.info\/2009-2015\/zhbirime-me-veshtrime\/"]}]},{"@type":"ImageObject","inLanguage":"sq-AL","@id":"https:\/\/fjala.info\/2009-2015\/zhbirime-me-veshtrime\/#primaryimage","url":"http:\/\/www.shkoder.net\/images\/fjala\/naser_aliu.jpg","contentUrl":"http:\/\/www.shkoder.net\/images\/fjala\/naser_aliu.jpg"},{"@type":"BreadcrumbList","@id":"https:\/\/fjala.info\/2009-2015\/zhbirime-me-veshtrime\/#breadcrumb","itemListElement":[{"@type":"ListItem","position":1,"name":"Home","item":"https:\/\/fjala.info\/2009-2015\/"},{"@type":"ListItem","position":2,"name":"Zhbirime me v\u00ebshtrime"}]},{"@type":"WebSite","@id":"https:\/\/fjala.info\/2009-2015\/#website","url":"https:\/\/fjala.info\/2009-2015\/","name":"FjALA e LIR\u00cb - Arkivi","description":"Arkivi 2009-2015","publisher":{"@id":"https:\/\/fjala.info\/2009-2015\/#organization"},"potentialAction":[{"@type":"SearchAction","target":{"@type":"EntryPoint","urlTemplate":"https:\/\/fjala.info\/2009-2015\/?s={search_term_string}"},"query-input":{"@type":"PropertyValueSpecification","valueRequired":true,"valueName":"search_term_string"}}],"inLanguage":"sq-AL"},{"@type":"Organization","@id":"https:\/\/fjala.info\/2009-2015\/#organization","name":"FjALA e LIR\u00cb - Arkivi","url":"https:\/\/fjala.info\/2009-2015\/","logo":{"@type":"ImageObject","inLanguage":"sq-AL","@id":"https:\/\/fjala.info\/2009-2015\/#\/schema\/logo\/image\/","url":"","contentUrl":"","caption":"FjALA e LIR\u00cb - Arkivi"},"image":{"@id":"https:\/\/fjala.info\/2009-2015\/#\/schema\/logo\/image\/"}},{"@type":"Person","@id":"https:\/\/fjala.info\/2009-2015\/#\/schema\/person\/3aa1163ef05469c496fc94e77611ada2","name":"admin","image":{"@type":"ImageObject","inLanguage":"sq-AL","@id":"https:\/\/fjala.info\/2009-2015\/wp-content\/uploads\/2012\/02\/arben_cokaj-120x150.jpg","url":"https:\/\/fjala.info\/2009-2015\/wp-content\/uploads\/2012\/02\/arben_cokaj-120x150.jpg","contentUrl":"https:\/\/fjala.info\/2009-2015\/wp-content\/uploads\/2012\/02\/arben_cokaj-120x150.jpg","caption":"admin"},"description":"Admin, Fjala e Lir\u00eb","sameAs":["https:\/\/fjala.info\/"],"url":"https:\/\/fjala.info\/2009-2015\/author\/admin\/"}]}},"_links":{"self":[{"href":"https:\/\/fjala.info\/2009-2015\/wp-json\/wp\/v2\/posts\/2144","targetHints":{"allow":["GET"]}}],"collection":[{"href":"https:\/\/fjala.info\/2009-2015\/wp-json\/wp\/v2\/posts"}],"about":[{"href":"https:\/\/fjala.info\/2009-2015\/wp-json\/wp\/v2\/types\/post"}],"author":[{"embeddable":true,"href":"https:\/\/fjala.info\/2009-2015\/wp-json\/wp\/v2\/users\/1"}],"replies":[{"embeddable":true,"href":"https:\/\/fjala.info\/2009-2015\/wp-json\/wp\/v2\/comments?post=2144"}],"version-history":[{"count":0,"href":"https:\/\/fjala.info\/2009-2015\/wp-json\/wp\/v2\/posts\/2144\/revisions"}],"wp:attachment":[{"href":"https:\/\/fjala.info\/2009-2015\/wp-json\/wp\/v2\/media?parent=2144"}],"wp:term":[{"taxonomy":"category","embeddable":true,"href":"https:\/\/fjala.info\/2009-2015\/wp-json\/wp\/v2\/categories?post=2144"},{"taxonomy":"post_tag","embeddable":true,"href":"https:\/\/fjala.info\/2009-2015\/wp-json\/wp\/v2\/tags?post=2144"}],"curies":[{"name":"wp","href":"https:\/\/api.w.org\/{rel}","templated":true}]}}