{"id":2133,"date":"2010-04-07T21:23:09","date_gmt":"2010-04-07T20:23:09","guid":{"rendered":"http:\/\/fjala.shkoder.net\/?p=2133"},"modified":"2010-04-07T21:23:09","modified_gmt":"2010-04-07T20:23:09","slug":"kriza-politike-dhe-amnezia-e-presidentit","status":"publish","type":"post","link":"https:\/\/fjala.info\/2009-2015\/kriza-politike-dhe-amnezia-e-presidentit\/","title":{"rendered":"Kriza politike dhe amnezia e Presidentit"},"content":{"rendered":"<p><img decoding=\"async\" style=\"margin-left: 10px; margin-right: 10px; border: 0px;\" src=\"http:\/\/www.shkoder.net\/images\/fjala\/skender_minxhozi.jpg\" border=\"0\" alt=\"Sk\u00ebnder Minxhozi\" width=\"100\" align=\"right\" \/><\/p>\n<p><strong>Sk\u00ebnder Minxhozi<\/strong><\/p>\n<p>Presidenti i Republik\u00ebs, Bamir Topi, po zhvillon aktualisht nj\u00eb vizit\u00eb zyrtare t\u00eb Gjermani. Nj\u00eb eveniment protokollar i r\u00ebnd\u00ebsish\u00ebm, po t\u00eb llogaris\u00ebsh se vizita e fundit e nj\u00eb kreu shteti n\u00eb k\u00ebt\u00eb vend \u00ebsht\u00eb zhvilluar n\u00eb vitin 1998. Para k\u00ebtij udh\u00ebtimi, gjat\u00eb jav\u00ebve t\u00eb fundit, Topi ka marr\u00eb pjes\u00eb gjithashtu n\u00eb lloj-lloj inaugurimesh, ceremoni dekorimi apo festa fetare. T\u00eb gjitha k\u00ebto me dalje publike, fjal\u00eb rasti apo prononcime p\u00ebr mediat. Deri k\u00ebtu asgj\u00eb p\u00ebr t\u2019u sh\u00ebnuar. Nj\u00eb axhend\u00eb normale e nj\u00eb figure t\u00eb lart\u00eb institucionale.<\/p>\n<p>Ajo q\u00eb t\u00eb habit n\u00eb k\u00ebt\u00eb qet\u00ebsi thuajse olimpike t\u00eb kreut t\u00eb shtetit, \u00ebsht\u00eb fakti q\u00eb tashm\u00eb ai, por edhe nivelet e tjera institucionale m\u00eb t\u00eb larta t\u00eb vendit, duken t\u00eb m\u00ebsuar me realitetin skandaloz t\u00eb kriz\u00ebs politike, e cila praktikisht mban t\u00eb paralizuar dhe n\u00eb llogoren e retorik\u00ebs s\u00eb skajshme t\u00eb gjith\u00eb vendin. Parlamenti \u00ebsht\u00eb gjysm\u00eb-bosh, qeveria p\u00ebrdoret p\u00ebr makijazh politik dhe si shkop gome kund\u00ebr opozit\u00ebs, administrata v\u00ebshtron e trembur dhe e paralizuar k\u00ebt\u00eb sherr tragjiko-komik, duke ulur automatikisht performanc\u00ebn dhe duke rritur abuzimin, pa llogaritur kriz\u00ebn ekonomike q\u00eb q\u00ebndron k\u00ebrc\u00ebnuese n\u00eb sfond, p\u00ebr sot dhe mbi t\u00eb gjitha p\u00ebr nes\u00ebr.<\/p>\n<p>Vet\u00ebm pak jav\u00eb m\u00eb par\u00eb, Presidenti Topi dukej si njeriu i shpres\u00ebs n\u00eb kaosin politik shqiptar. N\u00eb fillim t\u00eb shkurtit, Presidenti u shty (n\u00ebn presion dhe jo me vullnet t\u00eb lir\u00eb), q\u00eb t\u00eb organizoj\u00eb nj\u00eb tryez\u00eb mes liderit t\u00eb shumic\u00ebs dhe atij t\u00eb opozit\u00ebs. Duket sikur ka kaluar nj\u00eb shekull nga ajo dit\u00eb kur Tirana dhe Shqip\u00ebria mpreh\u00ebn vesh\u00ebt dhe syt\u00eb p\u00ebr t\u00eb d\u00ebgjuar e shikuar lajmin e mir\u00eb. Ashtu si\u00e7 pritej, asgj\u00eb nuk ndodhi, megjith\u00ebse Presidenti mori p\u00ebrsip\u00ebr t\u00eb mos dor\u00ebzohej nga d\u00ebshtimi i par\u00eb. Konsultimet do t\u00eb vazhdonin, sipas tij. Madje u caktuan formate dhe persona kontakti, q\u00eb do t\u00eb komunikonin me pal\u00ebt PD dhe PS.<\/p>\n<p>Sot, vet\u00ebm pas pak m\u00eb shum\u00eb se nj\u00eb muaji, duket sikur asgj\u00eb s\u2019ka ekzistuar. Asgj\u00eb s\u2019ka mbetur nga kjo superstruktur\u00eb, e cila u zhduk si mjegulla e m\u00ebngjesit. Berisha dhe Rama u jan\u00eb kthyer shesheve dhe zallamahis\u00eb, retorik\u00ebs s\u00eb luft\u00ebs dhe k\u00ebrc\u00ebnimeve q\u00eb nisin n\u00eb qend\u00ebr t\u00eb Tiran\u00ebs e p\u00ebrfundojn\u00eb n\u00eb Parlament. Kurse Bamir Topi duket se \u00ebsht\u00eb rikthyer n\u00eb jet\u00ebn e tij t\u00eb qet\u00eb prej kryetari t\u00eb nj\u00eb shteti t\u00eb rr\u00ebnuar, duke pritur e p\u00ebrcjell\u00eb njer\u00ebz dhe duke hedhur kalimthi para kamerave ndonj\u00eb fjal\u00eb p\u00ebr stabilitetin politik dhe nevoj\u00ebn e kompromisit.<\/p>\n<p>A \u00ebsht\u00eb e mjaftueshme kjo p\u00ebr nj\u00eb President? Natyrisht q\u00eb jo. Sidomos kur ka t\u00eb b\u00ebj\u00eb me nj\u00eb klas\u00eb politike (pjes\u00eb e s\u00eb cil\u00ebs ka qen\u00eb dhe vet\u00eb), e cila zanatin e luft\u00ebs e njeh shum\u00eb m\u00eb mir\u00eb se zejen e paqes. Bamir Topi \u00ebsht\u00eb dor\u00ebhequr tashm\u00eb nga roli i mediatorit t\u00eb kriz\u00ebs, e kjo \u00ebsht\u00eb p\u00ebr t\u00eb ardhur keq, sepse askush tjet\u00ebr m\u00eb shum\u00eb se ai nuk ndodhet n\u00eb pozicionin e arbitrit, t\u00eb t\u00eb baraslarguarit dhe t\u00eb drejtuesit t\u00eb lart\u00eb q\u00eb e ka p\u00ebr detyr\u00eb t\u00eb mos toleroj\u00eb nj\u00eb situat\u00eb q\u00eb ngadal\u00eb po rr\u00ebshqet jasht\u00eb kontrollit.<\/p>\n<p>Jo rast\u00ebsisht, n\u00eb shkurt, para se t\u00eb shkelnin Tiran\u00ebn, zyrtar\u00ebt e K\u00ebshillit t\u00eb Europ\u00ebs, e m\u00eb pas edhe p\u00ebrfaq\u00ebsues t\u00eb tjer\u00eb diplomatik\u00eb, identifikuan te kreu i shtetit pik\u00ebn fokale t\u00eb inicimit t\u00eb nj\u00eb kompromisi politik p\u00ebr t\u00eb zgjidhur kriz\u00ebn. Kjo p\u00ebrzgjedhje kishte dhe ka arsye t\u00eb sh\u00ebndosha p\u00ebr t\u00eb q\u00ebndruar m\u00eb k\u00ebmb\u00eb. N\u00eb kushtet kur qeveria \u00ebsht\u00eb pal\u00eb dhe kur Parlamenti trajtohet nga kryetarja e tij si t\u00eb ishte nj\u00eb deg\u00eb e Partis\u00eb Demokratike p\u00ebr Kurbinin, nd\u00ebrkomb\u00ebtar\u00ebt me t\u00eb drejt\u00eb kuptuan se presidenca ishte i vetmi institucion i l\u00ebn\u00eb m\u00ebnjan\u00eb gjat\u00eb muajve t\u00eb kriz\u00ebs mes mazhoranc\u00ebs dhe opozit\u00ebs.<\/p>\n<p>Statura publike e Bamir Topit dhe fakti q\u00eb ai shihej ftoht\u00eb nga ish-partia e tij dhe jo pa simpati nga ish-partia kund\u00ebrshtare, krijonte rreth tij at\u00eb lloj balance q\u00eb mungonte n\u00eb \u00e7do forum apo institucion tjet\u00ebr t\u00eb shtetit. N\u00ebse kishte dhe ka nj\u00eb godin\u00eb ku Berisha dhe Rama mund t\u00eb arrijn\u00eb nj\u00eb kompromis, kjo \u00ebsht\u00eb vet\u00ebm presidenca. \u00c7do pallat tjet\u00ebr institucional i Tiran\u00ebs \u00ebsht\u00eb i paragjykuar.<\/p>\n<p>Problemi kolektiv i yni \u00ebsht\u00eb se prej af\u00ebrsisht nj\u00ebzet vjet\u00ebsh, po m\u00ebsohemi me krizat, si fenomen bashkudh\u00ebtar i tranzicionit n\u00eb k\u00ebt\u00eb vend. Dikur ishin burgosjet e politikan\u00ebve, djegiet e gazetave, hapjet e depove t\u00eb arm\u00ebve dhe falimentimet e piramidave. Sot jan\u00eb s\u00ebrish problemet me zgjedhjet dhe tendencat autoritare t\u00eb qeveris\u00ebsve, n\u00eb qend\u00ebr t\u00eb amullis\u00eb politike e sociale n\u00eb Shqip\u00ebri. Duket sikur ky vend ka diku di\u00e7ka q\u00eb s\u2019shkon, di\u00e7ka q\u00eb \u00ebsht\u00eb kurdisur keq qysh n\u00eb krye t\u00eb rrug\u00ebs, si ajo k\u00ebmisha s\u00eb cil\u00ebs ia kemi mb\u00ebrthyer gabim kops\u00ebn e par\u00eb.<\/p>\n<p>Dhe problemi \u00ebsht\u00eb se pakkush ka vullnetin q\u00eb t\u00eb ngrihet seriozisht kund\u00ebr k\u00ebtij pajtimi me t\u00eb keqen. N\u00eb horizont, gjat\u00eb vitit 2010 ndodhet liberalizimi i vizave dhe ecuria e statusit t\u00eb vendit kandidat p\u00ebr n\u00eb BE. Gjithashtu n\u00eb axhend\u00eb jan\u00eb edhe zgjedhjet e ardhshme lokale. Ashtu si\u00e7 po zhvillohen ngjarjet n\u00eb sken\u00ebn politike, do t\u00eb jet\u00eb shum\u00eb e v\u00ebshtir\u00eb q\u00eb ta kalojm\u00eb pragun e Brukselit, me thesin e krizave mbi shpin\u00eb. Europian\u00ebt s\u2019kan\u00eb \u00e7\u2019i duan ngat\u00ebrrestar\u00ebt q\u00eb prej 20 vjet\u00ebsh s\u2019b\u00ebjn\u00eb dot zgjedhje n\u00eb sht\u00ebpin\u00eb e tyre. Nj\u00eb shtet me nj\u00eb imazh t\u00eb till\u00eb \u00ebsht\u00eb si ai palombari me k\u00ebpuc\u00eb plumbi q\u00eb nuk noton dot nga pesha e r\u00ebnd\u00eb e uniform\u00ebs q\u00eb ka veshur.<\/p>\n<p>Kreu i shtetit vijon t\u00eb jet\u00eb sot, edhe pas d\u00ebshtimit t\u00eb demarshit t\u00eb par\u00eb n\u00eb shkurt, i vetmi person dhe personalitet institucional, q\u00eb mund t\u00eb tentoj\u00eb t\u2019i afroj\u00eb dhe nj\u00eb her\u00eb pal\u00ebt, para se komedia politike shqiptare t\u00eb na b\u00ebj\u00eb p\u00ebrfundimisht qesharak\u00eb n\u00eb syt\u00eb e bot\u00ebs dhe para se ajo t\u00eb shkaktoj\u00eb t\u00eb tjera vuajtje n\u00eb planin e brendsh\u00ebm. Bamir Topi mori angazhime serioze n\u00eb fillim t\u00eb k\u00ebtij viti. Ai nuk ka pse i harron ato, sepse n\u00ebse kjo ndodh, shteti shqiptar (dhe jo zoti Topi), do t\u00eb ket\u00eb dh\u00ebn\u00eb edhe nj\u00eb prov\u00eb tjet\u00ebr se ne jemi t\u00eb papjekur, t\u00eb padenj\u00eb dhe jo t\u00eb gatsh\u00ebm p\u00ebr t\u00eb shkuar atje ku jemi nisur qysh n\u00eb vitin e larg\u00ebt 1990.<\/p>\n","protected":false},"excerpt":{"rendered":"<p>Sk\u00ebnder Minxhozi Presidenti i Republik\u00ebs, Bamir Topi, po zhvillon aktualisht nj\u00eb vizit\u00eb zyrtare t\u00eb Gjermani. Nj\u00eb eveniment protokollar i r\u00ebnd\u00ebsish\u00ebm, po t\u00eb llogaris\u00ebsh se vizita e fundit e nj\u00eb kreu shteti n\u00eb k\u00ebt\u00eb vend \u00ebsht\u00eb zhvilluar n\u00eb vitin 1998. Para k\u00ebtij udh\u00ebtimi, gjat\u00eb jav\u00ebve t\u00eb fundit, Topi ka marr\u00eb pjes\u00eb gjithashtu n\u00eb lloj-lloj inaugurimesh, ceremoni [&hellip;]<\/p>\n","protected":false},"author":1,"featured_media":0,"comment_status":"open","ping_status":"closed","sticky":false,"template":"","format":"standard","meta":{"footnotes":""},"categories":[2],"tags":[],"class_list":{"0":"post-2133","1":"post","2":"type-post","3":"status-publish","4":"format-standard","6":"category-artikuj"},"yoast_head":"<!-- This site is optimized with the Yoast SEO plugin v27.4 - https:\/\/yoast.com\/product\/yoast-seo-wordpress\/ -->\n<title>Kriza politike dhe amnezia e Presidentit - FjALA e LIR\u00cb - Arkivi<\/title>\n<meta name=\"robots\" content=\"index, follow, max-snippet:-1, max-image-preview:large, max-video-preview:-1\" \/>\n<link rel=\"canonical\" href=\"https:\/\/fjala.info\/2009-2015\/kriza-politike-dhe-amnezia-e-presidentit\/\" \/>\n<meta property=\"og:locale\" content=\"sq_AL\" \/>\n<meta property=\"og:type\" content=\"article\" \/>\n<meta property=\"og:title\" content=\"Kriza politike dhe amnezia e Presidentit - FjALA e LIR\u00cb - Arkivi\" \/>\n<meta property=\"og:description\" content=\"Sk\u00ebnder Minxhozi Presidenti i Republik\u00ebs, Bamir Topi, po zhvillon aktualisht nj\u00eb vizit\u00eb zyrtare t\u00eb Gjermani. Nj\u00eb eveniment protokollar i r\u00ebnd\u00ebsish\u00ebm, po t\u00eb llogaris\u00ebsh se vizita e fundit e nj\u00eb kreu shteti n\u00eb k\u00ebt\u00eb vend \u00ebsht\u00eb zhvilluar n\u00eb vitin 1998. Para k\u00ebtij udh\u00ebtimi, gjat\u00eb jav\u00ebve t\u00eb fundit, Topi ka marr\u00eb pjes\u00eb gjithashtu n\u00eb lloj-lloj inaugurimesh, ceremoni [&hellip;]\" \/>\n<meta property=\"og:url\" content=\"https:\/\/fjala.info\/2009-2015\/kriza-politike-dhe-amnezia-e-presidentit\/\" \/>\n<meta property=\"og:site_name\" content=\"FjALA e LIR\u00cb - Arkivi\" \/>\n<meta property=\"article:published_time\" content=\"2010-04-07T20:23:09+00:00\" \/>\n<meta property=\"og:image\" content=\"http:\/\/www.shkoder.net\/images\/fjala\/skender_minxhozi.jpg\" \/>\n<meta name=\"author\" content=\"admin\" \/>\n<meta name=\"twitter:card\" content=\"summary_large_image\" \/>\n<meta name=\"twitter:label1\" content=\"Written by\" \/>\n\t<meta name=\"twitter:data1\" content=\"admin\" \/>\n\t<meta name=\"twitter:label2\" content=\"Est. reading time\" \/>\n\t<meta name=\"twitter:data2\" content=\"6 minutes\" \/>\n<script type=\"application\/ld+json\" class=\"yoast-schema-graph\">{\"@context\":\"https:\\\/\\\/schema.org\",\"@graph\":[{\"@type\":\"Article\",\"@id\":\"https:\\\/\\\/fjala.info\\\/2009-2015\\\/kriza-politike-dhe-amnezia-e-presidentit\\\/#article\",\"isPartOf\":{\"@id\":\"https:\\\/\\\/fjala.info\\\/2009-2015\\\/kriza-politike-dhe-amnezia-e-presidentit\\\/\"},\"author\":{\"name\":\"admin\",\"@id\":\"https:\\\/\\\/fjala.info\\\/2009-2015\\\/#\\\/schema\\\/person\\\/3aa1163ef05469c496fc94e77611ada2\"},\"headline\":\"Kriza politike dhe amnezia e Presidentit\",\"datePublished\":\"2010-04-07T20:23:09+00:00\",\"mainEntityOfPage\":{\"@id\":\"https:\\\/\\\/fjala.info\\\/2009-2015\\\/kriza-politike-dhe-amnezia-e-presidentit\\\/\"},\"wordCount\":1133,\"commentCount\":0,\"publisher\":{\"@id\":\"https:\\\/\\\/fjala.info\\\/2009-2015\\\/#organization\"},\"image\":{\"@id\":\"https:\\\/\\\/fjala.info\\\/2009-2015\\\/kriza-politike-dhe-amnezia-e-presidentit\\\/#primaryimage\"},\"thumbnailUrl\":\"http:\\\/\\\/www.shkoder.net\\\/images\\\/fjala\\\/skender_minxhozi.jpg\",\"articleSection\":[\"Artikuj\"],\"inLanguage\":\"sq-AL\",\"potentialAction\":[{\"@type\":\"CommentAction\",\"name\":\"Comment\",\"target\":[\"https:\\\/\\\/fjala.info\\\/2009-2015\\\/kriza-politike-dhe-amnezia-e-presidentit\\\/#respond\"]}]},{\"@type\":\"WebPage\",\"@id\":\"https:\\\/\\\/fjala.info\\\/2009-2015\\\/kriza-politike-dhe-amnezia-e-presidentit\\\/\",\"url\":\"https:\\\/\\\/fjala.info\\\/2009-2015\\\/kriza-politike-dhe-amnezia-e-presidentit\\\/\",\"name\":\"Kriza politike dhe amnezia e Presidentit - FjALA e LIR\u00cb - Arkivi\",\"isPartOf\":{\"@id\":\"https:\\\/\\\/fjala.info\\\/2009-2015\\\/#website\"},\"primaryImageOfPage\":{\"@id\":\"https:\\\/\\\/fjala.info\\\/2009-2015\\\/kriza-politike-dhe-amnezia-e-presidentit\\\/#primaryimage\"},\"image\":{\"@id\":\"https:\\\/\\\/fjala.info\\\/2009-2015\\\/kriza-politike-dhe-amnezia-e-presidentit\\\/#primaryimage\"},\"thumbnailUrl\":\"http:\\\/\\\/www.shkoder.net\\\/images\\\/fjala\\\/skender_minxhozi.jpg\",\"datePublished\":\"2010-04-07T20:23:09+00:00\",\"breadcrumb\":{\"@id\":\"https:\\\/\\\/fjala.info\\\/2009-2015\\\/kriza-politike-dhe-amnezia-e-presidentit\\\/#breadcrumb\"},\"inLanguage\":\"sq-AL\",\"potentialAction\":[{\"@type\":\"ReadAction\",\"target\":[\"https:\\\/\\\/fjala.info\\\/2009-2015\\\/kriza-politike-dhe-amnezia-e-presidentit\\\/\"]}]},{\"@type\":\"ImageObject\",\"inLanguage\":\"sq-AL\",\"@id\":\"https:\\\/\\\/fjala.info\\\/2009-2015\\\/kriza-politike-dhe-amnezia-e-presidentit\\\/#primaryimage\",\"url\":\"http:\\\/\\\/www.shkoder.net\\\/images\\\/fjala\\\/skender_minxhozi.jpg\",\"contentUrl\":\"http:\\\/\\\/www.shkoder.net\\\/images\\\/fjala\\\/skender_minxhozi.jpg\"},{\"@type\":\"BreadcrumbList\",\"@id\":\"https:\\\/\\\/fjala.info\\\/2009-2015\\\/kriza-politike-dhe-amnezia-e-presidentit\\\/#breadcrumb\",\"itemListElement\":[{\"@type\":\"ListItem\",\"position\":1,\"name\":\"Home\",\"item\":\"https:\\\/\\\/fjala.info\\\/2009-2015\\\/\"},{\"@type\":\"ListItem\",\"position\":2,\"name\":\"Kriza politike dhe amnezia e Presidentit\"}]},{\"@type\":\"WebSite\",\"@id\":\"https:\\\/\\\/fjala.info\\\/2009-2015\\\/#website\",\"url\":\"https:\\\/\\\/fjala.info\\\/2009-2015\\\/\",\"name\":\"FjALA e LIR\u00cb - Arkivi\",\"description\":\"Arkivi 2009-2015\",\"publisher\":{\"@id\":\"https:\\\/\\\/fjala.info\\\/2009-2015\\\/#organization\"},\"potentialAction\":[{\"@type\":\"SearchAction\",\"target\":{\"@type\":\"EntryPoint\",\"urlTemplate\":\"https:\\\/\\\/fjala.info\\\/2009-2015\\\/?s={search_term_string}\"},\"query-input\":{\"@type\":\"PropertyValueSpecification\",\"valueRequired\":true,\"valueName\":\"search_term_string\"}}],\"inLanguage\":\"sq-AL\"},{\"@type\":\"Organization\",\"@id\":\"https:\\\/\\\/fjala.info\\\/2009-2015\\\/#organization\",\"name\":\"FjALA e LIR\u00cb - Arkivi\",\"url\":\"https:\\\/\\\/fjala.info\\\/2009-2015\\\/\",\"logo\":{\"@type\":\"ImageObject\",\"inLanguage\":\"sq-AL\",\"@id\":\"https:\\\/\\\/fjala.info\\\/2009-2015\\\/#\\\/schema\\\/logo\\\/image\\\/\",\"url\":\"\",\"contentUrl\":\"\",\"caption\":\"FjALA e LIR\u00cb - Arkivi\"},\"image\":{\"@id\":\"https:\\\/\\\/fjala.info\\\/2009-2015\\\/#\\\/schema\\\/logo\\\/image\\\/\"}},{\"@type\":\"Person\",\"@id\":\"https:\\\/\\\/fjala.info\\\/2009-2015\\\/#\\\/schema\\\/person\\\/3aa1163ef05469c496fc94e77611ada2\",\"name\":\"admin\",\"image\":{\"@type\":\"ImageObject\",\"inLanguage\":\"sq-AL\",\"@id\":\"https:\\\/\\\/fjala.info\\\/2009-2015\\\/wp-content\\\/uploads\\\/2012\\\/02\\\/arben_cokaj-120x150.jpg\",\"url\":\"https:\\\/\\\/fjala.info\\\/2009-2015\\\/wp-content\\\/uploads\\\/2012\\\/02\\\/arben_cokaj-120x150.jpg\",\"contentUrl\":\"https:\\\/\\\/fjala.info\\\/2009-2015\\\/wp-content\\\/uploads\\\/2012\\\/02\\\/arben_cokaj-120x150.jpg\",\"caption\":\"admin\"},\"description\":\"Admin, Fjala e Lir\u00eb\",\"sameAs\":[\"https:\\\/\\\/fjala.info\\\/\"],\"url\":\"https:\\\/\\\/fjala.info\\\/2009-2015\\\/author\\\/admin\\\/\"}]}<\/script>\n<!-- \/ Yoast SEO plugin. -->","yoast_head_json":{"title":"Kriza politike dhe amnezia e Presidentit - FjALA e LIR\u00cb - Arkivi","robots":{"index":"index","follow":"follow","max-snippet":"max-snippet:-1","max-image-preview":"max-image-preview:large","max-video-preview":"max-video-preview:-1"},"canonical":"https:\/\/fjala.info\/2009-2015\/kriza-politike-dhe-amnezia-e-presidentit\/","og_locale":"sq_AL","og_type":"article","og_title":"Kriza politike dhe amnezia e Presidentit - FjALA e LIR\u00cb - Arkivi","og_description":"Sk\u00ebnder Minxhozi Presidenti i Republik\u00ebs, Bamir Topi, po zhvillon aktualisht nj\u00eb vizit\u00eb zyrtare t\u00eb Gjermani. Nj\u00eb eveniment protokollar i r\u00ebnd\u00ebsish\u00ebm, po t\u00eb llogaris\u00ebsh se vizita e fundit e nj\u00eb kreu shteti n\u00eb k\u00ebt\u00eb vend \u00ebsht\u00eb zhvilluar n\u00eb vitin 1998. Para k\u00ebtij udh\u00ebtimi, gjat\u00eb jav\u00ebve t\u00eb fundit, Topi ka marr\u00eb pjes\u00eb gjithashtu n\u00eb lloj-lloj inaugurimesh, ceremoni [&hellip;]","og_url":"https:\/\/fjala.info\/2009-2015\/kriza-politike-dhe-amnezia-e-presidentit\/","og_site_name":"FjALA e LIR\u00cb - Arkivi","article_published_time":"2010-04-07T20:23:09+00:00","og_image":[{"url":"http:\/\/www.shkoder.net\/images\/fjala\/skender_minxhozi.jpg","type":"","width":"","height":""}],"author":"admin","twitter_card":"summary_large_image","twitter_misc":{"Written by":"admin","Est. reading time":"6 minutes"},"schema":{"@context":"https:\/\/schema.org","@graph":[{"@type":"Article","@id":"https:\/\/fjala.info\/2009-2015\/kriza-politike-dhe-amnezia-e-presidentit\/#article","isPartOf":{"@id":"https:\/\/fjala.info\/2009-2015\/kriza-politike-dhe-amnezia-e-presidentit\/"},"author":{"name":"admin","@id":"https:\/\/fjala.info\/2009-2015\/#\/schema\/person\/3aa1163ef05469c496fc94e77611ada2"},"headline":"Kriza politike dhe amnezia e Presidentit","datePublished":"2010-04-07T20:23:09+00:00","mainEntityOfPage":{"@id":"https:\/\/fjala.info\/2009-2015\/kriza-politike-dhe-amnezia-e-presidentit\/"},"wordCount":1133,"commentCount":0,"publisher":{"@id":"https:\/\/fjala.info\/2009-2015\/#organization"},"image":{"@id":"https:\/\/fjala.info\/2009-2015\/kriza-politike-dhe-amnezia-e-presidentit\/#primaryimage"},"thumbnailUrl":"http:\/\/www.shkoder.net\/images\/fjala\/skender_minxhozi.jpg","articleSection":["Artikuj"],"inLanguage":"sq-AL","potentialAction":[{"@type":"CommentAction","name":"Comment","target":["https:\/\/fjala.info\/2009-2015\/kriza-politike-dhe-amnezia-e-presidentit\/#respond"]}]},{"@type":"WebPage","@id":"https:\/\/fjala.info\/2009-2015\/kriza-politike-dhe-amnezia-e-presidentit\/","url":"https:\/\/fjala.info\/2009-2015\/kriza-politike-dhe-amnezia-e-presidentit\/","name":"Kriza politike dhe amnezia e Presidentit - FjALA e LIR\u00cb - Arkivi","isPartOf":{"@id":"https:\/\/fjala.info\/2009-2015\/#website"},"primaryImageOfPage":{"@id":"https:\/\/fjala.info\/2009-2015\/kriza-politike-dhe-amnezia-e-presidentit\/#primaryimage"},"image":{"@id":"https:\/\/fjala.info\/2009-2015\/kriza-politike-dhe-amnezia-e-presidentit\/#primaryimage"},"thumbnailUrl":"http:\/\/www.shkoder.net\/images\/fjala\/skender_minxhozi.jpg","datePublished":"2010-04-07T20:23:09+00:00","breadcrumb":{"@id":"https:\/\/fjala.info\/2009-2015\/kriza-politike-dhe-amnezia-e-presidentit\/#breadcrumb"},"inLanguage":"sq-AL","potentialAction":[{"@type":"ReadAction","target":["https:\/\/fjala.info\/2009-2015\/kriza-politike-dhe-amnezia-e-presidentit\/"]}]},{"@type":"ImageObject","inLanguage":"sq-AL","@id":"https:\/\/fjala.info\/2009-2015\/kriza-politike-dhe-amnezia-e-presidentit\/#primaryimage","url":"http:\/\/www.shkoder.net\/images\/fjala\/skender_minxhozi.jpg","contentUrl":"http:\/\/www.shkoder.net\/images\/fjala\/skender_minxhozi.jpg"},{"@type":"BreadcrumbList","@id":"https:\/\/fjala.info\/2009-2015\/kriza-politike-dhe-amnezia-e-presidentit\/#breadcrumb","itemListElement":[{"@type":"ListItem","position":1,"name":"Home","item":"https:\/\/fjala.info\/2009-2015\/"},{"@type":"ListItem","position":2,"name":"Kriza politike dhe amnezia e Presidentit"}]},{"@type":"WebSite","@id":"https:\/\/fjala.info\/2009-2015\/#website","url":"https:\/\/fjala.info\/2009-2015\/","name":"FjALA e LIR\u00cb - Arkivi","description":"Arkivi 2009-2015","publisher":{"@id":"https:\/\/fjala.info\/2009-2015\/#organization"},"potentialAction":[{"@type":"SearchAction","target":{"@type":"EntryPoint","urlTemplate":"https:\/\/fjala.info\/2009-2015\/?s={search_term_string}"},"query-input":{"@type":"PropertyValueSpecification","valueRequired":true,"valueName":"search_term_string"}}],"inLanguage":"sq-AL"},{"@type":"Organization","@id":"https:\/\/fjala.info\/2009-2015\/#organization","name":"FjALA e LIR\u00cb - Arkivi","url":"https:\/\/fjala.info\/2009-2015\/","logo":{"@type":"ImageObject","inLanguage":"sq-AL","@id":"https:\/\/fjala.info\/2009-2015\/#\/schema\/logo\/image\/","url":"","contentUrl":"","caption":"FjALA e LIR\u00cb - Arkivi"},"image":{"@id":"https:\/\/fjala.info\/2009-2015\/#\/schema\/logo\/image\/"}},{"@type":"Person","@id":"https:\/\/fjala.info\/2009-2015\/#\/schema\/person\/3aa1163ef05469c496fc94e77611ada2","name":"admin","image":{"@type":"ImageObject","inLanguage":"sq-AL","@id":"https:\/\/fjala.info\/2009-2015\/wp-content\/uploads\/2012\/02\/arben_cokaj-120x150.jpg","url":"https:\/\/fjala.info\/2009-2015\/wp-content\/uploads\/2012\/02\/arben_cokaj-120x150.jpg","contentUrl":"https:\/\/fjala.info\/2009-2015\/wp-content\/uploads\/2012\/02\/arben_cokaj-120x150.jpg","caption":"admin"},"description":"Admin, Fjala e Lir\u00eb","sameAs":["https:\/\/fjala.info\/"],"url":"https:\/\/fjala.info\/2009-2015\/author\/admin\/"}]}},"_links":{"self":[{"href":"https:\/\/fjala.info\/2009-2015\/wp-json\/wp\/v2\/posts\/2133","targetHints":{"allow":["GET"]}}],"collection":[{"href":"https:\/\/fjala.info\/2009-2015\/wp-json\/wp\/v2\/posts"}],"about":[{"href":"https:\/\/fjala.info\/2009-2015\/wp-json\/wp\/v2\/types\/post"}],"author":[{"embeddable":true,"href":"https:\/\/fjala.info\/2009-2015\/wp-json\/wp\/v2\/users\/1"}],"replies":[{"embeddable":true,"href":"https:\/\/fjala.info\/2009-2015\/wp-json\/wp\/v2\/comments?post=2133"}],"version-history":[{"count":0,"href":"https:\/\/fjala.info\/2009-2015\/wp-json\/wp\/v2\/posts\/2133\/revisions"}],"wp:attachment":[{"href":"https:\/\/fjala.info\/2009-2015\/wp-json\/wp\/v2\/media?parent=2133"}],"wp:term":[{"taxonomy":"category","embeddable":true,"href":"https:\/\/fjala.info\/2009-2015\/wp-json\/wp\/v2\/categories?post=2133"},{"taxonomy":"post_tag","embeddable":true,"href":"https:\/\/fjala.info\/2009-2015\/wp-json\/wp\/v2\/tags?post=2133"}],"curies":[{"name":"wp","href":"https:\/\/api.w.org\/{rel}","templated":true}]}}