{"id":213,"date":"2011-11-17T20:59:47","date_gmt":"2011-11-17T19:59:47","guid":{"rendered":"http:\/\/fjala.shkoder.net\/?p=213"},"modified":"2011-11-17T20:59:47","modified_gmt":"2011-11-17T19:59:47","slug":"ben-blushi-sali-berisha-eshte-nje-qenie-banale","status":"publish","type":"post","link":"https:\/\/fjala.info\/2009-2015\/ben-blushi-sali-berisha-eshte-nje-qenie-banale\/","title":{"rendered":"Ben Blushi: Sali Berisha \u00ebsht\u00eb nj\u00eb q\u00ebnie banale"},"content":{"rendered":"<p><img decoding=\"async\" class=\"alignright size-thumbnail wp-image-7236\" title=\"Blushi - Frangaj - Berisha - Mediu\" src=\"http:\/\/www.shkoder.net\/images\/fjala\/2011\/blushi_frangaj_berisha_mediu.jpg\" alt=\"\" width=\"300\" \/> <strong>TemA Online<\/strong>, <em>17 N\u00ebntor 2011<\/em><\/p>\n<p><strong>Ben Blushi<\/strong> ka qen\u00eb i ftuar nga <em>Alfred Peza<\/em> n\u00eb programin e vet n\u00eb <em>Vizion Plus<\/em>, dhe me \u00e7\u2019u duk nga intervista, ka pasur nj\u00eb marr\u00ebveshje mes t\u00eb dyve p\u00ebr t\u2019mos folur p\u00ebr politik\u00eb. Por p\u00ebr politik\u00eb \u00ebsht\u00eb folur, prap\u00ebseprap\u00eb. Dhe n\u00eb nj\u00eb moment, Blushit i \u00ebsht\u00eb k\u00ebrkuar t\u00eb komentoj\u00eb komentet e kryeministrit Berisha lidhur me librat e Ram\u00ebs e t\u00eb tijat, e me nj\u00eb si rivalitet t\u00eb natyr\u00ebs artistike q\u00eb ezgiston mes tyre.<\/p>\n<p>N\u00eb k\u00ebt\u00eb pik\u00eb Blushi nuk i rezistoi ngasjes p\u00ebr ta shqepur goj\u00ebn (<em>ka koh\u00eb q\u00eb e mban t\u00eb qepur<\/em>): \u201c<em>Nuk kam asnj\u00eb koment p\u00ebr k\u00ebt\u00eb njeri\u2026 Koh\u00ebt e fundit, por edhe n\u00eb p\u00ebrgjith\u00ebsi, i b\u00ebj nj\u00eb pyetje vetes dhe them se si ka mund\u00ebsi q\u00eb nj\u00eb burr\u00eb n\u00eb k\u00ebt\u00eb mosh\u00eb, t\u00eb jet\u00eb kaq banal. \u00c7far\u00eb nevoje ka p\u00ebr t\u00eb qen\u00eb banal?<\/em><\/p>\n<p><em>Dhe mendoj q\u00eb banaliteti i Sali Berish\u00ebs \u00ebsht\u00eb nj\u00eb gj\u00eb e padurueshme. Banalitetin ai nuk e kuron dot, jeton n\u00eb banalitet, ndaj dhe nuk dua ta komentoj fare. Mund t\u00eb b\u00ebja batuta pa fund me Sali Berish\u00ebn, p\u00ebr t\u00eb mbushur edhe faqet e gazetave dhe n\u00eb disa raste edhe e kam b\u00ebr\u00eb, por nuk m\u00eb intereson sepse banaliteti \u00ebsht\u00eb gj\u00ebja nga e cila kam filluar t\u00eb kem neveri<\/em>.\u201d<\/p>\n<p><strong>respublica.al<\/strong><\/p>\n","protected":false},"excerpt":{"rendered":"<p>TemA Online, 17 N\u00ebntor 2011 Ben Blushi ka qen\u00eb i ftuar nga Alfred Peza n\u00eb programin e vet n\u00eb Vizion Plus, dhe me \u00e7\u2019u duk nga intervista, ka pasur nj\u00eb marr\u00ebveshje mes t\u00eb dyve p\u00ebr t\u2019mos folur p\u00ebr politik\u00eb. Por p\u00ebr politik\u00eb \u00ebsht\u00eb folur, prap\u00ebseprap\u00eb. Dhe n\u00eb nj\u00eb moment, Blushit i \u00ebsht\u00eb k\u00ebrkuar t\u00eb komentoj\u00eb [&hellip;]<\/p>\n","protected":false},"author":1,"featured_media":0,"comment_status":"open","ping_status":"closed","sticky":false,"template":"","format":"standard","meta":{"footnotes":""},"categories":[5],"tags":[],"class_list":{"0":"post-213","1":"post","2":"type-post","3":"status-publish","4":"format-standard","6":"category-lajme"},"yoast_head":"<!-- This site is optimized with the Yoast SEO plugin v27.4 - https:\/\/yoast.com\/product\/yoast-seo-wordpress\/ -->\n<title>Ben Blushi: Sali Berisha \u00ebsht\u00eb nj\u00eb q\u00ebnie banale - FjALA e LIR\u00cb - Arkivi<\/title>\n<meta name=\"robots\" content=\"index, follow, max-snippet:-1, max-image-preview:large, max-video-preview:-1\" \/>\n<link rel=\"canonical\" href=\"https:\/\/fjala.info\/2009-2015\/ben-blushi-sali-berisha-eshte-nje-qenie-banale\/\" \/>\n<meta property=\"og:locale\" content=\"sq_AL\" \/>\n<meta property=\"og:type\" content=\"article\" \/>\n<meta property=\"og:title\" content=\"Ben Blushi: Sali Berisha \u00ebsht\u00eb nj\u00eb q\u00ebnie banale - FjALA e LIR\u00cb - Arkivi\" \/>\n<meta property=\"og:description\" content=\"TemA Online, 17 N\u00ebntor 2011 Ben Blushi ka qen\u00eb i ftuar nga Alfred Peza n\u00eb programin e vet n\u00eb Vizion Plus, dhe me \u00e7\u2019u duk nga intervista, ka pasur nj\u00eb marr\u00ebveshje mes t\u00eb dyve p\u00ebr t\u2019mos folur p\u00ebr politik\u00eb. Por p\u00ebr politik\u00eb \u00ebsht\u00eb folur, prap\u00ebseprap\u00eb. Dhe n\u00eb nj\u00eb moment, Blushit i \u00ebsht\u00eb k\u00ebrkuar t\u00eb komentoj\u00eb [&hellip;]\" \/>\n<meta property=\"og:url\" content=\"https:\/\/fjala.info\/2009-2015\/ben-blushi-sali-berisha-eshte-nje-qenie-banale\/\" \/>\n<meta property=\"og:site_name\" content=\"FjALA e LIR\u00cb - Arkivi\" \/>\n<meta property=\"article:published_time\" content=\"2011-11-17T19:59:47+00:00\" \/>\n<meta property=\"og:image\" content=\"http:\/\/www.shkoder.net\/images\/fjala\/2011\/blushi_frangaj_berisha_mediu.jpg\" \/>\n<meta name=\"author\" content=\"admin\" \/>\n<meta name=\"twitter:card\" content=\"summary_large_image\" \/>\n<meta name=\"twitter:label1\" content=\"Written by\" \/>\n\t<meta name=\"twitter:data1\" content=\"admin\" \/>\n\t<meta name=\"twitter:label2\" content=\"Est. reading time\" \/>\n\t<meta name=\"twitter:data2\" content=\"1 minute\" \/>\n<script type=\"application\/ld+json\" class=\"yoast-schema-graph\">{\"@context\":\"https:\\\/\\\/schema.org\",\"@graph\":[{\"@type\":\"Article\",\"@id\":\"https:\\\/\\\/fjala.info\\\/2009-2015\\\/ben-blushi-sali-berisha-eshte-nje-qenie-banale\\\/#article\",\"isPartOf\":{\"@id\":\"https:\\\/\\\/fjala.info\\\/2009-2015\\\/ben-blushi-sali-berisha-eshte-nje-qenie-banale\\\/\"},\"author\":{\"name\":\"admin\",\"@id\":\"https:\\\/\\\/fjala.info\\\/2009-2015\\\/#\\\/schema\\\/person\\\/3aa1163ef05469c496fc94e77611ada2\"},\"headline\":\"Ben Blushi: Sali Berisha \u00ebsht\u00eb nj\u00eb q\u00ebnie banale\",\"datePublished\":\"2011-11-17T19:59:47+00:00\",\"mainEntityOfPage\":{\"@id\":\"https:\\\/\\\/fjala.info\\\/2009-2015\\\/ben-blushi-sali-berisha-eshte-nje-qenie-banale\\\/\"},\"wordCount\":245,\"commentCount\":0,\"publisher\":{\"@id\":\"https:\\\/\\\/fjala.info\\\/2009-2015\\\/#organization\"},\"image\":{\"@id\":\"https:\\\/\\\/fjala.info\\\/2009-2015\\\/ben-blushi-sali-berisha-eshte-nje-qenie-banale\\\/#primaryimage\"},\"thumbnailUrl\":\"http:\\\/\\\/www.shkoder.net\\\/images\\\/fjala\\\/2011\\\/blushi_frangaj_berisha_mediu.jpg\",\"articleSection\":[\"Lajme\"],\"inLanguage\":\"sq-AL\",\"potentialAction\":[{\"@type\":\"CommentAction\",\"name\":\"Comment\",\"target\":[\"https:\\\/\\\/fjala.info\\\/2009-2015\\\/ben-blushi-sali-berisha-eshte-nje-qenie-banale\\\/#respond\"]}]},{\"@type\":\"WebPage\",\"@id\":\"https:\\\/\\\/fjala.info\\\/2009-2015\\\/ben-blushi-sali-berisha-eshte-nje-qenie-banale\\\/\",\"url\":\"https:\\\/\\\/fjala.info\\\/2009-2015\\\/ben-blushi-sali-berisha-eshte-nje-qenie-banale\\\/\",\"name\":\"Ben Blushi: Sali Berisha \u00ebsht\u00eb nj\u00eb q\u00ebnie banale - FjALA e LIR\u00cb - Arkivi\",\"isPartOf\":{\"@id\":\"https:\\\/\\\/fjala.info\\\/2009-2015\\\/#website\"},\"primaryImageOfPage\":{\"@id\":\"https:\\\/\\\/fjala.info\\\/2009-2015\\\/ben-blushi-sali-berisha-eshte-nje-qenie-banale\\\/#primaryimage\"},\"image\":{\"@id\":\"https:\\\/\\\/fjala.info\\\/2009-2015\\\/ben-blushi-sali-berisha-eshte-nje-qenie-banale\\\/#primaryimage\"},\"thumbnailUrl\":\"http:\\\/\\\/www.shkoder.net\\\/images\\\/fjala\\\/2011\\\/blushi_frangaj_berisha_mediu.jpg\",\"datePublished\":\"2011-11-17T19:59:47+00:00\",\"breadcrumb\":{\"@id\":\"https:\\\/\\\/fjala.info\\\/2009-2015\\\/ben-blushi-sali-berisha-eshte-nje-qenie-banale\\\/#breadcrumb\"},\"inLanguage\":\"sq-AL\",\"potentialAction\":[{\"@type\":\"ReadAction\",\"target\":[\"https:\\\/\\\/fjala.info\\\/2009-2015\\\/ben-blushi-sali-berisha-eshte-nje-qenie-banale\\\/\"]}]},{\"@type\":\"ImageObject\",\"inLanguage\":\"sq-AL\",\"@id\":\"https:\\\/\\\/fjala.info\\\/2009-2015\\\/ben-blushi-sali-berisha-eshte-nje-qenie-banale\\\/#primaryimage\",\"url\":\"http:\\\/\\\/www.shkoder.net\\\/images\\\/fjala\\\/2011\\\/blushi_frangaj_berisha_mediu.jpg\",\"contentUrl\":\"http:\\\/\\\/www.shkoder.net\\\/images\\\/fjala\\\/2011\\\/blushi_frangaj_berisha_mediu.jpg\"},{\"@type\":\"BreadcrumbList\",\"@id\":\"https:\\\/\\\/fjala.info\\\/2009-2015\\\/ben-blushi-sali-berisha-eshte-nje-qenie-banale\\\/#breadcrumb\",\"itemListElement\":[{\"@type\":\"ListItem\",\"position\":1,\"name\":\"Home\",\"item\":\"https:\\\/\\\/fjala.info\\\/2009-2015\\\/\"},{\"@type\":\"ListItem\",\"position\":2,\"name\":\"Ben Blushi: Sali Berisha \u00ebsht\u00eb nj\u00eb q\u00ebnie banale\"}]},{\"@type\":\"WebSite\",\"@id\":\"https:\\\/\\\/fjala.info\\\/2009-2015\\\/#website\",\"url\":\"https:\\\/\\\/fjala.info\\\/2009-2015\\\/\",\"name\":\"FjALA e LIR\u00cb - Arkivi\",\"description\":\"Arkivi 2009-2015\",\"publisher\":{\"@id\":\"https:\\\/\\\/fjala.info\\\/2009-2015\\\/#organization\"},\"potentialAction\":[{\"@type\":\"SearchAction\",\"target\":{\"@type\":\"EntryPoint\",\"urlTemplate\":\"https:\\\/\\\/fjala.info\\\/2009-2015\\\/?s={search_term_string}\"},\"query-input\":{\"@type\":\"PropertyValueSpecification\",\"valueRequired\":true,\"valueName\":\"search_term_string\"}}],\"inLanguage\":\"sq-AL\"},{\"@type\":\"Organization\",\"@id\":\"https:\\\/\\\/fjala.info\\\/2009-2015\\\/#organization\",\"name\":\"FjALA e LIR\u00cb - Arkivi\",\"url\":\"https:\\\/\\\/fjala.info\\\/2009-2015\\\/\",\"logo\":{\"@type\":\"ImageObject\",\"inLanguage\":\"sq-AL\",\"@id\":\"https:\\\/\\\/fjala.info\\\/2009-2015\\\/#\\\/schema\\\/logo\\\/image\\\/\",\"url\":\"\",\"contentUrl\":\"\",\"caption\":\"FjALA e LIR\u00cb - Arkivi\"},\"image\":{\"@id\":\"https:\\\/\\\/fjala.info\\\/2009-2015\\\/#\\\/schema\\\/logo\\\/image\\\/\"}},{\"@type\":\"Person\",\"@id\":\"https:\\\/\\\/fjala.info\\\/2009-2015\\\/#\\\/schema\\\/person\\\/3aa1163ef05469c496fc94e77611ada2\",\"name\":\"admin\",\"image\":{\"@type\":\"ImageObject\",\"inLanguage\":\"sq-AL\",\"@id\":\"https:\\\/\\\/fjala.info\\\/2009-2015\\\/wp-content\\\/uploads\\\/2012\\\/02\\\/arben_cokaj-120x150.jpg\",\"url\":\"https:\\\/\\\/fjala.info\\\/2009-2015\\\/wp-content\\\/uploads\\\/2012\\\/02\\\/arben_cokaj-120x150.jpg\",\"contentUrl\":\"https:\\\/\\\/fjala.info\\\/2009-2015\\\/wp-content\\\/uploads\\\/2012\\\/02\\\/arben_cokaj-120x150.jpg\",\"caption\":\"admin\"},\"description\":\"Admin, Fjala e Lir\u00eb\",\"sameAs\":[\"https:\\\/\\\/fjala.info\\\/\"],\"url\":\"https:\\\/\\\/fjala.info\\\/2009-2015\\\/author\\\/admin\\\/\"}]}<\/script>\n<!-- \/ Yoast SEO plugin. -->","yoast_head_json":{"title":"Ben Blushi: Sali Berisha \u00ebsht\u00eb nj\u00eb q\u00ebnie banale - FjALA e LIR\u00cb - Arkivi","robots":{"index":"index","follow":"follow","max-snippet":"max-snippet:-1","max-image-preview":"max-image-preview:large","max-video-preview":"max-video-preview:-1"},"canonical":"https:\/\/fjala.info\/2009-2015\/ben-blushi-sali-berisha-eshte-nje-qenie-banale\/","og_locale":"sq_AL","og_type":"article","og_title":"Ben Blushi: Sali Berisha \u00ebsht\u00eb nj\u00eb q\u00ebnie banale - FjALA e LIR\u00cb - Arkivi","og_description":"TemA Online, 17 N\u00ebntor 2011 Ben Blushi ka qen\u00eb i ftuar nga Alfred Peza n\u00eb programin e vet n\u00eb Vizion Plus, dhe me \u00e7\u2019u duk nga intervista, ka pasur nj\u00eb marr\u00ebveshje mes t\u00eb dyve p\u00ebr t\u2019mos folur p\u00ebr politik\u00eb. Por p\u00ebr politik\u00eb \u00ebsht\u00eb folur, prap\u00ebseprap\u00eb. Dhe n\u00eb nj\u00eb moment, Blushit i \u00ebsht\u00eb k\u00ebrkuar t\u00eb komentoj\u00eb [&hellip;]","og_url":"https:\/\/fjala.info\/2009-2015\/ben-blushi-sali-berisha-eshte-nje-qenie-banale\/","og_site_name":"FjALA e LIR\u00cb - Arkivi","article_published_time":"2011-11-17T19:59:47+00:00","og_image":[{"url":"http:\/\/www.shkoder.net\/images\/fjala\/2011\/blushi_frangaj_berisha_mediu.jpg","type":"","width":"","height":""}],"author":"admin","twitter_card":"summary_large_image","twitter_misc":{"Written by":"admin","Est. reading time":"1 minute"},"schema":{"@context":"https:\/\/schema.org","@graph":[{"@type":"Article","@id":"https:\/\/fjala.info\/2009-2015\/ben-blushi-sali-berisha-eshte-nje-qenie-banale\/#article","isPartOf":{"@id":"https:\/\/fjala.info\/2009-2015\/ben-blushi-sali-berisha-eshte-nje-qenie-banale\/"},"author":{"name":"admin","@id":"https:\/\/fjala.info\/2009-2015\/#\/schema\/person\/3aa1163ef05469c496fc94e77611ada2"},"headline":"Ben Blushi: Sali Berisha \u00ebsht\u00eb nj\u00eb q\u00ebnie banale","datePublished":"2011-11-17T19:59:47+00:00","mainEntityOfPage":{"@id":"https:\/\/fjala.info\/2009-2015\/ben-blushi-sali-berisha-eshte-nje-qenie-banale\/"},"wordCount":245,"commentCount":0,"publisher":{"@id":"https:\/\/fjala.info\/2009-2015\/#organization"},"image":{"@id":"https:\/\/fjala.info\/2009-2015\/ben-blushi-sali-berisha-eshte-nje-qenie-banale\/#primaryimage"},"thumbnailUrl":"http:\/\/www.shkoder.net\/images\/fjala\/2011\/blushi_frangaj_berisha_mediu.jpg","articleSection":["Lajme"],"inLanguage":"sq-AL","potentialAction":[{"@type":"CommentAction","name":"Comment","target":["https:\/\/fjala.info\/2009-2015\/ben-blushi-sali-berisha-eshte-nje-qenie-banale\/#respond"]}]},{"@type":"WebPage","@id":"https:\/\/fjala.info\/2009-2015\/ben-blushi-sali-berisha-eshte-nje-qenie-banale\/","url":"https:\/\/fjala.info\/2009-2015\/ben-blushi-sali-berisha-eshte-nje-qenie-banale\/","name":"Ben Blushi: Sali Berisha \u00ebsht\u00eb nj\u00eb q\u00ebnie banale - FjALA e LIR\u00cb - Arkivi","isPartOf":{"@id":"https:\/\/fjala.info\/2009-2015\/#website"},"primaryImageOfPage":{"@id":"https:\/\/fjala.info\/2009-2015\/ben-blushi-sali-berisha-eshte-nje-qenie-banale\/#primaryimage"},"image":{"@id":"https:\/\/fjala.info\/2009-2015\/ben-blushi-sali-berisha-eshte-nje-qenie-banale\/#primaryimage"},"thumbnailUrl":"http:\/\/www.shkoder.net\/images\/fjala\/2011\/blushi_frangaj_berisha_mediu.jpg","datePublished":"2011-11-17T19:59:47+00:00","breadcrumb":{"@id":"https:\/\/fjala.info\/2009-2015\/ben-blushi-sali-berisha-eshte-nje-qenie-banale\/#breadcrumb"},"inLanguage":"sq-AL","potentialAction":[{"@type":"ReadAction","target":["https:\/\/fjala.info\/2009-2015\/ben-blushi-sali-berisha-eshte-nje-qenie-banale\/"]}]},{"@type":"ImageObject","inLanguage":"sq-AL","@id":"https:\/\/fjala.info\/2009-2015\/ben-blushi-sali-berisha-eshte-nje-qenie-banale\/#primaryimage","url":"http:\/\/www.shkoder.net\/images\/fjala\/2011\/blushi_frangaj_berisha_mediu.jpg","contentUrl":"http:\/\/www.shkoder.net\/images\/fjala\/2011\/blushi_frangaj_berisha_mediu.jpg"},{"@type":"BreadcrumbList","@id":"https:\/\/fjala.info\/2009-2015\/ben-blushi-sali-berisha-eshte-nje-qenie-banale\/#breadcrumb","itemListElement":[{"@type":"ListItem","position":1,"name":"Home","item":"https:\/\/fjala.info\/2009-2015\/"},{"@type":"ListItem","position":2,"name":"Ben Blushi: Sali Berisha \u00ebsht\u00eb nj\u00eb q\u00ebnie banale"}]},{"@type":"WebSite","@id":"https:\/\/fjala.info\/2009-2015\/#website","url":"https:\/\/fjala.info\/2009-2015\/","name":"FjALA e LIR\u00cb - Arkivi","description":"Arkivi 2009-2015","publisher":{"@id":"https:\/\/fjala.info\/2009-2015\/#organization"},"potentialAction":[{"@type":"SearchAction","target":{"@type":"EntryPoint","urlTemplate":"https:\/\/fjala.info\/2009-2015\/?s={search_term_string}"},"query-input":{"@type":"PropertyValueSpecification","valueRequired":true,"valueName":"search_term_string"}}],"inLanguage":"sq-AL"},{"@type":"Organization","@id":"https:\/\/fjala.info\/2009-2015\/#organization","name":"FjALA e LIR\u00cb - Arkivi","url":"https:\/\/fjala.info\/2009-2015\/","logo":{"@type":"ImageObject","inLanguage":"sq-AL","@id":"https:\/\/fjala.info\/2009-2015\/#\/schema\/logo\/image\/","url":"","contentUrl":"","caption":"FjALA e LIR\u00cb - Arkivi"},"image":{"@id":"https:\/\/fjala.info\/2009-2015\/#\/schema\/logo\/image\/"}},{"@type":"Person","@id":"https:\/\/fjala.info\/2009-2015\/#\/schema\/person\/3aa1163ef05469c496fc94e77611ada2","name":"admin","image":{"@type":"ImageObject","inLanguage":"sq-AL","@id":"https:\/\/fjala.info\/2009-2015\/wp-content\/uploads\/2012\/02\/arben_cokaj-120x150.jpg","url":"https:\/\/fjala.info\/2009-2015\/wp-content\/uploads\/2012\/02\/arben_cokaj-120x150.jpg","contentUrl":"https:\/\/fjala.info\/2009-2015\/wp-content\/uploads\/2012\/02\/arben_cokaj-120x150.jpg","caption":"admin"},"description":"Admin, Fjala e Lir\u00eb","sameAs":["https:\/\/fjala.info\/"],"url":"https:\/\/fjala.info\/2009-2015\/author\/admin\/"}]}},"_links":{"self":[{"href":"https:\/\/fjala.info\/2009-2015\/wp-json\/wp\/v2\/posts\/213","targetHints":{"allow":["GET"]}}],"collection":[{"href":"https:\/\/fjala.info\/2009-2015\/wp-json\/wp\/v2\/posts"}],"about":[{"href":"https:\/\/fjala.info\/2009-2015\/wp-json\/wp\/v2\/types\/post"}],"author":[{"embeddable":true,"href":"https:\/\/fjala.info\/2009-2015\/wp-json\/wp\/v2\/users\/1"}],"replies":[{"embeddable":true,"href":"https:\/\/fjala.info\/2009-2015\/wp-json\/wp\/v2\/comments?post=213"}],"version-history":[{"count":0,"href":"https:\/\/fjala.info\/2009-2015\/wp-json\/wp\/v2\/posts\/213\/revisions"}],"wp:attachment":[{"href":"https:\/\/fjala.info\/2009-2015\/wp-json\/wp\/v2\/media?parent=213"}],"wp:term":[{"taxonomy":"category","embeddable":true,"href":"https:\/\/fjala.info\/2009-2015\/wp-json\/wp\/v2\/categories?post=213"},{"taxonomy":"post_tag","embeddable":true,"href":"https:\/\/fjala.info\/2009-2015\/wp-json\/wp\/v2\/tags?post=213"}],"curies":[{"name":"wp","href":"https:\/\/api.w.org\/{rel}","templated":true}]}}