{"id":2129,"date":"2012-03-11T22:09:41","date_gmt":"2012-03-11T21:09:41","guid":{"rendered":"http:\/\/fjala.shkoder.net\/?p=2129"},"modified":"2012-03-11T22:09:41","modified_gmt":"2012-03-11T21:09:41","slug":"hop-hapi-tjeter","status":"publish","type":"post","link":"https:\/\/fjala.info\/2009-2015\/hop-hapi-tjeter\/","title":{"rendered":"Hop&#8230; hapi tjet\u00ebr?"},"content":{"rendered":"<p><img decoding=\"async\" class=\"alignright size-thumbnail wp-image-7236\" title=\"Bekim Rexhepi\" src=\"http:\/\/www.shkoder.net\/images\/fjala\/bekim_rexhepi.jpg\" alt=\"\" width=\"150\" \/> <em><strong>Pak kujt n\u00eb Kosov\u00eb do ti interesonte trilli politik i qeveris\u00eb Tha\u00e7i, se koncesioni politik ishte i domosdosh\u00ebm dhe se humbja e republik\u00ebs me marrjen e fusnot\u00ebs, kinse ka shp\u00ebtuar vendin nga izolimi.<\/strong><\/em><\/p>\n<p><strong>Bekim Rexhepi<\/strong><\/p>\n<p>Tashm\u00eb nuk \u00ebsht\u00eb e pa kuptueshme se Qeveria e Kosov\u00ebs totalisht \u00ebsht\u00eb e varur nga instanca t\u00eb tjera faktike, ajo po i n\u00ebnshtrohet gjithnj\u00eb e m\u00eb shum\u00eb presionit t\u00eb faktor\u00ebve t\u00eb jasht\u00ebm, dhe pak po interesohet t\u00eb mbivendoset n\u00eb faktorin e brendsh\u00ebm.<\/p>\n<p>Tentativa p\u00ebr ta reduktuar sovranitetin e shtetit nga qeveria jan\u00eb provuar disa her\u00eb, jo n\u00eb m\u00ebnyr\u00eb t\u00eb vet\u00ebdijshme, me akte politike, por m\u00eb skandalozi mbetet akti i z\u00ebvend\u00ebsimit t\u00eb republik\u00ebs me fusnot\u00eb.<\/p>\n<p>Qeveria do t\u00eb duhej qe nga shpallja e pavar\u00ebsis\u00eb dhe sovranitetit t\u00eb vendit, t\u00eb nd\u00ebrgjegj\u00ebsohej moralisht, dhe jo t\u00eb bije moralisht, si\u00e7 ka ndodhur t\u00eb dor\u00ebzohej para presioneve dhe veseve t\u00eb saja egoiste. Jan\u00eb treguar t\u00eb parezistueshme n\u00eb t\u00eb gjitha insiativat p\u00ebr t\u00eb rritur sovranitetin n\u00eb favor t\u00eb shtetit.<\/p>\n<p>Madje kjo qeveri duke mbet e paaft\u00eb n\u00eb shum\u00eb aspekte, p\u00ebrball\u00eb shum\u00eb problemeve qe i parashtron realiteti ekzistues n\u00eb vend, ka zgjedhur t\u00eb sakrifikoj sovranitetin e shtetit dhe jo pushtetin e vet. P\u00ebrkat\u00ebsisht duke mos u p\u00ebrball\u00eb me zgjidhjen e problemeve ekonomike qe jan\u00eb m\u00eb kruciale n\u00eb vend, qeveria m\u00eb par\u00eb po zgjedh\u00eb t\u00eb p\u00ebrballet me leht\u00eb duke b\u00ebr\u00eb koncesione n\u00eb d\u00ebm t\u00eb shtetit dhe ne dobi t\u00eb pushtetit t\u00eb saj. T\u00eb sqarojm\u00eb, se jan\u00eb b\u00ebr\u00eb ligje, por akoma vazhdojm\u00eb t\u00eb jemi t\u00eb n\u00ebnshtruar nga padrejt\u00ebsia qeveris\u00ebse, madje kjo qeveri nuk kontrollohet dhe p\u00ebr m\u00eb keq \u00ebsht\u00eb b\u00ebr\u00eb e pakontrollueshme.<\/p>\n<p>Shoq\u00ebria duhet reagoi ndaj pakontrollit t\u00eb qeveris\u00eb, e cila nga egoizmi i saj ka shfaqur edhe grindjet qe i ndajn\u00eb politikisht aspiratat p\u00ebr interesin e v\u00ebrtet t\u00eb vendit.<\/p>\n<p>Po t\u00eb mos ishte aspirata dhe interesi p\u00ebr vendin nuk do t\u00eb kishim nj\u00eb shoq\u00ebri racionale dhe mbase nuk do t\u00eb kishim sepse dikush do t\u00eb duhej t\u00eb qeveris\u00eb. Kjo kurdisje politike nga faktor\u00eb t\u00eb jasht\u00ebm dhe nga nj\u00eb qeveri e pap\u00ebrgjegjshme i shkakto t\u00eb k\u00ebqijat e mundshme shoq\u00ebris\u00eb, dhe \u00e7do angazhim q\u00eb \u00e7on n\u00eb nj\u00eb reflektim rreth mund\u00ebsis\u00eb p\u00ebr t\u00eb krijuar shtetin e t\u00eb drejt\u00ebs dhe t\u00eb ligjit duket nj\u00eb aventur\u00eb fiktive. Shoq\u00ebria shqiptare duhet t\u00eb sfidohet nga vetja e saj, n\u00eb m\u00ebnyr\u00eb q\u00eb t\u00eb mos lejohet aventura politike n\u00eb kurriz t\u00eb saj si\u00e7 po ndodh\u00eb deri m\u00eb tani.<\/p>\n<p>Qeveria e Kosov\u00ebs sikur \u00ebsht\u00eb p\u00ebrpuqur t\u00eb trajtoj shum\u00eb probleme n\u00eb sfer\u00ebn e dialogut teknik me Serbin\u00eb. E n\u00eb fakt po t\u00eb ishte n\u00eb t\u00eb v\u00ebrtet\u00eb nj\u00eb trajtim i till\u00eb teknik i bisedimeve apo t\u00eb dialogut teknik, ne n\u00eb k\u00ebt\u00eb dialog mbase do t\u00eb kishim p\u00ebrfaq\u00ebsues-ekspert t\u00eb fush\u00ebs teknike! Ndon\u00ebse, ka ndodhur e kund\u00ebrta qe n\u00eb k\u00ebt\u00eb dialog t\u00eb ashtuquajtur teknik kemi pasur vet\u00ebm p\u00ebrfaq\u00ebsues t\u00eb politik\u00ebs. Pra, justifikimi p\u00ebr dialog teknik me Serbin\u00eb, ishte m\u00eb shum\u00eb hedhje e nj\u00eb pluhuri t\u00eb dendur para qytetar\u00ebve t\u00eb Kosov\u00ebs.<\/p>\n<p>Tani kur kemi disa marr\u00ebveshje \u201cteknike\u201d dhe jo me pak se nj\u00eb marr\u00ebveshje fare politike, ku Kosova do t\u00eb p\u00ebrfaq\u00ebsohet n\u00eb disa nisma nd\u00ebrkomb\u00ebtare me nj\u00eb fusnot\u00eb (q\u00eb n\u00eb kuptimin politik \u00ebsht\u00eb nj\u00eb reduktim i shtet\u00ebsis\u00eb dhe asgj\u00eb m\u00eb tep\u00ebr). Pak kujt n\u00eb Kosov\u00eb do ti interesonte trilli politik i qeveris\u00eb Tha\u00e7i, se koncesioni politik ishte i domosdosh\u00ebm dhe se humbja e republik\u00ebs me marrjen e fusnot\u00ebs, kinse ka shp\u00ebtuar vendin nga izolimi.<\/p>\n<p>Po n\u00eb \u00e7\u2019izolim ka qen\u00eb Republika e Kosov\u00ebs?&#8230; A ishte n\u00eb t\u00eb v\u00ebrtet\u00eb ky izolim i Serbis\u00eb nga p\u00ebrfaq\u00ebsimi i Republik\u00ebs s\u00eb Kosov\u00ebs dhe n\u00eb an\u00ebn tjet\u00ebr sa e izolonte Serbin, pjes\u00ebmarrja e Kosova n\u00eb k\u00ebto p\u00ebrfaq\u00ebsime rajonale?.<\/p>\n<p>Kjo e fundit duket se e ka shqet\u00ebsuar mjaft\u00eb Serbin\u00eb dhe mu p\u00ebr k\u00ebt\u00eb ajo \u00ebsht\u00eb angazhuar tej mase qe t\u00eb nd\u00ebrkomb\u00ebtarizoi k\u00ebt\u00eb shqet\u00ebsim, dhe pa shmangsh\u00ebm se k\u00ebt\u00eb problem politik e futi n\u00eb agjend\u00eb, n\u00eb dialogun teknik me Kosov\u00ebn.<\/p>\n<p>\u00cbsht\u00eb turp qe ky dialog me Serbin t\u00eb quhet akoma si dialog teknik, kur n\u00eb t\u00eb shumt\u00ebn e rasteve ka zhvillime politike, e p\u00ebrderisa q\u00ebndron kryene\u00e7 turpi i nj\u00eb qeverie q\u00eb vazhdon ta mbaj ne diskursin e saj si dialog teknik, m\u00eb q\u00ebllim qe t\u00eb mos ket\u00eb reagime t\u00eb forta politike n\u00eb vend, me \u00e7far\u00eb do t\u00eb mund t\u00eb rrezikohej pushteti i saj p\u00ebrfundimisht.<\/p>\n<p>Fatkeq\u00ebsisht k\u00ebshtu si\u00e7 po ec\u00ebn do t\u00eb jemi d\u00ebshmitar qe edhe i nj\u00eb koncesion t\u00eb ri, p\u00ebr veriun e Kosov\u00ebs q\u00eb pritet t\u00eb ndodh\u00eb nga kjo qeveri, e cila nuk po tregohet e vendosur qe t\u00eb mos ket\u00eb t\u00eb tjera plan p\u00ebr veriun, nga ai plani aktual i Ahtisarit. \u00c7far\u00ebdo plani i ri dhe tjet\u00ebr p\u00ebr veriun jasht\u00eb planit t\u00eb Ahtisarit, do t\u00eb ishte nj\u00eb fatalitet politik p\u00ebr Kosov\u00ebn, pasi q\u00eb qeveria e Kosov\u00ebs ka akumuluar mjaft\u00eb koh\u00eb dhe hap\u00ebsir\u00eb t\u00eb disfavorshme dhe kjo assesi nuk i p\u00ebrgjigjet klauzol\u00ebs s\u00eb nj\u00eb kontrate me qytetaret e saj, qe vendi t\u00eb funksionoi me gjysm\u00eb legjislacione dhe institucione.<\/p>\n<p>T\u00eb sakt\u00ebsojm\u00eb se \u00e7far\u00ebdo implikimi politik, i justifikuar si deri m\u00eb tani dhe jasht\u00eb planit t\u00eb Ahtisarit p\u00ebr veriun e Kosov\u00ebs do ta shpartallonte q\u00ebndroshm\u00ebrin politike n\u00eb vend dhe do ta qonte vendin n\u00eb nj\u00eb kriz\u00eb politike e cila v\u00ebshtir\u00eb se do t\u00eb mund t\u00eb menaxhohej pa humbje m\u00eb t\u00eb thella&#8230;<\/p>\n<p><em>11-03-2012<\/em><\/p>\n","protected":false},"excerpt":{"rendered":"<p>Pak kujt n\u00eb Kosov\u00eb do ti interesonte trilli politik i qeveris\u00eb Tha\u00e7i, se koncesioni politik ishte i domosdosh\u00ebm dhe se humbja e republik\u00ebs me marrjen e fusnot\u00ebs, kinse ka shp\u00ebtuar vendin nga izolimi. Bekim Rexhepi Tashm\u00eb nuk \u00ebsht\u00eb e pa kuptueshme se Qeveria e Kosov\u00ebs totalisht \u00ebsht\u00eb e varur nga instanca t\u00eb tjera faktike, ajo [&hellip;]<\/p>\n","protected":false},"author":1,"featured_media":0,"comment_status":"open","ping_status":"closed","sticky":false,"template":"","format":"standard","meta":{"footnotes":""},"categories":[2],"tags":[],"class_list":{"0":"post-2129","1":"post","2":"type-post","3":"status-publish","4":"format-standard","6":"category-artikuj"},"yoast_head":"<!-- This site is optimized with the Yoast SEO plugin v27.4 - https:\/\/yoast.com\/product\/yoast-seo-wordpress\/ -->\n<title>Hop... hapi tjet\u00ebr? - FjALA e LIR\u00cb - Arkivi<\/title>\n<meta name=\"robots\" content=\"index, follow, max-snippet:-1, max-image-preview:large, max-video-preview:-1\" \/>\n<link rel=\"canonical\" href=\"https:\/\/fjala.info\/2009-2015\/hop-hapi-tjeter\/\" \/>\n<meta property=\"og:locale\" content=\"sq_AL\" \/>\n<meta property=\"og:type\" content=\"article\" \/>\n<meta property=\"og:title\" content=\"Hop... hapi tjet\u00ebr? - FjALA e LIR\u00cb - Arkivi\" \/>\n<meta property=\"og:description\" content=\"Pak kujt n\u00eb Kosov\u00eb do ti interesonte trilli politik i qeveris\u00eb Tha\u00e7i, se koncesioni politik ishte i domosdosh\u00ebm dhe se humbja e republik\u00ebs me marrjen e fusnot\u00ebs, kinse ka shp\u00ebtuar vendin nga izolimi. Bekim Rexhepi Tashm\u00eb nuk \u00ebsht\u00eb e pa kuptueshme se Qeveria e Kosov\u00ebs totalisht \u00ebsht\u00eb e varur nga instanca t\u00eb tjera faktike, ajo [&hellip;]\" \/>\n<meta property=\"og:url\" content=\"https:\/\/fjala.info\/2009-2015\/hop-hapi-tjeter\/\" \/>\n<meta property=\"og:site_name\" content=\"FjALA e LIR\u00cb - Arkivi\" \/>\n<meta property=\"article:published_time\" content=\"2012-03-11T21:09:41+00:00\" \/>\n<meta property=\"og:image\" content=\"http:\/\/www.shkoder.net\/images\/fjala\/bekim_rexhepi.jpg\" \/>\n<meta name=\"author\" content=\"admin\" \/>\n<meta name=\"twitter:card\" content=\"summary_large_image\" \/>\n<meta name=\"twitter:label1\" content=\"Written by\" \/>\n\t<meta name=\"twitter:data1\" content=\"admin\" \/>\n\t<meta name=\"twitter:label2\" content=\"Est. reading time\" \/>\n\t<meta name=\"twitter:data2\" content=\"5 minutes\" \/>\n<script type=\"application\/ld+json\" class=\"yoast-schema-graph\">{\"@context\":\"https:\\\/\\\/schema.org\",\"@graph\":[{\"@type\":\"Article\",\"@id\":\"https:\\\/\\\/fjala.info\\\/2009-2015\\\/hop-hapi-tjeter\\\/#article\",\"isPartOf\":{\"@id\":\"https:\\\/\\\/fjala.info\\\/2009-2015\\\/hop-hapi-tjeter\\\/\"},\"author\":{\"name\":\"admin\",\"@id\":\"https:\\\/\\\/fjala.info\\\/2009-2015\\\/#\\\/schema\\\/person\\\/3aa1163ef05469c496fc94e77611ada2\"},\"headline\":\"Hop&#8230; hapi tjet\u00ebr?\",\"datePublished\":\"2012-03-11T21:09:41+00:00\",\"mainEntityOfPage\":{\"@id\":\"https:\\\/\\\/fjala.info\\\/2009-2015\\\/hop-hapi-tjeter\\\/\"},\"wordCount\":979,\"commentCount\":0,\"publisher\":{\"@id\":\"https:\\\/\\\/fjala.info\\\/2009-2015\\\/#organization\"},\"image\":{\"@id\":\"https:\\\/\\\/fjala.info\\\/2009-2015\\\/hop-hapi-tjeter\\\/#primaryimage\"},\"thumbnailUrl\":\"http:\\\/\\\/www.shkoder.net\\\/images\\\/fjala\\\/bekim_rexhepi.jpg\",\"articleSection\":[\"Artikuj\"],\"inLanguage\":\"sq-AL\",\"potentialAction\":[{\"@type\":\"CommentAction\",\"name\":\"Comment\",\"target\":[\"https:\\\/\\\/fjala.info\\\/2009-2015\\\/hop-hapi-tjeter\\\/#respond\"]}]},{\"@type\":\"WebPage\",\"@id\":\"https:\\\/\\\/fjala.info\\\/2009-2015\\\/hop-hapi-tjeter\\\/\",\"url\":\"https:\\\/\\\/fjala.info\\\/2009-2015\\\/hop-hapi-tjeter\\\/\",\"name\":\"Hop... hapi tjet\u00ebr? - FjALA e LIR\u00cb - Arkivi\",\"isPartOf\":{\"@id\":\"https:\\\/\\\/fjala.info\\\/2009-2015\\\/#website\"},\"primaryImageOfPage\":{\"@id\":\"https:\\\/\\\/fjala.info\\\/2009-2015\\\/hop-hapi-tjeter\\\/#primaryimage\"},\"image\":{\"@id\":\"https:\\\/\\\/fjala.info\\\/2009-2015\\\/hop-hapi-tjeter\\\/#primaryimage\"},\"thumbnailUrl\":\"http:\\\/\\\/www.shkoder.net\\\/images\\\/fjala\\\/bekim_rexhepi.jpg\",\"datePublished\":\"2012-03-11T21:09:41+00:00\",\"breadcrumb\":{\"@id\":\"https:\\\/\\\/fjala.info\\\/2009-2015\\\/hop-hapi-tjeter\\\/#breadcrumb\"},\"inLanguage\":\"sq-AL\",\"potentialAction\":[{\"@type\":\"ReadAction\",\"target\":[\"https:\\\/\\\/fjala.info\\\/2009-2015\\\/hop-hapi-tjeter\\\/\"]}]},{\"@type\":\"ImageObject\",\"inLanguage\":\"sq-AL\",\"@id\":\"https:\\\/\\\/fjala.info\\\/2009-2015\\\/hop-hapi-tjeter\\\/#primaryimage\",\"url\":\"http:\\\/\\\/www.shkoder.net\\\/images\\\/fjala\\\/bekim_rexhepi.jpg\",\"contentUrl\":\"http:\\\/\\\/www.shkoder.net\\\/images\\\/fjala\\\/bekim_rexhepi.jpg\"},{\"@type\":\"BreadcrumbList\",\"@id\":\"https:\\\/\\\/fjala.info\\\/2009-2015\\\/hop-hapi-tjeter\\\/#breadcrumb\",\"itemListElement\":[{\"@type\":\"ListItem\",\"position\":1,\"name\":\"Home\",\"item\":\"https:\\\/\\\/fjala.info\\\/2009-2015\\\/\"},{\"@type\":\"ListItem\",\"position\":2,\"name\":\"Hop&#8230; hapi tjet\u00ebr?\"}]},{\"@type\":\"WebSite\",\"@id\":\"https:\\\/\\\/fjala.info\\\/2009-2015\\\/#website\",\"url\":\"https:\\\/\\\/fjala.info\\\/2009-2015\\\/\",\"name\":\"FjALA e LIR\u00cb - Arkivi\",\"description\":\"Arkivi 2009-2015\",\"publisher\":{\"@id\":\"https:\\\/\\\/fjala.info\\\/2009-2015\\\/#organization\"},\"potentialAction\":[{\"@type\":\"SearchAction\",\"target\":{\"@type\":\"EntryPoint\",\"urlTemplate\":\"https:\\\/\\\/fjala.info\\\/2009-2015\\\/?s={search_term_string}\"},\"query-input\":{\"@type\":\"PropertyValueSpecification\",\"valueRequired\":true,\"valueName\":\"search_term_string\"}}],\"inLanguage\":\"sq-AL\"},{\"@type\":\"Organization\",\"@id\":\"https:\\\/\\\/fjala.info\\\/2009-2015\\\/#organization\",\"name\":\"FjALA e LIR\u00cb - Arkivi\",\"url\":\"https:\\\/\\\/fjala.info\\\/2009-2015\\\/\",\"logo\":{\"@type\":\"ImageObject\",\"inLanguage\":\"sq-AL\",\"@id\":\"https:\\\/\\\/fjala.info\\\/2009-2015\\\/#\\\/schema\\\/logo\\\/image\\\/\",\"url\":\"\",\"contentUrl\":\"\",\"caption\":\"FjALA e LIR\u00cb - Arkivi\"},\"image\":{\"@id\":\"https:\\\/\\\/fjala.info\\\/2009-2015\\\/#\\\/schema\\\/logo\\\/image\\\/\"}},{\"@type\":\"Person\",\"@id\":\"https:\\\/\\\/fjala.info\\\/2009-2015\\\/#\\\/schema\\\/person\\\/3aa1163ef05469c496fc94e77611ada2\",\"name\":\"admin\",\"image\":{\"@type\":\"ImageObject\",\"inLanguage\":\"sq-AL\",\"@id\":\"https:\\\/\\\/fjala.info\\\/2009-2015\\\/wp-content\\\/uploads\\\/2012\\\/02\\\/arben_cokaj-120x150.jpg\",\"url\":\"https:\\\/\\\/fjala.info\\\/2009-2015\\\/wp-content\\\/uploads\\\/2012\\\/02\\\/arben_cokaj-120x150.jpg\",\"contentUrl\":\"https:\\\/\\\/fjala.info\\\/2009-2015\\\/wp-content\\\/uploads\\\/2012\\\/02\\\/arben_cokaj-120x150.jpg\",\"caption\":\"admin\"},\"description\":\"Admin, Fjala e Lir\u00eb\",\"sameAs\":[\"https:\\\/\\\/fjala.info\\\/\"],\"url\":\"https:\\\/\\\/fjala.info\\\/2009-2015\\\/author\\\/admin\\\/\"}]}<\/script>\n<!-- \/ Yoast SEO plugin. -->","yoast_head_json":{"title":"Hop... hapi tjet\u00ebr? - FjALA e LIR\u00cb - Arkivi","robots":{"index":"index","follow":"follow","max-snippet":"max-snippet:-1","max-image-preview":"max-image-preview:large","max-video-preview":"max-video-preview:-1"},"canonical":"https:\/\/fjala.info\/2009-2015\/hop-hapi-tjeter\/","og_locale":"sq_AL","og_type":"article","og_title":"Hop... hapi tjet\u00ebr? - FjALA e LIR\u00cb - Arkivi","og_description":"Pak kujt n\u00eb Kosov\u00eb do ti interesonte trilli politik i qeveris\u00eb Tha\u00e7i, se koncesioni politik ishte i domosdosh\u00ebm dhe se humbja e republik\u00ebs me marrjen e fusnot\u00ebs, kinse ka shp\u00ebtuar vendin nga izolimi. Bekim Rexhepi Tashm\u00eb nuk \u00ebsht\u00eb e pa kuptueshme se Qeveria e Kosov\u00ebs totalisht \u00ebsht\u00eb e varur nga instanca t\u00eb tjera faktike, ajo [&hellip;]","og_url":"https:\/\/fjala.info\/2009-2015\/hop-hapi-tjeter\/","og_site_name":"FjALA e LIR\u00cb - Arkivi","article_published_time":"2012-03-11T21:09:41+00:00","og_image":[{"url":"http:\/\/www.shkoder.net\/images\/fjala\/bekim_rexhepi.jpg","type":"","width":"","height":""}],"author":"admin","twitter_card":"summary_large_image","twitter_misc":{"Written by":"admin","Est. reading time":"5 minutes"},"schema":{"@context":"https:\/\/schema.org","@graph":[{"@type":"Article","@id":"https:\/\/fjala.info\/2009-2015\/hop-hapi-tjeter\/#article","isPartOf":{"@id":"https:\/\/fjala.info\/2009-2015\/hop-hapi-tjeter\/"},"author":{"name":"admin","@id":"https:\/\/fjala.info\/2009-2015\/#\/schema\/person\/3aa1163ef05469c496fc94e77611ada2"},"headline":"Hop&#8230; hapi tjet\u00ebr?","datePublished":"2012-03-11T21:09:41+00:00","mainEntityOfPage":{"@id":"https:\/\/fjala.info\/2009-2015\/hop-hapi-tjeter\/"},"wordCount":979,"commentCount":0,"publisher":{"@id":"https:\/\/fjala.info\/2009-2015\/#organization"},"image":{"@id":"https:\/\/fjala.info\/2009-2015\/hop-hapi-tjeter\/#primaryimage"},"thumbnailUrl":"http:\/\/www.shkoder.net\/images\/fjala\/bekim_rexhepi.jpg","articleSection":["Artikuj"],"inLanguage":"sq-AL","potentialAction":[{"@type":"CommentAction","name":"Comment","target":["https:\/\/fjala.info\/2009-2015\/hop-hapi-tjeter\/#respond"]}]},{"@type":"WebPage","@id":"https:\/\/fjala.info\/2009-2015\/hop-hapi-tjeter\/","url":"https:\/\/fjala.info\/2009-2015\/hop-hapi-tjeter\/","name":"Hop... hapi tjet\u00ebr? - FjALA e LIR\u00cb - Arkivi","isPartOf":{"@id":"https:\/\/fjala.info\/2009-2015\/#website"},"primaryImageOfPage":{"@id":"https:\/\/fjala.info\/2009-2015\/hop-hapi-tjeter\/#primaryimage"},"image":{"@id":"https:\/\/fjala.info\/2009-2015\/hop-hapi-tjeter\/#primaryimage"},"thumbnailUrl":"http:\/\/www.shkoder.net\/images\/fjala\/bekim_rexhepi.jpg","datePublished":"2012-03-11T21:09:41+00:00","breadcrumb":{"@id":"https:\/\/fjala.info\/2009-2015\/hop-hapi-tjeter\/#breadcrumb"},"inLanguage":"sq-AL","potentialAction":[{"@type":"ReadAction","target":["https:\/\/fjala.info\/2009-2015\/hop-hapi-tjeter\/"]}]},{"@type":"ImageObject","inLanguage":"sq-AL","@id":"https:\/\/fjala.info\/2009-2015\/hop-hapi-tjeter\/#primaryimage","url":"http:\/\/www.shkoder.net\/images\/fjala\/bekim_rexhepi.jpg","contentUrl":"http:\/\/www.shkoder.net\/images\/fjala\/bekim_rexhepi.jpg"},{"@type":"BreadcrumbList","@id":"https:\/\/fjala.info\/2009-2015\/hop-hapi-tjeter\/#breadcrumb","itemListElement":[{"@type":"ListItem","position":1,"name":"Home","item":"https:\/\/fjala.info\/2009-2015\/"},{"@type":"ListItem","position":2,"name":"Hop&#8230; hapi tjet\u00ebr?"}]},{"@type":"WebSite","@id":"https:\/\/fjala.info\/2009-2015\/#website","url":"https:\/\/fjala.info\/2009-2015\/","name":"FjALA e LIR\u00cb - Arkivi","description":"Arkivi 2009-2015","publisher":{"@id":"https:\/\/fjala.info\/2009-2015\/#organization"},"potentialAction":[{"@type":"SearchAction","target":{"@type":"EntryPoint","urlTemplate":"https:\/\/fjala.info\/2009-2015\/?s={search_term_string}"},"query-input":{"@type":"PropertyValueSpecification","valueRequired":true,"valueName":"search_term_string"}}],"inLanguage":"sq-AL"},{"@type":"Organization","@id":"https:\/\/fjala.info\/2009-2015\/#organization","name":"FjALA e LIR\u00cb - Arkivi","url":"https:\/\/fjala.info\/2009-2015\/","logo":{"@type":"ImageObject","inLanguage":"sq-AL","@id":"https:\/\/fjala.info\/2009-2015\/#\/schema\/logo\/image\/","url":"","contentUrl":"","caption":"FjALA e LIR\u00cb - Arkivi"},"image":{"@id":"https:\/\/fjala.info\/2009-2015\/#\/schema\/logo\/image\/"}},{"@type":"Person","@id":"https:\/\/fjala.info\/2009-2015\/#\/schema\/person\/3aa1163ef05469c496fc94e77611ada2","name":"admin","image":{"@type":"ImageObject","inLanguage":"sq-AL","@id":"https:\/\/fjala.info\/2009-2015\/wp-content\/uploads\/2012\/02\/arben_cokaj-120x150.jpg","url":"https:\/\/fjala.info\/2009-2015\/wp-content\/uploads\/2012\/02\/arben_cokaj-120x150.jpg","contentUrl":"https:\/\/fjala.info\/2009-2015\/wp-content\/uploads\/2012\/02\/arben_cokaj-120x150.jpg","caption":"admin"},"description":"Admin, Fjala e Lir\u00eb","sameAs":["https:\/\/fjala.info\/"],"url":"https:\/\/fjala.info\/2009-2015\/author\/admin\/"}]}},"_links":{"self":[{"href":"https:\/\/fjala.info\/2009-2015\/wp-json\/wp\/v2\/posts\/2129","targetHints":{"allow":["GET"]}}],"collection":[{"href":"https:\/\/fjala.info\/2009-2015\/wp-json\/wp\/v2\/posts"}],"about":[{"href":"https:\/\/fjala.info\/2009-2015\/wp-json\/wp\/v2\/types\/post"}],"author":[{"embeddable":true,"href":"https:\/\/fjala.info\/2009-2015\/wp-json\/wp\/v2\/users\/1"}],"replies":[{"embeddable":true,"href":"https:\/\/fjala.info\/2009-2015\/wp-json\/wp\/v2\/comments?post=2129"}],"version-history":[{"count":0,"href":"https:\/\/fjala.info\/2009-2015\/wp-json\/wp\/v2\/posts\/2129\/revisions"}],"wp:attachment":[{"href":"https:\/\/fjala.info\/2009-2015\/wp-json\/wp\/v2\/media?parent=2129"}],"wp:term":[{"taxonomy":"category","embeddable":true,"href":"https:\/\/fjala.info\/2009-2015\/wp-json\/wp\/v2\/categories?post=2129"},{"taxonomy":"post_tag","embeddable":true,"href":"https:\/\/fjala.info\/2009-2015\/wp-json\/wp\/v2\/tags?post=2129"}],"curies":[{"name":"wp","href":"https:\/\/api.w.org\/{rel}","templated":true}]}}