{"id":2127,"date":"2010-04-07T06:22:41","date_gmt":"2010-04-07T05:22:41","guid":{"rendered":"http:\/\/fjala.shkoder.net\/?p=2127"},"modified":"2010-04-07T06:22:41","modified_gmt":"2010-04-07T05:22:41","slug":"heroi-kombetar-gjergj-kastrioti-dhe-e-lumja-nene-tereza-ne-gjoksin-e-imzot-rrok-mirdites","status":"publish","type":"post","link":"https:\/\/fjala.info\/2009-2015\/heroi-kombetar-gjergj-kastrioti-dhe-e-lumja-nene-tereza-ne-gjoksin-e-imzot-rrok-mirdites\/","title":{"rendered":"Heroi Komb\u00ebtar Gjergj Kastrioti dhe E Lumja N\u00ebn\u00eb Tereza n\u00eb gjoksin e Imzot Rrok Mirdit\u00ebs"},"content":{"rendered":"<p>(<em>Komuniteti shqiptaro-amerikan\u00eb i New York-ut ndan g\u00ebzimin me ish-bariun e vet shpirt\u00ebror Imzot Mirdita<\/em>)<\/p>\n<p>Nga <strong>Tom\u00eb Mrijaj<\/strong>, <em>New York<\/em><\/p>\n<p>N\u00eb nj\u00eb ceremoni zyrtare t\u00eb zhvilluar n\u00eb Pallatin e Brigadave, Presidenti i Shqip\u00ebris\u00eb Bamir Topi, dekoroi me Urdh\u00ebrin &#8220;Gjergj Kastrioti Sk\u00ebnderbeu&#8221;, Imzot Rrok Mirdit\u00ebn, kryeipeshk\u00ebv i Tiran\u00eb-Durr\u00ebsit dhe President i Konferenc\u00ebs Ipeshkvnore Katolike t\u00eb Shqip\u00ebris\u00eb. Arqipeshk\u00ebvi Tiran\u00eb-Durr\u00ebs Shk\u00eblq\u00ebsia e Tij Imzot Mridita, u dekorua me motivacionin: &#8220;P\u00ebr kontributin dhe veprimtarin\u00eb e vyer n\u00eb ringjalljen e besimit shpirt\u00ebror dhe shpres\u00ebs p\u00ebr nj\u00eb t\u00eb ardhme m\u00eb t\u00eb mir\u00eb, p\u00ebr ringritjen e institucioneve t\u00eb kultit si dhe p\u00ebr forcimin e pasurimin e m\u00ebtejsh\u00ebm t\u00eb harmonis\u00eb, toleranc\u00ebs dhe bashk\u00ebjetes\u00ebs nd\u00ebrfetare t\u00eb popullit shqiptar&#8221;.<\/p>\n<p style=\"text-align: center;\"><img decoding=\"async\" style=\"margin-left: 10px; margin-right: 10px; border: 0px;\" src=\"http:\/\/www.shkoder.net\/images\/fjala\/2010\/mons_mirdita_papa_pali_II.jpg\" border=\"0\" alt=\"Imzot Vin\u00e7enc Prennushi dhe Imzot Rrok Mirdita\" width=\"450\" \/><\/p>\n<p><strong>Dy personalitete t\u00eb shquara:<br \/>\nImzot Vin\u00e7enc Prennushi dhe Imzot Rrok Mirdita<\/strong><br \/>\nMuaji i shtatorit, ishte periudha vjeshtore, kur lind\u00ebn dy prelat\u00ebt: Imzot Vin\u00e7enc Prennushi dhe Imzot Rrok Mirdita.<br \/>\nPo d\u00ebgjoja tingujt e bukur dhe fjal\u00ebt kuptimplote t\u00eb k\u00ebng\u00ebs: \u201cPorsi fleta e Engjullit t\u2019Zotit\u201d. &#8211; Sa bukur! &#8211; thash\u00eb me vete. Diku kisha lexuar p\u00ebr nj\u00eb ngjarje, q\u00eb kishte lidhje me k\u00ebt\u00eb k\u00ebng\u00eb dhe me t\u00eb rinjt\u00eb gazmor\u00eb t\u00eb qytetit kultur\u00ebdash\u00ebs antik t\u00eb Shkodr\u00ebs, menj\u00ebher\u00eb mbas mbarimit t\u00eb Luft\u00ebs s\u00eb Dyt\u00eb Bot\u00ebrore. T\u00eb rinjt\u00eb shkodran\u00eb, antar\u00eb t\u00eb Shoq\u00ebris\u00eb \u201cVllaznia\u201d, organizuan nj\u00eb demostrat\u00eb t\u00eb madhe n\u00eb p\u00ebrkujtim t\u00eb 28 N\u00ebntorit. Qyteti ishte l\u00ebn\u00eb n\u00eb duart e aleat\u00ebve, n\u00ebn komand\u00ebn e gjeneralit francez Bardi de Fourtou, i cili, bashk\u00eb m\u00eb flamurin francez, kishte ngritur n\u00eb k\u00ebshtjell\u00ebn legjendare t\u00eb Rozaf\u00ebs edhe flamurin e Serbis\u00eb, si bashk\u00ebluft\u00ebtare t\u00eb saj. T\u00eb rinjt\u00eb i ishin ngjitur kodr\u00ebs dhe kishin shkuar n\u00eb k\u00ebshtjell\u00ebn historike.<\/p>\n<p>K\u00ebtij grumbulli t\u00eb rinjsh entuziast\u00eb, q\u00eb u vlonte n\u00eb gji ndjenja e thell\u00eb e atdhedashuris\u00eb, i printe frati trupvog\u00ebl i Urdh\u00ebrit t\u00eb Sh\u00ebn Fran\u00e7eskut, por me shpirt t\u00eb madh, Ipeshkvi, Imzot Vin\u00e7enc Prennushi. Me fjalimin e tij t\u00eb ngroht\u00eb, q\u00eb e p\u00ebrshkonte fryma e thell\u00eb atdhetare, zgjoi n\u00eb nd\u00ebrgjegjen atdhedash\u00ebse, vrullin e entuziazmit t\u00eb rinis\u00eb vendase, n\u00eb m\u00ebnyr\u00eb t\u00eb till\u00eb, sa lulja e rinis\u00eb shkodrane u v\u00ebrsul si shqiponj\u00eb kund\u00ebr flamurit pushtues serb, e hoqi me urrejtje nga shtiza dhe, n\u00eb vend t\u00eb tij, shpalosi n\u00eb ajrin e lir\u00eb t\u00eb tok\u00ebs arb\u00ebrore rub\u00ebn e kuqe me shkaben dykrenare.<\/p>\n<p>Njer\u00ebzit, t\u00eb g\u00ebzuar nga ai \u00e7ast prek\u00ebs dhe solemn, e ngrit\u00ebn t\u00ebr\u00eb g\u00ebzim n\u00eb krah\u00eb Imzot Vin\u00e7encin, i cili, me afshin e rinis\u00eb, q\u00eb ziente n\u00eb damar\u00ebt e tij t\u00eb brisht\u00eb, ia mori k\u00ebng\u00ebs patriotike: \u201cPorsi fleta e Engjullit t\u2019Zotit\u201d (shkruar nga Poeti Komb\u00ebtar At Gjergj Fishta OFM (1870-1940)), tingujt e s\u00eb cil\u00ebs, t\u00eb shoq\u00ebruar nga mbar\u00eb populli, jehuan si osh\u00ebtim\u00eb larg e larg\u2026 Shkodr\u00ebs i erdhi buz\u00ebqeshja dhe iu largua trishtimi.<\/p>\n<p>Val\u00ebt e liqenit t\u00eb qytetit dhe rrjedhja e uj\u00ebrave t\u00eb lumenjve Drin e Bun\u00eb i shp\u00ebrndan\u00eb ato n\u00eb qiellin arbnor, duke mb\u00ebrritur n\u00eb veshin e Per\u00ebndis\u00eb. Prej k\u00ebsaj shfaqjeje magjiplote, q\u00eb prej k\u00ebtij \u00e7asti t\u00eb mrekulluesh\u00ebm, shkrimtari, Imz. Prennushi, shkroi plot frym\u00ebzim romanc\u00ebn: \u201cGrueja shqiptare\u201d, vargjet mall\u00ebngjyese t\u00eb s\u00eb cil\u00ebs, n\u00eb at\u00eb koh\u00eb, nuk ka pasur shqiptar, q\u00eb t\u00eb mos i dinte p\u00ebrmend\u00ebsh:<\/p>\n<p>\u201c<em>Ka ra rreza nd\u00ebr bajana!<br \/>\nT\u2019bin e vet kshtu e pvet e ama:<br \/>\n\u00c7\u2019ke, moj bij\u00eb, q\u00eb kjan e fshan?<br \/>\nKjan e fshan e vetllat vran?<br \/>\nMerr pelhur\u00ebn, qi pat end\u00eb,<br \/>\nBija e saj kishte pas ken\u00eb<br \/>\nKuq e zi m\u2019te qindis\u00eb<br \/>\nGjen dashtnin qi e kish molis\u00eb\u2026\u201d<\/em><\/p>\n<p><strong>Sh\u00ebrb\u00ebtor i Zotit<br \/>\ndhe njoh\u00ebs i thell\u00eb i let\u00ebrsis\u00eb<\/strong><\/p>\n<p><img decoding=\"async\" style=\"margin-left: 10px; margin-right: 10px; border: 0px;\" src=\"http:\/\/www.shkoder.net\/images\/fjala\/2010\/mons_prennushi.jpg\" border=\"0\" alt=\"Imzot Vin\u00e7enc Prennushi\" width=\"200\" align=\"left\" \/><\/p>\n<p>Kush ishte Imzot Vin\u00e7enc Prennushi, ky njeri me vizion t\u00eb madh, misionar i paqes, q\u00eb gjithnj\u00eb u mundua me p\u00ebrkushtim e p\u00ebrvuajtje t\u00eb ve\u00e7ant\u00eb, t\u00eb qet\u00ebsoj\u00eb zemrat e t\u00eb varf\u00ebrve!?<br \/>\nCila ishte jeta e atij njeriu, q\u00eb natyra e kishte pajisur me virtyte t\u00eb rralla, q\u00eb me goj\u00ebn e \u00ebmb\u00ebl e plot elokuenc\u00eb, me urt\u00ebsin\u00eb n\u00eb fjal\u00eb dhe me veprime t\u00eb matura, me jet\u00ebn e past\u00ebr fetare e atdhetare, kishte fituar dashurin\u00eb dhe nderimin e t\u00eb gjith\u00ebve!?<br \/>\nEmri i tij ishte b\u00ebr\u00eb simbol burr\u00ebrie, ndershm\u00ebrie e drejt\u00ebsie.<\/p>\n<p>U lind m\u00eb 4 shtator 1885, n\u00eb Shkod\u00ebr. Q\u00eb n\u00eb mosh\u00eb t\u00eb re, i veshur me zhgunin e Sh\u00ebn Fran\u00e7eskut, Pat\u00ebr Vin\u00e7enci tregoi takt dhe durim t\u00eb rrall\u00eb n\u00eb zbutjen e fanatizmit t\u00eb theksuar fetar n\u00eb qytetin e lindjes, fill pas krijimit t\u00eb shtetit shqiptar. Qysh at\u00ebher\u00eb, ai u shqua p\u00ebr atdhetarizmin e zjarrt\u00eb n\u00eb mes t\u00eb bashk\u00ebv\u00ebllez\u00ebrve t\u00eb Urdh\u00ebrit t\u00eb Sh\u00ebn Fran\u00e7eskut, k\u00ebtij kuvendi fetar, q\u00eb ishte fidanishtja e kultivimit dhe zbatimit t\u00eb binomit lutu p\u00ebr fe dhe puno p\u00ebr atdhe.<br \/>\nAtdheu yn\u00eb, Shqip\u00ebria, i detyrohet shum\u00eb me nderim dhe respekt antar\u00ebve pararend\u00ebs t\u00eb Kuvendit t\u00eb Sh\u00ebn Fran\u00e7eskut, p\u00ebr sh\u00ebrbimet e m\u00ebdha dhe t\u00eb p\u00ebrhershme ndaj popullit, kultur\u00ebs, artit, shkrimk\u00ebndimit, ruajtjes dhe rip\u00ebrt\u00ebritjes s\u00eb dokeve e zakoneve t\u00eb lashta etnike, q\u00eb, n\u00eb p\u00ebrgjith\u00ebsi, spikatin me nj\u00eb forc\u00eb t\u00eb madhe n\u00eb l\u00ebmin e atdhedashuris\u00eb s\u00eb pakufishme p\u00ebr \u00e7\u00ebshtjen komb\u00ebtare. P\u00ebrfshihet me afsh t\u00eb zjarrt\u00eb n\u00eb veprimet e vijueshme t\u00eb klerit katolik p\u00ebr pavar\u00ebsin\u00eb e vendit nga nata e gjat\u00eb turke. Me rastin e ngritjes s\u00eb Flamurit kuq e zi n\u00eb kalan\u00eb \u201cRozafat\u201d, m\u00eb 14 mars 1914, Pat\u00ebr Vin\u00e7enci mban fjalimin kryesor, ku spikat orotoria e tij elokuente.<br \/>\nN\u00eb mosh\u00ebn 25-vje\u00e7are, m\u00eb 1915, atij iu besua drejtimi i Kolegjit Fran\u00e7eskan n\u00eb lagjen Arra e Madhe, e mir\u00ebnjohur si vat\u00ebr e p\u00ebrhershme e tyre, nga i cili dol\u00ebn shum\u00eb fret\u00ebr t\u00eb zot t\u00eb pun\u00ebs e t\u00eb fjal\u00ebs, si At\u00eb Bernardin Palaj, shkrimtar me vler\u00eb dhe poet i zoti.<br \/>\nPat\u00ebr Vin\u00e7enci, p\u00ebrve\u00e7 pun\u00ebve t\u00eb shumta si drejtues i Kolegjit \u201cSaverian\u201d, shkruante vjersha dhe p\u00ebrmblidhte nga goja e k\u00ebng\u00ebtar\u00ebve t\u00eb mo\u00e7\u00ebm shkodran\u00eb k\u00ebng\u00ebt e bukura t\u00eb gurr\u00ebs burimore popullore, t\u00eb cilat, me p\u00ebrkujdesje, i botoi m\u00eb 1911 n\u00eb Sarajev\u00eb, me titullin \u201cVisari komb\u00ebtar\u201d.<br \/>\nMe botimin e k\u00ebng\u00ebve popullore gegnishte, autori Prennushi i dha nj\u00eb shtys\u00eb t\u00eb re, n\u00eb nj\u00eb drejtim m\u00eb shkencor, folklorit shqiptar dhe, me lirikat e tij t\u00eb para, t\u00eb botuara n\u00eb t\u00eb p\u00ebrkohshmen z\u00ebmadhe \u201cHylli i Drit\u00ebs\u201d, \u201cOra e Maleve\u201d, \u201cZani i Shna Ndout\u201d, \u201cLajm\u00ebtari i Zemr\u00ebs s\u00eb Krishtit\u201d, skaliti me dinjitet dhe krenari emrin e tij origjinal n\u00eb historin\u00eb e let\u00ebrsis\u00eb shqipe.<br \/>\nAsokohe, ai mbante ligjerata t\u00eb bukura me tharm patriotik, n\u00eb raste t\u00eb ndryshme n\u00eb lidhje me datat historike. Rruga p\u00ebr t\u2019u ngjitur n\u00eb shkall\u00ebt m\u00eb t\u00eb larta t\u00eb Urdh\u00ebrit t\u00eb vet ishte e shkurt\u00ebr p\u00ebr Pat\u00ebr Vin\u00e7encin. Nuk kaloi shum\u00eb koh\u00eb dhe e shohim fratin e ri si guardian, Kryetar i Kuvendit Fran\u00e7eskan n\u00eb rrugic\u00ebn Gjuhadol, ku q\u00ebndroi 6 vjet.<br \/>\nEdhe k\u00ebtu i dha r\u00ebnd\u00ebsi rregullimit t\u00eb ark\u00ebs s\u00eb Shna Ndout, d.m.th. atij fondi t\u00eb themeluar posa\u00e7\u00ebrisht p\u00ebr t\u2019i ardhur n\u00eb ndihm\u00eb t\u00eb varf\u00ebrve, midis m\u00eb t\u00eb varf\u00ebrve shqiptar\u00eb.<\/p>\n<p>Nuk ka pasur shkodran, q\u00eb nuk e di se sa t\u00eb varf\u00ebrve u jan\u00eb fshir\u00eb lot\u00ebt me an\u00ebn e k\u00ebsaj vepre t\u00eb dashur njer\u00ebzore. M\u00eb 1929, u zgjodh n\u00eb zyr\u00ebn m\u00eb t\u00eb lart\u00eb t\u00eb familjes s\u00eb madhe t\u00eb (Organizat\u00ebs) Fret\u00ebrve Minor\u00eb Fran\u00e7eskan\u00eb (O.F.M.) Shqiptar\u00eb, si Provincial, detyr\u00eb, t\u00eb cil\u00ebn e kreu me nder deri n\u00eb vitin 1933 Imzot Vin\u00e7enc Prennushi ishte nj\u00eb nga pun\u00ebtor\u00ebt e palodhur dhe m\u00eb t\u00eb frytsh\u00ebm t\u00eb let\u00ebrsis\u00eb son\u00eb amtare. P\u00ebrve\u00e7 vepr\u00ebs s\u00eb tij kryesore \u201cGjeth e lule\u201d, ku, p\u00ebrmendet p\u00ebr lirikat e tij t\u00eb bukura, ai p\u00ebrshtati ose shqip\u00ebroi n\u00eb gjuh\u00ebn amtare shum\u00eb vepra nga fondi i art\u00eb i let\u00ebrsis\u00eb bot\u00ebrore, i udh\u00ebhequr gjithmon\u00eb n\u00eb zgjedhjen e vet nga kriteri i pajtimit (ose sh\u00ebrbimit) t\u00eb artit ndaj fes\u00eb.<br \/>\nAi jetoi dhe krijoi, kur pendat m\u00eb t\u00eb ndritura t\u00eb kombit e ngrit\u00ebn n\u00eb piedestalin m\u00eb t\u00eb lart\u00eb artin, let\u00ebrsin\u00eb dhe kultur\u00ebn shqiptare. \u201cAi diti, -sikurse thot\u00eb linguisti i shquar At\u00eb Justin Rrota O.F.M., &#8211; me mbledh gjith\u00e7ka gjeti t\u00eb hijshme n\u00eb fjal\u00eb e frazeologji t\u00eb qytetit t\u00eb vet, i mblodhi si bleta dhe i vendosi me shije t\u00eb madhe n\u00eb shkrimet e veta.\u201d<br \/>\nNj\u00eb tjet\u00ebr kritik i Prennnushit, duke b\u00ebr\u00eb krahasimin me Fisht\u00ebn, thot\u00eb: \u201cNd\u00ebrsa Fishta na shfaqet me fuqin\u00eb e viganit t\u00eb Malcis\u00eb, Prennushi t\u00eb pret me p\u00ebrkdheljen e ngjyrave, q\u00eb ai i rradhit, her\u00eb t\u00eb buta e her\u00eb t\u00eb forta, por pa prekur kurr\u00eb dramacitetin. N\u00eb poetin e \u201cLahut\u00ebs\u201d, ndjejm\u00eb fuqin\u00eb vullkanike t\u00eb majave t\u00eb Alpeve shqiptare, kurse n\u00eb poetin \u201cGjethe e lule\u201d, lihet me nj\u00eb an\u00eb fjala e fort\u00eb, p\u00ebr t\u00eb dh\u00ebn\u00eb nektarin e luleve t\u00eb fresk\u00ebta, t\u00eb pranverave shkodrane.\u201d<br \/>\nN\u00eb librin: \u201cNd\u00ebr lamijet e demokracis\u00eb s\u00eb vertet\u00eb\u201d Ipeshk\u00ebvi i Durr\u00ebsit, Prennushi, jep mendime t\u00eb sakta p\u00ebr nj\u00eb shtet t\u00eb \u00ebnd\u00ebrruar demokratik t\u00eb tipit per\u00ebndimor, mendime origjinale, t\u00eb cilat mbeten t\u00eb gjalla edhe p\u00ebr koh\u00ebn e sotme. Ai p\u00ebrktheu shum\u00eb romane e drama. K\u00ebshtu, m\u00eb 1924 p\u00ebrktheu romanin e p\u00ebrmendur t\u00eb Kardinalit Wiesemann n\u00eb dy v\u00ebllime \u201cFabiola\u201d, (1935) \u201cQuo vadis!?\u201d (1939) t\u00eb Sienkiwiecz-it, \u201cBurgjet e mia\u201d t\u00eb Silvio Pellico-s dhe ka p\u00ebrpunuar nga gjermanishtja vepr\u00ebn \u201cDreizchnlinden\u201d t\u00eb Weber-it etj. Ai ka shkruar dhe vepra me p\u00ebrmbajtje fetare, ku p\u00ebrmendim tre v\u00ebllimet me titull \u201cFjala e Zotit\u201d (1918), ku, zhvillohet Ungjilli n\u00eb t\u00eb dielat e motmotit.<br \/>\nM\u00eb 1940, em\u00ebrohet Ipeshk\u00ebv i Durr\u00ebsit, deri n\u00eb vitin 1947, vit kur arrestohet nga komunist\u00ebt, q\u00eb ishin kund\u00ebr fes\u00eb dhe kombit e p\u00ebr t\u00eb, n\u00eb mosh\u00ebn 65-vje\u00e7are, nis kalvari i tmerrsh\u00ebm i vuajtjeve, vuajtje q\u00eb dinin t\u2019i krijonin e t\u2019i shkaktonin vet\u00ebm xhelat\u00ebt komunit\u00eb. D\u00ebnohet pa faj me 20 vjet burg m\u00eb 1947, por vdes m\u00eb 19 shkurt 1948 nga astma. Shpallet \u201cMartir i Demokracis\u00eb\u201d, m\u00eb 8 maj 1993, n\u00eb Durr\u00ebs.<br \/>\nShkrimtari dhe studiuesi, bashk\u00ebqytetari i prelatit shqiptar, Prof. Arshi Pipa, q\u00eb ishte nj\u00eb nga bashk\u00ebvuajt\u00ebsit n\u00eb burgjet e ftohta komuniste me Imzot Vin\u00e7enc Prennushin, nd\u00ebr t\u00eb tjera kujton: \u201cImzot Prennushi m\u00eb ka rrfye qysh Enver Hoxha e kishte thirr\u00eb gjoja t\u00eb k\u00ebshillohej me te p\u00ebr pun\u00ebt e Kish\u00ebs Katolike Shqiptare, n\u00eb t\u00eb v\u00ebrtet\u00eb p\u00ebr t\u2019i imponue atij pik\u00ebpamjet e tij politike komuniste ndaj fes\u00eb. Nuk kishte mund\u00eb ta bindte. Ma von\u00eb, mbasi Imzot Prennushi u burgos, ai u v\u00ebrsul ashp\u00ebr kund\u00ebr tij n\u00eb njenin prej fjalimeve t\u00eb veta. Mbasi e burgos\u00ebn, e torturuen. Prej vet\u00eb goj\u00ebs s\u00eb tij, dij se e kan\u00eb rrah\u00eb ma par\u00eb me dru, mandej e kan\u00eb lidh\u00eb p\u00ebr kamb\u00ebsh e p\u00ebr duersh, i kan\u00eb kall\u00eb mes tyne nji dru me nji \u00e7engel n\u00eb t\u00eb, mandej e kan\u00eb var\u00eb drunin me nji gozhd\u00eb t\u00eb madhe n\u00eb murin e nevojtores, tue e lan\u00eb aty deri sa i ka ra t\u00eb fik\u00ebt. \u201cSi dashin n\u00eb krraba\u201d, shtonte buz\u00ebqeshun Imzoti, t\u00eb cilit nuk i mungonte nji damar shakaje.\u201d( [1])<br \/>\nE vuajtja e torturat e munduan shum\u00eb prelatin shqiptar, Imzot Prennushin. N\u00eb momentet e fundit t\u00eb jet\u00ebs ai k\u00ebrkoi drit\u00eb dhe vet\u00ebm drit\u00eb. Pik\u00ebrisht \u00e7astet e fundit t\u00eb jet\u00ebs s\u00eb tij n\u00eb m\u00ebnyr\u00eb dramatike i p\u00ebrcjell, i prekur thell\u00eb, miku i tij dhe bashk\u00ebvuajt\u00ebsi Prof. Pipa, tek kujton me dhimbje at\u00eb sken\u00eb: \u201cPo ndodhte shpesh q\u00eb nuk kishim dru sa duhej. Dhe kur fikeshin xhixhat e fundme dhe err\u00ebsina peshonte n\u00eb dhom\u00eb, ngriheshim prej shtratit her\u00eb njeni, her\u00eb tjetri dhe i rrijshim t\u00eb smundit te kryet, tue fol\u00eb (t\u00eb folunit ia davarite disi travajin), tue i dhan\u00eb zem\u00ebr, tue e g\u00ebnjye se do t\u00eb bishim dru t\u00eb tjera ose se nata ishte n\u00eb t\u00eb sosun\u2026<br \/>\nNji nat\u00eb t\u00eb k\u00ebtill\u00eb m\u00eb tha copa-copa:<br \/>\n\u201cTash po kujtoj fjal\u00ebt e Goethes \u201cMehr Licht! (M\u00eb shum\u00eb\u00a0Drit\u00eb!).<br \/>\nAjo drit\u00eb, s\u00eb cil\u00ebs i kishte thirr\u00eb n\u00eb pik\u00eb t\u00eb mortjes Poeti, nuk ishte, sigurisht drita qi shohin syt\u00eb tan\u00eb shqisor\u00eb. Dhe k\u00ebt\u00eb Imzoti e dinte mir\u00eb. Po cili njeri nuk pau n\u00eb drit\u00ebn e amb\u00ebl t\u00eb qiellit simbolin e jet\u00ebs? \u201cMe t\u00eb ba syt\u00eb drit\u00eb mbi dhe\u201d, thot\u00eb populli yn\u00eb me nji shprehje eg\u00ebrsisht poetike, p\u00ebr me cil\u00ebsue jet\u00ebn. Dhe, kur mendja e njeriut u rrek me gjet\u00eb nji or\u00eb kalimi mes landores dhe palandores, u ndal, si nji her\u00eb p\u00ebrher\u00eb, por te drita. Prej neoplatonizmi, t\u00ebrthuhet Augustinit, te shkolla fran\u00e7eskane e Oxford-it, p\u00ebrfytyrimi i drit\u00ebs ndri\u00e7oi konceptin e filozofis\u00eb, tue nd\u00ebrmjet\u00ebsue mes poezis\u00eb dhe mytikes. Dhe Foscolo pat than\u00eb af\u00ebr dit\u00ebve tona: \u201cPerche gli occhi dell\u2019uomo cercon morendo il Sole\u2026\u201d<br \/>\nImzot Prennushi, u nda k\u00ebso jete nji nat\u00eb t\u00eb frorit 1948. At\u00eb nat\u00eb kishte zjarm n\u00eb vot\u00ebr. Kur ia mbylla syt\u00eb, syt\u00eb e lodhun e t\u00eb shterrun, q\u00eb aq shum\u00eb kishin rektue p\u00ebr drit\u00eb, m\u2019u duk se pash\u00eb n\u00eb fytyr\u00ebn e tij t\u00eb hajth\u00ebt, t\u00eb shkrime, t\u00eb paqueme mbas aq mundimi, nji ndri\u00e7im jo t\u00eb zakonsh\u00ebm. Ndoshta mue me bajshin syt\u00eb e p\u00ebrlotun, ndofta nuk ishte ve\u00e7se nji refleks i flakrimeve t\u00eb kuqrremta t\u00eb zjarrit t\u00eb votr\u00ebs, ngujue nd\u00ebr rrudhat e thella t\u00eb ballit t\u00eb gjan\u00eb, nder zgavrrat e faqeve dhe nd\u00ebr grop\u00ebzat e syve. Por ndofta ishte di\u00e7ka tjet\u00ebr. Shpirti, qi n\u00eb grahmat e dhimb\u00ebs fizike topitet, tkurret, terrtiset, si kullohet prej saj, kur dhimba t\u00eb praj\u00eb si ujt prej lymit, q\u00eb e pat trazue. Njeriu mund t\u00eb mos besoj\u00eb n\u00eb pavdeksin\u00eb e shpirtit. Por asht v\u00ebshtir\u00eb me pranue se gjith\u00e7ka mbaron me trupin, kur v\u00ebrejm\u00eb qysh njerzit vdesin p\u00ebr ideale.\u201d( [2])<br \/>\nKur Imzot Prennushi pyetet n\u00eb hetuesin\u00eb e Sigurimit komunist, p\u00ebr vajtjen e tij pran\u00eb Misionit Amerikan n\u00eb Tiran\u00eb, ai p\u00ebrgjigjet: \u201cN\u00eb Misionin Amerikan, kam shkue p\u00ebr kryeshndosh p\u00ebr Ruzveltin\u2026 N\u00eb Tiran\u00eb, n\u00eb nji mbledhje t\u00eb Klerit, kemi diskutue, p\u00ebr mbylljen e shkollave, t\u00eb seminareve dhe shoqnive fetare, si dhe ndalesat e qeveris\u00eb p\u00ebr fen\u00eb. (N\u00eb janar 1946). Kemi paraqit\u00eb n\u00eb qeveri nji memorandum, me t\u00eb cilin k\u00ebrkonim t\u00eb drejtat tona fetare. Nga nji kopje ia kam \u00e7ue misioneve amerikane e franceze n\u00eb Tiran\u00eb\u201d (Dosja 1245, Arkivi i Ministris\u00eb s\u00eb Brendshme Tiran\u00eb).( [3])<\/p>\n<p><strong>Lindja e nj\u00eb Prelati t\u00eb ri dhe vuajtjet e Imzot Prennushit<\/strong><\/p>\n<p>Kur Ipeshk\u00ebvi i Durr\u00ebsit, Prennushi, po vuante dhe po hiqte t\u00eb zit\u00eb e ullirit, jo shum\u00eb larg Shkodr\u00ebs zonj\u00eb, po rritej e po hidhte shtat nj\u00eb prelat i ardhsh\u00ebm i fes\u00eb. Ai quhej Rrok Mirdita.<br \/>\nU lind m\u00eb 28 shtator 1939, po n\u00eb at\u00eb muaj q\u00eb u lind Ipeshkvi i Durr\u00ebsit, Imzot Vin\u00e7enc Prennushi. I pari u lind n\u00eb Shkod\u00ebr, i dyti jo shum\u00eb larg Shkodr\u00ebs s\u00eb Imzot Prennushit, por n\u00eb katundin Kllez\u00ebn, t\u00eb rrethit t\u00eb Ulqinit, n\u00eb vendlindjen e Gjon Buzukut, autorit t\u00eb vepr\u00ebs \u201cMeshari\u201d (1555). N\u00eb k\u00ebt\u00eb vit (1939), Imzot V. Prennushi, po shqip\u00ebronte romanin \u201cBurgjet e mia\u201d, t\u00eb shkrimtarit italian Silvio Pellicio.<br \/>\nA e dinte Imzot Prennushi, se \u00e7far\u00eb e priste m\u00eb pas!? A i kishte lexuar ato, q\u00eb do t\u00eb kalonte n\u00eb burgjet e err\u00ebta e barbare komuniste me p\u00ebrkthimin e tij!?<br \/>\nSigurisht, q\u00eb Provinciali i p\u00ebrvujtur i Sh\u00ebn Fran\u00e7eskut, nuk i parashikonte k\u00ebto tmerre, q\u00eb kaloi mbi kurrizin e tij. Atij nuk i shkonte nd\u00ebrmend se torturat \u00e7njer\u00ebzore do t\u2019i vinin nga mendjet e \u00e7mendura t\u00eb bashk\u00ebkombasve t\u00eb tij, q\u00eb ishin lindur, rritur e flisnin gjuh\u00ebn shqipe, sikurse Ipeshkvi Prennushi. E Zoti i shihte k\u00ebto masakra dhe e la Ipeshkvin t\u00eb b\u00ebhej martir n\u00eb qelit\u00eb e ftohta t\u00eb burgjeve komuniste, p\u00ebr t\u00eb mbetur sh\u00ebmb\u00eblltyra e Krishtit, duke kaluar kalvarin e vuajtjeve p\u00ebr Fe e Atdhe.<br \/>\nNga ana tjet\u00ebr, prelati martir nuk e dinte se, me vullnetin e Zotit, po lindte nj\u00eb filiz i ri, p\u00ebr t\u00eb ruajtur t\u00eb gjall\u00eb n\u00eb tok\u00ebn e arb\u00ebrit far\u00ebn e krisht\u00ebrimit, vaditur me gjak martir\u00ebsh. E k\u00ebshtu, po n\u00eb af\u00ebrsi t\u00eb Shkodr\u00ebs, i riu klerik q\u00eb ndiqte nga af\u00ebr persekutimin e ajk\u00ebs dhe krenaris\u00eb s\u00eb Kish\u00ebs Katolike n\u00eb Shqip\u00ebri, po ecte i sigurt\u00eb p\u00ebr t\u00eb ruajtur t\u00eb gjall\u00eb fen\u00eb e Krishtit, n\u00eb zemrat e besimtar\u00ebve shqiptar\u00eb, n\u00eb tokat e Arb\u00ebrit, n\u00eb Ulqin.<br \/>\nK\u00ebt\u00eb udh\u00eb t\u00eb shenjt\u00eb t\u00eb meshtaris\u00eb, mbas shum\u00eb e shum\u00eb vitesh t\u00eb diktatur\u00ebsateisto-komuniste, si kryebari i grigj\u00ebs s\u00eb salvuar n\u00eb Arqipeshkvin\u00eb Metropolitane Tiran\u00eb-Durr\u00ebs, do ta ndjek\u00eb me krenari e p\u00ebrkushtim shembullor tash 15 vjet, Arqipeshkvi i sotsh\u00ebm metroplitan, Imzot Rrok Mirdita.<\/p>\n<p>Nd\u00ebrsa n\u00eb Shqip\u00ebri po zhvillohej me t\u00ebrbim t\u00eb madh lufta kund\u00ebr elit\u00ebs intelektuale (me mendime t\u00eb begata p\u00ebrparimtare, t\u00eb brumosur thell\u00eb m\u00eb kultur\u00eb e dije t\u00eb gjithanshme europiano-per\u00ebndimore) dhe njer\u00ebzve me petk klerikal, q\u00eb predikonin fen\u00eb e zbusnin zemrat e shpirtrave njer\u00ebzor\u00eb, n\u00eb an\u00ebn tjet\u00ebr t\u00eb kufirit shqiptaro-shqiptar nj\u00eb djal\u00eb i ri energjik, plot vrull e p\u00ebrkushtim fetar, Dom Rrok Mirdita, rritej dhe m\u00ebkohej me kultur\u00eb fetare e atdhetare.<br \/>\nNdon\u00ebse po hiqte shum\u00eb, Imzot Vin\u00e7enc Prennushi, para se t\u00eb kalonte n\u00eb amshim,n\u00eb nj\u00eb p\u00ebrpjekje t\u00eb fundit plot v\u00ebshtir\u00ebsi, i vuri dor\u00ebn n\u00eb kok\u00eb dhe e bekoi meshtarin e Vlor\u00ebs, Dom Jul Bonatin, i cili, i k\u00ebrkoi bekimin e fundit Imzot Prennushit. Famullitari Dom Jul Bonati, ishte shum\u00eb i vjet\u00ebr n\u00eb mosh\u00eb dhe kishte kaluar disa kampe pune dhe burgje komuniste. M\u00eb von\u00eb ai u transferua n\u00eb Durr\u00ebs, atje ku vuante privimin e liris\u00eb edhe Ipeshkvi Prennushi. Ai kshte qen\u00eb n\u00eb Firence t\u00eb Italis\u00eb, ku ishte p\u00ebrpjekur t\u00eb shtypte p\u00ebrkthimin e tij \u201cLahuta e Malcis\u201d, shkruar nga poeti i madh, At\u00eb Gjergj Fishta\u2026<\/p>\n<p><strong>Vazhdim\u00ebsia e vepr\u00ebs s\u00eb tij<\/strong><\/p>\n<p>\u00c7\u2019\u00ebsht\u00eb ai kryq i bukur n\u00eb gjoksin e Imzot Rrok Mirdit\u00ebs? Kush e ka mbajtur m\u00eb par\u00eb at\u00eb!? Cilin personalitet t\u00eb Fes\u00eb dhe Atdheut na kujton ky kryq!?<br \/>\nMe krenari, Imzot Rrok Mirdita mban n\u00eb qaf\u00eb kryqin e Imzot Vin\u00e7enc Prennushit, rrug\u00ebn e t\u00eb cilit po e ndjek edhe sot me ndershm\u00ebri e devotshm\u00ebri shembullore, duke p\u00ebr\u00e7uar n\u00eb popullin shqiptar dashurin\u00eb p\u00ebr atdhe e p\u00ebr njeri-tjetrin, t\u00eb predikuar aq bukur nga paraardh\u00ebsi i tij, Ipeshk\u00ebvi Imzot Prennushi.<br \/>\nImzot Mirdita shkoll\u00ebn fillore e kreu n\u00eb vendlindje, t\u00eb mesmen n\u00eb Zad\u00ebr t\u00eb Kroacis\u00eb, ku gjenden dhjetra e mijra shqiptar\u00eb, t\u00eb cil\u00ebt u vendos\u00ebn aty p\u00ebr t\u2019i shp\u00ebtuar masakr\u00ebs s\u00eb barbar\u00ebve turq. Ata gjet\u00ebn mik\u00ebpritje bujare dhe mbrojtjen e Ipeshk\u00ebvit Zmajeviq, asokohe Arqipeshk\u00ebv i Tivarit. N\u00ebn k\u00ebt\u00eb Ipeshk\u00ebv u zhvillua dhe Koncili Nacional i Arb\u00ebrit gjat\u00eb periudh\u00ebs, kur n\u00eb Vatikan, ishte Papa me origjin\u00eb shqiptare Klementi XI, Gjon Fran\u00e7esk Albani (1649-1721). Studimet e larta filozofike dhe teologjike i mbaroi n\u00eb Fakultetin Teologjik t\u00eb Zagrebit, n\u00eb Kroaci.<br \/>\nAi ishte 24 vje\u00e7, kur u shugurua meshtar nga Shk\u00eblq\u00ebsia e Tij, Imzot Aleksand\u00ebr Toki\u00e7, Arqipeshk\u00ebv i Tivarit dhe Primat i Serbis\u00eb. Don Rroku kreu njer\u00ebn pas tjetr\u00ebs detyra t\u00eb ndryshme baritore dhe administrative apostolike. Ishte administrator i famullis\u00eb n\u00eb Kish\u00ebn e Sh\u00ebn Pjetrit e Sh\u00ebn Palit, n\u00eb Sal\u00e7i, famullitar i Kish\u00ebs s\u00eb Sh\u00ebn Gjon Pag\u00ebzuesit, n\u00eb Kllez\u00ebn, af\u00ebr Ulqinit.<br \/>\nM\u00eb 1973, me lejen e Arqipeshk\u00ebvit t\u00eb Tivarit, vjen n\u00eb Qendr\u00ebn dhe Kish\u00ebn Katolike \u201cZoja e K\u00ebshillit t\u00eb Mir\u00eb\u201d, n\u00eb Bronx, NY, ku, menj\u00ebher\u00eb fillon veprimtarin\u00eb e tij meshtare. N\u00eb fillim ai ishte ndihm\u00ebsadministrator i dy prelat\u00ebve t\u00eb m\u00ebdhenj, i Monsinjor Simon Filipajt (1925-1999), shqip\u00ebruesit t\u00eb librit t\u00eb shenjt\u00eb \u201cBibla\u201d, n\u00eb vendlindje dhe Monsinjor Dr. Zef Oroshit (1912-1989), shqip\u00ebruesit t\u00eb vepr\u00ebs: \u201cKat\u00ebr Ungjijt dhe Pun\u00ebt e Apostujve\u201d, k\u00ebtu n\u00eb New York.<\/p>\n<p>T\u00eb dy, p\u00ebr shum\u00eb vite u mor\u00ebn me p\u00ebrkthimin e Ungjillit dhe me shum\u00eb shkrime me karakter fetar e komb\u00ebtar, botuar n\u00ebp\u00ebr revista dhe gazeta t\u00eb koh\u00ebs Ardhjen e Dom Rrokut n\u00eb New York, revista \u201cJeta Katolike\u201d e priti me nj\u00eb shkrim mir\u00ebseardhjeje. N\u00eb shkrimin: \u201cMir\u00ebseardhje Dom Rrok Mirdit\u00ebs\u201d, nd\u00ebr t\u00eb tjera lexojm\u00eb: \u201cMe 6 qershor 1973, arriti p\u00ebrgjithnji n\u00eb New York, n\u00eb Kish\u00ebn ton\u00eb, i p\u00ebrnder\u00ebshmi Dom Rrok Mirdita, prift dio\u00e7ezan i Argjipeshkvis s\u00eb Tivarit, p\u00ebr t\u00eb punue n\u00eb Kish\u00ebn shqiptare bashk\u00eb me At Zef Oroshin.<br \/>\nDom Rroku, arriti k\u00ebtu me t\u00eb gjith\u00eb k\u00ebrkesat e duhuna kanunore kishtare, d.m.th., simbas shprehjes s\u00eb nenit t\u00eb Kanus Kishtare (C.I.C.) me pranimin e \u201cEpiscopus a ad quem\u201d dhe me lejen e \u201cEpiscopus a quo\u201d, q\u00eb don t\u00eb thot\u00eb me pranimin e Argjipeshkvit t\u00eb New York-ut dhe me lejen e Ordinarit t\u00eb vet, Arqipeshkvit t\u00eb Tivarit.<br \/>\nKryeur\u00eb zyrtare p\u00ebr k\u00ebto veprimtarina kanunore kishtare u ba At Zef Oroshi, administrator i Kish\u00ebs Katolike shqiptare n\u00eb New York\u2026<br \/>\nVjen vetvetiu se dhe p\u00ebr Dom Rrokun, porsa inkardinohet (t\u00eb p\u00ebrfshihet) n\u00eb k\u00ebt\u00eb Arkidio\u00e7ez, vlejn\u00eb t\u00eb gjitha rregullat kishtare t\u00eb p\u00ebrgjithta dhe ata partikolaret e Kish\u00ebs son\u00eb shqiptare.<br \/>\nNderkaq \u201cJeta Katholike Shqiptare\u201d, uron me zem\u00ebr mir\u00ebseardhjen Dom Rrokut, n\u00eb gjinin e bashk\u00ebsis\u00eb son\u00eb katholike shqiptare, ku jemi t\u00eb sigurt\u00eb se ai ka p\u00ebr t\u00eb zhvillue nji veprimtari t\u00eb dobishme shpirtnore n\u00eb v\u00ebnesht\u00ebn e Tenzot.\u201d( [4])<br \/>\nMe daljen n\u00eb pension t\u00eb Monsinjor Oroshit, dioqeza e New York-ut, em\u00ebron t\u00eb p\u00ebrndershmin Dom Rrok Mirdita administrator t\u00eb Kish\u00ebs Katolike Shqiptare \u201cZoja e K\u00ebshillit t\u00eb Mir\u00eb\u201d. Me blerjen e tok\u00ebs p\u00ebr nd\u00ebrtimin e Kish\u00ebs s\u00eb re n\u00eb Hartsdale, NY, Eminenca e Tij, Kardinali i New York-ut, John J.O\u2019Connor, e lart\u00ebsoi Qendr\u00ebn n\u00eb famulli, ku mori emrin \u201cZoja e Shkodr\u00ebs\u201d.<\/p>\n<p>M\u00eb 28 shtator 1989, dit\u00ebn e tij t\u00eb lindjes, Dom Rroku em\u00ebrohet famullitar i k\u00ebsaj kishe. N\u00eb t\u00eb nj\u00ebjt\u00ebn koh\u00eb, Dom Pjet\u00ebr Popaj em\u00ebrohet ndihm\u00ebsfamullitar, duke qen\u00eb k\u00ebshtu krahu i djatht\u00eb i bashkatdhetarit t\u00eb vet. N\u00ebn drejtimin e Dom Rrokut dhe Dom Pjetrit, Kisha dhe Qendra Kulturore Shqiptare \u201cN\u00ebn\u00eb Tereza\u201d, ka zhvilluar nj\u00eb s\u00ebr\u00eb aktivitetesh t\u00eb \u00e7muara fetare e kulturore.<\/p>\n<p>P\u00ebr 10 vjet me radh\u00eb, me mbylljen e p\u00ebrkohshme t\u00eb revist\u00ebs \u201cJeta Katholike Shqiptare\u201d, Dom Rrok Mirdita \u00e7do t\u00eb shtun\u00eb n\u00eb m\u00ebngjez ka p\u00ebrgatitur dhe folur n\u00eb radoi, n\u00eb emisionin \u201cZani Katolik Shqiptar\u201d, me nj\u00eb diksion t\u00eb admiruar nga t\u00eb gjith\u00eb d\u00ebgjuesit e programit t\u00eb tij.<\/p>\n<p><strong>Ringjallja e hierarkis\u00eb s\u00eb Kish\u00ebs<\/strong><\/p>\n<p>N\u00eb Shqip\u00ebri filluan t\u00eb fryjn\u00eb er\u00ebrat e Per\u00ebndimit, ndryshe nga er\u00ebrat shkat\u00ebrrimtare t\u00eb Lindjes bolshevike komuniste, ku meshtar\u00ebt dhe besimtar\u00ebt ishin v\u00ebn\u00eb n\u00eb shenjest\u00ebr t\u00eb asgj\u00ebsimit total. Hapja e Shqip\u00ebris\u00eb drejt bot\u00ebs p\u00ebrparimtare u shoq\u00ebrua gradualisht me ringjalljen e fes\u00eb n\u00eb vend, duke ringritur nga themelet e p\u00ebrgjakura \u00e7far\u00eb kishte mbetur pa u zhdukur me themel. T\u00eb par\u00ebt, q\u00eb dhan\u00eb p\u00ebrkushtimin e tyre ishin t\u00eb rinjt\u00eb shkodran\u00eb t\u00eb t\u00eb tre besimeve. M\u00eb 4 dhe 11 n\u00ebntor 1990, filloi mesha e par\u00eb n\u00eb varrezat e vjetra t\u00eb Rrmajit, nga ish i burgosuri p\u00ebr 26 vjet, kleriku Dom Simon Jubani (1923). Njer\u00ebzit e fes\u00eb (ata q\u00eb kishin mbetur pas kalvarit komunist) u mbrojt\u00ebn nga i gjith\u00eb populli i Shkodr\u00ebs.<\/p>\n<p>Institucionet fetare, q\u00eb ishin kthyer n\u00eb magazina, depo ushtarake, qendra sportive e pallate \u201ckulture\u201d bolshevike, filluan t\u00eb kryenin misionin e par\u00eb t\u00eb tyre fetar, ndon\u00ebse objektet e kultit ishin shkat\u00ebrruar dhe thyer me t\u00ebrbim e urretje fanatike. Frym\u00ebmarrja e Kish\u00ebs s\u00eb tejsalvuar kishte filluar t\u00eb jepte shenjat e saj t\u00eb ringjalljes. Brenda nj\u00eb kohe t\u00eb shkurt\u00ebr njer\u00ebzit nxorr\u00ebn nga n\u00ebntoka dhe nga sht\u00ebpit\u00eb e tyre, simbolet e fes\u00eb dhe pajisjet e ruajtura me shum\u00eb kujdes e sakrific\u00eb. Thjesht e me dashuri, u krijuan kushtet e favorshme p\u00ebr ringritjen e institucioneve fetare. Katedralja e Madhe e Shkodr\u00ebs (1858), brenda dy vjet\u00ebve, u nd\u00ebrtua e bukur, me kontributin e t\u00eb gjith\u00ebve. Por duheshin edhe prelat\u00ebt, predikuesit e fes\u00eb.<br \/>\nLajmi i vizit\u00ebs s\u00eb Papa Gjon Palit t\u00eb II-t\u00eb n\u00eb Shqip\u00ebri, g\u00ebzoi t\u00eb madh e t\u00eb vog\u00ebl, n\u00eb t\u00eb gjith\u00eb trojet etnike shqiptare dhe diaspor\u00eb. Kujtojm\u00eb se Papa Gjon Pali II dhe Shqip\u00ebria, kan\u00eb qen\u00eb t\u00eb lidhur ngusht\u00eb gjat\u00eb viteve t\u00eb historis\u00eb, kur shqiptar\u00ebt gjendeshin n\u00ebn gjumin letargjik komunist. P\u00ebrvoja e Atit t\u00eb Shenjt\u00eb, p\u00ebr t\u2019i b\u00ebr\u00eb ball\u00eb pushtetit armiqsor shekullor, \u00ebsht\u00eb ndoshta unikal midis pap\u00ebve t\u00eb historis\u00eb moderne. Asnj\u00ebri nga pap\u00ebt e Rom\u00ebs, nuk e ka dashur aq shum\u00eb Kish\u00ebn n\u00eb Shqip\u00ebri, sa i ndjeri, polaku i p\u00ebrshpirtsh\u00ebm, Gjon Pali II (Karol Woytila).<br \/>\nM\u00eb 25 prill 1993, ora 8:30 paradite, n\u00eb aeroportin \u201cN\u00ebn\u00eb Tereza\u201d n\u00eb Rinas (Tiran\u00eb), mb\u00ebrriti kreu m\u00eb i lart\u00eb i katoli\u00e7izmit bot\u00ebror, i cili do t\u00eb shuguronte kat\u00ebr ipeshk\u00ebvijt\u00eb e hierarkis\u00eb kishtare shqiptare: Dom Frano Illia (1918-1997), Dom Robert Ashta (1918-1998), Dom Zef Simoni (1928) dhe Dom Rrok Mirdita (1939).<br \/>\nAti i Shenjt\u00eb, nd\u00ebrmjet t\u00eb tjerave, tha: \u201cTy, o popull fisnik shqiptar, t\u00eb drejtoj p\u00ebrsh\u00ebndetjen time m\u00eb t\u00eb ngroht\u00eb e m\u00eb t\u00eb dashur. I dim\u00eb t\u00eb gjitha ngjarjet e trishtueshme, q\u00eb \u00ebsht\u00eb dashur t\u00eb p\u00ebrballosh, ngjarje t\u00eb nj\u00eb mundimi t\u00eb v\u00ebrtet\u00eb, pasojat e t\u00eb cilit koha do t\u00eb arrij\u00eb me v\u00ebshtir\u00ebsi t\u2019i fshij\u00eb dhe Europa e bota nuk mund t\u2019i harroj\u00eb.\u201d<br \/>\nPas p\u00ebrsh\u00ebndetjeve t\u00eb rastit, mbasi kaluan n\u00eb revist\u00eb nderi truproj\u00ebn, n\u00ebn tingujt e hymneve t\u00eb Vatikanit dhe Shqip\u00ebris\u00eb, Papa dhe p\u00ebrsonat q\u00eb e shoq\u00ebruan u nis\u00ebn me karvanin e gjat\u00eb t\u00eb makinave p\u00ebr n\u00eb qytetin e lasht\u00eb t\u00eb Shkodr\u00ebs.<\/p>\n<p>N\u00eb hyrje t\u00eb qytetit verior Ai b\u00ebri nj\u00eb ndales\u00eb t\u00eb shkurt\u00ebr pran\u00eb rr\u00ebnojave t\u00eb Kish\u00ebs \u201cZoja e K\u00ebshillit t\u00eb Mir\u00eb\u201d (Zoja e Shkodr\u00ebs), rr\u00ebz\u00eb k\u00ebshtjell\u00ebs legjendare t\u00eb Rozaf\u00ebs. Peligrinazhi i shqiptar\u00ebve nga Amerika, me flamuj komb\u00ebtar\u00eb, t\u00eb Pap\u00ebs e t\u00eb ShBA-s\u00eb, hyri n\u00eb katedrale, pas nj\u00eb pro\u00e7esioni t\u00eb prir\u00eb nga barinjt\u00eb e tyre shpirt\u00ebror\u00eb Dom Anton K\u00e7ira, Dom Prek Ndrevashaj e diakoni Marash Shkreli.( [5])<br \/>\nDom Pjet\u00ebr Popaj, me nj\u00eb grup prej 150 shtegtar\u00ebsh nga Kisha\u00a0Katolike Shqiptare e New York-ut, mori pjes\u00eb n\u00eb ceremonin\u00eb, q\u00eb u zhvillua n\u00eb Kathedralen e Sh\u00ebn Shtjefnit n\u00eb Shkod\u00ebr, me udh\u00ebheqjen shpirt\u00ebrore t\u00eb t\u00eb p\u00ebrndershmit Dom Pjet\u00ebr Popaj dhe djakonit Marash Shkreli. Organizimin e b\u00ebri nj\u00eb komision i zgjedhur nga K\u00ebshilli i Kish\u00ebs.( [6])<br \/>\nN\u00eb at\u00eb ceremoni madh\u00ebshtore ishte e pranishme N\u00ebn\u00eb Tereza (1910-1997).<\/p>\n<p>Dom Rrok Mirdita shugurohet Ipeshk\u00ebv i Durr\u00ebs-Tiran\u00ebs (koin\u00e7idenc\u00eb, se deri m\u00eb 1947 kishte qen\u00eb n\u00eb at\u00eb detyr\u00eb Imzot Prennushi), nj\u00eb nder i madh ky, q\u00eb i b\u00ebhet komunitetit katolik shqiptar n\u00eb New York. Ky lajm sa e g\u00ebzoi, aq edhe e d\u00ebshp\u00ebroi bashk\u00ebsin\u00eb ton\u00eb. E g\u00ebzoi, sepse njeriut t\u00eb tyre iu b\u00eb nj\u00eb vler\u00ebsim i jasht\u00ebzakonsh\u00ebm nga kreu i Selis\u00eb s\u00eb Shenjt\u00eb dhe e d\u00ebshp\u00ebroi, se ky komunitet e desh n\u00eb mesin e tij. Ne jemi krenar\u00eb p\u00ebr meshtarin ton\u00eb, q\u00eb sot administron apostolikisht Arqipeshkvin\u00eb Metropolitane Tiran\u00eb-Durr\u00ebs.<br \/>\nMonsinjor Rrok Mirdita, \u00ebsht\u00eb vijues i denj\u00eb i tradit\u00ebs duke predikuar mir\u00ebsin\u00eb e paqen mes njer\u00ebzve, ashtu sikurse gjithnj\u00eb porosiste Monsinjor Vin\u00e7enc Prennushi.<br \/>\nSot detyra e Imzot Mirdit\u00ebs \u00ebsht\u00eb m\u00eb e madhe, se ajo q\u00eb kishte paraardh\u00ebsi i tij Prennushi p\u00ebr faktin, se imzot Mirdita, \u00ebsht\u00eb Arqipeshk\u00ebv Metropolitan me Pallium, vler\u00ebsim, t\u00eb cilin koh\u00ebt e fundit ia dha Selia e Shenjt\u00eb n\u00eb Vatikan. E tani, m\u00eb vijn\u00eb nd\u00ebr mend fjal\u00ebt e Imzot Prennushit, i cili, para gjyqit komunist tha: \u201cNuk ia kam dasht kujt t\u00eb keqen. Jam mundue me ba mir\u00eb.\u201d<br \/>\nSa her\u00eb q\u00eb vjen p\u00ebr vizit\u00eb dhe sh\u00ebrbime fetare n\u00eb famullin\u00eb \u201cZoja e Shkodr\u00ebs\u201d n\u00eb New York, ai flet p\u00ebr arritjet e shpejta dhe shum\u00eb t\u00eb sukses\u00ebshme, q\u00eb po p\u00ebson nga dita n\u00eb dit\u00eb Arqipeshkvia, q\u00eb ai udh\u00ebheq me krrab\u00ebn e kryebariut t\u00eb mir\u00eb. N\u00eb rastin e par\u00eb t\u00eb predikimit t\u00eb tij para famullis\u00eb s\u00eb komunitetit shqiptaro-amerikan, Imzoti tha edhe k\u00ebto fjal\u00eb: \u201cN\u00eb Shqip\u00ebri gjeta \u00e7do gj\u00eb t\u00eb rr\u00ebnuar, por fen\u00eb e gjeta shum\u00eb t\u00eb fort\u00eb e t\u00eb gjall\u00eb n\u00eb zemrat e popullit shqiptar.\u201d<br \/>\nImzot Mirdita, u interesua shum\u00eb p\u00ebr refugjat\u00ebt kosovar\u00eb mbas eksodit biblik (1999),q\u00eb pushtoi tok\u00ebn martire t\u00eb Kosov\u00ebs nga kolonizator\u00ebt barbar\u00eb serb\u00eb. D\u00ebbimi masiv i shqiptar\u00ebve nga tokat st\u00ebrgjyshore, preku thell\u00eb zemr\u00ebn e Arqipeshkvit Mirdita. Ai b\u00ebnte \u00e7\u2019ishte e mundur p\u00ebr t\u2019ua leht\u00ebsuar vuajtjen dhe dhimbjen atyre njer\u00ebzve, q\u00eb kishin par\u00eb e provuar tmerret e krimet e b\u00ebra nga makina ushtarake e Sllobodan Milloshevi\u00e7it.<br \/>\nPrelati u ndodhej pran\u00eb njer\u00ebzve fizikisht, shpirt\u00ebrisht dhe materialisht, sepse n\u00eb ato dit\u00eb t\u00eb v\u00ebshtira kishin nevoj\u00eb p\u00ebr shum\u00eb gjera elementare, p\u00ebr fjal\u00ebn e ngroht\u00eb njer\u00ebzore, q\u00eb t\u00eb mjekonin dhe sh\u00ebronin shpirtin e trazuar r\u00ebnd\u00eb dhe p\u00ebr an\u00ebn materiale e ushqimore.<\/p>\n<p>Ashtu si Imzot Prennushi, q\u00eb kujdesej gjithnj\u00eb me p\u00ebrkushtim p\u00ebr t\u00eb varf\u00ebrit e fatkeq\u00ebt e koh\u00ebs s\u00eb tij, edhe Imzot Mirdita sh\u00ebrbeu me devocion e p\u00ebrvuajtje, p\u00ebr sh\u00ebrimin e shpirtit t\u00eb atyre, q\u00eb i mbijetuan dhun\u00ebs e masakr\u00ebs s\u00eb eg\u00ebr serbe dhe kujtohet gjithnj\u00eb nga ata me dashuri dhe mir\u00ebnjohje, p\u00ebr gjith\u00e7ka b\u00ebri n\u00eb ndihm\u00eb t\u00eb tyre.<br \/>\nAi vijon edhe sot me p\u00ebrkushtim misionin e shenjt\u00eb fetar, n\u00eb vazhdim\u00ebsi t\u00eb pun\u00ebs s\u00eb gjith\u00eb atyre, q\u00eb nuk jan\u00eb m\u00eb dhe q\u00eb kurr\u00eb nuk u gjunj\u00ebzuan para djallit komunist. Shpirti i tyre sheh i k\u00ebnaqur, se vepra e nisur me aq p\u00ebrkushtim e flijime nuk shkoi d\u00ebm. At\u00eb e vazhdojn\u00eb pasardh\u00ebsit e tyre, bijt\u00eb e Krishtit.<br \/>\nP\u00ebr Imzot Mirdit\u00ebn, ruaj shum\u00eb kujtime t\u00eb bukura e t\u00eb kthjellta. K\u00ebsaj radhe po ve\u00e7oj edhe k\u00ebt\u00eb histori t\u00eb vog\u00ebl, por shum\u00eb dometh\u00ebn\u00ebse.<br \/>\nIpeshk\u00ebvi i Kosov\u00ebs, i ndjeri Imzot Mark Sopi, ishte p\u00ebr nj\u00eb vizit\u00eb private n\u00eb New York. N\u00eb ato dit\u00eb ai sh\u00ebrbente si meshtar dhe drejtor i Caritas-it n\u00eb Durr\u00ebs. Lajmi ishte p\u00ebrhapur me shpejt\u00ebsi, se Dom Marku, do t\u00eb em\u00ebrohej Ipeshk\u00ebv i Kosov\u00ebs. Un\u00eb isha s\u00ebbashku me dy meshtar\u00ebt, kur po udh\u00ebtonim me makin\u00ebn time nga Kisha, q\u00eb ishte n\u00eb Park Avenue n\u00eb Bronx, New York, tek nd\u00ebrtesa e Kish\u00ebs s\u00eb re n\u00eb Hartsdale, NY. Meshtari Mirdita, ishte dit\u00eb e nat\u00eb shum\u00eb i angazhuar shpirt\u00ebrisht, p\u00ebr mbar\u00ebvajtjen e punimeve t\u00eb projektit p\u00ebr nd\u00ebrtimin e Kish\u00ebs s\u00eb re. Toka ishte bler\u00eb, fal\u00eb bujaris\u00eb s\u00eb besimtar\u00ebve dhe pritej \u00e7asti solemn, p\u00ebr hedhjen e gurthemelit t\u00eb objektit t\u00eb ri kristian.<br \/>\nDom Rroku, i tha Dom Markut k\u00ebto fjal\u00eb: \u201cDasht\u00eb Zoti, q\u00eb ju si Ipeshk\u00ebv, t\u00eb bekoni gurthemelin e Kish\u00ebs s\u00eb re n\u00eb Hartsdale\u201d. Dom Marku, nuk tha asnj\u00eb fjal\u00eb dhe me p\u00ebrvuajtm\u00ebri uli kok\u00ebn. Dit\u00ebt dhe muajt kaluan shpejt. N\u00eb nj\u00eb dit\u00eb t\u00eb re dhe n\u00eb nj\u00eb mot t\u00eb bukur populli ishte mbledhur dhe priste p\u00ebrurimin e themeleve p\u00ebr nd\u00ebrtimin e Sht\u00ebpis\u00eb s\u00eb Zotit. K\u00ebshtu, n\u00eb dit\u00ebn e bukur, kur u hodh gurthemeli i Kish\u00ebs n\u00eb Hartsdale, NY, ishte i pranish\u00ebm si Ipeshk\u00ebv, Imzot Rrok Mirdita.<br \/>\nNdryshe sa kishte d\u00ebshiruar zemra bujare e Imzot Mirdit\u00ebs p\u00ebr Imzot Sopin, tashm\u00eb fati dhe nderi i ve\u00e7ant\u00eb p\u00ebr bekimin e Kish\u00ebs s\u00eb re shqiptare, u b\u00eb nga ish famullitari shqiptaro-amerikan Imzot Rrok Mirdita, sot Arqipeshk\u00ebv Metropolitan i Arqipeshk\u00ebvis\u00eb Tiran\u00eb-Durr\u00ebs, n\u00eb Shqip\u00ebri. Ishte me t\u00eb v\u00ebrtet\u00eb nj\u00eb k\u00ebnaq\u00ebsi e dyfisht\u00eb, p\u00ebr besimtar\u00ebt e devotsh\u00ebm, sepse bariu i p\u00ebrvujtur Mirdita, merrte pjes\u00eb n\u00eb g\u00ebzimin e p\u00ebrbashk\u00ebt.<br \/>\nKlerik\u00ebt ishin rreshtuar dhe, me lopata n\u00eb duar, filluan t\u00eb hedhin materialin nd\u00ebrtimor n\u00eb themelet e Kish\u00ebs s\u00eb re. Mbas ceremonis\u00eb s\u00eb bekimit, me radh\u00eb filloi i pari Imzot Rrok Mirdita, Dom Pjet\u00ebr Popaj, At Prof. Dr. Andrea Nargaj OFM (1919-1999) dhe shum\u00eb udh\u00ebheq\u00ebs t\u00eb komunitetit, p\u00ebrfaq\u00ebsues t\u00eb trojeve etnike shqiptare, individ\u00eb, q\u00eb p\u00ebrfaq\u00ebsonin Shqip\u00ebrin\u00eb, Kosov\u00ebn dhe shqiptar\u00ebt n\u00eb Mal t\u00eb Zi.<br \/>\nK\u00ebt\u00eb nder dhe privilegj solemn e pata edhe un\u00eb, duke p\u00ebrfaq\u00ebsuar popullin martir t\u00eb Dardanis\u00eb. Kjo p\u00ebr mua, mbetet nj\u00eb nd\u00ebr dit\u00ebt m\u00eb t\u00eb bukura t\u00eb jet\u00ebs time.<br \/>\nN\u00eb vitin 1994, Arqipeshkvi merr detyr\u00ebn e presidentit t\u00eb Caritas-it shqiptar dhe, n\u00eb vitin 1996, zgjidhet kryetar i Konferenc\u00ebs Ipeshkvnore Shqiptare, t\u00eb cil\u00ebn e drejtoi p\u00ebr dy mandate. M\u00eb 4 korrik 2005, festoi me modesti 40-vjetorin e meshtaris\u00eb dhe marrjen e Palluimi-t (Palluimi, simbolizon ngritjen e dioqez\u00ebs n\u00eb rang Metropolitan, sh\u00ebnimi im T.Mrijaj) nga Papa Benedikti XVI, p\u00ebr Metropolin\u00eb Tiran\u00eb-Durr\u00ebs.<br \/>\nPresidenti i Shqip\u00ebris\u00eb Alfred Moisiu, m\u00eb 24 prill 2006 dekoroi Arqipeshkvin Metropolitan t\u00eb Tiran\u00eb-Durr\u00ebsit me Urdh\u00ebrin e lart\u00eb \u201cN\u00ebn\u00eb Tereza\u201d n\u00eb nj\u00eb ceremoni, q\u00eb u mbajt n\u00eb ambientet presidenciale n\u00eb Tiran\u00eb. N\u00eb motivacionin e dekorimit, \u00ebsht\u00eb shkruar: \u201cImzot Rrok Mirdit\u00ebs: P\u00ebr ndihm\u00ebn e dh\u00ebn\u00eb n\u00eb ringritjen e institucioneve t\u00eb Kish\u00ebs Katolike n\u00eb Shqip\u00ebri; p\u00ebr p\u00ebrkujdesjen e ve\u00e7ant\u00eb p\u00ebr dialogun dhe mir\u00ebkuptimin nd\u00ebrfetar; p\u00ebr angazhimin e Tij, n\u00eb ngritjen e insitutucioneve t\u00eb ndihm\u00ebs sociale p\u00ebr njer\u00ebzit n\u00eb nevoj\u00eb.\u201d<br \/>\nPublicisti Tonin Mirakaj, n\u00eb artikullin e tij kryesor, nd\u00ebr t\u00eb tjera vler\u00ebson: \u201cArritjet e Shk\u00eblq\u00ebsis\u00eb s\u00eb Tij n\u00eb 13 vjet jan\u00eb t\u00eb r\u00ebnd\u00ebsishme. P\u00ebrve\u00e7 an\u00ebs fetare, nd\u00ebrtimit e rind\u00ebrtimit t\u00eb kishave, ai mundi t\u00eb nd\u00ebrtoj\u00eb shkolla nga ato elementare tek Universiteti Katolik n\u00eb Tiran\u00eb, t\u00eb nd\u00ebrtoj\u00eb klinika, spitale, foshnjore, sht\u00ebpi p\u00ebr pleq, Katedralen e Sh\u00ebn Palit n\u00eb Tiran\u00eb, p\u00ebr t\u00eb cil\u00ebn, jan\u00eb kryelart\u00eb qytetar\u00ebt e kryeqytetit etj. Shk\u00eblq\u00ebsia e Tij, Imzot Mirdita, solli n\u00eb Atdhe at\u00eb vizion e guxim q\u00eb pati n\u00eb New York gjat\u00eb 20 viteve, q\u00eb sh\u00ebrbeu pran\u00eb emigrant\u00ebve shqiptar\u00eb pran\u00eb Kish\u00ebs, t\u00eb cil\u00ebn, e ngriti (nga Qendra Katolike n\u00eb South Bronx) n\u00eb famulli me emrin \u201cZoja e Shkodr\u00ebs\u201d, n\u00eb nj\u00eb nd\u00ebr vendet m\u00eb t\u00eb bukura n\u00eb Hartsdale, N.Y. Ishin vizioni e vendosm\u00ebria e Tij, q\u00eb b\u00ebn\u00eb t\u00eb mundur suksese t\u00eb vazhdueshme, q\u00eb u arrit\u00ebn e po arrihen pand\u00ebrprerje nga kjo famulli e drejtuar sot nga t\u00eb p\u00ebrndershmit Dom Pjet\u00ebr Popaj e Dom Nikolin P\u00ebrgjini.\u201d( [7])<br \/>\nN\u00eb Mirdit\u00eb, n\u00eb vitin 2006, n\u00eb 1-vjetorin e p\u00ebrkujtimit t\u00eb Papa Gjon Pali II, n\u00eb nj\u00eb ceremoni festive mir\u00ebprit\u00ebn n\u00eb gjirin e tyre me titullin \u201cQytetar Nderi\u201d, nj\u00ebrin nd\u00ebr klerik\u00ebt m\u00eb t\u00eb spikatur t\u00eb Kish\u00ebs Katolike Shqiptare, Imzot Rrok Mirdit\u00ebn. Nj\u00eb vendim i till\u00eb i K\u00ebshillit Bashkiak, \u00ebsht\u00eb mir\u00ebpritur jo vet\u00ebm nga prelati Mirdita, por edhe pothuajse i gjith\u00eb komuniteti i bashk\u00ebsis\u00eb s\u00eb Rr\u00ebshenit. Ceremonia u zhvillua n\u00eb sall\u00ebn e kultur\u00ebs, me pjes\u00ebmarrjen e shum\u00eb miqve dhe t\u00eb ftuarve.<br \/>\nMbas marrjes s\u00eb titullit, ai tha: \u201cLidhja ime me Mirdit\u00ebn \u00ebsht\u00eb aq sa kan\u00eb pas mund\u00ebsi prind\u00ebrit e mi. Babai m\u00eb ka treguar se jemi t\u00eb ardhur prej Mirdite. Un\u00eb do t\u00eb thosha se jemi dikund prej Oroshit dhe ne dy-tri familje jemi larguar prej aty, p\u00ebr t\u2019u vendosur diku n\u00eb af\u00ebrsi t\u00eb Ulqinit, 5 km n\u00eb fshatin Pesell. Kjo tradit\u00eb asnj\u00ebher\u00eb nuk \u00ebsht\u00eb zbehur edhe at\u00ebher\u00eb, kur kemi pasur probleme p\u00ebr shkak t\u00eb k\u00ebtij mbiemri n\u00eb koh\u00ebra t\u00eb ndryshme, si n\u00eb koh\u00ebn e Jugosllavis\u00eb s\u00eb vjet\u00ebr, qoft\u00eb n\u00eb k\u00ebt\u00eb t\u00eb fundit. K\u00ebtu kam nj\u00eb k\u00ebnaq\u00ebsi t\u00eb madhe, ndoshta nj\u00eb lloj krenarie, mbasi asnj\u00ebher\u00eb, n\u00eb asnj\u00eb moment, n\u00eb asnj\u00eb dokument a tapi, nuk e kemi nd\u00ebrruar mbiemrin Mirdita.\u201d( [8])<\/p>\n<p>Imzot Rrok Mirdita, n\u00eb rezidenc\u00ebn e tij n\u00eb Arqipeshkvin\u00eb Metropolitane Tiran\u00eb, n\u00eb vitin 2003, shkroi librin voluminoz: \u201cP\u00ebr nj\u00eb Shqip\u00ebri me Zotin\u201d (10 vjet Arqipeshk\u00ebv n\u00eb Tiran\u00eb), ku p\u00ebrfshihen shkrime t\u00eb zgjedhura. N\u00eb hyrje t\u00eb vepr\u00ebs autori, Imzot Mirdita, shkruan: \u201cNe, k\u00ebtu n\u00eb Shqip\u00ebri, do t\u00eb p\u00ebrpiqemi t\u00eb ruajm\u00eb harmonin\u00eb v\u00ebllaz\u00ebrore dhe t\u00eb nd\u00ebrtojm\u00eb nj\u00eb Shqip\u00ebri, rreth s\u00eb cil\u00ebs, sikurse rreth nj\u00eb vatre, mblidhen t\u00eb gjith\u00eb shqiptar\u00ebt, pa dallim.\u201d<\/p>\n","protected":false},"excerpt":{"rendered":"<p>(Komuniteti shqiptaro-amerikan\u00eb i New York-ut ndan g\u00ebzimin me ish-bariun e vet shpirt\u00ebror Imzot Mirdita) Nga Tom\u00eb Mrijaj, New York N\u00eb nj\u00eb ceremoni zyrtare t\u00eb zhvilluar n\u00eb Pallatin e Brigadave, Presidenti i Shqip\u00ebris\u00eb Bamir Topi, dekoroi me Urdh\u00ebrin &#8220;Gjergj Kastrioti Sk\u00ebnderbeu&#8221;, Imzot Rrok Mirdit\u00ebn, kryeipeshk\u00ebv i Tiran\u00eb-Durr\u00ebsit dhe President i Konferenc\u00ebs Ipeshkvnore Katolike t\u00eb Shqip\u00ebris\u00eb. Arqipeshk\u00ebvi [&hellip;]<\/p>\n","protected":false},"author":1,"featured_media":0,"comment_status":"open","ping_status":"closed","sticky":false,"template":"","format":"standard","meta":{"footnotes":""},"categories":[2],"tags":[],"class_list":{"0":"post-2127","1":"post","2":"type-post","3":"status-publish","4":"format-standard","6":"category-artikuj"},"yoast_head":"<!-- This site is optimized with the Yoast SEO plugin v27.4 - https:\/\/yoast.com\/product\/yoast-seo-wordpress\/ -->\n<title>Heroi Komb\u00ebtar Gjergj Kastrioti dhe E Lumja N\u00ebn\u00eb Tereza n\u00eb gjoksin e Imzot Rrok Mirdit\u00ebs - FjALA e LIR\u00cb - Arkivi<\/title>\n<meta name=\"robots\" content=\"index, follow, max-snippet:-1, max-image-preview:large, max-video-preview:-1\" \/>\n<link rel=\"canonical\" href=\"https:\/\/fjala.info\/2009-2015\/heroi-kombetar-gjergj-kastrioti-dhe-e-lumja-nene-tereza-ne-gjoksin-e-imzot-rrok-mirdites\/\" \/>\n<meta property=\"og:locale\" content=\"sq_AL\" \/>\n<meta property=\"og:type\" content=\"article\" \/>\n<meta property=\"og:title\" content=\"Heroi Komb\u00ebtar Gjergj Kastrioti dhe E Lumja N\u00ebn\u00eb Tereza n\u00eb gjoksin e Imzot Rrok Mirdit\u00ebs - FjALA e LIR\u00cb - Arkivi\" \/>\n<meta property=\"og:description\" content=\"(Komuniteti shqiptaro-amerikan\u00eb i New York-ut ndan g\u00ebzimin me ish-bariun e vet shpirt\u00ebror Imzot Mirdita) Nga Tom\u00eb Mrijaj, New York N\u00eb nj\u00eb ceremoni zyrtare t\u00eb zhvilluar n\u00eb Pallatin e Brigadave, Presidenti i Shqip\u00ebris\u00eb Bamir Topi, dekoroi me Urdh\u00ebrin &#8220;Gjergj Kastrioti Sk\u00ebnderbeu&#8221;, Imzot Rrok Mirdit\u00ebn, kryeipeshk\u00ebv i Tiran\u00eb-Durr\u00ebsit dhe President i Konferenc\u00ebs Ipeshkvnore Katolike t\u00eb Shqip\u00ebris\u00eb. Arqipeshk\u00ebvi [&hellip;]\" \/>\n<meta property=\"og:url\" content=\"https:\/\/fjala.info\/2009-2015\/heroi-kombetar-gjergj-kastrioti-dhe-e-lumja-nene-tereza-ne-gjoksin-e-imzot-rrok-mirdites\/\" \/>\n<meta property=\"og:site_name\" content=\"FjALA e LIR\u00cb - Arkivi\" \/>\n<meta property=\"article:published_time\" content=\"2010-04-07T05:22:41+00:00\" \/>\n<meta property=\"og:image\" content=\"http:\/\/www.shkoder.net\/images\/fjala\/2010\/mons_mirdita_papa_pali_II.jpg\" \/>\n<meta name=\"author\" content=\"admin\" \/>\n<meta name=\"twitter:card\" content=\"summary_large_image\" \/>\n<meta name=\"twitter:label1\" content=\"Written by\" \/>\n\t<meta name=\"twitter:data1\" content=\"admin\" \/>\n\t<meta name=\"twitter:label2\" content=\"Est. reading time\" \/>\n\t<meta name=\"twitter:data2\" content=\"32 minutes\" \/>\n<script type=\"application\/ld+json\" class=\"yoast-schema-graph\">{\"@context\":\"https:\\\/\\\/schema.org\",\"@graph\":[{\"@type\":\"Article\",\"@id\":\"https:\\\/\\\/fjala.info\\\/2009-2015\\\/heroi-kombetar-gjergj-kastrioti-dhe-e-lumja-nene-tereza-ne-gjoksin-e-imzot-rrok-mirdites\\\/#article\",\"isPartOf\":{\"@id\":\"https:\\\/\\\/fjala.info\\\/2009-2015\\\/heroi-kombetar-gjergj-kastrioti-dhe-e-lumja-nene-tereza-ne-gjoksin-e-imzot-rrok-mirdites\\\/\"},\"author\":{\"name\":\"admin\",\"@id\":\"https:\\\/\\\/fjala.info\\\/2009-2015\\\/#\\\/schema\\\/person\\\/3aa1163ef05469c496fc94e77611ada2\"},\"headline\":\"Heroi Komb\u00ebtar Gjergj Kastrioti dhe E Lumja N\u00ebn\u00eb Tereza n\u00eb gjoksin e Imzot Rrok Mirdit\u00ebs\",\"datePublished\":\"2010-04-07T05:22:41+00:00\",\"mainEntityOfPage\":{\"@id\":\"https:\\\/\\\/fjala.info\\\/2009-2015\\\/heroi-kombetar-gjergj-kastrioti-dhe-e-lumja-nene-tereza-ne-gjoksin-e-imzot-rrok-mirdites\\\/\"},\"wordCount\":6379,\"commentCount\":0,\"publisher\":{\"@id\":\"https:\\\/\\\/fjala.info\\\/2009-2015\\\/#organization\"},\"image\":{\"@id\":\"https:\\\/\\\/fjala.info\\\/2009-2015\\\/heroi-kombetar-gjergj-kastrioti-dhe-e-lumja-nene-tereza-ne-gjoksin-e-imzot-rrok-mirdites\\\/#primaryimage\"},\"thumbnailUrl\":\"http:\\\/\\\/www.shkoder.net\\\/images\\\/fjala\\\/2010\\\/mons_mirdita_papa_pali_II.jpg\",\"articleSection\":[\"Artikuj\"],\"inLanguage\":\"sq-AL\",\"potentialAction\":[{\"@type\":\"CommentAction\",\"name\":\"Comment\",\"target\":[\"https:\\\/\\\/fjala.info\\\/2009-2015\\\/heroi-kombetar-gjergj-kastrioti-dhe-e-lumja-nene-tereza-ne-gjoksin-e-imzot-rrok-mirdites\\\/#respond\"]}]},{\"@type\":\"WebPage\",\"@id\":\"https:\\\/\\\/fjala.info\\\/2009-2015\\\/heroi-kombetar-gjergj-kastrioti-dhe-e-lumja-nene-tereza-ne-gjoksin-e-imzot-rrok-mirdites\\\/\",\"url\":\"https:\\\/\\\/fjala.info\\\/2009-2015\\\/heroi-kombetar-gjergj-kastrioti-dhe-e-lumja-nene-tereza-ne-gjoksin-e-imzot-rrok-mirdites\\\/\",\"name\":\"Heroi Komb\u00ebtar Gjergj Kastrioti dhe E Lumja N\u00ebn\u00eb Tereza n\u00eb gjoksin e Imzot Rrok Mirdit\u00ebs - FjALA e LIR\u00cb - Arkivi\",\"isPartOf\":{\"@id\":\"https:\\\/\\\/fjala.info\\\/2009-2015\\\/#website\"},\"primaryImageOfPage\":{\"@id\":\"https:\\\/\\\/fjala.info\\\/2009-2015\\\/heroi-kombetar-gjergj-kastrioti-dhe-e-lumja-nene-tereza-ne-gjoksin-e-imzot-rrok-mirdites\\\/#primaryimage\"},\"image\":{\"@id\":\"https:\\\/\\\/fjala.info\\\/2009-2015\\\/heroi-kombetar-gjergj-kastrioti-dhe-e-lumja-nene-tereza-ne-gjoksin-e-imzot-rrok-mirdites\\\/#primaryimage\"},\"thumbnailUrl\":\"http:\\\/\\\/www.shkoder.net\\\/images\\\/fjala\\\/2010\\\/mons_mirdita_papa_pali_II.jpg\",\"datePublished\":\"2010-04-07T05:22:41+00:00\",\"breadcrumb\":{\"@id\":\"https:\\\/\\\/fjala.info\\\/2009-2015\\\/heroi-kombetar-gjergj-kastrioti-dhe-e-lumja-nene-tereza-ne-gjoksin-e-imzot-rrok-mirdites\\\/#breadcrumb\"},\"inLanguage\":\"sq-AL\",\"potentialAction\":[{\"@type\":\"ReadAction\",\"target\":[\"https:\\\/\\\/fjala.info\\\/2009-2015\\\/heroi-kombetar-gjergj-kastrioti-dhe-e-lumja-nene-tereza-ne-gjoksin-e-imzot-rrok-mirdites\\\/\"]}]},{\"@type\":\"ImageObject\",\"inLanguage\":\"sq-AL\",\"@id\":\"https:\\\/\\\/fjala.info\\\/2009-2015\\\/heroi-kombetar-gjergj-kastrioti-dhe-e-lumja-nene-tereza-ne-gjoksin-e-imzot-rrok-mirdites\\\/#primaryimage\",\"url\":\"http:\\\/\\\/www.shkoder.net\\\/images\\\/fjala\\\/2010\\\/mons_mirdita_papa_pali_II.jpg\",\"contentUrl\":\"http:\\\/\\\/www.shkoder.net\\\/images\\\/fjala\\\/2010\\\/mons_mirdita_papa_pali_II.jpg\"},{\"@type\":\"BreadcrumbList\",\"@id\":\"https:\\\/\\\/fjala.info\\\/2009-2015\\\/heroi-kombetar-gjergj-kastrioti-dhe-e-lumja-nene-tereza-ne-gjoksin-e-imzot-rrok-mirdites\\\/#breadcrumb\",\"itemListElement\":[{\"@type\":\"ListItem\",\"position\":1,\"name\":\"Home\",\"item\":\"https:\\\/\\\/fjala.info\\\/2009-2015\\\/\"},{\"@type\":\"ListItem\",\"position\":2,\"name\":\"Heroi Komb\u00ebtar Gjergj Kastrioti dhe E Lumja N\u00ebn\u00eb Tereza n\u00eb gjoksin e Imzot Rrok Mirdit\u00ebs\"}]},{\"@type\":\"WebSite\",\"@id\":\"https:\\\/\\\/fjala.info\\\/2009-2015\\\/#website\",\"url\":\"https:\\\/\\\/fjala.info\\\/2009-2015\\\/\",\"name\":\"FjALA e LIR\u00cb - Arkivi\",\"description\":\"Arkivi 2009-2015\",\"publisher\":{\"@id\":\"https:\\\/\\\/fjala.info\\\/2009-2015\\\/#organization\"},\"potentialAction\":[{\"@type\":\"SearchAction\",\"target\":{\"@type\":\"EntryPoint\",\"urlTemplate\":\"https:\\\/\\\/fjala.info\\\/2009-2015\\\/?s={search_term_string}\"},\"query-input\":{\"@type\":\"PropertyValueSpecification\",\"valueRequired\":true,\"valueName\":\"search_term_string\"}}],\"inLanguage\":\"sq-AL\"},{\"@type\":\"Organization\",\"@id\":\"https:\\\/\\\/fjala.info\\\/2009-2015\\\/#organization\",\"name\":\"FjALA e LIR\u00cb - Arkivi\",\"url\":\"https:\\\/\\\/fjala.info\\\/2009-2015\\\/\",\"logo\":{\"@type\":\"ImageObject\",\"inLanguage\":\"sq-AL\",\"@id\":\"https:\\\/\\\/fjala.info\\\/2009-2015\\\/#\\\/schema\\\/logo\\\/image\\\/\",\"url\":\"\",\"contentUrl\":\"\",\"caption\":\"FjALA e LIR\u00cb - Arkivi\"},\"image\":{\"@id\":\"https:\\\/\\\/fjala.info\\\/2009-2015\\\/#\\\/schema\\\/logo\\\/image\\\/\"}},{\"@type\":\"Person\",\"@id\":\"https:\\\/\\\/fjala.info\\\/2009-2015\\\/#\\\/schema\\\/person\\\/3aa1163ef05469c496fc94e77611ada2\",\"name\":\"admin\",\"image\":{\"@type\":\"ImageObject\",\"inLanguage\":\"sq-AL\",\"@id\":\"https:\\\/\\\/fjala.info\\\/2009-2015\\\/wp-content\\\/uploads\\\/2012\\\/02\\\/arben_cokaj-120x150.jpg\",\"url\":\"https:\\\/\\\/fjala.info\\\/2009-2015\\\/wp-content\\\/uploads\\\/2012\\\/02\\\/arben_cokaj-120x150.jpg\",\"contentUrl\":\"https:\\\/\\\/fjala.info\\\/2009-2015\\\/wp-content\\\/uploads\\\/2012\\\/02\\\/arben_cokaj-120x150.jpg\",\"caption\":\"admin\"},\"description\":\"Admin, Fjala e Lir\u00eb\",\"sameAs\":[\"https:\\\/\\\/fjala.info\\\/\"],\"url\":\"https:\\\/\\\/fjala.info\\\/2009-2015\\\/author\\\/admin\\\/\"}]}<\/script>\n<!-- \/ Yoast SEO plugin. -->","yoast_head_json":{"title":"Heroi Komb\u00ebtar Gjergj Kastrioti dhe E Lumja N\u00ebn\u00eb Tereza n\u00eb gjoksin e Imzot Rrok Mirdit\u00ebs - FjALA e LIR\u00cb - Arkivi","robots":{"index":"index","follow":"follow","max-snippet":"max-snippet:-1","max-image-preview":"max-image-preview:large","max-video-preview":"max-video-preview:-1"},"canonical":"https:\/\/fjala.info\/2009-2015\/heroi-kombetar-gjergj-kastrioti-dhe-e-lumja-nene-tereza-ne-gjoksin-e-imzot-rrok-mirdites\/","og_locale":"sq_AL","og_type":"article","og_title":"Heroi Komb\u00ebtar Gjergj Kastrioti dhe E Lumja N\u00ebn\u00eb Tereza n\u00eb gjoksin e Imzot Rrok Mirdit\u00ebs - FjALA e LIR\u00cb - Arkivi","og_description":"(Komuniteti shqiptaro-amerikan\u00eb i New York-ut ndan g\u00ebzimin me ish-bariun e vet shpirt\u00ebror Imzot Mirdita) Nga Tom\u00eb Mrijaj, New York N\u00eb nj\u00eb ceremoni zyrtare t\u00eb zhvilluar n\u00eb Pallatin e Brigadave, Presidenti i Shqip\u00ebris\u00eb Bamir Topi, dekoroi me Urdh\u00ebrin &#8220;Gjergj Kastrioti Sk\u00ebnderbeu&#8221;, Imzot Rrok Mirdit\u00ebn, kryeipeshk\u00ebv i Tiran\u00eb-Durr\u00ebsit dhe President i Konferenc\u00ebs Ipeshkvnore Katolike t\u00eb Shqip\u00ebris\u00eb. Arqipeshk\u00ebvi [&hellip;]","og_url":"https:\/\/fjala.info\/2009-2015\/heroi-kombetar-gjergj-kastrioti-dhe-e-lumja-nene-tereza-ne-gjoksin-e-imzot-rrok-mirdites\/","og_site_name":"FjALA e LIR\u00cb - Arkivi","article_published_time":"2010-04-07T05:22:41+00:00","og_image":[{"url":"http:\/\/www.shkoder.net\/images\/fjala\/2010\/mons_mirdita_papa_pali_II.jpg","type":"","width":"","height":""}],"author":"admin","twitter_card":"summary_large_image","twitter_misc":{"Written by":"admin","Est. reading time":"32 minutes"},"schema":{"@context":"https:\/\/schema.org","@graph":[{"@type":"Article","@id":"https:\/\/fjala.info\/2009-2015\/heroi-kombetar-gjergj-kastrioti-dhe-e-lumja-nene-tereza-ne-gjoksin-e-imzot-rrok-mirdites\/#article","isPartOf":{"@id":"https:\/\/fjala.info\/2009-2015\/heroi-kombetar-gjergj-kastrioti-dhe-e-lumja-nene-tereza-ne-gjoksin-e-imzot-rrok-mirdites\/"},"author":{"name":"admin","@id":"https:\/\/fjala.info\/2009-2015\/#\/schema\/person\/3aa1163ef05469c496fc94e77611ada2"},"headline":"Heroi Komb\u00ebtar Gjergj Kastrioti dhe E Lumja N\u00ebn\u00eb Tereza n\u00eb gjoksin e Imzot Rrok Mirdit\u00ebs","datePublished":"2010-04-07T05:22:41+00:00","mainEntityOfPage":{"@id":"https:\/\/fjala.info\/2009-2015\/heroi-kombetar-gjergj-kastrioti-dhe-e-lumja-nene-tereza-ne-gjoksin-e-imzot-rrok-mirdites\/"},"wordCount":6379,"commentCount":0,"publisher":{"@id":"https:\/\/fjala.info\/2009-2015\/#organization"},"image":{"@id":"https:\/\/fjala.info\/2009-2015\/heroi-kombetar-gjergj-kastrioti-dhe-e-lumja-nene-tereza-ne-gjoksin-e-imzot-rrok-mirdites\/#primaryimage"},"thumbnailUrl":"http:\/\/www.shkoder.net\/images\/fjala\/2010\/mons_mirdita_papa_pali_II.jpg","articleSection":["Artikuj"],"inLanguage":"sq-AL","potentialAction":[{"@type":"CommentAction","name":"Comment","target":["https:\/\/fjala.info\/2009-2015\/heroi-kombetar-gjergj-kastrioti-dhe-e-lumja-nene-tereza-ne-gjoksin-e-imzot-rrok-mirdites\/#respond"]}]},{"@type":"WebPage","@id":"https:\/\/fjala.info\/2009-2015\/heroi-kombetar-gjergj-kastrioti-dhe-e-lumja-nene-tereza-ne-gjoksin-e-imzot-rrok-mirdites\/","url":"https:\/\/fjala.info\/2009-2015\/heroi-kombetar-gjergj-kastrioti-dhe-e-lumja-nene-tereza-ne-gjoksin-e-imzot-rrok-mirdites\/","name":"Heroi Komb\u00ebtar Gjergj Kastrioti dhe E Lumja N\u00ebn\u00eb Tereza n\u00eb gjoksin e Imzot Rrok Mirdit\u00ebs - FjALA e LIR\u00cb - Arkivi","isPartOf":{"@id":"https:\/\/fjala.info\/2009-2015\/#website"},"primaryImageOfPage":{"@id":"https:\/\/fjala.info\/2009-2015\/heroi-kombetar-gjergj-kastrioti-dhe-e-lumja-nene-tereza-ne-gjoksin-e-imzot-rrok-mirdites\/#primaryimage"},"image":{"@id":"https:\/\/fjala.info\/2009-2015\/heroi-kombetar-gjergj-kastrioti-dhe-e-lumja-nene-tereza-ne-gjoksin-e-imzot-rrok-mirdites\/#primaryimage"},"thumbnailUrl":"http:\/\/www.shkoder.net\/images\/fjala\/2010\/mons_mirdita_papa_pali_II.jpg","datePublished":"2010-04-07T05:22:41+00:00","breadcrumb":{"@id":"https:\/\/fjala.info\/2009-2015\/heroi-kombetar-gjergj-kastrioti-dhe-e-lumja-nene-tereza-ne-gjoksin-e-imzot-rrok-mirdites\/#breadcrumb"},"inLanguage":"sq-AL","potentialAction":[{"@type":"ReadAction","target":["https:\/\/fjala.info\/2009-2015\/heroi-kombetar-gjergj-kastrioti-dhe-e-lumja-nene-tereza-ne-gjoksin-e-imzot-rrok-mirdites\/"]}]},{"@type":"ImageObject","inLanguage":"sq-AL","@id":"https:\/\/fjala.info\/2009-2015\/heroi-kombetar-gjergj-kastrioti-dhe-e-lumja-nene-tereza-ne-gjoksin-e-imzot-rrok-mirdites\/#primaryimage","url":"http:\/\/www.shkoder.net\/images\/fjala\/2010\/mons_mirdita_papa_pali_II.jpg","contentUrl":"http:\/\/www.shkoder.net\/images\/fjala\/2010\/mons_mirdita_papa_pali_II.jpg"},{"@type":"BreadcrumbList","@id":"https:\/\/fjala.info\/2009-2015\/heroi-kombetar-gjergj-kastrioti-dhe-e-lumja-nene-tereza-ne-gjoksin-e-imzot-rrok-mirdites\/#breadcrumb","itemListElement":[{"@type":"ListItem","position":1,"name":"Home","item":"https:\/\/fjala.info\/2009-2015\/"},{"@type":"ListItem","position":2,"name":"Heroi Komb\u00ebtar Gjergj Kastrioti dhe E Lumja N\u00ebn\u00eb Tereza n\u00eb gjoksin e Imzot Rrok Mirdit\u00ebs"}]},{"@type":"WebSite","@id":"https:\/\/fjala.info\/2009-2015\/#website","url":"https:\/\/fjala.info\/2009-2015\/","name":"FjALA e LIR\u00cb - Arkivi","description":"Arkivi 2009-2015","publisher":{"@id":"https:\/\/fjala.info\/2009-2015\/#organization"},"potentialAction":[{"@type":"SearchAction","target":{"@type":"EntryPoint","urlTemplate":"https:\/\/fjala.info\/2009-2015\/?s={search_term_string}"},"query-input":{"@type":"PropertyValueSpecification","valueRequired":true,"valueName":"search_term_string"}}],"inLanguage":"sq-AL"},{"@type":"Organization","@id":"https:\/\/fjala.info\/2009-2015\/#organization","name":"FjALA e LIR\u00cb - Arkivi","url":"https:\/\/fjala.info\/2009-2015\/","logo":{"@type":"ImageObject","inLanguage":"sq-AL","@id":"https:\/\/fjala.info\/2009-2015\/#\/schema\/logo\/image\/","url":"","contentUrl":"","caption":"FjALA e LIR\u00cb - Arkivi"},"image":{"@id":"https:\/\/fjala.info\/2009-2015\/#\/schema\/logo\/image\/"}},{"@type":"Person","@id":"https:\/\/fjala.info\/2009-2015\/#\/schema\/person\/3aa1163ef05469c496fc94e77611ada2","name":"admin","image":{"@type":"ImageObject","inLanguage":"sq-AL","@id":"https:\/\/fjala.info\/2009-2015\/wp-content\/uploads\/2012\/02\/arben_cokaj-120x150.jpg","url":"https:\/\/fjala.info\/2009-2015\/wp-content\/uploads\/2012\/02\/arben_cokaj-120x150.jpg","contentUrl":"https:\/\/fjala.info\/2009-2015\/wp-content\/uploads\/2012\/02\/arben_cokaj-120x150.jpg","caption":"admin"},"description":"Admin, Fjala e Lir\u00eb","sameAs":["https:\/\/fjala.info\/"],"url":"https:\/\/fjala.info\/2009-2015\/author\/admin\/"}]}},"_links":{"self":[{"href":"https:\/\/fjala.info\/2009-2015\/wp-json\/wp\/v2\/posts\/2127","targetHints":{"allow":["GET"]}}],"collection":[{"href":"https:\/\/fjala.info\/2009-2015\/wp-json\/wp\/v2\/posts"}],"about":[{"href":"https:\/\/fjala.info\/2009-2015\/wp-json\/wp\/v2\/types\/post"}],"author":[{"embeddable":true,"href":"https:\/\/fjala.info\/2009-2015\/wp-json\/wp\/v2\/users\/1"}],"replies":[{"embeddable":true,"href":"https:\/\/fjala.info\/2009-2015\/wp-json\/wp\/v2\/comments?post=2127"}],"version-history":[{"count":0,"href":"https:\/\/fjala.info\/2009-2015\/wp-json\/wp\/v2\/posts\/2127\/revisions"}],"wp:attachment":[{"href":"https:\/\/fjala.info\/2009-2015\/wp-json\/wp\/v2\/media?parent=2127"}],"wp:term":[{"taxonomy":"category","embeddable":true,"href":"https:\/\/fjala.info\/2009-2015\/wp-json\/wp\/v2\/categories?post=2127"},{"taxonomy":"post_tag","embeddable":true,"href":"https:\/\/fjala.info\/2009-2015\/wp-json\/wp\/v2\/tags?post=2127"}],"curies":[{"name":"wp","href":"https:\/\/api.w.org\/{rel}","templated":true}]}}