{"id":2120,"date":"2012-03-10T16:19:32","date_gmt":"2012-03-10T15:19:32","guid":{"rendered":"http:\/\/fjala.shkoder.net\/?p=2120"},"modified":"2012-03-10T16:19:32","modified_gmt":"2012-03-10T15:19:32","slug":"startojne-aktivitetet-per-100-vjetorin-e-shpalljes-se-pavaresise-se-shqiperise-ne-bukuresht","status":"publish","type":"post","link":"https:\/\/fjala.info\/2009-2015\/startojne-aktivitetet-per-100-vjetorin-e-shpalljes-se-pavaresise-se-shqiperise-ne-bukuresht\/","title":{"rendered":"Startojn\u00eb aktivitetet p\u00ebr 100-vjetorin e Shpalljes s\u00eb Pavar\u00ebsis\u00eb s\u00eb Shqip\u00ebris\u00eb n\u00eb Bukuresht"},"content":{"rendered":"<p><img decoding=\"async\" class=\"alignright size-thumbnail wp-image-7236\" title=\"Baki Ymeri\" src=\"http:\/\/www.shkoder.net\/images\/fjala\/baki_ymeri.jpg\" alt=\"\" width=\"150\" \/> <strong>Baki Ymeri<\/strong><\/p>\n<p>Klubi Boema 33, q\u00eb ndodhet n\u00eb zem\u00ebr t\u00eb Bukureshtit, \u00ebsht\u00eb shnd\u00ebrruar n\u00eb nj\u00eb vat\u00ebr mikprit\u00ebse t\u00eb kultur\u00ebs shqiptare dhe vlerave t\u00eb saj. N\u00eb kuadrin e k\u00ebsaj qendre jan\u00eb zhvilluar nj\u00eb ser\u00eb manifestimesh kulturore me prezantime librash t\u00eb p\u00ebrkthyera nga gjuha shqipe n\u00eb gjuh\u00ebn rumune dhe anasjelltas. Tryeza e par\u00eb e miq\u00ebsis\u00eb rumuno-shqiptare, me pranin\u00eb e dashamir\u00ebve t\u00eb Shqip\u00ebris\u00eb dhe Ambasad\u00ebs Shqiptare n\u00eb Bukuresht, u mbajt para disa vitesh, me rastin e xhirimeve t\u00eb Televizionit t\u00eb Kosov\u00ebs n\u00eb Bukuresht, Konstanc\u00eb e disa qendra tjera, ku sot e k\u00ebsaj dite jetojn\u00eb bijt\u00eb dhe bijat e rilind\u00ebsve tan\u00eb. Pasuan pastaj prezantimi i veprave t\u00eb disa poet\u00ebve nga Kosova si Basri \u00c7apriqi, Miradije Ramiqi, Halil Haxhosaj, Fehmi Kelmendi e tjer\u00eb, nd\u00ebrsa lansimi i par\u00eb i nj\u00eb poeti kosovar (Sali Bashota), u mbajt n\u00eb kuadrin e Muzeut t\u00eb Let\u00ebrsis\u00eb Rumune, q\u00eb ndodhet n\u00eb af\u00ebrsi t\u00eb restorantit \u201cBoema 33\u201d (2005).<\/p>\n<p><img decoding=\"async\" class=\"alignleft size-thumbnail wp-image-7236\" title=\"Bukuresht\" src=\"http:\/\/www.shkoder.net\/2012\/bukuresht.jpg\" alt=\"\" width=\"300\" \/>Takimi i 8 marsit 2012, me dashamir\u00ebs t\u00eb kultur\u00ebs shqiptare, ishte dhe startim i kremtimit t\u00eb 100 vjetorit t\u00eb pavar\u00ebsis\u00eb s\u00eb Shqip\u00ebris\u00eb dhe kontinuitet i afirmimit t\u00eb kultur\u00ebs shqiptare n\u00eb trojet rumune. Me k\u00ebt\u00eb rast u \u00e7el seria e re e manifestimeve shqiptare n\u00eb veri t\u00eb Danubit, me prezantimin e revist\u00ebs Shqiptari, t\u00eb disa antologjive me autor\u00eb t\u00eb p\u00ebrbashk\u00ebt, t\u00eb disa veprave t\u00eb autor\u00ebve rumun\u00eb t\u00eb rik\u00ebnduar n\u00eb gjuh\u00ebn shqipe, dhe t\u00eb disa autor\u00ebve nga Kosova dhe diaspora shqiptare, t\u00eb botuara n\u00eb Bukuresht. Manifestimin n\u00eb fjal\u00eb e nderuan edhe disa dashamir\u00eb t\u00eb kultur\u00ebs shqiptare, me rastin e Dit\u00ebs Nd\u00ebrkomb\u00ebtare t\u00eb Gruas, si dhe sopranoja e mir\u00ebnjohur shqiptare, artistja lirike Arlinda Morava, me nism\u00ebn e s\u00eb cil\u00ebs dhe me mb\u00ebshtetjen e Bashk\u00ebsis\u00eb Kulturore t\u00eb Shqiptar\u00ebve t\u00eb Rumanis\u00eb u krye ky manifestim.<\/p>\n<p style=\"text-align: center;\"><img decoding=\"async\" class=\"aligncenter size-thumbnail wp-image-7236\" title=\"Viorela Codreanu dhe Arlinda Morava\" src=\"http:\/\/www.shkoder.net\/2012\/viorela_codreanu_arlinda_morava.jpg\" alt=\"\" width=\"450\" \/><em>Viorela Codreanu, nga e majta, dhe Arlinda Morava n\u00eb t\u00eb djatht\u00eb<\/em><\/p>\n<p>K\u00ebt\u00eb takim t\u00eb p\u00ebrzem\u00ebrt e nderuan edhe krijues t\u00eb mir\u00ebnjohur rumun\u00eb, si Mihai Antonesku, poet, romansier dhe eseist, autor i librit \u201cDardania e zemrave tona\u201d, poet\u00ebt Florin Kostinesku dhe Gabriel Vin\u00e7enciu Malaesku, diplomati Gjergj Bukura (Gheorghe Bucura, nj\u00eb mik i madh i Kosov\u00ebs dhe kultur\u00ebs shqiptare), Ambasadori Alexandru Mica, poeteshat Viorela Kodreanu, Ane Maria Bezhliu si dhe nj\u00eb num\u00ebr i konsideruar miqsh e dashamir\u00ebsh t\u00eb shpirtit shqiptar n\u00eb k\u00ebt\u00eb vat\u00ebr t\u00eb motshme t\u00eb rilind\u00ebsve tan\u00eb. Me k\u00ebt\u00eb rast Bashk\u00ebsia Kulturore e Shqiptar\u00ebve t\u00eb Rumanis\u00eb i dor\u00ebzoi znj. Arlinda Morava nj\u00eb Diplom\u00eb Shk\u00eblqesie, me motivacionin: \u201cP\u00ebr promovimin e kultur\u00ebs shqiptare n\u00eb Rumani\u201d, dhe n\u00eb gjith\u00eb Europ\u00ebn.<\/p>\n<p style=\"text-align: center;\"><img decoding=\"async\" class=\"aligncenter size-thumbnail wp-image-7236\" title=\"Viorela Codreanu dhe Arlinda Morava\" src=\"http:\/\/www.shkoder.net\/2012\/mihai_antonescu_etj.jpg\" alt=\"\" width=\"450\" \/><em>Mihai Antonescu para Sk\u00ebnderbeut dhe flamurit shqiptar<\/em><\/p>\n<p style=\"text-align: center;\"><img decoding=\"async\" class=\"aligncenter size-thumbnail wp-image-7236\" title=\"Viorela Codreanu dhe Arlinda Morava\" src=\"http:\/\/www.shkoder.net\/2012\/arlinda_morava_gjergj_bukura.jpg\" alt=\"\" width=\"450\" \/><em>Arlinda Morava dhe diplomati Gjergj Bukura (Gheorghe Bucura)<\/em><\/p>\n<p style=\"text-align: center;\"><img decoding=\"async\" class=\"aligncenter size-thumbnail wp-image-7236\" title=\"Viorela Codreanu dhe Arlinda Morava\" src=\"http:\/\/www.shkoder.net\/2012\/arlinda_morava_diplome_shkelqesie.jpg\" alt=\"\" width=\"450\" \/><em>Diplom\u00eb Shk\u00eblqesie n\u00eb adres\u00eb t\u00eb Zonj\u00ebs Arlinda Morava<\/em><\/p>\n","protected":false},"excerpt":{"rendered":"<p>Baki Ymeri Klubi Boema 33, q\u00eb ndodhet n\u00eb zem\u00ebr t\u00eb Bukureshtit, \u00ebsht\u00eb shnd\u00ebrruar n\u00eb nj\u00eb vat\u00ebr mikprit\u00ebse t\u00eb kultur\u00ebs shqiptare dhe vlerave t\u00eb saj. N\u00eb kuadrin e k\u00ebsaj qendre jan\u00eb zhvilluar nj\u00eb ser\u00eb manifestimesh kulturore me prezantime librash t\u00eb p\u00ebrkthyera nga gjuha shqipe n\u00eb gjuh\u00ebn rumune dhe anasjelltas. Tryeza e par\u00eb e miq\u00ebsis\u00eb rumuno-shqiptare, me [&hellip;]<\/p>\n","protected":false},"author":1,"featured_media":0,"comment_status":"open","ping_status":"closed","sticky":false,"template":"","format":"standard","meta":{"footnotes":""},"categories":[2],"tags":[],"class_list":{"0":"post-2120","1":"post","2":"type-post","3":"status-publish","4":"format-standard","6":"category-artikuj"},"yoast_head":"<!-- This site is optimized with the Yoast SEO plugin v27.4 - https:\/\/yoast.com\/product\/yoast-seo-wordpress\/ -->\n<title>Startojn\u00eb aktivitetet p\u00ebr 100-vjetorin e Shpalljes s\u00eb Pavar\u00ebsis\u00eb s\u00eb Shqip\u00ebris\u00eb n\u00eb Bukuresht - FjALA e LIR\u00cb - Arkivi<\/title>\n<meta name=\"robots\" content=\"index, follow, max-snippet:-1, max-image-preview:large, max-video-preview:-1\" \/>\n<link rel=\"canonical\" href=\"https:\/\/fjala.info\/2009-2015\/startojne-aktivitetet-per-100-vjetorin-e-shpalljes-se-pavaresise-se-shqiperise-ne-bukuresht\/\" \/>\n<meta property=\"og:locale\" content=\"sq_AL\" \/>\n<meta property=\"og:type\" content=\"article\" \/>\n<meta property=\"og:title\" content=\"Startojn\u00eb aktivitetet p\u00ebr 100-vjetorin e Shpalljes s\u00eb Pavar\u00ebsis\u00eb s\u00eb Shqip\u00ebris\u00eb n\u00eb Bukuresht - FjALA e LIR\u00cb - Arkivi\" \/>\n<meta property=\"og:description\" content=\"Baki Ymeri Klubi Boema 33, q\u00eb ndodhet n\u00eb zem\u00ebr t\u00eb Bukureshtit, \u00ebsht\u00eb shnd\u00ebrruar n\u00eb nj\u00eb vat\u00ebr mikprit\u00ebse t\u00eb kultur\u00ebs shqiptare dhe vlerave t\u00eb saj. N\u00eb kuadrin e k\u00ebsaj qendre jan\u00eb zhvilluar nj\u00eb ser\u00eb manifestimesh kulturore me prezantime librash t\u00eb p\u00ebrkthyera nga gjuha shqipe n\u00eb gjuh\u00ebn rumune dhe anasjelltas. Tryeza e par\u00eb e miq\u00ebsis\u00eb rumuno-shqiptare, me [&hellip;]\" \/>\n<meta property=\"og:url\" content=\"https:\/\/fjala.info\/2009-2015\/startojne-aktivitetet-per-100-vjetorin-e-shpalljes-se-pavaresise-se-shqiperise-ne-bukuresht\/\" \/>\n<meta property=\"og:site_name\" content=\"FjALA e LIR\u00cb - Arkivi\" \/>\n<meta property=\"article:published_time\" content=\"2012-03-10T15:19:32+00:00\" \/>\n<meta property=\"og:image\" content=\"http:\/\/www.shkoder.net\/images\/fjala\/baki_ymeri.jpg\" \/>\n<meta name=\"author\" content=\"admin\" \/>\n<meta name=\"twitter:card\" content=\"summary_large_image\" \/>\n<meta name=\"twitter:label1\" content=\"Written by\" \/>\n\t<meta name=\"twitter:data1\" content=\"admin\" \/>\n\t<meta name=\"twitter:label2\" content=\"Est. reading time\" \/>\n\t<meta name=\"twitter:data2\" content=\"2 minutes\" \/>\n<script type=\"application\/ld+json\" class=\"yoast-schema-graph\">{\"@context\":\"https:\\\/\\\/schema.org\",\"@graph\":[{\"@type\":\"Article\",\"@id\":\"https:\\\/\\\/fjala.info\\\/2009-2015\\\/startojne-aktivitetet-per-100-vjetorin-e-shpalljes-se-pavaresise-se-shqiperise-ne-bukuresht\\\/#article\",\"isPartOf\":{\"@id\":\"https:\\\/\\\/fjala.info\\\/2009-2015\\\/startojne-aktivitetet-per-100-vjetorin-e-shpalljes-se-pavaresise-se-shqiperise-ne-bukuresht\\\/\"},\"author\":{\"name\":\"admin\",\"@id\":\"https:\\\/\\\/fjala.info\\\/2009-2015\\\/#\\\/schema\\\/person\\\/3aa1163ef05469c496fc94e77611ada2\"},\"headline\":\"Startojn\u00eb aktivitetet p\u00ebr 100-vjetorin e Shpalljes s\u00eb Pavar\u00ebsis\u00eb s\u00eb Shqip\u00ebris\u00eb n\u00eb Bukuresht\",\"datePublished\":\"2012-03-10T15:19:32+00:00\",\"mainEntityOfPage\":{\"@id\":\"https:\\\/\\\/fjala.info\\\/2009-2015\\\/startojne-aktivitetet-per-100-vjetorin-e-shpalljes-se-pavaresise-se-shqiperise-ne-bukuresht\\\/\"},\"wordCount\":490,\"commentCount\":0,\"publisher\":{\"@id\":\"https:\\\/\\\/fjala.info\\\/2009-2015\\\/#organization\"},\"image\":{\"@id\":\"https:\\\/\\\/fjala.info\\\/2009-2015\\\/startojne-aktivitetet-per-100-vjetorin-e-shpalljes-se-pavaresise-se-shqiperise-ne-bukuresht\\\/#primaryimage\"},\"thumbnailUrl\":\"http:\\\/\\\/www.shkoder.net\\\/images\\\/fjala\\\/baki_ymeri.jpg\",\"articleSection\":[\"Artikuj\"],\"inLanguage\":\"sq-AL\",\"potentialAction\":[{\"@type\":\"CommentAction\",\"name\":\"Comment\",\"target\":[\"https:\\\/\\\/fjala.info\\\/2009-2015\\\/startojne-aktivitetet-per-100-vjetorin-e-shpalljes-se-pavaresise-se-shqiperise-ne-bukuresht\\\/#respond\"]}]},{\"@type\":\"WebPage\",\"@id\":\"https:\\\/\\\/fjala.info\\\/2009-2015\\\/startojne-aktivitetet-per-100-vjetorin-e-shpalljes-se-pavaresise-se-shqiperise-ne-bukuresht\\\/\",\"url\":\"https:\\\/\\\/fjala.info\\\/2009-2015\\\/startojne-aktivitetet-per-100-vjetorin-e-shpalljes-se-pavaresise-se-shqiperise-ne-bukuresht\\\/\",\"name\":\"Startojn\u00eb aktivitetet p\u00ebr 100-vjetorin e Shpalljes s\u00eb Pavar\u00ebsis\u00eb s\u00eb Shqip\u00ebris\u00eb n\u00eb Bukuresht - FjALA e LIR\u00cb - Arkivi\",\"isPartOf\":{\"@id\":\"https:\\\/\\\/fjala.info\\\/2009-2015\\\/#website\"},\"primaryImageOfPage\":{\"@id\":\"https:\\\/\\\/fjala.info\\\/2009-2015\\\/startojne-aktivitetet-per-100-vjetorin-e-shpalljes-se-pavaresise-se-shqiperise-ne-bukuresht\\\/#primaryimage\"},\"image\":{\"@id\":\"https:\\\/\\\/fjala.info\\\/2009-2015\\\/startojne-aktivitetet-per-100-vjetorin-e-shpalljes-se-pavaresise-se-shqiperise-ne-bukuresht\\\/#primaryimage\"},\"thumbnailUrl\":\"http:\\\/\\\/www.shkoder.net\\\/images\\\/fjala\\\/baki_ymeri.jpg\",\"datePublished\":\"2012-03-10T15:19:32+00:00\",\"breadcrumb\":{\"@id\":\"https:\\\/\\\/fjala.info\\\/2009-2015\\\/startojne-aktivitetet-per-100-vjetorin-e-shpalljes-se-pavaresise-se-shqiperise-ne-bukuresht\\\/#breadcrumb\"},\"inLanguage\":\"sq-AL\",\"potentialAction\":[{\"@type\":\"ReadAction\",\"target\":[\"https:\\\/\\\/fjala.info\\\/2009-2015\\\/startojne-aktivitetet-per-100-vjetorin-e-shpalljes-se-pavaresise-se-shqiperise-ne-bukuresht\\\/\"]}]},{\"@type\":\"ImageObject\",\"inLanguage\":\"sq-AL\",\"@id\":\"https:\\\/\\\/fjala.info\\\/2009-2015\\\/startojne-aktivitetet-per-100-vjetorin-e-shpalljes-se-pavaresise-se-shqiperise-ne-bukuresht\\\/#primaryimage\",\"url\":\"http:\\\/\\\/www.shkoder.net\\\/images\\\/fjala\\\/baki_ymeri.jpg\",\"contentUrl\":\"http:\\\/\\\/www.shkoder.net\\\/images\\\/fjala\\\/baki_ymeri.jpg\"},{\"@type\":\"BreadcrumbList\",\"@id\":\"https:\\\/\\\/fjala.info\\\/2009-2015\\\/startojne-aktivitetet-per-100-vjetorin-e-shpalljes-se-pavaresise-se-shqiperise-ne-bukuresht\\\/#breadcrumb\",\"itemListElement\":[{\"@type\":\"ListItem\",\"position\":1,\"name\":\"Home\",\"item\":\"https:\\\/\\\/fjala.info\\\/2009-2015\\\/\"},{\"@type\":\"ListItem\",\"position\":2,\"name\":\"Startojn\u00eb aktivitetet p\u00ebr 100-vjetorin e Shpalljes s\u00eb Pavar\u00ebsis\u00eb s\u00eb Shqip\u00ebris\u00eb n\u00eb Bukuresht\"}]},{\"@type\":\"WebSite\",\"@id\":\"https:\\\/\\\/fjala.info\\\/2009-2015\\\/#website\",\"url\":\"https:\\\/\\\/fjala.info\\\/2009-2015\\\/\",\"name\":\"FjALA e LIR\u00cb - Arkivi\",\"description\":\"Arkivi 2009-2015\",\"publisher\":{\"@id\":\"https:\\\/\\\/fjala.info\\\/2009-2015\\\/#organization\"},\"potentialAction\":[{\"@type\":\"SearchAction\",\"target\":{\"@type\":\"EntryPoint\",\"urlTemplate\":\"https:\\\/\\\/fjala.info\\\/2009-2015\\\/?s={search_term_string}\"},\"query-input\":{\"@type\":\"PropertyValueSpecification\",\"valueRequired\":true,\"valueName\":\"search_term_string\"}}],\"inLanguage\":\"sq-AL\"},{\"@type\":\"Organization\",\"@id\":\"https:\\\/\\\/fjala.info\\\/2009-2015\\\/#organization\",\"name\":\"FjALA e LIR\u00cb - Arkivi\",\"url\":\"https:\\\/\\\/fjala.info\\\/2009-2015\\\/\",\"logo\":{\"@type\":\"ImageObject\",\"inLanguage\":\"sq-AL\",\"@id\":\"https:\\\/\\\/fjala.info\\\/2009-2015\\\/#\\\/schema\\\/logo\\\/image\\\/\",\"url\":\"\",\"contentUrl\":\"\",\"caption\":\"FjALA e LIR\u00cb - Arkivi\"},\"image\":{\"@id\":\"https:\\\/\\\/fjala.info\\\/2009-2015\\\/#\\\/schema\\\/logo\\\/image\\\/\"}},{\"@type\":\"Person\",\"@id\":\"https:\\\/\\\/fjala.info\\\/2009-2015\\\/#\\\/schema\\\/person\\\/3aa1163ef05469c496fc94e77611ada2\",\"name\":\"admin\",\"image\":{\"@type\":\"ImageObject\",\"inLanguage\":\"sq-AL\",\"@id\":\"https:\\\/\\\/fjala.info\\\/2009-2015\\\/wp-content\\\/uploads\\\/2012\\\/02\\\/arben_cokaj-120x150.jpg\",\"url\":\"https:\\\/\\\/fjala.info\\\/2009-2015\\\/wp-content\\\/uploads\\\/2012\\\/02\\\/arben_cokaj-120x150.jpg\",\"contentUrl\":\"https:\\\/\\\/fjala.info\\\/2009-2015\\\/wp-content\\\/uploads\\\/2012\\\/02\\\/arben_cokaj-120x150.jpg\",\"caption\":\"admin\"},\"description\":\"Admin, Fjala e Lir\u00eb\",\"sameAs\":[\"https:\\\/\\\/fjala.info\\\/\"],\"url\":\"https:\\\/\\\/fjala.info\\\/2009-2015\\\/author\\\/admin\\\/\"}]}<\/script>\n<!-- \/ Yoast SEO plugin. -->","yoast_head_json":{"title":"Startojn\u00eb aktivitetet p\u00ebr 100-vjetorin e Shpalljes s\u00eb Pavar\u00ebsis\u00eb s\u00eb Shqip\u00ebris\u00eb n\u00eb Bukuresht - FjALA e LIR\u00cb - Arkivi","robots":{"index":"index","follow":"follow","max-snippet":"max-snippet:-1","max-image-preview":"max-image-preview:large","max-video-preview":"max-video-preview:-1"},"canonical":"https:\/\/fjala.info\/2009-2015\/startojne-aktivitetet-per-100-vjetorin-e-shpalljes-se-pavaresise-se-shqiperise-ne-bukuresht\/","og_locale":"sq_AL","og_type":"article","og_title":"Startojn\u00eb aktivitetet p\u00ebr 100-vjetorin e Shpalljes s\u00eb Pavar\u00ebsis\u00eb s\u00eb Shqip\u00ebris\u00eb n\u00eb Bukuresht - FjALA e LIR\u00cb - Arkivi","og_description":"Baki Ymeri Klubi Boema 33, q\u00eb ndodhet n\u00eb zem\u00ebr t\u00eb Bukureshtit, \u00ebsht\u00eb shnd\u00ebrruar n\u00eb nj\u00eb vat\u00ebr mikprit\u00ebse t\u00eb kultur\u00ebs shqiptare dhe vlerave t\u00eb saj. N\u00eb kuadrin e k\u00ebsaj qendre jan\u00eb zhvilluar nj\u00eb ser\u00eb manifestimesh kulturore me prezantime librash t\u00eb p\u00ebrkthyera nga gjuha shqipe n\u00eb gjuh\u00ebn rumune dhe anasjelltas. Tryeza e par\u00eb e miq\u00ebsis\u00eb rumuno-shqiptare, me [&hellip;]","og_url":"https:\/\/fjala.info\/2009-2015\/startojne-aktivitetet-per-100-vjetorin-e-shpalljes-se-pavaresise-se-shqiperise-ne-bukuresht\/","og_site_name":"FjALA e LIR\u00cb - Arkivi","article_published_time":"2012-03-10T15:19:32+00:00","og_image":[{"url":"http:\/\/www.shkoder.net\/images\/fjala\/baki_ymeri.jpg","type":"","width":"","height":""}],"author":"admin","twitter_card":"summary_large_image","twitter_misc":{"Written by":"admin","Est. reading time":"2 minutes"},"schema":{"@context":"https:\/\/schema.org","@graph":[{"@type":"Article","@id":"https:\/\/fjala.info\/2009-2015\/startojne-aktivitetet-per-100-vjetorin-e-shpalljes-se-pavaresise-se-shqiperise-ne-bukuresht\/#article","isPartOf":{"@id":"https:\/\/fjala.info\/2009-2015\/startojne-aktivitetet-per-100-vjetorin-e-shpalljes-se-pavaresise-se-shqiperise-ne-bukuresht\/"},"author":{"name":"admin","@id":"https:\/\/fjala.info\/2009-2015\/#\/schema\/person\/3aa1163ef05469c496fc94e77611ada2"},"headline":"Startojn\u00eb aktivitetet p\u00ebr 100-vjetorin e Shpalljes s\u00eb Pavar\u00ebsis\u00eb s\u00eb Shqip\u00ebris\u00eb n\u00eb Bukuresht","datePublished":"2012-03-10T15:19:32+00:00","mainEntityOfPage":{"@id":"https:\/\/fjala.info\/2009-2015\/startojne-aktivitetet-per-100-vjetorin-e-shpalljes-se-pavaresise-se-shqiperise-ne-bukuresht\/"},"wordCount":490,"commentCount":0,"publisher":{"@id":"https:\/\/fjala.info\/2009-2015\/#organization"},"image":{"@id":"https:\/\/fjala.info\/2009-2015\/startojne-aktivitetet-per-100-vjetorin-e-shpalljes-se-pavaresise-se-shqiperise-ne-bukuresht\/#primaryimage"},"thumbnailUrl":"http:\/\/www.shkoder.net\/images\/fjala\/baki_ymeri.jpg","articleSection":["Artikuj"],"inLanguage":"sq-AL","potentialAction":[{"@type":"CommentAction","name":"Comment","target":["https:\/\/fjala.info\/2009-2015\/startojne-aktivitetet-per-100-vjetorin-e-shpalljes-se-pavaresise-se-shqiperise-ne-bukuresht\/#respond"]}]},{"@type":"WebPage","@id":"https:\/\/fjala.info\/2009-2015\/startojne-aktivitetet-per-100-vjetorin-e-shpalljes-se-pavaresise-se-shqiperise-ne-bukuresht\/","url":"https:\/\/fjala.info\/2009-2015\/startojne-aktivitetet-per-100-vjetorin-e-shpalljes-se-pavaresise-se-shqiperise-ne-bukuresht\/","name":"Startojn\u00eb aktivitetet p\u00ebr 100-vjetorin e Shpalljes s\u00eb Pavar\u00ebsis\u00eb s\u00eb Shqip\u00ebris\u00eb n\u00eb Bukuresht - FjALA e LIR\u00cb - Arkivi","isPartOf":{"@id":"https:\/\/fjala.info\/2009-2015\/#website"},"primaryImageOfPage":{"@id":"https:\/\/fjala.info\/2009-2015\/startojne-aktivitetet-per-100-vjetorin-e-shpalljes-se-pavaresise-se-shqiperise-ne-bukuresht\/#primaryimage"},"image":{"@id":"https:\/\/fjala.info\/2009-2015\/startojne-aktivitetet-per-100-vjetorin-e-shpalljes-se-pavaresise-se-shqiperise-ne-bukuresht\/#primaryimage"},"thumbnailUrl":"http:\/\/www.shkoder.net\/images\/fjala\/baki_ymeri.jpg","datePublished":"2012-03-10T15:19:32+00:00","breadcrumb":{"@id":"https:\/\/fjala.info\/2009-2015\/startojne-aktivitetet-per-100-vjetorin-e-shpalljes-se-pavaresise-se-shqiperise-ne-bukuresht\/#breadcrumb"},"inLanguage":"sq-AL","potentialAction":[{"@type":"ReadAction","target":["https:\/\/fjala.info\/2009-2015\/startojne-aktivitetet-per-100-vjetorin-e-shpalljes-se-pavaresise-se-shqiperise-ne-bukuresht\/"]}]},{"@type":"ImageObject","inLanguage":"sq-AL","@id":"https:\/\/fjala.info\/2009-2015\/startojne-aktivitetet-per-100-vjetorin-e-shpalljes-se-pavaresise-se-shqiperise-ne-bukuresht\/#primaryimage","url":"http:\/\/www.shkoder.net\/images\/fjala\/baki_ymeri.jpg","contentUrl":"http:\/\/www.shkoder.net\/images\/fjala\/baki_ymeri.jpg"},{"@type":"BreadcrumbList","@id":"https:\/\/fjala.info\/2009-2015\/startojne-aktivitetet-per-100-vjetorin-e-shpalljes-se-pavaresise-se-shqiperise-ne-bukuresht\/#breadcrumb","itemListElement":[{"@type":"ListItem","position":1,"name":"Home","item":"https:\/\/fjala.info\/2009-2015\/"},{"@type":"ListItem","position":2,"name":"Startojn\u00eb aktivitetet p\u00ebr 100-vjetorin e Shpalljes s\u00eb Pavar\u00ebsis\u00eb s\u00eb Shqip\u00ebris\u00eb n\u00eb Bukuresht"}]},{"@type":"WebSite","@id":"https:\/\/fjala.info\/2009-2015\/#website","url":"https:\/\/fjala.info\/2009-2015\/","name":"FjALA e LIR\u00cb - Arkivi","description":"Arkivi 2009-2015","publisher":{"@id":"https:\/\/fjala.info\/2009-2015\/#organization"},"potentialAction":[{"@type":"SearchAction","target":{"@type":"EntryPoint","urlTemplate":"https:\/\/fjala.info\/2009-2015\/?s={search_term_string}"},"query-input":{"@type":"PropertyValueSpecification","valueRequired":true,"valueName":"search_term_string"}}],"inLanguage":"sq-AL"},{"@type":"Organization","@id":"https:\/\/fjala.info\/2009-2015\/#organization","name":"FjALA e LIR\u00cb - Arkivi","url":"https:\/\/fjala.info\/2009-2015\/","logo":{"@type":"ImageObject","inLanguage":"sq-AL","@id":"https:\/\/fjala.info\/2009-2015\/#\/schema\/logo\/image\/","url":"","contentUrl":"","caption":"FjALA e LIR\u00cb - Arkivi"},"image":{"@id":"https:\/\/fjala.info\/2009-2015\/#\/schema\/logo\/image\/"}},{"@type":"Person","@id":"https:\/\/fjala.info\/2009-2015\/#\/schema\/person\/3aa1163ef05469c496fc94e77611ada2","name":"admin","image":{"@type":"ImageObject","inLanguage":"sq-AL","@id":"https:\/\/fjala.info\/2009-2015\/wp-content\/uploads\/2012\/02\/arben_cokaj-120x150.jpg","url":"https:\/\/fjala.info\/2009-2015\/wp-content\/uploads\/2012\/02\/arben_cokaj-120x150.jpg","contentUrl":"https:\/\/fjala.info\/2009-2015\/wp-content\/uploads\/2012\/02\/arben_cokaj-120x150.jpg","caption":"admin"},"description":"Admin, Fjala e Lir\u00eb","sameAs":["https:\/\/fjala.info\/"],"url":"https:\/\/fjala.info\/2009-2015\/author\/admin\/"}]}},"_links":{"self":[{"href":"https:\/\/fjala.info\/2009-2015\/wp-json\/wp\/v2\/posts\/2120","targetHints":{"allow":["GET"]}}],"collection":[{"href":"https:\/\/fjala.info\/2009-2015\/wp-json\/wp\/v2\/posts"}],"about":[{"href":"https:\/\/fjala.info\/2009-2015\/wp-json\/wp\/v2\/types\/post"}],"author":[{"embeddable":true,"href":"https:\/\/fjala.info\/2009-2015\/wp-json\/wp\/v2\/users\/1"}],"replies":[{"embeddable":true,"href":"https:\/\/fjala.info\/2009-2015\/wp-json\/wp\/v2\/comments?post=2120"}],"version-history":[{"count":0,"href":"https:\/\/fjala.info\/2009-2015\/wp-json\/wp\/v2\/posts\/2120\/revisions"}],"wp:attachment":[{"href":"https:\/\/fjala.info\/2009-2015\/wp-json\/wp\/v2\/media?parent=2120"}],"wp:term":[{"taxonomy":"category","embeddable":true,"href":"https:\/\/fjala.info\/2009-2015\/wp-json\/wp\/v2\/categories?post=2120"},{"taxonomy":"post_tag","embeddable":true,"href":"https:\/\/fjala.info\/2009-2015\/wp-json\/wp\/v2\/tags?post=2120"}],"curies":[{"name":"wp","href":"https:\/\/api.w.org\/{rel}","templated":true}]}}