{"id":2118,"date":"2012-03-10T15:46:20","date_gmt":"2012-03-10T14:46:20","guid":{"rendered":"http:\/\/fjala.shkoder.net\/?p=2118"},"modified":"2012-03-10T15:46:20","modified_gmt":"2012-03-10T14:46:20","slug":"rtk-ja-ka-mbetur-medium-i-mendesise-komuniste-pse","status":"publish","type":"post","link":"https:\/\/fjala.info\/2009-2015\/rtk-ja-ka-mbetur-medium-i-mendesise-komuniste-pse\/","title":{"rendered":"RTK-ja ka mbetur medium i mend\u00ebsis\u00eb komuniste &#8211; PSE !?"},"content":{"rendered":"<p><img decoding=\"async\" class=\"alignright size-thumbnail wp-image-7236\" title=\"Mr.sc. Nue Oroshi\" src=\"http:\/\/www.shkoder.net\/2012\/nue_oroshi.jpg\" alt=\"\" width=\"200\" \/> <strong>Mr.sc. Nue Oroshi<\/strong><\/p>\n<p>Vargjet e k\u00ebng\u00ebve t\u00eb shkruara nga poet\u00ebt popullor\u00eb shpeshher\u00eb kan\u00eb hyr\u00eb thell\u00eb n\u00eb tradit\u00ebn ton\u00eb shqiptare, e cila \u00ebsht\u00eb e begatshme me fjal\u00eb, shprehje dhe frazeologji t\u00eb shumta q\u00eb mund\u00ebn t\u2019i kan\u00eb lakmi edhe shum\u00eb gjuh\u00eb t\u00eb huaja bot\u00ebrore. Nj\u00eb nd\u00ebr ato fjal\u00eb q\u00eb \u00ebsht p\u00ebrseritur shum\u00eb her\u00eb jan\u00eb edhe fjal\u00ebt e k\u00ebng\u00ebs \u201eBini Shal\u00eb se shkoi Veziri, mos me u ngut se met i biri\u201c. Do shofim se \u00e7far\u00eb lidhje ka kjo shprehje me tem\u00ebn q\u00eb po trajtoj, se Pse RTK-ja ka mbetur medium i mend\u00ebsis\u00eb komuniste. Kjo ka t\u00eb b\u00ebj me faktin, se gjithmon\u00eb gjat\u00eb krizave shtet\u00ebrore q\u00eb kan\u00eb pasur shqiptar\u00ebt, e sidomos n\u00eb periudh\u00ebn e vonshme historike, n\u00eb sken\u00ebn qoft\u00eb edhe politike, por edhe mediatike, n\u00eb t\u00eb shumt\u00ebn e rasteve kan\u00eb dominuar komunist\u00ebt, nd\u00ebrsa vazhdojn\u00eb edhe sot e asaj dite t\u00eb dominojn\u00eb pasardh\u00ebsit e komunist\u00ebve.<\/p>\n<p>Kjo gj\u00eb shihet qart\u00eb, si rrezet e diellit, n\u00eb RTK. N\u00eb k\u00ebt\u00eb shkrim do t\u00eb fokusohem pik\u00ebrisht\u00eb n\u00eb nj\u00eb ngjarje t\u00eb madhe shkencore dhe komb\u00ebtare, q\u00eb ndodhi me 26 N\u00ebntor 2011, dhe, ku n\u00eb lokalet e Banj\u00ebs \u201cN\u00ebna Naile\u201d n\u00eb Kllokot, u mbajt Sesioni i Dhjet\u00eb Shkencor organizuar\u00eb nga Shoqata e Intelektual\u00ebve Mbarshqiptar\u00eb \u201eTrojet e Arbrit. N\u00eb k\u00ebt\u00eb Sesion Shkencor t\u00eb dhjetin me radh\u00eb, muaren pjes\u00eb profesor\u00ebt e nderuar nga t\u00eb gjitha viset Etnike shqiptare, dhe diaspora e madhe atdhetare. Tem\u00eb e k\u00ebtij Sesioni shkencor ishte \u201eAspektet Q\u00ebn\u00ebsore t\u00eb Shqip\u00ebris\u00eb Etnike 1878-1990\u201c.<\/p>\n<p>Nga mediumet e Republik\u00ebs s\u00eb Kosov\u00ebs n\u00eb k\u00ebt\u00eb eveniment t\u00eb madh shkencor dhe komb\u00ebtar, ishin prezent\u00eb vet\u00ebm RTV21 dhe TV i Prizrenit, nd\u00ebrsa mungonin mediuemet qendrore RTK, KTV dhe Klan Kosova. Derisa KTV-ja dhe Klan Kosova jan\u00eb mediueme private q\u00eb jan\u00eb t\u00eb projektuara p\u00ebr p\u00ebrhapjen e mend\u00ebsis\u00eb Komuniste n\u00eb Kosov\u00eb, sepse financohen direkt nga fondet dhe bos\u00ebt e Internacionales proletare, q\u00eb n\u00eb t\u00eb shumt\u00ebn e rasteve jan\u00eb edhe bosa t\u00eb krimit internacional. Por edhe pse jan\u00eb pjes\u00eb e shteteve dhe Parlamenteve Evropiane ata p\u00ebrcill\u00ebn n\u00eb m\u00ebnyr\u00eb shum\u00eb rigoroze nga shtetet demokratike ku ata jetojn\u00eb e veprojn\u00eb. Si rast konkret \u00ebsht\u00eb partia, Die Linke &#8211; Partia e Majte n\u00eb Gjermani, ku rreth gjysma e deputet\u00ebve t\u00eb k\u00ebsaj partie p\u00ebrcillen k\u00ebmba k\u00ebmb\u00ebs nga shtetit gjerman p\u00ebr misionet e tyre t\u00eb dyshimta, qoft n\u00eb Gjermani qoft\u00eb edhe jasht\u00eb saj.<\/p>\n<p>Prandaji, ky mision komb\u00ebtar, dhe shkencor q\u00eb b\u00ebn shoqata e Intelektual\u00ebve Mbarshqiptar\u00eb \u201cTrojet e Arbrit\u201d, bie ndesh me konceptin e KTV dhe TV Klan Kosova, si dhe me parullat e tyre proletare, q\u00eb dje ishin parulla t\u00eb \u201ebashkim-v\u00ebllaz\u00ebrimit\u201c, nd\u00ebrsa sot e kan\u00eb t\u00eb njejt\u00ebn parull\u00eb por me nj\u00eb fjal\u00eb m\u00eb ndryshe, duke ia p\u00ebrshtatur rrethanave kohore, ku parulla e tyre \u00ebsht\u00eb, multietniciteti, pra, nj\u00eb bashkim-v\u00ebllaz\u00ebrim modern. Dhe k\u00ebto dy mediume n\u00eb nj\u00eb far\u00eb m\u00ebnyre kan\u00eb pas t\u00eb drejt\u00eb q\u00eb nuk e kan\u00eb p\u00ebrcjellur k\u00ebt\u00eb eveniment t\u00eb madh komb\u00ebtar, dhe shkencor. Por, pse vall\u00eb k\u00ebtyre dy mediumeve proletare iu bashkangjit edhe Radio Televizioni i Kosov\u00ebs, i cili plot\u00eb goj\u00ebn e ka se \u00ebsht\u00eb nj\u00eb televizion publik q\u00eb do t\u00eb thot\u00eb, Televizion i cili e ka p\u00ebr detyr\u00eb dhe obligim t\u2019i p\u00ebrcjell t\u00eb gjitha ngjarjet qoft\u00eb politike, e n\u00eb ve\u00e7anti ato kulturore shkencore dhe komb\u00ebtare q\u00eb ndodhin n\u00eb Republik\u00ebn e Kosov\u00ebs.<\/p>\n<p>K\u00ebtu nuk do t\u00eb ndalem tek t\u00eb gjith\u00eb ata gazetar\u00eb dhe gazetare q\u00eb punojn\u00eb n\u00eb RTK, dhe q\u00eb e kryejn\u00eb pun\u00ebn e tyre ditore me nder\u00eb, p\u00ebr t\u00eb mbajtur familjet e tyre. Por kryek\u00ebput\u00eb do t\u00eb fokusohem tek Bordi i Drejtor\u00ebve t\u00eb RTK i cili e b\u00ebn politik\u00ebn redaktuese n\u00eb k\u00ebt\u00eb medium publik q\u00eb fatkeq\u00ebsisht tani \u00ebsht\u00eb sh\u00ebndrruar n\u00eb medium partiak, dhe e ka harruar misionin e tij publik. Si \u00ebsht\u00eb e mundur q\u00eb nj\u00eb medium q\u00eb i thot\u00eb vetit publik ta bojkoton komplet nj\u00eb Sesion shkencor, ku marrin pjes\u00eb me temat e tyre mbi 100 profesor\u00eb, studiues, publicist\u00eb dhe veprimtar\u00eb komb\u00ebtar\u00eb, nd\u00ebrsa ishin prezent\u00eb rreth 200 studiues, nga t\u00eb gjitha viset etnike shqiptare dhe Diaspora, k\u00ebt mund ta din\u00eb vet\u00ebm udh\u00ebhqsit e RTK, t\u00eb cil\u00ebt fatkeqsisht\u00eb ende kan\u00eb mbetur me t\u00eb vjetr\u00ebn, pra me komunizmin.<\/p>\n<p>Po kush ishin\u00eb pjes\u00ebmarr\u00ebsit dhe p\u00ebr k\u00ebnd flitej n\u00eb k\u00ebt\u00eb Sesion. &#8211; Do t\u00eb jap\u00eb m\u00eb posht\u00eb vet\u00ebm emrat e pjes\u00ebmarr\u00ebsve dhe titujt e temave, si dhe t\u00eb atyre studiuesve q\u00eb d\u00ebrguan\u00eb temat por s\u2019mund\u00ebn t\u00eb marrin pjes\u00eb, por q\u00eb ishin pjes\u00eb t\u00eb programit, e ata ishin: Prof. dr. Ramiz Abdyli, Shkupi n\u00eb duart e \u00e7lirimtar\u00ebve shqiptar\u00eb m\u00eb 1912, Prof. dr. Muhamet Shatri, Shqip\u00ebria dhe shqiptar\u00ebt n\u00eb fund t\u00eb sundimit osman, Akademik prof.dr.Mark Krasniqi-Roli i Bes\u00ebs p\u00ebr Shqip\u00ebrin\u00eb Etnike, Eugjen Merlika, -E Djathta \u2013 nj\u00eb domosdoshm\u00ebri politike, Dr. Dom Lush Gjergji, Jeta dhe vepra e Imzot Nik\u00eb Prel\u00ebs, \u00cbilly Kamsi, Figura e Ejell \u00c7obes, sipas kujtimeve t\u00eb tij.<\/p>\n<p>Duke vazhduar me Dr.Sc.Qerim Lita, Veprimtaria e Organizat\u00ebs Nacional-Demokratike Shqiptare n\u00eb Turqi n\u00eb vitet e 60-ta t\u00eb shekullit t\u00eb kaluar, Tom\u00eb Mrijaj, Figura atdhetare e Kapidan Marka Gjonit t\u00eb Mirdit\u00ebs, Prof. dr. Sabile Ke\u00e7mezi-Basha, Kolonel Sylejman Vu\u00e7iterni para Gjyqi Special t\u00eb Tiran\u00ebs, Prof. dr. Romeo Gurakuqi, Dokumente angleze p\u00ebr aktivitetin komb\u00ebtar t\u00eb Prenk Bib Dod\u00ebs, Prof. dr. Xheladin Shala, Kat\u00ebr opsionet p\u00ebr kufirin shqiptar n\u00eb Konferenc\u00ebn e Londr\u00ebs m\u00eb 1912, Prof. dr. Haki Kasumi, Ukshin Hoti dhe koncepti i tij p\u00ebr \u00e7lirim dhe bashkim komb\u00ebtar, Prof.dr.Uran Butka, Marr\u00ebveshja komb\u00ebtare e Mukjes dhe pasojat historike t\u00eb prishjes s\u00eb saj, Dr.sc. Pjet\u00ebr Pepa, Kontributi i klerit shqiptar n\u00eb \u00e7\u00ebshtjen komb\u00ebtare, prof.dr.Iljaz Goga, Safet Butka, simbol i vet\u00ebmohimit komb\u00ebtar, Prof. dr. Izber Hoti, Absurdi teorik dhe historik p\u00ebr kombin kosovar, Prof. dr. Shefki Sejdiu, L. Albanie Inconnue, vep\u00ebr e G. L. Jaray, Mentor Quku, Ymer Lutfija, martir i Shqip\u00ebris\u00eb Etnike, Prof. dr. Rexhep Do\u00e7i, Shqip\u00ebria Etnike sipas onomastik\u00ebs, Prof. as. dr. Shefqet Hoxha, Konferenca e Bujanit, refleksione, Fatbardha Sara\u00e7i\u2013Mulleti, Eugen Merlika nj\u00eb f\u00ebmij\u00ebri n\u00ebp\u00ebr kampet enveriste.<\/p>\n<p>Nd\u00ebrsa Dr.sc.Lush Culaj,paraqitet me tem\u00ebn Zefi i Vog\u00ebl n\u00eb Kryengritjen e vitit 1912, Mr.sc.Ahmet Mehmeti, Tragjedia \u00e7ame, Visar Zhiti, Let\u00ebrsia e burgjeve, Nexhmi Bushati, P\u00ebrkushtimi politik i Hafiz Ali Kraj\u00ebs, Dr.sc. Esilda Luku, Gjeopolitika evropiane dhe Republika Shqiptare 1925-1928, Dr.sc.Brikena Smajli, Historia e mohimit t\u00eb lexuesit shqiptar (rasti Zorba, Pipa, Luzaj), Gjovalin \u00c7uni, Debati shkencor rreth rishikimit t\u00eb historis\u00eb shqiptare, M\u00ebrgim Kortsha, Mend\u00ebsia e sotme n\u00eb varganin e historian\u00ebve t\u00eb diktatur\u00ebs, Prof. dr. Mehmet Rukiqi, Muj\u00eb Loshi dhe urtia e tij, Mr. sc. Nue Oroshi, Ismail Verlaci, kryetar i Blokut Komb\u00ebtar Independent, Mikel Gojani, Imzot Mark Sopi p\u00ebrfaq\u00ebsues i denj\u00eb i fes\u00eb, kultur\u00ebs dhe i kombit, Fazli Hajrizi, Mitrovica dhe Shala e Bajgor\u00ebs p\u00ebrball\u00eb \u00e7etnik\u00ebve tetor-n\u00ebntor 1941, Klajd Kapinova, Kryengritja e Mal\u00ebsis\u00eb e udh\u00ebhequr nga Ded\u00eb Gjon Luli, Avni Bilalli, Emin Fazlia kryetar i BKDSH dhe kontributi i tij atdhetar, Agron Shabani, Roli i Nacionalizmit n\u00eb kultivimin e bashk\u00ebjetes\u00ebs fetare tek shqiptar\u00ebt, Mr.sc Mehmet Gjoshaj, Aksioni p\u00ebr mbledhjen e dhunshme t\u00eb arm\u00ebve n\u00eb Kosov\u00eb, m\u00eb 1955-1956, terror i organizuar shtet\u00ebror, Dr. sc. Riza Sadiku, Shqiptar\u00ebt e Australis\u00eb p\u00ebr Shqip\u00ebrin\u00eb Etnike, Emin Fazlija, D\u00ebshmor\u00ebt e kombit nga Shala e Bajgor\u00ebs pas Luft\u00ebs s\u00eb Dyt\u00eb Bot\u00ebrore, Prof.Dr.sc.Qerim Dalipi, T\u00eb dh\u00ebna p\u00ebr Shqip\u00ebrin\u00eb Etnike n\u00eb dokumentet franceze (1878- 1879),prof. Dr.sc.Fehari Ramadani, Aspekte te marr\u00ebdh\u00ebnieve shqiptaro-austro-hungareze n\u00eb fund t\u00eb shek. XIX, Gjet\u00eb Doda, Komunizmi dhe Shqip\u00ebria, Aleksand\u00ebr Ndoja, Cop\u00ebtimi i Shqip\u00ebris\u00eb n\u00eb sintomi me cop\u00ebtimin e Mirdit\u00ebs, Petrit Palushi, Kujtimet e Neshat Bilallit, d\u00ebshmi historike, Behram Hoti, Kontributi i mr. Jetish Kadishani dh\u00ebn\u00eb t\u00eb Djatht\u00ebs Shqiptare, Hasan Belo, Politika e shtetit shqiptar ndaj emigrant\u00ebve kosovar\u00eb (fundi i viteve 30 t\u00eb shek. XX).<\/p>\n<p>Kurse Mr.sc.Ekrem Kryeziu,paraqet tem\u00ebn Globalizmi dhe \u00e7\u00ebshtja komb\u00ebtare, Selim Lokaj, Cen\u00eb (Imer) Imeraj 1939-1992-nj\u00eb jet\u00eb n\u00eb sh\u00ebrbim t\u00eb atdheut, Mr.sc.Parim Kosova, Ibrahim Lutfiu besnik i idealit komb\u00ebtar, Faik Krasniqi-Zhilivoda, Burr\u00ebria e Liman Krasniqit dhe guximi i Zyl\u00eb Zhilivod\u00ebs, MA Teuta Shala-Peli, Salih Rama n\u00eb Komitetin \u201dMbrojtja Komb\u00ebtare e Kosov\u00ebs\u201d, Mr. sc. Ramadan Mehmetaj, Uk\u00eb Sadri Berisha, jeta dhe veprimtaria atdhetare, Valbona Mlika, Xhelal e Abdyl Hardolli figura nacionaliste shqiptare, Bedri Tahiri, Xhem\u00eb T\u00ebrnafci, bashk\u00ebluft\u00ebtari m\u00eb i ri i Azem Galic\u00ebs, Rrustem Rugova, Q\u00ebndresa e istogas\u00ebve kund\u00ebr pushtuesve serbo-malazez m\u00eb 1912, Pjet\u00ebr Marku, Abacia e Oroshit qend\u00ebr i diplomacis\u00eb, Mr. sc. Besim Morina, Familja Bajraktari e Suharek\u00ebs\u2013shembull i q\u00ebndres\u00ebs komb\u00ebtare, Isuf Bajraktari Mirashi, Kosov\u00eb Rexh\u00eb Bala -veprimtaria atdhetare e letrare, Hysen Azemi, Veprimtatria atdhetare e Shemsi Hazirit, Fitim Rifati, Roli i Hasan Prishtin\u00ebs n\u00eb L\u00ebvizjen Komb\u00ebtare (1908-1912), mr.sc.Shkodran Imeraj, Xhemajl Abazi-nj\u00eb jet\u00eb p\u00ebr atdhe, Rexhep Maksutaj, Vrasja e kat\u00ebr m\u00ebsuesve n\u00eb Shishman t\u00eb Bok\u00ebs m\u00eb 1954.<\/p>\n<p>Mumin Zeqiri, Llojani dhe fshatrat p\u00ebrreth p\u00ebrball\u00eb ripushtuesve, 1944-1945, Vehbi Isufi, Sakrifica e familjes Fazliu t\u00eb Gjyrishevcit, Uk\u00eb Qerreti, Sejfullah Haxhiajdini apo Sejfa i Najes luft\u00ebtari i Shqip\u00ebris\u00eb Etnike,Rexhep Kastrati, Analiz\u00eb e p\u00ebrmbledhjes E Djathta Shqiptare n\u00eb Mbrojtje t\u00eb Shqip\u00ebris\u00eb Etnike IX, Talat Pllana-E v\u00ebrteta p\u00ebr Demonstrat\u00ebn e vitit 1968 n\u00eb Mitrovic\u00eb, Prof. dr. Zenun Gjocaj, Vep\u00ebr me vler\u00eb p\u00ebr Azem Bejt\u00eb Galic\u00ebn (recension), Mr.sc.Kadri Mani-Hajriz Demaku dhe Lufta e Shaban Polluzh\u00ebs, Lulzim Hajdari, Hoxh\u00eb Mehmeti, figur\u00eb e spikatur atdhetare, Idriz Lamaj \u2013Veprimtaria e Komiteti Komb\u00ebtar Shqip\u00ebria e lir, Mr.sc.Bedri Muhadri-Roli i nacionalizmes shqiptare ne Has, Rukie Rama, Keqtrajtimi i Bashkim Bajram Demalis\u00eb n\u00eb Burgun e Spa\u00e7it, Selman Etemi, Kontributi Komb\u00ebtar i familjes Raci nga Siqeva, Fritz Radovani, Urat lidh\u00ebse t\u00eb k\u00ebshtjellave shqiptare me Evrop\u00ebn e qytet\u00ebruar n\u00eb shek. XX, Prof.dr. Bahtie Gerbeshi-Zylfiu-Shqiperia\u201d e Bukureshtit per shkollat shqipe, Mr. sc. Mustaf\u00eb Haziri, Greva e minator\u00ebve t\u00eb Trep\u00e7\u00ebs, shkurt 1989, Mr.sc. Sadri Rexhepi, Zeq\u00eb Verbani dhe veprimtaria e tij atdhetare,Abaz Fejzullahi, Rreth \u00e7\u00ebshtjes s\u00eb bashkimit komb\u00ebtar, Lebit Murtishi, Shqip\u00ebria Etnike \u2013 ideal historik i shqiptar\u00ebve, Mr. sc. Nuridin Ahmeti, Roli i nacionalist\u00ebve n\u00eb trev\u00ebn e Opoj\u00ebs 1941-1945, Frrok M. Kristaj, At\u00eb Luigj Palaj, martir i fes\u00eb dhe i kombit, Hasan Gjonbalaj &#8211; Mal\u00ebsoret n\u00eb vij\u00ebn e par\u00eb t\u00eb frontit, Tafil Duraku, Koh\u00eb p\u00ebr ta b\u00ebr\u00eb Shqip\u00ebrin\u00eb, Dr.sc.Jusuf Osmani, Vendbanimet cerkeze n\u00eb Kosov\u00eb, mr.sc.Zelije Shala, Dhuna dhe terrori n\u00eb Therand\u00eb gjat\u00eb vitit 1946,Alban Dobruna, Shejh Ahmet Pazari dhe ngritja flamurin n\u00eb Tiran\u00eb m\u00eb 1912, Paul Tedeschini, Jet\u00ebshkrimi i juristit shqiptar, dr. jur. Emid Tedeschini (1909-1989), Ajet Bejta, Jeta dhe veprimtaria atdhetare e Halim Vllahis\u00eb, Dr.sc. Sulltane Koj\u00e7ini-Ukaj, Veprimtaria atdhetare e Sylejman Haxhimustaf\u00ebs, Mr.sc.Adem Murati, Hasan Prishtina p\u00ebr shkollat shqipe n\u00eb Anamorav\u00eb, Daniel Gazuli, Poeti i \u00ebmb\u00eblsis\u00eb Dom Nre Zadeja, Mr.sc. Engjell Berisha-Paraqitja e vizionit Djathtist n\u00eb Shkrimet e Teki Dervishit, Dr.sc.Halit Shabani-Qel Shabani nj\u00eb atdhetar i l\u00ebn n\u00eb harres, Pjeter Geci &#8211; Pse duhet ta rishkruajm historin ton\u00eb, Dod Pepkola-Nacionalizmi n\u00eb Mirdit gjat\u00eb luft\u00ebs s\u00eb dyt bot\u00ebrore, Fadil M. Javori \u2013 Nacionalizmi dhe komunizmi shqiptar gjat\u00eb Luft\u00ebs s\u00eb Dyt\u00eb Bot\u00ebrore n\u00eb Kosov\u00eb,Sadik Tahiraj,Terrori i \u00e7etniko-partizan\u00ebve n\u00eb Drenic\u00eb, Uran Butka-Sh\u00ebnime p\u00ebr librin \u201dKonspiracioni Antishqiptar Sllavo-Grek i Autorit Sabri Maxhuni, Sheremet Ajazi-Arif Shala dhe Ismail Thaqi Dy figura t\u00eb shquara t\u00eb q\u00ebshtjes Komb\u00ebtare, Gjon Marku-Mirdita treva e Vet\u00ebqeverisur q\u00eb nuk njohu asnj\u00eb lloj pushtimi, Etem Ajeti-Familja Ajeti dhe Kontributi i pandalur i saj p\u00ebr qlirimin e trojeve shqiptare.<\/p>\n<p>Ky ishte Programi i kompletuar i k\u00ebsaj ngjarjje t\u00eb madhe shkencore dhe komb\u00ebtare i paraqitjes s\u00eb aspekteve qen\u00ebsore t\u00eb Shqip\u00ebris\u00eb Etnike nd\u00ebrmjet viteve 1878-1990. Edhe pse k\u00ebt\u00eb eveniment shkencor e bojkotoi t\u00ebrsisht\u00eb RTK-ja, vet\u00ebm disa dit\u00eb m\u00eb von\u00eb ajo nuk e kishte l\u00ebshuar rastin pa e pasqyruar nj\u00eb aktivitet t\u00eb dyshimt\u00eb q\u00eb b\u00ebhej fjal\u00eb p\u00ebr nj\u00eb palolib\u00ebr t\u00eb kujtimeve p\u00ebr kriminelin Fadil Hoxha, i cili ka luftue me ja kthye Kosov\u00ebn Serbis, dhe na solli ripushtimin sllav.<\/p>\n<p>K\u00ebto shkarravina i kishte shkruar\u00eb Ekrem Murtezaj, nj\u00eb komunist dhe besnik i tij, i cili ka qen\u00eb k\u00ebshilltar i Fadil Hoxh\u00ebs dhe tash vazhdon te jete z\u00ebdhen\u00ebs i tij p\u00ebr se vdekuri. Dhe, duke par\u00eb k\u00ebto sekuenca filmike t\u00eb RTK\/s\u00eb, me shkoi mendja, se, si do ta ndienin vet\u00ebn sot atdhetar\u00ebt shqiptar\u00eb m\u00eb k\u00ebt\u00eb anashkalim q\u00eb iu b\u00ebn RTK-ja k\u00ebtyre atdhetar\u00ebve shqiptar\u00eb q\u00eb e themeluan Lidhjen Shqiptare te Prizrenit n\u00eb vitin 1878, atyre q\u00eb e b\u00ebn\u00eb Shqip\u00ebrin\u00eb n\u00eb vitin 1912, apo atdhetar\u00ebve nacionalist\u00eb t\u00eb cil\u00ebt u martirizuan\u00eb p\u00ebr Shqip\u00ebrin\u00eb Etnike n\u00eb vitet 1941-1990.<\/p>\n<p>Duke par n\u00eb RTK k\u00ebto sekuenca t\u00eb k\u00ebti far\u00eb komunisti me emrin Ekrem Murtezaj m\u00eb shkoi mendja, athua ky komunist i pandreqsh\u00ebm, i ka paraqitur n\u00eb lib\u00ebr, Masakr\u00ebn e Tivarit, si dhe Masakr\u00ebn e Bihorit, masakrat n\u00eb Drenic\u00eb,masakr\u00ebn n\u00eb Kullen e Popit ne Istog,masakr\u00ebn n\u00eb Monopolin e duhanit n\u00eb Tetov\u00eb. Athua ka shkruar ndonj\u00eb gj\u00eb p\u00ebr mij\u00ebra nacionalist\u00ebt e vrar\u00eb shqiptar\u00eb,dhe p\u00ebr dhjetra e mij\u00ebra t\u00eb tjer\u00eb q\u00eb e l\u00ebshuan vendin nga presioni i komunist\u00ebve.<\/p>\n<p>E n\u00eb krye t\u00eb k\u00ebtyre masakrave n\u00eb Kosov\u00eb ishte krimineli Fadil Hoxha me bashk\u00ebluft\u00ebtar\u00ebt e tij sllav\u00eb, si dhe krimineli tjet\u00ebr n\u00eb Shqip\u00ebri Enver Hoxha, i cili e kishte kryer t\u00eb njejt\u00ebn q\u00ebshtje vrasjen e atdhetar\u00ebve shqiptar\u00eb q\u00eb luftuan p\u00ebr Shqip\u00ebrin\u00eb Etnike. \u00cbsht\u00eb e pakuptimt\u00eb q\u00eb RTK q\u00eb pretendon se angazhohet p\u00ebr afirmimin e Luft\u00ebs \u00c7lirimtare t\u00eb Kosov\u00ebs dhe vlerave t\u00eb saj, ti bej\u00eb reklam Fadil Hoxh\u00ebs q\u00eb \u00ebsht\u00eb bere shkaktar\u00eb p\u00ebr me mbet\u00eb Kosova n\u00ebn Serbi. Pra k\u00ebtu di\u00e7ka nuk \u00ebsht\u00eb n\u00eb rregull, si ka mund\u00ebsi q\u00eb krahas d\u00ebshmor\u00ebve dhe heronj\u00ebve t\u00eb Ushtris \u00c7lirimtare t\u00eb Kosov\u00ebs t\u00eb reklamohen n\u00eb t\u00eb njejtin medium edhe argat\u00ebt e serb\u00ebve.<\/p>\n<p>Me siguri udh\u00ebheq\u00ebsit e RTK-s\u00eb nuk e kan\u00eb nd\u00ebgjuar as k\u00ebng\u00ebn e k\u00ebnduar nga Pjet\u00ebr e Ndue Lleshi, p\u00ebr 14 nacionalist\u00ebt e vrar\u00eb n\u00eb qaf\u00eb t\u00eb Valmerit n\u00eb Mirdit\u00eb nga Enver Hoxha, Mehmet Shehu, kolonel\u00ebt kriminel rus Sofolevski e Valevski ku po i citoj vet\u00ebm disa vargje t\u00eb k\u00ebsaj k\u00ebnge:\u201d\/Ka ra Xhama po me u dridh malet\/ Nje vorr t\u00eb thell per burra hapet\/ Nqaf t\u2019Valmerit haj medet\/nuk qen pak more katermdhjet\/ Pa i gjykue po na i bajn tradhtar \/ Shtat dit nburg nteten nlitar\u201d. Ah\u00eb medet. Edhe sod\u00eb e k\u00ebsaji dite atdhetar\u00ebt e Shqip\u00ebris\u00eb Etnike po konsiderohen t\u00eb pap\u00ebrshtatsh\u00ebm nga bordi drejtues i RTK-s\u00eb ku fatkeq\u00ebsisht edhe sot e asaj dite RTK-ja ka mbetur medium i mend\u00ebsis\u00eb komuniste, derisa udh\u00ebhiqet nga njer\u00ebz t\u00eb k\u00ebsaji mend\u00ebsie.<\/p>\n","protected":false},"excerpt":{"rendered":"<p>Mr.sc. Nue Oroshi Vargjet e k\u00ebng\u00ebve t\u00eb shkruara nga poet\u00ebt popullor\u00eb shpeshher\u00eb kan\u00eb hyr\u00eb thell\u00eb n\u00eb tradit\u00ebn ton\u00eb shqiptare, e cila \u00ebsht\u00eb e begatshme me fjal\u00eb, shprehje dhe frazeologji t\u00eb shumta q\u00eb mund\u00ebn t\u2019i kan\u00eb lakmi edhe shum\u00eb gjuh\u00eb t\u00eb huaja bot\u00ebrore. Nj\u00eb nd\u00ebr ato fjal\u00eb q\u00eb \u00ebsht p\u00ebrseritur shum\u00eb her\u00eb jan\u00eb edhe fjal\u00ebt e [&hellip;]<\/p>\n","protected":false},"author":1,"featured_media":0,"comment_status":"open","ping_status":"closed","sticky":false,"template":"","format":"standard","meta":{"footnotes":""},"categories":[2],"tags":[],"class_list":{"0":"post-2118","1":"post","2":"type-post","3":"status-publish","4":"format-standard","6":"category-artikuj"},"yoast_head":"<!-- This site is optimized with the Yoast SEO plugin v27.4 - https:\/\/yoast.com\/product\/yoast-seo-wordpress\/ -->\n<title>RTK-ja ka mbetur medium i mend\u00ebsis\u00eb komuniste - PSE !? - FjALA e LIR\u00cb - Arkivi<\/title>\n<meta name=\"robots\" content=\"index, follow, max-snippet:-1, max-image-preview:large, max-video-preview:-1\" \/>\n<link rel=\"canonical\" href=\"https:\/\/fjala.info\/2009-2015\/rtk-ja-ka-mbetur-medium-i-mendesise-komuniste-pse\/\" \/>\n<meta property=\"og:locale\" content=\"sq_AL\" \/>\n<meta property=\"og:type\" content=\"article\" \/>\n<meta property=\"og:title\" content=\"RTK-ja ka mbetur medium i mend\u00ebsis\u00eb komuniste - PSE !? - FjALA e LIR\u00cb - Arkivi\" \/>\n<meta property=\"og:description\" content=\"Mr.sc. Nue Oroshi Vargjet e k\u00ebng\u00ebve t\u00eb shkruara nga poet\u00ebt popullor\u00eb shpeshher\u00eb kan\u00eb hyr\u00eb thell\u00eb n\u00eb tradit\u00ebn ton\u00eb shqiptare, e cila \u00ebsht\u00eb e begatshme me fjal\u00eb, shprehje dhe frazeologji t\u00eb shumta q\u00eb mund\u00ebn t\u2019i kan\u00eb lakmi edhe shum\u00eb gjuh\u00eb t\u00eb huaja bot\u00ebrore. Nj\u00eb nd\u00ebr ato fjal\u00eb q\u00eb \u00ebsht p\u00ebrseritur shum\u00eb her\u00eb jan\u00eb edhe fjal\u00ebt e [&hellip;]\" \/>\n<meta property=\"og:url\" content=\"https:\/\/fjala.info\/2009-2015\/rtk-ja-ka-mbetur-medium-i-mendesise-komuniste-pse\/\" \/>\n<meta property=\"og:site_name\" content=\"FjALA e LIR\u00cb - Arkivi\" \/>\n<meta property=\"article:published_time\" content=\"2012-03-10T14:46:20+00:00\" \/>\n<meta property=\"og:image\" content=\"http:\/\/www.shkoder.net\/2012\/nue_oroshi.jpg\" \/>\n<meta name=\"author\" content=\"admin\" \/>\n<meta name=\"twitter:card\" content=\"summary_large_image\" \/>\n<meta name=\"twitter:label1\" content=\"Written by\" \/>\n\t<meta name=\"twitter:data1\" content=\"admin\" \/>\n\t<meta name=\"twitter:label2\" content=\"Est. reading time\" \/>\n\t<meta name=\"twitter:data2\" content=\"13 minutes\" \/>\n<script type=\"application\/ld+json\" class=\"yoast-schema-graph\">{\"@context\":\"https:\\\/\\\/schema.org\",\"@graph\":[{\"@type\":\"Article\",\"@id\":\"https:\\\/\\\/fjala.info\\\/2009-2015\\\/rtk-ja-ka-mbetur-medium-i-mendesise-komuniste-pse\\\/#article\",\"isPartOf\":{\"@id\":\"https:\\\/\\\/fjala.info\\\/2009-2015\\\/rtk-ja-ka-mbetur-medium-i-mendesise-komuniste-pse\\\/\"},\"author\":{\"name\":\"admin\",\"@id\":\"https:\\\/\\\/fjala.info\\\/2009-2015\\\/#\\\/schema\\\/person\\\/3aa1163ef05469c496fc94e77611ada2\"},\"headline\":\"RTK-ja ka mbetur medium i mend\u00ebsis\u00eb komuniste &#8211; PSE !?\",\"datePublished\":\"2012-03-10T14:46:20+00:00\",\"mainEntityOfPage\":{\"@id\":\"https:\\\/\\\/fjala.info\\\/2009-2015\\\/rtk-ja-ka-mbetur-medium-i-mendesise-komuniste-pse\\\/\"},\"wordCount\":2657,\"commentCount\":0,\"publisher\":{\"@id\":\"https:\\\/\\\/fjala.info\\\/2009-2015\\\/#organization\"},\"image\":{\"@id\":\"https:\\\/\\\/fjala.info\\\/2009-2015\\\/rtk-ja-ka-mbetur-medium-i-mendesise-komuniste-pse\\\/#primaryimage\"},\"thumbnailUrl\":\"http:\\\/\\\/www.shkoder.net\\\/2012\\\/nue_oroshi.jpg\",\"articleSection\":[\"Artikuj\"],\"inLanguage\":\"sq-AL\",\"potentialAction\":[{\"@type\":\"CommentAction\",\"name\":\"Comment\",\"target\":[\"https:\\\/\\\/fjala.info\\\/2009-2015\\\/rtk-ja-ka-mbetur-medium-i-mendesise-komuniste-pse\\\/#respond\"]}]},{\"@type\":\"WebPage\",\"@id\":\"https:\\\/\\\/fjala.info\\\/2009-2015\\\/rtk-ja-ka-mbetur-medium-i-mendesise-komuniste-pse\\\/\",\"url\":\"https:\\\/\\\/fjala.info\\\/2009-2015\\\/rtk-ja-ka-mbetur-medium-i-mendesise-komuniste-pse\\\/\",\"name\":\"RTK-ja ka mbetur medium i mend\u00ebsis\u00eb komuniste - PSE !? - FjALA e LIR\u00cb - Arkivi\",\"isPartOf\":{\"@id\":\"https:\\\/\\\/fjala.info\\\/2009-2015\\\/#website\"},\"primaryImageOfPage\":{\"@id\":\"https:\\\/\\\/fjala.info\\\/2009-2015\\\/rtk-ja-ka-mbetur-medium-i-mendesise-komuniste-pse\\\/#primaryimage\"},\"image\":{\"@id\":\"https:\\\/\\\/fjala.info\\\/2009-2015\\\/rtk-ja-ka-mbetur-medium-i-mendesise-komuniste-pse\\\/#primaryimage\"},\"thumbnailUrl\":\"http:\\\/\\\/www.shkoder.net\\\/2012\\\/nue_oroshi.jpg\",\"datePublished\":\"2012-03-10T14:46:20+00:00\",\"breadcrumb\":{\"@id\":\"https:\\\/\\\/fjala.info\\\/2009-2015\\\/rtk-ja-ka-mbetur-medium-i-mendesise-komuniste-pse\\\/#breadcrumb\"},\"inLanguage\":\"sq-AL\",\"potentialAction\":[{\"@type\":\"ReadAction\",\"target\":[\"https:\\\/\\\/fjala.info\\\/2009-2015\\\/rtk-ja-ka-mbetur-medium-i-mendesise-komuniste-pse\\\/\"]}]},{\"@type\":\"ImageObject\",\"inLanguage\":\"sq-AL\",\"@id\":\"https:\\\/\\\/fjala.info\\\/2009-2015\\\/rtk-ja-ka-mbetur-medium-i-mendesise-komuniste-pse\\\/#primaryimage\",\"url\":\"http:\\\/\\\/www.shkoder.net\\\/2012\\\/nue_oroshi.jpg\",\"contentUrl\":\"http:\\\/\\\/www.shkoder.net\\\/2012\\\/nue_oroshi.jpg\"},{\"@type\":\"BreadcrumbList\",\"@id\":\"https:\\\/\\\/fjala.info\\\/2009-2015\\\/rtk-ja-ka-mbetur-medium-i-mendesise-komuniste-pse\\\/#breadcrumb\",\"itemListElement\":[{\"@type\":\"ListItem\",\"position\":1,\"name\":\"Home\",\"item\":\"https:\\\/\\\/fjala.info\\\/2009-2015\\\/\"},{\"@type\":\"ListItem\",\"position\":2,\"name\":\"RTK-ja ka mbetur medium i mend\u00ebsis\u00eb komuniste &#8211; PSE !?\"}]},{\"@type\":\"WebSite\",\"@id\":\"https:\\\/\\\/fjala.info\\\/2009-2015\\\/#website\",\"url\":\"https:\\\/\\\/fjala.info\\\/2009-2015\\\/\",\"name\":\"FjALA e LIR\u00cb - Arkivi\",\"description\":\"Arkivi 2009-2015\",\"publisher\":{\"@id\":\"https:\\\/\\\/fjala.info\\\/2009-2015\\\/#organization\"},\"potentialAction\":[{\"@type\":\"SearchAction\",\"target\":{\"@type\":\"EntryPoint\",\"urlTemplate\":\"https:\\\/\\\/fjala.info\\\/2009-2015\\\/?s={search_term_string}\"},\"query-input\":{\"@type\":\"PropertyValueSpecification\",\"valueRequired\":true,\"valueName\":\"search_term_string\"}}],\"inLanguage\":\"sq-AL\"},{\"@type\":\"Organization\",\"@id\":\"https:\\\/\\\/fjala.info\\\/2009-2015\\\/#organization\",\"name\":\"FjALA e LIR\u00cb - Arkivi\",\"url\":\"https:\\\/\\\/fjala.info\\\/2009-2015\\\/\",\"logo\":{\"@type\":\"ImageObject\",\"inLanguage\":\"sq-AL\",\"@id\":\"https:\\\/\\\/fjala.info\\\/2009-2015\\\/#\\\/schema\\\/logo\\\/image\\\/\",\"url\":\"\",\"contentUrl\":\"\",\"caption\":\"FjALA e LIR\u00cb - Arkivi\"},\"image\":{\"@id\":\"https:\\\/\\\/fjala.info\\\/2009-2015\\\/#\\\/schema\\\/logo\\\/image\\\/\"}},{\"@type\":\"Person\",\"@id\":\"https:\\\/\\\/fjala.info\\\/2009-2015\\\/#\\\/schema\\\/person\\\/3aa1163ef05469c496fc94e77611ada2\",\"name\":\"admin\",\"image\":{\"@type\":\"ImageObject\",\"inLanguage\":\"sq-AL\",\"@id\":\"https:\\\/\\\/fjala.info\\\/2009-2015\\\/wp-content\\\/uploads\\\/2012\\\/02\\\/arben_cokaj-120x150.jpg\",\"url\":\"https:\\\/\\\/fjala.info\\\/2009-2015\\\/wp-content\\\/uploads\\\/2012\\\/02\\\/arben_cokaj-120x150.jpg\",\"contentUrl\":\"https:\\\/\\\/fjala.info\\\/2009-2015\\\/wp-content\\\/uploads\\\/2012\\\/02\\\/arben_cokaj-120x150.jpg\",\"caption\":\"admin\"},\"description\":\"Admin, Fjala e Lir\u00eb\",\"sameAs\":[\"https:\\\/\\\/fjala.info\\\/\"],\"url\":\"https:\\\/\\\/fjala.info\\\/2009-2015\\\/author\\\/admin\\\/\"}]}<\/script>\n<!-- \/ Yoast SEO plugin. -->","yoast_head_json":{"title":"RTK-ja ka mbetur medium i mend\u00ebsis\u00eb komuniste - PSE !? - FjALA e LIR\u00cb - Arkivi","robots":{"index":"index","follow":"follow","max-snippet":"max-snippet:-1","max-image-preview":"max-image-preview:large","max-video-preview":"max-video-preview:-1"},"canonical":"https:\/\/fjala.info\/2009-2015\/rtk-ja-ka-mbetur-medium-i-mendesise-komuniste-pse\/","og_locale":"sq_AL","og_type":"article","og_title":"RTK-ja ka mbetur medium i mend\u00ebsis\u00eb komuniste - PSE !? - FjALA e LIR\u00cb - Arkivi","og_description":"Mr.sc. Nue Oroshi Vargjet e k\u00ebng\u00ebve t\u00eb shkruara nga poet\u00ebt popullor\u00eb shpeshher\u00eb kan\u00eb hyr\u00eb thell\u00eb n\u00eb tradit\u00ebn ton\u00eb shqiptare, e cila \u00ebsht\u00eb e begatshme me fjal\u00eb, shprehje dhe frazeologji t\u00eb shumta q\u00eb mund\u00ebn t\u2019i kan\u00eb lakmi edhe shum\u00eb gjuh\u00eb t\u00eb huaja bot\u00ebrore. Nj\u00eb nd\u00ebr ato fjal\u00eb q\u00eb \u00ebsht p\u00ebrseritur shum\u00eb her\u00eb jan\u00eb edhe fjal\u00ebt e [&hellip;]","og_url":"https:\/\/fjala.info\/2009-2015\/rtk-ja-ka-mbetur-medium-i-mendesise-komuniste-pse\/","og_site_name":"FjALA e LIR\u00cb - Arkivi","article_published_time":"2012-03-10T14:46:20+00:00","og_image":[{"url":"http:\/\/www.shkoder.net\/2012\/nue_oroshi.jpg","type":"","width":"","height":""}],"author":"admin","twitter_card":"summary_large_image","twitter_misc":{"Written by":"admin","Est. reading time":"13 minutes"},"schema":{"@context":"https:\/\/schema.org","@graph":[{"@type":"Article","@id":"https:\/\/fjala.info\/2009-2015\/rtk-ja-ka-mbetur-medium-i-mendesise-komuniste-pse\/#article","isPartOf":{"@id":"https:\/\/fjala.info\/2009-2015\/rtk-ja-ka-mbetur-medium-i-mendesise-komuniste-pse\/"},"author":{"name":"admin","@id":"https:\/\/fjala.info\/2009-2015\/#\/schema\/person\/3aa1163ef05469c496fc94e77611ada2"},"headline":"RTK-ja ka mbetur medium i mend\u00ebsis\u00eb komuniste &#8211; PSE !?","datePublished":"2012-03-10T14:46:20+00:00","mainEntityOfPage":{"@id":"https:\/\/fjala.info\/2009-2015\/rtk-ja-ka-mbetur-medium-i-mendesise-komuniste-pse\/"},"wordCount":2657,"commentCount":0,"publisher":{"@id":"https:\/\/fjala.info\/2009-2015\/#organization"},"image":{"@id":"https:\/\/fjala.info\/2009-2015\/rtk-ja-ka-mbetur-medium-i-mendesise-komuniste-pse\/#primaryimage"},"thumbnailUrl":"http:\/\/www.shkoder.net\/2012\/nue_oroshi.jpg","articleSection":["Artikuj"],"inLanguage":"sq-AL","potentialAction":[{"@type":"CommentAction","name":"Comment","target":["https:\/\/fjala.info\/2009-2015\/rtk-ja-ka-mbetur-medium-i-mendesise-komuniste-pse\/#respond"]}]},{"@type":"WebPage","@id":"https:\/\/fjala.info\/2009-2015\/rtk-ja-ka-mbetur-medium-i-mendesise-komuniste-pse\/","url":"https:\/\/fjala.info\/2009-2015\/rtk-ja-ka-mbetur-medium-i-mendesise-komuniste-pse\/","name":"RTK-ja ka mbetur medium i mend\u00ebsis\u00eb komuniste - PSE !? - FjALA e LIR\u00cb - Arkivi","isPartOf":{"@id":"https:\/\/fjala.info\/2009-2015\/#website"},"primaryImageOfPage":{"@id":"https:\/\/fjala.info\/2009-2015\/rtk-ja-ka-mbetur-medium-i-mendesise-komuniste-pse\/#primaryimage"},"image":{"@id":"https:\/\/fjala.info\/2009-2015\/rtk-ja-ka-mbetur-medium-i-mendesise-komuniste-pse\/#primaryimage"},"thumbnailUrl":"http:\/\/www.shkoder.net\/2012\/nue_oroshi.jpg","datePublished":"2012-03-10T14:46:20+00:00","breadcrumb":{"@id":"https:\/\/fjala.info\/2009-2015\/rtk-ja-ka-mbetur-medium-i-mendesise-komuniste-pse\/#breadcrumb"},"inLanguage":"sq-AL","potentialAction":[{"@type":"ReadAction","target":["https:\/\/fjala.info\/2009-2015\/rtk-ja-ka-mbetur-medium-i-mendesise-komuniste-pse\/"]}]},{"@type":"ImageObject","inLanguage":"sq-AL","@id":"https:\/\/fjala.info\/2009-2015\/rtk-ja-ka-mbetur-medium-i-mendesise-komuniste-pse\/#primaryimage","url":"http:\/\/www.shkoder.net\/2012\/nue_oroshi.jpg","contentUrl":"http:\/\/www.shkoder.net\/2012\/nue_oroshi.jpg"},{"@type":"BreadcrumbList","@id":"https:\/\/fjala.info\/2009-2015\/rtk-ja-ka-mbetur-medium-i-mendesise-komuniste-pse\/#breadcrumb","itemListElement":[{"@type":"ListItem","position":1,"name":"Home","item":"https:\/\/fjala.info\/2009-2015\/"},{"@type":"ListItem","position":2,"name":"RTK-ja ka mbetur medium i mend\u00ebsis\u00eb komuniste &#8211; PSE !?"}]},{"@type":"WebSite","@id":"https:\/\/fjala.info\/2009-2015\/#website","url":"https:\/\/fjala.info\/2009-2015\/","name":"FjALA e LIR\u00cb - Arkivi","description":"Arkivi 2009-2015","publisher":{"@id":"https:\/\/fjala.info\/2009-2015\/#organization"},"potentialAction":[{"@type":"SearchAction","target":{"@type":"EntryPoint","urlTemplate":"https:\/\/fjala.info\/2009-2015\/?s={search_term_string}"},"query-input":{"@type":"PropertyValueSpecification","valueRequired":true,"valueName":"search_term_string"}}],"inLanguage":"sq-AL"},{"@type":"Organization","@id":"https:\/\/fjala.info\/2009-2015\/#organization","name":"FjALA e LIR\u00cb - Arkivi","url":"https:\/\/fjala.info\/2009-2015\/","logo":{"@type":"ImageObject","inLanguage":"sq-AL","@id":"https:\/\/fjala.info\/2009-2015\/#\/schema\/logo\/image\/","url":"","contentUrl":"","caption":"FjALA e LIR\u00cb - Arkivi"},"image":{"@id":"https:\/\/fjala.info\/2009-2015\/#\/schema\/logo\/image\/"}},{"@type":"Person","@id":"https:\/\/fjala.info\/2009-2015\/#\/schema\/person\/3aa1163ef05469c496fc94e77611ada2","name":"admin","image":{"@type":"ImageObject","inLanguage":"sq-AL","@id":"https:\/\/fjala.info\/2009-2015\/wp-content\/uploads\/2012\/02\/arben_cokaj-120x150.jpg","url":"https:\/\/fjala.info\/2009-2015\/wp-content\/uploads\/2012\/02\/arben_cokaj-120x150.jpg","contentUrl":"https:\/\/fjala.info\/2009-2015\/wp-content\/uploads\/2012\/02\/arben_cokaj-120x150.jpg","caption":"admin"},"description":"Admin, Fjala e Lir\u00eb","sameAs":["https:\/\/fjala.info\/"],"url":"https:\/\/fjala.info\/2009-2015\/author\/admin\/"}]}},"_links":{"self":[{"href":"https:\/\/fjala.info\/2009-2015\/wp-json\/wp\/v2\/posts\/2118","targetHints":{"allow":["GET"]}}],"collection":[{"href":"https:\/\/fjala.info\/2009-2015\/wp-json\/wp\/v2\/posts"}],"about":[{"href":"https:\/\/fjala.info\/2009-2015\/wp-json\/wp\/v2\/types\/post"}],"author":[{"embeddable":true,"href":"https:\/\/fjala.info\/2009-2015\/wp-json\/wp\/v2\/users\/1"}],"replies":[{"embeddable":true,"href":"https:\/\/fjala.info\/2009-2015\/wp-json\/wp\/v2\/comments?post=2118"}],"version-history":[{"count":0,"href":"https:\/\/fjala.info\/2009-2015\/wp-json\/wp\/v2\/posts\/2118\/revisions"}],"wp:attachment":[{"href":"https:\/\/fjala.info\/2009-2015\/wp-json\/wp\/v2\/media?parent=2118"}],"wp:term":[{"taxonomy":"category","embeddable":true,"href":"https:\/\/fjala.info\/2009-2015\/wp-json\/wp\/v2\/categories?post=2118"},{"taxonomy":"post_tag","embeddable":true,"href":"https:\/\/fjala.info\/2009-2015\/wp-json\/wp\/v2\/tags?post=2118"}],"curies":[{"name":"wp","href":"https:\/\/api.w.org\/{rel}","templated":true}]}}