{"id":2115,"date":"2012-03-09T11:09:41","date_gmt":"2012-03-09T10:09:41","guid":{"rendered":"http:\/\/fjala.shkoder.net\/?p=2115"},"modified":"2012-03-09T11:09:41","modified_gmt":"2012-03-09T10:09:41","slug":"beteja-e-berishes-me-topin-e-spahiun-do-te-jete-e-gjate-dhe-e-ashper","status":"publish","type":"post","link":"https:\/\/fjala.info\/2009-2015\/beteja-e-berishes-me-topin-e-spahiun-do-te-jete-e-gjate-dhe-e-ashper\/","title":{"rendered":"Beteja e Berish\u00ebs me Topin e Spahiun do t\u00eb jet\u00eb e gjat\u00eb dhe e ashp\u00ebr"},"content":{"rendered":"<p><img decoding=\"async\" class=\"alignright size-thumbnail wp-image-7236\" title=\"Topi - Berisha\" src=\"http:\/\/www.shkoder.net\/2012\/topi_berisha.jpg\" alt=\"\" width=\"300\" \/> Nga <strong>Mustafa Nano<\/strong>, <em>8 mars 2012<\/em><\/p>\n<p>Ka b\u00ebr\u00eb p\u00ebrshtypje sulmi i pardjesh\u00ebm q\u00eb Bamir Topi i b\u00ebri Sali Berish\u00ebs. Ai \u00ebsht\u00eb ende President, por p\u00ebr nj\u00eb moment vendosi t\u00eb mos sillej si i till\u00eb. Iu rikthye zejes s\u00eb politikanit. Iu rikthye p\u00ebr t\u00eb b\u00ebr\u00eb at\u00eb q\u00eb s\u2019para e b\u00ebn. Sulmoi eg\u00ebr, dhe me k\u00ebt\u00eb u regjistruan dy lajme n\u00eb t\u00eb nj\u00ebjt\u00ebn koh\u00eb:<\/p>\n<p>1. Bamir Topi hoqi dor\u00eb nga bon ton-i, q\u00eb e ka karakterizuar gjith\u00eb koh\u00ebn e q\u00eb n\u00eb fakt i del aq shum\u00eb nga rropullit\u00eb, sa shpesh ia marrin p\u00ebr dob\u00ebsi e droj\u00eb, dhe<\/p>\n<p>2. Bamir Topi hoqi kostumin e kreut t\u00eb shtetit (ndon\u00ebse \u00ebsht\u00eb ende n\u00eb at\u00eb post), dhe veshi at\u00eb t\u00eb politikanit aktiv, duke marr\u00eb pjes\u00eb n\u00eb polemikat e debatin e dit\u00ebs. Por duhet th\u00ebn\u00eb se \u00ebsht\u00eb t\u00ebrhequr zvarr\u00eb n\u00eb k\u00ebt\u00eb debat. Kan\u00eb b\u00ebr\u00eb \u00e7mos p\u00ebr ta nxjerr\u00eb nga binar\u00ebt institucional\u00eb, ku ai ka parap\u00eblqyer t\u00eb rrij\u00eb i ngujuar. Dhe ai i ka rezistuar \u2018heroikisht\u2019 z\u00ebrit t\u00eb sirenave t\u00eb sherrit. Nuk hapi goj\u00eb as kur e etiketuan horr bulevardi, as kur u sulmuan me termal\u00eb t\u00eb pist\u00eb krer\u00eb institucionesh t\u00eb pavarur (lavire bulevardi, e quajt\u00ebn kryeprokuroren), as kur s\u2019iu bind\u00ebn urdhrave t\u00eb k\u00ebsaj t\u00eb fundit p\u00ebr t\u00eb ndaluar disa krer\u00eb t\u00eb Gard\u00ebs s\u00eb Republik\u00ebs t\u00eb dyshuar p\u00ebr vrasjet e 21 janarit, as kur b\u00ebn\u00eb dekonspirimin e vot\u00ebs s\u00eb tij t\u00eb 8 majit, p\u00ebr t\u00eb cil\u00ebn vet\u00eb Presidenti pretendon se \u00ebsht\u00eb trukuar me synimin p\u00ebr ta nxjerr\u00eb si \u2018t\u00eb majt\u00eb\u2019 etj. Nuk e ka hapur goj\u00ebn as gjat\u00eb koh\u00ebve t\u00eb fundit, kur Berisha nuk ka ndenjur asnj\u00eb dit\u00eb pa e p\u00ebrmendur (t\u00eb tjer\u00ebt, me n\u00eb krye Topallin, po se po).<\/p>\n<p>Dhe k\u00ebshtu kan\u00eb rrjedhur ngjarjet deri n\u00eb dit\u00ebn e djeshme, kur Topi i ka dh\u00ebn\u00eb dum pun\u00ebs q\u00eb t\u00eb nxjerr\u00eb dh\u00ebmb\u00ebt. Mund t\u00eb qortohet p\u00ebr faktin q\u00eb i ka ikur stereotipit presidencial t\u00eb p\u00ebrkufizuar\/modeluar nga Kushtetuta, por kjo kritik\u00eb do t\u00eb ishte nj\u00eb sjellje prej l\u00ebkur\u00ebholli n\u00eb nj\u00eb vend, ku \u2018armiqt\u00eb\u2019 e tij s\u2019e kan\u00eb pasur p\u00ebr gj\u00eb \u2013 po b\u00ebj ve\u00e7 nj\u00eb ilustrim \u2013 t\u00eb vrasin dhe njer\u00ebz t\u00eb opozit\u00ebs, e t\u00eb mos dor\u00ebzojn\u00eb vras\u00ebsit. Madje, n\u00eb k\u00ebto kushte do kish qen\u00eb m\u00eb e udh\u00ebs q\u00eb Presidenti t\u00eb kish folur prej koh\u00ebsh e t\u00eb kish folur gjith\u00eb koh\u00ebn; jo p\u00ebr t\u00eb b\u00ebr\u00eb sulme t\u00eb natyr\u00ebs politike, por p\u00ebr t\u2019u th\u00ebn\u00eb t\u00eb tjer\u00ebve: mjaft m\u00eb me sulme politike! E k\u00ebt\u00eb gj\u00eb mund ta b\u00ebnte n\u00eb respekt, t\u00eb madh edhe n\u00eb detyrim, t\u00eb Kushtetut\u00ebs.<\/p>\n<p>Nd\u00ebrsa me sulmin e fundit ka dal\u00eb qartazi nga kufizimet kushtetuese. Berisha e t\u00eb tijt\u00eb do i m\u00ebshojn\u00eb shum\u00eb k\u00ebtij fakti, por p\u00ebr fatin e mir\u00eb t\u00eb Topit, Berisha e berishian\u00ebt nuk kan\u00eb titull e tag\u00ebr p\u00ebr t\u00eb qen\u00eb bart\u00ebs shqet\u00ebsimesh t\u00eb tilla nazike. E p\u00ebr k\u00ebt\u00eb arsye, nuk kan\u00eb p\u00ebr t\u00eb t\u00ebrhequr v\u00ebmendjen e askujt me tentativ\u00ebn e tyre p\u00ebr t\u00eb denigruar Topin, duke u v\u00ebn\u00eb me demek n\u00eb mbrojtje t\u00eb Kushtetut\u00ebs. Por, edhe sikur n\u00eb vend t\u00eb Berish\u00ebs t\u00eb ish dikush tjet\u00ebr me karta m\u00eb t\u00eb mira konstitucionale, Topi e ka alibin\u00eb. Ai \u00ebsht\u00eb sulmuar n\u00eb m\u00ebnyr\u00eb banditeske. Ka dhe nj\u00eb alibi t\u00eb dyt\u00eb, q\u00eb vlen aq sa mund t\u00eb vlej\u00eb e atje ku mund t\u00eb vlej\u00eb.<\/p>\n<p>Ai \u00ebsht\u00eb n\u00eb fund t\u00eb mandatit presidencial; n\u00eb bot\u00ebn anglosaksone do ta quanin nj\u00eb lame duck (n\u00eb shqip: ros\u00eb e \u00e7al\u00eb), d.m.th. nj\u00eb funksionar, i cili, pik\u00ebrisht ngaq\u00eb \u00ebsht\u00eb n\u00eb fund t\u00eb mandatit, vijon t\u00eb jet\u00eb n\u00eb zyr\u00eb, por nuk ka fuqit\u00eb e zakonshme, rrjedhimisht nuk \u00ebsht\u00eb tamam n\u00eb zyr\u00eb. Jan\u00eb t\u00eb shumta kushtetutat q\u00eb njohin nj\u00eb konsum moral t\u00eb posteve t\u00eb tilla, e prandaj e p\u00ebrkthejn\u00eb k\u00ebt\u00eb konsum n\u00eb ulje kompetencash. Shkurt, Topi ka dhe alibin\u00eb q\u00eb t\u00eb jet\u00eb nj\u00eb lame duck. P\u00ebrtej k\u00ebtyre alibive, ne t\u00eb gjith\u00eb e dim\u00eb se n\u00eb themel t\u00eb k\u00ebtij q\u00ebndrimi luftarak t\u00eb Topit q\u00ebndron di\u00e7ka tjet\u00ebr.<\/p>\n<p>Ai me mendje nuk \u00ebsht\u00eb m\u00eb President i Republik\u00ebs. Ai praktikisht \u00ebsht\u00eb kryetar i nj\u00eb partie q\u00eb pritet t\u00eb shpallet. Dhe kjo \u00ebsht\u00eb e gjith\u00eb \u00e7\u00ebshtja. Sherri mes tij e Berish\u00ebs ka marr\u00eb form\u00eb pas 21 janarit, por ky sherr do t\u00eb shuhej shpejt e shpejt, sikur t\u00eb mos qe fjala p\u00ebr k\u00ebt\u00eb partin\u00eb e re. \u00cbsht\u00eb kjo e fundit q\u00eb ia ka prishur gjumin Berish\u00ebs, dhe ia ka prishur m\u00eb shum\u00eb se t\u00eb gjitha paudh\u00ebsit\u00eb q\u00eb ka b\u00ebr\u00eb, tok me t\u00eb vet\u00ebt, p\u00ebr t\u00eb cilat ka frik\u00eb se mund t\u00eb gjykohet nj\u00eb dit\u00eb. Partia e Topit, por dhe ajo e Spahiut, rrezikojn\u00eb t\u00eb prishin keqas balanc\u00ebn elektorale; rrezikojn\u00eb ta prishin deri n\u00eb at\u00eb fare feje, sa nuk do t\u2019i hyj\u00eb m\u00eb n\u00eb pun\u00eb asnj\u00eb KQZ, asnj\u00eb kolegj zgjedhor, asnj\u00eb band\u00eb elektorale, asnj\u00eb mb\u00ebshtetje financiare, asnj\u00eb blerje n\u00eb \u2018gabin\u2019 ton\u00eb politik e asnj\u00eb aleat nd\u00ebrkomb\u00ebtar.<\/p>\n<p>Dyshja Topi-Spahiu jan\u00eb t\u00eb vetmit armiq t\u00eb tij. Rama \u00ebsht\u00eb ana tjet\u00ebr e peshores, ai \u00ebsht\u00eb n\u00eb ngastr\u00ebn e vet, \u00ebsht\u00eb ai q\u00eb \u00ebsht\u00eb, \u00ebsht\u00eb ashtu si \u00ebsht\u00eb, \u00ebsht\u00eb n\u00eb fund t\u00eb fundit nj\u00eb variab\u00ebl i llogaritur n\u00eb ekuacionet p\u00ebr pushtet, nd\u00ebrsa k\u00ebta t\u00eb dy i duken Berish\u00ebs si t\u00eb paftuarit krejt t\u00eb pad\u00ebshiruar n\u00eb nj\u00eb dark\u00eb ku askush s\u2019ka mundur t\u00eb ulet pa amenin e tij. K\u00ebta t\u00eb dy ia b\u00ebjn\u00eb l\u00ebmsh llogarit\u00eb. E prandaj, ai betej\u00ebn tash e tutje e ka me k\u00ebta. Dialektika do t\u00eb p\u00ebsoj\u00eb vetvetiu nj\u00eb zhvendosje nga aksi PD-PS n\u00eb aksin PD-Topi-Spahiu. Nuk dihet sakt\u00ebsisht n\u00eb do t\u00eb ket\u00eb qar PS-ja nga kjo luft\u00eb parazgjedhore mes t\u00eb tjer\u00ebve, por \u00ebsht\u00eb e sigurt q\u00eb do t\u00eb ket\u00eb qar nga situata paszgjedhore, s\u00eb cil\u00ebs n\u00eb k\u00ebto rrethana i njihet vet\u00ebm minoranca: Sali Berisha e banda e tij. Pse? Sepse Berisha nuk mund ta frenoj\u00eb k\u00ebt\u00eb dyshe t\u00eb zhvillohet.<\/p>\n<p>Po t\u2019i injoroj\u00eb, i duket sikur i l\u00eb t\u00eb punojn\u00eb t\u00eb qet\u00eb e t\u2019i marrin terren atij vet\u00eb; po t\u2019i marr\u00eb n\u00eb konsiderat\u00eb p\u00ebr at\u00eb q\u00eb jan\u00eb (gj\u00eb q\u00eb po e b\u00ebn tani) e t\u2019i b\u00ebj\u00eb tabel\u00eb qitjeje, i duket sikur i valorizon ca m\u00eb shum\u00eb se sa duhet. Ai me siguri ka karta q\u00eb s\u2019i ka luajtur akoma (mund t\u2019u ket\u00eb b\u00ebma t\u00eb liga q\u00eb mund t\u2019ua nxjerr\u00eb n\u00eb shesh, apo q\u00eb mund t\u2019ua sajoj\u00eb, n\u00eb momentin, q\u00eb ai do ta gjykoj\u00eb si t\u00eb duhurin), por si zor q\u00eb gj\u00ebra t\u00eb tilla t\u00eb ken\u00eb ndikim elektoral apo politik. Kjo \u00ebsht\u00eb arsyeja pra q\u00eb Berisha po vuan s\u00eb fundmi. Mir\u00ebpo askush nuk mund ta shp\u00ebtoj\u00eb tanim\u00eb. K\u00ebshtu duket n\u00eb k\u00ebt\u00eb moment, t\u00eb pakt\u00ebn.<\/p>\n","protected":false},"excerpt":{"rendered":"<p>Nga Mustafa Nano, 8 mars 2012 Ka b\u00ebr\u00eb p\u00ebrshtypje sulmi i pardjesh\u00ebm q\u00eb Bamir Topi i b\u00ebri Sali Berish\u00ebs. Ai \u00ebsht\u00eb ende President, por p\u00ebr nj\u00eb moment vendosi t\u00eb mos sillej si i till\u00eb. Iu rikthye zejes s\u00eb politikanit. Iu rikthye p\u00ebr t\u00eb b\u00ebr\u00eb at\u00eb q\u00eb s\u2019para e b\u00ebn. Sulmoi eg\u00ebr, dhe me k\u00ebt\u00eb u [&hellip;]<\/p>\n","protected":false},"author":1,"featured_media":0,"comment_status":"open","ping_status":"closed","sticky":false,"template":"","format":"standard","meta":{"footnotes":""},"categories":[2],"tags":[],"class_list":{"0":"post-2115","1":"post","2":"type-post","3":"status-publish","4":"format-standard","6":"category-artikuj"},"yoast_head":"<!-- This site is optimized with the Yoast SEO plugin v27.4 - https:\/\/yoast.com\/product\/yoast-seo-wordpress\/ -->\n<title>Beteja e Berish\u00ebs me Topin e Spahiun do t\u00eb jet\u00eb e gjat\u00eb dhe e ashp\u00ebr - FjALA e LIR\u00cb - Arkivi<\/title>\n<meta name=\"robots\" content=\"index, follow, max-snippet:-1, max-image-preview:large, max-video-preview:-1\" \/>\n<link rel=\"canonical\" href=\"https:\/\/fjala.info\/2009-2015\/beteja-e-berishes-me-topin-e-spahiun-do-te-jete-e-gjate-dhe-e-ashper\/\" \/>\n<meta property=\"og:locale\" content=\"sq_AL\" \/>\n<meta property=\"og:type\" content=\"article\" \/>\n<meta property=\"og:title\" content=\"Beteja e Berish\u00ebs me Topin e Spahiun do t\u00eb jet\u00eb e gjat\u00eb dhe e ashp\u00ebr - FjALA e LIR\u00cb - Arkivi\" \/>\n<meta property=\"og:description\" content=\"Nga Mustafa Nano, 8 mars 2012 Ka b\u00ebr\u00eb p\u00ebrshtypje sulmi i pardjesh\u00ebm q\u00eb Bamir Topi i b\u00ebri Sali Berish\u00ebs. Ai \u00ebsht\u00eb ende President, por p\u00ebr nj\u00eb moment vendosi t\u00eb mos sillej si i till\u00eb. Iu rikthye zejes s\u00eb politikanit. Iu rikthye p\u00ebr t\u00eb b\u00ebr\u00eb at\u00eb q\u00eb s\u2019para e b\u00ebn. Sulmoi eg\u00ebr, dhe me k\u00ebt\u00eb u [&hellip;]\" \/>\n<meta property=\"og:url\" content=\"https:\/\/fjala.info\/2009-2015\/beteja-e-berishes-me-topin-e-spahiun-do-te-jete-e-gjate-dhe-e-ashper\/\" \/>\n<meta property=\"og:site_name\" content=\"FjALA e LIR\u00cb - Arkivi\" \/>\n<meta property=\"article:published_time\" content=\"2012-03-09T10:09:41+00:00\" \/>\n<meta property=\"og:image\" content=\"http:\/\/www.shkoder.net\/2012\/topi_berisha.jpg\" \/>\n<meta name=\"author\" content=\"admin\" \/>\n<meta name=\"twitter:card\" content=\"summary_large_image\" \/>\n<meta name=\"twitter:label1\" content=\"Written by\" \/>\n\t<meta name=\"twitter:data1\" content=\"admin\" \/>\n\t<meta name=\"twitter:label2\" content=\"Est. reading time\" \/>\n\t<meta name=\"twitter:data2\" content=\"6 minutes\" \/>\n<script type=\"application\/ld+json\" class=\"yoast-schema-graph\">{\"@context\":\"https:\\\/\\\/schema.org\",\"@graph\":[{\"@type\":\"Article\",\"@id\":\"https:\\\/\\\/fjala.info\\\/2009-2015\\\/beteja-e-berishes-me-topin-e-spahiun-do-te-jete-e-gjate-dhe-e-ashper\\\/#article\",\"isPartOf\":{\"@id\":\"https:\\\/\\\/fjala.info\\\/2009-2015\\\/beteja-e-berishes-me-topin-e-spahiun-do-te-jete-e-gjate-dhe-e-ashper\\\/\"},\"author\":{\"name\":\"admin\",\"@id\":\"https:\\\/\\\/fjala.info\\\/2009-2015\\\/#\\\/schema\\\/person\\\/3aa1163ef05469c496fc94e77611ada2\"},\"headline\":\"Beteja e Berish\u00ebs me Topin e Spahiun do t\u00eb jet\u00eb e gjat\u00eb dhe e ashp\u00ebr\",\"datePublished\":\"2012-03-09T10:09:41+00:00\",\"mainEntityOfPage\":{\"@id\":\"https:\\\/\\\/fjala.info\\\/2009-2015\\\/beteja-e-berishes-me-topin-e-spahiun-do-te-jete-e-gjate-dhe-e-ashper\\\/\"},\"wordCount\":1218,\"commentCount\":0,\"publisher\":{\"@id\":\"https:\\\/\\\/fjala.info\\\/2009-2015\\\/#organization\"},\"image\":{\"@id\":\"https:\\\/\\\/fjala.info\\\/2009-2015\\\/beteja-e-berishes-me-topin-e-spahiun-do-te-jete-e-gjate-dhe-e-ashper\\\/#primaryimage\"},\"thumbnailUrl\":\"http:\\\/\\\/www.shkoder.net\\\/2012\\\/topi_berisha.jpg\",\"articleSection\":[\"Artikuj\"],\"inLanguage\":\"sq-AL\",\"potentialAction\":[{\"@type\":\"CommentAction\",\"name\":\"Comment\",\"target\":[\"https:\\\/\\\/fjala.info\\\/2009-2015\\\/beteja-e-berishes-me-topin-e-spahiun-do-te-jete-e-gjate-dhe-e-ashper\\\/#respond\"]}]},{\"@type\":\"WebPage\",\"@id\":\"https:\\\/\\\/fjala.info\\\/2009-2015\\\/beteja-e-berishes-me-topin-e-spahiun-do-te-jete-e-gjate-dhe-e-ashper\\\/\",\"url\":\"https:\\\/\\\/fjala.info\\\/2009-2015\\\/beteja-e-berishes-me-topin-e-spahiun-do-te-jete-e-gjate-dhe-e-ashper\\\/\",\"name\":\"Beteja e Berish\u00ebs me Topin e Spahiun do t\u00eb jet\u00eb e gjat\u00eb dhe e ashp\u00ebr - FjALA e LIR\u00cb - Arkivi\",\"isPartOf\":{\"@id\":\"https:\\\/\\\/fjala.info\\\/2009-2015\\\/#website\"},\"primaryImageOfPage\":{\"@id\":\"https:\\\/\\\/fjala.info\\\/2009-2015\\\/beteja-e-berishes-me-topin-e-spahiun-do-te-jete-e-gjate-dhe-e-ashper\\\/#primaryimage\"},\"image\":{\"@id\":\"https:\\\/\\\/fjala.info\\\/2009-2015\\\/beteja-e-berishes-me-topin-e-spahiun-do-te-jete-e-gjate-dhe-e-ashper\\\/#primaryimage\"},\"thumbnailUrl\":\"http:\\\/\\\/www.shkoder.net\\\/2012\\\/topi_berisha.jpg\",\"datePublished\":\"2012-03-09T10:09:41+00:00\",\"breadcrumb\":{\"@id\":\"https:\\\/\\\/fjala.info\\\/2009-2015\\\/beteja-e-berishes-me-topin-e-spahiun-do-te-jete-e-gjate-dhe-e-ashper\\\/#breadcrumb\"},\"inLanguage\":\"sq-AL\",\"potentialAction\":[{\"@type\":\"ReadAction\",\"target\":[\"https:\\\/\\\/fjala.info\\\/2009-2015\\\/beteja-e-berishes-me-topin-e-spahiun-do-te-jete-e-gjate-dhe-e-ashper\\\/\"]}]},{\"@type\":\"ImageObject\",\"inLanguage\":\"sq-AL\",\"@id\":\"https:\\\/\\\/fjala.info\\\/2009-2015\\\/beteja-e-berishes-me-topin-e-spahiun-do-te-jete-e-gjate-dhe-e-ashper\\\/#primaryimage\",\"url\":\"http:\\\/\\\/www.shkoder.net\\\/2012\\\/topi_berisha.jpg\",\"contentUrl\":\"http:\\\/\\\/www.shkoder.net\\\/2012\\\/topi_berisha.jpg\"},{\"@type\":\"BreadcrumbList\",\"@id\":\"https:\\\/\\\/fjala.info\\\/2009-2015\\\/beteja-e-berishes-me-topin-e-spahiun-do-te-jete-e-gjate-dhe-e-ashper\\\/#breadcrumb\",\"itemListElement\":[{\"@type\":\"ListItem\",\"position\":1,\"name\":\"Home\",\"item\":\"https:\\\/\\\/fjala.info\\\/2009-2015\\\/\"},{\"@type\":\"ListItem\",\"position\":2,\"name\":\"Beteja e Berish\u00ebs me Topin e Spahiun do t\u00eb jet\u00eb e gjat\u00eb dhe e ashp\u00ebr\"}]},{\"@type\":\"WebSite\",\"@id\":\"https:\\\/\\\/fjala.info\\\/2009-2015\\\/#website\",\"url\":\"https:\\\/\\\/fjala.info\\\/2009-2015\\\/\",\"name\":\"FjALA e LIR\u00cb - Arkivi\",\"description\":\"Arkivi 2009-2015\",\"publisher\":{\"@id\":\"https:\\\/\\\/fjala.info\\\/2009-2015\\\/#organization\"},\"potentialAction\":[{\"@type\":\"SearchAction\",\"target\":{\"@type\":\"EntryPoint\",\"urlTemplate\":\"https:\\\/\\\/fjala.info\\\/2009-2015\\\/?s={search_term_string}\"},\"query-input\":{\"@type\":\"PropertyValueSpecification\",\"valueRequired\":true,\"valueName\":\"search_term_string\"}}],\"inLanguage\":\"sq-AL\"},{\"@type\":\"Organization\",\"@id\":\"https:\\\/\\\/fjala.info\\\/2009-2015\\\/#organization\",\"name\":\"FjALA e LIR\u00cb - Arkivi\",\"url\":\"https:\\\/\\\/fjala.info\\\/2009-2015\\\/\",\"logo\":{\"@type\":\"ImageObject\",\"inLanguage\":\"sq-AL\",\"@id\":\"https:\\\/\\\/fjala.info\\\/2009-2015\\\/#\\\/schema\\\/logo\\\/image\\\/\",\"url\":\"\",\"contentUrl\":\"\",\"caption\":\"FjALA e LIR\u00cb - Arkivi\"},\"image\":{\"@id\":\"https:\\\/\\\/fjala.info\\\/2009-2015\\\/#\\\/schema\\\/logo\\\/image\\\/\"}},{\"@type\":\"Person\",\"@id\":\"https:\\\/\\\/fjala.info\\\/2009-2015\\\/#\\\/schema\\\/person\\\/3aa1163ef05469c496fc94e77611ada2\",\"name\":\"admin\",\"image\":{\"@type\":\"ImageObject\",\"inLanguage\":\"sq-AL\",\"@id\":\"https:\\\/\\\/fjala.info\\\/2009-2015\\\/wp-content\\\/uploads\\\/2012\\\/02\\\/arben_cokaj-120x150.jpg\",\"url\":\"https:\\\/\\\/fjala.info\\\/2009-2015\\\/wp-content\\\/uploads\\\/2012\\\/02\\\/arben_cokaj-120x150.jpg\",\"contentUrl\":\"https:\\\/\\\/fjala.info\\\/2009-2015\\\/wp-content\\\/uploads\\\/2012\\\/02\\\/arben_cokaj-120x150.jpg\",\"caption\":\"admin\"},\"description\":\"Admin, Fjala e Lir\u00eb\",\"sameAs\":[\"https:\\\/\\\/fjala.info\\\/\"],\"url\":\"https:\\\/\\\/fjala.info\\\/2009-2015\\\/author\\\/admin\\\/\"}]}<\/script>\n<!-- \/ Yoast SEO plugin. -->","yoast_head_json":{"title":"Beteja e Berish\u00ebs me Topin e Spahiun do t\u00eb jet\u00eb e gjat\u00eb dhe e ashp\u00ebr - FjALA e LIR\u00cb - Arkivi","robots":{"index":"index","follow":"follow","max-snippet":"max-snippet:-1","max-image-preview":"max-image-preview:large","max-video-preview":"max-video-preview:-1"},"canonical":"https:\/\/fjala.info\/2009-2015\/beteja-e-berishes-me-topin-e-spahiun-do-te-jete-e-gjate-dhe-e-ashper\/","og_locale":"sq_AL","og_type":"article","og_title":"Beteja e Berish\u00ebs me Topin e Spahiun do t\u00eb jet\u00eb e gjat\u00eb dhe e ashp\u00ebr - FjALA e LIR\u00cb - Arkivi","og_description":"Nga Mustafa Nano, 8 mars 2012 Ka b\u00ebr\u00eb p\u00ebrshtypje sulmi i pardjesh\u00ebm q\u00eb Bamir Topi i b\u00ebri Sali Berish\u00ebs. Ai \u00ebsht\u00eb ende President, por p\u00ebr nj\u00eb moment vendosi t\u00eb mos sillej si i till\u00eb. Iu rikthye zejes s\u00eb politikanit. Iu rikthye p\u00ebr t\u00eb b\u00ebr\u00eb at\u00eb q\u00eb s\u2019para e b\u00ebn. Sulmoi eg\u00ebr, dhe me k\u00ebt\u00eb u [&hellip;]","og_url":"https:\/\/fjala.info\/2009-2015\/beteja-e-berishes-me-topin-e-spahiun-do-te-jete-e-gjate-dhe-e-ashper\/","og_site_name":"FjALA e LIR\u00cb - Arkivi","article_published_time":"2012-03-09T10:09:41+00:00","og_image":[{"url":"http:\/\/www.shkoder.net\/2012\/topi_berisha.jpg","type":"","width":"","height":""}],"author":"admin","twitter_card":"summary_large_image","twitter_misc":{"Written by":"admin","Est. reading time":"6 minutes"},"schema":{"@context":"https:\/\/schema.org","@graph":[{"@type":"Article","@id":"https:\/\/fjala.info\/2009-2015\/beteja-e-berishes-me-topin-e-spahiun-do-te-jete-e-gjate-dhe-e-ashper\/#article","isPartOf":{"@id":"https:\/\/fjala.info\/2009-2015\/beteja-e-berishes-me-topin-e-spahiun-do-te-jete-e-gjate-dhe-e-ashper\/"},"author":{"name":"admin","@id":"https:\/\/fjala.info\/2009-2015\/#\/schema\/person\/3aa1163ef05469c496fc94e77611ada2"},"headline":"Beteja e Berish\u00ebs me Topin e Spahiun do t\u00eb jet\u00eb e gjat\u00eb dhe e ashp\u00ebr","datePublished":"2012-03-09T10:09:41+00:00","mainEntityOfPage":{"@id":"https:\/\/fjala.info\/2009-2015\/beteja-e-berishes-me-topin-e-spahiun-do-te-jete-e-gjate-dhe-e-ashper\/"},"wordCount":1218,"commentCount":0,"publisher":{"@id":"https:\/\/fjala.info\/2009-2015\/#organization"},"image":{"@id":"https:\/\/fjala.info\/2009-2015\/beteja-e-berishes-me-topin-e-spahiun-do-te-jete-e-gjate-dhe-e-ashper\/#primaryimage"},"thumbnailUrl":"http:\/\/www.shkoder.net\/2012\/topi_berisha.jpg","articleSection":["Artikuj"],"inLanguage":"sq-AL","potentialAction":[{"@type":"CommentAction","name":"Comment","target":["https:\/\/fjala.info\/2009-2015\/beteja-e-berishes-me-topin-e-spahiun-do-te-jete-e-gjate-dhe-e-ashper\/#respond"]}]},{"@type":"WebPage","@id":"https:\/\/fjala.info\/2009-2015\/beteja-e-berishes-me-topin-e-spahiun-do-te-jete-e-gjate-dhe-e-ashper\/","url":"https:\/\/fjala.info\/2009-2015\/beteja-e-berishes-me-topin-e-spahiun-do-te-jete-e-gjate-dhe-e-ashper\/","name":"Beteja e Berish\u00ebs me Topin e Spahiun do t\u00eb jet\u00eb e gjat\u00eb dhe e ashp\u00ebr - FjALA e LIR\u00cb - Arkivi","isPartOf":{"@id":"https:\/\/fjala.info\/2009-2015\/#website"},"primaryImageOfPage":{"@id":"https:\/\/fjala.info\/2009-2015\/beteja-e-berishes-me-topin-e-spahiun-do-te-jete-e-gjate-dhe-e-ashper\/#primaryimage"},"image":{"@id":"https:\/\/fjala.info\/2009-2015\/beteja-e-berishes-me-topin-e-spahiun-do-te-jete-e-gjate-dhe-e-ashper\/#primaryimage"},"thumbnailUrl":"http:\/\/www.shkoder.net\/2012\/topi_berisha.jpg","datePublished":"2012-03-09T10:09:41+00:00","breadcrumb":{"@id":"https:\/\/fjala.info\/2009-2015\/beteja-e-berishes-me-topin-e-spahiun-do-te-jete-e-gjate-dhe-e-ashper\/#breadcrumb"},"inLanguage":"sq-AL","potentialAction":[{"@type":"ReadAction","target":["https:\/\/fjala.info\/2009-2015\/beteja-e-berishes-me-topin-e-spahiun-do-te-jete-e-gjate-dhe-e-ashper\/"]}]},{"@type":"ImageObject","inLanguage":"sq-AL","@id":"https:\/\/fjala.info\/2009-2015\/beteja-e-berishes-me-topin-e-spahiun-do-te-jete-e-gjate-dhe-e-ashper\/#primaryimage","url":"http:\/\/www.shkoder.net\/2012\/topi_berisha.jpg","contentUrl":"http:\/\/www.shkoder.net\/2012\/topi_berisha.jpg"},{"@type":"BreadcrumbList","@id":"https:\/\/fjala.info\/2009-2015\/beteja-e-berishes-me-topin-e-spahiun-do-te-jete-e-gjate-dhe-e-ashper\/#breadcrumb","itemListElement":[{"@type":"ListItem","position":1,"name":"Home","item":"https:\/\/fjala.info\/2009-2015\/"},{"@type":"ListItem","position":2,"name":"Beteja e Berish\u00ebs me Topin e Spahiun do t\u00eb jet\u00eb e gjat\u00eb dhe e ashp\u00ebr"}]},{"@type":"WebSite","@id":"https:\/\/fjala.info\/2009-2015\/#website","url":"https:\/\/fjala.info\/2009-2015\/","name":"FjALA e LIR\u00cb - Arkivi","description":"Arkivi 2009-2015","publisher":{"@id":"https:\/\/fjala.info\/2009-2015\/#organization"},"potentialAction":[{"@type":"SearchAction","target":{"@type":"EntryPoint","urlTemplate":"https:\/\/fjala.info\/2009-2015\/?s={search_term_string}"},"query-input":{"@type":"PropertyValueSpecification","valueRequired":true,"valueName":"search_term_string"}}],"inLanguage":"sq-AL"},{"@type":"Organization","@id":"https:\/\/fjala.info\/2009-2015\/#organization","name":"FjALA e LIR\u00cb - Arkivi","url":"https:\/\/fjala.info\/2009-2015\/","logo":{"@type":"ImageObject","inLanguage":"sq-AL","@id":"https:\/\/fjala.info\/2009-2015\/#\/schema\/logo\/image\/","url":"","contentUrl":"","caption":"FjALA e LIR\u00cb - Arkivi"},"image":{"@id":"https:\/\/fjala.info\/2009-2015\/#\/schema\/logo\/image\/"}},{"@type":"Person","@id":"https:\/\/fjala.info\/2009-2015\/#\/schema\/person\/3aa1163ef05469c496fc94e77611ada2","name":"admin","image":{"@type":"ImageObject","inLanguage":"sq-AL","@id":"https:\/\/fjala.info\/2009-2015\/wp-content\/uploads\/2012\/02\/arben_cokaj-120x150.jpg","url":"https:\/\/fjala.info\/2009-2015\/wp-content\/uploads\/2012\/02\/arben_cokaj-120x150.jpg","contentUrl":"https:\/\/fjala.info\/2009-2015\/wp-content\/uploads\/2012\/02\/arben_cokaj-120x150.jpg","caption":"admin"},"description":"Admin, Fjala e Lir\u00eb","sameAs":["https:\/\/fjala.info\/"],"url":"https:\/\/fjala.info\/2009-2015\/author\/admin\/"}]}},"_links":{"self":[{"href":"https:\/\/fjala.info\/2009-2015\/wp-json\/wp\/v2\/posts\/2115","targetHints":{"allow":["GET"]}}],"collection":[{"href":"https:\/\/fjala.info\/2009-2015\/wp-json\/wp\/v2\/posts"}],"about":[{"href":"https:\/\/fjala.info\/2009-2015\/wp-json\/wp\/v2\/types\/post"}],"author":[{"embeddable":true,"href":"https:\/\/fjala.info\/2009-2015\/wp-json\/wp\/v2\/users\/1"}],"replies":[{"embeddable":true,"href":"https:\/\/fjala.info\/2009-2015\/wp-json\/wp\/v2\/comments?post=2115"}],"version-history":[{"count":0,"href":"https:\/\/fjala.info\/2009-2015\/wp-json\/wp\/v2\/posts\/2115\/revisions"}],"wp:attachment":[{"href":"https:\/\/fjala.info\/2009-2015\/wp-json\/wp\/v2\/media?parent=2115"}],"wp:term":[{"taxonomy":"category","embeddable":true,"href":"https:\/\/fjala.info\/2009-2015\/wp-json\/wp\/v2\/categories?post=2115"},{"taxonomy":"post_tag","embeddable":true,"href":"https:\/\/fjala.info\/2009-2015\/wp-json\/wp\/v2\/tags?post=2115"}],"curies":[{"name":"wp","href":"https:\/\/api.w.org\/{rel}","templated":true}]}}