{"id":2109,"date":"2012-03-09T10:37:16","date_gmt":"2012-03-09T09:37:16","guid":{"rendered":"http:\/\/fjala.shkoder.net\/?p=2109"},"modified":"2012-03-09T10:37:16","modified_gmt":"2012-03-09T09:37:16","slug":"pobrati-berisha-te-largoje-ish-agjentet-e-sherbimeve-te-huaja-nga-politika","status":"publish","type":"post","link":"https:\/\/fjala.info\/2009-2015\/pobrati-berisha-te-largoje-ish-agjentet-e-sherbimeve-te-huaja-nga-politika\/","title":{"rendered":"Pobrati: Berisha t\u00eb largoj\u00eb ish-agjent\u00ebt e sh\u00ebrbimeve t\u00eb huaja nga politika"},"content":{"rendered":"<p><img decoding=\"async\" class=\"alignleft size-thumbnail wp-image-7236\" title=\"Luan Pobrati\" src=\"http:\/\/www.shkoder.net\/2012\/luan_pobrati.jpg\" alt=\"\" width=\"300\" \/> <strong>Lindita \u00c7ela<\/strong><\/p>\n<p>Sa her\u00eb q\u00eb politika p\u00ebrvshihet n\u00eb debat\u00ebt e spiun\u00ebve, nuk jan\u00eb t\u00eb pakt\u00eb njer\u00ebzit q\u00eb i drejtohen p\u00ebr t\u00eb treguar me gisht \u201cdjallin\u201d m\u00eb fytyr\u00eb \u201c\u00ebngj\u00eblli\u201d q\u00eb vazhdon t\u00eb na rr\u00ebmbej\u00eb vota duke u b\u00ebr\u00eb i gjith\u00ebpushtetsh\u00ebm. K\u00ebshtu ka ndodhur q\u00eb n\u00eb fillimet e viteve 90-t\u00eb, kur ish shefi i SHISH i trokiste n\u00eb qeli p\u00ebr t\u00eb treguar \u201cbashk\u00ebpuntor\u00ebt\u201d, q\u00eb aso kohe ishin armiqt\u00eb e Berish\u00ebs e q\u00eb tashm\u00eb bashk\u00ebqeveris me ta. K\u00ebshtu ndodh dhe sot. Shkojn\u00eb tek ai sa her\u00eb sa her\u00eb q\u00eb dosjet e bashk\u00ebpuntor\u00ebve p\u00ebrm\u00ebnden si shpata e Demokleut p\u00ebr politik\u00ebn shqiptare. Nj\u00eb syresh i njeh mir\u00eb ish-punonj\u00ebsi i nj\u00eb dekad\u00eb n\u00eb Sigurimin e Shtetit. T\u00eb tjer\u00eb i ka patur n\u00ebn hyq\u00ebm por kurr\u00eb nuk ul\u00ebr\u00ebt p\u00ebr t\u00eb rr\u00ebfyer t\u00eb v\u00ebrteta q\u00eb di, edhe p\u00ebr shak t\u00eb t\u00eb cilave \u00ebsht\u00eb shpallur \u201carmik\u201d.<\/p>\n<p>Por Luan Pobrati \u00ebsht\u00eb krejt i qet\u00eb n\u00eb t\u00eb v\u00ebrtetat q\u00eb di. Demaskimi i spiun\u00ebve nuk \u00ebsht\u00eb roli i tij. Madje refuzon t\u00eb flas\u00eb p\u00ebr bashk\u00ebpuntor\u00eb apo njer\u00ebz q\u00eb sot kan\u00eb ngjitur majat e politik\u00ebs shqiptare. P\u00ebr t\u00eb, shqet\u00ebsim \u00ebsht\u00eb procesi q\u00eb mban peng \u201cf\u00eblliq\u00ebsit\u00eb\u201d e njer\u00ebzve q\u00eb kurr\u00eb nuk kan\u00eb patur kurajon t\u00eb rr\u00ebfehen e q\u00eb e shkura e tyre i ka kthyer n\u00eb \u201cunuk\u201d t\u00eb \u00e7do qeverisje q\u00eb ka ardhur n\u00eb pushtet pas 90-t\u00ebs. P\u00ebr t\u00eb shqet\u00ebsim \u00ebsht\u00eb fenomeni jo individi. K\u00ebshtu nis rr\u00ebfimi me njeriun q\u00eb do t\u00eb shkonte deri kryeinspektor i kryeministrit p\u00ebr SHIK-un, apo dhe qytetarin e shkuara e t\u00eb cilit u b\u00ebn jo pak hije njer\u00ebzve me t\u00eb cil\u00ebt puna i ka bashkuar por n\u00eb eksperienca jan\u00eb kaq t\u00eb ndrysh\u00ebm. N\u00eb nj\u00eb intervist\u00eb p\u00ebr \u201cShekullin\u201d, nj\u00eb nga specialist\u00ebt q\u00eb njeh mir\u00eb sh\u00ebrbimet inteligjente, rr\u00ebfen t\u00eb v\u00ebrteta e dosjeve t\u00eb sigurimit t\u00eb shtetit dhe p\u00ebrse politika mbetet peng i s\u00eb shkuar\u00ebs s\u00eb regjimit komunist.<\/p>\n<p><strong>Zoti Pobrati, her\u00eb pas her\u00eb politika shqiptare i rikthehet debatit t\u00eb hapjes s\u00eb dosjeve p\u00ebr ish bashk\u00ebpun\u00ebtor\u00ebt e Sigurimit t\u00eb Shtetit. N\u00eb gjykimin tuaj, p\u00ebrse ndodh kjo ? V\u00ebrtet\u00eb politika shqiptare \u00ebsht\u00eb e interesuar p\u00ebr hapjen e dosjeve t\u00eb bashk\u00ebpun\u00ebtor\u00ebve t\u00eb sigurimit t\u00eb shtetit?<\/strong><\/p>\n<p>Problemi i rikthimit t\u00eb politik\u00ebs n\u00eb tem\u00ebn e hapjes s\u00eb dosjeve, tashm\u00eb t\u00eb p\u00ebrfolur gjerazi n\u00eb k\u00ebto nj\u00ebzet vite t\u00eb pas 90\u2019, pa hyr\u00eb n\u00eb komente dhe interpretime, sipas gjykimit tim, ka t\u00eb b\u00ebj\u00eb me ng\u00ebr\u00e7in n\u00eb t\u00eb cilin gjendet vet\u00eb politika. Ashtu si\u00e7 kam theksuar edhe her\u00eb t\u00eb tjera, edhe k\u00ebsaj radhe \u00ebsht\u00eb kjo arsyeja e rikthimit n\u00eb qend\u00ebr t\u00eb v\u00ebmendjes t\u00eb hapjes s\u00eb dosjeve, thjesht p\u00ebr t\u00eb spostuar pik\u00ebrisht k\u00ebtu morin\u00eb e problemeve q\u00eb kan\u00eb mb\u00ebrthyer politik\u00ebn.<\/p>\n<p><strong>N\u00eb gjykimin tuaj, a ka sot politikan\u00eb, q\u00eb p\u00ebr shkak t\u00eb s\u00eb shkuar\u00ebs s\u00eb tyre i tremben Kryeministrit, kur ai p\u00ebrmend \u201cgogolin\u201d e dosjeve t\u00eb bashk\u00ebpun\u00ebtor\u00ebve t\u00eb sigurimit t\u00eb shtetit?<\/strong><\/p>\n<p>P\u00ebrqendrimi gjat\u00eb k\u00ebsaj interviste n\u00eb emra politikan\u00ebsh, apo n\u00ebpun\u00ebsish t\u00eb lart\u00eb t\u00eb administrat\u00ebs shtet\u00ebrore, t\u00eb cil\u00ebt mund t\u2019i ken\u00eb sh\u00ebrbyer Sigurimit t\u00eb Shtetit, do t\u00eb ulte nivelin e komunikimit, pasi n\u00eb arsyetimin tim, t\u00eb merresh me \u201czbulimin e emrit\u201d t\u00eb tyre, nuk do t\u00eb p\u00ebrb\u00ebnte kuriozitet as p\u00ebr politik\u00ebn, por as edhe p\u00ebr opinionin e gjer\u00eb. Padyshim kjo s\u2019do t\u00eb thot\u00eb q\u00eb ajo nuk duhet t\u00eb pastrohet nga individ\u00ebt q\u00eb jan\u00eb t\u00eb kompromentuar me Sh\u00ebrbimin Sekret t\u00eb s\u00eb shkuar\u00ebs. Ashtu sikund\u00ebr duhet t\u00eb largoj\u00eb prej vetes ish-agjent\u00ebt e sh\u00ebrbimeve t\u00eb huaja. Kuptimi k\u00ebsaj \u00e7\u00ebshtje n\u00eb m\u00ebnyr\u00eb t\u00eb nj\u00ebanshme, pra q\u00eb nga politika t\u00eb largohen vet\u00ebm ish-bashk\u00ebpun\u00ebtor\u00ebt e Sigurimit t\u00eb Shtetit, duke mos p\u00ebrjashtuar prej saj agjent\u00ebt e sh\u00ebrbimeve t\u00eb huaja, mendoj se nuk do ti sh\u00ebrbente t\u00eb mir\u00ebs s\u00eb p\u00ebrbashk\u00ebt, p\u00ebr t\u00eb mos th\u00ebn\u00eb se b\u00ebhet me q\u00ebllime t\u00eb mbrapshta.<\/p>\n<p><strong>\u00c7\u00ebshtja e agjent\u00ebve t\u00eb sh\u00ebrbimeve t\u00eb huaja \u00ebsht\u00eb di\u00e7ka q\u00eb t\u00ebrheq v\u00ebmendjen. Si \u00ebsht\u00eb e v\u00ebrteta e k\u00ebsaj \u00e7\u00ebshtjeje?<\/strong><\/p>\n<p>Problemi n\u00eb fjal\u00eb,\u201ckonflikti\u201d p\u00ebrse politika \u00ebsht\u00eb e interesuar t\u00eb largoj\u00eb apo t\u00eb denoncoj\u00eb vet\u00ebm bashk\u00ebpun\u00ebtor\u00ebt e Sigurimit t\u00eb Shtetit dhe t\u00eb \u201cfsheh\u00eb\u201d agjent\u00ebt e sh\u00ebrbimeve t\u00eb huaja, justifikohet me faktin se gjoja k\u00ebta t\u00eb fundit kan\u00eb kontribuar n\u00eb favor t\u00eb ndryshimit apo goditjes s\u00eb regjimit dhe harrohet se \u00e7\u2019d\u00ebme t\u00eb m\u00ebdha i kan\u00eb sjell\u00eb vendit, fjala vjen individ\u00eb n\u00eb sh\u00ebrbim t\u00eb Serbis\u00eb apo UDB-s\u00eb saj, duke d\u00ebmtuar r\u00ebnd\u00eb sigurin\u00eb dhe \u00e7\u00ebshtjen ton\u00eb komb\u00ebtare.<\/p>\n<p><strong>Ndaj \u00ebsht\u00eb domosdoshm\u00ebri hapja e dosjeve\u2026<\/strong><\/p>\n<p>Nuk ka asnj\u00eb penges\u00eb p\u00ebr t\u00eb realizuar shtratin, i cili do t\u00eb p\u00ebrb\u00ebnte baz\u00ebn ligjore p\u00ebr hapjen e dosjeve. N\u00ebse n\u00eb princip nuk ka arsye pse ato t\u00eb mos hapen, n\u00eb praktik\u00eb \u00ebsht\u00eb vet\u00eb politika q\u00eb e pengon k\u00ebt\u00eb proces.<\/p>\n<p><strong>Pas vitit 90-t\u00eb ka pasur nj\u00eb s\u00ebr\u00eb deklaratash p\u00ebr zhdukjen e dosjeve t\u00eb bashk\u00ebpun\u00ebtor\u00ebve. N\u00eb dijeni tuaj, a mund t\u00eb ket\u00eb ndodhur kjo?<\/strong><\/p>\n<p>P\u00ebr sa pyesni, fillimisht desha t\u00eb shpjegoj nj\u00eb ngat\u00ebrres\u00eb, e cila, me sa shoh ka nevoj\u00eb p\u00ebr sqarim, duke u ofruar k\u00ebt\u00eb koment: N\u00eb dinamik\u00ebn e pun\u00ebs me agjentur\u00ebn, mbetet korrekte e normale edhe sot, asgj\u00ebsimi i dosjeve t\u00eb bashk\u00ebpun\u00ebtor\u00ebve sekret\u00eb, sa her\u00eb q\u00eb situata e diktonte dhe i gjith\u00eb ky proces, realizohej p\u00ebrmes nj\u00eb komisioni t\u00eb pranuar e t\u00eb njohur nga aktet normative. Praktik\u00eb kjo, q\u00eb diktohej nga zhvillimi i situat\u00ebs operative, por edhe nga ndryshimet n\u00eb jet\u00ebn e secilit prej informator\u00ebve t\u00eb sh\u00ebrbimit sekret; ku padyshim, si\u00e7 p\u00ebrfshihen rastet e s\u00ebmundjes dhe deri vdekjet e tyre, s\u2019mund t\u00eb mos merrej n\u00eb konsiderat\u00eb pa p\u00ebrshtatshm\u00ebria, deri mos dashja p\u00ebr t\u00eb bashk\u00ebpunuar m\u00eb tej me sigurimin e shtetit. N\u00eb rastet e p\u00ebrmendura dhe t\u00eb tjera si k\u00ebto, dosjet e tyre asgj\u00ebsoheshin p\u00ebrmes proces verbaleve te rregullta e t\u00eb firmosura nga t\u00eb gjith\u00eb an\u00ebtar\u00ebt e komisionit, kur ato nuk kishin m\u00eb vler\u00eb operative apo historike, por n\u00eb t\u00eb gjitha her\u00ebt, ruheshin domosdoshm\u00ebrish kartelat dhe regjistrat ku p\u00ebrshkruhej emri dhe pseudonimi, sikund\u00ebr t\u00eb tjera t\u00eb dh\u00ebna t\u00eb holl\u00ebsishme e t\u00eb domosdoshme.<\/p>\n<p>N\u00eb k\u00ebt\u00eb kuptim, mund t\u00eb flitet p\u00ebr asgj\u00ebsime, ashtu si\u00e7 nuk mund t\u00eb pranohet q\u00eb ka zhdukje dosjesh. Mbi t\u00eb gjitha ekzistojn\u00eb kartelat dhe regjistrat, me t\u00eb cil\u00ebt n\u00eb asnj\u00eb rast nuk manipulohet. Mekanizmi i nd\u00ebrtimit t\u00eb kodit t\u00eb tyre, \u00ebsht\u00eb parashikuar i till\u00eb, q\u00eb t\u00eb mos tjet\u00ebrsohen dhe n\u00eb \u00e7do rast nd\u00ebrhyrje t\u00eb mbeten gjurm\u00ebt. Madje, ato funksionojn\u00eb ashtu, q\u00eb edhe n\u00eb raste lufte, realizohej ruajtja. \u00cbsht\u00eb nj\u00eb procedur\u00eb e t\u00ebr\u00eb q\u00eb shpjegon dekodifikimin dhe zb\u00ebrthimin e funksionimit t\u00eb kartelizimit t\u00eb personave t\u00eb regjistruar si bashk\u00ebpun\u00ebtor\u00eb t\u00eb sh\u00ebrbimit sekret, apo agjent t\u00eb sh\u00ebrbimeve t\u00eb huaja.<\/p>\n<p>N\u00eb bindjen time, \u00ebsht\u00eb e v\u00ebshtir\u00eb t\u00eb zhb\u00ebsh, apo t\u00eb zhdukesh nj\u00eb dosje. Kjo ishte n\u00eb thelb p\u00ebrgjigja ime, por m\u00eb lejo t\u00eb shpjegoj edhe di\u00e7ka t\u00eb vog\u00ebl, por jo pa dometh\u00ebnie p\u00ebr sa flasim: Pas vitit 1992, nj\u00eb ish-minist\u00ebr i Rendit dhe nj\u00eb ish-kryetar i Sh\u00ebrbimit Informativ, jan\u00eb arrestuar n\u00ebn akuz\u00ebn e asgj\u00ebsimit t\u00eb dosjeve. I gjith\u00eb procesi gjyq\u00ebsor kund\u00ebr tyre, nuk e v\u00ebrtetoi k\u00ebt\u00eb gj\u00eb, ndaj ata rezultuan t\u00eb pafajsh\u00ebm dhe krimi p\u00ebr t\u00eb cilin u akuzuan, nuk ishte kryer. Nga \u201892 deri n\u00eb vitin 1997, ve\u00e7an\u00ebrisht n\u00eb marsin e 97-\u00ebs, n\u00eb Sh\u00ebrbimin Informativ p\u00ebrflitet se jan\u00eb asgj\u00ebsuar materiale me r\u00ebnd\u00ebsi operative. A mundet q\u00eb k\u00ebtu t\u00eb kemi t\u00eb b\u00ebjm\u00eb me nj\u00eb v\u00ebnie dor\u00eb n\u00eb kuptimin figurativ, mbi regjistra e mbi kartela, ku b\u00ebhej fjal\u00eb p\u00ebr agjend\u00eb t\u00eb sh\u00ebrbimeve t\u00eb huaja dhe atyre t\u00eb sh\u00ebrbimeve sekrete; mbetet e v\u00ebshtir\u00eb t\u00eb konfirmohet, ndaj jetojn\u00eb legjendat urbane\u2026<\/p>\n<p><strong>At\u00ebher\u00eb n\u00eb do t\u00eb vazhdojm\u00eb me legjenda dhe nuk do t\u00eb marrim vesh kurr\u00eb se kush kan\u00eb qen\u00eb bashk\u00ebpun\u00ebtor\u00ebt e sigurimit dhe agjent t\u00eb sh\u00ebrbimeve t\u00eb huaja?<\/strong><\/p>\n<p>Demokracia \u00ebsht\u00eb proces. N\u00eb k\u00ebt\u00eb proces demokratizimi, ka vend p\u00ebr t\u00eb njohur dhe m\u00ebsuar t\u00eb tjera t\u00eb v\u00ebrteta t\u00eb hidhura, sikund\u00ebr duhet p\u00ebrshpejtuar e p\u00ebrmir\u00ebsuar ritmet e ecjes p\u00ebrpara, pasi k\u00ebshtu s\u2019do t\u2019i l\u00ebn\u00eb koh\u00eb zgjerohet t\u00eb realizimit t\u00eb trillit, duke prer\u00eb mund\u00ebsin e spekulimit dhe penetrimeve t\u00eb atyre njer\u00ebzve q\u00eb se meritojn\u00eb t\u00eb jen\u00eb n\u00eb politik\u00eb, ndaj flasim e diskutojm\u00eb se \u00ebsht\u00eb koha t\u00eb hapur dosjet.<\/p>\n<p><strong>Z. Pobrati mos \u00ebsht\u00eb pak naive kjo, duke pasur parasysh \u00e7ka thuhet se, jan\u00eb njer\u00ebzit e politik\u00ebs q\u00eb kan\u00eb qen\u00eb bashk\u00ebpun\u00ebtor\u00eb t\u00eb Sigurimit dhe jan\u00eb k\u00ebta q\u00eb do t\u00eb hapin dosjet! A mos ka k\u00ebtu nj\u00eb konflikt interesi?<\/strong><\/p>\n<p>Teprohet kur thuhet se politika \u00ebsht\u00eb mb\u00ebrthyer nga njer\u00ebz t\u00eb kompromentuar nga e shkuara, ndaj jan\u00eb k\u00ebta q\u00eb pengojn\u00eb hapjen e dosjeve. S\u2019mund t\u00eb jet\u00eb k\u00ebshtu. Brenda politik\u00ebs, ka pjes\u00eb t\u00eb r\u00ebnd\u00ebsishme t\u00eb saj q\u00eb jan\u00eb t\u00eb interesuar dhe punojn\u00eb intensivisht p\u00ebr shk\u00ebputjen nga e kaluar e hidhur, sikund\u00ebr jan\u00eb t\u00eb hapen dosjet. Individ\u00eb t\u00eb caktuar, sado t\u00eb pushtetsh\u00ebm, nuk mund ta pengojn\u00eb dot k\u00ebt\u00eb proces.<\/p>\n<p><strong>Z. Pobrati! Edhe nj\u00eb pyetje, t\u00eb cil\u00ebn do t\u00eb d\u00ebshiroja t\u00eb ishit i drejtp\u00ebrdrejt\u00eb: Para pak kohe jeni prononcuar mbi m\u00ebnyr\u00ebn si kontrolloheshin t\u00eb huajt n\u00eb t\u00eb shkuar\u00ebn, ku nj\u00eb vend par\u00ebsor zinin informacionet e dh\u00ebna nga shoq\u00ebrues p\u00ebrkthyesit. V\u00ebmendja e lexuesve \u00ebsht\u00eb t\u00ebrhequr pas p\u00ebrdorjes si t\u00eb till\u00eb n\u00eb at\u00eb koh\u00eb edhe e kat\u00ebr ministrave t\u00eb jasht\u00ebm n\u00eb k\u00ebto vite t\u00eb pas n\u00ebnt\u00ebdhjet\u00ebs. A mund t\u00eb na thoni ju lutem, di\u00e7ka me konkrete?<\/strong><\/p>\n<p>Shum\u00ebkush ka d\u00ebgjuar nj\u00eb komunikim timin b\u00ebr\u00eb me nj\u00eb televizion lokal dhe pas k\u00ebsaj, lexuesit njoh\u00ebn p\u00ebrmes shtypit intervist\u00ebn e dh\u00ebn\u00eb. Si\u00e7 \u00ebsht\u00eb theksuar n\u00eb to, p\u00ebr sa juve pyesni, shpjegoja se brenda funksionit t\u00eb z\u00ebvend\u00ebs drejtorit t\u00eb p\u00ebrgjithsh\u00ebm t\u00eb turizmit n\u00eb ato vite, kryesisht, realizoja edhe detyra q\u00eb i p\u00ebrgjigjeshin sh\u00ebrbimit sekret, t\u00eb cilat p\u00ebrmblidheshin n\u00eb kuad\u00ebr t\u00eb angazhimit tim n\u00eb ato struktura.<\/p>\n<p>Nd\u00ebrsa fola p\u00ebr \u00e7far\u00eb ju cil\u00ebsuat, synimi dhe q\u00ebllimi im, nuk kishte si objekt goditjeje personat n\u00eb fjal\u00eb, aq m\u00eb pak t\u00eb ktheja n\u00eb v\u00ebmendje veprimtarin e djeshme t\u00eb tyre; un\u00eb ve\u00e7se tentova t\u00eb shpjegoja se n\u00eb detyr\u00ebn e shoq\u00ebrues p\u00ebrkthyesit, ishte primare informimi me shkrim, gj\u00eb q\u00eb nd\u00ebrsa ishte domosdoshm\u00ebri, nuk prosupozonte pjes\u00ebmarrjen e patjet\u00ebrsueshme n\u00eb rrjetin agjenturor; nd\u00ebrkoh\u00eb kur ishte e qart\u00eb dhe e papranueshme p\u00ebr k\u00ebdo q\u00eb d\u00ebshironte t\u00eb angazhohej n\u00eb t\u00eb tilla detyra, raportimi pran\u00eb punonj\u00ebsve t\u00eb sh\u00ebrbimeve sekrete, t\u00eb veprimeve, ngjarjeve dhe gjith\u00e7kaje tjet\u00ebr q\u00eb k\u00ebtyre u t\u00ebrhiqte v\u00ebmendjen e u b\u00ebnte p\u00ebrshtypje. Nd\u00ebrkoh\u00eb, q\u00eb duhet t\u00eb mos harrohet, se flasim p\u00ebr periudh\u00ebn, kur ekzistonte \u201clufta e ftoht\u00eb\u201d dhe p\u00ebr \u00e7\u00ebshtjet n\u00eb fjal\u00eb, k\u00ebshtu veprohej edhe n\u00eb vendet per\u00ebndimore. P\u00ebr t\u00eb joshur kuriozitetin tuaj, nuk nguroj t\u00eb them se n\u00eb nj\u00eb udh\u00ebtim drejt Italis\u00eb, para pak vitesh, ndodhesha n\u00eb avion s\u00eb bashku me nj\u00eb grup ministrash, me t\u00eb cil\u00ebt isha njohur nga pozicioni p\u00ebr t\u00eb cilin fola. Pra e shkuara ka qen\u00eb e p\u00ebrbashk\u00ebt, pavar\u00ebsisht kush n\u00eb karrige.<\/p>\n<p><strong>Z. Pobrati, nga biseda ndihet se e njihni mir\u00eb \u201cfush\u00ebn\u201d tuaj, po kaq edhe njer\u00ebzit e politik\u00ebs q\u00eb puna u ka ofruar. A ndiheni i k\u00ebrc\u00ebnuar p\u00ebr \u00e7ka ju dini? Apo ky \u00ebsht\u00eb nj\u00eb informacion q\u00eb nuk rrezikon jet\u00ebs suaj?<\/strong><\/p>\n<p>Tashm\u00eb un\u00eb konsiderohem i m\u00ebsuar nga k\u00ebrc\u00ebnimet e politik\u00ebs dhe burgosjet prej saj. Imuniteti i p\u00ebrfituar m\u00eb ka b\u00ebr\u00eb t\u00eb ndjesh\u00ebm dhe nuk gaboj po t\u00eb deklaroj se goditjet e saj, kan\u00eb qen\u00eb dhe mbeten nj\u00eb arsye m\u00eb shum\u00eb p\u00ebr t\u00eb mos pasur frik\u00eb. Nga ana tjet\u00ebr, \u00ebsht\u00eb e v\u00ebrtet\u00eb q\u00eb njoh mir\u00eb nj\u00eb pjes\u00eb t\u00eb politikan\u00ebve; pasi kur un\u00eb sapo kisha filluar pun\u00eb, pra kur ende isha pa i mbushur 25 vjet, kryeministri yn\u00eb i sotsh\u00ebm kishte pa kaq vite antar i Partis\u00eb s\u00eb Pun\u00ebs. Njohja ime me t\u00eb \u00ebsht\u00eb e hershme, por n\u00eb eksperienca jemi t\u00eb ndrysh\u00ebm.<\/p>\n<p><strong>Q\u00eb do t\u00eb thot\u00eb se, sot ju jeni nj\u00eb i papun\u00eb dhe ata q\u00eb ju rrethonin, jan\u00eb n\u00eb majat e politik\u00ebs ?<\/strong><\/p>\n<p>Po, \u00ebsht\u00eb e ndodh edhe k\u00ebshtu\u2026<\/p>\n<p><strong>Le te flasim pak p\u00ebr gjendjen n\u00eb SHISH. Kjo struktur\u00eb ka qen\u00eb shpesh n\u00ebn shigjetimin e Kryeministrit. Tani ndihet nj\u00eb lloj paqeje, e kjo p\u00ebr mendimin tuaj, mos ka ardhur se SHISH \u00ebsht\u00eb v\u00ebn\u00eb n\u00ebn streh\u00ebn, apo t\u00eb themi, diktatin e Berish\u00ebs?<\/strong><\/p>\n<p>Kur flasim p\u00ebr nj\u00eb \u201cheshtje\u201d t\u00eb Kryeministrit ndaj veprimtaris\u00eb s\u00eb SHISH, n\u00eb arsyetimin tim, kjo \u00ebsht\u00eb pozitive, pasi institucioni q\u00eb merret me grumbullimin e informacionit, si\u00e7 \u00ebsht\u00eb sh\u00ebrbimi inteligjent, duhet t\u00eb operoj\u00eb p\u00ebrmes heshtjes dhe vet\u00ebm kur heshtet p\u00ebr detyrat q\u00eb ai kryen, mund t\u00eb themi se sh\u00ebrbimi sekret \u00ebsht\u00eb n\u00eb rrug\u00eb t\u00eb mbar\u00eb. Por brenda k\u00ebsaj heshtje, mos vall\u00eb fshihet di\u00e7ka q\u00eb s\u2019duhet? Un\u00eb i p\u00ebrkas pjes\u00ebs q\u00eb dua t\u00eb mendoj se Kryetar i Sh\u00ebrbimit Informativ, tashm\u00eb ka eksperienc\u00ebn e nevojshme p\u00ebr t\u00eb ditur si komunikohet me institucionet mbi t\u00eb dhe nuk ma merr mendja q\u00eb \u201ckompromisi\u201d t\u00eb jet\u00eb i till\u00eb q\u00eb t\u00eb d\u00ebmtojn\u00eb pun\u00ebn e sh\u00ebrbimit n\u00eb t\u00ebr\u00ebsi. Sh\u00ebrbimi informativ, nuk mund t\u00eb manipuloj\u00eb p\u00ebr nj\u00eb periudh\u00eb t\u00eb gjat\u00eb kohe; sepse sh\u00ebrbimi yn\u00eb kontrollohet n\u00eb m\u00ebnyr\u00eb t\u00eb till\u00eb, nga s\u2019mund t\u00eb devijohet, p\u00ebr shkakun e njohur se si nj\u00eb vend i angazhuar n\u00eb NATO, e ka vendosur SHISH n\u00ebn v\u00ebmendjen e partner\u00ebve t\u00eb r\u00ebnd\u00ebsish\u00ebm nd\u00ebrkomb\u00ebtar\u00eb.<\/p>\n<p>K\u00ebshtu q\u00eb \u00e7do shkujdesje e kryetarit t\u00eb Sh\u00ebrbimit, do t\u00eb linte gjurm\u00eb n\u00eb agjencit\u00eb e huaja, t\u00eb cilat do t\u00eb merrnin dijeni p\u00ebr \u00e7far\u00eb s\u2019shkonte. N\u00eb qoft\u00eb se \u201c\u00ebsht\u00eb rritur komunikimi\u201d i drejtuesit t\u00eb Sh\u00ebrbimit Informativ me kryeministrin, un\u00eb nuk shoh ndonj\u00eb t\u00eb keqe. N\u00eb t\u00eb kund\u00ebrt, e d\u00ebshiroj k\u00ebt\u00eb. \u00c7ka m\u00eb ka shqet\u00ebsuar ngaher\u00eb, \u00ebsht\u00eb moskomunikimi n\u00eb mes tyre, por n\u00ebse kjo \u00ebsht\u00eb kap\u00ebrcyer, tashm\u00eb n\u00eb nj\u00eb tjet\u00ebr sens, pra duke sjell\u00eb pas vetes rrezikun e rikthimit n\u00eb SHISH t\u00eb nj\u00eb Berishe diktues, t\u00eb nj\u00eb Berishe ku k\u00ebrkon t\u00eb fus\u00eb aty partin\u00eb e tij, kjo do t\u00eb ishte shqet\u00ebsuese. Gjithsesi, le t\u2019ia l\u00ebm\u00eb radh\u00ebn nj\u00eb tjet\u00ebr here p\u00ebr t\u00eb folur p\u00ebr to.<\/p>\n<p><strong>Sali Berisha: Pse u b\u00ebra komunist<\/strong><\/p>\n<p>Sali Berisha, ish-komunist dhe ish-sekretar partie, ishte an\u00ebtar i Partis\u00eb s\u00eb Pun\u00ebs nga viti 1970 deri n\u00eb 1990. Sot ai \u00ebsht\u00eb i vetmi ish-komunist q\u00eb vazhdon t\u00eb jet\u00eb n\u00eb pushtet dhe n\u00eb politik\u00eb n\u00eb ish-vendet komuniste t\u00eb Europ\u00ebs.<\/p>\n<p>N\u00eb nj\u00eb intervist\u00eb televizive Sali Berisha e ka justifikuar k\u00ebshtu an\u00ebtar\u00ebsimin e tij n\u00eb PPSH: \u201c\u2026Un\u00eb jam an\u00ebtar\u00ebsuar n\u00eb Partin\u00eb Komuniste n\u00eb vitin 1970. Ka pasur dy arsye. Arsyeja e par\u00eb, \u00ebsht\u00eb sepse u ndikova n\u00eb m\u00ebnyr\u00eb shum\u00eb thelb\u00ebsore nga pushtimi i \u00c7ekis\u00eb. Nj\u00eb nat\u00eb, nj\u00eb ushtri prej 300.000 trupash, tanke e t\u00eb gjitha mjetet, pushtoi nj\u00eb vend q\u00eb tentoi t\u00eb dilte n\u00eb liri ose t\u00eb pakt\u00ebn k\u00ebshtu besonim. Ishte shum\u00eb e p\u00ebrhapur ideja se pas \u00c7ekis\u00eb do t\u00eb ishte Shqip\u00ebria. Gj\u00eb p\u00ebr t\u00eb cil\u00ebn un\u00eb isha shum\u00eb i vendosur si qytetar t\u00eb q\u00ebndroja n\u00eb at\u00eb pozicion q\u00eb duhet t\u00eb q\u00ebndroj\u00eb \u00e7do qytetar n\u00eb rastin e nj\u00eb pushtimi komb\u00ebtar\u2026\u201d<\/p>\n<p><strong>Topi: Berisha, komunist i vitit 1968<\/strong><\/p>\n<p>Presidenti Bamir Topi e cil\u00ebsoi dy dit\u00eb m\u00eb par\u00eb kryeministrin nj\u00eb ish-sekretar t\u00eb Partis\u00eb s\u00eb Pun\u00ebs dhe nj\u00eb komunist q\u00eb prej vitit 1968, i cili pavar\u00ebsisht se ka pasur t\u00eb gjitha mund\u00ebsit\u00eb, nuk ka b\u00ebr\u00eb asgj\u00eb p\u00ebr t\u00eb p\u00ebrndjekurit. \u201cKur b\u00ebhet pastaj ballafaqimi i figurave q\u00eb nuk kan\u00eb t\u00eb b\u00ebjn\u00eb fare me diktatur\u00ebn, por q\u00eb kan\u00eb konsumuar diktatur\u00ebn e t\u00eb tjer\u00ebve, nd\u00ebrkoh\u00eb q\u00eb ky personazh q\u00eb nga vitit 1968 \u00ebsht\u00eb an\u00ebtar i Partis\u00eb s\u00eb Pun\u00ebs, Sekretar Partie, dhe nj\u00ebzet e dy vite t\u00eb tjera b\u00ebn p\u00ebrralla me komunizmin dhe nuk i kompenson realisht duke e pasur n\u00eb dor\u00eb mekanizmin, at\u00ebher\u00eb thoni ju se ku q\u00ebndron e v\u00ebrteta. Pra, un\u00eb jam edhe nj\u00ebher\u00eb, p\u00ebr hapjen e dosjeve, dhe t\u00eb jeni t\u00eb sigurt se me hapjen e dosjeve shqiptar\u00ebt do t\u00eb shohin \u00e7udira edhe tek ata q\u00eb merren me politik\u00eb. Berisha ka nj\u00ebzet e dy vjet q\u00eb u thot\u00eb shqiptar\u00ebve se do t\u2019u kthej\u00eb pronat dhe nuk ua kthen. U thot\u00eb t\u00eb p\u00ebrndjekurve politik\u00eb q\u00eb do t\u00eb kompensoheni dhe p\u00ebr nj\u00ebzet e dy vjet me radh\u00eb nuk e b\u00ebn\u201d, tha Bamir Topi.<\/p>\n","protected":false},"excerpt":{"rendered":"<p>Lindita \u00c7ela Sa her\u00eb q\u00eb politika p\u00ebrvshihet n\u00eb debat\u00ebt e spiun\u00ebve, nuk jan\u00eb t\u00eb pakt\u00eb njer\u00ebzit q\u00eb i drejtohen p\u00ebr t\u00eb treguar me gisht \u201cdjallin\u201d m\u00eb fytyr\u00eb \u201c\u00ebngj\u00eblli\u201d q\u00eb vazhdon t\u00eb na rr\u00ebmbej\u00eb vota duke u b\u00ebr\u00eb i gjith\u00ebpushtetsh\u00ebm. K\u00ebshtu ka ndodhur q\u00eb n\u00eb fillimet e viteve 90-t\u00eb, kur ish shefi i SHISH i trokiste [&hellip;]<\/p>\n","protected":false},"author":1,"featured_media":0,"comment_status":"open","ping_status":"closed","sticky":false,"template":"","format":"standard","meta":{"footnotes":""},"categories":[2,4],"tags":[],"class_list":{"0":"post-2109","1":"post","2":"type-post","3":"status-publish","4":"format-standard","6":"category-artikuj","7":"category-intervista"},"yoast_head":"<!-- This site is optimized with the Yoast SEO plugin v27.4 - https:\/\/yoast.com\/product\/yoast-seo-wordpress\/ -->\n<title>Pobrati: Berisha t\u00eb largoj\u00eb ish-agjent\u00ebt e sh\u00ebrbimeve t\u00eb huaja nga politika - FjALA e LIR\u00cb - Arkivi<\/title>\n<meta name=\"robots\" content=\"index, follow, max-snippet:-1, max-image-preview:large, max-video-preview:-1\" \/>\n<link rel=\"canonical\" href=\"https:\/\/fjala.info\/2009-2015\/pobrati-berisha-te-largoje-ish-agjentet-e-sherbimeve-te-huaja-nga-politika\/\" \/>\n<meta property=\"og:locale\" content=\"sq_AL\" \/>\n<meta property=\"og:type\" content=\"article\" \/>\n<meta property=\"og:title\" content=\"Pobrati: Berisha t\u00eb largoj\u00eb ish-agjent\u00ebt e sh\u00ebrbimeve t\u00eb huaja nga politika - FjALA e LIR\u00cb - Arkivi\" \/>\n<meta property=\"og:description\" content=\"Lindita \u00c7ela Sa her\u00eb q\u00eb politika p\u00ebrvshihet n\u00eb debat\u00ebt e spiun\u00ebve, nuk jan\u00eb t\u00eb pakt\u00eb njer\u00ebzit q\u00eb i drejtohen p\u00ebr t\u00eb treguar me gisht \u201cdjallin\u201d m\u00eb fytyr\u00eb \u201c\u00ebngj\u00eblli\u201d q\u00eb vazhdon t\u00eb na rr\u00ebmbej\u00eb vota duke u b\u00ebr\u00eb i gjith\u00ebpushtetsh\u00ebm. K\u00ebshtu ka ndodhur q\u00eb n\u00eb fillimet e viteve 90-t\u00eb, kur ish shefi i SHISH i trokiste [&hellip;]\" \/>\n<meta property=\"og:url\" content=\"https:\/\/fjala.info\/2009-2015\/pobrati-berisha-te-largoje-ish-agjentet-e-sherbimeve-te-huaja-nga-politika\/\" \/>\n<meta property=\"og:site_name\" content=\"FjALA e LIR\u00cb - Arkivi\" \/>\n<meta property=\"article:published_time\" content=\"2012-03-09T09:37:16+00:00\" \/>\n<meta property=\"og:image\" content=\"http:\/\/www.shkoder.net\/2012\/luan_pobrati.jpg\" \/>\n<meta name=\"author\" content=\"admin\" \/>\n<meta name=\"twitter:card\" content=\"summary_large_image\" \/>\n<meta name=\"twitter:label1\" content=\"Written by\" \/>\n\t<meta name=\"twitter:data1\" content=\"admin\" \/>\n\t<meta name=\"twitter:label2\" content=\"Est. reading time\" \/>\n\t<meta name=\"twitter:data2\" content=\"15 minutes\" \/>\n<script type=\"application\/ld+json\" class=\"yoast-schema-graph\">{\"@context\":\"https:\\\/\\\/schema.org\",\"@graph\":[{\"@type\":\"Article\",\"@id\":\"https:\\\/\\\/fjala.info\\\/2009-2015\\\/pobrati-berisha-te-largoje-ish-agjentet-e-sherbimeve-te-huaja-nga-politika\\\/#article\",\"isPartOf\":{\"@id\":\"https:\\\/\\\/fjala.info\\\/2009-2015\\\/pobrati-berisha-te-largoje-ish-agjentet-e-sherbimeve-te-huaja-nga-politika\\\/\"},\"author\":{\"name\":\"admin\",\"@id\":\"https:\\\/\\\/fjala.info\\\/2009-2015\\\/#\\\/schema\\\/person\\\/3aa1163ef05469c496fc94e77611ada2\"},\"headline\":\"Pobrati: Berisha t\u00eb largoj\u00eb ish-agjent\u00ebt e sh\u00ebrbimeve t\u00eb huaja nga politika\",\"datePublished\":\"2012-03-09T09:37:16+00:00\",\"mainEntityOfPage\":{\"@id\":\"https:\\\/\\\/fjala.info\\\/2009-2015\\\/pobrati-berisha-te-largoje-ish-agjentet-e-sherbimeve-te-huaja-nga-politika\\\/\"},\"wordCount\":2998,\"commentCount\":0,\"publisher\":{\"@id\":\"https:\\\/\\\/fjala.info\\\/2009-2015\\\/#organization\"},\"image\":{\"@id\":\"https:\\\/\\\/fjala.info\\\/2009-2015\\\/pobrati-berisha-te-largoje-ish-agjentet-e-sherbimeve-te-huaja-nga-politika\\\/#primaryimage\"},\"thumbnailUrl\":\"http:\\\/\\\/www.shkoder.net\\\/2012\\\/luan_pobrati.jpg\",\"articleSection\":[\"Artikuj\",\"Intervista\"],\"inLanguage\":\"sq-AL\",\"potentialAction\":[{\"@type\":\"CommentAction\",\"name\":\"Comment\",\"target\":[\"https:\\\/\\\/fjala.info\\\/2009-2015\\\/pobrati-berisha-te-largoje-ish-agjentet-e-sherbimeve-te-huaja-nga-politika\\\/#respond\"]}]},{\"@type\":\"WebPage\",\"@id\":\"https:\\\/\\\/fjala.info\\\/2009-2015\\\/pobrati-berisha-te-largoje-ish-agjentet-e-sherbimeve-te-huaja-nga-politika\\\/\",\"url\":\"https:\\\/\\\/fjala.info\\\/2009-2015\\\/pobrati-berisha-te-largoje-ish-agjentet-e-sherbimeve-te-huaja-nga-politika\\\/\",\"name\":\"Pobrati: Berisha t\u00eb largoj\u00eb ish-agjent\u00ebt e sh\u00ebrbimeve t\u00eb huaja nga politika - FjALA e LIR\u00cb - Arkivi\",\"isPartOf\":{\"@id\":\"https:\\\/\\\/fjala.info\\\/2009-2015\\\/#website\"},\"primaryImageOfPage\":{\"@id\":\"https:\\\/\\\/fjala.info\\\/2009-2015\\\/pobrati-berisha-te-largoje-ish-agjentet-e-sherbimeve-te-huaja-nga-politika\\\/#primaryimage\"},\"image\":{\"@id\":\"https:\\\/\\\/fjala.info\\\/2009-2015\\\/pobrati-berisha-te-largoje-ish-agjentet-e-sherbimeve-te-huaja-nga-politika\\\/#primaryimage\"},\"thumbnailUrl\":\"http:\\\/\\\/www.shkoder.net\\\/2012\\\/luan_pobrati.jpg\",\"datePublished\":\"2012-03-09T09:37:16+00:00\",\"breadcrumb\":{\"@id\":\"https:\\\/\\\/fjala.info\\\/2009-2015\\\/pobrati-berisha-te-largoje-ish-agjentet-e-sherbimeve-te-huaja-nga-politika\\\/#breadcrumb\"},\"inLanguage\":\"sq-AL\",\"potentialAction\":[{\"@type\":\"ReadAction\",\"target\":[\"https:\\\/\\\/fjala.info\\\/2009-2015\\\/pobrati-berisha-te-largoje-ish-agjentet-e-sherbimeve-te-huaja-nga-politika\\\/\"]}]},{\"@type\":\"ImageObject\",\"inLanguage\":\"sq-AL\",\"@id\":\"https:\\\/\\\/fjala.info\\\/2009-2015\\\/pobrati-berisha-te-largoje-ish-agjentet-e-sherbimeve-te-huaja-nga-politika\\\/#primaryimage\",\"url\":\"http:\\\/\\\/www.shkoder.net\\\/2012\\\/luan_pobrati.jpg\",\"contentUrl\":\"http:\\\/\\\/www.shkoder.net\\\/2012\\\/luan_pobrati.jpg\"},{\"@type\":\"BreadcrumbList\",\"@id\":\"https:\\\/\\\/fjala.info\\\/2009-2015\\\/pobrati-berisha-te-largoje-ish-agjentet-e-sherbimeve-te-huaja-nga-politika\\\/#breadcrumb\",\"itemListElement\":[{\"@type\":\"ListItem\",\"position\":1,\"name\":\"Home\",\"item\":\"https:\\\/\\\/fjala.info\\\/2009-2015\\\/\"},{\"@type\":\"ListItem\",\"position\":2,\"name\":\"Pobrati: Berisha t\u00eb largoj\u00eb ish-agjent\u00ebt e sh\u00ebrbimeve t\u00eb huaja nga politika\"}]},{\"@type\":\"WebSite\",\"@id\":\"https:\\\/\\\/fjala.info\\\/2009-2015\\\/#website\",\"url\":\"https:\\\/\\\/fjala.info\\\/2009-2015\\\/\",\"name\":\"FjALA e LIR\u00cb - Arkivi\",\"description\":\"Arkivi 2009-2015\",\"publisher\":{\"@id\":\"https:\\\/\\\/fjala.info\\\/2009-2015\\\/#organization\"},\"potentialAction\":[{\"@type\":\"SearchAction\",\"target\":{\"@type\":\"EntryPoint\",\"urlTemplate\":\"https:\\\/\\\/fjala.info\\\/2009-2015\\\/?s={search_term_string}\"},\"query-input\":{\"@type\":\"PropertyValueSpecification\",\"valueRequired\":true,\"valueName\":\"search_term_string\"}}],\"inLanguage\":\"sq-AL\"},{\"@type\":\"Organization\",\"@id\":\"https:\\\/\\\/fjala.info\\\/2009-2015\\\/#organization\",\"name\":\"FjALA e LIR\u00cb - Arkivi\",\"url\":\"https:\\\/\\\/fjala.info\\\/2009-2015\\\/\",\"logo\":{\"@type\":\"ImageObject\",\"inLanguage\":\"sq-AL\",\"@id\":\"https:\\\/\\\/fjala.info\\\/2009-2015\\\/#\\\/schema\\\/logo\\\/image\\\/\",\"url\":\"\",\"contentUrl\":\"\",\"caption\":\"FjALA e LIR\u00cb - Arkivi\"},\"image\":{\"@id\":\"https:\\\/\\\/fjala.info\\\/2009-2015\\\/#\\\/schema\\\/logo\\\/image\\\/\"}},{\"@type\":\"Person\",\"@id\":\"https:\\\/\\\/fjala.info\\\/2009-2015\\\/#\\\/schema\\\/person\\\/3aa1163ef05469c496fc94e77611ada2\",\"name\":\"admin\",\"image\":{\"@type\":\"ImageObject\",\"inLanguage\":\"sq-AL\",\"@id\":\"https:\\\/\\\/fjala.info\\\/2009-2015\\\/wp-content\\\/uploads\\\/2012\\\/02\\\/arben_cokaj-120x150.jpg\",\"url\":\"https:\\\/\\\/fjala.info\\\/2009-2015\\\/wp-content\\\/uploads\\\/2012\\\/02\\\/arben_cokaj-120x150.jpg\",\"contentUrl\":\"https:\\\/\\\/fjala.info\\\/2009-2015\\\/wp-content\\\/uploads\\\/2012\\\/02\\\/arben_cokaj-120x150.jpg\",\"caption\":\"admin\"},\"description\":\"Admin, Fjala e Lir\u00eb\",\"sameAs\":[\"https:\\\/\\\/fjala.info\\\/\"],\"url\":\"https:\\\/\\\/fjala.info\\\/2009-2015\\\/author\\\/admin\\\/\"}]}<\/script>\n<!-- \/ Yoast SEO plugin. -->","yoast_head_json":{"title":"Pobrati: Berisha t\u00eb largoj\u00eb ish-agjent\u00ebt e sh\u00ebrbimeve t\u00eb huaja nga politika - FjALA e LIR\u00cb - Arkivi","robots":{"index":"index","follow":"follow","max-snippet":"max-snippet:-1","max-image-preview":"max-image-preview:large","max-video-preview":"max-video-preview:-1"},"canonical":"https:\/\/fjala.info\/2009-2015\/pobrati-berisha-te-largoje-ish-agjentet-e-sherbimeve-te-huaja-nga-politika\/","og_locale":"sq_AL","og_type":"article","og_title":"Pobrati: Berisha t\u00eb largoj\u00eb ish-agjent\u00ebt e sh\u00ebrbimeve t\u00eb huaja nga politika - FjALA e LIR\u00cb - Arkivi","og_description":"Lindita \u00c7ela Sa her\u00eb q\u00eb politika p\u00ebrvshihet n\u00eb debat\u00ebt e spiun\u00ebve, nuk jan\u00eb t\u00eb pakt\u00eb njer\u00ebzit q\u00eb i drejtohen p\u00ebr t\u00eb treguar me gisht \u201cdjallin\u201d m\u00eb fytyr\u00eb \u201c\u00ebngj\u00eblli\u201d q\u00eb vazhdon t\u00eb na rr\u00ebmbej\u00eb vota duke u b\u00ebr\u00eb i gjith\u00ebpushtetsh\u00ebm. K\u00ebshtu ka ndodhur q\u00eb n\u00eb fillimet e viteve 90-t\u00eb, kur ish shefi i SHISH i trokiste [&hellip;]","og_url":"https:\/\/fjala.info\/2009-2015\/pobrati-berisha-te-largoje-ish-agjentet-e-sherbimeve-te-huaja-nga-politika\/","og_site_name":"FjALA e LIR\u00cb - Arkivi","article_published_time":"2012-03-09T09:37:16+00:00","og_image":[{"url":"http:\/\/www.shkoder.net\/2012\/luan_pobrati.jpg","type":"","width":"","height":""}],"author":"admin","twitter_card":"summary_large_image","twitter_misc":{"Written by":"admin","Est. reading time":"15 minutes"},"schema":{"@context":"https:\/\/schema.org","@graph":[{"@type":"Article","@id":"https:\/\/fjala.info\/2009-2015\/pobrati-berisha-te-largoje-ish-agjentet-e-sherbimeve-te-huaja-nga-politika\/#article","isPartOf":{"@id":"https:\/\/fjala.info\/2009-2015\/pobrati-berisha-te-largoje-ish-agjentet-e-sherbimeve-te-huaja-nga-politika\/"},"author":{"name":"admin","@id":"https:\/\/fjala.info\/2009-2015\/#\/schema\/person\/3aa1163ef05469c496fc94e77611ada2"},"headline":"Pobrati: Berisha t\u00eb largoj\u00eb ish-agjent\u00ebt e sh\u00ebrbimeve t\u00eb huaja nga politika","datePublished":"2012-03-09T09:37:16+00:00","mainEntityOfPage":{"@id":"https:\/\/fjala.info\/2009-2015\/pobrati-berisha-te-largoje-ish-agjentet-e-sherbimeve-te-huaja-nga-politika\/"},"wordCount":2998,"commentCount":0,"publisher":{"@id":"https:\/\/fjala.info\/2009-2015\/#organization"},"image":{"@id":"https:\/\/fjala.info\/2009-2015\/pobrati-berisha-te-largoje-ish-agjentet-e-sherbimeve-te-huaja-nga-politika\/#primaryimage"},"thumbnailUrl":"http:\/\/www.shkoder.net\/2012\/luan_pobrati.jpg","articleSection":["Artikuj","Intervista"],"inLanguage":"sq-AL","potentialAction":[{"@type":"CommentAction","name":"Comment","target":["https:\/\/fjala.info\/2009-2015\/pobrati-berisha-te-largoje-ish-agjentet-e-sherbimeve-te-huaja-nga-politika\/#respond"]}]},{"@type":"WebPage","@id":"https:\/\/fjala.info\/2009-2015\/pobrati-berisha-te-largoje-ish-agjentet-e-sherbimeve-te-huaja-nga-politika\/","url":"https:\/\/fjala.info\/2009-2015\/pobrati-berisha-te-largoje-ish-agjentet-e-sherbimeve-te-huaja-nga-politika\/","name":"Pobrati: Berisha t\u00eb largoj\u00eb ish-agjent\u00ebt e sh\u00ebrbimeve t\u00eb huaja nga politika - FjALA e LIR\u00cb - Arkivi","isPartOf":{"@id":"https:\/\/fjala.info\/2009-2015\/#website"},"primaryImageOfPage":{"@id":"https:\/\/fjala.info\/2009-2015\/pobrati-berisha-te-largoje-ish-agjentet-e-sherbimeve-te-huaja-nga-politika\/#primaryimage"},"image":{"@id":"https:\/\/fjala.info\/2009-2015\/pobrati-berisha-te-largoje-ish-agjentet-e-sherbimeve-te-huaja-nga-politika\/#primaryimage"},"thumbnailUrl":"http:\/\/www.shkoder.net\/2012\/luan_pobrati.jpg","datePublished":"2012-03-09T09:37:16+00:00","breadcrumb":{"@id":"https:\/\/fjala.info\/2009-2015\/pobrati-berisha-te-largoje-ish-agjentet-e-sherbimeve-te-huaja-nga-politika\/#breadcrumb"},"inLanguage":"sq-AL","potentialAction":[{"@type":"ReadAction","target":["https:\/\/fjala.info\/2009-2015\/pobrati-berisha-te-largoje-ish-agjentet-e-sherbimeve-te-huaja-nga-politika\/"]}]},{"@type":"ImageObject","inLanguage":"sq-AL","@id":"https:\/\/fjala.info\/2009-2015\/pobrati-berisha-te-largoje-ish-agjentet-e-sherbimeve-te-huaja-nga-politika\/#primaryimage","url":"http:\/\/www.shkoder.net\/2012\/luan_pobrati.jpg","contentUrl":"http:\/\/www.shkoder.net\/2012\/luan_pobrati.jpg"},{"@type":"BreadcrumbList","@id":"https:\/\/fjala.info\/2009-2015\/pobrati-berisha-te-largoje-ish-agjentet-e-sherbimeve-te-huaja-nga-politika\/#breadcrumb","itemListElement":[{"@type":"ListItem","position":1,"name":"Home","item":"https:\/\/fjala.info\/2009-2015\/"},{"@type":"ListItem","position":2,"name":"Pobrati: Berisha t\u00eb largoj\u00eb ish-agjent\u00ebt e sh\u00ebrbimeve t\u00eb huaja nga politika"}]},{"@type":"WebSite","@id":"https:\/\/fjala.info\/2009-2015\/#website","url":"https:\/\/fjala.info\/2009-2015\/","name":"FjALA e LIR\u00cb - Arkivi","description":"Arkivi 2009-2015","publisher":{"@id":"https:\/\/fjala.info\/2009-2015\/#organization"},"potentialAction":[{"@type":"SearchAction","target":{"@type":"EntryPoint","urlTemplate":"https:\/\/fjala.info\/2009-2015\/?s={search_term_string}"},"query-input":{"@type":"PropertyValueSpecification","valueRequired":true,"valueName":"search_term_string"}}],"inLanguage":"sq-AL"},{"@type":"Organization","@id":"https:\/\/fjala.info\/2009-2015\/#organization","name":"FjALA e LIR\u00cb - Arkivi","url":"https:\/\/fjala.info\/2009-2015\/","logo":{"@type":"ImageObject","inLanguage":"sq-AL","@id":"https:\/\/fjala.info\/2009-2015\/#\/schema\/logo\/image\/","url":"","contentUrl":"","caption":"FjALA e LIR\u00cb - Arkivi"},"image":{"@id":"https:\/\/fjala.info\/2009-2015\/#\/schema\/logo\/image\/"}},{"@type":"Person","@id":"https:\/\/fjala.info\/2009-2015\/#\/schema\/person\/3aa1163ef05469c496fc94e77611ada2","name":"admin","image":{"@type":"ImageObject","inLanguage":"sq-AL","@id":"https:\/\/fjala.info\/2009-2015\/wp-content\/uploads\/2012\/02\/arben_cokaj-120x150.jpg","url":"https:\/\/fjala.info\/2009-2015\/wp-content\/uploads\/2012\/02\/arben_cokaj-120x150.jpg","contentUrl":"https:\/\/fjala.info\/2009-2015\/wp-content\/uploads\/2012\/02\/arben_cokaj-120x150.jpg","caption":"admin"},"description":"Admin, Fjala e Lir\u00eb","sameAs":["https:\/\/fjala.info\/"],"url":"https:\/\/fjala.info\/2009-2015\/author\/admin\/"}]}},"_links":{"self":[{"href":"https:\/\/fjala.info\/2009-2015\/wp-json\/wp\/v2\/posts\/2109","targetHints":{"allow":["GET"]}}],"collection":[{"href":"https:\/\/fjala.info\/2009-2015\/wp-json\/wp\/v2\/posts"}],"about":[{"href":"https:\/\/fjala.info\/2009-2015\/wp-json\/wp\/v2\/types\/post"}],"author":[{"embeddable":true,"href":"https:\/\/fjala.info\/2009-2015\/wp-json\/wp\/v2\/users\/1"}],"replies":[{"embeddable":true,"href":"https:\/\/fjala.info\/2009-2015\/wp-json\/wp\/v2\/comments?post=2109"}],"version-history":[{"count":0,"href":"https:\/\/fjala.info\/2009-2015\/wp-json\/wp\/v2\/posts\/2109\/revisions"}],"wp:attachment":[{"href":"https:\/\/fjala.info\/2009-2015\/wp-json\/wp\/v2\/media?parent=2109"}],"wp:term":[{"taxonomy":"category","embeddable":true,"href":"https:\/\/fjala.info\/2009-2015\/wp-json\/wp\/v2\/categories?post=2109"},{"taxonomy":"post_tag","embeddable":true,"href":"https:\/\/fjala.info\/2009-2015\/wp-json\/wp\/v2\/tags?post=2109"}],"curies":[{"name":"wp","href":"https:\/\/api.w.org\/{rel}","templated":true}]}}