{"id":2097,"date":"2012-03-09T08:37:38","date_gmt":"2012-03-09T07:37:38","guid":{"rendered":"http:\/\/fjala.shkoder.net\/?p=2097"},"modified":"2012-03-09T08:37:38","modified_gmt":"2012-03-09T07:37:38","slug":"tradhtaret-e-shqiperise","status":"publish","type":"post","link":"https:\/\/fjala.info\/2009-2015\/tradhtaret-e-shqiperise\/","title":{"rendered":"Tradhtar\u00ebt e Shqip\u00ebris\u00eb!"},"content":{"rendered":"<p><img decoding=\"async\" class=\"alignleft size-thumbnail wp-image-7236\" title=\"Faik Krasniqi\" src=\"http:\/\/www.shkoder.net\/2012\/faik_krasniqi.jpg\" alt=\"\" width=\"150\" \/> <strong>Faik Krasniqi<\/strong>, 08.03.2012<\/p>\n<p>N\u00eb Shqip\u00ebri, por jo vet\u00ebm k\u00ebtu ekzistojn\u00eb tradh\u00ebtar\u00ebt. Historia njer\u00ebzore \u00ebsht\u00eb e mbushur plot me tradh\u00ebtar\u00eb. Tradh\u00ebtar\u00ebt gjenerojn\u00eb n\u00eb k\u00ebt\u00eb sens, sepse u mungon sensi i humanizmit. Por \u00e7far\u00eb \u00ebsht\u00eb n\u00eb fakt tradh\u00ebtari? Tradh\u00ebtar \u00ebsht\u00eb ai q\u00eb e tradh\u00ebton nj\u00eb vler\u00eb t\u00eb dh\u00ebn\u00eb, e cila ka lidhje t\u00eb ngusht\u00eb me vet\u00eb identitetin e atij personi. Tradh\u00ebtar \u00ebsht\u00eb gjithashtu ai q\u00eb tradh\u00ebton nj\u00eb marr\u00ebdh\u00ebnie, pune, vep\u00ebr apo krijimtari individuale ose shoq\u00ebrore. Por tradh\u00ebtari m\u00eb i madh \u00ebsht\u00eb ai q\u00eb tradh\u00ebton kombin p\u00ebr interesa t\u00eb ngushta personale. Ky lloj tradh\u00ebtari, \u00ebsht\u00eb tradh\u00ebtari m\u00eb i keq. Ja si i p\u00ebrshkruan Naim Frash\u00ebri tradh\u00ebtar\u00ebt: &#8221;Ata turpin\u00eb fitojn\u00eb, Nder&#8217; e tyre posht&#8217; e hedhin, Dhe armik\u00eb t\u00eb g\u00ebzojn\u00eb, E n\u00eb err\u00ebsir\u00ebt bredhin&#8221;!!!<\/p>\n<p>Nuk \u00ebsht\u00eb aft\u00ebsia e Sali Berish\u00ebs dhe Fatos Nanos p\u00ebr tu b\u00ebr\u00eb kryeministra n\u00eb Shqip\u00ebri, por \u00ebsht\u00eb aft\u00ebsia e Serbis\u00eb dhe e Greqis\u00eb p\u00ebr t\u00eb financuar kryesin\u00eb e PD+PS, p\u00ebr t\u00eb v\u00ebn\u00eb n\u00eb krye t\u00eb Qeveris\u00eb agjenturat e tyre p\u00ebr t\u00eb realizuar planet e tyre djall\u00ebzore n\u00eb Shqip\u00ebri. K\u00ebto fenomene ndodhin p\u00ebr arsye se nuk ka opozit\u00eb n\u00eb parlamentin shqiptar. Opozita e v\u00ebrtet\u00eb \u00ebsht\u00eb fukarall\u00ebku q\u00eb \u00ebsht\u00eb ulur k\u00ebmb\u00eb kryq n\u00eb \u00e7do vat\u00ebr shqiptari. Si ta kuptojm\u00eb k\u00ebt\u00eb q\u00ebndrim anormal t\u00eb Sali Berish\u00ebs, ka lindur p\u00ebr kryeminist\u00ebr, p\u00ebr president, e ka marr\u00eb me tapi, e do populli apo e do serbi dhe greku?<\/p>\n<p>Rasti m\u00eb flagrant p\u00ebr t\u00eb rr\u00ebzuar Berish\u00ebn ju dha mund\u00ebsia Edi Ram\u00ebs me ngjarjen e G\u00ebrdecit m\u00eb 15 mars 2008, kur shp\u00ebrtheu &#8221;HIROSHIMA BERISHIANE&#8221;. Kush e pengoi Edi Ram\u00ebn t\u00eb bojkotonte parlamentin paaft\u00ebsia apo ortak\u00ebria me Berish\u00ebn? Cilit duhet t\u00eb besojm\u00eb ata q\u00eb thon\u00eb dit\u00ebn apo ata q\u00eb b\u00ebjn\u00eb nat\u00ebn? Piramida antishqiptare Sali Berisha, Aleksand\u00ebr Meksi, Fatos Nano, Edi Rama, jan\u00eb m\u00eb fukarenjt\u00eb e kombit apo jan\u00eb m\u00eb t\u00eb pasurit e kombit? A u leverdis baballar\u00ebve t\u00eb korrupsionit t\u00eb luftojn\u00eb vetveten?<\/p>\n<p>Zot\u00ebri Meta sa fytyra paske? Cilat deklarata duhet t\u00eb besojm\u00eb ato para 28 qershorit apo ato pas 28 qershorit? U b\u00ebre &#8221;BURR\u00cb&#8221; apo u b\u00ebre ur\u00eb p\u00ebr t\u00eb mbajtur Berish\u00ebn n\u00eb pushtet? Edhe kafsha q\u00eb \u00ebsht\u00eb kafsh\u00eb e ruan territorin e saj dhe nuk lejon kafsh\u00eb t\u00eb tjera t\u00eb futen n\u00eb t\u00eb, po ky kryeminist\u00ebr Sali Berisha, ish Ministrat e jasht\u00ebm Lul\u00ebzim Basha dhe Ilir Meta, dhe i tanishmi Edmond Haxhinasto q\u00eb shesin atdheun e tyre, \u00e7far\u00eb t&#8217;i themi k\u00ebta se meritojn\u00eb t\u00eb jen\u00eb as kafsh\u00eb ! Qeveria Berisha i shiti qeveris\u00eb greke 354 km 2 hap\u00ebsir\u00eb detare.<\/p>\n<p>Cili \u00ebsht\u00eb prioriteti i qeveris\u00eb Berisha t\u00eb mbroj\u00eb territorin shqiptar apo t\u00eb shes\u00eb pjes\u00eb t\u00eb territorit shqiptar? Kush i b\u00ebn k\u00ebto veprime ata q\u00eb duan Shqip\u00ebrin\u00eb apo ata q\u00eb nuk e duan Shqip\u00ebrin\u00eb? \u00c7far\u00eb mund t\u00eb b\u00ebj\u00eb nj\u00eb ARMIK I POPULLIT m\u00eb tep\u00ebr se kaq? Qeveria Berisha bashk\u00eb me Aleksand\u00ebr Meksin furnizoi me naft\u00eb makinerin\u00eb ushtarake t\u00eb Milloshevi\u00e7it. Cili ishte plani i Berish\u00ebs dhe i Meksit p\u00ebr t\u00eb mbrojtur v\u00ebllez\u00ebrit shqiptar\u00eb t\u00eb Kosov\u00ebs, apo p\u00ebr t\u00eb zhdukur v\u00ebllez\u00ebrit shqiptar\u00eb t\u00eb Kosov\u00ebs? Kush i b\u00ebn k\u00ebto veprime ata q\u00eb duan Shqip\u00ebrin\u00eb apo ata q\u00eb nuk e duan Shqip\u00ebrin\u00eb?<\/p>\n<p>\u00c7far\u00eb mund t\u00eb b\u00ebj\u00eb ARMIK I POPULLIT m\u00eb tep\u00ebr se kaq? Qeveria Nano paguan miliona euro p\u00ebr t\u00eb mbrojtur kriminelin, p\u00ebr t\u00eb mos d\u00ebnuar Fatmir Mediun nga gjykata e Milanos n\u00eb Itali, t\u00eb nj\u00ebjt\u00ebn gj\u00eb b\u00ebri dhe Berisha paguan miliona euro Anglis\u00eb p\u00ebr t\u00eb mos sjell\u00eb kriminelin Ilir Kumbaro se del n\u00eb sken\u00eb kryekrimineli Sali Berisha. Qeveria Berisha n\u00eb m\u00ebnyr\u00eb t\u00eb fsheht\u00eb lejoji tre pal\u00eb varreza t\u00eb ushtar\u00ebve pushtuesve grek\u00eb n\u00eb Shqip\u00ebri. \u00c7far\u00eb v\u00ebrtetojn\u00eb varrezat e ushtar\u00ebve pushtuesve grek\u00eb n\u00eb tok\u00eb shqiptare apo PIRAMIDAT GREKE N\u00cb SHQIP\u00cbRI ? Cili \u00ebsht\u00eb q\u00ebllimi i Berish\u00ebs t\u00eb mbroj\u00eb nteresat e kombit apo t\u00eb shes\u00eb interesat e kombit? \u00c7far\u00eb mund t\u00eb b\u00ebj\u00eb ARMIK I POPULLIT m\u00eb tep\u00ebr se kaq?<\/p>\n<p>Bombardimi me q\u00ebllim i historis\u00eb \u00e7far\u00eb v\u00ebrtetoi past\u00ebrtin\u00eb apo tradh\u00ebtin\u00eb e Sali Berish\u00ebs? Pse duhet t\u00eb godasim simbolet tona? Her\u00eb ngjarjet, her\u00eb datat, her\u00eb personazhet ku ca rr\u00ebzohen dhe ca t\u00eb padenj\u00eb ngrihen n\u00eb piedestal, hymnin, nuk di \u00e7far\u00eb ka ngelur pa goditur&#8230;&#8230; E lam\u00eb lakuriq historin\u00eb ton\u00eb historin\u00eb ton\u00eb dhe n\u00eb Evrop\u00eb nuk mund t\u00eb shkojm\u00eb pa histori, sepse Evropa e ka historin\u00eb e saj t\u00eb shenjt\u00eb. Qeveria Berisha hoqi nga qyteti i Burrelit monumentin e Heroit t\u00eb Kombit Gjergj Kastriot Sk\u00ebnderbeut. Kush i b\u00ebn k\u00ebto veprime ata q\u00eb duan Shqip\u00ebrin\u00eb apo ata q\u00eb nuk e duan Shqip\u00ebrin\u00eb? \u00c7far\u00eb mund t\u00eb b\u00ebj\u00eb ARMIK I POPULLIT m\u00eb tep\u00ebr se kaq? Berisha e ka mbushur kup\u00ebn jo nj\u00ebher\u00eb por nj\u00ebqind her\u00eb (100). Po ka shqiptar q\u00eb ka dhunuar institucionet, kushtetut\u00ebn, krimet m\u00eb t\u00eb m\u00ebdha q\u00ebi ka b\u00ebr\u00eb k\u00ebtij populli ai quhet SALI RAM\u00cb BERISHA.<\/p>\n<p>Kryeministri Sali Berisha n\u00ebnshkroi me pal\u00ebn greke dh\u00ebnien e shtet\u00ebsis\u00eb greke minoritar\u00ebve dhe emigrant\u00ebve shqiptar\u00eb p\u00ebr pajisjen me pasaporta greke. A i mori parasysh Kryeministri Sali Berisha pasojat q\u00eb rrjedhin apo ky ishte objektivi i tij? Kush i b\u00ebn k\u00ebto veprime ata q\u00eb duan Shqip\u00ebrin\u00eb apo ata q\u00eb nuk e duan Shqip\u00ebrin\u00eb?\u00c7far\u00eb mund t\u00eb b\u00ebj\u00eb ARMIK I POPULLIT m\u00eb tep\u00ebr se kaq? Genc Pollo z\u00ebv\u00ebnd\u00ebs gjenerali i Berish\u00ebs q\u00eb p\u00ebrfaq\u00ebson grekun n\u00eb Shqip\u00ebri ka dh\u00ebn\u00eb prova p\u00ebr shkomb\u00ebtarizimin e shqiptar\u00ebve duke mbajtur iso grekut me t\u00eb t\u00ebra tradh\u00ebtar i kombit, agjenti i grekut, armiku i popullit.<\/p>\n<p>I regjistroj\u00eb shqiptar\u00ebt ashtu si\u00e7 deshti dhe sa deshti Greqia. Nuk na duhen pasaporta greke n\u00eb asnj\u00eb m\u00ebnyr\u00eb. Nderi dhe krenaria m\u00eb e madhe \u00ebsht\u00eb q\u00eb t\u00eb jesh Shqiptar. Historia ka v\u00ebrtetuar se greku ka fantazin\u00eb n\u00eb gjak p\u00ebr djall\u00ebzi, p\u00ebr dinak\u00ebri. Faktet kan\u00eb v\u00ebrtetuar se greku p\u00ebr t\u00eb realizuar at\u00eb q\u00eb i intereson t\u00eb rrethon me dashuri kur do t\u00eb t\u00eb fut\u00eb thik\u00ebn n\u00eb pabesi. Komuniteti Shqiptar m\u00eb i madhi por edhe m\u00eb i diskriminuari. Mos vall\u00eb duhet t\u00eb b\u00ebhen grek q\u00eb t\u00eb g\u00ebzojn\u00eb t\u00eb drejt\u00ebn e tyre? NUK JAN\u00cb T\u00cb V\u00cbRTETA ATO Q\u00cb THUHEN, por jan\u00eb t\u00eb v\u00ebrteta ato q\u00eb nuk thuhen. \u00c7do shtetas i \u00e7do kombi mban emrin e tij t\u00eb lavdish\u00ebm dhe krenar. Nd\u00ebrrimi i emrave ndodh vet\u00ebm n\u00eb shtetin grek n\u00eb ve\u00e7anti me emigrant\u00ebt shqiptar\u00eb. Kjo nuk \u00ebsht\u00eb thjesht nj\u00eb rast\u00ebsi por nj\u00eb skenar i p\u00ebrgatitur mir\u00eb nga Greqia dhe i mb\u00ebshtetur hapur nga vet\u00eb qeveria Shqiptare.<\/p>\n<p>M\u00ebnyra se si u trajtuan njer\u00ebzit fillimisht t\u00eb l\u00eb p\u00ebrshtypje jo t\u00eb mir\u00eb. Klasifikimi i njer\u00ebzve dhe vler\u00ebsimi n\u00eb baz\u00eb t\u00eb p\u00ebrkat\u00ebsis\u00eb fetare nga ana e ambasad\u00ebs dhe kosullat\u00ebs greke v\u00ebrtetoi racizmin e tyre t\u00eb v\u00ebrtet\u00eb. Nj\u00eb njeri i ndersh\u00ebm nuk \u00e7ante dot. Nj\u00eb minoritar mirrte viz\u00ebn nj\u00eb vje\u00e7are, nd\u00ebrsa nj\u00eb qytetar shqiptar q\u00eb ishte i p\u00ebrkat\u00ebsis\u00eb myslimane me v\u00ebshtir\u00ebsi mund ta mirrte dhe me pages\u00eb tre muiore. Propaganda greke n\u00eb mas\u00eb e medias vizive dhe asaj t\u00eb shkruar dhe pa frena fare kund\u00ebr shqiptar\u00ebve b\u00ebn\u00eb pun\u00ebn e tyre.<\/p>\n<p>Duke par\u00eb se mbet\u00ebn si jetim pa p\u00ebrkrahje p\u00ebr arsye qeveritar\u00ebt i mbanin iso qeveris\u00eb greke p\u00ebr \u00e7do gj\u00eb gjet\u00ebn rrug\u00ebn m\u00eb t\u00eb leht\u00eb p\u00ebr nd\u00ebrrimin e emrave p\u00ebr t\u00eb mbijetuar se k\u00ebshtu u interesojn\u00eb grek\u00ebve. Krenaria dhe identiteti i shqiptar\u00ebve u varros p\u00ebr s\u00eb gjalli. Pra para se ta kthente emrin jorgo i vog\u00ebl, greku kapi demin nga brir\u00ebt, qeveritar\u00ebt i b\u00ebri p\u00ebr vete duke financuar dhe se kishte problem p\u00ebr t\u00eb vegj\u00eblit venin vet\u00eb n\u00eb shteg sipas uj\u00ebrave t\u00eb grekut. Komuniteti i shqiptar\u00ebve m\u00eb i madhi n\u00eb Greqi, por edhe m\u00eb i diskriminuari. Para se t\u00eb themi racista p\u00ebr grekun e v\u00ebrteta \u00ebsht\u00eb se m\u00eb racista ndaj shqiptar\u00ebve kan\u00eb qen\u00eb dhe jan\u00eb vet\u00eb qeveritar\u00ebt shqiptar\u00eb t\u00eb majt\u00eb dhe t\u00eb djatht\u00eb.<\/p>\n<p>Pandeli Majko i shitur kok\u00eb e k\u00ebmb\u00eb tek greku agjent i grekut vet\u00eb dhe i k\u00ebrkon falje grekut duke injoruar gjith\u00eb komunitetin shqiptar. Faktet kan\u00eb v\u00ebrtetuar se qeveritar\u00ebt shqiptar\u00eb t\u00eb majt\u00eb dhe t\u00eb djatht\u00eb jan\u00eb t\u00eb shitur tek greku kok\u00eb dhe k\u00ebmb\u00eb. Rumun, filipinez\u00eb, rus\u00eb, arab\u00eb kan\u00eb shkollat e tyre dhe m\u00ebsojn\u00eb gjuh\u00ebn e tyre n\u00eb Kolargo dhe \u00ebsht\u00eb p\u00ebr t\u00eb theksuar se sa ka shqiptar\u00eb nuk ka rumun, filipinez\u00eb, rus\u00eb, arab\u00eb t\u00eb marr\u00eb s\u00eb bashku. Ambasador\u00ebt shqiptar\u00eb n\u00eb shtetin grek jan\u00eb t\u00eb shitur kok\u00eb dhe k\u00ebmb\u00eb nga i pari gjer te i fundit tek greku, nuk u kan\u00eb dal\u00eb zot emigrant\u00ebve p\u00ebr padrejt\u00ebsit\u00eb q\u00eb u b\u00ebhen p\u00ebr t\u00eb mbledhur parat\u00eb jan\u00eb t\u00eb par\u00ebt.<\/p>\n<p>Ka patur shum\u00eb raste vdekje dhe emigranti nuk ka patur mund\u00ebsin\u00eb p\u00ebr t\u00eb vajtur n\u00eb Shqip\u00ebri p\u00ebr njeriun e af\u00ebrm t\u00eb familjes se vente dhe nuk kthehej, pra k\u00ebto veprime t\u00eb mbushin vet\u00ebm urrejtje. Po t&#8217;i futesh drejt\u00ebsis\u00eb mbetesh i shahshtisur nga padrejt\u00ebsit\u00eb me mal vet\u00ebm se jan\u00eb shqiptar\u00eb mbi 5000 t\u00eb burgosur gjer n\u00eb shkurt t\u00eb 2004. Zot\u00ebri Aleksand\u00ebr Meksi n\u00eb qershor t\u00eb 1993 n\u00ebnshkruan nj\u00eb marr\u00ebveshje n\u00eb interes t\u00eb Greqis\u00eb duke c\u00ebnuar me q\u00ebllim interesat e shqiptar\u00ebve, duke pranuar vendimet e gjykat\u00ebs greke t\u00eb pandryshuara, t\u00eb pa apeluara. Mbi treqind shqiptar\u00eb jan\u00eb eliminuar n\u00eb burgjet greke, me dhjet\u00ebra t\u00eb d\u00ebnuar me burgim t\u00eb p\u00ebrjetsh\u00ebm. Mbi 400 shqiptar\u00eb i p\u00ebrpiu olimpiada Athin\u00eb -2004, vdiq\u00ebn dhe nuk ngriti z\u00ebrin kush p\u00ebr ta dhe mij\u00ebra t\u00eb plagosur.<\/p>\n<p>\u00c7do kryeqytet i Evrop\u00ebs ka xhami p\u00ebrve\u00e7 grekut .\u00c7far\u00eb v\u00ebrteton dashurin\u00eb p\u00ebr mysliman\u00ebt apo urrejtjen p\u00ebr mysliman\u00ebt? Ku p\u00ebrfunduan 522 f\u00ebmij\u00eb shqiptar\u00eb q\u00eb humb\u00ebn pa l\u00ebn\u00eb gjurm\u00eb nga sht\u00ebpia e jetimores Sh\u00ebn Varvara n\u00eb Athin\u00eb ? Mos vall\u00eb qen\u00eb t\u00eb tep\u00ebrt q\u00eb ishin shqiptar\u00eb q\u00eb u trasportuan grupe grupe t\u00eb vogla n\u00eb spitalet e Athin\u00ebs dhe u therr\u00ebn si q\u00ebngja p\u00ebr organet e brendshme? \u00c7far\u00eb v\u00ebrtetojn\u00eb k\u00ebto dashuri apo urrejtje p\u00ebr shqiptar\u00ebt? A e ngriti ndonj\u00eb qeveritar shqiptar i majt\u00eb apo i djatht\u00eb tek greku k\u00ebt\u00eb \u00e7\u00ebshtje? \u00c7far\u00eb v\u00ebrtetojn\u00eb k\u00ebto veprime konkrete paaft\u00ebsi apo TRADH\u00cbTI KOMB\u00cbTARE?<\/p>\n<p>Nuk mjaftojn\u00eb hallet e problemet e shumta q\u00eb e kan\u00eb mb\u00ebrthyer popullin shqiptar, por qeveria Berisha u b\u00ebn\u00eb dhurat\u00eb dhe l\u00ebnd\u00ebt toksike q\u00eb na i sjell nga Greqia dhe i depoziton n\u00eb qytetin e Devollit. Zot\u00ebri Berisha l\u00ebnd\u00ebt toksike u b\u00ebjn\u00eb d\u00ebm grek\u00ebve nd\u00ebrsa shqiptar\u00ebve u b\u00ebjn\u00eb mir\u00eb? Cili \u00ebsht\u00eb objektivi jot t\u00eb mbrosh shqiptar\u00ebt apo t\u00eb vras\u00ebsh shqiptar\u00ebt? Dua t\u00eb them me keqardhje se ne si popull, vet\u00eb e kemi fajin, n\u00ebse t\u00eb tjer\u00eb po luajn\u00eb me ne.<\/p>\n<p>Gjith\u00e7ka q\u00eb b\u00ebhet nga ana e qeveritar\u00ebve dhe mos kund\u00ebrshtimi nga ana e popullit jan\u00eb p\u00ebrgjigjja e indiferenc\u00ebs dhe menefregizmit q\u00eb ka treguar shoq\u00ebria shqiptare. Kjo shihet fare qart\u00eb kur b\u00ebhet fjal\u00eb p\u00ebr t\u00eb b\u00ebr\u00eb nj\u00eb miting t\u00eb nj\u00eb partie x sheshi mbushet menj\u00ebher\u00eb. Nuk kam par\u00eb ndonj\u00ebher\u00eb t\u00eb mbushet sheshi sepse popoulli po proteston p\u00ebr munges\u00ebn e dritave, t\u00eb ujit, t\u00eb rrug\u00ebve, t\u00eb mbikalimeve apo t\u00eb Qeveris\u00eb Berisha q\u00eb shiti qeveris\u00eb greke 354 km2 hap\u00ebsir\u00eb detare, apo t\u00eb marr\u00ebveshjes s\u00eb fsheht\u00eb q\u00eb lejoi tre pal\u00eb varreza t\u00eb ushtar\u00ebve pushtues\u00eb grek\u00eb n\u00eb Shqip\u00ebri &#8220;PIRAMIDAT GREKE&#8221;, apo t\u00eb firm\u00ebs greke AMC q\u00eb paguan student\u00ebt shqiptar 150 euro n\u00eb muaj vet\u00ebm q\u00eb t\u00eb regjistrohen n\u00eb deg\u00ebn e gjuh\u00ebs greke n\u00eb UNIVERSITETIN E GJIROKASTR\u00cbS, apo t\u00eb p\u00ebrmbytjeve, t\u00eb fyerjes s\u00eb shqiptar\u00ebve nga Enciklopedia Sllavomaqedonase, t\u00eb heqjes t\u00eb monumenteve historike nga qyteti i Burrelit monumenti i Heroit t\u00eb Kombit Gjergj Kastriot Sk\u00ebnderbeut, apo p\u00ebr shkak t\u00eb papun\u00ebsis\u00eb etj, etj. Nj\u00eb jav\u00eb para zgjedhjeve t\u00eb 28 qershorit 2009 kur erdhi p\u00ebr vizit\u00eb n\u00eb Tiran\u00eb tashm\u00eb ish kryeministri dhe kryetari i Pasok-ut, Jorgos Papandreus, Edi Rama shpall Greqin\u00eb avokat t\u00eb Shqip\u00ebris\u00eb. Banka Tirana cil\u00ebsohet n\u00eb 10 m\u00eb t\u00eb mir\u00ebt nga Edi Rama n\u00eb fundin e vitit 2009, por faktikisht ajo \u00ebsht\u00eb Banka greke e Pireut.<\/p>\n<p>Bashkimi Evropian i jep Shqip\u00ebris\u00eb 140 milion euro n\u00eb muajin n\u00ebntor n\u00ebp\u00ebrmjet Bank\u00ebs Tirana. Merret vesh \u00e7far\u00eb kontratash kan\u00eb b\u00ebr\u00eb qeveritar\u00ebt e djatht\u00eb dhe t\u00eb majt\u00eb q\u00eb ndihmat q\u00eb jep Bashkimi Evropian t\u00eb kalojn\u00eb n\u00ebp\u00ebrmjet Greqis\u00eb, kurse n\u00eb an\u00ebn tjet\u00ebr greku paguan miliarda t\u00eb na shkat\u00ebrroj\u00eb, nd\u00ebrsa ju i varni ujkut m\u00eblqit\u00eb n\u00eb qaf\u00eb.<\/p>\n<p>Firma greke AMC e Post\u00ebs Qendrore greke merr\u00eb miliarda n\u00eb Shqip\u00ebri, pse mos t&#8217;i marr\u00eb shteti shqiptar t\u00eb nd\u00ebrtoj\u00eb rrug\u00eb, uj\u00ebsjell\u00ebsa etj, por po i merr greku t&#8217;i b\u00ebj\u00eb varrin shqiptar\u00ebve se k\u00ebshtu duan tradh\u00ebtar\u00ebt. Shum\u00eb shqiptar\u00eb n\u00eb Greqi punojn\u00eb p\u00ebr grekun, punojn\u00eb dhe n\u00eb Shqip\u00ebri p\u00ebr grekun se k\u00ebshtu duan tradh\u00ebtar\u00ebt qeveritar\u00eb. Firma greke AMC paguan student\u00ebt shqiptar 150 euro n\u00eb muaj vet\u00ebm q\u00eb t\u00eb regjistrohen n\u00eb deg\u00ebn e gjuh\u00ebs greke n\u00eb UNIVERSITETIN E GJIROKASTR\u00cbS. Cili \u00ebsht\u00eb q\u00ebllimi i firm\u00ebs greke AMC, t\u00eb integroj\u00eb apo t\u00eb shkomb\u00ebtarizoj\u00eb shqiptar\u00ebt? Kali i Troj\u00ebs n\u00eb zem\u00ebr t\u00eb atdheut.<\/p>\n<p>Firmat greke varri i v\u00ebrtet\u00eb i Shqip\u00ebris\u00eb. Asnj\u00eb firm\u00eb e pist\u00eb greke n\u00eb territoret shqiptare, sepse nes\u00ebr mund t\u00eb b\u00ebhet Greqi se k\u00ebshtu duan qeveritar\u00ebt shqiptar\u00eb. Janullatosi shtetas grek, kombas grek, \u00e7&#8217;pun\u00eb ka ai kryeqeveritar n\u00eb Shqip\u00ebri, Kryepeshkopin e do populli apo e duan qeveritar\u00ebt tradh\u00ebtar\u00eb? Fan Noli para se t\u00eb vdiste la amanet t\u00eb m\u00eb varrosni me nj\u00eb k\u00ebng\u00eb labe! Po amaneti i Janullatosit a e dini cili \u00ebsht\u00eb, a e b\u00ebr\u00ebt Shqip\u00ebrin\u00eb Greqi?<\/p>\n<p>Cili \u00ebsht\u00eb q\u00ebllimi i Janullatosit, t\u00eb na i shtoj\u00eb dashurin\u00eb p\u00ebr Shqip\u00ebrin\u00eb apo p\u00ebr Greqin\u00eb? Kryetari i bashkis\u00eb s\u00eb Gjirokastr\u00ebs n\u00ebn presionin e tradh\u00ebtarit Sali Berisha e detyron q\u00eb t\u00eb pranoj\u00eb kushtet e Janullatosit p\u00ebr t\u00eb hapur shkolla fetare greke. Edhe serb ose grek po t\u00eb ishin nuk do t\u00eb dilnin kaq hapur, por faktet kan\u00eb v\u00ebrtetuar se jan\u00eb m\u00eb serb se serb\u00ebt, dhe m\u00eb grek se grek\u00ebt. Po i p\u00ebrgatisin varrin Shqip\u00ebris\u00eb.<\/p>\n<p>Jeni q\u00eb t\u00eb kat\u00ebrt ortak\u00eb- PIRAMIDA ANTISHQIPTARE Sali Berisha, Genc Pollo, Edi Rama, Aleksand\u00ebr Meksi. Nuk keni t\u00eb drejt\u00eb t\u00eb p\u00ebrfaq\u00ebsoni shtetin shqiptar ju tradh\u00ebtar t\u00eb Shqip\u00ebris\u00eb, tradh\u00ebtar t\u00eb kombit shqiptar, armiq t\u00eb popullit shqiptar, agjent\u00eb t\u00eb serbit dhe grekut, gjakpir\u00ebsa t\u00eb popullit shqiptar, ju kryekriminel\u00eb t\u00eb p\u00ebrbetuar, komunist\u00eb me p\u00ebrvoj\u00eb, mafioz\u00eb t\u00eb lidhur me rrjetet nd\u00ebrkomb\u00ebtare, spiuna me damk\u00eb, serbofila dhe grekofila, shkomb\u00ebtarizues t\u00eb kombit shqiptar t\u00eb lidhur me lobin antishqiptar, tradh\u00ebtar\u00eb t\u00eb Shqip\u00ebris\u00eb n\u00eb litar.<\/p>\n<p>(<em>Autori \u00ebsht\u00eb publicist nga Prishtina dhe an\u00ebtar i K\u00ebshillit Drejtues t\u00eb L\u00ebvizjes &#8220;ALEANCA KUQ E ZI&#8221;<\/em>)<\/p>\n","protected":false},"excerpt":{"rendered":"<p>Faik Krasniqi, 08.03.2012 N\u00eb Shqip\u00ebri, por jo vet\u00ebm k\u00ebtu ekzistojn\u00eb tradh\u00ebtar\u00ebt. Historia njer\u00ebzore \u00ebsht\u00eb e mbushur plot me tradh\u00ebtar\u00eb. Tradh\u00ebtar\u00ebt gjenerojn\u00eb n\u00eb k\u00ebt\u00eb sens, sepse u mungon sensi i humanizmit. Por \u00e7far\u00eb \u00ebsht\u00eb n\u00eb fakt tradh\u00ebtari? Tradh\u00ebtar \u00ebsht\u00eb ai q\u00eb e tradh\u00ebton nj\u00eb vler\u00eb t\u00eb dh\u00ebn\u00eb, e cila ka lidhje t\u00eb ngusht\u00eb me vet\u00eb identitetin [&hellip;]<\/p>\n","protected":false},"author":1,"featured_media":0,"comment_status":"open","ping_status":"closed","sticky":false,"template":"","format":"standard","meta":{"footnotes":""},"categories":[2],"tags":[],"class_list":{"0":"post-2097","1":"post","2":"type-post","3":"status-publish","4":"format-standard","6":"category-artikuj"},"yoast_head":"<!-- This site is optimized with the Yoast SEO plugin v27.4 - https:\/\/yoast.com\/product\/yoast-seo-wordpress\/ -->\n<title>Tradhtar\u00ebt e Shqip\u00ebris\u00eb! - FjALA e LIR\u00cb - Arkivi<\/title>\n<meta name=\"robots\" content=\"index, follow, max-snippet:-1, max-image-preview:large, max-video-preview:-1\" \/>\n<link rel=\"canonical\" href=\"https:\/\/fjala.info\/2009-2015\/tradhtaret-e-shqiperise\/\" \/>\n<meta property=\"og:locale\" content=\"sq_AL\" \/>\n<meta property=\"og:type\" content=\"article\" \/>\n<meta property=\"og:title\" content=\"Tradhtar\u00ebt e Shqip\u00ebris\u00eb! - FjALA e LIR\u00cb - Arkivi\" \/>\n<meta property=\"og:description\" content=\"Faik Krasniqi, 08.03.2012 N\u00eb Shqip\u00ebri, por jo vet\u00ebm k\u00ebtu ekzistojn\u00eb tradh\u00ebtar\u00ebt. Historia njer\u00ebzore \u00ebsht\u00eb e mbushur plot me tradh\u00ebtar\u00eb. Tradh\u00ebtar\u00ebt gjenerojn\u00eb n\u00eb k\u00ebt\u00eb sens, sepse u mungon sensi i humanizmit. Por \u00e7far\u00eb \u00ebsht\u00eb n\u00eb fakt tradh\u00ebtari? Tradh\u00ebtar \u00ebsht\u00eb ai q\u00eb e tradh\u00ebton nj\u00eb vler\u00eb t\u00eb dh\u00ebn\u00eb, e cila ka lidhje t\u00eb ngusht\u00eb me vet\u00eb identitetin [&hellip;]\" \/>\n<meta property=\"og:url\" content=\"https:\/\/fjala.info\/2009-2015\/tradhtaret-e-shqiperise\/\" \/>\n<meta property=\"og:site_name\" content=\"FjALA e LIR\u00cb - Arkivi\" \/>\n<meta property=\"article:published_time\" content=\"2012-03-09T07:37:38+00:00\" \/>\n<meta property=\"og:image\" content=\"http:\/\/www.shkoder.net\/2012\/faik_krasniqi.jpg\" \/>\n<meta name=\"author\" content=\"admin\" \/>\n<meta name=\"twitter:card\" content=\"summary_large_image\" \/>\n<meta name=\"twitter:label1\" content=\"Written by\" \/>\n\t<meta name=\"twitter:data1\" content=\"admin\" \/>\n\t<meta name=\"twitter:label2\" content=\"Est. reading time\" \/>\n\t<meta name=\"twitter:data2\" content=\"13 minutes\" \/>\n<script type=\"application\/ld+json\" class=\"yoast-schema-graph\">{\"@context\":\"https:\\\/\\\/schema.org\",\"@graph\":[{\"@type\":\"Article\",\"@id\":\"https:\\\/\\\/fjala.info\\\/2009-2015\\\/tradhtaret-e-shqiperise\\\/#article\",\"isPartOf\":{\"@id\":\"https:\\\/\\\/fjala.info\\\/2009-2015\\\/tradhtaret-e-shqiperise\\\/\"},\"author\":{\"name\":\"admin\",\"@id\":\"https:\\\/\\\/fjala.info\\\/2009-2015\\\/#\\\/schema\\\/person\\\/3aa1163ef05469c496fc94e77611ada2\"},\"headline\":\"Tradhtar\u00ebt e Shqip\u00ebris\u00eb!\",\"datePublished\":\"2012-03-09T07:37:38+00:00\",\"mainEntityOfPage\":{\"@id\":\"https:\\\/\\\/fjala.info\\\/2009-2015\\\/tradhtaret-e-shqiperise\\\/\"},\"wordCount\":2668,\"commentCount\":0,\"publisher\":{\"@id\":\"https:\\\/\\\/fjala.info\\\/2009-2015\\\/#organization\"},\"image\":{\"@id\":\"https:\\\/\\\/fjala.info\\\/2009-2015\\\/tradhtaret-e-shqiperise\\\/#primaryimage\"},\"thumbnailUrl\":\"http:\\\/\\\/www.shkoder.net\\\/2012\\\/faik_krasniqi.jpg\",\"articleSection\":[\"Artikuj\"],\"inLanguage\":\"sq-AL\",\"potentialAction\":[{\"@type\":\"CommentAction\",\"name\":\"Comment\",\"target\":[\"https:\\\/\\\/fjala.info\\\/2009-2015\\\/tradhtaret-e-shqiperise\\\/#respond\"]}]},{\"@type\":\"WebPage\",\"@id\":\"https:\\\/\\\/fjala.info\\\/2009-2015\\\/tradhtaret-e-shqiperise\\\/\",\"url\":\"https:\\\/\\\/fjala.info\\\/2009-2015\\\/tradhtaret-e-shqiperise\\\/\",\"name\":\"Tradhtar\u00ebt e Shqip\u00ebris\u00eb! - FjALA e LIR\u00cb - Arkivi\",\"isPartOf\":{\"@id\":\"https:\\\/\\\/fjala.info\\\/2009-2015\\\/#website\"},\"primaryImageOfPage\":{\"@id\":\"https:\\\/\\\/fjala.info\\\/2009-2015\\\/tradhtaret-e-shqiperise\\\/#primaryimage\"},\"image\":{\"@id\":\"https:\\\/\\\/fjala.info\\\/2009-2015\\\/tradhtaret-e-shqiperise\\\/#primaryimage\"},\"thumbnailUrl\":\"http:\\\/\\\/www.shkoder.net\\\/2012\\\/faik_krasniqi.jpg\",\"datePublished\":\"2012-03-09T07:37:38+00:00\",\"breadcrumb\":{\"@id\":\"https:\\\/\\\/fjala.info\\\/2009-2015\\\/tradhtaret-e-shqiperise\\\/#breadcrumb\"},\"inLanguage\":\"sq-AL\",\"potentialAction\":[{\"@type\":\"ReadAction\",\"target\":[\"https:\\\/\\\/fjala.info\\\/2009-2015\\\/tradhtaret-e-shqiperise\\\/\"]}]},{\"@type\":\"ImageObject\",\"inLanguage\":\"sq-AL\",\"@id\":\"https:\\\/\\\/fjala.info\\\/2009-2015\\\/tradhtaret-e-shqiperise\\\/#primaryimage\",\"url\":\"http:\\\/\\\/www.shkoder.net\\\/2012\\\/faik_krasniqi.jpg\",\"contentUrl\":\"http:\\\/\\\/www.shkoder.net\\\/2012\\\/faik_krasniqi.jpg\"},{\"@type\":\"BreadcrumbList\",\"@id\":\"https:\\\/\\\/fjala.info\\\/2009-2015\\\/tradhtaret-e-shqiperise\\\/#breadcrumb\",\"itemListElement\":[{\"@type\":\"ListItem\",\"position\":1,\"name\":\"Home\",\"item\":\"https:\\\/\\\/fjala.info\\\/2009-2015\\\/\"},{\"@type\":\"ListItem\",\"position\":2,\"name\":\"Tradhtar\u00ebt e Shqip\u00ebris\u00eb!\"}]},{\"@type\":\"WebSite\",\"@id\":\"https:\\\/\\\/fjala.info\\\/2009-2015\\\/#website\",\"url\":\"https:\\\/\\\/fjala.info\\\/2009-2015\\\/\",\"name\":\"FjALA e LIR\u00cb - Arkivi\",\"description\":\"Arkivi 2009-2015\",\"publisher\":{\"@id\":\"https:\\\/\\\/fjala.info\\\/2009-2015\\\/#organization\"},\"potentialAction\":[{\"@type\":\"SearchAction\",\"target\":{\"@type\":\"EntryPoint\",\"urlTemplate\":\"https:\\\/\\\/fjala.info\\\/2009-2015\\\/?s={search_term_string}\"},\"query-input\":{\"@type\":\"PropertyValueSpecification\",\"valueRequired\":true,\"valueName\":\"search_term_string\"}}],\"inLanguage\":\"sq-AL\"},{\"@type\":\"Organization\",\"@id\":\"https:\\\/\\\/fjala.info\\\/2009-2015\\\/#organization\",\"name\":\"FjALA e LIR\u00cb - Arkivi\",\"url\":\"https:\\\/\\\/fjala.info\\\/2009-2015\\\/\",\"logo\":{\"@type\":\"ImageObject\",\"inLanguage\":\"sq-AL\",\"@id\":\"https:\\\/\\\/fjala.info\\\/2009-2015\\\/#\\\/schema\\\/logo\\\/image\\\/\",\"url\":\"\",\"contentUrl\":\"\",\"caption\":\"FjALA e LIR\u00cb - Arkivi\"},\"image\":{\"@id\":\"https:\\\/\\\/fjala.info\\\/2009-2015\\\/#\\\/schema\\\/logo\\\/image\\\/\"}},{\"@type\":\"Person\",\"@id\":\"https:\\\/\\\/fjala.info\\\/2009-2015\\\/#\\\/schema\\\/person\\\/3aa1163ef05469c496fc94e77611ada2\",\"name\":\"admin\",\"image\":{\"@type\":\"ImageObject\",\"inLanguage\":\"sq-AL\",\"@id\":\"https:\\\/\\\/fjala.info\\\/2009-2015\\\/wp-content\\\/uploads\\\/2012\\\/02\\\/arben_cokaj-120x150.jpg\",\"url\":\"https:\\\/\\\/fjala.info\\\/2009-2015\\\/wp-content\\\/uploads\\\/2012\\\/02\\\/arben_cokaj-120x150.jpg\",\"contentUrl\":\"https:\\\/\\\/fjala.info\\\/2009-2015\\\/wp-content\\\/uploads\\\/2012\\\/02\\\/arben_cokaj-120x150.jpg\",\"caption\":\"admin\"},\"description\":\"Admin, Fjala e Lir\u00eb\",\"sameAs\":[\"https:\\\/\\\/fjala.info\\\/\"],\"url\":\"https:\\\/\\\/fjala.info\\\/2009-2015\\\/author\\\/admin\\\/\"}]}<\/script>\n<!-- \/ Yoast SEO plugin. -->","yoast_head_json":{"title":"Tradhtar\u00ebt e Shqip\u00ebris\u00eb! - FjALA e LIR\u00cb - Arkivi","robots":{"index":"index","follow":"follow","max-snippet":"max-snippet:-1","max-image-preview":"max-image-preview:large","max-video-preview":"max-video-preview:-1"},"canonical":"https:\/\/fjala.info\/2009-2015\/tradhtaret-e-shqiperise\/","og_locale":"sq_AL","og_type":"article","og_title":"Tradhtar\u00ebt e Shqip\u00ebris\u00eb! - FjALA e LIR\u00cb - Arkivi","og_description":"Faik Krasniqi, 08.03.2012 N\u00eb Shqip\u00ebri, por jo vet\u00ebm k\u00ebtu ekzistojn\u00eb tradh\u00ebtar\u00ebt. Historia njer\u00ebzore \u00ebsht\u00eb e mbushur plot me tradh\u00ebtar\u00eb. Tradh\u00ebtar\u00ebt gjenerojn\u00eb n\u00eb k\u00ebt\u00eb sens, sepse u mungon sensi i humanizmit. Por \u00e7far\u00eb \u00ebsht\u00eb n\u00eb fakt tradh\u00ebtari? Tradh\u00ebtar \u00ebsht\u00eb ai q\u00eb e tradh\u00ebton nj\u00eb vler\u00eb t\u00eb dh\u00ebn\u00eb, e cila ka lidhje t\u00eb ngusht\u00eb me vet\u00eb identitetin [&hellip;]","og_url":"https:\/\/fjala.info\/2009-2015\/tradhtaret-e-shqiperise\/","og_site_name":"FjALA e LIR\u00cb - Arkivi","article_published_time":"2012-03-09T07:37:38+00:00","og_image":[{"url":"http:\/\/www.shkoder.net\/2012\/faik_krasniqi.jpg","type":"","width":"","height":""}],"author":"admin","twitter_card":"summary_large_image","twitter_misc":{"Written by":"admin","Est. reading time":"13 minutes"},"schema":{"@context":"https:\/\/schema.org","@graph":[{"@type":"Article","@id":"https:\/\/fjala.info\/2009-2015\/tradhtaret-e-shqiperise\/#article","isPartOf":{"@id":"https:\/\/fjala.info\/2009-2015\/tradhtaret-e-shqiperise\/"},"author":{"name":"admin","@id":"https:\/\/fjala.info\/2009-2015\/#\/schema\/person\/3aa1163ef05469c496fc94e77611ada2"},"headline":"Tradhtar\u00ebt e Shqip\u00ebris\u00eb!","datePublished":"2012-03-09T07:37:38+00:00","mainEntityOfPage":{"@id":"https:\/\/fjala.info\/2009-2015\/tradhtaret-e-shqiperise\/"},"wordCount":2668,"commentCount":0,"publisher":{"@id":"https:\/\/fjala.info\/2009-2015\/#organization"},"image":{"@id":"https:\/\/fjala.info\/2009-2015\/tradhtaret-e-shqiperise\/#primaryimage"},"thumbnailUrl":"http:\/\/www.shkoder.net\/2012\/faik_krasniqi.jpg","articleSection":["Artikuj"],"inLanguage":"sq-AL","potentialAction":[{"@type":"CommentAction","name":"Comment","target":["https:\/\/fjala.info\/2009-2015\/tradhtaret-e-shqiperise\/#respond"]}]},{"@type":"WebPage","@id":"https:\/\/fjala.info\/2009-2015\/tradhtaret-e-shqiperise\/","url":"https:\/\/fjala.info\/2009-2015\/tradhtaret-e-shqiperise\/","name":"Tradhtar\u00ebt e Shqip\u00ebris\u00eb! - FjALA e LIR\u00cb - Arkivi","isPartOf":{"@id":"https:\/\/fjala.info\/2009-2015\/#website"},"primaryImageOfPage":{"@id":"https:\/\/fjala.info\/2009-2015\/tradhtaret-e-shqiperise\/#primaryimage"},"image":{"@id":"https:\/\/fjala.info\/2009-2015\/tradhtaret-e-shqiperise\/#primaryimage"},"thumbnailUrl":"http:\/\/www.shkoder.net\/2012\/faik_krasniqi.jpg","datePublished":"2012-03-09T07:37:38+00:00","breadcrumb":{"@id":"https:\/\/fjala.info\/2009-2015\/tradhtaret-e-shqiperise\/#breadcrumb"},"inLanguage":"sq-AL","potentialAction":[{"@type":"ReadAction","target":["https:\/\/fjala.info\/2009-2015\/tradhtaret-e-shqiperise\/"]}]},{"@type":"ImageObject","inLanguage":"sq-AL","@id":"https:\/\/fjala.info\/2009-2015\/tradhtaret-e-shqiperise\/#primaryimage","url":"http:\/\/www.shkoder.net\/2012\/faik_krasniqi.jpg","contentUrl":"http:\/\/www.shkoder.net\/2012\/faik_krasniqi.jpg"},{"@type":"BreadcrumbList","@id":"https:\/\/fjala.info\/2009-2015\/tradhtaret-e-shqiperise\/#breadcrumb","itemListElement":[{"@type":"ListItem","position":1,"name":"Home","item":"https:\/\/fjala.info\/2009-2015\/"},{"@type":"ListItem","position":2,"name":"Tradhtar\u00ebt e Shqip\u00ebris\u00eb!"}]},{"@type":"WebSite","@id":"https:\/\/fjala.info\/2009-2015\/#website","url":"https:\/\/fjala.info\/2009-2015\/","name":"FjALA e LIR\u00cb - Arkivi","description":"Arkivi 2009-2015","publisher":{"@id":"https:\/\/fjala.info\/2009-2015\/#organization"},"potentialAction":[{"@type":"SearchAction","target":{"@type":"EntryPoint","urlTemplate":"https:\/\/fjala.info\/2009-2015\/?s={search_term_string}"},"query-input":{"@type":"PropertyValueSpecification","valueRequired":true,"valueName":"search_term_string"}}],"inLanguage":"sq-AL"},{"@type":"Organization","@id":"https:\/\/fjala.info\/2009-2015\/#organization","name":"FjALA e LIR\u00cb - Arkivi","url":"https:\/\/fjala.info\/2009-2015\/","logo":{"@type":"ImageObject","inLanguage":"sq-AL","@id":"https:\/\/fjala.info\/2009-2015\/#\/schema\/logo\/image\/","url":"","contentUrl":"","caption":"FjALA e LIR\u00cb - Arkivi"},"image":{"@id":"https:\/\/fjala.info\/2009-2015\/#\/schema\/logo\/image\/"}},{"@type":"Person","@id":"https:\/\/fjala.info\/2009-2015\/#\/schema\/person\/3aa1163ef05469c496fc94e77611ada2","name":"admin","image":{"@type":"ImageObject","inLanguage":"sq-AL","@id":"https:\/\/fjala.info\/2009-2015\/wp-content\/uploads\/2012\/02\/arben_cokaj-120x150.jpg","url":"https:\/\/fjala.info\/2009-2015\/wp-content\/uploads\/2012\/02\/arben_cokaj-120x150.jpg","contentUrl":"https:\/\/fjala.info\/2009-2015\/wp-content\/uploads\/2012\/02\/arben_cokaj-120x150.jpg","caption":"admin"},"description":"Admin, Fjala e Lir\u00eb","sameAs":["https:\/\/fjala.info\/"],"url":"https:\/\/fjala.info\/2009-2015\/author\/admin\/"}]}},"_links":{"self":[{"href":"https:\/\/fjala.info\/2009-2015\/wp-json\/wp\/v2\/posts\/2097","targetHints":{"allow":["GET"]}}],"collection":[{"href":"https:\/\/fjala.info\/2009-2015\/wp-json\/wp\/v2\/posts"}],"about":[{"href":"https:\/\/fjala.info\/2009-2015\/wp-json\/wp\/v2\/types\/post"}],"author":[{"embeddable":true,"href":"https:\/\/fjala.info\/2009-2015\/wp-json\/wp\/v2\/users\/1"}],"replies":[{"embeddable":true,"href":"https:\/\/fjala.info\/2009-2015\/wp-json\/wp\/v2\/comments?post=2097"}],"version-history":[{"count":0,"href":"https:\/\/fjala.info\/2009-2015\/wp-json\/wp\/v2\/posts\/2097\/revisions"}],"wp:attachment":[{"href":"https:\/\/fjala.info\/2009-2015\/wp-json\/wp\/v2\/media?parent=2097"}],"wp:term":[{"taxonomy":"category","embeddable":true,"href":"https:\/\/fjala.info\/2009-2015\/wp-json\/wp\/v2\/categories?post=2097"},{"taxonomy":"post_tag","embeddable":true,"href":"https:\/\/fjala.info\/2009-2015\/wp-json\/wp\/v2\/tags?post=2097"}],"curies":[{"name":"wp","href":"https:\/\/api.w.org\/{rel}","templated":true}]}}