{"id":2095,"date":"2012-03-09T08:15:49","date_gmt":"2012-03-09T07:15:49","guid":{"rendered":"http:\/\/fjala.shkoder.net\/?p=2095"},"modified":"2012-03-09T08:15:49","modified_gmt":"2012-03-09T07:15:49","slug":"azem-hajdari-sot-do-te-kishte-49-vjet","status":"publish","type":"post","link":"https:\/\/fjala.info\/2009-2015\/azem-hajdari-sot-do-te-kishte-49-vjet\/","title":{"rendered":"AZEM HAJDARI SOT DO T\u00cb KISHTE 49 VJET!"},"content":{"rendered":"<p><img decoding=\"async\" class=\"alignright size-thumbnail wp-image-7236\" title=\"Azem Hajdari\" src=\"http:\/\/www.shkoder.net\/2012\/azem_hajdari.jpg\" alt=\"\" width=\"200\" \/> &#8211; <strong><em>N\u00eb kujtes\u00ebn e kombit ka mbetur i ri, vet\u00ebm 27 vje\u00e7, si at\u00ebher\u00eb n\u00eb Dhjetor 1990<\/em><\/strong> &#8211;<\/p>\n<p>Nga <strong>BISLIM AHMETAJ<\/strong>, <em>08.03.2012<\/em><\/p>\n<p>M\u00eb 11 mars t\u00eb vitit 1963, rreth or\u00ebs 12, n\u00eb nj\u00eb cep t\u00eb larg\u00ebt t\u00eb atdheut, n\u00eb nj\u00eb familje t\u00eb thjesht\u00eb pun\u00ebtor\u00ebsh, n\u00eb nj\u00eb sht\u00ebpi edhe m\u00eb t\u00eb thjesht\u00eb, do t\u00eb vinte n\u00eb jet\u00eb nj\u00eb qenie njer\u00ebzore, emri i t\u00eb cilit n\u00eb dhjetor t\u00eb &#8217;90-\u00ebs do t\u00eb shnd\u00ebrrohej n\u00eb gjenerator t\u00eb shpres\u00ebs, n\u00eb institucion t\u00eb besimit, kurajos dhe guximit qytetar, n\u00eb sintez\u00eb t\u00eb p\u00ebrpjekjeve gjysm\u00eb shekullore t\u00eb shqiptar\u00ebve p\u00ebr liri dhe demokraci. Kishte lindur Azem Hajdari. Studenti i vitit t\u00eb tret\u00eb t\u00eb filozofis\u00eb, djaloshi 27-vje\u00e7ar nga Tropoja, t\u00eb cilit pa m\u00eb t\u00eb voglin hezitim plejada e student\u00ebve dhe intelektual\u00ebve t\u00eb brezit &#8217;90, qytetar\u00ebt e Tiran\u00ebs dhe t\u00eb gjith\u00eb Shqip\u00ebris\u00eb i besuan drejtimin e L\u00ebvizjes Studentore, l\u00ebvizjes q\u00eb th\u00ebrrmoi muret kriminale t\u00eb diktatur\u00ebs komuniste, m\u00eb t\u00eb zez\u00ebs n\u00eb Lindjen e acart\u00eb komuniste.<\/p>\n<p>Sikur nj\u00eb band\u00eb e armatosur me arm\u00ebt e shtetit, me uniformat e shtetit, me gradat e shtetit, me makinat e shtetit t\u00eb mos kishte zbatuar urdhrat e epror\u00ebve t\u00eb vet, shefave t\u00eb shtetit, mbr\u00ebmjen e 12 shtatorit t\u00eb vitit 1998, prij\u00ebsi i L\u00ebvizjes Studentore, princi i mendjeve t\u00eb lira, mbrojt\u00ebsi i paepur i fjal\u00ebs dhe shtypit t\u00eb lir\u00eb, avokati deri n\u00eb sakrific\u00eb i t\u00eb p\u00ebrndjekurve politik\u00eb, mb\u00ebshtet\u00ebsi dhe humanisti i njer\u00ebzve n\u00eb nevoj\u00eb, politikani atdhetar e nacionalist i moderuar, parlamentari i sprov\u00ebs, oratoris\u00eb, argumentit, kompromisit dhe toleranc\u00ebs p\u00ebr \u00e7\u00ebshtje madhore, ai, Azem Hajdari k\u00ebt\u00eb t\u00eb diel\u00eb, 11 mars 2012 do t\u00eb kishte mbushur 49 vite.<\/p>\n<p>Ky \u00ebsht\u00eb viti i 100 i Pavar\u00ebsis\u00eb s\u00eb Shqip\u00ebris\u00eb, pavar\u00ebsi e mbytur n\u00eb gjak, n\u00eb vuajtje, sakrifica. N\u00eb k\u00ebto 100 vite ekzistenc\u00eb t\u00eb shtetit shqiptar, pak m\u00eb pak se gjysma, shum\u00eb m\u00eb pak se gjysma mund t\u00eb thuhet se jan\u00eb vite t\u00eb krenaris\u00eb ton\u00eb komb\u00ebtare. N\u00eb k\u00ebt\u00eb shekull, flamuri yn\u00eb komb\u00ebtar \u00ebsht\u00eb val\u00ebvitur i lir\u00eb dhe i pandotur nga simbolet e komunizmit m\u00eb pak se nj\u00eb gjysm\u00eb shekulli. Ai, njeriu simbol q\u00eb guxoi dhe i hoqi yllin e rob\u00ebris\u00eb, krenaris\u00eb son\u00eb komb\u00ebtare, flamurit kuq e zi u shp\u00ebrblye me pes\u00eb tentativa atentatesh dhe me nj\u00eb pushkatim shtet\u00ebroro-mafioz n\u00eb qend\u00ebr t\u00eb Tiran\u00ebs.<\/p>\n<p>Sikur ai, Azem Hajdari ta kishte dashur m\u00eb pak vendin e tij, atdheun e tij, flamurin e tij, bashk\u00ebkombasit e tij kudo, n\u00eb Kosov\u00eb, Maqedoni, Mal t\u00eb Zi e diaspor\u00eb, sikur ai, Azem Hajdari t\u00eb kishte mbyllur syt\u00eb kur dhunohej fjala e lir\u00eb dhe shtypi opozitar, sikur ai, Azem Hajdari t\u00eb kishte heshtur kur shtresat n\u00eb nevoj\u00eb, kryesisht t\u00eb p\u00ebrndjekurit politik\u00eb k\u00ebrkonin t\u00eb drejtat e tyre akoma t\u00eb paplot\u00ebsuara, sikur ai, Azem Hajdari t\u00eb mos b\u00ebhej nj\u00eb me pun\u00ebtor\u00ebt dhe sindikatat, sikur ai, Azem Hajdari t&#8217;i shkelte idealet e L\u00ebvizjes Studentore, sikur ai, Azem Hajdari t\u00eb mos denonconte pakte e marr\u00ebveshje t\u00eb pista n\u00eb kurriz t\u00eb shqiptar\u00ebve t\u00eb Kosov\u00ebs, k\u00ebt\u00eb t\u00eb diel\u00eb do t\u00eb ishte 49 vje\u00e7.<\/p>\n<p>Sikur numri i antishqiptar\u00ebve, hajdut\u00ebve, dallkauk\u00ebve t\u00eb pushtetit, marifetxhinjve, servil\u00ebve, sahanl\u00ebpir\u00ebsve, zollumqar\u00ebve, kriminel\u00ebve, zjarr\u00ebv\u00ebn\u00ebsve, t\u00eb mos kishte qen\u00eb mazhoranc\u00eb n\u00eb vitet &#8217;97-&#8217;98 ai, Azem Hajdari t\u00eb nes\u00ebrmen e k\u00ebsaj t\u00eb diele, t\u00eb h\u00ebn\u00ebn m\u00eb 12 mars 2012 do t\u00eb hynte p\u00ebr t\u00eb 50-tat. Ai q\u00eb n\u00eb krye t\u00eb L\u00ebvizjes Studentore i riktheu kombit fytyr\u00ebn nga Per\u00ebndimi, nga Europa do ta meritonte e do ta nderonte m\u00eb shum\u00eb se kushdo tjet\u00ebr fest\u00ebn e 100-vjetorit t\u00eb Pavar\u00ebsis\u00eb s\u00eb Shqip\u00ebris\u00eb.<\/p>\n<p>Kjo fest\u00eb, edhe p\u00ebr ne do t\u00eb kishte m\u00eb shum\u00eb kuptim sikur, t\u00eb pakt\u00ebn, t\u00eb kishim mund\u00ebsi t\u00eb vinim lule n\u00eb p\u00ebrmendoren e tij diku n\u00eb nj\u00eb shesh t\u00eb Tiran\u00ebs. N\u00eb mos m\u00eb shum\u00eb, kaq ia kemi borxh njeriut, q\u00eb me guximin e tij i dha Shqip\u00ebris\u00eb 20 vite demokraci.<br \/>\nSot ai, Azem Hajdari do t\u00eb ishte 49 vje\u00e7, por n\u00eb kujtes\u00ebn e kombit ka mbetur i ri, vet\u00ebm 27 vje\u00e7, si at\u00ebher\u00eb n\u00eb dhjetor 1990.<\/p>\n","protected":false},"excerpt":{"rendered":"<p>&#8211; N\u00eb kujtes\u00ebn e kombit ka mbetur i ri, vet\u00ebm 27 vje\u00e7, si at\u00ebher\u00eb n\u00eb Dhjetor 1990 &#8211; Nga BISLIM AHMETAJ, 08.03.2012 M\u00eb 11 mars t\u00eb vitit 1963, rreth or\u00ebs 12, n\u00eb nj\u00eb cep t\u00eb larg\u00ebt t\u00eb atdheut, n\u00eb nj\u00eb familje t\u00eb thjesht\u00eb pun\u00ebtor\u00ebsh, n\u00eb nj\u00eb sht\u00ebpi edhe m\u00eb t\u00eb thjesht\u00eb, do t\u00eb vinte n\u00eb [&hellip;]<\/p>\n","protected":false},"author":1,"featured_media":0,"comment_status":"open","ping_status":"closed","sticky":false,"template":"","format":"standard","meta":{"footnotes":""},"categories":[2],"tags":[],"class_list":{"0":"post-2095","1":"post","2":"type-post","3":"status-publish","4":"format-standard","6":"category-artikuj"},"yoast_head":"<!-- This site is optimized with the Yoast SEO plugin v27.4 - https:\/\/yoast.com\/product\/yoast-seo-wordpress\/ -->\n<title>AZEM HAJDARI SOT DO T\u00cb KISHTE 49 VJET! - FjALA e LIR\u00cb - Arkivi<\/title>\n<meta name=\"robots\" content=\"index, follow, max-snippet:-1, max-image-preview:large, max-video-preview:-1\" \/>\n<link rel=\"canonical\" href=\"https:\/\/fjala.info\/2009-2015\/azem-hajdari-sot-do-te-kishte-49-vjet\/\" \/>\n<meta property=\"og:locale\" content=\"sq_AL\" \/>\n<meta property=\"og:type\" content=\"article\" \/>\n<meta property=\"og:title\" content=\"AZEM HAJDARI SOT DO T\u00cb KISHTE 49 VJET! - FjALA e LIR\u00cb - Arkivi\" \/>\n<meta property=\"og:description\" content=\"&#8211; N\u00eb kujtes\u00ebn e kombit ka mbetur i ri, vet\u00ebm 27 vje\u00e7, si at\u00ebher\u00eb n\u00eb Dhjetor 1990 &#8211; Nga BISLIM AHMETAJ, 08.03.2012 M\u00eb 11 mars t\u00eb vitit 1963, rreth or\u00ebs 12, n\u00eb nj\u00eb cep t\u00eb larg\u00ebt t\u00eb atdheut, n\u00eb nj\u00eb familje t\u00eb thjesht\u00eb pun\u00ebtor\u00ebsh, n\u00eb nj\u00eb sht\u00ebpi edhe m\u00eb t\u00eb thjesht\u00eb, do t\u00eb vinte n\u00eb [&hellip;]\" \/>\n<meta property=\"og:url\" content=\"https:\/\/fjala.info\/2009-2015\/azem-hajdari-sot-do-te-kishte-49-vjet\/\" \/>\n<meta property=\"og:site_name\" content=\"FjALA e LIR\u00cb - Arkivi\" \/>\n<meta property=\"article:published_time\" content=\"2012-03-09T07:15:49+00:00\" \/>\n<meta property=\"og:image\" content=\"http:\/\/www.shkoder.net\/2012\/azem_hajdari.jpg\" \/>\n<meta name=\"author\" content=\"admin\" \/>\n<meta name=\"twitter:card\" content=\"summary_large_image\" \/>\n<meta name=\"twitter:label1\" content=\"Written by\" \/>\n\t<meta name=\"twitter:data1\" content=\"admin\" \/>\n\t<meta name=\"twitter:label2\" content=\"Est. reading time\" \/>\n\t<meta name=\"twitter:data2\" content=\"4 minutes\" \/>\n<script type=\"application\/ld+json\" class=\"yoast-schema-graph\">{\"@context\":\"https:\\\/\\\/schema.org\",\"@graph\":[{\"@type\":\"Article\",\"@id\":\"https:\\\/\\\/fjala.info\\\/2009-2015\\\/azem-hajdari-sot-do-te-kishte-49-vjet\\\/#article\",\"isPartOf\":{\"@id\":\"https:\\\/\\\/fjala.info\\\/2009-2015\\\/azem-hajdari-sot-do-te-kishte-49-vjet\\\/\"},\"author\":{\"name\":\"admin\",\"@id\":\"https:\\\/\\\/fjala.info\\\/2009-2015\\\/#\\\/schema\\\/person\\\/3aa1163ef05469c496fc94e77611ada2\"},\"headline\":\"AZEM HAJDARI SOT DO T\u00cb KISHTE 49 VJET!\",\"datePublished\":\"2012-03-09T07:15:49+00:00\",\"mainEntityOfPage\":{\"@id\":\"https:\\\/\\\/fjala.info\\\/2009-2015\\\/azem-hajdari-sot-do-te-kishte-49-vjet\\\/\"},\"wordCount\":715,\"commentCount\":0,\"publisher\":{\"@id\":\"https:\\\/\\\/fjala.info\\\/2009-2015\\\/#organization\"},\"image\":{\"@id\":\"https:\\\/\\\/fjala.info\\\/2009-2015\\\/azem-hajdari-sot-do-te-kishte-49-vjet\\\/#primaryimage\"},\"thumbnailUrl\":\"http:\\\/\\\/www.shkoder.net\\\/2012\\\/azem_hajdari.jpg\",\"articleSection\":[\"Artikuj\"],\"inLanguage\":\"sq-AL\",\"potentialAction\":[{\"@type\":\"CommentAction\",\"name\":\"Comment\",\"target\":[\"https:\\\/\\\/fjala.info\\\/2009-2015\\\/azem-hajdari-sot-do-te-kishte-49-vjet\\\/#respond\"]}]},{\"@type\":\"WebPage\",\"@id\":\"https:\\\/\\\/fjala.info\\\/2009-2015\\\/azem-hajdari-sot-do-te-kishte-49-vjet\\\/\",\"url\":\"https:\\\/\\\/fjala.info\\\/2009-2015\\\/azem-hajdari-sot-do-te-kishte-49-vjet\\\/\",\"name\":\"AZEM HAJDARI SOT DO T\u00cb KISHTE 49 VJET! - FjALA e LIR\u00cb - Arkivi\",\"isPartOf\":{\"@id\":\"https:\\\/\\\/fjala.info\\\/2009-2015\\\/#website\"},\"primaryImageOfPage\":{\"@id\":\"https:\\\/\\\/fjala.info\\\/2009-2015\\\/azem-hajdari-sot-do-te-kishte-49-vjet\\\/#primaryimage\"},\"image\":{\"@id\":\"https:\\\/\\\/fjala.info\\\/2009-2015\\\/azem-hajdari-sot-do-te-kishte-49-vjet\\\/#primaryimage\"},\"thumbnailUrl\":\"http:\\\/\\\/www.shkoder.net\\\/2012\\\/azem_hajdari.jpg\",\"datePublished\":\"2012-03-09T07:15:49+00:00\",\"breadcrumb\":{\"@id\":\"https:\\\/\\\/fjala.info\\\/2009-2015\\\/azem-hajdari-sot-do-te-kishte-49-vjet\\\/#breadcrumb\"},\"inLanguage\":\"sq-AL\",\"potentialAction\":[{\"@type\":\"ReadAction\",\"target\":[\"https:\\\/\\\/fjala.info\\\/2009-2015\\\/azem-hajdari-sot-do-te-kishte-49-vjet\\\/\"]}]},{\"@type\":\"ImageObject\",\"inLanguage\":\"sq-AL\",\"@id\":\"https:\\\/\\\/fjala.info\\\/2009-2015\\\/azem-hajdari-sot-do-te-kishte-49-vjet\\\/#primaryimage\",\"url\":\"http:\\\/\\\/www.shkoder.net\\\/2012\\\/azem_hajdari.jpg\",\"contentUrl\":\"http:\\\/\\\/www.shkoder.net\\\/2012\\\/azem_hajdari.jpg\"},{\"@type\":\"BreadcrumbList\",\"@id\":\"https:\\\/\\\/fjala.info\\\/2009-2015\\\/azem-hajdari-sot-do-te-kishte-49-vjet\\\/#breadcrumb\",\"itemListElement\":[{\"@type\":\"ListItem\",\"position\":1,\"name\":\"Home\",\"item\":\"https:\\\/\\\/fjala.info\\\/2009-2015\\\/\"},{\"@type\":\"ListItem\",\"position\":2,\"name\":\"AZEM HAJDARI SOT DO T\u00cb KISHTE 49 VJET!\"}]},{\"@type\":\"WebSite\",\"@id\":\"https:\\\/\\\/fjala.info\\\/2009-2015\\\/#website\",\"url\":\"https:\\\/\\\/fjala.info\\\/2009-2015\\\/\",\"name\":\"FjALA e LIR\u00cb - Arkivi\",\"description\":\"Arkivi 2009-2015\",\"publisher\":{\"@id\":\"https:\\\/\\\/fjala.info\\\/2009-2015\\\/#organization\"},\"potentialAction\":[{\"@type\":\"SearchAction\",\"target\":{\"@type\":\"EntryPoint\",\"urlTemplate\":\"https:\\\/\\\/fjala.info\\\/2009-2015\\\/?s={search_term_string}\"},\"query-input\":{\"@type\":\"PropertyValueSpecification\",\"valueRequired\":true,\"valueName\":\"search_term_string\"}}],\"inLanguage\":\"sq-AL\"},{\"@type\":\"Organization\",\"@id\":\"https:\\\/\\\/fjala.info\\\/2009-2015\\\/#organization\",\"name\":\"FjALA e LIR\u00cb - Arkivi\",\"url\":\"https:\\\/\\\/fjala.info\\\/2009-2015\\\/\",\"logo\":{\"@type\":\"ImageObject\",\"inLanguage\":\"sq-AL\",\"@id\":\"https:\\\/\\\/fjala.info\\\/2009-2015\\\/#\\\/schema\\\/logo\\\/image\\\/\",\"url\":\"\",\"contentUrl\":\"\",\"caption\":\"FjALA e LIR\u00cb - Arkivi\"},\"image\":{\"@id\":\"https:\\\/\\\/fjala.info\\\/2009-2015\\\/#\\\/schema\\\/logo\\\/image\\\/\"}},{\"@type\":\"Person\",\"@id\":\"https:\\\/\\\/fjala.info\\\/2009-2015\\\/#\\\/schema\\\/person\\\/3aa1163ef05469c496fc94e77611ada2\",\"name\":\"admin\",\"image\":{\"@type\":\"ImageObject\",\"inLanguage\":\"sq-AL\",\"@id\":\"https:\\\/\\\/fjala.info\\\/2009-2015\\\/wp-content\\\/uploads\\\/2012\\\/02\\\/arben_cokaj-120x150.jpg\",\"url\":\"https:\\\/\\\/fjala.info\\\/2009-2015\\\/wp-content\\\/uploads\\\/2012\\\/02\\\/arben_cokaj-120x150.jpg\",\"contentUrl\":\"https:\\\/\\\/fjala.info\\\/2009-2015\\\/wp-content\\\/uploads\\\/2012\\\/02\\\/arben_cokaj-120x150.jpg\",\"caption\":\"admin\"},\"description\":\"Admin, Fjala e Lir\u00eb\",\"sameAs\":[\"https:\\\/\\\/fjala.info\\\/\"],\"url\":\"https:\\\/\\\/fjala.info\\\/2009-2015\\\/author\\\/admin\\\/\"}]}<\/script>\n<!-- \/ Yoast SEO plugin. -->","yoast_head_json":{"title":"AZEM HAJDARI SOT DO T\u00cb KISHTE 49 VJET! - FjALA e LIR\u00cb - Arkivi","robots":{"index":"index","follow":"follow","max-snippet":"max-snippet:-1","max-image-preview":"max-image-preview:large","max-video-preview":"max-video-preview:-1"},"canonical":"https:\/\/fjala.info\/2009-2015\/azem-hajdari-sot-do-te-kishte-49-vjet\/","og_locale":"sq_AL","og_type":"article","og_title":"AZEM HAJDARI SOT DO T\u00cb KISHTE 49 VJET! - FjALA e LIR\u00cb - Arkivi","og_description":"&#8211; N\u00eb kujtes\u00ebn e kombit ka mbetur i ri, vet\u00ebm 27 vje\u00e7, si at\u00ebher\u00eb n\u00eb Dhjetor 1990 &#8211; Nga BISLIM AHMETAJ, 08.03.2012 M\u00eb 11 mars t\u00eb vitit 1963, rreth or\u00ebs 12, n\u00eb nj\u00eb cep t\u00eb larg\u00ebt t\u00eb atdheut, n\u00eb nj\u00eb familje t\u00eb thjesht\u00eb pun\u00ebtor\u00ebsh, n\u00eb nj\u00eb sht\u00ebpi edhe m\u00eb t\u00eb thjesht\u00eb, do t\u00eb vinte n\u00eb [&hellip;]","og_url":"https:\/\/fjala.info\/2009-2015\/azem-hajdari-sot-do-te-kishte-49-vjet\/","og_site_name":"FjALA e LIR\u00cb - Arkivi","article_published_time":"2012-03-09T07:15:49+00:00","og_image":[{"url":"http:\/\/www.shkoder.net\/2012\/azem_hajdari.jpg","type":"","width":"","height":""}],"author":"admin","twitter_card":"summary_large_image","twitter_misc":{"Written by":"admin","Est. reading time":"4 minutes"},"schema":{"@context":"https:\/\/schema.org","@graph":[{"@type":"Article","@id":"https:\/\/fjala.info\/2009-2015\/azem-hajdari-sot-do-te-kishte-49-vjet\/#article","isPartOf":{"@id":"https:\/\/fjala.info\/2009-2015\/azem-hajdari-sot-do-te-kishte-49-vjet\/"},"author":{"name":"admin","@id":"https:\/\/fjala.info\/2009-2015\/#\/schema\/person\/3aa1163ef05469c496fc94e77611ada2"},"headline":"AZEM HAJDARI SOT DO T\u00cb KISHTE 49 VJET!","datePublished":"2012-03-09T07:15:49+00:00","mainEntityOfPage":{"@id":"https:\/\/fjala.info\/2009-2015\/azem-hajdari-sot-do-te-kishte-49-vjet\/"},"wordCount":715,"commentCount":0,"publisher":{"@id":"https:\/\/fjala.info\/2009-2015\/#organization"},"image":{"@id":"https:\/\/fjala.info\/2009-2015\/azem-hajdari-sot-do-te-kishte-49-vjet\/#primaryimage"},"thumbnailUrl":"http:\/\/www.shkoder.net\/2012\/azem_hajdari.jpg","articleSection":["Artikuj"],"inLanguage":"sq-AL","potentialAction":[{"@type":"CommentAction","name":"Comment","target":["https:\/\/fjala.info\/2009-2015\/azem-hajdari-sot-do-te-kishte-49-vjet\/#respond"]}]},{"@type":"WebPage","@id":"https:\/\/fjala.info\/2009-2015\/azem-hajdari-sot-do-te-kishte-49-vjet\/","url":"https:\/\/fjala.info\/2009-2015\/azem-hajdari-sot-do-te-kishte-49-vjet\/","name":"AZEM HAJDARI SOT DO T\u00cb KISHTE 49 VJET! - FjALA e LIR\u00cb - Arkivi","isPartOf":{"@id":"https:\/\/fjala.info\/2009-2015\/#website"},"primaryImageOfPage":{"@id":"https:\/\/fjala.info\/2009-2015\/azem-hajdari-sot-do-te-kishte-49-vjet\/#primaryimage"},"image":{"@id":"https:\/\/fjala.info\/2009-2015\/azem-hajdari-sot-do-te-kishte-49-vjet\/#primaryimage"},"thumbnailUrl":"http:\/\/www.shkoder.net\/2012\/azem_hajdari.jpg","datePublished":"2012-03-09T07:15:49+00:00","breadcrumb":{"@id":"https:\/\/fjala.info\/2009-2015\/azem-hajdari-sot-do-te-kishte-49-vjet\/#breadcrumb"},"inLanguage":"sq-AL","potentialAction":[{"@type":"ReadAction","target":["https:\/\/fjala.info\/2009-2015\/azem-hajdari-sot-do-te-kishte-49-vjet\/"]}]},{"@type":"ImageObject","inLanguage":"sq-AL","@id":"https:\/\/fjala.info\/2009-2015\/azem-hajdari-sot-do-te-kishte-49-vjet\/#primaryimage","url":"http:\/\/www.shkoder.net\/2012\/azem_hajdari.jpg","contentUrl":"http:\/\/www.shkoder.net\/2012\/azem_hajdari.jpg"},{"@type":"BreadcrumbList","@id":"https:\/\/fjala.info\/2009-2015\/azem-hajdari-sot-do-te-kishte-49-vjet\/#breadcrumb","itemListElement":[{"@type":"ListItem","position":1,"name":"Home","item":"https:\/\/fjala.info\/2009-2015\/"},{"@type":"ListItem","position":2,"name":"AZEM HAJDARI SOT DO T\u00cb KISHTE 49 VJET!"}]},{"@type":"WebSite","@id":"https:\/\/fjala.info\/2009-2015\/#website","url":"https:\/\/fjala.info\/2009-2015\/","name":"FjALA e LIR\u00cb - Arkivi","description":"Arkivi 2009-2015","publisher":{"@id":"https:\/\/fjala.info\/2009-2015\/#organization"},"potentialAction":[{"@type":"SearchAction","target":{"@type":"EntryPoint","urlTemplate":"https:\/\/fjala.info\/2009-2015\/?s={search_term_string}"},"query-input":{"@type":"PropertyValueSpecification","valueRequired":true,"valueName":"search_term_string"}}],"inLanguage":"sq-AL"},{"@type":"Organization","@id":"https:\/\/fjala.info\/2009-2015\/#organization","name":"FjALA e LIR\u00cb - Arkivi","url":"https:\/\/fjala.info\/2009-2015\/","logo":{"@type":"ImageObject","inLanguage":"sq-AL","@id":"https:\/\/fjala.info\/2009-2015\/#\/schema\/logo\/image\/","url":"","contentUrl":"","caption":"FjALA e LIR\u00cb - Arkivi"},"image":{"@id":"https:\/\/fjala.info\/2009-2015\/#\/schema\/logo\/image\/"}},{"@type":"Person","@id":"https:\/\/fjala.info\/2009-2015\/#\/schema\/person\/3aa1163ef05469c496fc94e77611ada2","name":"admin","image":{"@type":"ImageObject","inLanguage":"sq-AL","@id":"https:\/\/fjala.info\/2009-2015\/wp-content\/uploads\/2012\/02\/arben_cokaj-120x150.jpg","url":"https:\/\/fjala.info\/2009-2015\/wp-content\/uploads\/2012\/02\/arben_cokaj-120x150.jpg","contentUrl":"https:\/\/fjala.info\/2009-2015\/wp-content\/uploads\/2012\/02\/arben_cokaj-120x150.jpg","caption":"admin"},"description":"Admin, Fjala e Lir\u00eb","sameAs":["https:\/\/fjala.info\/"],"url":"https:\/\/fjala.info\/2009-2015\/author\/admin\/"}]}},"_links":{"self":[{"href":"https:\/\/fjala.info\/2009-2015\/wp-json\/wp\/v2\/posts\/2095","targetHints":{"allow":["GET"]}}],"collection":[{"href":"https:\/\/fjala.info\/2009-2015\/wp-json\/wp\/v2\/posts"}],"about":[{"href":"https:\/\/fjala.info\/2009-2015\/wp-json\/wp\/v2\/types\/post"}],"author":[{"embeddable":true,"href":"https:\/\/fjala.info\/2009-2015\/wp-json\/wp\/v2\/users\/1"}],"replies":[{"embeddable":true,"href":"https:\/\/fjala.info\/2009-2015\/wp-json\/wp\/v2\/comments?post=2095"}],"version-history":[{"count":0,"href":"https:\/\/fjala.info\/2009-2015\/wp-json\/wp\/v2\/posts\/2095\/revisions"}],"wp:attachment":[{"href":"https:\/\/fjala.info\/2009-2015\/wp-json\/wp\/v2\/media?parent=2095"}],"wp:term":[{"taxonomy":"category","embeddable":true,"href":"https:\/\/fjala.info\/2009-2015\/wp-json\/wp\/v2\/categories?post=2095"},{"taxonomy":"post_tag","embeddable":true,"href":"https:\/\/fjala.info\/2009-2015\/wp-json\/wp\/v2\/tags?post=2095"}],"curies":[{"name":"wp","href":"https:\/\/api.w.org\/{rel}","templated":true}]}}