{"id":2091,"date":"2012-03-09T08:08:57","date_gmt":"2012-03-09T07:08:57","guid":{"rendered":"http:\/\/fjala.shkoder.net\/?p=2091"},"modified":"2012-03-09T08:08:57","modified_gmt":"2012-03-09T07:08:57","slug":"ate-luigj-palaj-martir-i-fese-dhe-i-atdheut","status":"publish","type":"post","link":"https:\/\/fjala.info\/2009-2015\/ate-luigj-palaj-martir-i-fese-dhe-i-atdheut\/","title":{"rendered":"At\u00eb LUIGJ PALAJ &#8211; MARTIR I FES\u00cb DHE I ATDHEUT"},"content":{"rendered":"<p><strong><em>N\u00eb Sh\u00ebngjergj t\u00eb Zymit, m\u00eb 7 mars 1913<\/em><\/strong><\/p>\n<p><em>Pas maltretimeve q\u00eb ia b\u00ebn\u00eb At\u00eb Luigj Palajt kriminel\u00ebt malazias, e detyruan at\u00eb t\u00eb ecte zbathur n\u00ebp\u00ebr t\u00eb ftoft\u00eb, derisa t\u00eb mos &#8220;pendohej&#8221; p\u00ebr ta l\u00ebn\u00eb fen\u00eb e tij katolike. Pastaj, kinse p\u00ebr ta m\u00ebshiruar i than\u00eb q\u00eb t\u2019i merrte besimtar\u00ebt e vet, por At\u00eb Luigji iu p\u00ebrgjegj se \u201cq\u00eb t\u00eb gjith\u00eb jan\u00eb v\u00ebllez\u00ebrit e mi, sepse t\u00eb gjith\u00eb jan\u00eb shqiptar\u00eb\u201d. Po ashtu, provuan ta thyenin edhe duke ia prer\u00eb dy gisht\u00ebrinj\u00eb t\u00eb dor\u00ebs s\u00eb djatht\u00eb, q\u00eb t\u00eb mos kryqohet me pes\u00eb gisht\u00ebrinj\u00eb<\/em><\/p>\n<p><img decoding=\"async\" class=\"alignright size-thumbnail wp-image-7236\" title=\"Frrok KRISTAJ\" src=\"http:\/\/www.shkoder.net\/images\/fjala\/frrok_kristaj.jpg\" alt=\"\" width=\"150\" \/><br \/>\n<strong>Frrok KRISTAJ<\/strong><\/p>\n<p>Gjendemi sot n\u00eb Kish\u00ebn e Pajtor\u00ebs son\u00eb t\u00eb lasht\u00eb t\u00eb Epirit Verior, Zojes sh\u00ebn Prene, q\u00eb u martirizua p\u00ebr ne, q\u00eb sot t\u00eb jemi n\u00eb k\u00ebto troje.<\/p>\n<p>Gjendemi sot pran\u00eb varreve t\u00eb t\u00eb par\u00ebve, e mbi t\u00eb gjitha pran\u00eb varreve t\u00eb martir\u00ebve tan\u00eb, q\u00eb u martirizuan p\u00ebr fe e atdhe. N\u00eb ve\u00e7anti, sot e p\u00ebrkujtojm\u00eb meshtarin e devotsh\u00ebm, At\u00eb Luigj Palajn, q\u00eb u vra nga dora e kriminel\u00ebve sllav\u00eb vet\u00ebm e vet\u00ebm q\u00eb nuk lejoi q\u00eb shqiptar\u00ebt, pa dallim besimi, t\u00eb konvertohen n\u00eb ortodoks, p\u00ebrkat\u00ebsisht sllav\u00eb.<\/p>\n<p>Pik\u00ebrisht n\u00eb dit\u00ebn e sotit, para 99 vjet\u00ebve, At\u00eb Luigj Palaj u vra n\u00eb Janosh t\u00eb Gjakov\u00ebs. Ai ishte shuguruar n\u00eb Zym t\u00eb Hasit. Sot shpirti i Pater Luigjit udh\u00ebton drejt shenjt\u00ebrimit.<\/p>\n<p>Gjendemi sot n\u00eb Sh\u00ebngjergj edhe pran\u00eb martir\u00ebve t\u00eb kultur\u00ebs shqiptare &#8211; At\u00eb Shtjef\u00ebn Gje\u00e7ovit, Katarina Josipit, Anton Pashkut, Hermina (Delhysa) Lekajt, pastaj m\u00ebsuesit Gjon Dulaj, martirit t\u00eb Luft\u00ebs \u00c7lirimtare t\u00eb Kosov\u00ebs Kol\u00eb Gjevelekajt, e shum\u00eb t\u00eb tjer\u00ebve.<br \/>\nT\u00eb gjith\u00eb k\u00ebta martir\u00eb na kan\u00eb mbetur emra n\u00eb zemra.<\/p>\n<p><img decoding=\"async\" class=\"alignright size-thumbnail wp-image-7236\" title=\"At\u00eb Luigj Palaj OFM\" src=\"http:\/\/www.shkoder.net\/2012\/at_luigj_palaj_ofm.jpg\" alt=\"\" width=\"150\" \/>Dikur Dardania, p\u00ebrkat\u00ebsisht Iliria ishin l\u00ebteri i Evrop\u00ebs. Megjithat\u00eb, p\u00ebr shkak t\u00eb shum\u00eb trazirave q\u00eb u zhvilluan n\u00eb k\u00ebto troje, ne e braktisem per\u00ebndimin me ikje nga vetvetja, kurse e pushtuam per\u00ebndimin me ikje nga atdheu.<\/p>\n<p>E sot po i mbledhim copat e historis\u00eb s\u00eb shpirtit. Bile koha po ec\u00ebn e ne ende nuk po arrijm\u00eb te vetvetja. Nga kjo del se ripag\u00ebzimi yn\u00eb kulturor na b\u00ebn\u00eb ta k\u00ebrkojm\u00eb identitetin q\u00eb e artikulon ardhm\u00ebrin\u00eb ton\u00eb.<\/p>\n<p>I madhi Ibrahim Rugova, q\u00eb ishte njeri i rezistenc\u00ebs dhe i ekzistenc\u00ebs, thoshte: \u201c\u00c7do gj\u00eb \u00ebsht\u00eb prishur, tash k\u00ebrkohet e ve\u00e7anta\u201d. Ta gjejm\u00eb at\u00eb!<\/p>\n<p><strong>At\u00eb Luigji meshtar dhe atdhetar<\/strong><br \/>\nVargu i klerik\u00ebve shqiptar t\u00eb Kish\u00ebs Katolike \u00ebsht\u00eb i gjat\u00eb, t\u00eb cil\u00ebt n\u00eb koh\u00ebra t\u00eb ndryshme u n\u00ebp\u00ebrk\u00ebmb\u00ebn, u p\u00ebrndoq\u00ebn, u p\u00ebrsekutuan dhe u vran\u00eb mizorisht nga armiqt\u00eb shekullor t\u00eb k\u00ebtij vendi. U martirizuan ata p\u00ebr fe dhe atdhe. N\u00eb tempullin e flijimit p\u00ebr atdhe gjith\u00ebsesi se z\u00eb vend edhe At\u00eb Luigj Palaj (Sopaj, e gjejm\u00eb edhe si Paliqi), i biri i Tom\u00ebs dhe i Paulin\u00ebs, q\u00eb u lind n\u00eb Janjev\u00eb (Kosov\u00eb), m\u00eb 21 shkurt 1878.<\/p>\n<p><img decoding=\"async\" class=\"alignleft size-thumbnail wp-image-7236\" title=\"Murana Gjecovit\" src=\"http:\/\/www.shkoder.net\/2012\/murana_gjecovit.jpg\" alt=\"\" width=\"300\" \/>Zhgunin e sh\u00ebn Fran\u00e7eskut e veshi m\u00eb 23 shtator 1896, kur edhe e nd\u00ebrroi emrin e pag\u00ebzimit nga Mat\u00eb n\u00eb Luigj, sepse ishte p\u00ebrkushtuar ta ndjek\u00eb shembullin e jet\u00ebs s\u00eb sh\u00ebn Luigj Gonzages. Kushtet e para rregulltare i dha m\u00eb 28 shtator 1897, p\u00ebrkat\u00ebsisht kushtet e p\u00ebrjetshme m\u00eb 26 prill 1901. Pas shugurimit meshtarak (n\u00eb Zym t\u00eb Hasit, m\u00eb 20 prill 1903), n\u00eb Rom\u00eb kreu studimet pasuniversitare. Gjat\u00eb viteve 1905-1907 sh\u00ebrbeu famullitar n\u00eb Arqipeshkvnin\u00eb e Shkodr\u00ebs. M\u00eb pas kaloi n\u00eb Gjakov\u00eb (1907-1912) ku ishte em\u00ebruar rektor i shenjt\u00ebrorit sh\u00ebn Antonit, e m\u00eb von\u00eb sh\u00ebrbeu n\u00eb famullin\u00eb e Pej\u00ebs dhe t\u00eb Gllogjanit t\u00eb Lugut t\u00eb Baranit.<\/p>\n<p>N\u00eb vazhd\u00ebn e terrorit t\u00eb papar\u00eb malazez n\u00eb trojet e okupuara shqiptare, At\u00eb Luigj Palaj u mor n\u00eb shenjest\u00ebr dhe u arrestua vet\u00eb i gjasht\u00ebdhjeti, i akuzuar gjoja p\u00ebr zhvillimin e propagand\u00ebs n\u00eb popull p\u00ebr mosdor\u00ebzimin e arm\u00ebve dhe p\u00ebr t&#8217;u ngritur kund\u00ebr malazias\u00ebve, t\u00eb cil\u00ebt i konvertonin shqiptar\u00ebt pa dallim besimi n\u00eb ortodoksin\u00eb sllave.<\/p>\n<p><strong>At\u00eb Luigjit ia pren dy gisht\u00ebrinj\u00eb q\u00eb t\u00eb mos kryqohej me pes\u00eb<\/strong><br \/>\nN\u00eb fakt, malaziasit e kishin burgosur At\u00eb Luigj Palajn sepse ky meshtar i devotsh\u00ebm u paraqiste penges\u00eb t\u00eb drejtp\u00ebrdrejt p\u00ebr konvertimin me dhun\u00eb t\u00eb shqiptar\u00ebve t\u00eb besimit katolik dhe mysliman n\u00eb fen\u00eb ortodokse sllave. Frati i Kish\u00ebs s\u00eb Gllogjanit n\u00eb Lugun e Baranit &#8211; At\u00eb Luigj Palaj, vazhdimisht qendronte n\u00eb mesin e grigj\u00ebs s\u00eb tij, duke i forcuar shpirt\u00ebrisht dhe duke iu dh\u00ebn\u00eb zem\u00ebr q\u00eb t&#8217;i p\u00ebrballojn\u00eb torturat e pushtuesit serbo-malazez\u00eb p\u00ebr t&#8217;i q\u00ebndruar besnik\u00eb fes\u00eb dhe kombit t\u00eb t\u00eb par\u00ebve. Pasi e keqtrajtuan dy dit\u00eb rresht (m\u00eb 5-6 mars 1913) At\u00eb Luigj Palajn n\u00eb burgun e Gjakov\u00ebs, p\u00ebrkat\u00ebsisht pasi i duroi p\u00ebrbuzjet, fyerjet dhe posht\u00ebrimet, e vun\u00eb p\u00ebrpara me t\u00eb tjer\u00ebt, t\u00eb lidhur dhe e nis\u00ebn p\u00ebr n\u00eb Pej\u00eb.<\/p>\n<p>Gjat\u00eb rrug\u00ebs, n\u00eb Janosh t\u00eb Novasell\u00ebs s\u00eb Gjakov\u00ebs, e ndan\u00eb nga grupi vet\u00eb t\u00eb shtatin, ia zhvesh\u00ebn zhgunin e fratit dhe e detyruan t\u00eb ecte zbathur n\u00ebp\u00ebr acar t\u00eb madh, derisa t\u00eb mos &#8220;pendohej&#8221; p\u00ebr ta braktisur fen\u00eb e tij katolike. At\u00eb Luigji nuk trembej e as nuk thyhej. Bile k\u00ebrkesat e malazez\u00ebve i refuzonte deri n\u00eb p\u00ebrbuzje. Provuan m\u00eb n\u00eb fund ta thyenin me prerjen e dy gisht\u00ebrinjve t\u00eb dor\u00ebs s\u00eb djatht\u00eb, q\u00eb t\u00eb mos mund t\u00eb kryqohej me pes\u00eb gisht\u00ebrinjt\u00eb, si\u00e7 kryqohen besimtar\u00ebt katolik, por vet\u00ebm me tre, si\u00e7 kryqohen besimtar\u00ebt ortodoks.<\/p>\n<p>Sido q\u00eb ishte xhelat\u00ebt ia mor\u00ebn shpirtin duke e masakruar me bajoneta, e n\u00eb an\u00ebn tjet\u00ebr autoritetet malaziase njoftonin se &#8220;krimineli&#8221; At\u00eb Luigj Palaj kishte provuar t\u00eb ikte. K\u00ebso shpjegimesh jepeshin p\u00ebr t\u00eb gjith\u00eb shqiptar\u00ebt e burgosur n\u00eb m\u00ebnyr\u00eb q\u00eb t\u00eb kishin pretekst q\u00eb t\u2019i vrisnin.<\/p>\n<p>Krimi n\u00eb Janosh e kishte b\u00ebr\u00eb efektin e vet n\u00eb p\u00ebrshpejtimin e planit t\u00eb Malit t\u00eb Zi p\u00ebr konvertimin me dhun\u00eb t\u00eb shqiptar\u00ebve n\u00eb ortodok\u00ebsiz\u00ebm.<\/p>\n<p>Vjena dhe legata austro-hungareze n\u00eb Cetin\u00eb t\u00eb informuar nga n\u00ebnkonsulli i Prizrenit, Fiberio Pecel, kishin njoftuar menj\u00ebheri p\u00ebr vrasjen e meshtarit fran\u00e7eskan. Lajmi ishte p\u00ebrhap shpejt n\u00eb qarqet diplomatike dhe kishte z\u00ebn\u00eb vend n\u00eb krye t\u00eb faqeve t\u00eb shtypit austriak, gjerman dhe anglez. Gazeta Neue Freie Presse e Vjenes theksonte se vrasja e klerikut katolik dhe konvertimi i shqiptar\u00ebve n\u00eb ortodok\u00ebsizmin sllav ishte edhe nj\u00eb prov\u00eb e re e krimeve serbo-malaziase mbi popullin shqiptar.<\/p>\n<p>Pasuan demarshet diplomatike t\u00eb fuqive t\u00eb m\u00ebdha dhe hapat energjik t\u00eb Austro-Hungaris\u00eb, demarshe k\u00ebto q\u00eb mb\u00ebshteteshin n\u00eb t\u00eb drejt\u00ebn e shqiptar\u00ebve t\u00eb besimit katolik n\u00eb protektoratin kulturor, t\u00eb siguruar pas luft\u00ebrave me Perandorin\u00eb Osmane, q\u00eb i referohej vendimeve t\u00eb Kongresit t\u00eb Berlinit, q\u00eb e obligonte edhe Malin e Zi t\u2019i respektonte ndjenjat fetare n\u00eb viset e okupuara shqiptare.<\/p>\n<p>S\u00eb k\u00ebndejmi, me not\u00ebn e par\u00eb q\u00eb Vjena ia dor\u00ebzoi Cetin\u00ebs, t\u00ebrhiqte v\u00ebrejtjen se vrasja klerikut Palaj kishte ndezur indinjat\u00eb t\u00eb madhe n\u00eb popull, p\u00ebrkat\u00ebsisht te shqiptar\u00ebt e besimit katolik e mysliman, dhe n\u00eb t\u00eb nj\u00ebjt\u00ebn koh\u00eb k\u00ebrkohej zhvillimi i hetimeve rreth burgosjes dhe vrasjes s\u00eb At\u00eb Luigj Palajt. Me not\u00ebn e dyt\u00eb Austro-Hungaria k\u00ebrkonte nga Mali i Zi rikthimin e menj\u00ebhersh\u00ebm t\u00eb shqiptar\u00ebve katolik\u00eb n\u00eb fen\u00eb e m\u00ebparshme, duke ua b\u00ebr\u00eb me dije se hetimet do t&#8217;i zhvillonte arqipeshkvi i Prizrenit, imzot Laz\u00ebr Mjeda, i shoq\u00ebruar nga n\u00ebnkonsulli i atjesh\u00ebm austriak.<\/p>\n<p><strong>K\u00ebmb\u00ebngult\u00ebsia e imzot Mjed\u00ebs q\u00eb t\u00eb ndriqohen krimet malazeze<\/strong><br \/>\nQeveria malazeze fillimisht nuk u pajtua q\u00eb pun\u00ebn e hetimeve ta merrte n\u00eb dor\u00eb prelati i Kish\u00ebs Katolike &#8211; imzot Laz\u00ebr Mjeda, dhe aq m\u00eb pak q\u00eb at\u00eb ta shoq\u00ebronte n\u00eb Gjakov\u00eb edhe p\u00ebrfaq\u00ebsuesi i nj\u00eb fuqie t\u00eb madhe, si\u00e7 ishte Austro-Hungaria, por m\u00eb n\u00eb fund l\u00ebshoi pe duke u pajtua me ngritjen e nj\u00eb komisioni mikst t\u00eb hetimeve dhe caktoi dy p\u00ebrfaq\u00ebsues t\u00eb saj.<\/p>\n<p>Me t\u00eb arritur t\u00eb arqipeshkvit Imzot Laz\u00ebr Mjeda n\u00eb Gjakov\u00eb (me 29 mars), i shoq\u00ebruar nga nj\u00eb oficer serb dhe n\u00ebnkonsulli Pecel dhe ai italian Cikulini, autoritetet malazeze mor\u00ebn masat q\u00eb misioni i tyre t\u00eb d\u00ebshtonte plot\u00ebsisht, q\u00eb e v\u00ebrteta p\u00ebr konvertimin dhe vrasjen e At\u00eb Luigjit t\u00eb mos dilte n\u00eb drit\u00eb kurrsesi. Klerikut t\u00eb lart\u00eb shqiptar &#8211; Laz\u00ebr Mjed\u00ebs i qen\u00eb lidhur duart: nuk mund t\u00eb l\u00ebvizte lirisht, as t\u00eb merrte kontakt me grigjen e tij, kurse fshatar\u00ebve t\u00eb konvertuar ose u ndalohej kalimi nga zona malazeze n\u00eb at\u00eb serbe, ku ishte kisha, ose k\u00ebrc\u00ebnoheshin me vrasje po t\u00eb deklaronin se qen\u00eb kthyer n\u00eb fen\u00eb ordokse pa vet\u00ebdashje.<\/p>\n<p>Rrjedhimisht, dit\u00ebn e dyt\u00eb t\u00eb arritjes s\u00eb imzot Mjed\u00ebs n\u00eb Gjakov\u00eb, kaluan nga feja katolike n\u00eb at\u00eb ortodokse edhe 530 frym\u00eb. P\u00ebrpjekjet e arqipeshkvit p\u00ebr t&#8217;ua kthyer atyre mendjen qen\u00eb t\u00eb kota, sepse ata po t\u00eb deklaroheshin lirisht, i priste hakmarrja, p\u00ebr m\u00eb shum\u00eb q\u00eb ushtria dhe xhandarm\u00ebria malazeze me Sava Llazareviqin n\u00eb krye po vazhdonte krimet n\u00eb nahin\u00eb e Pej\u00ebs dhe t\u00eb Gjakov\u00ebs.<\/p>\n<p>Komisioni i hetimeve u mblodh m\u00eb n\u00eb fund m\u00eb 6 prill, por shkaku i pengesave t\u00eb ndryshme nga pala malazeze, nuk filloi me pun\u00eb, sidomos n\u00eb pun\u00ebn e anketimit t\u00eb katolik\u00ebve t\u00eb konvertuar. Megjithat\u00eb, 16 sish t\u00eb zon\u00ebs malazeze ia dol\u00ebn t\u00eb pervidhen nat\u00ebn dhe t\u00eb shkonin drejt n\u00eb kish\u00ebn e Gjakov\u00ebs. Organet malazeze q\u00eb t\u00eb mos kalojn\u00eb asnj\u00eb besimtar i konvertuar kah shqiptar\u00ebt, bile edhe ia dol\u00ebn t&#8217;i shk\u00ebpusin tre veta dhe nga nj\u00ebri prej tyre nxor\u00ebn deklarat\u00ebn se gjoja qen\u00eb t\u00eb mashtruar dhe se u kishin ofruar nga 100 lira turke p\u00ebr t\u00eb deklaruar se kishin kaluar n\u00eb fen\u00eb ortodokse me dhun\u00eb. Mir\u00ebpo kjo deklarat\u00eb e vetme nuk b\u00ebnte pun\u00eb p\u00ebrball\u00eb t\u00eb tjerave q\u00eb qen\u00eb betuar se s\u00eb pari ishin tortuar mizorisht p\u00ebr gjoja fshehjen e arm\u00ebve, k\u00ebshtu q\u00eb u shtr\u00ebnguan ta nd\u00ebrronin fen\u00eb p\u00ebr t\u00eb shp\u00ebtuar veten dhe familjet.<\/p>\n<p>Autoritet malazeze, t\u00eb m\u00ebllefosura nga k\u00ebto deklarata, bllokuan t\u00eb gjitha vendkalimet me roje t\u00eb forta dhe ndaluan \u00e7do kalim n\u00eb an\u00ebn tjet\u00ebr t\u00eb qytetit, p\u00ebr t\u00eb penguar mbledhjen e fakteve. Prandaj ata k\u00ebrkonin zhvillimin e hetimeve n\u00eb territorin malazias, kurse arqipeshkvi Mjeda kund\u00ebrvihej me argumentin e fort\u00eb n\u00eb dor\u00eb, se shqiptar\u00ebt e konvertuar &#8220;ishin p\u00ebrsekutuar dhe nuk guxonin t\u00eb shfaqnin d\u00ebshir\u00ebn e tyre p\u00ebr t&#8217;u kthyer n\u00eb besimin e tyre &#8211; n\u00eb katolik\u00eb&#8221;.<\/p>\n<p><strong>Shenjt\u00ebrohet At\u00eb Luigj Palaj<\/strong><br \/>\nSado q\u00eb pala malazeze e ngushtoi pun\u00ebn e Komisionit t\u00eb hetimeve vet\u00ebm n\u00eb shqyrtimin e vrasjes s\u00eb At\u00eb Luigjit, kat\u00ebr persona q\u00eb ishin me t\u00eb, e t\u00eb cil\u00ebt i shp\u00ebtuan pushkatimit, ishin t\u00eb burgosur, k\u00ebshtu q\u00eb nuk mund t\u00eb d\u00ebshmonin t\u00eb v\u00ebrtet\u00ebn. Dhe ajo ishte s\u00eb frati i Gllogjanit &#8211; At\u00eb Luigj Palaj as q\u00eb provoi t\u00eb ikte, as q\u00eb u vra me pushk\u00eb, si thuhej n\u00eb raportin zyrtar malazias. Kur trupi i tij u nxorr nga varri, doli se ishte masakruar me bajonet\u00eb.<\/p>\n<p>Dhe, meq\u00eb pala malazeze e Komisionit k\u00ebmb\u00ebngulte n\u00eb versionin e saj t\u00eb vrasjes, p\u00ebrkat\u00ebsisht n\u00eb ekspertiz\u00ebn e dy mjek\u00ebve malazez\u00eb dhe t\u00eb nj\u00eb mjeku serb, n\u00ebnkonsulli Pecel u largua nga Gjakova n\u00eb shenj\u00eb proteste. Nga ana e saj, qeveria austro-hungareze k\u00ebrkoi p\u00ebr katolik\u00ebt shqiptar nga pala malazeze &#8211; pos tjerash edhe t\u00eb drejt\u00ebn e zgjedhjes s\u00eb lir\u00eb t\u00eb vendbanimit.<\/p>\n<p>Cetina, nd\u00ebrkaq, u p\u00ebrgjigj me ciniz\u00ebm se katolicizmi ishte i mbrojtur me ligjet e Malit t\u00eb Zi. Megjithat\u00eb, imzot Laz\u00ebr Mjeda nuk d\u00ebshironte t\u2019u jepeshin disa t\u00eb drejta vet\u00ebm shqiptar\u00ebve t\u00eb besimit katolik, por ai k\u00ebrkonte q\u00eb t\u00eb mbrohen t\u00eb gjith\u00eb shqiptar\u00ebt pa dallim besimi. Puna shkoi deri aty sa malaz\u00ebz\u00ebt gati e kishin ndar\u00eb mendjen ta vrisnin edhe arqipeshkvin Mjeda me dor\u00ebn e ndonj\u00eb shqiptari&#8230;<\/p>\n<p>&#8230; dhe Konferenca Ipeshkvore e Shqip\u00ebris\u00eb para nj\u00eb kohe e ngriti procedur\u00ebn e shenjt\u00ebrimit t\u00eb 40 martir\u00ebve t\u00eb Shkodr\u00ebs, ku jan\u00eb t\u00eb p\u00ebrfshir\u00eb edhe gjasht\u00eb meshtar\u00eb nga Kosova e nd\u00ebr ta edhe At\u00eb Luigj Palaj. Ky shenjt\u00ebrim pritet t\u00eb b\u00ebhet n\u00eb 1700-vjetorin e legalizimit t\u00eb krishterimit nga Parendori dardan &#8211; Konstantini i Madh, me Ediktin e Milanos (313).<\/p>\n<p>N\u00eb an\u00ebn tjet\u00ebr, asociacionet e kultur\u00ebs n\u00eb Zym t\u00eb Hasit (komuna e Prizrenit), n\u00eb 40-vjetorin e manifestimit letrar, kulturor e shkencor \u2018Takimet e Gje\u00e7ovit\u2019, q\u00eb u mbajt m\u00eb 15 tetor t\u00eb vitit t\u00eb kaluar (2011), e ngriten propozimin (q\u00eb ia d\u00ebrguan kryetares s\u00eb Republik\u00ebs s\u00eb Kosov\u00ebs, zonj\u00ebs Atifete Jahjaga), q\u00eb At\u00eb Luigj Palaj t\u00eb dekorohet me titullin hero, q\u00eb u mir\u00ebprit nga opinioni i gjer\u00eb.<\/p>\n<p>Do p\u00ebrmendur se Ipeshk\u00ebvia e Kosov\u00ebs n\u00eb shenj\u00eb nderimi t\u00eb At\u00eb Luigj Palajt, vjet (2011) ngriti n\u00eb Janosh Kishen q\u00eb do t\u2019i kushtohet At\u00eb Luigjit. Kisha u ngrit pik\u00ebrisht aty ku edhe ishte ekzekutuar At\u00eb Luigji, p\u00ebrkat\u00ebisht aty ku edhe q\u00eb nga vrasja e tij gjendet i vendosur nj\u00eb Kryq i Madh.<\/p>\n<p>Dhe, ata q\u00eb kalojn\u00eb aty pari mund t\u00eb ndalen nj\u00eb troh\u00eb, t\u00eb mendohen e t\u00eb kujtohen p\u00ebr t\u00eb m\u00ebsuar si vdiset p\u00ebr fe e atdhe. Por, v\u00ebllez\u00ebrit tan\u00eb nuk duhet t\u00eb p\u00ebrtojn\u00eb p\u00ebr t\u00eb dal\u00eb n\u00eb Sh\u00ebngjergj t\u00eb Zymit t\u00eb Hasit, atje p\u00ebr t&#8217;u p\u00ebrkulur para dy varreve t\u00eb dy martir\u00ebve t\u00eb fetaris\u00eb dhe shqiptaris\u00eb &#8211; At\u00eb Luigj Palajt dhe At\u00eb Shtjef\u00ebn Gje\u00e7ovit, q\u00eb prehen n\u00eb nj\u00eb muran\u00eb guri, q\u00eb gjendet n\u00eb varrezat e Kish\u00ebs s\u00eb sh\u00ebn Pren\u00ebs n\u00eb Sh\u00ebngjergj, af\u00ebr Zymit t\u00eb Hasit, komuna e Prizrenit.<\/p>\n<p><strong>Legjenda<\/strong>:<br \/>\n<em>1. Murana n\u00eb oborrin e Kish\u00ebs s\u00eb sh\u00ebn Pren\u00ebs n\u00eb Sh\u00ebngjergj t\u00eb Zymit t\u00eb Hasit, ku prehen martir\u00ebt: At\u00eb Luigj Palaj dhe At\u00eb Shtjef\u00ebn Gje\u00e7ovi<br \/>\n2. At\u00eb Luigj Palaj<\/em><\/p>\n","protected":false},"excerpt":{"rendered":"<p>N\u00eb Sh\u00ebngjergj t\u00eb Zymit, m\u00eb 7 mars 1913 Pas maltretimeve q\u00eb ia b\u00ebn\u00eb At\u00eb Luigj Palajt kriminel\u00ebt malazias, e detyruan at\u00eb t\u00eb ecte zbathur n\u00ebp\u00ebr t\u00eb ftoft\u00eb, derisa t\u00eb mos &#8220;pendohej&#8221; p\u00ebr ta l\u00ebn\u00eb fen\u00eb e tij katolike. Pastaj, kinse p\u00ebr ta m\u00ebshiruar i than\u00eb q\u00eb t\u2019i merrte besimtar\u00ebt e vet, por At\u00eb Luigji iu [&hellip;]<\/p>\n","protected":false},"author":1,"featured_media":0,"comment_status":"open","ping_status":"closed","sticky":false,"template":"","format":"standard","meta":{"footnotes":""},"categories":[2],"tags":[],"class_list":{"0":"post-2091","1":"post","2":"type-post","3":"status-publish","4":"format-standard","6":"category-artikuj"},"yoast_head":"<!-- This site is optimized with the Yoast SEO plugin v27.4 - https:\/\/yoast.com\/product\/yoast-seo-wordpress\/ -->\n<title>At\u00eb LUIGJ PALAJ - MARTIR I FES\u00cb DHE I ATDHEUT - FjALA e LIR\u00cb - Arkivi<\/title>\n<meta name=\"robots\" content=\"index, follow, max-snippet:-1, max-image-preview:large, max-video-preview:-1\" \/>\n<link rel=\"canonical\" href=\"https:\/\/fjala.info\/2009-2015\/ate-luigj-palaj-martir-i-fese-dhe-i-atdheut\/\" \/>\n<meta property=\"og:locale\" content=\"sq_AL\" \/>\n<meta property=\"og:type\" content=\"article\" \/>\n<meta property=\"og:title\" content=\"At\u00eb LUIGJ PALAJ - MARTIR I FES\u00cb DHE I ATDHEUT - FjALA e LIR\u00cb - Arkivi\" \/>\n<meta property=\"og:description\" content=\"N\u00eb Sh\u00ebngjergj t\u00eb Zymit, m\u00eb 7 mars 1913 Pas maltretimeve q\u00eb ia b\u00ebn\u00eb At\u00eb Luigj Palajt kriminel\u00ebt malazias, e detyruan at\u00eb t\u00eb ecte zbathur n\u00ebp\u00ebr t\u00eb ftoft\u00eb, derisa t\u00eb mos &#8220;pendohej&#8221; p\u00ebr ta l\u00ebn\u00eb fen\u00eb e tij katolike. Pastaj, kinse p\u00ebr ta m\u00ebshiruar i than\u00eb q\u00eb t\u2019i merrte besimtar\u00ebt e vet, por At\u00eb Luigji iu [&hellip;]\" \/>\n<meta property=\"og:url\" content=\"https:\/\/fjala.info\/2009-2015\/ate-luigj-palaj-martir-i-fese-dhe-i-atdheut\/\" \/>\n<meta property=\"og:site_name\" content=\"FjALA e LIR\u00cb - Arkivi\" \/>\n<meta property=\"article:published_time\" content=\"2012-03-09T07:08:57+00:00\" \/>\n<meta property=\"og:image\" content=\"http:\/\/www.shkoder.net\/images\/fjala\/frrok_kristaj.jpg\" \/>\n<meta name=\"author\" content=\"admin\" \/>\n<meta name=\"twitter:card\" content=\"summary_large_image\" \/>\n<meta name=\"twitter:label1\" content=\"Written by\" \/>\n\t<meta name=\"twitter:data1\" content=\"admin\" \/>\n\t<meta name=\"twitter:label2\" content=\"Est. reading time\" \/>\n\t<meta name=\"twitter:data2\" content=\"12 minutes\" \/>\n<script type=\"application\/ld+json\" class=\"yoast-schema-graph\">{\"@context\":\"https:\\\/\\\/schema.org\",\"@graph\":[{\"@type\":\"Article\",\"@id\":\"https:\\\/\\\/fjala.info\\\/2009-2015\\\/ate-luigj-palaj-martir-i-fese-dhe-i-atdheut\\\/#article\",\"isPartOf\":{\"@id\":\"https:\\\/\\\/fjala.info\\\/2009-2015\\\/ate-luigj-palaj-martir-i-fese-dhe-i-atdheut\\\/\"},\"author\":{\"name\":\"admin\",\"@id\":\"https:\\\/\\\/fjala.info\\\/2009-2015\\\/#\\\/schema\\\/person\\\/3aa1163ef05469c496fc94e77611ada2\"},\"headline\":\"At\u00eb LUIGJ PALAJ &#8211; MARTIR I FES\u00cb DHE I ATDHEUT\",\"datePublished\":\"2012-03-09T07:08:57+00:00\",\"mainEntityOfPage\":{\"@id\":\"https:\\\/\\\/fjala.info\\\/2009-2015\\\/ate-luigj-palaj-martir-i-fese-dhe-i-atdheut\\\/\"},\"wordCount\":2439,\"commentCount\":0,\"publisher\":{\"@id\":\"https:\\\/\\\/fjala.info\\\/2009-2015\\\/#organization\"},\"image\":{\"@id\":\"https:\\\/\\\/fjala.info\\\/2009-2015\\\/ate-luigj-palaj-martir-i-fese-dhe-i-atdheut\\\/#primaryimage\"},\"thumbnailUrl\":\"http:\\\/\\\/www.shkoder.net\\\/images\\\/fjala\\\/frrok_kristaj.jpg\",\"articleSection\":[\"Artikuj\"],\"inLanguage\":\"sq-AL\",\"potentialAction\":[{\"@type\":\"CommentAction\",\"name\":\"Comment\",\"target\":[\"https:\\\/\\\/fjala.info\\\/2009-2015\\\/ate-luigj-palaj-martir-i-fese-dhe-i-atdheut\\\/#respond\"]}]},{\"@type\":\"WebPage\",\"@id\":\"https:\\\/\\\/fjala.info\\\/2009-2015\\\/ate-luigj-palaj-martir-i-fese-dhe-i-atdheut\\\/\",\"url\":\"https:\\\/\\\/fjala.info\\\/2009-2015\\\/ate-luigj-palaj-martir-i-fese-dhe-i-atdheut\\\/\",\"name\":\"At\u00eb LUIGJ PALAJ - MARTIR I FES\u00cb DHE I ATDHEUT - FjALA e LIR\u00cb - Arkivi\",\"isPartOf\":{\"@id\":\"https:\\\/\\\/fjala.info\\\/2009-2015\\\/#website\"},\"primaryImageOfPage\":{\"@id\":\"https:\\\/\\\/fjala.info\\\/2009-2015\\\/ate-luigj-palaj-martir-i-fese-dhe-i-atdheut\\\/#primaryimage\"},\"image\":{\"@id\":\"https:\\\/\\\/fjala.info\\\/2009-2015\\\/ate-luigj-palaj-martir-i-fese-dhe-i-atdheut\\\/#primaryimage\"},\"thumbnailUrl\":\"http:\\\/\\\/www.shkoder.net\\\/images\\\/fjala\\\/frrok_kristaj.jpg\",\"datePublished\":\"2012-03-09T07:08:57+00:00\",\"breadcrumb\":{\"@id\":\"https:\\\/\\\/fjala.info\\\/2009-2015\\\/ate-luigj-palaj-martir-i-fese-dhe-i-atdheut\\\/#breadcrumb\"},\"inLanguage\":\"sq-AL\",\"potentialAction\":[{\"@type\":\"ReadAction\",\"target\":[\"https:\\\/\\\/fjala.info\\\/2009-2015\\\/ate-luigj-palaj-martir-i-fese-dhe-i-atdheut\\\/\"]}]},{\"@type\":\"ImageObject\",\"inLanguage\":\"sq-AL\",\"@id\":\"https:\\\/\\\/fjala.info\\\/2009-2015\\\/ate-luigj-palaj-martir-i-fese-dhe-i-atdheut\\\/#primaryimage\",\"url\":\"http:\\\/\\\/www.shkoder.net\\\/images\\\/fjala\\\/frrok_kristaj.jpg\",\"contentUrl\":\"http:\\\/\\\/www.shkoder.net\\\/images\\\/fjala\\\/frrok_kristaj.jpg\"},{\"@type\":\"BreadcrumbList\",\"@id\":\"https:\\\/\\\/fjala.info\\\/2009-2015\\\/ate-luigj-palaj-martir-i-fese-dhe-i-atdheut\\\/#breadcrumb\",\"itemListElement\":[{\"@type\":\"ListItem\",\"position\":1,\"name\":\"Home\",\"item\":\"https:\\\/\\\/fjala.info\\\/2009-2015\\\/\"},{\"@type\":\"ListItem\",\"position\":2,\"name\":\"At\u00eb LUIGJ PALAJ &#8211; MARTIR I FES\u00cb DHE I ATDHEUT\"}]},{\"@type\":\"WebSite\",\"@id\":\"https:\\\/\\\/fjala.info\\\/2009-2015\\\/#website\",\"url\":\"https:\\\/\\\/fjala.info\\\/2009-2015\\\/\",\"name\":\"FjALA e LIR\u00cb - Arkivi\",\"description\":\"Arkivi 2009-2015\",\"publisher\":{\"@id\":\"https:\\\/\\\/fjala.info\\\/2009-2015\\\/#organization\"},\"potentialAction\":[{\"@type\":\"SearchAction\",\"target\":{\"@type\":\"EntryPoint\",\"urlTemplate\":\"https:\\\/\\\/fjala.info\\\/2009-2015\\\/?s={search_term_string}\"},\"query-input\":{\"@type\":\"PropertyValueSpecification\",\"valueRequired\":true,\"valueName\":\"search_term_string\"}}],\"inLanguage\":\"sq-AL\"},{\"@type\":\"Organization\",\"@id\":\"https:\\\/\\\/fjala.info\\\/2009-2015\\\/#organization\",\"name\":\"FjALA e LIR\u00cb - Arkivi\",\"url\":\"https:\\\/\\\/fjala.info\\\/2009-2015\\\/\",\"logo\":{\"@type\":\"ImageObject\",\"inLanguage\":\"sq-AL\",\"@id\":\"https:\\\/\\\/fjala.info\\\/2009-2015\\\/#\\\/schema\\\/logo\\\/image\\\/\",\"url\":\"\",\"contentUrl\":\"\",\"caption\":\"FjALA e LIR\u00cb - Arkivi\"},\"image\":{\"@id\":\"https:\\\/\\\/fjala.info\\\/2009-2015\\\/#\\\/schema\\\/logo\\\/image\\\/\"}},{\"@type\":\"Person\",\"@id\":\"https:\\\/\\\/fjala.info\\\/2009-2015\\\/#\\\/schema\\\/person\\\/3aa1163ef05469c496fc94e77611ada2\",\"name\":\"admin\",\"image\":{\"@type\":\"ImageObject\",\"inLanguage\":\"sq-AL\",\"@id\":\"https:\\\/\\\/fjala.info\\\/2009-2015\\\/wp-content\\\/uploads\\\/2012\\\/02\\\/arben_cokaj-120x150.jpg\",\"url\":\"https:\\\/\\\/fjala.info\\\/2009-2015\\\/wp-content\\\/uploads\\\/2012\\\/02\\\/arben_cokaj-120x150.jpg\",\"contentUrl\":\"https:\\\/\\\/fjala.info\\\/2009-2015\\\/wp-content\\\/uploads\\\/2012\\\/02\\\/arben_cokaj-120x150.jpg\",\"caption\":\"admin\"},\"description\":\"Admin, Fjala e Lir\u00eb\",\"sameAs\":[\"https:\\\/\\\/fjala.info\\\/\"],\"url\":\"https:\\\/\\\/fjala.info\\\/2009-2015\\\/author\\\/admin\\\/\"}]}<\/script>\n<!-- \/ Yoast SEO plugin. -->","yoast_head_json":{"title":"At\u00eb LUIGJ PALAJ - MARTIR I FES\u00cb DHE I ATDHEUT - FjALA e LIR\u00cb - Arkivi","robots":{"index":"index","follow":"follow","max-snippet":"max-snippet:-1","max-image-preview":"max-image-preview:large","max-video-preview":"max-video-preview:-1"},"canonical":"https:\/\/fjala.info\/2009-2015\/ate-luigj-palaj-martir-i-fese-dhe-i-atdheut\/","og_locale":"sq_AL","og_type":"article","og_title":"At\u00eb LUIGJ PALAJ - MARTIR I FES\u00cb DHE I ATDHEUT - FjALA e LIR\u00cb - Arkivi","og_description":"N\u00eb Sh\u00ebngjergj t\u00eb Zymit, m\u00eb 7 mars 1913 Pas maltretimeve q\u00eb ia b\u00ebn\u00eb At\u00eb Luigj Palajt kriminel\u00ebt malazias, e detyruan at\u00eb t\u00eb ecte zbathur n\u00ebp\u00ebr t\u00eb ftoft\u00eb, derisa t\u00eb mos &#8220;pendohej&#8221; p\u00ebr ta l\u00ebn\u00eb fen\u00eb e tij katolike. Pastaj, kinse p\u00ebr ta m\u00ebshiruar i than\u00eb q\u00eb t\u2019i merrte besimtar\u00ebt e vet, por At\u00eb Luigji iu [&hellip;]","og_url":"https:\/\/fjala.info\/2009-2015\/ate-luigj-palaj-martir-i-fese-dhe-i-atdheut\/","og_site_name":"FjALA e LIR\u00cb - Arkivi","article_published_time":"2012-03-09T07:08:57+00:00","og_image":[{"url":"http:\/\/www.shkoder.net\/images\/fjala\/frrok_kristaj.jpg","type":"","width":"","height":""}],"author":"admin","twitter_card":"summary_large_image","twitter_misc":{"Written by":"admin","Est. reading time":"12 minutes"},"schema":{"@context":"https:\/\/schema.org","@graph":[{"@type":"Article","@id":"https:\/\/fjala.info\/2009-2015\/ate-luigj-palaj-martir-i-fese-dhe-i-atdheut\/#article","isPartOf":{"@id":"https:\/\/fjala.info\/2009-2015\/ate-luigj-palaj-martir-i-fese-dhe-i-atdheut\/"},"author":{"name":"admin","@id":"https:\/\/fjala.info\/2009-2015\/#\/schema\/person\/3aa1163ef05469c496fc94e77611ada2"},"headline":"At\u00eb LUIGJ PALAJ &#8211; MARTIR I FES\u00cb DHE I ATDHEUT","datePublished":"2012-03-09T07:08:57+00:00","mainEntityOfPage":{"@id":"https:\/\/fjala.info\/2009-2015\/ate-luigj-palaj-martir-i-fese-dhe-i-atdheut\/"},"wordCount":2439,"commentCount":0,"publisher":{"@id":"https:\/\/fjala.info\/2009-2015\/#organization"},"image":{"@id":"https:\/\/fjala.info\/2009-2015\/ate-luigj-palaj-martir-i-fese-dhe-i-atdheut\/#primaryimage"},"thumbnailUrl":"http:\/\/www.shkoder.net\/images\/fjala\/frrok_kristaj.jpg","articleSection":["Artikuj"],"inLanguage":"sq-AL","potentialAction":[{"@type":"CommentAction","name":"Comment","target":["https:\/\/fjala.info\/2009-2015\/ate-luigj-palaj-martir-i-fese-dhe-i-atdheut\/#respond"]}]},{"@type":"WebPage","@id":"https:\/\/fjala.info\/2009-2015\/ate-luigj-palaj-martir-i-fese-dhe-i-atdheut\/","url":"https:\/\/fjala.info\/2009-2015\/ate-luigj-palaj-martir-i-fese-dhe-i-atdheut\/","name":"At\u00eb LUIGJ PALAJ - MARTIR I FES\u00cb DHE I ATDHEUT - FjALA e LIR\u00cb - Arkivi","isPartOf":{"@id":"https:\/\/fjala.info\/2009-2015\/#website"},"primaryImageOfPage":{"@id":"https:\/\/fjala.info\/2009-2015\/ate-luigj-palaj-martir-i-fese-dhe-i-atdheut\/#primaryimage"},"image":{"@id":"https:\/\/fjala.info\/2009-2015\/ate-luigj-palaj-martir-i-fese-dhe-i-atdheut\/#primaryimage"},"thumbnailUrl":"http:\/\/www.shkoder.net\/images\/fjala\/frrok_kristaj.jpg","datePublished":"2012-03-09T07:08:57+00:00","breadcrumb":{"@id":"https:\/\/fjala.info\/2009-2015\/ate-luigj-palaj-martir-i-fese-dhe-i-atdheut\/#breadcrumb"},"inLanguage":"sq-AL","potentialAction":[{"@type":"ReadAction","target":["https:\/\/fjala.info\/2009-2015\/ate-luigj-palaj-martir-i-fese-dhe-i-atdheut\/"]}]},{"@type":"ImageObject","inLanguage":"sq-AL","@id":"https:\/\/fjala.info\/2009-2015\/ate-luigj-palaj-martir-i-fese-dhe-i-atdheut\/#primaryimage","url":"http:\/\/www.shkoder.net\/images\/fjala\/frrok_kristaj.jpg","contentUrl":"http:\/\/www.shkoder.net\/images\/fjala\/frrok_kristaj.jpg"},{"@type":"BreadcrumbList","@id":"https:\/\/fjala.info\/2009-2015\/ate-luigj-palaj-martir-i-fese-dhe-i-atdheut\/#breadcrumb","itemListElement":[{"@type":"ListItem","position":1,"name":"Home","item":"https:\/\/fjala.info\/2009-2015\/"},{"@type":"ListItem","position":2,"name":"At\u00eb LUIGJ PALAJ &#8211; MARTIR I FES\u00cb DHE I ATDHEUT"}]},{"@type":"WebSite","@id":"https:\/\/fjala.info\/2009-2015\/#website","url":"https:\/\/fjala.info\/2009-2015\/","name":"FjALA e LIR\u00cb - Arkivi","description":"Arkivi 2009-2015","publisher":{"@id":"https:\/\/fjala.info\/2009-2015\/#organization"},"potentialAction":[{"@type":"SearchAction","target":{"@type":"EntryPoint","urlTemplate":"https:\/\/fjala.info\/2009-2015\/?s={search_term_string}"},"query-input":{"@type":"PropertyValueSpecification","valueRequired":true,"valueName":"search_term_string"}}],"inLanguage":"sq-AL"},{"@type":"Organization","@id":"https:\/\/fjala.info\/2009-2015\/#organization","name":"FjALA e LIR\u00cb - Arkivi","url":"https:\/\/fjala.info\/2009-2015\/","logo":{"@type":"ImageObject","inLanguage":"sq-AL","@id":"https:\/\/fjala.info\/2009-2015\/#\/schema\/logo\/image\/","url":"","contentUrl":"","caption":"FjALA e LIR\u00cb - Arkivi"},"image":{"@id":"https:\/\/fjala.info\/2009-2015\/#\/schema\/logo\/image\/"}},{"@type":"Person","@id":"https:\/\/fjala.info\/2009-2015\/#\/schema\/person\/3aa1163ef05469c496fc94e77611ada2","name":"admin","image":{"@type":"ImageObject","inLanguage":"sq-AL","@id":"https:\/\/fjala.info\/2009-2015\/wp-content\/uploads\/2012\/02\/arben_cokaj-120x150.jpg","url":"https:\/\/fjala.info\/2009-2015\/wp-content\/uploads\/2012\/02\/arben_cokaj-120x150.jpg","contentUrl":"https:\/\/fjala.info\/2009-2015\/wp-content\/uploads\/2012\/02\/arben_cokaj-120x150.jpg","caption":"admin"},"description":"Admin, Fjala e Lir\u00eb","sameAs":["https:\/\/fjala.info\/"],"url":"https:\/\/fjala.info\/2009-2015\/author\/admin\/"}]}},"_links":{"self":[{"href":"https:\/\/fjala.info\/2009-2015\/wp-json\/wp\/v2\/posts\/2091","targetHints":{"allow":["GET"]}}],"collection":[{"href":"https:\/\/fjala.info\/2009-2015\/wp-json\/wp\/v2\/posts"}],"about":[{"href":"https:\/\/fjala.info\/2009-2015\/wp-json\/wp\/v2\/types\/post"}],"author":[{"embeddable":true,"href":"https:\/\/fjala.info\/2009-2015\/wp-json\/wp\/v2\/users\/1"}],"replies":[{"embeddable":true,"href":"https:\/\/fjala.info\/2009-2015\/wp-json\/wp\/v2\/comments?post=2091"}],"version-history":[{"count":0,"href":"https:\/\/fjala.info\/2009-2015\/wp-json\/wp\/v2\/posts\/2091\/revisions"}],"wp:attachment":[{"href":"https:\/\/fjala.info\/2009-2015\/wp-json\/wp\/v2\/media?parent=2091"}],"wp:term":[{"taxonomy":"category","embeddable":true,"href":"https:\/\/fjala.info\/2009-2015\/wp-json\/wp\/v2\/categories?post=2091"},{"taxonomy":"post_tag","embeddable":true,"href":"https:\/\/fjala.info\/2009-2015\/wp-json\/wp\/v2\/tags?post=2091"}],"curies":[{"name":"wp","href":"https:\/\/api.w.org\/{rel}","templated":true}]}}