{"id":2089,"date":"2012-03-09T07:22:20","date_gmt":"2012-03-09T06:22:20","guid":{"rendered":"http:\/\/fjala.shkoder.net\/?p=2089"},"modified":"2012-03-09T07:22:20","modified_gmt":"2012-03-09T06:22:20","slug":"gjergj-meta-dialog-integrues","status":"publish","type":"post","link":"https:\/\/fjala.info\/2009-2015\/gjergj-meta-dialog-integrues\/","title":{"rendered":"GJERGJ META: Dialog integrues"},"content":{"rendered":"<p><img decoding=\"async\" class=\"alignright size-thumbnail wp-image-7236\" title=\"Dom Gjergj Meta\" src=\"http:\/\/www.shkoder.net\/2012\/dom_gjergj_meta.jpg\" alt=\"\" width=\"200\" \/> Europa dhe institucionet e saj, ose e l\u00ebn\u00eb q\u00ebllimisht me kaq vler\u00ebsimin e tyre, ose e n\u00ebnvleft\u00ebsojn\u00eb situat\u00ebn kur thon\u00eb se mungesa e dialogut mes forcave politike po vonon integrimin. N\u00eb t\u00eb v\u00ebrtet\u00eb, nuk \u00ebsht\u00eb mungesa e dialogut ajo q\u00eb p\u00ebrb\u00ebn problem, por akoma me thell\u00eb, mungesa e konceptit t\u00eb dialogut, q\u00eb nuk \u00ebsht\u00eb vet\u00ebm nj\u00eb fakt i politik\u00ebs, por p\u00ebrfshin mbar\u00eb shoq\u00ebrin\u00eb shqiptare. Kjo munges\u00eb e konceptit t\u00eb dialogut e ka zanafill\u00ebn n\u00eb dy sistemet q\u00eb ne kemi kaluar, ai otoman dhe ai komunist. Dy sisteme q\u00eb me logos-in nuk kan\u00eb pasur familjaritet.<\/p>\n<p>I pari solli gati shfarosjen, n\u00eb mend\u00ebsin\u00eb e njer\u00ebzve, t\u00eb \u00e7do gjurme q\u00eb kishte t\u00eb b\u00ebnte me kultur\u00ebn per\u00ebndimore, e cila \u00ebsht\u00eb kultura e logos-it e i dyti e reduktoi logos-in vet\u00ebm n\u00eb fjal\u00ebn e partis\u00eb, e n\u00eb rastin m\u00eb t\u00eb mir\u00eb n\u00eb nj\u00eb shkenc\u00eb q\u00eb studion vet\u00ebm t\u00eb limitueshmen, pa nj\u00eb hapje ndaj metafizik\u00ebs. Kjo p\u00ebrdhosje q\u00eb iu b\u00eb logos-it, si reflektim i lir\u00eb i njeriut t\u00eb lir\u00eb, ka l\u00ebn\u00eb pasoja t\u00eb shumta n\u00eb mendjen dhe shpirtrat e shqiptar\u00ebve. Jo se shqiptar\u00ebt nuk jan\u00eb t\u00eb aft\u00eb p\u00ebr dialog, p\u00ebr logos, por sepse propaganda dhe koha e gjat\u00eb e sundimit t\u00eb dy sistemeve ndikoi dhunsh\u00ebm n\u00eb k\u00ebt\u00eb proces.<\/p>\n<p>N\u00eb fakt, shqiptar\u00ebt, kur jetojn\u00eb, punojn\u00eb e studiojn\u00eb n\u00eb Europ\u00eb jan\u00eb t\u00eb mirintegruar, por sapo v\u00ebn\u00eb k\u00ebmb\u00ebn n\u00eb tok\u00eb shqiptare, b\u00ebhen pjes\u00eb e nj\u00eb mekanizmi q\u00eb i g\u00eblltit n\u00eb vorbull\u00ebn e tij. Sot Europa nuk ka partner n\u00eb Shqip\u00ebri, sepse nuk ka me k\u00eb t\u00eb dialogoj\u00eb dhe at\u00ebher\u00eb kur mendohet se dialogohet, n\u00eb t\u00eb v\u00ebrtet\u00eb i jepet k\u00ebtij termi vet\u00ebm nj\u00eb natyr\u00eb funksionale dhe burokratike, e ka t\u00eb b\u00ebj\u00eb me nj\u00eb s\u00ebr\u00eb standardesh vet\u00ebm t\u00eb jashtme dhe teknike.<\/p>\n<p>Ka gjasa q\u00eb integrimi t\u00eb vonohet p\u00ebr shkak t\u00eb nj\u00eb mend\u00ebsie \u201cbajraktare\u201d. Secili vuan n\u00eb t\u00eb v\u00ebrtet\u00eb q\u00eb t\u00eb val\u00ebvis\u00eb nj\u00eb t\u00eb nes\u00ebrme flamurin (bajrakun) e integrimit t\u00eb vendit. E prandaj jemi spektator\u00eb t\u00eb vonesave, pengesave, trilleve e maskaradave mediatike e virtuale duke e hedhur fajin sa andej e k\u00ebndej, sa te nj\u00ebri e sa te tjetri. N\u00eb fund t\u00eb fundit, ende ne punojm\u00eb p\u00ebr pak njer\u00ebz q\u00eb do ta \u00e7ojn\u00eb Shqip\u00ebrin\u00eb n\u00eb Europ\u00eb dhe askush nuk mendon se jan\u00eb t\u00eb gjith\u00eb shqiptar\u00ebt q\u00eb duan t\u00eb shkojn\u00eb atje dhe se merita duhet t\u2019u shkruhet t\u00eb gjith\u00eb shqiptar\u00ebve, dhe jo nj\u00eb grupi njer\u00ebzish.<\/p>\n<p>Ja pse dialogu n\u00eb Shqip\u00ebri nuk \u00ebsht\u00eb i mundur, sepse dialog do t\u00eb thot\u00eb t\u00eb pranosh arsyet e tjetrit, t\u00eb vendos\u00ebsh n\u00eb themel t\u00eb v\u00ebrtet\u00ebn, e cila b\u00ebn njer\u00ebz t\u00eb lir\u00eb dhe t\u00eb ec\u00ebsh s\u00eb bashku me t\u00eb tjer\u00ebt. Ja pse sheh t\u00eb rinj e t\u00eb reja t\u00eb p\u00ebrfshir\u00eb n\u00eb jet\u00ebn publike dhe politike t\u00eb vendit q\u00eb vjellin vrer nga goja, ushqejn\u00eb urrejtje, fyejn\u00eb n\u00eb \u201csermonet\u201d e tyre kund\u00ebrshtar\u00ebt politik\u00eb. Nj\u00eb gjuh\u00eb e urrejtjes dhe e dhun\u00ebs \u00ebsht\u00eb kund\u00ebr natyr\u00ebs s\u00eb v\u00ebrtet\u00eb t\u00eb dialogut (t\u00eb logos-it).<\/p>\n<p>Raporti me logos-in \u00ebsht\u00eb raporti me t\u00eb v\u00ebrtet\u00ebn, e s\u00eb pari me t\u00eb v\u00ebrtet\u00ebn e vetes dhe s\u00eb kaluar\u00ebs vetjake. Dialogu, para se t\u00eb jet\u00eb nj\u00eb bised\u00eb, \u00ebsht\u00eb nj\u00eb reflektim e gj\u00ebja e par\u00eb q\u00eb njeriu reflekton \u00ebsht\u00eb vetja e tij. Ja pse lustracioni \u00ebsht\u00eb vet\u00ebm nj\u00eb hap i par\u00eb i nevojsh\u00ebm drejt s\u00eb v\u00ebrtet\u00ebs. Atij duhet t\u2019i pasoj\u00eb nj\u00eb konvertim i mendjes, nj\u00eb hapje ndaj logos-it si arsye, arsyetim, v\u00ebrtet\u00ebsi, reflektim q\u00eb do t\u00eb formoj\u00eb njer\u00ebz t\u00eb aft\u00eb t\u00eb p\u00ebrballen, dhe jo t\u00eb p\u00ebrplasen, t\u00eb dialogojn\u00eb, jo t\u00eb shajn\u00eb, t\u00eb jen\u00eb t\u00eb p\u00ebrgjegjsh\u00ebm, jo ta hedhin gjithnj\u00eb fajin larg vetes.<\/p>\n<p>Europa \u00ebsht\u00eb djepi q\u00eb ka rritur logos-in dhe ky logos nuk \u00ebsht\u00eb nj\u00eb rrobe q\u00eb kur je n\u00eb Europ\u00eb e vesh dhe kur je n\u00eb Shqip\u00ebri e nd\u00ebrron me nj\u00eb tjet\u00ebr. Logos-i \u00ebsht\u00eb ashti, konstitucioni m\u00eb i thell\u00eb i njeriut europian q\u00eb aty ka gati 3000 vjet jet\u00eb. Mbetjet e nj\u00eb sistemi anadollak dhe komunist e sulmojn\u00eb dialogun, sepse m\u00eb fort besojn\u00eb te sundimi dhe shkat\u00ebrrimi i kund\u00ebrshtarit, sesa te mund\u00ebsia e pun\u00ebs s\u00eb p\u00ebrbashk\u00ebt p\u00ebr nj\u00eb t\u00eb ardhme m\u00eb t\u00eb mir\u00eb.<\/p>\n<p>Logos do t\u00eb thot\u00eb fjal\u00eb e arsye nj\u00ebher\u00ebsh \u2013 nj\u00eb arsye q\u00eb krijon dhe \u00ebsht\u00eb e aft\u00eb t\u00eb komunikoj\u00eb. K\u00ebshtu e kan\u00eb konceptuar logos-in t\u00eb lasht\u00ebt. Komunikim ka n\u00eb thelb fjal\u00ebn communio, bashkim i thell\u00eb shpirtrash, mendjesh e zemrash n\u00eb em\u00ebr t\u00eb di\u00e7kaje m\u00eb t\u00eb madhe\u2026 at\u00eb \u00e7ka me t\u00eb v\u00ebrtet\u00eb i urojm\u00eb vetes si shqiptar\u00eb, p\u00ebr t\u2019u marr\u00eb vesh e p\u00ebr t\u00eb ecur s\u00eb bashku drejt nj\u00eb t\u00eb ardhme m\u00eb t\u00eb mir\u00eb.<\/p>\n<p><em>Gazeta PANORAMA<\/em><\/p>\n","protected":false},"excerpt":{"rendered":"<p>Europa dhe institucionet e saj, ose e l\u00ebn\u00eb q\u00ebllimisht me kaq vler\u00ebsimin e tyre, ose e n\u00ebnvleft\u00ebsojn\u00eb situat\u00ebn kur thon\u00eb se mungesa e dialogut mes forcave politike po vonon integrimin. N\u00eb t\u00eb v\u00ebrtet\u00eb, nuk \u00ebsht\u00eb mungesa e dialogut ajo q\u00eb p\u00ebrb\u00ebn problem, por akoma me thell\u00eb, mungesa e konceptit t\u00eb dialogut, q\u00eb nuk \u00ebsht\u00eb vet\u00ebm [&hellip;]<\/p>\n","protected":false},"author":1,"featured_media":0,"comment_status":"open","ping_status":"closed","sticky":false,"template":"","format":"standard","meta":{"footnotes":""},"categories":[2],"tags":[],"class_list":{"0":"post-2089","1":"post","2":"type-post","3":"status-publish","4":"format-standard","6":"category-artikuj"},"yoast_head":"<!-- This site is optimized with the Yoast SEO plugin v27.4 - https:\/\/yoast.com\/product\/yoast-seo-wordpress\/ -->\n<title>GJERGJ META: Dialog integrues - FjALA e LIR\u00cb - Arkivi<\/title>\n<meta name=\"robots\" content=\"index, follow, max-snippet:-1, max-image-preview:large, max-video-preview:-1\" \/>\n<link rel=\"canonical\" href=\"https:\/\/fjala.info\/2009-2015\/gjergj-meta-dialog-integrues\/\" \/>\n<meta property=\"og:locale\" content=\"sq_AL\" \/>\n<meta property=\"og:type\" content=\"article\" \/>\n<meta property=\"og:title\" content=\"GJERGJ META: Dialog integrues - FjALA e LIR\u00cb - Arkivi\" \/>\n<meta property=\"og:description\" content=\"Europa dhe institucionet e saj, ose e l\u00ebn\u00eb q\u00ebllimisht me kaq vler\u00ebsimin e tyre, ose e n\u00ebnvleft\u00ebsojn\u00eb situat\u00ebn kur thon\u00eb se mungesa e dialogut mes forcave politike po vonon integrimin. N\u00eb t\u00eb v\u00ebrtet\u00eb, nuk \u00ebsht\u00eb mungesa e dialogut ajo q\u00eb p\u00ebrb\u00ebn problem, por akoma me thell\u00eb, mungesa e konceptit t\u00eb dialogut, q\u00eb nuk \u00ebsht\u00eb vet\u00ebm [&hellip;]\" \/>\n<meta property=\"og:url\" content=\"https:\/\/fjala.info\/2009-2015\/gjergj-meta-dialog-integrues\/\" \/>\n<meta property=\"og:site_name\" content=\"FjALA e LIR\u00cb - Arkivi\" \/>\n<meta property=\"article:published_time\" content=\"2012-03-09T06:22:20+00:00\" \/>\n<meta property=\"og:image\" content=\"http:\/\/www.shkoder.net\/2012\/dom_gjergj_meta.jpg\" \/>\n<meta name=\"author\" content=\"admin\" \/>\n<meta name=\"twitter:card\" content=\"summary_large_image\" \/>\n<meta name=\"twitter:label1\" content=\"Written by\" \/>\n\t<meta name=\"twitter:data1\" content=\"admin\" \/>\n\t<meta name=\"twitter:label2\" content=\"Est. reading time\" \/>\n\t<meta name=\"twitter:data2\" content=\"4 minutes\" \/>\n<script type=\"application\/ld+json\" class=\"yoast-schema-graph\">{\"@context\":\"https:\\\/\\\/schema.org\",\"@graph\":[{\"@type\":\"Article\",\"@id\":\"https:\\\/\\\/fjala.info\\\/2009-2015\\\/gjergj-meta-dialog-integrues\\\/#article\",\"isPartOf\":{\"@id\":\"https:\\\/\\\/fjala.info\\\/2009-2015\\\/gjergj-meta-dialog-integrues\\\/\"},\"author\":{\"name\":\"admin\",\"@id\":\"https:\\\/\\\/fjala.info\\\/2009-2015\\\/#\\\/schema\\\/person\\\/3aa1163ef05469c496fc94e77611ada2\"},\"headline\":\"GJERGJ META: Dialog integrues\",\"datePublished\":\"2012-03-09T06:22:20+00:00\",\"mainEntityOfPage\":{\"@id\":\"https:\\\/\\\/fjala.info\\\/2009-2015\\\/gjergj-meta-dialog-integrues\\\/\"},\"wordCount\":843,\"commentCount\":0,\"publisher\":{\"@id\":\"https:\\\/\\\/fjala.info\\\/2009-2015\\\/#organization\"},\"image\":{\"@id\":\"https:\\\/\\\/fjala.info\\\/2009-2015\\\/gjergj-meta-dialog-integrues\\\/#primaryimage\"},\"thumbnailUrl\":\"http:\\\/\\\/www.shkoder.net\\\/2012\\\/dom_gjergj_meta.jpg\",\"articleSection\":[\"Artikuj\"],\"inLanguage\":\"sq-AL\",\"potentialAction\":[{\"@type\":\"CommentAction\",\"name\":\"Comment\",\"target\":[\"https:\\\/\\\/fjala.info\\\/2009-2015\\\/gjergj-meta-dialog-integrues\\\/#respond\"]}]},{\"@type\":\"WebPage\",\"@id\":\"https:\\\/\\\/fjala.info\\\/2009-2015\\\/gjergj-meta-dialog-integrues\\\/\",\"url\":\"https:\\\/\\\/fjala.info\\\/2009-2015\\\/gjergj-meta-dialog-integrues\\\/\",\"name\":\"GJERGJ META: Dialog integrues - FjALA e LIR\u00cb - Arkivi\",\"isPartOf\":{\"@id\":\"https:\\\/\\\/fjala.info\\\/2009-2015\\\/#website\"},\"primaryImageOfPage\":{\"@id\":\"https:\\\/\\\/fjala.info\\\/2009-2015\\\/gjergj-meta-dialog-integrues\\\/#primaryimage\"},\"image\":{\"@id\":\"https:\\\/\\\/fjala.info\\\/2009-2015\\\/gjergj-meta-dialog-integrues\\\/#primaryimage\"},\"thumbnailUrl\":\"http:\\\/\\\/www.shkoder.net\\\/2012\\\/dom_gjergj_meta.jpg\",\"datePublished\":\"2012-03-09T06:22:20+00:00\",\"breadcrumb\":{\"@id\":\"https:\\\/\\\/fjala.info\\\/2009-2015\\\/gjergj-meta-dialog-integrues\\\/#breadcrumb\"},\"inLanguage\":\"sq-AL\",\"potentialAction\":[{\"@type\":\"ReadAction\",\"target\":[\"https:\\\/\\\/fjala.info\\\/2009-2015\\\/gjergj-meta-dialog-integrues\\\/\"]}]},{\"@type\":\"ImageObject\",\"inLanguage\":\"sq-AL\",\"@id\":\"https:\\\/\\\/fjala.info\\\/2009-2015\\\/gjergj-meta-dialog-integrues\\\/#primaryimage\",\"url\":\"http:\\\/\\\/www.shkoder.net\\\/2012\\\/dom_gjergj_meta.jpg\",\"contentUrl\":\"http:\\\/\\\/www.shkoder.net\\\/2012\\\/dom_gjergj_meta.jpg\"},{\"@type\":\"BreadcrumbList\",\"@id\":\"https:\\\/\\\/fjala.info\\\/2009-2015\\\/gjergj-meta-dialog-integrues\\\/#breadcrumb\",\"itemListElement\":[{\"@type\":\"ListItem\",\"position\":1,\"name\":\"Home\",\"item\":\"https:\\\/\\\/fjala.info\\\/2009-2015\\\/\"},{\"@type\":\"ListItem\",\"position\":2,\"name\":\"GJERGJ META: Dialog integrues\"}]},{\"@type\":\"WebSite\",\"@id\":\"https:\\\/\\\/fjala.info\\\/2009-2015\\\/#website\",\"url\":\"https:\\\/\\\/fjala.info\\\/2009-2015\\\/\",\"name\":\"FjALA e LIR\u00cb - Arkivi\",\"description\":\"Arkivi 2009-2015\",\"publisher\":{\"@id\":\"https:\\\/\\\/fjala.info\\\/2009-2015\\\/#organization\"},\"potentialAction\":[{\"@type\":\"SearchAction\",\"target\":{\"@type\":\"EntryPoint\",\"urlTemplate\":\"https:\\\/\\\/fjala.info\\\/2009-2015\\\/?s={search_term_string}\"},\"query-input\":{\"@type\":\"PropertyValueSpecification\",\"valueRequired\":true,\"valueName\":\"search_term_string\"}}],\"inLanguage\":\"sq-AL\"},{\"@type\":\"Organization\",\"@id\":\"https:\\\/\\\/fjala.info\\\/2009-2015\\\/#organization\",\"name\":\"FjALA e LIR\u00cb - Arkivi\",\"url\":\"https:\\\/\\\/fjala.info\\\/2009-2015\\\/\",\"logo\":{\"@type\":\"ImageObject\",\"inLanguage\":\"sq-AL\",\"@id\":\"https:\\\/\\\/fjala.info\\\/2009-2015\\\/#\\\/schema\\\/logo\\\/image\\\/\",\"url\":\"\",\"contentUrl\":\"\",\"caption\":\"FjALA e LIR\u00cb - Arkivi\"},\"image\":{\"@id\":\"https:\\\/\\\/fjala.info\\\/2009-2015\\\/#\\\/schema\\\/logo\\\/image\\\/\"}},{\"@type\":\"Person\",\"@id\":\"https:\\\/\\\/fjala.info\\\/2009-2015\\\/#\\\/schema\\\/person\\\/3aa1163ef05469c496fc94e77611ada2\",\"name\":\"admin\",\"image\":{\"@type\":\"ImageObject\",\"inLanguage\":\"sq-AL\",\"@id\":\"https:\\\/\\\/fjala.info\\\/2009-2015\\\/wp-content\\\/uploads\\\/2012\\\/02\\\/arben_cokaj-120x150.jpg\",\"url\":\"https:\\\/\\\/fjala.info\\\/2009-2015\\\/wp-content\\\/uploads\\\/2012\\\/02\\\/arben_cokaj-120x150.jpg\",\"contentUrl\":\"https:\\\/\\\/fjala.info\\\/2009-2015\\\/wp-content\\\/uploads\\\/2012\\\/02\\\/arben_cokaj-120x150.jpg\",\"caption\":\"admin\"},\"description\":\"Admin, Fjala e Lir\u00eb\",\"sameAs\":[\"https:\\\/\\\/fjala.info\\\/\"],\"url\":\"https:\\\/\\\/fjala.info\\\/2009-2015\\\/author\\\/admin\\\/\"}]}<\/script>\n<!-- \/ Yoast SEO plugin. -->","yoast_head_json":{"title":"GJERGJ META: Dialog integrues - FjALA e LIR\u00cb - Arkivi","robots":{"index":"index","follow":"follow","max-snippet":"max-snippet:-1","max-image-preview":"max-image-preview:large","max-video-preview":"max-video-preview:-1"},"canonical":"https:\/\/fjala.info\/2009-2015\/gjergj-meta-dialog-integrues\/","og_locale":"sq_AL","og_type":"article","og_title":"GJERGJ META: Dialog integrues - FjALA e LIR\u00cb - Arkivi","og_description":"Europa dhe institucionet e saj, ose e l\u00ebn\u00eb q\u00ebllimisht me kaq vler\u00ebsimin e tyre, ose e n\u00ebnvleft\u00ebsojn\u00eb situat\u00ebn kur thon\u00eb se mungesa e dialogut mes forcave politike po vonon integrimin. N\u00eb t\u00eb v\u00ebrtet\u00eb, nuk \u00ebsht\u00eb mungesa e dialogut ajo q\u00eb p\u00ebrb\u00ebn problem, por akoma me thell\u00eb, mungesa e konceptit t\u00eb dialogut, q\u00eb nuk \u00ebsht\u00eb vet\u00ebm [&hellip;]","og_url":"https:\/\/fjala.info\/2009-2015\/gjergj-meta-dialog-integrues\/","og_site_name":"FjALA e LIR\u00cb - Arkivi","article_published_time":"2012-03-09T06:22:20+00:00","og_image":[{"url":"http:\/\/www.shkoder.net\/2012\/dom_gjergj_meta.jpg","type":"","width":"","height":""}],"author":"admin","twitter_card":"summary_large_image","twitter_misc":{"Written by":"admin","Est. reading time":"4 minutes"},"schema":{"@context":"https:\/\/schema.org","@graph":[{"@type":"Article","@id":"https:\/\/fjala.info\/2009-2015\/gjergj-meta-dialog-integrues\/#article","isPartOf":{"@id":"https:\/\/fjala.info\/2009-2015\/gjergj-meta-dialog-integrues\/"},"author":{"name":"admin","@id":"https:\/\/fjala.info\/2009-2015\/#\/schema\/person\/3aa1163ef05469c496fc94e77611ada2"},"headline":"GJERGJ META: Dialog integrues","datePublished":"2012-03-09T06:22:20+00:00","mainEntityOfPage":{"@id":"https:\/\/fjala.info\/2009-2015\/gjergj-meta-dialog-integrues\/"},"wordCount":843,"commentCount":0,"publisher":{"@id":"https:\/\/fjala.info\/2009-2015\/#organization"},"image":{"@id":"https:\/\/fjala.info\/2009-2015\/gjergj-meta-dialog-integrues\/#primaryimage"},"thumbnailUrl":"http:\/\/www.shkoder.net\/2012\/dom_gjergj_meta.jpg","articleSection":["Artikuj"],"inLanguage":"sq-AL","potentialAction":[{"@type":"CommentAction","name":"Comment","target":["https:\/\/fjala.info\/2009-2015\/gjergj-meta-dialog-integrues\/#respond"]}]},{"@type":"WebPage","@id":"https:\/\/fjala.info\/2009-2015\/gjergj-meta-dialog-integrues\/","url":"https:\/\/fjala.info\/2009-2015\/gjergj-meta-dialog-integrues\/","name":"GJERGJ META: Dialog integrues - FjALA e LIR\u00cb - Arkivi","isPartOf":{"@id":"https:\/\/fjala.info\/2009-2015\/#website"},"primaryImageOfPage":{"@id":"https:\/\/fjala.info\/2009-2015\/gjergj-meta-dialog-integrues\/#primaryimage"},"image":{"@id":"https:\/\/fjala.info\/2009-2015\/gjergj-meta-dialog-integrues\/#primaryimage"},"thumbnailUrl":"http:\/\/www.shkoder.net\/2012\/dom_gjergj_meta.jpg","datePublished":"2012-03-09T06:22:20+00:00","breadcrumb":{"@id":"https:\/\/fjala.info\/2009-2015\/gjergj-meta-dialog-integrues\/#breadcrumb"},"inLanguage":"sq-AL","potentialAction":[{"@type":"ReadAction","target":["https:\/\/fjala.info\/2009-2015\/gjergj-meta-dialog-integrues\/"]}]},{"@type":"ImageObject","inLanguage":"sq-AL","@id":"https:\/\/fjala.info\/2009-2015\/gjergj-meta-dialog-integrues\/#primaryimage","url":"http:\/\/www.shkoder.net\/2012\/dom_gjergj_meta.jpg","contentUrl":"http:\/\/www.shkoder.net\/2012\/dom_gjergj_meta.jpg"},{"@type":"BreadcrumbList","@id":"https:\/\/fjala.info\/2009-2015\/gjergj-meta-dialog-integrues\/#breadcrumb","itemListElement":[{"@type":"ListItem","position":1,"name":"Home","item":"https:\/\/fjala.info\/2009-2015\/"},{"@type":"ListItem","position":2,"name":"GJERGJ META: Dialog integrues"}]},{"@type":"WebSite","@id":"https:\/\/fjala.info\/2009-2015\/#website","url":"https:\/\/fjala.info\/2009-2015\/","name":"FjALA e LIR\u00cb - Arkivi","description":"Arkivi 2009-2015","publisher":{"@id":"https:\/\/fjala.info\/2009-2015\/#organization"},"potentialAction":[{"@type":"SearchAction","target":{"@type":"EntryPoint","urlTemplate":"https:\/\/fjala.info\/2009-2015\/?s={search_term_string}"},"query-input":{"@type":"PropertyValueSpecification","valueRequired":true,"valueName":"search_term_string"}}],"inLanguage":"sq-AL"},{"@type":"Organization","@id":"https:\/\/fjala.info\/2009-2015\/#organization","name":"FjALA e LIR\u00cb - Arkivi","url":"https:\/\/fjala.info\/2009-2015\/","logo":{"@type":"ImageObject","inLanguage":"sq-AL","@id":"https:\/\/fjala.info\/2009-2015\/#\/schema\/logo\/image\/","url":"","contentUrl":"","caption":"FjALA e LIR\u00cb - Arkivi"},"image":{"@id":"https:\/\/fjala.info\/2009-2015\/#\/schema\/logo\/image\/"}},{"@type":"Person","@id":"https:\/\/fjala.info\/2009-2015\/#\/schema\/person\/3aa1163ef05469c496fc94e77611ada2","name":"admin","image":{"@type":"ImageObject","inLanguage":"sq-AL","@id":"https:\/\/fjala.info\/2009-2015\/wp-content\/uploads\/2012\/02\/arben_cokaj-120x150.jpg","url":"https:\/\/fjala.info\/2009-2015\/wp-content\/uploads\/2012\/02\/arben_cokaj-120x150.jpg","contentUrl":"https:\/\/fjala.info\/2009-2015\/wp-content\/uploads\/2012\/02\/arben_cokaj-120x150.jpg","caption":"admin"},"description":"Admin, Fjala e Lir\u00eb","sameAs":["https:\/\/fjala.info\/"],"url":"https:\/\/fjala.info\/2009-2015\/author\/admin\/"}]}},"_links":{"self":[{"href":"https:\/\/fjala.info\/2009-2015\/wp-json\/wp\/v2\/posts\/2089","targetHints":{"allow":["GET"]}}],"collection":[{"href":"https:\/\/fjala.info\/2009-2015\/wp-json\/wp\/v2\/posts"}],"about":[{"href":"https:\/\/fjala.info\/2009-2015\/wp-json\/wp\/v2\/types\/post"}],"author":[{"embeddable":true,"href":"https:\/\/fjala.info\/2009-2015\/wp-json\/wp\/v2\/users\/1"}],"replies":[{"embeddable":true,"href":"https:\/\/fjala.info\/2009-2015\/wp-json\/wp\/v2\/comments?post=2089"}],"version-history":[{"count":0,"href":"https:\/\/fjala.info\/2009-2015\/wp-json\/wp\/v2\/posts\/2089\/revisions"}],"wp:attachment":[{"href":"https:\/\/fjala.info\/2009-2015\/wp-json\/wp\/v2\/media?parent=2089"}],"wp:term":[{"taxonomy":"category","embeddable":true,"href":"https:\/\/fjala.info\/2009-2015\/wp-json\/wp\/v2\/categories?post=2089"},{"taxonomy":"post_tag","embeddable":true,"href":"https:\/\/fjala.info\/2009-2015\/wp-json\/wp\/v2\/tags?post=2089"}],"curies":[{"name":"wp","href":"https:\/\/api.w.org\/{rel}","templated":true}]}}