{"id":2086,"date":"2012-03-08T20:36:26","date_gmt":"2012-03-08T19:36:26","guid":{"rendered":"http:\/\/fjala.shkoder.net\/?p=2086"},"modified":"2012-03-08T20:36:26","modified_gmt":"2012-03-08T19:36:26","slug":"nje-kryeminister-zvarre-pas-vdekjes","status":"publish","type":"post","link":"https:\/\/fjala.info\/2009-2015\/nje-kryeminister-zvarre-pas-vdekjes\/","title":{"rendered":"Nj\u00eb kryeminist\u00ebr zvarr\u00eb pas vdekjes"},"content":{"rendered":"<p><img decoding=\"async\" class=\"alignright size-thumbnail wp-image-7236\" title=\"Sali Berisha\" src=\"http:\/\/www.shkoder.net\/2012\/sali_berisha_flamur.jpg\" alt=\"\" width=\"300\" \/> Nga <strong>Iliran Blloshmi<\/strong>, <em>5 Mars 2012<\/em><\/p>\n<p>Nuk do isha ulur t\u00eb shkruaja k\u00ebto rreshta po t\u00eb mos ndjeja keqardhjen p\u00ebr shqiptar\u00ebt. N\u00eb rrethanat kur Shqip\u00ebria \u00ebsht\u00eb nj\u00eb vend i vog\u00ebl, pothuajse pa infrastruktur\u00eb, me nj\u00eb kapital njer\u00ebzor q\u00eb po i varf\u00ebrohet \u00e7do dit\u00eb, dhe me nj\u00eb shoq\u00ebri as t\u00eb motivuar, as t\u00eb frym\u00ebzuar p\u00ebr t\u00eb ardhmen, m\u00eb duket se nuk ka vend t\u00eb flitet me buj\u00eb p\u00ebr sovranitet. Gati 1\/2 shqiptareve jan\u00eb pa pune dhe af\u00ebrsisht 1\/3 e popullsis\u00eb jeton e izoluar. Zoti kryeminist\u00ebr, sa her\u00eb shikoj dhe d\u00ebgjoj p\u00ebr lirin\u00eb e fjal\u00ebs me kujtohet filozofi Theodor Adorno n\u00eb nj\u00eb ese t\u00eb shkruar n\u00eb vitin 1949 ku shprehej se \u201cT\u00eb shkruash nj\u00eb poem\u00eb pas Auschwitz-it \u00ebsht\u00eb di\u00e7ka barbare\u201d.<\/p>\n<p>Atyre viteve bota po zbulonte, pak nga pak e d\u00ebshmi pas d\u00ebshmie, tmerrin e persekutimit t\u00eb hebrenjve evropian\u00eb nga Nazizmi dhe eliminimin e tyre masiv n\u00eb kampet hitleriane t\u00eb shfarosjes. Ndon\u00ebse edhe sot e k\u00ebsaj dite komentator\u00ebt nuk jan\u00eb marr\u00eb vesh p\u00ebr \u00e7ka dashur t\u00eb thot\u00eb pik\u00ebrisht Adorno me at\u00eb aforiz\u00ebm, shum\u00ebkush mendon se kuptimi ka t\u00eb b\u00ebj\u00eb disi me pamund\u00ebsin\u00eb p\u00ebr t\u00eb krijuar dhe shijuar art optimist pas katastrof\u00ebs njer\u00ebzore t\u00eb Luft\u00ebs II Bot\u00ebrore.<\/p>\n<p>Zoti kryeminist\u00ebr, nuk dua q\u00eb t\u00eb flas\u00ebsh p\u00ebr ekonomi, nuk dua t\u00eb flas\u00ebsh p\u00ebr sistem drejt\u00ebsie, nuk dua as t\u00eb flas\u00ebsh p\u00ebr takimet e tua me lider\u00ebt e bot\u00ebs, por dua t\u00eb shp\u00ebtosh shqiptar\u00ebt nga kjo fakeq\u00ebsi ka pllakosur vendlindjen time dhe t\u00ebnden bashk\u00eb, nuk dua tu besh keq k\u00ebtyre njer\u00ebzve dhe pse nj\u00eb numri t\u00eb madh njer\u00ebzish u ke b\u00ebr\u00eb nj\u00eb t\u00eb keqe t\u00eb pamas\u00eb, ke shkat\u00ebrruar kushedi sa familje, ke detyruar turma t\u00eb t\u00ebra bashk\u00ebpatriot\u00ebsh t\u00eb braktisin atdheun, ke zhytur n\u00eb zi nj\u00eb num\u00ebr t\u00eb pallogaritsh\u00ebm vatrash, ata q\u00eb ti i quaje armiqt\u00eb e tu i p\u00ebrndoqe pa m\u00ebshir\u00eb, Shqip\u00ebria ime po vdes e s\u00ebmur\u00eb, duke vuajtur d\u00ebbimin, komplikimet e imunologjis\u00eb, efektet e tmerrshme dyt\u00ebsore t\u00eb kurave q\u00eb p\u00ebrpiqesh t\u00eb injektosh ne vendin e shqiponjave qe shqiptaret e duan, organet e saj po shuhen nj\u00eb nga nj\u00eb, aft\u00ebsit\u00eb e saj po e humbasin shk\u00eblqimin q\u00eb i karakterizonte, l\u00ebngjet dhe aromat e saj po grumbullohen n\u00eb qeska plastike.<\/p>\n<p>N\u00eb k\u00ebto momente, para se ty t\u00eb t\u00eb b\u00ebjn\u00eb nj\u00eb injeksion p\u00ebr t\u00eb t\u00eb qet\u00ebsuar sadopak dhimbjet e padurueshme q\u00eb ke, a e ke kuraj\u00ebn t\u00eb thuash se pendohesh? P\u00ebr udh\u00ebtimet n\u00ebp\u00ebr bot\u00eb, p\u00ebr pallatet e mrekullueshme, p\u00ebr makinat 700 mije euro, p\u00ebr luksin e hoteleve me pes\u00eb yje dhe darkat madh\u00ebshtore t\u00eb Shtetit\u2026 A e d\u00ebgjon dot popullin t\u00ebnd, tani, q\u00eb \u00ebsht\u00eb n\u00eb pik\u00eb t\u00eb hallit?\u2026 Apo mendja jote nuk jeton m\u00eb n\u00eb atdheun t\u00ebnd, je n\u00eb tjet\u00ebr bot\u00eb, shum\u00eb larg, ndodhesh mes njer\u00ebzish q\u00eb nuk i njeh\u2026<\/p>\n<p>Po, \u00ebsht\u00eb e v\u00ebrtet\u00eb se je n\u00eb streh\u00ebn t\u00ebnde t\u00eb ngroht\u00eb, midis nj\u00eb bande kopuk\u00ebsh, t\u00eb cil\u00ebve u ke dor\u00ebzuar vendin tim, \u00e7astet e tua t\u00eb fundit dhe tragjike po i kalon midis rrufjan\u00ebve dhe g\u00ebnjeshtar\u00ebve, midis lajkatar\u00ebve t\u00eb oborrit t\u00ebnd, t\u00eb cil\u00ebt t\u00eb shfaqin \u201cdashuri\u201d vet\u00ebm sepse u ke dh\u00ebn\u00eb para dhe pushtet. Nd\u00ebrsa vendin tim e ke l\u00ebn\u00eb n\u00eb m\u00ebshir\u00eb t\u00eb fatit.<\/p>\n<p>Zoti kryeminist\u00ebr, kjo qeveri u mbyll ashtu si\u00e7 dhe nisi. N\u00eb t\u00eb dyja rastet ishte nj\u00eb rrufe n\u00eb qiell t\u00eb past\u00ebr. E l\u00ebvizur brenda k\u00ebtyre dy ekstremeve identike, ajo zbuloi kot\u00ebsin\u00eb e vet, paq\u00ebllim\u00ebsin\u00eb, inkoherenc\u00ebn, duke p\u00ebrvijuar n\u00eb historin\u00eb e shkurt\u00ebr t\u00eb politik\u00ebs shqiptare d\u00ebshtimin m\u00eb spektakolar t\u00eb nj\u00eb lideri, i cili politikb\u00ebrjen e mb\u00ebshtet n\u00eb gjenerimin e konfliktualitetit dhe absurditetit. Kam p\u00ebrshtypjen se tani e ke kuptuar q\u00eb je gabuar, sepse besove n\u00eb nj\u00eb p\u00ebrrall\u00eb rrug\u00ebsh, e pandehe veten revolucionar\u2026 t\u00eb pavdeksh\u00ebm, e bashkove veten me t\u00eb vdekurit, me heronjt\u00eb e tu, me fantazmat e tua, t\u00eb cil\u00ebt besove se ishin gjall\u00eb, me Bolivarin, me \u00c7en\u00eb, me Fidelin, me Marksin, t\u00eb cil\u00ebt nuk i njohe kurr\u00eb, por q\u00eb i lexoje e i rekomandoje ata\u2026<\/p>\n<p>Ecja pas t\u00eb vdekurve t\u00eb \u00e7oi te magjia dhe magjistar\u00ebt, u fute e rr\u00ebmove varret p\u00ebr t\u2019iu blatuar nj\u00eb rrethi demon\u00ebsh e shpirtrash t\u00eb k\u00ebqij q\u00eb tani t\u00eb shoq\u00ebrojn\u00eb\u2026 A e ndien pranin\u00eb e tyre aty ku je, i izoluar nga Per\u00ebndimi dhe BE? A e ndien se si vijn\u00eb t\u00eb t\u00eb vjedhin, t\u00eb t\u00eb grabitin edhe shpirtin, t\u00eb vetmen gj\u00eb me vler\u00eb q\u00eb ke pasur n\u00eb jet\u00eb, por q\u00eb aq keq e fute n\u00eb loj\u00eb me err\u00ebsir\u00ebn dhe t\u00eb keqen? Epo tani, zoti kryeminist\u00ebr, dua t\u00eb t\u00eb them edhe k\u00ebt\u00eb: tani do t\u00eb ngelesh n\u00eb histori si nj\u00eb tradhtar dhe burracak, sepse nuk u korrigjove kur pate mund\u00ebsi, por e le veten n\u00eb dor\u00eb t\u00eb fudull\u00ebkut t\u00ebnd, t\u00eb idealeve t\u00eb tua t\u00eb marra, t\u00eb ideologjis\u00eb sate t\u00eb d\u00ebshtuar dhe hoqe dor\u00eb nga gj\u00ebrat m\u00eb t\u00eb \u00e7muara, nga liria jote dhe nga liria e t\u00eb tjer\u00ebve, harrove se vet\u00ebm liria b\u00ebn njer\u00ebz.<\/p>\n","protected":false},"excerpt":{"rendered":"<p>Nga Iliran Blloshmi, 5 Mars 2012 Nuk do isha ulur t\u00eb shkruaja k\u00ebto rreshta po t\u00eb mos ndjeja keqardhjen p\u00ebr shqiptar\u00ebt. N\u00eb rrethanat kur Shqip\u00ebria \u00ebsht\u00eb nj\u00eb vend i vog\u00ebl, pothuajse pa infrastruktur\u00eb, me nj\u00eb kapital njer\u00ebzor q\u00eb po i varf\u00ebrohet \u00e7do dit\u00eb, dhe me nj\u00eb shoq\u00ebri as t\u00eb motivuar, as t\u00eb frym\u00ebzuar p\u00ebr t\u00eb [&hellip;]<\/p>\n","protected":false},"author":1,"featured_media":0,"comment_status":"open","ping_status":"closed","sticky":false,"template":"","format":"standard","meta":{"footnotes":""},"categories":[2],"tags":[],"class_list":{"0":"post-2086","1":"post","2":"type-post","3":"status-publish","4":"format-standard","6":"category-artikuj"},"yoast_head":"<!-- This site is optimized with the Yoast SEO plugin v27.4 - https:\/\/yoast.com\/product\/yoast-seo-wordpress\/ -->\n<title>Nj\u00eb kryeminist\u00ebr zvarr\u00eb pas vdekjes - FjALA e LIR\u00cb - Arkivi<\/title>\n<meta name=\"robots\" content=\"index, follow, max-snippet:-1, max-image-preview:large, max-video-preview:-1\" \/>\n<link rel=\"canonical\" href=\"https:\/\/fjala.info\/2009-2015\/nje-kryeminister-zvarre-pas-vdekjes\/\" \/>\n<meta property=\"og:locale\" content=\"sq_AL\" \/>\n<meta property=\"og:type\" content=\"article\" \/>\n<meta property=\"og:title\" content=\"Nj\u00eb kryeminist\u00ebr zvarr\u00eb pas vdekjes - FjALA e LIR\u00cb - Arkivi\" \/>\n<meta property=\"og:description\" content=\"Nga Iliran Blloshmi, 5 Mars 2012 Nuk do isha ulur t\u00eb shkruaja k\u00ebto rreshta po t\u00eb mos ndjeja keqardhjen p\u00ebr shqiptar\u00ebt. N\u00eb rrethanat kur Shqip\u00ebria \u00ebsht\u00eb nj\u00eb vend i vog\u00ebl, pothuajse pa infrastruktur\u00eb, me nj\u00eb kapital njer\u00ebzor q\u00eb po i varf\u00ebrohet \u00e7do dit\u00eb, dhe me nj\u00eb shoq\u00ebri as t\u00eb motivuar, as t\u00eb frym\u00ebzuar p\u00ebr t\u00eb [&hellip;]\" \/>\n<meta property=\"og:url\" content=\"https:\/\/fjala.info\/2009-2015\/nje-kryeminister-zvarre-pas-vdekjes\/\" \/>\n<meta property=\"og:site_name\" content=\"FjALA e LIR\u00cb - Arkivi\" \/>\n<meta property=\"article:published_time\" content=\"2012-03-08T19:36:26+00:00\" \/>\n<meta property=\"og:image\" content=\"http:\/\/www.shkoder.net\/2012\/sali_berisha_flamur.jpg\" \/>\n<meta name=\"author\" content=\"admin\" \/>\n<meta name=\"twitter:card\" content=\"summary_large_image\" \/>\n<meta name=\"twitter:label1\" content=\"Written by\" \/>\n\t<meta name=\"twitter:data1\" content=\"admin\" \/>\n\t<meta name=\"twitter:label2\" content=\"Est. reading time\" \/>\n\t<meta name=\"twitter:data2\" content=\"5 minutes\" \/>\n<script type=\"application\/ld+json\" class=\"yoast-schema-graph\">{\"@context\":\"https:\\\/\\\/schema.org\",\"@graph\":[{\"@type\":\"Article\",\"@id\":\"https:\\\/\\\/fjala.info\\\/2009-2015\\\/nje-kryeminister-zvarre-pas-vdekjes\\\/#article\",\"isPartOf\":{\"@id\":\"https:\\\/\\\/fjala.info\\\/2009-2015\\\/nje-kryeminister-zvarre-pas-vdekjes\\\/\"},\"author\":{\"name\":\"admin\",\"@id\":\"https:\\\/\\\/fjala.info\\\/2009-2015\\\/#\\\/schema\\\/person\\\/3aa1163ef05469c496fc94e77611ada2\"},\"headline\":\"Nj\u00eb kryeminist\u00ebr zvarr\u00eb pas vdekjes\",\"datePublished\":\"2012-03-08T19:36:26+00:00\",\"mainEntityOfPage\":{\"@id\":\"https:\\\/\\\/fjala.info\\\/2009-2015\\\/nje-kryeminister-zvarre-pas-vdekjes\\\/\"},\"wordCount\":925,\"commentCount\":0,\"publisher\":{\"@id\":\"https:\\\/\\\/fjala.info\\\/2009-2015\\\/#organization\"},\"image\":{\"@id\":\"https:\\\/\\\/fjala.info\\\/2009-2015\\\/nje-kryeminister-zvarre-pas-vdekjes\\\/#primaryimage\"},\"thumbnailUrl\":\"http:\\\/\\\/www.shkoder.net\\\/2012\\\/sali_berisha_flamur.jpg\",\"articleSection\":[\"Artikuj\"],\"inLanguage\":\"sq-AL\",\"potentialAction\":[{\"@type\":\"CommentAction\",\"name\":\"Comment\",\"target\":[\"https:\\\/\\\/fjala.info\\\/2009-2015\\\/nje-kryeminister-zvarre-pas-vdekjes\\\/#respond\"]}]},{\"@type\":\"WebPage\",\"@id\":\"https:\\\/\\\/fjala.info\\\/2009-2015\\\/nje-kryeminister-zvarre-pas-vdekjes\\\/\",\"url\":\"https:\\\/\\\/fjala.info\\\/2009-2015\\\/nje-kryeminister-zvarre-pas-vdekjes\\\/\",\"name\":\"Nj\u00eb kryeminist\u00ebr zvarr\u00eb pas vdekjes - FjALA e LIR\u00cb - Arkivi\",\"isPartOf\":{\"@id\":\"https:\\\/\\\/fjala.info\\\/2009-2015\\\/#website\"},\"primaryImageOfPage\":{\"@id\":\"https:\\\/\\\/fjala.info\\\/2009-2015\\\/nje-kryeminister-zvarre-pas-vdekjes\\\/#primaryimage\"},\"image\":{\"@id\":\"https:\\\/\\\/fjala.info\\\/2009-2015\\\/nje-kryeminister-zvarre-pas-vdekjes\\\/#primaryimage\"},\"thumbnailUrl\":\"http:\\\/\\\/www.shkoder.net\\\/2012\\\/sali_berisha_flamur.jpg\",\"datePublished\":\"2012-03-08T19:36:26+00:00\",\"breadcrumb\":{\"@id\":\"https:\\\/\\\/fjala.info\\\/2009-2015\\\/nje-kryeminister-zvarre-pas-vdekjes\\\/#breadcrumb\"},\"inLanguage\":\"sq-AL\",\"potentialAction\":[{\"@type\":\"ReadAction\",\"target\":[\"https:\\\/\\\/fjala.info\\\/2009-2015\\\/nje-kryeminister-zvarre-pas-vdekjes\\\/\"]}]},{\"@type\":\"ImageObject\",\"inLanguage\":\"sq-AL\",\"@id\":\"https:\\\/\\\/fjala.info\\\/2009-2015\\\/nje-kryeminister-zvarre-pas-vdekjes\\\/#primaryimage\",\"url\":\"http:\\\/\\\/www.shkoder.net\\\/2012\\\/sali_berisha_flamur.jpg\",\"contentUrl\":\"http:\\\/\\\/www.shkoder.net\\\/2012\\\/sali_berisha_flamur.jpg\"},{\"@type\":\"BreadcrumbList\",\"@id\":\"https:\\\/\\\/fjala.info\\\/2009-2015\\\/nje-kryeminister-zvarre-pas-vdekjes\\\/#breadcrumb\",\"itemListElement\":[{\"@type\":\"ListItem\",\"position\":1,\"name\":\"Home\",\"item\":\"https:\\\/\\\/fjala.info\\\/2009-2015\\\/\"},{\"@type\":\"ListItem\",\"position\":2,\"name\":\"Nj\u00eb kryeminist\u00ebr zvarr\u00eb pas vdekjes\"}]},{\"@type\":\"WebSite\",\"@id\":\"https:\\\/\\\/fjala.info\\\/2009-2015\\\/#website\",\"url\":\"https:\\\/\\\/fjala.info\\\/2009-2015\\\/\",\"name\":\"FjALA e LIR\u00cb - Arkivi\",\"description\":\"Arkivi 2009-2015\",\"publisher\":{\"@id\":\"https:\\\/\\\/fjala.info\\\/2009-2015\\\/#organization\"},\"potentialAction\":[{\"@type\":\"SearchAction\",\"target\":{\"@type\":\"EntryPoint\",\"urlTemplate\":\"https:\\\/\\\/fjala.info\\\/2009-2015\\\/?s={search_term_string}\"},\"query-input\":{\"@type\":\"PropertyValueSpecification\",\"valueRequired\":true,\"valueName\":\"search_term_string\"}}],\"inLanguage\":\"sq-AL\"},{\"@type\":\"Organization\",\"@id\":\"https:\\\/\\\/fjala.info\\\/2009-2015\\\/#organization\",\"name\":\"FjALA e LIR\u00cb - Arkivi\",\"url\":\"https:\\\/\\\/fjala.info\\\/2009-2015\\\/\",\"logo\":{\"@type\":\"ImageObject\",\"inLanguage\":\"sq-AL\",\"@id\":\"https:\\\/\\\/fjala.info\\\/2009-2015\\\/#\\\/schema\\\/logo\\\/image\\\/\",\"url\":\"\",\"contentUrl\":\"\",\"caption\":\"FjALA e LIR\u00cb - Arkivi\"},\"image\":{\"@id\":\"https:\\\/\\\/fjala.info\\\/2009-2015\\\/#\\\/schema\\\/logo\\\/image\\\/\"}},{\"@type\":\"Person\",\"@id\":\"https:\\\/\\\/fjala.info\\\/2009-2015\\\/#\\\/schema\\\/person\\\/3aa1163ef05469c496fc94e77611ada2\",\"name\":\"admin\",\"image\":{\"@type\":\"ImageObject\",\"inLanguage\":\"sq-AL\",\"@id\":\"https:\\\/\\\/fjala.info\\\/2009-2015\\\/wp-content\\\/uploads\\\/2012\\\/02\\\/arben_cokaj-120x150.jpg\",\"url\":\"https:\\\/\\\/fjala.info\\\/2009-2015\\\/wp-content\\\/uploads\\\/2012\\\/02\\\/arben_cokaj-120x150.jpg\",\"contentUrl\":\"https:\\\/\\\/fjala.info\\\/2009-2015\\\/wp-content\\\/uploads\\\/2012\\\/02\\\/arben_cokaj-120x150.jpg\",\"caption\":\"admin\"},\"description\":\"Admin, Fjala e Lir\u00eb\",\"sameAs\":[\"https:\\\/\\\/fjala.info\\\/\"],\"url\":\"https:\\\/\\\/fjala.info\\\/2009-2015\\\/author\\\/admin\\\/\"}]}<\/script>\n<!-- \/ Yoast SEO plugin. -->","yoast_head_json":{"title":"Nj\u00eb kryeminist\u00ebr zvarr\u00eb pas vdekjes - FjALA e LIR\u00cb - Arkivi","robots":{"index":"index","follow":"follow","max-snippet":"max-snippet:-1","max-image-preview":"max-image-preview:large","max-video-preview":"max-video-preview:-1"},"canonical":"https:\/\/fjala.info\/2009-2015\/nje-kryeminister-zvarre-pas-vdekjes\/","og_locale":"sq_AL","og_type":"article","og_title":"Nj\u00eb kryeminist\u00ebr zvarr\u00eb pas vdekjes - FjALA e LIR\u00cb - Arkivi","og_description":"Nga Iliran Blloshmi, 5 Mars 2012 Nuk do isha ulur t\u00eb shkruaja k\u00ebto rreshta po t\u00eb mos ndjeja keqardhjen p\u00ebr shqiptar\u00ebt. N\u00eb rrethanat kur Shqip\u00ebria \u00ebsht\u00eb nj\u00eb vend i vog\u00ebl, pothuajse pa infrastruktur\u00eb, me nj\u00eb kapital njer\u00ebzor q\u00eb po i varf\u00ebrohet \u00e7do dit\u00eb, dhe me nj\u00eb shoq\u00ebri as t\u00eb motivuar, as t\u00eb frym\u00ebzuar p\u00ebr t\u00eb [&hellip;]","og_url":"https:\/\/fjala.info\/2009-2015\/nje-kryeminister-zvarre-pas-vdekjes\/","og_site_name":"FjALA e LIR\u00cb - Arkivi","article_published_time":"2012-03-08T19:36:26+00:00","og_image":[{"url":"http:\/\/www.shkoder.net\/2012\/sali_berisha_flamur.jpg","type":"","width":"","height":""}],"author":"admin","twitter_card":"summary_large_image","twitter_misc":{"Written by":"admin","Est. reading time":"5 minutes"},"schema":{"@context":"https:\/\/schema.org","@graph":[{"@type":"Article","@id":"https:\/\/fjala.info\/2009-2015\/nje-kryeminister-zvarre-pas-vdekjes\/#article","isPartOf":{"@id":"https:\/\/fjala.info\/2009-2015\/nje-kryeminister-zvarre-pas-vdekjes\/"},"author":{"name":"admin","@id":"https:\/\/fjala.info\/2009-2015\/#\/schema\/person\/3aa1163ef05469c496fc94e77611ada2"},"headline":"Nj\u00eb kryeminist\u00ebr zvarr\u00eb pas vdekjes","datePublished":"2012-03-08T19:36:26+00:00","mainEntityOfPage":{"@id":"https:\/\/fjala.info\/2009-2015\/nje-kryeminister-zvarre-pas-vdekjes\/"},"wordCount":925,"commentCount":0,"publisher":{"@id":"https:\/\/fjala.info\/2009-2015\/#organization"},"image":{"@id":"https:\/\/fjala.info\/2009-2015\/nje-kryeminister-zvarre-pas-vdekjes\/#primaryimage"},"thumbnailUrl":"http:\/\/www.shkoder.net\/2012\/sali_berisha_flamur.jpg","articleSection":["Artikuj"],"inLanguage":"sq-AL","potentialAction":[{"@type":"CommentAction","name":"Comment","target":["https:\/\/fjala.info\/2009-2015\/nje-kryeminister-zvarre-pas-vdekjes\/#respond"]}]},{"@type":"WebPage","@id":"https:\/\/fjala.info\/2009-2015\/nje-kryeminister-zvarre-pas-vdekjes\/","url":"https:\/\/fjala.info\/2009-2015\/nje-kryeminister-zvarre-pas-vdekjes\/","name":"Nj\u00eb kryeminist\u00ebr zvarr\u00eb pas vdekjes - FjALA e LIR\u00cb - Arkivi","isPartOf":{"@id":"https:\/\/fjala.info\/2009-2015\/#website"},"primaryImageOfPage":{"@id":"https:\/\/fjala.info\/2009-2015\/nje-kryeminister-zvarre-pas-vdekjes\/#primaryimage"},"image":{"@id":"https:\/\/fjala.info\/2009-2015\/nje-kryeminister-zvarre-pas-vdekjes\/#primaryimage"},"thumbnailUrl":"http:\/\/www.shkoder.net\/2012\/sali_berisha_flamur.jpg","datePublished":"2012-03-08T19:36:26+00:00","breadcrumb":{"@id":"https:\/\/fjala.info\/2009-2015\/nje-kryeminister-zvarre-pas-vdekjes\/#breadcrumb"},"inLanguage":"sq-AL","potentialAction":[{"@type":"ReadAction","target":["https:\/\/fjala.info\/2009-2015\/nje-kryeminister-zvarre-pas-vdekjes\/"]}]},{"@type":"ImageObject","inLanguage":"sq-AL","@id":"https:\/\/fjala.info\/2009-2015\/nje-kryeminister-zvarre-pas-vdekjes\/#primaryimage","url":"http:\/\/www.shkoder.net\/2012\/sali_berisha_flamur.jpg","contentUrl":"http:\/\/www.shkoder.net\/2012\/sali_berisha_flamur.jpg"},{"@type":"BreadcrumbList","@id":"https:\/\/fjala.info\/2009-2015\/nje-kryeminister-zvarre-pas-vdekjes\/#breadcrumb","itemListElement":[{"@type":"ListItem","position":1,"name":"Home","item":"https:\/\/fjala.info\/2009-2015\/"},{"@type":"ListItem","position":2,"name":"Nj\u00eb kryeminist\u00ebr zvarr\u00eb pas vdekjes"}]},{"@type":"WebSite","@id":"https:\/\/fjala.info\/2009-2015\/#website","url":"https:\/\/fjala.info\/2009-2015\/","name":"FjALA e LIR\u00cb - Arkivi","description":"Arkivi 2009-2015","publisher":{"@id":"https:\/\/fjala.info\/2009-2015\/#organization"},"potentialAction":[{"@type":"SearchAction","target":{"@type":"EntryPoint","urlTemplate":"https:\/\/fjala.info\/2009-2015\/?s={search_term_string}"},"query-input":{"@type":"PropertyValueSpecification","valueRequired":true,"valueName":"search_term_string"}}],"inLanguage":"sq-AL"},{"@type":"Organization","@id":"https:\/\/fjala.info\/2009-2015\/#organization","name":"FjALA e LIR\u00cb - Arkivi","url":"https:\/\/fjala.info\/2009-2015\/","logo":{"@type":"ImageObject","inLanguage":"sq-AL","@id":"https:\/\/fjala.info\/2009-2015\/#\/schema\/logo\/image\/","url":"","contentUrl":"","caption":"FjALA e LIR\u00cb - Arkivi"},"image":{"@id":"https:\/\/fjala.info\/2009-2015\/#\/schema\/logo\/image\/"}},{"@type":"Person","@id":"https:\/\/fjala.info\/2009-2015\/#\/schema\/person\/3aa1163ef05469c496fc94e77611ada2","name":"admin","image":{"@type":"ImageObject","inLanguage":"sq-AL","@id":"https:\/\/fjala.info\/2009-2015\/wp-content\/uploads\/2012\/02\/arben_cokaj-120x150.jpg","url":"https:\/\/fjala.info\/2009-2015\/wp-content\/uploads\/2012\/02\/arben_cokaj-120x150.jpg","contentUrl":"https:\/\/fjala.info\/2009-2015\/wp-content\/uploads\/2012\/02\/arben_cokaj-120x150.jpg","caption":"admin"},"description":"Admin, Fjala e Lir\u00eb","sameAs":["https:\/\/fjala.info\/"],"url":"https:\/\/fjala.info\/2009-2015\/author\/admin\/"}]}},"_links":{"self":[{"href":"https:\/\/fjala.info\/2009-2015\/wp-json\/wp\/v2\/posts\/2086","targetHints":{"allow":["GET"]}}],"collection":[{"href":"https:\/\/fjala.info\/2009-2015\/wp-json\/wp\/v2\/posts"}],"about":[{"href":"https:\/\/fjala.info\/2009-2015\/wp-json\/wp\/v2\/types\/post"}],"author":[{"embeddable":true,"href":"https:\/\/fjala.info\/2009-2015\/wp-json\/wp\/v2\/users\/1"}],"replies":[{"embeddable":true,"href":"https:\/\/fjala.info\/2009-2015\/wp-json\/wp\/v2\/comments?post=2086"}],"version-history":[{"count":0,"href":"https:\/\/fjala.info\/2009-2015\/wp-json\/wp\/v2\/posts\/2086\/revisions"}],"wp:attachment":[{"href":"https:\/\/fjala.info\/2009-2015\/wp-json\/wp\/v2\/media?parent=2086"}],"wp:term":[{"taxonomy":"category","embeddable":true,"href":"https:\/\/fjala.info\/2009-2015\/wp-json\/wp\/v2\/categories?post=2086"},{"taxonomy":"post_tag","embeddable":true,"href":"https:\/\/fjala.info\/2009-2015\/wp-json\/wp\/v2\/tags?post=2086"}],"curies":[{"name":"wp","href":"https:\/\/api.w.org\/{rel}","templated":true}]}}