{"id":2081,"date":"2012-03-08T00:01:16","date_gmt":"2012-03-07T23:01:16","guid":{"rendered":"http:\/\/fjala.shkoder.net\/?p=2081"},"modified":"2012-03-08T00:01:16","modified_gmt":"2012-03-07T23:01:16","slug":"po-u-hapen-dosjet-shqiperia-mbetet-pa-kryeminister-pa-kryetare-kuvendi-pa-ministra-pa-deputete","status":"publish","type":"post","link":"https:\/\/fjala.info\/2009-2015\/po-u-hapen-dosjet-shqiperia-mbetet-pa-kryeminister-pa-kryetare-kuvendi-pa-ministra-pa-deputete\/","title":{"rendered":"Po u hap\u00ebn dosjet, Shqip\u00ebria mbetet pa kryeminist\u00ebr, pa kryetare kuvendi, pa ministra, pa deputet\u00eb\u2026"},"content":{"rendered":"<p><img decoding=\"async\" class=\"alignright size-thumbnail wp-image-7236\" title=\"Berisha me Simon Stefanin\" src=\"http:\/\/www.shkoder.net\/2012\/berisha_simon_stefani.jpg\" alt=\"\" width=\"300\" \/> Nga <strong>Kledian Lula<\/strong>, <em>7 Mars 2012<\/em><\/p>\n<p>Qysh n\u00eb fillim t\u00eb muajit maj 2006, K\u00ebshilli i Europ\u00ebs caktoi dhe k\u00ebrkoi si kusht prej parlamentit shqiptar, hapjen p\u00ebrfundimisht t\u00eb dosjeve t\u00eb spiun\u00ebve t\u00eb ish-sigurimit t\u00eb shtetit. Kryeministri Sali Berisha premtoi se dosjet do t\u00eb hapeshin brenda vitit 2006. Por projekt-ligji i hapjes s\u00eb dosjeve, i p\u00ebrgatitur nga KE, u bllokua dhe u nguros n\u00eb kasafort\u00ebn e Kryetares s\u00eb Kuvendit, zonj\u00ebs Jozefina Topalli. N\u00eb dhjetor t\u00eb vitit 2008, KE k\u00ebrkoi n\u00ebp\u00ebrmjet n\u00ebnkryetarit t\u00eb KE, deputetit demokrat Aleksand\u00ebr Biberaj, hapjen e dosjeve t\u00eb spiun\u00ebve n\u00eb m\u00ebnyr\u00eb urgjente, mbasi Shqip\u00ebria ishte (dhe \u00ebsht\u00eb) i vetmi vend ish-komunist i Lindjes, q\u00eb nuk e ka p\u00ebrmbushur k\u00ebt\u00eb detyrim moral, ligjor dhe publik nd\u00ebrkomb\u00ebtar. Ky kusht i KE nuk po realizohet edhe 22 vjet pas r\u00ebnies s\u00eb komunizmit.<\/p>\n<p>Pse?<\/p>\n<p>Sepse Sali Berisha \u00ebsht\u00eb i interesuar q\u00eb dosjet e spiun\u00ebve t\u00eb sigurimit t\u00eb mos hapen, p\u00ebr arsye sepse vet\u00eb Berisha ka qen\u00eb nj\u00eb nga njer\u00ebzit m\u00eb aktiv t\u00eb diktatur\u00ebs, me veprimtari efi\u00e7ente e pasionante si p\u00ebrgjues, denoncues, internues e burgos\u00ebs i shum\u00eb intelektual\u00ebve dhe qytetar\u00ebve t\u00eb tjer\u00eb anti-komunist\u00eb. Berisha ka bllokuar hapjen e dosjeve t\u00eb spiun\u00ebve edhe p\u00ebr shkak se ai ka strukturuar dhe po drejton prej 22 vjet\u00ebsh nj\u00eb parti spiun\u00ebsh, t\u00eb ashtuquajtur \u201cdemokratike\u201d, nj\u00eb grup parlamentar spiun\u00ebsh t\u00eb PD dhe nj\u00eb qeveri t\u00eb mbushur nga \u201cthemeli n\u00eb \u00e7ati\u201d me spiun\u00eb t\u00eb sigurimit t\u00eb diktatur\u00ebs, madje deri tek pastrueset dhe zhbllokuesit e tualeteve t\u00eb PD, kryeministris\u00eb, ministrive e drejtorive t\u00eb \u00e7do niveli qeveris\u00ebs e deri n\u00eb bashki e komuna q\u00eb kan\u00eb logon \u201cPD\u201d.<\/p>\n<p>Disa her\u00eb Sali Berisha \u00ebsht\u00eb v\u00ebn\u00eb p\u00ebrball\u00eb presionit t\u00eb europian\u00ebve p\u00ebr t\u00eb hapur dosjet. Por ai, q\u00eb prej vitit 1992 i \u00ebsht\u00eb shmangur si \u201cdhelp\u00ebr e zgjebosur\u201d k\u00ebtij detyrimi ligjor e moral, duke p\u00ebrdorur mashtrime e prapaskena politike, duke zvarritur q\u00ebllimisht hapjen e tyre. Sali spiuni, p\u00ebr t\u00eb bllokuar dhe zhdukur dosjet e tij e t\u00eb \u201cushtar\u00ebve\u201d t\u00eb tij deputet\u00eb, ministra, sh\u00ebrb\u00ebtor\u00eb e familjar\u00eb, ka krijuar alibin\u00eb e \u201cse hapja e dosjeve krijon moskuptim t\u00eb k\u00ebtij problemi nga shoq\u00ebria shqiptare\u201d.<\/p>\n<p>N\u00eb fakt \u00ebsht\u00eb e kund\u00ebrta. Sali Berisha nuk do q\u00eb t\u2019i hap\u00eb dosjet dhe po i bllokon ato jo \u201cp\u00ebr t\u00eb mbrojtur shoq\u00ebrin\u00eb shqiptare nga konfliktet\u201d, por thjesht\u00eb dhe vet\u00ebm si person i cenuar moralisht, politikisht e ligj\u00ebrisht nga kjo hapje dosjesh t\u00eb zeza. K\u00ebt\u00eb ekskluzivitet e ka n\u00eb dor\u00eb qeveria, mazhoranca dhe pushteti legjislativ, pra parlamenti q\u00eb drejtohet prej \u201cdezinjatores\u201d Jozefina Topalli.<\/p>\n<p>Si\u00e7 dihet, spiun\u00ebt e diktatur\u00ebs t\u00eb llojit Sali Berisha nuk e humb\u00ebn \u201cfuqin\u00eb dhe vler\u00ebn\u201d e tyre as n\u00eb demokraci, p\u00ebrkundrazi n\u00eb vitin 1990 diktatura i p\u00ebrdori k\u00ebto monstra t\u00eb neveritshme p\u00ebr t\u00eb krijuar \u201cklas\u00ebn e re anti-komuniste\u201d, duke u dh\u00ebn\u00eb n\u00eb dor\u00eb drejtimin e \u201csistemit t\u00eb ri demokratik\u201d, duke b\u00ebr\u00eb drejtues e vazhdues bij\u00eb, bija, nip\u00ebr, shok\u00eb e struktura t\u00eb tyre t\u00eb af\u00ebrta t\u00eb ish-diktatur\u00ebs. Nj\u00eb nga monstrat tipike t\u00eb k\u00ebsaj metamorfoze t\u00eb paskrupullt e t\u00eb dal\u00eb boje tashm\u00eb \u00ebsht\u00eb Sali Berisha, i cili prej 22 vjet\u00ebsh ka afruar n\u00eb PD, n\u00eb parlament e qeveri, nj\u00eb ekip aktiv e t\u00eb ndyr\u00eb ish-spiun\u00ebsh t\u00eb sigurimit t\u00eb shtetit, me t\u00eb cil\u00ebt po b\u00ebn sikur po drejton \u201cdemokracin\u00eb\u201d shqiptare.<\/p>\n<p>Por edhe pse njihet publikisht si njeri i regjimit q\u00ebkur \u00ebsht\u00eb betuar p\u00ebr \u201cbisturin\u00eb\u201d nga viti 1964, kur nisi studimet e larta p\u00ebr mjek\u00ebsi, Sali Berisha ka dal\u00eb p\u00ebrs\u00ebri n\u00eb \u201ctribun\u00ebn e luft\u00ebs kund\u00ebr spiun\u00ebve\u201d. Ka disa dit\u00eb q\u00eb ky njeri me detyr\u00eb kryeminist\u00ebr i Shqip\u00ebris\u00eb, pa u skuqur e pa u zverdhur p\u00ebr krimet q\u00eb ka b\u00ebr\u00eb, ka dal\u00eb e po ul\u00ebrin si histerik ekraneve, duke u shpallur si \u201canti-spiun\u201d! \u00cbsht\u00eb absurde, madje dhe komike, q\u00eb komunisti i qelbur n\u00eb krime Sali Berisha, t\u00eb dal\u00eb p\u00ebrpara viktimave t\u00eb tij e t\u00eb flas\u00eb kund\u00ebr spiun\u00ebve!<\/p>\n<p>Monstra e ekstra spiun\u00ebve, po del e po bilbilos kund\u00ebr spiun\u00ebve, hap ekspozita me krimet e spiun\u00ebve e derdh lot p\u00ebr viktimat, kur vet\u00eb ky Sali Berish\u00eb, p\u00ebr 25 vjet radhazi si komunist, sekretar partie e spiun sigurimi, nuk i ka hequr nga duart g\u00ebrsh\u00ebr\u00ebt me t\u00eb cilat u priste flok\u00ebt dhe u shkurtonte pantallonat student\u00ebve, n\u00eb koh\u00ebn kur ishte pedagog. Ky Sali Berish\u00eb, p\u00ebr 25 vjet radhazi si komunist, sekretar partie ka qen\u00eb p\u00ebrgjues, denoncues, d\u00ebshmitar, internues e d\u00ebnues me burg dhe vdekje i shum\u00eb anti-komunist\u00ebve.<\/p>\n<p>Shqiptar\u00ebt e din\u00eb shum\u00eb mir\u00eb, se si dhe nga kush \u00ebsht\u00eb \u201cdesantuar\u201d Berisha n\u00eb krye t\u00eb PD. Gjithashtu kuptojn\u00eb, se p\u00ebrse n\u00eb partin\u00eb, n\u00eb pushtetin dhe n\u00eb qeverin\u00eb e Berish\u00ebs, jan\u00eb si drejtues vet\u00ebm ish-bashk\u00ebpun\u00ebtor\u00eb t\u00eb sigurimit t\u00eb shtetit, t\u00eb cil\u00ebt jan\u00eb vendosur n\u00ebp\u00ebr poste dhe n\u00eb krye t\u00eb pushteteve shqiptare. Sali Berisha ka folur shum\u00eb her\u00eb p\u00ebr hapjen e dosjeve t\u00eb tyre, por nuk ka hapur asnj\u00eb \u201cfaqe\u201d t\u00eb askujt prej spiun\u00ebve, t\u00eb cil\u00ebt i ka me boll\u00ebk si persona aktiv\u00eb brenda partis\u00eb, qeveris\u00eb e pushtetit q\u00eb ai drejton. Por nuk i ka hapur k\u00ebto dosje dhe nuk po i hap, sepse brenda tyre \u00ebsht\u00eb si \u201cmonument\u201d krimi edhe vet\u00eb SALIU.<\/p>\n<p>Sali Berisha nuk e ka aspak d\u00ebshir\u00ebn p\u00ebr hapjen e dosjeve t\u00eb spiun\u00ebve. Jo se nuk ka dosje, jo se nuk ka krime t\u00eb tyre, jo se nuk ka spiun\u00eb, por sepse n\u00eb momentin e hapjes s\u00eb k\u00ebtyre dosjeve, Shqip\u00ebria ngelet pa parlament, pa qeveri, pa kryeminist\u00ebr, pa Kryetare Kuvendi, pa ministra, pa analist\u00eb mediash t\u00eb pushtetit, pa drejtues t\u00eb partive, pa drejtor\u00eb, pa ambasador\u00eb, pa rektor\u00eb universitetesh, pa drejtor\u00eb policie, pa kryetar gjykatash e shefa prokurorie, pa drejtor doganash, shkollash e \u00e7erdhesh. Sepse kjo \u201crac\u00eb\u201d e ndyr\u00eb spiun\u00ebsh si puna e Saliut, q\u00eb i ka sh\u00ebrbyer diktatur\u00ebs me krime \u00ebsht\u00eb e panum\u00ebrt dhe n\u00eb \u00e7do kupol\u00eb zyre pushteti.<\/p>\n<p>Spiun\u00ebt jan\u00eb shum\u00eb, madje ata m\u00eb \u201ckualitativ\u00ebt\u201d jan\u00eb n\u00eb krye t\u00eb parlamentit, t\u00eb qeveris\u00eb, t\u00eb ministrive e politik\u00ebs, duke na komanduar posht\u00ebrsisht prej 20 vjet\u00ebsh. Sali Berisha dhe spiun\u00ebt q\u00eb ia ka mbledhur rrotull vetes jan\u00eb p\u00ebrzgjedhur, jan\u00eb \u00e7imentuar, mbajn\u00eb fort\u00eb njeri-tjetrin si dikur n\u00eb diktatur\u00eb dhe nuk l\u00ebvizin prej posteve q\u00eb kan\u00eb uzurpuar e q\u00eb po i shfryt\u00ebzojn\u00eb n\u00eb mir\u00ebkuptim, madje edhe duke u p\u00ebshtyr\u00eb, puthur, p\u00ebshtyr\u00eb e puthur p\u00ebrs\u00ebri pa fund me njeri-tjetrin.<\/p>\n<p>K\u00ebt\u00eb fakt nd\u00ebrkomb\u00ebtar\u00ebt e din\u00eb shum\u00eb mir\u00eb, ndaj dhe k\u00ebrkojn\u00eb m\u00eb s\u00eb fundi n\u00eb m\u00ebnyr\u00eb ultimative hapjen e dosjeve t\u00eb spiun\u00ebve. Kujtojm\u00eb q\u00eb n\u00eb muajin shtator 2007, K\u00ebshilli i Europ\u00ebs ka k\u00ebrkuar me k\u00ebmb\u00ebngulje prej parlamentit Shqiptar, madje me nj\u00eb rezolut\u00eb t\u00eb posa\u00e7me, q\u00eb t\u00eb hap\u00eb dosjet e spiun\u00ebve. Parlamenti me n\u00eb krye \u201cdezinjatoren\u201d Topalli dhe ekzekutivi me n\u00eb krye \u201cBisturin\u00eb\u201d e \u201cFrym\u00ebn\u201d Sali Berisha, u detyruan t\u00eb hartojn\u00eb nj\u00eb projektligj hije p\u00ebr k\u00ebt\u00eb proces \u201cpastrimi\u201d t\u00eb pushtetit e t\u00eb politik\u00ebs nga spiun\u00ebt. Por ky projekt ligj nuk u realizua n\u00eb praktik\u00eb, madje pas rezolut\u00ebs s\u00eb KE, Saliu e mbushi pushtetin e legjislativin me m\u00eb shum\u00eb spiun\u00eb n\u00eb krye t\u00eb pun\u00ebve.<\/p>\n<p>Deklarata e z\u00ebdh\u00ebn\u00ebsit t\u00eb PD, Gerti Bogdani, dat\u00eb 5 gusht 2008: Jav\u00ebn e par\u00eb t\u00eb shtatorit, japen dosjet<\/p>\n<p>Ju garantojm\u00eb, se n\u00eb zbatim t\u00eb udh\u00ebzimeve e detyrimeve integruese, t\u00eb vendosura prej KE e BE, hapja e dosjeve do t\u00eb jet\u00eb n\u00eb axhend\u00ebn e Kuvendit, n\u00eb jav\u00ebn e par\u00eb t\u00eb muajit shtator 2008. Kjo shtyrje p\u00ebr n\u00eb muajin shtator e hapjes s\u00eb dosjeve, nuk \u00ebsht\u00eb bllokim prej mazhoranc\u00ebs qeveris\u00ebse, por u b\u00eb vet\u00ebm pas k\u00ebrkes\u00ebs s\u00eb b\u00ebr\u00eb nga opozita, e cila k\u00ebrkoi m\u00eb shum\u00eb koh\u00eb p\u00ebr t\u00eb shqyrtuar draftin. Nga nj\u00eb media e kontrolluar nga opozita, pretendohet se disa deputet\u00eb t\u00eb maxhoranc\u00ebs, i kan\u00eb k\u00ebrkuar Kryeministrit Sali Berisha dhe Kryetares se Parlamentit Topalli, t\u00eb shtyjn\u00eb ligjin p\u00ebr hapjen e dosjeve.<\/p>\n<p>Kjo \u00ebsht\u00eb nj\u00eb shpifje e stilit komunist. Partia Demokratike dhe maxhoranca duke e konsideruar nj\u00eb detyrim komb\u00ebtar dhe nd\u00ebrkomb\u00ebtar miratimin e k\u00ebtij ligji, jan\u00eb p\u00ebrpjekur p\u00ebr t\u00eb arritur konsensus me opozit\u00ebn, sikund\u00ebr jan\u00eb t\u00ebr\u00ebsisht t\u00eb vendosur p\u00ebr miratimin e tij jav\u00ebn e par\u00eb t\u00eb muajit shtator 2008 (e theksoj), n\u00eb p\u00ebrputhje t\u00eb plot\u00eb me rezolut\u00ebn e K\u00ebshillit t\u00eb Evrop\u00ebs.<\/p>\n<p>Miratimi i ligjit p\u00ebr \u201cVerifikimin e figur\u00ebs s\u00eb zyrtar\u00ebve t\u00eb lart\u00eb\u201d ishte vendosur n\u00eb axhend\u00ebn e Kuvendit gjat\u00eb muajit korrik, por nj\u00eb t\u00ebrheqje e papritur e opozit\u00ebs n\u00eb k\u00ebt\u00eb drejtim, b\u00ebri q\u00eb mazhoranca t\u2019i jap\u00eb edhe m\u00eb shum\u00eb koh\u00eb opozit\u00ebs q\u00eb t\u00eb reflektoj\u00eb n\u00eb q\u00ebndrimin e saj duke e shtyr\u00eb miratimin e ligjit p\u00ebr sesionin e ardhsh\u00ebm t\u00eb Kuvendit, ligj i cili edhe n\u00ebse opozita nuk \u00ebsht\u00eb dakord, nuk do t\u00eb ket\u00eb m\u00eb shtyrje, por vet\u00ebm miratim e zbatim t\u00eb menj\u00ebhersh\u00ebm, duke nisur q\u00eb brenda muajit shtator 2008.<\/p>\n","protected":false},"excerpt":{"rendered":"<p>Nga Kledian Lula, 7 Mars 2012 Qysh n\u00eb fillim t\u00eb muajit maj 2006, K\u00ebshilli i Europ\u00ebs caktoi dhe k\u00ebrkoi si kusht prej parlamentit shqiptar, hapjen p\u00ebrfundimisht t\u00eb dosjeve t\u00eb spiun\u00ebve t\u00eb ish-sigurimit t\u00eb shtetit. Kryeministri Sali Berisha premtoi se dosjet do t\u00eb hapeshin brenda vitit 2006. Por projekt-ligji i hapjes s\u00eb dosjeve, i p\u00ebrgatitur nga [&hellip;]<\/p>\n","protected":false},"author":1,"featured_media":0,"comment_status":"open","ping_status":"closed","sticky":false,"template":"","format":"standard","meta":{"footnotes":""},"categories":[2],"tags":[],"class_list":{"0":"post-2081","1":"post","2":"type-post","3":"status-publish","4":"format-standard","6":"category-artikuj"},"yoast_head":"<!-- This site is optimized with the Yoast SEO plugin v27.4 - https:\/\/yoast.com\/product\/yoast-seo-wordpress\/ -->\n<title>Po u hap\u00ebn dosjet, Shqip\u00ebria mbetet pa kryeminist\u00ebr, pa kryetare kuvendi, pa ministra, pa deputet\u00eb\u2026 - FjALA e LIR\u00cb - Arkivi<\/title>\n<meta name=\"robots\" content=\"index, follow, max-snippet:-1, max-image-preview:large, max-video-preview:-1\" \/>\n<link rel=\"canonical\" href=\"https:\/\/fjala.info\/2009-2015\/po-u-hapen-dosjet-shqiperia-mbetet-pa-kryeminister-pa-kryetare-kuvendi-pa-ministra-pa-deputete\/\" \/>\n<meta property=\"og:locale\" content=\"sq_AL\" \/>\n<meta property=\"og:type\" content=\"article\" \/>\n<meta property=\"og:title\" content=\"Po u hap\u00ebn dosjet, Shqip\u00ebria mbetet pa kryeminist\u00ebr, pa kryetare kuvendi, pa ministra, pa deputet\u00eb\u2026 - FjALA e LIR\u00cb - Arkivi\" \/>\n<meta property=\"og:description\" content=\"Nga Kledian Lula, 7 Mars 2012 Qysh n\u00eb fillim t\u00eb muajit maj 2006, K\u00ebshilli i Europ\u00ebs caktoi dhe k\u00ebrkoi si kusht prej parlamentit shqiptar, hapjen p\u00ebrfundimisht t\u00eb dosjeve t\u00eb spiun\u00ebve t\u00eb ish-sigurimit t\u00eb shtetit. Kryeministri Sali Berisha premtoi se dosjet do t\u00eb hapeshin brenda vitit 2006. Por projekt-ligji i hapjes s\u00eb dosjeve, i p\u00ebrgatitur nga [&hellip;]\" \/>\n<meta property=\"og:url\" content=\"https:\/\/fjala.info\/2009-2015\/po-u-hapen-dosjet-shqiperia-mbetet-pa-kryeminister-pa-kryetare-kuvendi-pa-ministra-pa-deputete\/\" \/>\n<meta property=\"og:site_name\" content=\"FjALA e LIR\u00cb - Arkivi\" \/>\n<meta property=\"article:published_time\" content=\"2012-03-07T23:01:16+00:00\" \/>\n<meta property=\"og:image\" content=\"http:\/\/www.shkoder.net\/2012\/berisha_simon_stefani.jpg\" \/>\n<meta name=\"author\" content=\"admin\" \/>\n<meta name=\"twitter:card\" content=\"summary_large_image\" \/>\n<meta name=\"twitter:label1\" content=\"Written by\" \/>\n\t<meta name=\"twitter:data1\" content=\"admin\" \/>\n\t<meta name=\"twitter:label2\" content=\"Est. reading time\" \/>\n\t<meta name=\"twitter:data2\" content=\"8 minutes\" \/>\n<script type=\"application\/ld+json\" class=\"yoast-schema-graph\">{\"@context\":\"https:\\\/\\\/schema.org\",\"@graph\":[{\"@type\":\"Article\",\"@id\":\"https:\\\/\\\/fjala.info\\\/2009-2015\\\/po-u-hapen-dosjet-shqiperia-mbetet-pa-kryeminister-pa-kryetare-kuvendi-pa-ministra-pa-deputete\\\/#article\",\"isPartOf\":{\"@id\":\"https:\\\/\\\/fjala.info\\\/2009-2015\\\/po-u-hapen-dosjet-shqiperia-mbetet-pa-kryeminister-pa-kryetare-kuvendi-pa-ministra-pa-deputete\\\/\"},\"author\":{\"name\":\"admin\",\"@id\":\"https:\\\/\\\/fjala.info\\\/2009-2015\\\/#\\\/schema\\\/person\\\/3aa1163ef05469c496fc94e77611ada2\"},\"headline\":\"Po u hap\u00ebn dosjet, Shqip\u00ebria mbetet pa kryeminist\u00ebr, pa kryetare kuvendi, pa ministra, pa deputet\u00eb\u2026\",\"datePublished\":\"2012-03-07T23:01:16+00:00\",\"mainEntityOfPage\":{\"@id\":\"https:\\\/\\\/fjala.info\\\/2009-2015\\\/po-u-hapen-dosjet-shqiperia-mbetet-pa-kryeminister-pa-kryetare-kuvendi-pa-ministra-pa-deputete\\\/\"},\"wordCount\":1592,\"commentCount\":0,\"publisher\":{\"@id\":\"https:\\\/\\\/fjala.info\\\/2009-2015\\\/#organization\"},\"image\":{\"@id\":\"https:\\\/\\\/fjala.info\\\/2009-2015\\\/po-u-hapen-dosjet-shqiperia-mbetet-pa-kryeminister-pa-kryetare-kuvendi-pa-ministra-pa-deputete\\\/#primaryimage\"},\"thumbnailUrl\":\"http:\\\/\\\/www.shkoder.net\\\/2012\\\/berisha_simon_stefani.jpg\",\"articleSection\":[\"Artikuj\"],\"inLanguage\":\"sq-AL\",\"potentialAction\":[{\"@type\":\"CommentAction\",\"name\":\"Comment\",\"target\":[\"https:\\\/\\\/fjala.info\\\/2009-2015\\\/po-u-hapen-dosjet-shqiperia-mbetet-pa-kryeminister-pa-kryetare-kuvendi-pa-ministra-pa-deputete\\\/#respond\"]}]},{\"@type\":\"WebPage\",\"@id\":\"https:\\\/\\\/fjala.info\\\/2009-2015\\\/po-u-hapen-dosjet-shqiperia-mbetet-pa-kryeminister-pa-kryetare-kuvendi-pa-ministra-pa-deputete\\\/\",\"url\":\"https:\\\/\\\/fjala.info\\\/2009-2015\\\/po-u-hapen-dosjet-shqiperia-mbetet-pa-kryeminister-pa-kryetare-kuvendi-pa-ministra-pa-deputete\\\/\",\"name\":\"Po u hap\u00ebn dosjet, Shqip\u00ebria mbetet pa kryeminist\u00ebr, pa kryetare kuvendi, pa ministra, pa deputet\u00eb\u2026 - FjALA e LIR\u00cb - Arkivi\",\"isPartOf\":{\"@id\":\"https:\\\/\\\/fjala.info\\\/2009-2015\\\/#website\"},\"primaryImageOfPage\":{\"@id\":\"https:\\\/\\\/fjala.info\\\/2009-2015\\\/po-u-hapen-dosjet-shqiperia-mbetet-pa-kryeminister-pa-kryetare-kuvendi-pa-ministra-pa-deputete\\\/#primaryimage\"},\"image\":{\"@id\":\"https:\\\/\\\/fjala.info\\\/2009-2015\\\/po-u-hapen-dosjet-shqiperia-mbetet-pa-kryeminister-pa-kryetare-kuvendi-pa-ministra-pa-deputete\\\/#primaryimage\"},\"thumbnailUrl\":\"http:\\\/\\\/www.shkoder.net\\\/2012\\\/berisha_simon_stefani.jpg\",\"datePublished\":\"2012-03-07T23:01:16+00:00\",\"breadcrumb\":{\"@id\":\"https:\\\/\\\/fjala.info\\\/2009-2015\\\/po-u-hapen-dosjet-shqiperia-mbetet-pa-kryeminister-pa-kryetare-kuvendi-pa-ministra-pa-deputete\\\/#breadcrumb\"},\"inLanguage\":\"sq-AL\",\"potentialAction\":[{\"@type\":\"ReadAction\",\"target\":[\"https:\\\/\\\/fjala.info\\\/2009-2015\\\/po-u-hapen-dosjet-shqiperia-mbetet-pa-kryeminister-pa-kryetare-kuvendi-pa-ministra-pa-deputete\\\/\"]}]},{\"@type\":\"ImageObject\",\"inLanguage\":\"sq-AL\",\"@id\":\"https:\\\/\\\/fjala.info\\\/2009-2015\\\/po-u-hapen-dosjet-shqiperia-mbetet-pa-kryeminister-pa-kryetare-kuvendi-pa-ministra-pa-deputete\\\/#primaryimage\",\"url\":\"http:\\\/\\\/www.shkoder.net\\\/2012\\\/berisha_simon_stefani.jpg\",\"contentUrl\":\"http:\\\/\\\/www.shkoder.net\\\/2012\\\/berisha_simon_stefani.jpg\"},{\"@type\":\"BreadcrumbList\",\"@id\":\"https:\\\/\\\/fjala.info\\\/2009-2015\\\/po-u-hapen-dosjet-shqiperia-mbetet-pa-kryeminister-pa-kryetare-kuvendi-pa-ministra-pa-deputete\\\/#breadcrumb\",\"itemListElement\":[{\"@type\":\"ListItem\",\"position\":1,\"name\":\"Home\",\"item\":\"https:\\\/\\\/fjala.info\\\/2009-2015\\\/\"},{\"@type\":\"ListItem\",\"position\":2,\"name\":\"Po u hap\u00ebn dosjet, Shqip\u00ebria mbetet pa kryeminist\u00ebr, pa kryetare kuvendi, pa ministra, pa deputet\u00eb\u2026\"}]},{\"@type\":\"WebSite\",\"@id\":\"https:\\\/\\\/fjala.info\\\/2009-2015\\\/#website\",\"url\":\"https:\\\/\\\/fjala.info\\\/2009-2015\\\/\",\"name\":\"FjALA e LIR\u00cb - Arkivi\",\"description\":\"Arkivi 2009-2015\",\"publisher\":{\"@id\":\"https:\\\/\\\/fjala.info\\\/2009-2015\\\/#organization\"},\"potentialAction\":[{\"@type\":\"SearchAction\",\"target\":{\"@type\":\"EntryPoint\",\"urlTemplate\":\"https:\\\/\\\/fjala.info\\\/2009-2015\\\/?s={search_term_string}\"},\"query-input\":{\"@type\":\"PropertyValueSpecification\",\"valueRequired\":true,\"valueName\":\"search_term_string\"}}],\"inLanguage\":\"sq-AL\"},{\"@type\":\"Organization\",\"@id\":\"https:\\\/\\\/fjala.info\\\/2009-2015\\\/#organization\",\"name\":\"FjALA e LIR\u00cb - Arkivi\",\"url\":\"https:\\\/\\\/fjala.info\\\/2009-2015\\\/\",\"logo\":{\"@type\":\"ImageObject\",\"inLanguage\":\"sq-AL\",\"@id\":\"https:\\\/\\\/fjala.info\\\/2009-2015\\\/#\\\/schema\\\/logo\\\/image\\\/\",\"url\":\"\",\"contentUrl\":\"\",\"caption\":\"FjALA e LIR\u00cb - Arkivi\"},\"image\":{\"@id\":\"https:\\\/\\\/fjala.info\\\/2009-2015\\\/#\\\/schema\\\/logo\\\/image\\\/\"}},{\"@type\":\"Person\",\"@id\":\"https:\\\/\\\/fjala.info\\\/2009-2015\\\/#\\\/schema\\\/person\\\/3aa1163ef05469c496fc94e77611ada2\",\"name\":\"admin\",\"image\":{\"@type\":\"ImageObject\",\"inLanguage\":\"sq-AL\",\"@id\":\"https:\\\/\\\/fjala.info\\\/2009-2015\\\/wp-content\\\/uploads\\\/2012\\\/02\\\/arben_cokaj-120x150.jpg\",\"url\":\"https:\\\/\\\/fjala.info\\\/2009-2015\\\/wp-content\\\/uploads\\\/2012\\\/02\\\/arben_cokaj-120x150.jpg\",\"contentUrl\":\"https:\\\/\\\/fjala.info\\\/2009-2015\\\/wp-content\\\/uploads\\\/2012\\\/02\\\/arben_cokaj-120x150.jpg\",\"caption\":\"admin\"},\"description\":\"Admin, Fjala e Lir\u00eb\",\"sameAs\":[\"https:\\\/\\\/fjala.info\\\/\"],\"url\":\"https:\\\/\\\/fjala.info\\\/2009-2015\\\/author\\\/admin\\\/\"}]}<\/script>\n<!-- \/ Yoast SEO plugin. -->","yoast_head_json":{"title":"Po u hap\u00ebn dosjet, Shqip\u00ebria mbetet pa kryeminist\u00ebr, pa kryetare kuvendi, pa ministra, pa deputet\u00eb\u2026 - FjALA e LIR\u00cb - Arkivi","robots":{"index":"index","follow":"follow","max-snippet":"max-snippet:-1","max-image-preview":"max-image-preview:large","max-video-preview":"max-video-preview:-1"},"canonical":"https:\/\/fjala.info\/2009-2015\/po-u-hapen-dosjet-shqiperia-mbetet-pa-kryeminister-pa-kryetare-kuvendi-pa-ministra-pa-deputete\/","og_locale":"sq_AL","og_type":"article","og_title":"Po u hap\u00ebn dosjet, Shqip\u00ebria mbetet pa kryeminist\u00ebr, pa kryetare kuvendi, pa ministra, pa deputet\u00eb\u2026 - FjALA e LIR\u00cb - Arkivi","og_description":"Nga Kledian Lula, 7 Mars 2012 Qysh n\u00eb fillim t\u00eb muajit maj 2006, K\u00ebshilli i Europ\u00ebs caktoi dhe k\u00ebrkoi si kusht prej parlamentit shqiptar, hapjen p\u00ebrfundimisht t\u00eb dosjeve t\u00eb spiun\u00ebve t\u00eb ish-sigurimit t\u00eb shtetit. Kryeministri Sali Berisha premtoi se dosjet do t\u00eb hapeshin brenda vitit 2006. Por projekt-ligji i hapjes s\u00eb dosjeve, i p\u00ebrgatitur nga [&hellip;]","og_url":"https:\/\/fjala.info\/2009-2015\/po-u-hapen-dosjet-shqiperia-mbetet-pa-kryeminister-pa-kryetare-kuvendi-pa-ministra-pa-deputete\/","og_site_name":"FjALA e LIR\u00cb - Arkivi","article_published_time":"2012-03-07T23:01:16+00:00","og_image":[{"url":"http:\/\/www.shkoder.net\/2012\/berisha_simon_stefani.jpg","type":"","width":"","height":""}],"author":"admin","twitter_card":"summary_large_image","twitter_misc":{"Written by":"admin","Est. reading time":"8 minutes"},"schema":{"@context":"https:\/\/schema.org","@graph":[{"@type":"Article","@id":"https:\/\/fjala.info\/2009-2015\/po-u-hapen-dosjet-shqiperia-mbetet-pa-kryeminister-pa-kryetare-kuvendi-pa-ministra-pa-deputete\/#article","isPartOf":{"@id":"https:\/\/fjala.info\/2009-2015\/po-u-hapen-dosjet-shqiperia-mbetet-pa-kryeminister-pa-kryetare-kuvendi-pa-ministra-pa-deputete\/"},"author":{"name":"admin","@id":"https:\/\/fjala.info\/2009-2015\/#\/schema\/person\/3aa1163ef05469c496fc94e77611ada2"},"headline":"Po u hap\u00ebn dosjet, Shqip\u00ebria mbetet pa kryeminist\u00ebr, pa kryetare kuvendi, pa ministra, pa deputet\u00eb\u2026","datePublished":"2012-03-07T23:01:16+00:00","mainEntityOfPage":{"@id":"https:\/\/fjala.info\/2009-2015\/po-u-hapen-dosjet-shqiperia-mbetet-pa-kryeminister-pa-kryetare-kuvendi-pa-ministra-pa-deputete\/"},"wordCount":1592,"commentCount":0,"publisher":{"@id":"https:\/\/fjala.info\/2009-2015\/#organization"},"image":{"@id":"https:\/\/fjala.info\/2009-2015\/po-u-hapen-dosjet-shqiperia-mbetet-pa-kryeminister-pa-kryetare-kuvendi-pa-ministra-pa-deputete\/#primaryimage"},"thumbnailUrl":"http:\/\/www.shkoder.net\/2012\/berisha_simon_stefani.jpg","articleSection":["Artikuj"],"inLanguage":"sq-AL","potentialAction":[{"@type":"CommentAction","name":"Comment","target":["https:\/\/fjala.info\/2009-2015\/po-u-hapen-dosjet-shqiperia-mbetet-pa-kryeminister-pa-kryetare-kuvendi-pa-ministra-pa-deputete\/#respond"]}]},{"@type":"WebPage","@id":"https:\/\/fjala.info\/2009-2015\/po-u-hapen-dosjet-shqiperia-mbetet-pa-kryeminister-pa-kryetare-kuvendi-pa-ministra-pa-deputete\/","url":"https:\/\/fjala.info\/2009-2015\/po-u-hapen-dosjet-shqiperia-mbetet-pa-kryeminister-pa-kryetare-kuvendi-pa-ministra-pa-deputete\/","name":"Po u hap\u00ebn dosjet, Shqip\u00ebria mbetet pa kryeminist\u00ebr, pa kryetare kuvendi, pa ministra, pa deputet\u00eb\u2026 - FjALA e LIR\u00cb - Arkivi","isPartOf":{"@id":"https:\/\/fjala.info\/2009-2015\/#website"},"primaryImageOfPage":{"@id":"https:\/\/fjala.info\/2009-2015\/po-u-hapen-dosjet-shqiperia-mbetet-pa-kryeminister-pa-kryetare-kuvendi-pa-ministra-pa-deputete\/#primaryimage"},"image":{"@id":"https:\/\/fjala.info\/2009-2015\/po-u-hapen-dosjet-shqiperia-mbetet-pa-kryeminister-pa-kryetare-kuvendi-pa-ministra-pa-deputete\/#primaryimage"},"thumbnailUrl":"http:\/\/www.shkoder.net\/2012\/berisha_simon_stefani.jpg","datePublished":"2012-03-07T23:01:16+00:00","breadcrumb":{"@id":"https:\/\/fjala.info\/2009-2015\/po-u-hapen-dosjet-shqiperia-mbetet-pa-kryeminister-pa-kryetare-kuvendi-pa-ministra-pa-deputete\/#breadcrumb"},"inLanguage":"sq-AL","potentialAction":[{"@type":"ReadAction","target":["https:\/\/fjala.info\/2009-2015\/po-u-hapen-dosjet-shqiperia-mbetet-pa-kryeminister-pa-kryetare-kuvendi-pa-ministra-pa-deputete\/"]}]},{"@type":"ImageObject","inLanguage":"sq-AL","@id":"https:\/\/fjala.info\/2009-2015\/po-u-hapen-dosjet-shqiperia-mbetet-pa-kryeminister-pa-kryetare-kuvendi-pa-ministra-pa-deputete\/#primaryimage","url":"http:\/\/www.shkoder.net\/2012\/berisha_simon_stefani.jpg","contentUrl":"http:\/\/www.shkoder.net\/2012\/berisha_simon_stefani.jpg"},{"@type":"BreadcrumbList","@id":"https:\/\/fjala.info\/2009-2015\/po-u-hapen-dosjet-shqiperia-mbetet-pa-kryeminister-pa-kryetare-kuvendi-pa-ministra-pa-deputete\/#breadcrumb","itemListElement":[{"@type":"ListItem","position":1,"name":"Home","item":"https:\/\/fjala.info\/2009-2015\/"},{"@type":"ListItem","position":2,"name":"Po u hap\u00ebn dosjet, Shqip\u00ebria mbetet pa kryeminist\u00ebr, pa kryetare kuvendi, pa ministra, pa deputet\u00eb\u2026"}]},{"@type":"WebSite","@id":"https:\/\/fjala.info\/2009-2015\/#website","url":"https:\/\/fjala.info\/2009-2015\/","name":"FjALA e LIR\u00cb - Arkivi","description":"Arkivi 2009-2015","publisher":{"@id":"https:\/\/fjala.info\/2009-2015\/#organization"},"potentialAction":[{"@type":"SearchAction","target":{"@type":"EntryPoint","urlTemplate":"https:\/\/fjala.info\/2009-2015\/?s={search_term_string}"},"query-input":{"@type":"PropertyValueSpecification","valueRequired":true,"valueName":"search_term_string"}}],"inLanguage":"sq-AL"},{"@type":"Organization","@id":"https:\/\/fjala.info\/2009-2015\/#organization","name":"FjALA e LIR\u00cb - Arkivi","url":"https:\/\/fjala.info\/2009-2015\/","logo":{"@type":"ImageObject","inLanguage":"sq-AL","@id":"https:\/\/fjala.info\/2009-2015\/#\/schema\/logo\/image\/","url":"","contentUrl":"","caption":"FjALA e LIR\u00cb - Arkivi"},"image":{"@id":"https:\/\/fjala.info\/2009-2015\/#\/schema\/logo\/image\/"}},{"@type":"Person","@id":"https:\/\/fjala.info\/2009-2015\/#\/schema\/person\/3aa1163ef05469c496fc94e77611ada2","name":"admin","image":{"@type":"ImageObject","inLanguage":"sq-AL","@id":"https:\/\/fjala.info\/2009-2015\/wp-content\/uploads\/2012\/02\/arben_cokaj-120x150.jpg","url":"https:\/\/fjala.info\/2009-2015\/wp-content\/uploads\/2012\/02\/arben_cokaj-120x150.jpg","contentUrl":"https:\/\/fjala.info\/2009-2015\/wp-content\/uploads\/2012\/02\/arben_cokaj-120x150.jpg","caption":"admin"},"description":"Admin, Fjala e Lir\u00eb","sameAs":["https:\/\/fjala.info\/"],"url":"https:\/\/fjala.info\/2009-2015\/author\/admin\/"}]}},"_links":{"self":[{"href":"https:\/\/fjala.info\/2009-2015\/wp-json\/wp\/v2\/posts\/2081","targetHints":{"allow":["GET"]}}],"collection":[{"href":"https:\/\/fjala.info\/2009-2015\/wp-json\/wp\/v2\/posts"}],"about":[{"href":"https:\/\/fjala.info\/2009-2015\/wp-json\/wp\/v2\/types\/post"}],"author":[{"embeddable":true,"href":"https:\/\/fjala.info\/2009-2015\/wp-json\/wp\/v2\/users\/1"}],"replies":[{"embeddable":true,"href":"https:\/\/fjala.info\/2009-2015\/wp-json\/wp\/v2\/comments?post=2081"}],"version-history":[{"count":0,"href":"https:\/\/fjala.info\/2009-2015\/wp-json\/wp\/v2\/posts\/2081\/revisions"}],"wp:attachment":[{"href":"https:\/\/fjala.info\/2009-2015\/wp-json\/wp\/v2\/media?parent=2081"}],"wp:term":[{"taxonomy":"category","embeddable":true,"href":"https:\/\/fjala.info\/2009-2015\/wp-json\/wp\/v2\/categories?post=2081"},{"taxonomy":"post_tag","embeddable":true,"href":"https:\/\/fjala.info\/2009-2015\/wp-json\/wp\/v2\/tags?post=2081"}],"curies":[{"name":"wp","href":"https:\/\/api.w.org\/{rel}","templated":true}]}}