{"id":208,"date":"2011-11-17T12:11:43","date_gmt":"2011-11-17T11:11:43","guid":{"rendered":"http:\/\/fjala.shkoder.net\/?p=208"},"modified":"2011-11-17T12:11:43","modified_gmt":"2011-11-17T11:11:43","slug":"koha-e-antivlerave","status":"publish","type":"post","link":"https:\/\/fjala.info\/2009-2015\/koha-e-antivlerave\/","title":{"rendered":"Koha e antivlerave!"},"content":{"rendered":"<p><img decoding=\"async\" class=\"alignleft size-thumbnail wp-image-7236\" title=\"Isidor Koti\" src=\"http:\/\/www.shkoder.net\/images\/fjala\/isidor_koti.jpg\" alt=\"\" width=\"150\" \/> Nga <strong>Isidor Koti<\/strong>, <em>17 n\u00ebntor 2011<\/em><\/p>\n<p>E ndiejm\u00eb instiktivisht se ritmi i tyre i ftoht\u00eb e tep\u00ebr i ngadalt\u00eb \u00ebsht\u00eb si di\u00e7ka e huaj p\u00ebr ritmin e gjakut ton\u00eb t\u00eb shqet\u00ebsuar dhe nuk p\u00ebrputhet me ritmin e p\u00ebrshpejtuar t\u00eb koh\u00ebs.<\/p>\n<p>U b\u00ebn\u00eb jo pak, plot dy dekada, q\u00eb shqiptar\u00ebt jetojn\u00eb nd\u00ebrmjet t\u00eb kaluar\u00ebs dhe t\u00eb tashmes, me shpresa p\u00ebr t\u00eb ardhmen. N\u00eb nj\u00ebfar\u00eb m\u00ebnyre jemi ende ta pastabilizuar, nj\u00eb pjes\u00eb e mir\u00eb e jona pa kurrfar\u00eb identiteti. Ata dhe ato q\u00eb dominojn\u00eb jan\u00eb thuajse t\u00eb paemancipuar, por kan\u00eb fuqi vendos\u00ebse. Vendosin p\u00ebr vlerat duke krijuar vlera t\u00eb reja, t\u00eb paq\u00ebndrueshme, t\u00eb \u00e7oroditura. K\u00ebshtu, vlerat e p\u00ebrhershme intelektuale, artistike, letrare, shkencore, profesionale, morale, njer\u00ebzore dal\u00ebngadal\u00eb z\u00ebvend\u00ebsohen me rruga\u00e7\u00ebri, p\u00ebrtac\u00ebri, mashtrime, vjedhje, g\u00ebnjeshtra, arroganc\u00eb, k\u00ebrc\u00ebnime, dhun\u00eb psikologjike, dhun\u00eb fizike etj.<\/p>\n<p>N\u00eb t\u00eb gjitha nivelet dominon dhe p\u00ebrhapet mediokriteti. Dominon abuzimi me njer\u00ebzit, me mjetet tona materiale, me vlerat e p\u00ebrgjithshme. E th\u00ebn\u00eb cop\u00eb, zhvillohet betej\u00eb e fuqishme nd\u00ebrmjet dy skajshm\u00ebrive: vlerave dhe antivlerave. Antivlerat jan\u00eb m\u00eb ta fuqishme sepse kan\u00eb shtrirje m\u00eb t\u00eb gjer\u00eb, sepse i kan\u00eb n\u00eb dor\u00eb t\u00eb gjitha mjetet, edhe ato propagandistike, t\u00eb etiketimeve primitive, t\u00eb q\u00ebllimshme, p\u00ebr t\u00eb d\u00ebrmuar kund\u00ebrshtar\u00ebt, plangprish\u00ebsit q\u00eb n\u00eb heshtje, n\u00ebn zhurm\u00ebn e batak\u00e7injve, lexojn\u00eb dhe mundohen t\u00eb krijojn\u00eb di\u00e7ka q\u00eb do t\u2019u sh\u00ebrbej\u00eb edhe f\u00ebmij\u00ebve t\u00eb tyre.<\/p>\n<p>\u00cbsht\u00eb e tmerrshme, trishtuese, sepse sistemi i ri nuk e ndihmoi individin e n\u00ebp\u00ebrk\u00ebmbur. P\u00ebrkundrazi, krijoi jo sistem, por individ\u00eb q\u00eb n\u00ebp\u00ebrk\u00ebmbin. Prandaj, tashm\u00eb faji nuk q\u00ebndron te sistemi, por te individi, te ne t\u00eb gjith\u00eb. Tani \u00ebsht\u00eb koha e antivlerave! Ka ikur koha e vlerave. N\u00ebse n\u00eb t\u00eb p\u00ebrditshmen nuk je n\u00eb nivelin e boom-ve harrohesh n\u00eb skutat e paaft\u00ebsis\u00eb, n\u00eb skutat e mjerimit t\u00eb profesionit ku s\u2019ke \u00e7far\u00eb i duhesh edhe dreqit. P\u00ebrgjigja q\u00eb t\u00eb kthehet \u00ebsht\u00eb e rrufeshme: \u201cKush \u00ebsht\u00eb i zoti t\u00eb ec\u00eb p\u00ebrpara. Kush nuk \u00ebsht\u00eb \u201ct\u00eb marr\u00eb trenin\u201d. <\/p>\n<p>Jemi n\u00eb kapitaliz\u00ebm, jo n\u00eb komuniz\u00ebm\u201d. N\u00eb fakt, sot \u00ebsht\u00eb koha e konsumit, njer\u00ebzit p\u00ebrtypin pa filtruar, pasi kriteret e vler\u00ebsimit dhe t\u00eb ngritjes nuk bazohen m\u00eb n\u00eb vlera dhe moral, t\u00eb cilat e ngren\u00eb nivelin kulturor t\u00eb gjith\u00eb shoq\u00ebris\u00eb, por n\u00eb inversin e k\u00ebtyre vlerave. Sot po ofendove, po u zhveshe, po qave, po qeshe, po u shite je kthyer automatikisht n\u00eb Njeri t\u00eb v\u00ebrtet\u00eb. Dhe k\u00ebto anti-vlera q\u00eb po g\u00eblojn\u00eb n\u00eb jet\u00ebn ton\u00eb t\u00eb p\u00ebrditshme nuk b\u00ebjn\u00eb gj\u00eb tjet\u00ebr, ve\u00e7se e shkat\u00ebrrojn\u00eb gjithnj\u00eb e m\u00eb shum\u00eb organizmin e shoq\u00ebris\u00eb son\u00eb.<\/p>\n<p>Format e k\u00ebtij degradimi moral jan\u00eb t\u00eb shumt\u00eb por, mbi t\u00eb gjitha, ajo q\u00eb duhet t\u00eb na brengos seriozisht \u00ebsht\u00eb se ato nisen dhe zyrtarizohen q\u00eb nga nivelet m\u00eb t\u00eb larta t\u00eb hierarkis\u00eb politike vendimmarr\u00ebse shtet\u00ebrore. Pra, fillojn\u00eb nga koka dhe shprehen n\u00eb form\u00eb t\u00eb antivler\u00ebs dhe mediokritetit. K\u00ebsaj, fillimisht i paraprijn\u00eb procesi i imponimit t\u00eb tyre si autoritete t\u00eb rrejshme shoq\u00ebrore, e q\u00eb, m\u00eb von\u00eb, n\u00eb bindjet tona na familjarizohen si personalitete t\u00eb shquara me vlera t\u00eb larta profesionale. <\/p>\n<p>T\u00eb besosh se t\u00eb pa emancipuarit, t\u00eb pa shkolluarit, t\u00eb pa aft\u00ebt dhe militant\u00ebt mund ta zhvillojn\u00eb vendin ton\u00eb paralelisht me vendet e tjera t\u00eb zhvilluar \u00ebsht\u00eb nj\u00eb lloj sikur t\u00eb pres\u00ebsh t\u00eb ziej\u00eb fasulja q\u00eb Nastradini e kishte hequr nga furnela dhe e kishte vendosur n\u00eb dritare p\u00ebr ta zier dielli. Qasja me kritere partiake ndaj vlerave dhe antivlerave t\u00eb kultur\u00ebs komb\u00ebtare provon t\u00eb \u00e7&#8217;niveli jan\u00eb p\u00ebrfaq\u00ebsuesit tan\u00eb, po edhe se si po rr\u00ebshqet teposht\u00eb peshorja komb\u00ebtare e merit\u00ebs dhe e nderimit, peshore q\u00eb mban gjall\u00eb kombet e qytet\u00ebruar!<\/p>\n<p>\u00c7do mal e di barr\u00ebn e vet, thot\u00eb nj\u00eb proverb popullor. \u00c7dokush peshon n\u00eb kandarin e vet, \u00ebsht\u00eb pok\u00ebshtu nj\u00eb proverb tjet\u00ebr. \u00c7do sistem ka rregullat dhe vlerat e veta q\u00eb p\u00ebrpiqet t\u2019i promovoj\u00eb si m\u00eb t\u00eb q\u00ebndrueshmet. Pra, vlerat q\u00eb prodhohen duhet t\u00eb reflektonin t\u00eb mir\u00ebn e p\u00ebrgjithshme t\u00eb p\u00ebrcaktuar nga nj\u00eb qend\u00ebr q\u00eb \u201cp\u00ebrkujdesej\u201d p\u00ebr gjith\u00e7ka. Edhe p\u00ebr nevojat e shtetit, edhe p\u00ebr nevojat e individ\u00ebve, sepse n\u00eb fund t\u00eb fundit individ\u00ebt e p\u00ebrb\u00ebjn\u00eb shtetin. <\/p>\n<p>Por, un\u00eb po pyes: n\u00eb \u00e7far\u00eb raporti q\u00ebndron shteti me individin? N\u00eb raport kund\u00ebrshtues. Pse? Sepse roli i individit \u00ebsht\u00eb krejt\u00ebsisht i margjinalizuar. Individi \u00ebsht\u00eb i tjet\u00ebrsuar dhe si rrjedhoj\u00eb hapat e tij jan\u00eb skajshm\u00ebrisht t\u00eb kontrolluar dhe t\u00eb orientuar. Roli, kreacioni, aft\u00ebsia e tij individuale intelektuale pothuajse \u00ebsht\u00eb e pamundur t\u00eb shprehen. Vet\u00eb sistemi nuk prodhon begati dhe vlera t\u00eb mir\u00ebfillta intelektuale.<\/p>\n<p>Shembull tipik i ndryshimit t\u00eb vlerave t\u00eb djeshme, duke i kthyer n\u00eb vlera t\u00eb sotme, jan\u00eb t\u00eb gjitha shoq\u00ebrit\u00eb dhe shtetet europiane, t\u00eb cilat jan\u00eb shquar p\u00ebr tradit\u00ebn e tyre t\u00eb fort\u00eb si: Spanja, Suedia, Italia, Belgjika, Polonia, etj. Ishin k\u00ebto shtete, t\u00eb cilat gjat\u00eb viteve 70\u2019-80\u2019 t\u00eb shekullit XX, thyen tabut\u00eb dymij\u00ebvje\u00e7are, duke i kthyer antivlerat n\u00eb vlera. Tipar kryesor i k\u00ebtyre dekadave u b\u00eb individualizmi i theksuar, t\u00eb cilin n\u00eb form\u00ebn m\u00eb kon\u00e7ize t\u00eb tij e p\u00ebrcaktoi kryeministria britanike e asaj kohe M. Thatcher (1979-1991), duke th\u00ebn\u00eb se: \u201cNuk ka shoq\u00ebri, por vet\u00ebm individ\u00eb.\u201d <\/p>\n<p>Sot, pas shum\u00eb vitesh e dekadash regresi e shtypjeje edhe \u201cPranvera e vendeve arabe\u201d, tregoi se tirania e sunduesve t\u00eb paligjsh\u00ebm nuk mund t\u00eb mbahet dhe s\u2019ka si t\u00eb ekzistoj\u00eb n\u00eb k\u00ebt\u00eb mij\u00ebvje\u00e7ar! N\u00eb fund le ta mbyllim me nj\u00eb shprehje t\u00eb vjet\u00ebr popullore, por me shum\u00eb kuptim. \u201cNjeriu ka brenda qenies s\u00eb tij edhe delen, edhe ujkun. Varet k\u00eb ushqen m\u00eb shum\u00eb\u201d. K\u00ebto dy dekada ne shqiptar\u00ebt kemi ushqyer m\u00eb shum\u00eb dhe e kemi \u201cfryr\u00eb\u201d ujkun.<\/p>\n","protected":false},"excerpt":{"rendered":"<p>Nga Isidor Koti, 17 n\u00ebntor 2011 E ndiejm\u00eb instiktivisht se ritmi i tyre i ftoht\u00eb e tep\u00ebr i ngadalt\u00eb \u00ebsht\u00eb si di\u00e7ka e huaj p\u00ebr ritmin e gjakut ton\u00eb t\u00eb shqet\u00ebsuar dhe nuk p\u00ebrputhet me ritmin e p\u00ebrshpejtuar t\u00eb koh\u00ebs. U b\u00ebn\u00eb jo pak, plot dy dekada, q\u00eb shqiptar\u00ebt jetojn\u00eb nd\u00ebrmjet t\u00eb kaluar\u00ebs dhe t\u00eb [&hellip;]<\/p>\n","protected":false},"author":1,"featured_media":0,"comment_status":"open","ping_status":"closed","sticky":false,"template":"","format":"standard","meta":{"footnotes":""},"categories":[2],"tags":[],"class_list":{"0":"post-208","1":"post","2":"type-post","3":"status-publish","4":"format-standard","6":"category-artikuj"},"yoast_head":"<!-- This site is optimized with the Yoast SEO plugin v27.4 - https:\/\/yoast.com\/product\/yoast-seo-wordpress\/ -->\n<title>Koha e antivlerave! - FjALA e LIR\u00cb - Arkivi<\/title>\n<meta name=\"robots\" content=\"index, follow, max-snippet:-1, max-image-preview:large, max-video-preview:-1\" \/>\n<link rel=\"canonical\" href=\"https:\/\/fjala.info\/2009-2015\/koha-e-antivlerave\/\" \/>\n<meta property=\"og:locale\" content=\"sq_AL\" \/>\n<meta property=\"og:type\" content=\"article\" \/>\n<meta property=\"og:title\" content=\"Koha e antivlerave! - FjALA e LIR\u00cb - Arkivi\" \/>\n<meta property=\"og:description\" content=\"Nga Isidor Koti, 17 n\u00ebntor 2011 E ndiejm\u00eb instiktivisht se ritmi i tyre i ftoht\u00eb e tep\u00ebr i ngadalt\u00eb \u00ebsht\u00eb si di\u00e7ka e huaj p\u00ebr ritmin e gjakut ton\u00eb t\u00eb shqet\u00ebsuar dhe nuk p\u00ebrputhet me ritmin e p\u00ebrshpejtuar t\u00eb koh\u00ebs. U b\u00ebn\u00eb jo pak, plot dy dekada, q\u00eb shqiptar\u00ebt jetojn\u00eb nd\u00ebrmjet t\u00eb kaluar\u00ebs dhe t\u00eb [&hellip;]\" \/>\n<meta property=\"og:url\" content=\"https:\/\/fjala.info\/2009-2015\/koha-e-antivlerave\/\" \/>\n<meta property=\"og:site_name\" content=\"FjALA e LIR\u00cb - Arkivi\" \/>\n<meta property=\"article:published_time\" content=\"2011-11-17T11:11:43+00:00\" \/>\n<meta property=\"og:image\" content=\"http:\/\/www.shkoder.net\/images\/fjala\/isidor_koti.jpg\" \/>\n<meta name=\"author\" content=\"admin\" \/>\n<meta name=\"twitter:card\" content=\"summary_large_image\" \/>\n<meta name=\"twitter:label1\" content=\"Written by\" \/>\n\t<meta name=\"twitter:data1\" content=\"admin\" \/>\n\t<meta name=\"twitter:label2\" content=\"Est. reading time\" \/>\n\t<meta name=\"twitter:data2\" content=\"5 minutes\" \/>\n<script type=\"application\/ld+json\" class=\"yoast-schema-graph\">{\"@context\":\"https:\\\/\\\/schema.org\",\"@graph\":[{\"@type\":\"Article\",\"@id\":\"https:\\\/\\\/fjala.info\\\/2009-2015\\\/koha-e-antivlerave\\\/#article\",\"isPartOf\":{\"@id\":\"https:\\\/\\\/fjala.info\\\/2009-2015\\\/koha-e-antivlerave\\\/\"},\"author\":{\"name\":\"admin\",\"@id\":\"https:\\\/\\\/fjala.info\\\/2009-2015\\\/#\\\/schema\\\/person\\\/3aa1163ef05469c496fc94e77611ada2\"},\"headline\":\"Koha e antivlerave!\",\"datePublished\":\"2011-11-17T11:11:43+00:00\",\"mainEntityOfPage\":{\"@id\":\"https:\\\/\\\/fjala.info\\\/2009-2015\\\/koha-e-antivlerave\\\/\"},\"wordCount\":1030,\"commentCount\":0,\"publisher\":{\"@id\":\"https:\\\/\\\/fjala.info\\\/2009-2015\\\/#organization\"},\"image\":{\"@id\":\"https:\\\/\\\/fjala.info\\\/2009-2015\\\/koha-e-antivlerave\\\/#primaryimage\"},\"thumbnailUrl\":\"http:\\\/\\\/www.shkoder.net\\\/images\\\/fjala\\\/isidor_koti.jpg\",\"articleSection\":[\"Artikuj\"],\"inLanguage\":\"sq-AL\",\"potentialAction\":[{\"@type\":\"CommentAction\",\"name\":\"Comment\",\"target\":[\"https:\\\/\\\/fjala.info\\\/2009-2015\\\/koha-e-antivlerave\\\/#respond\"]}]},{\"@type\":\"WebPage\",\"@id\":\"https:\\\/\\\/fjala.info\\\/2009-2015\\\/koha-e-antivlerave\\\/\",\"url\":\"https:\\\/\\\/fjala.info\\\/2009-2015\\\/koha-e-antivlerave\\\/\",\"name\":\"Koha e antivlerave! - FjALA e LIR\u00cb - Arkivi\",\"isPartOf\":{\"@id\":\"https:\\\/\\\/fjala.info\\\/2009-2015\\\/#website\"},\"primaryImageOfPage\":{\"@id\":\"https:\\\/\\\/fjala.info\\\/2009-2015\\\/koha-e-antivlerave\\\/#primaryimage\"},\"image\":{\"@id\":\"https:\\\/\\\/fjala.info\\\/2009-2015\\\/koha-e-antivlerave\\\/#primaryimage\"},\"thumbnailUrl\":\"http:\\\/\\\/www.shkoder.net\\\/images\\\/fjala\\\/isidor_koti.jpg\",\"datePublished\":\"2011-11-17T11:11:43+00:00\",\"breadcrumb\":{\"@id\":\"https:\\\/\\\/fjala.info\\\/2009-2015\\\/koha-e-antivlerave\\\/#breadcrumb\"},\"inLanguage\":\"sq-AL\",\"potentialAction\":[{\"@type\":\"ReadAction\",\"target\":[\"https:\\\/\\\/fjala.info\\\/2009-2015\\\/koha-e-antivlerave\\\/\"]}]},{\"@type\":\"ImageObject\",\"inLanguage\":\"sq-AL\",\"@id\":\"https:\\\/\\\/fjala.info\\\/2009-2015\\\/koha-e-antivlerave\\\/#primaryimage\",\"url\":\"http:\\\/\\\/www.shkoder.net\\\/images\\\/fjala\\\/isidor_koti.jpg\",\"contentUrl\":\"http:\\\/\\\/www.shkoder.net\\\/images\\\/fjala\\\/isidor_koti.jpg\"},{\"@type\":\"BreadcrumbList\",\"@id\":\"https:\\\/\\\/fjala.info\\\/2009-2015\\\/koha-e-antivlerave\\\/#breadcrumb\",\"itemListElement\":[{\"@type\":\"ListItem\",\"position\":1,\"name\":\"Home\",\"item\":\"https:\\\/\\\/fjala.info\\\/2009-2015\\\/\"},{\"@type\":\"ListItem\",\"position\":2,\"name\":\"Koha e antivlerave!\"}]},{\"@type\":\"WebSite\",\"@id\":\"https:\\\/\\\/fjala.info\\\/2009-2015\\\/#website\",\"url\":\"https:\\\/\\\/fjala.info\\\/2009-2015\\\/\",\"name\":\"FjALA e LIR\u00cb - Arkivi\",\"description\":\"Arkivi 2009-2015\",\"publisher\":{\"@id\":\"https:\\\/\\\/fjala.info\\\/2009-2015\\\/#organization\"},\"potentialAction\":[{\"@type\":\"SearchAction\",\"target\":{\"@type\":\"EntryPoint\",\"urlTemplate\":\"https:\\\/\\\/fjala.info\\\/2009-2015\\\/?s={search_term_string}\"},\"query-input\":{\"@type\":\"PropertyValueSpecification\",\"valueRequired\":true,\"valueName\":\"search_term_string\"}}],\"inLanguage\":\"sq-AL\"},{\"@type\":\"Organization\",\"@id\":\"https:\\\/\\\/fjala.info\\\/2009-2015\\\/#organization\",\"name\":\"FjALA e LIR\u00cb - Arkivi\",\"url\":\"https:\\\/\\\/fjala.info\\\/2009-2015\\\/\",\"logo\":{\"@type\":\"ImageObject\",\"inLanguage\":\"sq-AL\",\"@id\":\"https:\\\/\\\/fjala.info\\\/2009-2015\\\/#\\\/schema\\\/logo\\\/image\\\/\",\"url\":\"\",\"contentUrl\":\"\",\"caption\":\"FjALA e LIR\u00cb - Arkivi\"},\"image\":{\"@id\":\"https:\\\/\\\/fjala.info\\\/2009-2015\\\/#\\\/schema\\\/logo\\\/image\\\/\"}},{\"@type\":\"Person\",\"@id\":\"https:\\\/\\\/fjala.info\\\/2009-2015\\\/#\\\/schema\\\/person\\\/3aa1163ef05469c496fc94e77611ada2\",\"name\":\"admin\",\"image\":{\"@type\":\"ImageObject\",\"inLanguage\":\"sq-AL\",\"@id\":\"https:\\\/\\\/fjala.info\\\/2009-2015\\\/wp-content\\\/uploads\\\/2012\\\/02\\\/arben_cokaj-120x150.jpg\",\"url\":\"https:\\\/\\\/fjala.info\\\/2009-2015\\\/wp-content\\\/uploads\\\/2012\\\/02\\\/arben_cokaj-120x150.jpg\",\"contentUrl\":\"https:\\\/\\\/fjala.info\\\/2009-2015\\\/wp-content\\\/uploads\\\/2012\\\/02\\\/arben_cokaj-120x150.jpg\",\"caption\":\"admin\"},\"description\":\"Admin, Fjala e Lir\u00eb\",\"sameAs\":[\"https:\\\/\\\/fjala.info\\\/\"],\"url\":\"https:\\\/\\\/fjala.info\\\/2009-2015\\\/author\\\/admin\\\/\"}]}<\/script>\n<!-- \/ Yoast SEO plugin. -->","yoast_head_json":{"title":"Koha e antivlerave! - FjALA e LIR\u00cb - Arkivi","robots":{"index":"index","follow":"follow","max-snippet":"max-snippet:-1","max-image-preview":"max-image-preview:large","max-video-preview":"max-video-preview:-1"},"canonical":"https:\/\/fjala.info\/2009-2015\/koha-e-antivlerave\/","og_locale":"sq_AL","og_type":"article","og_title":"Koha e antivlerave! - FjALA e LIR\u00cb - Arkivi","og_description":"Nga Isidor Koti, 17 n\u00ebntor 2011 E ndiejm\u00eb instiktivisht se ritmi i tyre i ftoht\u00eb e tep\u00ebr i ngadalt\u00eb \u00ebsht\u00eb si di\u00e7ka e huaj p\u00ebr ritmin e gjakut ton\u00eb t\u00eb shqet\u00ebsuar dhe nuk p\u00ebrputhet me ritmin e p\u00ebrshpejtuar t\u00eb koh\u00ebs. U b\u00ebn\u00eb jo pak, plot dy dekada, q\u00eb shqiptar\u00ebt jetojn\u00eb nd\u00ebrmjet t\u00eb kaluar\u00ebs dhe t\u00eb [&hellip;]","og_url":"https:\/\/fjala.info\/2009-2015\/koha-e-antivlerave\/","og_site_name":"FjALA e LIR\u00cb - Arkivi","article_published_time":"2011-11-17T11:11:43+00:00","og_image":[{"url":"http:\/\/www.shkoder.net\/images\/fjala\/isidor_koti.jpg","type":"","width":"","height":""}],"author":"admin","twitter_card":"summary_large_image","twitter_misc":{"Written by":"admin","Est. reading time":"5 minutes"},"schema":{"@context":"https:\/\/schema.org","@graph":[{"@type":"Article","@id":"https:\/\/fjala.info\/2009-2015\/koha-e-antivlerave\/#article","isPartOf":{"@id":"https:\/\/fjala.info\/2009-2015\/koha-e-antivlerave\/"},"author":{"name":"admin","@id":"https:\/\/fjala.info\/2009-2015\/#\/schema\/person\/3aa1163ef05469c496fc94e77611ada2"},"headline":"Koha e antivlerave!","datePublished":"2011-11-17T11:11:43+00:00","mainEntityOfPage":{"@id":"https:\/\/fjala.info\/2009-2015\/koha-e-antivlerave\/"},"wordCount":1030,"commentCount":0,"publisher":{"@id":"https:\/\/fjala.info\/2009-2015\/#organization"},"image":{"@id":"https:\/\/fjala.info\/2009-2015\/koha-e-antivlerave\/#primaryimage"},"thumbnailUrl":"http:\/\/www.shkoder.net\/images\/fjala\/isidor_koti.jpg","articleSection":["Artikuj"],"inLanguage":"sq-AL","potentialAction":[{"@type":"CommentAction","name":"Comment","target":["https:\/\/fjala.info\/2009-2015\/koha-e-antivlerave\/#respond"]}]},{"@type":"WebPage","@id":"https:\/\/fjala.info\/2009-2015\/koha-e-antivlerave\/","url":"https:\/\/fjala.info\/2009-2015\/koha-e-antivlerave\/","name":"Koha e antivlerave! - FjALA e LIR\u00cb - Arkivi","isPartOf":{"@id":"https:\/\/fjala.info\/2009-2015\/#website"},"primaryImageOfPage":{"@id":"https:\/\/fjala.info\/2009-2015\/koha-e-antivlerave\/#primaryimage"},"image":{"@id":"https:\/\/fjala.info\/2009-2015\/koha-e-antivlerave\/#primaryimage"},"thumbnailUrl":"http:\/\/www.shkoder.net\/images\/fjala\/isidor_koti.jpg","datePublished":"2011-11-17T11:11:43+00:00","breadcrumb":{"@id":"https:\/\/fjala.info\/2009-2015\/koha-e-antivlerave\/#breadcrumb"},"inLanguage":"sq-AL","potentialAction":[{"@type":"ReadAction","target":["https:\/\/fjala.info\/2009-2015\/koha-e-antivlerave\/"]}]},{"@type":"ImageObject","inLanguage":"sq-AL","@id":"https:\/\/fjala.info\/2009-2015\/koha-e-antivlerave\/#primaryimage","url":"http:\/\/www.shkoder.net\/images\/fjala\/isidor_koti.jpg","contentUrl":"http:\/\/www.shkoder.net\/images\/fjala\/isidor_koti.jpg"},{"@type":"BreadcrumbList","@id":"https:\/\/fjala.info\/2009-2015\/koha-e-antivlerave\/#breadcrumb","itemListElement":[{"@type":"ListItem","position":1,"name":"Home","item":"https:\/\/fjala.info\/2009-2015\/"},{"@type":"ListItem","position":2,"name":"Koha e antivlerave!"}]},{"@type":"WebSite","@id":"https:\/\/fjala.info\/2009-2015\/#website","url":"https:\/\/fjala.info\/2009-2015\/","name":"FjALA e LIR\u00cb - Arkivi","description":"Arkivi 2009-2015","publisher":{"@id":"https:\/\/fjala.info\/2009-2015\/#organization"},"potentialAction":[{"@type":"SearchAction","target":{"@type":"EntryPoint","urlTemplate":"https:\/\/fjala.info\/2009-2015\/?s={search_term_string}"},"query-input":{"@type":"PropertyValueSpecification","valueRequired":true,"valueName":"search_term_string"}}],"inLanguage":"sq-AL"},{"@type":"Organization","@id":"https:\/\/fjala.info\/2009-2015\/#organization","name":"FjALA e LIR\u00cb - Arkivi","url":"https:\/\/fjala.info\/2009-2015\/","logo":{"@type":"ImageObject","inLanguage":"sq-AL","@id":"https:\/\/fjala.info\/2009-2015\/#\/schema\/logo\/image\/","url":"","contentUrl":"","caption":"FjALA e LIR\u00cb - Arkivi"},"image":{"@id":"https:\/\/fjala.info\/2009-2015\/#\/schema\/logo\/image\/"}},{"@type":"Person","@id":"https:\/\/fjala.info\/2009-2015\/#\/schema\/person\/3aa1163ef05469c496fc94e77611ada2","name":"admin","image":{"@type":"ImageObject","inLanguage":"sq-AL","@id":"https:\/\/fjala.info\/2009-2015\/wp-content\/uploads\/2012\/02\/arben_cokaj-120x150.jpg","url":"https:\/\/fjala.info\/2009-2015\/wp-content\/uploads\/2012\/02\/arben_cokaj-120x150.jpg","contentUrl":"https:\/\/fjala.info\/2009-2015\/wp-content\/uploads\/2012\/02\/arben_cokaj-120x150.jpg","caption":"admin"},"description":"Admin, Fjala e Lir\u00eb","sameAs":["https:\/\/fjala.info\/"],"url":"https:\/\/fjala.info\/2009-2015\/author\/admin\/"}]}},"_links":{"self":[{"href":"https:\/\/fjala.info\/2009-2015\/wp-json\/wp\/v2\/posts\/208","targetHints":{"allow":["GET"]}}],"collection":[{"href":"https:\/\/fjala.info\/2009-2015\/wp-json\/wp\/v2\/posts"}],"about":[{"href":"https:\/\/fjala.info\/2009-2015\/wp-json\/wp\/v2\/types\/post"}],"author":[{"embeddable":true,"href":"https:\/\/fjala.info\/2009-2015\/wp-json\/wp\/v2\/users\/1"}],"replies":[{"embeddable":true,"href":"https:\/\/fjala.info\/2009-2015\/wp-json\/wp\/v2\/comments?post=208"}],"version-history":[{"count":0,"href":"https:\/\/fjala.info\/2009-2015\/wp-json\/wp\/v2\/posts\/208\/revisions"}],"wp:attachment":[{"href":"https:\/\/fjala.info\/2009-2015\/wp-json\/wp\/v2\/media?parent=208"}],"wp:term":[{"taxonomy":"category","embeddable":true,"href":"https:\/\/fjala.info\/2009-2015\/wp-json\/wp\/v2\/categories?post=208"},{"taxonomy":"post_tag","embeddable":true,"href":"https:\/\/fjala.info\/2009-2015\/wp-json\/wp\/v2\/tags?post=208"}],"curies":[{"name":"wp","href":"https:\/\/api.w.org\/{rel}","templated":true}]}}