{"id":2072,"date":"2012-03-05T21:00:27","date_gmt":"2012-03-05T20:00:27","guid":{"rendered":"http:\/\/fjala.shkoder.net\/?p=2072"},"modified":"2012-03-05T21:00:27","modified_gmt":"2012-03-05T20:00:27","slug":"redan-bushati-reformat-memushiste-do-ta-shkaterrojne-arsimin-shqiptar","status":"publish","type":"post","link":"https:\/\/fjala.info\/2009-2015\/redan-bushati-reformat-memushiste-do-ta-shkaterrojne-arsimin-shqiptar\/","title":{"rendered":"Redan BUSHATI: Reformat &#8220;memushiste&#8221; do ta shkat\u00ebrrojn\u00eb arsimin shqiptar"},"content":{"rendered":"<p><img decoding=\"async\" class=\"alignright size-thumbnail wp-image-7236\" title=\"Redan Bushati\" src=\"http:\/\/www.shkoder.net\/images\/fjala\/redan_bushati.jpg\" alt=\"\" width=\"150\" \/> <em><strong>Redan Bushati<\/strong>, kryetari i K\u00ebshillit Studentor t\u00eb Universitetit t\u00eb Shkodr\u00ebs (K.S.U.SH) rr\u00ebfehet si asnj\u00ebher\u00eb tjet\u00ebr p\u00ebr portalin m\u00eb t\u00eb madh t\u00eb shqiptar\u00ebve t\u00eb Maqedonis\u00eb, ExPress.mk. N\u00eb intervist\u00ebn e realizuar me z. Bushati, ai flet gjat\u00eb p\u00ebr arsimin shqiptar dhe d\u00ebshtimet e nj\u00ebpasnj\u00ebshme t\u00eb reformave t\u00eb tij 20-vje\u00e7are. Gjithashtu, ai tregon p\u00ebr strukturat studentore dhe angazhimin e student\u00ebve dhe pedagog\u00ebve n\u00eb jet\u00ebn akademike. Mes t\u00eb tjerash, z. Bushati l\u00ebshon akuza t\u00eb ashpra p\u00ebr ato q\u00eb c\u00ebnojn\u00eb dhe shtypin popullin shqiptar, d\u00ebmtojn\u00eb t\u00eb ardhmen e tij dhe cop\u00ebtojn\u00eb \u00e7do dit\u00eb tokat shqiptare.<\/em> P\u00ebr m\u00eb shum\u00eb ndiqni intervist\u00ebn e plot\u00eb:<\/p>\n<p><strong>Cilat jan\u00eb arritjet e K\u00ebshillit Studentor t\u00eb Universitetit t\u00eb Shkodr\u00ebs (K.S.U.SH) q\u00eb kur keni marr\u00eb detyr\u00ebn e kryetarit?<\/strong><br \/>\nMe 30 prill 2010 do t&#8217;ju jepej nj\u00eb mund\u00ebsi triumfi vlerave t\u00eb demokracis\u00eb, liris\u00eb s\u00eb shprehjes e mendimit n\u00ebp\u00ebrmjet vot\u00ebs dhe angazhimit p\u00ebr mbrojtjen e interesave studentore. Si p\u00ebrfundim, demokracia s\u00eb bashku me vlerat e saj triumfuan. F\u00ebmija lindi sh\u00ebndetplot\u00eb. Mir\u00ebrritja e sh\u00ebndetshme e k\u00ebtij f\u00ebmije ishte detyr\u00eb dhe angazhim serioz i yni. K\u00ebshtu, n\u00eb t\u00ebr\u00ebsin\u00eb e vet K\u00ebshilli Studentor i Universitetit t\u00eb Shkodr\u00ebs (K.S.U.SH) shpreh dy q\u00ebllime kryesore: rritjen e vlerave t\u00eb demokracis\u00eb p\u00ebrmes gjith\u00ebp\u00ebrfshirjes dhe p\u00ebrfaq\u00ebsimit sa m\u00eb dinjitoz t\u00eb student\u00ebve dhe kontributit p\u00ebr shtimin e vlerave akademike, sociale dhe qytetare n\u00eb brend\u00ebsi t\u00eb kornizave ushtruese t\u00eb veprimtaris\u00eb s\u00eb tij.<\/p>\n<p>Nuk mund t\u00eb gjendet njeri k\u00ebtejpari, q\u00eb n\u00eb vazhd\u00ebn e jet\u00ebsimit t\u00eb aktiviteteve t\u00eb realizura nga K\u00ebshilli Studentor, t\u00eb deklaroj\u00eb se nuk kemi realizuar fundekrye ve\u00e7se veprimtari me karakter akademik dhe socio-human. Nga aktivitetet sociale vlen t\u00eb p\u00ebrmenden disa prej tyre, si: kontributi n\u00eb Sht\u00ebpin\u00eb e F\u00ebmij\u00ebs Shkod\u00ebr 6-14 vje\u00e7, dhurimi i gjakut p\u00ebr nevojat ekzistenciale t\u00eb talasemik\u00ebve, ndihma p\u00ebr pleq e plaka n\u00eb nevoj\u00eb humane, ndihma financiare dhe materiale p\u00ebr banor\u00ebt e zonave t\u00eb prekura nga p\u00ebrmbytjet n\u00eb Qarkun e Shkodr\u00ebs, pastrimi i plazhit t\u00eb Velipoj\u00ebs turistike dhe mahnit\u00ebse p\u00ebr nga vlerat e dhuntit\u00eb natyrore, pastrimi i mbeturinave p\u00ebrgjat\u00eb Liqenit t\u00eb Shkodr\u00ebs apo edhe n\u00eb lagjen periferike &#8220;Iliria&#8221; t\u00eb qytetit ton\u00eb etj.<\/p>\n<p>Nga aktivitetet t\u00ebr\u00ebsisht dhe thell\u00ebsisht akademike e me nivel t\u00eb lart\u00eb p\u00ebrfaq\u00ebsimi qytetar-intelektual vlen t\u00eb theksohen organizimet tona n\u00eb Bibliotek\u00ebn Universitare Shkencore, n\u00eb sallat moderne t\u00eb konferencave n\u00eb Grand Hotel Europa dhe Colosseo Hotel apo edhe n\u00eb Hotel Tirana apo Sheraton. Nd\u00ebrsa nga bashk\u00ebpunimet dhe lidhjet n\u00eb partneritet reciprok ve\u00e7ojm\u00eb mes tyre ato me IOM, GTZ, OSBE, QSHDNJ, EUIC Shkod\u00ebr etj. N\u00ebp\u00ebrmes bashk\u00ebpunimeve t\u00eb nd\u00ebrsjellta apo vet\u00ebfinancimit t\u00eb aktiviteteve akademike, ne kemi arritur t\u00eb krijojm\u00eb nj\u00eb profil qart\u00ebsisht grup student\u00ebsh europian, q\u00eb k\u00ebrkojn\u00eb p\u00ebr vete dhe jet\u00ebn e tyre akademike kushte m\u00eb t\u00eb pranueshme n\u00eb transmetimin e dijeve, nd\u00ebrtimin e infrastruktur\u00ebs moderne dhe shembuj t\u00eb meritokracis\u00eb s\u00eb vjeljes s\u00eb rezultatave, shum\u00ebher\u00eb t\u00eb munguar p\u00ebrreth nesh.<\/p>\n<p><img decoding=\"async\" class=\"alignleft size-thumbnail wp-image-7236\" title=\"Redan Bushati dhe Albin Kurti\" src=\"http:\/\/www.shkoder.net\/2012\/albin_kurti_redan_bushati.jpg\" alt=\"\" width=\"300\" \/>Nismat e lloj-llojshme, aktivitetet, konferencat, simpoziumet, takimet e thjeshta apo projektet e realizura vet\u00ebm apo n\u00eb partneritet deri m\u00eb tani kan\u00eb arritur t\u00eb grumbullojn\u00eb energji pozitive brenda vetes son\u00eb dhe t\u00eb t\u00ebrheqin v\u00ebmendjen e student\u00ebve dhe pedagog\u00ebve, pa ndihm\u00ebn e shum\u00eb prej t\u00eb cil\u00ebve nuk do t\u00eb kishin marr\u00eb udh\u00eb dhe jet\u00eb e gjith\u00eb kjo veprimari e gjer\u00eb, e cila \u00ebsht\u00eb sh\u00ebrbyese e vlerave akademike dhe kulturore. Gjithashtu, gadishm\u00ebria e treguar prej nesh n\u00eb afrimin e student\u00ebve p\u00ebr llogari t\u00eb Komisionit Qendror t\u00eb Zgjedhjeve (KQZ) n\u00eb sh\u00ebrbim t\u00eb interesave t\u00eb mbrotjes s\u00eb vot\u00ebs s\u00eb zgjedh\u00ebsve shqiptar\u00eb n\u00eb zgjedhjet e fundit t\u00eb qeverisjes vendore, ishin nj\u00eb tregues tjet\u00ebr i kontributit ton\u00eb drejt pozicionimit n\u00eb krahun e vlerave t\u00eb drejta demokratike.<\/p>\n<p>E r\u00ebnd\u00ebsishme t\u00eb thuhet se pa nj\u00eb ekip pune t\u00eb p\u00ebrb\u00ebr\u00eb nga student\u00eb, q\u00eb p\u00ebrfaq\u00ebsojn\u00eb denj\u00ebsisht veten dhe student\u00ebt q\u00eb i kan\u00eb zgjedhur p\u00ebrmes vot\u00ebs s\u00eb tyre, nuk mundet kurrsesi t\u00eb realizohej veprimtaria jon\u00eb universitare. Shtoi faktin p\u00ebrndihmues t\u00eb pun\u00ebve tona edhe nga pedagog\u00eb familjar\u00eb me dijet e zem\u00ebrgjer\u00eb nga karakteri apo edhe segment\u00eb t\u00eb ndrysh\u00ebm drejtues t\u00eb rektoratit, t\u00eb cil\u00ebt gjithmon\u00eb gjet\u00ebn koh\u00ebn dhe durimin p\u00ebr t\u00eb ujdisur s\u00eb bashku pun\u00eb t\u00eb mira drejt q\u00ebllimit final: p\u00ebrmir\u00ebsimit t\u00eb jet\u00ebs akademike.<\/p>\n<p><strong>P\u00ebrse duhet nj\u00eb nx\u00ebn\u00ebs q\u00eb mbaron shkoll\u00ebn e mesme t\u00eb zgjedh Universitetin e Shkodr\u00ebs &#8220;Luigj Gurakuqi&#8221; si universitet t\u00eb ardhsh\u00ebm p\u00ebr t\u00eb studiuar dhe edukuar?<\/strong><br \/>\nSi kryetar i K\u00ebshillit Studentor t\u00eb Universitetit t\u00eb Shkodr\u00ebs (K.S.U.SH) u shpreh mbar\u00eb maturant\u00ebve shqiptar\u00eb n\u00eb Shqip\u00ebri dhe Kosov\u00eb vazhdim\u00ebsi sa m\u00eb t\u00eb suksesshme n\u00eb jet\u00ebn e tyre t\u00eb p\u00ebrzgjedhur akademike. Zgjedhja e secilit maturant p\u00ebr vazhdimin ose jo t\u00eb jet\u00ebs s\u00eb tij akademike duhet t\u00eb p\u00ebrputhet me kapacitetin personal t\u00eb gjith\u00ebsecilit dhe mund\u00ebsive p\u00ebr shtimin e pafund\u00ebm t\u00eb informacionit t\u00eb grumbulluar n\u00eb sh\u00ebrbim t\u00eb nevojave personale-profesionale t\u00eb nx\u00ebnies n\u00eb deg\u00ebn e tyre t\u00eb preferuar. Secili nga ne se \u00ebsht\u00eb i ndrysh\u00ebm \u00ebsht\u00eb edhe unikal. I ndrysh\u00ebm \u00ebsht\u00eb edhe bagazhi yn\u00eb i dijeve. E qen\u00ebsishme \u00ebsht\u00eb t\u00eb vet\u00ebkuptohet r\u00ebnd\u00ebsia e hapit-hedh\u00ebs drejt dyerve t\u00eb universitetit, p\u00ebr t&#8217;i mos shkallmuar ato dhe qelbur mjedisin p\u00ebrreth tij, por p\u00ebr t\u00eb thelluar dijet dhe zgjeruar kultur\u00ebn mbi profesionin t\u00ebnd t\u00eb nes\u00ebrm.<\/p>\n<p>Dua t\u00eb v\u00eb n\u00eb dukje se nga p\u00ebrvoja modeste arrij t\u00eb ndjej klithm\u00ebn p\u00ebrv\u00ebluese t\u00eb sistemit ton\u00eb arsimor t\u00eb katandisur si mos m\u00eb keq nga drejtimi dhe reformat &#8220;memushiste&#8221;. N\u00eb asnj\u00eb vend t\u00eb bot\u00ebs s\u00eb zhvilluar per\u00ebndimore nuk gjendet nj\u00eb situat\u00eb si kjo e jona, ku thuajse t\u00eb gjith\u00eb ato q\u00eb mbarojn\u00eb sistemin e mes\u00ebm arsimor dynden ashp\u00ebrsisht p\u00ebr t\u00eb marr\u00eb veten e tyre n\u00eb qaf\u00eb dhe shoq\u00ebrin\u00eb drejt shkallmimit t\u00eb dyerve t\u00eb institucioneve t\u00eb larta arsimore. Kjo p\u00ebrb\u00ebn kosto t\u00eb m\u00ebdha ekonomike dhe sociale p\u00ebr vendin ton\u00eb. N\u00eb nj\u00ebrin krah kemi \u00e7do vit student\u00eb q\u00eb diplomohen s\u00eb bashku me k\u00ebrkesat n\u00eb shtim t\u00eb tyre p\u00ebr vende pune, e n\u00eb krahun tjet\u00ebr tregu \u00ebsht\u00eb i mbingopur, pasi nuk ka m\u00eb vende t\u00eb lira. Pyetja q\u00eb shtrohet \u00ebsht\u00eb fare e thjesht\u00eb, ku do t\u00eb shkojn\u00eb gjith\u00eb k\u00ebto t\u00eb diplomuar? Cili \u00ebsht\u00eb fati i qindra e mij\u00ebra student\u00ebve q\u00eb dalin t\u00eb diplomuar \u00e7do vit nga universitetet e vendi ton\u00eb? Cili \u00ebsht\u00eb risku i profesionit p\u00ebr t\u00eb cilin ato kan\u00eb derdhur mund, djers\u00eb dhe investim financiar?<\/p>\n<p>Gjykoj q\u00eb politikat arsimore shqiptare, me ndryshimin e ngjyrave qeveris\u00ebse, duhet t\u00eb mbesin t\u00eb nj\u00ebjta dhe t\u00eb punohet p\u00ebr vazhdimin e rrug\u00ebs s\u00eb tyre reformuese, sa \u00ebsht\u00eb ende n\u00eb koh\u00eb mosplasja e k\u00ebtij sistemi.<\/p>\n<p>Gjimnazist\u00ebt shqiptar\u00eb, n\u00eb pamund\u00ebsi p\u00ebr t\u00eb ndjekur studimet e tyre t\u00eb larta n\u00eb nj\u00eb nga vendet e zhvilluara per\u00ebndimore, duhet t\u00eb p\u00ebrzgjedhin ato universitete publike apo private n\u00eb vendin ton\u00eb, q\u00eb ndihmojn\u00eb mir\u00ebrritjen e tyre akademike, duke u bazuar edhe n\u00eb klasifikimin e universiteteve, proces i realizuar tashm\u00eb.<\/p>\n<p><strong>Cilat jan\u00eb ato aktivitete q\u00eb mund t&#8217;i quanit si pika kulminante t\u00eb veprimtaris\u00eb s\u00eb K.S.U.SH?<\/strong><br \/>\nGjat\u00eb ecuris\u00eb drejtuese 2-vje\u00e7are n\u00eb krye t\u00eb student\u00ebve t\u00eb Universitetit &#8220;Luigj Gurakuqi&#8221; t\u00eb Shkodr\u00ebs, ndoshta nga brymosja dhe fryma edukuese familjare, mes momenteve t\u00eb cilat t\u00eb japin frekuenca pozitive brenda q\u00ebnies t\u00ebnde rrezaton duksh\u00ebm aktiviteti q\u00eb p\u00ebr nga emocionet p\u00ebrcjell\u00ebse e fryma humane, pra ndihma q\u00eb dham\u00eb dhe dita q\u00eb kaluam me femij\u00ebt jetim\u00eb t\u00eb qytetit t\u00eb Shkodr\u00ebs mbetet m\u00eb e realizuara, m\u00eb e bukura dhe e ve\u00e7anta. E kemi kujtuar m\u00eb pas shpeshher\u00eb k\u00ebt\u00eb dit\u00eb gjat\u00eb bisedave t\u00eb ndryshme me p\u00ebrfaq\u00ebsuesit e K\u00ebshillit Studentor.<\/p>\n<p>P\u00ebr nga vlerat akademike, &#8220;Plag\u00ebt tona&#8221; dhe &#8220;Sfida dhe horizonte n\u00eb praktik\u00ebn e k\u00ebshillimit&#8221; mbesin simpoziumet m\u00eb p\u00ebrfaq\u00ebsuese nga niveli intelektual p\u00ebrfshir\u00ebs dhe shtjellues. N\u00eb k\u00ebt\u00eb p\u00ebrmendje t\u00eb shkurt\u00ebr t\u00eb klimaksitetit t\u00eb aktiviteteve tona, nuk mundet kurrsesi q\u00eb t\u00eb mos v\u00ebm\u00eb n\u00eb dukje edhe bashk\u00ebpunimet e frytshme t\u00eb her\u00ebpashershme me Qendren e Informimit t\u00eb BE-s\u00eb n\u00eb Shkod\u00ebr.<\/p>\n<p><strong>Cilat jan\u00eb objektivat tuaja n\u00eb t\u00eb ardhmen?<\/strong><br \/>\nObjektivat e K\u00ebshillit Studentor, q\u00eb dit\u00ebn e lindjes s\u00eb tij nga ngjizja solide e vlerave t\u00eb v\u00ebrteta demokratike me angazhimin e student\u00ebve largpam\u00ebs, jan\u00eb t\u00eb bukurshkruara dhe mir\u00ebsistemuara n\u00eb statutin e funksionimit t\u00eb k\u00ebtij organizmi studentor. P\u00ebr t\u00eb konkretizuar dhe thjesht\u00ebzuar objektivat e shumt\u00eb n\u00eb num\u00ebr, vendosim p\u00ebrpara v\u00ebmendjes tuaj m\u00eb thelb\u00ebsoren dhe ekzistencialen, at\u00eb t\u00eb angazhimit serioz e t\u00eb plotvullnetsh\u00ebm t\u00eb atyre student\u00ebve me rezultate t\u00eb mir\u00ebarrira n\u00eb dh\u00ebnien e kontributeve t\u00eb \u00e7muara n\u00eb zhvillimin dhe konsolidimin e nj\u00eb sistemi meritokratik vlerash individuale arsimore, i cili aktualisht \u00ebsht\u00eb n\u00eb gjendje t\u00eb mjerueshme, pavar\u00ebsisht pun\u00ebs son\u00eb t\u00eb vazhdueshme p\u00ebr p\u00ebrmir\u00ebsimin dhe mir\u00ebrregulimin e tij. Gj\u00eb t\u00eb cil\u00ebn sa t\u00eb jemi do ta b\u00ebjm\u00eb me sa fuqi t\u00eb mundemi.<\/p>\n<p><strong>Emri juaj n\u00eb analizat dhe opinionet shqiptare lidhet me veprimtarin\u00eb tuaj patriotike-atdhetare? Sa ju pengon t\u00eb qenurit n\u00eb PD t\u00eb shpreheni hapur pro interesave komb\u00ebtare? <\/strong><br \/>\n&#8220;P\u00ebr dashurin\u00eb jap edhe jet\u00ebn, p\u00ebr atdheun jap edhe dashurin\u00eb&#8221;. Ky ka qen\u00eb himni i l\u00ebvizjeve patriotike n\u00eb Europ\u00eb dhe q\u00eb n\u00eb ballafaqimin tim me artth\u00ebnien e poetit hungarez S\u00e1ndor Pet\u0151fi \u00ebsht\u00eb lajtmotivi ndjek\u00ebs i p\u00ebrditshm\u00ebris\u00eb dhe ideve t\u00eb mia, propatriorike dhe proper\u00ebndimore.<\/p>\n<p>Asnj\u00ebher\u00eb prania ime aktive n\u00eb strukturat p\u00ebrfaq\u00ebsuese t\u00eb forumeve t\u00eb Partis\u00eb Demokratike (PD), bashk\u00ebbisedimet me njer\u00ebz t\u00eb af\u00ebrm dhe besnik pran\u00eb z. Berisha apo edhe me eksponent\u00eb t\u00eb tjer\u00eb t\u00eb r\u00ebnd\u00ebsish\u00ebm dhe ky\u00e7 brenda k\u00ebsaj partie, nuk kan\u00eb penguar mendimin tim pro interesave madhore komb\u00ebtare t\u00eb marri udh\u00ebn e arsyetimit t\u00eb vet, fundekrye personal. Sipas k\u00ebndv\u00ebshtrimit tim &#8221;nuk vlen asgj\u00eb t\u00eb dashurosh, n\u00ebse vajtimi i vendit t\u00ebnd nuk prek zemr\u00ebn t\u00ebnde&#8221;. E zemra ime \u00ebsht\u00eb Shqip\u00ebria. Jeta ime \u00ebsht\u00eb kontributi i ndersh\u00ebm p\u00ebrkundrejt saj. Dhe dashuria e sinqert\u00eb val\u00ebvitetet krenare drejt aspirat\u00ebs p\u00ebr bashkimin e trojeve shqiptare.<\/p>\n<p>M\u00eb lejoni q\u00eb pyetjes suaj t&#8217;i p\u00ebrgjigjem edhe n\u00eb nj\u00eb form\u00eb tjet\u00ebr, prerazi, shkoqur dhe shkodran\u00e7e, se &#8220;s&#8217;ka pas e as ka me pas asnji bir nane a klysh shake n&#8217;Partin Demokratike e jashta saj qi t&#8217;ma pengojn rrug\u00ebn e lindun t&#8217;lir t&#8217;mendimeve t&#8217;mia demokratike e pro interesave komtare&#8221;.<br \/>\nN\u00eb analizat dhe opinionet e mia, besoj se jeni ndeshur n\u00eb mos me at\u00eb \u00e7far\u00eb ndershm\u00ebrisht z\u00ebri juaj i brendsh\u00ebm mendon dhe thot\u00eb, s\u00eb paku me rrahjen e nj\u00eb mendimi t\u00eb lir\u00eb, t\u00eb pavarur, t\u00eb thjesht\u00eb dhe qytetar\u00eb. K\u00ebt\u00eb gj\u00eb edhe n\u00ebse nuk do t\u00eb mundem dot ta q\u00ebndis bukur artistikisht, s&#8217;do t\u00eb rresht s\u00eb b\u00ebri si t\u00eb m\u00eb vij\u00eb p\u00ebrdore pafund\u00ebsisht deri n\u00eb mbylljen e planeve me t\u00eb gjall\u00ebt.<\/p>\n<p>&#8220;Kultura, n\u00ebse nuk e \u00e7liron njeriun nga skllav\u00ebria nuk ka asnj\u00eb lloj funksioni qytet\u00ebrues&#8221;. K\u00ebshtu, ne shqiptar\u00ebt e p\u00ebrvuajtur nd\u00ebrkoh\u00ebra do t\u00eb mbesim skllev\u00ebr dhe t\u00eb shtypur me p\u00ebrdhuni p\u00ebr aq koh\u00eb sa vullnetet e s\u00ebmura politike t\u00eb q\u00ebndrojn\u00eb e t\u00eb b\u00ebhen nj\u00ebsh bashk\u00eb me ato t\u00eb fqinj\u00ebve uzurpues p\u00ebr t\u00eb na p\u00ebrdhunuar, diskriminuar, asimiluar dhe k\u00ebsisoj zhdukur nga faqja e dheut, me t\u00eb gjitha mjetet e tyre t\u00eb mundshme. Ndaj lus Zotin dhe th\u00ebrras solemnisht individin e ndersh\u00ebm shqiptar\u00eb q\u00eb t\u00eb luftoj\u00eb paepur kundra shtypjes dhe ndarjes s\u00eb pam\u00ebshirshme t\u00eb shqiptar\u00ebve anek\u00ebnd trojeve t\u00eb tyre etnike. Rinia me z\u00ebrin e saj t\u00eb d\u00eblir\u00eb duhet t\u00eb groposin nj\u00ebher\u00eb e mir\u00eb ato t\u00eb cil\u00ebt i kan\u00eb marr\u00eb asaj peng t\u00eb ardhmen, padrejt\u00ebsisht dhe paturp\u00ebsisht n\u00eb m\u00ebnyr\u00eb grabitqare p\u00ebr t\u00eb mos ia kthyer at\u00eb kurr\u00eb m\u00eb.<\/p>\n<p><strong>Sa t\u00eb interesuar jan\u00eb student\u00ebt shqiptar\u00eb p\u00ebr politik\u00eb? A votojn\u00eb ata?<\/strong><br \/>\nVendet komuniste, historiografia europiane, i ndau n\u00eb totalitare dhe autoritare. Sigurisht, popullit ton\u00eb si shpeshher\u00eb gjat\u00eb rrug\u00ebtimit t\u00eb tij n\u00ebp\u00ebr analet e historis\u00eb europiane dhe bot\u00ebrore, i takoi t\u00eb vuante \u00e7njer\u00ebzisht nga nj\u00eb regjim komunist totalitar me nj\u00eb terror t\u00eb papar\u00eb ndonj\u00ebher\u00eb, ku dominoi vullneti hoxhian i izolimit. Kujtojeni koh\u00ebn dhe sjelljen e student\u00ebve t\u00eb asokohsh\u00ebm!&#8230; Ato ishin t\u00eb etur p\u00ebr konsum t\u00eb p\u00ebrditsh\u00ebm politik, i cili vinte i p\u00ebrpunuar nga &#8220;komandanti&#8221; dhe vihej a priori n\u00eb goj\u00ebn e secilit me detyr\u00ebn e artikulimit t\u00eb vazhduesh\u00ebm nj\u00ebtrajt\u00ebsisht t\u00eb nj\u00ebjt\u00eb kurdoher\u00eb.<\/p>\n<p>Puthador\u00ebt dhe lakejt\u00eb e &#8220;xhaxhit&#8221; pasi d\u00ebgjonin bro\u00e7kullat e tij t\u00eb p\u00ebrnatshme n\u00eb Sht\u00ebpin\u00eb e Partis\u00eb, t\u00eb nes\u00ebrmen merreshin me shp\u00ebrndarjen e mendimit dhe analiz\u00ebs kudo, n\u00eb \u00e7do qeliz\u00eb t\u00eb jet\u00ebs s\u00eb vendit dhe vazhdimisht e vazhdimisht secili e merrte t\u00eb gatshme &#8220;recet\u00ebn&#8221; dhe duhej medoemos ta shp\u00ebrndante edhe ai tek t\u00eb tijt\u00eb. E nj\u00ebjta sjellje konformiste edhe sot e k\u00ebsaj dite, me ndryshimin e vet\u00ebm t\u00eb nj\u00eb neverie edhe m\u00eb t\u00eb madhe, pasi &#8221;recet\u00ebn&#8221; e gatshme e servirin si mendim apo analiz\u00eb autentike t\u00eb tyre.<\/p>\n<p>A nuk \u00ebsht\u00eb futur politika n\u00eb \u00e7do auditor t\u00eb universiteteve tona, duke hedhur parulla fundekrye politike?! A nuk jan\u00eb t\u00eb p\u00ebrfshir\u00eb sa e sa student\u00eb n\u00eb mekanizmin e vjedhjes apo manipulimit t\u00eb vot\u00ebs?! A nuk jan\u00eb student\u00ebt shqiptar\u00eb nga nj\u00ebra an\u00eb q\u00eb shprehen t\u00eb pak\u00ebnaqur nga sistemi arsimor n\u00eb vendin e tyre dhe nga ana tjet\u00ebr p\u00ebrkrahin fuqish\u00ebm ato q\u00eb po e d\u00ebmtojn\u00eb at\u00eb?! Pra, student\u00ebve u intereson politika p\u00ebr aq koh\u00eb sa shum\u00eb prej tyre kan\u00eb interesa t\u00eb ulta dhe t\u00eb varura n\u00eb formacione t\u00eb ndryshme politike.<\/p>\n<p>Student\u00ebt jan\u00eb t\u00eb interesuar p\u00ebr politik\u00ebn, jo p\u00ebr hir t\u00eb ndryshimeve individuale dhe shoq\u00ebrore n\u00eb dobi t\u00eb s\u00eb mir\u00ebs s\u00eb p\u00ebrbashk\u00ebt zhvilluese, por nga interesat e qullta, t\u00eb ulta dhe t\u00eb ndyta personale. K\u00ebshtu, n\u00ebse vazhdojm\u00eb me k\u00ebto ritme do t\u00eb shembim \u00e7do vler\u00eb t\u00eb demokracis\u00eb, e cila ka shp\u00ebtuar ende pa u rr\u00ebzuar. Ve\u00e7 komunist\u00ebt nuk e pranojn\u00eb kund\u00ebrshtarin si njeri, ndaj student\u00ebt tan\u00eb duhet t\u00eb ndjekin modele per\u00ebndimore dhe jo ato q\u00eb sillen v\u00ebrdall\u00eb gjith\u00eb dit\u00ebn n\u00eb aren\u00ebn ton\u00eb politike, si zgjatim i vij\u00ebs s\u00eb kuqe t\u00eb ndjekur nga regjimi i Tiran\u00ebs komuniste.<\/p>\n<p><strong>Sa t\u00eb r\u00ebnd\u00ebsish\u00ebm jan\u00eb t\u00eb rinjt\u00eb n\u00eb politik\u00eb?<\/strong><br \/>\nFatet e nj\u00eb vendi varen nga elitat drejtuese. N\u00ebse antivlera mbyt vler\u00ebn, antiintelektualizmi triumfon mbi intelektualizmin, tirania mbi udh\u00ebheqjen demokratike, arbitrarizmi p\u00ebrmbi shtetin e s\u00eb drejt\u00ebs, at\u00ebher\u00eb sigurisht q\u00eb jemi jasht\u00eb limiteve t\u00eb t\u00eb qenurit brenda demokracis\u00eb. Gjithashtu, jeta e vendit dhe shoq\u00ebria do t\u00eb njohin regres t\u00eb vazhduesh\u00ebm deri n\u00eb mbytjen e filizave t\u00eb fundit t\u00eb saj. Ndaj, i riu shqiptar duhet t\u00eb p\u00ebrpiqet t\u00eb tregohet rebel, guximtar, optimist, flak\u00ebhedh\u00ebs e shk\u00ebndijues, shp\u00ebrthyes dhe protestues n\u00ebse nuk d\u00ebshiron t\u00eb jet\u00eb i trysnuar dhe i shtypur nga tirania.<\/p>\n<p>Dhe jam i bindur q\u00eb ka plot t\u00eb rinj shqiptar\u00eb, t\u00eb cil\u00ebt jan\u00eb n\u00eb gjendje ta nxjerrin vendin e tyre nga radh\u00ebt e fundit t\u00eb Europ\u00ebs dhe ta sjellin at\u00eb p\u00ebrbri vendeve t\u00eb zhvilluara per\u00ebndimore, duke instaluar nj\u00eb demokraci t\u00eb sh\u00ebndetshme. Sot vendi yn\u00eb i dashur ka nevoj\u00eb p\u00ebr nj\u00eb grupim t\u00eb p\u00ebrbashk\u00ebt vlerash intelektuale dhe qytetare. Kjo \u00ebsht\u00eb m\u00ebnyra e vetme e bashkimit t\u00eb popullit shqiptar\u00eb p\u00ebr ta d\u00ebrguar vendin drejt hapave t\u00eb zhvillimit, si kudo n\u00eb Europ\u00ebn e Bashkuar.<\/p>\n<p><strong>Mesazhi juaj p\u00ebr t\u00eb gjith\u00eb student\u00ebt e Universiteti t\u00eb Shkodr\u00ebs &#8220;Luigj Gurakuqi?&#8221;<\/strong><br \/>\nStudent\u00ebve shqiptar\u00eb kudondodhen dhe ve\u00e7mas atyre q\u00eb ndjekin studimet n\u00eb USH-n\u00eb &#8220;L. Gurakuqi&#8221; u sugjeroj t\u00eb sillen me jet\u00ebn e tyre dhe n\u00eb raport me mjedisin sa m\u00eb origjinal\u00eb dhe t\u00eb drejtp\u00ebrdrejt\u00eb. Student\u00ebt nuk duhen t\u00eb humbasin koh\u00ebn e tyre duke u endur pas \u00e7oroditjes sociale, por duhet t\u00eb b\u00ebhen t\u00eb zot e vetes dhe vendit ku kan\u00eb zgjedhur t\u00eb jetojn\u00eb, p\u00ebrmes marrjes me sukses t\u00eb dijeve nga shkolla e universiteti dhe duke kultivuar nj\u00eb edukat\u00eb t\u00eb lart\u00eb qytetare.<\/p>\n<p>Ato duhet t\u00eb b\u00ebhen pjes\u00eb e frym\u00ebs s\u00eb protest\u00ebs kundrejt padrejt\u00ebsive me t\u00eb cilat p\u00ebrditshm\u00ebria jo rrall\u00eb her\u00eb na i sjell. S\u00eb fundi, duke falenderuar secilin prej tyre p\u00ebr kontributin e dh\u00ebn\u00eb n\u00eb sh\u00ebrbim t\u00eb p\u00ebrmir\u00ebsimit t\u00eb jet\u00ebs akademike dhe sociale, u b\u00ebj thirrje q\u00eb t\u00eb p\u00ebrfshihen sa m\u00eb shum\u00eb n\u00eb shoqata dhe organizata n\u00eb mbrojtje t\u00eb vlerave m\u00eb t\u00eb mira demokratike dhe kund\u00ebrshtimit gjithnj\u00eb e m\u00eb t\u00eb ashp\u00ebr ndaj antiintelektualizmit enverist.<\/p>\n<p>P\u00ebrgatiti <strong>Destan JONUZI<\/strong><\/p>\n","protected":false},"excerpt":{"rendered":"<p>Redan Bushati, kryetari i K\u00ebshillit Studentor t\u00eb Universitetit t\u00eb Shkodr\u00ebs (K.S.U.SH) rr\u00ebfehet si asnj\u00ebher\u00eb tjet\u00ebr p\u00ebr portalin m\u00eb t\u00eb madh t\u00eb shqiptar\u00ebve t\u00eb Maqedonis\u00eb, ExPress.mk. N\u00eb intervist\u00ebn e realizuar me z. Bushati, ai flet gjat\u00eb p\u00ebr arsimin shqiptar dhe d\u00ebshtimet e nj\u00ebpasnj\u00ebshme t\u00eb reformave t\u00eb tij 20-vje\u00e7are. Gjithashtu, ai tregon p\u00ebr strukturat studentore dhe angazhimin [&hellip;]<\/p>\n","protected":false},"author":1,"featured_media":0,"comment_status":"open","ping_status":"closed","sticky":false,"template":"","format":"standard","meta":{"footnotes":""},"categories":[4],"tags":[],"class_list":{"0":"post-2072","1":"post","2":"type-post","3":"status-publish","4":"format-standard","6":"category-intervista"},"yoast_head":"<!-- This site is optimized with the Yoast SEO plugin v27.4 - https:\/\/yoast.com\/product\/yoast-seo-wordpress\/ -->\n<title>Redan BUSHATI: Reformat &quot;memushiste&quot; do ta shkat\u00ebrrojn\u00eb arsimin shqiptar - FjALA e LIR\u00cb - Arkivi<\/title>\n<meta name=\"robots\" content=\"index, follow, max-snippet:-1, max-image-preview:large, max-video-preview:-1\" \/>\n<link rel=\"canonical\" href=\"https:\/\/fjala.info\/2009-2015\/redan-bushati-reformat-memushiste-do-ta-shkaterrojne-arsimin-shqiptar\/\" \/>\n<meta property=\"og:locale\" content=\"sq_AL\" \/>\n<meta property=\"og:type\" content=\"article\" \/>\n<meta property=\"og:title\" content=\"Redan BUSHATI: Reformat &quot;memushiste&quot; do ta shkat\u00ebrrojn\u00eb arsimin shqiptar - FjALA e LIR\u00cb - Arkivi\" \/>\n<meta property=\"og:description\" content=\"Redan Bushati, kryetari i K\u00ebshillit Studentor t\u00eb Universitetit t\u00eb Shkodr\u00ebs (K.S.U.SH) rr\u00ebfehet si asnj\u00ebher\u00eb tjet\u00ebr p\u00ebr portalin m\u00eb t\u00eb madh t\u00eb shqiptar\u00ebve t\u00eb Maqedonis\u00eb, ExPress.mk. N\u00eb intervist\u00ebn e realizuar me z. Bushati, ai flet gjat\u00eb p\u00ebr arsimin shqiptar dhe d\u00ebshtimet e nj\u00ebpasnj\u00ebshme t\u00eb reformave t\u00eb tij 20-vje\u00e7are. Gjithashtu, ai tregon p\u00ebr strukturat studentore dhe angazhimin [&hellip;]\" \/>\n<meta property=\"og:url\" content=\"https:\/\/fjala.info\/2009-2015\/redan-bushati-reformat-memushiste-do-ta-shkaterrojne-arsimin-shqiptar\/\" \/>\n<meta property=\"og:site_name\" content=\"FjALA e LIR\u00cb - Arkivi\" \/>\n<meta property=\"article:published_time\" content=\"2012-03-05T20:00:27+00:00\" \/>\n<meta property=\"og:image\" content=\"http:\/\/www.shkoder.net\/images\/fjala\/redan_bushati.jpg\" \/>\n<meta name=\"author\" content=\"admin\" \/>\n<meta name=\"twitter:card\" content=\"summary_large_image\" \/>\n<meta name=\"twitter:label1\" content=\"Written by\" \/>\n\t<meta name=\"twitter:data1\" content=\"admin\" \/>\n\t<meta name=\"twitter:label2\" content=\"Est. reading time\" \/>\n\t<meta name=\"twitter:data2\" content=\"15 minutes\" \/>\n<script type=\"application\/ld+json\" class=\"yoast-schema-graph\">{\"@context\":\"https:\\\/\\\/schema.org\",\"@graph\":[{\"@type\":\"Article\",\"@id\":\"https:\\\/\\\/fjala.info\\\/2009-2015\\\/redan-bushati-reformat-memushiste-do-ta-shkaterrojne-arsimin-shqiptar\\\/#article\",\"isPartOf\":{\"@id\":\"https:\\\/\\\/fjala.info\\\/2009-2015\\\/redan-bushati-reformat-memushiste-do-ta-shkaterrojne-arsimin-shqiptar\\\/\"},\"author\":{\"name\":\"admin\",\"@id\":\"https:\\\/\\\/fjala.info\\\/2009-2015\\\/#\\\/schema\\\/person\\\/3aa1163ef05469c496fc94e77611ada2\"},\"headline\":\"Redan BUSHATI: Reformat &#8220;memushiste&#8221; do ta shkat\u00ebrrojn\u00eb arsimin shqiptar\",\"datePublished\":\"2012-03-05T20:00:27+00:00\",\"mainEntityOfPage\":{\"@id\":\"https:\\\/\\\/fjala.info\\\/2009-2015\\\/redan-bushati-reformat-memushiste-do-ta-shkaterrojne-arsimin-shqiptar\\\/\"},\"wordCount\":2973,\"commentCount\":0,\"publisher\":{\"@id\":\"https:\\\/\\\/fjala.info\\\/2009-2015\\\/#organization\"},\"image\":{\"@id\":\"https:\\\/\\\/fjala.info\\\/2009-2015\\\/redan-bushati-reformat-memushiste-do-ta-shkaterrojne-arsimin-shqiptar\\\/#primaryimage\"},\"thumbnailUrl\":\"http:\\\/\\\/www.shkoder.net\\\/images\\\/fjala\\\/redan_bushati.jpg\",\"articleSection\":[\"Intervista\"],\"inLanguage\":\"sq-AL\",\"potentialAction\":[{\"@type\":\"CommentAction\",\"name\":\"Comment\",\"target\":[\"https:\\\/\\\/fjala.info\\\/2009-2015\\\/redan-bushati-reformat-memushiste-do-ta-shkaterrojne-arsimin-shqiptar\\\/#respond\"]}]},{\"@type\":\"WebPage\",\"@id\":\"https:\\\/\\\/fjala.info\\\/2009-2015\\\/redan-bushati-reformat-memushiste-do-ta-shkaterrojne-arsimin-shqiptar\\\/\",\"url\":\"https:\\\/\\\/fjala.info\\\/2009-2015\\\/redan-bushati-reformat-memushiste-do-ta-shkaterrojne-arsimin-shqiptar\\\/\",\"name\":\"Redan BUSHATI: Reformat \\\"memushiste\\\" do ta shkat\u00ebrrojn\u00eb arsimin shqiptar - FjALA e LIR\u00cb - Arkivi\",\"isPartOf\":{\"@id\":\"https:\\\/\\\/fjala.info\\\/2009-2015\\\/#website\"},\"primaryImageOfPage\":{\"@id\":\"https:\\\/\\\/fjala.info\\\/2009-2015\\\/redan-bushati-reformat-memushiste-do-ta-shkaterrojne-arsimin-shqiptar\\\/#primaryimage\"},\"image\":{\"@id\":\"https:\\\/\\\/fjala.info\\\/2009-2015\\\/redan-bushati-reformat-memushiste-do-ta-shkaterrojne-arsimin-shqiptar\\\/#primaryimage\"},\"thumbnailUrl\":\"http:\\\/\\\/www.shkoder.net\\\/images\\\/fjala\\\/redan_bushati.jpg\",\"datePublished\":\"2012-03-05T20:00:27+00:00\",\"breadcrumb\":{\"@id\":\"https:\\\/\\\/fjala.info\\\/2009-2015\\\/redan-bushati-reformat-memushiste-do-ta-shkaterrojne-arsimin-shqiptar\\\/#breadcrumb\"},\"inLanguage\":\"sq-AL\",\"potentialAction\":[{\"@type\":\"ReadAction\",\"target\":[\"https:\\\/\\\/fjala.info\\\/2009-2015\\\/redan-bushati-reformat-memushiste-do-ta-shkaterrojne-arsimin-shqiptar\\\/\"]}]},{\"@type\":\"ImageObject\",\"inLanguage\":\"sq-AL\",\"@id\":\"https:\\\/\\\/fjala.info\\\/2009-2015\\\/redan-bushati-reformat-memushiste-do-ta-shkaterrojne-arsimin-shqiptar\\\/#primaryimage\",\"url\":\"http:\\\/\\\/www.shkoder.net\\\/images\\\/fjala\\\/redan_bushati.jpg\",\"contentUrl\":\"http:\\\/\\\/www.shkoder.net\\\/images\\\/fjala\\\/redan_bushati.jpg\"},{\"@type\":\"BreadcrumbList\",\"@id\":\"https:\\\/\\\/fjala.info\\\/2009-2015\\\/redan-bushati-reformat-memushiste-do-ta-shkaterrojne-arsimin-shqiptar\\\/#breadcrumb\",\"itemListElement\":[{\"@type\":\"ListItem\",\"position\":1,\"name\":\"Home\",\"item\":\"https:\\\/\\\/fjala.info\\\/2009-2015\\\/\"},{\"@type\":\"ListItem\",\"position\":2,\"name\":\"Redan BUSHATI: Reformat &#8220;memushiste&#8221; do ta shkat\u00ebrrojn\u00eb arsimin shqiptar\"}]},{\"@type\":\"WebSite\",\"@id\":\"https:\\\/\\\/fjala.info\\\/2009-2015\\\/#website\",\"url\":\"https:\\\/\\\/fjala.info\\\/2009-2015\\\/\",\"name\":\"FjALA e LIR\u00cb - Arkivi\",\"description\":\"Arkivi 2009-2015\",\"publisher\":{\"@id\":\"https:\\\/\\\/fjala.info\\\/2009-2015\\\/#organization\"},\"potentialAction\":[{\"@type\":\"SearchAction\",\"target\":{\"@type\":\"EntryPoint\",\"urlTemplate\":\"https:\\\/\\\/fjala.info\\\/2009-2015\\\/?s={search_term_string}\"},\"query-input\":{\"@type\":\"PropertyValueSpecification\",\"valueRequired\":true,\"valueName\":\"search_term_string\"}}],\"inLanguage\":\"sq-AL\"},{\"@type\":\"Organization\",\"@id\":\"https:\\\/\\\/fjala.info\\\/2009-2015\\\/#organization\",\"name\":\"FjALA e LIR\u00cb - Arkivi\",\"url\":\"https:\\\/\\\/fjala.info\\\/2009-2015\\\/\",\"logo\":{\"@type\":\"ImageObject\",\"inLanguage\":\"sq-AL\",\"@id\":\"https:\\\/\\\/fjala.info\\\/2009-2015\\\/#\\\/schema\\\/logo\\\/image\\\/\",\"url\":\"\",\"contentUrl\":\"\",\"caption\":\"FjALA e LIR\u00cb - Arkivi\"},\"image\":{\"@id\":\"https:\\\/\\\/fjala.info\\\/2009-2015\\\/#\\\/schema\\\/logo\\\/image\\\/\"}},{\"@type\":\"Person\",\"@id\":\"https:\\\/\\\/fjala.info\\\/2009-2015\\\/#\\\/schema\\\/person\\\/3aa1163ef05469c496fc94e77611ada2\",\"name\":\"admin\",\"image\":{\"@type\":\"ImageObject\",\"inLanguage\":\"sq-AL\",\"@id\":\"https:\\\/\\\/fjala.info\\\/2009-2015\\\/wp-content\\\/uploads\\\/2012\\\/02\\\/arben_cokaj-120x150.jpg\",\"url\":\"https:\\\/\\\/fjala.info\\\/2009-2015\\\/wp-content\\\/uploads\\\/2012\\\/02\\\/arben_cokaj-120x150.jpg\",\"contentUrl\":\"https:\\\/\\\/fjala.info\\\/2009-2015\\\/wp-content\\\/uploads\\\/2012\\\/02\\\/arben_cokaj-120x150.jpg\",\"caption\":\"admin\"},\"description\":\"Admin, Fjala e Lir\u00eb\",\"sameAs\":[\"https:\\\/\\\/fjala.info\\\/\"],\"url\":\"https:\\\/\\\/fjala.info\\\/2009-2015\\\/author\\\/admin\\\/\"}]}<\/script>\n<!-- \/ Yoast SEO plugin. -->","yoast_head_json":{"title":"Redan BUSHATI: Reformat \"memushiste\" do ta shkat\u00ebrrojn\u00eb arsimin shqiptar - FjALA e LIR\u00cb - Arkivi","robots":{"index":"index","follow":"follow","max-snippet":"max-snippet:-1","max-image-preview":"max-image-preview:large","max-video-preview":"max-video-preview:-1"},"canonical":"https:\/\/fjala.info\/2009-2015\/redan-bushati-reformat-memushiste-do-ta-shkaterrojne-arsimin-shqiptar\/","og_locale":"sq_AL","og_type":"article","og_title":"Redan BUSHATI: Reformat \"memushiste\" do ta shkat\u00ebrrojn\u00eb arsimin shqiptar - FjALA e LIR\u00cb - Arkivi","og_description":"Redan Bushati, kryetari i K\u00ebshillit Studentor t\u00eb Universitetit t\u00eb Shkodr\u00ebs (K.S.U.SH) rr\u00ebfehet si asnj\u00ebher\u00eb tjet\u00ebr p\u00ebr portalin m\u00eb t\u00eb madh t\u00eb shqiptar\u00ebve t\u00eb Maqedonis\u00eb, ExPress.mk. N\u00eb intervist\u00ebn e realizuar me z. Bushati, ai flet gjat\u00eb p\u00ebr arsimin shqiptar dhe d\u00ebshtimet e nj\u00ebpasnj\u00ebshme t\u00eb reformave t\u00eb tij 20-vje\u00e7are. Gjithashtu, ai tregon p\u00ebr strukturat studentore dhe angazhimin [&hellip;]","og_url":"https:\/\/fjala.info\/2009-2015\/redan-bushati-reformat-memushiste-do-ta-shkaterrojne-arsimin-shqiptar\/","og_site_name":"FjALA e LIR\u00cb - Arkivi","article_published_time":"2012-03-05T20:00:27+00:00","og_image":[{"url":"http:\/\/www.shkoder.net\/images\/fjala\/redan_bushati.jpg","type":"","width":"","height":""}],"author":"admin","twitter_card":"summary_large_image","twitter_misc":{"Written by":"admin","Est. reading time":"15 minutes"},"schema":{"@context":"https:\/\/schema.org","@graph":[{"@type":"Article","@id":"https:\/\/fjala.info\/2009-2015\/redan-bushati-reformat-memushiste-do-ta-shkaterrojne-arsimin-shqiptar\/#article","isPartOf":{"@id":"https:\/\/fjala.info\/2009-2015\/redan-bushati-reformat-memushiste-do-ta-shkaterrojne-arsimin-shqiptar\/"},"author":{"name":"admin","@id":"https:\/\/fjala.info\/2009-2015\/#\/schema\/person\/3aa1163ef05469c496fc94e77611ada2"},"headline":"Redan BUSHATI: Reformat &#8220;memushiste&#8221; do ta shkat\u00ebrrojn\u00eb arsimin shqiptar","datePublished":"2012-03-05T20:00:27+00:00","mainEntityOfPage":{"@id":"https:\/\/fjala.info\/2009-2015\/redan-bushati-reformat-memushiste-do-ta-shkaterrojne-arsimin-shqiptar\/"},"wordCount":2973,"commentCount":0,"publisher":{"@id":"https:\/\/fjala.info\/2009-2015\/#organization"},"image":{"@id":"https:\/\/fjala.info\/2009-2015\/redan-bushati-reformat-memushiste-do-ta-shkaterrojne-arsimin-shqiptar\/#primaryimage"},"thumbnailUrl":"http:\/\/www.shkoder.net\/images\/fjala\/redan_bushati.jpg","articleSection":["Intervista"],"inLanguage":"sq-AL","potentialAction":[{"@type":"CommentAction","name":"Comment","target":["https:\/\/fjala.info\/2009-2015\/redan-bushati-reformat-memushiste-do-ta-shkaterrojne-arsimin-shqiptar\/#respond"]}]},{"@type":"WebPage","@id":"https:\/\/fjala.info\/2009-2015\/redan-bushati-reformat-memushiste-do-ta-shkaterrojne-arsimin-shqiptar\/","url":"https:\/\/fjala.info\/2009-2015\/redan-bushati-reformat-memushiste-do-ta-shkaterrojne-arsimin-shqiptar\/","name":"Redan BUSHATI: Reformat \"memushiste\" do ta shkat\u00ebrrojn\u00eb arsimin shqiptar - FjALA e LIR\u00cb - Arkivi","isPartOf":{"@id":"https:\/\/fjala.info\/2009-2015\/#website"},"primaryImageOfPage":{"@id":"https:\/\/fjala.info\/2009-2015\/redan-bushati-reformat-memushiste-do-ta-shkaterrojne-arsimin-shqiptar\/#primaryimage"},"image":{"@id":"https:\/\/fjala.info\/2009-2015\/redan-bushati-reformat-memushiste-do-ta-shkaterrojne-arsimin-shqiptar\/#primaryimage"},"thumbnailUrl":"http:\/\/www.shkoder.net\/images\/fjala\/redan_bushati.jpg","datePublished":"2012-03-05T20:00:27+00:00","breadcrumb":{"@id":"https:\/\/fjala.info\/2009-2015\/redan-bushati-reformat-memushiste-do-ta-shkaterrojne-arsimin-shqiptar\/#breadcrumb"},"inLanguage":"sq-AL","potentialAction":[{"@type":"ReadAction","target":["https:\/\/fjala.info\/2009-2015\/redan-bushati-reformat-memushiste-do-ta-shkaterrojne-arsimin-shqiptar\/"]}]},{"@type":"ImageObject","inLanguage":"sq-AL","@id":"https:\/\/fjala.info\/2009-2015\/redan-bushati-reformat-memushiste-do-ta-shkaterrojne-arsimin-shqiptar\/#primaryimage","url":"http:\/\/www.shkoder.net\/images\/fjala\/redan_bushati.jpg","contentUrl":"http:\/\/www.shkoder.net\/images\/fjala\/redan_bushati.jpg"},{"@type":"BreadcrumbList","@id":"https:\/\/fjala.info\/2009-2015\/redan-bushati-reformat-memushiste-do-ta-shkaterrojne-arsimin-shqiptar\/#breadcrumb","itemListElement":[{"@type":"ListItem","position":1,"name":"Home","item":"https:\/\/fjala.info\/2009-2015\/"},{"@type":"ListItem","position":2,"name":"Redan BUSHATI: Reformat &#8220;memushiste&#8221; do ta shkat\u00ebrrojn\u00eb arsimin shqiptar"}]},{"@type":"WebSite","@id":"https:\/\/fjala.info\/2009-2015\/#website","url":"https:\/\/fjala.info\/2009-2015\/","name":"FjALA e LIR\u00cb - Arkivi","description":"Arkivi 2009-2015","publisher":{"@id":"https:\/\/fjala.info\/2009-2015\/#organization"},"potentialAction":[{"@type":"SearchAction","target":{"@type":"EntryPoint","urlTemplate":"https:\/\/fjala.info\/2009-2015\/?s={search_term_string}"},"query-input":{"@type":"PropertyValueSpecification","valueRequired":true,"valueName":"search_term_string"}}],"inLanguage":"sq-AL"},{"@type":"Organization","@id":"https:\/\/fjala.info\/2009-2015\/#organization","name":"FjALA e LIR\u00cb - Arkivi","url":"https:\/\/fjala.info\/2009-2015\/","logo":{"@type":"ImageObject","inLanguage":"sq-AL","@id":"https:\/\/fjala.info\/2009-2015\/#\/schema\/logo\/image\/","url":"","contentUrl":"","caption":"FjALA e LIR\u00cb - Arkivi"},"image":{"@id":"https:\/\/fjala.info\/2009-2015\/#\/schema\/logo\/image\/"}},{"@type":"Person","@id":"https:\/\/fjala.info\/2009-2015\/#\/schema\/person\/3aa1163ef05469c496fc94e77611ada2","name":"admin","image":{"@type":"ImageObject","inLanguage":"sq-AL","@id":"https:\/\/fjala.info\/2009-2015\/wp-content\/uploads\/2012\/02\/arben_cokaj-120x150.jpg","url":"https:\/\/fjala.info\/2009-2015\/wp-content\/uploads\/2012\/02\/arben_cokaj-120x150.jpg","contentUrl":"https:\/\/fjala.info\/2009-2015\/wp-content\/uploads\/2012\/02\/arben_cokaj-120x150.jpg","caption":"admin"},"description":"Admin, Fjala e Lir\u00eb","sameAs":["https:\/\/fjala.info\/"],"url":"https:\/\/fjala.info\/2009-2015\/author\/admin\/"}]}},"_links":{"self":[{"href":"https:\/\/fjala.info\/2009-2015\/wp-json\/wp\/v2\/posts\/2072","targetHints":{"allow":["GET"]}}],"collection":[{"href":"https:\/\/fjala.info\/2009-2015\/wp-json\/wp\/v2\/posts"}],"about":[{"href":"https:\/\/fjala.info\/2009-2015\/wp-json\/wp\/v2\/types\/post"}],"author":[{"embeddable":true,"href":"https:\/\/fjala.info\/2009-2015\/wp-json\/wp\/v2\/users\/1"}],"replies":[{"embeddable":true,"href":"https:\/\/fjala.info\/2009-2015\/wp-json\/wp\/v2\/comments?post=2072"}],"version-history":[{"count":0,"href":"https:\/\/fjala.info\/2009-2015\/wp-json\/wp\/v2\/posts\/2072\/revisions"}],"wp:attachment":[{"href":"https:\/\/fjala.info\/2009-2015\/wp-json\/wp\/v2\/media?parent=2072"}],"wp:term":[{"taxonomy":"category","embeddable":true,"href":"https:\/\/fjala.info\/2009-2015\/wp-json\/wp\/v2\/categories?post=2072"},{"taxonomy":"post_tag","embeddable":true,"href":"https:\/\/fjala.info\/2009-2015\/wp-json\/wp\/v2\/tags?post=2072"}],"curies":[{"name":"wp","href":"https:\/\/api.w.org\/{rel}","templated":true}]}}