{"id":2066,"date":"2012-03-05T17:35:52","date_gmt":"2012-03-05T16:35:52","guid":{"rendered":"http:\/\/fjala.shkoder.net\/?p=2066"},"modified":"2012-03-05T17:35:52","modified_gmt":"2012-03-05T16:35:52","slug":"biberaj-berisha-mbeshtetesi-me-i-madh-politik-i-ish-komunisteve-eshte-tradhtari-i-se-djathtes","status":"publish","type":"post","link":"https:\/\/fjala.info\/2009-2015\/biberaj-berisha-mbeshtetesi-me-i-madh-politik-i-ish-komunisteve-eshte-tradhtari-i-se-djathtes\/","title":{"rendered":"Biberaj: Berisha, mb\u00ebshtet\u00ebsi m\u00eb i madh politik i ish-komunist\u00ebve. \u00cbsht\u00eb tradhtari i s\u00eb djatht\u00ebs"},"content":{"rendered":"<p><img decoding=\"async\" class=\"alignright size-thumbnail wp-image-7236\" title=\"Aleksand\u00ebr Biberaj\" src=\"http:\/\/www.shkoder.net\/images\/fjala\/aleksander_biberaj.jpg\" alt=\"\" width=\"200\" \/> <strong>TemA Online<\/strong>, <em>5 Mars 2012<\/em><\/p>\n<p><strong>Aleksand\u00ebr Biberaj<\/strong>, ish-deputet i PD-s\u00eb dhe pjes\u00ebmarr\u00ebs n\u00eb L\u00ebvizjen studentore dhe krijimin e Partis\u00eb Demokratike \u00ebsht\u00eb shprehur se, \u201cKryeministri aktual i Shqip\u00ebris\u00eb \u00ebsht\u00eb mb\u00ebshtet\u00ebsi m\u00eb i madh politik i ish-komunist\u00ebve dhe ish-bashk\u00ebpun\u00ebtor\u00ebve t\u00eb ish-Sigurimit t\u00eb Shtetit\u201d.<\/p>\n<p>Ish-an\u00ebtari i kryesis\u00eb s\u00eb PD-s\u00eb shkruan n\u00eb profilin e tij n\u00eb Facebook se ish-komunist\u00ebt Berisha i ka \u201cn\u00eb qeveri, n\u00eb grupin parlamentar dhe n\u00eb lidershipin e PD-s\u00eb\u201d.<\/p>\n<p>Sipas tij \u201ckjo \u00ebsht\u00eb edhe tradhtia m\u00eb e madhe e pas viteve \u201990 ndaj shqiptar\u00ebve, ndaj L\u00ebvizjes Studentore Anti-Komuniste t\u00eb Dhjetorit \u201990, ndaj demokracis\u00eb, ndaj s\u00eb djatht\u00ebs dhe ndaj ish-t\u00eb persekutuarve politik.\u201d<\/p>\n","protected":false},"excerpt":{"rendered":"<p>TemA Online, 5 Mars 2012 Aleksand\u00ebr Biberaj, ish-deputet i PD-s\u00eb dhe pjes\u00ebmarr\u00ebs n\u00eb L\u00ebvizjen studentore dhe krijimin e Partis\u00eb Demokratike \u00ebsht\u00eb shprehur se, \u201cKryeministri aktual i Shqip\u00ebris\u00eb \u00ebsht\u00eb mb\u00ebshtet\u00ebsi m\u00eb i madh politik i ish-komunist\u00ebve dhe ish-bashk\u00ebpun\u00ebtor\u00ebve t\u00eb ish-Sigurimit t\u00eb Shtetit\u201d. Ish-an\u00ebtari i kryesis\u00eb s\u00eb PD-s\u00eb shkruan n\u00eb profilin e tij n\u00eb Facebook se ish-komunist\u00ebt [&hellip;]<\/p>\n","protected":false},"author":1,"featured_media":0,"comment_status":"open","ping_status":"closed","sticky":false,"template":"","format":"standard","meta":{"footnotes":""},"categories":[5],"tags":[],"class_list":{"0":"post-2066","1":"post","2":"type-post","3":"status-publish","4":"format-standard","6":"category-lajme"},"yoast_head":"<!-- This site is optimized with the Yoast SEO plugin v27.4 - https:\/\/yoast.com\/product\/yoast-seo-wordpress\/ -->\n<title>Biberaj: Berisha, mb\u00ebshtet\u00ebsi m\u00eb i madh politik i ish-komunist\u00ebve. \u00cbsht\u00eb tradhtari i s\u00eb djatht\u00ebs - FjALA e LIR\u00cb - Arkivi<\/title>\n<meta name=\"robots\" content=\"index, follow, max-snippet:-1, max-image-preview:large, max-video-preview:-1\" \/>\n<link rel=\"canonical\" href=\"https:\/\/fjala.info\/2009-2015\/biberaj-berisha-mbeshtetesi-me-i-madh-politik-i-ish-komunisteve-eshte-tradhtari-i-se-djathtes\/\" \/>\n<meta property=\"og:locale\" content=\"sq_AL\" \/>\n<meta property=\"og:type\" content=\"article\" \/>\n<meta property=\"og:title\" content=\"Biberaj: Berisha, mb\u00ebshtet\u00ebsi m\u00eb i madh politik i ish-komunist\u00ebve. \u00cbsht\u00eb tradhtari i s\u00eb djatht\u00ebs - FjALA e LIR\u00cb - Arkivi\" \/>\n<meta property=\"og:description\" content=\"TemA Online, 5 Mars 2012 Aleksand\u00ebr Biberaj, ish-deputet i PD-s\u00eb dhe pjes\u00ebmarr\u00ebs n\u00eb L\u00ebvizjen studentore dhe krijimin e Partis\u00eb Demokratike \u00ebsht\u00eb shprehur se, \u201cKryeministri aktual i Shqip\u00ebris\u00eb \u00ebsht\u00eb mb\u00ebshtet\u00ebsi m\u00eb i madh politik i ish-komunist\u00ebve dhe ish-bashk\u00ebpun\u00ebtor\u00ebve t\u00eb ish-Sigurimit t\u00eb Shtetit\u201d. Ish-an\u00ebtari i kryesis\u00eb s\u00eb PD-s\u00eb shkruan n\u00eb profilin e tij n\u00eb Facebook se ish-komunist\u00ebt [&hellip;]\" \/>\n<meta property=\"og:url\" content=\"https:\/\/fjala.info\/2009-2015\/biberaj-berisha-mbeshtetesi-me-i-madh-politik-i-ish-komunisteve-eshte-tradhtari-i-se-djathtes\/\" \/>\n<meta property=\"og:site_name\" content=\"FjALA e LIR\u00cb - Arkivi\" \/>\n<meta property=\"article:published_time\" content=\"2012-03-05T16:35:52+00:00\" \/>\n<meta property=\"og:image\" content=\"http:\/\/www.shkoder.net\/images\/fjala\/aleksander_biberaj.jpg\" \/>\n<meta name=\"author\" content=\"admin\" \/>\n<meta name=\"twitter:card\" content=\"summary_large_image\" \/>\n<meta name=\"twitter:label1\" content=\"Written by\" \/>\n\t<meta name=\"twitter:data1\" content=\"admin\" \/>\n\t<meta name=\"twitter:label2\" content=\"Est. reading time\" \/>\n\t<meta name=\"twitter:data2\" content=\"1 minute\" \/>\n<script type=\"application\/ld+json\" class=\"yoast-schema-graph\">{\"@context\":\"https:\\\/\\\/schema.org\",\"@graph\":[{\"@type\":\"Article\",\"@id\":\"https:\\\/\\\/fjala.info\\\/2009-2015\\\/biberaj-berisha-mbeshtetesi-me-i-madh-politik-i-ish-komunisteve-eshte-tradhtari-i-se-djathtes\\\/#article\",\"isPartOf\":{\"@id\":\"https:\\\/\\\/fjala.info\\\/2009-2015\\\/biberaj-berisha-mbeshtetesi-me-i-madh-politik-i-ish-komunisteve-eshte-tradhtari-i-se-djathtes\\\/\"},\"author\":{\"name\":\"admin\",\"@id\":\"https:\\\/\\\/fjala.info\\\/2009-2015\\\/#\\\/schema\\\/person\\\/3aa1163ef05469c496fc94e77611ada2\"},\"headline\":\"Biberaj: Berisha, mb\u00ebshtet\u00ebsi m\u00eb i madh politik i ish-komunist\u00ebve. \u00cbsht\u00eb tradhtari i s\u00eb djatht\u00ebs\",\"datePublished\":\"2012-03-05T16:35:52+00:00\",\"mainEntityOfPage\":{\"@id\":\"https:\\\/\\\/fjala.info\\\/2009-2015\\\/biberaj-berisha-mbeshtetesi-me-i-madh-politik-i-ish-komunisteve-eshte-tradhtari-i-se-djathtes\\\/\"},\"wordCount\":130,\"commentCount\":0,\"publisher\":{\"@id\":\"https:\\\/\\\/fjala.info\\\/2009-2015\\\/#organization\"},\"image\":{\"@id\":\"https:\\\/\\\/fjala.info\\\/2009-2015\\\/biberaj-berisha-mbeshtetesi-me-i-madh-politik-i-ish-komunisteve-eshte-tradhtari-i-se-djathtes\\\/#primaryimage\"},\"thumbnailUrl\":\"http:\\\/\\\/www.shkoder.net\\\/images\\\/fjala\\\/aleksander_biberaj.jpg\",\"articleSection\":[\"Lajme\"],\"inLanguage\":\"sq-AL\",\"potentialAction\":[{\"@type\":\"CommentAction\",\"name\":\"Comment\",\"target\":[\"https:\\\/\\\/fjala.info\\\/2009-2015\\\/biberaj-berisha-mbeshtetesi-me-i-madh-politik-i-ish-komunisteve-eshte-tradhtari-i-se-djathtes\\\/#respond\"]}]},{\"@type\":\"WebPage\",\"@id\":\"https:\\\/\\\/fjala.info\\\/2009-2015\\\/biberaj-berisha-mbeshtetesi-me-i-madh-politik-i-ish-komunisteve-eshte-tradhtari-i-se-djathtes\\\/\",\"url\":\"https:\\\/\\\/fjala.info\\\/2009-2015\\\/biberaj-berisha-mbeshtetesi-me-i-madh-politik-i-ish-komunisteve-eshte-tradhtari-i-se-djathtes\\\/\",\"name\":\"Biberaj: Berisha, mb\u00ebshtet\u00ebsi m\u00eb i madh politik i ish-komunist\u00ebve. \u00cbsht\u00eb tradhtari i s\u00eb djatht\u00ebs - FjALA e LIR\u00cb - Arkivi\",\"isPartOf\":{\"@id\":\"https:\\\/\\\/fjala.info\\\/2009-2015\\\/#website\"},\"primaryImageOfPage\":{\"@id\":\"https:\\\/\\\/fjala.info\\\/2009-2015\\\/biberaj-berisha-mbeshtetesi-me-i-madh-politik-i-ish-komunisteve-eshte-tradhtari-i-se-djathtes\\\/#primaryimage\"},\"image\":{\"@id\":\"https:\\\/\\\/fjala.info\\\/2009-2015\\\/biberaj-berisha-mbeshtetesi-me-i-madh-politik-i-ish-komunisteve-eshte-tradhtari-i-se-djathtes\\\/#primaryimage\"},\"thumbnailUrl\":\"http:\\\/\\\/www.shkoder.net\\\/images\\\/fjala\\\/aleksander_biberaj.jpg\",\"datePublished\":\"2012-03-05T16:35:52+00:00\",\"breadcrumb\":{\"@id\":\"https:\\\/\\\/fjala.info\\\/2009-2015\\\/biberaj-berisha-mbeshtetesi-me-i-madh-politik-i-ish-komunisteve-eshte-tradhtari-i-se-djathtes\\\/#breadcrumb\"},\"inLanguage\":\"sq-AL\",\"potentialAction\":[{\"@type\":\"ReadAction\",\"target\":[\"https:\\\/\\\/fjala.info\\\/2009-2015\\\/biberaj-berisha-mbeshtetesi-me-i-madh-politik-i-ish-komunisteve-eshte-tradhtari-i-se-djathtes\\\/\"]}]},{\"@type\":\"ImageObject\",\"inLanguage\":\"sq-AL\",\"@id\":\"https:\\\/\\\/fjala.info\\\/2009-2015\\\/biberaj-berisha-mbeshtetesi-me-i-madh-politik-i-ish-komunisteve-eshte-tradhtari-i-se-djathtes\\\/#primaryimage\",\"url\":\"http:\\\/\\\/www.shkoder.net\\\/images\\\/fjala\\\/aleksander_biberaj.jpg\",\"contentUrl\":\"http:\\\/\\\/www.shkoder.net\\\/images\\\/fjala\\\/aleksander_biberaj.jpg\"},{\"@type\":\"BreadcrumbList\",\"@id\":\"https:\\\/\\\/fjala.info\\\/2009-2015\\\/biberaj-berisha-mbeshtetesi-me-i-madh-politik-i-ish-komunisteve-eshte-tradhtari-i-se-djathtes\\\/#breadcrumb\",\"itemListElement\":[{\"@type\":\"ListItem\",\"position\":1,\"name\":\"Home\",\"item\":\"https:\\\/\\\/fjala.info\\\/2009-2015\\\/\"},{\"@type\":\"ListItem\",\"position\":2,\"name\":\"Biberaj: Berisha, mb\u00ebshtet\u00ebsi m\u00eb i madh politik i ish-komunist\u00ebve. \u00cbsht\u00eb tradhtari i s\u00eb djatht\u00ebs\"}]},{\"@type\":\"WebSite\",\"@id\":\"https:\\\/\\\/fjala.info\\\/2009-2015\\\/#website\",\"url\":\"https:\\\/\\\/fjala.info\\\/2009-2015\\\/\",\"name\":\"FjALA e LIR\u00cb - Arkivi\",\"description\":\"Arkivi 2009-2015\",\"publisher\":{\"@id\":\"https:\\\/\\\/fjala.info\\\/2009-2015\\\/#organization\"},\"potentialAction\":[{\"@type\":\"SearchAction\",\"target\":{\"@type\":\"EntryPoint\",\"urlTemplate\":\"https:\\\/\\\/fjala.info\\\/2009-2015\\\/?s={search_term_string}\"},\"query-input\":{\"@type\":\"PropertyValueSpecification\",\"valueRequired\":true,\"valueName\":\"search_term_string\"}}],\"inLanguage\":\"sq-AL\"},{\"@type\":\"Organization\",\"@id\":\"https:\\\/\\\/fjala.info\\\/2009-2015\\\/#organization\",\"name\":\"FjALA e LIR\u00cb - Arkivi\",\"url\":\"https:\\\/\\\/fjala.info\\\/2009-2015\\\/\",\"logo\":{\"@type\":\"ImageObject\",\"inLanguage\":\"sq-AL\",\"@id\":\"https:\\\/\\\/fjala.info\\\/2009-2015\\\/#\\\/schema\\\/logo\\\/image\\\/\",\"url\":\"\",\"contentUrl\":\"\",\"caption\":\"FjALA e LIR\u00cb - Arkivi\"},\"image\":{\"@id\":\"https:\\\/\\\/fjala.info\\\/2009-2015\\\/#\\\/schema\\\/logo\\\/image\\\/\"}},{\"@type\":\"Person\",\"@id\":\"https:\\\/\\\/fjala.info\\\/2009-2015\\\/#\\\/schema\\\/person\\\/3aa1163ef05469c496fc94e77611ada2\",\"name\":\"admin\",\"image\":{\"@type\":\"ImageObject\",\"inLanguage\":\"sq-AL\",\"@id\":\"https:\\\/\\\/fjala.info\\\/2009-2015\\\/wp-content\\\/uploads\\\/2012\\\/02\\\/arben_cokaj-120x150.jpg\",\"url\":\"https:\\\/\\\/fjala.info\\\/2009-2015\\\/wp-content\\\/uploads\\\/2012\\\/02\\\/arben_cokaj-120x150.jpg\",\"contentUrl\":\"https:\\\/\\\/fjala.info\\\/2009-2015\\\/wp-content\\\/uploads\\\/2012\\\/02\\\/arben_cokaj-120x150.jpg\",\"caption\":\"admin\"},\"description\":\"Admin, Fjala e Lir\u00eb\",\"sameAs\":[\"https:\\\/\\\/fjala.info\\\/\"],\"url\":\"https:\\\/\\\/fjala.info\\\/2009-2015\\\/author\\\/admin\\\/\"}]}<\/script>\n<!-- \/ Yoast SEO plugin. -->","yoast_head_json":{"title":"Biberaj: Berisha, mb\u00ebshtet\u00ebsi m\u00eb i madh politik i ish-komunist\u00ebve. \u00cbsht\u00eb tradhtari i s\u00eb djatht\u00ebs - FjALA e LIR\u00cb - Arkivi","robots":{"index":"index","follow":"follow","max-snippet":"max-snippet:-1","max-image-preview":"max-image-preview:large","max-video-preview":"max-video-preview:-1"},"canonical":"https:\/\/fjala.info\/2009-2015\/biberaj-berisha-mbeshtetesi-me-i-madh-politik-i-ish-komunisteve-eshte-tradhtari-i-se-djathtes\/","og_locale":"sq_AL","og_type":"article","og_title":"Biberaj: Berisha, mb\u00ebshtet\u00ebsi m\u00eb i madh politik i ish-komunist\u00ebve. \u00cbsht\u00eb tradhtari i s\u00eb djatht\u00ebs - FjALA e LIR\u00cb - Arkivi","og_description":"TemA Online, 5 Mars 2012 Aleksand\u00ebr Biberaj, ish-deputet i PD-s\u00eb dhe pjes\u00ebmarr\u00ebs n\u00eb L\u00ebvizjen studentore dhe krijimin e Partis\u00eb Demokratike \u00ebsht\u00eb shprehur se, \u201cKryeministri aktual i Shqip\u00ebris\u00eb \u00ebsht\u00eb mb\u00ebshtet\u00ebsi m\u00eb i madh politik i ish-komunist\u00ebve dhe ish-bashk\u00ebpun\u00ebtor\u00ebve t\u00eb ish-Sigurimit t\u00eb Shtetit\u201d. Ish-an\u00ebtari i kryesis\u00eb s\u00eb PD-s\u00eb shkruan n\u00eb profilin e tij n\u00eb Facebook se ish-komunist\u00ebt [&hellip;]","og_url":"https:\/\/fjala.info\/2009-2015\/biberaj-berisha-mbeshtetesi-me-i-madh-politik-i-ish-komunisteve-eshte-tradhtari-i-se-djathtes\/","og_site_name":"FjALA e LIR\u00cb - Arkivi","article_published_time":"2012-03-05T16:35:52+00:00","og_image":[{"url":"http:\/\/www.shkoder.net\/images\/fjala\/aleksander_biberaj.jpg","type":"","width":"","height":""}],"author":"admin","twitter_card":"summary_large_image","twitter_misc":{"Written by":"admin","Est. reading time":"1 minute"},"schema":{"@context":"https:\/\/schema.org","@graph":[{"@type":"Article","@id":"https:\/\/fjala.info\/2009-2015\/biberaj-berisha-mbeshtetesi-me-i-madh-politik-i-ish-komunisteve-eshte-tradhtari-i-se-djathtes\/#article","isPartOf":{"@id":"https:\/\/fjala.info\/2009-2015\/biberaj-berisha-mbeshtetesi-me-i-madh-politik-i-ish-komunisteve-eshte-tradhtari-i-se-djathtes\/"},"author":{"name":"admin","@id":"https:\/\/fjala.info\/2009-2015\/#\/schema\/person\/3aa1163ef05469c496fc94e77611ada2"},"headline":"Biberaj: Berisha, mb\u00ebshtet\u00ebsi m\u00eb i madh politik i ish-komunist\u00ebve. \u00cbsht\u00eb tradhtari i s\u00eb djatht\u00ebs","datePublished":"2012-03-05T16:35:52+00:00","mainEntityOfPage":{"@id":"https:\/\/fjala.info\/2009-2015\/biberaj-berisha-mbeshtetesi-me-i-madh-politik-i-ish-komunisteve-eshte-tradhtari-i-se-djathtes\/"},"wordCount":130,"commentCount":0,"publisher":{"@id":"https:\/\/fjala.info\/2009-2015\/#organization"},"image":{"@id":"https:\/\/fjala.info\/2009-2015\/biberaj-berisha-mbeshtetesi-me-i-madh-politik-i-ish-komunisteve-eshte-tradhtari-i-se-djathtes\/#primaryimage"},"thumbnailUrl":"http:\/\/www.shkoder.net\/images\/fjala\/aleksander_biberaj.jpg","articleSection":["Lajme"],"inLanguage":"sq-AL","potentialAction":[{"@type":"CommentAction","name":"Comment","target":["https:\/\/fjala.info\/2009-2015\/biberaj-berisha-mbeshtetesi-me-i-madh-politik-i-ish-komunisteve-eshte-tradhtari-i-se-djathtes\/#respond"]}]},{"@type":"WebPage","@id":"https:\/\/fjala.info\/2009-2015\/biberaj-berisha-mbeshtetesi-me-i-madh-politik-i-ish-komunisteve-eshte-tradhtari-i-se-djathtes\/","url":"https:\/\/fjala.info\/2009-2015\/biberaj-berisha-mbeshtetesi-me-i-madh-politik-i-ish-komunisteve-eshte-tradhtari-i-se-djathtes\/","name":"Biberaj: Berisha, mb\u00ebshtet\u00ebsi m\u00eb i madh politik i ish-komunist\u00ebve. \u00cbsht\u00eb tradhtari i s\u00eb djatht\u00ebs - FjALA e LIR\u00cb - Arkivi","isPartOf":{"@id":"https:\/\/fjala.info\/2009-2015\/#website"},"primaryImageOfPage":{"@id":"https:\/\/fjala.info\/2009-2015\/biberaj-berisha-mbeshtetesi-me-i-madh-politik-i-ish-komunisteve-eshte-tradhtari-i-se-djathtes\/#primaryimage"},"image":{"@id":"https:\/\/fjala.info\/2009-2015\/biberaj-berisha-mbeshtetesi-me-i-madh-politik-i-ish-komunisteve-eshte-tradhtari-i-se-djathtes\/#primaryimage"},"thumbnailUrl":"http:\/\/www.shkoder.net\/images\/fjala\/aleksander_biberaj.jpg","datePublished":"2012-03-05T16:35:52+00:00","breadcrumb":{"@id":"https:\/\/fjala.info\/2009-2015\/biberaj-berisha-mbeshtetesi-me-i-madh-politik-i-ish-komunisteve-eshte-tradhtari-i-se-djathtes\/#breadcrumb"},"inLanguage":"sq-AL","potentialAction":[{"@type":"ReadAction","target":["https:\/\/fjala.info\/2009-2015\/biberaj-berisha-mbeshtetesi-me-i-madh-politik-i-ish-komunisteve-eshte-tradhtari-i-se-djathtes\/"]}]},{"@type":"ImageObject","inLanguage":"sq-AL","@id":"https:\/\/fjala.info\/2009-2015\/biberaj-berisha-mbeshtetesi-me-i-madh-politik-i-ish-komunisteve-eshte-tradhtari-i-se-djathtes\/#primaryimage","url":"http:\/\/www.shkoder.net\/images\/fjala\/aleksander_biberaj.jpg","contentUrl":"http:\/\/www.shkoder.net\/images\/fjala\/aleksander_biberaj.jpg"},{"@type":"BreadcrumbList","@id":"https:\/\/fjala.info\/2009-2015\/biberaj-berisha-mbeshtetesi-me-i-madh-politik-i-ish-komunisteve-eshte-tradhtari-i-se-djathtes\/#breadcrumb","itemListElement":[{"@type":"ListItem","position":1,"name":"Home","item":"https:\/\/fjala.info\/2009-2015\/"},{"@type":"ListItem","position":2,"name":"Biberaj: Berisha, mb\u00ebshtet\u00ebsi m\u00eb i madh politik i ish-komunist\u00ebve. \u00cbsht\u00eb tradhtari i s\u00eb djatht\u00ebs"}]},{"@type":"WebSite","@id":"https:\/\/fjala.info\/2009-2015\/#website","url":"https:\/\/fjala.info\/2009-2015\/","name":"FjALA e LIR\u00cb - Arkivi","description":"Arkivi 2009-2015","publisher":{"@id":"https:\/\/fjala.info\/2009-2015\/#organization"},"potentialAction":[{"@type":"SearchAction","target":{"@type":"EntryPoint","urlTemplate":"https:\/\/fjala.info\/2009-2015\/?s={search_term_string}"},"query-input":{"@type":"PropertyValueSpecification","valueRequired":true,"valueName":"search_term_string"}}],"inLanguage":"sq-AL"},{"@type":"Organization","@id":"https:\/\/fjala.info\/2009-2015\/#organization","name":"FjALA e LIR\u00cb - Arkivi","url":"https:\/\/fjala.info\/2009-2015\/","logo":{"@type":"ImageObject","inLanguage":"sq-AL","@id":"https:\/\/fjala.info\/2009-2015\/#\/schema\/logo\/image\/","url":"","contentUrl":"","caption":"FjALA e LIR\u00cb - Arkivi"},"image":{"@id":"https:\/\/fjala.info\/2009-2015\/#\/schema\/logo\/image\/"}},{"@type":"Person","@id":"https:\/\/fjala.info\/2009-2015\/#\/schema\/person\/3aa1163ef05469c496fc94e77611ada2","name":"admin","image":{"@type":"ImageObject","inLanguage":"sq-AL","@id":"https:\/\/fjala.info\/2009-2015\/wp-content\/uploads\/2012\/02\/arben_cokaj-120x150.jpg","url":"https:\/\/fjala.info\/2009-2015\/wp-content\/uploads\/2012\/02\/arben_cokaj-120x150.jpg","contentUrl":"https:\/\/fjala.info\/2009-2015\/wp-content\/uploads\/2012\/02\/arben_cokaj-120x150.jpg","caption":"admin"},"description":"Admin, Fjala e Lir\u00eb","sameAs":["https:\/\/fjala.info\/"],"url":"https:\/\/fjala.info\/2009-2015\/author\/admin\/"}]}},"_links":{"self":[{"href":"https:\/\/fjala.info\/2009-2015\/wp-json\/wp\/v2\/posts\/2066","targetHints":{"allow":["GET"]}}],"collection":[{"href":"https:\/\/fjala.info\/2009-2015\/wp-json\/wp\/v2\/posts"}],"about":[{"href":"https:\/\/fjala.info\/2009-2015\/wp-json\/wp\/v2\/types\/post"}],"author":[{"embeddable":true,"href":"https:\/\/fjala.info\/2009-2015\/wp-json\/wp\/v2\/users\/1"}],"replies":[{"embeddable":true,"href":"https:\/\/fjala.info\/2009-2015\/wp-json\/wp\/v2\/comments?post=2066"}],"version-history":[{"count":0,"href":"https:\/\/fjala.info\/2009-2015\/wp-json\/wp\/v2\/posts\/2066\/revisions"}],"wp:attachment":[{"href":"https:\/\/fjala.info\/2009-2015\/wp-json\/wp\/v2\/media?parent=2066"}],"wp:term":[{"taxonomy":"category","embeddable":true,"href":"https:\/\/fjala.info\/2009-2015\/wp-json\/wp\/v2\/categories?post=2066"},{"taxonomy":"post_tag","embeddable":true,"href":"https:\/\/fjala.info\/2009-2015\/wp-json\/wp\/v2\/tags?post=2066"}],"curies":[{"name":"wp","href":"https:\/\/api.w.org\/{rel}","templated":true}]}}