{"id":2064,"date":"2012-03-05T17:27:33","date_gmt":"2012-03-05T16:27:33","guid":{"rendered":"http:\/\/fjala.shkoder.net\/?p=2064"},"modified":"2012-03-05T17:27:33","modified_gmt":"2012-03-05T16:27:33","slug":"eshte-e-mundur-qe-njerezit-me-dinjitet-te-kene-nje-karriere-politike","status":"publish","type":"post","link":"https:\/\/fjala.info\/2009-2015\/eshte-e-mundur-qe-njerezit-me-dinjitet-te-kene-nje-karriere-politike\/","title":{"rendered":"\u00cbsht\u00eb e mundur q\u00eb njer\u00ebzit me dinjitet t\u00eb ken\u00eb nj\u00eb karrier\u00eb politike?"},"content":{"rendered":"<p><img decoding=\"async\" class=\"alignleft size-thumbnail wp-image-7236\" title=\"Mustafa Nano\" src=\"http:\/\/www.shkoder.net\/images\/fjala\/mustafa_nano.jpg\" alt=\"\" width=\"150\" \/> <strong>Mustafa Nano<\/strong>, <em>05.03.2012<\/em><\/p>\n<p>Karriera e \u00e7do politikani t\u00eb bot\u00ebs sh\u00ebnjohet nga kombinimi i nevoj\u00ebs p\u00ebr t\u00eb mbajtur e mbrojtur nj\u00eb nivel t\u00eb caktuar t\u00eb dinjitetit personal me ambicien p\u00ebr t\u00eb qen\u00eb dikushi n\u00eb jet\u00ebn publike (th\u00ebn\u00eb ndryshe, me ambicien p\u00ebr t\u00eb luajtur nj\u00eb rol atje ku merren vendime q\u00eb kan\u00eb t\u00eb b\u00ebjn\u00eb me fatin e komunitetit, kolektivit, kombit, etj.).<\/p>\n<p>Duhet t\u00eb merret me mend leht\u00eb se \u00ebsht\u00eb dhe shoq\u00ebria, s\u00eb cil\u00ebs i p\u00ebrkasim, q\u00eb ndikon n\u00eb k\u00ebt\u00eb zgjedhje, e n\u00eb k\u00ebt\u00eb kuptim \u00e7do kombinim individual dinjitet-ambicie nuk \u00ebsht\u00eb dhe aq individual.<\/p>\n<p>Ambicia politike \u00ebsht\u00eb normale, legjitime, madje dhe e lavd\u00ebrueshme, n\u00eb shum\u00eb shoq\u00ebri t\u00eb sofistikuara kulturalisht e t\u00eb emancipuara politikisht (nuk \u00ebsht\u00eb kudo si k\u00ebtej nga an\u00ebt tona, ku na \u00ebsht\u00eb b\u00ebr\u00eb zakon t\u00eb themi n\u00eb m\u00ebnyr\u00eb t\u00eb vrazhd\u00eb e jo fort t\u00eb p\u00ebrpunuar, se \u201cpolitika \u00ebsht\u00eb kurv\u00eb\u201d), por gjetk\u00eb jan\u00eb m\u00eb pak t\u00eb gatsh\u00ebm t\u00eb pranojn\u00eb q\u00eb k\u00ebt\u00eb ambicie ta materializojn\u00eb mbi kurriz t\u00eb dinjitetit personal; dhe r\u00ebndom as q\u00eb ka rrethana, n\u00eb t\u00eb cilat u duhet ta b\u00ebjn\u00eb k\u00ebt\u00eb.<\/p>\n<p>Nuk jam n\u00eb gjendje t\u00eb them n\u00ebse gjetk\u00eb, fjala vjen n\u00eb vendet e Europ\u00ebs Veriore, karrierat ngrihen ekskluzivisht e gjithnj\u00eb mbi kushtin e dinjitetit personal t\u00eb paprekur, por besoj gjith\u00eb dit\u00ebn e dit\u00ebs se n\u00eb kombinimin dinjitet personal-ambicie p\u00ebr karrier\u00eb, privilegjohet dinjiteti (edhe kur ambicia \u00ebsht\u00eb e fort\u00eb; edhe kur ajo q\u00eb rrezikohet n\u00eb planin e karrier\u00ebs \u00ebsht\u00eb e madhe). Jo m\u00eb kot d\u00ebgjojm\u00eb shpesh mbi dor\u00ebheqje t\u00eb forta p\u00ebr motive q\u00eb neve na ngjajn\u00eb me \u00e7ik\u00ebrrima. Kjo do t\u00eb thot\u00eb se shumica e njer\u00ebzve q\u00eb b\u00ebjn\u00eb karrier\u00eb n\u00eb politik\u00eb, e b\u00ebjn\u00eb k\u00ebt\u00eb n\u00eb respekt t\u00eb asaj q\u00eb jan\u00eb e t\u00eb asaj q\u00eb mendojn\u00eb e besojn\u00eb. Dhe kur iu duhet t\u00eb braktisin di\u00e7ka prej vetes (n\u00eb em\u00ebr t\u00eb ambicies q\u00eb kan\u00eb), k\u00ebt\u00eb e b\u00ebjn\u00eb mes skrupujsh, nd\u00ebrdyshjesh e brerje nd\u00ebrgjegjeje; dhe kjo \u201cdi\u00e7ka\u201d q\u00eb l\u00ebshojn\u00eb \u00ebsht\u00eb e till\u00eb q\u00eb nuk prek thelbin e qenies s\u00eb tyre, q\u00eb nuk i shfytyron p\u00ebrball\u00eb t\u00eb tjer\u00ebve; e p\u00ebrball\u00eb vetes, mbi t\u00eb gjitha.<\/p>\n<p>N\u00eb Shqip\u00ebri thyesa dinjitet\/ambicie \u00ebsht\u00eb me kok\u00ebposht\u00eb. Gjen kudo njer\u00ebz q\u00eb kan\u00eb ambicien m\u00eb t\u00eb r\u00ebnd\u00ebsishme se sa dinjitetin; madje, \u00ebsht\u00eb m\u00eb e sakt\u00eb t\u00eb thuhet q\u00eb gjen kudo njer\u00ebz q\u00eb kan\u00eb ambicie e s\u2019kan\u00eb dinjitet; e ndonj\u00ebher\u00eb mendoj se pak p\u00ebrjashtime, fare pak p\u00ebrjashtime, nuk b\u00ebjn\u00eb gj\u00eb tjet\u00ebr ve\u00e7se p\u00ebrforcojn\u00eb rregullin q\u00eb thot\u00eb se \u201cshqiptar\u00ebt s\u2019e kan\u00eb p\u00ebr gj\u00eb ta shesin veten p\u00ebr t\u00eb qen\u00eb af\u00ebr pushtetit\u201d. K\u00ebt\u00eb gj\u00eb e kam menduar n\u00eb m\u00ebnyr\u00eb k\u00ebmb\u00ebngul\u00ebse n\u00eb momente dramatike p\u00ebr vendin, n\u00eb ato momente pra kur gj\u00ebrat jan\u00eb aq t\u00eb qarta e rreshtimet aq t\u00eb kollajta, sa ve\u00e7 nj\u00eb gatishm\u00ebri p\u00ebr ta shitur veten p\u00ebr hi\u00e7gj\u00eb krijon mb\u00ebshtetje n\u00eb favor t\u00eb t\u00eb ligut apo t\u00eb t\u00eb ligjve.<\/p>\n<p>21 janari i vitit 2011 ishte nj\u00eb nga k\u00ebto momente, kur n\u00eb m\u00ebnyr\u00ebn m\u00eb t\u00eb pabesueshme nuk u vu re asnj\u00eb rrjedhje prej \u201cdepozit\u00ebs\u201d s\u00eb pushtetit. Ndon\u00ebse kryeministri, e shpura e tij, vran\u00eb kat\u00ebr veta t\u00eb pafajsh\u00ebm faqe bot\u00ebs dhe i justifikuan k\u00ebto vrasje n\u00eb m\u00ebnyr\u00ebn m\u00eb surreale t\u00eb mundshme (n\u00eb nj\u00ebfar\u00eb kuptimi ishin m\u00eb t\u00eb turpshme k\u00ebto justifikime se sa vet\u00eb vrasjet e kryera), kronika politike nuk regjistroi asnj\u00eb dezertim nga kampi. Nuk pati asnj\u00eb z\u00eb kritik; asnj\u00eb z\u00eb kund\u00ebr, asnj\u00eb z\u00eb q\u00eb t\u00eb thosh gj\u00ebn\u00eb m\u00eb t\u00eb natyrshme n\u00eb at\u00eb moment: \u2018Prit, se u vran\u00eb njer\u00ebz; vaft\u00eb n\u00eb djall karriera ime! N\u00eb m\u00ebnyr\u00ebn m\u00eb t\u00eb \u00e7uditshme, ndodhi e kund\u00ebrta. Radh\u00ebt u ngjesh\u00ebn e t\u00eb gjith\u00eb u b\u00ebn\u00eb nj\u00eb.<\/p>\n<p>Ka pasur e ka edhe ngjarje q\u00eb jan\u00eb thjesht t\u00eb natyr\u00ebs politike, t\u00eb cilat ta b\u00ebjn\u00eb q\u00ebndrimin e rreshtimin shum\u00eb t\u00eb kollajt\u00eb. D\u00ebshtimi i k\u00ebsaj qeverie p\u00ebr t\u00eb marr\u00eb statusin e vendit kandidat \u00ebsht\u00eb spektakolar dhe prap\u00eb se prap\u00eb pothuaj t\u00eb gjith\u00eb njer\u00ebzit e mazhoranc\u00ebs jan\u00eb duke k\u00ebnduar avazin, se \u201cfajtore \u00ebsht\u00eb opozita\u201d, aq sa t\u00eb vjen t\u00eb pyes\u00ebsh: si \u00ebsht\u00eb e mundur q\u00eb katandisen deri n\u00eb k\u00ebt\u00eb far\u00eb feje? \u00c7\u2019jan\u00eb k\u00ebto interesa kaq t\u00eb m\u00ebdha q\u00eb i b\u00ebjn\u00eb k\u00ebta njer\u00ebz t\u00eb \u00e7aprashitin gjepura q\u00eb nuk i mendojn\u00eb kurr\u00eb? Si ka mund\u00ebsi q\u00eb nuk rebelohen sadopak n\u00eb em\u00ebr t\u00eb s\u00eb v\u00ebrtet\u00ebs?<\/p>\n<p>N\u00eb fakt, jav\u00ebt e fundit jan\u00eb v\u00ebn\u00eb re disa kuturisje \u201cdinjitoze\u201d brenda kampit t\u00eb mazhoranc\u00ebs. Jan\u00eb z\u00ebra t\u00eb ndrojtur dhe kritika t\u00eb kalibruara me shum\u00eb kujdes, por n\u00eb fund t\u00eb fundit jan\u00eb p\u00ebrpjekje p\u00ebr t\u00eb b\u00ebr\u00eb n\u00eb rrethana shqiptare at\u00eb kombinimin e duhur mes dinjitetit human e ambicies politike, mes respektit p\u00ebr veten e ledhatimit t\u00eb ambicies, q\u00eb n\u00eb fakt maskohet si luajalitet ndaj kauz\u00ebs. Sigurisht, dinjiteti i demonstruar n\u00eb k\u00ebt\u00eb mes \u00ebsht\u00eb pak gj\u00eb, \u00ebsht\u00eb fare pak gj\u00eb, pasi k\u00ebto kritika jan\u00eb, jo vet\u00ebm t\u00eb ndrojtura, por edhe shum\u00eb t\u00eb vonuara e p\u00ebr \u00e7\u00ebshtje me r\u00ebnd\u00ebsi periferike, e n\u00eb k\u00ebt\u00eb kuptim duket se nuk meritojn\u00eb v\u00ebmendje; por ne t\u00eb shtypit, t\u00eb etur e t\u00eb p\u00ebrgj\u00ebruar p\u00ebr dinjitet human n\u00eb politik\u00eb nuk kemi nguruar t\u2019i shesim si gjeste t\u00eb guximshme e t\u00eb fisme. Jemi n\u00eb Shqip\u00ebri, nuk jemi n\u00eb Danimark\u00eb, ku kaq pak dinjitet nuk bie n\u00eb sy; madje p\u00ebrbuzet. Jo, n\u00eb Shqip\u00ebri kaq pak dinjitet duhet p\u00ebr t\u00eb krijuar, apo shpikur, modele.<\/p>\n<p>P.S. M\u00eb nxiti p\u00ebr t\u00eb shkruar p\u00ebrsiatjen e m\u00ebsip\u00ebrme intervista e bujshme e Gazmend Oket\u00ebs n\u00eb \u201cTonight Ilva Tare\u201d, dhe nj\u00eb intervist\u00eb jo aq e bujshme e Gjergj Bojaxhiut, q\u00eb n\u00eb fakt ish m\u00eb e fort\u00eb se sa ajo e Oket\u00ebs, dh\u00ebn\u00eb s\u00eb p\u00ebrjavshmes \u201cJava\u201d, n\u00eb t\u00eb cil\u00ebn i intervistuari duket sikur ka b\u00ebr\u00eb nj\u00eb akt sh\u00eblbimi, duket sikur ka shp\u00ebtuar veten. Vihet re n\u00eb at\u00eb intervist\u00eb, mes rreshtave, nj\u00eb lloj g\u00ebzimi a krenarie q\u00eb m\u00eb n\u00eb fund ai ka gjetur forcat e motivet \u2013 dhe DINJITETIN \u2013 p\u00ebr t\u00eb arritur t\u2019i thot\u00eb vetvetes e t\u00eb tjer\u00ebve: un\u00eb i thash\u00eb ato q\u00eb po i mbaja t\u00eb fshehura brenda vetes n\u00eb em\u00ebr t\u00eb nj\u00eb karriere, q\u00eb kurr\u00eb mos ardht\u00eb; un\u00eb rigjeta dinjitetin.<\/p>\n<p><em>Gazeta &#8220;Shqip&#8221; <\/em><\/p>\n","protected":false},"excerpt":{"rendered":"<p>Mustafa Nano, 05.03.2012 Karriera e \u00e7do politikani t\u00eb bot\u00ebs sh\u00ebnjohet nga kombinimi i nevoj\u00ebs p\u00ebr t\u00eb mbajtur e mbrojtur nj\u00eb nivel t\u00eb caktuar t\u00eb dinjitetit personal me ambicien p\u00ebr t\u00eb qen\u00eb dikushi n\u00eb jet\u00ebn publike (th\u00ebn\u00eb ndryshe, me ambicien p\u00ebr t\u00eb luajtur nj\u00eb rol atje ku merren vendime q\u00eb kan\u00eb t\u00eb b\u00ebjn\u00eb me fatin e [&hellip;]<\/p>\n","protected":false},"author":1,"featured_media":0,"comment_status":"open","ping_status":"closed","sticky":false,"template":"","format":"standard","meta":{"footnotes":""},"categories":[2],"tags":[],"class_list":{"0":"post-2064","1":"post","2":"type-post","3":"status-publish","4":"format-standard","6":"category-artikuj"},"yoast_head":"<!-- This site is optimized with the Yoast SEO plugin v27.4 - https:\/\/yoast.com\/product\/yoast-seo-wordpress\/ -->\n<title>\u00cbsht\u00eb e mundur q\u00eb njer\u00ebzit me dinjitet t\u00eb ken\u00eb nj\u00eb karrier\u00eb politike? - FjALA e LIR\u00cb - Arkivi<\/title>\n<meta name=\"robots\" content=\"index, follow, max-snippet:-1, max-image-preview:large, max-video-preview:-1\" \/>\n<link rel=\"canonical\" href=\"https:\/\/fjala.info\/2009-2015\/eshte-e-mundur-qe-njerezit-me-dinjitet-te-kene-nje-karriere-politike\/\" \/>\n<meta property=\"og:locale\" content=\"sq_AL\" \/>\n<meta property=\"og:type\" content=\"article\" \/>\n<meta property=\"og:title\" content=\"\u00cbsht\u00eb e mundur q\u00eb njer\u00ebzit me dinjitet t\u00eb ken\u00eb nj\u00eb karrier\u00eb politike? - FjALA e LIR\u00cb - Arkivi\" \/>\n<meta property=\"og:description\" content=\"Mustafa Nano, 05.03.2012 Karriera e \u00e7do politikani t\u00eb bot\u00ebs sh\u00ebnjohet nga kombinimi i nevoj\u00ebs p\u00ebr t\u00eb mbajtur e mbrojtur nj\u00eb nivel t\u00eb caktuar t\u00eb dinjitetit personal me ambicien p\u00ebr t\u00eb qen\u00eb dikushi n\u00eb jet\u00ebn publike (th\u00ebn\u00eb ndryshe, me ambicien p\u00ebr t\u00eb luajtur nj\u00eb rol atje ku merren vendime q\u00eb kan\u00eb t\u00eb b\u00ebjn\u00eb me fatin e [&hellip;]\" \/>\n<meta property=\"og:url\" content=\"https:\/\/fjala.info\/2009-2015\/eshte-e-mundur-qe-njerezit-me-dinjitet-te-kene-nje-karriere-politike\/\" \/>\n<meta property=\"og:site_name\" content=\"FjALA e LIR\u00cb - Arkivi\" \/>\n<meta property=\"article:published_time\" content=\"2012-03-05T16:27:33+00:00\" \/>\n<meta property=\"og:image\" content=\"http:\/\/www.shkoder.net\/images\/fjala\/mustafa_nano.jpg\" \/>\n<meta name=\"author\" content=\"admin\" \/>\n<meta name=\"twitter:card\" content=\"summary_large_image\" \/>\n<meta name=\"twitter:label1\" content=\"Written by\" \/>\n\t<meta name=\"twitter:data1\" content=\"admin\" \/>\n\t<meta name=\"twitter:label2\" content=\"Est. reading time\" \/>\n\t<meta name=\"twitter:data2\" content=\"6 minutes\" \/>\n<script type=\"application\/ld+json\" class=\"yoast-schema-graph\">{\"@context\":\"https:\\\/\\\/schema.org\",\"@graph\":[{\"@type\":\"Article\",\"@id\":\"https:\\\/\\\/fjala.info\\\/2009-2015\\\/eshte-e-mundur-qe-njerezit-me-dinjitet-te-kene-nje-karriere-politike\\\/#article\",\"isPartOf\":{\"@id\":\"https:\\\/\\\/fjala.info\\\/2009-2015\\\/eshte-e-mundur-qe-njerezit-me-dinjitet-te-kene-nje-karriere-politike\\\/\"},\"author\":{\"name\":\"admin\",\"@id\":\"https:\\\/\\\/fjala.info\\\/2009-2015\\\/#\\\/schema\\\/person\\\/3aa1163ef05469c496fc94e77611ada2\"},\"headline\":\"\u00cbsht\u00eb e mundur q\u00eb njer\u00ebzit me dinjitet t\u00eb ken\u00eb nj\u00eb karrier\u00eb politike?\",\"datePublished\":\"2012-03-05T16:27:33+00:00\",\"mainEntityOfPage\":{\"@id\":\"https:\\\/\\\/fjala.info\\\/2009-2015\\\/eshte-e-mundur-qe-njerezit-me-dinjitet-te-kene-nje-karriere-politike\\\/\"},\"wordCount\":1130,\"commentCount\":0,\"publisher\":{\"@id\":\"https:\\\/\\\/fjala.info\\\/2009-2015\\\/#organization\"},\"image\":{\"@id\":\"https:\\\/\\\/fjala.info\\\/2009-2015\\\/eshte-e-mundur-qe-njerezit-me-dinjitet-te-kene-nje-karriere-politike\\\/#primaryimage\"},\"thumbnailUrl\":\"http:\\\/\\\/www.shkoder.net\\\/images\\\/fjala\\\/mustafa_nano.jpg\",\"articleSection\":[\"Artikuj\"],\"inLanguage\":\"sq-AL\",\"potentialAction\":[{\"@type\":\"CommentAction\",\"name\":\"Comment\",\"target\":[\"https:\\\/\\\/fjala.info\\\/2009-2015\\\/eshte-e-mundur-qe-njerezit-me-dinjitet-te-kene-nje-karriere-politike\\\/#respond\"]}]},{\"@type\":\"WebPage\",\"@id\":\"https:\\\/\\\/fjala.info\\\/2009-2015\\\/eshte-e-mundur-qe-njerezit-me-dinjitet-te-kene-nje-karriere-politike\\\/\",\"url\":\"https:\\\/\\\/fjala.info\\\/2009-2015\\\/eshte-e-mundur-qe-njerezit-me-dinjitet-te-kene-nje-karriere-politike\\\/\",\"name\":\"\u00cbsht\u00eb e mundur q\u00eb njer\u00ebzit me dinjitet t\u00eb ken\u00eb nj\u00eb karrier\u00eb politike? - FjALA e LIR\u00cb - Arkivi\",\"isPartOf\":{\"@id\":\"https:\\\/\\\/fjala.info\\\/2009-2015\\\/#website\"},\"primaryImageOfPage\":{\"@id\":\"https:\\\/\\\/fjala.info\\\/2009-2015\\\/eshte-e-mundur-qe-njerezit-me-dinjitet-te-kene-nje-karriere-politike\\\/#primaryimage\"},\"image\":{\"@id\":\"https:\\\/\\\/fjala.info\\\/2009-2015\\\/eshte-e-mundur-qe-njerezit-me-dinjitet-te-kene-nje-karriere-politike\\\/#primaryimage\"},\"thumbnailUrl\":\"http:\\\/\\\/www.shkoder.net\\\/images\\\/fjala\\\/mustafa_nano.jpg\",\"datePublished\":\"2012-03-05T16:27:33+00:00\",\"breadcrumb\":{\"@id\":\"https:\\\/\\\/fjala.info\\\/2009-2015\\\/eshte-e-mundur-qe-njerezit-me-dinjitet-te-kene-nje-karriere-politike\\\/#breadcrumb\"},\"inLanguage\":\"sq-AL\",\"potentialAction\":[{\"@type\":\"ReadAction\",\"target\":[\"https:\\\/\\\/fjala.info\\\/2009-2015\\\/eshte-e-mundur-qe-njerezit-me-dinjitet-te-kene-nje-karriere-politike\\\/\"]}]},{\"@type\":\"ImageObject\",\"inLanguage\":\"sq-AL\",\"@id\":\"https:\\\/\\\/fjala.info\\\/2009-2015\\\/eshte-e-mundur-qe-njerezit-me-dinjitet-te-kene-nje-karriere-politike\\\/#primaryimage\",\"url\":\"http:\\\/\\\/www.shkoder.net\\\/images\\\/fjala\\\/mustafa_nano.jpg\",\"contentUrl\":\"http:\\\/\\\/www.shkoder.net\\\/images\\\/fjala\\\/mustafa_nano.jpg\"},{\"@type\":\"BreadcrumbList\",\"@id\":\"https:\\\/\\\/fjala.info\\\/2009-2015\\\/eshte-e-mundur-qe-njerezit-me-dinjitet-te-kene-nje-karriere-politike\\\/#breadcrumb\",\"itemListElement\":[{\"@type\":\"ListItem\",\"position\":1,\"name\":\"Home\",\"item\":\"https:\\\/\\\/fjala.info\\\/2009-2015\\\/\"},{\"@type\":\"ListItem\",\"position\":2,\"name\":\"\u00cbsht\u00eb e mundur q\u00eb njer\u00ebzit me dinjitet t\u00eb ken\u00eb nj\u00eb karrier\u00eb politike?\"}]},{\"@type\":\"WebSite\",\"@id\":\"https:\\\/\\\/fjala.info\\\/2009-2015\\\/#website\",\"url\":\"https:\\\/\\\/fjala.info\\\/2009-2015\\\/\",\"name\":\"FjALA e LIR\u00cb - Arkivi\",\"description\":\"Arkivi 2009-2015\",\"publisher\":{\"@id\":\"https:\\\/\\\/fjala.info\\\/2009-2015\\\/#organization\"},\"potentialAction\":[{\"@type\":\"SearchAction\",\"target\":{\"@type\":\"EntryPoint\",\"urlTemplate\":\"https:\\\/\\\/fjala.info\\\/2009-2015\\\/?s={search_term_string}\"},\"query-input\":{\"@type\":\"PropertyValueSpecification\",\"valueRequired\":true,\"valueName\":\"search_term_string\"}}],\"inLanguage\":\"sq-AL\"},{\"@type\":\"Organization\",\"@id\":\"https:\\\/\\\/fjala.info\\\/2009-2015\\\/#organization\",\"name\":\"FjALA e LIR\u00cb - Arkivi\",\"url\":\"https:\\\/\\\/fjala.info\\\/2009-2015\\\/\",\"logo\":{\"@type\":\"ImageObject\",\"inLanguage\":\"sq-AL\",\"@id\":\"https:\\\/\\\/fjala.info\\\/2009-2015\\\/#\\\/schema\\\/logo\\\/image\\\/\",\"url\":\"\",\"contentUrl\":\"\",\"caption\":\"FjALA e LIR\u00cb - Arkivi\"},\"image\":{\"@id\":\"https:\\\/\\\/fjala.info\\\/2009-2015\\\/#\\\/schema\\\/logo\\\/image\\\/\"}},{\"@type\":\"Person\",\"@id\":\"https:\\\/\\\/fjala.info\\\/2009-2015\\\/#\\\/schema\\\/person\\\/3aa1163ef05469c496fc94e77611ada2\",\"name\":\"admin\",\"image\":{\"@type\":\"ImageObject\",\"inLanguage\":\"sq-AL\",\"@id\":\"https:\\\/\\\/fjala.info\\\/2009-2015\\\/wp-content\\\/uploads\\\/2012\\\/02\\\/arben_cokaj-120x150.jpg\",\"url\":\"https:\\\/\\\/fjala.info\\\/2009-2015\\\/wp-content\\\/uploads\\\/2012\\\/02\\\/arben_cokaj-120x150.jpg\",\"contentUrl\":\"https:\\\/\\\/fjala.info\\\/2009-2015\\\/wp-content\\\/uploads\\\/2012\\\/02\\\/arben_cokaj-120x150.jpg\",\"caption\":\"admin\"},\"description\":\"Admin, Fjala e Lir\u00eb\",\"sameAs\":[\"https:\\\/\\\/fjala.info\\\/\"],\"url\":\"https:\\\/\\\/fjala.info\\\/2009-2015\\\/author\\\/admin\\\/\"}]}<\/script>\n<!-- \/ Yoast SEO plugin. -->","yoast_head_json":{"title":"\u00cbsht\u00eb e mundur q\u00eb njer\u00ebzit me dinjitet t\u00eb ken\u00eb nj\u00eb karrier\u00eb politike? - FjALA e LIR\u00cb - Arkivi","robots":{"index":"index","follow":"follow","max-snippet":"max-snippet:-1","max-image-preview":"max-image-preview:large","max-video-preview":"max-video-preview:-1"},"canonical":"https:\/\/fjala.info\/2009-2015\/eshte-e-mundur-qe-njerezit-me-dinjitet-te-kene-nje-karriere-politike\/","og_locale":"sq_AL","og_type":"article","og_title":"\u00cbsht\u00eb e mundur q\u00eb njer\u00ebzit me dinjitet t\u00eb ken\u00eb nj\u00eb karrier\u00eb politike? - FjALA e LIR\u00cb - Arkivi","og_description":"Mustafa Nano, 05.03.2012 Karriera e \u00e7do politikani t\u00eb bot\u00ebs sh\u00ebnjohet nga kombinimi i nevoj\u00ebs p\u00ebr t\u00eb mbajtur e mbrojtur nj\u00eb nivel t\u00eb caktuar t\u00eb dinjitetit personal me ambicien p\u00ebr t\u00eb qen\u00eb dikushi n\u00eb jet\u00ebn publike (th\u00ebn\u00eb ndryshe, me ambicien p\u00ebr t\u00eb luajtur nj\u00eb rol atje ku merren vendime q\u00eb kan\u00eb t\u00eb b\u00ebjn\u00eb me fatin e [&hellip;]","og_url":"https:\/\/fjala.info\/2009-2015\/eshte-e-mundur-qe-njerezit-me-dinjitet-te-kene-nje-karriere-politike\/","og_site_name":"FjALA e LIR\u00cb - Arkivi","article_published_time":"2012-03-05T16:27:33+00:00","og_image":[{"url":"http:\/\/www.shkoder.net\/images\/fjala\/mustafa_nano.jpg","type":"","width":"","height":""}],"author":"admin","twitter_card":"summary_large_image","twitter_misc":{"Written by":"admin","Est. reading time":"6 minutes"},"schema":{"@context":"https:\/\/schema.org","@graph":[{"@type":"Article","@id":"https:\/\/fjala.info\/2009-2015\/eshte-e-mundur-qe-njerezit-me-dinjitet-te-kene-nje-karriere-politike\/#article","isPartOf":{"@id":"https:\/\/fjala.info\/2009-2015\/eshte-e-mundur-qe-njerezit-me-dinjitet-te-kene-nje-karriere-politike\/"},"author":{"name":"admin","@id":"https:\/\/fjala.info\/2009-2015\/#\/schema\/person\/3aa1163ef05469c496fc94e77611ada2"},"headline":"\u00cbsht\u00eb e mundur q\u00eb njer\u00ebzit me dinjitet t\u00eb ken\u00eb nj\u00eb karrier\u00eb politike?","datePublished":"2012-03-05T16:27:33+00:00","mainEntityOfPage":{"@id":"https:\/\/fjala.info\/2009-2015\/eshte-e-mundur-qe-njerezit-me-dinjitet-te-kene-nje-karriere-politike\/"},"wordCount":1130,"commentCount":0,"publisher":{"@id":"https:\/\/fjala.info\/2009-2015\/#organization"},"image":{"@id":"https:\/\/fjala.info\/2009-2015\/eshte-e-mundur-qe-njerezit-me-dinjitet-te-kene-nje-karriere-politike\/#primaryimage"},"thumbnailUrl":"http:\/\/www.shkoder.net\/images\/fjala\/mustafa_nano.jpg","articleSection":["Artikuj"],"inLanguage":"sq-AL","potentialAction":[{"@type":"CommentAction","name":"Comment","target":["https:\/\/fjala.info\/2009-2015\/eshte-e-mundur-qe-njerezit-me-dinjitet-te-kene-nje-karriere-politike\/#respond"]}]},{"@type":"WebPage","@id":"https:\/\/fjala.info\/2009-2015\/eshte-e-mundur-qe-njerezit-me-dinjitet-te-kene-nje-karriere-politike\/","url":"https:\/\/fjala.info\/2009-2015\/eshte-e-mundur-qe-njerezit-me-dinjitet-te-kene-nje-karriere-politike\/","name":"\u00cbsht\u00eb e mundur q\u00eb njer\u00ebzit me dinjitet t\u00eb ken\u00eb nj\u00eb karrier\u00eb politike? - FjALA e LIR\u00cb - Arkivi","isPartOf":{"@id":"https:\/\/fjala.info\/2009-2015\/#website"},"primaryImageOfPage":{"@id":"https:\/\/fjala.info\/2009-2015\/eshte-e-mundur-qe-njerezit-me-dinjitet-te-kene-nje-karriere-politike\/#primaryimage"},"image":{"@id":"https:\/\/fjala.info\/2009-2015\/eshte-e-mundur-qe-njerezit-me-dinjitet-te-kene-nje-karriere-politike\/#primaryimage"},"thumbnailUrl":"http:\/\/www.shkoder.net\/images\/fjala\/mustafa_nano.jpg","datePublished":"2012-03-05T16:27:33+00:00","breadcrumb":{"@id":"https:\/\/fjala.info\/2009-2015\/eshte-e-mundur-qe-njerezit-me-dinjitet-te-kene-nje-karriere-politike\/#breadcrumb"},"inLanguage":"sq-AL","potentialAction":[{"@type":"ReadAction","target":["https:\/\/fjala.info\/2009-2015\/eshte-e-mundur-qe-njerezit-me-dinjitet-te-kene-nje-karriere-politike\/"]}]},{"@type":"ImageObject","inLanguage":"sq-AL","@id":"https:\/\/fjala.info\/2009-2015\/eshte-e-mundur-qe-njerezit-me-dinjitet-te-kene-nje-karriere-politike\/#primaryimage","url":"http:\/\/www.shkoder.net\/images\/fjala\/mustafa_nano.jpg","contentUrl":"http:\/\/www.shkoder.net\/images\/fjala\/mustafa_nano.jpg"},{"@type":"BreadcrumbList","@id":"https:\/\/fjala.info\/2009-2015\/eshte-e-mundur-qe-njerezit-me-dinjitet-te-kene-nje-karriere-politike\/#breadcrumb","itemListElement":[{"@type":"ListItem","position":1,"name":"Home","item":"https:\/\/fjala.info\/2009-2015\/"},{"@type":"ListItem","position":2,"name":"\u00cbsht\u00eb e mundur q\u00eb njer\u00ebzit me dinjitet t\u00eb ken\u00eb nj\u00eb karrier\u00eb politike?"}]},{"@type":"WebSite","@id":"https:\/\/fjala.info\/2009-2015\/#website","url":"https:\/\/fjala.info\/2009-2015\/","name":"FjALA e LIR\u00cb - Arkivi","description":"Arkivi 2009-2015","publisher":{"@id":"https:\/\/fjala.info\/2009-2015\/#organization"},"potentialAction":[{"@type":"SearchAction","target":{"@type":"EntryPoint","urlTemplate":"https:\/\/fjala.info\/2009-2015\/?s={search_term_string}"},"query-input":{"@type":"PropertyValueSpecification","valueRequired":true,"valueName":"search_term_string"}}],"inLanguage":"sq-AL"},{"@type":"Organization","@id":"https:\/\/fjala.info\/2009-2015\/#organization","name":"FjALA e LIR\u00cb - Arkivi","url":"https:\/\/fjala.info\/2009-2015\/","logo":{"@type":"ImageObject","inLanguage":"sq-AL","@id":"https:\/\/fjala.info\/2009-2015\/#\/schema\/logo\/image\/","url":"","contentUrl":"","caption":"FjALA e LIR\u00cb - Arkivi"},"image":{"@id":"https:\/\/fjala.info\/2009-2015\/#\/schema\/logo\/image\/"}},{"@type":"Person","@id":"https:\/\/fjala.info\/2009-2015\/#\/schema\/person\/3aa1163ef05469c496fc94e77611ada2","name":"admin","image":{"@type":"ImageObject","inLanguage":"sq-AL","@id":"https:\/\/fjala.info\/2009-2015\/wp-content\/uploads\/2012\/02\/arben_cokaj-120x150.jpg","url":"https:\/\/fjala.info\/2009-2015\/wp-content\/uploads\/2012\/02\/arben_cokaj-120x150.jpg","contentUrl":"https:\/\/fjala.info\/2009-2015\/wp-content\/uploads\/2012\/02\/arben_cokaj-120x150.jpg","caption":"admin"},"description":"Admin, Fjala e Lir\u00eb","sameAs":["https:\/\/fjala.info\/"],"url":"https:\/\/fjala.info\/2009-2015\/author\/admin\/"}]}},"_links":{"self":[{"href":"https:\/\/fjala.info\/2009-2015\/wp-json\/wp\/v2\/posts\/2064","targetHints":{"allow":["GET"]}}],"collection":[{"href":"https:\/\/fjala.info\/2009-2015\/wp-json\/wp\/v2\/posts"}],"about":[{"href":"https:\/\/fjala.info\/2009-2015\/wp-json\/wp\/v2\/types\/post"}],"author":[{"embeddable":true,"href":"https:\/\/fjala.info\/2009-2015\/wp-json\/wp\/v2\/users\/1"}],"replies":[{"embeddable":true,"href":"https:\/\/fjala.info\/2009-2015\/wp-json\/wp\/v2\/comments?post=2064"}],"version-history":[{"count":0,"href":"https:\/\/fjala.info\/2009-2015\/wp-json\/wp\/v2\/posts\/2064\/revisions"}],"wp:attachment":[{"href":"https:\/\/fjala.info\/2009-2015\/wp-json\/wp\/v2\/media?parent=2064"}],"wp:term":[{"taxonomy":"category","embeddable":true,"href":"https:\/\/fjala.info\/2009-2015\/wp-json\/wp\/v2\/categories?post=2064"},{"taxonomy":"post_tag","embeddable":true,"href":"https:\/\/fjala.info\/2009-2015\/wp-json\/wp\/v2\/tags?post=2064"}],"curies":[{"name":"wp","href":"https:\/\/api.w.org\/{rel}","templated":true}]}}