{"id":2062,"date":"2012-03-06T17:09:36","date_gmt":"2012-03-06T16:09:36","guid":{"rendered":"http:\/\/fjala.shkoder.net\/?p=2062"},"modified":"2012-03-06T17:09:36","modified_gmt":"2012-03-06T16:09:36","slug":"alenca-kuq-e-zi-nje-rilindje-e-re-kombetare","status":"publish","type":"post","link":"https:\/\/fjala.info\/2009-2015\/alenca-kuq-e-zi-nje-rilindje-e-re-kombetare\/","title":{"rendered":"ALENCA KUQ E ZI: NJ\u00cb RILINDJE E RE KOMB\u00cbTAR\u00cb"},"content":{"rendered":"<p><img decoding=\"async\" class=\"alignright size-thumbnail wp-image-7236\" title=\"AK - logo\" src=\"http:\/\/www.shkoder.net\/2012\/ak_logo.jpg\" alt=\"\" width=\"200\" \/> <strong>Zef Mulaj<\/strong><\/p>\n<p>Nuk \u00ebsht\u00eb shpejt t\u00eb themi: &#8211; Nj\u00eb rilindje e re p\u00ebr kombin shqiptar \u201cAleanca Kuq e Zi\u201d.<br \/>\nDo jet\u00eb nj\u00eb nga l\u00ebvizjet m\u00eb t\u00eb m\u00ebdha dhe m\u00eb komb\u00ebtare q\u00eb nga shpallja e pamvar\u00ebsis\u00eb s\u00eb Shqip\u00ebris\u00eb. Nuk ka nevoj p\u00ebr shum\u00eb fjal\u00eb dhe analiza p\u00ebr fillimet e evolucioneve t\u00eb m\u00ebdha t\u00eb shoq\u00ebrive. L\u00ebvizja merr sense t\u00eb m\u00ebdha komb\u00ebtare kur ato jan\u00eb konkrete t\u00eb dala nga vet\u00eb masat popullore n\u00eb momente t\u00eb caktuara historike. K\u00ebto l\u00ebvizje lindin n\u00eb fazat e konflikteve t\u00eb shoq\u00ebris\u00eb, kur idet\u00eb e tyre nuk kan\u00eb frymarrje p\u00ebr t\u00eb ardhmen e shoq\u00ebris\u00eb se re dhe sidomos t\u00eb rinis\u00eb e cila ka nevoj\u00eb p\u00ebr mb\u00ebshtetje reale.<\/p>\n<p>Kjo mb\u00ebshtetje vjen gjithmon\u00eb nga nj\u00eb frym\u00eb e re me energji dhe ide t\u00eb medha p\u00ebr kombin ashtu si\u00e7 po ndjekim me shum\u00eb shpres\u00eb Spahiun. Mendimet e tij jan\u00eb madhore p\u00ebr kombin shqiptar. Ai p\u00ebr vet\u00eb faktin e mosh\u00ebs dhe pjekuris\u00eb s\u00eb tij komb\u00ebtare, patriotike dhe demokratike. Nj\u00eb njoh\u00ebs i thell\u00eb i shtetit dhe ligjit, kultur\u00ebn dhe politik\u00ebs nd\u00ebrkomb\u00ebtare. Kultura dhe energjia e tij flasin p\u00ebr nj\u00eb elemet t\u00eb pa kompromentuar n\u00eb korrupsionin q\u00eb ka mb\u00ebrthyer shtetin shqiptar.<\/p>\n<p>Nj\u00eb sensibilizues i madh p\u00ebr \u00e7eshtjet e sovranitetit ton\u00eb. Por tek kjo l\u00ebvizje vlerat e saj jan\u00eb:<br \/>\n&#8211; Rinia, mosha q\u00eb po dalin n\u00eb l\u00ebvizje duke u larguar fort nga dy krah\u00ebt e politik\u00ebs shqiptare, si e majt\u00eb dhe e djaht\u00eb. Dy forca t\u00eb krijuara mekanikisht n\u00eb r\u00ebnien e sistemit t\u00eb vjet\u00ebr. Dhe pik\u00ebrisht n\u00eb k\u00ebto nj\u00ebzet vjet demokracia n\u00eb Shqip\u00ebri ka q\u00ebn\u00eb e komanduar, e strukturuar, e sofistikuar, e k\u00ebshilluar, e manipuluar, e survejuar dhe e p\u00ebrdorur n\u00eb interesa t\u00eb caktuara t\u00eb politik\u00ebs s\u00eb jashtme dhe t\u00eb brendshme. Kjo ndodhi n\u00eb t\u00eb gjitha vendet mbas rrezimeve t\u00eb pushteteve.<\/p>\n<p>Duke ndjekur takimet e l\u00ebvizjes n\u00eb publikun shqiptar\u00eb m\u00eb b\u00ebn t\u00eb kuptoj menj\u00ebher\u00eb bazat e saj, motivacionet q\u00eb e shtyjn\u00eb programimin e nj\u00eb l\u00ebvizje sa demokratike aq dhe e brishte, sa reale aq dhe e fort\u00eb e cila po th\u00ebrret t\u00eb gjith\u00eb shqiptar\u00ebt t\u00eb bashkohen n\u00eb k\u00ebt\u00eb l\u00ebvizje t\u00eb re, p\u00ebr nj\u00eb demokraci t\u00eb re e cila tashm\u00eb po lind!<\/p>\n<p>Pik\u00ebrisht nga gjaku i t\u00eb rinj\u00ebve shqip\u00ebtar, po kuptoj tashm\u00eb koh\u00ebn, sistemet ekonomke, krizat,<br \/>\nmanipulimet, interesat e shum klaneve antishqiptare q\u00eb k\u00ebto vite u provuan fort\u00ebsisht. Kjo alenc\u00eb k\u00ebrkon t\u00eb bashkoj popullin n\u00eb zerin e demokracis\u00eb s\u00eb re shqiptare, n\u00eb tok\u00eb shqiptare n\u00eb kufijt shqiptar, n\u00eb europ\u00ebn e civilizuar pa hile dhe sherre ndaj shqiptar\u00ebve.<\/p>\n<p>Pse themi nj\u00eb rilindje e re komb\u00ebtare? \u2013 Nga diaspora po e ndjekim me shum\u00eb kujdes k\u00ebt\u00eb figur\u00eb t\u00eb re dhe shum\u00eb t\u00eb re, me z\u00ebrin e tij t\u00eb zjart\u00eb p\u00ebr bashkimin e shqiptar\u00ebve reth l\u00ebvizjes, rreth flamurit kuq e zi. Por nj\u00eb bashkim i politikave p\u00ebr\u00e7ar\u00ebse q\u00eb po e shfryt\u00ebzojn struktura t\u00eb caktuara si n\u00eb drejtimin ekonomik, por dhe politiko-stategjik. Koha \u00ebsht\u00eb n\u00eb l\u00ebvizje p\u00ebr gjith njerzimin, ndaj kjo l\u00ebvizje k\u00ebrkon q\u00eb l\u00ebvizjet tona t\u00eb ken\u00eb n\u00eb themel kombin ton\u00eb brenda qytet\u00ebrimit t\u00eb madh me dinjitet dhe ekonomi. Nj\u00eb l\u00ebvizje e re sepse k\u00ebto nj\u00ebzet vjet krahas t\u00eb mirave gjendja \u00ebsht\u00eb akoma shum\u00eb e r\u00ebnde pa hyr\u00eb n\u00eb analza konkrete. Varf\u00ebri e thell\u00eb, mngesa e pun\u00ebs, korrupsioni, konfliktet poltike p\u00ebr interesat e tyre karriere, mungesa e meritokracis n\u00eb shtet e n\u00eb t\u00eb gjitha fushat e shum\u00eb t\u00eb tjera.<\/p>\n<p>Kjo l\u00ebvizje dyshon n\u00eb mos besim politik ndaj kombit ton\u00eb nga shum\u00eb personalitete t\u00eb cilat kjo l\u00ebvizje i shpreh lirisht dhe me guxim. Ajo shpeh nj\u00eb ide t\u00eb qart\u00eb p\u00ebr t\u00eb shkuar n\u00eb Europe, duke merituar barazin\u00eb, por kur nj\u00eb pensionist shqiptar q\u00eb ka punuar 40 vjet merr nj\u00eb pension prej 200 euro n\u00eb europ\u00eb nuk mund t\u00eb ket\u00eb barazi t\u00eb tilla pa nj\u00eb evolucion ekonomik, ide t\u00eb reja e l\u00ebvizje t\u00eb reja me njer\u00ebz t\u00eb rinj nga shqip\u00ebtar\u00ebt n\u00eb diapor\u00eb dhe n\u00eb bot\u00eb, duhet t\u00eb mbeshtesim idet\u00eb e reja p\u00ebr t\u00eb b\u00ebr\u00eb evolucionin e shoq\u00ebris\u00eb n\u00eb drejtime t\u00eb caktuara, p\u00ebr t\u00eb liruar populin nga demokracit\u00eb e strukturuara, t\u00eb konsumizmit t\u00eb tregjeve t\u00eb ndryshme p\u00ebr t\u00eb sjell\u00eb fitime nj\u00eb grupi t\u00eb caktuar.<\/p>\n<p>Dhe s\u00eb fundi alenca kuq e zi me z\u00ebrin e saj po kuptojm\u00eb dhe duhet t\u00eb kuptojn\u00eb mir\u00eb shqiptar\u00ebt se kjo do q\u00eb populli shqiptar\u00eb t\u00eb bashkohet p\u00ebr tu liruar nga fallciteti i jet\u00ebs i trash\u00ebguar, social-komunst, demokrato-spekulativ. Ajo po premton n\u00eb t\u00eb v\u00ebrtet\u00eb at\u00eb q\u00eb po i mungon shqiptar\u00ebve n\u00ebp\u00ebr kohra. Shteti demokratik i v\u00ebrtet\u00eb i bazuar n\u00eb lirin\u00eb absolute pa t\u00eb cil\u00ebn nuk ka kurr\u00eb nj\u00eb t\u00eb v\u00ebrtet\u00eb absolute. I urojm fillm t\u00eb mbare dher suksese. Ne t\u00eb miren e popullit shqip\u00ebtare.<\/p>\n","protected":false},"excerpt":{"rendered":"<p>Zef Mulaj Nuk \u00ebsht\u00eb shpejt t\u00eb themi: &#8211; Nj\u00eb rilindje e re p\u00ebr kombin shqiptar \u201cAleanca Kuq e Zi\u201d. Do jet\u00eb nj\u00eb nga l\u00ebvizjet m\u00eb t\u00eb m\u00ebdha dhe m\u00eb komb\u00ebtare q\u00eb nga shpallja e pamvar\u00ebsis\u00eb s\u00eb Shqip\u00ebris\u00eb. Nuk ka nevoj p\u00ebr shum\u00eb fjal\u00eb dhe analiza p\u00ebr fillimet e evolucioneve t\u00eb m\u00ebdha t\u00eb shoq\u00ebrive. L\u00ebvizja merr [&hellip;]<\/p>\n","protected":false},"author":1,"featured_media":0,"comment_status":"open","ping_status":"closed","sticky":false,"template":"","format":"standard","meta":{"footnotes":""},"categories":[2],"tags":[],"class_list":{"0":"post-2062","1":"post","2":"type-post","3":"status-publish","4":"format-standard","6":"category-artikuj"},"yoast_head":"<!-- This site is optimized with the Yoast SEO plugin v27.4 - https:\/\/yoast.com\/product\/yoast-seo-wordpress\/ -->\n<title>ALENCA KUQ E ZI: NJ\u00cb RILINDJE E RE KOMB\u00cbTAR\u00cb - FjALA e LIR\u00cb - Arkivi<\/title>\n<meta name=\"robots\" content=\"index, follow, max-snippet:-1, max-image-preview:large, max-video-preview:-1\" \/>\n<link rel=\"canonical\" href=\"https:\/\/fjala.info\/2009-2015\/alenca-kuq-e-zi-nje-rilindje-e-re-kombetare\/\" \/>\n<meta property=\"og:locale\" content=\"sq_AL\" \/>\n<meta property=\"og:type\" content=\"article\" \/>\n<meta property=\"og:title\" content=\"ALENCA KUQ E ZI: NJ\u00cb RILINDJE E RE KOMB\u00cbTAR\u00cb - FjALA e LIR\u00cb - Arkivi\" \/>\n<meta property=\"og:description\" content=\"Zef Mulaj Nuk \u00ebsht\u00eb shpejt t\u00eb themi: &#8211; Nj\u00eb rilindje e re p\u00ebr kombin shqiptar \u201cAleanca Kuq e Zi\u201d. Do jet\u00eb nj\u00eb nga l\u00ebvizjet m\u00eb t\u00eb m\u00ebdha dhe m\u00eb komb\u00ebtare q\u00eb nga shpallja e pamvar\u00ebsis\u00eb s\u00eb Shqip\u00ebris\u00eb. Nuk ka nevoj p\u00ebr shum\u00eb fjal\u00eb dhe analiza p\u00ebr fillimet e evolucioneve t\u00eb m\u00ebdha t\u00eb shoq\u00ebrive. L\u00ebvizja merr [&hellip;]\" \/>\n<meta property=\"og:url\" content=\"https:\/\/fjala.info\/2009-2015\/alenca-kuq-e-zi-nje-rilindje-e-re-kombetare\/\" \/>\n<meta property=\"og:site_name\" content=\"FjALA e LIR\u00cb - Arkivi\" \/>\n<meta property=\"article:published_time\" content=\"2012-03-06T16:09:36+00:00\" \/>\n<meta property=\"og:image\" content=\"http:\/\/www.shkoder.net\/2012\/ak_logo.jpg\" \/>\n<meta name=\"author\" content=\"admin\" \/>\n<meta name=\"twitter:card\" content=\"summary_large_image\" \/>\n<meta name=\"twitter:label1\" content=\"Written by\" \/>\n\t<meta name=\"twitter:data1\" content=\"admin\" \/>\n\t<meta name=\"twitter:label2\" content=\"Est. reading time\" \/>\n\t<meta name=\"twitter:data2\" content=\"4 minutes\" \/>\n<script type=\"application\/ld+json\" class=\"yoast-schema-graph\">{\"@context\":\"https:\\\/\\\/schema.org\",\"@graph\":[{\"@type\":\"Article\",\"@id\":\"https:\\\/\\\/fjala.info\\\/2009-2015\\\/alenca-kuq-e-zi-nje-rilindje-e-re-kombetare\\\/#article\",\"isPartOf\":{\"@id\":\"https:\\\/\\\/fjala.info\\\/2009-2015\\\/alenca-kuq-e-zi-nje-rilindje-e-re-kombetare\\\/\"},\"author\":{\"name\":\"admin\",\"@id\":\"https:\\\/\\\/fjala.info\\\/2009-2015\\\/#\\\/schema\\\/person\\\/3aa1163ef05469c496fc94e77611ada2\"},\"headline\":\"ALENCA KUQ E ZI: NJ\u00cb RILINDJE E RE KOMB\u00cbTAR\u00cb\",\"datePublished\":\"2012-03-06T16:09:36+00:00\",\"mainEntityOfPage\":{\"@id\":\"https:\\\/\\\/fjala.info\\\/2009-2015\\\/alenca-kuq-e-zi-nje-rilindje-e-re-kombetare\\\/\"},\"wordCount\":866,\"commentCount\":0,\"publisher\":{\"@id\":\"https:\\\/\\\/fjala.info\\\/2009-2015\\\/#organization\"},\"image\":{\"@id\":\"https:\\\/\\\/fjala.info\\\/2009-2015\\\/alenca-kuq-e-zi-nje-rilindje-e-re-kombetare\\\/#primaryimage\"},\"thumbnailUrl\":\"http:\\\/\\\/www.shkoder.net\\\/2012\\\/ak_logo.jpg\",\"articleSection\":[\"Artikuj\"],\"inLanguage\":\"sq-AL\",\"potentialAction\":[{\"@type\":\"CommentAction\",\"name\":\"Comment\",\"target\":[\"https:\\\/\\\/fjala.info\\\/2009-2015\\\/alenca-kuq-e-zi-nje-rilindje-e-re-kombetare\\\/#respond\"]}]},{\"@type\":\"WebPage\",\"@id\":\"https:\\\/\\\/fjala.info\\\/2009-2015\\\/alenca-kuq-e-zi-nje-rilindje-e-re-kombetare\\\/\",\"url\":\"https:\\\/\\\/fjala.info\\\/2009-2015\\\/alenca-kuq-e-zi-nje-rilindje-e-re-kombetare\\\/\",\"name\":\"ALENCA KUQ E ZI: NJ\u00cb RILINDJE E RE KOMB\u00cbTAR\u00cb - FjALA e LIR\u00cb - Arkivi\",\"isPartOf\":{\"@id\":\"https:\\\/\\\/fjala.info\\\/2009-2015\\\/#website\"},\"primaryImageOfPage\":{\"@id\":\"https:\\\/\\\/fjala.info\\\/2009-2015\\\/alenca-kuq-e-zi-nje-rilindje-e-re-kombetare\\\/#primaryimage\"},\"image\":{\"@id\":\"https:\\\/\\\/fjala.info\\\/2009-2015\\\/alenca-kuq-e-zi-nje-rilindje-e-re-kombetare\\\/#primaryimage\"},\"thumbnailUrl\":\"http:\\\/\\\/www.shkoder.net\\\/2012\\\/ak_logo.jpg\",\"datePublished\":\"2012-03-06T16:09:36+00:00\",\"breadcrumb\":{\"@id\":\"https:\\\/\\\/fjala.info\\\/2009-2015\\\/alenca-kuq-e-zi-nje-rilindje-e-re-kombetare\\\/#breadcrumb\"},\"inLanguage\":\"sq-AL\",\"potentialAction\":[{\"@type\":\"ReadAction\",\"target\":[\"https:\\\/\\\/fjala.info\\\/2009-2015\\\/alenca-kuq-e-zi-nje-rilindje-e-re-kombetare\\\/\"]}]},{\"@type\":\"ImageObject\",\"inLanguage\":\"sq-AL\",\"@id\":\"https:\\\/\\\/fjala.info\\\/2009-2015\\\/alenca-kuq-e-zi-nje-rilindje-e-re-kombetare\\\/#primaryimage\",\"url\":\"http:\\\/\\\/www.shkoder.net\\\/2012\\\/ak_logo.jpg\",\"contentUrl\":\"http:\\\/\\\/www.shkoder.net\\\/2012\\\/ak_logo.jpg\"},{\"@type\":\"BreadcrumbList\",\"@id\":\"https:\\\/\\\/fjala.info\\\/2009-2015\\\/alenca-kuq-e-zi-nje-rilindje-e-re-kombetare\\\/#breadcrumb\",\"itemListElement\":[{\"@type\":\"ListItem\",\"position\":1,\"name\":\"Home\",\"item\":\"https:\\\/\\\/fjala.info\\\/2009-2015\\\/\"},{\"@type\":\"ListItem\",\"position\":2,\"name\":\"ALENCA KUQ E ZI: NJ\u00cb RILINDJE E RE KOMB\u00cbTAR\u00cb\"}]},{\"@type\":\"WebSite\",\"@id\":\"https:\\\/\\\/fjala.info\\\/2009-2015\\\/#website\",\"url\":\"https:\\\/\\\/fjala.info\\\/2009-2015\\\/\",\"name\":\"FjALA e LIR\u00cb - Arkivi\",\"description\":\"Arkivi 2009-2015\",\"publisher\":{\"@id\":\"https:\\\/\\\/fjala.info\\\/2009-2015\\\/#organization\"},\"potentialAction\":[{\"@type\":\"SearchAction\",\"target\":{\"@type\":\"EntryPoint\",\"urlTemplate\":\"https:\\\/\\\/fjala.info\\\/2009-2015\\\/?s={search_term_string}\"},\"query-input\":{\"@type\":\"PropertyValueSpecification\",\"valueRequired\":true,\"valueName\":\"search_term_string\"}}],\"inLanguage\":\"sq-AL\"},{\"@type\":\"Organization\",\"@id\":\"https:\\\/\\\/fjala.info\\\/2009-2015\\\/#organization\",\"name\":\"FjALA e LIR\u00cb - Arkivi\",\"url\":\"https:\\\/\\\/fjala.info\\\/2009-2015\\\/\",\"logo\":{\"@type\":\"ImageObject\",\"inLanguage\":\"sq-AL\",\"@id\":\"https:\\\/\\\/fjala.info\\\/2009-2015\\\/#\\\/schema\\\/logo\\\/image\\\/\",\"url\":\"\",\"contentUrl\":\"\",\"caption\":\"FjALA e LIR\u00cb - Arkivi\"},\"image\":{\"@id\":\"https:\\\/\\\/fjala.info\\\/2009-2015\\\/#\\\/schema\\\/logo\\\/image\\\/\"}},{\"@type\":\"Person\",\"@id\":\"https:\\\/\\\/fjala.info\\\/2009-2015\\\/#\\\/schema\\\/person\\\/3aa1163ef05469c496fc94e77611ada2\",\"name\":\"admin\",\"image\":{\"@type\":\"ImageObject\",\"inLanguage\":\"sq-AL\",\"@id\":\"https:\\\/\\\/fjala.info\\\/2009-2015\\\/wp-content\\\/uploads\\\/2012\\\/02\\\/arben_cokaj-120x150.jpg\",\"url\":\"https:\\\/\\\/fjala.info\\\/2009-2015\\\/wp-content\\\/uploads\\\/2012\\\/02\\\/arben_cokaj-120x150.jpg\",\"contentUrl\":\"https:\\\/\\\/fjala.info\\\/2009-2015\\\/wp-content\\\/uploads\\\/2012\\\/02\\\/arben_cokaj-120x150.jpg\",\"caption\":\"admin\"},\"description\":\"Admin, Fjala e Lir\u00eb\",\"sameAs\":[\"https:\\\/\\\/fjala.info\\\/\"],\"url\":\"https:\\\/\\\/fjala.info\\\/2009-2015\\\/author\\\/admin\\\/\"}]}<\/script>\n<!-- \/ Yoast SEO plugin. -->","yoast_head_json":{"title":"ALENCA KUQ E ZI: NJ\u00cb RILINDJE E RE KOMB\u00cbTAR\u00cb - FjALA e LIR\u00cb - Arkivi","robots":{"index":"index","follow":"follow","max-snippet":"max-snippet:-1","max-image-preview":"max-image-preview:large","max-video-preview":"max-video-preview:-1"},"canonical":"https:\/\/fjala.info\/2009-2015\/alenca-kuq-e-zi-nje-rilindje-e-re-kombetare\/","og_locale":"sq_AL","og_type":"article","og_title":"ALENCA KUQ E ZI: NJ\u00cb RILINDJE E RE KOMB\u00cbTAR\u00cb - FjALA e LIR\u00cb - Arkivi","og_description":"Zef Mulaj Nuk \u00ebsht\u00eb shpejt t\u00eb themi: &#8211; Nj\u00eb rilindje e re p\u00ebr kombin shqiptar \u201cAleanca Kuq e Zi\u201d. Do jet\u00eb nj\u00eb nga l\u00ebvizjet m\u00eb t\u00eb m\u00ebdha dhe m\u00eb komb\u00ebtare q\u00eb nga shpallja e pamvar\u00ebsis\u00eb s\u00eb Shqip\u00ebris\u00eb. Nuk ka nevoj p\u00ebr shum\u00eb fjal\u00eb dhe analiza p\u00ebr fillimet e evolucioneve t\u00eb m\u00ebdha t\u00eb shoq\u00ebrive. L\u00ebvizja merr [&hellip;]","og_url":"https:\/\/fjala.info\/2009-2015\/alenca-kuq-e-zi-nje-rilindje-e-re-kombetare\/","og_site_name":"FjALA e LIR\u00cb - Arkivi","article_published_time":"2012-03-06T16:09:36+00:00","og_image":[{"url":"http:\/\/www.shkoder.net\/2012\/ak_logo.jpg","type":"","width":"","height":""}],"author":"admin","twitter_card":"summary_large_image","twitter_misc":{"Written by":"admin","Est. reading time":"4 minutes"},"schema":{"@context":"https:\/\/schema.org","@graph":[{"@type":"Article","@id":"https:\/\/fjala.info\/2009-2015\/alenca-kuq-e-zi-nje-rilindje-e-re-kombetare\/#article","isPartOf":{"@id":"https:\/\/fjala.info\/2009-2015\/alenca-kuq-e-zi-nje-rilindje-e-re-kombetare\/"},"author":{"name":"admin","@id":"https:\/\/fjala.info\/2009-2015\/#\/schema\/person\/3aa1163ef05469c496fc94e77611ada2"},"headline":"ALENCA KUQ E ZI: NJ\u00cb RILINDJE E RE KOMB\u00cbTAR\u00cb","datePublished":"2012-03-06T16:09:36+00:00","mainEntityOfPage":{"@id":"https:\/\/fjala.info\/2009-2015\/alenca-kuq-e-zi-nje-rilindje-e-re-kombetare\/"},"wordCount":866,"commentCount":0,"publisher":{"@id":"https:\/\/fjala.info\/2009-2015\/#organization"},"image":{"@id":"https:\/\/fjala.info\/2009-2015\/alenca-kuq-e-zi-nje-rilindje-e-re-kombetare\/#primaryimage"},"thumbnailUrl":"http:\/\/www.shkoder.net\/2012\/ak_logo.jpg","articleSection":["Artikuj"],"inLanguage":"sq-AL","potentialAction":[{"@type":"CommentAction","name":"Comment","target":["https:\/\/fjala.info\/2009-2015\/alenca-kuq-e-zi-nje-rilindje-e-re-kombetare\/#respond"]}]},{"@type":"WebPage","@id":"https:\/\/fjala.info\/2009-2015\/alenca-kuq-e-zi-nje-rilindje-e-re-kombetare\/","url":"https:\/\/fjala.info\/2009-2015\/alenca-kuq-e-zi-nje-rilindje-e-re-kombetare\/","name":"ALENCA KUQ E ZI: NJ\u00cb RILINDJE E RE KOMB\u00cbTAR\u00cb - FjALA e LIR\u00cb - Arkivi","isPartOf":{"@id":"https:\/\/fjala.info\/2009-2015\/#website"},"primaryImageOfPage":{"@id":"https:\/\/fjala.info\/2009-2015\/alenca-kuq-e-zi-nje-rilindje-e-re-kombetare\/#primaryimage"},"image":{"@id":"https:\/\/fjala.info\/2009-2015\/alenca-kuq-e-zi-nje-rilindje-e-re-kombetare\/#primaryimage"},"thumbnailUrl":"http:\/\/www.shkoder.net\/2012\/ak_logo.jpg","datePublished":"2012-03-06T16:09:36+00:00","breadcrumb":{"@id":"https:\/\/fjala.info\/2009-2015\/alenca-kuq-e-zi-nje-rilindje-e-re-kombetare\/#breadcrumb"},"inLanguage":"sq-AL","potentialAction":[{"@type":"ReadAction","target":["https:\/\/fjala.info\/2009-2015\/alenca-kuq-e-zi-nje-rilindje-e-re-kombetare\/"]}]},{"@type":"ImageObject","inLanguage":"sq-AL","@id":"https:\/\/fjala.info\/2009-2015\/alenca-kuq-e-zi-nje-rilindje-e-re-kombetare\/#primaryimage","url":"http:\/\/www.shkoder.net\/2012\/ak_logo.jpg","contentUrl":"http:\/\/www.shkoder.net\/2012\/ak_logo.jpg"},{"@type":"BreadcrumbList","@id":"https:\/\/fjala.info\/2009-2015\/alenca-kuq-e-zi-nje-rilindje-e-re-kombetare\/#breadcrumb","itemListElement":[{"@type":"ListItem","position":1,"name":"Home","item":"https:\/\/fjala.info\/2009-2015\/"},{"@type":"ListItem","position":2,"name":"ALENCA KUQ E ZI: NJ\u00cb RILINDJE E RE KOMB\u00cbTAR\u00cb"}]},{"@type":"WebSite","@id":"https:\/\/fjala.info\/2009-2015\/#website","url":"https:\/\/fjala.info\/2009-2015\/","name":"FjALA e LIR\u00cb - Arkivi","description":"Arkivi 2009-2015","publisher":{"@id":"https:\/\/fjala.info\/2009-2015\/#organization"},"potentialAction":[{"@type":"SearchAction","target":{"@type":"EntryPoint","urlTemplate":"https:\/\/fjala.info\/2009-2015\/?s={search_term_string}"},"query-input":{"@type":"PropertyValueSpecification","valueRequired":true,"valueName":"search_term_string"}}],"inLanguage":"sq-AL"},{"@type":"Organization","@id":"https:\/\/fjala.info\/2009-2015\/#organization","name":"FjALA e LIR\u00cb - Arkivi","url":"https:\/\/fjala.info\/2009-2015\/","logo":{"@type":"ImageObject","inLanguage":"sq-AL","@id":"https:\/\/fjala.info\/2009-2015\/#\/schema\/logo\/image\/","url":"","contentUrl":"","caption":"FjALA e LIR\u00cb - Arkivi"},"image":{"@id":"https:\/\/fjala.info\/2009-2015\/#\/schema\/logo\/image\/"}},{"@type":"Person","@id":"https:\/\/fjala.info\/2009-2015\/#\/schema\/person\/3aa1163ef05469c496fc94e77611ada2","name":"admin","image":{"@type":"ImageObject","inLanguage":"sq-AL","@id":"https:\/\/fjala.info\/2009-2015\/wp-content\/uploads\/2012\/02\/arben_cokaj-120x150.jpg","url":"https:\/\/fjala.info\/2009-2015\/wp-content\/uploads\/2012\/02\/arben_cokaj-120x150.jpg","contentUrl":"https:\/\/fjala.info\/2009-2015\/wp-content\/uploads\/2012\/02\/arben_cokaj-120x150.jpg","caption":"admin"},"description":"Admin, Fjala e Lir\u00eb","sameAs":["https:\/\/fjala.info\/"],"url":"https:\/\/fjala.info\/2009-2015\/author\/admin\/"}]}},"_links":{"self":[{"href":"https:\/\/fjala.info\/2009-2015\/wp-json\/wp\/v2\/posts\/2062","targetHints":{"allow":["GET"]}}],"collection":[{"href":"https:\/\/fjala.info\/2009-2015\/wp-json\/wp\/v2\/posts"}],"about":[{"href":"https:\/\/fjala.info\/2009-2015\/wp-json\/wp\/v2\/types\/post"}],"author":[{"embeddable":true,"href":"https:\/\/fjala.info\/2009-2015\/wp-json\/wp\/v2\/users\/1"}],"replies":[{"embeddable":true,"href":"https:\/\/fjala.info\/2009-2015\/wp-json\/wp\/v2\/comments?post=2062"}],"version-history":[{"count":0,"href":"https:\/\/fjala.info\/2009-2015\/wp-json\/wp\/v2\/posts\/2062\/revisions"}],"wp:attachment":[{"href":"https:\/\/fjala.info\/2009-2015\/wp-json\/wp\/v2\/media?parent=2062"}],"wp:term":[{"taxonomy":"category","embeddable":true,"href":"https:\/\/fjala.info\/2009-2015\/wp-json\/wp\/v2\/categories?post=2062"},{"taxonomy":"post_tag","embeddable":true,"href":"https:\/\/fjala.info\/2009-2015\/wp-json\/wp\/v2\/tags?post=2062"}],"curies":[{"name":"wp","href":"https:\/\/api.w.org\/{rel}","templated":true}]}}