{"id":206,"date":"2011-11-17T07:22:29","date_gmt":"2011-11-17T06:22:29","guid":{"rendered":"http:\/\/fjala.shkoder.net\/?p=206"},"modified":"2011-11-17T07:22:29","modified_gmt":"2011-11-17T06:22:29","slug":"nje-popull-i-tere-i-marrosur-pas-politikes","status":"publish","type":"post","link":"https:\/\/fjala.info\/2009-2015\/nje-popull-i-tere-i-marrosur-pas-politikes\/","title":{"rendered":"Nj\u00eb popull i t\u00ebr\u00eb i marrosur pas politik\u00ebs"},"content":{"rendered":"<p><img decoding=\"async\" class=\"alignright size-thumbnail wp-image-7236\" title=\"Panairi i librit, Tiran\u00eb 2011\" src=\"http:\/\/www.shkoder.net\/images\/fjala\/2011\/panair_libri.jpg\" alt=\"\" width=\"300\" \/><strong>Mentor Kikia<\/strong>, <em>14 N\u00ebntor 2011<\/em><\/p>\n<p>Ashtu, si edhe pritej dhe ishte paralajm\u00ebruar nga lajmet e shpeshta t\u00eb medias, n\u00eb panairin e sivjetsh\u00ebm t\u00eb librit ishin biografia dhe let\u00ebrsia me autor\u00eb politikan\u00ebt ato q\u00eb sh\u00ebnuan shitjet m\u00eb t\u00eb m\u00ebdha. Biografia e Enver Hoxh\u00ebs, libri i Edi Ram\u00ebs, libri i Ben Blushit dhe libri i Helena Kadare, nj\u00eb rr\u00ebfim mbi jet\u00ebn dhe tradh\u00ebtit\u00eb e Islamil Kadares\u00eb. N\u00eb fakt, gjat\u00eb pes\u00eb dit\u00ebve t\u00eb panairit, intervistat me botuesit dhe autoret e k\u00ebtyre librave sunduan edhe lajmet q\u00eb mediat p\u00ebrcillnin nga panairi.<\/p>\n<p>N\u00eb dukje t\u00eb par\u00eb nuk ka asgj\u00eb p\u00ebr tu shqet\u00ebsuar, pasi \u00e7dokush ka t\u00eb drejt\u00eb t\u00eb shkruaj\u00eb, pasi \u00ebsht\u00eb lexuesi ai q\u00eb vendos. Dhe \u00ebsht\u00eb plot\u00ebsisht k\u00ebshtu. Por problemi q\u00ebndron gjetk\u00eb, e q\u00eb duket t\u00eb jet\u00eb v\u00ebrtet shqet\u00ebsues, jo p\u00ebr autor\u00ebt dhe botuesit, por p\u00ebr vet\u00eb shoq\u00ebrin\u00eb. P\u00ebrse librat m\u00eb t\u00eb shitur t\u00eb jen\u00eb nj\u00eb biografi e Enver Hoxh\u00ebs dhe ato me autor\u00eb dy politikan\u00eb t\u00eb njohur?<\/p>\n<p>A ishin ata librat m\u00eb t\u00eb mir\u00eb n\u00eb panair, apo shitja e tyre esht\u00eb diktuar nga emrat, t\u00eb qenit n\u00eb politik\u00eb dhe tendenca q\u00eb u prodhua nga media? Personalisht m\u00eb duket shum\u00eb shqet\u00ebsuese q\u00eb nj\u00eb panair libri, u sundua s\u00ebrish nga politika dhe emrat e politikan\u00ebve. Mu bash ashtu si\u00e7 ndodh edhe me festat fetare, ku shumica e mediave p\u00ebrpara se t\u00eb njoftojn\u00eb se sot \u00ebsht\u00eb \u201cX\u201d apo \u201cY\u201d fest\u00eb, njoftojn\u00eb se presidenti apo kryeministrit uruan besimtar\u00ebt.<\/p>\n<p>Sot gazetat jan\u00eb t\u00eb mbushura me histori dhe kulista, t\u00eb q\u00ebna e ta paq\u00ebna nga Sigurimi i Shtetit dhe Byroja Politike, rr\u00ebfime t\u00eb njer\u00ebzve q\u00eb i kan\u00eb d\u00ebgjuar nga dikush q\u00eb as i ka par\u00eb e as i ka d\u00ebgjuar vet\u00eb. Edhe pas 20 vjet\u00ebsh nga rr\u00ebzimi i komunizmit, njer\u00ebzit k\u00ebtu vazhdojn\u00eb t\u00eb jet\u00eb t\u00eb etur t\u00eb m\u00ebsojn\u00eb m\u00eb shum\u00eb p\u00ebr diktatur\u00ebn dhe diktaroin. Esht\u00eb kjo nevoj\u00eb p\u00ebr t\u00eb njohur t\u00eb v\u00ebrtet\u00ebn deri n\u00eb themel apo mani p\u00ebr t\u00eb mos u shk\u00ebputur nga e kaluara?<\/p>\n<p>Seriozisht k\u00ebt\u00eb nuk mund ta thuash n\u00eb m\u00ebnyr\u00eb t\u00eb prer\u00eb as nj\u00ebr\u00ebn e as tjetr\u00ebn.<\/p>\n<p>Nj\u00eb panair libri \u00ebsht\u00eb nj\u00eb rast i mir\u00eb q\u00eb botuesit jo vet\u00ebm t\u00eb shesin por edhe t\u00eb hetojn\u00eb tendenc\u00ebn e tregut. T\u00eb ngrejn\u00eb probleme t\u00eb librit, si\u00e7 \u00ebsht\u00eb mungesa e oponenc\u00ebs, kritik\u00ebs, cil\u00ebsia e botimeve e p\u00ebrkthimeve, kostoja etj. Por n\u00eb k\u00ebt\u00eb panair, asnj\u00eb nga k\u00ebto nuk u trajtua. Lajmet m\u00eb t\u00eb r\u00ebnd\u00ebsishme nga panairi i k\u00ebtij viti ishin: Hapja dhe fjala e Lulzim Bash\u00ebs. Prezantimi i librit t\u00eb Edi Ram\u00ebs. Rama viziton stend\u00ebn dhe firmos libra p\u00ebr lexuesit e tij. Pastaj s\u00ebrish Rama q\u00eb firmos librat p\u00ebr lexuesit. Berisha viziton panairin dhe thumbon Ram\u00ebn p\u00ebr librin. Rama i p\u00ebrgjigjet n\u00eb Twiter Berish\u00ebs p\u00ebr bibliotek\u00ebn e gjyshit t\u00eb Blushit. Blushi firmos librat p\u00ebr lexuesit e tij. Helena Kadare firmos librat p\u00ebr ata q\u00eb p\u00eblqejn\u00eb telenovelat. Topi viziton panairin dhe merr dhurat\u00eb nj\u00eb lib\u00ebr t\u00eb Ram\u00ebs nga botuesit. Pastaj Ambasadori Amerikan viziton panairin dhe gazetar\u00ebt q\u00eb i marrin frym\u00ebn me mikrofona p\u00ebr ta pyetur p\u00ebr kriz\u00ebn politike. Pastaj Rama s\u00ebrish firmos librat p\u00ebr lexuesit dhe n\u00eb fund konferenca: Librat m\u00eb t\u00eb shitur jan\u00eb \u201cEnver Hoxha\u201d i Blendi Fevziut(asnj\u00eb historian nuk do ta arrinte k\u00ebt\u00eb sukses), Edi Rama, Ben Blushi dhe \u201cDashnoret e Kadares\u00eb\u201d.<\/p>\n<p>M\u00eb shun\u00eb se nj\u00eb parad\u00eb e librit, ajo ishte nj\u00eb parad\u00eb e politik\u00ebs p\u00ebrmes librit. Dhe s\u00ebrish nuk \u00ebsht\u00eb faji i politikan\u00ebve dhe botuesve. \u00cbsht\u00eb i yni, gazetar\u00ebve, kush m\u00eb pak e kush m\u00eb shum\u00eb, dhe njer\u00ebzve q\u00eb edhe n\u00eb nj\u00eb panair ku ekspozohet let\u00ebrsia, s\u00ebrish i ngjiten nga pas intrigave t\u00eb politik\u00ebs, historive t\u00eb Byros\u00eb Politike dhe thashethemeve me dashnore.<\/p>\n<p>Duket se nuk b\u00ebjm\u00eb ndryshe. Edhe n\u00ebse do t\u00eb ishte nj\u00eb festival filmi dhe bashk\u00eb me filmat e Hollyvoodit do t\u00eb konkuronin edhe filmat \u201cMbledhja e Kryesis\u00eb s\u00eb PD-s\u00eb\u201d, me regji t\u00eb Sali Berish\u00ebs dhe \u201dAsambleja Komb\u00ebtar\u00eb e PS-s\u00eb\u201d me regji t\u00eb Edi Ram\u00ebs, k\u00ebta do t\u00eb ishin padyshim m\u00eb t\u00eb shikuarit.<\/p>\n<p>Jemi nj\u00eb popull q\u00eb edhe kur martoheshim, edhe kur festonim dit\u00eblindjen e f\u00ebmij\u00ebs, dollin\u00eb e par\u00eb e ngrinim p\u00ebr partin\u00eb dhe Enver Hoxh\u00ebn. Nuk b\u00ebjm\u00eb dot ndryshe. Duhet t\u00eb jet\u00eb b\u00ebr\u00eb pjes\u00eb e ADN-s\u00eb son\u00eb kolektive.<\/p>\n","protected":false},"excerpt":{"rendered":"<p>Mentor Kikia, 14 N\u00ebntor 2011 Ashtu, si edhe pritej dhe ishte paralajm\u00ebruar nga lajmet e shpeshta t\u00eb medias, n\u00eb panairin e sivjetsh\u00ebm t\u00eb librit ishin biografia dhe let\u00ebrsia me autor\u00eb politikan\u00ebt ato q\u00eb sh\u00ebnuan shitjet m\u00eb t\u00eb m\u00ebdha. Biografia e Enver Hoxh\u00ebs, libri i Edi Ram\u00ebs, libri i Ben Blushit dhe libri i Helena Kadare, [&hellip;]<\/p>\n","protected":false},"author":1,"featured_media":0,"comment_status":"open","ping_status":"closed","sticky":false,"template":"","format":"standard","meta":{"footnotes":""},"categories":[2],"tags":[],"class_list":{"0":"post-206","1":"post","2":"type-post","3":"status-publish","4":"format-standard","6":"category-artikuj"},"yoast_head":"<!-- This site is optimized with the Yoast SEO plugin v27.4 - https:\/\/yoast.com\/product\/yoast-seo-wordpress\/ -->\n<title>Nj\u00eb popull i t\u00ebr\u00eb i marrosur pas politik\u00ebs - FjALA e LIR\u00cb - Arkivi<\/title>\n<meta name=\"robots\" content=\"index, follow, max-snippet:-1, max-image-preview:large, max-video-preview:-1\" \/>\n<link rel=\"canonical\" href=\"https:\/\/fjala.info\/2009-2015\/nje-popull-i-tere-i-marrosur-pas-politikes\/\" \/>\n<meta property=\"og:locale\" content=\"sq_AL\" \/>\n<meta property=\"og:type\" content=\"article\" \/>\n<meta property=\"og:title\" content=\"Nj\u00eb popull i t\u00ebr\u00eb i marrosur pas politik\u00ebs - FjALA e LIR\u00cb - Arkivi\" \/>\n<meta property=\"og:description\" content=\"Mentor Kikia, 14 N\u00ebntor 2011 Ashtu, si edhe pritej dhe ishte paralajm\u00ebruar nga lajmet e shpeshta t\u00eb medias, n\u00eb panairin e sivjetsh\u00ebm t\u00eb librit ishin biografia dhe let\u00ebrsia me autor\u00eb politikan\u00ebt ato q\u00eb sh\u00ebnuan shitjet m\u00eb t\u00eb m\u00ebdha. Biografia e Enver Hoxh\u00ebs, libri i Edi Ram\u00ebs, libri i Ben Blushit dhe libri i Helena Kadare, [&hellip;]\" \/>\n<meta property=\"og:url\" content=\"https:\/\/fjala.info\/2009-2015\/nje-popull-i-tere-i-marrosur-pas-politikes\/\" \/>\n<meta property=\"og:site_name\" content=\"FjALA e LIR\u00cb - Arkivi\" \/>\n<meta property=\"article:published_time\" content=\"2011-11-17T06:22:29+00:00\" \/>\n<meta property=\"og:image\" content=\"http:\/\/www.shkoder.net\/images\/fjala\/2011\/panair_libri.jpg\" \/>\n<meta name=\"author\" content=\"admin\" \/>\n<meta name=\"twitter:card\" content=\"summary_large_image\" \/>\n<meta name=\"twitter:label1\" content=\"Written by\" \/>\n\t<meta name=\"twitter:data1\" content=\"admin\" \/>\n\t<meta name=\"twitter:label2\" content=\"Est. reading time\" \/>\n\t<meta name=\"twitter:data2\" content=\"4 minutes\" \/>\n<script type=\"application\/ld+json\" class=\"yoast-schema-graph\">{\"@context\":\"https:\\\/\\\/schema.org\",\"@graph\":[{\"@type\":\"Article\",\"@id\":\"https:\\\/\\\/fjala.info\\\/2009-2015\\\/nje-popull-i-tere-i-marrosur-pas-politikes\\\/#article\",\"isPartOf\":{\"@id\":\"https:\\\/\\\/fjala.info\\\/2009-2015\\\/nje-popull-i-tere-i-marrosur-pas-politikes\\\/\"},\"author\":{\"name\":\"admin\",\"@id\":\"https:\\\/\\\/fjala.info\\\/2009-2015\\\/#\\\/schema\\\/person\\\/3aa1163ef05469c496fc94e77611ada2\"},\"headline\":\"Nj\u00eb popull i t\u00ebr\u00eb i marrosur pas politik\u00ebs\",\"datePublished\":\"2011-11-17T06:22:29+00:00\",\"mainEntityOfPage\":{\"@id\":\"https:\\\/\\\/fjala.info\\\/2009-2015\\\/nje-popull-i-tere-i-marrosur-pas-politikes\\\/\"},\"wordCount\":794,\"commentCount\":0,\"publisher\":{\"@id\":\"https:\\\/\\\/fjala.info\\\/2009-2015\\\/#organization\"},\"image\":{\"@id\":\"https:\\\/\\\/fjala.info\\\/2009-2015\\\/nje-popull-i-tere-i-marrosur-pas-politikes\\\/#primaryimage\"},\"thumbnailUrl\":\"http:\\\/\\\/www.shkoder.net\\\/images\\\/fjala\\\/2011\\\/panair_libri.jpg\",\"articleSection\":[\"Artikuj\"],\"inLanguage\":\"sq-AL\",\"potentialAction\":[{\"@type\":\"CommentAction\",\"name\":\"Comment\",\"target\":[\"https:\\\/\\\/fjala.info\\\/2009-2015\\\/nje-popull-i-tere-i-marrosur-pas-politikes\\\/#respond\"]}]},{\"@type\":\"WebPage\",\"@id\":\"https:\\\/\\\/fjala.info\\\/2009-2015\\\/nje-popull-i-tere-i-marrosur-pas-politikes\\\/\",\"url\":\"https:\\\/\\\/fjala.info\\\/2009-2015\\\/nje-popull-i-tere-i-marrosur-pas-politikes\\\/\",\"name\":\"Nj\u00eb popull i t\u00ebr\u00eb i marrosur pas politik\u00ebs - FjALA e LIR\u00cb - Arkivi\",\"isPartOf\":{\"@id\":\"https:\\\/\\\/fjala.info\\\/2009-2015\\\/#website\"},\"primaryImageOfPage\":{\"@id\":\"https:\\\/\\\/fjala.info\\\/2009-2015\\\/nje-popull-i-tere-i-marrosur-pas-politikes\\\/#primaryimage\"},\"image\":{\"@id\":\"https:\\\/\\\/fjala.info\\\/2009-2015\\\/nje-popull-i-tere-i-marrosur-pas-politikes\\\/#primaryimage\"},\"thumbnailUrl\":\"http:\\\/\\\/www.shkoder.net\\\/images\\\/fjala\\\/2011\\\/panair_libri.jpg\",\"datePublished\":\"2011-11-17T06:22:29+00:00\",\"breadcrumb\":{\"@id\":\"https:\\\/\\\/fjala.info\\\/2009-2015\\\/nje-popull-i-tere-i-marrosur-pas-politikes\\\/#breadcrumb\"},\"inLanguage\":\"sq-AL\",\"potentialAction\":[{\"@type\":\"ReadAction\",\"target\":[\"https:\\\/\\\/fjala.info\\\/2009-2015\\\/nje-popull-i-tere-i-marrosur-pas-politikes\\\/\"]}]},{\"@type\":\"ImageObject\",\"inLanguage\":\"sq-AL\",\"@id\":\"https:\\\/\\\/fjala.info\\\/2009-2015\\\/nje-popull-i-tere-i-marrosur-pas-politikes\\\/#primaryimage\",\"url\":\"http:\\\/\\\/www.shkoder.net\\\/images\\\/fjala\\\/2011\\\/panair_libri.jpg\",\"contentUrl\":\"http:\\\/\\\/www.shkoder.net\\\/images\\\/fjala\\\/2011\\\/panair_libri.jpg\"},{\"@type\":\"BreadcrumbList\",\"@id\":\"https:\\\/\\\/fjala.info\\\/2009-2015\\\/nje-popull-i-tere-i-marrosur-pas-politikes\\\/#breadcrumb\",\"itemListElement\":[{\"@type\":\"ListItem\",\"position\":1,\"name\":\"Home\",\"item\":\"https:\\\/\\\/fjala.info\\\/2009-2015\\\/\"},{\"@type\":\"ListItem\",\"position\":2,\"name\":\"Nj\u00eb popull i t\u00ebr\u00eb i marrosur pas politik\u00ebs\"}]},{\"@type\":\"WebSite\",\"@id\":\"https:\\\/\\\/fjala.info\\\/2009-2015\\\/#website\",\"url\":\"https:\\\/\\\/fjala.info\\\/2009-2015\\\/\",\"name\":\"FjALA e LIR\u00cb - Arkivi\",\"description\":\"Arkivi 2009-2015\",\"publisher\":{\"@id\":\"https:\\\/\\\/fjala.info\\\/2009-2015\\\/#organization\"},\"potentialAction\":[{\"@type\":\"SearchAction\",\"target\":{\"@type\":\"EntryPoint\",\"urlTemplate\":\"https:\\\/\\\/fjala.info\\\/2009-2015\\\/?s={search_term_string}\"},\"query-input\":{\"@type\":\"PropertyValueSpecification\",\"valueRequired\":true,\"valueName\":\"search_term_string\"}}],\"inLanguage\":\"sq-AL\"},{\"@type\":\"Organization\",\"@id\":\"https:\\\/\\\/fjala.info\\\/2009-2015\\\/#organization\",\"name\":\"FjALA e LIR\u00cb - Arkivi\",\"url\":\"https:\\\/\\\/fjala.info\\\/2009-2015\\\/\",\"logo\":{\"@type\":\"ImageObject\",\"inLanguage\":\"sq-AL\",\"@id\":\"https:\\\/\\\/fjala.info\\\/2009-2015\\\/#\\\/schema\\\/logo\\\/image\\\/\",\"url\":\"\",\"contentUrl\":\"\",\"caption\":\"FjALA e LIR\u00cb - Arkivi\"},\"image\":{\"@id\":\"https:\\\/\\\/fjala.info\\\/2009-2015\\\/#\\\/schema\\\/logo\\\/image\\\/\"}},{\"@type\":\"Person\",\"@id\":\"https:\\\/\\\/fjala.info\\\/2009-2015\\\/#\\\/schema\\\/person\\\/3aa1163ef05469c496fc94e77611ada2\",\"name\":\"admin\",\"image\":{\"@type\":\"ImageObject\",\"inLanguage\":\"sq-AL\",\"@id\":\"https:\\\/\\\/fjala.info\\\/2009-2015\\\/wp-content\\\/uploads\\\/2012\\\/02\\\/arben_cokaj-120x150.jpg\",\"url\":\"https:\\\/\\\/fjala.info\\\/2009-2015\\\/wp-content\\\/uploads\\\/2012\\\/02\\\/arben_cokaj-120x150.jpg\",\"contentUrl\":\"https:\\\/\\\/fjala.info\\\/2009-2015\\\/wp-content\\\/uploads\\\/2012\\\/02\\\/arben_cokaj-120x150.jpg\",\"caption\":\"admin\"},\"description\":\"Admin, Fjala e Lir\u00eb\",\"sameAs\":[\"https:\\\/\\\/fjala.info\\\/\"],\"url\":\"https:\\\/\\\/fjala.info\\\/2009-2015\\\/author\\\/admin\\\/\"}]}<\/script>\n<!-- \/ Yoast SEO plugin. -->","yoast_head_json":{"title":"Nj\u00eb popull i t\u00ebr\u00eb i marrosur pas politik\u00ebs - FjALA e LIR\u00cb - Arkivi","robots":{"index":"index","follow":"follow","max-snippet":"max-snippet:-1","max-image-preview":"max-image-preview:large","max-video-preview":"max-video-preview:-1"},"canonical":"https:\/\/fjala.info\/2009-2015\/nje-popull-i-tere-i-marrosur-pas-politikes\/","og_locale":"sq_AL","og_type":"article","og_title":"Nj\u00eb popull i t\u00ebr\u00eb i marrosur pas politik\u00ebs - FjALA e LIR\u00cb - Arkivi","og_description":"Mentor Kikia, 14 N\u00ebntor 2011 Ashtu, si edhe pritej dhe ishte paralajm\u00ebruar nga lajmet e shpeshta t\u00eb medias, n\u00eb panairin e sivjetsh\u00ebm t\u00eb librit ishin biografia dhe let\u00ebrsia me autor\u00eb politikan\u00ebt ato q\u00eb sh\u00ebnuan shitjet m\u00eb t\u00eb m\u00ebdha. Biografia e Enver Hoxh\u00ebs, libri i Edi Ram\u00ebs, libri i Ben Blushit dhe libri i Helena Kadare, [&hellip;]","og_url":"https:\/\/fjala.info\/2009-2015\/nje-popull-i-tere-i-marrosur-pas-politikes\/","og_site_name":"FjALA e LIR\u00cb - Arkivi","article_published_time":"2011-11-17T06:22:29+00:00","og_image":[{"url":"http:\/\/www.shkoder.net\/images\/fjala\/2011\/panair_libri.jpg","type":"","width":"","height":""}],"author":"admin","twitter_card":"summary_large_image","twitter_misc":{"Written by":"admin","Est. reading time":"4 minutes"},"schema":{"@context":"https:\/\/schema.org","@graph":[{"@type":"Article","@id":"https:\/\/fjala.info\/2009-2015\/nje-popull-i-tere-i-marrosur-pas-politikes\/#article","isPartOf":{"@id":"https:\/\/fjala.info\/2009-2015\/nje-popull-i-tere-i-marrosur-pas-politikes\/"},"author":{"name":"admin","@id":"https:\/\/fjala.info\/2009-2015\/#\/schema\/person\/3aa1163ef05469c496fc94e77611ada2"},"headline":"Nj\u00eb popull i t\u00ebr\u00eb i marrosur pas politik\u00ebs","datePublished":"2011-11-17T06:22:29+00:00","mainEntityOfPage":{"@id":"https:\/\/fjala.info\/2009-2015\/nje-popull-i-tere-i-marrosur-pas-politikes\/"},"wordCount":794,"commentCount":0,"publisher":{"@id":"https:\/\/fjala.info\/2009-2015\/#organization"},"image":{"@id":"https:\/\/fjala.info\/2009-2015\/nje-popull-i-tere-i-marrosur-pas-politikes\/#primaryimage"},"thumbnailUrl":"http:\/\/www.shkoder.net\/images\/fjala\/2011\/panair_libri.jpg","articleSection":["Artikuj"],"inLanguage":"sq-AL","potentialAction":[{"@type":"CommentAction","name":"Comment","target":["https:\/\/fjala.info\/2009-2015\/nje-popull-i-tere-i-marrosur-pas-politikes\/#respond"]}]},{"@type":"WebPage","@id":"https:\/\/fjala.info\/2009-2015\/nje-popull-i-tere-i-marrosur-pas-politikes\/","url":"https:\/\/fjala.info\/2009-2015\/nje-popull-i-tere-i-marrosur-pas-politikes\/","name":"Nj\u00eb popull i t\u00ebr\u00eb i marrosur pas politik\u00ebs - FjALA e LIR\u00cb - Arkivi","isPartOf":{"@id":"https:\/\/fjala.info\/2009-2015\/#website"},"primaryImageOfPage":{"@id":"https:\/\/fjala.info\/2009-2015\/nje-popull-i-tere-i-marrosur-pas-politikes\/#primaryimage"},"image":{"@id":"https:\/\/fjala.info\/2009-2015\/nje-popull-i-tere-i-marrosur-pas-politikes\/#primaryimage"},"thumbnailUrl":"http:\/\/www.shkoder.net\/images\/fjala\/2011\/panair_libri.jpg","datePublished":"2011-11-17T06:22:29+00:00","breadcrumb":{"@id":"https:\/\/fjala.info\/2009-2015\/nje-popull-i-tere-i-marrosur-pas-politikes\/#breadcrumb"},"inLanguage":"sq-AL","potentialAction":[{"@type":"ReadAction","target":["https:\/\/fjala.info\/2009-2015\/nje-popull-i-tere-i-marrosur-pas-politikes\/"]}]},{"@type":"ImageObject","inLanguage":"sq-AL","@id":"https:\/\/fjala.info\/2009-2015\/nje-popull-i-tere-i-marrosur-pas-politikes\/#primaryimage","url":"http:\/\/www.shkoder.net\/images\/fjala\/2011\/panair_libri.jpg","contentUrl":"http:\/\/www.shkoder.net\/images\/fjala\/2011\/panair_libri.jpg"},{"@type":"BreadcrumbList","@id":"https:\/\/fjala.info\/2009-2015\/nje-popull-i-tere-i-marrosur-pas-politikes\/#breadcrumb","itemListElement":[{"@type":"ListItem","position":1,"name":"Home","item":"https:\/\/fjala.info\/2009-2015\/"},{"@type":"ListItem","position":2,"name":"Nj\u00eb popull i t\u00ebr\u00eb i marrosur pas politik\u00ebs"}]},{"@type":"WebSite","@id":"https:\/\/fjala.info\/2009-2015\/#website","url":"https:\/\/fjala.info\/2009-2015\/","name":"FjALA e LIR\u00cb - Arkivi","description":"Arkivi 2009-2015","publisher":{"@id":"https:\/\/fjala.info\/2009-2015\/#organization"},"potentialAction":[{"@type":"SearchAction","target":{"@type":"EntryPoint","urlTemplate":"https:\/\/fjala.info\/2009-2015\/?s={search_term_string}"},"query-input":{"@type":"PropertyValueSpecification","valueRequired":true,"valueName":"search_term_string"}}],"inLanguage":"sq-AL"},{"@type":"Organization","@id":"https:\/\/fjala.info\/2009-2015\/#organization","name":"FjALA e LIR\u00cb - Arkivi","url":"https:\/\/fjala.info\/2009-2015\/","logo":{"@type":"ImageObject","inLanguage":"sq-AL","@id":"https:\/\/fjala.info\/2009-2015\/#\/schema\/logo\/image\/","url":"","contentUrl":"","caption":"FjALA e LIR\u00cb - Arkivi"},"image":{"@id":"https:\/\/fjala.info\/2009-2015\/#\/schema\/logo\/image\/"}},{"@type":"Person","@id":"https:\/\/fjala.info\/2009-2015\/#\/schema\/person\/3aa1163ef05469c496fc94e77611ada2","name":"admin","image":{"@type":"ImageObject","inLanguage":"sq-AL","@id":"https:\/\/fjala.info\/2009-2015\/wp-content\/uploads\/2012\/02\/arben_cokaj-120x150.jpg","url":"https:\/\/fjala.info\/2009-2015\/wp-content\/uploads\/2012\/02\/arben_cokaj-120x150.jpg","contentUrl":"https:\/\/fjala.info\/2009-2015\/wp-content\/uploads\/2012\/02\/arben_cokaj-120x150.jpg","caption":"admin"},"description":"Admin, Fjala e Lir\u00eb","sameAs":["https:\/\/fjala.info\/"],"url":"https:\/\/fjala.info\/2009-2015\/author\/admin\/"}]}},"_links":{"self":[{"href":"https:\/\/fjala.info\/2009-2015\/wp-json\/wp\/v2\/posts\/206","targetHints":{"allow":["GET"]}}],"collection":[{"href":"https:\/\/fjala.info\/2009-2015\/wp-json\/wp\/v2\/posts"}],"about":[{"href":"https:\/\/fjala.info\/2009-2015\/wp-json\/wp\/v2\/types\/post"}],"author":[{"embeddable":true,"href":"https:\/\/fjala.info\/2009-2015\/wp-json\/wp\/v2\/users\/1"}],"replies":[{"embeddable":true,"href":"https:\/\/fjala.info\/2009-2015\/wp-json\/wp\/v2\/comments?post=206"}],"version-history":[{"count":0,"href":"https:\/\/fjala.info\/2009-2015\/wp-json\/wp\/v2\/posts\/206\/revisions"}],"wp:attachment":[{"href":"https:\/\/fjala.info\/2009-2015\/wp-json\/wp\/v2\/media?parent=206"}],"wp:term":[{"taxonomy":"category","embeddable":true,"href":"https:\/\/fjala.info\/2009-2015\/wp-json\/wp\/v2\/categories?post=206"},{"taxonomy":"post_tag","embeddable":true,"href":"https:\/\/fjala.info\/2009-2015\/wp-json\/wp\/v2\/tags?post=206"}],"curies":[{"name":"wp","href":"https:\/\/api.w.org\/{rel}","templated":true}]}}