{"id":2045,"date":"2012-03-04T23:02:26","date_gmt":"2012-03-04T22:02:26","guid":{"rendered":"http:\/\/fjala.shkoder.net\/?p=2045"},"modified":"2012-03-04T23:02:26","modified_gmt":"2012-03-04T22:02:26","slug":"pse-u-djersit-zonja-topalli","status":"publish","type":"post","link":"https:\/\/fjala.info\/2009-2015\/pse-u-djersit-zonja-topalli\/","title":{"rendered":"Pse u djersit zonja Topalli?"},"content":{"rendered":"<p><img decoding=\"async\" class=\"alignright size-thumbnail wp-image-7236\" title=\"Mero Baze\" src=\"http:\/\/www.shkoder.net\/images\/fjala\/jozefina_topalli.jpg\" alt=\"\" width=\"200\" \/> <strong>Zamira \u00c7avo<\/strong>, <em>04.03.2012<\/em><\/p>\n<p>N\u00eb intervistat e saj zonja Topalli, gjithnj\u00eb ka demonstruar \u201cfuqi\u201d, ose m\u00eb mir\u00eb pushtet. Me m\u00ebnyr\u00ebn, gati dramatike, me t\u00eb cil\u00ebn i drejtohet auditorit dhe me frazat q\u00eb zgjedh t\u00eb thot\u00eb, gjithnj\u00eb ka arritur t\u00eb provokoj\u00eb mjaftuesh\u00ebm kampin politik kund\u00ebrshtar, dhe nj\u00ebkoh\u00ebsisht t\u00eb garantoj\u00eb mb\u00ebshtetjen e fanatik\u00ebve t\u00eb kampit t\u00eb saj politik. Prandaj, sapo shikon zonja Topalli n\u00eb ndonj\u00eb ekran, e di se \u00e7far\u00eb do flas\u00eb dhe si do sillet. Por k\u00ebt\u00eb radh\u00eb, n\u00eb daljen e fundit publike n\u00eb emisionin \u201cOpinion\u201d, mendoj se zonja Topalli e ka ndier veten keq.<\/p>\n<p>Ose t\u00eb pakt\u00ebn k\u00ebt\u00eb p\u00ebrshtypje m\u00eb krijoi. Dhe fatkeq\u00ebsisht, nuk jam vet\u00ebm un\u00eb q\u00eb e paskam perceptuar n\u00eb k\u00ebt\u00eb m\u00ebnyr\u00eb! Djers\u00ebt e zonja Topalli ishin kaq t\u00eb dukshme sa nuk mund t\u2019i mbulonte dot as ngjyra e kuqe e ndezur e xhaket\u00ebs, e as truket e gazetarit, p\u00ebr ta ndihmuar. Por mendoj se ka disa arsye q\u00eb zonja Topalli tregoi pasigurin\u00eb e saj, ndaj pothuaj t\u00eb gjitha pyetjeve q\u00eb iu b\u00ebn\u00eb.<\/p>\n<p>S\u00eb pari; znj Topalli ishte gati e terrorizuar nga largimi i z. Oketa, e q\u00eb ndoshta pasohet dhe me dik\u00eb apo, disa t\u00eb tjer\u00eb, nga partia demokratike. Nuk do t\u00eb ishte hera e par\u00eb q\u00eb ndodh k\u00ebshtu, por duket se largimi i z. Oketa ka prishur shum\u00eb ekuilibra q\u00eb jan\u00eb vendosur brenda klaneve t\u00eb PD-s\u00eb. Pra ka prishur qet\u00ebsin\u00eb dhe t\u00eb vet\u00eb zonja Topalli, n\u00eb llogarit\u00eb e saj. M\u00eb duket gati foshnjarake th\u00ebnia e zonja Topalli p\u00ebr largimin e z Oketa: \u201cE morm\u00eb, pau, mori, iku\u201d!<\/p>\n<p>Dhe nuk e kam fjal\u00ebn p\u00ebr artikulimin qesharak t\u00eb fjalis\u00eb, as p\u00ebr imitimin q\u00eb do t\u00eb kishte dashur t\u00eb b\u00ebnte, p\u00ebr t\u00eb treguar njohurit\u00eb e saj n\u00eb fush\u00ebn e historis\u00eb. M\u00eb shum\u00eb, e kam n\u00eb p\u00ebrmbajtjen e fraz\u00ebs., e cila i le shteg dy interpretimeve t\u00eb ndryshme, q\u00eb zonja Topalli i kuptoi me vones\u00eb, ndaj dhe u djersit. Sipas saj, nga Partia Demokratike largohen ata q\u00eb mbeten pa poste!<\/p>\n<p><em>Le t\u00eb vazhdojm\u00eb pak k\u00ebt\u00eb arsyetim<\/em>:<\/p>\n<p>N\u00ebse kjo do t\u00eb jet\u00eb e v\u00ebrtet\u00eb at\u00ebher\u00eb, pra n\u00ebse do largohen ata q\u00eb mbeten pa poste, duhet t\u00eb presim largime t\u00eb tjera, madje t\u00eb m\u00ebdha, nga kjo parti. Arsyen na e tregoi vet\u00eb zonja Topalli: \u201cQeveria nuk ndryshon, sepse mund t\u00eb rrij\u00eb si minist\u00ebr, edhe 13 vjet, nj\u00eb person q\u00eb ka punu mir\u00eb\u201d! P\u00ebr rrjedhoj\u00eb, ata q\u00eb nuk jan\u00eb shp\u00ebrblyer nga kjo parti me poste, i bie q\u00eb t\u00eb pasojn\u00eb Oket\u00ebn! K\u00ebt\u00eb e kuptoi me vones\u00eb zonja Topalli, kur u mundua m\u00eb tej t\u00eb fliste p\u00ebr \u201cmisionar\u00ebt e pushtetit\u201d! Kjo fraz\u00eb, mendoj se le pa mend edhe njeriun e zakonsh\u00ebm, q\u00eb ka pak njohuri nga politika.<\/p>\n<p>Por th\u00ebnia e zonja Topalli, na sjell n\u00eb v\u00ebmendje nj\u00eb problem tjet\u00ebr.: n\u00eb postet drejtuese, PD zgjedh njer\u00ebz q\u00eb shohin, marrin dhe ikin! A nuk tregon kjo nj\u00eb filozofi korruptuese dhe klienteliste? Me logjik\u00ebn e th\u00ebnies, s\u00eb kryeparlamentares, n\u00eb lidhje me pun\u00ebn e z Oketa( si zv.kryeminist\u00ebr apo minist\u00ebr n\u00eb momentin e pranimit n\u00eb NATO,) i bie q\u00eb, postet n\u00eb PD ndahen pa asnj\u00eb kriter apo standard profesional.<\/p>\n<p>Por ajo e di q\u00eb nuk \u00ebsht\u00eb k\u00ebshtu, pasi z. Oketa ka treguar, s\u00eb paku p\u00ebr syt\u00eb e opinionit, nj\u00eb q\u00ebndrim korrekt dhe mjaft t\u00eb p\u00eblqyesh\u00ebm p\u00ebr postin. Kjo e ngat\u00ebrroi zonja Topalli, e cila tha se nuk mund t\u00eb jepte vler\u00ebsime p\u00ebr pun\u00ebn e tij, sepse nuk kishte pasur konfidenca!!! Nj\u00eb arsye jo vet\u00ebm p\u00ebr t\u2019u djersitur, por edhe p\u00ebr t\u2019u thar\u00eb goja! Do t\u2019i lutesha lexuesit t\u00eb gjente nj\u00eb rast n\u00eb bot\u00eb, q\u00eb nj\u00eb politikan i rangut t\u00eb lart\u00eb, t\u00eb flas\u00eb p\u00ebr aft\u00ebsit\u00eb apo performanc\u00ebn e nj\u00eb ministri, nisur nga konfidencat personale!<\/p>\n<p>S\u00eb dyti: Marr\u00ebdh\u00ebniet e Partis\u00eb Demokratike me z. Topi tashm\u00eb jan\u00eb qart\u00ebsisht t\u00eb dukshme p\u00ebr \u00e7do njeri. Por dhe vet\u00eb z. Berisha, ka gjetur mund\u00ebsira t\u00eb t\u00ebrthorta p\u00ebr t\u00eb shmangur \u00e7do pyetje rreth Presidentit, gj\u00eb q\u00eb zonja Topalli do t\u2019i kishte shkuar m\u00eb p\u00ebr shtat n\u00ebse do ta kishte mbajtur parasysh. Por edhe n\u00eb k\u00ebt\u00eb rast duket se kryeparlamentarja e kishte \u201chumbur\u201d gjykimin. N\u00eb gjith\u00e7ka artikuloi ndaj z. Topi ting\u00eblloi naive, madje thell\u00eb -thell\u00eb, personale. Epitetet kooperativist, ose i p\u00ebrk\u00ebdhelur i komunizmit,( ajo vet\u00eb artikuloi se :\u201ckush t\u00eb jepte mund\u00ebsi n\u00eb koh\u00ebn e xhaxhit t\u00eb studioje n\u00eb Bolonja\u201d) etj., t\u00eb ngjashme, e vun\u00eb n\u00eb v\u00ebshtir\u00ebsi zonja Topalli, sepse duhet ta ket\u00eb menduar edhe ndonj\u00eb kund\u00ebrpyetje: Po n\u00ebse ishte i till\u00eb pse e ngrit\u00ebt deri n\u00eb Presidenc\u00eb dik\u00eb q\u00eb pask\u00ebsh qen\u00eb komunist! Sepse n\u00eb dijenin\u00eb time, z. Topi nuk hyri n\u00eb PD, nj\u00eb dit\u00eb para se t\u00eb b\u00ebhej President!<\/p>\n<p>S\u00eb treti: D\u00ebshira p\u00ebr postin e Presidentit duket i ka p\u00ebrk\u00ebdhelur jo vet\u00ebm sedr\u00ebn zonja Topalli, por me sa u duk, i \u00ebsht\u00eb kthyer n\u00eb obsesion. Ajo e njeh mir\u00eb perceptimin q\u00eb ka krijuar te njer\u00ebzit dhe \u00ebsht\u00eb e bindur se nuk mund t\u00eb p\u00ebrfaq\u00ebsoj\u00eb pal\u00ebt e kund\u00ebrta politike, sepse nuk mund t\u00eb ngrihet mbi pal\u00ebt. E ka demonstruar me dhjet\u00ebra her\u00eb k\u00ebt\u00eb. Fjalimi i saj, kur u zgjodh p\u00ebr her\u00eb t\u00eb par\u00eb Kryeparlamentare se : \u201cdo t\u00eb jem avokate e opozit\u00ebs\u201d, mbeti vet\u00ebm nj\u00eb demagogji banale dhe aspak e sofistikuar. Prandaj ajo solli shembullin e Napoletanos, i cili na pask\u00ebsh fituar me nj\u00eb pakic\u00eb prej 5 votash!<\/p>\n<p>Dhe ka fituar sepse mbi t\u00eb gjitha ka integritet, \u00ebsht\u00eb profesional, dhe &#8230; kaq mjafton p\u00ebr t\u00eb qen\u00eb President! Zj. Topalli beson, ndoshta sinqerisht, se i p\u00ebrmbush k\u00ebto tipare, ndaj dhe ngulmoi shum\u00eb n\u00eb k\u00ebt\u00eb pik\u00eb. Mendoj se me k\u00ebt\u00eb dalje publike, zonja Topalli , jo vet\u00ebm i uli n\u00eb minimumin e mundsh\u00ebm, pik\u00ebt e saj n\u00eb burs\u00ebn politike, por krijoi dhe nj\u00eb imazh jo fort t\u00eb pranuesh\u00ebm p\u00ebr Partin\u00eb Demokratike. Kjo d\u00ebshmon edhe nj\u00ebher\u00eb se n\u00eb qeverisjen 8-vje\u00e7are e ka konsumuar t\u00ebr\u00ebsisht nj\u00eb forc\u00eb politike, q\u00eb realisht n\u00eb gjith\u00eb k\u00ebto vite qeverisje nuk ka demonstruar vizion.<\/p>\n","protected":false},"excerpt":{"rendered":"<p>Zamira \u00c7avo, 04.03.2012 N\u00eb intervistat e saj zonja Topalli, gjithnj\u00eb ka demonstruar \u201cfuqi\u201d, ose m\u00eb mir\u00eb pushtet. Me m\u00ebnyr\u00ebn, gati dramatike, me t\u00eb cil\u00ebn i drejtohet auditorit dhe me frazat q\u00eb zgjedh t\u00eb thot\u00eb, gjithnj\u00eb ka arritur t\u00eb provokoj\u00eb mjaftuesh\u00ebm kampin politik kund\u00ebrshtar, dhe nj\u00ebkoh\u00ebsisht t\u00eb garantoj\u00eb mb\u00ebshtetjen e fanatik\u00ebve t\u00eb kampit t\u00eb saj politik. [&hellip;]<\/p>\n","protected":false},"author":1,"featured_media":0,"comment_status":"open","ping_status":"closed","sticky":false,"template":"","format":"standard","meta":{"footnotes":""},"categories":[2],"tags":[],"class_list":{"0":"post-2045","1":"post","2":"type-post","3":"status-publish","4":"format-standard","6":"category-artikuj"},"yoast_head":"<!-- This site is optimized with the Yoast SEO plugin v27.4 - https:\/\/yoast.com\/product\/yoast-seo-wordpress\/ -->\n<title>Pse u djersit zonja Topalli? - FjALA e LIR\u00cb - Arkivi<\/title>\n<meta name=\"robots\" content=\"index, follow, max-snippet:-1, max-image-preview:large, max-video-preview:-1\" \/>\n<link rel=\"canonical\" href=\"https:\/\/fjala.info\/2009-2015\/pse-u-djersit-zonja-topalli\/\" \/>\n<meta property=\"og:locale\" content=\"sq_AL\" \/>\n<meta property=\"og:type\" content=\"article\" \/>\n<meta property=\"og:title\" content=\"Pse u djersit zonja Topalli? - FjALA e LIR\u00cb - Arkivi\" \/>\n<meta property=\"og:description\" content=\"Zamira \u00c7avo, 04.03.2012 N\u00eb intervistat e saj zonja Topalli, gjithnj\u00eb ka demonstruar \u201cfuqi\u201d, ose m\u00eb mir\u00eb pushtet. Me m\u00ebnyr\u00ebn, gati dramatike, me t\u00eb cil\u00ebn i drejtohet auditorit dhe me frazat q\u00eb zgjedh t\u00eb thot\u00eb, gjithnj\u00eb ka arritur t\u00eb provokoj\u00eb mjaftuesh\u00ebm kampin politik kund\u00ebrshtar, dhe nj\u00ebkoh\u00ebsisht t\u00eb garantoj\u00eb mb\u00ebshtetjen e fanatik\u00ebve t\u00eb kampit t\u00eb saj politik. [&hellip;]\" \/>\n<meta property=\"og:url\" content=\"https:\/\/fjala.info\/2009-2015\/pse-u-djersit-zonja-topalli\/\" \/>\n<meta property=\"og:site_name\" content=\"FjALA e LIR\u00cb - Arkivi\" \/>\n<meta property=\"article:published_time\" content=\"2012-03-04T22:02:26+00:00\" \/>\n<meta property=\"og:image\" content=\"http:\/\/www.shkoder.net\/images\/fjala\/jozefina_topalli.jpg\" \/>\n<meta name=\"author\" content=\"admin\" \/>\n<meta name=\"twitter:card\" content=\"summary_large_image\" \/>\n<meta name=\"twitter:label1\" content=\"Written by\" \/>\n\t<meta name=\"twitter:data1\" content=\"admin\" \/>\n\t<meta name=\"twitter:label2\" content=\"Est. reading time\" \/>\n\t<meta name=\"twitter:data2\" content=\"5 minutes\" \/>\n<script type=\"application\/ld+json\" class=\"yoast-schema-graph\">{\"@context\":\"https:\\\/\\\/schema.org\",\"@graph\":[{\"@type\":\"Article\",\"@id\":\"https:\\\/\\\/fjala.info\\\/2009-2015\\\/pse-u-djersit-zonja-topalli\\\/#article\",\"isPartOf\":{\"@id\":\"https:\\\/\\\/fjala.info\\\/2009-2015\\\/pse-u-djersit-zonja-topalli\\\/\"},\"author\":{\"name\":\"admin\",\"@id\":\"https:\\\/\\\/fjala.info\\\/2009-2015\\\/#\\\/schema\\\/person\\\/3aa1163ef05469c496fc94e77611ada2\"},\"headline\":\"Pse u djersit zonja Topalli?\",\"datePublished\":\"2012-03-04T22:02:26+00:00\",\"mainEntityOfPage\":{\"@id\":\"https:\\\/\\\/fjala.info\\\/2009-2015\\\/pse-u-djersit-zonja-topalli\\\/\"},\"wordCount\":1082,\"commentCount\":0,\"publisher\":{\"@id\":\"https:\\\/\\\/fjala.info\\\/2009-2015\\\/#organization\"},\"image\":{\"@id\":\"https:\\\/\\\/fjala.info\\\/2009-2015\\\/pse-u-djersit-zonja-topalli\\\/#primaryimage\"},\"thumbnailUrl\":\"http:\\\/\\\/www.shkoder.net\\\/images\\\/fjala\\\/jozefina_topalli.jpg\",\"articleSection\":[\"Artikuj\"],\"inLanguage\":\"sq-AL\",\"potentialAction\":[{\"@type\":\"CommentAction\",\"name\":\"Comment\",\"target\":[\"https:\\\/\\\/fjala.info\\\/2009-2015\\\/pse-u-djersit-zonja-topalli\\\/#respond\"]}]},{\"@type\":\"WebPage\",\"@id\":\"https:\\\/\\\/fjala.info\\\/2009-2015\\\/pse-u-djersit-zonja-topalli\\\/\",\"url\":\"https:\\\/\\\/fjala.info\\\/2009-2015\\\/pse-u-djersit-zonja-topalli\\\/\",\"name\":\"Pse u djersit zonja Topalli? - FjALA e LIR\u00cb - Arkivi\",\"isPartOf\":{\"@id\":\"https:\\\/\\\/fjala.info\\\/2009-2015\\\/#website\"},\"primaryImageOfPage\":{\"@id\":\"https:\\\/\\\/fjala.info\\\/2009-2015\\\/pse-u-djersit-zonja-topalli\\\/#primaryimage\"},\"image\":{\"@id\":\"https:\\\/\\\/fjala.info\\\/2009-2015\\\/pse-u-djersit-zonja-topalli\\\/#primaryimage\"},\"thumbnailUrl\":\"http:\\\/\\\/www.shkoder.net\\\/images\\\/fjala\\\/jozefina_topalli.jpg\",\"datePublished\":\"2012-03-04T22:02:26+00:00\",\"breadcrumb\":{\"@id\":\"https:\\\/\\\/fjala.info\\\/2009-2015\\\/pse-u-djersit-zonja-topalli\\\/#breadcrumb\"},\"inLanguage\":\"sq-AL\",\"potentialAction\":[{\"@type\":\"ReadAction\",\"target\":[\"https:\\\/\\\/fjala.info\\\/2009-2015\\\/pse-u-djersit-zonja-topalli\\\/\"]}]},{\"@type\":\"ImageObject\",\"inLanguage\":\"sq-AL\",\"@id\":\"https:\\\/\\\/fjala.info\\\/2009-2015\\\/pse-u-djersit-zonja-topalli\\\/#primaryimage\",\"url\":\"http:\\\/\\\/www.shkoder.net\\\/images\\\/fjala\\\/jozefina_topalli.jpg\",\"contentUrl\":\"http:\\\/\\\/www.shkoder.net\\\/images\\\/fjala\\\/jozefina_topalli.jpg\"},{\"@type\":\"BreadcrumbList\",\"@id\":\"https:\\\/\\\/fjala.info\\\/2009-2015\\\/pse-u-djersit-zonja-topalli\\\/#breadcrumb\",\"itemListElement\":[{\"@type\":\"ListItem\",\"position\":1,\"name\":\"Home\",\"item\":\"https:\\\/\\\/fjala.info\\\/2009-2015\\\/\"},{\"@type\":\"ListItem\",\"position\":2,\"name\":\"Pse u djersit zonja Topalli?\"}]},{\"@type\":\"WebSite\",\"@id\":\"https:\\\/\\\/fjala.info\\\/2009-2015\\\/#website\",\"url\":\"https:\\\/\\\/fjala.info\\\/2009-2015\\\/\",\"name\":\"FjALA e LIR\u00cb - Arkivi\",\"description\":\"Arkivi 2009-2015\",\"publisher\":{\"@id\":\"https:\\\/\\\/fjala.info\\\/2009-2015\\\/#organization\"},\"potentialAction\":[{\"@type\":\"SearchAction\",\"target\":{\"@type\":\"EntryPoint\",\"urlTemplate\":\"https:\\\/\\\/fjala.info\\\/2009-2015\\\/?s={search_term_string}\"},\"query-input\":{\"@type\":\"PropertyValueSpecification\",\"valueRequired\":true,\"valueName\":\"search_term_string\"}}],\"inLanguage\":\"sq-AL\"},{\"@type\":\"Organization\",\"@id\":\"https:\\\/\\\/fjala.info\\\/2009-2015\\\/#organization\",\"name\":\"FjALA e LIR\u00cb - Arkivi\",\"url\":\"https:\\\/\\\/fjala.info\\\/2009-2015\\\/\",\"logo\":{\"@type\":\"ImageObject\",\"inLanguage\":\"sq-AL\",\"@id\":\"https:\\\/\\\/fjala.info\\\/2009-2015\\\/#\\\/schema\\\/logo\\\/image\\\/\",\"url\":\"\",\"contentUrl\":\"\",\"caption\":\"FjALA e LIR\u00cb - Arkivi\"},\"image\":{\"@id\":\"https:\\\/\\\/fjala.info\\\/2009-2015\\\/#\\\/schema\\\/logo\\\/image\\\/\"}},{\"@type\":\"Person\",\"@id\":\"https:\\\/\\\/fjala.info\\\/2009-2015\\\/#\\\/schema\\\/person\\\/3aa1163ef05469c496fc94e77611ada2\",\"name\":\"admin\",\"image\":{\"@type\":\"ImageObject\",\"inLanguage\":\"sq-AL\",\"@id\":\"https:\\\/\\\/fjala.info\\\/2009-2015\\\/wp-content\\\/uploads\\\/2012\\\/02\\\/arben_cokaj-120x150.jpg\",\"url\":\"https:\\\/\\\/fjala.info\\\/2009-2015\\\/wp-content\\\/uploads\\\/2012\\\/02\\\/arben_cokaj-120x150.jpg\",\"contentUrl\":\"https:\\\/\\\/fjala.info\\\/2009-2015\\\/wp-content\\\/uploads\\\/2012\\\/02\\\/arben_cokaj-120x150.jpg\",\"caption\":\"admin\"},\"description\":\"Admin, Fjala e Lir\u00eb\",\"sameAs\":[\"https:\\\/\\\/fjala.info\\\/\"],\"url\":\"https:\\\/\\\/fjala.info\\\/2009-2015\\\/author\\\/admin\\\/\"}]}<\/script>\n<!-- \/ Yoast SEO plugin. -->","yoast_head_json":{"title":"Pse u djersit zonja Topalli? - FjALA e LIR\u00cb - Arkivi","robots":{"index":"index","follow":"follow","max-snippet":"max-snippet:-1","max-image-preview":"max-image-preview:large","max-video-preview":"max-video-preview:-1"},"canonical":"https:\/\/fjala.info\/2009-2015\/pse-u-djersit-zonja-topalli\/","og_locale":"sq_AL","og_type":"article","og_title":"Pse u djersit zonja Topalli? - FjALA e LIR\u00cb - Arkivi","og_description":"Zamira \u00c7avo, 04.03.2012 N\u00eb intervistat e saj zonja Topalli, gjithnj\u00eb ka demonstruar \u201cfuqi\u201d, ose m\u00eb mir\u00eb pushtet. Me m\u00ebnyr\u00ebn, gati dramatike, me t\u00eb cil\u00ebn i drejtohet auditorit dhe me frazat q\u00eb zgjedh t\u00eb thot\u00eb, gjithnj\u00eb ka arritur t\u00eb provokoj\u00eb mjaftuesh\u00ebm kampin politik kund\u00ebrshtar, dhe nj\u00ebkoh\u00ebsisht t\u00eb garantoj\u00eb mb\u00ebshtetjen e fanatik\u00ebve t\u00eb kampit t\u00eb saj politik. [&hellip;]","og_url":"https:\/\/fjala.info\/2009-2015\/pse-u-djersit-zonja-topalli\/","og_site_name":"FjALA e LIR\u00cb - Arkivi","article_published_time":"2012-03-04T22:02:26+00:00","og_image":[{"url":"http:\/\/www.shkoder.net\/images\/fjala\/jozefina_topalli.jpg","type":"","width":"","height":""}],"author":"admin","twitter_card":"summary_large_image","twitter_misc":{"Written by":"admin","Est. reading time":"5 minutes"},"schema":{"@context":"https:\/\/schema.org","@graph":[{"@type":"Article","@id":"https:\/\/fjala.info\/2009-2015\/pse-u-djersit-zonja-topalli\/#article","isPartOf":{"@id":"https:\/\/fjala.info\/2009-2015\/pse-u-djersit-zonja-topalli\/"},"author":{"name":"admin","@id":"https:\/\/fjala.info\/2009-2015\/#\/schema\/person\/3aa1163ef05469c496fc94e77611ada2"},"headline":"Pse u djersit zonja Topalli?","datePublished":"2012-03-04T22:02:26+00:00","mainEntityOfPage":{"@id":"https:\/\/fjala.info\/2009-2015\/pse-u-djersit-zonja-topalli\/"},"wordCount":1082,"commentCount":0,"publisher":{"@id":"https:\/\/fjala.info\/2009-2015\/#organization"},"image":{"@id":"https:\/\/fjala.info\/2009-2015\/pse-u-djersit-zonja-topalli\/#primaryimage"},"thumbnailUrl":"http:\/\/www.shkoder.net\/images\/fjala\/jozefina_topalli.jpg","articleSection":["Artikuj"],"inLanguage":"sq-AL","potentialAction":[{"@type":"CommentAction","name":"Comment","target":["https:\/\/fjala.info\/2009-2015\/pse-u-djersit-zonja-topalli\/#respond"]}]},{"@type":"WebPage","@id":"https:\/\/fjala.info\/2009-2015\/pse-u-djersit-zonja-topalli\/","url":"https:\/\/fjala.info\/2009-2015\/pse-u-djersit-zonja-topalli\/","name":"Pse u djersit zonja Topalli? - FjALA e LIR\u00cb - Arkivi","isPartOf":{"@id":"https:\/\/fjala.info\/2009-2015\/#website"},"primaryImageOfPage":{"@id":"https:\/\/fjala.info\/2009-2015\/pse-u-djersit-zonja-topalli\/#primaryimage"},"image":{"@id":"https:\/\/fjala.info\/2009-2015\/pse-u-djersit-zonja-topalli\/#primaryimage"},"thumbnailUrl":"http:\/\/www.shkoder.net\/images\/fjala\/jozefina_topalli.jpg","datePublished":"2012-03-04T22:02:26+00:00","breadcrumb":{"@id":"https:\/\/fjala.info\/2009-2015\/pse-u-djersit-zonja-topalli\/#breadcrumb"},"inLanguage":"sq-AL","potentialAction":[{"@type":"ReadAction","target":["https:\/\/fjala.info\/2009-2015\/pse-u-djersit-zonja-topalli\/"]}]},{"@type":"ImageObject","inLanguage":"sq-AL","@id":"https:\/\/fjala.info\/2009-2015\/pse-u-djersit-zonja-topalli\/#primaryimage","url":"http:\/\/www.shkoder.net\/images\/fjala\/jozefina_topalli.jpg","contentUrl":"http:\/\/www.shkoder.net\/images\/fjala\/jozefina_topalli.jpg"},{"@type":"BreadcrumbList","@id":"https:\/\/fjala.info\/2009-2015\/pse-u-djersit-zonja-topalli\/#breadcrumb","itemListElement":[{"@type":"ListItem","position":1,"name":"Home","item":"https:\/\/fjala.info\/2009-2015\/"},{"@type":"ListItem","position":2,"name":"Pse u djersit zonja Topalli?"}]},{"@type":"WebSite","@id":"https:\/\/fjala.info\/2009-2015\/#website","url":"https:\/\/fjala.info\/2009-2015\/","name":"FjALA e LIR\u00cb - Arkivi","description":"Arkivi 2009-2015","publisher":{"@id":"https:\/\/fjala.info\/2009-2015\/#organization"},"potentialAction":[{"@type":"SearchAction","target":{"@type":"EntryPoint","urlTemplate":"https:\/\/fjala.info\/2009-2015\/?s={search_term_string}"},"query-input":{"@type":"PropertyValueSpecification","valueRequired":true,"valueName":"search_term_string"}}],"inLanguage":"sq-AL"},{"@type":"Organization","@id":"https:\/\/fjala.info\/2009-2015\/#organization","name":"FjALA e LIR\u00cb - Arkivi","url":"https:\/\/fjala.info\/2009-2015\/","logo":{"@type":"ImageObject","inLanguage":"sq-AL","@id":"https:\/\/fjala.info\/2009-2015\/#\/schema\/logo\/image\/","url":"","contentUrl":"","caption":"FjALA e LIR\u00cb - Arkivi"},"image":{"@id":"https:\/\/fjala.info\/2009-2015\/#\/schema\/logo\/image\/"}},{"@type":"Person","@id":"https:\/\/fjala.info\/2009-2015\/#\/schema\/person\/3aa1163ef05469c496fc94e77611ada2","name":"admin","image":{"@type":"ImageObject","inLanguage":"sq-AL","@id":"https:\/\/fjala.info\/2009-2015\/wp-content\/uploads\/2012\/02\/arben_cokaj-120x150.jpg","url":"https:\/\/fjala.info\/2009-2015\/wp-content\/uploads\/2012\/02\/arben_cokaj-120x150.jpg","contentUrl":"https:\/\/fjala.info\/2009-2015\/wp-content\/uploads\/2012\/02\/arben_cokaj-120x150.jpg","caption":"admin"},"description":"Admin, Fjala e Lir\u00eb","sameAs":["https:\/\/fjala.info\/"],"url":"https:\/\/fjala.info\/2009-2015\/author\/admin\/"}]}},"_links":{"self":[{"href":"https:\/\/fjala.info\/2009-2015\/wp-json\/wp\/v2\/posts\/2045","targetHints":{"allow":["GET"]}}],"collection":[{"href":"https:\/\/fjala.info\/2009-2015\/wp-json\/wp\/v2\/posts"}],"about":[{"href":"https:\/\/fjala.info\/2009-2015\/wp-json\/wp\/v2\/types\/post"}],"author":[{"embeddable":true,"href":"https:\/\/fjala.info\/2009-2015\/wp-json\/wp\/v2\/users\/1"}],"replies":[{"embeddable":true,"href":"https:\/\/fjala.info\/2009-2015\/wp-json\/wp\/v2\/comments?post=2045"}],"version-history":[{"count":0,"href":"https:\/\/fjala.info\/2009-2015\/wp-json\/wp\/v2\/posts\/2045\/revisions"}],"wp:attachment":[{"href":"https:\/\/fjala.info\/2009-2015\/wp-json\/wp\/v2\/media?parent=2045"}],"wp:term":[{"taxonomy":"category","embeddable":true,"href":"https:\/\/fjala.info\/2009-2015\/wp-json\/wp\/v2\/categories?post=2045"},{"taxonomy":"post_tag","embeddable":true,"href":"https:\/\/fjala.info\/2009-2015\/wp-json\/wp\/v2\/tags?post=2045"}],"curies":[{"name":"wp","href":"https:\/\/api.w.org\/{rel}","templated":true}]}}