{"id":204,"date":"2011-11-17T07:15:06","date_gmt":"2011-11-17T06:15:06","guid":{"rendered":"http:\/\/fjala.shkoder.net\/?p=204"},"modified":"2011-11-17T07:15:06","modified_gmt":"2011-11-17T06:15:06","slug":"sa-gjasa-ka-te-behet-nje-koalicion-ps-lsi","status":"publish","type":"post","link":"https:\/\/fjala.info\/2009-2015\/sa-gjasa-ka-te-behet-nje-koalicion-ps-lsi\/","title":{"rendered":"Sa gjasa ka t\u00eb b\u00ebhet nj\u00eb koalicion PS-LSI?"},"content":{"rendered":"<p><img decoding=\"async\" class=\"alignleft size-thumbnail wp-image-7236\" title=\"Mustafa Nano\" src=\"http:\/\/www.shkoder.net\/images\/fjala\/mustafa_nano.jpg\" alt=\"\" width=\"150\" \/> <strong>Mustafa Nano<\/strong>, <em>16.11.2011<\/em><\/p>\n<p>N\u00eb intervist\u00ebn e tij p\u00ebr t\u00eb p\u00ebrditshmen \u201cMapo\u201d, teksa pyetej n\u00eb fund mbi nj\u00eb koalicion t\u00eb mundsh\u00ebm PS-LSI, Fatmir Xhafaj, sekretar ligjor i partis\u00eb (do t\u00eb ishte mir\u00eb t\u00eb gjenin nj\u00eb em\u00ebrtim tjet\u00ebr p\u00ebr k\u00ebt\u00eb post partiak; \u2018sekretar ligjor\u2019 duket si nj\u00eb gjetje e b\u00ebr\u00eb n\u00eb ngut e sip\u00ebr), nuk linte asgj\u00eb p\u00ebr t\u2019u n\u00ebnkuptuar apo interpretuar. Ishte i qart\u00eb si kurr\u00eb m\u00eb par\u00eb e si asnj\u00eb tjet\u00ebr mes t\u00eb vet\u00ebve. Po e citoj n\u00eb m\u00ebnyr\u00eb t\u00eb plot\u00eb: \u201cKjo logjik\u00eb [e koalicionit me LSI-n\u00eb] m\u00eb duket e drejt\u00eb kur nuk flitet p\u00ebr krushqi personale, p\u00ebr pazare emrash, personash, por p\u00ebr raporte organizatash e grupesh politike q\u00eb kan\u00eb pas tyre njer\u00ebz dhe votues q\u00eb k\u00ebrkojn\u00eb nj\u00eb qeverisje ndryshe. Ca m\u00eb shum\u00eb kur b\u00ebhet fjal\u00eb p\u00ebr simpatizant\u00eb e votues q\u00eb i p\u00ebrkasin t\u00eb nj\u00ebjtit krahu politik. N\u00eb politik\u00eb dhe p\u00ebr m\u00eb tep\u00ebr n\u00eb realitetin e politik\u00ebs shqiptare ka r\u00ebnd\u00ebsi p\u00ebrcaktimi i prioriteteve.<\/p>\n<p>Personalisht nuk di t\u00eb ket\u00eb prioritet m\u00eb t\u00eb madh se largimi i Sali Berish\u00ebs nj\u00eb or\u00eb e m\u00eb par\u00eb nga qeverisja e vendit. Kjo \u00ebsht\u00eb tashm\u00eb nj\u00eb detyr\u00eb patriotike p\u00ebr cilindo q\u00eb pranon se vendi po rr\u00ebshqet \u00e7do dit\u00eb n\u00eb humner\u00ebn e kriz\u00ebs ekonomike, kriz\u00ebs s\u00eb demokracis\u00eb dhe shtetit t\u00eb s\u00eb drejt\u00ebs. Rreth k\u00ebtij prioriteti duhet t\u00eb bashkohemi t\u00eb gjith\u00eb. Keqqeverisja e Sali Berish\u00ebs po d\u00ebmton edhe socialist\u00ebt, edhe demokrat\u00ebt, edhe LSI-st\u00ebt, edhe mbrojt\u00ebsit e t\u00eb drejtave t\u00eb njeriut, edhe socialdemokrat\u00ebt, \u00e7am\u00ebt, demokristian\u00ebt, republikan\u00ebt apo legalist\u00ebt. Ajo po d\u00ebmton vendin duke e \u00e7uar at\u00eb drejt nj\u00eb pike t\u00eb mezikthyeshme. Ky alarm nuk e pranon arsyetimin e llogoreve partiake, apo rreshtimin strikt p\u00ebr ngjyrat e programeve. Ky \u00ebsht\u00eb q\u00ebndrim patriotik ndaj fateve t\u00eb vendit.\u201d<\/p>\n<p>Ky \u00ebsht\u00eb nj\u00eb mesazh pra q\u00eb \u00ebsht\u00eb p\u00ebrcjell\u00eb edhe nga t\u00eb tjer\u00eb, ndon\u00ebse \u2013 p\u00ebrs\u00ebris \u2013 jo kaq qart\u00eb. P\u00ebrve\u00e7 k\u00ebsaj, ka koh\u00eb, ndoshta muaj t\u00eb t\u00ebr\u00eb, q\u00eb socialist\u00ebt e kan\u00eb pushuar luft\u00ebn kund\u00ebr LSI-s\u00eb e Ilir Met\u00ebs. Edhe njer\u00ebz q\u00eb aty brenda kan\u00eb mentalitetin e fajkoit, apo t\u00eb tjer\u00eb q\u00eb nuk para i p\u00eblqejn\u00eb kompromiset e b\u00ebra mbi kurrizin e kredove morale q\u00eb mund t\u00eb ken\u00eb, kan\u00eb heshtur po nj\u00ebsoj. Ndonj\u00eb sulm q\u00eb b\u00ebhet kund\u00ebr LSI-s\u00eb mbulohet e maskohet n\u00eb \u201csulmin e madh\u201d kund\u00ebr mazhoranc\u00ebs e qeveris\u00eb. Nd\u00ebrsa nisma e ligj\u00ebrime publike q\u00eb kan\u00eb p\u00ebr target LSI-n\u00eb nuk para t\u00eb sheh syri.<\/p>\n<p>PS-ja pati nj\u00eb kongres t\u00eb bujsh\u00ebm, t\u00eb komentuar nga shum\u00eb drejtime si t\u00eb suksessh\u00ebm, dhe aty nuk u d\u00ebgjuan kritika n\u00eb adres\u00eb t\u00eb LSI-s\u00eb. Kryetari Rama foli mbi nj\u00eb or\u00eb, dhe p\u00ebrmendi disa her\u00eb Berish\u00ebn, por n\u00eb asnj\u00eb rresht nuk p\u00ebrmendi ndonj\u00eb aleat t\u00eb tij. N\u00eb frym\u00ebn e tij, apo ndoshta n\u00eb respekt t\u00eb nj\u00eb fryme q\u00eb \u00ebsht\u00eb krijuar tanim\u00eb n\u00eb mjediset e socialist\u00ebve, edhe p\u00ebr t\u00eb tjer\u00ebt mazhoranca ishte baras me PD-n\u00eb e me Berish\u00ebn n\u00eb at\u00eb kongres.<\/p>\n<p>P\u00ebr ata q\u00eb nuk besojn\u00eb se k\u00ebto jan\u00eb prova t\u00eb qarta t\u00eb nj\u00eb detante, ka dhe nj\u00eb prov\u00eb tjet\u00ebr. Qysh nga momenti q\u00eb ka nisur gjyqi, ku Ilir Meta \u00ebsht\u00eb i akuzuar p\u00ebr tangjente t\u00eb k\u00ebrkuara apo t\u00eb shp\u00ebrndara, \u00ebsht\u00eb v\u00ebn\u00eb re q\u00eb socialist\u00ebt kan\u00eb b\u00ebr\u00eb sehir. Edhe pse gjyqi duket i pilotuar, dhe gjyqtar\u00ebt t\u00eb futur n\u00eb xhep (me ndonj\u00eb p\u00ebrjashtim), edhe pse ajo q\u00eb po ndodh ngjan me nj\u00eb fars\u00eb, askush nga PS-ja nuk ka ngritur z\u00ebrin p\u00ebr ta denoncuar k\u00ebt\u00eb situat\u00eb. Dikush ka l\u00ebn\u00eb t\u00eb kuptohet se \u201cnuk po e ngrem\u00eb z\u00ebrin, pasi jan\u00eb institucionet q\u00eb duhet t\u00eb flasin tani\u201d.<\/p>\n<p>Nuk kan\u00eb folur pra, ngaq\u00eb kan\u00eb medemek respekt p\u00ebr institucionet e drejt\u00ebsis\u00eb. Kjo af\u00ebrmendsh nuk hahet nga askush. T\u00eb gjith\u00eb e dim\u00eb se, sikur ky gjyq t\u00eb zhvillohej ca muaj m\u00eb par\u00eb, gjyqtar\u00ebt e Gjykat\u00ebs s\u00eb Lart\u00eb do t\u00eb kryq\u00ebzoheshin e do t\u00eb denigroheshin faqe bot\u00ebs. T\u00eb ish ndryshe, Rama sot nuk do t\u2019u v\u00ebrsulej gjykatave p\u00ebr d\u00ebnimet q\u00eb u kan\u00eb dh\u00ebn\u00eb deputet\u00ebve me akuz\u00ebn si shpif\u00ebs. Dhe e bukura \u00ebsht\u00eb q\u00eb, megjith\u00ebse foli p\u00ebr gjyqtar\u00ebt e bler\u00eb nga pushteti, nuk i zuri n\u00eb goj\u00eb ata t\u00eb Gjykat\u00ebs s\u00eb Lart\u00eb. As gjyqin e Met\u00ebs.<\/p>\n<p>\u00c7far\u00eb po ndodh? Duket se socialist\u00ebt po b\u00ebhen m\u00eb praktik\u00eb. Ata po marrin masa p\u00ebr zgjedhjet e ardhshme, gj\u00eb q\u00eb duket dhe te rikompakt\u00ebsimi i forcave nga brenda, te fokusimi n\u00eb koh\u00eb mbi reform\u00ebn zgjedhore, te n\u00ebnvizimi programor i opozicionit q\u00eb po b\u00ebjn\u00eb etj., por t\u00eb gjitha k\u00ebto jan\u00eb thjesht ca garanci m\u00eb shum\u00eb, e jo garanci absolute p\u00ebr fitoren. Garancit\u00eb absolute vijn\u00eb prej llogarive aritmetike. Dhe aritmetika thot\u00eb se nj\u00eb koalicion PS-LSI e d\u00ebrrmon Berish\u00ebn.<\/p>\n<p>\u00cbsht\u00eb i mundur nj\u00eb koalicion i till\u00eb para zgjedhjeve? N\u00eb fakt, ca muaj m\u00eb par\u00eb ka qen\u00eb krejt i pamenduesh\u00ebm, nd\u00ebrsa tani shihet si nj\u00eb gj\u00eb jo edhe aq e leht\u00eb. Ka qen\u00eb kjo detant\u00eb mes dy partive q\u00eb ka b\u00ebr\u00eb q\u00eb gj\u00ebja e pamundur t\u00eb shihet tanim\u00eb si nj\u00eb gj\u00eb e v\u00ebshtir\u00eb. Dhe kalimi nga gj\u00ebja e pamundur te gj\u00ebja e v\u00ebshtir\u00eb \u00ebsht\u00eb m\u00eb i mundimsh\u00ebm se sa kalimi nga gj\u00ebja e v\u00ebshtir\u00eb te gj\u00ebja e mundur.<\/p>\n<p>Vihet re kollaj q\u00eb n\u00eb k\u00ebt\u00eb analiz\u00eb po refuzoj t\u00eb merrem me pyetjen: a \u00ebsht\u00eb e udh\u00ebs t\u00eb b\u00ebhet nj\u00eb koalicion i till\u00eb; thjesht po p\u00ebrpiqem t\u00eb gjej nj\u00eb p\u00ebrgjigje p\u00ebr pyetjen: a \u00ebsht\u00eb e mundur? E n\u00eb k\u00ebt\u00eb kuptim, duhen k\u00ebrkuar pak edhe arsyet e LSI-s\u00eb p\u00ebr t\u00eb nd\u00ebrruar krah. Mendohet se nuk ka arsye t\u00eb tilla, por n\u00eb fakt ka. Dhe kuptohet q\u00eb nuk jan\u00eb t\u00eb natyr\u00ebs ideologjike, programore etj., (Ilir Meta nuk i fut fare variabla t\u00eb till\u00eb n\u00eb arsyetimet e veta). Duket qart\u00eb se Ilir Meta nuk ndihet mir\u00eb n\u00eb k\u00ebt\u00eb koalicion.<\/p>\n<p>Sali Berisha ka ndar\u00eb byrekun, dhe i ka l\u00ebn\u00eb atij pjes\u00ebn e vet, por puna \u00ebsht\u00eb se ish-kryeministri socialist k\u00ebrkon di\u00e7ka m\u00eb tep\u00ebr se sa kaq. Ai k\u00ebrkon t\u00eb ket\u00eb ndikim politik n\u00eb mazhoranc\u00eb, rrjedhimisht n\u00eb vend. Dhe me Berish\u00ebn k\u00ebt\u00eb ndikim nuk e ka. Meta kurr\u00eb m\u00eb par\u00eb nuk ka qen\u00eb kaq pa z\u00eb n\u00eb sken\u00ebn politike dhe mes ambasador\u00ebve e nd\u00ebrkomb\u00ebtar\u00ebve. Kjo vjen prej natyr\u00ebs s\u00eb paktit t\u00eb heshtur q\u00eb ka lidhur me Berish\u00ebn, i cili e ka l\u00ebn\u00eb at\u00eb t\u00eb kuptoj\u00eb, se \u201cmund t\u00eb b\u00ebj\u00eb \u00e7\u2019t\u00eb doj\u00eb me pjes\u00ebn e byrekut, por e ka t\u00eb ndaluar t\u00eb ket\u00eb z\u00eb e t\u00eb thot\u00eb \u2018jo\u2019 p\u00ebr ndonj\u00eb gj\u00eb\u201d. Meta n\u00eb k\u00ebt\u00eb koalicion nuk ka pasur e nuk ka ndonj\u00eb ndryshim nga Astrit Patozi.<\/p>\n<p>Arsyeja e dyt\u00eb mund t\u00eb ket\u00eb t\u00eb b\u00ebj\u00eb me faktin q\u00eb nj\u00eb ikje e Berish\u00ebs n\u00eb p\u00ebrfundim t\u00eb mandatit t\u00eb dyt\u00eb \u00ebsht\u00eb nj\u00eb gj\u00eb logjike, prandaj dhe e sponsorizueshme, n\u00eb mos e sponsorizuar, nga nd\u00ebrkomb\u00ebtar\u00ebt. Mendja ta thot\u00eb se n\u00eb gar\u00ebn e ardhshme mes Ram\u00ebs e Berish\u00ebs, era ka p\u00ebr t\u00eb fryr\u00eb n\u00eb favor t\u00eb t\u00eb parit. Dhe Meta \u00ebsht\u00eb n\u00eb situat\u00ebn q\u00eb i duhet t\u00eb shkoj\u00eb andej nga fryn era.<br \/>\nArsyeja e tret\u00eb ka t\u00eb b\u00ebj\u00eb me nj\u00eb feeling \u201ckulturor\u201d q\u00eb ai ka me krahun tjet\u00ebr, at\u00eb t\u00eb socialist\u00ebve. Un\u00eb nuk njoh PS-ist m\u00eb t\u00eb p\u00ebrsosur se sa Ilir Meta.<\/p>\n<p>Nuk mund t\u00eb mohohet q\u00eb ka edhe arsye t\u00eb mira p\u00ebr t\u00eb q\u00ebndruar aty ku \u00ebsht\u00eb, por fakti q\u00eb edhe ai ka adoptuar politik\u00ebn e \u201cjo sulmit\u201d ndaj socialist\u00ebve do t\u00eb thot\u00eb se nj\u00eb koalicion me ta \u00ebsht\u00eb duke e \u00e7uar n\u00ebp\u00ebr mendje. Do duhej ndoshta nj\u00eb negociator i besuesh\u00ebm dhe nj\u00eb moment i p\u00ebrshtatsh\u00ebm, q\u00eb ta b\u00ebnte Ram\u00ebn t\u00eb b\u00ebhej tok me Met\u00ebn, dhe anasjelltas. Por n\u00eb k\u00ebt\u00eb mes do t\u00eb ish gabim t\u00eb mendohej se negociatori do t\u00eb mund t\u00eb gjendej m\u00eb leht\u00eb se sa momenti i p\u00ebrshtatsh\u00ebm. Jo, ata kan\u00eb nevoj\u00eb m\u00eb shum\u00eb se p\u00ebr \u00e7do gj\u00eb tjet\u00ebr p\u00ebr nj\u00eb nd\u00ebrmjet\u00ebs serioz e t\u00eb besuesh\u00ebm, por cili \u00ebsht\u00eb ai njeri q\u00eb pranon t\u00eb l\u00ebr\u00eb reputacionin e besueshm\u00ebrin\u00eb e vet peng t\u00eb loj\u00ebrave t\u00eb njer\u00ebzve t\u00eb till\u00eb, t\u00eb cil\u00ebt e vetmja gj\u00eb q\u00eb din\u00eb t\u00eb b\u00ebjn\u00eb \u00ebsht\u00eb t\u00eb dyshojn\u00eb te sho-shoqi e t\u2019ia dredhin nj\u00ebri-tjetrit?<\/p>\n","protected":false},"excerpt":{"rendered":"<p>Mustafa Nano, 16.11.2011 N\u00eb intervist\u00ebn e tij p\u00ebr t\u00eb p\u00ebrditshmen \u201cMapo\u201d, teksa pyetej n\u00eb fund mbi nj\u00eb koalicion t\u00eb mundsh\u00ebm PS-LSI, Fatmir Xhafaj, sekretar ligjor i partis\u00eb (do t\u00eb ishte mir\u00eb t\u00eb gjenin nj\u00eb em\u00ebrtim tjet\u00ebr p\u00ebr k\u00ebt\u00eb post partiak; \u2018sekretar ligjor\u2019 duket si nj\u00eb gjetje e b\u00ebr\u00eb n\u00eb ngut e sip\u00ebr), nuk linte asgj\u00eb [&hellip;]<\/p>\n","protected":false},"author":1,"featured_media":0,"comment_status":"open","ping_status":"closed","sticky":false,"template":"","format":"standard","meta":{"footnotes":""},"categories":[2],"tags":[],"class_list":{"0":"post-204","1":"post","2":"type-post","3":"status-publish","4":"format-standard","6":"category-artikuj"},"yoast_head":"<!-- This site is optimized with the Yoast SEO plugin v27.4 - https:\/\/yoast.com\/product\/yoast-seo-wordpress\/ -->\n<title>Sa gjasa ka t\u00eb b\u00ebhet nj\u00eb koalicion PS-LSI? - FjALA e LIR\u00cb - Arkivi<\/title>\n<meta name=\"robots\" content=\"index, follow, max-snippet:-1, max-image-preview:large, max-video-preview:-1\" \/>\n<link rel=\"canonical\" href=\"https:\/\/fjala.info\/2009-2015\/sa-gjasa-ka-te-behet-nje-koalicion-ps-lsi\/\" \/>\n<meta property=\"og:locale\" content=\"sq_AL\" \/>\n<meta property=\"og:type\" content=\"article\" \/>\n<meta property=\"og:title\" content=\"Sa gjasa ka t\u00eb b\u00ebhet nj\u00eb koalicion PS-LSI? - FjALA e LIR\u00cb - Arkivi\" \/>\n<meta property=\"og:description\" content=\"Mustafa Nano, 16.11.2011 N\u00eb intervist\u00ebn e tij p\u00ebr t\u00eb p\u00ebrditshmen \u201cMapo\u201d, teksa pyetej n\u00eb fund mbi nj\u00eb koalicion t\u00eb mundsh\u00ebm PS-LSI, Fatmir Xhafaj, sekretar ligjor i partis\u00eb (do t\u00eb ishte mir\u00eb t\u00eb gjenin nj\u00eb em\u00ebrtim tjet\u00ebr p\u00ebr k\u00ebt\u00eb post partiak; \u2018sekretar ligjor\u2019 duket si nj\u00eb gjetje e b\u00ebr\u00eb n\u00eb ngut e sip\u00ebr), nuk linte asgj\u00eb [&hellip;]\" \/>\n<meta property=\"og:url\" content=\"https:\/\/fjala.info\/2009-2015\/sa-gjasa-ka-te-behet-nje-koalicion-ps-lsi\/\" \/>\n<meta property=\"og:site_name\" content=\"FjALA e LIR\u00cb - Arkivi\" \/>\n<meta property=\"article:published_time\" content=\"2011-11-17T06:15:06+00:00\" \/>\n<meta property=\"og:image\" content=\"http:\/\/www.shkoder.net\/images\/fjala\/mustafa_nano.jpg\" \/>\n<meta name=\"author\" content=\"admin\" \/>\n<meta name=\"twitter:card\" content=\"summary_large_image\" \/>\n<meta name=\"twitter:label1\" content=\"Written by\" \/>\n\t<meta name=\"twitter:data1\" content=\"admin\" \/>\n\t<meta name=\"twitter:label2\" content=\"Est. reading time\" \/>\n\t<meta name=\"twitter:data2\" content=\"7 minutes\" \/>\n<script type=\"application\/ld+json\" class=\"yoast-schema-graph\">{\"@context\":\"https:\\\/\\\/schema.org\",\"@graph\":[{\"@type\":\"Article\",\"@id\":\"https:\\\/\\\/fjala.info\\\/2009-2015\\\/sa-gjasa-ka-te-behet-nje-koalicion-ps-lsi\\\/#article\",\"isPartOf\":{\"@id\":\"https:\\\/\\\/fjala.info\\\/2009-2015\\\/sa-gjasa-ka-te-behet-nje-koalicion-ps-lsi\\\/\"},\"author\":{\"name\":\"admin\",\"@id\":\"https:\\\/\\\/fjala.info\\\/2009-2015\\\/#\\\/schema\\\/person\\\/3aa1163ef05469c496fc94e77611ada2\"},\"headline\":\"Sa gjasa ka t\u00eb b\u00ebhet nj\u00eb koalicion PS-LSI?\",\"datePublished\":\"2011-11-17T06:15:06+00:00\",\"mainEntityOfPage\":{\"@id\":\"https:\\\/\\\/fjala.info\\\/2009-2015\\\/sa-gjasa-ka-te-behet-nje-koalicion-ps-lsi\\\/\"},\"wordCount\":1505,\"commentCount\":0,\"publisher\":{\"@id\":\"https:\\\/\\\/fjala.info\\\/2009-2015\\\/#organization\"},\"image\":{\"@id\":\"https:\\\/\\\/fjala.info\\\/2009-2015\\\/sa-gjasa-ka-te-behet-nje-koalicion-ps-lsi\\\/#primaryimage\"},\"thumbnailUrl\":\"http:\\\/\\\/www.shkoder.net\\\/images\\\/fjala\\\/mustafa_nano.jpg\",\"articleSection\":[\"Artikuj\"],\"inLanguage\":\"sq-AL\",\"potentialAction\":[{\"@type\":\"CommentAction\",\"name\":\"Comment\",\"target\":[\"https:\\\/\\\/fjala.info\\\/2009-2015\\\/sa-gjasa-ka-te-behet-nje-koalicion-ps-lsi\\\/#respond\"]}]},{\"@type\":\"WebPage\",\"@id\":\"https:\\\/\\\/fjala.info\\\/2009-2015\\\/sa-gjasa-ka-te-behet-nje-koalicion-ps-lsi\\\/\",\"url\":\"https:\\\/\\\/fjala.info\\\/2009-2015\\\/sa-gjasa-ka-te-behet-nje-koalicion-ps-lsi\\\/\",\"name\":\"Sa gjasa ka t\u00eb b\u00ebhet nj\u00eb koalicion PS-LSI? - FjALA e LIR\u00cb - Arkivi\",\"isPartOf\":{\"@id\":\"https:\\\/\\\/fjala.info\\\/2009-2015\\\/#website\"},\"primaryImageOfPage\":{\"@id\":\"https:\\\/\\\/fjala.info\\\/2009-2015\\\/sa-gjasa-ka-te-behet-nje-koalicion-ps-lsi\\\/#primaryimage\"},\"image\":{\"@id\":\"https:\\\/\\\/fjala.info\\\/2009-2015\\\/sa-gjasa-ka-te-behet-nje-koalicion-ps-lsi\\\/#primaryimage\"},\"thumbnailUrl\":\"http:\\\/\\\/www.shkoder.net\\\/images\\\/fjala\\\/mustafa_nano.jpg\",\"datePublished\":\"2011-11-17T06:15:06+00:00\",\"breadcrumb\":{\"@id\":\"https:\\\/\\\/fjala.info\\\/2009-2015\\\/sa-gjasa-ka-te-behet-nje-koalicion-ps-lsi\\\/#breadcrumb\"},\"inLanguage\":\"sq-AL\",\"potentialAction\":[{\"@type\":\"ReadAction\",\"target\":[\"https:\\\/\\\/fjala.info\\\/2009-2015\\\/sa-gjasa-ka-te-behet-nje-koalicion-ps-lsi\\\/\"]}]},{\"@type\":\"ImageObject\",\"inLanguage\":\"sq-AL\",\"@id\":\"https:\\\/\\\/fjala.info\\\/2009-2015\\\/sa-gjasa-ka-te-behet-nje-koalicion-ps-lsi\\\/#primaryimage\",\"url\":\"http:\\\/\\\/www.shkoder.net\\\/images\\\/fjala\\\/mustafa_nano.jpg\",\"contentUrl\":\"http:\\\/\\\/www.shkoder.net\\\/images\\\/fjala\\\/mustafa_nano.jpg\"},{\"@type\":\"BreadcrumbList\",\"@id\":\"https:\\\/\\\/fjala.info\\\/2009-2015\\\/sa-gjasa-ka-te-behet-nje-koalicion-ps-lsi\\\/#breadcrumb\",\"itemListElement\":[{\"@type\":\"ListItem\",\"position\":1,\"name\":\"Home\",\"item\":\"https:\\\/\\\/fjala.info\\\/2009-2015\\\/\"},{\"@type\":\"ListItem\",\"position\":2,\"name\":\"Sa gjasa ka t\u00eb b\u00ebhet nj\u00eb koalicion PS-LSI?\"}]},{\"@type\":\"WebSite\",\"@id\":\"https:\\\/\\\/fjala.info\\\/2009-2015\\\/#website\",\"url\":\"https:\\\/\\\/fjala.info\\\/2009-2015\\\/\",\"name\":\"FjALA e LIR\u00cb - Arkivi\",\"description\":\"Arkivi 2009-2015\",\"publisher\":{\"@id\":\"https:\\\/\\\/fjala.info\\\/2009-2015\\\/#organization\"},\"potentialAction\":[{\"@type\":\"SearchAction\",\"target\":{\"@type\":\"EntryPoint\",\"urlTemplate\":\"https:\\\/\\\/fjala.info\\\/2009-2015\\\/?s={search_term_string}\"},\"query-input\":{\"@type\":\"PropertyValueSpecification\",\"valueRequired\":true,\"valueName\":\"search_term_string\"}}],\"inLanguage\":\"sq-AL\"},{\"@type\":\"Organization\",\"@id\":\"https:\\\/\\\/fjala.info\\\/2009-2015\\\/#organization\",\"name\":\"FjALA e LIR\u00cb - Arkivi\",\"url\":\"https:\\\/\\\/fjala.info\\\/2009-2015\\\/\",\"logo\":{\"@type\":\"ImageObject\",\"inLanguage\":\"sq-AL\",\"@id\":\"https:\\\/\\\/fjala.info\\\/2009-2015\\\/#\\\/schema\\\/logo\\\/image\\\/\",\"url\":\"\",\"contentUrl\":\"\",\"caption\":\"FjALA e LIR\u00cb - Arkivi\"},\"image\":{\"@id\":\"https:\\\/\\\/fjala.info\\\/2009-2015\\\/#\\\/schema\\\/logo\\\/image\\\/\"}},{\"@type\":\"Person\",\"@id\":\"https:\\\/\\\/fjala.info\\\/2009-2015\\\/#\\\/schema\\\/person\\\/3aa1163ef05469c496fc94e77611ada2\",\"name\":\"admin\",\"image\":{\"@type\":\"ImageObject\",\"inLanguage\":\"sq-AL\",\"@id\":\"https:\\\/\\\/fjala.info\\\/2009-2015\\\/wp-content\\\/uploads\\\/2012\\\/02\\\/arben_cokaj-120x150.jpg\",\"url\":\"https:\\\/\\\/fjala.info\\\/2009-2015\\\/wp-content\\\/uploads\\\/2012\\\/02\\\/arben_cokaj-120x150.jpg\",\"contentUrl\":\"https:\\\/\\\/fjala.info\\\/2009-2015\\\/wp-content\\\/uploads\\\/2012\\\/02\\\/arben_cokaj-120x150.jpg\",\"caption\":\"admin\"},\"description\":\"Admin, Fjala e Lir\u00eb\",\"sameAs\":[\"https:\\\/\\\/fjala.info\\\/\"],\"url\":\"https:\\\/\\\/fjala.info\\\/2009-2015\\\/author\\\/admin\\\/\"}]}<\/script>\n<!-- \/ Yoast SEO plugin. -->","yoast_head_json":{"title":"Sa gjasa ka t\u00eb b\u00ebhet nj\u00eb koalicion PS-LSI? - FjALA e LIR\u00cb - Arkivi","robots":{"index":"index","follow":"follow","max-snippet":"max-snippet:-1","max-image-preview":"max-image-preview:large","max-video-preview":"max-video-preview:-1"},"canonical":"https:\/\/fjala.info\/2009-2015\/sa-gjasa-ka-te-behet-nje-koalicion-ps-lsi\/","og_locale":"sq_AL","og_type":"article","og_title":"Sa gjasa ka t\u00eb b\u00ebhet nj\u00eb koalicion PS-LSI? - FjALA e LIR\u00cb - Arkivi","og_description":"Mustafa Nano, 16.11.2011 N\u00eb intervist\u00ebn e tij p\u00ebr t\u00eb p\u00ebrditshmen \u201cMapo\u201d, teksa pyetej n\u00eb fund mbi nj\u00eb koalicion t\u00eb mundsh\u00ebm PS-LSI, Fatmir Xhafaj, sekretar ligjor i partis\u00eb (do t\u00eb ishte mir\u00eb t\u00eb gjenin nj\u00eb em\u00ebrtim tjet\u00ebr p\u00ebr k\u00ebt\u00eb post partiak; \u2018sekretar ligjor\u2019 duket si nj\u00eb gjetje e b\u00ebr\u00eb n\u00eb ngut e sip\u00ebr), nuk linte asgj\u00eb [&hellip;]","og_url":"https:\/\/fjala.info\/2009-2015\/sa-gjasa-ka-te-behet-nje-koalicion-ps-lsi\/","og_site_name":"FjALA e LIR\u00cb - Arkivi","article_published_time":"2011-11-17T06:15:06+00:00","og_image":[{"url":"http:\/\/www.shkoder.net\/images\/fjala\/mustafa_nano.jpg","type":"","width":"","height":""}],"author":"admin","twitter_card":"summary_large_image","twitter_misc":{"Written by":"admin","Est. reading time":"7 minutes"},"schema":{"@context":"https:\/\/schema.org","@graph":[{"@type":"Article","@id":"https:\/\/fjala.info\/2009-2015\/sa-gjasa-ka-te-behet-nje-koalicion-ps-lsi\/#article","isPartOf":{"@id":"https:\/\/fjala.info\/2009-2015\/sa-gjasa-ka-te-behet-nje-koalicion-ps-lsi\/"},"author":{"name":"admin","@id":"https:\/\/fjala.info\/2009-2015\/#\/schema\/person\/3aa1163ef05469c496fc94e77611ada2"},"headline":"Sa gjasa ka t\u00eb b\u00ebhet nj\u00eb koalicion PS-LSI?","datePublished":"2011-11-17T06:15:06+00:00","mainEntityOfPage":{"@id":"https:\/\/fjala.info\/2009-2015\/sa-gjasa-ka-te-behet-nje-koalicion-ps-lsi\/"},"wordCount":1505,"commentCount":0,"publisher":{"@id":"https:\/\/fjala.info\/2009-2015\/#organization"},"image":{"@id":"https:\/\/fjala.info\/2009-2015\/sa-gjasa-ka-te-behet-nje-koalicion-ps-lsi\/#primaryimage"},"thumbnailUrl":"http:\/\/www.shkoder.net\/images\/fjala\/mustafa_nano.jpg","articleSection":["Artikuj"],"inLanguage":"sq-AL","potentialAction":[{"@type":"CommentAction","name":"Comment","target":["https:\/\/fjala.info\/2009-2015\/sa-gjasa-ka-te-behet-nje-koalicion-ps-lsi\/#respond"]}]},{"@type":"WebPage","@id":"https:\/\/fjala.info\/2009-2015\/sa-gjasa-ka-te-behet-nje-koalicion-ps-lsi\/","url":"https:\/\/fjala.info\/2009-2015\/sa-gjasa-ka-te-behet-nje-koalicion-ps-lsi\/","name":"Sa gjasa ka t\u00eb b\u00ebhet nj\u00eb koalicion PS-LSI? - FjALA e LIR\u00cb - Arkivi","isPartOf":{"@id":"https:\/\/fjala.info\/2009-2015\/#website"},"primaryImageOfPage":{"@id":"https:\/\/fjala.info\/2009-2015\/sa-gjasa-ka-te-behet-nje-koalicion-ps-lsi\/#primaryimage"},"image":{"@id":"https:\/\/fjala.info\/2009-2015\/sa-gjasa-ka-te-behet-nje-koalicion-ps-lsi\/#primaryimage"},"thumbnailUrl":"http:\/\/www.shkoder.net\/images\/fjala\/mustafa_nano.jpg","datePublished":"2011-11-17T06:15:06+00:00","breadcrumb":{"@id":"https:\/\/fjala.info\/2009-2015\/sa-gjasa-ka-te-behet-nje-koalicion-ps-lsi\/#breadcrumb"},"inLanguage":"sq-AL","potentialAction":[{"@type":"ReadAction","target":["https:\/\/fjala.info\/2009-2015\/sa-gjasa-ka-te-behet-nje-koalicion-ps-lsi\/"]}]},{"@type":"ImageObject","inLanguage":"sq-AL","@id":"https:\/\/fjala.info\/2009-2015\/sa-gjasa-ka-te-behet-nje-koalicion-ps-lsi\/#primaryimage","url":"http:\/\/www.shkoder.net\/images\/fjala\/mustafa_nano.jpg","contentUrl":"http:\/\/www.shkoder.net\/images\/fjala\/mustafa_nano.jpg"},{"@type":"BreadcrumbList","@id":"https:\/\/fjala.info\/2009-2015\/sa-gjasa-ka-te-behet-nje-koalicion-ps-lsi\/#breadcrumb","itemListElement":[{"@type":"ListItem","position":1,"name":"Home","item":"https:\/\/fjala.info\/2009-2015\/"},{"@type":"ListItem","position":2,"name":"Sa gjasa ka t\u00eb b\u00ebhet nj\u00eb koalicion PS-LSI?"}]},{"@type":"WebSite","@id":"https:\/\/fjala.info\/2009-2015\/#website","url":"https:\/\/fjala.info\/2009-2015\/","name":"FjALA e LIR\u00cb - Arkivi","description":"Arkivi 2009-2015","publisher":{"@id":"https:\/\/fjala.info\/2009-2015\/#organization"},"potentialAction":[{"@type":"SearchAction","target":{"@type":"EntryPoint","urlTemplate":"https:\/\/fjala.info\/2009-2015\/?s={search_term_string}"},"query-input":{"@type":"PropertyValueSpecification","valueRequired":true,"valueName":"search_term_string"}}],"inLanguage":"sq-AL"},{"@type":"Organization","@id":"https:\/\/fjala.info\/2009-2015\/#organization","name":"FjALA e LIR\u00cb - Arkivi","url":"https:\/\/fjala.info\/2009-2015\/","logo":{"@type":"ImageObject","inLanguage":"sq-AL","@id":"https:\/\/fjala.info\/2009-2015\/#\/schema\/logo\/image\/","url":"","contentUrl":"","caption":"FjALA e LIR\u00cb - Arkivi"},"image":{"@id":"https:\/\/fjala.info\/2009-2015\/#\/schema\/logo\/image\/"}},{"@type":"Person","@id":"https:\/\/fjala.info\/2009-2015\/#\/schema\/person\/3aa1163ef05469c496fc94e77611ada2","name":"admin","image":{"@type":"ImageObject","inLanguage":"sq-AL","@id":"https:\/\/fjala.info\/2009-2015\/wp-content\/uploads\/2012\/02\/arben_cokaj-120x150.jpg","url":"https:\/\/fjala.info\/2009-2015\/wp-content\/uploads\/2012\/02\/arben_cokaj-120x150.jpg","contentUrl":"https:\/\/fjala.info\/2009-2015\/wp-content\/uploads\/2012\/02\/arben_cokaj-120x150.jpg","caption":"admin"},"description":"Admin, Fjala e Lir\u00eb","sameAs":["https:\/\/fjala.info\/"],"url":"https:\/\/fjala.info\/2009-2015\/author\/admin\/"}]}},"_links":{"self":[{"href":"https:\/\/fjala.info\/2009-2015\/wp-json\/wp\/v2\/posts\/204","targetHints":{"allow":["GET"]}}],"collection":[{"href":"https:\/\/fjala.info\/2009-2015\/wp-json\/wp\/v2\/posts"}],"about":[{"href":"https:\/\/fjala.info\/2009-2015\/wp-json\/wp\/v2\/types\/post"}],"author":[{"embeddable":true,"href":"https:\/\/fjala.info\/2009-2015\/wp-json\/wp\/v2\/users\/1"}],"replies":[{"embeddable":true,"href":"https:\/\/fjala.info\/2009-2015\/wp-json\/wp\/v2\/comments?post=204"}],"version-history":[{"count":0,"href":"https:\/\/fjala.info\/2009-2015\/wp-json\/wp\/v2\/posts\/204\/revisions"}],"wp:attachment":[{"href":"https:\/\/fjala.info\/2009-2015\/wp-json\/wp\/v2\/media?parent=204"}],"wp:term":[{"taxonomy":"category","embeddable":true,"href":"https:\/\/fjala.info\/2009-2015\/wp-json\/wp\/v2\/categories?post=204"},{"taxonomy":"post_tag","embeddable":true,"href":"https:\/\/fjala.info\/2009-2015\/wp-json\/wp\/v2\/tags?post=204"}],"curies":[{"name":"wp","href":"https:\/\/api.w.org\/{rel}","templated":true}]}}