{"id":2012,"date":"2012-02-29T11:36:29","date_gmt":"2012-02-29T10:36:29","guid":{"rendered":"http:\/\/fjala.shkoder.net\/?p=2012"},"modified":"2012-02-29T11:36:29","modified_gmt":"2012-02-29T10:36:29","slug":"ish-presidenti-i-fondit-shqiptaro-amerikan-pjese-e-biznesit-per-arin-e-mirdites","status":"publish","type":"post","link":"https:\/\/fjala.info\/2009-2015\/ish-presidenti-i-fondit-shqiptaro-amerikan-pjese-e-biznesit-per-arin-e-mirdites\/","title":{"rendered":"Ish- presidenti i Fondit Shqiptaro-Amerikan, pjes\u00eb e biznesit p\u00ebr arin e Mirdit\u00ebs"},"content":{"rendered":"<p><img decoding=\"async\" class=\"alignleft size-thumbnail wp-image-7236\" title=\"Energold drill\" src=\"http:\/\/www.shkoder.net\/2012\/energold_drill.jpg\" alt=\"\" width=\"300\" \/> <strong>TemA<\/strong>, <em>29 Shkurt 2012<\/em><\/p>\n<p>Ish-shefi ekzekutiv i Fondit t\u00eb Nd\u00ebrmarrjeve Shqiptaro-Amerikane \u00ebsht\u00eb pjes\u00eb e biznesit t\u00eb nj\u00eb kompanie kanadeze q\u00eb ka fituar t\u00eb drejt\u00ebn p\u00ebr k\u00ebrkim dhe shfryt\u00ebzim ari n\u00eb zon\u00ebn e Mirdit\u00ebs.<\/p>\n<p>Para tre dit\u00ebsh, vet\u00eb kompania Tirex Resources njofton se n\u00eb bordin e drejtor\u00ebve t\u00eb kompanis\u00eb q\u00eb ka marr\u00eb minierat e arit n\u00eb Shqip\u00ebri \u00ebsht\u00eb caktuar Jeffrey Griffin, ish- shefi ekzekutiv i Fondit Shqiptaro- Amerikan n\u00eb Shqip\u00ebri.<\/p>\n<p>Ja \u00e7far\u00eb raporton vet\u00eb kompania:<\/p>\n<p>\u201cEskploruesi i mineraleve Tirex Resources ka em\u00ebruar Jeffrey Griffin n\u00eb bordin e drejtor\u00ebve, b\u00ebri t\u00eb ditur t\u00eb premten kompania. Em\u00ebrimi vjen pasi Tirex po kalon nga eksplorimi tek prodhimi i bakrit dhe arit n\u00eb gjasht\u00eb zona n\u00eb rajonin e Mirdit\u00ebs pasi kan\u00eb investuar m\u00eb shum\u00eb se 25 milion dollar\u00eb n\u00eb Shqip\u00ebri n\u00eb pes\u00eb vite. Griffin ka nj\u00eb diplom\u00eb n\u00eb administrim- biznes nga universiteti i Tuftit dhe gjithashtu ka sh\u00ebrbyer n\u00eb ushtrin\u00eb amerikane.<\/p>\n<p>Nga viti 2001 deri n\u00eb vitin 2010 ka qen\u00eb president dhe shef ekzekutiv i Fondit t\u00eb Nd\u00ebrmarrjeve Shqiptaro- Amerikan. Kjo nd\u00ebrmarrje u krijua nga SHBA p\u00ebr t\u00eb p\u00ebrmir\u00ebsuar sektorin privat n\u00eb ekonomin\u00eb shqiptare dhe p\u00ebr t\u00eb promovuar nj\u00eb ekonomi transparente kapitaliste ku zbatohen rregullat demokratike. P\u00ebrve\u00e7 k\u00ebsaj, Griffin ishte zgjedhur edhe kryetar i bordit t\u00eb Dhom\u00ebs Amerikane t\u00eb Tregtis\u00eb n\u00eb Shqip\u00ebri nga shkurti 2001 deri n\u00eb 2007-\u00ebn.<\/p>\n<p>N\u00eb tetor, kompania b\u00ebri me dije se ka aplikuar p\u00ebr leje minerare n\u00eb rajonin e Mirdit\u00ebs, n\u00eb Shqip\u00ebri. Kompania me qend\u00ebr n\u00eb Vankuver po k\u00ebrkon leje p\u00ebr zonat e njohura si Gurthi Q\u00ebndror, Gurthi Verior, Gurthi Jugor, Leticna, Fush\u00eb-Arr\u00ebs dhe Paluc\u00eb.<\/p>\n<p>N\u00eb kuad\u00ebr t\u00eb k\u00ebtij em\u00ebrimi, zoti Griffin do t\u00eb marr\u00eb 500 mij\u00eb aksione me vler\u00eb prej 0.80 dollar\u00eb p\u00ebr nj\u00eb afat pes\u00ebvje\u00e7ar\u201d.<\/p>\n<p>N\u00eb faqen online t\u00eb kompanis\u00eb thuhet se Tirex Resources \u00ebsht\u00eb krijuar me q\u00ebllimin p\u00ebr t\u00eb eksploruar e p\u00ebr t\u00eb zhvilluar aktivitete t\u00eb tjera minerale n\u00eb Shqip\u00ebri.<br \/>\n\u201cTirex ka marr\u00eb nj\u00eb pron\u00eb prej 553 kilometra katror, q\u00eb mbulon shumic\u00ebn e rajonin tradicional minerar n\u00eb Shqip\u00ebri. Tirex \u00ebsht\u00eb n\u00eb koh\u00ebn e duhur, n\u00eb vendin e duhur. Mirdita \u00ebsht\u00eb nj\u00eb vend i pasur me histori, i \u00e7muar n\u00eb ar. Ne jo vet\u00ebm zot\u00ebrojm\u00eb nj\u00eb projekt t\u00eb madh, por edhe nj\u00eb rreth t\u00eb madh\u201d.<\/p>\n","protected":false},"excerpt":{"rendered":"<p>TemA, 29 Shkurt 2012 Ish-shefi ekzekutiv i Fondit t\u00eb Nd\u00ebrmarrjeve Shqiptaro-Amerikane \u00ebsht\u00eb pjes\u00eb e biznesit t\u00eb nj\u00eb kompanie kanadeze q\u00eb ka fituar t\u00eb drejt\u00ebn p\u00ebr k\u00ebrkim dhe shfryt\u00ebzim ari n\u00eb zon\u00ebn e Mirdit\u00ebs. Para tre dit\u00ebsh, vet\u00eb kompania Tirex Resources njofton se n\u00eb bordin e drejtor\u00ebve t\u00eb kompanis\u00eb q\u00eb ka marr\u00eb minierat e arit n\u00eb [&hellip;]<\/p>\n","protected":false},"author":1,"featured_media":0,"comment_status":"open","ping_status":"closed","sticky":false,"template":"","format":"standard","meta":{"footnotes":""},"categories":[2,5],"tags":[],"class_list":{"0":"post-2012","1":"post","2":"type-post","3":"status-publish","4":"format-standard","6":"category-artikuj","7":"category-lajme"},"yoast_head":"<!-- This site is optimized with the Yoast SEO plugin v27.4 - https:\/\/yoast.com\/product\/yoast-seo-wordpress\/ -->\n<title>Ish- presidenti i Fondit Shqiptaro-Amerikan, pjes\u00eb e biznesit p\u00ebr arin e Mirdit\u00ebs - FjALA e LIR\u00cb - Arkivi<\/title>\n<meta name=\"robots\" content=\"index, follow, max-snippet:-1, max-image-preview:large, max-video-preview:-1\" \/>\n<link rel=\"canonical\" href=\"https:\/\/fjala.info\/2009-2015\/ish-presidenti-i-fondit-shqiptaro-amerikan-pjese-e-biznesit-per-arin-e-mirdites\/\" \/>\n<meta property=\"og:locale\" content=\"sq_AL\" \/>\n<meta property=\"og:type\" content=\"article\" \/>\n<meta property=\"og:title\" content=\"Ish- presidenti i Fondit Shqiptaro-Amerikan, pjes\u00eb e biznesit p\u00ebr arin e Mirdit\u00ebs - FjALA e LIR\u00cb - Arkivi\" \/>\n<meta property=\"og:description\" content=\"TemA, 29 Shkurt 2012 Ish-shefi ekzekutiv i Fondit t\u00eb Nd\u00ebrmarrjeve Shqiptaro-Amerikane \u00ebsht\u00eb pjes\u00eb e biznesit t\u00eb nj\u00eb kompanie kanadeze q\u00eb ka fituar t\u00eb drejt\u00ebn p\u00ebr k\u00ebrkim dhe shfryt\u00ebzim ari n\u00eb zon\u00ebn e Mirdit\u00ebs. Para tre dit\u00ebsh, vet\u00eb kompania Tirex Resources njofton se n\u00eb bordin e drejtor\u00ebve t\u00eb kompanis\u00eb q\u00eb ka marr\u00eb minierat e arit n\u00eb [&hellip;]\" \/>\n<meta property=\"og:url\" content=\"https:\/\/fjala.info\/2009-2015\/ish-presidenti-i-fondit-shqiptaro-amerikan-pjese-e-biznesit-per-arin-e-mirdites\/\" \/>\n<meta property=\"og:site_name\" content=\"FjALA e LIR\u00cb - Arkivi\" \/>\n<meta property=\"article:published_time\" content=\"2012-02-29T10:36:29+00:00\" \/>\n<meta property=\"og:image\" content=\"http:\/\/www.shkoder.net\/2012\/energold_drill.jpg\" \/>\n<meta name=\"author\" content=\"admin\" \/>\n<meta name=\"twitter:card\" content=\"summary_large_image\" \/>\n<meta name=\"twitter:label1\" content=\"Written by\" \/>\n\t<meta name=\"twitter:data1\" content=\"admin\" \/>\n\t<meta name=\"twitter:label2\" content=\"Est. reading time\" \/>\n\t<meta name=\"twitter:data2\" content=\"2 minutes\" \/>\n<script type=\"application\/ld+json\" class=\"yoast-schema-graph\">{\"@context\":\"https:\\\/\\\/schema.org\",\"@graph\":[{\"@type\":\"Article\",\"@id\":\"https:\\\/\\\/fjala.info\\\/2009-2015\\\/ish-presidenti-i-fondit-shqiptaro-amerikan-pjese-e-biznesit-per-arin-e-mirdites\\\/#article\",\"isPartOf\":{\"@id\":\"https:\\\/\\\/fjala.info\\\/2009-2015\\\/ish-presidenti-i-fondit-shqiptaro-amerikan-pjese-e-biznesit-per-arin-e-mirdites\\\/\"},\"author\":{\"name\":\"admin\",\"@id\":\"https:\\\/\\\/fjala.info\\\/2009-2015\\\/#\\\/schema\\\/person\\\/3aa1163ef05469c496fc94e77611ada2\"},\"headline\":\"Ish- presidenti i Fondit Shqiptaro-Amerikan, pjes\u00eb e biznesit p\u00ebr arin e Mirdit\u00ebs\",\"datePublished\":\"2012-02-29T10:36:29+00:00\",\"mainEntityOfPage\":{\"@id\":\"https:\\\/\\\/fjala.info\\\/2009-2015\\\/ish-presidenti-i-fondit-shqiptaro-amerikan-pjese-e-biznesit-per-arin-e-mirdites\\\/\"},\"wordCount\":415,\"commentCount\":0,\"publisher\":{\"@id\":\"https:\\\/\\\/fjala.info\\\/2009-2015\\\/#organization\"},\"image\":{\"@id\":\"https:\\\/\\\/fjala.info\\\/2009-2015\\\/ish-presidenti-i-fondit-shqiptaro-amerikan-pjese-e-biznesit-per-arin-e-mirdites\\\/#primaryimage\"},\"thumbnailUrl\":\"http:\\\/\\\/www.shkoder.net\\\/2012\\\/energold_drill.jpg\",\"articleSection\":[\"Artikuj\",\"Lajme\"],\"inLanguage\":\"sq-AL\",\"potentialAction\":[{\"@type\":\"CommentAction\",\"name\":\"Comment\",\"target\":[\"https:\\\/\\\/fjala.info\\\/2009-2015\\\/ish-presidenti-i-fondit-shqiptaro-amerikan-pjese-e-biznesit-per-arin-e-mirdites\\\/#respond\"]}]},{\"@type\":\"WebPage\",\"@id\":\"https:\\\/\\\/fjala.info\\\/2009-2015\\\/ish-presidenti-i-fondit-shqiptaro-amerikan-pjese-e-biznesit-per-arin-e-mirdites\\\/\",\"url\":\"https:\\\/\\\/fjala.info\\\/2009-2015\\\/ish-presidenti-i-fondit-shqiptaro-amerikan-pjese-e-biznesit-per-arin-e-mirdites\\\/\",\"name\":\"Ish- presidenti i Fondit Shqiptaro-Amerikan, pjes\u00eb e biznesit p\u00ebr arin e Mirdit\u00ebs - FjALA e LIR\u00cb - Arkivi\",\"isPartOf\":{\"@id\":\"https:\\\/\\\/fjala.info\\\/2009-2015\\\/#website\"},\"primaryImageOfPage\":{\"@id\":\"https:\\\/\\\/fjala.info\\\/2009-2015\\\/ish-presidenti-i-fondit-shqiptaro-amerikan-pjese-e-biznesit-per-arin-e-mirdites\\\/#primaryimage\"},\"image\":{\"@id\":\"https:\\\/\\\/fjala.info\\\/2009-2015\\\/ish-presidenti-i-fondit-shqiptaro-amerikan-pjese-e-biznesit-per-arin-e-mirdites\\\/#primaryimage\"},\"thumbnailUrl\":\"http:\\\/\\\/www.shkoder.net\\\/2012\\\/energold_drill.jpg\",\"datePublished\":\"2012-02-29T10:36:29+00:00\",\"breadcrumb\":{\"@id\":\"https:\\\/\\\/fjala.info\\\/2009-2015\\\/ish-presidenti-i-fondit-shqiptaro-amerikan-pjese-e-biznesit-per-arin-e-mirdites\\\/#breadcrumb\"},\"inLanguage\":\"sq-AL\",\"potentialAction\":[{\"@type\":\"ReadAction\",\"target\":[\"https:\\\/\\\/fjala.info\\\/2009-2015\\\/ish-presidenti-i-fondit-shqiptaro-amerikan-pjese-e-biznesit-per-arin-e-mirdites\\\/\"]}]},{\"@type\":\"ImageObject\",\"inLanguage\":\"sq-AL\",\"@id\":\"https:\\\/\\\/fjala.info\\\/2009-2015\\\/ish-presidenti-i-fondit-shqiptaro-amerikan-pjese-e-biznesit-per-arin-e-mirdites\\\/#primaryimage\",\"url\":\"http:\\\/\\\/www.shkoder.net\\\/2012\\\/energold_drill.jpg\",\"contentUrl\":\"http:\\\/\\\/www.shkoder.net\\\/2012\\\/energold_drill.jpg\"},{\"@type\":\"BreadcrumbList\",\"@id\":\"https:\\\/\\\/fjala.info\\\/2009-2015\\\/ish-presidenti-i-fondit-shqiptaro-amerikan-pjese-e-biznesit-per-arin-e-mirdites\\\/#breadcrumb\",\"itemListElement\":[{\"@type\":\"ListItem\",\"position\":1,\"name\":\"Home\",\"item\":\"https:\\\/\\\/fjala.info\\\/2009-2015\\\/\"},{\"@type\":\"ListItem\",\"position\":2,\"name\":\"Ish- presidenti i Fondit Shqiptaro-Amerikan, pjes\u00eb e biznesit p\u00ebr arin e Mirdit\u00ebs\"}]},{\"@type\":\"WebSite\",\"@id\":\"https:\\\/\\\/fjala.info\\\/2009-2015\\\/#website\",\"url\":\"https:\\\/\\\/fjala.info\\\/2009-2015\\\/\",\"name\":\"FjALA e LIR\u00cb - Arkivi\",\"description\":\"Arkivi 2009-2015\",\"publisher\":{\"@id\":\"https:\\\/\\\/fjala.info\\\/2009-2015\\\/#organization\"},\"potentialAction\":[{\"@type\":\"SearchAction\",\"target\":{\"@type\":\"EntryPoint\",\"urlTemplate\":\"https:\\\/\\\/fjala.info\\\/2009-2015\\\/?s={search_term_string}\"},\"query-input\":{\"@type\":\"PropertyValueSpecification\",\"valueRequired\":true,\"valueName\":\"search_term_string\"}}],\"inLanguage\":\"sq-AL\"},{\"@type\":\"Organization\",\"@id\":\"https:\\\/\\\/fjala.info\\\/2009-2015\\\/#organization\",\"name\":\"FjALA e LIR\u00cb - Arkivi\",\"url\":\"https:\\\/\\\/fjala.info\\\/2009-2015\\\/\",\"logo\":{\"@type\":\"ImageObject\",\"inLanguage\":\"sq-AL\",\"@id\":\"https:\\\/\\\/fjala.info\\\/2009-2015\\\/#\\\/schema\\\/logo\\\/image\\\/\",\"url\":\"\",\"contentUrl\":\"\",\"caption\":\"FjALA e LIR\u00cb - Arkivi\"},\"image\":{\"@id\":\"https:\\\/\\\/fjala.info\\\/2009-2015\\\/#\\\/schema\\\/logo\\\/image\\\/\"}},{\"@type\":\"Person\",\"@id\":\"https:\\\/\\\/fjala.info\\\/2009-2015\\\/#\\\/schema\\\/person\\\/3aa1163ef05469c496fc94e77611ada2\",\"name\":\"admin\",\"image\":{\"@type\":\"ImageObject\",\"inLanguage\":\"sq-AL\",\"@id\":\"https:\\\/\\\/fjala.info\\\/2009-2015\\\/wp-content\\\/uploads\\\/2012\\\/02\\\/arben_cokaj-120x150.jpg\",\"url\":\"https:\\\/\\\/fjala.info\\\/2009-2015\\\/wp-content\\\/uploads\\\/2012\\\/02\\\/arben_cokaj-120x150.jpg\",\"contentUrl\":\"https:\\\/\\\/fjala.info\\\/2009-2015\\\/wp-content\\\/uploads\\\/2012\\\/02\\\/arben_cokaj-120x150.jpg\",\"caption\":\"admin\"},\"description\":\"Admin, Fjala e Lir\u00eb\",\"sameAs\":[\"https:\\\/\\\/fjala.info\\\/\"],\"url\":\"https:\\\/\\\/fjala.info\\\/2009-2015\\\/author\\\/admin\\\/\"}]}<\/script>\n<!-- \/ Yoast SEO plugin. -->","yoast_head_json":{"title":"Ish- presidenti i Fondit Shqiptaro-Amerikan, pjes\u00eb e biznesit p\u00ebr arin e Mirdit\u00ebs - FjALA e LIR\u00cb - Arkivi","robots":{"index":"index","follow":"follow","max-snippet":"max-snippet:-1","max-image-preview":"max-image-preview:large","max-video-preview":"max-video-preview:-1"},"canonical":"https:\/\/fjala.info\/2009-2015\/ish-presidenti-i-fondit-shqiptaro-amerikan-pjese-e-biznesit-per-arin-e-mirdites\/","og_locale":"sq_AL","og_type":"article","og_title":"Ish- presidenti i Fondit Shqiptaro-Amerikan, pjes\u00eb e biznesit p\u00ebr arin e Mirdit\u00ebs - FjALA e LIR\u00cb - Arkivi","og_description":"TemA, 29 Shkurt 2012 Ish-shefi ekzekutiv i Fondit t\u00eb Nd\u00ebrmarrjeve Shqiptaro-Amerikane \u00ebsht\u00eb pjes\u00eb e biznesit t\u00eb nj\u00eb kompanie kanadeze q\u00eb ka fituar t\u00eb drejt\u00ebn p\u00ebr k\u00ebrkim dhe shfryt\u00ebzim ari n\u00eb zon\u00ebn e Mirdit\u00ebs. Para tre dit\u00ebsh, vet\u00eb kompania Tirex Resources njofton se n\u00eb bordin e drejtor\u00ebve t\u00eb kompanis\u00eb q\u00eb ka marr\u00eb minierat e arit n\u00eb [&hellip;]","og_url":"https:\/\/fjala.info\/2009-2015\/ish-presidenti-i-fondit-shqiptaro-amerikan-pjese-e-biznesit-per-arin-e-mirdites\/","og_site_name":"FjALA e LIR\u00cb - Arkivi","article_published_time":"2012-02-29T10:36:29+00:00","og_image":[{"url":"http:\/\/www.shkoder.net\/2012\/energold_drill.jpg","type":"","width":"","height":""}],"author":"admin","twitter_card":"summary_large_image","twitter_misc":{"Written by":"admin","Est. reading time":"2 minutes"},"schema":{"@context":"https:\/\/schema.org","@graph":[{"@type":"Article","@id":"https:\/\/fjala.info\/2009-2015\/ish-presidenti-i-fondit-shqiptaro-amerikan-pjese-e-biznesit-per-arin-e-mirdites\/#article","isPartOf":{"@id":"https:\/\/fjala.info\/2009-2015\/ish-presidenti-i-fondit-shqiptaro-amerikan-pjese-e-biznesit-per-arin-e-mirdites\/"},"author":{"name":"admin","@id":"https:\/\/fjala.info\/2009-2015\/#\/schema\/person\/3aa1163ef05469c496fc94e77611ada2"},"headline":"Ish- presidenti i Fondit Shqiptaro-Amerikan, pjes\u00eb e biznesit p\u00ebr arin e Mirdit\u00ebs","datePublished":"2012-02-29T10:36:29+00:00","mainEntityOfPage":{"@id":"https:\/\/fjala.info\/2009-2015\/ish-presidenti-i-fondit-shqiptaro-amerikan-pjese-e-biznesit-per-arin-e-mirdites\/"},"wordCount":415,"commentCount":0,"publisher":{"@id":"https:\/\/fjala.info\/2009-2015\/#organization"},"image":{"@id":"https:\/\/fjala.info\/2009-2015\/ish-presidenti-i-fondit-shqiptaro-amerikan-pjese-e-biznesit-per-arin-e-mirdites\/#primaryimage"},"thumbnailUrl":"http:\/\/www.shkoder.net\/2012\/energold_drill.jpg","articleSection":["Artikuj","Lajme"],"inLanguage":"sq-AL","potentialAction":[{"@type":"CommentAction","name":"Comment","target":["https:\/\/fjala.info\/2009-2015\/ish-presidenti-i-fondit-shqiptaro-amerikan-pjese-e-biznesit-per-arin-e-mirdites\/#respond"]}]},{"@type":"WebPage","@id":"https:\/\/fjala.info\/2009-2015\/ish-presidenti-i-fondit-shqiptaro-amerikan-pjese-e-biznesit-per-arin-e-mirdites\/","url":"https:\/\/fjala.info\/2009-2015\/ish-presidenti-i-fondit-shqiptaro-amerikan-pjese-e-biznesit-per-arin-e-mirdites\/","name":"Ish- presidenti i Fondit Shqiptaro-Amerikan, pjes\u00eb e biznesit p\u00ebr arin e Mirdit\u00ebs - FjALA e LIR\u00cb - Arkivi","isPartOf":{"@id":"https:\/\/fjala.info\/2009-2015\/#website"},"primaryImageOfPage":{"@id":"https:\/\/fjala.info\/2009-2015\/ish-presidenti-i-fondit-shqiptaro-amerikan-pjese-e-biznesit-per-arin-e-mirdites\/#primaryimage"},"image":{"@id":"https:\/\/fjala.info\/2009-2015\/ish-presidenti-i-fondit-shqiptaro-amerikan-pjese-e-biznesit-per-arin-e-mirdites\/#primaryimage"},"thumbnailUrl":"http:\/\/www.shkoder.net\/2012\/energold_drill.jpg","datePublished":"2012-02-29T10:36:29+00:00","breadcrumb":{"@id":"https:\/\/fjala.info\/2009-2015\/ish-presidenti-i-fondit-shqiptaro-amerikan-pjese-e-biznesit-per-arin-e-mirdites\/#breadcrumb"},"inLanguage":"sq-AL","potentialAction":[{"@type":"ReadAction","target":["https:\/\/fjala.info\/2009-2015\/ish-presidenti-i-fondit-shqiptaro-amerikan-pjese-e-biznesit-per-arin-e-mirdites\/"]}]},{"@type":"ImageObject","inLanguage":"sq-AL","@id":"https:\/\/fjala.info\/2009-2015\/ish-presidenti-i-fondit-shqiptaro-amerikan-pjese-e-biznesit-per-arin-e-mirdites\/#primaryimage","url":"http:\/\/www.shkoder.net\/2012\/energold_drill.jpg","contentUrl":"http:\/\/www.shkoder.net\/2012\/energold_drill.jpg"},{"@type":"BreadcrumbList","@id":"https:\/\/fjala.info\/2009-2015\/ish-presidenti-i-fondit-shqiptaro-amerikan-pjese-e-biznesit-per-arin-e-mirdites\/#breadcrumb","itemListElement":[{"@type":"ListItem","position":1,"name":"Home","item":"https:\/\/fjala.info\/2009-2015\/"},{"@type":"ListItem","position":2,"name":"Ish- presidenti i Fondit Shqiptaro-Amerikan, pjes\u00eb e biznesit p\u00ebr arin e Mirdit\u00ebs"}]},{"@type":"WebSite","@id":"https:\/\/fjala.info\/2009-2015\/#website","url":"https:\/\/fjala.info\/2009-2015\/","name":"FjALA e LIR\u00cb - Arkivi","description":"Arkivi 2009-2015","publisher":{"@id":"https:\/\/fjala.info\/2009-2015\/#organization"},"potentialAction":[{"@type":"SearchAction","target":{"@type":"EntryPoint","urlTemplate":"https:\/\/fjala.info\/2009-2015\/?s={search_term_string}"},"query-input":{"@type":"PropertyValueSpecification","valueRequired":true,"valueName":"search_term_string"}}],"inLanguage":"sq-AL"},{"@type":"Organization","@id":"https:\/\/fjala.info\/2009-2015\/#organization","name":"FjALA e LIR\u00cb - Arkivi","url":"https:\/\/fjala.info\/2009-2015\/","logo":{"@type":"ImageObject","inLanguage":"sq-AL","@id":"https:\/\/fjala.info\/2009-2015\/#\/schema\/logo\/image\/","url":"","contentUrl":"","caption":"FjALA e LIR\u00cb - Arkivi"},"image":{"@id":"https:\/\/fjala.info\/2009-2015\/#\/schema\/logo\/image\/"}},{"@type":"Person","@id":"https:\/\/fjala.info\/2009-2015\/#\/schema\/person\/3aa1163ef05469c496fc94e77611ada2","name":"admin","image":{"@type":"ImageObject","inLanguage":"sq-AL","@id":"https:\/\/fjala.info\/2009-2015\/wp-content\/uploads\/2012\/02\/arben_cokaj-120x150.jpg","url":"https:\/\/fjala.info\/2009-2015\/wp-content\/uploads\/2012\/02\/arben_cokaj-120x150.jpg","contentUrl":"https:\/\/fjala.info\/2009-2015\/wp-content\/uploads\/2012\/02\/arben_cokaj-120x150.jpg","caption":"admin"},"description":"Admin, Fjala e Lir\u00eb","sameAs":["https:\/\/fjala.info\/"],"url":"https:\/\/fjala.info\/2009-2015\/author\/admin\/"}]}},"_links":{"self":[{"href":"https:\/\/fjala.info\/2009-2015\/wp-json\/wp\/v2\/posts\/2012","targetHints":{"allow":["GET"]}}],"collection":[{"href":"https:\/\/fjala.info\/2009-2015\/wp-json\/wp\/v2\/posts"}],"about":[{"href":"https:\/\/fjala.info\/2009-2015\/wp-json\/wp\/v2\/types\/post"}],"author":[{"embeddable":true,"href":"https:\/\/fjala.info\/2009-2015\/wp-json\/wp\/v2\/users\/1"}],"replies":[{"embeddable":true,"href":"https:\/\/fjala.info\/2009-2015\/wp-json\/wp\/v2\/comments?post=2012"}],"version-history":[{"count":0,"href":"https:\/\/fjala.info\/2009-2015\/wp-json\/wp\/v2\/posts\/2012\/revisions"}],"wp:attachment":[{"href":"https:\/\/fjala.info\/2009-2015\/wp-json\/wp\/v2\/media?parent=2012"}],"wp:term":[{"taxonomy":"category","embeddable":true,"href":"https:\/\/fjala.info\/2009-2015\/wp-json\/wp\/v2\/categories?post=2012"},{"taxonomy":"post_tag","embeddable":true,"href":"https:\/\/fjala.info\/2009-2015\/wp-json\/wp\/v2\/tags?post=2012"}],"curies":[{"name":"wp","href":"https:\/\/api.w.org\/{rel}","templated":true}]}}