{"id":2008,"date":"2012-03-01T11:15:22","date_gmt":"2012-03-01T10:15:22","guid":{"rendered":"http:\/\/fjala.shkoder.net\/?p=2008"},"modified":"2012-03-01T11:15:22","modified_gmt":"2012-03-01T10:15:22","slug":"oketa-marku-xhepa-dhe-oponenca-e-ndrojtur-brenda-pd-se","status":"publish","type":"post","link":"https:\/\/fjala.info\/2009-2015\/oketa-marku-xhepa-dhe-oponenca-e-ndrojtur-brenda-pd-se\/","title":{"rendered":"Oketa, Marku, Xhepa &#8230; dhe oponenca e ndrojtur brenda PD-s\u00eb"},"content":{"rendered":"<p><img decoding=\"async\" class=\"alignright size-thumbnail wp-image-7236\" title=\"Berisha n\u00eb grupin parlamentar\" src=\"http:\/\/www.shkoder.net\/2012\/berisha_grupi_parlamentar1.jpg\" alt=\"\" width=\"300\" \/> Nga <strong>Mustafa Nano<\/strong>, <em>29 shkurt 2012<\/em><\/p>\n<p>\u201cMua partia nuk m\u00eb do ve\u00e7 p\u00ebr vot\u00ebn; m\u00eb do dhe p\u00ebr idet\u00eb e mia\u201d, shprehej dje n\u00eb nj\u00eb intervist\u00eb p\u00ebr t\u00eb p\u00ebrditshmen \u201cPanorama\u201d deputeti i PD-s\u00eb, Selami Xhepa. Dhe k\u00ebt\u00eb e thosh, jo se e besonte, por se donte t\u00eb p\u00ebrligjte t\u00eb drejt\u00ebn p\u00ebr t\u00eb pasur nj\u00eb q\u00ebndrim t\u00eb ndrysh\u00ebm, n\u00eb p\u00ebrputhje me bindjet e kredot e veta, lidhur me \u00e7\u00ebshtjen presidenciale, q\u00eb sapo e kish ushtruar (t\u00eb drejt\u00ebn). \u00cbsht\u00eb nj\u00eb argument, rreth t\u00eb cilit Berisha e ka th\u00ebn\u00eb t\u00eb vet\u00ebn. E jo vet\u00ebm nj\u00eb her\u00eb, por disa her\u00eb. \u201cPresidenti do t\u00eb zgjidhet prej PD-s\u00eb; n\u00eb at\u00eb post do t\u00eb zgjidhet nj\u00eb eksponent i r\u00ebnd\u00ebsish\u00ebm i mazhoranc\u00ebs\u201d, ka th\u00ebn\u00eb ai.<\/p>\n<p>Askush deri m\u00eb sot nuk kish guxuar t\u2019i kund\u00ebrvihej k\u00ebsaj ideje t\u00eb Berish\u00ebs. Selami Xhepa \u00ebsht\u00eb i pari q\u00eb e b\u00ebn k\u00ebt\u00eb. Dhe \u00e7\u2019\u00ebsht\u00eb e v\u00ebrteta, e b\u00ebn pa iu kund\u00ebrv\u00ebn\u00eb Berish\u00ebs vet\u00eb, pasi n\u00eb t\u00eb nj\u00ebjt\u00ebn intervist\u00eb ai l\u00ebshon komplimente n\u00eb adres\u00eb t\u00eb Kryeministrit. Por opinionin e vet e ka shprehur qart\u00eb. \u201cNa duhet nj\u00eb president konsensual; nuk mund t\u2019i marrim dot t\u00eb gjitha, pasi do zhbalanconim ngrehin\u00ebn institucionale e do tradhtonim parimin e madh t\u00eb organizimit shtet\u00ebror e politik t\u00eb nj\u00eb vendi demokratik, d.m.th parimin check &amp; balance\u201d.<\/p>\n<p>Nj\u00eb dit\u00eb p\u00ebrpara tij ishte Mark Marku q\u00eb b\u00ebri maverick-un. \u201cMbledhjet e grupit parlamentar jan\u00eb pak a shum\u00eb si ato t\u00eb byros\u00eb politike\u201d, rikonfirmoi ai n\u00eb m\u00ebnyr\u00ebn e vet nj\u00eb p\u00ebrfundim t\u00eb Gazmend Oket\u00ebs, i cili e la PD-n\u00eb p\u00ebr partin\u00eb e re q\u00eb do krijohet s\u00eb shpejti. Shtypi kish ve\u00e7uar pik\u00ebrisht k\u00ebt\u00eb fraz\u00eb nga intervista e Oket\u00ebs n\u00eb \u201cTonight Ilva Tare\u201d, por n\u00eb t\u00eb v\u00ebrtet\u00eb momenti m\u00eb gjenuin e m\u00eb dramatik i bised\u00ebs n\u00eb studion e \u201cOra News\u201d ishte ai kur Oketa iu kthye me zor e turp nj\u00eb gjesti t\u00eb tij, p\u00ebr shkak t\u00eb t\u00eb cilit ai kish mbetur prore n\u00eb nj\u00eb gjendje t\u00eb sikletosur.<\/p>\n<p>Nj\u00eb dit\u00eb prej dit\u00ebsh, vite m\u00eb par\u00eb, kur president ka qen\u00eb Alfred Mosiu, Oket\u00ebs i kishin dh\u00ebn\u00eb nj\u00eb tekst n\u00eb dor\u00eb dhe i kishin th\u00ebn\u00eb t\u00eb dilte p\u00ebrpara gazetar\u00ebve p\u00ebr ta recituar. Dhe Oketa kish dal\u00eb p\u00ebr t\u00eb lexuar q\u00eb \u201cMosiu \u00ebsht\u00eb i till\u00eb e i k\u00ebtill\u00eb\u201d. Duhet t\u00eb ket\u00eb qen\u00eb ndonj\u00eb tekst i tmerrsh\u00ebm, q\u00eb e ka b\u00ebr\u00eb Oket\u00ebn ta vuaj\u00eb p\u00ebr vite t\u00eb t\u00ebra at\u00eb rol. Sigurisht, edhe thjesht ideja q\u00eb ka lexuar nj\u00eb gj\u00eb jo t\u00eb tij\u00ebn e ka b\u00ebr\u00eb t\u00eb ndihet ligsht, por k\u00ebsaj i jan\u00eb shtuar me siguri dhe frazat e forta t\u00eb Berish\u00ebs n\u00eb adres\u00eb t\u00eb Moisut. Nuk i dim\u00eb k\u00ebto fraza, por i marrim me mend, ashtu si\u00e7 marrim me mend q\u00eb n\u00eb goj\u00eb t\u00eb Oket\u00ebs nuk kan\u00eb si shkojn\u00eb.<\/p>\n<p>Oketa nuk e ka b\u00ebr\u00eb nj\u00eb her\u00eb t\u00eb dyt\u00eb at\u00eb budallall\u00ebk. Me siguri, ka th\u00ebn\u00eb \u201cjo\u201d kur ia kan\u00eb rik\u00ebrkuar. Ka t\u00eb tjer\u00eb q\u00eb mund t\u2019i ken\u00eb th\u00ebn\u00eb \u201cjo\u201d Berish\u00ebs n\u00eb rrethana t\u00eb tilla? Nuk e dim\u00eb. Mark Marku e Selami Xhepa nuk jan\u00eb par\u00eb t\u00eb lexojn\u00eb letra t\u00eb tilla t\u00eb shkruara nga Berisha. Mund t\u00eb jen\u00eb k\u00ebta q\u00eb i kan\u00eb th\u00ebn\u00eb \u201cjo\u201d Berish\u00ebs, por mund t\u00eb ket\u00eb qen\u00eb dhe ky i fundit q\u00eb k\u00ebt\u00eb gj\u00eb nuk ua ka k\u00ebrkuar, e n\u00eb t\u00eb dyja rastet ata dalin m\u00eb t\u00eb \u201cnerum\u201d se gjith\u00eb t\u00eb tjer\u00ebt, q\u00eb ose recitojn\u00eb n\u00eb konferenca p\u00ebr shtypin diatribat e fllig\u00ebshta Berish\u00ebs, ose mbrojn\u00eb n\u00ebp\u00ebr studio b\u00ebmat e ndyra t\u00eb tij (k\u00ebt\u00eb e ka b\u00ebr\u00eb dhe Marku e Xhepa, n\u00eb fakt).<\/p>\n<p>Kjo praktika e p\u00ebrdorimit t\u00eb njer\u00ebzve nga ana e liderit vihet re dhe n\u00eb krahun tjet\u00ebr dhe k\u00ebt\u00eb nuk po e them p\u00ebr t\u2019u b\u00ebr\u00eb neutral simpatik, por e them sepse \u00ebsht\u00eb bash k\u00ebshtu. Koh\u00ebt e fundit nuk jan\u00eb par\u00eb m\u00eb n\u00eb foltoret e konferencave m\u00eb gazetar\u00ebt grat\u00eb z\u00ebdh\u00ebn\u00ebse t\u00eb Partis\u00eb Socialiste q\u00eb b\u00ebheshin interprete t\u00eb hartimeve q\u00eb Edi Rama i b\u00ebnte n\u00eb zyr\u00eb. Ajo situat\u00eb ishte fyerje p\u00ebr ato zonja, ashtu si\u00e7 \u00ebsht\u00eb fyerje dhe p\u00ebr zonjat e PD-s\u00eb q\u00eb vijojn\u00eb t\u00eb dalin edhe sot e k\u00ebsaj dite p\u00ebr t\u00eb interpretuar muz\u00ebn e doktorit.<\/p>\n<p>Nuk dihet n\u00ebse n\u00eb PS ka njer\u00ebz q\u00eb e vuajn\u00eb k\u00ebt\u00eb lloj keqp\u00ebrdorimi q\u00eb u b\u00ebn udh\u00ebheq\u00ebsi, por ky fakt nuk e b\u00ebn situat\u00ebn n\u00eb PS m\u00eb dramatike se sa at\u00eb n\u00eb PD. Jan\u00eb situatat ekstreme q\u00eb sjellin m\u00eb shpesh rebelime, brerje nd\u00ebrgjegjeje, vuajtje morale, e n\u00eb PS situatat ekstreme ose mungojn\u00eb, ose jan\u00eb m\u00eb t\u00eb rralla. Me k\u00ebt\u00eb shpjegohet fakti q\u00eb n\u00eb PS ka njer\u00ebz q\u00eb nuk pranojn\u00eb t\u00eb p\u00ebrdoren. Jan\u00eb me dhjet\u00ebra ata, t\u00eb cil\u00ebve Rama nuk mund t\u2019u jap\u00eb nj\u00eb let\u00ebr n\u00eb dor\u00eb e t\u2019u thot\u00eb \u201cshkoni e lexojeni p\u00ebrpara gazetar\u00ebve\u201d.<\/p>\n<p>Por, p\u00ebrs\u00ebris, dukuria e p\u00ebrdorimit t\u00eb njer\u00ebzve prej kryetarit mbetet edhe n\u00eb PS q\u00eb \u00e7\u2019ke me t\u00eb. B\u00ebhen dhe n\u00eb PS \u201cmbledhje t\u00eb byros\u00eb politike\u201d. E n\u00eb k\u00ebt\u00eb kuptim, Marku apo dikush tjet\u00ebr si Marku kan\u00eb t\u00eb drejt\u00eb teksa n\u00ebnvizojn\u00eb natyr\u00ebn endemike e transversale t\u00eb k\u00ebsaj s\u00ebmundjeje. \u00c7far\u00eb s\u2019shkon tek ky n\u00ebnvizim \u00ebsht\u00eb fakti q\u00eb Marku e thot\u00eb si nj\u00eb alibi p\u00ebr konformizmin e solidaritetin e vet me t\u00eb keqen, e jo p\u00ebr t\u00eb denoncuar dukurin\u00eb.<\/p>\n<p>Dua t\u00eb p\u00ebrs\u00ebris se q\u00ebndrimet e Oket\u00ebs, Markut e Xhep\u00ebs (apo String\u00ebs n\u00eb vijim\u00ebsi), nuk \u00ebsht\u00eb se m\u00eb entuziazmojn\u00eb, pasi duket qart\u00eb se b\u00ebhet fjal\u00eb p\u00ebr nj\u00eb oponenc\u00eb t\u00eb ndrojtur, sporadike dhe tep\u00ebr t\u00eb kalkuluar; \u00ebsht\u00eb nj\u00eb oponenc\u00eb \u201ce shtegut t\u00eb hapur p\u00ebr t\u2019u kthyer s\u00ebrish n\u00eb llogore\u201d (p\u00ebr m\u00eb tep\u00ebr, Marku, Xhepa e t\u00eb tjer\u00eb si k\u00ebta n\u00eb PD do ta ken\u00eb gjith\u00eb koh\u00ebn t\u00eb zorshme, fjala vjen, t\u00eb p\u00ebrligjin mbrojtjen q\u00eb i kan\u00eb b\u00ebr\u00eb e i b\u00ebjn\u00eb krimit t\u00eb kryer m\u00eb 21 janar t\u00eb vitit 2011). Por z\u00ebri i tyre k\u00ebto dit\u00eb ka magjin\u00eb e oponenc\u00ebs, am\u00e1. Dhe t\u00eb vjen keq t\u00eb mendosh q\u00eb n\u00eb PD e n\u00eb PS mund t\u2019mos ket\u00eb njer\u00ebz q\u00eb t\u00eb mendojn\u00eb se n\u00ebse ka nj\u00eb gj\u00eb q\u00eb e b\u00ebn nj\u00eb parti atraktive, ajo \u00ebsht\u00eb e drejta p\u00ebr t\u00eb ngritur z\u00ebrin ndryshe brenda saj. Oponenca brenda vetes e mban gjall\u00eb e t\u00eb k\u00ebndellur nj\u00eb parti.<\/p>\n","protected":false},"excerpt":{"rendered":"<p>Nga Mustafa Nano, 29 shkurt 2012 \u201cMua partia nuk m\u00eb do ve\u00e7 p\u00ebr vot\u00ebn; m\u00eb do dhe p\u00ebr idet\u00eb e mia\u201d, shprehej dje n\u00eb nj\u00eb intervist\u00eb p\u00ebr t\u00eb p\u00ebrditshmen \u201cPanorama\u201d deputeti i PD-s\u00eb, Selami Xhepa. Dhe k\u00ebt\u00eb e thosh, jo se e besonte, por se donte t\u00eb p\u00ebrligjte t\u00eb drejt\u00ebn p\u00ebr t\u00eb pasur nj\u00eb q\u00ebndrim [&hellip;]<\/p>\n","protected":false},"author":1,"featured_media":0,"comment_status":"open","ping_status":"closed","sticky":false,"template":"","format":"standard","meta":{"footnotes":""},"categories":[2],"tags":[],"class_list":{"0":"post-2008","1":"post","2":"type-post","3":"status-publish","4":"format-standard","6":"category-artikuj"},"yoast_head":"<!-- This site is optimized with the Yoast SEO plugin v27.4 - https:\/\/yoast.com\/product\/yoast-seo-wordpress\/ -->\n<title>Oketa, Marku, Xhepa ... dhe oponenca e ndrojtur brenda PD-s\u00eb - FjALA e LIR\u00cb - Arkivi<\/title>\n<meta name=\"robots\" content=\"index, follow, max-snippet:-1, max-image-preview:large, max-video-preview:-1\" \/>\n<link rel=\"canonical\" href=\"https:\/\/fjala.info\/2009-2015\/oketa-marku-xhepa-dhe-oponenca-e-ndrojtur-brenda-pd-se\/\" \/>\n<meta property=\"og:locale\" content=\"sq_AL\" \/>\n<meta property=\"og:type\" content=\"article\" \/>\n<meta property=\"og:title\" content=\"Oketa, Marku, Xhepa ... dhe oponenca e ndrojtur brenda PD-s\u00eb - FjALA e LIR\u00cb - Arkivi\" \/>\n<meta property=\"og:description\" content=\"Nga Mustafa Nano, 29 shkurt 2012 \u201cMua partia nuk m\u00eb do ve\u00e7 p\u00ebr vot\u00ebn; m\u00eb do dhe p\u00ebr idet\u00eb e mia\u201d, shprehej dje n\u00eb nj\u00eb intervist\u00eb p\u00ebr t\u00eb p\u00ebrditshmen \u201cPanorama\u201d deputeti i PD-s\u00eb, Selami Xhepa. Dhe k\u00ebt\u00eb e thosh, jo se e besonte, por se donte t\u00eb p\u00ebrligjte t\u00eb drejt\u00ebn p\u00ebr t\u00eb pasur nj\u00eb q\u00ebndrim [&hellip;]\" \/>\n<meta property=\"og:url\" content=\"https:\/\/fjala.info\/2009-2015\/oketa-marku-xhepa-dhe-oponenca-e-ndrojtur-brenda-pd-se\/\" \/>\n<meta property=\"og:site_name\" content=\"FjALA e LIR\u00cb - Arkivi\" \/>\n<meta property=\"article:published_time\" content=\"2012-03-01T10:15:22+00:00\" \/>\n<meta property=\"og:image\" content=\"http:\/\/www.shkoder.net\/2012\/berisha_grupi_parlamentar1.jpg\" \/>\n<meta name=\"author\" content=\"admin\" \/>\n<meta name=\"twitter:card\" content=\"summary_large_image\" \/>\n<meta name=\"twitter:label1\" content=\"Written by\" \/>\n\t<meta name=\"twitter:data1\" content=\"admin\" \/>\n\t<meta name=\"twitter:label2\" content=\"Est. reading time\" \/>\n\t<meta name=\"twitter:data2\" content=\"6 minutes\" \/>\n<script type=\"application\/ld+json\" class=\"yoast-schema-graph\">{\"@context\":\"https:\\\/\\\/schema.org\",\"@graph\":[{\"@type\":\"Article\",\"@id\":\"https:\\\/\\\/fjala.info\\\/2009-2015\\\/oketa-marku-xhepa-dhe-oponenca-e-ndrojtur-brenda-pd-se\\\/#article\",\"isPartOf\":{\"@id\":\"https:\\\/\\\/fjala.info\\\/2009-2015\\\/oketa-marku-xhepa-dhe-oponenca-e-ndrojtur-brenda-pd-se\\\/\"},\"author\":{\"name\":\"admin\",\"@id\":\"https:\\\/\\\/fjala.info\\\/2009-2015\\\/#\\\/schema\\\/person\\\/3aa1163ef05469c496fc94e77611ada2\"},\"headline\":\"Oketa, Marku, Xhepa &#8230; dhe oponenca e ndrojtur brenda PD-s\u00eb\",\"datePublished\":\"2012-03-01T10:15:22+00:00\",\"mainEntityOfPage\":{\"@id\":\"https:\\\/\\\/fjala.info\\\/2009-2015\\\/oketa-marku-xhepa-dhe-oponenca-e-ndrojtur-brenda-pd-se\\\/\"},\"wordCount\":1166,\"commentCount\":0,\"publisher\":{\"@id\":\"https:\\\/\\\/fjala.info\\\/2009-2015\\\/#organization\"},\"image\":{\"@id\":\"https:\\\/\\\/fjala.info\\\/2009-2015\\\/oketa-marku-xhepa-dhe-oponenca-e-ndrojtur-brenda-pd-se\\\/#primaryimage\"},\"thumbnailUrl\":\"http:\\\/\\\/www.shkoder.net\\\/2012\\\/berisha_grupi_parlamentar1.jpg\",\"articleSection\":[\"Artikuj\"],\"inLanguage\":\"sq-AL\",\"potentialAction\":[{\"@type\":\"CommentAction\",\"name\":\"Comment\",\"target\":[\"https:\\\/\\\/fjala.info\\\/2009-2015\\\/oketa-marku-xhepa-dhe-oponenca-e-ndrojtur-brenda-pd-se\\\/#respond\"]}]},{\"@type\":\"WebPage\",\"@id\":\"https:\\\/\\\/fjala.info\\\/2009-2015\\\/oketa-marku-xhepa-dhe-oponenca-e-ndrojtur-brenda-pd-se\\\/\",\"url\":\"https:\\\/\\\/fjala.info\\\/2009-2015\\\/oketa-marku-xhepa-dhe-oponenca-e-ndrojtur-brenda-pd-se\\\/\",\"name\":\"Oketa, Marku, Xhepa ... dhe oponenca e ndrojtur brenda PD-s\u00eb - FjALA e LIR\u00cb - Arkivi\",\"isPartOf\":{\"@id\":\"https:\\\/\\\/fjala.info\\\/2009-2015\\\/#website\"},\"primaryImageOfPage\":{\"@id\":\"https:\\\/\\\/fjala.info\\\/2009-2015\\\/oketa-marku-xhepa-dhe-oponenca-e-ndrojtur-brenda-pd-se\\\/#primaryimage\"},\"image\":{\"@id\":\"https:\\\/\\\/fjala.info\\\/2009-2015\\\/oketa-marku-xhepa-dhe-oponenca-e-ndrojtur-brenda-pd-se\\\/#primaryimage\"},\"thumbnailUrl\":\"http:\\\/\\\/www.shkoder.net\\\/2012\\\/berisha_grupi_parlamentar1.jpg\",\"datePublished\":\"2012-03-01T10:15:22+00:00\",\"breadcrumb\":{\"@id\":\"https:\\\/\\\/fjala.info\\\/2009-2015\\\/oketa-marku-xhepa-dhe-oponenca-e-ndrojtur-brenda-pd-se\\\/#breadcrumb\"},\"inLanguage\":\"sq-AL\",\"potentialAction\":[{\"@type\":\"ReadAction\",\"target\":[\"https:\\\/\\\/fjala.info\\\/2009-2015\\\/oketa-marku-xhepa-dhe-oponenca-e-ndrojtur-brenda-pd-se\\\/\"]}]},{\"@type\":\"ImageObject\",\"inLanguage\":\"sq-AL\",\"@id\":\"https:\\\/\\\/fjala.info\\\/2009-2015\\\/oketa-marku-xhepa-dhe-oponenca-e-ndrojtur-brenda-pd-se\\\/#primaryimage\",\"url\":\"http:\\\/\\\/www.shkoder.net\\\/2012\\\/berisha_grupi_parlamentar1.jpg\",\"contentUrl\":\"http:\\\/\\\/www.shkoder.net\\\/2012\\\/berisha_grupi_parlamentar1.jpg\"},{\"@type\":\"BreadcrumbList\",\"@id\":\"https:\\\/\\\/fjala.info\\\/2009-2015\\\/oketa-marku-xhepa-dhe-oponenca-e-ndrojtur-brenda-pd-se\\\/#breadcrumb\",\"itemListElement\":[{\"@type\":\"ListItem\",\"position\":1,\"name\":\"Home\",\"item\":\"https:\\\/\\\/fjala.info\\\/2009-2015\\\/\"},{\"@type\":\"ListItem\",\"position\":2,\"name\":\"Oketa, Marku, Xhepa &#8230; dhe oponenca e ndrojtur brenda PD-s\u00eb\"}]},{\"@type\":\"WebSite\",\"@id\":\"https:\\\/\\\/fjala.info\\\/2009-2015\\\/#website\",\"url\":\"https:\\\/\\\/fjala.info\\\/2009-2015\\\/\",\"name\":\"FjALA e LIR\u00cb - Arkivi\",\"description\":\"Arkivi 2009-2015\",\"publisher\":{\"@id\":\"https:\\\/\\\/fjala.info\\\/2009-2015\\\/#organization\"},\"potentialAction\":[{\"@type\":\"SearchAction\",\"target\":{\"@type\":\"EntryPoint\",\"urlTemplate\":\"https:\\\/\\\/fjala.info\\\/2009-2015\\\/?s={search_term_string}\"},\"query-input\":{\"@type\":\"PropertyValueSpecification\",\"valueRequired\":true,\"valueName\":\"search_term_string\"}}],\"inLanguage\":\"sq-AL\"},{\"@type\":\"Organization\",\"@id\":\"https:\\\/\\\/fjala.info\\\/2009-2015\\\/#organization\",\"name\":\"FjALA e LIR\u00cb - Arkivi\",\"url\":\"https:\\\/\\\/fjala.info\\\/2009-2015\\\/\",\"logo\":{\"@type\":\"ImageObject\",\"inLanguage\":\"sq-AL\",\"@id\":\"https:\\\/\\\/fjala.info\\\/2009-2015\\\/#\\\/schema\\\/logo\\\/image\\\/\",\"url\":\"\",\"contentUrl\":\"\",\"caption\":\"FjALA e LIR\u00cb - Arkivi\"},\"image\":{\"@id\":\"https:\\\/\\\/fjala.info\\\/2009-2015\\\/#\\\/schema\\\/logo\\\/image\\\/\"}},{\"@type\":\"Person\",\"@id\":\"https:\\\/\\\/fjala.info\\\/2009-2015\\\/#\\\/schema\\\/person\\\/3aa1163ef05469c496fc94e77611ada2\",\"name\":\"admin\",\"image\":{\"@type\":\"ImageObject\",\"inLanguage\":\"sq-AL\",\"@id\":\"https:\\\/\\\/fjala.info\\\/2009-2015\\\/wp-content\\\/uploads\\\/2012\\\/02\\\/arben_cokaj-120x150.jpg\",\"url\":\"https:\\\/\\\/fjala.info\\\/2009-2015\\\/wp-content\\\/uploads\\\/2012\\\/02\\\/arben_cokaj-120x150.jpg\",\"contentUrl\":\"https:\\\/\\\/fjala.info\\\/2009-2015\\\/wp-content\\\/uploads\\\/2012\\\/02\\\/arben_cokaj-120x150.jpg\",\"caption\":\"admin\"},\"description\":\"Admin, Fjala e Lir\u00eb\",\"sameAs\":[\"https:\\\/\\\/fjala.info\\\/\"],\"url\":\"https:\\\/\\\/fjala.info\\\/2009-2015\\\/author\\\/admin\\\/\"}]}<\/script>\n<!-- \/ Yoast SEO plugin. -->","yoast_head_json":{"title":"Oketa, Marku, Xhepa ... dhe oponenca e ndrojtur brenda PD-s\u00eb - FjALA e LIR\u00cb - Arkivi","robots":{"index":"index","follow":"follow","max-snippet":"max-snippet:-1","max-image-preview":"max-image-preview:large","max-video-preview":"max-video-preview:-1"},"canonical":"https:\/\/fjala.info\/2009-2015\/oketa-marku-xhepa-dhe-oponenca-e-ndrojtur-brenda-pd-se\/","og_locale":"sq_AL","og_type":"article","og_title":"Oketa, Marku, Xhepa ... dhe oponenca e ndrojtur brenda PD-s\u00eb - FjALA e LIR\u00cb - Arkivi","og_description":"Nga Mustafa Nano, 29 shkurt 2012 \u201cMua partia nuk m\u00eb do ve\u00e7 p\u00ebr vot\u00ebn; m\u00eb do dhe p\u00ebr idet\u00eb e mia\u201d, shprehej dje n\u00eb nj\u00eb intervist\u00eb p\u00ebr t\u00eb p\u00ebrditshmen \u201cPanorama\u201d deputeti i PD-s\u00eb, Selami Xhepa. Dhe k\u00ebt\u00eb e thosh, jo se e besonte, por se donte t\u00eb p\u00ebrligjte t\u00eb drejt\u00ebn p\u00ebr t\u00eb pasur nj\u00eb q\u00ebndrim [&hellip;]","og_url":"https:\/\/fjala.info\/2009-2015\/oketa-marku-xhepa-dhe-oponenca-e-ndrojtur-brenda-pd-se\/","og_site_name":"FjALA e LIR\u00cb - Arkivi","article_published_time":"2012-03-01T10:15:22+00:00","og_image":[{"url":"http:\/\/www.shkoder.net\/2012\/berisha_grupi_parlamentar1.jpg","type":"","width":"","height":""}],"author":"admin","twitter_card":"summary_large_image","twitter_misc":{"Written by":"admin","Est. reading time":"6 minutes"},"schema":{"@context":"https:\/\/schema.org","@graph":[{"@type":"Article","@id":"https:\/\/fjala.info\/2009-2015\/oketa-marku-xhepa-dhe-oponenca-e-ndrojtur-brenda-pd-se\/#article","isPartOf":{"@id":"https:\/\/fjala.info\/2009-2015\/oketa-marku-xhepa-dhe-oponenca-e-ndrojtur-brenda-pd-se\/"},"author":{"name":"admin","@id":"https:\/\/fjala.info\/2009-2015\/#\/schema\/person\/3aa1163ef05469c496fc94e77611ada2"},"headline":"Oketa, Marku, Xhepa &#8230; dhe oponenca e ndrojtur brenda PD-s\u00eb","datePublished":"2012-03-01T10:15:22+00:00","mainEntityOfPage":{"@id":"https:\/\/fjala.info\/2009-2015\/oketa-marku-xhepa-dhe-oponenca-e-ndrojtur-brenda-pd-se\/"},"wordCount":1166,"commentCount":0,"publisher":{"@id":"https:\/\/fjala.info\/2009-2015\/#organization"},"image":{"@id":"https:\/\/fjala.info\/2009-2015\/oketa-marku-xhepa-dhe-oponenca-e-ndrojtur-brenda-pd-se\/#primaryimage"},"thumbnailUrl":"http:\/\/www.shkoder.net\/2012\/berisha_grupi_parlamentar1.jpg","articleSection":["Artikuj"],"inLanguage":"sq-AL","potentialAction":[{"@type":"CommentAction","name":"Comment","target":["https:\/\/fjala.info\/2009-2015\/oketa-marku-xhepa-dhe-oponenca-e-ndrojtur-brenda-pd-se\/#respond"]}]},{"@type":"WebPage","@id":"https:\/\/fjala.info\/2009-2015\/oketa-marku-xhepa-dhe-oponenca-e-ndrojtur-brenda-pd-se\/","url":"https:\/\/fjala.info\/2009-2015\/oketa-marku-xhepa-dhe-oponenca-e-ndrojtur-brenda-pd-se\/","name":"Oketa, Marku, Xhepa ... dhe oponenca e ndrojtur brenda PD-s\u00eb - FjALA e LIR\u00cb - Arkivi","isPartOf":{"@id":"https:\/\/fjala.info\/2009-2015\/#website"},"primaryImageOfPage":{"@id":"https:\/\/fjala.info\/2009-2015\/oketa-marku-xhepa-dhe-oponenca-e-ndrojtur-brenda-pd-se\/#primaryimage"},"image":{"@id":"https:\/\/fjala.info\/2009-2015\/oketa-marku-xhepa-dhe-oponenca-e-ndrojtur-brenda-pd-se\/#primaryimage"},"thumbnailUrl":"http:\/\/www.shkoder.net\/2012\/berisha_grupi_parlamentar1.jpg","datePublished":"2012-03-01T10:15:22+00:00","breadcrumb":{"@id":"https:\/\/fjala.info\/2009-2015\/oketa-marku-xhepa-dhe-oponenca-e-ndrojtur-brenda-pd-se\/#breadcrumb"},"inLanguage":"sq-AL","potentialAction":[{"@type":"ReadAction","target":["https:\/\/fjala.info\/2009-2015\/oketa-marku-xhepa-dhe-oponenca-e-ndrojtur-brenda-pd-se\/"]}]},{"@type":"ImageObject","inLanguage":"sq-AL","@id":"https:\/\/fjala.info\/2009-2015\/oketa-marku-xhepa-dhe-oponenca-e-ndrojtur-brenda-pd-se\/#primaryimage","url":"http:\/\/www.shkoder.net\/2012\/berisha_grupi_parlamentar1.jpg","contentUrl":"http:\/\/www.shkoder.net\/2012\/berisha_grupi_parlamentar1.jpg"},{"@type":"BreadcrumbList","@id":"https:\/\/fjala.info\/2009-2015\/oketa-marku-xhepa-dhe-oponenca-e-ndrojtur-brenda-pd-se\/#breadcrumb","itemListElement":[{"@type":"ListItem","position":1,"name":"Home","item":"https:\/\/fjala.info\/2009-2015\/"},{"@type":"ListItem","position":2,"name":"Oketa, Marku, Xhepa &#8230; dhe oponenca e ndrojtur brenda PD-s\u00eb"}]},{"@type":"WebSite","@id":"https:\/\/fjala.info\/2009-2015\/#website","url":"https:\/\/fjala.info\/2009-2015\/","name":"FjALA e LIR\u00cb - Arkivi","description":"Arkivi 2009-2015","publisher":{"@id":"https:\/\/fjala.info\/2009-2015\/#organization"},"potentialAction":[{"@type":"SearchAction","target":{"@type":"EntryPoint","urlTemplate":"https:\/\/fjala.info\/2009-2015\/?s={search_term_string}"},"query-input":{"@type":"PropertyValueSpecification","valueRequired":true,"valueName":"search_term_string"}}],"inLanguage":"sq-AL"},{"@type":"Organization","@id":"https:\/\/fjala.info\/2009-2015\/#organization","name":"FjALA e LIR\u00cb - Arkivi","url":"https:\/\/fjala.info\/2009-2015\/","logo":{"@type":"ImageObject","inLanguage":"sq-AL","@id":"https:\/\/fjala.info\/2009-2015\/#\/schema\/logo\/image\/","url":"","contentUrl":"","caption":"FjALA e LIR\u00cb - Arkivi"},"image":{"@id":"https:\/\/fjala.info\/2009-2015\/#\/schema\/logo\/image\/"}},{"@type":"Person","@id":"https:\/\/fjala.info\/2009-2015\/#\/schema\/person\/3aa1163ef05469c496fc94e77611ada2","name":"admin","image":{"@type":"ImageObject","inLanguage":"sq-AL","@id":"https:\/\/fjala.info\/2009-2015\/wp-content\/uploads\/2012\/02\/arben_cokaj-120x150.jpg","url":"https:\/\/fjala.info\/2009-2015\/wp-content\/uploads\/2012\/02\/arben_cokaj-120x150.jpg","contentUrl":"https:\/\/fjala.info\/2009-2015\/wp-content\/uploads\/2012\/02\/arben_cokaj-120x150.jpg","caption":"admin"},"description":"Admin, Fjala e Lir\u00eb","sameAs":["https:\/\/fjala.info\/"],"url":"https:\/\/fjala.info\/2009-2015\/author\/admin\/"}]}},"_links":{"self":[{"href":"https:\/\/fjala.info\/2009-2015\/wp-json\/wp\/v2\/posts\/2008","targetHints":{"allow":["GET"]}}],"collection":[{"href":"https:\/\/fjala.info\/2009-2015\/wp-json\/wp\/v2\/posts"}],"about":[{"href":"https:\/\/fjala.info\/2009-2015\/wp-json\/wp\/v2\/types\/post"}],"author":[{"embeddable":true,"href":"https:\/\/fjala.info\/2009-2015\/wp-json\/wp\/v2\/users\/1"}],"replies":[{"embeddable":true,"href":"https:\/\/fjala.info\/2009-2015\/wp-json\/wp\/v2\/comments?post=2008"}],"version-history":[{"count":0,"href":"https:\/\/fjala.info\/2009-2015\/wp-json\/wp\/v2\/posts\/2008\/revisions"}],"wp:attachment":[{"href":"https:\/\/fjala.info\/2009-2015\/wp-json\/wp\/v2\/media?parent=2008"}],"wp:term":[{"taxonomy":"category","embeddable":true,"href":"https:\/\/fjala.info\/2009-2015\/wp-json\/wp\/v2\/categories?post=2008"},{"taxonomy":"post_tag","embeddable":true,"href":"https:\/\/fjala.info\/2009-2015\/wp-json\/wp\/v2\/tags?post=2008"}],"curies":[{"name":"wp","href":"https:\/\/api.w.org\/{rel}","templated":true}]}}