{"id":2006,"date":"2012-03-01T11:11:53","date_gmt":"2012-03-01T10:11:53","guid":{"rendered":"http:\/\/fjala.shkoder.net\/?p=2006"},"modified":"2012-03-01T11:11:53","modified_gmt":"2012-03-01T10:11:53","slug":"albin-kurti-nuk-kam-ngut-per-te-ardhur-ne-pushtet-dhe-nuk-dua-te-kem-prone","status":"publish","type":"post","link":"https:\/\/fjala.info\/2009-2015\/albin-kurti-nuk-kam-ngut-per-te-ardhur-ne-pushtet-dhe-nuk-dua-te-kem-prone\/","title":{"rendered":"Albin Kurti: Nuk kam ngut p\u00ebr t\u00eb ardhur n\u00eb pushtet; dhe nuk dua t\u00eb kem pron\u00eb"},"content":{"rendered":"<p><img decoding=\"async\" class=\"alignleft size-thumbnail wp-image-7236\" title=\"Albin Kurti\" src=\"http:\/\/www.shkoder.net\/2012\/albin_kurti4.jpg\" alt=\"\" width=\"200\" \/> <strong>ResPublica.al<\/strong>, <em>29 shkurt 2012<\/em><\/p>\n<p>N\u00eb shqiptarja.com ish publikuar sot nj\u00eb intervist\u00eb me Albin Kurtin. Intervista \u00ebsht\u00eb e rubrik\u00ebs lunch.com t\u00eb gazetares Mira Kazhani, dhe n\u00eb t\u00eb Kurti dilte n\u00eb nj\u00eb drit\u00eb tjet\u00ebr. Kish pranuar t\u00eb fliste p\u00ebr jet\u00ebn e vet intime, p\u00ebr t\u00eb dashur\u00ebn (norvegjeze me emrin Rita), p\u00ebr n\u00ebn\u00ebn dhe ndikimin q\u00eb kjo e fundit ka pasur mbi Albinin, etj. Por edhe temat politike nuk kishin mbetur jasht\u00eb fokusit.<\/p>\n<p>I pyetur lidhur me Tiran\u00ebn e Prishtin\u00ebn, ai jep do p\u00ebrcaktime interesante: \u201cTirana \u00ebsht\u00eb revolucionare; p\u00ebr shkak t\u00eb shesheve t\u00eb saj. Prishtina \u00ebsht\u00eb guerrile; p\u00ebr shkak t\u00eb rrugicave t\u00eb shumta.\u201d Thot\u00eb se s\u2019ka nd\u00ebrmend kurr\u00eb t\u00eb ket\u00eb nj\u00eb pron\u00eb, as sht\u00ebpi. \u201cP\u00ebr \u00e7far\u00eb ta dua nj\u00eb sht\u00ebpi?\u201d, thot\u00eb. Optik\u00eb jo tipikisht shqiptare, apo jo? M\u00eb tej, intervistuesja i fut politik\u00ebn n\u00eb bised\u00eb. \u201cN\u00eb nj\u00eb far\u00eb kuptimi s\u2019do t\u00eb b\u00ebhem kurr\u00eb politikan. Por n\u00eb nj\u00eb kuptim tjet\u00ebr ndoshta kam qen\u00eb gjithmon\u00eb\u201d, shprehet nd\u00ebrdyshazi ai.<\/p>\n<p>Dhe tenton ta mas\u00eb dhe Vetvendosjen (VV) me k\u00ebt\u00eb kut. \u201cVV, n\u00ebse do t\u00eb vij\u00eb n\u00eb pushtet, do t\u00eb jet\u00eb fal\u00eb nj\u00eb fitoreje konceptuale t\u00eb shoq\u00ebris\u00eb. Nuk b\u00ebjm\u00eb llogari aleancash dhe koalicionesh. N\u00ebse t\u00eb duhet t\u00eb b\u00ebsh kaq shum\u00eb llogari \u00ebsht\u00eb m\u00eb bukur t\u00eb humbas\u00ebsh. Kam durimin e duhur un\u00eb dhe t\u00eb gjith\u00eb koleg\u00ebt e mi n\u00eb VV. Ne do t\u00eb jemi n\u00eb pushtet n\u00eb nj\u00eb koh\u00eb q\u00eb shoq\u00ebria do t\u00eb jet\u00eb zhvilluar aq mir\u00eb sa v\u00ebrtet un\u00eb, apo dikush tjet\u00ebr do t\u00eb jet\u00eb sh\u00ebrb\u00ebtor i heshtur.\u201d Dhe po aty ia ka qejfi t\u00eb sakt\u00ebsoj\u00eb di\u00e7ka: \u201cInstitucionet e qeveris\u00eb, kryeministria, parlamenti, nuk jan\u00eb banesa p\u00ebr politikan\u00ebt. Ata s\u2019duhet t\u00eb shnd\u00ebrrohen n\u00eb banor\u00eb dhe t\u00eb rrin\u00eb aty si n\u00eb sht\u00ebpi. Kjo \u00ebsht\u00eb e turpshme.\u201d<\/p>\n<p>Kazhani nuk e fsheh q\u00eb \u00ebsht\u00eb i t\u00ebrhequr shum\u00eb nga personaliteti i Kurtit. Kjo gj\u00eb duket gjat\u00eb gjith\u00eb intervist\u00ebs, por m\u00eb shum\u00eb duket tek m\u00ebnyra se si ajo e mbyll k\u00ebt\u00eb intervist\u00eb. Vesh kostumin e nj\u00eb opinionisteje t\u00eb sigurt\u00eb, dhe thot\u00eb: \u201cM\u00eb besoni, ky \u00ebsht\u00eb Albin Kurti. M\u00eb besoni ju lexues, por dhe ju politikan\u00eb t\u00eb Tiran\u00ebs e Prishtin\u00ebs q\u00eb lidhni fatet tona n\u00eb kollaret tuaja t\u00eb m\u00ebrzitshme. Por edhe ju nd\u00ebrkomb\u00ebtar\u00eb q\u00eb na flisni p\u00ebr forc\u00ebn dhe shpirtin vital e q\u00eb zgjidhni t\u00eb k\u00ebrceni tango me ngjalat. Ju kuptoj p\u00ebrse distancoheni nga idealizmi, sepse edhe personalisht besoj q\u00eb ai nuk ekziston, por sonte m\u2019u duk se takova nj\u00eb t\u00eb till\u00eb. Koha do m\u00eb jap\u00eb ose jo t\u00eb drejt\u00eb, por un\u00eb gjithmon\u00eb do kujtoj se nj\u00eb t\u00eb enjte t\u00eb von\u00eb n\u00eb Tiran\u00eb piva ver\u00eb t\u00eb ath\u00ebt me nj\u00eb idealist!\u201d<\/p>\n<p>Re.Pu.<\/p>\n","protected":false},"excerpt":{"rendered":"<p>ResPublica.al, 29 shkurt 2012 N\u00eb shqiptarja.com ish publikuar sot nj\u00eb intervist\u00eb me Albin Kurtin. Intervista \u00ebsht\u00eb e rubrik\u00ebs lunch.com t\u00eb gazetares Mira Kazhani, dhe n\u00eb t\u00eb Kurti dilte n\u00eb nj\u00eb drit\u00eb tjet\u00ebr. Kish pranuar t\u00eb fliste p\u00ebr jet\u00ebn e vet intime, p\u00ebr t\u00eb dashur\u00ebn (norvegjeze me emrin Rita), p\u00ebr n\u00ebn\u00ebn dhe ndikimin q\u00eb kjo e [&hellip;]<\/p>\n","protected":false},"author":1,"featured_media":0,"comment_status":"open","ping_status":"closed","sticky":false,"template":"","format":"standard","meta":{"footnotes":""},"categories":[5],"tags":[],"class_list":{"0":"post-2006","1":"post","2":"type-post","3":"status-publish","4":"format-standard","6":"category-lajme"},"yoast_head":"<!-- This site is optimized with the Yoast SEO plugin v27.4 - https:\/\/yoast.com\/product\/yoast-seo-wordpress\/ -->\n<title>Albin Kurti: Nuk kam ngut p\u00ebr t\u00eb ardhur n\u00eb pushtet; dhe nuk dua t\u00eb kem pron\u00eb - FjALA e LIR\u00cb - Arkivi<\/title>\n<meta name=\"robots\" content=\"index, follow, max-snippet:-1, max-image-preview:large, max-video-preview:-1\" \/>\n<link rel=\"canonical\" href=\"https:\/\/fjala.info\/2009-2015\/albin-kurti-nuk-kam-ngut-per-te-ardhur-ne-pushtet-dhe-nuk-dua-te-kem-prone\/\" \/>\n<meta property=\"og:locale\" content=\"sq_AL\" \/>\n<meta property=\"og:type\" content=\"article\" \/>\n<meta property=\"og:title\" content=\"Albin Kurti: Nuk kam ngut p\u00ebr t\u00eb ardhur n\u00eb pushtet; dhe nuk dua t\u00eb kem pron\u00eb - FjALA e LIR\u00cb - Arkivi\" \/>\n<meta property=\"og:description\" content=\"ResPublica.al, 29 shkurt 2012 N\u00eb shqiptarja.com ish publikuar sot nj\u00eb intervist\u00eb me Albin Kurtin. Intervista \u00ebsht\u00eb e rubrik\u00ebs lunch.com t\u00eb gazetares Mira Kazhani, dhe n\u00eb t\u00eb Kurti dilte n\u00eb nj\u00eb drit\u00eb tjet\u00ebr. Kish pranuar t\u00eb fliste p\u00ebr jet\u00ebn e vet intime, p\u00ebr t\u00eb dashur\u00ebn (norvegjeze me emrin Rita), p\u00ebr n\u00ebn\u00ebn dhe ndikimin q\u00eb kjo e [&hellip;]\" \/>\n<meta property=\"og:url\" content=\"https:\/\/fjala.info\/2009-2015\/albin-kurti-nuk-kam-ngut-per-te-ardhur-ne-pushtet-dhe-nuk-dua-te-kem-prone\/\" \/>\n<meta property=\"og:site_name\" content=\"FjALA e LIR\u00cb - Arkivi\" \/>\n<meta property=\"article:published_time\" content=\"2012-03-01T10:11:53+00:00\" \/>\n<meta property=\"og:image\" content=\"http:\/\/www.shkoder.net\/2012\/albin_kurti4.jpg\" \/>\n<meta name=\"author\" content=\"admin\" \/>\n<meta name=\"twitter:card\" content=\"summary_large_image\" \/>\n<meta name=\"twitter:label1\" content=\"Written by\" \/>\n\t<meta name=\"twitter:data1\" content=\"admin\" \/>\n\t<meta name=\"twitter:label2\" content=\"Est. reading time\" \/>\n\t<meta name=\"twitter:data2\" content=\"2 minutes\" \/>\n<script type=\"application\/ld+json\" class=\"yoast-schema-graph\">{\"@context\":\"https:\\\/\\\/schema.org\",\"@graph\":[{\"@type\":\"Article\",\"@id\":\"https:\\\/\\\/fjala.info\\\/2009-2015\\\/albin-kurti-nuk-kam-ngut-per-te-ardhur-ne-pushtet-dhe-nuk-dua-te-kem-prone\\\/#article\",\"isPartOf\":{\"@id\":\"https:\\\/\\\/fjala.info\\\/2009-2015\\\/albin-kurti-nuk-kam-ngut-per-te-ardhur-ne-pushtet-dhe-nuk-dua-te-kem-prone\\\/\"},\"author\":{\"name\":\"admin\",\"@id\":\"https:\\\/\\\/fjala.info\\\/2009-2015\\\/#\\\/schema\\\/person\\\/3aa1163ef05469c496fc94e77611ada2\"},\"headline\":\"Albin Kurti: Nuk kam ngut p\u00ebr t\u00eb ardhur n\u00eb pushtet; dhe nuk dua t\u00eb kem pron\u00eb\",\"datePublished\":\"2012-03-01T10:11:53+00:00\",\"mainEntityOfPage\":{\"@id\":\"https:\\\/\\\/fjala.info\\\/2009-2015\\\/albin-kurti-nuk-kam-ngut-per-te-ardhur-ne-pushtet-dhe-nuk-dua-te-kem-prone\\\/\"},\"wordCount\":494,\"commentCount\":0,\"publisher\":{\"@id\":\"https:\\\/\\\/fjala.info\\\/2009-2015\\\/#organization\"},\"image\":{\"@id\":\"https:\\\/\\\/fjala.info\\\/2009-2015\\\/albin-kurti-nuk-kam-ngut-per-te-ardhur-ne-pushtet-dhe-nuk-dua-te-kem-prone\\\/#primaryimage\"},\"thumbnailUrl\":\"http:\\\/\\\/www.shkoder.net\\\/2012\\\/albin_kurti4.jpg\",\"articleSection\":[\"Lajme\"],\"inLanguage\":\"sq-AL\",\"potentialAction\":[{\"@type\":\"CommentAction\",\"name\":\"Comment\",\"target\":[\"https:\\\/\\\/fjala.info\\\/2009-2015\\\/albin-kurti-nuk-kam-ngut-per-te-ardhur-ne-pushtet-dhe-nuk-dua-te-kem-prone\\\/#respond\"]}]},{\"@type\":\"WebPage\",\"@id\":\"https:\\\/\\\/fjala.info\\\/2009-2015\\\/albin-kurti-nuk-kam-ngut-per-te-ardhur-ne-pushtet-dhe-nuk-dua-te-kem-prone\\\/\",\"url\":\"https:\\\/\\\/fjala.info\\\/2009-2015\\\/albin-kurti-nuk-kam-ngut-per-te-ardhur-ne-pushtet-dhe-nuk-dua-te-kem-prone\\\/\",\"name\":\"Albin Kurti: Nuk kam ngut p\u00ebr t\u00eb ardhur n\u00eb pushtet; dhe nuk dua t\u00eb kem pron\u00eb - FjALA e LIR\u00cb - Arkivi\",\"isPartOf\":{\"@id\":\"https:\\\/\\\/fjala.info\\\/2009-2015\\\/#website\"},\"primaryImageOfPage\":{\"@id\":\"https:\\\/\\\/fjala.info\\\/2009-2015\\\/albin-kurti-nuk-kam-ngut-per-te-ardhur-ne-pushtet-dhe-nuk-dua-te-kem-prone\\\/#primaryimage\"},\"image\":{\"@id\":\"https:\\\/\\\/fjala.info\\\/2009-2015\\\/albin-kurti-nuk-kam-ngut-per-te-ardhur-ne-pushtet-dhe-nuk-dua-te-kem-prone\\\/#primaryimage\"},\"thumbnailUrl\":\"http:\\\/\\\/www.shkoder.net\\\/2012\\\/albin_kurti4.jpg\",\"datePublished\":\"2012-03-01T10:11:53+00:00\",\"breadcrumb\":{\"@id\":\"https:\\\/\\\/fjala.info\\\/2009-2015\\\/albin-kurti-nuk-kam-ngut-per-te-ardhur-ne-pushtet-dhe-nuk-dua-te-kem-prone\\\/#breadcrumb\"},\"inLanguage\":\"sq-AL\",\"potentialAction\":[{\"@type\":\"ReadAction\",\"target\":[\"https:\\\/\\\/fjala.info\\\/2009-2015\\\/albin-kurti-nuk-kam-ngut-per-te-ardhur-ne-pushtet-dhe-nuk-dua-te-kem-prone\\\/\"]}]},{\"@type\":\"ImageObject\",\"inLanguage\":\"sq-AL\",\"@id\":\"https:\\\/\\\/fjala.info\\\/2009-2015\\\/albin-kurti-nuk-kam-ngut-per-te-ardhur-ne-pushtet-dhe-nuk-dua-te-kem-prone\\\/#primaryimage\",\"url\":\"http:\\\/\\\/www.shkoder.net\\\/2012\\\/albin_kurti4.jpg\",\"contentUrl\":\"http:\\\/\\\/www.shkoder.net\\\/2012\\\/albin_kurti4.jpg\"},{\"@type\":\"BreadcrumbList\",\"@id\":\"https:\\\/\\\/fjala.info\\\/2009-2015\\\/albin-kurti-nuk-kam-ngut-per-te-ardhur-ne-pushtet-dhe-nuk-dua-te-kem-prone\\\/#breadcrumb\",\"itemListElement\":[{\"@type\":\"ListItem\",\"position\":1,\"name\":\"Home\",\"item\":\"https:\\\/\\\/fjala.info\\\/2009-2015\\\/\"},{\"@type\":\"ListItem\",\"position\":2,\"name\":\"Albin Kurti: Nuk kam ngut p\u00ebr t\u00eb ardhur n\u00eb pushtet; dhe nuk dua t\u00eb kem pron\u00eb\"}]},{\"@type\":\"WebSite\",\"@id\":\"https:\\\/\\\/fjala.info\\\/2009-2015\\\/#website\",\"url\":\"https:\\\/\\\/fjala.info\\\/2009-2015\\\/\",\"name\":\"FjALA e LIR\u00cb - Arkivi\",\"description\":\"Arkivi 2009-2015\",\"publisher\":{\"@id\":\"https:\\\/\\\/fjala.info\\\/2009-2015\\\/#organization\"},\"potentialAction\":[{\"@type\":\"SearchAction\",\"target\":{\"@type\":\"EntryPoint\",\"urlTemplate\":\"https:\\\/\\\/fjala.info\\\/2009-2015\\\/?s={search_term_string}\"},\"query-input\":{\"@type\":\"PropertyValueSpecification\",\"valueRequired\":true,\"valueName\":\"search_term_string\"}}],\"inLanguage\":\"sq-AL\"},{\"@type\":\"Organization\",\"@id\":\"https:\\\/\\\/fjala.info\\\/2009-2015\\\/#organization\",\"name\":\"FjALA e LIR\u00cb - Arkivi\",\"url\":\"https:\\\/\\\/fjala.info\\\/2009-2015\\\/\",\"logo\":{\"@type\":\"ImageObject\",\"inLanguage\":\"sq-AL\",\"@id\":\"https:\\\/\\\/fjala.info\\\/2009-2015\\\/#\\\/schema\\\/logo\\\/image\\\/\",\"url\":\"\",\"contentUrl\":\"\",\"caption\":\"FjALA e LIR\u00cb - Arkivi\"},\"image\":{\"@id\":\"https:\\\/\\\/fjala.info\\\/2009-2015\\\/#\\\/schema\\\/logo\\\/image\\\/\"}},{\"@type\":\"Person\",\"@id\":\"https:\\\/\\\/fjala.info\\\/2009-2015\\\/#\\\/schema\\\/person\\\/3aa1163ef05469c496fc94e77611ada2\",\"name\":\"admin\",\"image\":{\"@type\":\"ImageObject\",\"inLanguage\":\"sq-AL\",\"@id\":\"https:\\\/\\\/fjala.info\\\/2009-2015\\\/wp-content\\\/uploads\\\/2012\\\/02\\\/arben_cokaj-120x150.jpg\",\"url\":\"https:\\\/\\\/fjala.info\\\/2009-2015\\\/wp-content\\\/uploads\\\/2012\\\/02\\\/arben_cokaj-120x150.jpg\",\"contentUrl\":\"https:\\\/\\\/fjala.info\\\/2009-2015\\\/wp-content\\\/uploads\\\/2012\\\/02\\\/arben_cokaj-120x150.jpg\",\"caption\":\"admin\"},\"description\":\"Admin, Fjala e Lir\u00eb\",\"sameAs\":[\"https:\\\/\\\/fjala.info\\\/\"],\"url\":\"https:\\\/\\\/fjala.info\\\/2009-2015\\\/author\\\/admin\\\/\"}]}<\/script>\n<!-- \/ Yoast SEO plugin. -->","yoast_head_json":{"title":"Albin Kurti: Nuk kam ngut p\u00ebr t\u00eb ardhur n\u00eb pushtet; dhe nuk dua t\u00eb kem pron\u00eb - FjALA e LIR\u00cb - Arkivi","robots":{"index":"index","follow":"follow","max-snippet":"max-snippet:-1","max-image-preview":"max-image-preview:large","max-video-preview":"max-video-preview:-1"},"canonical":"https:\/\/fjala.info\/2009-2015\/albin-kurti-nuk-kam-ngut-per-te-ardhur-ne-pushtet-dhe-nuk-dua-te-kem-prone\/","og_locale":"sq_AL","og_type":"article","og_title":"Albin Kurti: Nuk kam ngut p\u00ebr t\u00eb ardhur n\u00eb pushtet; dhe nuk dua t\u00eb kem pron\u00eb - FjALA e LIR\u00cb - Arkivi","og_description":"ResPublica.al, 29 shkurt 2012 N\u00eb shqiptarja.com ish publikuar sot nj\u00eb intervist\u00eb me Albin Kurtin. Intervista \u00ebsht\u00eb e rubrik\u00ebs lunch.com t\u00eb gazetares Mira Kazhani, dhe n\u00eb t\u00eb Kurti dilte n\u00eb nj\u00eb drit\u00eb tjet\u00ebr. Kish pranuar t\u00eb fliste p\u00ebr jet\u00ebn e vet intime, p\u00ebr t\u00eb dashur\u00ebn (norvegjeze me emrin Rita), p\u00ebr n\u00ebn\u00ebn dhe ndikimin q\u00eb kjo e [&hellip;]","og_url":"https:\/\/fjala.info\/2009-2015\/albin-kurti-nuk-kam-ngut-per-te-ardhur-ne-pushtet-dhe-nuk-dua-te-kem-prone\/","og_site_name":"FjALA e LIR\u00cb - Arkivi","article_published_time":"2012-03-01T10:11:53+00:00","og_image":[{"url":"http:\/\/www.shkoder.net\/2012\/albin_kurti4.jpg","type":"","width":"","height":""}],"author":"admin","twitter_card":"summary_large_image","twitter_misc":{"Written by":"admin","Est. reading time":"2 minutes"},"schema":{"@context":"https:\/\/schema.org","@graph":[{"@type":"Article","@id":"https:\/\/fjala.info\/2009-2015\/albin-kurti-nuk-kam-ngut-per-te-ardhur-ne-pushtet-dhe-nuk-dua-te-kem-prone\/#article","isPartOf":{"@id":"https:\/\/fjala.info\/2009-2015\/albin-kurti-nuk-kam-ngut-per-te-ardhur-ne-pushtet-dhe-nuk-dua-te-kem-prone\/"},"author":{"name":"admin","@id":"https:\/\/fjala.info\/2009-2015\/#\/schema\/person\/3aa1163ef05469c496fc94e77611ada2"},"headline":"Albin Kurti: Nuk kam ngut p\u00ebr t\u00eb ardhur n\u00eb pushtet; dhe nuk dua t\u00eb kem pron\u00eb","datePublished":"2012-03-01T10:11:53+00:00","mainEntityOfPage":{"@id":"https:\/\/fjala.info\/2009-2015\/albin-kurti-nuk-kam-ngut-per-te-ardhur-ne-pushtet-dhe-nuk-dua-te-kem-prone\/"},"wordCount":494,"commentCount":0,"publisher":{"@id":"https:\/\/fjala.info\/2009-2015\/#organization"},"image":{"@id":"https:\/\/fjala.info\/2009-2015\/albin-kurti-nuk-kam-ngut-per-te-ardhur-ne-pushtet-dhe-nuk-dua-te-kem-prone\/#primaryimage"},"thumbnailUrl":"http:\/\/www.shkoder.net\/2012\/albin_kurti4.jpg","articleSection":["Lajme"],"inLanguage":"sq-AL","potentialAction":[{"@type":"CommentAction","name":"Comment","target":["https:\/\/fjala.info\/2009-2015\/albin-kurti-nuk-kam-ngut-per-te-ardhur-ne-pushtet-dhe-nuk-dua-te-kem-prone\/#respond"]}]},{"@type":"WebPage","@id":"https:\/\/fjala.info\/2009-2015\/albin-kurti-nuk-kam-ngut-per-te-ardhur-ne-pushtet-dhe-nuk-dua-te-kem-prone\/","url":"https:\/\/fjala.info\/2009-2015\/albin-kurti-nuk-kam-ngut-per-te-ardhur-ne-pushtet-dhe-nuk-dua-te-kem-prone\/","name":"Albin Kurti: Nuk kam ngut p\u00ebr t\u00eb ardhur n\u00eb pushtet; dhe nuk dua t\u00eb kem pron\u00eb - FjALA e LIR\u00cb - Arkivi","isPartOf":{"@id":"https:\/\/fjala.info\/2009-2015\/#website"},"primaryImageOfPage":{"@id":"https:\/\/fjala.info\/2009-2015\/albin-kurti-nuk-kam-ngut-per-te-ardhur-ne-pushtet-dhe-nuk-dua-te-kem-prone\/#primaryimage"},"image":{"@id":"https:\/\/fjala.info\/2009-2015\/albin-kurti-nuk-kam-ngut-per-te-ardhur-ne-pushtet-dhe-nuk-dua-te-kem-prone\/#primaryimage"},"thumbnailUrl":"http:\/\/www.shkoder.net\/2012\/albin_kurti4.jpg","datePublished":"2012-03-01T10:11:53+00:00","breadcrumb":{"@id":"https:\/\/fjala.info\/2009-2015\/albin-kurti-nuk-kam-ngut-per-te-ardhur-ne-pushtet-dhe-nuk-dua-te-kem-prone\/#breadcrumb"},"inLanguage":"sq-AL","potentialAction":[{"@type":"ReadAction","target":["https:\/\/fjala.info\/2009-2015\/albin-kurti-nuk-kam-ngut-per-te-ardhur-ne-pushtet-dhe-nuk-dua-te-kem-prone\/"]}]},{"@type":"ImageObject","inLanguage":"sq-AL","@id":"https:\/\/fjala.info\/2009-2015\/albin-kurti-nuk-kam-ngut-per-te-ardhur-ne-pushtet-dhe-nuk-dua-te-kem-prone\/#primaryimage","url":"http:\/\/www.shkoder.net\/2012\/albin_kurti4.jpg","contentUrl":"http:\/\/www.shkoder.net\/2012\/albin_kurti4.jpg"},{"@type":"BreadcrumbList","@id":"https:\/\/fjala.info\/2009-2015\/albin-kurti-nuk-kam-ngut-per-te-ardhur-ne-pushtet-dhe-nuk-dua-te-kem-prone\/#breadcrumb","itemListElement":[{"@type":"ListItem","position":1,"name":"Home","item":"https:\/\/fjala.info\/2009-2015\/"},{"@type":"ListItem","position":2,"name":"Albin Kurti: Nuk kam ngut p\u00ebr t\u00eb ardhur n\u00eb pushtet; dhe nuk dua t\u00eb kem pron\u00eb"}]},{"@type":"WebSite","@id":"https:\/\/fjala.info\/2009-2015\/#website","url":"https:\/\/fjala.info\/2009-2015\/","name":"FjALA e LIR\u00cb - Arkivi","description":"Arkivi 2009-2015","publisher":{"@id":"https:\/\/fjala.info\/2009-2015\/#organization"},"potentialAction":[{"@type":"SearchAction","target":{"@type":"EntryPoint","urlTemplate":"https:\/\/fjala.info\/2009-2015\/?s={search_term_string}"},"query-input":{"@type":"PropertyValueSpecification","valueRequired":true,"valueName":"search_term_string"}}],"inLanguage":"sq-AL"},{"@type":"Organization","@id":"https:\/\/fjala.info\/2009-2015\/#organization","name":"FjALA e LIR\u00cb - Arkivi","url":"https:\/\/fjala.info\/2009-2015\/","logo":{"@type":"ImageObject","inLanguage":"sq-AL","@id":"https:\/\/fjala.info\/2009-2015\/#\/schema\/logo\/image\/","url":"","contentUrl":"","caption":"FjALA e LIR\u00cb - Arkivi"},"image":{"@id":"https:\/\/fjala.info\/2009-2015\/#\/schema\/logo\/image\/"}},{"@type":"Person","@id":"https:\/\/fjala.info\/2009-2015\/#\/schema\/person\/3aa1163ef05469c496fc94e77611ada2","name":"admin","image":{"@type":"ImageObject","inLanguage":"sq-AL","@id":"https:\/\/fjala.info\/2009-2015\/wp-content\/uploads\/2012\/02\/arben_cokaj-120x150.jpg","url":"https:\/\/fjala.info\/2009-2015\/wp-content\/uploads\/2012\/02\/arben_cokaj-120x150.jpg","contentUrl":"https:\/\/fjala.info\/2009-2015\/wp-content\/uploads\/2012\/02\/arben_cokaj-120x150.jpg","caption":"admin"},"description":"Admin, Fjala e Lir\u00eb","sameAs":["https:\/\/fjala.info\/"],"url":"https:\/\/fjala.info\/2009-2015\/author\/admin\/"}]}},"_links":{"self":[{"href":"https:\/\/fjala.info\/2009-2015\/wp-json\/wp\/v2\/posts\/2006","targetHints":{"allow":["GET"]}}],"collection":[{"href":"https:\/\/fjala.info\/2009-2015\/wp-json\/wp\/v2\/posts"}],"about":[{"href":"https:\/\/fjala.info\/2009-2015\/wp-json\/wp\/v2\/types\/post"}],"author":[{"embeddable":true,"href":"https:\/\/fjala.info\/2009-2015\/wp-json\/wp\/v2\/users\/1"}],"replies":[{"embeddable":true,"href":"https:\/\/fjala.info\/2009-2015\/wp-json\/wp\/v2\/comments?post=2006"}],"version-history":[{"count":0,"href":"https:\/\/fjala.info\/2009-2015\/wp-json\/wp\/v2\/posts\/2006\/revisions"}],"wp:attachment":[{"href":"https:\/\/fjala.info\/2009-2015\/wp-json\/wp\/v2\/media?parent=2006"}],"wp:term":[{"taxonomy":"category","embeddable":true,"href":"https:\/\/fjala.info\/2009-2015\/wp-json\/wp\/v2\/categories?post=2006"},{"taxonomy":"post_tag","embeddable":true,"href":"https:\/\/fjala.info\/2009-2015\/wp-json\/wp\/v2\/tags?post=2006"}],"curies":[{"name":"wp","href":"https:\/\/api.w.org\/{rel}","templated":true}]}}