{"id":1997,"date":"2012-03-01T08:41:29","date_gmt":"2012-03-01T07:41:29","guid":{"rendered":"http:\/\/fjala.shkoder.net\/?p=1997"},"modified":"2012-03-01T08:41:29","modified_gmt":"2012-03-01T07:41:29","slug":"qytetari-i-mire-borat-paguan-pijet","status":"publish","type":"post","link":"https:\/\/fjala.info\/2009-2015\/qytetari-i-mire-borat-paguan-pijet\/","title":{"rendered":"Qytetari i mir\u00eb Borat paguan pijet"},"content":{"rendered":"<p><img decoding=\"async\" class=\"alignleft size-thumbnail wp-image-7236\" title=\"Albin Kurti\" src=\"http:\/\/www.shkoder.net\/2012\/albin_kurti4.jpg\" alt=\"\" width=\"200\" \/> Nga <strong>Albin Kurti<\/strong>, <em>29 Shkurt 2012<\/em><\/p>\n<p>Gilles Deleuze ka b\u00ebr\u00eb nj\u00eb seri interesante t\u00eb intervistave nga fundi i jet\u00ebs s\u00eb tij. Ato njihen si Abecedaire dhe p\u00ebrb\u00ebhen prej epizodave t\u00eb p\u00ebrsiatjeve filozofike t\u00eb atyp\u00ebratyshme t\u00eb Deleuze. P\u00ebr secil\u00ebn shkronj\u00eb \u00ebsht\u00eb zgjedhur nga nj\u00eb fjal\u00eb dhe mandej ajo \u00ebsht\u00eb fabrikuar n\u00eb koncept filozofik p\u00ebrbrenda pak minutave. Ky dokumentar francez zgjat gjithsej tet\u00eb or\u00eb, pra aq sa orari normal i pun\u00ebs. K\u00ebshtu, te epizodi A kemi filozofimin p\u00ebr kafsh\u00ebn (animal), te epizodi D kemi d\u00ebshir\u00ebn (d\u00e9sir), te M s\u00ebmundjen (maladie), te ai R rezistenc\u00ebn (r\u00e9sistance), e deri te epizodi Z ku kemi trajtimin e fjal\u00ebs Zig-zag.<\/p>\n<p>Te shkronja B Gilles Deleuze flet p\u00ebr pijen (boisson). Ai thot\u00eb q\u00eb pija e alkoolistit konsiston te sasia, pra te v\u00ebllimi i asaj q\u00eb ai pin. Natyrisht q\u00eb secili alkoolist ka pijen e tij t\u00eb preferuar mir\u00ebpo p\u00ebrbrenda asaj kornize ai shquan sasin\u00eb. Deleuze thot\u00eb q\u00eb kjo gj\u00eb i b\u00ebn qesharak\u00eb ata q\u00eb varen nga droga ose alkooli nd\u00ebrkoh\u00eb q\u00eb thon\u00eb se \u201dUn\u00eb jam n\u00ebn kontroll, mund ta ndaloj pijen kurdo q\u00eb dua\u201d. Sepse, thjesht, ata nuk e din\u00eb se \u00e7far\u00eb po thon\u00eb.<\/p>\n<p>Kur alkoolisti pi, ai d\u00ebshiron t\u00eb arrij\u00eb te gota e fundit. T\u00eb pirit do t\u00eb thot\u00eb t\u00eb b\u00ebsh gjith\u00e7ka p\u00ebr t\u00eb arritur te gota e fundit. Alkoolisti \u00ebsht\u00eb dikush q\u00eb kurr\u00eb nuk ndalet s\u00eb piri, q\u00eb kurr\u00eb nuk e mb\u00ebrrin got\u00ebn e tij t\u00eb fundit pas s\u00eb cil\u00ebs do t\u00eb mund t\u00eb thoshte se nuk pi m\u00eb. Pra, alkoolisti zgjohet n\u00eb m\u00ebngjes dhe fillon t\u00eb pij\u00eb drejt got\u00ebs s\u00eb tij t\u00eb fundit. Nuk \u00ebsht\u00eb e r\u00ebnd\u00ebsishme gota e tij e par\u00eb, e dyt\u00eb apo e tret\u00eb. Gota e fundit \u00ebsht\u00eb e r\u00ebnd\u00ebsishme, sepse ajo paraqet destinimin e synuar q\u00eb i imponon gotat paraprake nj\u00ebr\u00ebn pas tjetr\u00ebs. Alkoolisti vler\u00ebson (dmth. alkoolisti megjithat\u00eb vler\u00ebson) se sa mund t\u00eb mbaj\u00eb pije pa kolapsuar. Ai e vler\u00ebson pijen e fundit dhe gotat e tjera renditen drejt k\u00ebsaj got\u00ebs s\u00eb fundit q\u00eb \u00ebsht\u00eb n\u00eb pritje.<\/p>\n<p>Mir\u00ebpo, \u00e7ka do t\u00eb thot\u00eb kjo \u2018gota e fundit\u2019? Cili \u00ebsht\u00eb kuptimi i \u2018got\u00ebs s\u00eb fundit\u2019? Gota e fundit do t\u00eb thot\u00eb q\u00eb nuk mund t\u00eb ket\u00eb got\u00eb tjet\u00ebr sot pas got\u00ebs s\u00eb fundit, nuk mund t\u00eb ket\u00eb edhe nj\u00eb got\u00eb m\u00eb shum\u00eb n\u00eb at\u00eb dit\u00eb t\u00eb ve\u00e7ant\u00eb. Gota e fundit \u00ebsht\u00eb gota e fundit SOT, e cila do t\u00eb mund\u00ebsonte fillimin e s\u00ebrish\u00ebm t\u00eb pijes NES\u00cbR. Po qe se alkoolisti do ta arrinte nj\u00ebmend got\u00ebn e fundit, at\u00ebher\u00eb ajo do ta tejkalonte pushtetin e tij. N\u00eb at\u00eb rast, alkoolisti do t\u00eb kolapsonte duke p\u00ebrfunduar n\u00eb spital, duke e ndryshuar sjelljen e t\u00eb pirit \u2013 n\u00eb p\u00ebrgjith\u00ebsi, duke kaluar n\u00eb nj\u00eb aranzhman krejt\u00ebsisht tjet\u00ebr.<\/p>\n<p>Gota e fundit e paarritur mund\u00ebson q\u00eb alkoolisti ta ket\u00eb pushtetin. Kjo \u00ebsht\u00eb arsyeja pse kur alkoolisti thot\u00eb \u2018gota e fundit\u2019, n\u00eb t\u00eb v\u00ebrtet\u00eb, b\u00ebhet fjal\u00eb p\u00ebr got\u00ebn e parafundit. Po, pra, alkoolisti \u00ebsht\u00eb n\u00eb k\u00ebrkim t\u00eb got\u00ebs s\u00eb parafundit. Jo n\u00eb k\u00ebrkim t\u00eb got\u00ebs s\u00eb fundit \u2013 sepse gota e fundit do t\u00eb ishte fundi \u2013 por n\u00eb k\u00ebrkim t\u00eb got\u00ebs s\u00eb parafundit. Gota e parafundit \u00ebsht\u00eb gota e fundit para rifillimit t\u00eb pijes n\u00eb dit\u00ebn e ardhshme. K\u00ebsisoj, alkoolist\u00ebt q\u00eb thon\u00eb se nes\u00ebr do ta l\u00ebn\u00eb pijen, n\u00eb fakt, thon\u00eb q\u00eb po e l\u00ebn\u00eb pijen sonte p\u00ebr ta filluar at\u00eb p\u00ebrs\u00ebri nes\u00ebr. T\u00eb pish do t\u00eb thot\u00eb t\u00eb mos ndalesh s\u00eb piri.<\/p>\n<p>Dihet q\u00eb problemi konsiston te nevoja p\u00ebr t\u00eb pir\u00eb e alkoolistit: vet\u00ebm kur pi alkoolisti b\u00ebhet normal, vet\u00ebm kur pi ai ndodhet n\u00eb maje. Alkoolisti pi drejt kolapsit t\u00eb tij pik\u00ebrisht q\u00eb t\u00eb mos koplapsoj\u00eb. Ai nuk \u00ebsht\u00eb normal pik\u00ebrisht q\u00eb t\u00eb mund t\u00eb mbetet normal. Ndoshta n\u00eb fillim alkoolisti ka pir\u00eb q\u00eb t\u00eb mos punoj\u00eb, mir\u00ebpo m\u00eb von\u00eb ai s\u2019mund t\u00eb punoj\u00eb gj\u00eb pa pir\u00eb.<\/p>\n<p>Me k\u00ebto bisedimet e vazhdueshme me Serbin\u00eb n\u00eb t\u00eb cilat kemi koncesione po aq t\u00eb vazhdueshme ndaj saj, Qeveria e Kosov\u00ebs m\u00eb ngjan mu si nj\u00eb klub alkoolist\u00ebsh t\u00eb varur nga pija. Qeveritar\u00ebt kosovar\u00eb t\u00eb udh\u00ebhequr nga kryeministri aktual e t\u00eb cil\u00ebt po negociojn\u00eb me Serbin\u00eb jan\u00eb pik\u00ebrisht si alkoolist\u00ebt.<\/p>\n<p>Pija e tyre \u00ebsht\u00eb koncesioni. Edhe nj\u00eb got\u00eb m\u00eb shum\u00eb do t\u00eb thot\u00eb edhe nj\u00eb got\u00eb m\u00eb shum\u00eb e pijes s\u00eb tyre t\u00eb preferuar. Edhe nj\u00eb got\u00eb m\u00eb shum\u00eb do t\u00eb thot\u00eb edhe nj\u00eb koncesion m\u00eb shum\u00eb ndaj Serbis\u00eb. Kemi premtime p\u00ebr fundin e koncesioneve pa arritur ta shohim asnj\u00ebher\u00eb koncesionin e fundit. Ata b\u00ebjn\u00eb koncesione drejt koncesionit t\u00eb fundit t\u00eb cilin s\u2019e arrijn\u00eb dot. Koncesioni i fundit \u00ebsht\u00eb ve\u00e7se koncesion i fundit n\u00eb raudin e fundit t\u00eb bisedimeve para raundit t\u00eb ardhsh\u00ebm q\u00eb nis me koncesione t\u00eb tjera.<\/p>\n<p>K\u00ebta dialogues prej alkoolist\u00ebsh jan\u00eb t\u00eb varur nga pija e tyre. N\u00ebse nuk pijn\u00eb nuk jan\u00eb asgj\u00eb; n\u00ebse pijn\u00eb jan\u00eb gjith\u00e7ka. Jetojn\u00eb p\u00ebr t\u00eb pir\u00eb por edhe pijn\u00eb p\u00ebr t\u00eb jetuar. Pa koncesionet ndaj Serbis\u00eb nuk mund t\u00eb mbeten n\u00eb pushtet. Duke l\u00ebshuar pe ndaj Serbis\u00eb mbesin t\u00eb p\u00ebrdorsh\u00ebm p\u00ebr Brukselin.<\/p>\n<p>Kush do ta paguaj\u00eb fatur\u00ebn e k\u00ebsaj pijeje t\u00eb tyre? Cil\u00ebt jan\u00eb ata q\u00eb do t\u00eb merren me llogarin\u00eb e gjat\u00eb n\u00eb m\u00ebngjes, n\u00eb secilin m\u00ebngjes? Qytetar\u00ebt e Kosov\u00ebs, natyrisht. Qytetar\u00ebt si taksapagues p\u00ebr buxhetin q\u00eb vidhet. Qytetar\u00ebt si votues t\u00eb zgjedhjeve q\u00eb manipulohen. Qytetar\u00ebt si burim i sovranitetit n\u00eb territorin q\u00eb rrudhet. Qytetar\u00ebt si n\u00ebnshtetas t\u00eb shtetit q\u00eb po d\u00ebshton.<\/p>\n<p>Mir\u00ebpo, s\u00eb fundi, po thon\u00eb se k\u00ebta qytetar\u00eb jan\u00eb dy llojesh: antiamerikan\u00ebt dhe antievropian\u00ebt n\u00eb nj\u00ebr\u00ebn an\u00eb, dhe t\u00eb tjer\u00ebt q\u00eb s\u2019jan\u00eb t\u00eb till\u00eb, n\u00eb an\u00ebn tjet\u00ebr. Antiamerikan\u00ebt dhe antievropian\u00ebt nuk jan\u00eb ata q\u00eb nuk e duan Amerik\u00ebn dhe Evrop\u00ebn. Jo. Ti mund ta duash Amerik\u00ebn dhe Evrop\u00ebn, por varet se si i do ato, varet nga lloji i dashuris\u00eb q\u00eb ke p\u00ebr to. Antiamerikan\u00ebt dhe antievropian\u00ebt jan\u00eb t\u00eb gjith\u00eb ata q\u00eb nuk e duan Amerik\u00ebn dhe Evrop\u00ebn ashtu si\u00e7 e do Borati i famsh\u00ebm Amerik\u00ebn kur thot\u00eb \u201dI love U.S. of A!\u201d (aktruar nga Sacha Baron Cohen).<\/p>\n<p>Pra, nuk mjaftosh ta duash Amerik\u00ebn p\u00ebr t\u2019u quajtur pro-amerikan. Duhet t\u00eb kesh\u00eb kujdes q\u00eb Amerik\u00ebn ta duash vet\u00ebm si Borati n\u00eb m\u00ebnyr\u00eb q\u00eb t\u00eb mos akuzohesh si antiamerikan. Nuk \u00ebsht\u00eb \u00e7\u00ebshtja vet\u00ebm q\u00eb ta duash Amerik\u00ebn. Amerik\u00ebn duhet ta duash vet\u00ebm n\u00eb nj\u00eb tip t\u00eb posa\u00e7\u00ebm t\u00eb dashuris\u00eb. Amerik\u00ebn duhet ta duash si nj\u00eb idiot i k\u00ebndsh\u00ebm, si nj\u00eb injorant arg\u00ebtues. Qytetari i mir\u00eb i Kosov\u00ebs \u00ebsht\u00eb vet\u00ebm Borati. Qytetari q\u00eb nuk e do Amerik\u00ebn, si\u00e7 e do at\u00eb Borati, \u00ebsht\u00eb qytetar antiamerikan. Sepse, mu ky qytetari i Kosov\u00ebs, mu ky qytetari i mir\u00eb i Kosov\u00ebs, duhet t\u00eb paguaj\u00eb faturat e negociator\u00ebve prej alkoolist\u00ebsh, pa b\u00ebr\u00eb z\u00eb p\u00ebrve\u00e7 at\u00ebher\u00eb kur qeshet me z\u00eb.<\/p>\n<p>N\u00eb shtetet pa fusnot\u00eb mund ta duash Boratin, mund ta urresh Boratin, mund t\u00eb q\u00ebndrosh indiferent ndaj tij. N\u00eb shtetin e vet\u00ebm n\u00eb bot\u00eb q\u00eb ka fusnot\u00eb, je i detyruar t\u00eb b\u00ebhesh Borati. Realiteti i vet\u00ebm k\u00ebtu posht\u00eb i duruesh\u00ebm prej atyre lart \u00ebsht\u00eb nj\u00eb simulacra: prej nesh k\u00ebrkohet t\u00eb jetohet p\u00ebrbrenda aktrimit t\u00eb aktrimit.<\/p>\n","protected":false},"excerpt":{"rendered":"<p>Nga Albin Kurti, 29 Shkurt 2012 Gilles Deleuze ka b\u00ebr\u00eb nj\u00eb seri interesante t\u00eb intervistave nga fundi i jet\u00ebs s\u00eb tij. Ato njihen si Abecedaire dhe p\u00ebrb\u00ebhen prej epizodave t\u00eb p\u00ebrsiatjeve filozofike t\u00eb atyp\u00ebratyshme t\u00eb Deleuze. P\u00ebr secil\u00ebn shkronj\u00eb \u00ebsht\u00eb zgjedhur nga nj\u00eb fjal\u00eb dhe mandej ajo \u00ebsht\u00eb fabrikuar n\u00eb koncept filozofik p\u00ebrbrenda pak minutave. [&hellip;]<\/p>\n","protected":false},"author":1,"featured_media":0,"comment_status":"open","ping_status":"closed","sticky":false,"template":"","format":"standard","meta":{"footnotes":""},"categories":[2],"tags":[],"class_list":{"0":"post-1997","1":"post","2":"type-post","3":"status-publish","4":"format-standard","6":"category-artikuj"},"yoast_head":"<!-- This site is optimized with the Yoast SEO plugin v27.4 - https:\/\/yoast.com\/product\/yoast-seo-wordpress\/ -->\n<title>Qytetari i mir\u00eb Borat paguan pijet - FjALA e LIR\u00cb - Arkivi<\/title>\n<meta name=\"robots\" content=\"index, follow, max-snippet:-1, max-image-preview:large, max-video-preview:-1\" \/>\n<link rel=\"canonical\" href=\"https:\/\/fjala.info\/2009-2015\/qytetari-i-mire-borat-paguan-pijet\/\" \/>\n<meta property=\"og:locale\" content=\"sq_AL\" \/>\n<meta property=\"og:type\" content=\"article\" \/>\n<meta property=\"og:title\" content=\"Qytetari i mir\u00eb Borat paguan pijet - FjALA e LIR\u00cb - Arkivi\" \/>\n<meta property=\"og:description\" content=\"Nga Albin Kurti, 29 Shkurt 2012 Gilles Deleuze ka b\u00ebr\u00eb nj\u00eb seri interesante t\u00eb intervistave nga fundi i jet\u00ebs s\u00eb tij. Ato njihen si Abecedaire dhe p\u00ebrb\u00ebhen prej epizodave t\u00eb p\u00ebrsiatjeve filozofike t\u00eb atyp\u00ebratyshme t\u00eb Deleuze. P\u00ebr secil\u00ebn shkronj\u00eb \u00ebsht\u00eb zgjedhur nga nj\u00eb fjal\u00eb dhe mandej ajo \u00ebsht\u00eb fabrikuar n\u00eb koncept filozofik p\u00ebrbrenda pak minutave. [&hellip;]\" \/>\n<meta property=\"og:url\" content=\"https:\/\/fjala.info\/2009-2015\/qytetari-i-mire-borat-paguan-pijet\/\" \/>\n<meta property=\"og:site_name\" content=\"FjALA e LIR\u00cb - Arkivi\" \/>\n<meta property=\"article:published_time\" content=\"2012-03-01T07:41:29+00:00\" \/>\n<meta property=\"og:image\" content=\"http:\/\/www.shkoder.net\/2012\/albin_kurti4.jpg\" \/>\n<meta name=\"author\" content=\"admin\" \/>\n<meta name=\"twitter:card\" content=\"summary_large_image\" \/>\n<meta name=\"twitter:label1\" content=\"Written by\" \/>\n\t<meta name=\"twitter:data1\" content=\"admin\" \/>\n\t<meta name=\"twitter:label2\" content=\"Est. reading time\" \/>\n\t<meta name=\"twitter:data2\" content=\"7 minutes\" \/>\n<script type=\"application\/ld+json\" class=\"yoast-schema-graph\">{\"@context\":\"https:\\\/\\\/schema.org\",\"@graph\":[{\"@type\":\"Article\",\"@id\":\"https:\\\/\\\/fjala.info\\\/2009-2015\\\/qytetari-i-mire-borat-paguan-pijet\\\/#article\",\"isPartOf\":{\"@id\":\"https:\\\/\\\/fjala.info\\\/2009-2015\\\/qytetari-i-mire-borat-paguan-pijet\\\/\"},\"author\":{\"name\":\"admin\",\"@id\":\"https:\\\/\\\/fjala.info\\\/2009-2015\\\/#\\\/schema\\\/person\\\/3aa1163ef05469c496fc94e77611ada2\"},\"headline\":\"Qytetari i mir\u00eb Borat paguan pijet\",\"datePublished\":\"2012-03-01T07:41:29+00:00\",\"mainEntityOfPage\":{\"@id\":\"https:\\\/\\\/fjala.info\\\/2009-2015\\\/qytetari-i-mire-borat-paguan-pijet\\\/\"},\"wordCount\":1330,\"commentCount\":0,\"publisher\":{\"@id\":\"https:\\\/\\\/fjala.info\\\/2009-2015\\\/#organization\"},\"image\":{\"@id\":\"https:\\\/\\\/fjala.info\\\/2009-2015\\\/qytetari-i-mire-borat-paguan-pijet\\\/#primaryimage\"},\"thumbnailUrl\":\"http:\\\/\\\/www.shkoder.net\\\/2012\\\/albin_kurti4.jpg\",\"articleSection\":[\"Artikuj\"],\"inLanguage\":\"sq-AL\",\"potentialAction\":[{\"@type\":\"CommentAction\",\"name\":\"Comment\",\"target\":[\"https:\\\/\\\/fjala.info\\\/2009-2015\\\/qytetari-i-mire-borat-paguan-pijet\\\/#respond\"]}]},{\"@type\":\"WebPage\",\"@id\":\"https:\\\/\\\/fjala.info\\\/2009-2015\\\/qytetari-i-mire-borat-paguan-pijet\\\/\",\"url\":\"https:\\\/\\\/fjala.info\\\/2009-2015\\\/qytetari-i-mire-borat-paguan-pijet\\\/\",\"name\":\"Qytetari i mir\u00eb Borat paguan pijet - FjALA e LIR\u00cb - Arkivi\",\"isPartOf\":{\"@id\":\"https:\\\/\\\/fjala.info\\\/2009-2015\\\/#website\"},\"primaryImageOfPage\":{\"@id\":\"https:\\\/\\\/fjala.info\\\/2009-2015\\\/qytetari-i-mire-borat-paguan-pijet\\\/#primaryimage\"},\"image\":{\"@id\":\"https:\\\/\\\/fjala.info\\\/2009-2015\\\/qytetari-i-mire-borat-paguan-pijet\\\/#primaryimage\"},\"thumbnailUrl\":\"http:\\\/\\\/www.shkoder.net\\\/2012\\\/albin_kurti4.jpg\",\"datePublished\":\"2012-03-01T07:41:29+00:00\",\"breadcrumb\":{\"@id\":\"https:\\\/\\\/fjala.info\\\/2009-2015\\\/qytetari-i-mire-borat-paguan-pijet\\\/#breadcrumb\"},\"inLanguage\":\"sq-AL\",\"potentialAction\":[{\"@type\":\"ReadAction\",\"target\":[\"https:\\\/\\\/fjala.info\\\/2009-2015\\\/qytetari-i-mire-borat-paguan-pijet\\\/\"]}]},{\"@type\":\"ImageObject\",\"inLanguage\":\"sq-AL\",\"@id\":\"https:\\\/\\\/fjala.info\\\/2009-2015\\\/qytetari-i-mire-borat-paguan-pijet\\\/#primaryimage\",\"url\":\"http:\\\/\\\/www.shkoder.net\\\/2012\\\/albin_kurti4.jpg\",\"contentUrl\":\"http:\\\/\\\/www.shkoder.net\\\/2012\\\/albin_kurti4.jpg\"},{\"@type\":\"BreadcrumbList\",\"@id\":\"https:\\\/\\\/fjala.info\\\/2009-2015\\\/qytetari-i-mire-borat-paguan-pijet\\\/#breadcrumb\",\"itemListElement\":[{\"@type\":\"ListItem\",\"position\":1,\"name\":\"Home\",\"item\":\"https:\\\/\\\/fjala.info\\\/2009-2015\\\/\"},{\"@type\":\"ListItem\",\"position\":2,\"name\":\"Qytetari i mir\u00eb Borat paguan pijet\"}]},{\"@type\":\"WebSite\",\"@id\":\"https:\\\/\\\/fjala.info\\\/2009-2015\\\/#website\",\"url\":\"https:\\\/\\\/fjala.info\\\/2009-2015\\\/\",\"name\":\"FjALA e LIR\u00cb - Arkivi\",\"description\":\"Arkivi 2009-2015\",\"publisher\":{\"@id\":\"https:\\\/\\\/fjala.info\\\/2009-2015\\\/#organization\"},\"potentialAction\":[{\"@type\":\"SearchAction\",\"target\":{\"@type\":\"EntryPoint\",\"urlTemplate\":\"https:\\\/\\\/fjala.info\\\/2009-2015\\\/?s={search_term_string}\"},\"query-input\":{\"@type\":\"PropertyValueSpecification\",\"valueRequired\":true,\"valueName\":\"search_term_string\"}}],\"inLanguage\":\"sq-AL\"},{\"@type\":\"Organization\",\"@id\":\"https:\\\/\\\/fjala.info\\\/2009-2015\\\/#organization\",\"name\":\"FjALA e LIR\u00cb - Arkivi\",\"url\":\"https:\\\/\\\/fjala.info\\\/2009-2015\\\/\",\"logo\":{\"@type\":\"ImageObject\",\"inLanguage\":\"sq-AL\",\"@id\":\"https:\\\/\\\/fjala.info\\\/2009-2015\\\/#\\\/schema\\\/logo\\\/image\\\/\",\"url\":\"\",\"contentUrl\":\"\",\"caption\":\"FjALA e LIR\u00cb - Arkivi\"},\"image\":{\"@id\":\"https:\\\/\\\/fjala.info\\\/2009-2015\\\/#\\\/schema\\\/logo\\\/image\\\/\"}},{\"@type\":\"Person\",\"@id\":\"https:\\\/\\\/fjala.info\\\/2009-2015\\\/#\\\/schema\\\/person\\\/3aa1163ef05469c496fc94e77611ada2\",\"name\":\"admin\",\"image\":{\"@type\":\"ImageObject\",\"inLanguage\":\"sq-AL\",\"@id\":\"https:\\\/\\\/fjala.info\\\/2009-2015\\\/wp-content\\\/uploads\\\/2012\\\/02\\\/arben_cokaj-120x150.jpg\",\"url\":\"https:\\\/\\\/fjala.info\\\/2009-2015\\\/wp-content\\\/uploads\\\/2012\\\/02\\\/arben_cokaj-120x150.jpg\",\"contentUrl\":\"https:\\\/\\\/fjala.info\\\/2009-2015\\\/wp-content\\\/uploads\\\/2012\\\/02\\\/arben_cokaj-120x150.jpg\",\"caption\":\"admin\"},\"description\":\"Admin, Fjala e Lir\u00eb\",\"sameAs\":[\"https:\\\/\\\/fjala.info\\\/\"],\"url\":\"https:\\\/\\\/fjala.info\\\/2009-2015\\\/author\\\/admin\\\/\"}]}<\/script>\n<!-- \/ Yoast SEO plugin. -->","yoast_head_json":{"title":"Qytetari i mir\u00eb Borat paguan pijet - FjALA e LIR\u00cb - Arkivi","robots":{"index":"index","follow":"follow","max-snippet":"max-snippet:-1","max-image-preview":"max-image-preview:large","max-video-preview":"max-video-preview:-1"},"canonical":"https:\/\/fjala.info\/2009-2015\/qytetari-i-mire-borat-paguan-pijet\/","og_locale":"sq_AL","og_type":"article","og_title":"Qytetari i mir\u00eb Borat paguan pijet - FjALA e LIR\u00cb - Arkivi","og_description":"Nga Albin Kurti, 29 Shkurt 2012 Gilles Deleuze ka b\u00ebr\u00eb nj\u00eb seri interesante t\u00eb intervistave nga fundi i jet\u00ebs s\u00eb tij. Ato njihen si Abecedaire dhe p\u00ebrb\u00ebhen prej epizodave t\u00eb p\u00ebrsiatjeve filozofike t\u00eb atyp\u00ebratyshme t\u00eb Deleuze. P\u00ebr secil\u00ebn shkronj\u00eb \u00ebsht\u00eb zgjedhur nga nj\u00eb fjal\u00eb dhe mandej ajo \u00ebsht\u00eb fabrikuar n\u00eb koncept filozofik p\u00ebrbrenda pak minutave. [&hellip;]","og_url":"https:\/\/fjala.info\/2009-2015\/qytetari-i-mire-borat-paguan-pijet\/","og_site_name":"FjALA e LIR\u00cb - Arkivi","article_published_time":"2012-03-01T07:41:29+00:00","og_image":[{"url":"http:\/\/www.shkoder.net\/2012\/albin_kurti4.jpg","type":"","width":"","height":""}],"author":"admin","twitter_card":"summary_large_image","twitter_misc":{"Written by":"admin","Est. reading time":"7 minutes"},"schema":{"@context":"https:\/\/schema.org","@graph":[{"@type":"Article","@id":"https:\/\/fjala.info\/2009-2015\/qytetari-i-mire-borat-paguan-pijet\/#article","isPartOf":{"@id":"https:\/\/fjala.info\/2009-2015\/qytetari-i-mire-borat-paguan-pijet\/"},"author":{"name":"admin","@id":"https:\/\/fjala.info\/2009-2015\/#\/schema\/person\/3aa1163ef05469c496fc94e77611ada2"},"headline":"Qytetari i mir\u00eb Borat paguan pijet","datePublished":"2012-03-01T07:41:29+00:00","mainEntityOfPage":{"@id":"https:\/\/fjala.info\/2009-2015\/qytetari-i-mire-borat-paguan-pijet\/"},"wordCount":1330,"commentCount":0,"publisher":{"@id":"https:\/\/fjala.info\/2009-2015\/#organization"},"image":{"@id":"https:\/\/fjala.info\/2009-2015\/qytetari-i-mire-borat-paguan-pijet\/#primaryimage"},"thumbnailUrl":"http:\/\/www.shkoder.net\/2012\/albin_kurti4.jpg","articleSection":["Artikuj"],"inLanguage":"sq-AL","potentialAction":[{"@type":"CommentAction","name":"Comment","target":["https:\/\/fjala.info\/2009-2015\/qytetari-i-mire-borat-paguan-pijet\/#respond"]}]},{"@type":"WebPage","@id":"https:\/\/fjala.info\/2009-2015\/qytetari-i-mire-borat-paguan-pijet\/","url":"https:\/\/fjala.info\/2009-2015\/qytetari-i-mire-borat-paguan-pijet\/","name":"Qytetari i mir\u00eb Borat paguan pijet - FjALA e LIR\u00cb - Arkivi","isPartOf":{"@id":"https:\/\/fjala.info\/2009-2015\/#website"},"primaryImageOfPage":{"@id":"https:\/\/fjala.info\/2009-2015\/qytetari-i-mire-borat-paguan-pijet\/#primaryimage"},"image":{"@id":"https:\/\/fjala.info\/2009-2015\/qytetari-i-mire-borat-paguan-pijet\/#primaryimage"},"thumbnailUrl":"http:\/\/www.shkoder.net\/2012\/albin_kurti4.jpg","datePublished":"2012-03-01T07:41:29+00:00","breadcrumb":{"@id":"https:\/\/fjala.info\/2009-2015\/qytetari-i-mire-borat-paguan-pijet\/#breadcrumb"},"inLanguage":"sq-AL","potentialAction":[{"@type":"ReadAction","target":["https:\/\/fjala.info\/2009-2015\/qytetari-i-mire-borat-paguan-pijet\/"]}]},{"@type":"ImageObject","inLanguage":"sq-AL","@id":"https:\/\/fjala.info\/2009-2015\/qytetari-i-mire-borat-paguan-pijet\/#primaryimage","url":"http:\/\/www.shkoder.net\/2012\/albin_kurti4.jpg","contentUrl":"http:\/\/www.shkoder.net\/2012\/albin_kurti4.jpg"},{"@type":"BreadcrumbList","@id":"https:\/\/fjala.info\/2009-2015\/qytetari-i-mire-borat-paguan-pijet\/#breadcrumb","itemListElement":[{"@type":"ListItem","position":1,"name":"Home","item":"https:\/\/fjala.info\/2009-2015\/"},{"@type":"ListItem","position":2,"name":"Qytetari i mir\u00eb Borat paguan pijet"}]},{"@type":"WebSite","@id":"https:\/\/fjala.info\/2009-2015\/#website","url":"https:\/\/fjala.info\/2009-2015\/","name":"FjALA e LIR\u00cb - Arkivi","description":"Arkivi 2009-2015","publisher":{"@id":"https:\/\/fjala.info\/2009-2015\/#organization"},"potentialAction":[{"@type":"SearchAction","target":{"@type":"EntryPoint","urlTemplate":"https:\/\/fjala.info\/2009-2015\/?s={search_term_string}"},"query-input":{"@type":"PropertyValueSpecification","valueRequired":true,"valueName":"search_term_string"}}],"inLanguage":"sq-AL"},{"@type":"Organization","@id":"https:\/\/fjala.info\/2009-2015\/#organization","name":"FjALA e LIR\u00cb - Arkivi","url":"https:\/\/fjala.info\/2009-2015\/","logo":{"@type":"ImageObject","inLanguage":"sq-AL","@id":"https:\/\/fjala.info\/2009-2015\/#\/schema\/logo\/image\/","url":"","contentUrl":"","caption":"FjALA e LIR\u00cb - Arkivi"},"image":{"@id":"https:\/\/fjala.info\/2009-2015\/#\/schema\/logo\/image\/"}},{"@type":"Person","@id":"https:\/\/fjala.info\/2009-2015\/#\/schema\/person\/3aa1163ef05469c496fc94e77611ada2","name":"admin","image":{"@type":"ImageObject","inLanguage":"sq-AL","@id":"https:\/\/fjala.info\/2009-2015\/wp-content\/uploads\/2012\/02\/arben_cokaj-120x150.jpg","url":"https:\/\/fjala.info\/2009-2015\/wp-content\/uploads\/2012\/02\/arben_cokaj-120x150.jpg","contentUrl":"https:\/\/fjala.info\/2009-2015\/wp-content\/uploads\/2012\/02\/arben_cokaj-120x150.jpg","caption":"admin"},"description":"Admin, Fjala e Lir\u00eb","sameAs":["https:\/\/fjala.info\/"],"url":"https:\/\/fjala.info\/2009-2015\/author\/admin\/"}]}},"_links":{"self":[{"href":"https:\/\/fjala.info\/2009-2015\/wp-json\/wp\/v2\/posts\/1997","targetHints":{"allow":["GET"]}}],"collection":[{"href":"https:\/\/fjala.info\/2009-2015\/wp-json\/wp\/v2\/posts"}],"about":[{"href":"https:\/\/fjala.info\/2009-2015\/wp-json\/wp\/v2\/types\/post"}],"author":[{"embeddable":true,"href":"https:\/\/fjala.info\/2009-2015\/wp-json\/wp\/v2\/users\/1"}],"replies":[{"embeddable":true,"href":"https:\/\/fjala.info\/2009-2015\/wp-json\/wp\/v2\/comments?post=1997"}],"version-history":[{"count":0,"href":"https:\/\/fjala.info\/2009-2015\/wp-json\/wp\/v2\/posts\/1997\/revisions"}],"wp:attachment":[{"href":"https:\/\/fjala.info\/2009-2015\/wp-json\/wp\/v2\/media?parent=1997"}],"wp:term":[{"taxonomy":"category","embeddable":true,"href":"https:\/\/fjala.info\/2009-2015\/wp-json\/wp\/v2\/categories?post=1997"},{"taxonomy":"post_tag","embeddable":true,"href":"https:\/\/fjala.info\/2009-2015\/wp-json\/wp\/v2\/tags?post=1997"}],"curies":[{"name":"wp","href":"https:\/\/api.w.org\/{rel}","templated":true}]}}