{"id":1992,"date":"2012-02-29T21:29:11","date_gmt":"2012-02-29T20:29:11","guid":{"rendered":"http:\/\/fjala.shkoder.net\/?p=1992"},"modified":"2012-02-29T21:29:11","modified_gmt":"2012-02-29T20:29:11","slug":"arkitekti-i-shtetit-demokaratik-gjithekombetar","status":"publish","type":"post","link":"https:\/\/fjala.info\/2009-2015\/arkitekti-i-shtetit-demokaratik-gjithekombetar\/","title":{"rendered":"Arkitekti i shtetit demokaratik gjith\u00ebkomb\u00ebtar"},"content":{"rendered":"<p><img decoding=\"async\" class=\"alignleft size-thumbnail wp-image-7236\" title=\"Gjergj Kastrioti - Sk\u00ebnderbeu\" src=\"http:\/\/www.shkoder.net\/images\/shkodra\/skenderbeu.jpg\" alt=\"\" width=\"200\" \/> <strong><em>N\u00eb 568-vjetorin e Lidhjes s\u00eb Lezh\u00ebs (2 mars 1444)<\/em><\/strong><\/p>\n<p><em><strong>Te bujar\u00ebt shqiptar\u00eb martesa ishte nj\u00eb akt politik, q\u00eb e ndoqi edhe Sk\u00ebnderbeu p\u00ebr hir t\u00eb p\u00ebrforcimit t\u00eb politik\u00ebs s\u00eb brendshme, q\u00eb shpiente drejt bashkimit sa m\u00eb organik t\u00eb sundimtar\u00ebve t\u00eb fuqish\u00ebm shqiptar\u00eb. P\u00ebrball\u00eb dep\u00ebrtimeve otomane n\u00eb vij\u00ebn e par\u00eb gjendej edhe Arb\u00ebria. Flamurin e Kastriot\u00ebve, q\u00eb Sk\u00ebnderbeu e shnd\u00ebrroi n\u00eb flamur komb\u00ebtar, e ngriti n\u00eb Kruj\u00eb m\u00eb 28 n\u00ebntor 1443, kurse shteti gjith\u00ebkomb\u00ebtar e themeloi n\u00eb Lezh\u00eb, m\u00eb 2 mars t\u00eb vitit 1444<\/strong><\/em><\/p>\n<p><img decoding=\"async\" class=\"alignright size-thumbnail wp-image-7236\" title=\"Frrok KRISTAJ\" src=\"http:\/\/www.shkoder.net\/images\/fjala\/frrok_kristaj.jpg\" alt=\"\" width=\"150\" \/><br \/>\nShkruan: <strong>Frrok KRISTAJ<\/strong><\/p>\n<p>P\u00ebrball\u00eb dep\u00ebrtimeve otomane n\u00eb vijen e par\u00eb gjendej Perandoria Bizantine, Arb\u00ebria, Rasha, Bosnja, principatat e krishtera t\u00eb Egjeut, Rumania, Ungaria pastaj mund t\u00eb konsiderohet se n\u00eb vij\u00ebn e par\u00eb ishte edhe Republika e Venedikut, ngase ajo zot\u00ebronte pjes\u00eb t\u00eb bregdetit arb\u00ebror, grek\u00eb dhe t\u00eb Egjeut, si dhe Selia e Shenjt\u00eb &#8211; Vatikani, kurse n\u00eb vij\u00ebn e dyt\u00eb konsideroheshin shtetet si\u00e7 ishte Mbret\u00ebria Arogoneze &#8211; Napolitane, Perandoria Romane-Gjermane, Polonia e t\u00eb tjera, si dh\u00eb n\u00eb vij\u00ebn e tret\u00eb gjendeshin shtetet e tjera t\u00eb Evrop\u00ebs.<\/p>\n<p>Daljen e Gjergj Kastriotit n\u00eb ball\u00eb t\u00eb jet\u00ebs politike e ushtarake e favorizuan shum\u00eb faktor\u00eb. S\u00eb pari, duhet t\u00eb kihet parasysh roli i tij n\u00eb organizmin e kryengritjes fitimtare t\u00eb vitit 1443, pastaj shtrirja e zot\u00ebrimeve t\u00eb Kastriot\u00ebve n\u00eb zem\u00ebr t\u00eb vendit, qenia e Kruj\u00ebs n\u00eb duart e Sk\u00ebnderbeut, qendr\u00ebs m\u00eb t\u00eb r\u00ebnd\u00ebsishme politike e ushtarake t\u00eb tokave shqiptare t\u00eb \u00e7liruara, por edhe lidhjet farefisnore e martesore t\u00eb Kastriot\u00ebve me shum\u00eb bujar\u00eb e familje sundimtar\u00ebsh t\u00eb tjer\u00eb shqiptar\u00eb. N\u00eb fakt, k\u00ebto martesa paraqitnin nj\u00eb akt politik, q\u00eb e ndoqi Gjergj Kastrioti, p\u00ebr hir t\u00eb p\u00ebrforcimit t\u00eb politik\u00ebs s\u00eb brendshme, politik\u00eb, kjo q\u00eb shpiente drejt bashkimit sa m\u00eb organik t\u00eb sundimtar\u00ebve t\u00eb fuqish\u00ebm shqiptar\u00eb. N\u00eb k\u00ebt\u00eb frym\u00eb u b\u00eb edhe martesa e Gjergj Kastrioti me Donik\u00ebn, vajz\u00ebn e Gjergj Arianitit.<\/p>\n<p>Pastaj, martesa t\u00eb k\u00ebtilla ishin b\u00ebr\u00eb edhe m\u00eb par\u00eb kur Gjon Kastrioti, i ati e Sk\u00ebnderbeut, vajz\u00ebn e vet Mar\u00ebn e kishte martuar me Shtjef\u00ebn \u00c7\u00ebrnoj\u00ebn e Zet\u00ebs, Vlajk\u00ebn me Gjon Muzak\u00ebn, Angjelin\u00ebn me Vladan Arianitin (v\u00eblla i Gjergj Arianitit) e Jell\u00ebn me Pal Stres Balsh\u00ebn, kurse Mamica (Marica) ishte martuar me Muzak\u00eb Topin\u00eb n\u00eb Lezh\u00ebs, Teodor Korona, Muzaku i Beratit, nga Shqip\u00ebria Jugore, Lek\u00eb Zaharina, kryzot i Zadrimes s\u00eb Ep\u00ebrme dhe i qytetit t\u00eb Danj\u00ebs, Lek\u00eb Dushmani bashk\u00eb me Pjetrin e Zadrim\u00ebs, Andrea Topia i Skur\u00ebs, nd\u00ebrmjet Tiran\u00ebs dhe Durr\u00ebsit, bashk\u00eb me t\u00eb dy t\u00eb bijt\u00eb &#8211; Komninin e Muzak\u00ebn dhe me nipin Tanush\u00ebn, Shtjef\u00ebn \u00c7ernoja, bashk\u00eb me t\u00eb bijt\u00eb Gjergjin dhe Janin nga Zhabjaku i Malit t\u00eb Zi, Gjergj Arianit Topia, Komneni i Kanin\u00ebs dhe i Shpat\u00ebs, kryzot i Himar\u00ebs, si dhe krer\u00eb t\u00eb tjer\u00eb nga Arb\u00ebria.<\/p>\n<p><strong>Lezha &#8211; vend i shenjt\u00eb i shtet\u00ebsis\u00eb shqiptare t\u00eb Sk\u00ebnderbeut<\/strong><br \/>\nN\u00eb k\u00ebt\u00eb drejtim, sapo kishte shpalosur flamurin tash\u00ebm komb\u00ebtar n\u00eb Kalan\u00eb e Kruj\u00ebs, Gjergj Kastrioti &#8211; Sk\u00ebnderbeu shkoi prej nj\u00eb vendi n\u00eb tjetrin p\u00ebr t\u00eb ftuar popullin shqiptar n\u00eb luft\u00ebn e p\u00ebrbashk\u00ebt \u00e7lirimtare kund\u00ebr Perandoris\u00eb Otomane, q\u00eb i kishte okupuar edhe shum\u00eb vise shqiptare. Si rezultat i atyre vizitave e bisedave me kryezot\u00ebrinjt\u00eb arb\u00ebror n\u00ebp\u00ebr vise t\u00eb tjera arb\u00ebrore, doli thirrja e nj\u00eb kuvendi t\u00eb p\u00ebrbashk\u00ebt. P\u00ebr shum\u00eb arsye, vendi se ku do t\u00eb mbahej kuvendi ishte caktuar Lezha. N\u00eb fakt, Lezha ishte n\u00ebn sundimin e Republik\u00ebs s\u00eb Venedikut.<\/p>\n<p>Dhe, k\u00ebshtu, n\u00eb Kuvendin e p\u00ebrgjithsh\u00ebm arb\u00ebror (shqiptar), Lidhj\u00ebn apo Bes\u00eblidhjen, q\u00eb u mbajt m\u00eb 2 mars t\u00eb vitit 1444, mor\u00ebn pjes\u00eb shum\u00eb kryezot\u00ebrinj nga pjes\u00eb t\u00eb ndryshme t\u00eb Arb\u00ebris\u00eb, si Pal dhe Nikoll\u00eb Dukagjini, nga Dukagjini, Pjet\u00ebr Spani i Shal\u00ebs s\u00eb Shoshit, Gjergj Stres Balsha i Misjes, e shum\u00eb t\u00eb tjer\u00eb.<\/p>\n<p>N\u00eb Kuvendin e Bashkimit Komb\u00ebtar, q\u00eb u mbajt n\u00eb Lezh\u00eb, n\u00eb vendin e shenjt\u00eb t\u00eb shtet\u00ebsis\u00eb shqiptare, pra n\u00eb vendthemelet e shtet\u00ebsis\u00eb s\u00eb shtetit gjith\u00ebshqiptar &#8211; gjit\u00ebhkomb\u00ebtar, pjes\u00ebmarr\u00ebsit kishin arritur marr\u00ebveshje t\u00eb plot\u00eb p\u00ebr \u00e7\u00ebshtje jetike, ndaj edhe me vendimet q\u00eb ishin miratuar ishte realizuar strategjia shtetformuese e Gjergj Kastriotit, q\u00eb ishte d\u00ebshira dhe p\u00ebrpjekja e kahmotshme e tij p\u00ebr t\u00eb krijuar nj\u00eb shtet arb\u00ebror. Ky n\u00eb fakt ishte nj\u00eb shtet, q\u00eb n\u00eb fillim i kishte p\u00ebrmbushur t\u00eb gjitha premisat juridike. Nga ai Kuvend kishte dal\u00eb k\u00ebrkesa q\u00eb t\u00eb formohej nj\u00eb organ juridik e q\u00eb do ta luante rolin e nj\u00eb qeverie t\u00eb sotshme, q\u00eb ishte pag\u00ebzuar Lidhja e Lezh\u00ebs.<\/p>\n<p>Pastaj, n\u00eb Kuvend nj\u00ebz\u00ebrit ishte zgjedhur komandanti apo kapiteni i p\u00ebrgjithsh\u00ebm i Lidhjes e q\u00eb ishte Gjergj Kastrioti &#8211; Sk\u00ebnderbeu. Lidhja kishte formuar edhe ushtrin\u00eb (armat\u00ebn e vet), e q\u00eb kishte deri n\u00eb 20 mij\u00eb ushtar\u00eb, prej t\u00eb cil\u00ebve shumic\u00ebn e mbante Sk\u00ebnderbeu rreth vetes e t\u00eb cil\u00ebt do t\u00eb mblidheshin nga princat shqiptar\u00eb. B\u00ebrtham\u00ebn themelore t\u00eb ushtris\u00eb e p\u00ebrb\u00ebnin fshatar\u00ebt duke marrr\u00eb feude t\u00eb vogla dhe duke u b\u00ebr\u00eb oficer\u00eb t\u00eb ushtris\u00eb shqiptare. Gjergj Kastrioti e kishte ndar\u00eb ushtrin\u00eb n\u00eb t\u00eb rregullt dhe n\u00eb t\u00eb p\u00ebrkoh\u00ebshme.<\/p>\n<p>Ushtrin\u00eb e rregullt e p\u00ebrb\u00ebnin garda pretoriane me 2000-3000 kalor\u00ebs t\u00eb leht\u00eb, q\u00eb luftonin n\u00ebn komand\u00ebn e Sk\u00ebnderbeut dhe nj\u00ebsit\u00eb kufitare me 3000-5000 ushtar\u00eb n\u00ebn komand\u00ebn e Moisi Golemit, q\u00eb mbronin kufirin lindor t\u00eb atdheut. Nd\u00ebrkaq, ushtria e p\u00ebrkoh\u00ebshme p\u00ebrb\u00ebhej nga fshatar\u00ebve q\u00eb sipas listave t\u00eb rekrutimit, u hartuan mbi parimin \u201cburr\u00eb p\u00ebr sht\u00ebpi\u201d. Ushtria e p\u00ebrkoh\u00ebshme kishte 8.000-10.000 ushtar\u00eb, t\u00eb shumt\u00ebn k\u00ebmb\u00ebsor\u00eb, kurse nj\u00eb pjes\u00eb e vog\u00ebl e tyre ishin kalor\u00ebs. Do p\u00ebrmendur se kuadrin komandues t\u00eb ushtris\u00eb s\u00eb Gjergj Kastriotit e p\u00ebrb\u00ebnin oficer\u00ebt e rekrutuar nga radh\u00ebt e aristrokracis\u00eb feudale, por oficer\u00eb b\u00ebheshin edhe ata ushtar\u00eb, q\u00eb dalloheshin p\u00ebr trim\u00ebri, taktik\u00eb dhe aft\u00ebsi p\u00ebr udh\u00ebheqje.<\/p>\n<p>Ekspert\u00ebt ushtarak\u00eb t\u00eb koh\u00ebs brenda e jasht\u00eb atdheut e kan\u00eb \u00e7muar Sk\u00ebnderbeun si strateg t\u00eb madh dhe e kan\u00eb konsideruar si nj\u00ebrin nga prij\u00ebsit m\u00eb t\u00eb shquar ushtarak t\u00eb asaj kohe. Atij i shkoi p\u00ebr dore jo vet\u00ebm t\u00eb organizoj\u00eb nj\u00eb ushtri t\u00eb till\u00eb, q\u00eb iu p\u00ebrgjigj m\u00eb s\u00eb miri k\u00ebrkesave t\u00eb L\u00ebvizjes arb\u00ebrore, por ishte edhe mjesht\u00ebr i madh i sulmit dhe mbrojtjes s\u00eb kombinuar. Ai i hartonte planet e luft\u00ebs n\u00eb konsultim me bashk\u00ebluft\u00ebtar\u00ebt e vet. Sk\u00ebnderbeu nj\u00ebkoh\u00ebsisht udh\u00ebhiqte ushtrin\u00eb dhe luftonte heroikisht si \u00e7do ushtar i thjesht\u00eb arb\u00ebror.<\/p>\n<p><strong>Shtrirja e shtetit komb\u00ebtar shqiptar<\/strong><br \/>\nShteti komb\u00ebtar i Gjergj Kastriotit p\u00ebrfshiu pjes\u00ebn m\u00eb t\u00eb madhe t\u00eb trevave t\u00eb banuara me arb\u00ebror. Ai shtrihej nga malet Pindus dhe Janin\u00eb e deri n\u00eb Kotorr, nga Adriatiku e deri n\u00eb Oh\u00ebr, Dib\u00ebr, Prizren e Gjakov\u00eb, kurse Peja dhe Rrafshi i Kosov\u00ebs (Vusht\u00ebrria, Novob\u00ebrda, Prishtina etj.) kishin mbetur jasht\u00eb kufijve t\u00eb shtetit komb\u00ebtar t\u00eb Sk\u00ebnderbeut. Arsyet ishin k\u00ebto: Pej\u00ebn e qeveriste Leka III Dukagjini, i cili qe Vasal i Sulltanit dhe rival kryesor i Sk\u00ebnderbeut, kurse Rrafshi i Kosov\u00ebs qeverisej nga Sanxhaku i Vushtrris\u00eb, nga pashallar\u00ebt e sidomos nga kusherinjt\u00eb e Zognos Mehmed pash\u00ebs.<\/p>\n<p>Mir\u00ebpo, kur Leka III Dukagjini hoqi dor\u00eb nga vasaliteti i sulltanit, iu bashkua Sk\u00ebnderbeut, i cili m\u00eb von\u00eb iu b\u00eb miku m\u00eb i ngusht\u00eb deri n\u00eb vdekje. E kur Peja u pushtua nga ushtria otomane, u krijuar dinastia e Mahmudbegollajve t\u00eb Pej\u00ebs. Mahmud beu ishte i biri i Nikoll\u00eb Dukagjinit, i cili si endrenas q\u00ebndroi n\u00eb Stamboll deri n\u00eb vdekje.<\/p>\n<p><strong>Shteti i Sk\u00ebnderbeut ishte ngritur mbi parimin demokratik<\/strong><br \/>\nShteti i par\u00eb komb\u00ebtar arb\u00ebroro-shqiptar ishte nd\u00ebrtuar mbi parimin demokratik. K\u00ebt\u00eb e d\u00ebshmon e dh\u00ebna se krijimi i kombit anglez dhe shteti komb\u00ebtar angleze si dhe kombi francez dhe shtet komb\u00ebtar francez, si kombe dhe shtete t\u00eb para t\u00eb Evrop\u00ebs Per\u00ebndimore, dallojn\u00eb n\u00eb shum\u00eb aspekte. S\u00eb pari, se ato u formuan m\u00eb von\u00eb &#8211; nga fundi i shekullit XV, dhe se ato shtete u krijuan nga lart, pra n\u00ebp\u00ebrmjet monarkive absolute, monarki k\u00ebto q\u00eb u soll\u00ebn shtresave t\u00eb gjera shfryt\u00ebzim politik, ekonomik arsimor e kulturor.<\/p>\n<p>Nd\u00ebrkaq, shteti komb\u00ebtar i Gjergj Kastriotit, n\u00eb radh\u00eb t\u00eb par\u00eb, ishte pothujse shteti i par\u00eb komb\u00ebtar n\u00eb Evrop\u00eb, pastaj se ai u krijua nga posht\u00eb dhe se ishte popullor e human. Po ashtu, princat shqiptar\u00eb n\u00eb at\u00eb Kuvend kishin arritur nj\u00eb aleanc\u00eb politike e ushtarake, duke nd\u00ebrtuar raporte mjaft demokratike n\u00eb drejtim t\u00eb pengimit t\u00eb ushtrimit t\u00eb pushtetit t\u00eb pakufish\u00ebm nga nj\u00eb person. Ata ishin t\u00eb bindur se lufta p\u00ebr \u00e7lirim komb\u00ebtar duhet t\u00eb vazhdoj\u00eb deri n\u00eb \u00e7lirim. Mu p\u00ebr k\u00ebt\u00eb edhe shteti komb\u00ebtar shqiptar ishte p\u00ebrkrahur edhe nga vende t\u00eb tjera e ve\u00e7mas nga principatat shqiptare, q\u00eb tashm\u00eb kishin karakter t\u00eb nj\u00eb konfederalizmi, si me ushtar\u00eb, ushqime, arm\u00eb e mjete materiale.<\/p>\n<p>Pra, n\u00eb Kuvend pjes\u00ebmarr\u00ebsit ishin marr\u00eb vesh se burimet financiare do t\u00eb grumbulloheshin nga ndihmat e princave arb\u00ebror, nga principata e Kruj\u00ebs dhe nga kriporet e Durr\u00ebsit. K\u00ebto t\u00eb ardhura do t\u00eb arrinin deri n\u00eb 200 mij\u00eb dukat\u00eb &#8211; flori n\u00eb vit.<\/p>\n<p>Se n\u00eb Kuvend, kishin marr\u00eb pjes\u00eb burra t\u00eb fjal\u00ebs dhe se atje kishin arritur nj\u00eb pajtueshm\u00ebri t\u00eb plot\u00eb p\u00ebr bashkim dhe mbrojtje t\u00eb atdheut d\u00ebshmon edhe realizimi i vendimeve, q\u00eb filloi menj\u00ebher\u00eb. Pas Kuvendit ishte tubuar ushtria, kishte filluar mbrojtja, forcimi i fortesave, ishin krijuar dhe mbuluar me ushtar\u00eb t\u00eb gjithat pikat strategjike p\u00ebr mbrojtje, ishin em\u00ebruar dhe vendosur komandat\u00ebt kryesor\u00eb dhe t\u00eb besuesh\u00ebm. Po ashtu, Gjergj Kastrioti menj\u00ebher\u00eb e kishte p\u00ebrpunuar strategjin\u00eb ushtarake deri n\u00eb detaje dhe at\u00eb e kishte biseduar me kapedan\u00eb e deri edhe me ushtar\u00eb.<\/p>\n<p>Struktura e pjes\u00ebmarr\u00ebsve n\u00eb Kuvend nuk ishte e kufizuar as sipas mosh\u00ebs e as p\u00ebr nga fuqia e as p\u00ebr nga renomeja e as p\u00ebr nga divergjencat e m\u00ebparshme. Me mbajtjen e Kuvendit t\u00eb Lezh\u00ebs u realizua strategjia shtetformuese e Gjergj Kastriotit dhe u krijua nj\u00eb atmosfer\u00eb e toleranc\u00ebs dhe e mir\u00ebkuptimit, q\u00eb n\u00eb fakt i siguroi sukses t\u00eb plot\u00eb Kuvendit.<\/p>\n<p><strong>Betimi n\u00eb alterin e kombit<\/strong><br \/>\n\u00c7do kryetar i shtetit me rastin e inaugurimit jep betimin para deputet\u00ebve t\u00eb parlamentit. Edhe kryetari i Shqip\u00ebris\u00eb vepron k\u00ebshtu. Por, do t\u00eb ishte me inters q\u00eb n\u00eb t\u00eb ardhmen kryetari i Shqip\u00ebris\u00eb betimin ta jap\u00eb para parlamentar\u00ebve, por jo n\u00eb Kuvend t\u00eb Shqip\u00ebris\u00eb n\u00eb Tiran\u00eb po n\u00eb altarin e shtetit komb\u00ebtar, n\u00eb kompleksin memorial t\u00eb Gjergj Kastriotit-Sk\u00ebnderbeut n\u00eb Lezh\u00eb, aty ku u b\u00eb bashkimi i par\u00eb komb\u00ebtar, por edhe shteti i par\u00eb gjith\u00ebkomb\u00ebtar.<\/p>\n<p>Bile, do t\u00eb ishte me interes dhe mjaft simpatik q\u00eb \u00e7do konstituim i parlamentit n\u00eb nivel t\u00eb Shqip\u00ebris\u00eb t\u00eb b\u00ebhet n\u00eb at\u00eb vend t\u00eb shenjt\u00eb t\u00eb kombit dhe t\u00eb shtet\u00ebsis\u00eb shqiptare, atje t\u00eb betohen edhe parlamentar\u00ebt se do t\u00eb veprojn\u00eb p\u00ebr t\u00eb mir\u00ebn e gjith\u00eb atdheut etnik, t\u00eb gjith\u00eb popullit shqiptar, q\u00eb \u00ebsht\u00eb synim edhe i gjith\u00eb shqiptar\u00ebve. Megjithat\u00eb, Lezha e shenjt\u00eb ka nevoj\u00eb t\u00eb restaurohet, t\u00eb meremetohet kompleksi i memorial i Sk\u00ebnderbeut s\u00eb bashku me Katedralen e Sh\u00ebn Kollit (Nikoll\u00ebs), q\u00eb v\u00ebrtet t\u00eb jet\u00eb simbol p\u00ebr t\u00eb gjith\u00eb shqiptar\u00ebt, por edhe p\u00ebr mbar\u00eb Evrop\u00ebn.<\/p>\n<p>Legjenda: Gjergj Kastrioti &#8211; Sk\u00ebnderbeu<\/p>\n","protected":false},"excerpt":{"rendered":"<p>N\u00eb 568-vjetorin e Lidhjes s\u00eb Lezh\u00ebs (2 mars 1444) Te bujar\u00ebt shqiptar\u00eb martesa ishte nj\u00eb akt politik, q\u00eb e ndoqi edhe Sk\u00ebnderbeu p\u00ebr hir t\u00eb p\u00ebrforcimit t\u00eb politik\u00ebs s\u00eb brendshme, q\u00eb shpiente drejt bashkimit sa m\u00eb organik t\u00eb sundimtar\u00ebve t\u00eb fuqish\u00ebm shqiptar\u00eb. P\u00ebrball\u00eb dep\u00ebrtimeve otomane n\u00eb vij\u00ebn e par\u00eb gjendej edhe Arb\u00ebria. Flamurin e Kastriot\u00ebve, [&hellip;]<\/p>\n","protected":false},"author":1,"featured_media":0,"comment_status":"open","ping_status":"closed","sticky":false,"template":"","format":"standard","meta":{"footnotes":""},"categories":[2],"tags":[],"class_list":{"0":"post-1992","1":"post","2":"type-post","3":"status-publish","4":"format-standard","6":"category-artikuj"},"yoast_head":"<!-- This site is optimized with the Yoast SEO plugin v27.4 - https:\/\/yoast.com\/product\/yoast-seo-wordpress\/ -->\n<title>Arkitekti i shtetit demokaratik gjith\u00ebkomb\u00ebtar - FjALA e LIR\u00cb - Arkivi<\/title>\n<meta name=\"robots\" content=\"index, follow, max-snippet:-1, max-image-preview:large, max-video-preview:-1\" \/>\n<link rel=\"canonical\" href=\"https:\/\/fjala.info\/2009-2015\/arkitekti-i-shtetit-demokaratik-gjithekombetar\/\" \/>\n<meta property=\"og:locale\" content=\"sq_AL\" \/>\n<meta property=\"og:type\" content=\"article\" \/>\n<meta property=\"og:title\" content=\"Arkitekti i shtetit demokaratik gjith\u00ebkomb\u00ebtar - FjALA e LIR\u00cb - Arkivi\" \/>\n<meta property=\"og:description\" content=\"N\u00eb 568-vjetorin e Lidhjes s\u00eb Lezh\u00ebs (2 mars 1444) Te bujar\u00ebt shqiptar\u00eb martesa ishte nj\u00eb akt politik, q\u00eb e ndoqi edhe Sk\u00ebnderbeu p\u00ebr hir t\u00eb p\u00ebrforcimit t\u00eb politik\u00ebs s\u00eb brendshme, q\u00eb shpiente drejt bashkimit sa m\u00eb organik t\u00eb sundimtar\u00ebve t\u00eb fuqish\u00ebm shqiptar\u00eb. P\u00ebrball\u00eb dep\u00ebrtimeve otomane n\u00eb vij\u00ebn e par\u00eb gjendej edhe Arb\u00ebria. Flamurin e Kastriot\u00ebve, [&hellip;]\" \/>\n<meta property=\"og:url\" content=\"https:\/\/fjala.info\/2009-2015\/arkitekti-i-shtetit-demokaratik-gjithekombetar\/\" \/>\n<meta property=\"og:site_name\" content=\"FjALA e LIR\u00cb - Arkivi\" \/>\n<meta property=\"article:published_time\" content=\"2012-02-29T20:29:11+00:00\" \/>\n<meta property=\"og:image\" content=\"http:\/\/www.shkoder.net\/images\/shkodra\/skenderbeu.jpg\" \/>\n<meta name=\"author\" content=\"admin\" \/>\n<meta name=\"twitter:card\" content=\"summary_large_image\" \/>\n<meta name=\"twitter:label1\" content=\"Written by\" \/>\n\t<meta name=\"twitter:data1\" content=\"admin\" \/>\n\t<meta name=\"twitter:label2\" content=\"Est. reading time\" \/>\n\t<meta name=\"twitter:data2\" content=\"10 minutes\" \/>\n<script type=\"application\/ld+json\" class=\"yoast-schema-graph\">{\"@context\":\"https:\\\/\\\/schema.org\",\"@graph\":[{\"@type\":\"Article\",\"@id\":\"https:\\\/\\\/fjala.info\\\/2009-2015\\\/arkitekti-i-shtetit-demokaratik-gjithekombetar\\\/#article\",\"isPartOf\":{\"@id\":\"https:\\\/\\\/fjala.info\\\/2009-2015\\\/arkitekti-i-shtetit-demokaratik-gjithekombetar\\\/\"},\"author\":{\"name\":\"admin\",\"@id\":\"https:\\\/\\\/fjala.info\\\/2009-2015\\\/#\\\/schema\\\/person\\\/3aa1163ef05469c496fc94e77611ada2\"},\"headline\":\"Arkitekti i shtetit demokaratik gjith\u00ebkomb\u00ebtar\",\"datePublished\":\"2012-02-29T20:29:11+00:00\",\"mainEntityOfPage\":{\"@id\":\"https:\\\/\\\/fjala.info\\\/2009-2015\\\/arkitekti-i-shtetit-demokaratik-gjithekombetar\\\/\"},\"wordCount\":2023,\"commentCount\":0,\"publisher\":{\"@id\":\"https:\\\/\\\/fjala.info\\\/2009-2015\\\/#organization\"},\"image\":{\"@id\":\"https:\\\/\\\/fjala.info\\\/2009-2015\\\/arkitekti-i-shtetit-demokaratik-gjithekombetar\\\/#primaryimage\"},\"thumbnailUrl\":\"http:\\\/\\\/www.shkoder.net\\\/images\\\/shkodra\\\/skenderbeu.jpg\",\"articleSection\":[\"Artikuj\"],\"inLanguage\":\"sq-AL\",\"potentialAction\":[{\"@type\":\"CommentAction\",\"name\":\"Comment\",\"target\":[\"https:\\\/\\\/fjala.info\\\/2009-2015\\\/arkitekti-i-shtetit-demokaratik-gjithekombetar\\\/#respond\"]}]},{\"@type\":\"WebPage\",\"@id\":\"https:\\\/\\\/fjala.info\\\/2009-2015\\\/arkitekti-i-shtetit-demokaratik-gjithekombetar\\\/\",\"url\":\"https:\\\/\\\/fjala.info\\\/2009-2015\\\/arkitekti-i-shtetit-demokaratik-gjithekombetar\\\/\",\"name\":\"Arkitekti i shtetit demokaratik gjith\u00ebkomb\u00ebtar - FjALA e LIR\u00cb - Arkivi\",\"isPartOf\":{\"@id\":\"https:\\\/\\\/fjala.info\\\/2009-2015\\\/#website\"},\"primaryImageOfPage\":{\"@id\":\"https:\\\/\\\/fjala.info\\\/2009-2015\\\/arkitekti-i-shtetit-demokaratik-gjithekombetar\\\/#primaryimage\"},\"image\":{\"@id\":\"https:\\\/\\\/fjala.info\\\/2009-2015\\\/arkitekti-i-shtetit-demokaratik-gjithekombetar\\\/#primaryimage\"},\"thumbnailUrl\":\"http:\\\/\\\/www.shkoder.net\\\/images\\\/shkodra\\\/skenderbeu.jpg\",\"datePublished\":\"2012-02-29T20:29:11+00:00\",\"breadcrumb\":{\"@id\":\"https:\\\/\\\/fjala.info\\\/2009-2015\\\/arkitekti-i-shtetit-demokaratik-gjithekombetar\\\/#breadcrumb\"},\"inLanguage\":\"sq-AL\",\"potentialAction\":[{\"@type\":\"ReadAction\",\"target\":[\"https:\\\/\\\/fjala.info\\\/2009-2015\\\/arkitekti-i-shtetit-demokaratik-gjithekombetar\\\/\"]}]},{\"@type\":\"ImageObject\",\"inLanguage\":\"sq-AL\",\"@id\":\"https:\\\/\\\/fjala.info\\\/2009-2015\\\/arkitekti-i-shtetit-demokaratik-gjithekombetar\\\/#primaryimage\",\"url\":\"http:\\\/\\\/www.shkoder.net\\\/images\\\/shkodra\\\/skenderbeu.jpg\",\"contentUrl\":\"http:\\\/\\\/www.shkoder.net\\\/images\\\/shkodra\\\/skenderbeu.jpg\"},{\"@type\":\"BreadcrumbList\",\"@id\":\"https:\\\/\\\/fjala.info\\\/2009-2015\\\/arkitekti-i-shtetit-demokaratik-gjithekombetar\\\/#breadcrumb\",\"itemListElement\":[{\"@type\":\"ListItem\",\"position\":1,\"name\":\"Home\",\"item\":\"https:\\\/\\\/fjala.info\\\/2009-2015\\\/\"},{\"@type\":\"ListItem\",\"position\":2,\"name\":\"Arkitekti i shtetit demokaratik gjith\u00ebkomb\u00ebtar\"}]},{\"@type\":\"WebSite\",\"@id\":\"https:\\\/\\\/fjala.info\\\/2009-2015\\\/#website\",\"url\":\"https:\\\/\\\/fjala.info\\\/2009-2015\\\/\",\"name\":\"FjALA e LIR\u00cb - Arkivi\",\"description\":\"Arkivi 2009-2015\",\"publisher\":{\"@id\":\"https:\\\/\\\/fjala.info\\\/2009-2015\\\/#organization\"},\"potentialAction\":[{\"@type\":\"SearchAction\",\"target\":{\"@type\":\"EntryPoint\",\"urlTemplate\":\"https:\\\/\\\/fjala.info\\\/2009-2015\\\/?s={search_term_string}\"},\"query-input\":{\"@type\":\"PropertyValueSpecification\",\"valueRequired\":true,\"valueName\":\"search_term_string\"}}],\"inLanguage\":\"sq-AL\"},{\"@type\":\"Organization\",\"@id\":\"https:\\\/\\\/fjala.info\\\/2009-2015\\\/#organization\",\"name\":\"FjALA e LIR\u00cb - Arkivi\",\"url\":\"https:\\\/\\\/fjala.info\\\/2009-2015\\\/\",\"logo\":{\"@type\":\"ImageObject\",\"inLanguage\":\"sq-AL\",\"@id\":\"https:\\\/\\\/fjala.info\\\/2009-2015\\\/#\\\/schema\\\/logo\\\/image\\\/\",\"url\":\"\",\"contentUrl\":\"\",\"caption\":\"FjALA e LIR\u00cb - Arkivi\"},\"image\":{\"@id\":\"https:\\\/\\\/fjala.info\\\/2009-2015\\\/#\\\/schema\\\/logo\\\/image\\\/\"}},{\"@type\":\"Person\",\"@id\":\"https:\\\/\\\/fjala.info\\\/2009-2015\\\/#\\\/schema\\\/person\\\/3aa1163ef05469c496fc94e77611ada2\",\"name\":\"admin\",\"image\":{\"@type\":\"ImageObject\",\"inLanguage\":\"sq-AL\",\"@id\":\"https:\\\/\\\/fjala.info\\\/2009-2015\\\/wp-content\\\/uploads\\\/2012\\\/02\\\/arben_cokaj-120x150.jpg\",\"url\":\"https:\\\/\\\/fjala.info\\\/2009-2015\\\/wp-content\\\/uploads\\\/2012\\\/02\\\/arben_cokaj-120x150.jpg\",\"contentUrl\":\"https:\\\/\\\/fjala.info\\\/2009-2015\\\/wp-content\\\/uploads\\\/2012\\\/02\\\/arben_cokaj-120x150.jpg\",\"caption\":\"admin\"},\"description\":\"Admin, Fjala e Lir\u00eb\",\"sameAs\":[\"https:\\\/\\\/fjala.info\\\/\"],\"url\":\"https:\\\/\\\/fjala.info\\\/2009-2015\\\/author\\\/admin\\\/\"}]}<\/script>\n<!-- \/ Yoast SEO plugin. -->","yoast_head_json":{"title":"Arkitekti i shtetit demokaratik gjith\u00ebkomb\u00ebtar - FjALA e LIR\u00cb - Arkivi","robots":{"index":"index","follow":"follow","max-snippet":"max-snippet:-1","max-image-preview":"max-image-preview:large","max-video-preview":"max-video-preview:-1"},"canonical":"https:\/\/fjala.info\/2009-2015\/arkitekti-i-shtetit-demokaratik-gjithekombetar\/","og_locale":"sq_AL","og_type":"article","og_title":"Arkitekti i shtetit demokaratik gjith\u00ebkomb\u00ebtar - FjALA e LIR\u00cb - Arkivi","og_description":"N\u00eb 568-vjetorin e Lidhjes s\u00eb Lezh\u00ebs (2 mars 1444) Te bujar\u00ebt shqiptar\u00eb martesa ishte nj\u00eb akt politik, q\u00eb e ndoqi edhe Sk\u00ebnderbeu p\u00ebr hir t\u00eb p\u00ebrforcimit t\u00eb politik\u00ebs s\u00eb brendshme, q\u00eb shpiente drejt bashkimit sa m\u00eb organik t\u00eb sundimtar\u00ebve t\u00eb fuqish\u00ebm shqiptar\u00eb. P\u00ebrball\u00eb dep\u00ebrtimeve otomane n\u00eb vij\u00ebn e par\u00eb gjendej edhe Arb\u00ebria. Flamurin e Kastriot\u00ebve, [&hellip;]","og_url":"https:\/\/fjala.info\/2009-2015\/arkitekti-i-shtetit-demokaratik-gjithekombetar\/","og_site_name":"FjALA e LIR\u00cb - Arkivi","article_published_time":"2012-02-29T20:29:11+00:00","og_image":[{"url":"http:\/\/www.shkoder.net\/images\/shkodra\/skenderbeu.jpg","type":"","width":"","height":""}],"author":"admin","twitter_card":"summary_large_image","twitter_misc":{"Written by":"admin","Est. reading time":"10 minutes"},"schema":{"@context":"https:\/\/schema.org","@graph":[{"@type":"Article","@id":"https:\/\/fjala.info\/2009-2015\/arkitekti-i-shtetit-demokaratik-gjithekombetar\/#article","isPartOf":{"@id":"https:\/\/fjala.info\/2009-2015\/arkitekti-i-shtetit-demokaratik-gjithekombetar\/"},"author":{"name":"admin","@id":"https:\/\/fjala.info\/2009-2015\/#\/schema\/person\/3aa1163ef05469c496fc94e77611ada2"},"headline":"Arkitekti i shtetit demokaratik gjith\u00ebkomb\u00ebtar","datePublished":"2012-02-29T20:29:11+00:00","mainEntityOfPage":{"@id":"https:\/\/fjala.info\/2009-2015\/arkitekti-i-shtetit-demokaratik-gjithekombetar\/"},"wordCount":2023,"commentCount":0,"publisher":{"@id":"https:\/\/fjala.info\/2009-2015\/#organization"},"image":{"@id":"https:\/\/fjala.info\/2009-2015\/arkitekti-i-shtetit-demokaratik-gjithekombetar\/#primaryimage"},"thumbnailUrl":"http:\/\/www.shkoder.net\/images\/shkodra\/skenderbeu.jpg","articleSection":["Artikuj"],"inLanguage":"sq-AL","potentialAction":[{"@type":"CommentAction","name":"Comment","target":["https:\/\/fjala.info\/2009-2015\/arkitekti-i-shtetit-demokaratik-gjithekombetar\/#respond"]}]},{"@type":"WebPage","@id":"https:\/\/fjala.info\/2009-2015\/arkitekti-i-shtetit-demokaratik-gjithekombetar\/","url":"https:\/\/fjala.info\/2009-2015\/arkitekti-i-shtetit-demokaratik-gjithekombetar\/","name":"Arkitekti i shtetit demokaratik gjith\u00ebkomb\u00ebtar - FjALA e LIR\u00cb - Arkivi","isPartOf":{"@id":"https:\/\/fjala.info\/2009-2015\/#website"},"primaryImageOfPage":{"@id":"https:\/\/fjala.info\/2009-2015\/arkitekti-i-shtetit-demokaratik-gjithekombetar\/#primaryimage"},"image":{"@id":"https:\/\/fjala.info\/2009-2015\/arkitekti-i-shtetit-demokaratik-gjithekombetar\/#primaryimage"},"thumbnailUrl":"http:\/\/www.shkoder.net\/images\/shkodra\/skenderbeu.jpg","datePublished":"2012-02-29T20:29:11+00:00","breadcrumb":{"@id":"https:\/\/fjala.info\/2009-2015\/arkitekti-i-shtetit-demokaratik-gjithekombetar\/#breadcrumb"},"inLanguage":"sq-AL","potentialAction":[{"@type":"ReadAction","target":["https:\/\/fjala.info\/2009-2015\/arkitekti-i-shtetit-demokaratik-gjithekombetar\/"]}]},{"@type":"ImageObject","inLanguage":"sq-AL","@id":"https:\/\/fjala.info\/2009-2015\/arkitekti-i-shtetit-demokaratik-gjithekombetar\/#primaryimage","url":"http:\/\/www.shkoder.net\/images\/shkodra\/skenderbeu.jpg","contentUrl":"http:\/\/www.shkoder.net\/images\/shkodra\/skenderbeu.jpg"},{"@type":"BreadcrumbList","@id":"https:\/\/fjala.info\/2009-2015\/arkitekti-i-shtetit-demokaratik-gjithekombetar\/#breadcrumb","itemListElement":[{"@type":"ListItem","position":1,"name":"Home","item":"https:\/\/fjala.info\/2009-2015\/"},{"@type":"ListItem","position":2,"name":"Arkitekti i shtetit demokaratik gjith\u00ebkomb\u00ebtar"}]},{"@type":"WebSite","@id":"https:\/\/fjala.info\/2009-2015\/#website","url":"https:\/\/fjala.info\/2009-2015\/","name":"FjALA e LIR\u00cb - Arkivi","description":"Arkivi 2009-2015","publisher":{"@id":"https:\/\/fjala.info\/2009-2015\/#organization"},"potentialAction":[{"@type":"SearchAction","target":{"@type":"EntryPoint","urlTemplate":"https:\/\/fjala.info\/2009-2015\/?s={search_term_string}"},"query-input":{"@type":"PropertyValueSpecification","valueRequired":true,"valueName":"search_term_string"}}],"inLanguage":"sq-AL"},{"@type":"Organization","@id":"https:\/\/fjala.info\/2009-2015\/#organization","name":"FjALA e LIR\u00cb - Arkivi","url":"https:\/\/fjala.info\/2009-2015\/","logo":{"@type":"ImageObject","inLanguage":"sq-AL","@id":"https:\/\/fjala.info\/2009-2015\/#\/schema\/logo\/image\/","url":"","contentUrl":"","caption":"FjALA e LIR\u00cb - Arkivi"},"image":{"@id":"https:\/\/fjala.info\/2009-2015\/#\/schema\/logo\/image\/"}},{"@type":"Person","@id":"https:\/\/fjala.info\/2009-2015\/#\/schema\/person\/3aa1163ef05469c496fc94e77611ada2","name":"admin","image":{"@type":"ImageObject","inLanguage":"sq-AL","@id":"https:\/\/fjala.info\/2009-2015\/wp-content\/uploads\/2012\/02\/arben_cokaj-120x150.jpg","url":"https:\/\/fjala.info\/2009-2015\/wp-content\/uploads\/2012\/02\/arben_cokaj-120x150.jpg","contentUrl":"https:\/\/fjala.info\/2009-2015\/wp-content\/uploads\/2012\/02\/arben_cokaj-120x150.jpg","caption":"admin"},"description":"Admin, Fjala e Lir\u00eb","sameAs":["https:\/\/fjala.info\/"],"url":"https:\/\/fjala.info\/2009-2015\/author\/admin\/"}]}},"_links":{"self":[{"href":"https:\/\/fjala.info\/2009-2015\/wp-json\/wp\/v2\/posts\/1992","targetHints":{"allow":["GET"]}}],"collection":[{"href":"https:\/\/fjala.info\/2009-2015\/wp-json\/wp\/v2\/posts"}],"about":[{"href":"https:\/\/fjala.info\/2009-2015\/wp-json\/wp\/v2\/types\/post"}],"author":[{"embeddable":true,"href":"https:\/\/fjala.info\/2009-2015\/wp-json\/wp\/v2\/users\/1"}],"replies":[{"embeddable":true,"href":"https:\/\/fjala.info\/2009-2015\/wp-json\/wp\/v2\/comments?post=1992"}],"version-history":[{"count":0,"href":"https:\/\/fjala.info\/2009-2015\/wp-json\/wp\/v2\/posts\/1992\/revisions"}],"wp:attachment":[{"href":"https:\/\/fjala.info\/2009-2015\/wp-json\/wp\/v2\/media?parent=1992"}],"wp:term":[{"taxonomy":"category","embeddable":true,"href":"https:\/\/fjala.info\/2009-2015\/wp-json\/wp\/v2\/categories?post=1992"},{"taxonomy":"post_tag","embeddable":true,"href":"https:\/\/fjala.info\/2009-2015\/wp-json\/wp\/v2\/tags?post=1992"}],"curies":[{"name":"wp","href":"https:\/\/api.w.org\/{rel}","templated":true}]}}