{"id":199,"date":"2011-11-17T06:52:07","date_gmt":"2011-11-17T05:52:07","guid":{"rendered":"http:\/\/fjala.shkoder.net\/?p=199"},"modified":"2011-11-17T06:52:07","modified_gmt":"2011-11-17T05:52:07","slug":"ju-thashe-qe-olldashi-nuk-ka-faj","status":"publish","type":"post","link":"https:\/\/fjala.info\/2009-2015\/ju-thashe-qe-olldashi-nuk-ka-faj\/","title":{"rendered":"Ju thash\u00eb q\u00eb Olldashi nuk ka faj!"},"content":{"rendered":"<p><img decoding=\"async\" class=\"alignright size-thumbnail wp-image-7236\" title=\"Mero Baze\" src=\"http:\/\/www.shkoder.net\/images\/fjala\/mero_baze1.jpg\" alt=\"\" width=\"150\" \/> Nga <strong>Mero Baze<\/strong>, <em>16 N\u00ebntor 2011<\/em><\/p>\n<p>Para gati nj\u00eb muaji gazeta Panorama ngriti nj\u00eb stuhi ndaj Ministrit Olldashi, i cili realisht kishte n\u00ebnshkruar nj\u00eb kontrat\u00eb monopol me nj\u00eb kompani t\u00eb grupit Ulaj, t\u00eb cil\u00ebs i jep t\u00eb drejt\u00ebn t\u00eb \u00e7aj\u00eb gjith\u00eb rrug\u00ebt e Shqip\u00ebris\u00eb n\u00eb drejtim t\u00eb pikave doganore dhe t\u00eb shtroj\u00eb n\u00eb to nj\u00eb rrjet t\u00eb fibrave optike q\u00eb do t\u00eb p\u00ebrdoren p\u00ebr transmetim t\u00eb dh\u00ebnash dhe lidhje me vendet fqinje. Gazeta kishte t\u00eb drejt\u00eb n\u00eb shum\u00eb pika, sidomos n\u00eb faktin q\u00eb kontrata ishte monopol, q\u00eb rrug\u00ebt po prisheshin si\u00e7 u prish\u00ebn pa paguar asgj\u00eb kompania, dhe mbi t\u00eb gjitha kishin t\u00eb drejt\u00eb n\u00eb historikun e asaj kontrate, e cila kishte ardhur pasi u ishte anuluar nj\u00eb kontrat\u00eb e ngjashme kat\u00ebr kompanive t\u00eb tjera q\u00eb e kishin lidhur nd\u00ebrkoh\u00eb nj\u00eb kontrat\u00eb t\u00eb till\u00eb. Shkeljet e Olldashit ishin flagrante dhe t\u00eb frikshme p\u00ebr nga guximi p\u00ebr t\u2019i firmosur. Deri k\u00ebtu gazeta shkoi mir\u00eb.<\/p>\n<p>Problemi q\u00eb un\u00eb ngrita n\u00eb at\u00eb val\u00eb polemikash ishte se sulmi i Panoram\u00ebs nuk ngjiste, pasi nuk thoshte autorin e v\u00ebrtet\u00eb t\u00eb asaj kontrate. Ai ishte Sali Berisha, pasi kompania p\u00ebrfituese \u00ebsht\u00eb thuajse pron\u00eb e Familjes s\u00eb tij, ose m\u00eb mir\u00eb t\u00eb themi bashk\u00eb me kompanin\u00eb jetojn\u00eb n\u00eb t\u00eb nj\u00ebjtin pallat ku ai ka disa apartamente p\u00ebr Familjen.<\/p>\n<p>Pas k\u00ebsaj fare papritur polemika u shua, Olldashi u shfaq n\u00eb nj\u00eb debat thuajse kompromisi n\u00eb nj\u00eb ekran t\u00eb pushtetit dhe gjith\u00e7ka u harrua.<\/p>\n<p>Paralel me k\u00ebt\u00eb projekt privat t\u00eb Familjes, Ministri Pollo kishte shpallur nj\u00eb tender publik p\u00ebr t\u00eb nd\u00ebrtuar di\u00e7ka t\u00eb ngjashme. P\u00ebrplasja me projektin e kompanis\u00eb q\u00eb kishte favorizuar Olldashi, e detyruan Pollon disa her\u00eb t\u00eb shtynte tenderin deri sa m\u00eb n\u00eb fund e b\u00ebri. Dhe p\u00ebrfundimi ishte m\u00eb tragjikomik. Edhe k\u00ebt\u00eb projekt e fitoi si konkurrente e vetme kompania Gener 2, pron\u00eb de facto e t\u00eb nj\u00ebjtit person q\u00eb ka p\u00ebrfituar dhe projektin e firmosur nga Olldashi.<\/p>\n<p>Pra, debati q\u00eb ngrihej n\u00eb fillim ishte pse ky biznesmen t\u00eb kishte monopol p\u00ebr 40 vjet p\u00ebr nj\u00eb biznes q\u00eb ka t\u00eb b\u00ebj\u00eb me sigurin\u00eb ton\u00eb komb\u00ebtare, dhe pse binte ndesh me nj\u00eb projekt zyrtar t\u00eb qeveris\u00eb si\u00e7 ishte ai i zotit Pollo. Si p\u00ebr ta shuar k\u00ebt\u00eb kontradikt\u00eb dhe p\u00ebr t\u00eb na treguar t\u00eb gjith\u00ebve se kur ka problem qeveria me Familjen, \u00e7\u00ebshtja zgjidhet duke vendosur Familja, Berisha ia dha t\u00eb dyja shanset nj\u00eb njeriu, njeriut n\u00eb pallatin e t\u00eb cilit banon.<\/p>\n<p>Kjo i shpjegon t\u00eb gjitha. Shpjegon pik\u00eb s\u00eb pari pse u hesht fare papritur ndaj Sokol Olldashit, i cili realisht kishte b\u00ebr\u00eb shkelje skandaloze n\u00eb at\u00eb kontrat\u00eb m\u00eb shum\u00eb se klienteliste. Shpjegon faktin pse Ministria e Ekonomis\u00eb \u201cnuk gjeti\u201d shkelje n\u00eb kontrat\u00ebn e Olldashit dhe mbi t\u00eb gjitha tregon faktin pse \u201cdisidenti\u201d Pollo futi bishtin n\u00eb shal\u00eb dhe i harroi t\u00eb gjitha duke ja dh\u00ebn\u00eb dhe ai n\u00ebn shembullin e Olldashit k\u00ebt\u00eb biznes t\u00eb nj\u00ebjtit njeri.<\/p>\n<p>Kjo \u00ebsht\u00eb nj\u00eb situat\u00eb m\u00eb shum\u00eb se skandaloze. Pas disa vitesh kur Berisha s\u2019do t\u00eb jet\u00eb m\u00eb n\u00eb pushtet, kompania e tij do t\u00eb jet\u00eb banka e t\u00eb dh\u00ebnave p\u00ebr gjith\u00eb shqiptar\u00ebt, do t\u00eb na transmetoj\u00eb t\u00eb dh\u00ebnat tona n\u00eb banka, n\u00eb internet, n\u00eb lidhjet telefonike e televizive, pra do t\u00eb jet\u00eb \u201cBig Brother-i\u201d q\u00eb do t\u00eb na v\u00ebzhgoj\u00eb jo vet\u00ebm pas qeveris\u00eb, por dhe p\u00ebrtej varrit. (Vet\u00eb ka premtuar q\u00eb do jet\u00eb dhe tridhjet\u00eb vjet, kurse kontrat\u00ebn e ka b\u00ebr\u00eb dyzet\u00eb vjet).<\/p>\n<p>Por kjo \u00ebsht\u00eb nj\u00eb histori q\u00eb dhe mund t\u00eb ndryshohet nga ndryshimi i pushtetit, jo domosdoshm\u00ebrisht duke i r\u00ebn\u00eb m\u00eb qaf\u00eb k\u00ebtij investimi vet\u00ebm pse \u00ebsht\u00eb i Berish\u00ebs, por p\u00ebr ta liberalizuar dhe p\u00ebr ta hequr monopolin si koncept ekonomik nga Shqip\u00ebria.<\/p>\n<p>Ajo q\u00eb nuk korrigjohet p\u00ebr momentin \u00ebsht\u00eb p\u00ebrunj\u00ebsia e turpshme e \u00e7do individi ndaj nj\u00eb biznesi t\u00eb Familjes Berisha. Olldashi, q\u00eb ka mund\u00ebsi t\u00eb jet\u00eb af\u00ebr Berish\u00ebs dhe q\u00eb ja lexon n\u00eb fytyr\u00eb d\u00ebshirat, firmos pa frik\u00eb nj\u00eb kontrat\u00eb skandaloze, Irfani q\u00eb ka keqkuptimin q\u00eb \u00ebsht\u00eb me Doktorin e sulmon, dhe kur shikon q\u00eb n\u00eb vend q\u00eb t\u00eb kap\u00eb Olldashin, ka kapur Berish\u00ebn, fut bishtin n\u00eb shal\u00eb dhe ik\u00ebn, Pollo n\u00eb fillim reziston se mendon q\u00eb po b\u00ebhet biznes pa \u201cdijeni\u201d t\u00eb Berish\u00ebs, por kur ndesh v\u00ebshtrimin e tij pyet\u00ebs, t\u00ebrhiqet dhe ai me bisht n\u00eb shal\u00eb e ia jep dhe ai tenderin e vet t\u00eb nj\u00ebjtit njeri.<\/p>\n<p>Kjo \u00ebsht\u00eb nj\u00eb situat\u00eb e pap\u00ebrfytyrueshme dhe p\u00ebr vende si Bjellorusia apo ndonj\u00eb ish- republik\u00eb sovjetike ku gjith\u00e7ka i takon sulltan\u00ebve t\u00eb rinj. Dhe mbi t\u00eb gjitha d\u00ebshmi se k\u00ebtu Berisha nuk ka nevoj\u00eb m\u00eb t\u00eb urdh\u00ebroj\u00eb, mjafton q\u00eb ata q\u00eb jan\u00eb rrotull ta kuptojn\u00eb se \u00e7\u2019duhet t\u00eb b\u00ebjn\u00eb. U thash\u00eb qysh m\u00eb her\u00ebt se Olldashi nuk kish faj q\u00eb nuk trembej nga Panorama. E takon m\u00eb shpesh Doktorin se Irfani.<\/p>\n","protected":false},"excerpt":{"rendered":"<p>Nga Mero Baze, 16 N\u00ebntor 2011 Para gati nj\u00eb muaji gazeta Panorama ngriti nj\u00eb stuhi ndaj Ministrit Olldashi, i cili realisht kishte n\u00ebnshkruar nj\u00eb kontrat\u00eb monopol me nj\u00eb kompani t\u00eb grupit Ulaj, t\u00eb cil\u00ebs i jep t\u00eb drejt\u00ebn t\u00eb \u00e7aj\u00eb gjith\u00eb rrug\u00ebt e Shqip\u00ebris\u00eb n\u00eb drejtim t\u00eb pikave doganore dhe t\u00eb shtroj\u00eb n\u00eb to nj\u00eb [&hellip;]<\/p>\n","protected":false},"author":1,"featured_media":0,"comment_status":"open","ping_status":"closed","sticky":false,"template":"","format":"standard","meta":{"footnotes":""},"categories":[2],"tags":[],"class_list":{"0":"post-199","1":"post","2":"type-post","3":"status-publish","4":"format-standard","6":"category-artikuj"},"yoast_head":"<!-- This site is optimized with the Yoast SEO plugin v27.4 - https:\/\/yoast.com\/product\/yoast-seo-wordpress\/ -->\n<title>Ju thash\u00eb q\u00eb Olldashi nuk ka faj! - FjALA e LIR\u00cb - Arkivi<\/title>\n<meta name=\"robots\" content=\"index, follow, max-snippet:-1, max-image-preview:large, max-video-preview:-1\" \/>\n<link rel=\"canonical\" href=\"https:\/\/fjala.info\/2009-2015\/ju-thashe-qe-olldashi-nuk-ka-faj\/\" \/>\n<meta property=\"og:locale\" content=\"sq_AL\" \/>\n<meta property=\"og:type\" content=\"article\" \/>\n<meta property=\"og:title\" content=\"Ju thash\u00eb q\u00eb Olldashi nuk ka faj! - FjALA e LIR\u00cb - Arkivi\" \/>\n<meta property=\"og:description\" content=\"Nga Mero Baze, 16 N\u00ebntor 2011 Para gati nj\u00eb muaji gazeta Panorama ngriti nj\u00eb stuhi ndaj Ministrit Olldashi, i cili realisht kishte n\u00ebnshkruar nj\u00eb kontrat\u00eb monopol me nj\u00eb kompani t\u00eb grupit Ulaj, t\u00eb cil\u00ebs i jep t\u00eb drejt\u00ebn t\u00eb \u00e7aj\u00eb gjith\u00eb rrug\u00ebt e Shqip\u00ebris\u00eb n\u00eb drejtim t\u00eb pikave doganore dhe t\u00eb shtroj\u00eb n\u00eb to nj\u00eb [&hellip;]\" \/>\n<meta property=\"og:url\" content=\"https:\/\/fjala.info\/2009-2015\/ju-thashe-qe-olldashi-nuk-ka-faj\/\" \/>\n<meta property=\"og:site_name\" content=\"FjALA e LIR\u00cb - Arkivi\" \/>\n<meta property=\"article:published_time\" content=\"2011-11-17T05:52:07+00:00\" \/>\n<meta property=\"og:image\" content=\"http:\/\/www.shkoder.net\/images\/fjala\/mero_baze1.jpg\" \/>\n<meta name=\"author\" content=\"admin\" \/>\n<meta name=\"twitter:card\" content=\"summary_large_image\" \/>\n<meta name=\"twitter:label1\" content=\"Written by\" \/>\n\t<meta name=\"twitter:data1\" content=\"admin\" \/>\n\t<meta name=\"twitter:label2\" content=\"Est. reading time\" \/>\n\t<meta name=\"twitter:data2\" content=\"4 minutes\" \/>\n<script type=\"application\/ld+json\" class=\"yoast-schema-graph\">{\"@context\":\"https:\\\/\\\/schema.org\",\"@graph\":[{\"@type\":\"Article\",\"@id\":\"https:\\\/\\\/fjala.info\\\/2009-2015\\\/ju-thashe-qe-olldashi-nuk-ka-faj\\\/#article\",\"isPartOf\":{\"@id\":\"https:\\\/\\\/fjala.info\\\/2009-2015\\\/ju-thashe-qe-olldashi-nuk-ka-faj\\\/\"},\"author\":{\"name\":\"admin\",\"@id\":\"https:\\\/\\\/fjala.info\\\/2009-2015\\\/#\\\/schema\\\/person\\\/3aa1163ef05469c496fc94e77611ada2\"},\"headline\":\"Ju thash\u00eb q\u00eb Olldashi nuk ka faj!\",\"datePublished\":\"2011-11-17T05:52:07+00:00\",\"mainEntityOfPage\":{\"@id\":\"https:\\\/\\\/fjala.info\\\/2009-2015\\\/ju-thashe-qe-olldashi-nuk-ka-faj\\\/\"},\"wordCount\":868,\"commentCount\":0,\"publisher\":{\"@id\":\"https:\\\/\\\/fjala.info\\\/2009-2015\\\/#organization\"},\"image\":{\"@id\":\"https:\\\/\\\/fjala.info\\\/2009-2015\\\/ju-thashe-qe-olldashi-nuk-ka-faj\\\/#primaryimage\"},\"thumbnailUrl\":\"http:\\\/\\\/www.shkoder.net\\\/images\\\/fjala\\\/mero_baze1.jpg\",\"articleSection\":[\"Artikuj\"],\"inLanguage\":\"sq-AL\",\"potentialAction\":[{\"@type\":\"CommentAction\",\"name\":\"Comment\",\"target\":[\"https:\\\/\\\/fjala.info\\\/2009-2015\\\/ju-thashe-qe-olldashi-nuk-ka-faj\\\/#respond\"]}]},{\"@type\":\"WebPage\",\"@id\":\"https:\\\/\\\/fjala.info\\\/2009-2015\\\/ju-thashe-qe-olldashi-nuk-ka-faj\\\/\",\"url\":\"https:\\\/\\\/fjala.info\\\/2009-2015\\\/ju-thashe-qe-olldashi-nuk-ka-faj\\\/\",\"name\":\"Ju thash\u00eb q\u00eb Olldashi nuk ka faj! - FjALA e LIR\u00cb - Arkivi\",\"isPartOf\":{\"@id\":\"https:\\\/\\\/fjala.info\\\/2009-2015\\\/#website\"},\"primaryImageOfPage\":{\"@id\":\"https:\\\/\\\/fjala.info\\\/2009-2015\\\/ju-thashe-qe-olldashi-nuk-ka-faj\\\/#primaryimage\"},\"image\":{\"@id\":\"https:\\\/\\\/fjala.info\\\/2009-2015\\\/ju-thashe-qe-olldashi-nuk-ka-faj\\\/#primaryimage\"},\"thumbnailUrl\":\"http:\\\/\\\/www.shkoder.net\\\/images\\\/fjala\\\/mero_baze1.jpg\",\"datePublished\":\"2011-11-17T05:52:07+00:00\",\"breadcrumb\":{\"@id\":\"https:\\\/\\\/fjala.info\\\/2009-2015\\\/ju-thashe-qe-olldashi-nuk-ka-faj\\\/#breadcrumb\"},\"inLanguage\":\"sq-AL\",\"potentialAction\":[{\"@type\":\"ReadAction\",\"target\":[\"https:\\\/\\\/fjala.info\\\/2009-2015\\\/ju-thashe-qe-olldashi-nuk-ka-faj\\\/\"]}]},{\"@type\":\"ImageObject\",\"inLanguage\":\"sq-AL\",\"@id\":\"https:\\\/\\\/fjala.info\\\/2009-2015\\\/ju-thashe-qe-olldashi-nuk-ka-faj\\\/#primaryimage\",\"url\":\"http:\\\/\\\/www.shkoder.net\\\/images\\\/fjala\\\/mero_baze1.jpg\",\"contentUrl\":\"http:\\\/\\\/www.shkoder.net\\\/images\\\/fjala\\\/mero_baze1.jpg\"},{\"@type\":\"BreadcrumbList\",\"@id\":\"https:\\\/\\\/fjala.info\\\/2009-2015\\\/ju-thashe-qe-olldashi-nuk-ka-faj\\\/#breadcrumb\",\"itemListElement\":[{\"@type\":\"ListItem\",\"position\":1,\"name\":\"Home\",\"item\":\"https:\\\/\\\/fjala.info\\\/2009-2015\\\/\"},{\"@type\":\"ListItem\",\"position\":2,\"name\":\"Ju thash\u00eb q\u00eb Olldashi nuk ka faj!\"}]},{\"@type\":\"WebSite\",\"@id\":\"https:\\\/\\\/fjala.info\\\/2009-2015\\\/#website\",\"url\":\"https:\\\/\\\/fjala.info\\\/2009-2015\\\/\",\"name\":\"FjALA e LIR\u00cb - Arkivi\",\"description\":\"Arkivi 2009-2015\",\"publisher\":{\"@id\":\"https:\\\/\\\/fjala.info\\\/2009-2015\\\/#organization\"},\"potentialAction\":[{\"@type\":\"SearchAction\",\"target\":{\"@type\":\"EntryPoint\",\"urlTemplate\":\"https:\\\/\\\/fjala.info\\\/2009-2015\\\/?s={search_term_string}\"},\"query-input\":{\"@type\":\"PropertyValueSpecification\",\"valueRequired\":true,\"valueName\":\"search_term_string\"}}],\"inLanguage\":\"sq-AL\"},{\"@type\":\"Organization\",\"@id\":\"https:\\\/\\\/fjala.info\\\/2009-2015\\\/#organization\",\"name\":\"FjALA e LIR\u00cb - Arkivi\",\"url\":\"https:\\\/\\\/fjala.info\\\/2009-2015\\\/\",\"logo\":{\"@type\":\"ImageObject\",\"inLanguage\":\"sq-AL\",\"@id\":\"https:\\\/\\\/fjala.info\\\/2009-2015\\\/#\\\/schema\\\/logo\\\/image\\\/\",\"url\":\"\",\"contentUrl\":\"\",\"caption\":\"FjALA e LIR\u00cb - Arkivi\"},\"image\":{\"@id\":\"https:\\\/\\\/fjala.info\\\/2009-2015\\\/#\\\/schema\\\/logo\\\/image\\\/\"}},{\"@type\":\"Person\",\"@id\":\"https:\\\/\\\/fjala.info\\\/2009-2015\\\/#\\\/schema\\\/person\\\/3aa1163ef05469c496fc94e77611ada2\",\"name\":\"admin\",\"image\":{\"@type\":\"ImageObject\",\"inLanguage\":\"sq-AL\",\"@id\":\"https:\\\/\\\/fjala.info\\\/2009-2015\\\/wp-content\\\/uploads\\\/2012\\\/02\\\/arben_cokaj-120x150.jpg\",\"url\":\"https:\\\/\\\/fjala.info\\\/2009-2015\\\/wp-content\\\/uploads\\\/2012\\\/02\\\/arben_cokaj-120x150.jpg\",\"contentUrl\":\"https:\\\/\\\/fjala.info\\\/2009-2015\\\/wp-content\\\/uploads\\\/2012\\\/02\\\/arben_cokaj-120x150.jpg\",\"caption\":\"admin\"},\"description\":\"Admin, Fjala e Lir\u00eb\",\"sameAs\":[\"https:\\\/\\\/fjala.info\\\/\"],\"url\":\"https:\\\/\\\/fjala.info\\\/2009-2015\\\/author\\\/admin\\\/\"}]}<\/script>\n<!-- \/ Yoast SEO plugin. -->","yoast_head_json":{"title":"Ju thash\u00eb q\u00eb Olldashi nuk ka faj! - FjALA e LIR\u00cb - Arkivi","robots":{"index":"index","follow":"follow","max-snippet":"max-snippet:-1","max-image-preview":"max-image-preview:large","max-video-preview":"max-video-preview:-1"},"canonical":"https:\/\/fjala.info\/2009-2015\/ju-thashe-qe-olldashi-nuk-ka-faj\/","og_locale":"sq_AL","og_type":"article","og_title":"Ju thash\u00eb q\u00eb Olldashi nuk ka faj! - FjALA e LIR\u00cb - Arkivi","og_description":"Nga Mero Baze, 16 N\u00ebntor 2011 Para gati nj\u00eb muaji gazeta Panorama ngriti nj\u00eb stuhi ndaj Ministrit Olldashi, i cili realisht kishte n\u00ebnshkruar nj\u00eb kontrat\u00eb monopol me nj\u00eb kompani t\u00eb grupit Ulaj, t\u00eb cil\u00ebs i jep t\u00eb drejt\u00ebn t\u00eb \u00e7aj\u00eb gjith\u00eb rrug\u00ebt e Shqip\u00ebris\u00eb n\u00eb drejtim t\u00eb pikave doganore dhe t\u00eb shtroj\u00eb n\u00eb to nj\u00eb [&hellip;]","og_url":"https:\/\/fjala.info\/2009-2015\/ju-thashe-qe-olldashi-nuk-ka-faj\/","og_site_name":"FjALA e LIR\u00cb - Arkivi","article_published_time":"2011-11-17T05:52:07+00:00","og_image":[{"url":"http:\/\/www.shkoder.net\/images\/fjala\/mero_baze1.jpg","type":"","width":"","height":""}],"author":"admin","twitter_card":"summary_large_image","twitter_misc":{"Written by":"admin","Est. reading time":"4 minutes"},"schema":{"@context":"https:\/\/schema.org","@graph":[{"@type":"Article","@id":"https:\/\/fjala.info\/2009-2015\/ju-thashe-qe-olldashi-nuk-ka-faj\/#article","isPartOf":{"@id":"https:\/\/fjala.info\/2009-2015\/ju-thashe-qe-olldashi-nuk-ka-faj\/"},"author":{"name":"admin","@id":"https:\/\/fjala.info\/2009-2015\/#\/schema\/person\/3aa1163ef05469c496fc94e77611ada2"},"headline":"Ju thash\u00eb q\u00eb Olldashi nuk ka faj!","datePublished":"2011-11-17T05:52:07+00:00","mainEntityOfPage":{"@id":"https:\/\/fjala.info\/2009-2015\/ju-thashe-qe-olldashi-nuk-ka-faj\/"},"wordCount":868,"commentCount":0,"publisher":{"@id":"https:\/\/fjala.info\/2009-2015\/#organization"},"image":{"@id":"https:\/\/fjala.info\/2009-2015\/ju-thashe-qe-olldashi-nuk-ka-faj\/#primaryimage"},"thumbnailUrl":"http:\/\/www.shkoder.net\/images\/fjala\/mero_baze1.jpg","articleSection":["Artikuj"],"inLanguage":"sq-AL","potentialAction":[{"@type":"CommentAction","name":"Comment","target":["https:\/\/fjala.info\/2009-2015\/ju-thashe-qe-olldashi-nuk-ka-faj\/#respond"]}]},{"@type":"WebPage","@id":"https:\/\/fjala.info\/2009-2015\/ju-thashe-qe-olldashi-nuk-ka-faj\/","url":"https:\/\/fjala.info\/2009-2015\/ju-thashe-qe-olldashi-nuk-ka-faj\/","name":"Ju thash\u00eb q\u00eb Olldashi nuk ka faj! - FjALA e LIR\u00cb - Arkivi","isPartOf":{"@id":"https:\/\/fjala.info\/2009-2015\/#website"},"primaryImageOfPage":{"@id":"https:\/\/fjala.info\/2009-2015\/ju-thashe-qe-olldashi-nuk-ka-faj\/#primaryimage"},"image":{"@id":"https:\/\/fjala.info\/2009-2015\/ju-thashe-qe-olldashi-nuk-ka-faj\/#primaryimage"},"thumbnailUrl":"http:\/\/www.shkoder.net\/images\/fjala\/mero_baze1.jpg","datePublished":"2011-11-17T05:52:07+00:00","breadcrumb":{"@id":"https:\/\/fjala.info\/2009-2015\/ju-thashe-qe-olldashi-nuk-ka-faj\/#breadcrumb"},"inLanguage":"sq-AL","potentialAction":[{"@type":"ReadAction","target":["https:\/\/fjala.info\/2009-2015\/ju-thashe-qe-olldashi-nuk-ka-faj\/"]}]},{"@type":"ImageObject","inLanguage":"sq-AL","@id":"https:\/\/fjala.info\/2009-2015\/ju-thashe-qe-olldashi-nuk-ka-faj\/#primaryimage","url":"http:\/\/www.shkoder.net\/images\/fjala\/mero_baze1.jpg","contentUrl":"http:\/\/www.shkoder.net\/images\/fjala\/mero_baze1.jpg"},{"@type":"BreadcrumbList","@id":"https:\/\/fjala.info\/2009-2015\/ju-thashe-qe-olldashi-nuk-ka-faj\/#breadcrumb","itemListElement":[{"@type":"ListItem","position":1,"name":"Home","item":"https:\/\/fjala.info\/2009-2015\/"},{"@type":"ListItem","position":2,"name":"Ju thash\u00eb q\u00eb Olldashi nuk ka faj!"}]},{"@type":"WebSite","@id":"https:\/\/fjala.info\/2009-2015\/#website","url":"https:\/\/fjala.info\/2009-2015\/","name":"FjALA e LIR\u00cb - Arkivi","description":"Arkivi 2009-2015","publisher":{"@id":"https:\/\/fjala.info\/2009-2015\/#organization"},"potentialAction":[{"@type":"SearchAction","target":{"@type":"EntryPoint","urlTemplate":"https:\/\/fjala.info\/2009-2015\/?s={search_term_string}"},"query-input":{"@type":"PropertyValueSpecification","valueRequired":true,"valueName":"search_term_string"}}],"inLanguage":"sq-AL"},{"@type":"Organization","@id":"https:\/\/fjala.info\/2009-2015\/#organization","name":"FjALA e LIR\u00cb - Arkivi","url":"https:\/\/fjala.info\/2009-2015\/","logo":{"@type":"ImageObject","inLanguage":"sq-AL","@id":"https:\/\/fjala.info\/2009-2015\/#\/schema\/logo\/image\/","url":"","contentUrl":"","caption":"FjALA e LIR\u00cb - Arkivi"},"image":{"@id":"https:\/\/fjala.info\/2009-2015\/#\/schema\/logo\/image\/"}},{"@type":"Person","@id":"https:\/\/fjala.info\/2009-2015\/#\/schema\/person\/3aa1163ef05469c496fc94e77611ada2","name":"admin","image":{"@type":"ImageObject","inLanguage":"sq-AL","@id":"https:\/\/fjala.info\/2009-2015\/wp-content\/uploads\/2012\/02\/arben_cokaj-120x150.jpg","url":"https:\/\/fjala.info\/2009-2015\/wp-content\/uploads\/2012\/02\/arben_cokaj-120x150.jpg","contentUrl":"https:\/\/fjala.info\/2009-2015\/wp-content\/uploads\/2012\/02\/arben_cokaj-120x150.jpg","caption":"admin"},"description":"Admin, Fjala e Lir\u00eb","sameAs":["https:\/\/fjala.info\/"],"url":"https:\/\/fjala.info\/2009-2015\/author\/admin\/"}]}},"_links":{"self":[{"href":"https:\/\/fjala.info\/2009-2015\/wp-json\/wp\/v2\/posts\/199","targetHints":{"allow":["GET"]}}],"collection":[{"href":"https:\/\/fjala.info\/2009-2015\/wp-json\/wp\/v2\/posts"}],"about":[{"href":"https:\/\/fjala.info\/2009-2015\/wp-json\/wp\/v2\/types\/post"}],"author":[{"embeddable":true,"href":"https:\/\/fjala.info\/2009-2015\/wp-json\/wp\/v2\/users\/1"}],"replies":[{"embeddable":true,"href":"https:\/\/fjala.info\/2009-2015\/wp-json\/wp\/v2\/comments?post=199"}],"version-history":[{"count":0,"href":"https:\/\/fjala.info\/2009-2015\/wp-json\/wp\/v2\/posts\/199\/revisions"}],"wp:attachment":[{"href":"https:\/\/fjala.info\/2009-2015\/wp-json\/wp\/v2\/media?parent=199"}],"wp:term":[{"taxonomy":"category","embeddable":true,"href":"https:\/\/fjala.info\/2009-2015\/wp-json\/wp\/v2\/categories?post=199"},{"taxonomy":"post_tag","embeddable":true,"href":"https:\/\/fjala.info\/2009-2015\/wp-json\/wp\/v2\/tags?post=199"}],"curies":[{"name":"wp","href":"https:\/\/api.w.org\/{rel}","templated":true}]}}