{"id":1982,"date":"2012-02-29T11:32:43","date_gmt":"2012-02-29T10:32:43","guid":{"rendered":"http:\/\/fjala.shkoder.net\/?p=1982"},"modified":"2012-02-29T11:32:43","modified_gmt":"2012-02-29T10:32:43","slug":"si-do-jete-europa-e-se-ardhmes","status":"publish","type":"post","link":"https:\/\/fjala.info\/2009-2015\/si-do-jete-europa-e-se-ardhmes\/","title":{"rendered":"Si do jet\u00eb Europa e s\u00eb ardhmes?"},"content":{"rendered":"<p><img decoding=\"async\" class=\"alignright size-thumbnail wp-image-7236\" title=\"Helmut Kohl\" src=\"http:\/\/www.shkoder.net\/2012\/helmut_kohl.jpg\" alt=\"\" width=\"150\" \/> Nga <strong>Helmut Kohl<\/strong>*<\/p>\n<p>Vizioni im p\u00ebr Europ\u00ebn mbetet vizioni i et\u00ebrve themelues t\u00eb Europ\u00ebs. \u00cbsht\u00eb vizioni i nj\u00eb Europe t\u00eb bashkuar, q\u00eb do t\u00eb thot\u00eb nj\u00eb bashk\u00ebjetes\u00eb gjithmon\u00eb e m\u00eb e ngusht\u00eb n\u00eb kontinentin ton\u00eb.<\/p>\n<p>Motivimi kryesor i et\u00ebrve themelues t\u00eb Europ\u00ebs- nga Winston Churchill, tek Alcide De Gasperi, Jean Monnet, Robert Schumman e deri tek Konrad Adenauer- mbetet akoma shum\u00eb i vlefsh\u00ebm. Ishte parimi: Jo m\u00eb luft\u00eb! Pas dy luft\u00ebrash t\u00eb tmerrshme, nj\u00eb varf\u00ebrie e vuajtjesh mizore, m\u00eb n\u00eb fund Europa duhej b\u00ebr\u00eb m\u00eb e men\u00e7ur. Dhe et\u00ebrit themelues t\u00eb Europ\u00ebs ishin t\u00eb bashkuar rreth ides\u00eb se vet\u00ebm nj\u00eb Europ\u00eb e bashkuar do t\u00eb na jepte mund\u00ebsin\u00eb e nj\u00eb paqe dhe lirie t\u00eb q\u00ebndrueshme.<\/p>\n<p>Ata, t\u00eb cil\u00ebt nj\u00ebsoj si un\u00eb, e kan\u00eb p\u00ebrjetuar si djalosh i ri luft\u00ebn me gjith\u00eb tmerrin dhe d\u00ebshp\u00ebrimin e saj, mund t\u00eb kuptojn\u00eb nga p\u00ebrvoja se \u00e7far\u00eb vlere ka nj\u00eb Europ\u00eb e bashkuar p\u00ebr lirin\u00eb dhe paqen. Kush nuk e ka p\u00ebrjetuar vet\u00eb luft\u00ebn dhe pik\u00ebrisht tani n\u00eb koh\u00eb krize pyet se \u00e7far\u00eb sjell bashkimi i Europ\u00ebs, un\u00eb ju them: paqen.<\/p>\n<p>Kur i hedh nj\u00eb v\u00ebshtrim historis\u00eb e kupton qart\u00eb: shpirtrat e t\u00eb keqes t\u00eb s\u00eb kaluar\u00ebs nuk jan\u00eb ndaluar, ato mund t\u00eb rikthehen gjithmon\u00eb. Kjo do t\u00eb thot\u00eb se Europa mbetet nj\u00eb \u00e7\u00ebshtje e luft\u00ebs dhe e paqes dhe mendimi p\u00ebr paqen \u00ebsht\u00eb forca q\u00eb l\u00ebviz integrimin evropian.<\/p>\n<p>Vizionar\u00ebt e at\u00ebhersh\u00ebm ishin t\u00eb vet\u00ebdijsh\u00ebm se rruga nuk do ishte e leht\u00eb. Megjithat\u00eb ata nuk u step\u00ebn. Ata- dhe jo skeptik\u00ebt, q\u00eb at\u00ebher\u00eb po ashtu ishin t\u00eb shumt\u00eb- na kan\u00eb provuar se kishin t\u00eb drejt\u00eb. N\u00eb dekadat e fundit \u00ebsht\u00eb b\u00ebr\u00eb nj\u00eb progres i jasht\u00ebzakonsh\u00ebm n\u00eb Europ\u00eb. 20 vjet m\u00eb par\u00eb ne kemi arritur q\u00eb n\u00eb m\u00ebnyr\u00eb paq\u00ebsore t\u00eb heqim Perden e Hekurt, ne kemi arritur unitetin gjerman n\u00eb paqe dhe liri me miratimin e fqinj\u00ebve dhe t\u00eb partner\u00ebve n\u00eb bot\u00eb, ne kemi p\u00ebrfunduar bashkimin e Europ\u00ebs- 10 vende an\u00ebtare t\u00eb Bashkimit Europian ishin 20 vite m\u00eb par\u00eb pas Perdes s\u00eb Hekurt- dhe ne kemi nj\u00eb monedh\u00eb t\u00eb p\u00ebrbashk\u00ebt europiane, euron, q\u00eb \u00ebsht\u00eb e pakthyeshme. E gjitha kjo e forcon Europ\u00ebn si nj\u00eb streh\u00eb t\u00eb liris\u00eb dhe paqes dhe si nj\u00eb konkurrent e partner n\u00eb bot\u00eb.<\/p>\n<p>Ata q\u00eb tani n\u00eb kriz\u00eb kan\u00eb dyshime, un\u00eb u them: Ku do t\u00eb ishim sot n\u00eb Europ\u00eb n\u00ebse do u ishim n\u00ebnshtruar skeptik\u00ebve e frikacak\u00ebve?<\/p>\n<p>\u00cbsht\u00eb e v\u00ebrteta: rruga drejt Europ\u00ebs ka qen\u00eb shpesh e lodhshme. Ndonj\u00ebher\u00eb kemi ecur dy hapa para, nj\u00eb pas dhe nuk kemi shkuar aq larg sa \u00e7\u2019e e kishim planifikuar. Por edhe kjo i p\u00ebrket Europ\u00ebs dhe kjo nuk do ndryshoj\u00eb aq shum\u00eb edhe n\u00eb t\u00eb ardhmen. Por ne nuk do mposhtemi dhe me k\u00ebmb\u00ebngulje, vendosm\u00ebri dhe kurajo do shkojm\u00eb vazhdimisht p\u00ebrpara. K\u00ebto jan\u00eb parakushtet p\u00ebr nj\u00eb histori suksesi t\u00eb integrimit europian.<\/p>\n<p>Ky \u00ebsht\u00eb edhe leksioni themelor p\u00ebr sot: e ardhmja nuk \u00ebsht\u00eb e skeptik\u00ebve, por e atyre q\u00eb l\u00ebvizin me nj\u00eb q\u00ebllim t\u00eb qart\u00eb n\u00eb mendje. Mbi k\u00ebt\u00eb themel, q\u00eb e kemi ngritur tashm\u00eb, por nd\u00ebrtojm\u00eb m\u00eb tej sht\u00ebpin\u00eb ton\u00eb evropiane. Debati i tanish\u00ebm n\u00eb Europ\u00eb dhe kriza e tejzgjatur n\u00eb Greqi nuk duhet t\u00eb b\u00ebjn\u00eb q\u00eb t\u00eb humbasim q\u00ebllimin e nj\u00eb Europe t\u00eb bashkuar. E kund\u00ebrta \u00ebsht\u00eb e v\u00ebrtet\u00eb: ne duhet t\u00eb p\u00ebrdorim kriz\u00ebn si nj\u00eb mund\u00ebsi. Tani m\u00eb shum\u00eb se kurr\u00eb na duhet m\u00eb shum\u00eb Europ\u00eb dhe jo m\u00eb pak.<\/p>\n<p>Europa \u00ebsht\u00eb e ardhmja jon\u00eb. Ndaj Europ\u00ebs nuk ka asnj\u00eb alternativ\u00eb. Ne kemi t\u00eb gjith\u00eb arsyet p\u00ebr optimiz\u00ebm se Europa mund t\u00eb dal\u00eb m\u00eb e fort\u00eb nga kjo kriz\u00eb n\u00eb rast se ne duam. Le t\u00eb mos trembemi!<\/p>\n<p>*<em>Ish- kancelari gjerman e ka botuar k\u00ebt\u00eb opinion n\u00eb gazet\u00ebn Bild <\/em><\/p>\n","protected":false},"excerpt":{"rendered":"<p>Nga Helmut Kohl* Vizioni im p\u00ebr Europ\u00ebn mbetet vizioni i et\u00ebrve themelues t\u00eb Europ\u00ebs. \u00cbsht\u00eb vizioni i nj\u00eb Europe t\u00eb bashkuar, q\u00eb do t\u00eb thot\u00eb nj\u00eb bashk\u00ebjetes\u00eb gjithmon\u00eb e m\u00eb e ngusht\u00eb n\u00eb kontinentin ton\u00eb. Motivimi kryesor i et\u00ebrve themelues t\u00eb Europ\u00ebs- nga Winston Churchill, tek Alcide De Gasperi, Jean Monnet, Robert Schumman e deri [&hellip;]<\/p>\n","protected":false},"author":1,"featured_media":0,"comment_status":"open","ping_status":"closed","sticky":false,"template":"","format":"standard","meta":{"footnotes":""},"categories":[2],"tags":[],"class_list":{"0":"post-1982","1":"post","2":"type-post","3":"status-publish","4":"format-standard","6":"category-artikuj"},"yoast_head":"<!-- This site is optimized with the Yoast SEO plugin v27.4 - https:\/\/yoast.com\/product\/yoast-seo-wordpress\/ -->\n<title>Si do jet\u00eb Europa e s\u00eb ardhmes? - FjALA e LIR\u00cb - Arkivi<\/title>\n<meta name=\"robots\" content=\"index, follow, max-snippet:-1, max-image-preview:large, max-video-preview:-1\" \/>\n<link rel=\"canonical\" href=\"https:\/\/fjala.info\/2009-2015\/si-do-jete-europa-e-se-ardhmes\/\" \/>\n<meta property=\"og:locale\" content=\"sq_AL\" \/>\n<meta property=\"og:type\" content=\"article\" \/>\n<meta property=\"og:title\" content=\"Si do jet\u00eb Europa e s\u00eb ardhmes? - FjALA e LIR\u00cb - Arkivi\" \/>\n<meta property=\"og:description\" content=\"Nga Helmut Kohl* Vizioni im p\u00ebr Europ\u00ebn mbetet vizioni i et\u00ebrve themelues t\u00eb Europ\u00ebs. \u00cbsht\u00eb vizioni i nj\u00eb Europe t\u00eb bashkuar, q\u00eb do t\u00eb thot\u00eb nj\u00eb bashk\u00ebjetes\u00eb gjithmon\u00eb e m\u00eb e ngusht\u00eb n\u00eb kontinentin ton\u00eb. Motivimi kryesor i et\u00ebrve themelues t\u00eb Europ\u00ebs- nga Winston Churchill, tek Alcide De Gasperi, Jean Monnet, Robert Schumman e deri [&hellip;]\" \/>\n<meta property=\"og:url\" content=\"https:\/\/fjala.info\/2009-2015\/si-do-jete-europa-e-se-ardhmes\/\" \/>\n<meta property=\"og:site_name\" content=\"FjALA e LIR\u00cb - Arkivi\" \/>\n<meta property=\"article:published_time\" content=\"2012-02-29T10:32:43+00:00\" \/>\n<meta property=\"og:image\" content=\"http:\/\/www.shkoder.net\/2012\/helmut_kohl.jpg\" \/>\n<meta name=\"author\" content=\"admin\" \/>\n<meta name=\"twitter:card\" content=\"summary_large_image\" \/>\n<meta name=\"twitter:label1\" content=\"Written by\" \/>\n\t<meta name=\"twitter:data1\" content=\"admin\" \/>\n\t<meta name=\"twitter:label2\" content=\"Est. reading time\" \/>\n\t<meta name=\"twitter:data2\" content=\"3 minutes\" \/>\n<script type=\"application\/ld+json\" class=\"yoast-schema-graph\">{\"@context\":\"https:\\\/\\\/schema.org\",\"@graph\":[{\"@type\":\"Article\",\"@id\":\"https:\\\/\\\/fjala.info\\\/2009-2015\\\/si-do-jete-europa-e-se-ardhmes\\\/#article\",\"isPartOf\":{\"@id\":\"https:\\\/\\\/fjala.info\\\/2009-2015\\\/si-do-jete-europa-e-se-ardhmes\\\/\"},\"author\":{\"name\":\"admin\",\"@id\":\"https:\\\/\\\/fjala.info\\\/2009-2015\\\/#\\\/schema\\\/person\\\/3aa1163ef05469c496fc94e77611ada2\"},\"headline\":\"Si do jet\u00eb Europa e s\u00eb ardhmes?\",\"datePublished\":\"2012-02-29T10:32:43+00:00\",\"mainEntityOfPage\":{\"@id\":\"https:\\\/\\\/fjala.info\\\/2009-2015\\\/si-do-jete-europa-e-se-ardhmes\\\/\"},\"wordCount\":694,\"commentCount\":0,\"publisher\":{\"@id\":\"https:\\\/\\\/fjala.info\\\/2009-2015\\\/#organization\"},\"image\":{\"@id\":\"https:\\\/\\\/fjala.info\\\/2009-2015\\\/si-do-jete-europa-e-se-ardhmes\\\/#primaryimage\"},\"thumbnailUrl\":\"http:\\\/\\\/www.shkoder.net\\\/2012\\\/helmut_kohl.jpg\",\"articleSection\":[\"Artikuj\"],\"inLanguage\":\"sq-AL\",\"potentialAction\":[{\"@type\":\"CommentAction\",\"name\":\"Comment\",\"target\":[\"https:\\\/\\\/fjala.info\\\/2009-2015\\\/si-do-jete-europa-e-se-ardhmes\\\/#respond\"]}]},{\"@type\":\"WebPage\",\"@id\":\"https:\\\/\\\/fjala.info\\\/2009-2015\\\/si-do-jete-europa-e-se-ardhmes\\\/\",\"url\":\"https:\\\/\\\/fjala.info\\\/2009-2015\\\/si-do-jete-europa-e-se-ardhmes\\\/\",\"name\":\"Si do jet\u00eb Europa e s\u00eb ardhmes? - FjALA e LIR\u00cb - Arkivi\",\"isPartOf\":{\"@id\":\"https:\\\/\\\/fjala.info\\\/2009-2015\\\/#website\"},\"primaryImageOfPage\":{\"@id\":\"https:\\\/\\\/fjala.info\\\/2009-2015\\\/si-do-jete-europa-e-se-ardhmes\\\/#primaryimage\"},\"image\":{\"@id\":\"https:\\\/\\\/fjala.info\\\/2009-2015\\\/si-do-jete-europa-e-se-ardhmes\\\/#primaryimage\"},\"thumbnailUrl\":\"http:\\\/\\\/www.shkoder.net\\\/2012\\\/helmut_kohl.jpg\",\"datePublished\":\"2012-02-29T10:32:43+00:00\",\"breadcrumb\":{\"@id\":\"https:\\\/\\\/fjala.info\\\/2009-2015\\\/si-do-jete-europa-e-se-ardhmes\\\/#breadcrumb\"},\"inLanguage\":\"sq-AL\",\"potentialAction\":[{\"@type\":\"ReadAction\",\"target\":[\"https:\\\/\\\/fjala.info\\\/2009-2015\\\/si-do-jete-europa-e-se-ardhmes\\\/\"]}]},{\"@type\":\"ImageObject\",\"inLanguage\":\"sq-AL\",\"@id\":\"https:\\\/\\\/fjala.info\\\/2009-2015\\\/si-do-jete-europa-e-se-ardhmes\\\/#primaryimage\",\"url\":\"http:\\\/\\\/www.shkoder.net\\\/2012\\\/helmut_kohl.jpg\",\"contentUrl\":\"http:\\\/\\\/www.shkoder.net\\\/2012\\\/helmut_kohl.jpg\"},{\"@type\":\"BreadcrumbList\",\"@id\":\"https:\\\/\\\/fjala.info\\\/2009-2015\\\/si-do-jete-europa-e-se-ardhmes\\\/#breadcrumb\",\"itemListElement\":[{\"@type\":\"ListItem\",\"position\":1,\"name\":\"Home\",\"item\":\"https:\\\/\\\/fjala.info\\\/2009-2015\\\/\"},{\"@type\":\"ListItem\",\"position\":2,\"name\":\"Si do jet\u00eb Europa e s\u00eb ardhmes?\"}]},{\"@type\":\"WebSite\",\"@id\":\"https:\\\/\\\/fjala.info\\\/2009-2015\\\/#website\",\"url\":\"https:\\\/\\\/fjala.info\\\/2009-2015\\\/\",\"name\":\"FjALA e LIR\u00cb - Arkivi\",\"description\":\"Arkivi 2009-2015\",\"publisher\":{\"@id\":\"https:\\\/\\\/fjala.info\\\/2009-2015\\\/#organization\"},\"potentialAction\":[{\"@type\":\"SearchAction\",\"target\":{\"@type\":\"EntryPoint\",\"urlTemplate\":\"https:\\\/\\\/fjala.info\\\/2009-2015\\\/?s={search_term_string}\"},\"query-input\":{\"@type\":\"PropertyValueSpecification\",\"valueRequired\":true,\"valueName\":\"search_term_string\"}}],\"inLanguage\":\"sq-AL\"},{\"@type\":\"Organization\",\"@id\":\"https:\\\/\\\/fjala.info\\\/2009-2015\\\/#organization\",\"name\":\"FjALA e LIR\u00cb - Arkivi\",\"url\":\"https:\\\/\\\/fjala.info\\\/2009-2015\\\/\",\"logo\":{\"@type\":\"ImageObject\",\"inLanguage\":\"sq-AL\",\"@id\":\"https:\\\/\\\/fjala.info\\\/2009-2015\\\/#\\\/schema\\\/logo\\\/image\\\/\",\"url\":\"\",\"contentUrl\":\"\",\"caption\":\"FjALA e LIR\u00cb - Arkivi\"},\"image\":{\"@id\":\"https:\\\/\\\/fjala.info\\\/2009-2015\\\/#\\\/schema\\\/logo\\\/image\\\/\"}},{\"@type\":\"Person\",\"@id\":\"https:\\\/\\\/fjala.info\\\/2009-2015\\\/#\\\/schema\\\/person\\\/3aa1163ef05469c496fc94e77611ada2\",\"name\":\"admin\",\"image\":{\"@type\":\"ImageObject\",\"inLanguage\":\"sq-AL\",\"@id\":\"https:\\\/\\\/fjala.info\\\/2009-2015\\\/wp-content\\\/uploads\\\/2012\\\/02\\\/arben_cokaj-120x150.jpg\",\"url\":\"https:\\\/\\\/fjala.info\\\/2009-2015\\\/wp-content\\\/uploads\\\/2012\\\/02\\\/arben_cokaj-120x150.jpg\",\"contentUrl\":\"https:\\\/\\\/fjala.info\\\/2009-2015\\\/wp-content\\\/uploads\\\/2012\\\/02\\\/arben_cokaj-120x150.jpg\",\"caption\":\"admin\"},\"description\":\"Admin, Fjala e Lir\u00eb\",\"sameAs\":[\"https:\\\/\\\/fjala.info\\\/\"],\"url\":\"https:\\\/\\\/fjala.info\\\/2009-2015\\\/author\\\/admin\\\/\"}]}<\/script>\n<!-- \/ Yoast SEO plugin. -->","yoast_head_json":{"title":"Si do jet\u00eb Europa e s\u00eb ardhmes? - FjALA e LIR\u00cb - Arkivi","robots":{"index":"index","follow":"follow","max-snippet":"max-snippet:-1","max-image-preview":"max-image-preview:large","max-video-preview":"max-video-preview:-1"},"canonical":"https:\/\/fjala.info\/2009-2015\/si-do-jete-europa-e-se-ardhmes\/","og_locale":"sq_AL","og_type":"article","og_title":"Si do jet\u00eb Europa e s\u00eb ardhmes? - FjALA e LIR\u00cb - Arkivi","og_description":"Nga Helmut Kohl* Vizioni im p\u00ebr Europ\u00ebn mbetet vizioni i et\u00ebrve themelues t\u00eb Europ\u00ebs. \u00cbsht\u00eb vizioni i nj\u00eb Europe t\u00eb bashkuar, q\u00eb do t\u00eb thot\u00eb nj\u00eb bashk\u00ebjetes\u00eb gjithmon\u00eb e m\u00eb e ngusht\u00eb n\u00eb kontinentin ton\u00eb. Motivimi kryesor i et\u00ebrve themelues t\u00eb Europ\u00ebs- nga Winston Churchill, tek Alcide De Gasperi, Jean Monnet, Robert Schumman e deri [&hellip;]","og_url":"https:\/\/fjala.info\/2009-2015\/si-do-jete-europa-e-se-ardhmes\/","og_site_name":"FjALA e LIR\u00cb - Arkivi","article_published_time":"2012-02-29T10:32:43+00:00","og_image":[{"url":"http:\/\/www.shkoder.net\/2012\/helmut_kohl.jpg","type":"","width":"","height":""}],"author":"admin","twitter_card":"summary_large_image","twitter_misc":{"Written by":"admin","Est. reading time":"3 minutes"},"schema":{"@context":"https:\/\/schema.org","@graph":[{"@type":"Article","@id":"https:\/\/fjala.info\/2009-2015\/si-do-jete-europa-e-se-ardhmes\/#article","isPartOf":{"@id":"https:\/\/fjala.info\/2009-2015\/si-do-jete-europa-e-se-ardhmes\/"},"author":{"name":"admin","@id":"https:\/\/fjala.info\/2009-2015\/#\/schema\/person\/3aa1163ef05469c496fc94e77611ada2"},"headline":"Si do jet\u00eb Europa e s\u00eb ardhmes?","datePublished":"2012-02-29T10:32:43+00:00","mainEntityOfPage":{"@id":"https:\/\/fjala.info\/2009-2015\/si-do-jete-europa-e-se-ardhmes\/"},"wordCount":694,"commentCount":0,"publisher":{"@id":"https:\/\/fjala.info\/2009-2015\/#organization"},"image":{"@id":"https:\/\/fjala.info\/2009-2015\/si-do-jete-europa-e-se-ardhmes\/#primaryimage"},"thumbnailUrl":"http:\/\/www.shkoder.net\/2012\/helmut_kohl.jpg","articleSection":["Artikuj"],"inLanguage":"sq-AL","potentialAction":[{"@type":"CommentAction","name":"Comment","target":["https:\/\/fjala.info\/2009-2015\/si-do-jete-europa-e-se-ardhmes\/#respond"]}]},{"@type":"WebPage","@id":"https:\/\/fjala.info\/2009-2015\/si-do-jete-europa-e-se-ardhmes\/","url":"https:\/\/fjala.info\/2009-2015\/si-do-jete-europa-e-se-ardhmes\/","name":"Si do jet\u00eb Europa e s\u00eb ardhmes? - FjALA e LIR\u00cb - Arkivi","isPartOf":{"@id":"https:\/\/fjala.info\/2009-2015\/#website"},"primaryImageOfPage":{"@id":"https:\/\/fjala.info\/2009-2015\/si-do-jete-europa-e-se-ardhmes\/#primaryimage"},"image":{"@id":"https:\/\/fjala.info\/2009-2015\/si-do-jete-europa-e-se-ardhmes\/#primaryimage"},"thumbnailUrl":"http:\/\/www.shkoder.net\/2012\/helmut_kohl.jpg","datePublished":"2012-02-29T10:32:43+00:00","breadcrumb":{"@id":"https:\/\/fjala.info\/2009-2015\/si-do-jete-europa-e-se-ardhmes\/#breadcrumb"},"inLanguage":"sq-AL","potentialAction":[{"@type":"ReadAction","target":["https:\/\/fjala.info\/2009-2015\/si-do-jete-europa-e-se-ardhmes\/"]}]},{"@type":"ImageObject","inLanguage":"sq-AL","@id":"https:\/\/fjala.info\/2009-2015\/si-do-jete-europa-e-se-ardhmes\/#primaryimage","url":"http:\/\/www.shkoder.net\/2012\/helmut_kohl.jpg","contentUrl":"http:\/\/www.shkoder.net\/2012\/helmut_kohl.jpg"},{"@type":"BreadcrumbList","@id":"https:\/\/fjala.info\/2009-2015\/si-do-jete-europa-e-se-ardhmes\/#breadcrumb","itemListElement":[{"@type":"ListItem","position":1,"name":"Home","item":"https:\/\/fjala.info\/2009-2015\/"},{"@type":"ListItem","position":2,"name":"Si do jet\u00eb Europa e s\u00eb ardhmes?"}]},{"@type":"WebSite","@id":"https:\/\/fjala.info\/2009-2015\/#website","url":"https:\/\/fjala.info\/2009-2015\/","name":"FjALA e LIR\u00cb - Arkivi","description":"Arkivi 2009-2015","publisher":{"@id":"https:\/\/fjala.info\/2009-2015\/#organization"},"potentialAction":[{"@type":"SearchAction","target":{"@type":"EntryPoint","urlTemplate":"https:\/\/fjala.info\/2009-2015\/?s={search_term_string}"},"query-input":{"@type":"PropertyValueSpecification","valueRequired":true,"valueName":"search_term_string"}}],"inLanguage":"sq-AL"},{"@type":"Organization","@id":"https:\/\/fjala.info\/2009-2015\/#organization","name":"FjALA e LIR\u00cb - Arkivi","url":"https:\/\/fjala.info\/2009-2015\/","logo":{"@type":"ImageObject","inLanguage":"sq-AL","@id":"https:\/\/fjala.info\/2009-2015\/#\/schema\/logo\/image\/","url":"","contentUrl":"","caption":"FjALA e LIR\u00cb - Arkivi"},"image":{"@id":"https:\/\/fjala.info\/2009-2015\/#\/schema\/logo\/image\/"}},{"@type":"Person","@id":"https:\/\/fjala.info\/2009-2015\/#\/schema\/person\/3aa1163ef05469c496fc94e77611ada2","name":"admin","image":{"@type":"ImageObject","inLanguage":"sq-AL","@id":"https:\/\/fjala.info\/2009-2015\/wp-content\/uploads\/2012\/02\/arben_cokaj-120x150.jpg","url":"https:\/\/fjala.info\/2009-2015\/wp-content\/uploads\/2012\/02\/arben_cokaj-120x150.jpg","contentUrl":"https:\/\/fjala.info\/2009-2015\/wp-content\/uploads\/2012\/02\/arben_cokaj-120x150.jpg","caption":"admin"},"description":"Admin, Fjala e Lir\u00eb","sameAs":["https:\/\/fjala.info\/"],"url":"https:\/\/fjala.info\/2009-2015\/author\/admin\/"}]}},"_links":{"self":[{"href":"https:\/\/fjala.info\/2009-2015\/wp-json\/wp\/v2\/posts\/1982","targetHints":{"allow":["GET"]}}],"collection":[{"href":"https:\/\/fjala.info\/2009-2015\/wp-json\/wp\/v2\/posts"}],"about":[{"href":"https:\/\/fjala.info\/2009-2015\/wp-json\/wp\/v2\/types\/post"}],"author":[{"embeddable":true,"href":"https:\/\/fjala.info\/2009-2015\/wp-json\/wp\/v2\/users\/1"}],"replies":[{"embeddable":true,"href":"https:\/\/fjala.info\/2009-2015\/wp-json\/wp\/v2\/comments?post=1982"}],"version-history":[{"count":0,"href":"https:\/\/fjala.info\/2009-2015\/wp-json\/wp\/v2\/posts\/1982\/revisions"}],"wp:attachment":[{"href":"https:\/\/fjala.info\/2009-2015\/wp-json\/wp\/v2\/media?parent=1982"}],"wp:term":[{"taxonomy":"category","embeddable":true,"href":"https:\/\/fjala.info\/2009-2015\/wp-json\/wp\/v2\/categories?post=1982"},{"taxonomy":"post_tag","embeddable":true,"href":"https:\/\/fjala.info\/2009-2015\/wp-json\/wp\/v2\/tags?post=1982"}],"curies":[{"name":"wp","href":"https:\/\/api.w.org\/{rel}","templated":true}]}}