{"id":194,"date":"2011-11-17T06:23:41","date_gmt":"2011-11-17T05:23:41","guid":{"rendered":"http:\/\/fjala.shkoder.net\/?p=194"},"modified":"2011-11-17T06:23:41","modified_gmt":"2011-11-17T05:23:41","slug":"kuvendi-themeltar-i-shoqates-se-shkrimtareve-artisteve-dhe-krijueseve-shqiptare-ne-suedi","status":"publish","type":"post","link":"https:\/\/fjala.info\/2009-2015\/kuvendi-themeltar-i-shoqates-se-shkrimtareve-artisteve-dhe-krijueseve-shqiptare-ne-suedi\/","title":{"rendered":"Kuvendi Themeltar i Shoqat\u00ebs s\u00eb Shkrimtar\u00ebve, Artist\u00ebve dhe Krijues\u00ebve Shqiptar\u00eb n\u00eb Suedi"},"content":{"rendered":"<p>Nga :<br \/>\nK\u00ebshilli Inicues i Shoqat\u00ebs s\u00eb Shkrimtar\u00ebve, Artist\u00ebve dhe Krijues\u00ebve Shqiptar\u00eb n\u00eb Suedi,<br \/>\n<img decoding=\"async\" class=\"alignright size-thumbnail wp-image-7236\" title=\"Hysen Ibrahimi\" src=\"http:\/\/www.shkoder.net\/images\/fjala\/hysen_ibrahimi.jpg\" alt=\"\" width=\"150\" \/><br \/>\nKomunikat\u00eb p\u00ebr opinion:<\/p>\n<p>Nr. 2011\/005 Protokolli<\/p>\n<p><strong>N\u00eb F\u00f6rsl\u00f6v t\u00eb Suedis\u00eb, mbahet Kuvendi Themeltar i Shoqat\u00ebs s\u00eb Shkrimtar\u00ebve, Artist\u00ebve dhe Krijues\u00ebve Shqiptar\u00eb n\u00eb Suedi<\/strong>.<\/p>\n<p>N\u00eb F\u00f6rsl\u00f6v t\u00eb Suedis\u00eb, m\u00eb 26 n\u00ebntor 2011, mbahet Kuvendi Themeltar i Shoqat\u00ebs s\u00eb Shkrimtar\u00ebve, Artist\u00ebve dhe Krijues\u00ebve Shqiptar\u00eb n\u00eb Suedi (SHSHAKSHS). Kuvendin e fton K\u00ebshilli Inicues i SHSHAKSHS-s\u00eb i themeluar n\u00eb F\u00f6rsl\u00f6v t\u00eb Suedis\u00eb m\u00eb 07 korrik 2011, me k\u00ebt\u00eb p\u00ebrb\u00ebrje : Sadulla Zendeli &#8211; Daja, Osman Ahmetgjekaj, Af\u00ebrdita (Avdyli) Dolovac, Rizah Sheqiri, Prof. dr. Bedri Paci, Rrahman Rrahmani, Yllka Sheqiri, Avdyl Uka, Florije Bajraktari, Mursel Shkupolli, Fetah Bahtiri, Hamit Gurguri, Halim Hoti \u2013 Sponsor gjeneral, Naser Zeqiri dhe Hysen Ibrahimi koordinator. Kuvendi do t\u00eb mbahet n\u00eb adresen: Bokesliden 20, 269 71 F\u00f6rsl\u00f6v, lokali i shkoll\u00ebs \u201dF\u00f6rsl\u00f6v skola\u201d (p\u00ebrball\u00eb Statoilit), me fillim n\u00eb ora 11:00<\/p>\n<p>P\u00ebr her\u00eb t\u00eb par\u00eb formohet ky asociacion i shqiptar\u00ebve n\u00eb Suedi pra Shoqata e Shkrimtar\u00ebve, Artist\u00ebve dhe Krijues\u00ebve Shqiptar\u00eb n\u00eb Suedi. Me rastin e Kuvendit Themelues do t\u00eb prezentohen t\u00eb gjith\u00eb librat e shkrimtar\u00ebve, punimet e krijues\u00ebve dhe artist\u00ebve shqiptar\u00eb t\u00eb Suedis\u00eb.<\/p>\n<p>Pritet q\u00eb n\u00eb k\u00ebt\u00eb Kuvend t\u00eb marrin pjes\u00eb t\u00eb gjith\u00eb shkrimtar\u00ebt, krijuesit dhe artist\u00ebt, m\u00eb n\u00eb fund p\u00ebr t\u00eb patur nj\u00eb adres\u00eb t\u00eb p\u00ebrbashk\u00ebt, p\u00ebr t\u00eb punuar edhe n\u00eb m\u00ebnyr\u00eb koletktive (p\u00ebrve\u00e7 asaj individuale). P\u00ebrve\u00e7 botimit t\u00eb librave t\u00eb cilat planifikohen t\u00eb botohen, t\u00eb mbahen tubime p\u00ebr t\u00eb promovuar vepra t\u00eb botuara ato individuale, kolektive dhe nga shkrimtar\u00eb t\u00eb njohur t\u00eb bot\u00ebs shqiptare dhe t\u00eb huaj.<\/p>\n<p>P\u00ebr nder\u00eb t\u00eb k\u00ebtij Kuvendi Themelues, grupi i valltar\u00ebve me n\u00eb krye koreografin e shk\u00eblqyer z. Ahmet Ahmeti, n\u00eb kuad\u00ebr t\u00eb Shoqat\u00ebs Kulturore Shqiptare \u201dN\u00ebna Terez\u00eb\u201d n\u00eb \u00c4ngelholm, do t\u00eb prezanton me disa valle burimore shqiptare.<\/p>\n<p>Sponsor gjeneral i k\u00ebtij Kuvendi dhe botimin e librit t\u00eb par\u00eb i cili do t\u00eb botohet n\u00eb kuad\u00ebr t\u00eb SHSHAKSHS-s\u00eb, p\u00ebr pasqyrimin e kontributit t\u00eb m\u00ebrgimtar\u00ebve shqiptar\u00eb dhe p\u00ebrkrahjen e popullit Suedez, \u00ebsht\u00eb z. Halim Hoti, biznismen i dalluar n\u00eb Suedi, drejtor gjeneral i firm\u00ebs \u201cSystemputs murning bygg i Tv\u00e5\u00e5ker\u201d AB \u2013 Suedi. Prandaj, ftohen t\u00eb gjith\u00eb shkrimtar\u00ebt, artist\u00ebt dhe krijuesit q\u00eb t\u00eb marrin pjes\u00eb. P\u00ebr m\u00eb holl\u00ebsisht, mund t\u00eb kontaktoni n\u00eb tel. ++46 737663756 ose e-mail adres\u00eb debat@hotmail.se<\/p>\n<p>N\u00eb em\u00ebr t\u00eb K\u00ebshillit Inicues t\u00eb SHSHAKSHS-s\u00eb:<br \/>\nz. <strong>Hysen Ibrahimi<\/strong>, koordinator.<\/p>\n","protected":false},"excerpt":{"rendered":"<p>Nga : K\u00ebshilli Inicues i Shoqat\u00ebs s\u00eb Shkrimtar\u00ebve, Artist\u00ebve dhe Krijues\u00ebve Shqiptar\u00eb n\u00eb Suedi, Komunikat\u00eb p\u00ebr opinion: Nr. 2011\/005 Protokolli N\u00eb F\u00f6rsl\u00f6v t\u00eb Suedis\u00eb, mbahet Kuvendi Themeltar i Shoqat\u00ebs s\u00eb Shkrimtar\u00ebve, Artist\u00ebve dhe Krijues\u00ebve Shqiptar\u00eb n\u00eb Suedi. N\u00eb F\u00f6rsl\u00f6v t\u00eb Suedis\u00eb, m\u00eb 26 n\u00ebntor 2011, mbahet Kuvendi Themeltar i Shoqat\u00ebs s\u00eb Shkrimtar\u00ebve, Artist\u00ebve dhe Krijues\u00ebve [&hellip;]<\/p>\n","protected":false},"author":1,"featured_media":0,"comment_status":"open","ping_status":"closed","sticky":false,"template":"","format":"standard","meta":{"footnotes":""},"categories":[2],"tags":[],"class_list":{"0":"post-194","1":"post","2":"type-post","3":"status-publish","4":"format-standard","6":"category-artikuj"},"yoast_head":"<!-- This site is optimized with the Yoast SEO plugin v27.4 - https:\/\/yoast.com\/product\/yoast-seo-wordpress\/ -->\n<title>Kuvendi Themeltar i Shoqat\u00ebs s\u00eb Shkrimtar\u00ebve, Artist\u00ebve dhe Krijues\u00ebve Shqiptar\u00eb n\u00eb Suedi - FjALA e LIR\u00cb - Arkivi<\/title>\n<meta name=\"robots\" content=\"index, follow, max-snippet:-1, max-image-preview:large, max-video-preview:-1\" \/>\n<link rel=\"canonical\" href=\"https:\/\/fjala.info\/2009-2015\/kuvendi-themeltar-i-shoqates-se-shkrimtareve-artisteve-dhe-krijueseve-shqiptare-ne-suedi\/\" \/>\n<meta property=\"og:locale\" content=\"sq_AL\" \/>\n<meta property=\"og:type\" content=\"article\" \/>\n<meta property=\"og:title\" content=\"Kuvendi Themeltar i Shoqat\u00ebs s\u00eb Shkrimtar\u00ebve, Artist\u00ebve dhe Krijues\u00ebve Shqiptar\u00eb n\u00eb Suedi - FjALA e LIR\u00cb - Arkivi\" \/>\n<meta property=\"og:description\" content=\"Nga : K\u00ebshilli Inicues i Shoqat\u00ebs s\u00eb Shkrimtar\u00ebve, Artist\u00ebve dhe Krijues\u00ebve Shqiptar\u00eb n\u00eb Suedi, Komunikat\u00eb p\u00ebr opinion: Nr. 2011\/005 Protokolli N\u00eb F\u00f6rsl\u00f6v t\u00eb Suedis\u00eb, mbahet Kuvendi Themeltar i Shoqat\u00ebs s\u00eb Shkrimtar\u00ebve, Artist\u00ebve dhe Krijues\u00ebve Shqiptar\u00eb n\u00eb Suedi. N\u00eb F\u00f6rsl\u00f6v t\u00eb Suedis\u00eb, m\u00eb 26 n\u00ebntor 2011, mbahet Kuvendi Themeltar i Shoqat\u00ebs s\u00eb Shkrimtar\u00ebve, Artist\u00ebve dhe Krijues\u00ebve [&hellip;]\" \/>\n<meta property=\"og:url\" content=\"https:\/\/fjala.info\/2009-2015\/kuvendi-themeltar-i-shoqates-se-shkrimtareve-artisteve-dhe-krijueseve-shqiptare-ne-suedi\/\" \/>\n<meta property=\"og:site_name\" content=\"FjALA e LIR\u00cb - Arkivi\" \/>\n<meta property=\"article:published_time\" content=\"2011-11-17T05:23:41+00:00\" \/>\n<meta property=\"og:image\" content=\"http:\/\/www.shkoder.net\/images\/fjala\/hysen_ibrahimi.jpg\" \/>\n<meta name=\"author\" content=\"admin\" \/>\n<meta name=\"twitter:card\" content=\"summary_large_image\" \/>\n<meta name=\"twitter:label1\" content=\"Written by\" \/>\n\t<meta name=\"twitter:data1\" content=\"admin\" \/>\n\t<meta name=\"twitter:label2\" content=\"Est. reading time\" \/>\n\t<meta name=\"twitter:data2\" content=\"2 minutes\" \/>\n<script type=\"application\/ld+json\" class=\"yoast-schema-graph\">{\"@context\":\"https:\\\/\\\/schema.org\",\"@graph\":[{\"@type\":\"Article\",\"@id\":\"https:\\\/\\\/fjala.info\\\/2009-2015\\\/kuvendi-themeltar-i-shoqates-se-shkrimtareve-artisteve-dhe-krijueseve-shqiptare-ne-suedi\\\/#article\",\"isPartOf\":{\"@id\":\"https:\\\/\\\/fjala.info\\\/2009-2015\\\/kuvendi-themeltar-i-shoqates-se-shkrimtareve-artisteve-dhe-krijueseve-shqiptare-ne-suedi\\\/\"},\"author\":{\"name\":\"admin\",\"@id\":\"https:\\\/\\\/fjala.info\\\/2009-2015\\\/#\\\/schema\\\/person\\\/3aa1163ef05469c496fc94e77611ada2\"},\"headline\":\"Kuvendi Themeltar i Shoqat\u00ebs s\u00eb Shkrimtar\u00ebve, Artist\u00ebve dhe Krijues\u00ebve Shqiptar\u00eb n\u00eb Suedi\",\"datePublished\":\"2011-11-17T05:23:41+00:00\",\"mainEntityOfPage\":{\"@id\":\"https:\\\/\\\/fjala.info\\\/2009-2015\\\/kuvendi-themeltar-i-shoqates-se-shkrimtareve-artisteve-dhe-krijueseve-shqiptare-ne-suedi\\\/\"},\"wordCount\":453,\"commentCount\":0,\"publisher\":{\"@id\":\"https:\\\/\\\/fjala.info\\\/2009-2015\\\/#organization\"},\"image\":{\"@id\":\"https:\\\/\\\/fjala.info\\\/2009-2015\\\/kuvendi-themeltar-i-shoqates-se-shkrimtareve-artisteve-dhe-krijueseve-shqiptare-ne-suedi\\\/#primaryimage\"},\"thumbnailUrl\":\"http:\\\/\\\/www.shkoder.net\\\/images\\\/fjala\\\/hysen_ibrahimi.jpg\",\"articleSection\":[\"Artikuj\"],\"inLanguage\":\"sq-AL\",\"potentialAction\":[{\"@type\":\"CommentAction\",\"name\":\"Comment\",\"target\":[\"https:\\\/\\\/fjala.info\\\/2009-2015\\\/kuvendi-themeltar-i-shoqates-se-shkrimtareve-artisteve-dhe-krijueseve-shqiptare-ne-suedi\\\/#respond\"]}]},{\"@type\":\"WebPage\",\"@id\":\"https:\\\/\\\/fjala.info\\\/2009-2015\\\/kuvendi-themeltar-i-shoqates-se-shkrimtareve-artisteve-dhe-krijueseve-shqiptare-ne-suedi\\\/\",\"url\":\"https:\\\/\\\/fjala.info\\\/2009-2015\\\/kuvendi-themeltar-i-shoqates-se-shkrimtareve-artisteve-dhe-krijueseve-shqiptare-ne-suedi\\\/\",\"name\":\"Kuvendi Themeltar i Shoqat\u00ebs s\u00eb Shkrimtar\u00ebve, Artist\u00ebve dhe Krijues\u00ebve Shqiptar\u00eb n\u00eb Suedi - FjALA e LIR\u00cb - Arkivi\",\"isPartOf\":{\"@id\":\"https:\\\/\\\/fjala.info\\\/2009-2015\\\/#website\"},\"primaryImageOfPage\":{\"@id\":\"https:\\\/\\\/fjala.info\\\/2009-2015\\\/kuvendi-themeltar-i-shoqates-se-shkrimtareve-artisteve-dhe-krijueseve-shqiptare-ne-suedi\\\/#primaryimage\"},\"image\":{\"@id\":\"https:\\\/\\\/fjala.info\\\/2009-2015\\\/kuvendi-themeltar-i-shoqates-se-shkrimtareve-artisteve-dhe-krijueseve-shqiptare-ne-suedi\\\/#primaryimage\"},\"thumbnailUrl\":\"http:\\\/\\\/www.shkoder.net\\\/images\\\/fjala\\\/hysen_ibrahimi.jpg\",\"datePublished\":\"2011-11-17T05:23:41+00:00\",\"breadcrumb\":{\"@id\":\"https:\\\/\\\/fjala.info\\\/2009-2015\\\/kuvendi-themeltar-i-shoqates-se-shkrimtareve-artisteve-dhe-krijueseve-shqiptare-ne-suedi\\\/#breadcrumb\"},\"inLanguage\":\"sq-AL\",\"potentialAction\":[{\"@type\":\"ReadAction\",\"target\":[\"https:\\\/\\\/fjala.info\\\/2009-2015\\\/kuvendi-themeltar-i-shoqates-se-shkrimtareve-artisteve-dhe-krijueseve-shqiptare-ne-suedi\\\/\"]}]},{\"@type\":\"ImageObject\",\"inLanguage\":\"sq-AL\",\"@id\":\"https:\\\/\\\/fjala.info\\\/2009-2015\\\/kuvendi-themeltar-i-shoqates-se-shkrimtareve-artisteve-dhe-krijueseve-shqiptare-ne-suedi\\\/#primaryimage\",\"url\":\"http:\\\/\\\/www.shkoder.net\\\/images\\\/fjala\\\/hysen_ibrahimi.jpg\",\"contentUrl\":\"http:\\\/\\\/www.shkoder.net\\\/images\\\/fjala\\\/hysen_ibrahimi.jpg\"},{\"@type\":\"BreadcrumbList\",\"@id\":\"https:\\\/\\\/fjala.info\\\/2009-2015\\\/kuvendi-themeltar-i-shoqates-se-shkrimtareve-artisteve-dhe-krijueseve-shqiptare-ne-suedi\\\/#breadcrumb\",\"itemListElement\":[{\"@type\":\"ListItem\",\"position\":1,\"name\":\"Home\",\"item\":\"https:\\\/\\\/fjala.info\\\/2009-2015\\\/\"},{\"@type\":\"ListItem\",\"position\":2,\"name\":\"Kuvendi Themeltar i Shoqat\u00ebs s\u00eb Shkrimtar\u00ebve, Artist\u00ebve dhe Krijues\u00ebve Shqiptar\u00eb n\u00eb Suedi\"}]},{\"@type\":\"WebSite\",\"@id\":\"https:\\\/\\\/fjala.info\\\/2009-2015\\\/#website\",\"url\":\"https:\\\/\\\/fjala.info\\\/2009-2015\\\/\",\"name\":\"FjALA e LIR\u00cb - Arkivi\",\"description\":\"Arkivi 2009-2015\",\"publisher\":{\"@id\":\"https:\\\/\\\/fjala.info\\\/2009-2015\\\/#organization\"},\"potentialAction\":[{\"@type\":\"SearchAction\",\"target\":{\"@type\":\"EntryPoint\",\"urlTemplate\":\"https:\\\/\\\/fjala.info\\\/2009-2015\\\/?s={search_term_string}\"},\"query-input\":{\"@type\":\"PropertyValueSpecification\",\"valueRequired\":true,\"valueName\":\"search_term_string\"}}],\"inLanguage\":\"sq-AL\"},{\"@type\":\"Organization\",\"@id\":\"https:\\\/\\\/fjala.info\\\/2009-2015\\\/#organization\",\"name\":\"FjALA e LIR\u00cb - Arkivi\",\"url\":\"https:\\\/\\\/fjala.info\\\/2009-2015\\\/\",\"logo\":{\"@type\":\"ImageObject\",\"inLanguage\":\"sq-AL\",\"@id\":\"https:\\\/\\\/fjala.info\\\/2009-2015\\\/#\\\/schema\\\/logo\\\/image\\\/\",\"url\":\"\",\"contentUrl\":\"\",\"caption\":\"FjALA e LIR\u00cb - Arkivi\"},\"image\":{\"@id\":\"https:\\\/\\\/fjala.info\\\/2009-2015\\\/#\\\/schema\\\/logo\\\/image\\\/\"}},{\"@type\":\"Person\",\"@id\":\"https:\\\/\\\/fjala.info\\\/2009-2015\\\/#\\\/schema\\\/person\\\/3aa1163ef05469c496fc94e77611ada2\",\"name\":\"admin\",\"image\":{\"@type\":\"ImageObject\",\"inLanguage\":\"sq-AL\",\"@id\":\"https:\\\/\\\/fjala.info\\\/2009-2015\\\/wp-content\\\/uploads\\\/2012\\\/02\\\/arben_cokaj-120x150.jpg\",\"url\":\"https:\\\/\\\/fjala.info\\\/2009-2015\\\/wp-content\\\/uploads\\\/2012\\\/02\\\/arben_cokaj-120x150.jpg\",\"contentUrl\":\"https:\\\/\\\/fjala.info\\\/2009-2015\\\/wp-content\\\/uploads\\\/2012\\\/02\\\/arben_cokaj-120x150.jpg\",\"caption\":\"admin\"},\"description\":\"Admin, Fjala e Lir\u00eb\",\"sameAs\":[\"https:\\\/\\\/fjala.info\\\/\"],\"url\":\"https:\\\/\\\/fjala.info\\\/2009-2015\\\/author\\\/admin\\\/\"}]}<\/script>\n<!-- \/ Yoast SEO plugin. -->","yoast_head_json":{"title":"Kuvendi Themeltar i Shoqat\u00ebs s\u00eb Shkrimtar\u00ebve, Artist\u00ebve dhe Krijues\u00ebve Shqiptar\u00eb n\u00eb Suedi - FjALA e LIR\u00cb - Arkivi","robots":{"index":"index","follow":"follow","max-snippet":"max-snippet:-1","max-image-preview":"max-image-preview:large","max-video-preview":"max-video-preview:-1"},"canonical":"https:\/\/fjala.info\/2009-2015\/kuvendi-themeltar-i-shoqates-se-shkrimtareve-artisteve-dhe-krijueseve-shqiptare-ne-suedi\/","og_locale":"sq_AL","og_type":"article","og_title":"Kuvendi Themeltar i Shoqat\u00ebs s\u00eb Shkrimtar\u00ebve, Artist\u00ebve dhe Krijues\u00ebve Shqiptar\u00eb n\u00eb Suedi - FjALA e LIR\u00cb - Arkivi","og_description":"Nga : K\u00ebshilli Inicues i Shoqat\u00ebs s\u00eb Shkrimtar\u00ebve, Artist\u00ebve dhe Krijues\u00ebve Shqiptar\u00eb n\u00eb Suedi, Komunikat\u00eb p\u00ebr opinion: Nr. 2011\/005 Protokolli N\u00eb F\u00f6rsl\u00f6v t\u00eb Suedis\u00eb, mbahet Kuvendi Themeltar i Shoqat\u00ebs s\u00eb Shkrimtar\u00ebve, Artist\u00ebve dhe Krijues\u00ebve Shqiptar\u00eb n\u00eb Suedi. N\u00eb F\u00f6rsl\u00f6v t\u00eb Suedis\u00eb, m\u00eb 26 n\u00ebntor 2011, mbahet Kuvendi Themeltar i Shoqat\u00ebs s\u00eb Shkrimtar\u00ebve, Artist\u00ebve dhe Krijues\u00ebve [&hellip;]","og_url":"https:\/\/fjala.info\/2009-2015\/kuvendi-themeltar-i-shoqates-se-shkrimtareve-artisteve-dhe-krijueseve-shqiptare-ne-suedi\/","og_site_name":"FjALA e LIR\u00cb - Arkivi","article_published_time":"2011-11-17T05:23:41+00:00","og_image":[{"url":"http:\/\/www.shkoder.net\/images\/fjala\/hysen_ibrahimi.jpg","type":"","width":"","height":""}],"author":"admin","twitter_card":"summary_large_image","twitter_misc":{"Written by":"admin","Est. reading time":"2 minutes"},"schema":{"@context":"https:\/\/schema.org","@graph":[{"@type":"Article","@id":"https:\/\/fjala.info\/2009-2015\/kuvendi-themeltar-i-shoqates-se-shkrimtareve-artisteve-dhe-krijueseve-shqiptare-ne-suedi\/#article","isPartOf":{"@id":"https:\/\/fjala.info\/2009-2015\/kuvendi-themeltar-i-shoqates-se-shkrimtareve-artisteve-dhe-krijueseve-shqiptare-ne-suedi\/"},"author":{"name":"admin","@id":"https:\/\/fjala.info\/2009-2015\/#\/schema\/person\/3aa1163ef05469c496fc94e77611ada2"},"headline":"Kuvendi Themeltar i Shoqat\u00ebs s\u00eb Shkrimtar\u00ebve, Artist\u00ebve dhe Krijues\u00ebve Shqiptar\u00eb n\u00eb Suedi","datePublished":"2011-11-17T05:23:41+00:00","mainEntityOfPage":{"@id":"https:\/\/fjala.info\/2009-2015\/kuvendi-themeltar-i-shoqates-se-shkrimtareve-artisteve-dhe-krijueseve-shqiptare-ne-suedi\/"},"wordCount":453,"commentCount":0,"publisher":{"@id":"https:\/\/fjala.info\/2009-2015\/#organization"},"image":{"@id":"https:\/\/fjala.info\/2009-2015\/kuvendi-themeltar-i-shoqates-se-shkrimtareve-artisteve-dhe-krijueseve-shqiptare-ne-suedi\/#primaryimage"},"thumbnailUrl":"http:\/\/www.shkoder.net\/images\/fjala\/hysen_ibrahimi.jpg","articleSection":["Artikuj"],"inLanguage":"sq-AL","potentialAction":[{"@type":"CommentAction","name":"Comment","target":["https:\/\/fjala.info\/2009-2015\/kuvendi-themeltar-i-shoqates-se-shkrimtareve-artisteve-dhe-krijueseve-shqiptare-ne-suedi\/#respond"]}]},{"@type":"WebPage","@id":"https:\/\/fjala.info\/2009-2015\/kuvendi-themeltar-i-shoqates-se-shkrimtareve-artisteve-dhe-krijueseve-shqiptare-ne-suedi\/","url":"https:\/\/fjala.info\/2009-2015\/kuvendi-themeltar-i-shoqates-se-shkrimtareve-artisteve-dhe-krijueseve-shqiptare-ne-suedi\/","name":"Kuvendi Themeltar i Shoqat\u00ebs s\u00eb Shkrimtar\u00ebve, Artist\u00ebve dhe Krijues\u00ebve Shqiptar\u00eb n\u00eb Suedi - FjALA e LIR\u00cb - Arkivi","isPartOf":{"@id":"https:\/\/fjala.info\/2009-2015\/#website"},"primaryImageOfPage":{"@id":"https:\/\/fjala.info\/2009-2015\/kuvendi-themeltar-i-shoqates-se-shkrimtareve-artisteve-dhe-krijueseve-shqiptare-ne-suedi\/#primaryimage"},"image":{"@id":"https:\/\/fjala.info\/2009-2015\/kuvendi-themeltar-i-shoqates-se-shkrimtareve-artisteve-dhe-krijueseve-shqiptare-ne-suedi\/#primaryimage"},"thumbnailUrl":"http:\/\/www.shkoder.net\/images\/fjala\/hysen_ibrahimi.jpg","datePublished":"2011-11-17T05:23:41+00:00","breadcrumb":{"@id":"https:\/\/fjala.info\/2009-2015\/kuvendi-themeltar-i-shoqates-se-shkrimtareve-artisteve-dhe-krijueseve-shqiptare-ne-suedi\/#breadcrumb"},"inLanguage":"sq-AL","potentialAction":[{"@type":"ReadAction","target":["https:\/\/fjala.info\/2009-2015\/kuvendi-themeltar-i-shoqates-se-shkrimtareve-artisteve-dhe-krijueseve-shqiptare-ne-suedi\/"]}]},{"@type":"ImageObject","inLanguage":"sq-AL","@id":"https:\/\/fjala.info\/2009-2015\/kuvendi-themeltar-i-shoqates-se-shkrimtareve-artisteve-dhe-krijueseve-shqiptare-ne-suedi\/#primaryimage","url":"http:\/\/www.shkoder.net\/images\/fjala\/hysen_ibrahimi.jpg","contentUrl":"http:\/\/www.shkoder.net\/images\/fjala\/hysen_ibrahimi.jpg"},{"@type":"BreadcrumbList","@id":"https:\/\/fjala.info\/2009-2015\/kuvendi-themeltar-i-shoqates-se-shkrimtareve-artisteve-dhe-krijueseve-shqiptare-ne-suedi\/#breadcrumb","itemListElement":[{"@type":"ListItem","position":1,"name":"Home","item":"https:\/\/fjala.info\/2009-2015\/"},{"@type":"ListItem","position":2,"name":"Kuvendi Themeltar i Shoqat\u00ebs s\u00eb Shkrimtar\u00ebve, Artist\u00ebve dhe Krijues\u00ebve Shqiptar\u00eb n\u00eb Suedi"}]},{"@type":"WebSite","@id":"https:\/\/fjala.info\/2009-2015\/#website","url":"https:\/\/fjala.info\/2009-2015\/","name":"FjALA e LIR\u00cb - Arkivi","description":"Arkivi 2009-2015","publisher":{"@id":"https:\/\/fjala.info\/2009-2015\/#organization"},"potentialAction":[{"@type":"SearchAction","target":{"@type":"EntryPoint","urlTemplate":"https:\/\/fjala.info\/2009-2015\/?s={search_term_string}"},"query-input":{"@type":"PropertyValueSpecification","valueRequired":true,"valueName":"search_term_string"}}],"inLanguage":"sq-AL"},{"@type":"Organization","@id":"https:\/\/fjala.info\/2009-2015\/#organization","name":"FjALA e LIR\u00cb - Arkivi","url":"https:\/\/fjala.info\/2009-2015\/","logo":{"@type":"ImageObject","inLanguage":"sq-AL","@id":"https:\/\/fjala.info\/2009-2015\/#\/schema\/logo\/image\/","url":"","contentUrl":"","caption":"FjALA e LIR\u00cb - Arkivi"},"image":{"@id":"https:\/\/fjala.info\/2009-2015\/#\/schema\/logo\/image\/"}},{"@type":"Person","@id":"https:\/\/fjala.info\/2009-2015\/#\/schema\/person\/3aa1163ef05469c496fc94e77611ada2","name":"admin","image":{"@type":"ImageObject","inLanguage":"sq-AL","@id":"https:\/\/fjala.info\/2009-2015\/wp-content\/uploads\/2012\/02\/arben_cokaj-120x150.jpg","url":"https:\/\/fjala.info\/2009-2015\/wp-content\/uploads\/2012\/02\/arben_cokaj-120x150.jpg","contentUrl":"https:\/\/fjala.info\/2009-2015\/wp-content\/uploads\/2012\/02\/arben_cokaj-120x150.jpg","caption":"admin"},"description":"Admin, Fjala e Lir\u00eb","sameAs":["https:\/\/fjala.info\/"],"url":"https:\/\/fjala.info\/2009-2015\/author\/admin\/"}]}},"_links":{"self":[{"href":"https:\/\/fjala.info\/2009-2015\/wp-json\/wp\/v2\/posts\/194","targetHints":{"allow":["GET"]}}],"collection":[{"href":"https:\/\/fjala.info\/2009-2015\/wp-json\/wp\/v2\/posts"}],"about":[{"href":"https:\/\/fjala.info\/2009-2015\/wp-json\/wp\/v2\/types\/post"}],"author":[{"embeddable":true,"href":"https:\/\/fjala.info\/2009-2015\/wp-json\/wp\/v2\/users\/1"}],"replies":[{"embeddable":true,"href":"https:\/\/fjala.info\/2009-2015\/wp-json\/wp\/v2\/comments?post=194"}],"version-history":[{"count":0,"href":"https:\/\/fjala.info\/2009-2015\/wp-json\/wp\/v2\/posts\/194\/revisions"}],"wp:attachment":[{"href":"https:\/\/fjala.info\/2009-2015\/wp-json\/wp\/v2\/media?parent=194"}],"wp:term":[{"taxonomy":"category","embeddable":true,"href":"https:\/\/fjala.info\/2009-2015\/wp-json\/wp\/v2\/categories?post=194"},{"taxonomy":"post_tag","embeddable":true,"href":"https:\/\/fjala.info\/2009-2015\/wp-json\/wp\/v2\/tags?post=194"}],"curies":[{"name":"wp","href":"https:\/\/api.w.org\/{rel}","templated":true}]}}