{"id":1935,"date":"2012-02-25T15:18:23","date_gmt":"2012-02-25T14:18:23","guid":{"rendered":"http:\/\/fjala.shkoder.net\/?p=1935"},"modified":"2012-02-25T15:18:23","modified_gmt":"2012-02-25T14:18:23","slug":"shqiperia-e-shpirtit-tim-ne-mergim","status":"publish","type":"post","link":"https:\/\/fjala.info\/2009-2015\/shqiperia-e-shpirtit-tim-ne-mergim\/","title":{"rendered":"SHQIP\u00cbRIA E SHPIRTIT TIM N\u00cb M\u00cbRGIM"},"content":{"rendered":"<p><img decoding=\"async\" class=\"alignright size-thumbnail wp-image-7236\" title=\"Baki Ymeri\" src=\"http:\/\/www.shkoder.net\/images\/fjala\/baki_ymeri.jpg\" alt=\"\" width=\"150\" \/> <strong>Baki Ymeri<\/strong><\/p>\n<p>Kozeta Zylo \u00ebsht\u00eb Shqip\u00ebria e nostalgjive tona dhe shpirti im n\u00eb m\u00ebrgim. Leksionet e para t\u00eb dashuris\u00eb s\u00eb saj jan\u00eb atdheu, gjuha shqipe dhe shpirti shqiptar. Bujaria shqiptare dhe mall i magjepsur jane shprehur p\u00ebr bukuri n\u00eb librin e saj t\u00eb par\u00eb \u201cMonumenti i lotit: \u201cSa lot \u00ebsht\u00eb derdhur,\/P\u00ebr ty, n\u00ebn\u00eblokja ime Shqip\u00ebri!\u201d Kjo zan\u00eb e frym\u00ebzuar shqiptare vjen me mjellmat e saj si nj\u00eb drenush\u00eb skofiare me ecje lozonjare dhe ja se si: Nuk e di,\/ N\u00eb m\u00eb ke harruar liqeni i bukur i Tiran\u00ebs,\/ Nuk e di?\/ F\u00ebshf\u00ebrrim\u00ebn e m\u00ebndafshit tim, dikur,\/ Dhe f\u00ebrsh\u00ebllim\u00ebn e te dashurit tim,\/ Nga k\u00ebnaq\u00ebsia e puthjes,\/ Kur loznim kukamfsheht\u00ebsi,\/ Dhe n\u00eb gjethet e bardha,\/ T\u00eb lule deleve, k\u00ebrkonim fatin,\/ M\u00eb do apo s\u2019m\u00eb do? N\u00eb inspirimin e saj defilojn\u00eb t\u00eb gjitha trojet shqiptare q\u00eb kan\u00eb nga nj\u00eb Vlor\u00eb.<\/p>\n<p>Poetja shkruan me admirim p\u00ebr Kosov\u00ebn e zemrave tona q\u00eb e konsideron si \u201cPrincesh\u00eb me medalionin e Liris\u00eb n\u00eb gjoks\u201d. Ajo \u00ebsht\u00eb nj\u00eb pik\u00eb h\u00ebne e veshur me fustan dielli q\u00eb bashkohet me simfonin\u00eb e k\u00ebng\u00ebve t\u00eb miliona shqiptar\u00ebve q\u00eb k\u00ebndojn\u00eb shqip. P\u00ebrve\u00e7 bot\u00ebs lirike, d\u00ebshmi esenciale p\u00ebr k\u00ebt\u00eb princesh\u00eb t\u00eb zemr\u00ebs shqiptare jan\u00eb artikujt, reportazhet, fotografit\u00eb dhe emisionet e nj\u00eb qendre televizive shqiptare q\u00eb e drejton s\u00eb bashku me bashk\u00ebshortin e saj, zt. Qemal Zylo, i cili \u00ebsht\u00eb edhe producent n\u00eb Amerik\u00eb.<\/p>\n<p><img decoding=\"async\" class=\"aligncenter size-thumbnail wp-image-7236\" title=\"Albanezul\" src=\"http:\/\/www.shkoder.net\/2012\/albanezul_kz.jpg\" alt=\"\" width=\"450\" \/><\/p>\n<p>Autorja shkruan vargje mbi mir\u00ebnjohjen e Amerik\u00ebs, duke fluturuar si nj\u00eb zog i lir\u00eb mbi New Yorkun e bukur, pa e harruar Liqenin e Tiran\u00ebs: \u201cPritm\u00eb liqeni i bukur, pritm\u00eb si dikur\u00eb\/ Do t\u00eb vi duke fluturuar me mjellmat\u201d. Loti i saj \u00ebsht\u00eb \u00ebsht\u00eb lot i brezave q\u00eb pushtuesit pan\u00eb me sy, \u201cLot i vashave p\u00ebr t\u00eb dashurit,\/ Q\u00eb u arratis\u00ebn nga aty.\u201d Autorja e p\u00ebrkujton rinin\u00eb e saj t\u00eb brisht\u00eb. Kozeta Zylo \u00ebsht\u00eb zem\u00ebrzana e kujtimeve t\u00eb \u00ebmbla si mjalta e dashuris\u00eb: \u201cI m\u00ebndafsht\u00eb ky muzg me qirinj ndezur,\/ Ti brenda dhom\u00ebs, si yll i ndritur,\/ Ndaj shpirti digjet kaq shum\u00eb papritur,\/ T\u00eb vetmin q\u00eb s\u2019frenoj dhe H\u00ebn\u00ebn e pabindur!\u201d<\/p>\n<p><img decoding=\"async\" class=\"aligncenter size-thumbnail wp-image-7236\" title=\"Kuror\u00eb Lidhja e Shkrimtar\u00ebve\" src=\"http:\/\/www.shkoder.net\/2012\/kz_kurora.jpg\" alt=\"\" width=\"450\" \/><\/p>\n<p>Ajo shkruan me afshin e zemr\u00ebs p\u00ebr freskin\u00eb e \u00e7asteve t\u00eb \u00ebmbla q\u00eb na mb\u00ebshtjellin me kujtime t\u00eb paharruara, p\u00ebr lot\u00ebt e pik\u00ebllimit dhe puthjet e zjarrta q\u00eb i pat l\u00ebn\u00eb n\u00ebn rrezet e H\u00ebn\u00ebs q\u00eb s\u2019e tradh\u00ebtoi kurr\u00eb: Dhe prekim damar\u00ebt e shpirtit t\u00eb blert\u00eb,\/ Q\u00eb aspak s\u2019zverdhet, dhe pse vjeshta bie,\/ Sythet e tij jan\u00eb deg\u00ebve gjith\u00eb jet\u00eb,\/ Edhe kur dimri, ngric\u00ebn sjelle tek ne.\u201d (T\u00eb mjaltat kujtime). Dhe m\u00eb tej: Princesha ime, Kosov\u00eb, Prishtina, filiz shpirti, apo Adem Jasharit: Ne K\u00ebshtjell\u00ebn e Tij, tek prehen trimat\/, \u201cPreka leht\u00eb Monumentet,\/ Brenda tyre n\u00eb fole t\u00eb mallit,\/ Dogja hallet edhe dertet\u201d, apo mendimet e nj\u00eb sokoli q\u00eb e kondisderon si poetesh\u00eb e talentuar shqiptare, q\u00eb edhe pse larg M\u00ebm\u00ebdheut, gjen forca t\u00eb jasht\u00ebzakonshme e mund\u00ebsi reale t\u2019i ngrej\u00eb emrin lart N\u00ebn\u00ebs Shqip\u00ebri.<\/p>\n<p><img decoding=\"async\" class=\"aligncenter size-thumbnail wp-image-7236\" title=\"Jahjaga me \u00e7iftin Zylo\" src=\"http:\/\/www.shkoder.net\/2012\/jahjaga_zylo.jpg\" alt=\"\" width=\"450\" \/><\/p>\n<p>N\u00eb k\u00ebt\u00eb drejtim, na shkruan nj\u00eb mik nga Shqip\u00ebria (S. Abazi): \u201cM\u00eb kan\u00eb bindur madje edhe vler\u00ebsimet e larta q\u00eb i kan\u00eb b\u00ebr\u00eb mir\u00ebnjoh\u00ebsit amerikan\u00eb, qoft\u00eb Dr. Helen Dechker e po k\u00ebshtu edhe nx\u00ebn\u00ebsit e student\u00ebt me dedikimet e tyre n\u00eb anglisht. Me k\u00ebt\u00eb rast, nj\u00eb p\u00ebrsh\u00ebndetje t\u00eb p\u00ebrzem\u00ebrt p\u00ebr poetesh\u00ebn ton\u00eb, autorin e publikimit dhe t\u00ebr\u00eb dashamir\u00ebsit e k\u00ebsaj veprimtarie shkollore, artistike e patriotike. Kozeta Zylo jep nj\u00eb kontribut t\u00eb shenjt\u00eb p\u00ebr njohjen dhe zhvillimin e vlerave q\u00eb p\u00ebrfaq\u00ebsojn\u00eb intelektual\u00eb t\u00eb shquar, patriot\u00eb e pun\u00ebtor\u00eb n\u00eb t\u00eb mir\u00eb t\u00eb shqiptarizm\u00ebs dhe \u00e7\u00ebshtjes son\u00eb komb\u00ebtare. Jo vetem n\u00eb vargjet e k\u00ebsaj poeteshe shqiptare, por dhe n\u00eb programin ton\u00eb me subjektin &#8220;Mir\u00ebnjoheje SHBA-ve&#8221; q\u00eb i jan\u00eb gjendur dhe me siguri do t\u2019i gjenden Kombit Shqiptar n\u00eb dit\u00eb t\u00eb v\u00ebshtira.\u201d<\/p>\n<p><strong>BOX<\/strong><\/p>\n<p>Ja disa vleresime nga personalitete te shquara te letersise dhe artit:<br \/>\nAutorja shprehet me ngaz\u00ebllim t\u00eb madh n\u00eb poezin\u00eb \u201cTungjatjeta Kosov\u00eb!\u201d, e cila p\u00ebrsh\u00ebndet Deklarat\u00ebn e Pavar\u00ebsis\u00eb s\u00eb Kosov\u00ebs m\u00eb 17 shkurt 2008. Ajo e pret at\u00eb ngjarje historike me brohori e krenari, dhe ndan g\u00ebzimin e saj me kosovar\u00ebt duke th\u00ebn\u00eb: Princesha ime Kosov\u00eb\/ M\u00eb lejo t\u00eb v\u00eb buz\u00ebt, n\u00eb bisqet e Liris\u00eb\/\u2026 Me fjal\u00eb poetike t\u00eb skalitura, autorja e quan muajin e shkurtit, \u201cShkurt dimri, kthyer n\u00eb stin\u00eb pranvere\u201d, dhe n\u00eb mendjen e saj k\u00ebrcen Vallen e Rugov\u00ebs, veshur me kostumin tradicional t\u00eb grave kosovare. (Prof. Peter R. Prifti).<\/p>\n<p>N\u00eb shkrimet e tua t\u00eb cilat i lexoj me \u00ebndje si poete e mir\u00eb dhe krahinare e dhimbshur, ti ke mendimin t\u00ebnd dhe zemr\u00ebn t\u00ebnde. Ke shqet\u00ebsimet nga m\u00eb kryesoret q\u00eb p\u00ebrjetojn\u00eb sot shqiptar\u00ebt kudo q\u00eb jan\u00eb, e q\u00eb kan\u00eb nj\u00eb rezonanc\u00eb t\u00eb p\u00ebrbashk\u00ebt komb\u00ebtare, demokratike e njer\u00ebzore. T\u00eb gjith\u00eb, ve\u00e7an\u00ebrisht t\u00eb m\u00ebrguarit, jetojn\u00eb me mendimin e latin\u00ebve se Atdheu \u00ebsht\u00eb i shtrenjt\u00eb jo se \u00ebsht\u00eb i madh, por se \u00ebsht\u00eb yni. Aq m\u00eb tep\u00ebr kur p\u00ebr atdheun ton\u00eb disi t\u00eb vog\u00ebl ndryshojn\u00eb aktor\u00ebt, por tragjedit\u00eb jan\u00eb po ato &#8211; nga njeri akt n\u00eb tjetrin. (Agim Shehu, shkrimtar i shquar i Kombit)<\/p>\n<p>Un\u00eb them: Mos ia qani hallin Kozet\u00ebs, se ajo megjithat\u00eb ia ka dal\u00eb n\u00eb luft\u00ebn p\u00ebr jet\u00ebn, sepse ka ditur t\u00eb zbatoj\u00eb dhe t\u00eb kap\u00eb an\u00ebt e mira t\u00eb saj: pun\u00ebn, veprimtarit\u00eb me njer\u00ebzit, dashurin\u00eb p\u00ebr ta. Ky dimension human, ndoshta i huajtur nga N\u00ebn\u00eb Tereza, por q\u00eb buron natyrsh\u00ebm nga shpirti i saj i etur, k\u00ebrkues, b\u00ebn maj\u00eb n\u00eb t\u00ebr\u00eb v\u00ebllimin e saj poetik. Edhe kur shkruan p\u00ebr Kosov\u00ebn, p\u00ebr \u00c7am\u00ebrin\u00eb, heronjt\u00eb krahas revolt\u00ebs frym\u00ebs epike, shquajn\u00eb edhe notat e ngrohta, gjith\u00ebsesi njer\u00ebzore, q\u00eb burojn\u00eb nga shpirti i nj\u00eb n\u00ebne t\u00eb cilat i japin poezis\u00eb m\u00eb shum\u00eb v\u00ebrtet\u00ebsi, thjesht\u00ebsi, komunikim.Nuk e kam njohur m\u00eb par\u00eb Kozet\u00ebn. Nuk dija asgj\u00eb p\u00ebr t\u00eb. N\u00eb Globe Institute m\u00eb b\u00ebri p\u00ebrshtypje nj\u00eb pedagoge q\u00eb n\u00eb koh\u00ebn e lir\u00eb hapte kompjuterin dhe shkruante poezi. Pastaj ua lexonte student\u00ebve ashtu thjesht\u00eb, e frym\u00ebzuar, p\u00ebrplot emocion.<\/p>\n<p>(<strong>Roland Gjoza<\/strong>)<\/p>\n","protected":false},"excerpt":{"rendered":"<p>Baki Ymeri Kozeta Zylo \u00ebsht\u00eb Shqip\u00ebria e nostalgjive tona dhe shpirti im n\u00eb m\u00ebrgim. Leksionet e para t\u00eb dashuris\u00eb s\u00eb saj jan\u00eb atdheu, gjuha shqipe dhe shpirti shqiptar. Bujaria shqiptare dhe mall i magjepsur jane shprehur p\u00ebr bukuri n\u00eb librin e saj t\u00eb par\u00eb \u201cMonumenti i lotit: \u201cSa lot \u00ebsht\u00eb derdhur,\/P\u00ebr ty, n\u00ebn\u00eblokja ime Shqip\u00ebri!\u201d [&hellip;]<\/p>\n","protected":false},"author":1,"featured_media":0,"comment_status":"open","ping_status":"closed","sticky":false,"template":"","format":"standard","meta":{"footnotes":""},"categories":[2],"tags":[],"class_list":{"0":"post-1935","1":"post","2":"type-post","3":"status-publish","4":"format-standard","6":"category-artikuj"},"yoast_head":"<!-- This site is optimized with the Yoast SEO plugin v27.4 - https:\/\/yoast.com\/product\/yoast-seo-wordpress\/ -->\n<title>SHQIP\u00cbRIA E SHPIRTIT TIM N\u00cb M\u00cbRGIM - FjALA e LIR\u00cb - Arkivi<\/title>\n<meta name=\"robots\" content=\"index, follow, max-snippet:-1, max-image-preview:large, max-video-preview:-1\" \/>\n<link rel=\"canonical\" href=\"https:\/\/fjala.info\/2009-2015\/shqiperia-e-shpirtit-tim-ne-mergim\/\" \/>\n<meta property=\"og:locale\" content=\"sq_AL\" \/>\n<meta property=\"og:type\" content=\"article\" \/>\n<meta property=\"og:title\" content=\"SHQIP\u00cbRIA E SHPIRTIT TIM N\u00cb M\u00cbRGIM - FjALA e LIR\u00cb - Arkivi\" \/>\n<meta property=\"og:description\" content=\"Baki Ymeri Kozeta Zylo \u00ebsht\u00eb Shqip\u00ebria e nostalgjive tona dhe shpirti im n\u00eb m\u00ebrgim. Leksionet e para t\u00eb dashuris\u00eb s\u00eb saj jan\u00eb atdheu, gjuha shqipe dhe shpirti shqiptar. Bujaria shqiptare dhe mall i magjepsur jane shprehur p\u00ebr bukuri n\u00eb librin e saj t\u00eb par\u00eb \u201cMonumenti i lotit: \u201cSa lot \u00ebsht\u00eb derdhur,\/P\u00ebr ty, n\u00ebn\u00eblokja ime Shqip\u00ebri!\u201d [&hellip;]\" \/>\n<meta property=\"og:url\" content=\"https:\/\/fjala.info\/2009-2015\/shqiperia-e-shpirtit-tim-ne-mergim\/\" \/>\n<meta property=\"og:site_name\" content=\"FjALA e LIR\u00cb - Arkivi\" \/>\n<meta property=\"article:published_time\" content=\"2012-02-25T14:18:23+00:00\" \/>\n<meta property=\"og:image\" content=\"http:\/\/www.shkoder.net\/images\/fjala\/baki_ymeri.jpg\" \/>\n<meta name=\"author\" content=\"admin\" \/>\n<meta name=\"twitter:card\" content=\"summary_large_image\" \/>\n<meta name=\"twitter:label1\" content=\"Written by\" \/>\n\t<meta name=\"twitter:data1\" content=\"admin\" \/>\n\t<meta name=\"twitter:label2\" content=\"Est. reading time\" \/>\n\t<meta name=\"twitter:data2\" content=\"6 minutes\" \/>\n<script type=\"application\/ld+json\" class=\"yoast-schema-graph\">{\"@context\":\"https:\\\/\\\/schema.org\",\"@graph\":[{\"@type\":\"Article\",\"@id\":\"https:\\\/\\\/fjala.info\\\/2009-2015\\\/shqiperia-e-shpirtit-tim-ne-mergim\\\/#article\",\"isPartOf\":{\"@id\":\"https:\\\/\\\/fjala.info\\\/2009-2015\\\/shqiperia-e-shpirtit-tim-ne-mergim\\\/\"},\"author\":{\"name\":\"admin\",\"@id\":\"https:\\\/\\\/fjala.info\\\/2009-2015\\\/#\\\/schema\\\/person\\\/3aa1163ef05469c496fc94e77611ada2\"},\"headline\":\"SHQIP\u00cbRIA E SHPIRTIT TIM N\u00cb M\u00cbRGIM\",\"datePublished\":\"2012-02-25T14:18:23+00:00\",\"mainEntityOfPage\":{\"@id\":\"https:\\\/\\\/fjala.info\\\/2009-2015\\\/shqiperia-e-shpirtit-tim-ne-mergim\\\/\"},\"wordCount\":1114,\"commentCount\":0,\"publisher\":{\"@id\":\"https:\\\/\\\/fjala.info\\\/2009-2015\\\/#organization\"},\"image\":{\"@id\":\"https:\\\/\\\/fjala.info\\\/2009-2015\\\/shqiperia-e-shpirtit-tim-ne-mergim\\\/#primaryimage\"},\"thumbnailUrl\":\"http:\\\/\\\/www.shkoder.net\\\/images\\\/fjala\\\/baki_ymeri.jpg\",\"articleSection\":[\"Artikuj\"],\"inLanguage\":\"sq-AL\",\"potentialAction\":[{\"@type\":\"CommentAction\",\"name\":\"Comment\",\"target\":[\"https:\\\/\\\/fjala.info\\\/2009-2015\\\/shqiperia-e-shpirtit-tim-ne-mergim\\\/#respond\"]}]},{\"@type\":\"WebPage\",\"@id\":\"https:\\\/\\\/fjala.info\\\/2009-2015\\\/shqiperia-e-shpirtit-tim-ne-mergim\\\/\",\"url\":\"https:\\\/\\\/fjala.info\\\/2009-2015\\\/shqiperia-e-shpirtit-tim-ne-mergim\\\/\",\"name\":\"SHQIP\u00cbRIA E SHPIRTIT TIM N\u00cb M\u00cbRGIM - FjALA e LIR\u00cb - Arkivi\",\"isPartOf\":{\"@id\":\"https:\\\/\\\/fjala.info\\\/2009-2015\\\/#website\"},\"primaryImageOfPage\":{\"@id\":\"https:\\\/\\\/fjala.info\\\/2009-2015\\\/shqiperia-e-shpirtit-tim-ne-mergim\\\/#primaryimage\"},\"image\":{\"@id\":\"https:\\\/\\\/fjala.info\\\/2009-2015\\\/shqiperia-e-shpirtit-tim-ne-mergim\\\/#primaryimage\"},\"thumbnailUrl\":\"http:\\\/\\\/www.shkoder.net\\\/images\\\/fjala\\\/baki_ymeri.jpg\",\"datePublished\":\"2012-02-25T14:18:23+00:00\",\"breadcrumb\":{\"@id\":\"https:\\\/\\\/fjala.info\\\/2009-2015\\\/shqiperia-e-shpirtit-tim-ne-mergim\\\/#breadcrumb\"},\"inLanguage\":\"sq-AL\",\"potentialAction\":[{\"@type\":\"ReadAction\",\"target\":[\"https:\\\/\\\/fjala.info\\\/2009-2015\\\/shqiperia-e-shpirtit-tim-ne-mergim\\\/\"]}]},{\"@type\":\"ImageObject\",\"inLanguage\":\"sq-AL\",\"@id\":\"https:\\\/\\\/fjala.info\\\/2009-2015\\\/shqiperia-e-shpirtit-tim-ne-mergim\\\/#primaryimage\",\"url\":\"http:\\\/\\\/www.shkoder.net\\\/images\\\/fjala\\\/baki_ymeri.jpg\",\"contentUrl\":\"http:\\\/\\\/www.shkoder.net\\\/images\\\/fjala\\\/baki_ymeri.jpg\"},{\"@type\":\"BreadcrumbList\",\"@id\":\"https:\\\/\\\/fjala.info\\\/2009-2015\\\/shqiperia-e-shpirtit-tim-ne-mergim\\\/#breadcrumb\",\"itemListElement\":[{\"@type\":\"ListItem\",\"position\":1,\"name\":\"Home\",\"item\":\"https:\\\/\\\/fjala.info\\\/2009-2015\\\/\"},{\"@type\":\"ListItem\",\"position\":2,\"name\":\"SHQIP\u00cbRIA E SHPIRTIT TIM N\u00cb M\u00cbRGIM\"}]},{\"@type\":\"WebSite\",\"@id\":\"https:\\\/\\\/fjala.info\\\/2009-2015\\\/#website\",\"url\":\"https:\\\/\\\/fjala.info\\\/2009-2015\\\/\",\"name\":\"FjALA e LIR\u00cb - Arkivi\",\"description\":\"Arkivi 2009-2015\",\"publisher\":{\"@id\":\"https:\\\/\\\/fjala.info\\\/2009-2015\\\/#organization\"},\"potentialAction\":[{\"@type\":\"SearchAction\",\"target\":{\"@type\":\"EntryPoint\",\"urlTemplate\":\"https:\\\/\\\/fjala.info\\\/2009-2015\\\/?s={search_term_string}\"},\"query-input\":{\"@type\":\"PropertyValueSpecification\",\"valueRequired\":true,\"valueName\":\"search_term_string\"}}],\"inLanguage\":\"sq-AL\"},{\"@type\":\"Organization\",\"@id\":\"https:\\\/\\\/fjala.info\\\/2009-2015\\\/#organization\",\"name\":\"FjALA e LIR\u00cb - Arkivi\",\"url\":\"https:\\\/\\\/fjala.info\\\/2009-2015\\\/\",\"logo\":{\"@type\":\"ImageObject\",\"inLanguage\":\"sq-AL\",\"@id\":\"https:\\\/\\\/fjala.info\\\/2009-2015\\\/#\\\/schema\\\/logo\\\/image\\\/\",\"url\":\"\",\"contentUrl\":\"\",\"caption\":\"FjALA e LIR\u00cb - Arkivi\"},\"image\":{\"@id\":\"https:\\\/\\\/fjala.info\\\/2009-2015\\\/#\\\/schema\\\/logo\\\/image\\\/\"}},{\"@type\":\"Person\",\"@id\":\"https:\\\/\\\/fjala.info\\\/2009-2015\\\/#\\\/schema\\\/person\\\/3aa1163ef05469c496fc94e77611ada2\",\"name\":\"admin\",\"image\":{\"@type\":\"ImageObject\",\"inLanguage\":\"sq-AL\",\"@id\":\"https:\\\/\\\/fjala.info\\\/2009-2015\\\/wp-content\\\/uploads\\\/2012\\\/02\\\/arben_cokaj-120x150.jpg\",\"url\":\"https:\\\/\\\/fjala.info\\\/2009-2015\\\/wp-content\\\/uploads\\\/2012\\\/02\\\/arben_cokaj-120x150.jpg\",\"contentUrl\":\"https:\\\/\\\/fjala.info\\\/2009-2015\\\/wp-content\\\/uploads\\\/2012\\\/02\\\/arben_cokaj-120x150.jpg\",\"caption\":\"admin\"},\"description\":\"Admin, Fjala e Lir\u00eb\",\"sameAs\":[\"https:\\\/\\\/fjala.info\\\/\"],\"url\":\"https:\\\/\\\/fjala.info\\\/2009-2015\\\/author\\\/admin\\\/\"}]}<\/script>\n<!-- \/ Yoast SEO plugin. -->","yoast_head_json":{"title":"SHQIP\u00cbRIA E SHPIRTIT TIM N\u00cb M\u00cbRGIM - FjALA e LIR\u00cb - Arkivi","robots":{"index":"index","follow":"follow","max-snippet":"max-snippet:-1","max-image-preview":"max-image-preview:large","max-video-preview":"max-video-preview:-1"},"canonical":"https:\/\/fjala.info\/2009-2015\/shqiperia-e-shpirtit-tim-ne-mergim\/","og_locale":"sq_AL","og_type":"article","og_title":"SHQIP\u00cbRIA E SHPIRTIT TIM N\u00cb M\u00cbRGIM - FjALA e LIR\u00cb - Arkivi","og_description":"Baki Ymeri Kozeta Zylo \u00ebsht\u00eb Shqip\u00ebria e nostalgjive tona dhe shpirti im n\u00eb m\u00ebrgim. Leksionet e para t\u00eb dashuris\u00eb s\u00eb saj jan\u00eb atdheu, gjuha shqipe dhe shpirti shqiptar. Bujaria shqiptare dhe mall i magjepsur jane shprehur p\u00ebr bukuri n\u00eb librin e saj t\u00eb par\u00eb \u201cMonumenti i lotit: \u201cSa lot \u00ebsht\u00eb derdhur,\/P\u00ebr ty, n\u00ebn\u00eblokja ime Shqip\u00ebri!\u201d [&hellip;]","og_url":"https:\/\/fjala.info\/2009-2015\/shqiperia-e-shpirtit-tim-ne-mergim\/","og_site_name":"FjALA e LIR\u00cb - Arkivi","article_published_time":"2012-02-25T14:18:23+00:00","og_image":[{"url":"http:\/\/www.shkoder.net\/images\/fjala\/baki_ymeri.jpg","type":"","width":"","height":""}],"author":"admin","twitter_card":"summary_large_image","twitter_misc":{"Written by":"admin","Est. reading time":"6 minutes"},"schema":{"@context":"https:\/\/schema.org","@graph":[{"@type":"Article","@id":"https:\/\/fjala.info\/2009-2015\/shqiperia-e-shpirtit-tim-ne-mergim\/#article","isPartOf":{"@id":"https:\/\/fjala.info\/2009-2015\/shqiperia-e-shpirtit-tim-ne-mergim\/"},"author":{"name":"admin","@id":"https:\/\/fjala.info\/2009-2015\/#\/schema\/person\/3aa1163ef05469c496fc94e77611ada2"},"headline":"SHQIP\u00cbRIA E SHPIRTIT TIM N\u00cb M\u00cbRGIM","datePublished":"2012-02-25T14:18:23+00:00","mainEntityOfPage":{"@id":"https:\/\/fjala.info\/2009-2015\/shqiperia-e-shpirtit-tim-ne-mergim\/"},"wordCount":1114,"commentCount":0,"publisher":{"@id":"https:\/\/fjala.info\/2009-2015\/#organization"},"image":{"@id":"https:\/\/fjala.info\/2009-2015\/shqiperia-e-shpirtit-tim-ne-mergim\/#primaryimage"},"thumbnailUrl":"http:\/\/www.shkoder.net\/images\/fjala\/baki_ymeri.jpg","articleSection":["Artikuj"],"inLanguage":"sq-AL","potentialAction":[{"@type":"CommentAction","name":"Comment","target":["https:\/\/fjala.info\/2009-2015\/shqiperia-e-shpirtit-tim-ne-mergim\/#respond"]}]},{"@type":"WebPage","@id":"https:\/\/fjala.info\/2009-2015\/shqiperia-e-shpirtit-tim-ne-mergim\/","url":"https:\/\/fjala.info\/2009-2015\/shqiperia-e-shpirtit-tim-ne-mergim\/","name":"SHQIP\u00cbRIA E SHPIRTIT TIM N\u00cb M\u00cbRGIM - FjALA e LIR\u00cb - Arkivi","isPartOf":{"@id":"https:\/\/fjala.info\/2009-2015\/#website"},"primaryImageOfPage":{"@id":"https:\/\/fjala.info\/2009-2015\/shqiperia-e-shpirtit-tim-ne-mergim\/#primaryimage"},"image":{"@id":"https:\/\/fjala.info\/2009-2015\/shqiperia-e-shpirtit-tim-ne-mergim\/#primaryimage"},"thumbnailUrl":"http:\/\/www.shkoder.net\/images\/fjala\/baki_ymeri.jpg","datePublished":"2012-02-25T14:18:23+00:00","breadcrumb":{"@id":"https:\/\/fjala.info\/2009-2015\/shqiperia-e-shpirtit-tim-ne-mergim\/#breadcrumb"},"inLanguage":"sq-AL","potentialAction":[{"@type":"ReadAction","target":["https:\/\/fjala.info\/2009-2015\/shqiperia-e-shpirtit-tim-ne-mergim\/"]}]},{"@type":"ImageObject","inLanguage":"sq-AL","@id":"https:\/\/fjala.info\/2009-2015\/shqiperia-e-shpirtit-tim-ne-mergim\/#primaryimage","url":"http:\/\/www.shkoder.net\/images\/fjala\/baki_ymeri.jpg","contentUrl":"http:\/\/www.shkoder.net\/images\/fjala\/baki_ymeri.jpg"},{"@type":"BreadcrumbList","@id":"https:\/\/fjala.info\/2009-2015\/shqiperia-e-shpirtit-tim-ne-mergim\/#breadcrumb","itemListElement":[{"@type":"ListItem","position":1,"name":"Home","item":"https:\/\/fjala.info\/2009-2015\/"},{"@type":"ListItem","position":2,"name":"SHQIP\u00cbRIA E SHPIRTIT TIM N\u00cb M\u00cbRGIM"}]},{"@type":"WebSite","@id":"https:\/\/fjala.info\/2009-2015\/#website","url":"https:\/\/fjala.info\/2009-2015\/","name":"FjALA e LIR\u00cb - Arkivi","description":"Arkivi 2009-2015","publisher":{"@id":"https:\/\/fjala.info\/2009-2015\/#organization"},"potentialAction":[{"@type":"SearchAction","target":{"@type":"EntryPoint","urlTemplate":"https:\/\/fjala.info\/2009-2015\/?s={search_term_string}"},"query-input":{"@type":"PropertyValueSpecification","valueRequired":true,"valueName":"search_term_string"}}],"inLanguage":"sq-AL"},{"@type":"Organization","@id":"https:\/\/fjala.info\/2009-2015\/#organization","name":"FjALA e LIR\u00cb - Arkivi","url":"https:\/\/fjala.info\/2009-2015\/","logo":{"@type":"ImageObject","inLanguage":"sq-AL","@id":"https:\/\/fjala.info\/2009-2015\/#\/schema\/logo\/image\/","url":"","contentUrl":"","caption":"FjALA e LIR\u00cb - Arkivi"},"image":{"@id":"https:\/\/fjala.info\/2009-2015\/#\/schema\/logo\/image\/"}},{"@type":"Person","@id":"https:\/\/fjala.info\/2009-2015\/#\/schema\/person\/3aa1163ef05469c496fc94e77611ada2","name":"admin","image":{"@type":"ImageObject","inLanguage":"sq-AL","@id":"https:\/\/fjala.info\/2009-2015\/wp-content\/uploads\/2012\/02\/arben_cokaj-120x150.jpg","url":"https:\/\/fjala.info\/2009-2015\/wp-content\/uploads\/2012\/02\/arben_cokaj-120x150.jpg","contentUrl":"https:\/\/fjala.info\/2009-2015\/wp-content\/uploads\/2012\/02\/arben_cokaj-120x150.jpg","caption":"admin"},"description":"Admin, Fjala e Lir\u00eb","sameAs":["https:\/\/fjala.info\/"],"url":"https:\/\/fjala.info\/2009-2015\/author\/admin\/"}]}},"_links":{"self":[{"href":"https:\/\/fjala.info\/2009-2015\/wp-json\/wp\/v2\/posts\/1935","targetHints":{"allow":["GET"]}}],"collection":[{"href":"https:\/\/fjala.info\/2009-2015\/wp-json\/wp\/v2\/posts"}],"about":[{"href":"https:\/\/fjala.info\/2009-2015\/wp-json\/wp\/v2\/types\/post"}],"author":[{"embeddable":true,"href":"https:\/\/fjala.info\/2009-2015\/wp-json\/wp\/v2\/users\/1"}],"replies":[{"embeddable":true,"href":"https:\/\/fjala.info\/2009-2015\/wp-json\/wp\/v2\/comments?post=1935"}],"version-history":[{"count":0,"href":"https:\/\/fjala.info\/2009-2015\/wp-json\/wp\/v2\/posts\/1935\/revisions"}],"wp:attachment":[{"href":"https:\/\/fjala.info\/2009-2015\/wp-json\/wp\/v2\/media?parent=1935"}],"wp:term":[{"taxonomy":"category","embeddable":true,"href":"https:\/\/fjala.info\/2009-2015\/wp-json\/wp\/v2\/categories?post=1935"},{"taxonomy":"post_tag","embeddable":true,"href":"https:\/\/fjala.info\/2009-2015\/wp-json\/wp\/v2\/tags?post=1935"}],"curies":[{"name":"wp","href":"https:\/\/api.w.org\/{rel}","templated":true}]}}