{"id":1933,"date":"2012-02-24T10:26:42","date_gmt":"2012-02-24T09:26:42","guid":{"rendered":"http:\/\/fjala.shkoder.net\/?p=1933"},"modified":"2012-02-24T10:26:42","modified_gmt":"2012-02-24T09:26:42","slug":"kur-dhelpra-kalli-bishtin-e-vet","status":"publish","type":"post","link":"https:\/\/fjala.info\/2009-2015\/kur-dhelpra-kalli-bishtin-e-vet\/","title":{"rendered":"Kur dhelpra kalli bishtin e vet"},"content":{"rendered":"<p><img decoding=\"async\" class=\"alignleft size-thumbnail wp-image-7236\" title=\"Enver Robelli\" src=\"http:\/\/www.shkoder.net\/images\/fjala\/enver_robelli.jpg\" alt=\"\" width=\"150\" \/> Nga <strong>Enver Robelli<\/strong>, <em>23 Shkurt 2012<\/em><\/p>\n<p>Kamishiada mori fund. Prapa mbeti shija e keqe e rrenave, shpifjeve dhe spiunimit ilegal t\u00eb qytetar\u00ebve. K\u00ebt\u00eb lloj \u201cpolitike\u201d po e mb\u00ebshtet Partia Demokratike e Kosov\u00ebs (PDK). Kamishiada \u00ebsht\u00eb edhe nj\u00eb arsye m\u00eb shum\u00eb q\u00eb PDK t\u00eb zgjedh: a d\u00ebshiron t\u00eb jet\u00eb m\u00eb tutje parti jodemokratike apo subjekt politik q\u00eb konkurron me vlera? PDK nuk mund t\u00eb jet\u00eb parti normale derisa funksionar\u00eb t\u00eb saj veprojn\u00eb si specialist\u00eb p\u00ebr spiunazh antiligjor. N\u00ebse vazhdon kjo situat\u00eb, at\u00ebher\u00eb PDK duhet t\u00eb trajtohet si parti jasht\u00eb sistemit demokratik dhe kornizave ligjore<\/p>\n<p>Historia kamishoide doli ashtu si\u00e7 pritej: \u00e7ohet nj\u00eb dhelp\u00ebr dhe e kall bishtin e vet \u2013 pasi i ka shmangur diku krejt pulat e katundit! K\u00ebshtu u soll nj\u00eb deputet i PDK-s\u00eb jav\u00ebve t\u00eb fundit n\u00eb p\u00ebrpjekjen e tij p\u00ebr t\u00eb njollosur rival\u00eb politik\u00eb, personalitete publike dhe figura t\u00eb shoq\u00ebris\u00eb civile. Kur dikush n\u00eb m\u00ebnyr\u00eb t\u00eb till\u00eb mizore ndot debatin publik, ai s\u2019e meriton as t\u2019i p\u00ebrmendet emri. Cilat ishin \u201cfoktet\u201d q\u00eb prezantoi ky \u201cp\u00ebrfaq\u00ebsues i popullit\u201d? Disa p\u00ebrralla rruga\u00e7\u00ebsh, disa pyetje sugjestive t\u00eb m\u00ebsuara p\u00ebrmendsh nga praktikat e sh\u00ebrbimeve staliniste t\u00eb spiunazhit dhe jo pak krekosje pseudopatriotike.<\/p>\n<p>P\u00ebr t\u00eb plasuar rrenat e tij deputeti keqp\u00ebrdori foltoren e Kuvendit t\u00eb Kosov\u00ebs (le t\u00eb mbetet n\u00eb nd\u00ebrgjegjen e kryetarit Jakup Krasniqi lejimi i nj\u00eb fjalimi t\u00eb till\u00eb), u p\u00ebrpoq t\u00eb instrumentalizoj\u00eb mediumet dhe pothuaj hapur tregoi se potencialisht \u00e7do qytetar i Kosov\u00ebs mund t\u00eb jet\u00eb viktim\u00eb e spiunazhit ilegal t\u00eb nj\u00eb sh\u00ebrbimi t\u00eb fsheht\u00eb partiak, n\u00eb k\u00ebt\u00eb rast sh\u00ebrbimit t\u00eb PDK-s\u00eb, i cili, mes tjerash, qenk\u00ebsh marr\u00eb edhe me matje t\u00eb suxhukut dhe me degustim t\u00eb ver\u00ebs. N\u00eb krahasim me veprime t\u00eb tjera t\u00eb p\u00ebrmendura nga eksponent\u00eb t\u00eb k\u00ebtij sh\u00ebrbimi t\u00eb n\u00ebntok\u00ebs, matja e suxhukut dhe degustimi i ver\u00ebs duken si aktivitete humanitare. Me leje t\u00eb kujt b\u00ebhen t\u00eb gjitha k\u00ebto veprime ilegale? Cila \u00ebsht\u00eb baza e tyre ligjore? Kush dhe \u00e7ka i jep t\u00eb drejt\u00eb nj\u00eb sh\u00ebrbimi sekret ilegal dhe ekstra-partiak t\u00eb merret me njollosjen e rival\u00ebve politik\u00eb, t\u00eb ngre kurthe e t\u00eb sajoj\u00eb afera? Kush ka formuluar politikat e k\u00ebtij sh\u00ebrbimi? Si \u00ebsht\u00eb financuar?<\/p>\n<p>Kush i ka caktuar caqet dhe definuar objektivat? Kujt i ka raportuar? Ku \u00ebsht\u00eb e arkivuar \u201ctrash\u00ebgimia e pasur\u201d e k\u00ebtij sh\u00ebrbimi, q\u00eb gjoja pask\u00ebsh punuar \u201cn\u00eb t\u00eb mir\u00eb t\u00eb Kosov\u00ebs\u201d? Po thas\u00ebt e nxjerr\u00eb nga kabineti i Vojislav Koshtunic\u00ebs? A mos kan\u00eb qen\u00eb thas\u00eb t\u00eb zbraz\u00ebt, q\u00eb n\u00eb Kosov\u00ebn e pasluft\u00ebs jan\u00eb shfryt\u00ebzuar p\u00ebr t\u2019ua vendosur n\u00eb kok\u00eb rival\u00ebve politik\u00eb shqiptar\u00eb para se ata t\u00eb d\u00ebrgoheshin n\u00eb rrug\u00ebn pa kthim? A duhet t\u00eb frik\u00ebsohen qytetar\u00ebt q\u00eb thas\u00ebt s\u2019jan\u00eb harxhuar ende dhe mund t\u00eb p\u00ebrdoren edhe n\u00eb t\u00eb ardhmen nga sh\u00ebrbimi i PDK-s\u00eb? Pa marr\u00eb p\u00ebrgjigje t\u00eb merituar dhe thelb\u00ebsore k\u00ebto pyetje, \u00e7do p\u00ebrpjekje p\u00ebr t\u00eb lozur valle patriotike \u00ebsht\u00eb e d\u00ebnuar t\u00eb d\u00ebshtoj\u00eb.<\/p>\n<p><strong>Si n\u00eb pazarin e Shabacit<\/strong><\/p>\n<p>Nj\u00eb skandal tjet\u00ebr ishte sjellja e PDK-s\u00eb, konkretisht grupit t\u00eb saj parlamentar, i cili e p\u00ebrkrahu kamishiad\u00ebn, q\u00eb duket t\u00eb jet\u00eb versioni kosovar i \u201c\u0161aba\u010dki va\u0161ar\u201d-it, me nj\u00eb dallim t\u00eb vog\u00ebl: n\u00eb pazarin e Shabacit njer\u00ebzit kur flasin budallall\u00ebqe k\u00ebt\u00eb e b\u00ebjn\u00eb pasi kan\u00eb pir\u00eb raki pa hesap, nd\u00ebrsa n\u00eb sken\u00ebn politike t\u00eb Kosov\u00ebs llomotitet es\u00ebll. N\u00eb em\u00ebr t\u00eb grupit parlamentar t\u00eb PDK-s\u00eb kamishiad\u00ebn e mb\u00ebshteti z\u00ebsh\u00ebm Adem Grabovci, i cili ndokujt mund t\u2019i jet\u00eb dukur si ark\u00ebtar apo postier i n\u00ebntok\u00ebs. Deputet\u00ebt e tjer\u00eb t\u00eb PDK-s\u00eb me apo pa vullnet mor\u00ebn rolin e statist\u00ebve, s\u00eb paku publikisht askush nuk guxoi t\u00eb kund\u00ebrshtoj\u00eb shpifjet. Privatisht disa deputet\u00eb t\u00eb PDK-s\u00eb kan\u00eb filluar t\u00eb skuqen p\u00ebr kamishiaid\u00ebn, duarkurthuar ata po k\u00ebrkojn\u00eb t\u00eb shfaj\u00ebsohen (\u201cPolitik\u00eb \u00ebsht\u00eb kjo!\u201d) Disa vog\u00eblush\u00eb partiak\u00eb u p\u00ebrpoq\u00ebn madje t\u00eb distancohen nga kamishiada.<\/p>\n<p>Disa t\u00eb tjer\u00eb po arsyetohen se kjo qenk\u00ebsh \u201cagjend\u00eb politike\u201d, rrjedhimisht nuk duhet t\u00eb merret seriozisht, sepse shpesh \u00e7ka flitet n\u00eb Kuvend \u201c\u00ebsht\u00eb p\u00ebr konsum brendapartiak\u201d. K\u00ebshtu mund t\u00eb mendojn\u00eb ata q\u00eb foltoren e Kuvendit e kan\u00eb ngat\u00ebrruar me grop\u00ebn septike n\u00eb oborr t\u00eb sht\u00ebpis\u00eb vetjake. Por kamishiada nuk mund t\u00eb kalohet dhe nuk mund t\u00eb harrohet nga publiku me k\u00ebso arsyetimesh bajate. Kamishiada ishte, n\u00eb fakt, cirk politik p\u00ebr t\u00eb zhvendosur v\u00ebmendjen nga problemet reale t\u00eb Kosov\u00ebs, nga korrupsioni galopant, nga krimi i organizuar i lidhur me \u201ct\u00eb fortit e politik\u00ebs\u201d, nga aventurat negociatore me Serbin\u00eb t\u00eb nisura pa konsensus t\u00eb gjer\u00eb publik.<\/p>\n<p><strong>Nj\u00eb kooperativ\u00eb rrenash<\/strong><\/p>\n<p>\u00c7ka na tregon kamishiada? Na tregon se PDK sot \u00ebsht\u00eb degraduar keq nga n\u00ebntoka dhe \u00ebsht\u00eb shnd\u00ebrruar n\u00eb nj\u00eb bi\u00e7im-parti rrenash e shpifjesh. E till\u00eb si \u00ebsht\u00eb sot dhe si vepron PDK \u00ebsht\u00eb \u201cparti\u201d p\u00ebrtej kornizave ligjore dhe jasht\u00eb sistemit demokratik edhe ashtu t\u00eb dob\u00ebt kosovar. Kush politizon p\u00ebrtej k\u00ebsaj kornize, kush spiunon qytetar\u00ebt me dosje rrenash, e sidomos kush merr rolin e pizevengut politik dhe hidhet n\u00eb gjueti shtrigash, nuk duhet t\u00eb trajtohet si ofertues normal politik, sepse tashm\u00eb e ka zbritur veten n\u00eb nivelin e kopes\u00eb pseudopolitike. Kush i jep vot\u00ebn nj\u00eb partie t\u00eb till\u00eb nuk i ndihmon k\u00ebtij vendi! PDK s\u00eb pari duhet t\u00eb spastrohet prej k\u00ebtyre anomalive.<\/p>\n<p>Tek at\u00ebher\u00eb mund t\u00eb k\u00ebrkoj\u00eb vot\u00ebn e qytetar\u00ebve. Deri at\u00ebher\u00eb qytetar\u00ebt e Kosov\u00ebs duhet t\u00eb mb\u00ebshtesin alternativa t\u00eb tjera politike. Derisa nj\u00eb parti nuk e kupton se votat fitohen me programe politike dhe jo me shpifje e spiunim t\u00eb rival\u00ebve politik\u00eb dhe kritik\u00ebve publik\u00eb \u2013 ajo parti nuk e meriton vot\u00ebn e asnj\u00eb qytetari. \u00cbsht\u00eb momenti q\u00eb p\u00ebr k\u00ebt\u00eb t\u00eb mendojn\u00eb edhe shum\u00eb aktivist\u00eb t\u00eb PDK-s\u00eb, t\u00eb cil\u00ebt nuk e kan\u00eb shitur dinjitetin dhe ende din\u00eb t\u00eb skuqen. K\u00ebta njer\u00ebz nuk duhet ta l\u00ebn\u00eb partin\u00eb t\u00eb mbetet e till\u00eb \u2013 nj\u00eb kooperativ\u00eb rrenash.<\/p>\n<p>N\u00eb zgjedhjet e fundit t\u00eb vjedhura sidomos nga PDK kryeministri i tanish\u00ebm pand\u00ebrprer\u00eb ka folur p\u00ebr vlerat evropiane, p\u00ebr integrimet evropiane, p\u00ebr ligjet evropiane, p\u00ebr kriteret evropiane, p\u00ebr p\u00ebrvoj\u00ebn evropiane, p\u00ebr t\u00eb arriturat evropiane q\u00eb Kosova do t\u2019i p\u00ebrvet\u00ebsoj\u00eb. Bro\u00e7kulla pa fund. \u00c7far\u00eb partie e vlerave evropiane \u00ebsht\u00eb PDK u pa k\u00ebto dit\u00eb, kur nj\u00ebri prej deputet\u00ebve m\u00eb t\u00eb zhurmsh\u00ebm t\u00eb saj, Shaip Muja, doli si d\u00ebshmitar para gjyqit p\u00ebr nj\u00ebr\u00ebn prej aferave m\u00eb t\u00eb m\u00ebdha t\u00eb Kosov\u00ebs s\u00eb pasluft\u00ebs, ku p\u00ebrmendet transplantimi ilegal i organeve n\u00eb klinik\u00ebn Medicus, rekrutimi i pacient\u00ebve dhe dhuruesve t\u00eb organeve n\u00eb vende t\u00eb tjera, bashk\u00ebpunimi me mjekun kund\u00ebrth\u00ebn\u00ebs turk Yosuf Somnez \u2013 dr. Vampirin e famsh\u00ebm nga Turqia, q\u00eb u portretua madje edhe nga \u201cNew York Times\u201d.<\/p>\n<p>Para gjyqit Shaip Muja tha se nuk kishte t\u00eb b\u00ebnte asgj\u00eb me afer\u00ebn Medicus, por p\u00ebr \u00e7udi gati t\u00eb gjith\u00eb protagonist\u00ebt i njihte. Foli edhe p\u00ebr \u201ckorrespondenc\u00ebn\u201d e tij me Ministrin\u00eb e Sh\u00ebndet\u00ebsis\u00eb dhe angazhimin e tij q\u00eb Medicusit t\u2019i jepej leja p\u00ebr transplantime. K\u00ebt\u00eb, tha ai, e kishte b\u00ebr\u00eb \u2013 gjoja \u2013 p\u00ebr arsye humane, p\u00ebr shkak t\u00eb \u201cobligimit moral\u201d. D\u00ebshmitari Muja deklaroi se n\u00eb nj\u00eb dasm\u00eb e kishte takuar Yosuf Somnezin, sepse \u201c\u00ebsht\u00eb tradit\u00eb q\u00eb t\u00eb takohen n\u00eb mes vete t\u00eb gjith\u00eb dasmor\u00ebt\u201d. A \u00ebsht\u00eb v\u00ebrtet kjo tradit\u00eb shqiptare? Mund ta paramendojm\u00eb takimin e dr. Muj\u00ebs me dr. Somnezin: \u201cHello Mr. Vampire! Have we met before?\u201d<\/p>\n<p>Para hi\u00e7 m\u00eb larg se nj\u00eb viti nj\u00eb funksionar i rangut t\u00eb lart\u00eb nga radh\u00ebt e PDK-s\u00eb, n\u00eb nj\u00eb moment sinqeriteti, tregonte se \u201cnj\u00eb pjes\u00eb t\u00eb raportit t\u00eb Dick Marty-it q\u00eb ka t\u00eb b\u00ebj\u00eb me pasluft\u00ebn kryeministri Hashim Tha\u00e7i e ka dhurat\u00eb edhe nga Shaip Muja\u201d. N\u00eb rrethin e ngusht\u00eb t\u00eb Tha\u00e7it ende ka njer\u00ebz, ndon\u00ebse jo shum\u00eb, q\u00eb s\u00eb paku nuk pajtohen q\u00eb politika t\u00eb shfryt\u00ebzohet p\u00ebr lloj-lloj allishverishesh. N\u00eb Kosov\u00ebn e sotme figura t\u00eb tilla si Shaip Muja jan\u00eb deputet\u00eb t\u00eb Kuvendit t\u00eb Kosov\u00ebs, madje krekosen se jan\u00eb \u201cmiq t\u00eb Amerik\u00ebs\u201d. N\u00eb vendet e tjera publiku p\u00ebr persona si dr. Muja e dr. Somnez do t\u00eb merrte vesh vet\u00ebm nga kronika e zez\u00eb.<\/p>\n<p><strong>Shkolla staliniste<\/strong><\/p>\n<p>Derisa Kosova terrorizohet nga kamishiadat dhe shaipmujiadat n\u00eb veri mbahet referendum ilegal, i cili mund t\u00eb jet\u00eb uvertur\u00eb p\u00ebr krijimin e Republika Srpska t\u00eb veriut t\u00eb Kosov\u00ebs. K\u00ebshtu Kosova rrezikon t\u00eb b\u00ebhet shtet edhe m\u00eb jofunksional dhe peng i kryene\u00e7\u00ebsis\u00eb nacionaliste dhe kontrabandiste. Derisa publiku terrorizohet me p\u00ebrralla, Republika e re n\u00eb pothuaj \u00e7do raport nd\u00ebrkomb\u00ebtar z\u00eb vend prominent me dy f\u00eblliq\u00ebsi: krim e korrupsion. Derisa Kosova arg\u00ebtohet keq nga PDK, eksponent\u00eb t\u00eb k\u00ebsaj partie, t\u00eb cil\u00ebt n\u00eb parlament kan\u00eb hyr\u00eb me vota t\u00eb vjedhura, pa asnj\u00eb fije turpi i referohen pik\u00ebrisht vot\u00ebs s\u00eb popullit, madje thon\u00eb se at\u00eb e paskan fituar p\u00ebr dallim nga oponent\u00ebt politik\u00eb.<\/p>\n<p>Duke u bazuar n\u00eb shkoll\u00ebn staliniste vot\u00ebpla\u00e7kit\u00ebsit e PDK-s\u00eb mund t\u00eb p\u00ebrs\u00ebrisin si papagaj se e kan\u00eb \u201ebesimin e popullin\u201c, por kjo rren\u00eb s\u2019b\u00ebhet kurr\u00eb e v\u00ebrtet\u00eb, as me bu\u00e7ima kafehanesh, as me thirrje d\u00ebshp\u00ebruese-byryt\u00ebse n\u00ebp\u00ebr forume interneti. Krahas budallall\u00ebqeve t\u00eb kamishave, llullave, \u00e7ibuk\u00ebve, cigarishteve dhe pipave t\u00eb duhanit mos t\u00eb harrojm\u00eb k\u00ebtu edhe suxhukun, suxhukometrin e shpikur n\u00eb rajonin e Klin\u00ebs, kamishometrin p\u00ebr matjen e koeficientit t\u00eb spiunazhit inekzistent, verometrin (\u201cver\u00eb Rahoveci, Shabaci apo Podgorice?\u201d), zvonkoveselinoviqometrin, naftometrin, kosovapetrolometrin dhe shum\u00eb metra t\u00eb tjera. K\u00ebshtu kalon koha jon\u00eb e \u00e7muar derisa t\u00eb tjer\u00ebt krijojn\u00eb fakte, nd\u00ebrsa PDK vjell\u00eb \u201cfokte\u201d e shpifje.<\/p>\n","protected":false},"excerpt":{"rendered":"<p>Nga Enver Robelli, 23 Shkurt 2012 Kamishiada mori fund. Prapa mbeti shija e keqe e rrenave, shpifjeve dhe spiunimit ilegal t\u00eb qytetar\u00ebve. K\u00ebt\u00eb lloj \u201cpolitike\u201d po e mb\u00ebshtet Partia Demokratike e Kosov\u00ebs (PDK). Kamishiada \u00ebsht\u00eb edhe nj\u00eb arsye m\u00eb shum\u00eb q\u00eb PDK t\u00eb zgjedh: a d\u00ebshiron t\u00eb jet\u00eb m\u00eb tutje parti jodemokratike apo subjekt politik [&hellip;]<\/p>\n","protected":false},"author":1,"featured_media":0,"comment_status":"open","ping_status":"closed","sticky":false,"template":"","format":"standard","meta":{"footnotes":""},"categories":[2],"tags":[],"class_list":{"0":"post-1933","1":"post","2":"type-post","3":"status-publish","4":"format-standard","6":"category-artikuj"},"yoast_head":"<!-- This site is optimized with the Yoast SEO plugin v27.4 - https:\/\/yoast.com\/product\/yoast-seo-wordpress\/ -->\n<title>Kur dhelpra kalli bishtin e vet - FjALA e LIR\u00cb - Arkivi<\/title>\n<meta name=\"robots\" content=\"index, follow, max-snippet:-1, max-image-preview:large, max-video-preview:-1\" \/>\n<link rel=\"canonical\" href=\"https:\/\/fjala.info\/2009-2015\/kur-dhelpra-kalli-bishtin-e-vet\/\" \/>\n<meta property=\"og:locale\" content=\"sq_AL\" \/>\n<meta property=\"og:type\" content=\"article\" \/>\n<meta property=\"og:title\" content=\"Kur dhelpra kalli bishtin e vet - FjALA e LIR\u00cb - Arkivi\" \/>\n<meta property=\"og:description\" content=\"Nga Enver Robelli, 23 Shkurt 2012 Kamishiada mori fund. Prapa mbeti shija e keqe e rrenave, shpifjeve dhe spiunimit ilegal t\u00eb qytetar\u00ebve. K\u00ebt\u00eb lloj \u201cpolitike\u201d po e mb\u00ebshtet Partia Demokratike e Kosov\u00ebs (PDK). Kamishiada \u00ebsht\u00eb edhe nj\u00eb arsye m\u00eb shum\u00eb q\u00eb PDK t\u00eb zgjedh: a d\u00ebshiron t\u00eb jet\u00eb m\u00eb tutje parti jodemokratike apo subjekt politik [&hellip;]\" \/>\n<meta property=\"og:url\" content=\"https:\/\/fjala.info\/2009-2015\/kur-dhelpra-kalli-bishtin-e-vet\/\" \/>\n<meta property=\"og:site_name\" content=\"FjALA e LIR\u00cb - Arkivi\" \/>\n<meta property=\"article:published_time\" content=\"2012-02-24T09:26:42+00:00\" \/>\n<meta property=\"og:image\" content=\"http:\/\/www.shkoder.net\/images\/fjala\/enver_robelli.jpg\" \/>\n<meta name=\"author\" content=\"admin\" \/>\n<meta name=\"twitter:card\" content=\"summary_large_image\" \/>\n<meta name=\"twitter:label1\" content=\"Written by\" \/>\n\t<meta name=\"twitter:data1\" content=\"admin\" \/>\n\t<meta name=\"twitter:label2\" content=\"Est. reading time\" \/>\n\t<meta name=\"twitter:data2\" content=\"9 minutes\" \/>\n<script type=\"application\/ld+json\" class=\"yoast-schema-graph\">{\"@context\":\"https:\\\/\\\/schema.org\",\"@graph\":[{\"@type\":\"Article\",\"@id\":\"https:\\\/\\\/fjala.info\\\/2009-2015\\\/kur-dhelpra-kalli-bishtin-e-vet\\\/#article\",\"isPartOf\":{\"@id\":\"https:\\\/\\\/fjala.info\\\/2009-2015\\\/kur-dhelpra-kalli-bishtin-e-vet\\\/\"},\"author\":{\"name\":\"admin\",\"@id\":\"https:\\\/\\\/fjala.info\\\/2009-2015\\\/#\\\/schema\\\/person\\\/3aa1163ef05469c496fc94e77611ada2\"},\"headline\":\"Kur dhelpra kalli bishtin e vet\",\"datePublished\":\"2012-02-24T09:26:42+00:00\",\"mainEntityOfPage\":{\"@id\":\"https:\\\/\\\/fjala.info\\\/2009-2015\\\/kur-dhelpra-kalli-bishtin-e-vet\\\/\"},\"wordCount\":1722,\"commentCount\":0,\"publisher\":{\"@id\":\"https:\\\/\\\/fjala.info\\\/2009-2015\\\/#organization\"},\"image\":{\"@id\":\"https:\\\/\\\/fjala.info\\\/2009-2015\\\/kur-dhelpra-kalli-bishtin-e-vet\\\/#primaryimage\"},\"thumbnailUrl\":\"http:\\\/\\\/www.shkoder.net\\\/images\\\/fjala\\\/enver_robelli.jpg\",\"articleSection\":[\"Artikuj\"],\"inLanguage\":\"sq-AL\",\"potentialAction\":[{\"@type\":\"CommentAction\",\"name\":\"Comment\",\"target\":[\"https:\\\/\\\/fjala.info\\\/2009-2015\\\/kur-dhelpra-kalli-bishtin-e-vet\\\/#respond\"]}]},{\"@type\":\"WebPage\",\"@id\":\"https:\\\/\\\/fjala.info\\\/2009-2015\\\/kur-dhelpra-kalli-bishtin-e-vet\\\/\",\"url\":\"https:\\\/\\\/fjala.info\\\/2009-2015\\\/kur-dhelpra-kalli-bishtin-e-vet\\\/\",\"name\":\"Kur dhelpra kalli bishtin e vet - FjALA e LIR\u00cb - Arkivi\",\"isPartOf\":{\"@id\":\"https:\\\/\\\/fjala.info\\\/2009-2015\\\/#website\"},\"primaryImageOfPage\":{\"@id\":\"https:\\\/\\\/fjala.info\\\/2009-2015\\\/kur-dhelpra-kalli-bishtin-e-vet\\\/#primaryimage\"},\"image\":{\"@id\":\"https:\\\/\\\/fjala.info\\\/2009-2015\\\/kur-dhelpra-kalli-bishtin-e-vet\\\/#primaryimage\"},\"thumbnailUrl\":\"http:\\\/\\\/www.shkoder.net\\\/images\\\/fjala\\\/enver_robelli.jpg\",\"datePublished\":\"2012-02-24T09:26:42+00:00\",\"breadcrumb\":{\"@id\":\"https:\\\/\\\/fjala.info\\\/2009-2015\\\/kur-dhelpra-kalli-bishtin-e-vet\\\/#breadcrumb\"},\"inLanguage\":\"sq-AL\",\"potentialAction\":[{\"@type\":\"ReadAction\",\"target\":[\"https:\\\/\\\/fjala.info\\\/2009-2015\\\/kur-dhelpra-kalli-bishtin-e-vet\\\/\"]}]},{\"@type\":\"ImageObject\",\"inLanguage\":\"sq-AL\",\"@id\":\"https:\\\/\\\/fjala.info\\\/2009-2015\\\/kur-dhelpra-kalli-bishtin-e-vet\\\/#primaryimage\",\"url\":\"http:\\\/\\\/www.shkoder.net\\\/images\\\/fjala\\\/enver_robelli.jpg\",\"contentUrl\":\"http:\\\/\\\/www.shkoder.net\\\/images\\\/fjala\\\/enver_robelli.jpg\"},{\"@type\":\"BreadcrumbList\",\"@id\":\"https:\\\/\\\/fjala.info\\\/2009-2015\\\/kur-dhelpra-kalli-bishtin-e-vet\\\/#breadcrumb\",\"itemListElement\":[{\"@type\":\"ListItem\",\"position\":1,\"name\":\"Home\",\"item\":\"https:\\\/\\\/fjala.info\\\/2009-2015\\\/\"},{\"@type\":\"ListItem\",\"position\":2,\"name\":\"Kur dhelpra kalli bishtin e vet\"}]},{\"@type\":\"WebSite\",\"@id\":\"https:\\\/\\\/fjala.info\\\/2009-2015\\\/#website\",\"url\":\"https:\\\/\\\/fjala.info\\\/2009-2015\\\/\",\"name\":\"FjALA e LIR\u00cb - Arkivi\",\"description\":\"Arkivi 2009-2015\",\"publisher\":{\"@id\":\"https:\\\/\\\/fjala.info\\\/2009-2015\\\/#organization\"},\"potentialAction\":[{\"@type\":\"SearchAction\",\"target\":{\"@type\":\"EntryPoint\",\"urlTemplate\":\"https:\\\/\\\/fjala.info\\\/2009-2015\\\/?s={search_term_string}\"},\"query-input\":{\"@type\":\"PropertyValueSpecification\",\"valueRequired\":true,\"valueName\":\"search_term_string\"}}],\"inLanguage\":\"sq-AL\"},{\"@type\":\"Organization\",\"@id\":\"https:\\\/\\\/fjala.info\\\/2009-2015\\\/#organization\",\"name\":\"FjALA e LIR\u00cb - Arkivi\",\"url\":\"https:\\\/\\\/fjala.info\\\/2009-2015\\\/\",\"logo\":{\"@type\":\"ImageObject\",\"inLanguage\":\"sq-AL\",\"@id\":\"https:\\\/\\\/fjala.info\\\/2009-2015\\\/#\\\/schema\\\/logo\\\/image\\\/\",\"url\":\"\",\"contentUrl\":\"\",\"caption\":\"FjALA e LIR\u00cb - Arkivi\"},\"image\":{\"@id\":\"https:\\\/\\\/fjala.info\\\/2009-2015\\\/#\\\/schema\\\/logo\\\/image\\\/\"}},{\"@type\":\"Person\",\"@id\":\"https:\\\/\\\/fjala.info\\\/2009-2015\\\/#\\\/schema\\\/person\\\/3aa1163ef05469c496fc94e77611ada2\",\"name\":\"admin\",\"image\":{\"@type\":\"ImageObject\",\"inLanguage\":\"sq-AL\",\"@id\":\"https:\\\/\\\/fjala.info\\\/2009-2015\\\/wp-content\\\/uploads\\\/2012\\\/02\\\/arben_cokaj-120x150.jpg\",\"url\":\"https:\\\/\\\/fjala.info\\\/2009-2015\\\/wp-content\\\/uploads\\\/2012\\\/02\\\/arben_cokaj-120x150.jpg\",\"contentUrl\":\"https:\\\/\\\/fjala.info\\\/2009-2015\\\/wp-content\\\/uploads\\\/2012\\\/02\\\/arben_cokaj-120x150.jpg\",\"caption\":\"admin\"},\"description\":\"Admin, Fjala e Lir\u00eb\",\"sameAs\":[\"https:\\\/\\\/fjala.info\\\/\"],\"url\":\"https:\\\/\\\/fjala.info\\\/2009-2015\\\/author\\\/admin\\\/\"}]}<\/script>\n<!-- \/ Yoast SEO plugin. -->","yoast_head_json":{"title":"Kur dhelpra kalli bishtin e vet - FjALA e LIR\u00cb - Arkivi","robots":{"index":"index","follow":"follow","max-snippet":"max-snippet:-1","max-image-preview":"max-image-preview:large","max-video-preview":"max-video-preview:-1"},"canonical":"https:\/\/fjala.info\/2009-2015\/kur-dhelpra-kalli-bishtin-e-vet\/","og_locale":"sq_AL","og_type":"article","og_title":"Kur dhelpra kalli bishtin e vet - FjALA e LIR\u00cb - Arkivi","og_description":"Nga Enver Robelli, 23 Shkurt 2012 Kamishiada mori fund. Prapa mbeti shija e keqe e rrenave, shpifjeve dhe spiunimit ilegal t\u00eb qytetar\u00ebve. K\u00ebt\u00eb lloj \u201cpolitike\u201d po e mb\u00ebshtet Partia Demokratike e Kosov\u00ebs (PDK). Kamishiada \u00ebsht\u00eb edhe nj\u00eb arsye m\u00eb shum\u00eb q\u00eb PDK t\u00eb zgjedh: a d\u00ebshiron t\u00eb jet\u00eb m\u00eb tutje parti jodemokratike apo subjekt politik [&hellip;]","og_url":"https:\/\/fjala.info\/2009-2015\/kur-dhelpra-kalli-bishtin-e-vet\/","og_site_name":"FjALA e LIR\u00cb - Arkivi","article_published_time":"2012-02-24T09:26:42+00:00","og_image":[{"url":"http:\/\/www.shkoder.net\/images\/fjala\/enver_robelli.jpg","type":"","width":"","height":""}],"author":"admin","twitter_card":"summary_large_image","twitter_misc":{"Written by":"admin","Est. reading time":"9 minutes"},"schema":{"@context":"https:\/\/schema.org","@graph":[{"@type":"Article","@id":"https:\/\/fjala.info\/2009-2015\/kur-dhelpra-kalli-bishtin-e-vet\/#article","isPartOf":{"@id":"https:\/\/fjala.info\/2009-2015\/kur-dhelpra-kalli-bishtin-e-vet\/"},"author":{"name":"admin","@id":"https:\/\/fjala.info\/2009-2015\/#\/schema\/person\/3aa1163ef05469c496fc94e77611ada2"},"headline":"Kur dhelpra kalli bishtin e vet","datePublished":"2012-02-24T09:26:42+00:00","mainEntityOfPage":{"@id":"https:\/\/fjala.info\/2009-2015\/kur-dhelpra-kalli-bishtin-e-vet\/"},"wordCount":1722,"commentCount":0,"publisher":{"@id":"https:\/\/fjala.info\/2009-2015\/#organization"},"image":{"@id":"https:\/\/fjala.info\/2009-2015\/kur-dhelpra-kalli-bishtin-e-vet\/#primaryimage"},"thumbnailUrl":"http:\/\/www.shkoder.net\/images\/fjala\/enver_robelli.jpg","articleSection":["Artikuj"],"inLanguage":"sq-AL","potentialAction":[{"@type":"CommentAction","name":"Comment","target":["https:\/\/fjala.info\/2009-2015\/kur-dhelpra-kalli-bishtin-e-vet\/#respond"]}]},{"@type":"WebPage","@id":"https:\/\/fjala.info\/2009-2015\/kur-dhelpra-kalli-bishtin-e-vet\/","url":"https:\/\/fjala.info\/2009-2015\/kur-dhelpra-kalli-bishtin-e-vet\/","name":"Kur dhelpra kalli bishtin e vet - FjALA e LIR\u00cb - Arkivi","isPartOf":{"@id":"https:\/\/fjala.info\/2009-2015\/#website"},"primaryImageOfPage":{"@id":"https:\/\/fjala.info\/2009-2015\/kur-dhelpra-kalli-bishtin-e-vet\/#primaryimage"},"image":{"@id":"https:\/\/fjala.info\/2009-2015\/kur-dhelpra-kalli-bishtin-e-vet\/#primaryimage"},"thumbnailUrl":"http:\/\/www.shkoder.net\/images\/fjala\/enver_robelli.jpg","datePublished":"2012-02-24T09:26:42+00:00","breadcrumb":{"@id":"https:\/\/fjala.info\/2009-2015\/kur-dhelpra-kalli-bishtin-e-vet\/#breadcrumb"},"inLanguage":"sq-AL","potentialAction":[{"@type":"ReadAction","target":["https:\/\/fjala.info\/2009-2015\/kur-dhelpra-kalli-bishtin-e-vet\/"]}]},{"@type":"ImageObject","inLanguage":"sq-AL","@id":"https:\/\/fjala.info\/2009-2015\/kur-dhelpra-kalli-bishtin-e-vet\/#primaryimage","url":"http:\/\/www.shkoder.net\/images\/fjala\/enver_robelli.jpg","contentUrl":"http:\/\/www.shkoder.net\/images\/fjala\/enver_robelli.jpg"},{"@type":"BreadcrumbList","@id":"https:\/\/fjala.info\/2009-2015\/kur-dhelpra-kalli-bishtin-e-vet\/#breadcrumb","itemListElement":[{"@type":"ListItem","position":1,"name":"Home","item":"https:\/\/fjala.info\/2009-2015\/"},{"@type":"ListItem","position":2,"name":"Kur dhelpra kalli bishtin e vet"}]},{"@type":"WebSite","@id":"https:\/\/fjala.info\/2009-2015\/#website","url":"https:\/\/fjala.info\/2009-2015\/","name":"FjALA e LIR\u00cb - Arkivi","description":"Arkivi 2009-2015","publisher":{"@id":"https:\/\/fjala.info\/2009-2015\/#organization"},"potentialAction":[{"@type":"SearchAction","target":{"@type":"EntryPoint","urlTemplate":"https:\/\/fjala.info\/2009-2015\/?s={search_term_string}"},"query-input":{"@type":"PropertyValueSpecification","valueRequired":true,"valueName":"search_term_string"}}],"inLanguage":"sq-AL"},{"@type":"Organization","@id":"https:\/\/fjala.info\/2009-2015\/#organization","name":"FjALA e LIR\u00cb - Arkivi","url":"https:\/\/fjala.info\/2009-2015\/","logo":{"@type":"ImageObject","inLanguage":"sq-AL","@id":"https:\/\/fjala.info\/2009-2015\/#\/schema\/logo\/image\/","url":"","contentUrl":"","caption":"FjALA e LIR\u00cb - Arkivi"},"image":{"@id":"https:\/\/fjala.info\/2009-2015\/#\/schema\/logo\/image\/"}},{"@type":"Person","@id":"https:\/\/fjala.info\/2009-2015\/#\/schema\/person\/3aa1163ef05469c496fc94e77611ada2","name":"admin","image":{"@type":"ImageObject","inLanguage":"sq-AL","@id":"https:\/\/fjala.info\/2009-2015\/wp-content\/uploads\/2012\/02\/arben_cokaj-120x150.jpg","url":"https:\/\/fjala.info\/2009-2015\/wp-content\/uploads\/2012\/02\/arben_cokaj-120x150.jpg","contentUrl":"https:\/\/fjala.info\/2009-2015\/wp-content\/uploads\/2012\/02\/arben_cokaj-120x150.jpg","caption":"admin"},"description":"Admin, Fjala e Lir\u00eb","sameAs":["https:\/\/fjala.info\/"],"url":"https:\/\/fjala.info\/2009-2015\/author\/admin\/"}]}},"_links":{"self":[{"href":"https:\/\/fjala.info\/2009-2015\/wp-json\/wp\/v2\/posts\/1933","targetHints":{"allow":["GET"]}}],"collection":[{"href":"https:\/\/fjala.info\/2009-2015\/wp-json\/wp\/v2\/posts"}],"about":[{"href":"https:\/\/fjala.info\/2009-2015\/wp-json\/wp\/v2\/types\/post"}],"author":[{"embeddable":true,"href":"https:\/\/fjala.info\/2009-2015\/wp-json\/wp\/v2\/users\/1"}],"replies":[{"embeddable":true,"href":"https:\/\/fjala.info\/2009-2015\/wp-json\/wp\/v2\/comments?post=1933"}],"version-history":[{"count":0,"href":"https:\/\/fjala.info\/2009-2015\/wp-json\/wp\/v2\/posts\/1933\/revisions"}],"wp:attachment":[{"href":"https:\/\/fjala.info\/2009-2015\/wp-json\/wp\/v2\/media?parent=1933"}],"wp:term":[{"taxonomy":"category","embeddable":true,"href":"https:\/\/fjala.info\/2009-2015\/wp-json\/wp\/v2\/categories?post=1933"},{"taxonomy":"post_tag","embeddable":true,"href":"https:\/\/fjala.info\/2009-2015\/wp-json\/wp\/v2\/tags?post=1933"}],"curies":[{"name":"wp","href":"https:\/\/api.w.org\/{rel}","templated":true}]}}