{"id":192,"date":"2011-11-17T06:18:59","date_gmt":"2011-11-17T05:18:59","guid":{"rendered":"http:\/\/fjala.shkoder.net\/?p=192"},"modified":"2011-11-17T06:18:59","modified_gmt":"2011-11-17T05:18:59","slug":"konference-per-dy-pervjetore-itali-shqiperi","status":"publish","type":"post","link":"https:\/\/fjala.info\/2009-2015\/konference-per-dy-pervjetore-itali-shqiperi\/","title":{"rendered":"Konferenc\u00eb p\u00ebr dy p\u00ebrvjetore : Itali &#8211; Shqip\u00ebri"},"content":{"rendered":"<p><img decoding=\"async\" class=\"alignright size-thumbnail wp-image-7236\" title=\"Arjan Th. Kall\u00e7o\" src=\"http:\/\/www.shkoder.net\/images\/fjala\/2011\/arjan_kallco.jpg\" alt=\"\" width=\"150\" \/> <strong>Arjan Th. Kall\u00e7o<\/strong><br \/>\n<em>Tiran\u00eb, 12 n\u00ebntor 2011<\/em><\/p>\n<p>Nuk ndodh shpesh q\u00eb t\u00eb marr\u00ebsh pjes\u00eb n\u00eb dy veprimtari kaq t\u00eb m\u00ebdha, q\u00eb koin\u00e7idojn\u00eb me dy g\u00ebzime n\u00eb nj\u00eb dit\u00eb : konferenca dydrejtimshme organizuar n\u00eb t\u00eb nj\u00ebjt\u00ebn nd\u00ebrtes\u00eb, ku kishte hapur dyert edhe panairi i p\u00ebrvitsh\u00ebm i librit.<\/p>\n<p>Ishte nj\u00eb gjetje tep\u00ebr e arrir\u00eb q\u00eb s\u00eb paku krijoi premisat q\u00eb p\u00ebrvjetor\u00ebt mund t\u00eb festohen edhe duke sjell\u00eb n\u00eb tryeza libra q\u00eb flasin p\u00ebr k\u00ebto ngjarje madhore t\u00eb kombeve, por edhe gjinin\u00eb letrare, t\u00eb shum\u00eb e shum\u00eb shkrimtar\u00ebve t\u00eb shquar bot\u00ebror\u00eb, por edhe vendas. Nj\u00eb kombinim koh\u00ebsh, epokash, vendesh. Historit\u00eb gjithmon\u00eb e kan\u00eb nj\u00eb pik\u00eblidhje me gjitonwt, lidhje q\u00eb nuk mund t\u00eb harrohen kurr\u00eb prej historive p\u00ebrkat\u00ebse. Pik\u00ebrisht p\u00ebr k\u00ebto lidhje t\u00eb gjera dhe t\u00eb lashta, un\u00eb do t\u00eb propozoja nj\u00eb monument apo p\u00ebrmendore q\u00eb t\u00eb jet\u00eb simboli m\u00eb i qart\u00eb i miq\u00ebsis\u00eb midis dy popujve dhe dy vendeve, pik\u00ebrisht n\u00eb zem\u00ebr t\u00eb Shqip\u00ebris\u00eb, n\u00eb Tiran\u00eb.<\/p>\n<p>K\u00ebt\u00eb vit kemi patur rastin q\u00eb t\u00eb jemi d\u00ebshmimtar\u00eb t\u00eb festimeve t\u00eb nj\u00eb p\u00ebrvjetori t\u00eb r\u00ebnd\u00ebsish\u00ebm t\u00eb vendit fqinj, Italis\u00eb me rastin e 150 vjetrit t\u00eb Bashkimit, festime q\u00eb n\u00eb shum\u00eb raste i nderuam ftesat e b\u00ebra, me kumtesa q\u00eb lidhen me historin\u00eb dhe kultur\u00ebn e mikes son\u00eb t\u00eb p\u00ebrhershme. \u00cbsht\u00eb rasti i mir\u00eb q\u00eb edhe ne vitin e ardhsh\u00ebm t\u00eb tregojm\u00eb t\u00eb nj\u00ebjtin seriozitet dhe p\u00ebrkushtim p\u00ebr nj\u00ebrin nga P\u00ebrvjetor\u00ebt m\u00eb t\u00eb ndritur t\u00eb Historis\u00eb son\u00eb Komb\u00ebtare. Kemi koh\u00eb q\u00eb t\u00eb tregojm\u00eb shembullin m\u00eb t\u00eb mir\u00eb t\u00eb nj\u00eb kombi q\u00eb n\u00eb p\u00ebrvjetor\u00eb t\u00eb till\u00eb \u00ebsht\u00eb i gjithi i bashkuar, aty n\u00eb qytetin e mrekulluesh\u00ebm t\u00eb Vlor\u00ebs. Nuk mund t\u00eb festohet nj\u00eb dit\u00eb e till\u00eb me inatet e politik\u00ebs s\u00eb ndarjes dhe p\u00ebr\u00e7arjes.<\/p>\n<p>Idet\u00eb p\u00ebr nj\u00eb momument t\u00eb dyt\u00eb t\u00eb Pavar\u00ebsis\u00eb son\u00eb jan\u00eb tep\u00ebr t\u00eb kamufluara, synimi \u00ebsht\u00eb i larg\u00ebt, uroj ta kem gabim, q\u00eb nj\u00eb pjes\u00eb e politik\u00ebs, \u201c e rr\u00ebzuar\u201d posht\u00eb nga p\u00ebrpjekjet e saj p\u00ebr ta ndar\u00eb vendin me dy qytete me dy flamur\u00eb, t\u00eb mos shkoj\u00eb n\u00eb Vlor\u00eb, por t\u2019i b\u00ebj\u00eb karshill\u00ebk asaj, pik\u00ebrisht n\u00eb dit\u00ebn kur Vlora shkroi Historin\u00eb (p\u00ebr inat t\u00eb sime vjerre\u2026)<\/p>\n<p>Konferenca e organizuar nga Ambasada Italiane n\u00eb Tiran\u00eb nuk kishte vet\u00ebm nj\u00ebr\u00ebn an\u00eb, nj\u00ebrin krah t\u00eb fluturimit ton\u00eb europian, at\u00eb t\u00eb evidentimit t\u00eb Kontributit t\u00eb madh t\u00eb arb\u00ebresh\u00ebve n\u00eb Bashkimin e vendit, por ishte dhe ana tjet\u00ebr, krahu i dyt\u00eb, n\u00eb unison me 100 vjetorin e Rilindjes s\u00eb Shqip\u00ebris\u00eb. I ngjan flamurit ton\u00eb me dy koka dhe Ambasada e realizoi fort mir\u00eb, duke na b\u00ebr\u00eb pjes\u00eb t\u00eb saj. Miket e mira nuk e ndajn\u00eb asnj\u00ebher\u00eb miken e zemr\u00ebs n\u00eb dit\u00eb t\u00eb bardha dhe t\u00eb zeza.<\/p>\n<p>N\u00eb ceremonin\u00eb e rastit, ambasadori D\u2019Elia i dhuroi Pralamentit shqiptar librat q\u00eb Senati Italian kishte d\u00ebrguar me k\u00ebt\u00eb rast, n\u00eb kujtim t\u00eb Paolo Pet\u00ebs, funksionarit arb\u00ebresh t\u00eb tij. M\u00eb pas n\u00eb kumtesat e shumta t\u00eb miqve italian\u00eb ose m\u00eb sakt\u00eb arb\u00ebresho-italian\u00eb dhe shqiptar\u00eb, u vu n\u00eb pah kontributi i arb\u00ebresh\u00ebve, i Kolegjit t\u00eb Sh\u00ebn Adrianit dhe i shum\u00eb patriot\u00ebve t\u00eb tjer\u00eb, n\u00eb Bashkimin e vendit si dhe n\u00eb ve\u00e7anti ai i Paskuale Skur\u00ebs, Terencio To\u00e7it si dy misionar\u00eb midis dy brigjeve. Hijeshin\u00eb ia shton m\u00eb tej sofra arb\u00ebreshe q\u00eb kishte sjell\u00eb produktet tipike n\u00eb tryez\u00ebn e madhe t\u00eb unitetit midis popujve para fateve t\u00eb p\u00ebrbashk\u00ebta.<\/p>\n<p>Pas konferenc\u00ebs kishe koh\u00eb edhe t\u2019i hidhje nj\u00eb sy apo t\u00eb ndaleshe e t\u00eb blije libra nga tendat q\u00eb e kishin mbushur plot hollin e Pallatit t\u00eb Kongreseve, edhe pse shpesh n\u00eb panaire t\u00eb tilla, shumic\u00ebs s\u00eb popullsis\u00eb i duhet t\u00eb mendohet mir\u00eb para se t\u00eb mendoj\u00eb q\u00eb t\u00eb blej\u00eb librat e botuar. Pritja p\u00ebr k\u00ebt\u00eb panair kishte ngjallur shum\u00eb k\u00ebrsh\u00ebri tek lexuesit, pasi edhe n\u00eb ekranet dhe reklamat, po shfaqeshin idet\u00eb dhe mendimet e para t\u00eb disa librave t\u00eb shum\u00ebpritur. A e p\u00ebrmbush\u00ebn at\u00eb k\u00ebrsh\u00ebri librat e botuar dhe t\u00eb ekspozuar, k\u00ebt\u00eb po ia l\u00ebm\u00eb koh\u00ebs q\u00eb ta gjykoj\u00eb, pasi do t\u00eb ket\u00eb edhe reagime t\u00eb tjera mbi cil\u00ebsin\u00eb dhe p\u00ebrmbajtjen e tyre. Por duhet theksuar se vizitor\u00ebt ishin t\u00eb shumt\u00eb dhe pati edhe nj\u00eb paraqitje dinjitoze t\u00eb shum\u00eb sht\u00ebpive botuese. Tash m\u00eb t\u00eb konfirmuarat jan\u00eb lider t\u00eb botimeve, por problem kryesor mbetet \u00e7mimi me t\u00eb cilat librat i ofrohen publikut.<\/p>\n","protected":false},"excerpt":{"rendered":"<p>Arjan Th. Kall\u00e7o Tiran\u00eb, 12 n\u00ebntor 2011 Nuk ndodh shpesh q\u00eb t\u00eb marr\u00ebsh pjes\u00eb n\u00eb dy veprimtari kaq t\u00eb m\u00ebdha, q\u00eb koin\u00e7idojn\u00eb me dy g\u00ebzime n\u00eb nj\u00eb dit\u00eb : konferenca dydrejtimshme organizuar n\u00eb t\u00eb nj\u00ebjt\u00ebn nd\u00ebrtes\u00eb, ku kishte hapur dyert edhe panairi i p\u00ebrvitsh\u00ebm i librit. Ishte nj\u00eb gjetje tep\u00ebr e arrir\u00eb q\u00eb s\u00eb paku [&hellip;]<\/p>\n","protected":false},"author":1,"featured_media":0,"comment_status":"open","ping_status":"closed","sticky":false,"template":"","format":"standard","meta":{"footnotes":""},"categories":[2],"tags":[],"class_list":{"0":"post-192","1":"post","2":"type-post","3":"status-publish","4":"format-standard","6":"category-artikuj"},"yoast_head":"<!-- This site is optimized with the Yoast SEO plugin v27.4 - https:\/\/yoast.com\/product\/yoast-seo-wordpress\/ -->\n<title>Konferenc\u00eb p\u00ebr dy p\u00ebrvjetore : Itali - Shqip\u00ebri - FjALA e LIR\u00cb - Arkivi<\/title>\n<meta name=\"robots\" content=\"index, follow, max-snippet:-1, max-image-preview:large, max-video-preview:-1\" \/>\n<link rel=\"canonical\" href=\"https:\/\/fjala.info\/2009-2015\/konference-per-dy-pervjetore-itali-shqiperi\/\" \/>\n<meta property=\"og:locale\" content=\"sq_AL\" \/>\n<meta property=\"og:type\" content=\"article\" \/>\n<meta property=\"og:title\" content=\"Konferenc\u00eb p\u00ebr dy p\u00ebrvjetore : Itali - Shqip\u00ebri - FjALA e LIR\u00cb - Arkivi\" \/>\n<meta property=\"og:description\" content=\"Arjan Th. Kall\u00e7o Tiran\u00eb, 12 n\u00ebntor 2011 Nuk ndodh shpesh q\u00eb t\u00eb marr\u00ebsh pjes\u00eb n\u00eb dy veprimtari kaq t\u00eb m\u00ebdha, q\u00eb koin\u00e7idojn\u00eb me dy g\u00ebzime n\u00eb nj\u00eb dit\u00eb : konferenca dydrejtimshme organizuar n\u00eb t\u00eb nj\u00ebjt\u00ebn nd\u00ebrtes\u00eb, ku kishte hapur dyert edhe panairi i p\u00ebrvitsh\u00ebm i librit. Ishte nj\u00eb gjetje tep\u00ebr e arrir\u00eb q\u00eb s\u00eb paku [&hellip;]\" \/>\n<meta property=\"og:url\" content=\"https:\/\/fjala.info\/2009-2015\/konference-per-dy-pervjetore-itali-shqiperi\/\" \/>\n<meta property=\"og:site_name\" content=\"FjALA e LIR\u00cb - Arkivi\" \/>\n<meta property=\"article:published_time\" content=\"2011-11-17T05:18:59+00:00\" \/>\n<meta property=\"og:image\" content=\"http:\/\/www.shkoder.net\/images\/fjala\/2011\/arjan_kallco.jpg\" \/>\n<meta name=\"author\" content=\"admin\" \/>\n<meta name=\"twitter:card\" content=\"summary_large_image\" \/>\n<meta name=\"twitter:label1\" content=\"Written by\" \/>\n\t<meta name=\"twitter:data1\" content=\"admin\" \/>\n\t<meta name=\"twitter:label2\" content=\"Est. reading time\" \/>\n\t<meta name=\"twitter:data2\" content=\"4 minutes\" \/>\n<script type=\"application\/ld+json\" class=\"yoast-schema-graph\">{\"@context\":\"https:\\\/\\\/schema.org\",\"@graph\":[{\"@type\":\"Article\",\"@id\":\"https:\\\/\\\/fjala.info\\\/2009-2015\\\/konference-per-dy-pervjetore-itali-shqiperi\\\/#article\",\"isPartOf\":{\"@id\":\"https:\\\/\\\/fjala.info\\\/2009-2015\\\/konference-per-dy-pervjetore-itali-shqiperi\\\/\"},\"author\":{\"name\":\"admin\",\"@id\":\"https:\\\/\\\/fjala.info\\\/2009-2015\\\/#\\\/schema\\\/person\\\/3aa1163ef05469c496fc94e77611ada2\"},\"headline\":\"Konferenc\u00eb p\u00ebr dy p\u00ebrvjetore : Itali &#8211; Shqip\u00ebri\",\"datePublished\":\"2011-11-17T05:18:59+00:00\",\"mainEntityOfPage\":{\"@id\":\"https:\\\/\\\/fjala.info\\\/2009-2015\\\/konference-per-dy-pervjetore-itali-shqiperi\\\/\"},\"wordCount\":802,\"commentCount\":0,\"publisher\":{\"@id\":\"https:\\\/\\\/fjala.info\\\/2009-2015\\\/#organization\"},\"image\":{\"@id\":\"https:\\\/\\\/fjala.info\\\/2009-2015\\\/konference-per-dy-pervjetore-itali-shqiperi\\\/#primaryimage\"},\"thumbnailUrl\":\"http:\\\/\\\/www.shkoder.net\\\/images\\\/fjala\\\/2011\\\/arjan_kallco.jpg\",\"articleSection\":[\"Artikuj\"],\"inLanguage\":\"sq-AL\",\"potentialAction\":[{\"@type\":\"CommentAction\",\"name\":\"Comment\",\"target\":[\"https:\\\/\\\/fjala.info\\\/2009-2015\\\/konference-per-dy-pervjetore-itali-shqiperi\\\/#respond\"]}]},{\"@type\":\"WebPage\",\"@id\":\"https:\\\/\\\/fjala.info\\\/2009-2015\\\/konference-per-dy-pervjetore-itali-shqiperi\\\/\",\"url\":\"https:\\\/\\\/fjala.info\\\/2009-2015\\\/konference-per-dy-pervjetore-itali-shqiperi\\\/\",\"name\":\"Konferenc\u00eb p\u00ebr dy p\u00ebrvjetore : Itali - Shqip\u00ebri - FjALA e LIR\u00cb - Arkivi\",\"isPartOf\":{\"@id\":\"https:\\\/\\\/fjala.info\\\/2009-2015\\\/#website\"},\"primaryImageOfPage\":{\"@id\":\"https:\\\/\\\/fjala.info\\\/2009-2015\\\/konference-per-dy-pervjetore-itali-shqiperi\\\/#primaryimage\"},\"image\":{\"@id\":\"https:\\\/\\\/fjala.info\\\/2009-2015\\\/konference-per-dy-pervjetore-itali-shqiperi\\\/#primaryimage\"},\"thumbnailUrl\":\"http:\\\/\\\/www.shkoder.net\\\/images\\\/fjala\\\/2011\\\/arjan_kallco.jpg\",\"datePublished\":\"2011-11-17T05:18:59+00:00\",\"breadcrumb\":{\"@id\":\"https:\\\/\\\/fjala.info\\\/2009-2015\\\/konference-per-dy-pervjetore-itali-shqiperi\\\/#breadcrumb\"},\"inLanguage\":\"sq-AL\",\"potentialAction\":[{\"@type\":\"ReadAction\",\"target\":[\"https:\\\/\\\/fjala.info\\\/2009-2015\\\/konference-per-dy-pervjetore-itali-shqiperi\\\/\"]}]},{\"@type\":\"ImageObject\",\"inLanguage\":\"sq-AL\",\"@id\":\"https:\\\/\\\/fjala.info\\\/2009-2015\\\/konference-per-dy-pervjetore-itali-shqiperi\\\/#primaryimage\",\"url\":\"http:\\\/\\\/www.shkoder.net\\\/images\\\/fjala\\\/2011\\\/arjan_kallco.jpg\",\"contentUrl\":\"http:\\\/\\\/www.shkoder.net\\\/images\\\/fjala\\\/2011\\\/arjan_kallco.jpg\"},{\"@type\":\"BreadcrumbList\",\"@id\":\"https:\\\/\\\/fjala.info\\\/2009-2015\\\/konference-per-dy-pervjetore-itali-shqiperi\\\/#breadcrumb\",\"itemListElement\":[{\"@type\":\"ListItem\",\"position\":1,\"name\":\"Home\",\"item\":\"https:\\\/\\\/fjala.info\\\/2009-2015\\\/\"},{\"@type\":\"ListItem\",\"position\":2,\"name\":\"Konferenc\u00eb p\u00ebr dy p\u00ebrvjetore : Itali &#8211; Shqip\u00ebri\"}]},{\"@type\":\"WebSite\",\"@id\":\"https:\\\/\\\/fjala.info\\\/2009-2015\\\/#website\",\"url\":\"https:\\\/\\\/fjala.info\\\/2009-2015\\\/\",\"name\":\"FjALA e LIR\u00cb - Arkivi\",\"description\":\"Arkivi 2009-2015\",\"publisher\":{\"@id\":\"https:\\\/\\\/fjala.info\\\/2009-2015\\\/#organization\"},\"potentialAction\":[{\"@type\":\"SearchAction\",\"target\":{\"@type\":\"EntryPoint\",\"urlTemplate\":\"https:\\\/\\\/fjala.info\\\/2009-2015\\\/?s={search_term_string}\"},\"query-input\":{\"@type\":\"PropertyValueSpecification\",\"valueRequired\":true,\"valueName\":\"search_term_string\"}}],\"inLanguage\":\"sq-AL\"},{\"@type\":\"Organization\",\"@id\":\"https:\\\/\\\/fjala.info\\\/2009-2015\\\/#organization\",\"name\":\"FjALA e LIR\u00cb - Arkivi\",\"url\":\"https:\\\/\\\/fjala.info\\\/2009-2015\\\/\",\"logo\":{\"@type\":\"ImageObject\",\"inLanguage\":\"sq-AL\",\"@id\":\"https:\\\/\\\/fjala.info\\\/2009-2015\\\/#\\\/schema\\\/logo\\\/image\\\/\",\"url\":\"\",\"contentUrl\":\"\",\"caption\":\"FjALA e LIR\u00cb - Arkivi\"},\"image\":{\"@id\":\"https:\\\/\\\/fjala.info\\\/2009-2015\\\/#\\\/schema\\\/logo\\\/image\\\/\"}},{\"@type\":\"Person\",\"@id\":\"https:\\\/\\\/fjala.info\\\/2009-2015\\\/#\\\/schema\\\/person\\\/3aa1163ef05469c496fc94e77611ada2\",\"name\":\"admin\",\"image\":{\"@type\":\"ImageObject\",\"inLanguage\":\"sq-AL\",\"@id\":\"https:\\\/\\\/fjala.info\\\/2009-2015\\\/wp-content\\\/uploads\\\/2012\\\/02\\\/arben_cokaj-120x150.jpg\",\"url\":\"https:\\\/\\\/fjala.info\\\/2009-2015\\\/wp-content\\\/uploads\\\/2012\\\/02\\\/arben_cokaj-120x150.jpg\",\"contentUrl\":\"https:\\\/\\\/fjala.info\\\/2009-2015\\\/wp-content\\\/uploads\\\/2012\\\/02\\\/arben_cokaj-120x150.jpg\",\"caption\":\"admin\"},\"description\":\"Admin, Fjala e Lir\u00eb\",\"sameAs\":[\"https:\\\/\\\/fjala.info\\\/\"],\"url\":\"https:\\\/\\\/fjala.info\\\/2009-2015\\\/author\\\/admin\\\/\"}]}<\/script>\n<!-- \/ Yoast SEO plugin. -->","yoast_head_json":{"title":"Konferenc\u00eb p\u00ebr dy p\u00ebrvjetore : Itali - Shqip\u00ebri - FjALA e LIR\u00cb - Arkivi","robots":{"index":"index","follow":"follow","max-snippet":"max-snippet:-1","max-image-preview":"max-image-preview:large","max-video-preview":"max-video-preview:-1"},"canonical":"https:\/\/fjala.info\/2009-2015\/konference-per-dy-pervjetore-itali-shqiperi\/","og_locale":"sq_AL","og_type":"article","og_title":"Konferenc\u00eb p\u00ebr dy p\u00ebrvjetore : Itali - Shqip\u00ebri - FjALA e LIR\u00cb - Arkivi","og_description":"Arjan Th. Kall\u00e7o Tiran\u00eb, 12 n\u00ebntor 2011 Nuk ndodh shpesh q\u00eb t\u00eb marr\u00ebsh pjes\u00eb n\u00eb dy veprimtari kaq t\u00eb m\u00ebdha, q\u00eb koin\u00e7idojn\u00eb me dy g\u00ebzime n\u00eb nj\u00eb dit\u00eb : konferenca dydrejtimshme organizuar n\u00eb t\u00eb nj\u00ebjt\u00ebn nd\u00ebrtes\u00eb, ku kishte hapur dyert edhe panairi i p\u00ebrvitsh\u00ebm i librit. Ishte nj\u00eb gjetje tep\u00ebr e arrir\u00eb q\u00eb s\u00eb paku [&hellip;]","og_url":"https:\/\/fjala.info\/2009-2015\/konference-per-dy-pervjetore-itali-shqiperi\/","og_site_name":"FjALA e LIR\u00cb - Arkivi","article_published_time":"2011-11-17T05:18:59+00:00","og_image":[{"url":"http:\/\/www.shkoder.net\/images\/fjala\/2011\/arjan_kallco.jpg","type":"","width":"","height":""}],"author":"admin","twitter_card":"summary_large_image","twitter_misc":{"Written by":"admin","Est. reading time":"4 minutes"},"schema":{"@context":"https:\/\/schema.org","@graph":[{"@type":"Article","@id":"https:\/\/fjala.info\/2009-2015\/konference-per-dy-pervjetore-itali-shqiperi\/#article","isPartOf":{"@id":"https:\/\/fjala.info\/2009-2015\/konference-per-dy-pervjetore-itali-shqiperi\/"},"author":{"name":"admin","@id":"https:\/\/fjala.info\/2009-2015\/#\/schema\/person\/3aa1163ef05469c496fc94e77611ada2"},"headline":"Konferenc\u00eb p\u00ebr dy p\u00ebrvjetore : Itali &#8211; Shqip\u00ebri","datePublished":"2011-11-17T05:18:59+00:00","mainEntityOfPage":{"@id":"https:\/\/fjala.info\/2009-2015\/konference-per-dy-pervjetore-itali-shqiperi\/"},"wordCount":802,"commentCount":0,"publisher":{"@id":"https:\/\/fjala.info\/2009-2015\/#organization"},"image":{"@id":"https:\/\/fjala.info\/2009-2015\/konference-per-dy-pervjetore-itali-shqiperi\/#primaryimage"},"thumbnailUrl":"http:\/\/www.shkoder.net\/images\/fjala\/2011\/arjan_kallco.jpg","articleSection":["Artikuj"],"inLanguage":"sq-AL","potentialAction":[{"@type":"CommentAction","name":"Comment","target":["https:\/\/fjala.info\/2009-2015\/konference-per-dy-pervjetore-itali-shqiperi\/#respond"]}]},{"@type":"WebPage","@id":"https:\/\/fjala.info\/2009-2015\/konference-per-dy-pervjetore-itali-shqiperi\/","url":"https:\/\/fjala.info\/2009-2015\/konference-per-dy-pervjetore-itali-shqiperi\/","name":"Konferenc\u00eb p\u00ebr dy p\u00ebrvjetore : Itali - Shqip\u00ebri - FjALA e LIR\u00cb - Arkivi","isPartOf":{"@id":"https:\/\/fjala.info\/2009-2015\/#website"},"primaryImageOfPage":{"@id":"https:\/\/fjala.info\/2009-2015\/konference-per-dy-pervjetore-itali-shqiperi\/#primaryimage"},"image":{"@id":"https:\/\/fjala.info\/2009-2015\/konference-per-dy-pervjetore-itali-shqiperi\/#primaryimage"},"thumbnailUrl":"http:\/\/www.shkoder.net\/images\/fjala\/2011\/arjan_kallco.jpg","datePublished":"2011-11-17T05:18:59+00:00","breadcrumb":{"@id":"https:\/\/fjala.info\/2009-2015\/konference-per-dy-pervjetore-itali-shqiperi\/#breadcrumb"},"inLanguage":"sq-AL","potentialAction":[{"@type":"ReadAction","target":["https:\/\/fjala.info\/2009-2015\/konference-per-dy-pervjetore-itali-shqiperi\/"]}]},{"@type":"ImageObject","inLanguage":"sq-AL","@id":"https:\/\/fjala.info\/2009-2015\/konference-per-dy-pervjetore-itali-shqiperi\/#primaryimage","url":"http:\/\/www.shkoder.net\/images\/fjala\/2011\/arjan_kallco.jpg","contentUrl":"http:\/\/www.shkoder.net\/images\/fjala\/2011\/arjan_kallco.jpg"},{"@type":"BreadcrumbList","@id":"https:\/\/fjala.info\/2009-2015\/konference-per-dy-pervjetore-itali-shqiperi\/#breadcrumb","itemListElement":[{"@type":"ListItem","position":1,"name":"Home","item":"https:\/\/fjala.info\/2009-2015\/"},{"@type":"ListItem","position":2,"name":"Konferenc\u00eb p\u00ebr dy p\u00ebrvjetore : Itali &#8211; Shqip\u00ebri"}]},{"@type":"WebSite","@id":"https:\/\/fjala.info\/2009-2015\/#website","url":"https:\/\/fjala.info\/2009-2015\/","name":"FjALA e LIR\u00cb - Arkivi","description":"Arkivi 2009-2015","publisher":{"@id":"https:\/\/fjala.info\/2009-2015\/#organization"},"potentialAction":[{"@type":"SearchAction","target":{"@type":"EntryPoint","urlTemplate":"https:\/\/fjala.info\/2009-2015\/?s={search_term_string}"},"query-input":{"@type":"PropertyValueSpecification","valueRequired":true,"valueName":"search_term_string"}}],"inLanguage":"sq-AL"},{"@type":"Organization","@id":"https:\/\/fjala.info\/2009-2015\/#organization","name":"FjALA e LIR\u00cb - Arkivi","url":"https:\/\/fjala.info\/2009-2015\/","logo":{"@type":"ImageObject","inLanguage":"sq-AL","@id":"https:\/\/fjala.info\/2009-2015\/#\/schema\/logo\/image\/","url":"","contentUrl":"","caption":"FjALA e LIR\u00cb - Arkivi"},"image":{"@id":"https:\/\/fjala.info\/2009-2015\/#\/schema\/logo\/image\/"}},{"@type":"Person","@id":"https:\/\/fjala.info\/2009-2015\/#\/schema\/person\/3aa1163ef05469c496fc94e77611ada2","name":"admin","image":{"@type":"ImageObject","inLanguage":"sq-AL","@id":"https:\/\/fjala.info\/2009-2015\/wp-content\/uploads\/2012\/02\/arben_cokaj-120x150.jpg","url":"https:\/\/fjala.info\/2009-2015\/wp-content\/uploads\/2012\/02\/arben_cokaj-120x150.jpg","contentUrl":"https:\/\/fjala.info\/2009-2015\/wp-content\/uploads\/2012\/02\/arben_cokaj-120x150.jpg","caption":"admin"},"description":"Admin, Fjala e Lir\u00eb","sameAs":["https:\/\/fjala.info\/"],"url":"https:\/\/fjala.info\/2009-2015\/author\/admin\/"}]}},"_links":{"self":[{"href":"https:\/\/fjala.info\/2009-2015\/wp-json\/wp\/v2\/posts\/192","targetHints":{"allow":["GET"]}}],"collection":[{"href":"https:\/\/fjala.info\/2009-2015\/wp-json\/wp\/v2\/posts"}],"about":[{"href":"https:\/\/fjala.info\/2009-2015\/wp-json\/wp\/v2\/types\/post"}],"author":[{"embeddable":true,"href":"https:\/\/fjala.info\/2009-2015\/wp-json\/wp\/v2\/users\/1"}],"replies":[{"embeddable":true,"href":"https:\/\/fjala.info\/2009-2015\/wp-json\/wp\/v2\/comments?post=192"}],"version-history":[{"count":0,"href":"https:\/\/fjala.info\/2009-2015\/wp-json\/wp\/v2\/posts\/192\/revisions"}],"wp:attachment":[{"href":"https:\/\/fjala.info\/2009-2015\/wp-json\/wp\/v2\/media?parent=192"}],"wp:term":[{"taxonomy":"category","embeddable":true,"href":"https:\/\/fjala.info\/2009-2015\/wp-json\/wp\/v2\/categories?post=192"},{"taxonomy":"post_tag","embeddable":true,"href":"https:\/\/fjala.info\/2009-2015\/wp-json\/wp\/v2\/tags?post=192"}],"curies":[{"name":"wp","href":"https:\/\/api.w.org\/{rel}","templated":true}]}}