{"id":1918,"date":"2012-02-22T07:53:21","date_gmt":"2012-02-22T06:53:21","guid":{"rendered":"http:\/\/fjala.shkoder.net\/?p=1918"},"modified":"2012-02-22T07:53:21","modified_gmt":"2012-02-22T06:53:21","slug":"pse-ne-rome-funksionon-ajo-qe-ne-athine-deshton","status":"publish","type":"post","link":"https:\/\/fjala.info\/2009-2015\/pse-ne-rome-funksionon-ajo-qe-ne-athine-deshton\/","title":{"rendered":"Pse n\u00eb Rom\u00eb funksionon ajo q\u00eb n\u00eb Athin\u00eb d\u00ebshton?"},"content":{"rendered":"<p><img decoding=\"async\" class=\"alignright size-thumbnail wp-image-7236\" title=\"Mario Monti\" src=\"http:\/\/www.shkoder.net\/2012\/mario_monti.jpg\" alt=\"\" width=\"300\" \/> <strong>TemA<\/strong>, <em>22 Shkurt 2012<\/em><\/p>\n<p>Sa shpejt mund ta ndryshoj\u00eb nj\u00eb qeveri vendin e saj? Pas tre muajve n\u00eb detyr\u00eb, kryeministri italian Mario Monti e ka kthyer Italin\u00eb nga f\u00ebmija problematik i Europ\u00ebs n\u00eb nj\u00eb vend shprese. Grek\u00ebt mund t\u00eb m\u00ebsojn\u00eb nga kabineti i tij i teknokrat\u00ebve, shkruan gjermania Spiegel. Natyrisht shum\u00eb detyra t\u00eb v\u00ebshtira mbeten p\u00ebrpara. Por pas 100 dit\u00ebsh n\u00eb detyr\u00eb, Monti ka filluar tu jap\u00eb p\u00ebrgjigje disa pyetjeve ekzistenciale.<\/p>\n<p>Ai mbajti nj\u00eb fjalim n\u00eb Strasburg, aty ku sa her\u00eb fliste Silvio Berluskoni, shkaktonte skandale. Edhe kur flet n\u00eb senat, atij i nd\u00ebrpritet fjala nga duartrokitjet. Por profesori i urt\u00eb dhe i sjellsh\u00ebm i ka dh\u00ebn\u00eb nj\u00eb ton tjet\u00ebr politik\u00ebs italiane. \u201cN\u00eb vend q\u00eb t\u00eb m\u00eb duartrokisni, m\u00eb mir\u00eb m\u00eb d\u00ebgjoni,\u201d u thot\u00eb ai ligjv\u00ebn\u00ebsve. Revista Time e quajti at\u00eb si \u2018njeriun m\u00eb t\u00eb r\u00ebnd\u00ebsish\u00ebm n\u00eb Europ\u00eb k\u00ebt\u00eb jav\u00eb\u2019.<\/p>\n<p>Por p\u00ebrse ajo q\u00eb b\u00ebn Roma funksionon, kurse n\u00eb Athin\u00eb gj\u00ebrat d\u00ebshtojn\u00eb?<\/p>\n<p>Spiegel sjell disa arsye. Kabineti i teknokrat\u00ebve i Montit nisi pun\u00eb nj\u00ebkoh\u00ebsisht me qeverin\u00eb e ekspert\u00ebve n\u00eb Athin\u00eb. Por n\u00eb Itali gj\u00ebrat po ecin shum\u00eb m\u00eb mir\u00eb.<\/p>\n<p>S\u00eb pari p\u00ebr shkak se Monti ka krijuar nj\u00eb kabinet t\u00eb past\u00ebr teknokrat\u00ebsh, duke refuzuar pjes\u00ebmarrjen n\u00eb qeveri t\u00eb p\u00ebrfaq\u00ebsuesve t\u00eb partive t\u00eb m\u00ebdha, ndryshe nga sa ka ndodhur n\u00eb Athin\u00eb. Lider\u00ebt politik\u00eb n\u00eb Itali kan\u00eb pranuar madje q\u00eb reformat t\u00eb ecin p\u00ebrpara edhe me dekrete qeveritare. Nj\u00eb marr\u00ebveshje e till\u00eb duket problematike p\u00ebr demokracin\u00eb, por funksionon.<\/p>\n<p>S\u00eb dyti, pas largimit t\u00eb Berluskonit, presidenti Napolitano nuk thirri zgjedhjet e parakohshme menj\u00ebher\u00eb, duke i th\u00ebn\u00eb koh\u00eb Montit deri n\u00eb pranver\u00ebn e vitit 2013. Ndryshe ndodhi n\u00eb Athin\u00eb kur zgjedhjet u thirr\u00ebn p\u00ebr n\u00eb prill t\u00eb k\u00ebtij viti.<\/p>\n<p>S\u00eb treti, Monti ia ka b\u00ebr\u00eb t\u00eb qart\u00eb popullit t\u00eb tij se nuk \u00ebsht\u00eb Europa q\u00eb po i detyron t\u00eb b\u00ebjn\u00eb reforma, por situata dramatike n\u00eb vend. Ndryshe nga Berluskoni q\u00eb shfrynte kund\u00ebr Europ\u00ebs, Monti i ka b\u00ebr\u00eb me dije gj\u00ebrat dhe ka vepruar me shpejt\u00ebsi e seriozitet. Menj\u00ebher\u00eb n\u00eb sh\u00ebnjest\u00ebr kan\u00eb qen\u00eb ata q\u00eb abuzojn\u00eb me pagimin e taksave. Vet\u00eb hoqi dor\u00eb nga paga e tij. Me gjith\u00eb shkurtimet, anketat tregojn\u00eb se ai ka pas vetes shumic\u00ebn e njer\u00ebzve.<\/p>\n<p>Problemet q\u00eb ka p\u00ebrpara Monti jan\u00eb shum\u00eb t\u00eb m\u00ebdha, nuk ka dyshim. Por ai e ka nisur duke ndryshuar italian\u00ebt. M\u00eb p\u00ebrpara ishte Berluskoni, q\u00eb mbante fjalime se gj\u00ebrat jan\u00eb shum\u00eb mir\u00eb, kurse tani Monti u k\u00ebrkon italian\u00ebve t\u00eb nd\u00ebrgjegj\u00ebsohen se rruga do jet\u00eb e v\u00ebshtir\u00eb dhe situata nuk \u00ebsht\u00eb e mir\u00eb. Por s\u00eb bashku do ia dalin.<\/p>\n","protected":false},"excerpt":{"rendered":"<p>TemA, 22 Shkurt 2012 Sa shpejt mund ta ndryshoj\u00eb nj\u00eb qeveri vendin e saj? Pas tre muajve n\u00eb detyr\u00eb, kryeministri italian Mario Monti e ka kthyer Italin\u00eb nga f\u00ebmija problematik i Europ\u00ebs n\u00eb nj\u00eb vend shprese. Grek\u00ebt mund t\u00eb m\u00ebsojn\u00eb nga kabineti i tij i teknokrat\u00ebve, shkruan gjermania Spiegel. Natyrisht shum\u00eb detyra t\u00eb v\u00ebshtira mbeten [&hellip;]<\/p>\n","protected":false},"author":1,"featured_media":0,"comment_status":"open","ping_status":"closed","sticky":false,"template":"","format":"standard","meta":{"footnotes":""},"categories":[2],"tags":[],"class_list":{"0":"post-1918","1":"post","2":"type-post","3":"status-publish","4":"format-standard","6":"category-artikuj"},"yoast_head":"<!-- This site is optimized with the Yoast SEO plugin v27.4 - https:\/\/yoast.com\/product\/yoast-seo-wordpress\/ -->\n<title>Pse n\u00eb Rom\u00eb funksionon ajo q\u00eb n\u00eb Athin\u00eb d\u00ebshton? - FjALA e LIR\u00cb - Arkivi<\/title>\n<meta name=\"robots\" content=\"index, follow, max-snippet:-1, max-image-preview:large, max-video-preview:-1\" \/>\n<link rel=\"canonical\" href=\"https:\/\/fjala.info\/2009-2015\/pse-ne-rome-funksionon-ajo-qe-ne-athine-deshton\/\" \/>\n<meta property=\"og:locale\" content=\"sq_AL\" \/>\n<meta property=\"og:type\" content=\"article\" \/>\n<meta property=\"og:title\" content=\"Pse n\u00eb Rom\u00eb funksionon ajo q\u00eb n\u00eb Athin\u00eb d\u00ebshton? - FjALA e LIR\u00cb - Arkivi\" \/>\n<meta property=\"og:description\" content=\"TemA, 22 Shkurt 2012 Sa shpejt mund ta ndryshoj\u00eb nj\u00eb qeveri vendin e saj? Pas tre muajve n\u00eb detyr\u00eb, kryeministri italian Mario Monti e ka kthyer Italin\u00eb nga f\u00ebmija problematik i Europ\u00ebs n\u00eb nj\u00eb vend shprese. Grek\u00ebt mund t\u00eb m\u00ebsojn\u00eb nga kabineti i tij i teknokrat\u00ebve, shkruan gjermania Spiegel. Natyrisht shum\u00eb detyra t\u00eb v\u00ebshtira mbeten [&hellip;]\" \/>\n<meta property=\"og:url\" content=\"https:\/\/fjala.info\/2009-2015\/pse-ne-rome-funksionon-ajo-qe-ne-athine-deshton\/\" \/>\n<meta property=\"og:site_name\" content=\"FjALA e LIR\u00cb - Arkivi\" \/>\n<meta property=\"article:published_time\" content=\"2012-02-22T06:53:21+00:00\" \/>\n<meta property=\"og:image\" content=\"http:\/\/www.shkoder.net\/2012\/mario_monti.jpg\" \/>\n<meta name=\"author\" content=\"admin\" \/>\n<meta name=\"twitter:card\" content=\"summary_large_image\" \/>\n<meta name=\"twitter:label1\" content=\"Written by\" \/>\n\t<meta name=\"twitter:data1\" content=\"admin\" \/>\n\t<meta name=\"twitter:label2\" content=\"Est. reading time\" \/>\n\t<meta name=\"twitter:data2\" content=\"2 minutes\" \/>\n<script type=\"application\/ld+json\" class=\"yoast-schema-graph\">{\"@context\":\"https:\\\/\\\/schema.org\",\"@graph\":[{\"@type\":\"Article\",\"@id\":\"https:\\\/\\\/fjala.info\\\/2009-2015\\\/pse-ne-rome-funksionon-ajo-qe-ne-athine-deshton\\\/#article\",\"isPartOf\":{\"@id\":\"https:\\\/\\\/fjala.info\\\/2009-2015\\\/pse-ne-rome-funksionon-ajo-qe-ne-athine-deshton\\\/\"},\"author\":{\"name\":\"admin\",\"@id\":\"https:\\\/\\\/fjala.info\\\/2009-2015\\\/#\\\/schema\\\/person\\\/3aa1163ef05469c496fc94e77611ada2\"},\"headline\":\"Pse n\u00eb Rom\u00eb funksionon ajo q\u00eb n\u00eb Athin\u00eb d\u00ebshton?\",\"datePublished\":\"2012-02-22T06:53:21+00:00\",\"mainEntityOfPage\":{\"@id\":\"https:\\\/\\\/fjala.info\\\/2009-2015\\\/pse-ne-rome-funksionon-ajo-qe-ne-athine-deshton\\\/\"},\"wordCount\":488,\"commentCount\":0,\"publisher\":{\"@id\":\"https:\\\/\\\/fjala.info\\\/2009-2015\\\/#organization\"},\"image\":{\"@id\":\"https:\\\/\\\/fjala.info\\\/2009-2015\\\/pse-ne-rome-funksionon-ajo-qe-ne-athine-deshton\\\/#primaryimage\"},\"thumbnailUrl\":\"http:\\\/\\\/www.shkoder.net\\\/2012\\\/mario_monti.jpg\",\"articleSection\":[\"Artikuj\"],\"inLanguage\":\"sq-AL\",\"potentialAction\":[{\"@type\":\"CommentAction\",\"name\":\"Comment\",\"target\":[\"https:\\\/\\\/fjala.info\\\/2009-2015\\\/pse-ne-rome-funksionon-ajo-qe-ne-athine-deshton\\\/#respond\"]}]},{\"@type\":\"WebPage\",\"@id\":\"https:\\\/\\\/fjala.info\\\/2009-2015\\\/pse-ne-rome-funksionon-ajo-qe-ne-athine-deshton\\\/\",\"url\":\"https:\\\/\\\/fjala.info\\\/2009-2015\\\/pse-ne-rome-funksionon-ajo-qe-ne-athine-deshton\\\/\",\"name\":\"Pse n\u00eb Rom\u00eb funksionon ajo q\u00eb n\u00eb Athin\u00eb d\u00ebshton? - FjALA e LIR\u00cb - Arkivi\",\"isPartOf\":{\"@id\":\"https:\\\/\\\/fjala.info\\\/2009-2015\\\/#website\"},\"primaryImageOfPage\":{\"@id\":\"https:\\\/\\\/fjala.info\\\/2009-2015\\\/pse-ne-rome-funksionon-ajo-qe-ne-athine-deshton\\\/#primaryimage\"},\"image\":{\"@id\":\"https:\\\/\\\/fjala.info\\\/2009-2015\\\/pse-ne-rome-funksionon-ajo-qe-ne-athine-deshton\\\/#primaryimage\"},\"thumbnailUrl\":\"http:\\\/\\\/www.shkoder.net\\\/2012\\\/mario_monti.jpg\",\"datePublished\":\"2012-02-22T06:53:21+00:00\",\"breadcrumb\":{\"@id\":\"https:\\\/\\\/fjala.info\\\/2009-2015\\\/pse-ne-rome-funksionon-ajo-qe-ne-athine-deshton\\\/#breadcrumb\"},\"inLanguage\":\"sq-AL\",\"potentialAction\":[{\"@type\":\"ReadAction\",\"target\":[\"https:\\\/\\\/fjala.info\\\/2009-2015\\\/pse-ne-rome-funksionon-ajo-qe-ne-athine-deshton\\\/\"]}]},{\"@type\":\"ImageObject\",\"inLanguage\":\"sq-AL\",\"@id\":\"https:\\\/\\\/fjala.info\\\/2009-2015\\\/pse-ne-rome-funksionon-ajo-qe-ne-athine-deshton\\\/#primaryimage\",\"url\":\"http:\\\/\\\/www.shkoder.net\\\/2012\\\/mario_monti.jpg\",\"contentUrl\":\"http:\\\/\\\/www.shkoder.net\\\/2012\\\/mario_monti.jpg\"},{\"@type\":\"BreadcrumbList\",\"@id\":\"https:\\\/\\\/fjala.info\\\/2009-2015\\\/pse-ne-rome-funksionon-ajo-qe-ne-athine-deshton\\\/#breadcrumb\",\"itemListElement\":[{\"@type\":\"ListItem\",\"position\":1,\"name\":\"Home\",\"item\":\"https:\\\/\\\/fjala.info\\\/2009-2015\\\/\"},{\"@type\":\"ListItem\",\"position\":2,\"name\":\"Pse n\u00eb Rom\u00eb funksionon ajo q\u00eb n\u00eb Athin\u00eb d\u00ebshton?\"}]},{\"@type\":\"WebSite\",\"@id\":\"https:\\\/\\\/fjala.info\\\/2009-2015\\\/#website\",\"url\":\"https:\\\/\\\/fjala.info\\\/2009-2015\\\/\",\"name\":\"FjALA e LIR\u00cb - Arkivi\",\"description\":\"Arkivi 2009-2015\",\"publisher\":{\"@id\":\"https:\\\/\\\/fjala.info\\\/2009-2015\\\/#organization\"},\"potentialAction\":[{\"@type\":\"SearchAction\",\"target\":{\"@type\":\"EntryPoint\",\"urlTemplate\":\"https:\\\/\\\/fjala.info\\\/2009-2015\\\/?s={search_term_string}\"},\"query-input\":{\"@type\":\"PropertyValueSpecification\",\"valueRequired\":true,\"valueName\":\"search_term_string\"}}],\"inLanguage\":\"sq-AL\"},{\"@type\":\"Organization\",\"@id\":\"https:\\\/\\\/fjala.info\\\/2009-2015\\\/#organization\",\"name\":\"FjALA e LIR\u00cb - Arkivi\",\"url\":\"https:\\\/\\\/fjala.info\\\/2009-2015\\\/\",\"logo\":{\"@type\":\"ImageObject\",\"inLanguage\":\"sq-AL\",\"@id\":\"https:\\\/\\\/fjala.info\\\/2009-2015\\\/#\\\/schema\\\/logo\\\/image\\\/\",\"url\":\"\",\"contentUrl\":\"\",\"caption\":\"FjALA e LIR\u00cb - Arkivi\"},\"image\":{\"@id\":\"https:\\\/\\\/fjala.info\\\/2009-2015\\\/#\\\/schema\\\/logo\\\/image\\\/\"}},{\"@type\":\"Person\",\"@id\":\"https:\\\/\\\/fjala.info\\\/2009-2015\\\/#\\\/schema\\\/person\\\/3aa1163ef05469c496fc94e77611ada2\",\"name\":\"admin\",\"image\":{\"@type\":\"ImageObject\",\"inLanguage\":\"sq-AL\",\"@id\":\"https:\\\/\\\/fjala.info\\\/2009-2015\\\/wp-content\\\/uploads\\\/2012\\\/02\\\/arben_cokaj-120x150.jpg\",\"url\":\"https:\\\/\\\/fjala.info\\\/2009-2015\\\/wp-content\\\/uploads\\\/2012\\\/02\\\/arben_cokaj-120x150.jpg\",\"contentUrl\":\"https:\\\/\\\/fjala.info\\\/2009-2015\\\/wp-content\\\/uploads\\\/2012\\\/02\\\/arben_cokaj-120x150.jpg\",\"caption\":\"admin\"},\"description\":\"Admin, Fjala e Lir\u00eb\",\"sameAs\":[\"https:\\\/\\\/fjala.info\\\/\"],\"url\":\"https:\\\/\\\/fjala.info\\\/2009-2015\\\/author\\\/admin\\\/\"}]}<\/script>\n<!-- \/ Yoast SEO plugin. -->","yoast_head_json":{"title":"Pse n\u00eb Rom\u00eb funksionon ajo q\u00eb n\u00eb Athin\u00eb d\u00ebshton? - FjALA e LIR\u00cb - Arkivi","robots":{"index":"index","follow":"follow","max-snippet":"max-snippet:-1","max-image-preview":"max-image-preview:large","max-video-preview":"max-video-preview:-1"},"canonical":"https:\/\/fjala.info\/2009-2015\/pse-ne-rome-funksionon-ajo-qe-ne-athine-deshton\/","og_locale":"sq_AL","og_type":"article","og_title":"Pse n\u00eb Rom\u00eb funksionon ajo q\u00eb n\u00eb Athin\u00eb d\u00ebshton? - FjALA e LIR\u00cb - Arkivi","og_description":"TemA, 22 Shkurt 2012 Sa shpejt mund ta ndryshoj\u00eb nj\u00eb qeveri vendin e saj? Pas tre muajve n\u00eb detyr\u00eb, kryeministri italian Mario Monti e ka kthyer Italin\u00eb nga f\u00ebmija problematik i Europ\u00ebs n\u00eb nj\u00eb vend shprese. Grek\u00ebt mund t\u00eb m\u00ebsojn\u00eb nga kabineti i tij i teknokrat\u00ebve, shkruan gjermania Spiegel. Natyrisht shum\u00eb detyra t\u00eb v\u00ebshtira mbeten [&hellip;]","og_url":"https:\/\/fjala.info\/2009-2015\/pse-ne-rome-funksionon-ajo-qe-ne-athine-deshton\/","og_site_name":"FjALA e LIR\u00cb - Arkivi","article_published_time":"2012-02-22T06:53:21+00:00","og_image":[{"url":"http:\/\/www.shkoder.net\/2012\/mario_monti.jpg","type":"","width":"","height":""}],"author":"admin","twitter_card":"summary_large_image","twitter_misc":{"Written by":"admin","Est. reading time":"2 minutes"},"schema":{"@context":"https:\/\/schema.org","@graph":[{"@type":"Article","@id":"https:\/\/fjala.info\/2009-2015\/pse-ne-rome-funksionon-ajo-qe-ne-athine-deshton\/#article","isPartOf":{"@id":"https:\/\/fjala.info\/2009-2015\/pse-ne-rome-funksionon-ajo-qe-ne-athine-deshton\/"},"author":{"name":"admin","@id":"https:\/\/fjala.info\/2009-2015\/#\/schema\/person\/3aa1163ef05469c496fc94e77611ada2"},"headline":"Pse n\u00eb Rom\u00eb funksionon ajo q\u00eb n\u00eb Athin\u00eb d\u00ebshton?","datePublished":"2012-02-22T06:53:21+00:00","mainEntityOfPage":{"@id":"https:\/\/fjala.info\/2009-2015\/pse-ne-rome-funksionon-ajo-qe-ne-athine-deshton\/"},"wordCount":488,"commentCount":0,"publisher":{"@id":"https:\/\/fjala.info\/2009-2015\/#organization"},"image":{"@id":"https:\/\/fjala.info\/2009-2015\/pse-ne-rome-funksionon-ajo-qe-ne-athine-deshton\/#primaryimage"},"thumbnailUrl":"http:\/\/www.shkoder.net\/2012\/mario_monti.jpg","articleSection":["Artikuj"],"inLanguage":"sq-AL","potentialAction":[{"@type":"CommentAction","name":"Comment","target":["https:\/\/fjala.info\/2009-2015\/pse-ne-rome-funksionon-ajo-qe-ne-athine-deshton\/#respond"]}]},{"@type":"WebPage","@id":"https:\/\/fjala.info\/2009-2015\/pse-ne-rome-funksionon-ajo-qe-ne-athine-deshton\/","url":"https:\/\/fjala.info\/2009-2015\/pse-ne-rome-funksionon-ajo-qe-ne-athine-deshton\/","name":"Pse n\u00eb Rom\u00eb funksionon ajo q\u00eb n\u00eb Athin\u00eb d\u00ebshton? - FjALA e LIR\u00cb - Arkivi","isPartOf":{"@id":"https:\/\/fjala.info\/2009-2015\/#website"},"primaryImageOfPage":{"@id":"https:\/\/fjala.info\/2009-2015\/pse-ne-rome-funksionon-ajo-qe-ne-athine-deshton\/#primaryimage"},"image":{"@id":"https:\/\/fjala.info\/2009-2015\/pse-ne-rome-funksionon-ajo-qe-ne-athine-deshton\/#primaryimage"},"thumbnailUrl":"http:\/\/www.shkoder.net\/2012\/mario_monti.jpg","datePublished":"2012-02-22T06:53:21+00:00","breadcrumb":{"@id":"https:\/\/fjala.info\/2009-2015\/pse-ne-rome-funksionon-ajo-qe-ne-athine-deshton\/#breadcrumb"},"inLanguage":"sq-AL","potentialAction":[{"@type":"ReadAction","target":["https:\/\/fjala.info\/2009-2015\/pse-ne-rome-funksionon-ajo-qe-ne-athine-deshton\/"]}]},{"@type":"ImageObject","inLanguage":"sq-AL","@id":"https:\/\/fjala.info\/2009-2015\/pse-ne-rome-funksionon-ajo-qe-ne-athine-deshton\/#primaryimage","url":"http:\/\/www.shkoder.net\/2012\/mario_monti.jpg","contentUrl":"http:\/\/www.shkoder.net\/2012\/mario_monti.jpg"},{"@type":"BreadcrumbList","@id":"https:\/\/fjala.info\/2009-2015\/pse-ne-rome-funksionon-ajo-qe-ne-athine-deshton\/#breadcrumb","itemListElement":[{"@type":"ListItem","position":1,"name":"Home","item":"https:\/\/fjala.info\/2009-2015\/"},{"@type":"ListItem","position":2,"name":"Pse n\u00eb Rom\u00eb funksionon ajo q\u00eb n\u00eb Athin\u00eb d\u00ebshton?"}]},{"@type":"WebSite","@id":"https:\/\/fjala.info\/2009-2015\/#website","url":"https:\/\/fjala.info\/2009-2015\/","name":"FjALA e LIR\u00cb - Arkivi","description":"Arkivi 2009-2015","publisher":{"@id":"https:\/\/fjala.info\/2009-2015\/#organization"},"potentialAction":[{"@type":"SearchAction","target":{"@type":"EntryPoint","urlTemplate":"https:\/\/fjala.info\/2009-2015\/?s={search_term_string}"},"query-input":{"@type":"PropertyValueSpecification","valueRequired":true,"valueName":"search_term_string"}}],"inLanguage":"sq-AL"},{"@type":"Organization","@id":"https:\/\/fjala.info\/2009-2015\/#organization","name":"FjALA e LIR\u00cb - Arkivi","url":"https:\/\/fjala.info\/2009-2015\/","logo":{"@type":"ImageObject","inLanguage":"sq-AL","@id":"https:\/\/fjala.info\/2009-2015\/#\/schema\/logo\/image\/","url":"","contentUrl":"","caption":"FjALA e LIR\u00cb - Arkivi"},"image":{"@id":"https:\/\/fjala.info\/2009-2015\/#\/schema\/logo\/image\/"}},{"@type":"Person","@id":"https:\/\/fjala.info\/2009-2015\/#\/schema\/person\/3aa1163ef05469c496fc94e77611ada2","name":"admin","image":{"@type":"ImageObject","inLanguage":"sq-AL","@id":"https:\/\/fjala.info\/2009-2015\/wp-content\/uploads\/2012\/02\/arben_cokaj-120x150.jpg","url":"https:\/\/fjala.info\/2009-2015\/wp-content\/uploads\/2012\/02\/arben_cokaj-120x150.jpg","contentUrl":"https:\/\/fjala.info\/2009-2015\/wp-content\/uploads\/2012\/02\/arben_cokaj-120x150.jpg","caption":"admin"},"description":"Admin, Fjala e Lir\u00eb","sameAs":["https:\/\/fjala.info\/"],"url":"https:\/\/fjala.info\/2009-2015\/author\/admin\/"}]}},"_links":{"self":[{"href":"https:\/\/fjala.info\/2009-2015\/wp-json\/wp\/v2\/posts\/1918","targetHints":{"allow":["GET"]}}],"collection":[{"href":"https:\/\/fjala.info\/2009-2015\/wp-json\/wp\/v2\/posts"}],"about":[{"href":"https:\/\/fjala.info\/2009-2015\/wp-json\/wp\/v2\/types\/post"}],"author":[{"embeddable":true,"href":"https:\/\/fjala.info\/2009-2015\/wp-json\/wp\/v2\/users\/1"}],"replies":[{"embeddable":true,"href":"https:\/\/fjala.info\/2009-2015\/wp-json\/wp\/v2\/comments?post=1918"}],"version-history":[{"count":0,"href":"https:\/\/fjala.info\/2009-2015\/wp-json\/wp\/v2\/posts\/1918\/revisions"}],"wp:attachment":[{"href":"https:\/\/fjala.info\/2009-2015\/wp-json\/wp\/v2\/media?parent=1918"}],"wp:term":[{"taxonomy":"category","embeddable":true,"href":"https:\/\/fjala.info\/2009-2015\/wp-json\/wp\/v2\/categories?post=1918"},{"taxonomy":"post_tag","embeddable":true,"href":"https:\/\/fjala.info\/2009-2015\/wp-json\/wp\/v2\/tags?post=1918"}],"curies":[{"name":"wp","href":"https:\/\/api.w.org\/{rel}","templated":true}]}}