{"id":1915,"date":"2012-02-22T07:52:03","date_gmt":"2012-02-22T06:52:03","guid":{"rendered":"http:\/\/fjala.shkoder.net\/?p=1915"},"modified":"2012-02-22T07:52:03","modified_gmt":"2012-02-22T06:52:03","slug":"dhjete-predha-mbi-deshmitaret-e-tmerrit","status":"publish","type":"post","link":"https:\/\/fjala.info\/2009-2015\/dhjete-predha-mbi-deshmitaret-e-tmerrit\/","title":{"rendered":"Dhjet\u00eb predha mbi d\u00ebshmitar\u00ebt e tmerrit"},"content":{"rendered":"<p><img decoding=\"async\" class=\"alignright size-thumbnail wp-image-7236\" title=\"Colvin\" src=\"http:\/\/www.shkoder.net\/2012\/colvin.jpg\" alt=\"\" width=\"300\" \/> <strong>TemA<\/strong>, <em>22 Shkurt 2012<\/em><\/p>\n<p>Sulmi ishte preciz. Dhjet\u00eb predha godit\u00ebn sht\u00ebpin\u00eb ku prej disa dit\u00ebsh po q\u00ebndronin disa gazetar\u00eb t\u00eb huaj. Godina \u00ebsht\u00eb n\u00eb lagjen Baba Amr, n\u00eb qytetin rebel t\u00eb Homsit n\u00eb Siri. Ajo sh\u00ebrbente edhe si nj\u00eb qend\u00ebr mjek\u00ebsore. Pasi predha e par\u00eb goditi sht\u00ebpin\u00eb, gazetar\u00ebt tentuan t\u00eb largohen. Por kur goditi predha e dyt\u00eb, Marie Colvin, reportere me eksperienc\u00eb nga fush\u00eb-beteja dhe Remi Ochlik, nj\u00eb fotograf i ri n\u00eb mosh\u00eb, por me eksperienc\u00eb, vdiq\u00ebn n\u00eb vend. Tre koleg\u00eb t\u00eb tyre u plagos\u00ebn r\u00ebnd\u00eb. Prej koh\u00ebsh rebel\u00ebt druheshin se regjimi p\u00ebrdorte mjete moderne p\u00ebr t\u00eb gjurmuar kund\u00ebrshtar\u00ebt. Flitej se lokalizoheshin p\u00ebrmes celular\u00ebve. Pas k\u00ebtij sulmi, frika e tyre u v\u00ebrtetua, shkruan Spiegel.<\/p>\n<p>Trupat e dy gazetar\u00ebve q\u00ebndruan p\u00ebr disa koh\u00eb n\u00ebn rr\u00ebnoja. Askush nuk afrohej dot tek sht\u00ebpia. Meq\u00eb Siria nuk lejon gazetar\u00ebt e huaj n\u00eb vend, Colvin ishte b\u00ebr\u00eb nj\u00eb z\u00eb i fort\u00eb p\u00ebr t\u00eb d\u00ebshmuar tmerret e luft\u00ebs. Raportonte p\u00ebr rrjetet m\u00eb t\u00eb m\u00ebdha n\u00eb bot\u00eb. \u201cVet\u00ebm nj\u00eb i s\u00ebmur\u00eb e b\u00ebn di\u00e7ka t\u00eb till\u00eb,\u201d tha ajo p\u00ebr BBC duke iu referuar bombardimeve t\u00eb qeveris\u00eb mbi civil\u00ebt.<\/p>\n<p>Gazetarja e famshme p\u00ebr mask\u00ebn e saj n\u00eb sy, t\u00eb cilin e pati d\u00ebmtuar gjat\u00eb konfliktit n\u00eb Sri Lanka, kishte raportuar shum\u00eb her\u00eb edhe nga Shqip\u00ebria, n\u00eb periudh\u00ebn kur ishte ndezur lufta n\u00eb Kosov\u00eb. Kishte p\u00ebrdorur disa trafikant\u00eb p\u00ebr t\u00eb hyr\u00eb n\u00eb Siri e p\u00ebr t\u00eb d\u00ebshmuar tmerret e luft\u00ebs t\u00eb nj\u00eb regjimi t\u00eb friksh\u00ebm. S\u00eb bashku me fotoreporterin 28 vje\u00e7ar kishin ofruar dhjet\u00ebra d\u00ebshmi. S\u00eb fundmi Ochlik fitoi nj\u00eb \u00e7mim p\u00ebr foton m\u00eb t\u00eb mir\u00eb gazetareske, realizuar n\u00eb Libi. U prefshi n\u00eb paqe!<\/p>\n","protected":false},"excerpt":{"rendered":"<p>TemA, 22 Shkurt 2012 Sulmi ishte preciz. Dhjet\u00eb predha godit\u00ebn sht\u00ebpin\u00eb ku prej disa dit\u00ebsh po q\u00ebndronin disa gazetar\u00eb t\u00eb huaj. Godina \u00ebsht\u00eb n\u00eb lagjen Baba Amr, n\u00eb qytetin rebel t\u00eb Homsit n\u00eb Siri. Ajo sh\u00ebrbente edhe si nj\u00eb qend\u00ebr mjek\u00ebsore. Pasi predha e par\u00eb goditi sht\u00ebpin\u00eb, gazetar\u00ebt tentuan t\u00eb largohen. Por kur goditi predha [&hellip;]<\/p>\n","protected":false},"author":1,"featured_media":0,"comment_status":"open","ping_status":"closed","sticky":false,"template":"","format":"standard","meta":{"footnotes":""},"categories":[5],"tags":[],"class_list":{"0":"post-1915","1":"post","2":"type-post","3":"status-publish","4":"format-standard","6":"category-lajme"},"yoast_head":"<!-- This site is optimized with the Yoast SEO plugin v27.4 - https:\/\/yoast.com\/product\/yoast-seo-wordpress\/ -->\n<title>Dhjet\u00eb predha mbi d\u00ebshmitar\u00ebt e tmerrit - FjALA e LIR\u00cb - Arkivi<\/title>\n<meta name=\"robots\" content=\"index, follow, max-snippet:-1, max-image-preview:large, max-video-preview:-1\" \/>\n<link rel=\"canonical\" href=\"https:\/\/fjala.info\/2009-2015\/dhjete-predha-mbi-deshmitaret-e-tmerrit\/\" \/>\n<meta property=\"og:locale\" content=\"sq_AL\" \/>\n<meta property=\"og:type\" content=\"article\" \/>\n<meta property=\"og:title\" content=\"Dhjet\u00eb predha mbi d\u00ebshmitar\u00ebt e tmerrit - FjALA e LIR\u00cb - Arkivi\" \/>\n<meta property=\"og:description\" content=\"TemA, 22 Shkurt 2012 Sulmi ishte preciz. Dhjet\u00eb predha godit\u00ebn sht\u00ebpin\u00eb ku prej disa dit\u00ebsh po q\u00ebndronin disa gazetar\u00eb t\u00eb huaj. Godina \u00ebsht\u00eb n\u00eb lagjen Baba Amr, n\u00eb qytetin rebel t\u00eb Homsit n\u00eb Siri. Ajo sh\u00ebrbente edhe si nj\u00eb qend\u00ebr mjek\u00ebsore. Pasi predha e par\u00eb goditi sht\u00ebpin\u00eb, gazetar\u00ebt tentuan t\u00eb largohen. Por kur goditi predha [&hellip;]\" \/>\n<meta property=\"og:url\" content=\"https:\/\/fjala.info\/2009-2015\/dhjete-predha-mbi-deshmitaret-e-tmerrit\/\" \/>\n<meta property=\"og:site_name\" content=\"FjALA e LIR\u00cb - Arkivi\" \/>\n<meta property=\"article:published_time\" content=\"2012-02-22T06:52:03+00:00\" \/>\n<meta property=\"og:image\" content=\"http:\/\/www.shkoder.net\/2012\/colvin.jpg\" \/>\n<meta name=\"author\" content=\"admin\" \/>\n<meta name=\"twitter:card\" content=\"summary_large_image\" \/>\n<meta name=\"twitter:label1\" content=\"Written by\" \/>\n\t<meta name=\"twitter:data1\" content=\"admin\" \/>\n\t<meta name=\"twitter:label2\" content=\"Est. reading time\" \/>\n\t<meta name=\"twitter:data2\" content=\"2 minutes\" \/>\n<script type=\"application\/ld+json\" class=\"yoast-schema-graph\">{\"@context\":\"https:\\\/\\\/schema.org\",\"@graph\":[{\"@type\":\"Article\",\"@id\":\"https:\\\/\\\/fjala.info\\\/2009-2015\\\/dhjete-predha-mbi-deshmitaret-e-tmerrit\\\/#article\",\"isPartOf\":{\"@id\":\"https:\\\/\\\/fjala.info\\\/2009-2015\\\/dhjete-predha-mbi-deshmitaret-e-tmerrit\\\/\"},\"author\":{\"name\":\"admin\",\"@id\":\"https:\\\/\\\/fjala.info\\\/2009-2015\\\/#\\\/schema\\\/person\\\/3aa1163ef05469c496fc94e77611ada2\"},\"headline\":\"Dhjet\u00eb predha mbi d\u00ebshmitar\u00ebt e tmerrit\",\"datePublished\":\"2012-02-22T06:52:03+00:00\",\"mainEntityOfPage\":{\"@id\":\"https:\\\/\\\/fjala.info\\\/2009-2015\\\/dhjete-predha-mbi-deshmitaret-e-tmerrit\\\/\"},\"wordCount\":327,\"commentCount\":0,\"publisher\":{\"@id\":\"https:\\\/\\\/fjala.info\\\/2009-2015\\\/#organization\"},\"image\":{\"@id\":\"https:\\\/\\\/fjala.info\\\/2009-2015\\\/dhjete-predha-mbi-deshmitaret-e-tmerrit\\\/#primaryimage\"},\"thumbnailUrl\":\"http:\\\/\\\/www.shkoder.net\\\/2012\\\/colvin.jpg\",\"articleSection\":[\"Lajme\"],\"inLanguage\":\"sq-AL\",\"potentialAction\":[{\"@type\":\"CommentAction\",\"name\":\"Comment\",\"target\":[\"https:\\\/\\\/fjala.info\\\/2009-2015\\\/dhjete-predha-mbi-deshmitaret-e-tmerrit\\\/#respond\"]}]},{\"@type\":\"WebPage\",\"@id\":\"https:\\\/\\\/fjala.info\\\/2009-2015\\\/dhjete-predha-mbi-deshmitaret-e-tmerrit\\\/\",\"url\":\"https:\\\/\\\/fjala.info\\\/2009-2015\\\/dhjete-predha-mbi-deshmitaret-e-tmerrit\\\/\",\"name\":\"Dhjet\u00eb predha mbi d\u00ebshmitar\u00ebt e tmerrit - FjALA e LIR\u00cb - Arkivi\",\"isPartOf\":{\"@id\":\"https:\\\/\\\/fjala.info\\\/2009-2015\\\/#website\"},\"primaryImageOfPage\":{\"@id\":\"https:\\\/\\\/fjala.info\\\/2009-2015\\\/dhjete-predha-mbi-deshmitaret-e-tmerrit\\\/#primaryimage\"},\"image\":{\"@id\":\"https:\\\/\\\/fjala.info\\\/2009-2015\\\/dhjete-predha-mbi-deshmitaret-e-tmerrit\\\/#primaryimage\"},\"thumbnailUrl\":\"http:\\\/\\\/www.shkoder.net\\\/2012\\\/colvin.jpg\",\"datePublished\":\"2012-02-22T06:52:03+00:00\",\"breadcrumb\":{\"@id\":\"https:\\\/\\\/fjala.info\\\/2009-2015\\\/dhjete-predha-mbi-deshmitaret-e-tmerrit\\\/#breadcrumb\"},\"inLanguage\":\"sq-AL\",\"potentialAction\":[{\"@type\":\"ReadAction\",\"target\":[\"https:\\\/\\\/fjala.info\\\/2009-2015\\\/dhjete-predha-mbi-deshmitaret-e-tmerrit\\\/\"]}]},{\"@type\":\"ImageObject\",\"inLanguage\":\"sq-AL\",\"@id\":\"https:\\\/\\\/fjala.info\\\/2009-2015\\\/dhjete-predha-mbi-deshmitaret-e-tmerrit\\\/#primaryimage\",\"url\":\"http:\\\/\\\/www.shkoder.net\\\/2012\\\/colvin.jpg\",\"contentUrl\":\"http:\\\/\\\/www.shkoder.net\\\/2012\\\/colvin.jpg\"},{\"@type\":\"BreadcrumbList\",\"@id\":\"https:\\\/\\\/fjala.info\\\/2009-2015\\\/dhjete-predha-mbi-deshmitaret-e-tmerrit\\\/#breadcrumb\",\"itemListElement\":[{\"@type\":\"ListItem\",\"position\":1,\"name\":\"Home\",\"item\":\"https:\\\/\\\/fjala.info\\\/2009-2015\\\/\"},{\"@type\":\"ListItem\",\"position\":2,\"name\":\"Dhjet\u00eb predha mbi d\u00ebshmitar\u00ebt e tmerrit\"}]},{\"@type\":\"WebSite\",\"@id\":\"https:\\\/\\\/fjala.info\\\/2009-2015\\\/#website\",\"url\":\"https:\\\/\\\/fjala.info\\\/2009-2015\\\/\",\"name\":\"FjALA e LIR\u00cb - Arkivi\",\"description\":\"Arkivi 2009-2015\",\"publisher\":{\"@id\":\"https:\\\/\\\/fjala.info\\\/2009-2015\\\/#organization\"},\"potentialAction\":[{\"@type\":\"SearchAction\",\"target\":{\"@type\":\"EntryPoint\",\"urlTemplate\":\"https:\\\/\\\/fjala.info\\\/2009-2015\\\/?s={search_term_string}\"},\"query-input\":{\"@type\":\"PropertyValueSpecification\",\"valueRequired\":true,\"valueName\":\"search_term_string\"}}],\"inLanguage\":\"sq-AL\"},{\"@type\":\"Organization\",\"@id\":\"https:\\\/\\\/fjala.info\\\/2009-2015\\\/#organization\",\"name\":\"FjALA e LIR\u00cb - Arkivi\",\"url\":\"https:\\\/\\\/fjala.info\\\/2009-2015\\\/\",\"logo\":{\"@type\":\"ImageObject\",\"inLanguage\":\"sq-AL\",\"@id\":\"https:\\\/\\\/fjala.info\\\/2009-2015\\\/#\\\/schema\\\/logo\\\/image\\\/\",\"url\":\"\",\"contentUrl\":\"\",\"caption\":\"FjALA e LIR\u00cb - Arkivi\"},\"image\":{\"@id\":\"https:\\\/\\\/fjala.info\\\/2009-2015\\\/#\\\/schema\\\/logo\\\/image\\\/\"}},{\"@type\":\"Person\",\"@id\":\"https:\\\/\\\/fjala.info\\\/2009-2015\\\/#\\\/schema\\\/person\\\/3aa1163ef05469c496fc94e77611ada2\",\"name\":\"admin\",\"image\":{\"@type\":\"ImageObject\",\"inLanguage\":\"sq-AL\",\"@id\":\"https:\\\/\\\/fjala.info\\\/2009-2015\\\/wp-content\\\/uploads\\\/2012\\\/02\\\/arben_cokaj-120x150.jpg\",\"url\":\"https:\\\/\\\/fjala.info\\\/2009-2015\\\/wp-content\\\/uploads\\\/2012\\\/02\\\/arben_cokaj-120x150.jpg\",\"contentUrl\":\"https:\\\/\\\/fjala.info\\\/2009-2015\\\/wp-content\\\/uploads\\\/2012\\\/02\\\/arben_cokaj-120x150.jpg\",\"caption\":\"admin\"},\"description\":\"Admin, Fjala e Lir\u00eb\",\"sameAs\":[\"https:\\\/\\\/fjala.info\\\/\"],\"url\":\"https:\\\/\\\/fjala.info\\\/2009-2015\\\/author\\\/admin\\\/\"}]}<\/script>\n<!-- \/ Yoast SEO plugin. -->","yoast_head_json":{"title":"Dhjet\u00eb predha mbi d\u00ebshmitar\u00ebt e tmerrit - FjALA e LIR\u00cb - Arkivi","robots":{"index":"index","follow":"follow","max-snippet":"max-snippet:-1","max-image-preview":"max-image-preview:large","max-video-preview":"max-video-preview:-1"},"canonical":"https:\/\/fjala.info\/2009-2015\/dhjete-predha-mbi-deshmitaret-e-tmerrit\/","og_locale":"sq_AL","og_type":"article","og_title":"Dhjet\u00eb predha mbi d\u00ebshmitar\u00ebt e tmerrit - FjALA e LIR\u00cb - Arkivi","og_description":"TemA, 22 Shkurt 2012 Sulmi ishte preciz. Dhjet\u00eb predha godit\u00ebn sht\u00ebpin\u00eb ku prej disa dit\u00ebsh po q\u00ebndronin disa gazetar\u00eb t\u00eb huaj. Godina \u00ebsht\u00eb n\u00eb lagjen Baba Amr, n\u00eb qytetin rebel t\u00eb Homsit n\u00eb Siri. Ajo sh\u00ebrbente edhe si nj\u00eb qend\u00ebr mjek\u00ebsore. Pasi predha e par\u00eb goditi sht\u00ebpin\u00eb, gazetar\u00ebt tentuan t\u00eb largohen. Por kur goditi predha [&hellip;]","og_url":"https:\/\/fjala.info\/2009-2015\/dhjete-predha-mbi-deshmitaret-e-tmerrit\/","og_site_name":"FjALA e LIR\u00cb - Arkivi","article_published_time":"2012-02-22T06:52:03+00:00","og_image":[{"url":"http:\/\/www.shkoder.net\/2012\/colvin.jpg","type":"","width":"","height":""}],"author":"admin","twitter_card":"summary_large_image","twitter_misc":{"Written by":"admin","Est. reading time":"2 minutes"},"schema":{"@context":"https:\/\/schema.org","@graph":[{"@type":"Article","@id":"https:\/\/fjala.info\/2009-2015\/dhjete-predha-mbi-deshmitaret-e-tmerrit\/#article","isPartOf":{"@id":"https:\/\/fjala.info\/2009-2015\/dhjete-predha-mbi-deshmitaret-e-tmerrit\/"},"author":{"name":"admin","@id":"https:\/\/fjala.info\/2009-2015\/#\/schema\/person\/3aa1163ef05469c496fc94e77611ada2"},"headline":"Dhjet\u00eb predha mbi d\u00ebshmitar\u00ebt e tmerrit","datePublished":"2012-02-22T06:52:03+00:00","mainEntityOfPage":{"@id":"https:\/\/fjala.info\/2009-2015\/dhjete-predha-mbi-deshmitaret-e-tmerrit\/"},"wordCount":327,"commentCount":0,"publisher":{"@id":"https:\/\/fjala.info\/2009-2015\/#organization"},"image":{"@id":"https:\/\/fjala.info\/2009-2015\/dhjete-predha-mbi-deshmitaret-e-tmerrit\/#primaryimage"},"thumbnailUrl":"http:\/\/www.shkoder.net\/2012\/colvin.jpg","articleSection":["Lajme"],"inLanguage":"sq-AL","potentialAction":[{"@type":"CommentAction","name":"Comment","target":["https:\/\/fjala.info\/2009-2015\/dhjete-predha-mbi-deshmitaret-e-tmerrit\/#respond"]}]},{"@type":"WebPage","@id":"https:\/\/fjala.info\/2009-2015\/dhjete-predha-mbi-deshmitaret-e-tmerrit\/","url":"https:\/\/fjala.info\/2009-2015\/dhjete-predha-mbi-deshmitaret-e-tmerrit\/","name":"Dhjet\u00eb predha mbi d\u00ebshmitar\u00ebt e tmerrit - FjALA e LIR\u00cb - Arkivi","isPartOf":{"@id":"https:\/\/fjala.info\/2009-2015\/#website"},"primaryImageOfPage":{"@id":"https:\/\/fjala.info\/2009-2015\/dhjete-predha-mbi-deshmitaret-e-tmerrit\/#primaryimage"},"image":{"@id":"https:\/\/fjala.info\/2009-2015\/dhjete-predha-mbi-deshmitaret-e-tmerrit\/#primaryimage"},"thumbnailUrl":"http:\/\/www.shkoder.net\/2012\/colvin.jpg","datePublished":"2012-02-22T06:52:03+00:00","breadcrumb":{"@id":"https:\/\/fjala.info\/2009-2015\/dhjete-predha-mbi-deshmitaret-e-tmerrit\/#breadcrumb"},"inLanguage":"sq-AL","potentialAction":[{"@type":"ReadAction","target":["https:\/\/fjala.info\/2009-2015\/dhjete-predha-mbi-deshmitaret-e-tmerrit\/"]}]},{"@type":"ImageObject","inLanguage":"sq-AL","@id":"https:\/\/fjala.info\/2009-2015\/dhjete-predha-mbi-deshmitaret-e-tmerrit\/#primaryimage","url":"http:\/\/www.shkoder.net\/2012\/colvin.jpg","contentUrl":"http:\/\/www.shkoder.net\/2012\/colvin.jpg"},{"@type":"BreadcrumbList","@id":"https:\/\/fjala.info\/2009-2015\/dhjete-predha-mbi-deshmitaret-e-tmerrit\/#breadcrumb","itemListElement":[{"@type":"ListItem","position":1,"name":"Home","item":"https:\/\/fjala.info\/2009-2015\/"},{"@type":"ListItem","position":2,"name":"Dhjet\u00eb predha mbi d\u00ebshmitar\u00ebt e tmerrit"}]},{"@type":"WebSite","@id":"https:\/\/fjala.info\/2009-2015\/#website","url":"https:\/\/fjala.info\/2009-2015\/","name":"FjALA e LIR\u00cb - Arkivi","description":"Arkivi 2009-2015","publisher":{"@id":"https:\/\/fjala.info\/2009-2015\/#organization"},"potentialAction":[{"@type":"SearchAction","target":{"@type":"EntryPoint","urlTemplate":"https:\/\/fjala.info\/2009-2015\/?s={search_term_string}"},"query-input":{"@type":"PropertyValueSpecification","valueRequired":true,"valueName":"search_term_string"}}],"inLanguage":"sq-AL"},{"@type":"Organization","@id":"https:\/\/fjala.info\/2009-2015\/#organization","name":"FjALA e LIR\u00cb - Arkivi","url":"https:\/\/fjala.info\/2009-2015\/","logo":{"@type":"ImageObject","inLanguage":"sq-AL","@id":"https:\/\/fjala.info\/2009-2015\/#\/schema\/logo\/image\/","url":"","contentUrl":"","caption":"FjALA e LIR\u00cb - Arkivi"},"image":{"@id":"https:\/\/fjala.info\/2009-2015\/#\/schema\/logo\/image\/"}},{"@type":"Person","@id":"https:\/\/fjala.info\/2009-2015\/#\/schema\/person\/3aa1163ef05469c496fc94e77611ada2","name":"admin","image":{"@type":"ImageObject","inLanguage":"sq-AL","@id":"https:\/\/fjala.info\/2009-2015\/wp-content\/uploads\/2012\/02\/arben_cokaj-120x150.jpg","url":"https:\/\/fjala.info\/2009-2015\/wp-content\/uploads\/2012\/02\/arben_cokaj-120x150.jpg","contentUrl":"https:\/\/fjala.info\/2009-2015\/wp-content\/uploads\/2012\/02\/arben_cokaj-120x150.jpg","caption":"admin"},"description":"Admin, Fjala e Lir\u00eb","sameAs":["https:\/\/fjala.info\/"],"url":"https:\/\/fjala.info\/2009-2015\/author\/admin\/"}]}},"_links":{"self":[{"href":"https:\/\/fjala.info\/2009-2015\/wp-json\/wp\/v2\/posts\/1915","targetHints":{"allow":["GET"]}}],"collection":[{"href":"https:\/\/fjala.info\/2009-2015\/wp-json\/wp\/v2\/posts"}],"about":[{"href":"https:\/\/fjala.info\/2009-2015\/wp-json\/wp\/v2\/types\/post"}],"author":[{"embeddable":true,"href":"https:\/\/fjala.info\/2009-2015\/wp-json\/wp\/v2\/users\/1"}],"replies":[{"embeddable":true,"href":"https:\/\/fjala.info\/2009-2015\/wp-json\/wp\/v2\/comments?post=1915"}],"version-history":[{"count":0,"href":"https:\/\/fjala.info\/2009-2015\/wp-json\/wp\/v2\/posts\/1915\/revisions"}],"wp:attachment":[{"href":"https:\/\/fjala.info\/2009-2015\/wp-json\/wp\/v2\/media?parent=1915"}],"wp:term":[{"taxonomy":"category","embeddable":true,"href":"https:\/\/fjala.info\/2009-2015\/wp-json\/wp\/v2\/categories?post=1915"},{"taxonomy":"post_tag","embeddable":true,"href":"https:\/\/fjala.info\/2009-2015\/wp-json\/wp\/v2\/tags?post=1915"}],"curies":[{"name":"wp","href":"https:\/\/api.w.org\/{rel}","templated":true}]}}