{"id":1909,"date":"2012-02-22T07:45:36","date_gmt":"2012-02-22T06:45:36","guid":{"rendered":"http:\/\/fjala.shkoder.net\/?p=1909"},"modified":"2012-02-22T07:45:36","modified_gmt":"2012-02-22T06:45:36","slug":"agostino-giordano-komunikate-bashkepunetorevet-shqiptare-te-jetes-arbereshe","status":"publish","type":"post","link":"https:\/\/fjala.info\/2009-2015\/agostino-giordano-komunikate-bashkepunetorevet-shqiptare-te-jetes-arbereshe\/","title":{"rendered":"Agostino Giordano: KOMUNIKAT\u00cb BASHK\u00cbPUN\u00cbTOR\u00cbVET SHQIPTAR\u00cb T\u00cb \u201cJET\u00cbS ARB\u00cbRESHE\u201d"},"content":{"rendered":"<p>T\u00eb dashur Bashk\u00ebpun\u00ebtor\u00eb,<\/p>\n<p>&#8211; nr.73 i \u201cJet\u00ebs Arb\u00ebreshe\u201d del nd\u00eb qershor 2012. Me 64 faqe. Ju, si zakoni, mund t\u00eb shkruani artikuj\/studime drejtp\u00ebrdrejt mbi \u00c7\u00ebshtje Arb\u00ebreshe (gjuh\u00ebsore, letrare, historike, folklorike\u2026), ose artikuj\/studime mbi \u00c7\u00ebshtje Shqipe \u00e7\u00eb g\u00ebrshetohen ngusht\u00eb me ato Arb\u00ebreshe. (P\u00ebr shembull: mund t\u00eb krahasoni t\u00eb folme shqipe me ato arb\u00ebreshe, ose letrar\u00eb shqiptar\u00eb me letrar\u00eb arb\u00ebresh\u00eb t\u00eb periudh\u00ebs s\u00eb Rilindjes, etj\u2026)<\/p>\n<p><img decoding=\"async\" class=\"aligncenter size-thumbnail wp-image-7236\" title=\"Jeta Arb\u00ebreshe\" src=\"http:\/\/www.shkoder.net\/2012\/jeta_arbereshe.jpg\" alt=\"\" width=\"450\" \/><\/p>\n<p>Sivjet, pra, festohet Nj\u00ebqindvjetori i Pavar\u00ebsis\u00eb s\u00eb Shqip\u00ebris\u00eb: kjo mund t\u00eb jet\u00eb nj\u00eb nd\u00ebr temat e artikujvet\/studimevet tuaj. Po bien edhe k\u00ebta P\u00ebrvjetore Arb\u00ebresh\u00eb: Crispi Glaviano Francesco (1852-1933), Dara Andrea (1796-1872), De Rada Giuseppe (1852-1883). Nd\u00eb fund t\u00eb fundit, mund edhe t\u00eb shkruani di\u00e7ka mbi Dhjet\u00ebvjetorin e \u201cJet\u00ebs Arb\u00ebreshe\u201d.<\/p>\n<p>&#8211; Artikujt tuaj duhet t\u00eb jen\u00eb gjithmon\u00eb t\u00eb shkurt\u00ebr dhe origjinal\u00eb, t\u00eb thjesht\u00eb dhe shkencor\u00eb. Dhe t\u00eb pabotuar.<\/p>\n<p>&#8211; N\u00ebse jeni t\u00eb interesuar t\u00eb botoni di\u00e7ka mbi nr.73 t\u00eb \u201cJet\u00ebs\u201d, d\u00ebshiroja t\u00eb m\u00eb njoftojit t\u00ebm\u00ebn e artikullit\/studimit tuaj mbr\u00ebnda dit\u00ebs 15 t\u00eb marsit. Shkrimi juaj, pra, duhet t\u00eb arrij\u00eb ne redaks\u00ec mbr\u00ebnda dit\u00ebs 15 t\u00eb majit.<\/p>\n<p>&#8211; Parem\u00ebpar\u00eb marr parasysh ato tema\/propozime artikujsh\/studimesh \u00e7\u00eb arrijn\u00eb mbr\u00ebnda dit\u00ebs 15 mars; p\u00ebstaj, konkretisht, botoj ata artikuj\/studime \u00e7\u00eb arrijn\u00eb n\u00eb redaks\u00ec, m\u00eb par\u00eb se t\u00eb tjer\u00ebt, mbr\u00ebnda dit\u00ebs 15 maj. Llogarit\u00eb e fundit do t\u2019i b\u00ebj me sasin\u00eb e materialevet \u00e7\u00eb m\u00eb d\u00ebrgoj\u00ebn Korrispondent\u00ebt\/Bashk\u00ebpun\u00ebtor\u00ebt Arb\u00ebresh\u00ebt. Po, ve\u00e7 artikujvet \u00e7\u00eb merren me aktualitet, studimet nuk kan\u00eb afat e mund t\u00eb botohen edhe tek numrat e pastajm\u00eb.<\/p>\n<p>&#8211; Me te v\u00ebrtet\u00eb \u2013 edhe sepse do t\u00eb botohen gjith\u00eb Aktet e Kuvendit t\u00eb Frasnit\u00ebs \u2013 tek nr.73 s\u2019ka vend p\u00ebr shum\u00eb studime. At\u00ebher\u00eb ju k\u00ebshilloj, edhe p\u00ebr numrin 73, t\u00eb mbaheni mbr\u00ebnda k\u00ebtyre kufinjve: jo m\u00eb se 80 rreshta (70 tekst e sh\u00ebnime + 10 permbajtje), karakter Times New Roman 12.<\/p>\n<p>&#8211; \u00c7\u00eb prej nr.74 t\u00eb dhjetorit 2012, pra, artikujt\/studimet tuaj mund t\u00eb zgjaten deri 180 rreshta (160 tekst e sh\u00ebnime + 20 p\u00ebrmbledhje), karakter Times New Roman 12.<\/p>\n<p>&#8211; \u201cJeta Arb\u00ebreshe\u201d b\u00ebn sa mund\u00ebn p\u00ebr t\u00eb mbronj\u00eb Gjuh\u00ebn Arb\u00ebreshe t\u00eb Katundevet Arb\u00ebresh\u00ebfol\u00ebs. E, p\u00ebr k\u00ebt\u00eb q\u00ebllim, k\u00ebsaj revistje i duhet aq nd\u00ebrlikimi i drejtp\u00ebrdrejt\u00eb i Arb\u00ebresh\u00ebvet (i domosdosh\u00ebm), sa ndihma (e paz\u00ebvend\u00ebsueshme) e Shqiptar\u00ebvet; i lypset aq \u201cshkrimi\u201d i Arb\u00ebresh\u00ebvet sa \u201cstudimi\u201d i Shqiptar\u00ebvet.<br \/>\nTue pritur p\u00ebrgjigje nga ana juaj, ju t\u00ebfal\u00ebnj e ju p\u00ebrqafonj t\u00eb gjith\u00eb.<\/p>\n<p><strong>Agostino Giordano<\/strong>, drejtor i J.A. jetarbreshe@libero.it<\/p>\n","protected":false},"excerpt":{"rendered":"<p>T\u00eb dashur Bashk\u00ebpun\u00ebtor\u00eb, &#8211; nr.73 i \u201cJet\u00ebs Arb\u00ebreshe\u201d del nd\u00eb qershor 2012. Me 64 faqe. Ju, si zakoni, mund t\u00eb shkruani artikuj\/studime drejtp\u00ebrdrejt mbi \u00c7\u00ebshtje Arb\u00ebreshe (gjuh\u00ebsore, letrare, historike, folklorike\u2026), ose artikuj\/studime mbi \u00c7\u00ebshtje Shqipe \u00e7\u00eb g\u00ebrshetohen ngusht\u00eb me ato Arb\u00ebreshe. (P\u00ebr shembull: mund t\u00eb krahasoni t\u00eb folme shqipe me ato arb\u00ebreshe, ose letrar\u00eb shqiptar\u00eb [&hellip;]<\/p>\n","protected":false},"author":1,"featured_media":0,"comment_status":"open","ping_status":"closed","sticky":false,"template":"","format":"standard","meta":{"footnotes":""},"categories":[2],"tags":[],"class_list":{"0":"post-1909","1":"post","2":"type-post","3":"status-publish","4":"format-standard","6":"category-artikuj"},"yoast_head":"<!-- This site is optimized with the Yoast SEO plugin v27.4 - https:\/\/yoast.com\/product\/yoast-seo-wordpress\/ -->\n<title>Agostino Giordano: KOMUNIKAT\u00cb BASHK\u00cbPUN\u00cbTOR\u00cbVET SHQIPTAR\u00cb T\u00cb \u201cJET\u00cbS ARB\u00cbRESHE\u201d - FjALA e LIR\u00cb - Arkivi<\/title>\n<meta name=\"robots\" content=\"index, follow, max-snippet:-1, max-image-preview:large, max-video-preview:-1\" \/>\n<link rel=\"canonical\" href=\"https:\/\/fjala.info\/2009-2015\/agostino-giordano-komunikate-bashkepunetorevet-shqiptare-te-jetes-arbereshe\/\" \/>\n<meta property=\"og:locale\" content=\"sq_AL\" \/>\n<meta property=\"og:type\" content=\"article\" \/>\n<meta property=\"og:title\" content=\"Agostino Giordano: KOMUNIKAT\u00cb BASHK\u00cbPUN\u00cbTOR\u00cbVET SHQIPTAR\u00cb T\u00cb \u201cJET\u00cbS ARB\u00cbRESHE\u201d - FjALA e LIR\u00cb - Arkivi\" \/>\n<meta property=\"og:description\" content=\"T\u00eb dashur Bashk\u00ebpun\u00ebtor\u00eb, &#8211; nr.73 i \u201cJet\u00ebs Arb\u00ebreshe\u201d del nd\u00eb qershor 2012. Me 64 faqe. Ju, si zakoni, mund t\u00eb shkruani artikuj\/studime drejtp\u00ebrdrejt mbi \u00c7\u00ebshtje Arb\u00ebreshe (gjuh\u00ebsore, letrare, historike, folklorike\u2026), ose artikuj\/studime mbi \u00c7\u00ebshtje Shqipe \u00e7\u00eb g\u00ebrshetohen ngusht\u00eb me ato Arb\u00ebreshe. (P\u00ebr shembull: mund t\u00eb krahasoni t\u00eb folme shqipe me ato arb\u00ebreshe, ose letrar\u00eb shqiptar\u00eb [&hellip;]\" \/>\n<meta property=\"og:url\" content=\"https:\/\/fjala.info\/2009-2015\/agostino-giordano-komunikate-bashkepunetorevet-shqiptare-te-jetes-arbereshe\/\" \/>\n<meta property=\"og:site_name\" content=\"FjALA e LIR\u00cb - Arkivi\" \/>\n<meta property=\"article:published_time\" content=\"2012-02-22T06:45:36+00:00\" \/>\n<meta property=\"og:image\" content=\"http:\/\/www.shkoder.net\/2012\/jeta_arbereshe.jpg\" \/>\n<meta name=\"author\" content=\"admin\" \/>\n<meta name=\"twitter:card\" content=\"summary_large_image\" \/>\n<meta name=\"twitter:label1\" content=\"Written by\" \/>\n\t<meta name=\"twitter:data1\" content=\"admin\" \/>\n\t<meta name=\"twitter:label2\" content=\"Est. reading time\" \/>\n\t<meta name=\"twitter:data2\" content=\"2 minutes\" \/>\n<script type=\"application\/ld+json\" class=\"yoast-schema-graph\">{\"@context\":\"https:\\\/\\\/schema.org\",\"@graph\":[{\"@type\":\"Article\",\"@id\":\"https:\\\/\\\/fjala.info\\\/2009-2015\\\/agostino-giordano-komunikate-bashkepunetorevet-shqiptare-te-jetes-arbereshe\\\/#article\",\"isPartOf\":{\"@id\":\"https:\\\/\\\/fjala.info\\\/2009-2015\\\/agostino-giordano-komunikate-bashkepunetorevet-shqiptare-te-jetes-arbereshe\\\/\"},\"author\":{\"name\":\"admin\",\"@id\":\"https:\\\/\\\/fjala.info\\\/2009-2015\\\/#\\\/schema\\\/person\\\/3aa1163ef05469c496fc94e77611ada2\"},\"headline\":\"Agostino Giordano: KOMUNIKAT\u00cb BASHK\u00cbPUN\u00cbTOR\u00cbVET SHQIPTAR\u00cb T\u00cb \u201cJET\u00cbS ARB\u00cbRESHE\u201d\",\"datePublished\":\"2012-02-22T06:45:36+00:00\",\"mainEntityOfPage\":{\"@id\":\"https:\\\/\\\/fjala.info\\\/2009-2015\\\/agostino-giordano-komunikate-bashkepunetorevet-shqiptare-te-jetes-arbereshe\\\/\"},\"wordCount\":471,\"commentCount\":0,\"publisher\":{\"@id\":\"https:\\\/\\\/fjala.info\\\/2009-2015\\\/#organization\"},\"image\":{\"@id\":\"https:\\\/\\\/fjala.info\\\/2009-2015\\\/agostino-giordano-komunikate-bashkepunetorevet-shqiptare-te-jetes-arbereshe\\\/#primaryimage\"},\"thumbnailUrl\":\"http:\\\/\\\/www.shkoder.net\\\/2012\\\/jeta_arbereshe.jpg\",\"articleSection\":[\"Artikuj\"],\"inLanguage\":\"sq-AL\",\"potentialAction\":[{\"@type\":\"CommentAction\",\"name\":\"Comment\",\"target\":[\"https:\\\/\\\/fjala.info\\\/2009-2015\\\/agostino-giordano-komunikate-bashkepunetorevet-shqiptare-te-jetes-arbereshe\\\/#respond\"]}]},{\"@type\":\"WebPage\",\"@id\":\"https:\\\/\\\/fjala.info\\\/2009-2015\\\/agostino-giordano-komunikate-bashkepunetorevet-shqiptare-te-jetes-arbereshe\\\/\",\"url\":\"https:\\\/\\\/fjala.info\\\/2009-2015\\\/agostino-giordano-komunikate-bashkepunetorevet-shqiptare-te-jetes-arbereshe\\\/\",\"name\":\"Agostino Giordano: KOMUNIKAT\u00cb BASHK\u00cbPUN\u00cbTOR\u00cbVET SHQIPTAR\u00cb T\u00cb \u201cJET\u00cbS ARB\u00cbRESHE\u201d - FjALA e LIR\u00cb - Arkivi\",\"isPartOf\":{\"@id\":\"https:\\\/\\\/fjala.info\\\/2009-2015\\\/#website\"},\"primaryImageOfPage\":{\"@id\":\"https:\\\/\\\/fjala.info\\\/2009-2015\\\/agostino-giordano-komunikate-bashkepunetorevet-shqiptare-te-jetes-arbereshe\\\/#primaryimage\"},\"image\":{\"@id\":\"https:\\\/\\\/fjala.info\\\/2009-2015\\\/agostino-giordano-komunikate-bashkepunetorevet-shqiptare-te-jetes-arbereshe\\\/#primaryimage\"},\"thumbnailUrl\":\"http:\\\/\\\/www.shkoder.net\\\/2012\\\/jeta_arbereshe.jpg\",\"datePublished\":\"2012-02-22T06:45:36+00:00\",\"breadcrumb\":{\"@id\":\"https:\\\/\\\/fjala.info\\\/2009-2015\\\/agostino-giordano-komunikate-bashkepunetorevet-shqiptare-te-jetes-arbereshe\\\/#breadcrumb\"},\"inLanguage\":\"sq-AL\",\"potentialAction\":[{\"@type\":\"ReadAction\",\"target\":[\"https:\\\/\\\/fjala.info\\\/2009-2015\\\/agostino-giordano-komunikate-bashkepunetorevet-shqiptare-te-jetes-arbereshe\\\/\"]}]},{\"@type\":\"ImageObject\",\"inLanguage\":\"sq-AL\",\"@id\":\"https:\\\/\\\/fjala.info\\\/2009-2015\\\/agostino-giordano-komunikate-bashkepunetorevet-shqiptare-te-jetes-arbereshe\\\/#primaryimage\",\"url\":\"http:\\\/\\\/www.shkoder.net\\\/2012\\\/jeta_arbereshe.jpg\",\"contentUrl\":\"http:\\\/\\\/www.shkoder.net\\\/2012\\\/jeta_arbereshe.jpg\"},{\"@type\":\"BreadcrumbList\",\"@id\":\"https:\\\/\\\/fjala.info\\\/2009-2015\\\/agostino-giordano-komunikate-bashkepunetorevet-shqiptare-te-jetes-arbereshe\\\/#breadcrumb\",\"itemListElement\":[{\"@type\":\"ListItem\",\"position\":1,\"name\":\"Home\",\"item\":\"https:\\\/\\\/fjala.info\\\/2009-2015\\\/\"},{\"@type\":\"ListItem\",\"position\":2,\"name\":\"Agostino Giordano: KOMUNIKAT\u00cb BASHK\u00cbPUN\u00cbTOR\u00cbVET SHQIPTAR\u00cb T\u00cb \u201cJET\u00cbS ARB\u00cbRESHE\u201d\"}]},{\"@type\":\"WebSite\",\"@id\":\"https:\\\/\\\/fjala.info\\\/2009-2015\\\/#website\",\"url\":\"https:\\\/\\\/fjala.info\\\/2009-2015\\\/\",\"name\":\"FjALA e LIR\u00cb - Arkivi\",\"description\":\"Arkivi 2009-2015\",\"publisher\":{\"@id\":\"https:\\\/\\\/fjala.info\\\/2009-2015\\\/#organization\"},\"potentialAction\":[{\"@type\":\"SearchAction\",\"target\":{\"@type\":\"EntryPoint\",\"urlTemplate\":\"https:\\\/\\\/fjala.info\\\/2009-2015\\\/?s={search_term_string}\"},\"query-input\":{\"@type\":\"PropertyValueSpecification\",\"valueRequired\":true,\"valueName\":\"search_term_string\"}}],\"inLanguage\":\"sq-AL\"},{\"@type\":\"Organization\",\"@id\":\"https:\\\/\\\/fjala.info\\\/2009-2015\\\/#organization\",\"name\":\"FjALA e LIR\u00cb - Arkivi\",\"url\":\"https:\\\/\\\/fjala.info\\\/2009-2015\\\/\",\"logo\":{\"@type\":\"ImageObject\",\"inLanguage\":\"sq-AL\",\"@id\":\"https:\\\/\\\/fjala.info\\\/2009-2015\\\/#\\\/schema\\\/logo\\\/image\\\/\",\"url\":\"\",\"contentUrl\":\"\",\"caption\":\"FjALA e LIR\u00cb - Arkivi\"},\"image\":{\"@id\":\"https:\\\/\\\/fjala.info\\\/2009-2015\\\/#\\\/schema\\\/logo\\\/image\\\/\"}},{\"@type\":\"Person\",\"@id\":\"https:\\\/\\\/fjala.info\\\/2009-2015\\\/#\\\/schema\\\/person\\\/3aa1163ef05469c496fc94e77611ada2\",\"name\":\"admin\",\"image\":{\"@type\":\"ImageObject\",\"inLanguage\":\"sq-AL\",\"@id\":\"https:\\\/\\\/fjala.info\\\/2009-2015\\\/wp-content\\\/uploads\\\/2012\\\/02\\\/arben_cokaj-120x150.jpg\",\"url\":\"https:\\\/\\\/fjala.info\\\/2009-2015\\\/wp-content\\\/uploads\\\/2012\\\/02\\\/arben_cokaj-120x150.jpg\",\"contentUrl\":\"https:\\\/\\\/fjala.info\\\/2009-2015\\\/wp-content\\\/uploads\\\/2012\\\/02\\\/arben_cokaj-120x150.jpg\",\"caption\":\"admin\"},\"description\":\"Admin, Fjala e Lir\u00eb\",\"sameAs\":[\"https:\\\/\\\/fjala.info\\\/\"],\"url\":\"https:\\\/\\\/fjala.info\\\/2009-2015\\\/author\\\/admin\\\/\"}]}<\/script>\n<!-- \/ Yoast SEO plugin. -->","yoast_head_json":{"title":"Agostino Giordano: KOMUNIKAT\u00cb BASHK\u00cbPUN\u00cbTOR\u00cbVET SHQIPTAR\u00cb T\u00cb \u201cJET\u00cbS ARB\u00cbRESHE\u201d - FjALA e LIR\u00cb - Arkivi","robots":{"index":"index","follow":"follow","max-snippet":"max-snippet:-1","max-image-preview":"max-image-preview:large","max-video-preview":"max-video-preview:-1"},"canonical":"https:\/\/fjala.info\/2009-2015\/agostino-giordano-komunikate-bashkepunetorevet-shqiptare-te-jetes-arbereshe\/","og_locale":"sq_AL","og_type":"article","og_title":"Agostino Giordano: KOMUNIKAT\u00cb BASHK\u00cbPUN\u00cbTOR\u00cbVET SHQIPTAR\u00cb T\u00cb \u201cJET\u00cbS ARB\u00cbRESHE\u201d - FjALA e LIR\u00cb - Arkivi","og_description":"T\u00eb dashur Bashk\u00ebpun\u00ebtor\u00eb, &#8211; nr.73 i \u201cJet\u00ebs Arb\u00ebreshe\u201d del nd\u00eb qershor 2012. Me 64 faqe. Ju, si zakoni, mund t\u00eb shkruani artikuj\/studime drejtp\u00ebrdrejt mbi \u00c7\u00ebshtje Arb\u00ebreshe (gjuh\u00ebsore, letrare, historike, folklorike\u2026), ose artikuj\/studime mbi \u00c7\u00ebshtje Shqipe \u00e7\u00eb g\u00ebrshetohen ngusht\u00eb me ato Arb\u00ebreshe. (P\u00ebr shembull: mund t\u00eb krahasoni t\u00eb folme shqipe me ato arb\u00ebreshe, ose letrar\u00eb shqiptar\u00eb [&hellip;]","og_url":"https:\/\/fjala.info\/2009-2015\/agostino-giordano-komunikate-bashkepunetorevet-shqiptare-te-jetes-arbereshe\/","og_site_name":"FjALA e LIR\u00cb - Arkivi","article_published_time":"2012-02-22T06:45:36+00:00","og_image":[{"url":"http:\/\/www.shkoder.net\/2012\/jeta_arbereshe.jpg","type":"","width":"","height":""}],"author":"admin","twitter_card":"summary_large_image","twitter_misc":{"Written by":"admin","Est. reading time":"2 minutes"},"schema":{"@context":"https:\/\/schema.org","@graph":[{"@type":"Article","@id":"https:\/\/fjala.info\/2009-2015\/agostino-giordano-komunikate-bashkepunetorevet-shqiptare-te-jetes-arbereshe\/#article","isPartOf":{"@id":"https:\/\/fjala.info\/2009-2015\/agostino-giordano-komunikate-bashkepunetorevet-shqiptare-te-jetes-arbereshe\/"},"author":{"name":"admin","@id":"https:\/\/fjala.info\/2009-2015\/#\/schema\/person\/3aa1163ef05469c496fc94e77611ada2"},"headline":"Agostino Giordano: KOMUNIKAT\u00cb BASHK\u00cbPUN\u00cbTOR\u00cbVET SHQIPTAR\u00cb T\u00cb \u201cJET\u00cbS ARB\u00cbRESHE\u201d","datePublished":"2012-02-22T06:45:36+00:00","mainEntityOfPage":{"@id":"https:\/\/fjala.info\/2009-2015\/agostino-giordano-komunikate-bashkepunetorevet-shqiptare-te-jetes-arbereshe\/"},"wordCount":471,"commentCount":0,"publisher":{"@id":"https:\/\/fjala.info\/2009-2015\/#organization"},"image":{"@id":"https:\/\/fjala.info\/2009-2015\/agostino-giordano-komunikate-bashkepunetorevet-shqiptare-te-jetes-arbereshe\/#primaryimage"},"thumbnailUrl":"http:\/\/www.shkoder.net\/2012\/jeta_arbereshe.jpg","articleSection":["Artikuj"],"inLanguage":"sq-AL","potentialAction":[{"@type":"CommentAction","name":"Comment","target":["https:\/\/fjala.info\/2009-2015\/agostino-giordano-komunikate-bashkepunetorevet-shqiptare-te-jetes-arbereshe\/#respond"]}]},{"@type":"WebPage","@id":"https:\/\/fjala.info\/2009-2015\/agostino-giordano-komunikate-bashkepunetorevet-shqiptare-te-jetes-arbereshe\/","url":"https:\/\/fjala.info\/2009-2015\/agostino-giordano-komunikate-bashkepunetorevet-shqiptare-te-jetes-arbereshe\/","name":"Agostino Giordano: KOMUNIKAT\u00cb BASHK\u00cbPUN\u00cbTOR\u00cbVET SHQIPTAR\u00cb T\u00cb \u201cJET\u00cbS ARB\u00cbRESHE\u201d - FjALA e LIR\u00cb - Arkivi","isPartOf":{"@id":"https:\/\/fjala.info\/2009-2015\/#website"},"primaryImageOfPage":{"@id":"https:\/\/fjala.info\/2009-2015\/agostino-giordano-komunikate-bashkepunetorevet-shqiptare-te-jetes-arbereshe\/#primaryimage"},"image":{"@id":"https:\/\/fjala.info\/2009-2015\/agostino-giordano-komunikate-bashkepunetorevet-shqiptare-te-jetes-arbereshe\/#primaryimage"},"thumbnailUrl":"http:\/\/www.shkoder.net\/2012\/jeta_arbereshe.jpg","datePublished":"2012-02-22T06:45:36+00:00","breadcrumb":{"@id":"https:\/\/fjala.info\/2009-2015\/agostino-giordano-komunikate-bashkepunetorevet-shqiptare-te-jetes-arbereshe\/#breadcrumb"},"inLanguage":"sq-AL","potentialAction":[{"@type":"ReadAction","target":["https:\/\/fjala.info\/2009-2015\/agostino-giordano-komunikate-bashkepunetorevet-shqiptare-te-jetes-arbereshe\/"]}]},{"@type":"ImageObject","inLanguage":"sq-AL","@id":"https:\/\/fjala.info\/2009-2015\/agostino-giordano-komunikate-bashkepunetorevet-shqiptare-te-jetes-arbereshe\/#primaryimage","url":"http:\/\/www.shkoder.net\/2012\/jeta_arbereshe.jpg","contentUrl":"http:\/\/www.shkoder.net\/2012\/jeta_arbereshe.jpg"},{"@type":"BreadcrumbList","@id":"https:\/\/fjala.info\/2009-2015\/agostino-giordano-komunikate-bashkepunetorevet-shqiptare-te-jetes-arbereshe\/#breadcrumb","itemListElement":[{"@type":"ListItem","position":1,"name":"Home","item":"https:\/\/fjala.info\/2009-2015\/"},{"@type":"ListItem","position":2,"name":"Agostino Giordano: KOMUNIKAT\u00cb BASHK\u00cbPUN\u00cbTOR\u00cbVET SHQIPTAR\u00cb T\u00cb \u201cJET\u00cbS ARB\u00cbRESHE\u201d"}]},{"@type":"WebSite","@id":"https:\/\/fjala.info\/2009-2015\/#website","url":"https:\/\/fjala.info\/2009-2015\/","name":"FjALA e LIR\u00cb - Arkivi","description":"Arkivi 2009-2015","publisher":{"@id":"https:\/\/fjala.info\/2009-2015\/#organization"},"potentialAction":[{"@type":"SearchAction","target":{"@type":"EntryPoint","urlTemplate":"https:\/\/fjala.info\/2009-2015\/?s={search_term_string}"},"query-input":{"@type":"PropertyValueSpecification","valueRequired":true,"valueName":"search_term_string"}}],"inLanguage":"sq-AL"},{"@type":"Organization","@id":"https:\/\/fjala.info\/2009-2015\/#organization","name":"FjALA e LIR\u00cb - Arkivi","url":"https:\/\/fjala.info\/2009-2015\/","logo":{"@type":"ImageObject","inLanguage":"sq-AL","@id":"https:\/\/fjala.info\/2009-2015\/#\/schema\/logo\/image\/","url":"","contentUrl":"","caption":"FjALA e LIR\u00cb - Arkivi"},"image":{"@id":"https:\/\/fjala.info\/2009-2015\/#\/schema\/logo\/image\/"}},{"@type":"Person","@id":"https:\/\/fjala.info\/2009-2015\/#\/schema\/person\/3aa1163ef05469c496fc94e77611ada2","name":"admin","image":{"@type":"ImageObject","inLanguage":"sq-AL","@id":"https:\/\/fjala.info\/2009-2015\/wp-content\/uploads\/2012\/02\/arben_cokaj-120x150.jpg","url":"https:\/\/fjala.info\/2009-2015\/wp-content\/uploads\/2012\/02\/arben_cokaj-120x150.jpg","contentUrl":"https:\/\/fjala.info\/2009-2015\/wp-content\/uploads\/2012\/02\/arben_cokaj-120x150.jpg","caption":"admin"},"description":"Admin, Fjala e Lir\u00eb","sameAs":["https:\/\/fjala.info\/"],"url":"https:\/\/fjala.info\/2009-2015\/author\/admin\/"}]}},"_links":{"self":[{"href":"https:\/\/fjala.info\/2009-2015\/wp-json\/wp\/v2\/posts\/1909","targetHints":{"allow":["GET"]}}],"collection":[{"href":"https:\/\/fjala.info\/2009-2015\/wp-json\/wp\/v2\/posts"}],"about":[{"href":"https:\/\/fjala.info\/2009-2015\/wp-json\/wp\/v2\/types\/post"}],"author":[{"embeddable":true,"href":"https:\/\/fjala.info\/2009-2015\/wp-json\/wp\/v2\/users\/1"}],"replies":[{"embeddable":true,"href":"https:\/\/fjala.info\/2009-2015\/wp-json\/wp\/v2\/comments?post=1909"}],"version-history":[{"count":0,"href":"https:\/\/fjala.info\/2009-2015\/wp-json\/wp\/v2\/posts\/1909\/revisions"}],"wp:attachment":[{"href":"https:\/\/fjala.info\/2009-2015\/wp-json\/wp\/v2\/media?parent=1909"}],"wp:term":[{"taxonomy":"category","embeddable":true,"href":"https:\/\/fjala.info\/2009-2015\/wp-json\/wp\/v2\/categories?post=1909"},{"taxonomy":"post_tag","embeddable":true,"href":"https:\/\/fjala.info\/2009-2015\/wp-json\/wp\/v2\/tags?post=1909"}],"curies":[{"name":"wp","href":"https:\/\/api.w.org\/{rel}","templated":true}]}}